{"id":17019,"date":"2026-05-01T08:02:32","date_gmt":"2026-05-01T06:02:32","guid":{"rendered":"https:\/\/www.forbes.be\/fr\/trump-retrait-troupes-allemagne\/"},"modified":"2026-05-01T08:02:32","modified_gmt":"2026-05-01T06:02:32","slug":"trump-retrait-troupes-allemagne","status":"publish","type":"post","link":"https:\/\/www.forbes.be\/fr\/trump-retrait-troupes-allemagne\/","title":{"rendered":"Trump envisage de retirer des troupes d&rsquo;Allemagne apr\u00e8s les critiques de Merz sur la guerre Iran-USA"},"content":{"rendered":"<h2>Principaux points<\/h2>\n<p>Les \u00c9tats-Unis envisagent de r\u00e9duire leur pr\u00e9sence militaire en Allemagne, a d\u00e9clar\u00e9 mercredi le pr\u00e9sident Donald Trump, suite aux propos de la chanceli\u00e8re allemande Friedrich Merz qui a affirm\u00e9 en d\u00e9but de semaine que les \u00c9tats-Unis \u00e9taient \u00ab\u00a0humili\u00e9s\u00a0\u00bb dans leur guerre et dans leurs n\u00e9gociations laborieuses avec l&rsquo;Iran.<\/p>\n<h2>Faits marquants<\/h2>\n<ul>\n<li>Trump a indiqu\u00e9 que les \u00c9tats-Unis \u00ab\u00a0\u00e9tudiaient la possibilit\u00e9 de r\u00e9duire les troupes en Allemagne\u00a0\u00bb et prendraient bient\u00f4t une d\u00e9cision.<\/li>\n<li>Devant des \u00e9tudiants lors d&rsquo;un \u00e9v\u00e9nement public en Allemagne lundi, Merz a d\u00e9clar\u00e9 que l&rsquo;Iran \u00e9tait dou\u00e9 pour les n\u00e9gociations, \u00ab\u00a0ou plut\u00f4t, tr\u00e8s habile \u00e0 ne pas n\u00e9gocier, laissant les Am\u00e9ricains se rendre \u00e0 Islamabad pour ensuite repartir sans aucun r\u00e9sultat.\u00a0\u00bb<\/li>\n<li>Trump a annul\u00e9 une visite pr\u00e9vue au Pakistan par les envoy\u00e9s am\u00e9ricains Steve Witkoff et Jared Kushner le week-end dernier, affirmant que les dirigeants iraniens faisaient face \u00e0 des \u00ab\u00a0conflits internes.\u00a0\u00bb<\/li>\n<li>Merz a \u00e9galement d\u00e9clar\u00e9 qu&rsquo;une \u00ab\u00a0nation enti\u00e8re est humili\u00e9e par la direction iranienne,\u00a0\u00bb commentant alors que les \u00c9tats-Unis entamaient leur deuxi\u00e8me mois de guerre avec l&rsquo;Iran.<\/li>\n<li>Trump aurait envisag\u00e9 de retirer les troupes am\u00e9ricaines des pays de l&rsquo;OTAN qui se sont oppos\u00e9s \u00e0 la guerre en Iran ou ont refus\u00e9 d&rsquo;y participer aux c\u00f4t\u00e9s des \u00c9tats-Unis.<\/li>\n<\/ul>\n<h2>Point tangent<\/h2>\n<p>Merz a ajout\u00e9 : \u00ab\u00a0Le probl\u00e8me avec les conflits de ce type est toujours le m\u00eame,\u00a0\u00bb disant qu'\u00a0\u00bbil ne s&rsquo;agit pas seulement d&rsquo;y entrer, il faut aussi en sortir. Nous l&rsquo;avons vu de fa\u00e7on bien trop douloureuse en Afghanistan, pendant 20 ans. Nous l&rsquo;avons vu en Irak.\u00a0\u00bb La guerre des \u00c9tats-Unis contre l&rsquo;Iran se poursuit depuis plus de deux mois, bien que les \u00c9tats-Unis n&rsquo;aient pas d\u00e9ploy\u00e9 de troupes au sol en Iran, contrairement \u00e0 ce qui s&rsquo;est pass\u00e9 dans les autres conflits mentionn\u00e9s par Merz. Trump, qui avait initialement d\u00e9clar\u00e9 que la guerre durerait quatre \u00e0 cinq semaines, a clam\u00e9 la victoire \u00e0 plusieurs reprises depuis fin f\u00e9vrier, affirmant le mois dernier que la guerre \u00e9tait d\u00e9j\u00e0 gagn\u00e9e et que les atouts militaires iraniens \u00e9taient paralys\u00e9s.<\/p>\n<h2>\u00c0 surveiller<\/h2>\n<p>Trump, qui a approuv\u00e9 un blocus du d\u00e9troit d&rsquo;Ormuz, envisage une occupation prolong\u00e9e de cette voie maritime cruciale si les pourparlers de paix avec l&rsquo;Iran continuent d&rsquo;\u00e9chouer.<\/p>\n<h2>Contexte<\/h2>\n<p>Trump a tent\u00e9 sans succ\u00e8s de rallier le soutien des alli\u00e9s de l&rsquo;OTAN pour prendre le contr\u00f4le du d\u00e9troit d&rsquo;Ormuz il y a quelques semaines avant d&rsquo;affirmer plus tard que les \u00c9tats-Unis n&rsquo;avaient pas besoin d&rsquo;aide pour rouvrir la voie maritime. Seul le Canada et cinq petits membres de l&rsquo;OTAN (la R\u00e9publique tch\u00e8que, l&rsquo;Albanie, la Mac\u00e9doine du Nord, la Lituanie et la Lettonie) ont publi\u00e9 des d\u00e9clarations publiques de soutien \u00e0 la guerre en Iran quelques semaines apr\u00e8s son d\u00e9clenchement. De nombreux pays sont rest\u00e9s neutres face aux premi\u00e8res frappes contre l&rsquo;Iran, tandis que des alli\u00e9s de l&rsquo;OTAN comme l&rsquo;Espagne, l&rsquo;Italie, l&rsquo;Allemagne et la France se sont distanci\u00e9s ou ont carr\u00e9ment oppos\u00e9 la guerre. Trump a d\u00e9clar\u00e9 qu&rsquo;il envisageait un retrait des \u00c9tats-Unis de l&rsquo;OTAN\u2014bien qu&rsquo;une telle action n\u00e9cessiterait une approbation des deux tiers du S\u00e9nat ou un acte formel du Congr\u00e8s.<\/p>\n<p>Cet article a \u00e9t\u00e9 \u00e9crit par Antonio Peque\u00f1o IV et traduit par Forbes.be.<\/p>\n<p><a href=\"https:\/\/www.forbes.com\/sites\/antoniopequenoiv\/2026\/04\/29\/trump-says-he-is-considering-pulling-troops-from-germany-after-merz-blasts-iran-war\/\">Cet article a \u00e9t\u00e9 initialement publi\u00e9 sur Forbes.com<\/a><\/p>\n","protected":false},"excerpt":{"rendered":"<p>Le pr\u00e9sident Trump envisage de retirer des troupes d&rsquo;Allemagne, en r\u00e9ponse aux critiques du chancelier Merz sur la guerre prolong\u00e9e avec l&rsquo;Iran.<\/p>\n","protected":false},"author":28,"featured_media":17018,"comment_status":"closed","ping_status":"closed","sticky":false,"template":"","format":"standard","meta":{"_acf_changed":false,"inline_featured_image":false,"footnotes":""},"categories":[1],"tags":[],"class_list":{"0":"post-17019","1":"post","2":"type-post","3":"status-publish","4":"format-standard","5":"has-post-thumbnail","7":"category-actualite"},"acf":[],"_yoast_wpseo_title":"Trump envisage de retirer des troupes d'Allemagne apr\u00e8s les critiques de Merz sur la guerre Iran-USA","_yoast_wpseo_metadesc":"Le chancelier allemand Friedrich Merz affirme que les USA sont 'humili\u00e9s' par l'Iran, deux mois apr\u00e8s le d\u00e9but de la guerre.","auteur_traducteur":"Antonio Peque\u00f1o IV","yoast_head":"<!-- This site is optimized with the Yoast SEO plugin v27.4 - https:\/\/yoast.com\/product\/yoast-seo-wordpress\/ -->\n<title>Trump envisage de retirer des troupes d&#039;Allemagne apr\u00e8s les critiques de Merz sur la guerre Iran-USA<\/title>\n<meta name=\"description\" content=\"Le chancelier allemand Friedrich Merz affirme que les USA sont &#039;humili\u00e9s&#039; par l&#039;Iran, deux mois apr\u00e8s le d\u00e9but de la guerre.\" \/>\n<meta name=\"robots\" content=\"index, follow, max-snippet:-1, max-image-preview:large, max-video-preview:-1\" \/>\n<link rel=\"canonical\" href=\"https:\/\/www.forbes.be\/fr\/trump-retrait-troupes-allemagne\/\" \/>\n<meta property=\"og:locale\" content=\"fr_FR\" \/>\n<meta property=\"og:type\" content=\"article\" \/>\n<meta property=\"og:title\" content=\"Trump envisage de retirer des troupes d&#039;Allemagne apr\u00e8s les critiques de Merz sur la guerre Iran-USA\" \/>\n<meta property=\"og:description\" content=\"Le chancelier allemand Friedrich Merz affirme que les USA sont &#039;humili\u00e9s&#039; par l&#039;Iran, deux mois apr\u00e8s le d\u00e9but de la guerre.\" \/>\n<meta property=\"og:url\" content=\"https:\/\/www.forbes.be\/fr\/trump-retrait-troupes-allemagne\/\" \/>\n<meta property=\"og:site_name\" content=\"Forbes Belgique\" \/>\n<meta property=\"article:publisher\" content=\"https:\/\/www.facebook.com\/forbesbelgique\/\" \/>\n<meta property=\"article:published_time\" content=\"2026-05-01T06:02:32+00:00\" \/>\n<meta property=\"og:image\" content=\"https:\/\/www.forbes.be\/fr\/wp-content\/uploads\/2026\/05\/netherlands-nato-summit-defence-diplomacy.jpg\" \/>\n\t<meta property=\"og:image:width\" content=\"958\" \/>\n\t<meta property=\"og:image:height\" content=\"639\" \/>\n\t<meta property=\"og:image:type\" content=\"image\/jpeg\" \/>\n<meta name=\"author\" content=\"Forbes US\" \/>\n<meta name=\"twitter:card\" content=\"summary_large_image\" \/>\n<meta name=\"twitter:label1\" content=\"\u00c9crit par\" \/>\n\t<meta name=\"twitter:data1\" content=\"Forbes US\" \/>\n\t<meta name=\"twitter:label2\" content=\"Dur\u00e9e de lecture estim\u00e9e\" \/>\n\t<meta name=\"twitter:data2\" content=\"3 minutes\" \/>\n<script type=\"application\/ld+json\" class=\"yoast-schema-graph\">{\"@context\":\"https:\\\/\\\/schema.org\",\"@graph\":[{\"@type\":\"NewsArticle\",\"@id\":\"https:\\\/\\\/www.forbes.be\\\/fr\\\/trump-retrait-troupes-allemagne\\\/#article\",\"isPartOf\":{\"@id\":\"https:\\\/\\\/www.forbes.be\\\/fr\\\/trump-retrait-troupes-allemagne\\\/\"},\"author\":{\"name\":\"Forbes US\",\"@id\":\"https:\\\/\\\/www.forbes.be\\\/fr\\\/#\\\/schema\\\/person\\\/7a054703b12276e8c990a581baea6515\"},\"headline\":\"Trump envisage de retirer des troupes d&rsquo;Allemagne apr\u00e8s les critiques de Merz sur la guerre Iran-USA\",\"datePublished\":\"2026-05-01T06:02:32+00:00\",\"mainEntityOfPage\":{\"@id\":\"https:\\\/\\\/www.forbes.be\\\/fr\\\/trump-retrait-troupes-allemagne\\\/\"},\"wordCount\":595,\"publisher\":{\"@id\":\"https:\\\/\\\/www.forbes.be\\\/fr\\\/#organization\"},\"image\":{\"@id\":\"https:\\\/\\\/www.forbes.be\\\/fr\\\/trump-retrait-troupes-allemagne\\\/#primaryimage\"},\"thumbnailUrl\":\"https:\\\/\\\/www.forbes.be\\\/fr\\\/wp-content\\\/uploads\\\/2026\\\/05\\\/netherlands-nato-summit-defence-diplomacy.jpg\",\"articleSection\":[\"Actualit\u00e9s\"],\"inLanguage\":\"fr-FR\"},{\"@type\":\"WebPage\",\"@id\":\"https:\\\/\\\/www.forbes.be\\\/fr\\\/trump-retrait-troupes-allemagne\\\/\",\"url\":\"https:\\\/\\\/www.forbes.be\\\/fr\\\/trump-retrait-troupes-allemagne\\\/\",\"name\":\"Trump envisage de retirer des troupes d'Allemagne apr\u00e8s les critiques de Merz sur la guerre Iran-USA\",\"isPartOf\":{\"@id\":\"https:\\\/\\\/www.forbes.be\\\/fr\\\/#website\"},\"primaryImageOfPage\":{\"@id\":\"https:\\\/\\\/www.forbes.be\\\/fr\\\/trump-retrait-troupes-allemagne\\\/#primaryimage\"},\"image\":{\"@id\":\"https:\\\/\\\/www.forbes.be\\\/fr\\\/trump-retrait-troupes-allemagne\\\/#primaryimage\"},\"thumbnailUrl\":\"https:\\\/\\\/www.forbes.be\\\/fr\\\/wp-content\\\/uploads\\\/2026\\\/05\\\/netherlands-nato-summit-defence-diplomacy.jpg\",\"datePublished\":\"2026-05-01T06:02:32+00:00\",\"description\":\"Le chancelier allemand Friedrich Merz affirme que les USA sont 'humili\u00e9s' par l'Iran, deux mois apr\u00e8s le d\u00e9but de la guerre.\",\"breadcrumb\":{\"@id\":\"https:\\\/\\\/www.forbes.be\\\/fr\\\/trump-retrait-troupes-allemagne\\\/#breadcrumb\"},\"inLanguage\":\"fr-FR\",\"potentialAction\":[{\"@type\":\"ReadAction\",\"target\":[\"https:\\\/\\\/www.forbes.be\\\/fr\\\/trump-retrait-troupes-allemagne\\\/\"]}]},{\"@type\":\"ImageObject\",\"inLanguage\":\"fr-FR\",\"@id\":\"https:\\\/\\\/www.forbes.be\\\/fr\\\/trump-retrait-troupes-allemagne\\\/#primaryimage\",\"url\":\"https:\\\/\\\/www.forbes.be\\\/fr\\\/wp-content\\\/uploads\\\/2026\\\/05\\\/netherlands-nato-summit-defence-diplomacy.jpg\",\"contentUrl\":\"https:\\\/\\\/www.forbes.be\\\/fr\\\/wp-content\\\/uploads\\\/2026\\\/05\\\/netherlands-nato-summit-defence-diplomacy.jpg\",\"width\":958,\"height\":639,\"caption\":\"Photo by Ludovic MARIN \\\/ POOL \\\/ AFP) (Photo by LUDOVIC MARIN\\\/POOL\\\/AFP via Getty Images\"},{\"@type\":\"BreadcrumbList\",\"@id\":\"https:\\\/\\\/www.forbes.be\\\/fr\\\/trump-retrait-troupes-allemagne\\\/#breadcrumb\",\"itemListElement\":[{\"@type\":\"ListItem\",\"position\":1,\"name\":\"Accueil\",\"item\":\"https:\\\/\\\/www.forbes.be\\\/fr\\\/\"},{\"@type\":\"ListItem\",\"position\":2,\"name\":\"Trump envisage de retirer des troupes d&rsquo;Allemagne apr\u00e8s les critiques de Merz sur la guerre Iran-USA\"}]},{\"@type\":\"WebSite\",\"@id\":\"https:\\\/\\\/www.forbes.be\\\/fr\\\/#website\",\"url\":\"https:\\\/\\\/www.forbes.be\\\/fr\\\/\",\"name\":\"Forbes Belgique\",\"description\":\"\",\"publisher\":{\"@id\":\"https:\\\/\\\/www.forbes.be\\\/fr\\\/#organization\"},\"potentialAction\":[{\"@type\":\"SearchAction\",\"target\":{\"@type\":\"EntryPoint\",\"urlTemplate\":\"https:\\\/\\\/www.forbes.be\\\/fr\\\/?s={search_term_string}\"},\"query-input\":{\"@type\":\"PropertyValueSpecification\",\"valueRequired\":true,\"valueName\":\"search_term_string\"}}],\"inLanguage\":\"fr-FR\"},{\"@type\":\"Organization\",\"@id\":\"https:\\\/\\\/www.forbes.be\\\/fr\\\/#organization\",\"name\":\"Forbes Belgique\",\"url\":\"https:\\\/\\\/www.forbes.be\\\/fr\\\/\",\"logo\":{\"@type\":\"ImageObject\",\"inLanguage\":\"fr-FR\",\"@id\":\"https:\\\/\\\/www.forbes.be\\\/fr\\\/#\\\/schema\\\/logo\\\/image\\\/\",\"url\":\"https:\\\/\\\/www.forbes.be\\\/fr\\\/wp-content\\\/uploads\\\/2024\\\/02\\\/forbes.be_.png\",\"contentUrl\":\"https:\\\/\\\/www.forbes.be\\\/fr\\\/wp-content\\\/uploads\\\/2024\\\/02\\\/forbes.be_.png\",\"width\":1200,\"height\":675,\"caption\":\"Forbes Belgique\"},\"image\":{\"@id\":\"https:\\\/\\\/www.forbes.be\\\/fr\\\/#\\\/schema\\\/logo\\\/image\\\/\"},\"sameAs\":[\"https:\\\/\\\/www.facebook.com\\\/forbesbelgique\\\/\",\"https:\\\/\\\/www.instagram.com\\\/Forbes_Belgium\",\"https:\\\/\\\/www.linkedin.com\\\/company\\\/forbes-belgium\\\/\"]},{\"@type\":\"Person\",\"@id\":\"https:\\\/\\\/www.forbes.be\\\/fr\\\/#\\\/schema\\\/person\\\/7a054703b12276e8c990a581baea6515\",\"name\":\"Forbes US\",\"image\":{\"@type\":\"ImageObject\",\"inLanguage\":\"fr-FR\",\"@id\":\"https:\\\/\\\/www.forbes.be\\\/fr\\\/wp-content\\\/uploads\\\/2025\\\/03\\\/forbes-logo1-100x100.png\",\"url\":\"https:\\\/\\\/www.forbes.be\\\/fr\\\/wp-content\\\/uploads\\\/2025\\\/03\\\/forbes-logo1-100x100.png\",\"contentUrl\":\"https:\\\/\\\/www.forbes.be\\\/fr\\\/wp-content\\\/uploads\\\/2025\\\/03\\\/forbes-logo1-100x100.png\",\"caption\":\"Forbes US\"},\"url\":\"https:\\\/\\\/www.forbes.be\\\/fr\\\/author\\\/forbes-us\\\/\"}]}<\/script>\n<!-- \/ Yoast SEO plugin. -->","yoast_head_json":{"title":"Trump envisage de retirer des troupes d'Allemagne apr\u00e8s les critiques de Merz sur la guerre Iran-USA","description":"Le chancelier allemand Friedrich Merz affirme que les USA sont 'humili\u00e9s' par l'Iran, deux mois apr\u00e8s le d\u00e9but de la guerre.","robots":{"index":"index","follow":"follow","max-snippet":"max-snippet:-1","max-image-preview":"max-image-preview:large","max-video-preview":"max-video-preview:-1"},"canonical":"https:\/\/www.forbes.be\/fr\/trump-retrait-troupes-allemagne\/","og_locale":"fr_FR","og_type":"article","og_title":"Trump envisage de retirer des troupes d'Allemagne apr\u00e8s les critiques de Merz sur la guerre Iran-USA","og_description":"Le chancelier allemand Friedrich Merz affirme que les USA sont 'humili\u00e9s' par l'Iran, deux mois apr\u00e8s le d\u00e9but de la guerre.","og_url":"https:\/\/www.forbes.be\/fr\/trump-retrait-troupes-allemagne\/","og_site_name":"Forbes Belgique","article_publisher":"https:\/\/www.facebook.com\/forbesbelgique\/","article_published_time":"2026-05-01T06:02:32+00:00","og_image":[{"width":958,"height":639,"url":"https:\/\/www.forbes.be\/fr\/wp-content\/uploads\/2026\/05\/netherlands-nato-summit-defence-diplomacy.jpg","type":"image\/jpeg"}],"author":"Forbes US","twitter_card":"summary_large_image","twitter_misc":{"\u00c9crit par":"Forbes US","Dur\u00e9e de lecture estim\u00e9e":"3 minutes"},"schema":{"@context":"https:\/\/schema.org","@graph":[{"@type":"NewsArticle","@id":"https:\/\/www.forbes.be\/fr\/trump-retrait-troupes-allemagne\/#article","isPartOf":{"@id":"https:\/\/www.forbes.be\/fr\/trump-retrait-troupes-allemagne\/"},"author":{"name":"Forbes US","@id":"https:\/\/www.forbes.be\/fr\/#\/schema\/person\/7a054703b12276e8c990a581baea6515"},"headline":"Trump envisage de retirer des troupes d&rsquo;Allemagne apr\u00e8s les critiques de Merz sur la guerre Iran-USA","datePublished":"2026-05-01T06:02:32+00:00","mainEntityOfPage":{"@id":"https:\/\/www.forbes.be\/fr\/trump-retrait-troupes-allemagne\/"},"wordCount":595,"publisher":{"@id":"https:\/\/www.forbes.be\/fr\/#organization"},"image":{"@id":"https:\/\/www.forbes.be\/fr\/trump-retrait-troupes-allemagne\/#primaryimage"},"thumbnailUrl":"https:\/\/www.forbes.be\/fr\/wp-content\/uploads\/2026\/05\/netherlands-nato-summit-defence-diplomacy.jpg","articleSection":["Actualit\u00e9s"],"inLanguage":"fr-FR"},{"@type":"WebPage","@id":"https:\/\/www.forbes.be\/fr\/trump-retrait-troupes-allemagne\/","url":"https:\/\/www.forbes.be\/fr\/trump-retrait-troupes-allemagne\/","name":"Trump envisage de retirer des troupes d'Allemagne apr\u00e8s les critiques de Merz sur la guerre Iran-USA","isPartOf":{"@id":"https:\/\/www.forbes.be\/fr\/#website"},"primaryImageOfPage":{"@id":"https:\/\/www.forbes.be\/fr\/trump-retrait-troupes-allemagne\/#primaryimage"},"image":{"@id":"https:\/\/www.forbes.be\/fr\/trump-retrait-troupes-allemagne\/#primaryimage"},"thumbnailUrl":"https:\/\/www.forbes.be\/fr\/wp-content\/uploads\/2026\/05\/netherlands-nato-summit-defence-diplomacy.jpg","datePublished":"2026-05-01T06:02:32+00:00","description":"Le chancelier allemand Friedrich Merz affirme que les USA sont 'humili\u00e9s' par l'Iran, deux mois apr\u00e8s le d\u00e9but de la guerre.","breadcrumb":{"@id":"https:\/\/www.forbes.be\/fr\/trump-retrait-troupes-allemagne\/#breadcrumb"},"inLanguage":"fr-FR","potentialAction":[{"@type":"ReadAction","target":["https:\/\/www.forbes.be\/fr\/trump-retrait-troupes-allemagne\/"]}]},{"@type":"ImageObject","inLanguage":"fr-FR","@id":"https:\/\/www.forbes.be\/fr\/trump-retrait-troupes-allemagne\/#primaryimage","url":"https:\/\/www.forbes.be\/fr\/wp-content\/uploads\/2026\/05\/netherlands-nato-summit-defence-diplomacy.jpg","contentUrl":"https:\/\/www.forbes.be\/fr\/wp-content\/uploads\/2026\/05\/netherlands-nato-summit-defence-diplomacy.jpg","width":958,"height":639,"caption":"Photo by Ludovic MARIN \/ POOL \/ AFP) (Photo by LUDOVIC MARIN\/POOL\/AFP via Getty Images"},{"@type":"BreadcrumbList","@id":"https:\/\/www.forbes.be\/fr\/trump-retrait-troupes-allemagne\/#breadcrumb","itemListElement":[{"@type":"ListItem","position":1,"name":"Accueil","item":"https:\/\/www.forbes.be\/fr\/"},{"@type":"ListItem","position":2,"name":"Trump envisage de retirer des troupes d&rsquo;Allemagne apr\u00e8s les critiques de Merz sur la guerre Iran-USA"}]},{"@type":"WebSite","@id":"https:\/\/www.forbes.be\/fr\/#website","url":"https:\/\/www.forbes.be\/fr\/","name":"Forbes Belgique","description":"","publisher":{"@id":"https:\/\/www.forbes.be\/fr\/#organization"},"potentialAction":[{"@type":"SearchAction","target":{"@type":"EntryPoint","urlTemplate":"https:\/\/www.forbes.be\/fr\/?s={search_term_string}"},"query-input":{"@type":"PropertyValueSpecification","valueRequired":true,"valueName":"search_term_string"}}],"inLanguage":"fr-FR"},{"@type":"Organization","@id":"https:\/\/www.forbes.be\/fr\/#organization","name":"Forbes Belgique","url":"https:\/\/www.forbes.be\/fr\/","logo":{"@type":"ImageObject","inLanguage":"fr-FR","@id":"https:\/\/www.forbes.be\/fr\/#\/schema\/logo\/image\/","url":"https:\/\/www.forbes.be\/fr\/wp-content\/uploads\/2024\/02\/forbes.be_.png","contentUrl":"https:\/\/www.forbes.be\/fr\/wp-content\/uploads\/2024\/02\/forbes.be_.png","width":1200,"height":675,"caption":"Forbes Belgique"},"image":{"@id":"https:\/\/www.forbes.be\/fr\/#\/schema\/logo\/image\/"},"sameAs":["https:\/\/www.facebook.com\/forbesbelgique\/","https:\/\/www.instagram.com\/Forbes_Belgium","https:\/\/www.linkedin.com\/company\/forbes-belgium\/"]},{"@type":"Person","@id":"https:\/\/www.forbes.be\/fr\/#\/schema\/person\/7a054703b12276e8c990a581baea6515","name":"Forbes US","image":{"@type":"ImageObject","inLanguage":"fr-FR","@id":"https:\/\/www.forbes.be\/fr\/wp-content\/uploads\/2025\/03\/forbes-logo1-100x100.png","url":"https:\/\/www.forbes.be\/fr\/wp-content\/uploads\/2025\/03\/forbes-logo1-100x100.png","contentUrl":"https:\/\/www.forbes.be\/fr\/wp-content\/uploads\/2025\/03\/forbes-logo1-100x100.png","caption":"Forbes US"},"url":"https:\/\/www.forbes.be\/fr\/author\/forbes-us\/"}]}},"_links":{"self":[{"href":"https:\/\/www.forbes.be\/fr\/wp-json\/wp\/v2\/posts\/17019","targetHints":{"allow":["GET"]}}],"collection":[{"href":"https:\/\/www.forbes.be\/fr\/wp-json\/wp\/v2\/posts"}],"about":[{"href":"https:\/\/www.forbes.be\/fr\/wp-json\/wp\/v2\/types\/post"}],"author":[{"embeddable":true,"href":"https:\/\/www.forbes.be\/fr\/wp-json\/wp\/v2\/users\/28"}],"replies":[{"embeddable":true,"href":"https:\/\/www.forbes.be\/fr\/wp-json\/wp\/v2\/comments?post=17019"}],"version-history":[{"count":0,"href":"https:\/\/www.forbes.be\/fr\/wp-json\/wp\/v2\/posts\/17019\/revisions"}],"wp:featuredmedia":[{"embeddable":true,"href":"https:\/\/www.forbes.be\/fr\/wp-json\/wp\/v2\/media\/17018"}],"wp:attachment":[{"href":"https:\/\/www.forbes.be\/fr\/wp-json\/wp\/v2\/media?parent=17019"}],"wp:term":[{"taxonomy":"category","embeddable":true,"href":"https:\/\/www.forbes.be\/fr\/wp-json\/wp\/v2\/categories?post=17019"},{"taxonomy":"post_tag","embeddable":true,"href":"https:\/\/www.forbes.be\/fr\/wp-json\/wp\/v2\/tags?post=17019"}],"curies":[{"name":"wp","href":"https:\/\/api.w.org\/{rel}","templated":true}]}}