{"id":17022,"date":"2026-05-02T08:01:54","date_gmt":"2026-05-02T06:01:54","guid":{"rendered":"https:\/\/www.forbes.be\/fr\/trump-taxes-25-voitures-camions-europeens\/"},"modified":"2026-05-02T08:01:54","modified_gmt":"2026-05-02T06:01:54","slug":"trump-taxes-25-voitures-camions-europeens","status":"publish","type":"post","link":"https:\/\/www.forbes.be\/fr\/trump-taxes-25-voitures-camions-europeens\/","title":{"rendered":"Trump annonce de nouvelles taxes de 25 % sur les voitures et camions europ\u00e9ens : les exportateurs les plus touch\u00e9s"},"content":{"rendered":"<h2>Point principal<\/h2>\n<p>Le pr\u00e9sident Donald Trump a annonc\u00e9 vendredi une nouvelle taxe de 25 % sur les voitures et camions import\u00e9s de l&rsquo;Union europ\u00e9enne \u00e0 partir de la semaine prochaine, semblant relancer une guerre commerciale avec l&rsquo;UE.<\/p>\n<h2>Faits principaux<\/h2>\n<ul>\n<li>Trump a d\u00e9clar\u00e9 qu&rsquo;il mettait en \u0153uvre ces tarifs parce que \u00ab\u00a0l&rsquo;Union europ\u00e9enne ne respecte pas notre accord commercial pleinement convenu\u00a0\u00bb, a-t-il \u00e9crit sur Truth Social, ajoutant que les v\u00e9hicules produits aux \u00c9tats-Unis ne seront pas soumis \u00e0 ce pr\u00e9l\u00e8vement.<\/li>\n<li>Les \u00c9tats-Unis avaient accept\u00e9 un imp\u00f4t de 15 % sur la plupart des produits de l&rsquo;UE en juillet, et l&rsquo;UE avait convenu de supprimer les droits de douane sur la plupart des biens industriels am\u00e9ricains.<\/li>\n<li>Trump a d\u00e9clar\u00e9 aux journalistes vendredi, peu apr\u00e8s son annonce, que les tarifs \u00ab\u00a0forcent les entreprises \u00e0 transf\u00e9rer leur production aux \u00c9tats-Unis beaucoup plus rapidement\u00a0\u00bb.<\/li>\n<\/ul>\n<h2>Principaux exportateurs europ\u00e9ens de v\u00e9hicules vers les \u00c9tats-Unis<\/h2>\n<p>Allemagne : 26 milliards de dollars<\/p>\n<p>Slovaquie : 6,3 milliards de dollars<\/p>\n<p>Italie : 4 milliards de dollars<\/p>\n<p>Su\u00e8de : 4 milliards de dollars<\/p>\n<p>Autriche : 1,8 milliard de dollars<\/p>\n<p>Hongrie : 1,8 milliard de dollars<\/p>\n<p>Belgique : 1,4 milliard de dollars<\/p>\n<p>France : 611 millions de dollars<\/p>\n<p>Finlande : 183 millions de dollars<\/p>\n<p>Espagne : 104 millions de dollars<\/p>\n<h2>Critique principale<\/h2>\n<p>\u00ab\u00a0Les \u00c9tats-Unis ont \u00e0 plusieurs reprises enfreint l&rsquo;accord\u00a0\u00bb, a d\u00e9clar\u00e9 Bernd Lange, pr\u00e9sident de la commission du commerce du Parlement europ\u00e9en, \u00e0 Bloomberg. \u00ab\u00a0Cette derni\u00e8re initiative d\u00e9montre \u00e0 quel point le c\u00f4t\u00e9 am\u00e9ricain est peu fiable.\u00a0\u00bb Lange avait pr\u00e9c\u00e9demment accus\u00e9 les \u00c9tats-Unis de violer l&rsquo;accord commercial conclu en juillet lorsqu&rsquo;il a annonc\u00e9 qu&rsquo;il augmenterait les tarifs mondiaux de 10 % \u00e0 15 % \u00e0 la suite de la d\u00e9cision de la Cour supr\u00eame des \u00c9tats-Unis annulant les soi-disant tarifs r\u00e9ciproques de Trump.<\/p>\n<h2>Contexte cl\u00e9<\/h2>\n<p>La d\u00e9cision de la Cour supr\u00eame en f\u00e9vrier a emp\u00each\u00e9 Trump d&rsquo;utiliser l&rsquo;International Emergency Economic Powers Act pour invoquer ses soi-disant tarifs r\u00e9ciproques, mais les tarifs sur les voitures europ\u00e9ennes ont \u00e9t\u00e9 \u00e9tablis en vertu d&rsquo;une autre loi non soumise \u00e0 cette d\u00e9cision. L&rsquo;accord commercial conclu avec l&rsquo;Union europ\u00e9enne en juillet a rencontr\u00e9 de nombreux obstacles, y compris la d\u00e9cision de la Cour supr\u00eame, et n&rsquo;a pas encore \u00e9t\u00e9 officiellement ratifi\u00e9 par l&rsquo;Union europ\u00e9enne.<\/p>\n<h2>\u00c9l\u00e9ment parall\u00e8le<\/h2>\n<p>Trump a annonc\u00e9 jeudi qu&rsquo;il retirerait les droits de douane sur le whisky \u00e9cossais \u00ab\u00a0en l&rsquo;honneur\u00a0\u00bb du roi Charles III et de la reine Camilla apr\u00e8s leur visite aux \u00c9tats-Unis cette semaine. Le whisky \u00e9tait soumis \u00e0 une taxe de 10 %, tout comme la plupart des autres biens du Royaume-Uni en vertu d&rsquo;un accord commercial annonc\u00e9 entre les deux pays en mai dernier.<\/p>\n<p>Cet article a \u00e9t\u00e9 \u00e9crit par Sara Dorn et traduit par Forbes.be.<\/p>\n<p><a href=\"https:\/\/www.forbes.com\/sites\/saradorn\/2026\/05\/01\/trump-announces-new-25-tariffs-on-european-cars-and-trucks-these-exporters-will-be-hit-hardest\/\">Cet article a \u00e9t\u00e9 initialement publi\u00e9 sur Forbes.com<\/a><\/p>\n","protected":false},"excerpt":{"rendered":"<p>Le pr\u00e9sident Trump impose une nouvelle taxe de 25 % sur les voitures europ\u00e9ennes, accusant l&rsquo;Union europ\u00e9enne de ne pas honorer son accord commercial.<\/p>\n","protected":false},"author":28,"featured_media":17021,"comment_status":"closed","ping_status":"closed","sticky":false,"template":"","format":"standard","meta":{"_acf_changed":false,"inline_featured_image":false,"footnotes":""},"categories":[1],"tags":[],"class_list":{"0":"post-17022","1":"post","2":"type-post","3":"status-publish","4":"format-standard","5":"has-post-thumbnail","7":"category-actualite"},"acf":[],"_yoast_wpseo_title":"Trump annonce de nouvelles taxes de 25 % sur les voitures et camions europ\u00e9ens : les exportateurs les plus touch\u00e9s","_yoast_wpseo_metadesc":"Trump a justifi\u00e9 la hausse des taxes en accusant l'UE de ne pas respecter l'accord commercial avec les \u00c9tats-Unis.","auteur_traducteur":"Sara Dorn","yoast_head":"<!-- This site is optimized with the Yoast SEO plugin v27.4 - https:\/\/yoast.com\/product\/yoast-seo-wordpress\/ -->\n<title>Trump annonce de nouvelles taxes de 25 % sur les voitures et camions europ\u00e9ens : les exportateurs les plus touch\u00e9s<\/title>\n<meta name=\"description\" content=\"Trump a justifi\u00e9 la hausse des taxes en accusant l&#039;UE de ne pas respecter l&#039;accord commercial avec les \u00c9tats-Unis.\" \/>\n<meta name=\"robots\" content=\"index, follow, max-snippet:-1, max-image-preview:large, max-video-preview:-1\" \/>\n<link rel=\"canonical\" href=\"https:\/\/www.forbes.be\/fr\/trump-taxes-25-voitures-camions-europeens\/\" \/>\n<meta property=\"og:locale\" content=\"fr_FR\" \/>\n<meta property=\"og:type\" content=\"article\" \/>\n<meta property=\"og:title\" content=\"Trump annonce de nouvelles taxes de 25 % sur les voitures et camions europ\u00e9ens : les exportateurs les plus touch\u00e9s\" \/>\n<meta property=\"og:description\" content=\"Trump a justifi\u00e9 la hausse des taxes en accusant l&#039;UE de ne pas respecter l&#039;accord commercial avec les \u00c9tats-Unis.\" \/>\n<meta property=\"og:url\" content=\"https:\/\/www.forbes.be\/fr\/trump-taxes-25-voitures-camions-europeens\/\" \/>\n<meta property=\"og:site_name\" content=\"Forbes Belgique\" \/>\n<meta property=\"article:publisher\" content=\"https:\/\/www.facebook.com\/forbesbelgique\/\" \/>\n<meta property=\"article:published_time\" content=\"2026-05-02T06:01:54+00:00\" \/>\n<meta property=\"og:image\" content=\"https:\/\/www.forbes.be\/fr\/wp-content\/uploads\/2026\/05\/1867294853.jpg\" \/>\n\t<meta property=\"og:image:width\" content=\"958\" \/>\n\t<meta property=\"og:image:height\" content=\"638\" \/>\n\t<meta property=\"og:image:type\" content=\"image\/jpeg\" \/>\n<meta name=\"author\" content=\"Forbes US\" \/>\n<meta name=\"twitter:card\" content=\"summary_large_image\" \/>\n<meta name=\"twitter:label1\" content=\"\u00c9crit par\" \/>\n\t<meta name=\"twitter:data1\" content=\"Forbes US\" \/>\n\t<meta name=\"twitter:label2\" content=\"Dur\u00e9e de lecture estim\u00e9e\" \/>\n\t<meta name=\"twitter:data2\" content=\"2 minutes\" \/>\n<script type=\"application\/ld+json\" class=\"yoast-schema-graph\">{\"@context\":\"https:\\\/\\\/schema.org\",\"@graph\":[{\"@type\":\"NewsArticle\",\"@id\":\"https:\\\/\\\/www.forbes.be\\\/fr\\\/trump-taxes-25-voitures-camions-europeens\\\/#article\",\"isPartOf\":{\"@id\":\"https:\\\/\\\/www.forbes.be\\\/fr\\\/trump-taxes-25-voitures-camions-europeens\\\/\"},\"author\":{\"name\":\"Forbes US\",\"@id\":\"https:\\\/\\\/www.forbes.be\\\/fr\\\/#\\\/schema\\\/person\\\/7a054703b12276e8c990a581baea6515\"},\"headline\":\"Trump annonce de nouvelles taxes de 25 % sur les voitures et camions europ\u00e9ens : les exportateurs les plus touch\u00e9s\",\"datePublished\":\"2026-05-02T06:01:54+00:00\",\"mainEntityOfPage\":{\"@id\":\"https:\\\/\\\/www.forbes.be\\\/fr\\\/trump-taxes-25-voitures-camions-europeens\\\/\"},\"wordCount\":476,\"publisher\":{\"@id\":\"https:\\\/\\\/www.forbes.be\\\/fr\\\/#organization\"},\"image\":{\"@id\":\"https:\\\/\\\/www.forbes.be\\\/fr\\\/trump-taxes-25-voitures-camions-europeens\\\/#primaryimage\"},\"thumbnailUrl\":\"https:\\\/\\\/www.forbes.be\\\/fr\\\/wp-content\\\/uploads\\\/2026\\\/05\\\/1867294853.jpg\",\"articleSection\":[\"Actualit\u00e9s\"],\"inLanguage\":\"fr-FR\"},{\"@type\":\"WebPage\",\"@id\":\"https:\\\/\\\/www.forbes.be\\\/fr\\\/trump-taxes-25-voitures-camions-europeens\\\/\",\"url\":\"https:\\\/\\\/www.forbes.be\\\/fr\\\/trump-taxes-25-voitures-camions-europeens\\\/\",\"name\":\"Trump annonce de nouvelles taxes de 25 % sur les voitures et camions europ\u00e9ens : les exportateurs les plus touch\u00e9s\",\"isPartOf\":{\"@id\":\"https:\\\/\\\/www.forbes.be\\\/fr\\\/#website\"},\"primaryImageOfPage\":{\"@id\":\"https:\\\/\\\/www.forbes.be\\\/fr\\\/trump-taxes-25-voitures-camions-europeens\\\/#primaryimage\"},\"image\":{\"@id\":\"https:\\\/\\\/www.forbes.be\\\/fr\\\/trump-taxes-25-voitures-camions-europeens\\\/#primaryimage\"},\"thumbnailUrl\":\"https:\\\/\\\/www.forbes.be\\\/fr\\\/wp-content\\\/uploads\\\/2026\\\/05\\\/1867294853.jpg\",\"datePublished\":\"2026-05-02T06:01:54+00:00\",\"description\":\"Trump a justifi\u00e9 la hausse des taxes en accusant l'UE de ne pas respecter l'accord commercial avec les \u00c9tats-Unis.\",\"breadcrumb\":{\"@id\":\"https:\\\/\\\/www.forbes.be\\\/fr\\\/trump-taxes-25-voitures-camions-europeens\\\/#breadcrumb\"},\"inLanguage\":\"fr-FR\",\"potentialAction\":[{\"@type\":\"ReadAction\",\"target\":[\"https:\\\/\\\/www.forbes.be\\\/fr\\\/trump-taxes-25-voitures-camions-europeens\\\/\"]}]},{\"@type\":\"ImageObject\",\"inLanguage\":\"fr-FR\",\"@id\":\"https:\\\/\\\/www.forbes.be\\\/fr\\\/trump-taxes-25-voitures-camions-europeens\\\/#primaryimage\",\"url\":\"https:\\\/\\\/www.forbes.be\\\/fr\\\/wp-content\\\/uploads\\\/2026\\\/05\\\/1867294853.jpg\",\"contentUrl\":\"https:\\\/\\\/www.forbes.be\\\/fr\\\/wp-content\\\/uploads\\\/2026\\\/05\\\/1867294853.jpg\",\"width\":958,\"height\":638,\"caption\":\"AFP via Getty Images\"},{\"@type\":\"BreadcrumbList\",\"@id\":\"https:\\\/\\\/www.forbes.be\\\/fr\\\/trump-taxes-25-voitures-camions-europeens\\\/#breadcrumb\",\"itemListElement\":[{\"@type\":\"ListItem\",\"position\":1,\"name\":\"Accueil\",\"item\":\"https:\\\/\\\/www.forbes.be\\\/fr\\\/\"},{\"@type\":\"ListItem\",\"position\":2,\"name\":\"Trump annonce de nouvelles taxes de 25 % sur les voitures et camions europ\u00e9ens : les exportateurs les plus touch\u00e9s\"}]},{\"@type\":\"WebSite\",\"@id\":\"https:\\\/\\\/www.forbes.be\\\/fr\\\/#website\",\"url\":\"https:\\\/\\\/www.forbes.be\\\/fr\\\/\",\"name\":\"Forbes Belgique\",\"description\":\"\",\"publisher\":{\"@id\":\"https:\\\/\\\/www.forbes.be\\\/fr\\\/#organization\"},\"potentialAction\":[{\"@type\":\"SearchAction\",\"target\":{\"@type\":\"EntryPoint\",\"urlTemplate\":\"https:\\\/\\\/www.forbes.be\\\/fr\\\/?s={search_term_string}\"},\"query-input\":{\"@type\":\"PropertyValueSpecification\",\"valueRequired\":true,\"valueName\":\"search_term_string\"}}],\"inLanguage\":\"fr-FR\"},{\"@type\":\"Organization\",\"@id\":\"https:\\\/\\\/www.forbes.be\\\/fr\\\/#organization\",\"name\":\"Forbes Belgique\",\"url\":\"https:\\\/\\\/www.forbes.be\\\/fr\\\/\",\"logo\":{\"@type\":\"ImageObject\",\"inLanguage\":\"fr-FR\",\"@id\":\"https:\\\/\\\/www.forbes.be\\\/fr\\\/#\\\/schema\\\/logo\\\/image\\\/\",\"url\":\"https:\\\/\\\/www.forbes.be\\\/fr\\\/wp-content\\\/uploads\\\/2024\\\/02\\\/forbes.be_.png\",\"contentUrl\":\"https:\\\/\\\/www.forbes.be\\\/fr\\\/wp-content\\\/uploads\\\/2024\\\/02\\\/forbes.be_.png\",\"width\":1200,\"height\":675,\"caption\":\"Forbes Belgique\"},\"image\":{\"@id\":\"https:\\\/\\\/www.forbes.be\\\/fr\\\/#\\\/schema\\\/logo\\\/image\\\/\"},\"sameAs\":[\"https:\\\/\\\/www.facebook.com\\\/forbesbelgique\\\/\",\"https:\\\/\\\/www.instagram.com\\\/Forbes_Belgium\",\"https:\\\/\\\/www.linkedin.com\\\/company\\\/forbes-belgium\\\/\"]},{\"@type\":\"Person\",\"@id\":\"https:\\\/\\\/www.forbes.be\\\/fr\\\/#\\\/schema\\\/person\\\/7a054703b12276e8c990a581baea6515\",\"name\":\"Forbes US\",\"image\":{\"@type\":\"ImageObject\",\"inLanguage\":\"fr-FR\",\"@id\":\"https:\\\/\\\/www.forbes.be\\\/fr\\\/wp-content\\\/uploads\\\/2025\\\/03\\\/forbes-logo1-100x100.png\",\"url\":\"https:\\\/\\\/www.forbes.be\\\/fr\\\/wp-content\\\/uploads\\\/2025\\\/03\\\/forbes-logo1-100x100.png\",\"contentUrl\":\"https:\\\/\\\/www.forbes.be\\\/fr\\\/wp-content\\\/uploads\\\/2025\\\/03\\\/forbes-logo1-100x100.png\",\"caption\":\"Forbes US\"},\"url\":\"https:\\\/\\\/www.forbes.be\\\/fr\\\/author\\\/forbes-us\\\/\"}]}<\/script>\n<!-- \/ Yoast SEO plugin. -->","yoast_head_json":{"title":"Trump annonce de nouvelles taxes de 25 % sur les voitures et camions europ\u00e9ens : les exportateurs les plus touch\u00e9s","description":"Trump a justifi\u00e9 la hausse des taxes en accusant l'UE de ne pas respecter l'accord commercial avec les \u00c9tats-Unis.","robots":{"index":"index","follow":"follow","max-snippet":"max-snippet:-1","max-image-preview":"max-image-preview:large","max-video-preview":"max-video-preview:-1"},"canonical":"https:\/\/www.forbes.be\/fr\/trump-taxes-25-voitures-camions-europeens\/","og_locale":"fr_FR","og_type":"article","og_title":"Trump annonce de nouvelles taxes de 25 % sur les voitures et camions europ\u00e9ens : les exportateurs les plus touch\u00e9s","og_description":"Trump a justifi\u00e9 la hausse des taxes en accusant l'UE de ne pas respecter l'accord commercial avec les \u00c9tats-Unis.","og_url":"https:\/\/www.forbes.be\/fr\/trump-taxes-25-voitures-camions-europeens\/","og_site_name":"Forbes Belgique","article_publisher":"https:\/\/www.facebook.com\/forbesbelgique\/","article_published_time":"2026-05-02T06:01:54+00:00","og_image":[{"width":958,"height":638,"url":"https:\/\/www.forbes.be\/fr\/wp-content\/uploads\/2026\/05\/1867294853.jpg","type":"image\/jpeg"}],"author":"Forbes US","twitter_card":"summary_large_image","twitter_misc":{"\u00c9crit par":"Forbes US","Dur\u00e9e de lecture estim\u00e9e":"2 minutes"},"schema":{"@context":"https:\/\/schema.org","@graph":[{"@type":"NewsArticle","@id":"https:\/\/www.forbes.be\/fr\/trump-taxes-25-voitures-camions-europeens\/#article","isPartOf":{"@id":"https:\/\/www.forbes.be\/fr\/trump-taxes-25-voitures-camions-europeens\/"},"author":{"name":"Forbes US","@id":"https:\/\/www.forbes.be\/fr\/#\/schema\/person\/7a054703b12276e8c990a581baea6515"},"headline":"Trump annonce de nouvelles taxes de 25 % sur les voitures et camions europ\u00e9ens : les exportateurs les plus touch\u00e9s","datePublished":"2026-05-02T06:01:54+00:00","mainEntityOfPage":{"@id":"https:\/\/www.forbes.be\/fr\/trump-taxes-25-voitures-camions-europeens\/"},"wordCount":476,"publisher":{"@id":"https:\/\/www.forbes.be\/fr\/#organization"},"image":{"@id":"https:\/\/www.forbes.be\/fr\/trump-taxes-25-voitures-camions-europeens\/#primaryimage"},"thumbnailUrl":"https:\/\/www.forbes.be\/fr\/wp-content\/uploads\/2026\/05\/1867294853.jpg","articleSection":["Actualit\u00e9s"],"inLanguage":"fr-FR"},{"@type":"WebPage","@id":"https:\/\/www.forbes.be\/fr\/trump-taxes-25-voitures-camions-europeens\/","url":"https:\/\/www.forbes.be\/fr\/trump-taxes-25-voitures-camions-europeens\/","name":"Trump annonce de nouvelles taxes de 25 % sur les voitures et camions europ\u00e9ens : les exportateurs les plus touch\u00e9s","isPartOf":{"@id":"https:\/\/www.forbes.be\/fr\/#website"},"primaryImageOfPage":{"@id":"https:\/\/www.forbes.be\/fr\/trump-taxes-25-voitures-camions-europeens\/#primaryimage"},"image":{"@id":"https:\/\/www.forbes.be\/fr\/trump-taxes-25-voitures-camions-europeens\/#primaryimage"},"thumbnailUrl":"https:\/\/www.forbes.be\/fr\/wp-content\/uploads\/2026\/05\/1867294853.jpg","datePublished":"2026-05-02T06:01:54+00:00","description":"Trump a justifi\u00e9 la hausse des taxes en accusant l'UE de ne pas respecter l'accord commercial avec les \u00c9tats-Unis.","breadcrumb":{"@id":"https:\/\/www.forbes.be\/fr\/trump-taxes-25-voitures-camions-europeens\/#breadcrumb"},"inLanguage":"fr-FR","potentialAction":[{"@type":"ReadAction","target":["https:\/\/www.forbes.be\/fr\/trump-taxes-25-voitures-camions-europeens\/"]}]},{"@type":"ImageObject","inLanguage":"fr-FR","@id":"https:\/\/www.forbes.be\/fr\/trump-taxes-25-voitures-camions-europeens\/#primaryimage","url":"https:\/\/www.forbes.be\/fr\/wp-content\/uploads\/2026\/05\/1867294853.jpg","contentUrl":"https:\/\/www.forbes.be\/fr\/wp-content\/uploads\/2026\/05\/1867294853.jpg","width":958,"height":638,"caption":"AFP via Getty Images"},{"@type":"BreadcrumbList","@id":"https:\/\/www.forbes.be\/fr\/trump-taxes-25-voitures-camions-europeens\/#breadcrumb","itemListElement":[{"@type":"ListItem","position":1,"name":"Accueil","item":"https:\/\/www.forbes.be\/fr\/"},{"@type":"ListItem","position":2,"name":"Trump annonce de nouvelles taxes de 25 % sur les voitures et camions europ\u00e9ens : les exportateurs les plus touch\u00e9s"}]},{"@type":"WebSite","@id":"https:\/\/www.forbes.be\/fr\/#website","url":"https:\/\/www.forbes.be\/fr\/","name":"Forbes Belgique","description":"","publisher":{"@id":"https:\/\/www.forbes.be\/fr\/#organization"},"potentialAction":[{"@type":"SearchAction","target":{"@type":"EntryPoint","urlTemplate":"https:\/\/www.forbes.be\/fr\/?s={search_term_string}"},"query-input":{"@type":"PropertyValueSpecification","valueRequired":true,"valueName":"search_term_string"}}],"inLanguage":"fr-FR"},{"@type":"Organization","@id":"https:\/\/www.forbes.be\/fr\/#organization","name":"Forbes Belgique","url":"https:\/\/www.forbes.be\/fr\/","logo":{"@type":"ImageObject","inLanguage":"fr-FR","@id":"https:\/\/www.forbes.be\/fr\/#\/schema\/logo\/image\/","url":"https:\/\/www.forbes.be\/fr\/wp-content\/uploads\/2024\/02\/forbes.be_.png","contentUrl":"https:\/\/www.forbes.be\/fr\/wp-content\/uploads\/2024\/02\/forbes.be_.png","width":1200,"height":675,"caption":"Forbes Belgique"},"image":{"@id":"https:\/\/www.forbes.be\/fr\/#\/schema\/logo\/image\/"},"sameAs":["https:\/\/www.facebook.com\/forbesbelgique\/","https:\/\/www.instagram.com\/Forbes_Belgium","https:\/\/www.linkedin.com\/company\/forbes-belgium\/"]},{"@type":"Person","@id":"https:\/\/www.forbes.be\/fr\/#\/schema\/person\/7a054703b12276e8c990a581baea6515","name":"Forbes US","image":{"@type":"ImageObject","inLanguage":"fr-FR","@id":"https:\/\/www.forbes.be\/fr\/wp-content\/uploads\/2025\/03\/forbes-logo1-100x100.png","url":"https:\/\/www.forbes.be\/fr\/wp-content\/uploads\/2025\/03\/forbes-logo1-100x100.png","contentUrl":"https:\/\/www.forbes.be\/fr\/wp-content\/uploads\/2025\/03\/forbes-logo1-100x100.png","caption":"Forbes US"},"url":"https:\/\/www.forbes.be\/fr\/author\/forbes-us\/"}]}},"_links":{"self":[{"href":"https:\/\/www.forbes.be\/fr\/wp-json\/wp\/v2\/posts\/17022","targetHints":{"allow":["GET"]}}],"collection":[{"href":"https:\/\/www.forbes.be\/fr\/wp-json\/wp\/v2\/posts"}],"about":[{"href":"https:\/\/www.forbes.be\/fr\/wp-json\/wp\/v2\/types\/post"}],"author":[{"embeddable":true,"href":"https:\/\/www.forbes.be\/fr\/wp-json\/wp\/v2\/users\/28"}],"replies":[{"embeddable":true,"href":"https:\/\/www.forbes.be\/fr\/wp-json\/wp\/v2\/comments?post=17022"}],"version-history":[{"count":0,"href":"https:\/\/www.forbes.be\/fr\/wp-json\/wp\/v2\/posts\/17022\/revisions"}],"wp:featuredmedia":[{"embeddable":true,"href":"https:\/\/www.forbes.be\/fr\/wp-json\/wp\/v2\/media\/17021"}],"wp:attachment":[{"href":"https:\/\/www.forbes.be\/fr\/wp-json\/wp\/v2\/media?parent=17022"}],"wp:term":[{"taxonomy":"category","embeddable":true,"href":"https:\/\/www.forbes.be\/fr\/wp-json\/wp\/v2\/categories?post=17022"},{"taxonomy":"post_tag","embeddable":true,"href":"https:\/\/www.forbes.be\/fr\/wp-json\/wp\/v2\/tags?post=17022"}],"curies":[{"name":"wp","href":"https:\/\/api.w.org\/{rel}","templated":true}]}}