{"id":18808,"date":"2026-09-01T09:03:09","date_gmt":"2026-09-01T07:03:09","guid":{"rendered":"https:\/\/www.forbes.be\/fr\/?p=18808"},"modified":"2026-09-01T09:36:44","modified_gmt":"2026-09-01T07:36:44","slug":"les-deux-visages-de-lentrepreneuriat-chez-la-generation-z","status":"publish","type":"post","link":"https:\/\/www.forbes.be\/fr\/les-deux-visages-de-lentrepreneuriat-chez-la-generation-z\/","title":{"rendered":"Revente ou succession familiale : les deux visages de l\u2019entrepreneuriat chez la g\u00e9n\u00e9ration Z"},"content":{"rendered":"<p><strong>La g\u00e9n\u00e9ration Z ne pense visiblement pas l\u2019entreprise comme ses a\u00een\u00e9s. Dans une \u00e9tude men\u00e9e par <a href=\"https:\/\/www.bankvanbreda.be\/deep-dive\/generatieverschillen-ondernemers\/generaties-en-vermogen\" target=\"_blank\" rel=\"noopener\">Bank Van Breda<\/a> aupr\u00e8s de pr\u00e8s de 400 entrepreneurs, pr\u00e8s d\u2019un r\u00e9pondant Gen Z sur cinq dit s\u2019\u00eatre lanc\u00e9 avec l\u2019id\u00e9e d\u2019une future revente, tandis que pr\u00e8s d\u2019un sur trois a rejoint une entreprise familiale comme successeur. Deux trajectoires presque oppos\u00e9es, mais qui pourraient r\u00e9v\u00e9ler une m\u00eame \u00e9volution : une mani\u00e8re plus pr\u00e9coce de penser la valeur, la transmission et la suite. <a href=\"https:\/\/www.forbes.be\/\" target=\"_blank\" rel=\"noopener\">Forbes Belgique<\/a> a interrog\u00e9 Bank Van Breda pour comprendre ce que ces chiffres disent de la mani\u00e8re dont cette g\u00e9n\u00e9ration pense d\u00e9j\u00e0 \u00e0 l&rsquo;apr\u00e8s.<\/strong><\/p>\n<p>Cr\u00e9er pour vendre. Reprendre pour durer. \u00c0 premi\u00e8re vue, les deux logiques se regardent en chiens de fa\u00efence. C&rsquo;est pourtant chez une m\u00eame g\u00e9n\u00e9ration qu&rsquo;elles se c\u00f4toient le plus nettement chez nous.<\/p>\n<p>Dans une \u00e9tude men\u00e9e par <a href=\"https:\/\/www.bankvanbreda.be\/\" target=\"_blank\" rel=\"noopener\"><strong>Bank Van Breda<\/strong><\/a> aupr\u00e8s de 396 entrepreneurs, dont 52 issus de la g\u00e9n\u00e9ration Z, <strong>19 % des r\u00e9pondants de cette g\u00e9n\u00e9ration d\u00e9clarent avoir cr\u00e9\u00e9 leur entreprise avec l&rsquo;intention de la revendre ult\u00e9rieurement<\/strong>. Chez les <em>millennials<\/em>, ils ne sont que 3 %, contre 4 % pour la g\u00e9n\u00e9ration X et 2 % chez les <em>baby-boomers<\/em>. Dans le m\u00eame temps, <strong>29 % des Gen Z interrog\u00e9s disent avoir rejoint une entreprise familiale comme successeurs<\/strong>. Les participants pouvant citer jusqu&rsquo;\u00e0 trois motivations \u00e0 entreprendre, ces deux logiques ne sont d&rsquo;ailleurs pas n\u00e9cessairement exclusives.<\/p>\n<p>Deux chiffres, mais surtout deux imaginaires entrepreneuriaux que l&rsquo;on aurait volontiers tendance \u00e0 opposer : la <em>start-up<\/em> que l&rsquo;on construit pour la c\u00e9der face \u00e0 l&rsquo;entreprise familiale que l&rsquo;on reprend pour la poursuivre. <strong>Le raccourci serait s\u00e9duisant, mais il serait aussi trop simple.<\/strong> Car derri\u00e8re ces deux trajectoires, une m\u00eame question semble se poser tr\u00e8s t\u00f4t dans le parcours des r\u00e9pondants Gen Z : <strong>jusqu&rsquo;o\u00f9 veut-on emmener son entreprise, et sous quelle forme doit-elle continuer ensuite ?<\/strong><\/p>\n<p>Pour <strong>Tim Meeusen<\/strong>, <em>Customer Intelligence Office Specialist<\/em> chez Bank Van Breda, la g\u00e9n\u00e9ration Z semble moins souvent consid\u00e9rer l&rsquo;entrepreneuriat comme <em>\u00ab un projet personnel \u00e0 vie \u00bb<\/em> et davantage comme un parcours qui peut \u00eatre construit, d\u00e9velopp\u00e9 puis transmis.<\/p>\n<p><strong>Kristoph Wauters<\/strong>, <em>Head of Advisory<\/em>, parle de son c\u00f4t\u00e9 de <em>\u00ab strat\u00e9gie, d&rsquo;optionalit\u00e9 et de conscience financi\u00e8re \u00bb<\/em>, qui renvoie surtout \u00e0 une anticipation plus pr\u00e9coce de la suite ; la vente, l\u2019arriv\u00e9e de nouveaux actionnaires ou la transmission pouvant ainsi entrer dans le sc\u00e9nario bien avant d\u2019\u00eatre d\u2019actualit\u00e9.<\/p>\n<figure id=\"attachment_18809\" aria-describedby=\"caption-attachment-18809\" style=\"width: 375px\" class=\"wp-caption aligncenter\"><img loading=\"lazy\" decoding=\"async\" class=\"wp-image-18809\" src=\"https:\/\/www.forbes.be\/fr\/wp-content\/uploads\/2026\/08\/tim-meeusen-300x300.jpg\" alt=\"Tim Meeusen \/ \u00a9 Gregory Van Gansen\/Imagetting\" width=\"375\" height=\"375\" srcset=\"https:\/\/www.forbes.be\/fr\/wp-content\/uploads\/2026\/08\/tim-meeusen-300x300.jpg 300w, https:\/\/www.forbes.be\/fr\/wp-content\/uploads\/2026\/08\/tim-meeusen-1024x1024.jpg 1024w, https:\/\/www.forbes.be\/fr\/wp-content\/uploads\/2026\/08\/tim-meeusen-150x150.jpg 150w, https:\/\/www.forbes.be\/fr\/wp-content\/uploads\/2026\/08\/tim-meeusen-768x768.jpg 768w, https:\/\/www.forbes.be\/fr\/wp-content\/uploads\/2026\/08\/tim-meeusen-1536x1536.jpg 1536w, https:\/\/www.forbes.be\/fr\/wp-content\/uploads\/2026\/08\/tim-meeusen-2048x2048.jpg 2048w, https:\/\/www.forbes.be\/fr\/wp-content\/uploads\/2026\/08\/tim-meeusen-696x696.jpg 696w, https:\/\/www.forbes.be\/fr\/wp-content\/uploads\/2026\/08\/tim-meeusen-1068x1068.jpg 1068w, https:\/\/www.forbes.be\/fr\/wp-content\/uploads\/2026\/08\/tim-meeusen-1920x1920.jpg 1920w, https:\/\/www.forbes.be\/fr\/wp-content\/uploads\/2026\/08\/tim-meeusen-600x600.jpg 600w, https:\/\/www.forbes.be\/fr\/wp-content\/uploads\/2026\/08\/tim-meeusen-100x100.jpg 100w\" sizes=\"auto, (max-width: 375px) 100vw, 375px\" \/><figcaption id=\"caption-attachment-18809\" class=\"wp-caption-text\">Tim Meeusen \/ \u00a9 Gregory Van Gansen\/Imagetting<\/figcaption><\/figure>\n<h2>Penser \u00e0 vendre, mais remettre l\u2019argent dans la machine<\/h2>\n<p>Si la g\u00e9n\u00e9ration Z pense plus volontiers \u00e0 une future cession, elle est aussi celle qui dit <strong>le plus souvent vouloir r\u00e9investir les revenus dans son entreprise<\/strong>. 73 % des r\u00e9pondants Gen Z d\u00e9clarent pr\u00e9f\u00e9rer remettre les revenus g\u00e9n\u00e9r\u00e9s dans leur soci\u00e9t\u00e9, contre 52 % chez les <em>millennials<\/em> et la g\u00e9n\u00e9ration X, et 61 % chez les <em>baby-boomers<\/em>. <strong>Difficile, d\u00e8s lors, de r\u00e9sumer leur rapport \u00e0 l&rsquo;<em>exit<\/em> \u00e0 une envie de <em>\u00ab prendre l&rsquo;argent et partir \u00bb<\/em>.<\/strong><\/p>\n<p>Pour <strong>Tim Meeusen<\/strong>, la combinaison entre r\u00e9investissement et perspective de vente sugg\u00e8re plut\u00f4t que la cession puisse \u00eatre <strong><em>\u00ab l\u2019aboutissement d\u2019une strat\u00e9gie de croissance \u00bb<\/em><\/strong>. Une r\u00e9flexion que <strong>Kristoph Wauters<\/strong> pousse un cran plus loin : <em>\u00ab Les jeunes g\u00e9n\u00e9rations r\u00e9fl\u00e9chissent davantage au cycle de vie de l\u2019entreprise. Elles se demandent quel type d\u2019actionnaire ou de dirigeant est n\u00e9cessaire \u00e0 chaque \u00e9tape. \u00bb<\/em> <strong>Ce qui suppose aussi d\u2019accepter qu\u2019un fondateur ne soit pas n\u00e9cessairement celui qui doit accompagner sa soci\u00e9t\u00e9 \u00e0 chacune des phases suivantes de son d\u00e9veloppement.<\/strong><\/p>\n<figure id=\"attachment_18810\" aria-describedby=\"caption-attachment-18810\" style=\"width: 527px\" class=\"wp-caption aligncenter\"><img loading=\"lazy\" decoding=\"async\" class=\"wp-image-18810\" src=\"https:\/\/www.forbes.be\/fr\/wp-content\/uploads\/2026\/08\/z721788-300x200.jpg\" alt=\"Kristoph Wauters \/ \u00a9 DR Bank Van Breda\" width=\"527\" height=\"351\" srcset=\"https:\/\/www.forbes.be\/fr\/wp-content\/uploads\/2026\/08\/z721788-300x200.jpg 300w, https:\/\/www.forbes.be\/fr\/wp-content\/uploads\/2026\/08\/z721788-1024x683.jpg 1024w, https:\/\/www.forbes.be\/fr\/wp-content\/uploads\/2026\/08\/z721788-768x512.jpg 768w, https:\/\/www.forbes.be\/fr\/wp-content\/uploads\/2026\/08\/z721788-1536x1024.jpg 1536w, https:\/\/www.forbes.be\/fr\/wp-content\/uploads\/2026\/08\/z721788-2048x1365.jpg 2048w, https:\/\/www.forbes.be\/fr\/wp-content\/uploads\/2026\/08\/z721788-696x464.jpg 696w, https:\/\/www.forbes.be\/fr\/wp-content\/uploads\/2026\/08\/z721788-1068x712.jpg 1068w, https:\/\/www.forbes.be\/fr\/wp-content\/uploads\/2026\/08\/z721788-1920x1280.jpg 1920w, https:\/\/www.forbes.be\/fr\/wp-content\/uploads\/2026\/08\/z721788-600x400.jpg 600w\" sizes=\"auto, (max-width: 527px) 100vw, 527px\" \/><figcaption id=\"caption-attachment-18810\" class=\"wp-caption-text\">Kristoph Wauters \/ \u00a9 DR Bank Van Breda<\/figcaption><\/figure>\n<p>Cette logique d&rsquo;\u00e9tapes, les chiffres patrimoniaux la prolongent jusque dans le portefeuille. <strong>54 % des entrepreneurs Gen Z interrog\u00e9s disposaient d\u00e9j\u00e0, au lancement, d&rsquo;un plan patrimonial \u00e0 long terme, contre 30 % des <em>millennials<\/em>, 33 % de la g\u00e9n\u00e9ration X et 38 % des <em>baby-boomers<\/em>.<\/strong> Un \u00e9cart qui sugg\u00e8re que, chez ces jeunes r\u00e9pondants, <strong>la r\u00e9flexion patrimoniale entre tr\u00e8s t\u00f4t dans la trajectoire entrepreneuriale<\/strong>, plut\u00f4t que d\u2019\u00eatre laiss\u00e9e pour plus tard. Et parmi eux, <strong>94 % disent r\u00e9fl\u00e9chir \u00e0 long terme<\/strong> \u00e0 leur croissance et \u00e0 leur stabilit\u00e9 financi\u00e8res.<\/p>\n<p><strong>Cr\u00e9er, d\u00e9velopper, vendre, r\u00e9investir, puis recommencer ailleurs peut donc s&rsquo;inscrire dans une m\u00eame logique de construction.<\/strong> Kristoph Wauters \u00e9voque d&rsquo;ailleurs <strong><em>\u00ab l&rsquo;entrepreneuriat en s\u00e9rie \u00bb<\/em> comme un mod\u00e8le qui gagne du terrain<\/strong> : cr\u00e9er, faire grandir, transmettre ou vendre, puis recommencer.<\/p>\n<h2>Reprendre n\u2019est pas forc\u00e9ment regarder dans le r\u00e9troviseur<\/h2>\n<p>Au-del\u00e0 de la cr\u00e9ation, de la croissance et d\u2019une \u00e9ventuelle revente, <strong>cette r\u00e9flexion sur <em>\u00ab l\u2019apr\u00e8s \u00bb<\/em> se retrouve aussi de l\u2019autre c\u00f4t\u00e9 de la trajectoire entrepreneuriale<\/strong> : au moment de reprendre une entreprise. Chez les plus jeunes r\u00e9pondants, la reprise familiale appara\u00eet en effet plus souvent comme une motivation \u00e0 entreprendre.<\/p>\n<p>Interrog\u00e9 sur ce second versant de l\u2019\u00e9tude, Tim Meeusen se garde d\u2019aller trop vite en besogne : <strong>l\u2019enqu\u00eate ne dit pas pr\u00e9cis\u00e9ment pourquoi ces jeunes franchissent la porte de l\u2019entreprise familiale<\/strong>. Le poids des entreprises familiales en Belgique joue probablement un r\u00f4le, estime-t-il, sans que l\u2019\u00e9tude permette de le mesurer sp\u00e9cifiquement.<\/p>\n<p>Kristoph Wauters apporte, lui, un \u00e9clairage venu du terrain : <strong><em>\u00ab Les c\u00e9dants sont eux aussi de plus en plus jeunes. Le processus de transmission d\u00e9marre donc plus t\u00f4t et la g\u00e9n\u00e9ration Z y est confront\u00e9e plus rapidement. \u00bb<\/em><\/strong> Un mouvement qui s\u2019accompagne d\u2019un nombre croissant de formations consacr\u00e9es \u00e0 la transmission, y compris pour un public plus jeune.<\/p>\n<figure id=\"attachment_18813\" aria-describedby=\"caption-attachment-18813\" style=\"width: 389px\" class=\"wp-caption aligncenter\"><img loading=\"lazy\" decoding=\"async\" class=\"wp-image-18813\" src=\"https:\/\/www.forbes.be\/fr\/wp-content\/uploads\/2026\/08\/ryoji-iwata-wuzjnov7t0g-unsplash-200x300.jpg\" alt=\"Unsplash\" width=\"389\" height=\"584\" srcset=\"https:\/\/www.forbes.be\/fr\/wp-content\/uploads\/2026\/08\/ryoji-iwata-wuzjnov7t0g-unsplash-200x300.jpg 200w, https:\/\/www.forbes.be\/fr\/wp-content\/uploads\/2026\/08\/ryoji-iwata-wuzjnov7t0g-unsplash-683x1024.jpg 683w, https:\/\/www.forbes.be\/fr\/wp-content\/uploads\/2026\/08\/ryoji-iwata-wuzjnov7t0g-unsplash-768x1152.jpg 768w, https:\/\/www.forbes.be\/fr\/wp-content\/uploads\/2026\/08\/ryoji-iwata-wuzjnov7t0g-unsplash-1024x1536.jpg 1024w, https:\/\/www.forbes.be\/fr\/wp-content\/uploads\/2026\/08\/ryoji-iwata-wuzjnov7t0g-unsplash-1365x2048.jpg 1365w, https:\/\/www.forbes.be\/fr\/wp-content\/uploads\/2026\/08\/ryoji-iwata-wuzjnov7t0g-unsplash-696x1044.jpg 696w, https:\/\/www.forbes.be\/fr\/wp-content\/uploads\/2026\/08\/ryoji-iwata-wuzjnov7t0g-unsplash-1068x1602.jpg 1068w, https:\/\/www.forbes.be\/fr\/wp-content\/uploads\/2026\/08\/ryoji-iwata-wuzjnov7t0g-unsplash-1920x2880.jpg 1920w, https:\/\/www.forbes.be\/fr\/wp-content\/uploads\/2026\/08\/ryoji-iwata-wuzjnov7t0g-unsplash-600x900.jpg 600w, https:\/\/www.forbes.be\/fr\/wp-content\/uploads\/2026\/08\/ryoji-iwata-wuzjnov7t0g-unsplash-scaled.jpg 1707w\" sizes=\"auto, (max-width: 389px) 100vw, 389px\" \/><figcaption id=\"caption-attachment-18813\" class=\"wp-caption-text\">Unsplash<\/figcaption><\/figure>\n<p>L&rsquo;\u00e9tude ne dit pas si ces jeunes successeurs garderont le mod\u00e8le tel quel, le transformeront ou pr\u00e9pareront \u00e0 leur tour une transmission. Mais on peut au moins en tirer une <strong>hypoth\u00e8se<\/strong>, elle aussi ouverte : si la transmission entre plus t\u00f4t dans la vie entrepreneuriale, <strong>savoir passer la main pourrait finir par compter autant<\/strong>, dans le m\u00e9tier de dirigeant, que savoir prendre les commandes.<\/p>\n","protected":false},"excerpt":{"rendered":"<p>La g\u00e9n\u00e9ration Z ne pense visiblement pas l\u2019entreprise comme ses a\u00een\u00e9s. Dans une \u00e9tude men\u00e9e par Bank Van Breda aupr\u00e8s de pr\u00e8s de 400 entrepreneurs, pr\u00e8s d\u2019un r\u00e9pondant Gen Z sur cinq dit s\u2019\u00eatre lanc\u00e9 avec l\u2019id\u00e9e d\u2019une future revente, tandis que pr\u00e8s d\u2019un sur trois a rejoint une entreprise familiale comme successeur. Deux trajectoires [&hellip;]<\/p>\n","protected":false},"author":67,"featured_media":18817,"comment_status":"closed","ping_status":"closed","sticky":false,"template":"","format":"standard","meta":{"_acf_changed":false,"inline_featured_image":false,"footnotes":""},"categories":[1,19,27],"tags":[166,161,163,167,162,165,164],"class_list":["post-18808","post","type-post","status-publish","format-standard","has-post-thumbnail","category-actualite","category-entrepreneurs","category-societe","tag-economiebelge","tag-entrepreneuriat","tag-entreprisefamiliale","tag-forbesbelgique","tag-generationz","tag-repriseentreprise","tag-transmissionentreprise"],"acf":[],"_yoast_wpseo_title":null,"_yoast_wpseo_metadesc":"La Gen Z pense d\u00e9j\u00e0 \u00e0 la revente, au r\u00e9investissement et \u00e0 la transmission. Une \u00e9tude de Bank Van Breda r\u00e9v\u00e8le son rapport singulier \u00e0 l\u2019entreprise.","auteur_traducteur":"","yoast_head":"<!-- This site is optimized with the Yoast SEO plugin v28.3 - https:\/\/yoast.com\/product\/yoast-seo-wordpress\/ -->\n<title>Revente ou succession familiale : les deux visages de l\u2019entrepreneuriat chez la g\u00e9n\u00e9ration Z | Forbes Belgique<\/title>\n<meta name=\"description\" content=\"La Gen Z pense d\u00e9j\u00e0 \u00e0 la revente, au r\u00e9investissement et \u00e0 la transmission. Une \u00e9tude de Bank Van Breda r\u00e9v\u00e8le son rapport singulier \u00e0 l\u2019entreprise.\" \/>\n<meta name=\"robots\" content=\"index, follow, max-snippet:-1, max-image-preview:large, max-video-preview:-1\" \/>\n<link rel=\"canonical\" href=\"https:\/\/www.forbes.be\/fr\/les-deux-visages-de-lentrepreneuriat-chez-la-generation-z\/\" \/>\n<meta property=\"og:locale\" content=\"fr_FR\" \/>\n<meta property=\"og:type\" content=\"article\" \/>\n<meta property=\"og:title\" content=\"Revente ou succession familiale : les deux visages de l\u2019entrepreneuriat chez la g\u00e9n\u00e9ration Z | Forbes Belgique\" \/>\n<meta property=\"og:description\" content=\"La Gen Z pense d\u00e9j\u00e0 \u00e0 la revente, au r\u00e9investissement et \u00e0 la transmission. Une \u00e9tude de Bank Van Breda r\u00e9v\u00e8le son rapport singulier \u00e0 l\u2019entreprise.\" \/>\n<meta property=\"og:url\" content=\"https:\/\/www.forbes.be\/fr\/les-deux-visages-de-lentrepreneuriat-chez-la-generation-z\/\" \/>\n<meta property=\"og:site_name\" content=\"Forbes Belgique\" \/>\n<meta property=\"article:publisher\" content=\"https:\/\/www.facebook.com\/forbesbelgique\/\" \/>\n<meta property=\"article:published_time\" content=\"2026-09-01T07:03:09+00:00\" \/>\n<meta property=\"article:modified_time\" content=\"2026-09-01T07:36:44+00:00\" \/>\n<meta property=\"og:image\" content=\"https:\/\/www.forbes.be\/fr\/wp-content\/uploads\/2026\/08\/opposite-cover-unsplash-e1788247839668.png\" \/>\n\t<meta property=\"og:image:width\" content=\"1020\" \/>\n\t<meta property=\"og:image:height\" content=\"534\" \/>\n\t<meta property=\"og:image:type\" content=\"image\/png\" \/>\n<meta name=\"author\" content=\"Sophie De Coninck\" \/>\n<meta name=\"twitter:card\" content=\"summary_large_image\" \/>\n<meta name=\"twitter:label1\" content=\"\u00c9crit par\" \/>\n\t<meta name=\"twitter:data1\" content=\"Sophie De Coninck\" \/>\n\t<meta name=\"twitter:label2\" content=\"Dur\u00e9e de lecture estim\u00e9e\" \/>\n\t<meta name=\"twitter:data2\" content=\"6 minutes\" \/>\n<script type=\"application\/ld+json\" class=\"yoast-schema-graph\">{\"@context\":\"https:\\\/\\\/schema.org\",\"@graph\":[{\"@type\":\"NewsArticle\",\"@id\":\"https:\\\/\\\/www.forbes.be\\\/fr\\\/les-deux-visages-de-lentrepreneuriat-chez-la-generation-z\\\/#article\",\"isPartOf\":{\"@id\":\"https:\\\/\\\/www.forbes.be\\\/fr\\\/les-deux-visages-de-lentrepreneuriat-chez-la-generation-z\\\/\"},\"author\":{\"name\":\"Sophie De Coninck\",\"@id\":\"https:\\\/\\\/www.forbes.be\\\/fr\\\/#\\\/schema\\\/person\\\/00027e38f1f4577bab5e6e482c8e3942\"},\"headline\":\"Revente ou succession familiale : les deux visages de l\u2019entrepreneuriat chez la g\u00e9n\u00e9ration Z\",\"datePublished\":\"2026-09-01T07:03:09+00:00\",\"dateModified\":\"2026-09-01T07:36:44+00:00\",\"mainEntityOfPage\":{\"@id\":\"https:\\\/\\\/www.forbes.be\\\/fr\\\/les-deux-visages-de-lentrepreneuriat-chez-la-generation-z\\\/\"},\"wordCount\":1070,\"publisher\":{\"@id\":\"https:\\\/\\\/www.forbes.be\\\/fr\\\/#organization\"},\"image\":{\"@id\":\"https:\\\/\\\/www.forbes.be\\\/fr\\\/les-deux-visages-de-lentrepreneuriat-chez-la-generation-z\\\/#primaryimage\"},\"thumbnailUrl\":\"https:\\\/\\\/www.forbes.be\\\/fr\\\/wp-content\\\/uploads\\\/2026\\\/08\\\/opposite-cover-unsplash-e1788247839668.png\",\"keywords\":[\"EconomieBelge\",\"Entrepreneuriat\",\"EntrepriseFamiliale\",\"ForbesBelgique\",\"GenerationZ\",\"RepriseEntreprise\",\"TransmissionEntreprise\"],\"articleSection\":[\"Actualit\u00e9s\",\"Entrepreneurs\",\"Soci\u00e9t\u00e9\"],\"inLanguage\":\"fr-FR\"},{\"@type\":\"WebPage\",\"@id\":\"https:\\\/\\\/www.forbes.be\\\/fr\\\/les-deux-visages-de-lentrepreneuriat-chez-la-generation-z\\\/\",\"url\":\"https:\\\/\\\/www.forbes.be\\\/fr\\\/les-deux-visages-de-lentrepreneuriat-chez-la-generation-z\\\/\",\"name\":\"Revente ou succession familiale : les deux visages de l\u2019entrepreneuriat chez la g\u00e9n\u00e9ration Z | Forbes Belgique\",\"isPartOf\":{\"@id\":\"https:\\\/\\\/www.forbes.be\\\/fr\\\/#website\"},\"primaryImageOfPage\":{\"@id\":\"https:\\\/\\\/www.forbes.be\\\/fr\\\/les-deux-visages-de-lentrepreneuriat-chez-la-generation-z\\\/#primaryimage\"},\"image\":{\"@id\":\"https:\\\/\\\/www.forbes.be\\\/fr\\\/les-deux-visages-de-lentrepreneuriat-chez-la-generation-z\\\/#primaryimage\"},\"thumbnailUrl\":\"https:\\\/\\\/www.forbes.be\\\/fr\\\/wp-content\\\/uploads\\\/2026\\\/08\\\/opposite-cover-unsplash-e1788247839668.png\",\"datePublished\":\"2026-09-01T07:03:09+00:00\",\"dateModified\":\"2026-09-01T07:36:44+00:00\",\"description\":\"La Gen Z pense d\u00e9j\u00e0 \u00e0 la revente, au r\u00e9investissement et \u00e0 la transmission. Une \u00e9tude de Bank Van Breda r\u00e9v\u00e8le son rapport singulier \u00e0 l\u2019entreprise.\",\"breadcrumb\":{\"@id\":\"https:\\\/\\\/www.forbes.be\\\/fr\\\/les-deux-visages-de-lentrepreneuriat-chez-la-generation-z\\\/#breadcrumb\"},\"inLanguage\":\"fr-FR\",\"potentialAction\":[{\"@type\":\"ReadAction\",\"target\":[\"https:\\\/\\\/www.forbes.be\\\/fr\\\/les-deux-visages-de-lentrepreneuriat-chez-la-generation-z\\\/\"]}]},{\"@type\":\"ImageObject\",\"inLanguage\":\"fr-FR\",\"@id\":\"https:\\\/\\\/www.forbes.be\\\/fr\\\/les-deux-visages-de-lentrepreneuriat-chez-la-generation-z\\\/#primaryimage\",\"url\":\"https:\\\/\\\/www.forbes.be\\\/fr\\\/wp-content\\\/uploads\\\/2026\\\/08\\\/opposite-cover-unsplash-e1788247839668.png\",\"contentUrl\":\"https:\\\/\\\/www.forbes.be\\\/fr\\\/wp-content\\\/uploads\\\/2026\\\/08\\\/opposite-cover-unsplash-e1788247839668.png\",\"width\":1020,\"height\":534,\"caption\":\"\u00a9 DR\\\/Unsplash\"},{\"@type\":\"BreadcrumbList\",\"@id\":\"https:\\\/\\\/www.forbes.be\\\/fr\\\/les-deux-visages-de-lentrepreneuriat-chez-la-generation-z\\\/#breadcrumb\",\"itemListElement\":[{\"@type\":\"ListItem\",\"position\":1,\"name\":\"Accueil\",\"item\":\"https:\\\/\\\/www.forbes.be\\\/fr\\\/\"},{\"@type\":\"ListItem\",\"position\":2,\"name\":\"Revente ou succession familiale : les deux visages de l\u2019entrepreneuriat chez la g\u00e9n\u00e9ration Z\"}]},{\"@type\":\"WebSite\",\"@id\":\"https:\\\/\\\/www.forbes.be\\\/fr\\\/#website\",\"url\":\"https:\\\/\\\/www.forbes.be\\\/fr\\\/\",\"name\":\"Forbes Belgique\",\"description\":\"\",\"publisher\":{\"@id\":\"https:\\\/\\\/www.forbes.be\\\/fr\\\/#organization\"},\"potentialAction\":[{\"@type\":\"SearchAction\",\"target\":{\"@type\":\"EntryPoint\",\"urlTemplate\":\"https:\\\/\\\/www.forbes.be\\\/fr\\\/?s={search_term_string}\"},\"query-input\":{\"@type\":\"PropertyValueSpecification\",\"valueRequired\":true,\"valueName\":\"search_term_string\"}}],\"inLanguage\":\"fr-FR\"},{\"@type\":\"Organization\",\"@id\":\"https:\\\/\\\/www.forbes.be\\\/fr\\\/#organization\",\"name\":\"Forbes Belgique\",\"url\":\"https:\\\/\\\/www.forbes.be\\\/fr\\\/\",\"logo\":{\"@type\":\"ImageObject\",\"inLanguage\":\"fr-FR\",\"@id\":\"https:\\\/\\\/www.forbes.be\\\/fr\\\/#\\\/schema\\\/logo\\\/image\\\/\",\"url\":\"https:\\\/\\\/www.forbes.be\\\/fr\\\/wp-content\\\/uploads\\\/2024\\\/02\\\/forbes.be_.png\",\"contentUrl\":\"https:\\\/\\\/www.forbes.be\\\/fr\\\/wp-content\\\/uploads\\\/2024\\\/02\\\/forbes.be_.png\",\"width\":1200,\"height\":675,\"caption\":\"Forbes Belgique\"},\"image\":{\"@id\":\"https:\\\/\\\/www.forbes.be\\\/fr\\\/#\\\/schema\\\/logo\\\/image\\\/\"},\"sameAs\":[\"https:\\\/\\\/www.facebook.com\\\/forbesbelgique\\\/\",\"https:\\\/\\\/www.instagram.com\\\/Forbes_Belgium\",\"https:\\\/\\\/www.linkedin.com\\\/company\\\/forbes-belgium\\\/\"]},{\"@type\":\"Person\",\"@id\":\"https:\\\/\\\/www.forbes.be\\\/fr\\\/#\\\/schema\\\/person\\\/00027e38f1f4577bab5e6e482c8e3942\",\"name\":\"Sophie De Coninck\",\"image\":{\"@type\":\"ImageObject\",\"inLanguage\":\"fr-FR\",\"@id\":\"https:\\\/\\\/www.forbes.be\\\/fr\\\/wp-content\\\/uploads\\\/2026\\\/05\\\/sophie-de-coninck-plan-taille-assis-100x100.jpg\",\"url\":\"https:\\\/\\\/www.forbes.be\\\/fr\\\/wp-content\\\/uploads\\\/2026\\\/05\\\/sophie-de-coninck-plan-taille-assis-100x100.jpg\",\"contentUrl\":\"https:\\\/\\\/www.forbes.be\\\/fr\\\/wp-content\\\/uploads\\\/2026\\\/05\\\/sophie-de-coninck-plan-taille-assis-100x100.jpg\",\"caption\":\"Sophie De Coninck\"},\"description\":\"Sophie De Coninck est une journaliste sp\u00e9cialis\u00e9e dans les th\u00e9matiques lifestyle et soci\u00e9t\u00e9. Elle collabore r\u00e9guli\u00e8rement avec plusieurs m\u00e9dias du groupe Ventures, auquel appartient notamment Forbes Belgium.\",\"url\":\"https:\\\/\\\/www.forbes.be\\\/fr\\\/author\\\/sophie-de-coninck\\\/\"}]}<\/script>\n<!-- \/ Yoast SEO plugin. -->","yoast_head_json":{"title":"Revente ou succession familiale : les deux visages de l\u2019entrepreneuriat chez la g\u00e9n\u00e9ration Z | Forbes Belgique","description":"La Gen Z pense d\u00e9j\u00e0 \u00e0 la revente, au r\u00e9investissement et \u00e0 la transmission. Une \u00e9tude de Bank Van Breda r\u00e9v\u00e8le son rapport singulier \u00e0 l\u2019entreprise.","robots":{"index":"index","follow":"follow","max-snippet":"max-snippet:-1","max-image-preview":"max-image-preview:large","max-video-preview":"max-video-preview:-1"},"canonical":"https:\/\/www.forbes.be\/fr\/les-deux-visages-de-lentrepreneuriat-chez-la-generation-z\/","og_locale":"fr_FR","og_type":"article","og_title":"Revente ou succession familiale : les deux visages de l\u2019entrepreneuriat chez la g\u00e9n\u00e9ration Z | Forbes Belgique","og_description":"La Gen Z pense d\u00e9j\u00e0 \u00e0 la revente, au r\u00e9investissement et \u00e0 la transmission. Une \u00e9tude de Bank Van Breda r\u00e9v\u00e8le son rapport singulier \u00e0 l\u2019entreprise.","og_url":"https:\/\/www.forbes.be\/fr\/les-deux-visages-de-lentrepreneuriat-chez-la-generation-z\/","og_site_name":"Forbes Belgique","article_publisher":"https:\/\/www.facebook.com\/forbesbelgique\/","article_published_time":"2026-09-01T07:03:09+00:00","article_modified_time":"2026-09-01T07:36:44+00:00","og_image":[{"width":1020,"height":534,"url":"https:\/\/www.forbes.be\/fr\/wp-content\/uploads\/2026\/08\/opposite-cover-unsplash-e1788247839668.png","type":"image\/png"}],"author":"Sophie De Coninck","twitter_card":"summary_large_image","twitter_misc":{"\u00c9crit par":"Sophie De Coninck","Dur\u00e9e de lecture estim\u00e9e":"6 minutes"},"schema":{"@context":"https:\/\/schema.org","@graph":[{"@type":"NewsArticle","@id":"https:\/\/www.forbes.be\/fr\/les-deux-visages-de-lentrepreneuriat-chez-la-generation-z\/#article","isPartOf":{"@id":"https:\/\/www.forbes.be\/fr\/les-deux-visages-de-lentrepreneuriat-chez-la-generation-z\/"},"author":{"name":"Sophie De Coninck","@id":"https:\/\/www.forbes.be\/fr\/#\/schema\/person\/00027e38f1f4577bab5e6e482c8e3942"},"headline":"Revente ou succession familiale : les deux visages de l\u2019entrepreneuriat chez la g\u00e9n\u00e9ration Z","datePublished":"2026-09-01T07:03:09+00:00","dateModified":"2026-09-01T07:36:44+00:00","mainEntityOfPage":{"@id":"https:\/\/www.forbes.be\/fr\/les-deux-visages-de-lentrepreneuriat-chez-la-generation-z\/"},"wordCount":1070,"publisher":{"@id":"https:\/\/www.forbes.be\/fr\/#organization"},"image":{"@id":"https:\/\/www.forbes.be\/fr\/les-deux-visages-de-lentrepreneuriat-chez-la-generation-z\/#primaryimage"},"thumbnailUrl":"https:\/\/www.forbes.be\/fr\/wp-content\/uploads\/2026\/08\/opposite-cover-unsplash-e1788247839668.png","keywords":["EconomieBelge","Entrepreneuriat","EntrepriseFamiliale","ForbesBelgique","GenerationZ","RepriseEntreprise","TransmissionEntreprise"],"articleSection":["Actualit\u00e9s","Entrepreneurs","Soci\u00e9t\u00e9"],"inLanguage":"fr-FR"},{"@type":"WebPage","@id":"https:\/\/www.forbes.be\/fr\/les-deux-visages-de-lentrepreneuriat-chez-la-generation-z\/","url":"https:\/\/www.forbes.be\/fr\/les-deux-visages-de-lentrepreneuriat-chez-la-generation-z\/","name":"Revente ou succession familiale : les deux visages de l\u2019entrepreneuriat chez la g\u00e9n\u00e9ration Z | Forbes Belgique","isPartOf":{"@id":"https:\/\/www.forbes.be\/fr\/#website"},"primaryImageOfPage":{"@id":"https:\/\/www.forbes.be\/fr\/les-deux-visages-de-lentrepreneuriat-chez-la-generation-z\/#primaryimage"},"image":{"@id":"https:\/\/www.forbes.be\/fr\/les-deux-visages-de-lentrepreneuriat-chez-la-generation-z\/#primaryimage"},"thumbnailUrl":"https:\/\/www.forbes.be\/fr\/wp-content\/uploads\/2026\/08\/opposite-cover-unsplash-e1788247839668.png","datePublished":"2026-09-01T07:03:09+00:00","dateModified":"2026-09-01T07:36:44+00:00","description":"La Gen Z pense d\u00e9j\u00e0 \u00e0 la revente, au r\u00e9investissement et \u00e0 la transmission. Une \u00e9tude de Bank Van Breda r\u00e9v\u00e8le son rapport singulier \u00e0 l\u2019entreprise.","breadcrumb":{"@id":"https:\/\/www.forbes.be\/fr\/les-deux-visages-de-lentrepreneuriat-chez-la-generation-z\/#breadcrumb"},"inLanguage":"fr-FR","potentialAction":[{"@type":"ReadAction","target":["https:\/\/www.forbes.be\/fr\/les-deux-visages-de-lentrepreneuriat-chez-la-generation-z\/"]}]},{"@type":"ImageObject","inLanguage":"fr-FR","@id":"https:\/\/www.forbes.be\/fr\/les-deux-visages-de-lentrepreneuriat-chez-la-generation-z\/#primaryimage","url":"https:\/\/www.forbes.be\/fr\/wp-content\/uploads\/2026\/08\/opposite-cover-unsplash-e1788247839668.png","contentUrl":"https:\/\/www.forbes.be\/fr\/wp-content\/uploads\/2026\/08\/opposite-cover-unsplash-e1788247839668.png","width":1020,"height":534,"caption":"\u00a9 DR\/Unsplash"},{"@type":"BreadcrumbList","@id":"https:\/\/www.forbes.be\/fr\/les-deux-visages-de-lentrepreneuriat-chez-la-generation-z\/#breadcrumb","itemListElement":[{"@type":"ListItem","position":1,"name":"Accueil","item":"https:\/\/www.forbes.be\/fr\/"},{"@type":"ListItem","position":2,"name":"Revente ou succession familiale : les deux visages de l\u2019entrepreneuriat chez la g\u00e9n\u00e9ration Z"}]},{"@type":"WebSite","@id":"https:\/\/www.forbes.be\/fr\/#website","url":"https:\/\/www.forbes.be\/fr\/","name":"Forbes Belgique","description":"","publisher":{"@id":"https:\/\/www.forbes.be\/fr\/#organization"},"potentialAction":[{"@type":"SearchAction","target":{"@type":"EntryPoint","urlTemplate":"https:\/\/www.forbes.be\/fr\/?s={search_term_string}"},"query-input":{"@type":"PropertyValueSpecification","valueRequired":true,"valueName":"search_term_string"}}],"inLanguage":"fr-FR"},{"@type":"Organization","@id":"https:\/\/www.forbes.be\/fr\/#organization","name":"Forbes Belgique","url":"https:\/\/www.forbes.be\/fr\/","logo":{"@type":"ImageObject","inLanguage":"fr-FR","@id":"https:\/\/www.forbes.be\/fr\/#\/schema\/logo\/image\/","url":"https:\/\/www.forbes.be\/fr\/wp-content\/uploads\/2024\/02\/forbes.be_.png","contentUrl":"https:\/\/www.forbes.be\/fr\/wp-content\/uploads\/2024\/02\/forbes.be_.png","width":1200,"height":675,"caption":"Forbes Belgique"},"image":{"@id":"https:\/\/www.forbes.be\/fr\/#\/schema\/logo\/image\/"},"sameAs":["https:\/\/www.facebook.com\/forbesbelgique\/","https:\/\/www.instagram.com\/Forbes_Belgium","https:\/\/www.linkedin.com\/company\/forbes-belgium\/"]},{"@type":"Person","@id":"https:\/\/www.forbes.be\/fr\/#\/schema\/person\/00027e38f1f4577bab5e6e482c8e3942","name":"Sophie De Coninck","image":{"@type":"ImageObject","inLanguage":"fr-FR","@id":"https:\/\/www.forbes.be\/fr\/wp-content\/uploads\/2026\/05\/sophie-de-coninck-plan-taille-assis-100x100.jpg","url":"https:\/\/www.forbes.be\/fr\/wp-content\/uploads\/2026\/05\/sophie-de-coninck-plan-taille-assis-100x100.jpg","contentUrl":"https:\/\/www.forbes.be\/fr\/wp-content\/uploads\/2026\/05\/sophie-de-coninck-plan-taille-assis-100x100.jpg","caption":"Sophie De Coninck"},"description":"Sophie De Coninck est une journaliste sp\u00e9cialis\u00e9e dans les th\u00e9matiques lifestyle et soci\u00e9t\u00e9. Elle collabore r\u00e9guli\u00e8rement avec plusieurs m\u00e9dias du groupe Ventures, auquel appartient notamment Forbes Belgium.","url":"https:\/\/www.forbes.be\/fr\/author\/sophie-de-coninck\/"}]}},"_links":{"self":[{"href":"https:\/\/www.forbes.be\/fr\/wp-json\/wp\/v2\/posts\/18808","targetHints":{"allow":["GET"]}}],"collection":[{"href":"https:\/\/www.forbes.be\/fr\/wp-json\/wp\/v2\/posts"}],"about":[{"href":"https:\/\/www.forbes.be\/fr\/wp-json\/wp\/v2\/types\/post"}],"author":[{"embeddable":true,"href":"https:\/\/www.forbes.be\/fr\/wp-json\/wp\/v2\/users\/67"}],"replies":[{"embeddable":true,"href":"https:\/\/www.forbes.be\/fr\/wp-json\/wp\/v2\/comments?post=18808"}],"version-history":[{"count":16,"href":"https:\/\/www.forbes.be\/fr\/wp-json\/wp\/v2\/posts\/18808\/revisions"}],"predecessor-version":[{"id":19085,"href":"https:\/\/www.forbes.be\/fr\/wp-json\/wp\/v2\/posts\/18808\/revisions\/19085"}],"wp:featuredmedia":[{"embeddable":true,"href":"https:\/\/www.forbes.be\/fr\/wp-json\/wp\/v2\/media\/18817"}],"wp:attachment":[{"href":"https:\/\/www.forbes.be\/fr\/wp-json\/wp\/v2\/media?parent=18808"}],"wp:term":[{"taxonomy":"category","embeddable":true,"href":"https:\/\/www.forbes.be\/fr\/wp-json\/wp\/v2\/categories?post=18808"},{"taxonomy":"post_tag","embeddable":true,"href":"https:\/\/www.forbes.be\/fr\/wp-json\/wp\/v2\/tags?post=18808"}],"curies":[{"name":"wp","href":"https:\/\/api.w.org\/{rel}","templated":true}]}}