{"id":18900,"date":"2026-08-31T09:07:20","date_gmt":"2026-08-31T07:07:20","guid":{"rendered":"https:\/\/www.forbes.be\/fr\/?p=18900"},"modified":"2026-08-28T12:17:04","modified_gmt":"2026-08-28T10:17:04","slug":"marc-coucke-et-alychlo-devorent-amadeus-licone-belge-des-ribs","status":"publish","type":"post","link":"https:\/\/www.forbes.be\/fr\/marc-coucke-et-alychlo-devorent-amadeus-licone-belge-des-ribs\/","title":{"rendered":"Marc Coucke et Alychlo d\u00e9vorent Amadeus, l&rsquo;ic\u00f4ne belge des ribs"},"content":{"rendered":"<p><strong>Marc Coucke a faim ! Apr\u00e8s avoir aval\u00e9 la moiti\u00e9 du Glacier de la Poste du Glacier de la Poste \u00e0 Knokke en 2025, il vient en effet, via sa soci\u00e9t\u00e9 d&rsquo;investissement <a href=\"https:\/\/alychlo.com\/alychlo-invests-in-amadeus-the-icon-of-belgian-ribs\/\" target=\"_blank\" rel=\"noopener\">Alychlo<\/a>, de prendre une participation majoritaire dans <a href=\"https:\/\/amadeus-resto.be\/fr\/\" target=\"_blank\" rel=\"noopener\">Amadeus<\/a>, la c\u00e9l\u00e8bre enseigne de restaurants proposant des <em>ribs<\/em> \u00e0 volont\u00e9. La direction actuelle, incarn\u00e9e par les actionnaires Marie Thevelin et son mari Peter Dobbelaere, restera aux commandes. Objectif commun : ouvrir un \u00e9tablissement suppl\u00e9mentaire chaque ann\u00e9e.<\/strong><\/p>\n<p><strong>Amadeus<\/strong> f\u00eatera ses quarante ans en 2027 et la formule n&rsquo;a presque pas chang\u00e9 depuis les d\u00e9buts dans le Patershol, \u00e0 Gand : des <em>ribs<\/em> \u00e0 volont\u00e9, la fameuse pomme de terre au four et sa sauce secr\u00e8te et un <em>Irish coffee<\/em> pour finir, le tout sur des nappes \u00e0 carreaux blancs et rouges et dans un d\u00e9cor th\u00e9\u00e2tral tout droit sorti d\u2019une autre \u00e9poque.<\/p>\n<p>Il existe aujourd&rsquo;hui cinq restaurants, r\u00e9partis entre Bruxelles, Anvers, Gand et Lozer (entre Gand et Courtrai). Selon <a href=\"https:\/\/alychlo.com\/alychlo-invests-in-amadeus-the-icon-of-belgian-ribs\/\" target=\"_blank\" rel=\"noopener\"><strong>Alychlo<\/strong><\/a>, chaque ann\u00e9e, pr\u00e8s de 400 000 clients s\u2019y attablent <em>\u00ab sans chichis \u00bb<\/em>, qu&rsquo;il s&rsquo;agisse de familles, d&rsquo;\u00e9tudiants, de grandes tabl\u00e9es ou de touristes, et ce de g\u00e9n\u00e9ration en g\u00e9n\u00e9ration. Les r\u00e9sultats financiers de 2025 montrent qu&rsquo;on est plut\u00f4t \u00e0 plus de 300 000 visiteurs, pour un chiffre d&rsquo;affaires de 10 millions d&rsquo;euros.<\/p>\n<p><a href=\"https:\/\/be.linkedin.com\/in\/marie-thevelin-37495966\/fr\" target=\"_blank\" rel=\"noopener\"><strong>Marie Thevelin<\/strong><\/a> et son mari <a href=\"https:\/\/be.linkedin.com\/in\/peter-dobbelaere-b048a2193\" target=\"_blank\" rel=\"noopener\"><strong>Peter Dobbelaere<\/strong><\/a> sont arriv\u00e9s \u00e0 la t\u00eate du groupe fin 2023, \u00e0 la faveur d&rsquo;une op\u00e9ration immobili\u00e8re, et n&rsquo;ont pas cherch\u00e9 \u00e0 s&rsquo;\u00e9tendre dans un premier temps. Ils ont d&rsquo;abord r\u00e9nov\u00e9 toutes les cuisines sur un mod\u00e8le identique et un manuel op\u00e9rationnel de plus de cent pages a \u00e9t\u00e9 d\u00e9ploy\u00e9 dans l\u2019ensemble du r\u00e9seau. Des contr\u00f4les de qualit\u00e9 et de s\u00e9curit\u00e9 alimentaire sont d\u00e9sormais suivis chaque jour, par voie num\u00e9rique. Apr\u00e8s avoir \u00e9t\u00e9 confront\u00e9 \u00e0 des probl\u00e8mes d&rsquo;hygi\u00e8ne r\u00e9currents et \u00e0 des fermetures forc\u00e9es d&rsquo;\u00e9tablissements il y a pr\u00e8s de dix ans, Amadeus fait aujourd\u2019hui figure de tr\u00e8s bon \u00e9l\u00e8ve du secteur, pointe d&rsquo;ailleurs Alychlo.<\/p>\n<p>Avec l&rsquo;arriv\u00e9e de <a href=\"https:\/\/www.instagram.com\/p\/DcTwYVgNuha\/\" target=\"_blank\" rel=\"noopener\"><strong>Marc Coucke<\/strong><\/a> comme actionnaire majoritaire, place maintenant \u00e0 l&rsquo;expansion. Une <strong>sixi\u00e8me adresse<\/strong> verra d\u00e9j\u00e0 le jour cet automne, dans le c\u0153ur historique de Bruges. L&rsquo;objectif est ensuite d\u2019en ouvrir une par an en moyenne, partout en Belgique.<\/p>\n<p>Alychlo et la direction actuelle, qui restera en place et assurera la gestion quotidienne, le promettent : <em>\u00ab les ribs, l\u2019ambiance, l\u2019accueil et un rapport qualit\u00e9-prix imbattable font l\u2019ADN d\u2019Amadeus et resteront intacts \u00bb<\/em>. Et chaque nouvelle adresse reprendra la formule telle quelle, avec des \u00e9quipes recrut\u00e9es localement.<\/p>\n<p><em>\u00ab Tout le monde, dans ce pays, est d\u00e9j\u00e0 all\u00e9 chez Amadeus. Une marque pareille, \u00e7a ne se construit pas : \u00e7a se gagne en quarante ans. Marie et Peter ont fait ce que peu de gens r\u00e9ussissent : ils ont tout professionnalis\u00e9 en coulisses sans que la maison y perde son \u00e2me. La qualit\u00e9 et le service n\u2019ont jamais \u00e9t\u00e9 aussi bons, et cela se voit dans l\u2019enthousiasme des clients \u00bb<\/em>, a soulign\u00e9 Marc Coucke. Sans oublier que l&rsquo;entreprise est financi\u00e8rement saine \u00e0 pr\u00e9sent et a d\u00e8s lors les reins assez solides pour grandir seule.<\/p>\n<p><em>\u00ab Avec Marc Coucke, l\u2019un des entrepreneurs les plus performants du pays, et Alychlo \u00e0 nos c\u00f4t\u00e9s, Amadeus aborde ses quarante ans dans les meilleures conditions pour continuer \u00e0 grandir. C\u2019est pour moi tout le sens d\u2019un entrepreneuriat r\u00e9fl\u00e9chi et durable : savoir s\u2019entourer du meilleur partenaire possible \u00bb<\/em>, abonde Marie Thevelin.<\/p>\n","protected":false},"excerpt":{"rendered":"<p>Marc Coucke a faim ! Apr\u00e8s avoir aval\u00e9 la moiti\u00e9 du Glacier de la Poste du Glacier de la Poste \u00e0 Knokke en 2025, il vient en effet, via sa soci\u00e9t\u00e9 d&rsquo;investissement Alychlo, de prendre une participation majoritaire dans Amadeus, la c\u00e9l\u00e8bre enseigne de restaurants proposant des ribs \u00e0 volont\u00e9. La direction actuelle, incarn\u00e9e par [&hellip;]<\/p>\n","protected":false},"author":37,"featured_media":18942,"comment_status":"closed","ping_status":"closed","sticky":false,"template":"","format":"standard","meta":{"_acf_changed":false,"inline_featured_image":false,"footnotes":""},"categories":[1,75],"tags":[],"class_list":["post-18900","post","type-post","status-publish","format-standard","has-post-thumbnail","category-actualite","category-entreprise"],"acf":[],"_yoast_wpseo_title":null,"_yoast_wpseo_metadesc":"Marc Coucke et Alychlo prennent une participation majoritaire dans Amadeus. La cha\u00eene belge de ribs veut d\u00e9sormais ouvrir un restaurant par an.","auteur_traducteur":"","yoast_head":"<!-- This site is optimized with the Yoast SEO plugin v28.3 - https:\/\/yoast.com\/product\/yoast-seo-wordpress\/ -->\n<title>Marc Coucke et Alychlo d\u00e9vorent Amadeus, l&#039;ic\u00f4ne belge des ribs | Forbes Belgique<\/title>\n<meta name=\"description\" content=\"Marc Coucke et Alychlo prennent une participation majoritaire dans Amadeus. La cha\u00eene belge de ribs veut d\u00e9sormais ouvrir un restaurant par an.\" \/>\n<meta name=\"robots\" content=\"index, follow, max-snippet:-1, max-image-preview:large, max-video-preview:-1\" \/>\n<link rel=\"canonical\" href=\"https:\/\/www.forbes.be\/fr\/marc-coucke-et-alychlo-devorent-amadeus-licone-belge-des-ribs\/\" \/>\n<meta property=\"og:locale\" content=\"fr_FR\" \/>\n<meta property=\"og:type\" content=\"article\" \/>\n<meta property=\"og:title\" content=\"Marc Coucke et Alychlo d\u00e9vorent Amadeus, l&#039;ic\u00f4ne belge des ribs | Forbes Belgique\" \/>\n<meta property=\"og:description\" content=\"Marc Coucke et Alychlo prennent une participation majoritaire dans Amadeus. La cha\u00eene belge de ribs veut d\u00e9sormais ouvrir un restaurant par an.\" \/>\n<meta property=\"og:url\" content=\"https:\/\/www.forbes.be\/fr\/marc-coucke-et-alychlo-devorent-amadeus-licone-belge-des-ribs\/\" \/>\n<meta property=\"og:site_name\" content=\"Forbes Belgique\" \/>\n<meta property=\"article:publisher\" content=\"https:\/\/www.facebook.com\/forbesbelgique\/\" \/>\n<meta property=\"article:published_time\" content=\"2026-08-31T07:07:20+00:00\" \/>\n<meta property=\"og:image\" content=\"https:\/\/www.forbes.be\/fr\/wp-content\/uploads\/2026\/08\/shutterstock-1174073812-scaled-e1787666272583.jpg\" \/>\n\t<meta property=\"og:image:width\" content=\"2560\" \/>\n\t<meta property=\"og:image:height\" content=\"1340\" \/>\n\t<meta property=\"og:image:type\" content=\"image\/jpeg\" \/>\n<meta name=\"author\" content=\"Juan Godbille\" \/>\n<meta name=\"twitter:card\" content=\"summary_large_image\" \/>\n<meta name=\"twitter:label1\" content=\"\u00c9crit par\" \/>\n\t<meta name=\"twitter:data1\" content=\"Juan Godbille\" \/>\n\t<meta name=\"twitter:label2\" content=\"Dur\u00e9e de lecture estim\u00e9e\" \/>\n\t<meta name=\"twitter:data2\" content=\"3 minutes\" \/>\n<script type=\"application\/ld+json\" class=\"yoast-schema-graph\">{\"@context\":\"https:\\\/\\\/schema.org\",\"@graph\":[{\"@type\":\"NewsArticle\",\"@id\":\"https:\\\/\\\/www.forbes.be\\\/fr\\\/marc-coucke-et-alychlo-devorent-amadeus-licone-belge-des-ribs\\\/#article\",\"isPartOf\":{\"@id\":\"https:\\\/\\\/www.forbes.be\\\/fr\\\/marc-coucke-et-alychlo-devorent-amadeus-licone-belge-des-ribs\\\/\"},\"author\":{\"name\":\"Juan Godbille\",\"@id\":\"https:\\\/\\\/www.forbes.be\\\/fr\\\/#\\\/schema\\\/person\\\/0d449791ef6199da3d469eca714eb773\"},\"headline\":\"Marc Coucke et Alychlo d\u00e9vorent Amadeus, l&rsquo;ic\u00f4ne belge des ribs\",\"datePublished\":\"2026-08-31T07:07:20+00:00\",\"mainEntityOfPage\":{\"@id\":\"https:\\\/\\\/www.forbes.be\\\/fr\\\/marc-coucke-et-alychlo-devorent-amadeus-licone-belge-des-ribs\\\/\"},\"wordCount\":607,\"publisher\":{\"@id\":\"https:\\\/\\\/www.forbes.be\\\/fr\\\/#organization\"},\"image\":{\"@id\":\"https:\\\/\\\/www.forbes.be\\\/fr\\\/marc-coucke-et-alychlo-devorent-amadeus-licone-belge-des-ribs\\\/#primaryimage\"},\"thumbnailUrl\":\"https:\\\/\\\/www.forbes.be\\\/fr\\\/wp-content\\\/uploads\\\/2026\\\/08\\\/shutterstock-1174073812-scaled-e1787666272583.jpg\",\"articleSection\":[\"Actualit\u00e9s\",\"Entreprise\"],\"inLanguage\":\"fr-FR\"},{\"@type\":\"WebPage\",\"@id\":\"https:\\\/\\\/www.forbes.be\\\/fr\\\/marc-coucke-et-alychlo-devorent-amadeus-licone-belge-des-ribs\\\/\",\"url\":\"https:\\\/\\\/www.forbes.be\\\/fr\\\/marc-coucke-et-alychlo-devorent-amadeus-licone-belge-des-ribs\\\/\",\"name\":\"Marc Coucke et Alychlo d\u00e9vorent Amadeus, l'ic\u00f4ne belge des ribs | Forbes Belgique\",\"isPartOf\":{\"@id\":\"https:\\\/\\\/www.forbes.be\\\/fr\\\/#website\"},\"primaryImageOfPage\":{\"@id\":\"https:\\\/\\\/www.forbes.be\\\/fr\\\/marc-coucke-et-alychlo-devorent-amadeus-licone-belge-des-ribs\\\/#primaryimage\"},\"image\":{\"@id\":\"https:\\\/\\\/www.forbes.be\\\/fr\\\/marc-coucke-et-alychlo-devorent-amadeus-licone-belge-des-ribs\\\/#primaryimage\"},\"thumbnailUrl\":\"https:\\\/\\\/www.forbes.be\\\/fr\\\/wp-content\\\/uploads\\\/2026\\\/08\\\/shutterstock-1174073812-scaled-e1787666272583.jpg\",\"datePublished\":\"2026-08-31T07:07:20+00:00\",\"description\":\"Marc Coucke et Alychlo prennent une participation majoritaire dans Amadeus. La cha\u00eene belge de ribs veut d\u00e9sormais ouvrir un restaurant par an.\",\"breadcrumb\":{\"@id\":\"https:\\\/\\\/www.forbes.be\\\/fr\\\/marc-coucke-et-alychlo-devorent-amadeus-licone-belge-des-ribs\\\/#breadcrumb\"},\"inLanguage\":\"fr-FR\",\"potentialAction\":[{\"@type\":\"ReadAction\",\"target\":[\"https:\\\/\\\/www.forbes.be\\\/fr\\\/marc-coucke-et-alychlo-devorent-amadeus-licone-belge-des-ribs\\\/\"]}]},{\"@type\":\"ImageObject\",\"inLanguage\":\"fr-FR\",\"@id\":\"https:\\\/\\\/www.forbes.be\\\/fr\\\/marc-coucke-et-alychlo-devorent-amadeus-licone-belge-des-ribs\\\/#primaryimage\",\"url\":\"https:\\\/\\\/www.forbes.be\\\/fr\\\/wp-content\\\/uploads\\\/2026\\\/08\\\/shutterstock-1174073812-scaled-e1787666272583.jpg\",\"contentUrl\":\"https:\\\/\\\/www.forbes.be\\\/fr\\\/wp-content\\\/uploads\\\/2026\\\/08\\\/shutterstock-1174073812-scaled-e1787666272583.jpg\",\"width\":2560,\"height\":1340,\"caption\":\"\u00a9 DR\\\/Shutterstock.com\"},{\"@type\":\"BreadcrumbList\",\"@id\":\"https:\\\/\\\/www.forbes.be\\\/fr\\\/marc-coucke-et-alychlo-devorent-amadeus-licone-belge-des-ribs\\\/#breadcrumb\",\"itemListElement\":[{\"@type\":\"ListItem\",\"position\":1,\"name\":\"Accueil\",\"item\":\"https:\\\/\\\/www.forbes.be\\\/fr\\\/\"},{\"@type\":\"ListItem\",\"position\":2,\"name\":\"Marc Coucke et Alychlo d\u00e9vorent Amadeus, l&rsquo;ic\u00f4ne belge des ribs\"}]},{\"@type\":\"WebSite\",\"@id\":\"https:\\\/\\\/www.forbes.be\\\/fr\\\/#website\",\"url\":\"https:\\\/\\\/www.forbes.be\\\/fr\\\/\",\"name\":\"Forbes Belgique\",\"description\":\"\",\"publisher\":{\"@id\":\"https:\\\/\\\/www.forbes.be\\\/fr\\\/#organization\"},\"potentialAction\":[{\"@type\":\"SearchAction\",\"target\":{\"@type\":\"EntryPoint\",\"urlTemplate\":\"https:\\\/\\\/www.forbes.be\\\/fr\\\/?s={search_term_string}\"},\"query-input\":{\"@type\":\"PropertyValueSpecification\",\"valueRequired\":true,\"valueName\":\"search_term_string\"}}],\"inLanguage\":\"fr-FR\"},{\"@type\":\"Organization\",\"@id\":\"https:\\\/\\\/www.forbes.be\\\/fr\\\/#organization\",\"name\":\"Forbes Belgique\",\"url\":\"https:\\\/\\\/www.forbes.be\\\/fr\\\/\",\"logo\":{\"@type\":\"ImageObject\",\"inLanguage\":\"fr-FR\",\"@id\":\"https:\\\/\\\/www.forbes.be\\\/fr\\\/#\\\/schema\\\/logo\\\/image\\\/\",\"url\":\"https:\\\/\\\/www.forbes.be\\\/fr\\\/wp-content\\\/uploads\\\/2024\\\/02\\\/forbes.be_.png\",\"contentUrl\":\"https:\\\/\\\/www.forbes.be\\\/fr\\\/wp-content\\\/uploads\\\/2024\\\/02\\\/forbes.be_.png\",\"width\":1200,\"height\":675,\"caption\":\"Forbes Belgique\"},\"image\":{\"@id\":\"https:\\\/\\\/www.forbes.be\\\/fr\\\/#\\\/schema\\\/logo\\\/image\\\/\"},\"sameAs\":[\"https:\\\/\\\/www.facebook.com\\\/forbesbelgique\\\/\",\"https:\\\/\\\/www.instagram.com\\\/Forbes_Belgium\",\"https:\\\/\\\/www.linkedin.com\\\/company\\\/forbes-belgium\\\/\"]},{\"@type\":\"Person\",\"@id\":\"https:\\\/\\\/www.forbes.be\\\/fr\\\/#\\\/schema\\\/person\\\/0d449791ef6199da3d469eca714eb773\",\"name\":\"Juan Godbille\",\"image\":{\"@type\":\"ImageObject\",\"inLanguage\":\"fr-FR\",\"@id\":\"https:\\\/\\\/secure.gravatar.com\\\/avatar\\\/de6d740453251c69ae34e42cfef9688bc2a5c942d7cab09074e7064fbac13ac9?s=96&d=mm&r=g\",\"url\":\"https:\\\/\\\/secure.gravatar.com\\\/avatar\\\/de6d740453251c69ae34e42cfef9688bc2a5c942d7cab09074e7064fbac13ac9?s=96&d=mm&r=g\",\"contentUrl\":\"https:\\\/\\\/secure.gravatar.com\\\/avatar\\\/de6d740453251c69ae34e42cfef9688bc2a5c942d7cab09074e7064fbac13ac9?s=96&d=mm&r=g\",\"caption\":\"Juan Godbille\"},\"url\":\"https:\\\/\\\/www.forbes.be\\\/fr\\\/author\\\/juan-godbille\\\/\"}]}<\/script>\n<!-- \/ Yoast SEO plugin. -->","yoast_head_json":{"title":"Marc Coucke et Alychlo d\u00e9vorent Amadeus, l'ic\u00f4ne belge des ribs | Forbes Belgique","description":"Marc Coucke et Alychlo prennent une participation majoritaire dans Amadeus. La cha\u00eene belge de ribs veut d\u00e9sormais ouvrir un restaurant par an.","robots":{"index":"index","follow":"follow","max-snippet":"max-snippet:-1","max-image-preview":"max-image-preview:large","max-video-preview":"max-video-preview:-1"},"canonical":"https:\/\/www.forbes.be\/fr\/marc-coucke-et-alychlo-devorent-amadeus-licone-belge-des-ribs\/","og_locale":"fr_FR","og_type":"article","og_title":"Marc Coucke et Alychlo d\u00e9vorent Amadeus, l'ic\u00f4ne belge des ribs | Forbes Belgique","og_description":"Marc Coucke et Alychlo prennent une participation majoritaire dans Amadeus. La cha\u00eene belge de ribs veut d\u00e9sormais ouvrir un restaurant par an.","og_url":"https:\/\/www.forbes.be\/fr\/marc-coucke-et-alychlo-devorent-amadeus-licone-belge-des-ribs\/","og_site_name":"Forbes Belgique","article_publisher":"https:\/\/www.facebook.com\/forbesbelgique\/","article_published_time":"2026-08-31T07:07:20+00:00","og_image":[{"width":2560,"height":1340,"url":"https:\/\/www.forbes.be\/fr\/wp-content\/uploads\/2026\/08\/shutterstock-1174073812-scaled-e1787666272583.jpg","type":"image\/jpeg"}],"author":"Juan Godbille","twitter_card":"summary_large_image","twitter_misc":{"\u00c9crit par":"Juan Godbille","Dur\u00e9e de lecture estim\u00e9e":"3 minutes"},"schema":{"@context":"https:\/\/schema.org","@graph":[{"@type":"NewsArticle","@id":"https:\/\/www.forbes.be\/fr\/marc-coucke-et-alychlo-devorent-amadeus-licone-belge-des-ribs\/#article","isPartOf":{"@id":"https:\/\/www.forbes.be\/fr\/marc-coucke-et-alychlo-devorent-amadeus-licone-belge-des-ribs\/"},"author":{"name":"Juan Godbille","@id":"https:\/\/www.forbes.be\/fr\/#\/schema\/person\/0d449791ef6199da3d469eca714eb773"},"headline":"Marc Coucke et Alychlo d\u00e9vorent Amadeus, l&rsquo;ic\u00f4ne belge des ribs","datePublished":"2026-08-31T07:07:20+00:00","mainEntityOfPage":{"@id":"https:\/\/www.forbes.be\/fr\/marc-coucke-et-alychlo-devorent-amadeus-licone-belge-des-ribs\/"},"wordCount":607,"publisher":{"@id":"https:\/\/www.forbes.be\/fr\/#organization"},"image":{"@id":"https:\/\/www.forbes.be\/fr\/marc-coucke-et-alychlo-devorent-amadeus-licone-belge-des-ribs\/#primaryimage"},"thumbnailUrl":"https:\/\/www.forbes.be\/fr\/wp-content\/uploads\/2026\/08\/shutterstock-1174073812-scaled-e1787666272583.jpg","articleSection":["Actualit\u00e9s","Entreprise"],"inLanguage":"fr-FR"},{"@type":"WebPage","@id":"https:\/\/www.forbes.be\/fr\/marc-coucke-et-alychlo-devorent-amadeus-licone-belge-des-ribs\/","url":"https:\/\/www.forbes.be\/fr\/marc-coucke-et-alychlo-devorent-amadeus-licone-belge-des-ribs\/","name":"Marc Coucke et Alychlo d\u00e9vorent Amadeus, l'ic\u00f4ne belge des ribs | Forbes Belgique","isPartOf":{"@id":"https:\/\/www.forbes.be\/fr\/#website"},"primaryImageOfPage":{"@id":"https:\/\/www.forbes.be\/fr\/marc-coucke-et-alychlo-devorent-amadeus-licone-belge-des-ribs\/#primaryimage"},"image":{"@id":"https:\/\/www.forbes.be\/fr\/marc-coucke-et-alychlo-devorent-amadeus-licone-belge-des-ribs\/#primaryimage"},"thumbnailUrl":"https:\/\/www.forbes.be\/fr\/wp-content\/uploads\/2026\/08\/shutterstock-1174073812-scaled-e1787666272583.jpg","datePublished":"2026-08-31T07:07:20+00:00","description":"Marc Coucke et Alychlo prennent une participation majoritaire dans Amadeus. La cha\u00eene belge de ribs veut d\u00e9sormais ouvrir un restaurant par an.","breadcrumb":{"@id":"https:\/\/www.forbes.be\/fr\/marc-coucke-et-alychlo-devorent-amadeus-licone-belge-des-ribs\/#breadcrumb"},"inLanguage":"fr-FR","potentialAction":[{"@type":"ReadAction","target":["https:\/\/www.forbes.be\/fr\/marc-coucke-et-alychlo-devorent-amadeus-licone-belge-des-ribs\/"]}]},{"@type":"ImageObject","inLanguage":"fr-FR","@id":"https:\/\/www.forbes.be\/fr\/marc-coucke-et-alychlo-devorent-amadeus-licone-belge-des-ribs\/#primaryimage","url":"https:\/\/www.forbes.be\/fr\/wp-content\/uploads\/2026\/08\/shutterstock-1174073812-scaled-e1787666272583.jpg","contentUrl":"https:\/\/www.forbes.be\/fr\/wp-content\/uploads\/2026\/08\/shutterstock-1174073812-scaled-e1787666272583.jpg","width":2560,"height":1340,"caption":"\u00a9 DR\/Shutterstock.com"},{"@type":"BreadcrumbList","@id":"https:\/\/www.forbes.be\/fr\/marc-coucke-et-alychlo-devorent-amadeus-licone-belge-des-ribs\/#breadcrumb","itemListElement":[{"@type":"ListItem","position":1,"name":"Accueil","item":"https:\/\/www.forbes.be\/fr\/"},{"@type":"ListItem","position":2,"name":"Marc Coucke et Alychlo d\u00e9vorent Amadeus, l&rsquo;ic\u00f4ne belge des ribs"}]},{"@type":"WebSite","@id":"https:\/\/www.forbes.be\/fr\/#website","url":"https:\/\/www.forbes.be\/fr\/","name":"Forbes Belgique","description":"","publisher":{"@id":"https:\/\/www.forbes.be\/fr\/#organization"},"potentialAction":[{"@type":"SearchAction","target":{"@type":"EntryPoint","urlTemplate":"https:\/\/www.forbes.be\/fr\/?s={search_term_string}"},"query-input":{"@type":"PropertyValueSpecification","valueRequired":true,"valueName":"search_term_string"}}],"inLanguage":"fr-FR"},{"@type":"Organization","@id":"https:\/\/www.forbes.be\/fr\/#organization","name":"Forbes Belgique","url":"https:\/\/www.forbes.be\/fr\/","logo":{"@type":"ImageObject","inLanguage":"fr-FR","@id":"https:\/\/www.forbes.be\/fr\/#\/schema\/logo\/image\/","url":"https:\/\/www.forbes.be\/fr\/wp-content\/uploads\/2024\/02\/forbes.be_.png","contentUrl":"https:\/\/www.forbes.be\/fr\/wp-content\/uploads\/2024\/02\/forbes.be_.png","width":1200,"height":675,"caption":"Forbes Belgique"},"image":{"@id":"https:\/\/www.forbes.be\/fr\/#\/schema\/logo\/image\/"},"sameAs":["https:\/\/www.facebook.com\/forbesbelgique\/","https:\/\/www.instagram.com\/Forbes_Belgium","https:\/\/www.linkedin.com\/company\/forbes-belgium\/"]},{"@type":"Person","@id":"https:\/\/www.forbes.be\/fr\/#\/schema\/person\/0d449791ef6199da3d469eca714eb773","name":"Juan Godbille","image":{"@type":"ImageObject","inLanguage":"fr-FR","@id":"https:\/\/secure.gravatar.com\/avatar\/de6d740453251c69ae34e42cfef9688bc2a5c942d7cab09074e7064fbac13ac9?s=96&d=mm&r=g","url":"https:\/\/secure.gravatar.com\/avatar\/de6d740453251c69ae34e42cfef9688bc2a5c942d7cab09074e7064fbac13ac9?s=96&d=mm&r=g","contentUrl":"https:\/\/secure.gravatar.com\/avatar\/de6d740453251c69ae34e42cfef9688bc2a5c942d7cab09074e7064fbac13ac9?s=96&d=mm&r=g","caption":"Juan Godbille"},"url":"https:\/\/www.forbes.be\/fr\/author\/juan-godbille\/"}]}},"_links":{"self":[{"href":"https:\/\/www.forbes.be\/fr\/wp-json\/wp\/v2\/posts\/18900","targetHints":{"allow":["GET"]}}],"collection":[{"href":"https:\/\/www.forbes.be\/fr\/wp-json\/wp\/v2\/posts"}],"about":[{"href":"https:\/\/www.forbes.be\/fr\/wp-json\/wp\/v2\/types\/post"}],"author":[{"embeddable":true,"href":"https:\/\/www.forbes.be\/fr\/wp-json\/wp\/v2\/users\/37"}],"replies":[{"embeddable":true,"href":"https:\/\/www.forbes.be\/fr\/wp-json\/wp\/v2\/comments?post=18900"}],"version-history":[{"count":4,"href":"https:\/\/www.forbes.be\/fr\/wp-json\/wp\/v2\/posts\/18900\/revisions"}],"predecessor-version":[{"id":18982,"href":"https:\/\/www.forbes.be\/fr\/wp-json\/wp\/v2\/posts\/18900\/revisions\/18982"}],"wp:featuredmedia":[{"embeddable":true,"href":"https:\/\/www.forbes.be\/fr\/wp-json\/wp\/v2\/media\/18942"}],"wp:attachment":[{"href":"https:\/\/www.forbes.be\/fr\/wp-json\/wp\/v2\/media?parent=18900"}],"wp:term":[{"taxonomy":"category","embeddable":true,"href":"https:\/\/www.forbes.be\/fr\/wp-json\/wp\/v2\/categories?post=18900"},{"taxonomy":"post_tag","embeddable":true,"href":"https:\/\/www.forbes.be\/fr\/wp-json\/wp\/v2\/tags?post=18900"}],"curies":[{"name":"wp","href":"https:\/\/api.w.org\/{rel}","templated":true}]}}