{"id":19058,"date":"2026-08-31T17:45:54","date_gmt":"2026-08-31T15:45:54","guid":{"rendered":"https:\/\/www.forbes.be\/fr\/?p=19058"},"modified":"2026-08-31T17:56:09","modified_gmt":"2026-08-31T15:56:09","slug":"lordre-des-architectes-dans-loeil-du-cyclone","status":"publish","type":"post","link":"https:\/\/www.forbes.be\/fr\/lordre-des-architectes-dans-loeil-du-cyclone\/","title":{"rendered":"L\u2019Ordre des Architectes dans l\u2019oeil du cyclone"},"content":{"rendered":"<p><span style=\"font-family: Calibri, sans-serif;\"><b>Depuis plus d\u2019un an d\u00e9j\u00e0, les m\u00e9dias ciblent les d\u00e9rives de la branche flamande de l\u2019Ordre des Architectes. Mais c\u2019est l\u2019ensemble de la profession &#8211; soit pr\u00e8s de 16.000 architectes belges &#8211; qui remet globalement en cause le fonctionnement de cet organe charg\u00e9 de les superviser.<\/b><\/span><\/p>\n<p><span style=\"font-family: Calibri, sans-serif;\">Voici plus d\u2019un an d\u00e9j\u00e0 que la crise qui couvait depuis des ann\u00e9es a \u00e9clat\u00e9 au grand jour par le biais d\u2019un audit cinglant du service de pr\u00e9vention <a href=\"https:\/\/www.architectura.be\/fr\/actualite\/la-chute-de-l-ordre-des-architectes-un-puits-sans-fond-dans-lequel-on-jette-495-euros\/\">Mensura<\/a>. Celui-ci, cit\u00e9 notamment par le quotidien flamand <a href=\"https:\/\/www.demorgen.be\/nieuws\/conflict-bij-orde-van-architecten-ontploft-samen-in-de-afgrond~bc40639e\/?referrer=https%3A%2F%2Fwww.google.com%2F\">De Morgen du 28 f\u00e9vrier 2025<\/a>, \u00e9voquait en vrac des \u00abdysfonctionnements structurels, un chaos organisationnel et un leadership toxique d\u00e9faillant\u00bb. Ce rapport d\u00e9crivait \u00e9galement un Ordre pris en otage par un \u00abhyperconflit\u00bb paralysant toutes ses composantes. En bref, des administrateurs s\u2019\u00e9changeaient des courriels remplis d\u2019accusations, souvent en copie \u00e0 l\u2019ensemble du personnel. Au terme de son audit, Mensura n\u2019h\u00e9sitait pas \u00e0 attribuer \u00e0 la situation la note maximale de 9 sur 9 sur <a href=\"https:\/\/www.fb-mediation.com\/lescalade-du-conflit-ou-lechelle-de-glasl\/\">l\u2019\u00e9chelle de Glasl<\/a> \u00e9valuant l&rsquo;escalade du conflit et \u00e0 \u00e9voquer un \u00abensemble dans le pr\u00e9cipice\u00bb.<\/span><\/p>\n<p><span style=\"font-family: Calibri, sans-serif;\">Dans la foul\u00e9e de cet audit, la jeune organisation professionnelle <a href=\"https:\/\/www.linkedin.com\/company\/bau-belgian-architects-united\/?originalSubdomain=be\">Belgian Architectural workers United (BAU)<\/a> n\u2019avait pas h\u00e9sit\u00e9 \u00e0 proposer une lettre type accusant l\u2019Ordre de faillite organisationnelle, de culture de travail toxique et d\u2019ignorer structurellement les probl\u00e8mes du secteur. \u00abQu\u2019une organisation professionnelle s\u2019effondre au point que des centaines de membres suspendent publiquement leurs paiements est in\u00e9dit. Le chaos et la contestation sont deux faces d\u2019une m\u00eame m\u00e9daille: un Ordre qui a perdu toute l\u00e9gitimit\u00e9 et n\u2019est plus en phase avec sa base\u00bb, motivait BAU.<\/span><\/p>\n<p><span style=\"font-family: Calibri, sans-serif;\">Selon cette derni\u00e8re, l\u2019ancien pr\u00e9sident de l\u2019Ordre, <strong>Jos Leyssens<\/strong> &#8211;<a href=\"https:\/\/ordredesarchitectes.be\/files\/documents\/CP_Destitition_Jos_Leyssens_090425_OK.pdf\">\u00e9vinc\u00e9 depuis sur base de constats de dysfonctionnements graves<\/a>-, s\u2019\u00e9tait octroy\u00e9 le monopole de la gestion de l\u2019organisation, allant jusqu\u2019\u00e0 g\u00e9rer lui-m\u00eame la comptabilit\u00e9. \u00abPour sa d\u00e9fense, il \u00e9voquait un manque de personnel, affirmant qu\u2019il devait retrousser ses manches. Il a \u00e9galement d\u00e9clar\u00e9 qu\u2019un r\u00e9viseur avait valid\u00e9 le remboursement de certaines d\u00e9penses &#8211; y compris un repas dans un restaurant deux \u00e9toiles. Malgr\u00e9 cela, le commissaire du gouvernement a d\u00e9pos\u00e9 plainte aupr\u00e8s du parquet pour suspicion de fraude fiscale\u00bb, pr\u00e9cise BAU, qui appelle depuis un an ses confr\u00e8res \u00e0 refuser de payer la cotisation annuelle de 495 euros ou \u00e0 en contester formellement le principe. \u00abNous avons l\u2019impression de jeter cet argent dans un puits sans fond depuis des ann\u00e9es\u00bb, expliquait alors l\u2019initiatrice, <a href=\"https:\/\/arch.kuleuven.be\/over-de-faculteit\/team\/members\/gekiere-paulien\"><strong>Paulien Gekiere<\/strong><\/a>, sur Radio1 (VRT).<\/span><\/p>\n<figure id=\"attachment_19077\" aria-describedby=\"caption-attachment-19077\" style=\"width: 601px\" class=\"wp-caption alignnone\"><img loading=\"lazy\" decoding=\"async\" class=\"size-full wp-image-19077\" src=\"https:\/\/www.forbes.be\/fr\/wp-content\/uploads\/2026\/08\/paulien-gekiere-bau.jpeg\" alt=\"\" width=\"601\" height=\"601\" srcset=\"https:\/\/www.forbes.be\/fr\/wp-content\/uploads\/2026\/08\/paulien-gekiere-bau.jpeg 601w, https:\/\/www.forbes.be\/fr\/wp-content\/uploads\/2026\/08\/paulien-gekiere-bau-300x300.jpeg 300w, https:\/\/www.forbes.be\/fr\/wp-content\/uploads\/2026\/08\/paulien-gekiere-bau-150x150.jpeg 150w, https:\/\/www.forbes.be\/fr\/wp-content\/uploads\/2026\/08\/paulien-gekiere-bau-100x100.jpeg 100w\" sizes=\"auto, (max-width: 601px) 100vw, 601px\" \/><figcaption id=\"caption-attachment-19077\" class=\"wp-caption-text\">Paulien Gekiere<\/figcaption><\/figure>\n<p><span style=\"font-family: Calibri, sans-serif;\">Refuser de payer cette cotisation pourrait pourtant se r\u00e9v\u00e9ler une arme \u00e0 double tranchant: statutairement, elle expose \u00e0 des sanctions disciplinaires, des int\u00e9r\u00eats de retard, voire, dans le pire des cas, \u00e0 la radiation de la liste des architectes agr\u00e9\u00e9s, m\u00eame si le flou perdure sur la fermet\u00e9 avec laquelle l\u2019Ordre appliquera d\u2019\u00e9ventuelles sanctions.<\/span><\/p>\n<h3><span style=\"font-family: Calibri, sans-serif;\"><b>Enqu\u00eate r\u00e9cente et mal structurel profond<\/b><\/span><\/h3>\n<p><span style=\"font-family: Calibri, sans-serif;\">Ces derniers mois, une enqu\u00eate plus approfondie, notamment <a href=\"https:\/\/apache.be\/2026\/08\/05\/gebrek-aan-transparantie-structuur-en-expertise-wat-loopt-er-mis-bij-orde-van?check_logged_in=1\">men\u00e9e par le magazine <em>online<\/em> flamand apache<\/a>, en remettait une couche et mettait en lumi\u00e8re les dysfonctionnements profonds et r\u00e9currents du Conseil flamand de l\u2019Ordre des Architectes -plus pr\u00e9cis\u00e9ment le traitement des plaintes et le d\u00e9roulement des proc\u00e9dures disciplinaires-, l\u2019accusant au passage de couvrir de mani\u00e8re r\u00e9currente les d\u00e9rives de certains professionnels.<\/span><\/p>\n<p><span style=\"font-family: Calibri, sans-serif;\">Ces critiques profondes n\u2019\u00e9pargnent pas non plus l\u2019aile francophone de l\u2019Ordre. L\u2019an dernier, cette branche avait d\u2019ailleurs envoy\u00e9 une lettre retirant sa confiance \u00e0 Leyssens, accompagn\u00e9e d\u2019un communiqu\u00e9 de presse. Mais selon BAU, les architectes flamands n\u2019ont jamais \u00e9t\u00e9 officiellement inform\u00e9s de cette d\u00e9marche. <\/span><\/p>\n<p><span style=\"font-family: Calibri, sans-serif;\">Pour la plupart des professionnels concern\u00e9s, l\u2019Ordre, qui dispose pourtant d\u2019un budget de fonctionnement de quelque 9 millions d\u2019euros et emploie une cinquantaine de personnes, agit aujourd\u2019hui comme un groupe de pression alors que sa mission l\u00e9gale est d\u2019abord de les repr\u00e9senter, superviser les stages, l\u2019acc\u00e8s \u00e0 la profession et la d\u00e9ontologie. Les cons\u00e9quences concr\u00e8tes sont l\u00e9gion, notamment une \u00e9tude sur le statut des faux ind\u00e9pendant au sein de la profession promise de longue date et bloqu\u00e9e depuis pr\u00e8s de deux ans. Mais selon BAU, le probl\u00e8me d\u00e9passe largement le dysfonctionnement administratif et touche au c\u0153ur du mode d\u2019organisation de la profession m\u00eame: les jeunes architectes doivent effectuer leur stage comme ind\u00e9pendants, mais il s\u2019agit en r\u00e9alit\u00e9 de faux ind\u00e9pendants. Les ma\u00eetres de stage ayant pignon sur rue ont beaucoup trop de pouvoir et la r\u00e9mun\u00e9ration des stagiaires est tr\u00e8s souvent sous le salaire minimum voire inexistante.<\/span><\/p>\n<p><span style=\"font-family: Calibri, sans-serif;\">Ce type de probl\u00e8mes structurels et ce manque de transparence ne sont d\u2019ailleurs pas sans rappeler ceux d\u2019un voisin professionnel proche \u00e0 bien des \u00e9gards: l\u2019Institut qui chapeaute la profession d\u2019agent immobilier, l\u2019IPI, lui aussi victime du <a href=\"https:\/\/www.vrt.be\/vrtnws\/nl\/2015\/02\/19\/onderzoek_naar_federatievastgoedmakelaars-1-2244353\/\">m\u00eame genre de dysfonctionnements durant des d\u00e9cennies<\/a>.<\/span><\/p>\n<p><span style=\"font-family: Calibri, sans-serif;\">Ces derniers mois, les architectes consult\u00e9s, jeunes comme plus anciens, osaient affirmer ouvertement que l\u2019Ordre, d\u00e9pourvu de r\u00e9elle t\u00eate flamande depuis des mois, est incapable de se r\u00e9former lui-m\u00eame et qu\u2019une refonte en profondeur de sa mission et de sa structure est in\u00e9vitable. Ils en appellaient d&rsquo;ailleurs \u00e0 une modification l\u00e9gislative rapide sous l\u2019\u00e9gide de la nouvelle ministre de tutelle, <\/span><strong style=\"font-family: Calibri, sans-serif;\"><a href=\"https:\/\/fr.wikipedia.org\/wiki\/\u00c9l\u00e9onore_Simonet\">El\u00e9onore Simonet (MR)<\/a><\/strong><span style=\"font-family: Calibri, sans-serif;\">. <\/span><\/p>\n<figure id=\"attachment_19074\" aria-describedby=\"caption-attachment-19074\" style=\"width: 479px\" class=\"wp-caption alignnone\"><img loading=\"lazy\" decoding=\"async\" class=\"size-full wp-image-19074\" src=\"https:\/\/www.forbes.be\/fr\/wp-content\/uploads\/2026\/08\/images.jpeg\" alt=\"\" width=\"479\" height=\"640\" srcset=\"https:\/\/www.forbes.be\/fr\/wp-content\/uploads\/2026\/08\/images.jpeg 479w, https:\/\/www.forbes.be\/fr\/wp-content\/uploads\/2026\/08\/images-225x300.jpeg 225w\" sizes=\"auto, (max-width: 479px) 100vw, 479px\" \/><figcaption id=\"caption-attachment-19074\" class=\"wp-caption-text\">El\u00e9onore Simonet (MR), Ministre f\u00e9d\u00e9rale des Classes Moyennes, en charge de l&rsquo;Ordre des Architectes.<\/figcaption><\/figure>\n<p><span style=\"font-family: Calibri, sans-serif;\"><span style=\"font-family: Calibri, sans-serif;\">En f\u00e9vrier 2025, celle-ci a rapidement indiqu\u00e9 qu\u2019elle n\u2019h\u00e9siterait pas \u00e0 prendre des mesures suppl\u00e9mentaires si l\u2019Ordre ne r\u00e9tablissait pas la situation de lui-m\u00eame. L<\/span>e 10 mars dernier, le Conseil des ministres <\/span><a style=\"font-family: Calibri, sans-serif;\" href=\"https:\/\/ordredesarchitectes.be\/actualites\/modernisation-de-lordre-des-architectes\">approuvait enfin un avant-projet de loi<\/a><span style=\"font-family: Calibri, sans-serif;\"> \u00abvisant une plus grande d\u00e9mocratisation des structures de l\u2019Ordre et l\u2019optimalisation de son fonctionnement\u00bb. Quatre priorit\u00e9s y sont d\u00e9j\u00e0 explicit\u00e9es: renforcer la voix des stagiaires et des jeunes architectes au sein de l\u2019Ordre; y accro\u00eetre la transparence, notamment financi\u00e8re et d\u00e9cisionnelle; optimiser son fonctionnement et l\u2019utilisation des moyens. \u00abPour l\u2019anecdote, j\u2019avais la tutelle sur un Ordre dans lequel je n\u2019aurais moi-m\u00eame pas pu si\u00e9ger en tant que mandataire vu mon \u00e2ge\u2026 \u00bb, commentait la ministre de tutelle \u00e0 l\u2019issue du Conseil. La loi <span data-subtree=\"aimfl,mfl\" data-copy-service-computed-style=\"font-family: &quot;Google Sans&quot;, &quot;Helvetica Neue&quot;, sans-serif; font-size: 16px; font-weight: 400; margin: 0px; text-decoration: none; border-bottom: 0px rgb(10, 10, 10);\">modifiant celle du 26 juin 1963 cr\u00e9ant l&rsquo;<\/span><span class=\"\" data-sfc-cp=\"\" data-sfc-root=\"ep\" data-complete=\"true\" data-sfc-inited=\"2\" data-copy-service-computed-style=\"font-family: &quot;Google Sans&quot;, &quot;Helvetica Neue&quot;, sans-serif; font-size: 16px; font-weight: 400; margin: 0px; text-decoration: none; border-bottom: 0px rgb(10, 10, 10);\">Ordre des architectes<\/span> a \u00e9t\u00e9 adopt\u00e9e le 16 juillet 2026 et <a href=\"https:\/\/www.stradalex.com\/fr\/sl_src_publ_leg_be_moniteur\/toc\/leg_be_moniteur_fr_31072026_1\/doc\/mb2026005821\">publi\u00e9e au <span class=\"iNqyIf\" data-sfc-cp=\"\" data-sfc-root=\"ep\" data-complete=\"true\" data-copy-service-computed-style=\"font-family: &quot;Google Sans&quot;, &quot;Helvetica Neue&quot;, sans-serif; font-size: 16px; font-weight: 400; margin: 0px; text-decoration: none; border-bottom: 0px rgb(10, 10, 10);\">Moniteur belge<\/span> le 31 juillet dernier<\/a>.<\/span><\/p>\n<p><span style=\"font-family: Calibri, sans-serif;\">Concr\u00e8tement, parmi les premi\u00e8res d\u00e9cisions visibles en surface, on rel\u00e8vera l&rsquo;abaissement de la limite d&rsquo;\u00e2ge -autrefois 30 ans- pour poser sa candidature au sein du futur conseil de l&rsquo;Ordre, les stagiaires ayant d\u00e9sormais un repr\u00e9sentant au sein des sections et du conseil national de la structure. <a href=\"https:\/\/ordredesarchitectes.be\/architectes\/vos-obligations\/les-elections-2026\">Les \u00e9lections 2026<\/a> devraient donc constituer un premier jalon pour tenter de \u00ab\u00a0faire bouger les choses\u00a0\u00bb, comme titre l&rsquo;appel \u00e0 candidats.<\/span><\/p>\n","protected":false},"excerpt":{"rendered":"<p>Depuis plus d\u2019un an d\u00e9j\u00e0, les m\u00e9dias ciblent les d\u00e9rives de la branche flamande de l\u2019Ordre des Architectes. Mais c\u2019est l\u2019ensemble de la profession &#8211; soit pr\u00e8s de 16.000 architectes belges &#8211; qui remet globalement en cause le fonctionnement de cet organe charg\u00e9 de les superviser. Voici plus d\u2019un an d\u00e9j\u00e0 que la crise qui [&hellip;]<\/p>\n","protected":false},"author":15,"featured_media":19075,"comment_status":"closed","ping_status":"closed","sticky":false,"template":"","format":"standard","meta":{"_acf_changed":false,"inline_featured_image":false,"footnotes":""},"categories":[1,24,15,31],"tags":[],"class_list":["post-19058","post","type-post","status-publish","format-standard","has-post-thumbnail","category-actualite","category-immobilier","category-leadership","category-politique"],"acf":[],"_yoast_wpseo_title":null,"_yoast_wpseo_metadesc":"Depuis des mois, l\u2019Ordre des Architectes est sur la sellette. Un projet de loi effectif depuis fin juillet vise \u00e0 corriger ses dysfonctionnements av\u00e9r\u00e9s.","auteur_traducteur":"","yoast_head":"<!-- This site is optimized with the Yoast SEO plugin v28.3 - https:\/\/yoast.com\/product\/yoast-seo-wordpress\/ -->\n<title>L\u2019Ordre des Architectes dans l\u2019oeil du cyclone | Forbes Belgique<\/title>\n<meta name=\"description\" content=\"Depuis des mois, l\u2019Ordre des Architectes est sur la sellette. Un projet de loi effectif depuis fin juillet vise \u00e0 corriger ses dysfonctionnements av\u00e9r\u00e9s.\" \/>\n<meta name=\"robots\" content=\"index, follow, max-snippet:-1, max-image-preview:large, max-video-preview:-1\" \/>\n<link rel=\"canonical\" href=\"https:\/\/www.forbes.be\/fr\/lordre-des-architectes-dans-loeil-du-cyclone\/\" \/>\n<meta property=\"og:locale\" content=\"fr_FR\" \/>\n<meta property=\"og:type\" content=\"article\" \/>\n<meta property=\"og:title\" content=\"L\u2019Ordre des Architectes dans l\u2019oeil du cyclone | Forbes Belgique\" \/>\n<meta property=\"og:description\" content=\"Depuis des mois, l\u2019Ordre des Architectes est sur la sellette. Un projet de loi effectif depuis fin juillet vise \u00e0 corriger ses dysfonctionnements av\u00e9r\u00e9s.\" \/>\n<meta property=\"og:url\" content=\"https:\/\/www.forbes.be\/fr\/lordre-des-architectes-dans-loeil-du-cyclone\/\" \/>\n<meta property=\"og:site_name\" content=\"Forbes Belgique\" \/>\n<meta property=\"article:publisher\" content=\"https:\/\/www.facebook.com\/forbesbelgique\/\" \/>\n<meta property=\"article:published_time\" content=\"2026-08-31T15:45:54+00:00\" \/>\n<meta property=\"article:modified_time\" content=\"2026-08-31T15:56:09+00:00\" \/>\n<meta property=\"og:image\" content=\"https:\/\/www.forbes.be\/fr\/wp-content\/uploads\/2026\/08\/1590498273-oa-coast31-1.jpg\" \/>\n\t<meta property=\"og:image:width\" content=\"960\" \/>\n\t<meta property=\"og:image:height\" content=\"1080\" \/>\n\t<meta property=\"og:image:type\" content=\"image\/jpeg\" \/>\n<meta name=\"author\" content=\"Philippe Coul\u00e9e\" \/>\n<meta name=\"twitter:card\" content=\"summary_large_image\" \/>\n<meta name=\"twitter:label1\" content=\"\u00c9crit par\" \/>\n\t<meta name=\"twitter:data1\" content=\"Philippe Coul\u00e9e\" \/>\n\t<meta name=\"twitter:label2\" content=\"Dur\u00e9e de lecture estim\u00e9e\" \/>\n\t<meta name=\"twitter:data2\" content=\"6 minutes\" \/>\n<script type=\"application\/ld+json\" class=\"yoast-schema-graph\">{\"@context\":\"https:\\\/\\\/schema.org\",\"@graph\":[{\"@type\":\"NewsArticle\",\"@id\":\"https:\\\/\\\/www.forbes.be\\\/fr\\\/lordre-des-architectes-dans-loeil-du-cyclone\\\/#article\",\"isPartOf\":{\"@id\":\"https:\\\/\\\/www.forbes.be\\\/fr\\\/lordre-des-architectes-dans-loeil-du-cyclone\\\/\"},\"author\":{\"name\":\"Philippe Coul\u00e9e\",\"@id\":\"https:\\\/\\\/www.forbes.be\\\/fr\\\/#\\\/schema\\\/person\\\/22bfc3335e560f4084ef5af17ecdad87\"},\"headline\":\"L\u2019Ordre des Architectes dans l\u2019oeil du cyclone\",\"datePublished\":\"2026-08-31T15:45:54+00:00\",\"dateModified\":\"2026-08-31T15:56:09+00:00\",\"mainEntityOfPage\":{\"@id\":\"https:\\\/\\\/www.forbes.be\\\/fr\\\/lordre-des-architectes-dans-loeil-du-cyclone\\\/\"},\"wordCount\":1210,\"publisher\":{\"@id\":\"https:\\\/\\\/www.forbes.be\\\/fr\\\/#organization\"},\"image\":{\"@id\":\"https:\\\/\\\/www.forbes.be\\\/fr\\\/lordre-des-architectes-dans-loeil-du-cyclone\\\/#primaryimage\"},\"thumbnailUrl\":\"https:\\\/\\\/www.forbes.be\\\/fr\\\/wp-content\\\/uploads\\\/2026\\\/08\\\/1590498273-oa-coast31-1.jpg\",\"articleSection\":[\"Actualit\u00e9s\",\"Immobilier\",\"Leadership\",\"Politique\"],\"inLanguage\":\"fr-FR\"},{\"@type\":\"WebPage\",\"@id\":\"https:\\\/\\\/www.forbes.be\\\/fr\\\/lordre-des-architectes-dans-loeil-du-cyclone\\\/\",\"url\":\"https:\\\/\\\/www.forbes.be\\\/fr\\\/lordre-des-architectes-dans-loeil-du-cyclone\\\/\",\"name\":\"L\u2019Ordre des Architectes dans l\u2019oeil du cyclone | Forbes Belgique\",\"isPartOf\":{\"@id\":\"https:\\\/\\\/www.forbes.be\\\/fr\\\/#website\"},\"primaryImageOfPage\":{\"@id\":\"https:\\\/\\\/www.forbes.be\\\/fr\\\/lordre-des-architectes-dans-loeil-du-cyclone\\\/#primaryimage\"},\"image\":{\"@id\":\"https:\\\/\\\/www.forbes.be\\\/fr\\\/lordre-des-architectes-dans-loeil-du-cyclone\\\/#primaryimage\"},\"thumbnailUrl\":\"https:\\\/\\\/www.forbes.be\\\/fr\\\/wp-content\\\/uploads\\\/2026\\\/08\\\/1590498273-oa-coast31-1.jpg\",\"datePublished\":\"2026-08-31T15:45:54+00:00\",\"dateModified\":\"2026-08-31T15:56:09+00:00\",\"description\":\"Depuis des mois, l\u2019Ordre des Architectes est sur la sellette. Un projet de loi effectif depuis fin juillet vise \u00e0 corriger ses dysfonctionnements av\u00e9r\u00e9s.\",\"breadcrumb\":{\"@id\":\"https:\\\/\\\/www.forbes.be\\\/fr\\\/lordre-des-architectes-dans-loeil-du-cyclone\\\/#breadcrumb\"},\"inLanguage\":\"fr-FR\",\"potentialAction\":[{\"@type\":\"ReadAction\",\"target\":[\"https:\\\/\\\/www.forbes.be\\\/fr\\\/lordre-des-architectes-dans-loeil-du-cyclone\\\/\"]}]},{\"@type\":\"ImageObject\",\"inLanguage\":\"fr-FR\",\"@id\":\"https:\\\/\\\/www.forbes.be\\\/fr\\\/lordre-des-architectes-dans-loeil-du-cyclone\\\/#primaryimage\",\"url\":\"https:\\\/\\\/www.forbes.be\\\/fr\\\/wp-content\\\/uploads\\\/2026\\\/08\\\/1590498273-oa-coast31-1.jpg\",\"contentUrl\":\"https:\\\/\\\/www.forbes.be\\\/fr\\\/wp-content\\\/uploads\\\/2026\\\/08\\\/1590498273-oa-coast31-1.jpg\",\"width\":960,\"height\":1080},{\"@type\":\"BreadcrumbList\",\"@id\":\"https:\\\/\\\/www.forbes.be\\\/fr\\\/lordre-des-architectes-dans-loeil-du-cyclone\\\/#breadcrumb\",\"itemListElement\":[{\"@type\":\"ListItem\",\"position\":1,\"name\":\"Accueil\",\"item\":\"https:\\\/\\\/www.forbes.be\\\/fr\\\/\"},{\"@type\":\"ListItem\",\"position\":2,\"name\":\"L\u2019Ordre des Architectes dans l\u2019oeil du cyclone\"}]},{\"@type\":\"WebSite\",\"@id\":\"https:\\\/\\\/www.forbes.be\\\/fr\\\/#website\",\"url\":\"https:\\\/\\\/www.forbes.be\\\/fr\\\/\",\"name\":\"Forbes Belgique\",\"description\":\"\",\"publisher\":{\"@id\":\"https:\\\/\\\/www.forbes.be\\\/fr\\\/#organization\"},\"potentialAction\":[{\"@type\":\"SearchAction\",\"target\":{\"@type\":\"EntryPoint\",\"urlTemplate\":\"https:\\\/\\\/www.forbes.be\\\/fr\\\/?s={search_term_string}\"},\"query-input\":{\"@type\":\"PropertyValueSpecification\",\"valueRequired\":true,\"valueName\":\"search_term_string\"}}],\"inLanguage\":\"fr-FR\"},{\"@type\":\"Organization\",\"@id\":\"https:\\\/\\\/www.forbes.be\\\/fr\\\/#organization\",\"name\":\"Forbes Belgique\",\"url\":\"https:\\\/\\\/www.forbes.be\\\/fr\\\/\",\"logo\":{\"@type\":\"ImageObject\",\"inLanguage\":\"fr-FR\",\"@id\":\"https:\\\/\\\/www.forbes.be\\\/fr\\\/#\\\/schema\\\/logo\\\/image\\\/\",\"url\":\"https:\\\/\\\/www.forbes.be\\\/fr\\\/wp-content\\\/uploads\\\/2024\\\/02\\\/forbes.be_.png\",\"contentUrl\":\"https:\\\/\\\/www.forbes.be\\\/fr\\\/wp-content\\\/uploads\\\/2024\\\/02\\\/forbes.be_.png\",\"width\":1200,\"height\":675,\"caption\":\"Forbes Belgique\"},\"image\":{\"@id\":\"https:\\\/\\\/www.forbes.be\\\/fr\\\/#\\\/schema\\\/logo\\\/image\\\/\"},\"sameAs\":[\"https:\\\/\\\/www.facebook.com\\\/forbesbelgique\\\/\",\"https:\\\/\\\/www.instagram.com\\\/Forbes_Belgium\",\"https:\\\/\\\/www.linkedin.com\\\/company\\\/forbes-belgium\\\/\"]},{\"@type\":\"Person\",\"@id\":\"https:\\\/\\\/www.forbes.be\\\/fr\\\/#\\\/schema\\\/person\\\/22bfc3335e560f4084ef5af17ecdad87\",\"name\":\"Philippe Coul\u00e9e\",\"image\":{\"@type\":\"ImageObject\",\"inLanguage\":\"fr-FR\",\"@id\":\"https:\\\/\\\/www.forbes.be\\\/fr\\\/wp-content\\\/uploads\\\/2024\\\/01\\\/unnamed-150x150.jpg\",\"url\":\"https:\\\/\\\/www.forbes.be\\\/fr\\\/wp-content\\\/uploads\\\/2024\\\/01\\\/unnamed-150x150.jpg\",\"contentUrl\":\"https:\\\/\\\/www.forbes.be\\\/fr\\\/wp-content\\\/uploads\\\/2024\\\/01\\\/unnamed-150x150.jpg\",\"caption\":\"Philippe Coul\u00e9e\"},\"url\":\"https:\\\/\\\/www.forbes.be\\\/fr\\\/author\\\/philippe-couleeicloud-com\\\/\"}]}<\/script>\n<!-- \/ Yoast SEO plugin. -->","yoast_head_json":{"title":"L\u2019Ordre des Architectes dans l\u2019oeil du cyclone | Forbes Belgique","description":"Depuis des mois, l\u2019Ordre des Architectes est sur la sellette. Un projet de loi effectif depuis fin juillet vise \u00e0 corriger ses dysfonctionnements av\u00e9r\u00e9s.","robots":{"index":"index","follow":"follow","max-snippet":"max-snippet:-1","max-image-preview":"max-image-preview:large","max-video-preview":"max-video-preview:-1"},"canonical":"https:\/\/www.forbes.be\/fr\/lordre-des-architectes-dans-loeil-du-cyclone\/","og_locale":"fr_FR","og_type":"article","og_title":"L\u2019Ordre des Architectes dans l\u2019oeil du cyclone | Forbes Belgique","og_description":"Depuis des mois, l\u2019Ordre des Architectes est sur la sellette. Un projet de loi effectif depuis fin juillet vise \u00e0 corriger ses dysfonctionnements av\u00e9r\u00e9s.","og_url":"https:\/\/www.forbes.be\/fr\/lordre-des-architectes-dans-loeil-du-cyclone\/","og_site_name":"Forbes Belgique","article_publisher":"https:\/\/www.facebook.com\/forbesbelgique\/","article_published_time":"2026-08-31T15:45:54+00:00","article_modified_time":"2026-08-31T15:56:09+00:00","og_image":[{"width":960,"height":1080,"url":"https:\/\/www.forbes.be\/fr\/wp-content\/uploads\/2026\/08\/1590498273-oa-coast31-1.jpg","type":"image\/jpeg"}],"author":"Philippe Coul\u00e9e","twitter_card":"summary_large_image","twitter_misc":{"\u00c9crit par":"Philippe Coul\u00e9e","Dur\u00e9e de lecture estim\u00e9e":"6 minutes"},"schema":{"@context":"https:\/\/schema.org","@graph":[{"@type":"NewsArticle","@id":"https:\/\/www.forbes.be\/fr\/lordre-des-architectes-dans-loeil-du-cyclone\/#article","isPartOf":{"@id":"https:\/\/www.forbes.be\/fr\/lordre-des-architectes-dans-loeil-du-cyclone\/"},"author":{"name":"Philippe Coul\u00e9e","@id":"https:\/\/www.forbes.be\/fr\/#\/schema\/person\/22bfc3335e560f4084ef5af17ecdad87"},"headline":"L\u2019Ordre des Architectes dans l\u2019oeil du cyclone","datePublished":"2026-08-31T15:45:54+00:00","dateModified":"2026-08-31T15:56:09+00:00","mainEntityOfPage":{"@id":"https:\/\/www.forbes.be\/fr\/lordre-des-architectes-dans-loeil-du-cyclone\/"},"wordCount":1210,"publisher":{"@id":"https:\/\/www.forbes.be\/fr\/#organization"},"image":{"@id":"https:\/\/www.forbes.be\/fr\/lordre-des-architectes-dans-loeil-du-cyclone\/#primaryimage"},"thumbnailUrl":"https:\/\/www.forbes.be\/fr\/wp-content\/uploads\/2026\/08\/1590498273-oa-coast31-1.jpg","articleSection":["Actualit\u00e9s","Immobilier","Leadership","Politique"],"inLanguage":"fr-FR"},{"@type":"WebPage","@id":"https:\/\/www.forbes.be\/fr\/lordre-des-architectes-dans-loeil-du-cyclone\/","url":"https:\/\/www.forbes.be\/fr\/lordre-des-architectes-dans-loeil-du-cyclone\/","name":"L\u2019Ordre des Architectes dans l\u2019oeil du cyclone | Forbes Belgique","isPartOf":{"@id":"https:\/\/www.forbes.be\/fr\/#website"},"primaryImageOfPage":{"@id":"https:\/\/www.forbes.be\/fr\/lordre-des-architectes-dans-loeil-du-cyclone\/#primaryimage"},"image":{"@id":"https:\/\/www.forbes.be\/fr\/lordre-des-architectes-dans-loeil-du-cyclone\/#primaryimage"},"thumbnailUrl":"https:\/\/www.forbes.be\/fr\/wp-content\/uploads\/2026\/08\/1590498273-oa-coast31-1.jpg","datePublished":"2026-08-31T15:45:54+00:00","dateModified":"2026-08-31T15:56:09+00:00","description":"Depuis des mois, l\u2019Ordre des Architectes est sur la sellette. Un projet de loi effectif depuis fin juillet vise \u00e0 corriger ses dysfonctionnements av\u00e9r\u00e9s.","breadcrumb":{"@id":"https:\/\/www.forbes.be\/fr\/lordre-des-architectes-dans-loeil-du-cyclone\/#breadcrumb"},"inLanguage":"fr-FR","potentialAction":[{"@type":"ReadAction","target":["https:\/\/www.forbes.be\/fr\/lordre-des-architectes-dans-loeil-du-cyclone\/"]}]},{"@type":"ImageObject","inLanguage":"fr-FR","@id":"https:\/\/www.forbes.be\/fr\/lordre-des-architectes-dans-loeil-du-cyclone\/#primaryimage","url":"https:\/\/www.forbes.be\/fr\/wp-content\/uploads\/2026\/08\/1590498273-oa-coast31-1.jpg","contentUrl":"https:\/\/www.forbes.be\/fr\/wp-content\/uploads\/2026\/08\/1590498273-oa-coast31-1.jpg","width":960,"height":1080},{"@type":"BreadcrumbList","@id":"https:\/\/www.forbes.be\/fr\/lordre-des-architectes-dans-loeil-du-cyclone\/#breadcrumb","itemListElement":[{"@type":"ListItem","position":1,"name":"Accueil","item":"https:\/\/www.forbes.be\/fr\/"},{"@type":"ListItem","position":2,"name":"L\u2019Ordre des Architectes dans l\u2019oeil du cyclone"}]},{"@type":"WebSite","@id":"https:\/\/www.forbes.be\/fr\/#website","url":"https:\/\/www.forbes.be\/fr\/","name":"Forbes Belgique","description":"","publisher":{"@id":"https:\/\/www.forbes.be\/fr\/#organization"},"potentialAction":[{"@type":"SearchAction","target":{"@type":"EntryPoint","urlTemplate":"https:\/\/www.forbes.be\/fr\/?s={search_term_string}"},"query-input":{"@type":"PropertyValueSpecification","valueRequired":true,"valueName":"search_term_string"}}],"inLanguage":"fr-FR"},{"@type":"Organization","@id":"https:\/\/www.forbes.be\/fr\/#organization","name":"Forbes Belgique","url":"https:\/\/www.forbes.be\/fr\/","logo":{"@type":"ImageObject","inLanguage":"fr-FR","@id":"https:\/\/www.forbes.be\/fr\/#\/schema\/logo\/image\/","url":"https:\/\/www.forbes.be\/fr\/wp-content\/uploads\/2024\/02\/forbes.be_.png","contentUrl":"https:\/\/www.forbes.be\/fr\/wp-content\/uploads\/2024\/02\/forbes.be_.png","width":1200,"height":675,"caption":"Forbes Belgique"},"image":{"@id":"https:\/\/www.forbes.be\/fr\/#\/schema\/logo\/image\/"},"sameAs":["https:\/\/www.facebook.com\/forbesbelgique\/","https:\/\/www.instagram.com\/Forbes_Belgium","https:\/\/www.linkedin.com\/company\/forbes-belgium\/"]},{"@type":"Person","@id":"https:\/\/www.forbes.be\/fr\/#\/schema\/person\/22bfc3335e560f4084ef5af17ecdad87","name":"Philippe Coul\u00e9e","image":{"@type":"ImageObject","inLanguage":"fr-FR","@id":"https:\/\/www.forbes.be\/fr\/wp-content\/uploads\/2024\/01\/unnamed-150x150.jpg","url":"https:\/\/www.forbes.be\/fr\/wp-content\/uploads\/2024\/01\/unnamed-150x150.jpg","contentUrl":"https:\/\/www.forbes.be\/fr\/wp-content\/uploads\/2024\/01\/unnamed-150x150.jpg","caption":"Philippe Coul\u00e9e"},"url":"https:\/\/www.forbes.be\/fr\/author\/philippe-couleeicloud-com\/"}]}},"_links":{"self":[{"href":"https:\/\/www.forbes.be\/fr\/wp-json\/wp\/v2\/posts\/19058","targetHints":{"allow":["GET"]}}],"collection":[{"href":"https:\/\/www.forbes.be\/fr\/wp-json\/wp\/v2\/posts"}],"about":[{"href":"https:\/\/www.forbes.be\/fr\/wp-json\/wp\/v2\/types\/post"}],"author":[{"embeddable":true,"href":"https:\/\/www.forbes.be\/fr\/wp-json\/wp\/v2\/users\/15"}],"replies":[{"embeddable":true,"href":"https:\/\/www.forbes.be\/fr\/wp-json\/wp\/v2\/comments?post=19058"}],"version-history":[{"count":8,"href":"https:\/\/www.forbes.be\/fr\/wp-json\/wp\/v2\/posts\/19058\/revisions"}],"predecessor-version":[{"id":19084,"href":"https:\/\/www.forbes.be\/fr\/wp-json\/wp\/v2\/posts\/19058\/revisions\/19084"}],"wp:featuredmedia":[{"embeddable":true,"href":"https:\/\/www.forbes.be\/fr\/wp-json\/wp\/v2\/media\/19075"}],"wp:attachment":[{"href":"https:\/\/www.forbes.be\/fr\/wp-json\/wp\/v2\/media?parent=19058"}],"wp:term":[{"taxonomy":"category","embeddable":true,"href":"https:\/\/www.forbes.be\/fr\/wp-json\/wp\/v2\/categories?post=19058"},{"taxonomy":"post_tag","embeddable":true,"href":"https:\/\/www.forbes.be\/fr\/wp-json\/wp\/v2\/tags?post=19058"}],"curies":[{"name":"wp","href":"https:\/\/api.w.org\/{rel}","templated":true}]}}