{"id":19106,"date":"2026-09-04T06:41:28","date_gmt":"2026-09-04T04:41:28","guid":{"rendered":"https:\/\/www.forbes.be\/fr\/?p=19106"},"modified":"2026-09-01T11:49:52","modified_gmt":"2026-09-01T09:49:52","slug":"les-fleurs-de-nassos-daphnis","status":"publish","type":"post","link":"https:\/\/www.forbes.be\/fr\/les-fleurs-de-nassos-daphnis\/","title":{"rendered":"Les fleurs de Nassos Daphnis"},"content":{"rendered":"<p><strong>\u00c0 la <a href=\"https:\/\/fondationcab.com\/exhibitions\/abstract-constructions\" target=\"_blank\" rel=\"noopener\">Fondation CAB<\/a> (Saint-Paul-de-Vence), le commissaire belge <strong>Gregory Lang<\/strong> expose l\u2019artiste am\u00e9ricano-grec <strong>Nassos Daphnis<\/strong>.<\/strong><\/p>\n<p>Le commissaire belge <strong>Gregory Lang<\/strong> avait d\u00e9j\u00e0 montr\u00e9 <a href=\"https:\/\/richardtaittinger.com\/artist\/nassos-daphnis\/\" target=\"_blank\" rel=\"noopener\"><strong>Nassos Daphnis (1914-2010)<\/strong><\/a> \u00e0 la galerie Richard Taittinger, de New York, en 2018, dans l\u2019exposition <a href=\"https:\/\/richardtaittinger.com\/exhibition\/untitled-monochrome-1957-2017\/\" target=\"_blank\" rel=\"noopener\"><em>Monochrome<\/em><\/a>, en dialogue avec les Belges Marthe W\u00e9ry, Edith Dekyndt et Fabrice Samyn. Cette fois-ci, il expose \u00e0 la <strong>Fondation CAB<\/strong>, cr\u00e9\u00e9e en 2021 par l\u2019investisseur belge Hubert Bonnet.<\/p>\n<p>Le commissaire \u00e9voque la trajectoire de l\u2019artiste : <em>\u00ab Il arrive aux \u00c9tats-Unis en 1929, en plein krach. Ses oncles d\u2019Am\u00e9rique ont r\u00e9ussi : l\u2019un est restaurateur, l\u2019autre fleuriste. Il vit alors une premi\u00e8re passion pour les fleurs, invente une quarantaine de vari\u00e9t\u00e9s de\u2026 pivoines et leur donne des noms de la mythologie grecque, ou en hommage \u00e0 des peintres, comme sa \u201cGauguin\u201d. En 2010, quand je l\u2019ai d\u00e9couvert, Google le pr\u00e9sentait en g\u00e9nie floral, avant m\u00eame de mentionner ses \u0153uvres minimalistes \u00bb<\/em>, sourit Lang. En 2027, le <a href=\"https:\/\/www.nybg.org\/\" target=\"_blank\" rel=\"noopener\">New York Botanical Garden<\/a> pr\u00e9voit un \u00e9v\u00e9nement sur ses pivoines.<\/p>\n<p>N\u00e9 en Gr\u00e8ce en 1914, quelques jours avant la Premi\u00e8re Guerre mondiale, Nassos Daphnis s\u2019enr\u00f4le dans l\u2019<strong>US Army en 1942<\/strong> et peint des motifs camouflage, peut-\u00eatre \u00e0 l\u2019origine des couleurs de ses toiles abstraites. D\u00e9mobilis\u00e9, gr\u00e2ce au <em>GI Bill<\/em>, il part \u00e9tudier \u00e0 Paris et Florence.<\/p>\n<p>Tr\u00e8s t\u00f4t, il emploie des mat\u00e9riaux <em>\u00ab non artistiques \u00bb<\/em>, comme le plexiglas d\u00e8s 1952. L\u2019une des pi\u00e8ces les plus \u00e9tonnantes de l\u2019exposition, d\u2019une gr\u00e2ce technologique, est une tour de plexi sur support rotatif, de 1963. <em>\u00ab Avant 1961, il trace ses bandes de couleurs verticales au pinceau, puis il passe au rouleau, s\u2019enthousiasme Gregory Lang. La presse, notamment le <\/em>New York Times<em>, se scandalise. M\u00eame toll\u00e9 contre le plexi, qui appartient au domaine du <\/em>design<em>. Et durant la d\u00e9cennie 1960, il cherche la vibration de la couleur dans l\u2019\u00e9tat d\u2019esprit plus psych\u00e9d\u00e9lique de l\u2019\u00e9poque. \u00bb<\/em><\/p>\n<h2>Dix ans d\u2019avance<\/h2>\n<p>Avec <strong>Jasper Johns<\/strong> et Robert Rauschenberg, il sera l\u2019un des trois artistes les plus expos\u00e9s par <a href=\"https:\/\/www.castelligallery.com\/exhibitions\/past\" target=\"_blank\" rel=\"noopener\"><strong>Leo Castelli<\/strong><\/a>, galeriste new-yorkais phare, qui r\u00e9sume sa d\u00e9marche : <em>\u00ab Il exclut tout sentiment de son travail \u00bb<\/em>. Pour la critique April Kingsley, <em>\u00ab certains tableaux de Nassos Daphnis sont si radicaux qu\u2019on les croirait peints au moins dix ans plus tard \u00bb<\/em>. En 1971, le seul tableau que Leo Castelli envoie au mus\u00e9e MCA Chicago, pour la premi\u00e8re exposition d\u2019art minimaliste en Am\u00e9rique, est une \u0153uvre de Nassos Daphnis.<\/p>\n<p>En 1969, l\u2019association <strong>City Walls Inc.<\/strong>, qu\u2019il cofonde, permet \u00e0 des milliers de jeunes de s\u2019exprimer dans les espaces publics \u2014 c\u2019est devenu le <a href=\"https:\/\/www.publicartfund.org\/about\/history\/\" target=\"_blank\" rel=\"noopener\"><strong>Public Art Fund<\/strong><\/a>, toujours actif. <em>\u00ab De grands donateurs du Guggenheim et le fondateur de Nokia l\u2019ont aussi collectionn\u00e9, ainsi que des collectionneurs belges. Le galeriste Quentin Grosjean, associ\u00e9 \u00e0 Maruani-Mercier, est tr\u00e8s fan \u00bb<\/em>, conclut Gregory Lang.<\/p>\n<p><a href=\"https:\/\/fondationcab.com\/exhibitions\/abstract-constructions\" target=\"_blank\" rel=\"noopener\">www.fondationcab.com\/fr\/fondation-cab-saint-paul-de-vence<\/a><\/p>\n<p><strong>Fin le 30.10.2026<\/strong><\/p>\n","protected":false},"excerpt":{"rendered":"<p>\u00c0 la Fondation CAB (Saint-Paul-de-Vence), le commissaire belge Gregory Lang expose l\u2019artiste am\u00e9ricano-grec Nassos Daphnis. Le commissaire belge Gregory Lang avait d\u00e9j\u00e0 montr\u00e9 Nassos Daphnis (1914-2010) \u00e0 la galerie Richard Taittinger, de New York, en 2018, dans l\u2019exposition Monochrome, en dialogue avec les Belges Marthe W\u00e9ry, Edith Dekyndt et Fabrice Samyn. Cette fois-ci, il expose [&hellip;]<\/p>\n","protected":false},"author":27,"featured_media":19107,"comment_status":"closed","ping_status":"closed","sticky":false,"template":"","format":"standard","meta":{"_acf_changed":false,"inline_featured_image":false,"image_verticale":0,"gif":0,"url_video":"","footnotes":""},"categories":[63,62],"tags":[],"class_list":["post-19106","post","type-post","status-publish","format-standard","has-post-thumbnail","category-culture","category-marche-de-lart"],"acf":[],"_yoast_wpseo_title":null,"_yoast_wpseo_metadesc":"\u00c0 la Fondation CAB de Saint-Paul-de-Vence, Gregory Lang retrace le parcours de Nassos Daphnis, entre abstraction g\u00e9om\u00e9trique, plexiglas et pivoines.","auteur_traducteur":"","yoast_head":"<!-- This site is optimized with the Yoast SEO plugin v28.4 - https:\/\/yoast.com\/product\/yoast-seo-wordpress\/ -->\n<title>Les fleurs de Nassos Daphnis | Forbes Belgique<\/title>\n<meta name=\"description\" content=\"\u00c0 la Fondation CAB de Saint-Paul-de-Vence, Gregory Lang retrace le parcours de Nassos Daphnis, entre abstraction g\u00e9om\u00e9trique, plexiglas et pivoines.\" \/>\n<meta name=\"robots\" content=\"index, follow, max-snippet:-1, max-image-preview:large, max-video-preview:-1\" \/>\n<link rel=\"canonical\" href=\"https:\/\/www.forbes.be\/fr\/les-fleurs-de-nassos-daphnis\/\" \/>\n<meta property=\"og:locale\" content=\"fr_FR\" \/>\n<meta property=\"og:type\" content=\"article\" \/>\n<meta property=\"og:title\" content=\"Les fleurs de Nassos Daphnis | Forbes Belgique\" \/>\n<meta property=\"og:description\" content=\"\u00c0 la Fondation CAB de Saint-Paul-de-Vence, Gregory Lang retrace le parcours de Nassos Daphnis, entre abstraction g\u00e9om\u00e9trique, plexiglas et pivoines.\" \/>\n<meta property=\"og:url\" content=\"https:\/\/www.forbes.be\/fr\/les-fleurs-de-nassos-daphnis\/\" \/>\n<meta property=\"og:site_name\" content=\"Forbes Belgique\" \/>\n<meta property=\"article:publisher\" content=\"https:\/\/www.facebook.com\/forbesbelgique\/\" \/>\n<meta property=\"article:published_time\" content=\"2026-09-04T04:41:28+00:00\" \/>\n<meta property=\"og:image\" content=\"https:\/\/www.forbes.be\/fr\/wp-content\/uploads\/2026\/09\/image-16-08-26-a-1136-e1788256115799.png\" \/>\n\t<meta property=\"og:image:width\" content=\"958\" \/>\n\t<meta property=\"og:image:height\" content=\"502\" \/>\n\t<meta property=\"og:image:type\" content=\"image\/png\" \/>\n<meta name=\"author\" content=\"Johan-Fr\u00e9d\u00e9rik Hel Guedj\" \/>\n<meta name=\"twitter:card\" content=\"summary_large_image\" \/>\n<meta name=\"twitter:label1\" content=\"\u00c9crit par\" \/>\n\t<meta name=\"twitter:data1\" content=\"Johan-Fr\u00e9d\u00e9rik Hel Guedj\" \/>\n\t<meta name=\"twitter:label2\" content=\"Dur\u00e9e de lecture estim\u00e9e\" \/>\n\t<meta name=\"twitter:data2\" content=\"3 minutes\" \/>\n<script type=\"application\/ld+json\" class=\"yoast-schema-graph\">{\"@context\":\"https:\\\/\\\/schema.org\",\"@graph\":[{\"@type\":\"NewsArticle\",\"@id\":\"https:\\\/\\\/www.forbes.be\\\/fr\\\/les-fleurs-de-nassos-daphnis\\\/#article\",\"isPartOf\":{\"@id\":\"https:\\\/\\\/www.forbes.be\\\/fr\\\/les-fleurs-de-nassos-daphnis\\\/\"},\"author\":{\"name\":\"Johan-Fr\u00e9d\u00e9rik Hel Guedj\",\"@id\":\"https:\\\/\\\/www.forbes.be\\\/fr\\\/#\\\/schema\\\/person\\\/ad1bb0e83419af89356b7b11a6622c80\"},\"headline\":\"Les fleurs de Nassos Daphnis\",\"datePublished\":\"2026-09-04T04:41:28+00:00\",\"mainEntityOfPage\":{\"@id\":\"https:\\\/\\\/www.forbes.be\\\/fr\\\/les-fleurs-de-nassos-daphnis\\\/\"},\"wordCount\":499,\"publisher\":{\"@id\":\"https:\\\/\\\/www.forbes.be\\\/fr\\\/#organization\"},\"image\":{\"@id\":\"https:\\\/\\\/www.forbes.be\\\/fr\\\/les-fleurs-de-nassos-daphnis\\\/#primaryimage\"},\"thumbnailUrl\":\"https:\\\/\\\/www.forbes.be\\\/fr\\\/wp-content\\\/uploads\\\/2026\\\/09\\\/image-16-08-26-a-1136-e1788256115799.png\",\"articleSection\":[\"Culture\",\"March\u00e9 de l'art\"],\"inLanguage\":\"fr-FR\"},{\"@type\":\"WebPage\",\"@id\":\"https:\\\/\\\/www.forbes.be\\\/fr\\\/les-fleurs-de-nassos-daphnis\\\/\",\"url\":\"https:\\\/\\\/www.forbes.be\\\/fr\\\/les-fleurs-de-nassos-daphnis\\\/\",\"name\":\"Les fleurs de Nassos Daphnis | Forbes Belgique\",\"isPartOf\":{\"@id\":\"https:\\\/\\\/www.forbes.be\\\/fr\\\/#website\"},\"primaryImageOfPage\":{\"@id\":\"https:\\\/\\\/www.forbes.be\\\/fr\\\/les-fleurs-de-nassos-daphnis\\\/#primaryimage\"},\"image\":{\"@id\":\"https:\\\/\\\/www.forbes.be\\\/fr\\\/les-fleurs-de-nassos-daphnis\\\/#primaryimage\"},\"thumbnailUrl\":\"https:\\\/\\\/www.forbes.be\\\/fr\\\/wp-content\\\/uploads\\\/2026\\\/09\\\/image-16-08-26-a-1136-e1788256115799.png\",\"datePublished\":\"2026-09-04T04:41:28+00:00\",\"description\":\"\u00c0 la Fondation CAB de Saint-Paul-de-Vence, Gregory Lang retrace le parcours de Nassos Daphnis, entre abstraction g\u00e9om\u00e9trique, plexiglas et pivoines.\",\"breadcrumb\":{\"@id\":\"https:\\\/\\\/www.forbes.be\\\/fr\\\/les-fleurs-de-nassos-daphnis\\\/#breadcrumb\"},\"inLanguage\":\"fr-FR\",\"potentialAction\":[{\"@type\":\"ReadAction\",\"target\":[\"https:\\\/\\\/www.forbes.be\\\/fr\\\/les-fleurs-de-nassos-daphnis\\\/\"]}]},{\"@type\":\"ImageObject\",\"inLanguage\":\"fr-FR\",\"@id\":\"https:\\\/\\\/www.forbes.be\\\/fr\\\/les-fleurs-de-nassos-daphnis\\\/#primaryimage\",\"url\":\"https:\\\/\\\/www.forbes.be\\\/fr\\\/wp-content\\\/uploads\\\/2026\\\/09\\\/image-16-08-26-a-1136-e1788256115799.png\",\"contentUrl\":\"https:\\\/\\\/www.forbes.be\\\/fr\\\/wp-content\\\/uploads\\\/2026\\\/09\\\/image-16-08-26-a-1136-e1788256115799.png\",\"width\":958,\"height\":502},{\"@type\":\"BreadcrumbList\",\"@id\":\"https:\\\/\\\/www.forbes.be\\\/fr\\\/les-fleurs-de-nassos-daphnis\\\/#breadcrumb\",\"itemListElement\":[{\"@type\":\"ListItem\",\"position\":1,\"name\":\"Accueil\",\"item\":\"https:\\\/\\\/www.forbes.be\\\/fr\\\/\"},{\"@type\":\"ListItem\",\"position\":2,\"name\":\"Les fleurs de Nassos Daphnis\"}]},{\"@type\":\"WebSite\",\"@id\":\"https:\\\/\\\/www.forbes.be\\\/fr\\\/#website\",\"url\":\"https:\\\/\\\/www.forbes.be\\\/fr\\\/\",\"name\":\"Forbes Belgique\",\"description\":\"\",\"publisher\":{\"@id\":\"https:\\\/\\\/www.forbes.be\\\/fr\\\/#organization\"},\"potentialAction\":[{\"@type\":\"SearchAction\",\"target\":{\"@type\":\"EntryPoint\",\"urlTemplate\":\"https:\\\/\\\/www.forbes.be\\\/fr\\\/?s={search_term_string}\"},\"query-input\":{\"@type\":\"PropertyValueSpecification\",\"valueRequired\":true,\"valueName\":\"search_term_string\"}}],\"inLanguage\":\"fr-FR\"},{\"@type\":\"Organization\",\"@id\":\"https:\\\/\\\/www.forbes.be\\\/fr\\\/#organization\",\"name\":\"Forbes Belgique\",\"url\":\"https:\\\/\\\/www.forbes.be\\\/fr\\\/\",\"logo\":{\"@type\":\"ImageObject\",\"inLanguage\":\"fr-FR\",\"@id\":\"https:\\\/\\\/www.forbes.be\\\/fr\\\/#\\\/schema\\\/logo\\\/image\\\/\",\"url\":\"https:\\\/\\\/www.forbes.be\\\/fr\\\/wp-content\\\/uploads\\\/2024\\\/02\\\/forbes.be_.png\",\"contentUrl\":\"https:\\\/\\\/www.forbes.be\\\/fr\\\/wp-content\\\/uploads\\\/2024\\\/02\\\/forbes.be_.png\",\"width\":1200,\"height\":675,\"caption\":\"Forbes Belgique\"},\"image\":{\"@id\":\"https:\\\/\\\/www.forbes.be\\\/fr\\\/#\\\/schema\\\/logo\\\/image\\\/\"},\"sameAs\":[\"https:\\\/\\\/www.facebook.com\\\/forbesbelgique\\\/\",\"https:\\\/\\\/www.instagram.com\\\/Forbes_Belgium\",\"https:\\\/\\\/www.linkedin.com\\\/company\\\/forbes-belgium\\\/\"]},{\"@type\":\"Person\",\"@id\":\"https:\\\/\\\/www.forbes.be\\\/fr\\\/#\\\/schema\\\/person\\\/ad1bb0e83419af89356b7b11a6622c80\",\"name\":\"Johan-Fr\u00e9d\u00e9rik Hel Guedj\",\"image\":{\"@type\":\"ImageObject\",\"inLanguage\":\"fr-FR\",\"@id\":\"https:\\\/\\\/secure.gravatar.com\\\/avatar\\\/65333543693434f2cc9fdefb3173b162df98712d00606b00b3d43914f79a1598?s=96&d=mm&r=g\",\"url\":\"https:\\\/\\\/secure.gravatar.com\\\/avatar\\\/65333543693434f2cc9fdefb3173b162df98712d00606b00b3d43914f79a1598?s=96&d=mm&r=g\",\"contentUrl\":\"https:\\\/\\\/secure.gravatar.com\\\/avatar\\\/65333543693434f2cc9fdefb3173b162df98712d00606b00b3d43914f79a1598?s=96&d=mm&r=g\",\"caption\":\"Johan-Fr\u00e9d\u00e9rik Hel Guedj\"},\"description\":\"Johan-Frederik Hel Guedj est journaliste et auteur fran\u00e7ais. R\u00e9dacteur en chef pendant 7 ans de la revue Pouvoirs Locaux, consacr\u00e9e aux politiques culturelles, il a publi\u00e9 huit ouvrages chez des \u00e9diteurs fran\u00e7ais et belges, dont deux romans, un essai consacr\u00e9 \u00e0 Orson Welles, et quatre livres d\u2019art. En plus de Forbes, il collabore \u00e0 L\u2019Echo et au Quotidien de l\u2019Art (Paris).\",\"url\":\"https:\\\/\\\/www.forbes.be\\\/fr\\\/author\\\/johan-frederik-hel-guedj\\\/\"}]}<\/script>\n<!-- \/ Yoast SEO plugin. -->","yoast_head_json":{"title":"Les fleurs de Nassos Daphnis | Forbes Belgique","description":"\u00c0 la Fondation CAB de Saint-Paul-de-Vence, Gregory Lang retrace le parcours de Nassos Daphnis, entre abstraction g\u00e9om\u00e9trique, plexiglas et pivoines.","robots":{"index":"index","follow":"follow","max-snippet":"max-snippet:-1","max-image-preview":"max-image-preview:large","max-video-preview":"max-video-preview:-1"},"canonical":"https:\/\/www.forbes.be\/fr\/les-fleurs-de-nassos-daphnis\/","og_locale":"fr_FR","og_type":"article","og_title":"Les fleurs de Nassos Daphnis | Forbes Belgique","og_description":"\u00c0 la Fondation CAB de Saint-Paul-de-Vence, Gregory Lang retrace le parcours de Nassos Daphnis, entre abstraction g\u00e9om\u00e9trique, plexiglas et pivoines.","og_url":"https:\/\/www.forbes.be\/fr\/les-fleurs-de-nassos-daphnis\/","og_site_name":"Forbes Belgique","article_publisher":"https:\/\/www.facebook.com\/forbesbelgique\/","article_published_time":"2026-09-04T04:41:28+00:00","og_image":[{"width":958,"height":502,"url":"https:\/\/www.forbes.be\/fr\/wp-content\/uploads\/2026\/09\/image-16-08-26-a-1136-e1788256115799.png","type":"image\/png"}],"author":"Johan-Fr\u00e9d\u00e9rik Hel Guedj","twitter_card":"summary_large_image","twitter_misc":{"\u00c9crit par":"Johan-Fr\u00e9d\u00e9rik Hel Guedj","Dur\u00e9e de lecture estim\u00e9e":"3 minutes"},"schema":{"@context":"https:\/\/schema.org","@graph":[{"@type":"NewsArticle","@id":"https:\/\/www.forbes.be\/fr\/les-fleurs-de-nassos-daphnis\/#article","isPartOf":{"@id":"https:\/\/www.forbes.be\/fr\/les-fleurs-de-nassos-daphnis\/"},"author":{"name":"Johan-Fr\u00e9d\u00e9rik Hel Guedj","@id":"https:\/\/www.forbes.be\/fr\/#\/schema\/person\/ad1bb0e83419af89356b7b11a6622c80"},"headline":"Les fleurs de Nassos Daphnis","datePublished":"2026-09-04T04:41:28+00:00","mainEntityOfPage":{"@id":"https:\/\/www.forbes.be\/fr\/les-fleurs-de-nassos-daphnis\/"},"wordCount":499,"publisher":{"@id":"https:\/\/www.forbes.be\/fr\/#organization"},"image":{"@id":"https:\/\/www.forbes.be\/fr\/les-fleurs-de-nassos-daphnis\/#primaryimage"},"thumbnailUrl":"https:\/\/www.forbes.be\/fr\/wp-content\/uploads\/2026\/09\/image-16-08-26-a-1136-e1788256115799.png","articleSection":["Culture","March\u00e9 de l'art"],"inLanguage":"fr-FR"},{"@type":"WebPage","@id":"https:\/\/www.forbes.be\/fr\/les-fleurs-de-nassos-daphnis\/","url":"https:\/\/www.forbes.be\/fr\/les-fleurs-de-nassos-daphnis\/","name":"Les fleurs de Nassos Daphnis | Forbes Belgique","isPartOf":{"@id":"https:\/\/www.forbes.be\/fr\/#website"},"primaryImageOfPage":{"@id":"https:\/\/www.forbes.be\/fr\/les-fleurs-de-nassos-daphnis\/#primaryimage"},"image":{"@id":"https:\/\/www.forbes.be\/fr\/les-fleurs-de-nassos-daphnis\/#primaryimage"},"thumbnailUrl":"https:\/\/www.forbes.be\/fr\/wp-content\/uploads\/2026\/09\/image-16-08-26-a-1136-e1788256115799.png","datePublished":"2026-09-04T04:41:28+00:00","description":"\u00c0 la Fondation CAB de Saint-Paul-de-Vence, Gregory Lang retrace le parcours de Nassos Daphnis, entre abstraction g\u00e9om\u00e9trique, plexiglas et pivoines.","breadcrumb":{"@id":"https:\/\/www.forbes.be\/fr\/les-fleurs-de-nassos-daphnis\/#breadcrumb"},"inLanguage":"fr-FR","potentialAction":[{"@type":"ReadAction","target":["https:\/\/www.forbes.be\/fr\/les-fleurs-de-nassos-daphnis\/"]}]},{"@type":"ImageObject","inLanguage":"fr-FR","@id":"https:\/\/www.forbes.be\/fr\/les-fleurs-de-nassos-daphnis\/#primaryimage","url":"https:\/\/www.forbes.be\/fr\/wp-content\/uploads\/2026\/09\/image-16-08-26-a-1136-e1788256115799.png","contentUrl":"https:\/\/www.forbes.be\/fr\/wp-content\/uploads\/2026\/09\/image-16-08-26-a-1136-e1788256115799.png","width":958,"height":502},{"@type":"BreadcrumbList","@id":"https:\/\/www.forbes.be\/fr\/les-fleurs-de-nassos-daphnis\/#breadcrumb","itemListElement":[{"@type":"ListItem","position":1,"name":"Accueil","item":"https:\/\/www.forbes.be\/fr\/"},{"@type":"ListItem","position":2,"name":"Les fleurs de Nassos Daphnis"}]},{"@type":"WebSite","@id":"https:\/\/www.forbes.be\/fr\/#website","url":"https:\/\/www.forbes.be\/fr\/","name":"Forbes Belgique","description":"","publisher":{"@id":"https:\/\/www.forbes.be\/fr\/#organization"},"potentialAction":[{"@type":"SearchAction","target":{"@type":"EntryPoint","urlTemplate":"https:\/\/www.forbes.be\/fr\/?s={search_term_string}"},"query-input":{"@type":"PropertyValueSpecification","valueRequired":true,"valueName":"search_term_string"}}],"inLanguage":"fr-FR"},{"@type":"Organization","@id":"https:\/\/www.forbes.be\/fr\/#organization","name":"Forbes Belgique","url":"https:\/\/www.forbes.be\/fr\/","logo":{"@type":"ImageObject","inLanguage":"fr-FR","@id":"https:\/\/www.forbes.be\/fr\/#\/schema\/logo\/image\/","url":"https:\/\/www.forbes.be\/fr\/wp-content\/uploads\/2024\/02\/forbes.be_.png","contentUrl":"https:\/\/www.forbes.be\/fr\/wp-content\/uploads\/2024\/02\/forbes.be_.png","width":1200,"height":675,"caption":"Forbes Belgique"},"image":{"@id":"https:\/\/www.forbes.be\/fr\/#\/schema\/logo\/image\/"},"sameAs":["https:\/\/www.facebook.com\/forbesbelgique\/","https:\/\/www.instagram.com\/Forbes_Belgium","https:\/\/www.linkedin.com\/company\/forbes-belgium\/"]},{"@type":"Person","@id":"https:\/\/www.forbes.be\/fr\/#\/schema\/person\/ad1bb0e83419af89356b7b11a6622c80","name":"Johan-Fr\u00e9d\u00e9rik Hel Guedj","image":{"@type":"ImageObject","inLanguage":"fr-FR","@id":"https:\/\/secure.gravatar.com\/avatar\/65333543693434f2cc9fdefb3173b162df98712d00606b00b3d43914f79a1598?s=96&d=mm&r=g","url":"https:\/\/secure.gravatar.com\/avatar\/65333543693434f2cc9fdefb3173b162df98712d00606b00b3d43914f79a1598?s=96&d=mm&r=g","contentUrl":"https:\/\/secure.gravatar.com\/avatar\/65333543693434f2cc9fdefb3173b162df98712d00606b00b3d43914f79a1598?s=96&d=mm&r=g","caption":"Johan-Fr\u00e9d\u00e9rik Hel Guedj"},"description":"Johan-Frederik Hel Guedj est journaliste et auteur fran\u00e7ais. R\u00e9dacteur en chef pendant 7 ans de la revue Pouvoirs Locaux, consacr\u00e9e aux politiques culturelles, il a publi\u00e9 huit ouvrages chez des \u00e9diteurs fran\u00e7ais et belges, dont deux romans, un essai consacr\u00e9 \u00e0 Orson Welles, et quatre livres d\u2019art. En plus de Forbes, il collabore \u00e0 L\u2019Echo et au Quotidien de l\u2019Art (Paris).","url":"https:\/\/www.forbes.be\/fr\/author\/johan-frederik-hel-guedj\/"}]}},"_links":{"self":[{"href":"https:\/\/www.forbes.be\/fr\/wp-json\/wp\/v2\/posts\/19106","targetHints":{"allow":["GET"]}}],"collection":[{"href":"https:\/\/www.forbes.be\/fr\/wp-json\/wp\/v2\/posts"}],"about":[{"href":"https:\/\/www.forbes.be\/fr\/wp-json\/wp\/v2\/types\/post"}],"author":[{"embeddable":true,"href":"https:\/\/www.forbes.be\/fr\/wp-json\/wp\/v2\/users\/27"}],"replies":[{"embeddable":true,"href":"https:\/\/www.forbes.be\/fr\/wp-json\/wp\/v2\/comments?post=19106"}],"version-history":[{"count":1,"href":"https:\/\/www.forbes.be\/fr\/wp-json\/wp\/v2\/posts\/19106\/revisions"}],"predecessor-version":[{"id":19109,"href":"https:\/\/www.forbes.be\/fr\/wp-json\/wp\/v2\/posts\/19106\/revisions\/19109"}],"wp:featuredmedia":[{"embeddable":true,"href":"https:\/\/www.forbes.be\/fr\/wp-json\/wp\/v2\/media\/19107"}],"wp:attachment":[{"href":"https:\/\/www.forbes.be\/fr\/wp-json\/wp\/v2\/media?parent=19106"}],"wp:term":[{"taxonomy":"category","embeddable":true,"href":"https:\/\/www.forbes.be\/fr\/wp-json\/wp\/v2\/categories?post=19106"},{"taxonomy":"post_tag","embeddable":true,"href":"https:\/\/www.forbes.be\/fr\/wp-json\/wp\/v2\/tags?post=19106"}],"curies":[{"name":"wp","href":"https:\/\/api.w.org\/{rel}","templated":true}]}}