{"id":2047,"date":"2024-04-12T16:00:38","date_gmt":"2024-04-12T14:00:38","guid":{"rendered":"https:\/\/www.forbes.be\/fr\/?p=2047"},"modified":"2026-02-24T18:58:55","modified_gmt":"2026-02-24T17:58:55","slug":"les-fonds-de-la-branche-23-une-nouvelle-tendance-dans-la-planification-de-la-retraite","status":"publish","type":"post","link":"https:\/\/www.forbes.be\/fr\/les-fonds-de-la-branche-23-une-nouvelle-tendance-dans-la-planification-de-la-retraite\/","title":{"rendered":"Les fonds de la Branche 23, une nouvelle tendance dans la planification de la retraite"},"content":{"rendered":"<p><span style=\"font-weight: 400;\">Dans le monde en constante \u00e9volution de la planification de la retraite, les fonds de la Branche 23 font une perc\u00e9e notable. De plus en plus d&#8217;employeurs d\u00e9cident de b\u00e2tir leurs polices d&rsquo;assurance collective autour de ces fonds qui, compar\u00e9s aux assurances traditionnelles de la Branche 21, offrent un potentiel de rendement plus \u00e9lev\u00e9. Une \u00e9volution qui rev\u00eat une grande importance non seulement pour l&#8217;employeur, mais aussi pour l&#8217;employ\u00e9, souligne Werner Keeris, managing director de Health &amp; Wealth Solutions chez <a href=\"https:\/\/www.aon.com\/belgium\/fr\/default\" target=\"_blank\" rel=\"noopener\">Aon Belgium<\/a>.<\/span><\/p>\n<p><span style=\"font-weight: 400;\">Cette \u00e9volution se refl\u00e8te dans l&rsquo;\u00e9tude d&rsquo;Aon, qui conseille les entreprises dans la mise en place de leurs plans de pension. L&rsquo;\u00e9tude, qui portait sur les prestations extra-l\u00e9gales de pension et de d\u00e9c\u00e8s des plans de pension compl\u00e9mentaires en Belgique, a \u00e9t\u00e9 men\u00e9e aupr\u00e8s de 285 entreprises, qui repr\u00e9sentent environ 300.000 travailleurs. \u00ab\u00a0Ce faisant, on a constat\u00e9 un doublement du nombre de plans travaillant avec des fonds de la Branche 23 depuis la derni\u00e8re \u00e9tude fin 2018. Actuellement, 6 % des plans de pension \u00e9tudi\u00e9s utilisent ce type de produit\u00a0\u00bb, explique Werner Keeris.<\/span><\/p>\n<p><span style=\"font-weight: 400;\">Le ph\u00e9nom\u00e8ne s&rsquo;explique par des ann\u00e9es de faibles taux d&rsquo;int\u00e9r\u00eat sur le march\u00e9, qui maintiennent les rendements garantis de l&rsquo;assurance Branche-21 \u00e0 un niveau relativement bas. Or, les employeurs sont tenus, en vertu de l&rsquo;article 24 de la loi sur les pensions compl\u00e9mentaires, d&rsquo;offrir \u00e0 leurs employ\u00e9s un rendement minimum (actuellement de 1,75 %). \u00ab\u00a0Les employeurs risquent donc de devoir compl\u00e9ter ce rendement. La hausse des taux d&rsquo;int\u00e9r\u00eat du march\u00e9 entra\u00eenera une augmentation du taux minimum l\u00e9gal en 2025. Nous savons d\u00e9j\u00e0 qu&rsquo;il atteindra au moins 2,25 %\u00a0\u00bb, observe Werner Keeris.<\/span><\/p>\n<h2>Une diff\u00e9rence de 163 000 euros<\/h2>\n<p><span style=\"font-weight: 400;\">Aon illustre ces propos par un exemple concret, en comparant les performances d&rsquo;un plan m\u00e9dian pour cadres investi dans la Branche 21 et la Branche 23. Un cadre, s&rsquo;il commence \u00e0 30 ans, percevrait 28 fois son salaire final \u00e0 la fin de sa carri\u00e8re avec un plan de la Branche 21, contre 39 fois avec un plan de la Branche 23. La diff\u00e9rence est de 37 %, soit 163 000 euros, ce qui montre clairement l&rsquo;impact financier du choix de financement.<\/span><\/p>\n<p><span style=\"font-weight: 400;\"><a href=\"https:\/\/www.aon.com\/belgium\/fr\/default\" target=\"_blank\" rel=\"noopener\">Aon<\/a> souligne que les plans de pension compl\u00e9mentaires sont un outil puissant pour attirer et retenir les talents. Pour les employ\u00e9s ayant 10 \u00e0 15 ans d&rsquo;exp\u00e9rience, la pension compl\u00e9mentaire est un facteur de motivation particuli\u00e8rement important. Le nombre de plans de pension propos\u00e9s sans cotisations salariales a \u00e9galement augment\u00e9, ce qui accro\u00eet la flexibilit\u00e9 juridique pour les employeurs.<\/span><\/p>\n<p><span style=\"font-weight: 400;\">Enfin, Werner Keeris souligne l&rsquo;importance de la communication. Une communication claire et transparente sur les avantages des plans de pension devrait garantir que les employ\u00e9s sont bien inform\u00e9s, m\u00eame si l&rsquo;on craint qu&rsquo;une abondance d&rsquo;informations n&rsquo;ait l&rsquo;effet inverse.<\/span><\/p>\n<p><span style=\"font-weight: 400;\">Alors que les fonds de la Branche 23 font leur apparition dans le monde de la planification de la retraite, l\u2019\u00e9quilibre entre les rendements potentiels et une communication claire semble la cl\u00e9 du succ\u00e8s.<\/span><\/p>\n<p>Cet article a \u00e9t\u00e9 \u00e9crit en \u00e9troite collaboration avec <a href=\"https:\/\/www.aon.com\/belgium\/fr\/default\" target=\"_blank\" rel=\"noopener\">Aon Belgium<\/a>.<\/p>\n","protected":false},"excerpt":{"rendered":"<p>Dans le monde en constante \u00e9volution de la planification de la retraite, les fonds de la Branche 23 font une perc\u00e9e notable. De plus en plus d&#8217;employeurs d\u00e9cident de b\u00e2tir leurs polices d&rsquo;assurance collective autour de ces fonds qui, compar\u00e9s aux assurances traditionnelles de la Branche 21, offrent un potentiel de rendement plus \u00e9lev\u00e9. Une [&hellip;]<\/p>\n","protected":false},"author":7,"featured_media":2065,"comment_status":"closed","ping_status":"closed","sticky":false,"template":"","format":"standard","meta":{"_acf_changed":false,"inline_featured_image":false,"footnotes":""},"categories":[98],"tags":[],"class_list":{"0":"post-2047","1":"post","2":"type-post","3":"status-publish","4":"format-standard","5":"has-post-thumbnail","7":"category-brandvoice"},"acf":[],"_yoast_wpseo_title":null,"_yoast_wpseo_metadesc":"Dans le monde en constante \u00e9volution de la planification de la retraite, les fonds de la Branche 23 font une perc\u00e9e notable.","auteur_traducteur":null,"yoast_head":"<!-- This site is optimized with the Yoast SEO plugin v27.4 - https:\/\/yoast.com\/product\/yoast-seo-wordpress\/ -->\n<title>Les fonds de la Branche 23, une nouvelle tendance dans la planification de la retraite | Forbes Belgique<\/title>\n<meta name=\"description\" content=\"Dans le monde en constante \u00e9volution de la planification de la retraite, les fonds de la Branche 23 font une perc\u00e9e notable.\" \/>\n<meta name=\"robots\" content=\"index, follow, max-snippet:-1, max-image-preview:large, max-video-preview:-1\" \/>\n<link rel=\"canonical\" href=\"https:\/\/www.forbes.be\/fr\/les-fonds-de-la-branche-23-une-nouvelle-tendance-dans-la-planification-de-la-retraite\/\" \/>\n<meta property=\"og:locale\" content=\"fr_FR\" \/>\n<meta property=\"og:type\" content=\"article\" \/>\n<meta property=\"og:title\" content=\"Les fonds de la Branche 23, une nouvelle tendance dans la planification de la retraite | Forbes Belgique\" \/>\n<meta property=\"og:description\" content=\"Dans le monde en constante \u00e9volution de la planification de la retraite, les fonds de la Branche 23 font une perc\u00e9e notable.\" \/>\n<meta property=\"og:url\" content=\"https:\/\/www.forbes.be\/fr\/les-fonds-de-la-branche-23-une-nouvelle-tendance-dans-la-planification-de-la-retraite\/\" \/>\n<meta property=\"og:site_name\" content=\"Forbes Belgique\" \/>\n<meta property=\"article:publisher\" content=\"https:\/\/www.facebook.com\/forbesbelgique\/\" \/>\n<meta property=\"article:published_time\" content=\"2024-04-12T14:00:38+00:00\" \/>\n<meta property=\"article:modified_time\" content=\"2026-02-24T17:58:55+00:00\" \/>\n<meta property=\"og:image\" content=\"https:\/\/www.forbes.be\/fr\/wp-content\/uploads\/2024\/04\/Aon_Werner-9-scaled-e1712927893270.jpg\" \/>\n\t<meta property=\"og:image:width\" content=\"1693\" \/>\n\t<meta property=\"og:image:height\" content=\"951\" \/>\n\t<meta property=\"og:image:type\" content=\"image\/jpeg\" \/>\n<meta name=\"author\" content=\"BRANDVOICE | Sponsored Content\" \/>\n<meta name=\"twitter:card\" content=\"summary_large_image\" \/>\n<meta name=\"twitter:label1\" content=\"\u00c9crit par\" \/>\n\t<meta name=\"twitter:data1\" content=\"BRANDVOICE | Sponsored Content\" \/>\n\t<meta name=\"twitter:label2\" content=\"Dur\u00e9e de lecture estim\u00e9e\" \/>\n\t<meta name=\"twitter:data2\" content=\"3 minutes\" \/>\n<script type=\"application\/ld+json\" class=\"yoast-schema-graph\">{\"@context\":\"https:\\\/\\\/schema.org\",\"@graph\":[{\"@type\":\"NewsArticle\",\"@id\":\"https:\\\/\\\/www.forbes.be\\\/fr\\\/les-fonds-de-la-branche-23-une-nouvelle-tendance-dans-la-planification-de-la-retraite\\\/#article\",\"isPartOf\":{\"@id\":\"https:\\\/\\\/www.forbes.be\\\/fr\\\/les-fonds-de-la-branche-23-une-nouvelle-tendance-dans-la-planification-de-la-retraite\\\/\"},\"author\":{\"name\":\"BRANDVOICE | Sponsored Content\",\"@id\":\"https:\\\/\\\/www.forbes.be\\\/fr\\\/#\\\/schema\\\/person\\\/f6bf8fa623babedc7051f16985d6a1d5\"},\"headline\":\"Les fonds de la Branche 23, une nouvelle tendance dans la planification de la retraite\",\"datePublished\":\"2024-04-12T14:00:38+00:00\",\"dateModified\":\"2026-02-24T17:58:55+00:00\",\"mainEntityOfPage\":{\"@id\":\"https:\\\/\\\/www.forbes.be\\\/fr\\\/les-fonds-de-la-branche-23-une-nouvelle-tendance-dans-la-planification-de-la-retraite\\\/\"},\"wordCount\":521,\"publisher\":{\"@id\":\"https:\\\/\\\/www.forbes.be\\\/fr\\\/#organization\"},\"image\":{\"@id\":\"https:\\\/\\\/www.forbes.be\\\/fr\\\/les-fonds-de-la-branche-23-une-nouvelle-tendance-dans-la-planification-de-la-retraite\\\/#primaryimage\"},\"thumbnailUrl\":\"https:\\\/\\\/www.forbes.be\\\/fr\\\/wp-content\\\/uploads\\\/2024\\\/04\\\/Aon_Werner-9-scaled-e1712927893270.jpg\",\"articleSection\":[\"Brandvoice\"],\"inLanguage\":\"fr-FR\"},{\"@type\":\"WebPage\",\"@id\":\"https:\\\/\\\/www.forbes.be\\\/fr\\\/les-fonds-de-la-branche-23-une-nouvelle-tendance-dans-la-planification-de-la-retraite\\\/\",\"url\":\"https:\\\/\\\/www.forbes.be\\\/fr\\\/les-fonds-de-la-branche-23-une-nouvelle-tendance-dans-la-planification-de-la-retraite\\\/\",\"name\":\"Les fonds de la Branche 23, une nouvelle tendance dans la planification de la retraite | Forbes Belgique\",\"isPartOf\":{\"@id\":\"https:\\\/\\\/www.forbes.be\\\/fr\\\/#website\"},\"primaryImageOfPage\":{\"@id\":\"https:\\\/\\\/www.forbes.be\\\/fr\\\/les-fonds-de-la-branche-23-une-nouvelle-tendance-dans-la-planification-de-la-retraite\\\/#primaryimage\"},\"image\":{\"@id\":\"https:\\\/\\\/www.forbes.be\\\/fr\\\/les-fonds-de-la-branche-23-une-nouvelle-tendance-dans-la-planification-de-la-retraite\\\/#primaryimage\"},\"thumbnailUrl\":\"https:\\\/\\\/www.forbes.be\\\/fr\\\/wp-content\\\/uploads\\\/2024\\\/04\\\/Aon_Werner-9-scaled-e1712927893270.jpg\",\"datePublished\":\"2024-04-12T14:00:38+00:00\",\"dateModified\":\"2026-02-24T17:58:55+00:00\",\"description\":\"Dans le monde en constante \u00e9volution de la planification de la retraite, les fonds de la Branche 23 font une perc\u00e9e notable.\",\"breadcrumb\":{\"@id\":\"https:\\\/\\\/www.forbes.be\\\/fr\\\/les-fonds-de-la-branche-23-une-nouvelle-tendance-dans-la-planification-de-la-retraite\\\/#breadcrumb\"},\"inLanguage\":\"fr-FR\",\"potentialAction\":[{\"@type\":\"ReadAction\",\"target\":[\"https:\\\/\\\/www.forbes.be\\\/fr\\\/les-fonds-de-la-branche-23-une-nouvelle-tendance-dans-la-planification-de-la-retraite\\\/\"]}]},{\"@type\":\"ImageObject\",\"inLanguage\":\"fr-FR\",\"@id\":\"https:\\\/\\\/www.forbes.be\\\/fr\\\/les-fonds-de-la-branche-23-une-nouvelle-tendance-dans-la-planification-de-la-retraite\\\/#primaryimage\",\"url\":\"https:\\\/\\\/www.forbes.be\\\/fr\\\/wp-content\\\/uploads\\\/2024\\\/04\\\/Aon_Werner-9-scaled-e1712927893270.jpg\",\"contentUrl\":\"https:\\\/\\\/www.forbes.be\\\/fr\\\/wp-content\\\/uploads\\\/2024\\\/04\\\/Aon_Werner-9-scaled-e1712927893270.jpg\",\"width\":1693,\"height\":951,\"caption\":\"Werner Keeris, managing director de Health &amp; Wealth Solutions chez Aon Belgium.\"},{\"@type\":\"BreadcrumbList\",\"@id\":\"https:\\\/\\\/www.forbes.be\\\/fr\\\/les-fonds-de-la-branche-23-une-nouvelle-tendance-dans-la-planification-de-la-retraite\\\/#breadcrumb\",\"itemListElement\":[{\"@type\":\"ListItem\",\"position\":1,\"name\":\"Accueil\",\"item\":\"https:\\\/\\\/www.forbes.be\\\/fr\\\/\"},{\"@type\":\"ListItem\",\"position\":2,\"name\":\"Les fonds de la Branche 23, une nouvelle tendance dans la planification de la retraite\"}]},{\"@type\":\"WebSite\",\"@id\":\"https:\\\/\\\/www.forbes.be\\\/fr\\\/#website\",\"url\":\"https:\\\/\\\/www.forbes.be\\\/fr\\\/\",\"name\":\"Forbes Belgique\",\"description\":\"\",\"publisher\":{\"@id\":\"https:\\\/\\\/www.forbes.be\\\/fr\\\/#organization\"},\"potentialAction\":[{\"@type\":\"SearchAction\",\"target\":{\"@type\":\"EntryPoint\",\"urlTemplate\":\"https:\\\/\\\/www.forbes.be\\\/fr\\\/?s={search_term_string}\"},\"query-input\":{\"@type\":\"PropertyValueSpecification\",\"valueRequired\":true,\"valueName\":\"search_term_string\"}}],\"inLanguage\":\"fr-FR\"},{\"@type\":\"Organization\",\"@id\":\"https:\\\/\\\/www.forbes.be\\\/fr\\\/#organization\",\"name\":\"Forbes Belgique\",\"url\":\"https:\\\/\\\/www.forbes.be\\\/fr\\\/\",\"logo\":{\"@type\":\"ImageObject\",\"inLanguage\":\"fr-FR\",\"@id\":\"https:\\\/\\\/www.forbes.be\\\/fr\\\/#\\\/schema\\\/logo\\\/image\\\/\",\"url\":\"https:\\\/\\\/www.forbes.be\\\/fr\\\/wp-content\\\/uploads\\\/2024\\\/02\\\/forbes.be_.png\",\"contentUrl\":\"https:\\\/\\\/www.forbes.be\\\/fr\\\/wp-content\\\/uploads\\\/2024\\\/02\\\/forbes.be_.png\",\"width\":1200,\"height\":675,\"caption\":\"Forbes Belgique\"},\"image\":{\"@id\":\"https:\\\/\\\/www.forbes.be\\\/fr\\\/#\\\/schema\\\/logo\\\/image\\\/\"},\"sameAs\":[\"https:\\\/\\\/www.facebook.com\\\/forbesbelgique\\\/\",\"https:\\\/\\\/www.instagram.com\\\/Forbes_Belgium\",\"https:\\\/\\\/www.linkedin.com\\\/company\\\/forbes-belgium\\\/\"]},{\"@type\":\"Person\",\"@id\":\"https:\\\/\\\/www.forbes.be\\\/fr\\\/#\\\/schema\\\/person\\\/f6bf8fa623babedc7051f16985d6a1d5\",\"name\":\"BRANDVOICE | Sponsored Content\",\"image\":{\"@type\":\"ImageObject\",\"inLanguage\":\"fr-FR\",\"@id\":\"https:\\\/\\\/www.forbes.be\\\/fr\\\/wp-content\\\/uploads\\\/2024\\\/01\\\/forbes-thumb-150x150.jpg\",\"url\":\"https:\\\/\\\/www.forbes.be\\\/fr\\\/wp-content\\\/uploads\\\/2024\\\/01\\\/forbes-thumb-150x150.jpg\",\"contentUrl\":\"https:\\\/\\\/www.forbes.be\\\/fr\\\/wp-content\\\/uploads\\\/2024\\\/01\\\/forbes-thumb-150x150.jpg\",\"caption\":\"BRANDVOICE | Sponsored Content\"},\"url\":\"https:\\\/\\\/www.forbes.be\\\/fr\\\/author\\\/partenairesforbes-be\\\/\"}]}<\/script>\n<!-- \/ Yoast SEO plugin. -->","yoast_head_json":{"title":"Les fonds de la Branche 23, une nouvelle tendance dans la planification de la retraite | Forbes Belgique","description":"Dans le monde en constante \u00e9volution de la planification de la retraite, les fonds de la Branche 23 font une perc\u00e9e notable.","robots":{"index":"index","follow":"follow","max-snippet":"max-snippet:-1","max-image-preview":"max-image-preview:large","max-video-preview":"max-video-preview:-1"},"canonical":"https:\/\/www.forbes.be\/fr\/les-fonds-de-la-branche-23-une-nouvelle-tendance-dans-la-planification-de-la-retraite\/","og_locale":"fr_FR","og_type":"article","og_title":"Les fonds de la Branche 23, une nouvelle tendance dans la planification de la retraite | Forbes Belgique","og_description":"Dans le monde en constante \u00e9volution de la planification de la retraite, les fonds de la Branche 23 font une perc\u00e9e notable.","og_url":"https:\/\/www.forbes.be\/fr\/les-fonds-de-la-branche-23-une-nouvelle-tendance-dans-la-planification-de-la-retraite\/","og_site_name":"Forbes Belgique","article_publisher":"https:\/\/www.facebook.com\/forbesbelgique\/","article_published_time":"2024-04-12T14:00:38+00:00","article_modified_time":"2026-02-24T17:58:55+00:00","og_image":[{"width":1693,"height":951,"url":"https:\/\/www.forbes.be\/fr\/wp-content\/uploads\/2024\/04\/Aon_Werner-9-scaled-e1712927893270.jpg","type":"image\/jpeg"}],"author":"BRANDVOICE | Sponsored Content","twitter_card":"summary_large_image","twitter_misc":{"\u00c9crit par":"BRANDVOICE | Sponsored Content","Dur\u00e9e de lecture estim\u00e9e":"3 minutes"},"schema":{"@context":"https:\/\/schema.org","@graph":[{"@type":"NewsArticle","@id":"https:\/\/www.forbes.be\/fr\/les-fonds-de-la-branche-23-une-nouvelle-tendance-dans-la-planification-de-la-retraite\/#article","isPartOf":{"@id":"https:\/\/www.forbes.be\/fr\/les-fonds-de-la-branche-23-une-nouvelle-tendance-dans-la-planification-de-la-retraite\/"},"author":{"name":"BRANDVOICE | Sponsored Content","@id":"https:\/\/www.forbes.be\/fr\/#\/schema\/person\/f6bf8fa623babedc7051f16985d6a1d5"},"headline":"Les fonds de la Branche 23, une nouvelle tendance dans la planification de la retraite","datePublished":"2024-04-12T14:00:38+00:00","dateModified":"2026-02-24T17:58:55+00:00","mainEntityOfPage":{"@id":"https:\/\/www.forbes.be\/fr\/les-fonds-de-la-branche-23-une-nouvelle-tendance-dans-la-planification-de-la-retraite\/"},"wordCount":521,"publisher":{"@id":"https:\/\/www.forbes.be\/fr\/#organization"},"image":{"@id":"https:\/\/www.forbes.be\/fr\/les-fonds-de-la-branche-23-une-nouvelle-tendance-dans-la-planification-de-la-retraite\/#primaryimage"},"thumbnailUrl":"https:\/\/www.forbes.be\/fr\/wp-content\/uploads\/2024\/04\/Aon_Werner-9-scaled-e1712927893270.jpg","articleSection":["Brandvoice"],"inLanguage":"fr-FR"},{"@type":"WebPage","@id":"https:\/\/www.forbes.be\/fr\/les-fonds-de-la-branche-23-une-nouvelle-tendance-dans-la-planification-de-la-retraite\/","url":"https:\/\/www.forbes.be\/fr\/les-fonds-de-la-branche-23-une-nouvelle-tendance-dans-la-planification-de-la-retraite\/","name":"Les fonds de la Branche 23, une nouvelle tendance dans la planification de la retraite | Forbes Belgique","isPartOf":{"@id":"https:\/\/www.forbes.be\/fr\/#website"},"primaryImageOfPage":{"@id":"https:\/\/www.forbes.be\/fr\/les-fonds-de-la-branche-23-une-nouvelle-tendance-dans-la-planification-de-la-retraite\/#primaryimage"},"image":{"@id":"https:\/\/www.forbes.be\/fr\/les-fonds-de-la-branche-23-une-nouvelle-tendance-dans-la-planification-de-la-retraite\/#primaryimage"},"thumbnailUrl":"https:\/\/www.forbes.be\/fr\/wp-content\/uploads\/2024\/04\/Aon_Werner-9-scaled-e1712927893270.jpg","datePublished":"2024-04-12T14:00:38+00:00","dateModified":"2026-02-24T17:58:55+00:00","description":"Dans le monde en constante \u00e9volution de la planification de la retraite, les fonds de la Branche 23 font une perc\u00e9e notable.","breadcrumb":{"@id":"https:\/\/www.forbes.be\/fr\/les-fonds-de-la-branche-23-une-nouvelle-tendance-dans-la-planification-de-la-retraite\/#breadcrumb"},"inLanguage":"fr-FR","potentialAction":[{"@type":"ReadAction","target":["https:\/\/www.forbes.be\/fr\/les-fonds-de-la-branche-23-une-nouvelle-tendance-dans-la-planification-de-la-retraite\/"]}]},{"@type":"ImageObject","inLanguage":"fr-FR","@id":"https:\/\/www.forbes.be\/fr\/les-fonds-de-la-branche-23-une-nouvelle-tendance-dans-la-planification-de-la-retraite\/#primaryimage","url":"https:\/\/www.forbes.be\/fr\/wp-content\/uploads\/2024\/04\/Aon_Werner-9-scaled-e1712927893270.jpg","contentUrl":"https:\/\/www.forbes.be\/fr\/wp-content\/uploads\/2024\/04\/Aon_Werner-9-scaled-e1712927893270.jpg","width":1693,"height":951,"caption":"Werner Keeris, managing director de Health &amp; Wealth Solutions chez Aon Belgium."},{"@type":"BreadcrumbList","@id":"https:\/\/www.forbes.be\/fr\/les-fonds-de-la-branche-23-une-nouvelle-tendance-dans-la-planification-de-la-retraite\/#breadcrumb","itemListElement":[{"@type":"ListItem","position":1,"name":"Accueil","item":"https:\/\/www.forbes.be\/fr\/"},{"@type":"ListItem","position":2,"name":"Les fonds de la Branche 23, une nouvelle tendance dans la planification de la retraite"}]},{"@type":"WebSite","@id":"https:\/\/www.forbes.be\/fr\/#website","url":"https:\/\/www.forbes.be\/fr\/","name":"Forbes Belgique","description":"","publisher":{"@id":"https:\/\/www.forbes.be\/fr\/#organization"},"potentialAction":[{"@type":"SearchAction","target":{"@type":"EntryPoint","urlTemplate":"https:\/\/www.forbes.be\/fr\/?s={search_term_string}"},"query-input":{"@type":"PropertyValueSpecification","valueRequired":true,"valueName":"search_term_string"}}],"inLanguage":"fr-FR"},{"@type":"Organization","@id":"https:\/\/www.forbes.be\/fr\/#organization","name":"Forbes Belgique","url":"https:\/\/www.forbes.be\/fr\/","logo":{"@type":"ImageObject","inLanguage":"fr-FR","@id":"https:\/\/www.forbes.be\/fr\/#\/schema\/logo\/image\/","url":"https:\/\/www.forbes.be\/fr\/wp-content\/uploads\/2024\/02\/forbes.be_.png","contentUrl":"https:\/\/www.forbes.be\/fr\/wp-content\/uploads\/2024\/02\/forbes.be_.png","width":1200,"height":675,"caption":"Forbes Belgique"},"image":{"@id":"https:\/\/www.forbes.be\/fr\/#\/schema\/logo\/image\/"},"sameAs":["https:\/\/www.facebook.com\/forbesbelgique\/","https:\/\/www.instagram.com\/Forbes_Belgium","https:\/\/www.linkedin.com\/company\/forbes-belgium\/"]},{"@type":"Person","@id":"https:\/\/www.forbes.be\/fr\/#\/schema\/person\/f6bf8fa623babedc7051f16985d6a1d5","name":"BRANDVOICE | Sponsored Content","image":{"@type":"ImageObject","inLanguage":"fr-FR","@id":"https:\/\/www.forbes.be\/fr\/wp-content\/uploads\/2024\/01\/forbes-thumb-150x150.jpg","url":"https:\/\/www.forbes.be\/fr\/wp-content\/uploads\/2024\/01\/forbes-thumb-150x150.jpg","contentUrl":"https:\/\/www.forbes.be\/fr\/wp-content\/uploads\/2024\/01\/forbes-thumb-150x150.jpg","caption":"BRANDVOICE | Sponsored Content"},"url":"https:\/\/www.forbes.be\/fr\/author\/partenairesforbes-be\/"}]}},"_links":{"self":[{"href":"https:\/\/www.forbes.be\/fr\/wp-json\/wp\/v2\/posts\/2047","targetHints":{"allow":["GET"]}}],"collection":[{"href":"https:\/\/www.forbes.be\/fr\/wp-json\/wp\/v2\/posts"}],"about":[{"href":"https:\/\/www.forbes.be\/fr\/wp-json\/wp\/v2\/types\/post"}],"author":[{"embeddable":true,"href":"https:\/\/www.forbes.be\/fr\/wp-json\/wp\/v2\/users\/7"}],"replies":[{"embeddable":true,"href":"https:\/\/www.forbes.be\/fr\/wp-json\/wp\/v2\/comments?post=2047"}],"version-history":[{"count":2,"href":"https:\/\/www.forbes.be\/fr\/wp-json\/wp\/v2\/posts\/2047\/revisions"}],"predecessor-version":[{"id":2066,"href":"https:\/\/www.forbes.be\/fr\/wp-json\/wp\/v2\/posts\/2047\/revisions\/2066"}],"wp:featuredmedia":[{"embeddable":true,"href":"https:\/\/www.forbes.be\/fr\/wp-json\/wp\/v2\/media\/2065"}],"wp:attachment":[{"href":"https:\/\/www.forbes.be\/fr\/wp-json\/wp\/v2\/media?parent=2047"}],"wp:term":[{"taxonomy":"category","embeddable":true,"href":"https:\/\/www.forbes.be\/fr\/wp-json\/wp\/v2\/categories?post=2047"},{"taxonomy":"post_tag","embeddable":true,"href":"https:\/\/www.forbes.be\/fr\/wp-json\/wp\/v2\/tags?post=2047"}],"curies":[{"name":"wp","href":"https:\/\/api.w.org\/{rel}","templated":true}]}}