{"id":2168,"date":"2024-04-22T12:01:53","date_gmt":"2024-04-22T10:01:53","guid":{"rendered":"https:\/\/www.forbes.be\/fr\/?p=2168"},"modified":"2024-04-25T11:15:43","modified_gmt":"2024-04-25T09:15:43","slug":"simon-polet-cofondateur-de-merchery-la-difficulte-cest-de-grand-vite-mais-bien","status":"publish","type":"post","link":"https:\/\/www.forbes.be\/fr\/simon-polet-cofondateur-de-merchery-la-difficulte-cest-de-grand-vite-mais-bien\/","title":{"rendered":"Simon Polet, cofondateur de Merchery : \u00ab La difficult\u00e9, c\u2019est de grandir vite mais bien \u00bb"},"content":{"rendered":"<p><strong>Fond\u00e9e en 2020 par deux amis d\u2019enfance, Simon Polet et Benoit Fortpied, la start-up sp\u00e9cialis\u00e9e en goodies d\u2019entreprise Merchery poursuit son ascension fulgurante, en Europe, mais aussi au Royaume-Uni et aux \u00c9tats-Unis.<\/strong><\/p>\n<p>La mission de <a href=\"https:\/\/merchery.co\/\">Merchery<\/a> est claire : remplacer les articles promotionnels courants, souvent peu \u00e9cologiques, par des produits durables et de qualit\u00e9 sup\u00e9rieure.<\/p>\n<p>D\u00e9but 2023, Merchery a ouvert un bureau \u00e0 New York. Un an plus tard, la start-up r\u00e9alise 15 \u00e0 20% de son chiffre d\u2019affaires aux Etats-Unis. \u00a0\u00ab\u00a0Nous sommes dans une industrie gigantesque. Heureusement ou malheureusement, presque toutes les entreprises ou les organisations au monde font des objets personnalis\u00e9s. C&rsquo;est un march\u00e9 de plusieurs milliards que nous avons l&rsquo;intention de changer pour le meilleur\u00a0\u00bb, explique Simon Polet, cofondateur de Merchery, \u00e0 Forbes Belgique.<\/p>\n<p>Parmi ses clients, Merchery compte des acteurs priv\u00e9s ou publics tr\u00e8s vari\u00e9s, que ce soient la ville de Namur, le Parlement europ\u00e9en, la Commission europ\u00e9enne, WWF, KPMG, Dior, New Balance ou encore Yves Saint-Laurent.<\/p>\n<p><strong>Comment est n\u00e9e l\u2019id\u00e9e de Merchery\u00a0?<\/strong><\/p>\n<p>Simon Polet\u00a0: Apr\u00e8s nos \u00e9tudes, Benoit Fortpied et moi avons lanc\u00e9 une marque de gourdes. Nous voulions cr\u00e9er une belle gourde en inox, un peu l&rsquo;objet de mode qu&rsquo;on met dans le sac \u00e0 main et qui \u00e9vite la consommation de plastique \u00e0 usage unique. C&rsquo;\u00e9tait un petit projet sans trop d&rsquo;ambition sur lequel nous travaillions le soir et le week-end. Nous nous adressions \u00e0 des particuliers via Instagram et puis aussi dans des boutiques. Apr\u00e8s quelques mois, nous vendions nos gourdes chez Bellerose, Merci Paris et au Grand March\u00e9 \u00e0 Paris.<\/p>\n<p>Un jour, une entreprise qui nous a demand\u00e9 de leur fournir 50 gourdes personnalis\u00e9es. Nous avons accept\u00e9 et c\u2019est ainsi que l&rsquo;id\u00e9e de Merchery est n\u00e9e. Si cette entreprise a fait appel \u00e0 nous, c\u2019est parce que la gourde \u00e9tait durable dans le temps, et qu\u2019elle aidait le propri\u00e9taire du cadeau \u00e0 consommer moins de plastique. Et donc nous avons d\u00e9cid\u00e9 d\u2019ajouter d&rsquo;autres objets \u00e0 notre catalogue. Nous proposons d\u00e9sormais des v\u00eatements en coton organique, des bics Caran d\u2019Ache, des couteaux Opinel, des boules de p\u00e9tanque Obut&#8230;<\/p>\n<p><img loading=\"lazy\" decoding=\"async\" class=\"aligncenter size-large wp-image-2186\" src=\"https:\/\/www.forbes.be\/fr\/wp-content\/uploads\/2024\/04\/merch-1-1024x618.jpg\" alt=\"Merchery\" width=\"696\" height=\"420\" srcset=\"https:\/\/www.forbes.be\/fr\/wp-content\/uploads\/2024\/04\/merch-1-1024x618.jpg 1024w, https:\/\/www.forbes.be\/fr\/wp-content\/uploads\/2024\/04\/merch-1-300x181.jpg 300w, https:\/\/www.forbes.be\/fr\/wp-content\/uploads\/2024\/04\/merch-1-768x464.jpg 768w, https:\/\/www.forbes.be\/fr\/wp-content\/uploads\/2024\/04\/merch-1-1536x927.jpg 1536w, https:\/\/www.forbes.be\/fr\/wp-content\/uploads\/2024\/04\/merch-1-2048x1236.jpg 2048w, https:\/\/www.forbes.be\/fr\/wp-content\/uploads\/2024\/04\/merch-1-696x420.jpg 696w, https:\/\/www.forbes.be\/fr\/wp-content\/uploads\/2024\/04\/merch-1-1068x645.jpg 1068w, https:\/\/www.forbes.be\/fr\/wp-content\/uploads\/2024\/04\/merch-1-1920x1159.jpg 1920w\" sizes=\"auto, (max-width: 696px) 100vw, 696px\" \/><\/p>\n<p><strong>Vous avez lanc\u00e9 votre entreprise au moment o\u00f9 la pand\u00e9mie de Covid a \u00e9clat\u00e9. Celle-ci ne vous a pas frein\u00e9 dans vos projets\u00a0? <\/strong><\/p>\n<p>Nous nous sommes rendus compte que c&rsquo;\u00e9tait une p\u00e9riode durant laquelle les entreprises soignaient fort leur personnel. Beaucoup d&#8217;employ\u00e9s \u00e9taient encore \u00e0 la maison. Les cadeaux personnalis\u00e9s, c&rsquo;\u00e9tait une fa\u00e7on de les encourager, de les remercier pour les efforts de travailler \u00e0 distance et d&rsquo;apporter la marque de l&rsquo;entreprise au sein dans la maison de l&#8217;employ\u00e9. Au final, nous n\u2019avons pas mal v\u00e9cu ce lancement puisque tout a \u00e9t\u00e9 tr\u00e8s vite. Nous avons grandi tr\u00e8s rapidement et la soci\u00e9t\u00e9 a rapidement fonctionn\u00e9.<\/p>\n<p><strong>Quelles sont les principales difficult\u00e9s auxquelles vous avez \u00e9t\u00e9 confront\u00e9s?<\/strong><\/p>\n<p>La difficult\u00e9, c&rsquo;est justement que nous avons grandi tr\u00e8s vite. La premi\u00e8re ann\u00e9e, en l&rsquo;espace de quelques mois, nous avons r\u00e9alis\u00e9 600 000 euros de chiffre d&rsquo;affaires. La deuxi\u00e8me ann\u00e9e, nous avons multipli\u00e9 ce chiffre par trois. La troisi\u00e8me ann\u00e9e, nous avons atteint 3,2 millions. Et, l&rsquo;ann\u00e9e pass\u00e9e, 5 millions. Nos difficult\u00e9s ont \u00e9t\u00e9 \u00a0de rapidement structurer l&rsquo;\u00e9quipe de de bien servir nos clients, de grandir vite, mais bien. Aujourd\u2019hui encore, c\u2019est notre plus gros challenge.<\/p>\n<p><strong>Comment voyez-vous l&rsquo;avenir de Merchery? Voulez-vous d\u00e9velopper encore plus \u00e0 l&rsquo;\u00e9tranger\u00a0?<\/strong><\/p>\n<p>D\u00e9but 2023, nous avons lanc\u00e9 toute une nouvelle offre am\u00e9ricaine. Les produits sont distribu\u00e9s et sourc\u00e9s aux \u00c9tats-Unis. Nous sommes aussi pr\u00e9sents partout en Europe o\u00f9 nos plus gros march\u00e9s sont l&rsquo;Allemagne le Royaume-Uni. Nous venons d\u2019ailleurs de lancer un site britannique avec des prix en pounds et une logistique sp\u00e9cifique au UK.<\/p>\n<p>Nous fonctionnons aussi tr\u00e8s bien dans les pays nordiques et dans d&rsquo;autres pays comme la Suisse ainsi que dans tous les pays qui sont attach\u00e9s \u00e0 la qualit\u00e9 et qui partagent nos valeurs, \u00e0 savoir que la qualit\u00e9 prime sur la quantit\u00e9.<\/p>\n<p><strong>A quel point la durabilit\u00e9 joue-t-elle un r\u00f4le important pour vous\u00a0?<\/strong><\/p>\n<p>Merchery est une soci\u00e9t\u00e9 B Corp, l\u2019un des labels de responsabilit\u00e9 environnementale et sociale les plus exigeants \u00e0 atteindre. Les entreprises qui portent ce label mettent au c\u0153ur de leur mission un objectif social et environnemental. Pour l\u2019obtenir, il faut un score \u00e9lev\u00e9 sur tous les \u00e9l\u00e9ments de l&rsquo;entreprise, que ce soit la fa\u00e7on dont on fonctionne, on produit, dont on transporte et on envoie les produits, mais aussi sur la gouvernance, les \u00e9carts entre hommes et femmes dans les salaires, etc. L&rsquo;id\u00e9e, c&rsquo;est de faire partie d&rsquo;une communaut\u00e9 aux standards \u00e9lev\u00e9s. L&rsquo;important c&rsquo;est de grandir mais de grandir bien. L\u2019id\u00e9e c\u2019est de ne pas faire de compromis, d&rsquo;\u00eatre le moins dommageable possible, car \u00e9videmment on a toujours un impact sur l\u2019environnement.<\/p>\n<p><img loading=\"lazy\" decoding=\"async\" class=\"aligncenter size-large wp-image-2188\" src=\"https:\/\/www.forbes.be\/fr\/wp-content\/uploads\/2024\/04\/merchery-2-1024x1024.jpg\" alt=\"\" width=\"696\" height=\"696\" srcset=\"https:\/\/www.forbes.be\/fr\/wp-content\/uploads\/2024\/04\/merchery-2-1024x1024.jpg 1024w, https:\/\/www.forbes.be\/fr\/wp-content\/uploads\/2024\/04\/merchery-2-300x300.jpg 300w, https:\/\/www.forbes.be\/fr\/wp-content\/uploads\/2024\/04\/merchery-2-150x150.jpg 150w, https:\/\/www.forbes.be\/fr\/wp-content\/uploads\/2024\/04\/merchery-2-768x768.jpg 768w, https:\/\/www.forbes.be\/fr\/wp-content\/uploads\/2024\/04\/merchery-2-1536x1536.jpg 1536w, https:\/\/www.forbes.be\/fr\/wp-content\/uploads\/2024\/04\/merchery-2-2048x2048.jpg 2048w, https:\/\/www.forbes.be\/fr\/wp-content\/uploads\/2024\/04\/merchery-2-696x696.jpg 696w, https:\/\/www.forbes.be\/fr\/wp-content\/uploads\/2024\/04\/merchery-2-1068x1068.jpg 1068w, https:\/\/www.forbes.be\/fr\/wp-content\/uploads\/2024\/04\/merchery-2-1920x1920.jpg 1920w\" sizes=\"auto, (max-width: 696px) 100vw, 696px\" \/><\/p>\n<p>&nbsp;<\/p>\n","protected":false},"excerpt":{"rendered":"<p>Fond\u00e9e en 2020 par deux amis d\u2019enfance, Simon Polet et Benoit Fortpied, la start-up sp\u00e9cialis\u00e9e en goodies d\u2019entreprise Merchery poursuit son ascension fulgurante, en Europe, mais aussi au Royaume-Uni et aux \u00c9tats-Unis. La mission de Merchery est claire : remplacer les articles promotionnels courants, souvent peu \u00e9cologiques, par des produits durables et de qualit\u00e9 sup\u00e9rieure. [&hellip;]<\/p>\n","protected":false},"author":14,"featured_media":2185,"comment_status":"closed","ping_status":"closed","sticky":false,"template":"","format":"standard","meta":{"_acf_changed":false,"inline_featured_image":false,"footnotes":""},"categories":[19],"tags":[],"class_list":{"0":"post-2168","1":"post","2":"type-post","3":"status-publish","4":"format-standard","5":"has-post-thumbnail","7":"category-entrepreneurs"},"acf":[],"_yoast_wpseo_title":null,"_yoast_wpseo_metadesc":null,"auteur_traducteur":null,"yoast_head":"<!-- This site is optimized with the Yoast SEO plugin v27.4 - https:\/\/yoast.com\/product\/yoast-seo-wordpress\/ -->\n<title>Simon Polet, cofondateur de Merchery : \u00ab La difficult\u00e9, c\u2019est de grandir vite mais bien \u00bb | Forbes Belgique<\/title>\n<meta name=\"robots\" content=\"index, follow, max-snippet:-1, max-image-preview:large, max-video-preview:-1\" \/>\n<link rel=\"canonical\" href=\"https:\/\/www.forbes.be\/fr\/simon-polet-cofondateur-de-merchery-la-difficulte-cest-de-grand-vite-mais-bien\/\" \/>\n<meta property=\"og:locale\" content=\"fr_FR\" \/>\n<meta property=\"og:type\" content=\"article\" \/>\n<meta property=\"og:title\" content=\"Simon Polet, cofondateur de Merchery : \u00ab La difficult\u00e9, c\u2019est de grandir vite mais bien \u00bb | Forbes Belgique\" \/>\n<meta property=\"og:description\" content=\"Fond\u00e9e en 2020 par deux amis d\u2019enfance, Simon Polet et Benoit Fortpied, la start-up sp\u00e9cialis\u00e9e en goodies d\u2019entreprise Merchery poursuit son ascension fulgurante, en Europe, mais aussi au Royaume-Uni et aux \u00c9tats-Unis. La mission de Merchery est claire : remplacer les articles promotionnels courants, souvent peu \u00e9cologiques, par des produits durables et de qualit\u00e9 sup\u00e9rieure. [&hellip;]\" \/>\n<meta property=\"og:url\" content=\"https:\/\/www.forbes.be\/fr\/simon-polet-cofondateur-de-merchery-la-difficulte-cest-de-grand-vite-mais-bien\/\" \/>\n<meta property=\"og:site_name\" content=\"Forbes Belgique\" \/>\n<meta property=\"article:publisher\" content=\"https:\/\/www.facebook.com\/forbesbelgique\/\" \/>\n<meta property=\"article:published_time\" content=\"2024-04-22T10:01:53+00:00\" \/>\n<meta property=\"article:modified_time\" content=\"2024-04-25T09:15:43+00:00\" \/>\n<meta property=\"og:image\" content=\"https:\/\/www.forbes.be\/fr\/wp-content\/uploads\/2024\/04\/MERCHERY-37-scaled-e1714036534314.jpg\" \/>\n\t<meta property=\"og:image:width\" content=\"1706\" \/>\n\t<meta property=\"og:image:height\" content=\"960\" \/>\n\t<meta property=\"og:image:type\" content=\"image\/jpeg\" \/>\n<meta name=\"author\" content=\"C\u00e9line Bouckaert\" \/>\n<meta name=\"twitter:card\" content=\"summary_large_image\" \/>\n<meta name=\"twitter:label1\" content=\"\u00c9crit par\" \/>\n\t<meta name=\"twitter:data1\" content=\"C\u00e9line Bouckaert\" \/>\n\t<meta name=\"twitter:label2\" content=\"Dur\u00e9e de lecture estim\u00e9e\" \/>\n\t<meta name=\"twitter:data2\" content=\"5 minutes\" \/>\n<script type=\"application\/ld+json\" class=\"yoast-schema-graph\">{\"@context\":\"https:\\\/\\\/schema.org\",\"@graph\":[{\"@type\":\"NewsArticle\",\"@id\":\"https:\\\/\\\/www.forbes.be\\\/fr\\\/simon-polet-cofondateur-de-merchery-la-difficulte-cest-de-grand-vite-mais-bien\\\/#article\",\"isPartOf\":{\"@id\":\"https:\\\/\\\/www.forbes.be\\\/fr\\\/simon-polet-cofondateur-de-merchery-la-difficulte-cest-de-grand-vite-mais-bien\\\/\"},\"author\":{\"name\":\"C\u00e9line Bouckaert\",\"@id\":\"https:\\\/\\\/www.forbes.be\\\/fr\\\/#\\\/schema\\\/person\\\/8ec2eaf66f85ad162d094b61be753342\"},\"headline\":\"Simon Polet, cofondateur de Merchery : \u00ab La difficult\u00e9, c\u2019est de grandir vite mais bien \u00bb\",\"datePublished\":\"2024-04-22T10:01:53+00:00\",\"dateModified\":\"2024-04-25T09:15:43+00:00\",\"mainEntityOfPage\":{\"@id\":\"https:\\\/\\\/www.forbes.be\\\/fr\\\/simon-polet-cofondateur-de-merchery-la-difficulte-cest-de-grand-vite-mais-bien\\\/\"},\"wordCount\":853,\"publisher\":{\"@id\":\"https:\\\/\\\/www.forbes.be\\\/fr\\\/#organization\"},\"image\":{\"@id\":\"https:\\\/\\\/www.forbes.be\\\/fr\\\/simon-polet-cofondateur-de-merchery-la-difficulte-cest-de-grand-vite-mais-bien\\\/#primaryimage\"},\"thumbnailUrl\":\"https:\\\/\\\/www.forbes.be\\\/fr\\\/wp-content\\\/uploads\\\/2024\\\/04\\\/MERCHERY-37-scaled-e1714036534314.jpg\",\"articleSection\":[\"Entrepreneurs\"],\"inLanguage\":\"fr-FR\"},{\"@type\":\"WebPage\",\"@id\":\"https:\\\/\\\/www.forbes.be\\\/fr\\\/simon-polet-cofondateur-de-merchery-la-difficulte-cest-de-grand-vite-mais-bien\\\/\",\"url\":\"https:\\\/\\\/www.forbes.be\\\/fr\\\/simon-polet-cofondateur-de-merchery-la-difficulte-cest-de-grand-vite-mais-bien\\\/\",\"name\":\"Simon Polet, cofondateur de Merchery : \u00ab La difficult\u00e9, c\u2019est de grandir vite mais bien \u00bb | Forbes Belgique\",\"isPartOf\":{\"@id\":\"https:\\\/\\\/www.forbes.be\\\/fr\\\/#website\"},\"primaryImageOfPage\":{\"@id\":\"https:\\\/\\\/www.forbes.be\\\/fr\\\/simon-polet-cofondateur-de-merchery-la-difficulte-cest-de-grand-vite-mais-bien\\\/#primaryimage\"},\"image\":{\"@id\":\"https:\\\/\\\/www.forbes.be\\\/fr\\\/simon-polet-cofondateur-de-merchery-la-difficulte-cest-de-grand-vite-mais-bien\\\/#primaryimage\"},\"thumbnailUrl\":\"https:\\\/\\\/www.forbes.be\\\/fr\\\/wp-content\\\/uploads\\\/2024\\\/04\\\/MERCHERY-37-scaled-e1714036534314.jpg\",\"datePublished\":\"2024-04-22T10:01:53+00:00\",\"dateModified\":\"2024-04-25T09:15:43+00:00\",\"breadcrumb\":{\"@id\":\"https:\\\/\\\/www.forbes.be\\\/fr\\\/simon-polet-cofondateur-de-merchery-la-difficulte-cest-de-grand-vite-mais-bien\\\/#breadcrumb\"},\"inLanguage\":\"fr-FR\",\"potentialAction\":[{\"@type\":\"ReadAction\",\"target\":[\"https:\\\/\\\/www.forbes.be\\\/fr\\\/simon-polet-cofondateur-de-merchery-la-difficulte-cest-de-grand-vite-mais-bien\\\/\"]}]},{\"@type\":\"ImageObject\",\"inLanguage\":\"fr-FR\",\"@id\":\"https:\\\/\\\/www.forbes.be\\\/fr\\\/simon-polet-cofondateur-de-merchery-la-difficulte-cest-de-grand-vite-mais-bien\\\/#primaryimage\",\"url\":\"https:\\\/\\\/www.forbes.be\\\/fr\\\/wp-content\\\/uploads\\\/2024\\\/04\\\/MERCHERY-37-scaled-e1714036534314.jpg\",\"contentUrl\":\"https:\\\/\\\/www.forbes.be\\\/fr\\\/wp-content\\\/uploads\\\/2024\\\/04\\\/MERCHERY-37-scaled-e1714036534314.jpg\",\"width\":1706,\"height\":960,\"caption\":\"Simon Polet et Benoit Fortpied\"},{\"@type\":\"BreadcrumbList\",\"@id\":\"https:\\\/\\\/www.forbes.be\\\/fr\\\/simon-polet-cofondateur-de-merchery-la-difficulte-cest-de-grand-vite-mais-bien\\\/#breadcrumb\",\"itemListElement\":[{\"@type\":\"ListItem\",\"position\":1,\"name\":\"Accueil\",\"item\":\"https:\\\/\\\/www.forbes.be\\\/fr\\\/\"},{\"@type\":\"ListItem\",\"position\":2,\"name\":\"Simon Polet, cofondateur de Merchery : \u00ab La difficult\u00e9, c\u2019est de grandir vite mais bien \u00bb\"}]},{\"@type\":\"WebSite\",\"@id\":\"https:\\\/\\\/www.forbes.be\\\/fr\\\/#website\",\"url\":\"https:\\\/\\\/www.forbes.be\\\/fr\\\/\",\"name\":\"Forbes Belgique\",\"description\":\"\",\"publisher\":{\"@id\":\"https:\\\/\\\/www.forbes.be\\\/fr\\\/#organization\"},\"potentialAction\":[{\"@type\":\"SearchAction\",\"target\":{\"@type\":\"EntryPoint\",\"urlTemplate\":\"https:\\\/\\\/www.forbes.be\\\/fr\\\/?s={search_term_string}\"},\"query-input\":{\"@type\":\"PropertyValueSpecification\",\"valueRequired\":true,\"valueName\":\"search_term_string\"}}],\"inLanguage\":\"fr-FR\"},{\"@type\":\"Organization\",\"@id\":\"https:\\\/\\\/www.forbes.be\\\/fr\\\/#organization\",\"name\":\"Forbes Belgique\",\"url\":\"https:\\\/\\\/www.forbes.be\\\/fr\\\/\",\"logo\":{\"@type\":\"ImageObject\",\"inLanguage\":\"fr-FR\",\"@id\":\"https:\\\/\\\/www.forbes.be\\\/fr\\\/#\\\/schema\\\/logo\\\/image\\\/\",\"url\":\"https:\\\/\\\/www.forbes.be\\\/fr\\\/wp-content\\\/uploads\\\/2024\\\/02\\\/forbes.be_.png\",\"contentUrl\":\"https:\\\/\\\/www.forbes.be\\\/fr\\\/wp-content\\\/uploads\\\/2024\\\/02\\\/forbes.be_.png\",\"width\":1200,\"height\":675,\"caption\":\"Forbes Belgique\"},\"image\":{\"@id\":\"https:\\\/\\\/www.forbes.be\\\/fr\\\/#\\\/schema\\\/logo\\\/image\\\/\"},\"sameAs\":[\"https:\\\/\\\/www.facebook.com\\\/forbesbelgique\\\/\",\"https:\\\/\\\/www.instagram.com\\\/Forbes_Belgium\",\"https:\\\/\\\/www.linkedin.com\\\/company\\\/forbes-belgium\\\/\"]},{\"@type\":\"Person\",\"@id\":\"https:\\\/\\\/www.forbes.be\\\/fr\\\/#\\\/schema\\\/person\\\/8ec2eaf66f85ad162d094b61be753342\",\"name\":\"C\u00e9line Bouckaert\",\"image\":{\"@type\":\"ImageObject\",\"inLanguage\":\"fr-FR\",\"@id\":\"https:\\\/\\\/www.forbes.be\\\/fr\\\/wp-content\\\/uploads\\\/2024\\\/01\\\/0283_ec_fb-1-150x150.jpg\",\"url\":\"https:\\\/\\\/www.forbes.be\\\/fr\\\/wp-content\\\/uploads\\\/2024\\\/01\\\/0283_ec_fb-1-150x150.jpg\",\"contentUrl\":\"https:\\\/\\\/www.forbes.be\\\/fr\\\/wp-content\\\/uploads\\\/2024\\\/01\\\/0283_ec_fb-1-150x150.jpg\",\"caption\":\"C\u00e9line Bouckaert\"},\"url\":\"https:\\\/\\\/www.forbes.be\\\/fr\\\/author\\\/cboeditionventures-be\\\/\"}]}<\/script>\n<!-- \/ Yoast SEO plugin. -->","yoast_head_json":{"title":"Simon Polet, cofondateur de Merchery : \u00ab La difficult\u00e9, c\u2019est de grandir vite mais bien \u00bb | Forbes Belgique","robots":{"index":"index","follow":"follow","max-snippet":"max-snippet:-1","max-image-preview":"max-image-preview:large","max-video-preview":"max-video-preview:-1"},"canonical":"https:\/\/www.forbes.be\/fr\/simon-polet-cofondateur-de-merchery-la-difficulte-cest-de-grand-vite-mais-bien\/","og_locale":"fr_FR","og_type":"article","og_title":"Simon Polet, cofondateur de Merchery : \u00ab La difficult\u00e9, c\u2019est de grandir vite mais bien \u00bb | Forbes Belgique","og_description":"Fond\u00e9e en 2020 par deux amis d\u2019enfance, Simon Polet et Benoit Fortpied, la start-up sp\u00e9cialis\u00e9e en goodies d\u2019entreprise Merchery poursuit son ascension fulgurante, en Europe, mais aussi au Royaume-Uni et aux \u00c9tats-Unis. La mission de Merchery est claire : remplacer les articles promotionnels courants, souvent peu \u00e9cologiques, par des produits durables et de qualit\u00e9 sup\u00e9rieure. [&hellip;]","og_url":"https:\/\/www.forbes.be\/fr\/simon-polet-cofondateur-de-merchery-la-difficulte-cest-de-grand-vite-mais-bien\/","og_site_name":"Forbes Belgique","article_publisher":"https:\/\/www.facebook.com\/forbesbelgique\/","article_published_time":"2024-04-22T10:01:53+00:00","article_modified_time":"2024-04-25T09:15:43+00:00","og_image":[{"width":1706,"height":960,"url":"https:\/\/www.forbes.be\/fr\/wp-content\/uploads\/2024\/04\/MERCHERY-37-scaled-e1714036534314.jpg","type":"image\/jpeg"}],"author":"C\u00e9line Bouckaert","twitter_card":"summary_large_image","twitter_misc":{"\u00c9crit par":"C\u00e9line Bouckaert","Dur\u00e9e de lecture estim\u00e9e":"5 minutes"},"schema":{"@context":"https:\/\/schema.org","@graph":[{"@type":"NewsArticle","@id":"https:\/\/www.forbes.be\/fr\/simon-polet-cofondateur-de-merchery-la-difficulte-cest-de-grand-vite-mais-bien\/#article","isPartOf":{"@id":"https:\/\/www.forbes.be\/fr\/simon-polet-cofondateur-de-merchery-la-difficulte-cest-de-grand-vite-mais-bien\/"},"author":{"name":"C\u00e9line Bouckaert","@id":"https:\/\/www.forbes.be\/fr\/#\/schema\/person\/8ec2eaf66f85ad162d094b61be753342"},"headline":"Simon Polet, cofondateur de Merchery : \u00ab La difficult\u00e9, c\u2019est de grandir vite mais bien \u00bb","datePublished":"2024-04-22T10:01:53+00:00","dateModified":"2024-04-25T09:15:43+00:00","mainEntityOfPage":{"@id":"https:\/\/www.forbes.be\/fr\/simon-polet-cofondateur-de-merchery-la-difficulte-cest-de-grand-vite-mais-bien\/"},"wordCount":853,"publisher":{"@id":"https:\/\/www.forbes.be\/fr\/#organization"},"image":{"@id":"https:\/\/www.forbes.be\/fr\/simon-polet-cofondateur-de-merchery-la-difficulte-cest-de-grand-vite-mais-bien\/#primaryimage"},"thumbnailUrl":"https:\/\/www.forbes.be\/fr\/wp-content\/uploads\/2024\/04\/MERCHERY-37-scaled-e1714036534314.jpg","articleSection":["Entrepreneurs"],"inLanguage":"fr-FR"},{"@type":"WebPage","@id":"https:\/\/www.forbes.be\/fr\/simon-polet-cofondateur-de-merchery-la-difficulte-cest-de-grand-vite-mais-bien\/","url":"https:\/\/www.forbes.be\/fr\/simon-polet-cofondateur-de-merchery-la-difficulte-cest-de-grand-vite-mais-bien\/","name":"Simon Polet, cofondateur de Merchery : \u00ab La difficult\u00e9, c\u2019est de grandir vite mais bien \u00bb | Forbes Belgique","isPartOf":{"@id":"https:\/\/www.forbes.be\/fr\/#website"},"primaryImageOfPage":{"@id":"https:\/\/www.forbes.be\/fr\/simon-polet-cofondateur-de-merchery-la-difficulte-cest-de-grand-vite-mais-bien\/#primaryimage"},"image":{"@id":"https:\/\/www.forbes.be\/fr\/simon-polet-cofondateur-de-merchery-la-difficulte-cest-de-grand-vite-mais-bien\/#primaryimage"},"thumbnailUrl":"https:\/\/www.forbes.be\/fr\/wp-content\/uploads\/2024\/04\/MERCHERY-37-scaled-e1714036534314.jpg","datePublished":"2024-04-22T10:01:53+00:00","dateModified":"2024-04-25T09:15:43+00:00","breadcrumb":{"@id":"https:\/\/www.forbes.be\/fr\/simon-polet-cofondateur-de-merchery-la-difficulte-cest-de-grand-vite-mais-bien\/#breadcrumb"},"inLanguage":"fr-FR","potentialAction":[{"@type":"ReadAction","target":["https:\/\/www.forbes.be\/fr\/simon-polet-cofondateur-de-merchery-la-difficulte-cest-de-grand-vite-mais-bien\/"]}]},{"@type":"ImageObject","inLanguage":"fr-FR","@id":"https:\/\/www.forbes.be\/fr\/simon-polet-cofondateur-de-merchery-la-difficulte-cest-de-grand-vite-mais-bien\/#primaryimage","url":"https:\/\/www.forbes.be\/fr\/wp-content\/uploads\/2024\/04\/MERCHERY-37-scaled-e1714036534314.jpg","contentUrl":"https:\/\/www.forbes.be\/fr\/wp-content\/uploads\/2024\/04\/MERCHERY-37-scaled-e1714036534314.jpg","width":1706,"height":960,"caption":"Simon Polet et Benoit Fortpied"},{"@type":"BreadcrumbList","@id":"https:\/\/www.forbes.be\/fr\/simon-polet-cofondateur-de-merchery-la-difficulte-cest-de-grand-vite-mais-bien\/#breadcrumb","itemListElement":[{"@type":"ListItem","position":1,"name":"Accueil","item":"https:\/\/www.forbes.be\/fr\/"},{"@type":"ListItem","position":2,"name":"Simon Polet, cofondateur de Merchery : \u00ab La difficult\u00e9, c\u2019est de grandir vite mais bien \u00bb"}]},{"@type":"WebSite","@id":"https:\/\/www.forbes.be\/fr\/#website","url":"https:\/\/www.forbes.be\/fr\/","name":"Forbes Belgique","description":"","publisher":{"@id":"https:\/\/www.forbes.be\/fr\/#organization"},"potentialAction":[{"@type":"SearchAction","target":{"@type":"EntryPoint","urlTemplate":"https:\/\/www.forbes.be\/fr\/?s={search_term_string}"},"query-input":{"@type":"PropertyValueSpecification","valueRequired":true,"valueName":"search_term_string"}}],"inLanguage":"fr-FR"},{"@type":"Organization","@id":"https:\/\/www.forbes.be\/fr\/#organization","name":"Forbes Belgique","url":"https:\/\/www.forbes.be\/fr\/","logo":{"@type":"ImageObject","inLanguage":"fr-FR","@id":"https:\/\/www.forbes.be\/fr\/#\/schema\/logo\/image\/","url":"https:\/\/www.forbes.be\/fr\/wp-content\/uploads\/2024\/02\/forbes.be_.png","contentUrl":"https:\/\/www.forbes.be\/fr\/wp-content\/uploads\/2024\/02\/forbes.be_.png","width":1200,"height":675,"caption":"Forbes Belgique"},"image":{"@id":"https:\/\/www.forbes.be\/fr\/#\/schema\/logo\/image\/"},"sameAs":["https:\/\/www.facebook.com\/forbesbelgique\/","https:\/\/www.instagram.com\/Forbes_Belgium","https:\/\/www.linkedin.com\/company\/forbes-belgium\/"]},{"@type":"Person","@id":"https:\/\/www.forbes.be\/fr\/#\/schema\/person\/8ec2eaf66f85ad162d094b61be753342","name":"C\u00e9line Bouckaert","image":{"@type":"ImageObject","inLanguage":"fr-FR","@id":"https:\/\/www.forbes.be\/fr\/wp-content\/uploads\/2024\/01\/0283_ec_fb-1-150x150.jpg","url":"https:\/\/www.forbes.be\/fr\/wp-content\/uploads\/2024\/01\/0283_ec_fb-1-150x150.jpg","contentUrl":"https:\/\/www.forbes.be\/fr\/wp-content\/uploads\/2024\/01\/0283_ec_fb-1-150x150.jpg","caption":"C\u00e9line Bouckaert"},"url":"https:\/\/www.forbes.be\/fr\/author\/cboeditionventures-be\/"}]}},"_links":{"self":[{"href":"https:\/\/www.forbes.be\/fr\/wp-json\/wp\/v2\/posts\/2168","targetHints":{"allow":["GET"]}}],"collection":[{"href":"https:\/\/www.forbes.be\/fr\/wp-json\/wp\/v2\/posts"}],"about":[{"href":"https:\/\/www.forbes.be\/fr\/wp-json\/wp\/v2\/types\/post"}],"author":[{"embeddable":true,"href":"https:\/\/www.forbes.be\/fr\/wp-json\/wp\/v2\/users\/14"}],"replies":[{"embeddable":true,"href":"https:\/\/www.forbes.be\/fr\/wp-json\/wp\/v2\/comments?post=2168"}],"version-history":[{"count":6,"href":"https:\/\/www.forbes.be\/fr\/wp-json\/wp\/v2\/posts\/2168\/revisions"}],"predecessor-version":[{"id":2192,"href":"https:\/\/www.forbes.be\/fr\/wp-json\/wp\/v2\/posts\/2168\/revisions\/2192"}],"wp:featuredmedia":[{"embeddable":true,"href":"https:\/\/www.forbes.be\/fr\/wp-json\/wp\/v2\/media\/2185"}],"wp:attachment":[{"href":"https:\/\/www.forbes.be\/fr\/wp-json\/wp\/v2\/media?parent=2168"}],"wp:term":[{"taxonomy":"category","embeddable":true,"href":"https:\/\/www.forbes.be\/fr\/wp-json\/wp\/v2\/categories?post=2168"},{"taxonomy":"post_tag","embeddable":true,"href":"https:\/\/www.forbes.be\/fr\/wp-json\/wp\/v2\/tags?post=2168"}],"curies":[{"name":"wp","href":"https:\/\/api.w.org\/{rel}","templated":true}]}}