{"id":2621,"date":"2024-05-14T07:00:56","date_gmt":"2024-05-14T05:00:56","guid":{"rendered":"https:\/\/www.forbes.be\/fr\/?p=2621"},"modified":"2024-05-08T09:51:27","modified_gmt":"2024-05-08T07:51:27","slug":"marie-marie-lentreprise-familiale-belge-devenue-specialiste-du-linge-de-lit-et-de-bain","status":"publish","type":"post","link":"https:\/\/www.forbes.be\/fr\/marie-marie-lentreprise-familiale-belge-devenue-specialiste-du-linge-de-lit-et-de-bain\/","title":{"rendered":"Marie-Marie, l&rsquo;entreprise familiale belge devenue sp\u00e9cialiste du linge de lit et de bain"},"content":{"rendered":"<p><strong>Cette ann\u00e9e, Marie-Marie, grand sp\u00e9cialiste du linge de lit et de bain, f\u00eate son 45e anniversaire. Avec un magasin ouvert depuis 10 ans \u00e0 Anvers, une deuxi\u00e8me succursale \u00e0 Knokke, une boutique en ligne en pleine expansion et deux marques propres, Marie-Marie s&rsquo;est impos\u00e9e sur le march\u00e9.<\/strong><\/p>\n<p>Ce qui a commenc\u00e9 en 1979 comme une soci\u00e9t\u00e9 de n\u00e9goce de marques textiles italiennes pour le linge de lit et de bain est devenu une entreprise qui contr\u00f4le l&rsquo;ensemble de la production de couettes, d&rsquo;oreillers et de duvets, ce qui lui permet de contr\u00f4ler tous les aspects, de la couleur et du design \u00e0 la s\u00e9lection de mat\u00e9riaux durables et au processus de fabrication en Europe. Depuis plus de 10 ans, les s\u0153urs Valerie et Laurence Vandenbussche, la deuxi\u00e8me g\u00e9n\u00e9ration, dirigent l&rsquo;entreprise familiale. Elles s&rsquo;appuient sur le concept que leurs parents ont construit avec d\u00e9vouement.<\/p>\n<figure id=\"attachment_2051\" aria-describedby=\"caption-attachment-2051\" style=\"width: 696px\" class=\"wp-caption alignnone\"><img loading=\"lazy\" decoding=\"async\" class=\"wp-image-2051 size-large\" src=\"https:\/\/www.forbes.be\/nl\/wp-content\/uploads\/2024\/05\/Marie-Marie-1024x664.jpg\" alt=\"La fa\u00e7ade du premier b\u00e2timent \u00e0 Anvers avant le d\u00e9m\u00e9nagement vers la Steenhouwersvest\" width=\"696\" height=\"451\" \/><figcaption id=\"caption-attachment-2051\" class=\"wp-caption-text\">La fa\u00e7ade du premier b\u00e2timent \u00e0 Anvers avant le d\u00e9m\u00e9nagement vers la Steenhouwersvest<\/figcaption><\/figure>\n<p>Laurence Vandenbussche, 36 ans, est responsable de la gestion g\u00e9n\u00e9rale de l&rsquo;entreprise, sur le plan strat\u00e9gique et financier, ainsi que de la production interne. Val\u00e9rie, 38 ans, est la responsable commerciale. Elle s&rsquo;occupe des clients, des projets et des achats des collections de <a href=\"https:\/\/www.marie-marie.com\/fr?_gl=1*1w1sgup*_up*MQ..&amp;gclid=Cj0KCQjwxeyxBhC7ARIsAC7dS3_oO9JLOIvEOSf3EFZTWjywFOGItPNOwwbO8kDfbj5En-kQjGgH1z8aArYGEALw_wcB\">Marie-Marie<\/a>, ainsi que du d\u00e9veloppement des produits.<\/p>\n<p><strong>Premi\u00e8re g\u00e9n\u00e9ration Marie-Marie<\/strong><\/p>\n<p>Les deux ambitieuses n&rsquo;ont pas ch\u00f4m\u00e9 depuis qu&rsquo;elles ont pris la suite de leurs parents. En 2017, elles ont lanc\u00e9 la boutique en ligne qui a permis \u00e0 Marie-Marie de se faire conna\u00eetre au niveau international. Et apr\u00e8s plusieurs pop-up shops \u00e0 l&rsquo;essai, depuis 2021, il est \u00e9galement possible de visiter la boutique \u00e0 Knokke. Laurence : \u00ab Nous avons grandi avec la vision et la mission de nos parents. Elles demeurent inchang\u00e9es: choyer nos clients avec le meilleur linge de lit et de bain pour faire de leur maison un foyer chaleureux. \u00bb<\/p>\n<p><strong>L&rsquo;accent mis sur les ventes en ligne<\/strong><\/p>\n<p>La d\u00e9cision de mettre l&rsquo;accent sur les ventes en ligne a bien fonctionn\u00e9. Aujourd&rsquo;hui, les ventes en ligne repr\u00e9sentent +\/- 20 % du chiffre d&rsquo;affaires total. \u00ab Nous pensons qu&rsquo;une croissance est encore possible dans ce domaine. En tant que d\u00e9taillant physique, nous avons d\u00e9j\u00e0 beaucoup d&rsquo;exp\u00e9rience, mais aujourd&rsquo;hui, le commerce hors ligne ne peut pas continuer \u00e0 exister sans le commerce en ligne. Nous avons commenc\u00e9 notre pr\u00e9sence en ligne \u00e0 temps, et nous \u00e9tions donc pr\u00eats \u00e0 nous d\u00e9velopper pendant la covid. Nous sommes reconnaissants d&rsquo;avoir eu une bonne base en place d\u00e8s cette \u00e9poque. Cela nous a permis de faire un grand bond en avant en termes de ventes et nous avons pu maintenir ce rythme par la suite.\u00a0\u00bb<\/p>\n<p>Val\u00e9rie : \u00ab Nous croyons en une approche omnicanale et nous pensons que nos magasins hors ligne donnent aux clients la confiance n\u00e9cessaire pour acheter en ligne \u00e9galement. Ces six derni\u00e8res ann\u00e9es, nous avons \u00e9t\u00e9 guid\u00e9s par une agence qui nous a beaucoup appris en termes de marketing et de d\u00e9veloppement. Depuis cette ann\u00e9e, une \u00e9quipe interne et ind\u00e9pendante se consacre \u00e0 notre boutique en ligne. Nous souhaitons que d\u2019ici trois ans les ventes en ligne repr\u00e9sentent le chiffre d&rsquo;affaires le plus important du groupe.\u00a0\u00bb<\/p>\n<p><strong>Place Reservee<\/strong><\/p>\n<p>Ces cinq derni\u00e8res ann\u00e9es, Marie-Marie a doubl\u00e9 son chiffre d&rsquo;affaires, gr\u00e2ce \u00e0 l&rsquo;ouverture d&rsquo;un deuxi\u00e8me magasin \u00e0 Knokke en 2021 et \u00e0 la croissance de sa boutique en ligne. Mais les s\u0153urs ont \u00e9galement des projets \u00e0 l&rsquo;international. R\u00e9cemment, elles ont lanc\u00e9 \u00ab Place Reservee \u00bb, une marque de serviettes de plage. S&rsquo;appuyant sur 45 ans d&rsquo;histoire familiale, d&rsquo;expertise et de connaissances dans l&rsquo;industrie textile, elles souhaitent apporter un vent de fra\u00eecheur au secteur. Laurence : \u00ab Nous lan\u00e7ons cette marque s\u00e9par\u00e9ment de Marie-Marie et elle a \u00e9t\u00e9 d\u00e9pos\u00e9e s\u00e9par\u00e9ment en tant que marque distincte. Nous poursuivons des ambitions internationales et nous commen\u00e7ons cette ann\u00e9e par un pop-up au Bon Marche \u00e0 Paris, ce qui nous donnera beaucoup de visibilit\u00e9. Nous sommes toujours en plein d\u00e9veloppement de nouveaux produits et de nouvelles collections et nous continuons \u00e0 construire un beau portefeuille de revendeurs en Belgique et \u00e0 l&rsquo;\u00e9tranger. \u00bb Outre le march\u00e9 grand public, Place Reservee vise \u00e9galement le march\u00e9 B2B. Par exemple, on peut d\u00e9j\u00e0 voir des serviettes de plage personnalis\u00e9es au Collins Club de Knokke. \u00ab En Belgique, nous sommes d\u00e9j\u00e0 pr\u00e9sents chez quelques bons d\u00e9taillants depuis cette saison, mais avec Place Reservee, nous avons surtout des ambitions internationales. Nous ne voulons pas d\u00e9pendre uniquement des \u00e9t\u00e9s belges, mais regarder au-del\u00e0 de nos fronti\u00e8res, l\u00e0 o\u00f9 le climat est plus doux et les \u00e9t\u00e9s plus longs. \u00bb<\/p>\n<p><img loading=\"lazy\" decoding=\"async\" class=\"alignnone wp-image-2055 size-large\" src=\"https:\/\/www.forbes.be\/nl\/wp-content\/uploads\/2024\/05\/PR_CUSHION_ATLANTIC_001-1024x683.jpg\" alt=\"\" width=\"696\" height=\"464\" \/><\/p>\n<p><strong>L\u2019avenir de l\u2019entreprise familiale <\/strong><\/p>\n<p>\u00ab Nous avons la chance de travailler ensemble et d&rsquo;avoir une passion commune \u00bb, a d\u00e9clar\u00e9 Laurence. \u00ab L&rsquo;entrepreneuriat est fait d&rsquo;essais et d&rsquo;erreurs et, dans cette aventure, nous sommes tr\u00e8s reconnaissantes de pouvoir le faire ensemble, en tant que s\u0153urs. Val\u00e9rie ajoute : \u00ab Nous avons souvent dit que, seules, nous ne ferions pas la m\u00eame chose. Tout simplement parce que nous sommes tr\u00e8s compl\u00e9mentaires. Nous avons besoin l&rsquo;une de l&rsquo;autre et nous en sommes conscientes \u00bb.<\/p>\n<p>\u00ab Nous sommes nous-m\u00eames de la deuxi\u00e8me g\u00e9n\u00e9ration et nous avons chacune deux enfants \u00bb, explique Laurence. \u00ab En silence, on pense d\u00e9j\u00e0 aux g\u00e9n\u00e9rations suivantes et, consciemment et inconsciemment, on agit toujours \u00e0 long terme dans les diff\u00e9rents choix commerciaux. Nous travaillons avec passion et pensons toujours \u00e0 l&rsquo;avenir, en cr\u00e9ant de belles choses et en rendant les autres heureux avec de beaux draps. Nous l\u2019avons dans le sang ! \u00bb<\/p>\n","protected":false},"excerpt":{"rendered":"<p>Cette ann\u00e9e, Marie-Marie, grand sp\u00e9cialiste du linge de lit et de bain, f\u00eate son 45e anniversaire. Avec un magasin ouvert depuis 10 ans \u00e0 Anvers, une deuxi\u00e8me succursale \u00e0 Knokke, une boutique en ligne en pleine expansion et deux marques propres, Marie-Marie s&rsquo;est impos\u00e9e sur le march\u00e9. Ce qui a commenc\u00e9 en 1979 comme une [&hellip;]<\/p>\n","protected":false},"author":13,"featured_media":2622,"comment_status":"closed","ping_status":"closed","sticky":false,"template":"","format":"standard","meta":{"_acf_changed":false,"inline_featured_image":false,"footnotes":""},"categories":[19],"tags":[],"class_list":{"0":"post-2621","1":"post","2":"type-post","3":"status-publish","4":"format-standard","5":"has-post-thumbnail","7":"category-entrepreneurs"},"acf":[],"_yoast_wpseo_title":null,"_yoast_wpseo_metadesc":"Cette ann\u00e9e, Marie-Marie, grand sp\u00e9cialiste du linge de lit et de bain, f\u00eate son 45e anniversaire.","auteur_traducteur":null,"yoast_head":"<!-- This site is optimized with the Yoast SEO plugin v27.4 - https:\/\/yoast.com\/product\/yoast-seo-wordpress\/ -->\n<title>Marie-Marie, l&#039;entreprise familiale belge devenue sp\u00e9cialiste du linge de lit et de bain | Forbes Belgique<\/title>\n<meta name=\"description\" content=\"Cette ann\u00e9e, Marie-Marie, grand sp\u00e9cialiste du linge de lit et de bain, f\u00eate son 45e anniversaire.\" \/>\n<meta name=\"robots\" content=\"index, follow, max-snippet:-1, max-image-preview:large, max-video-preview:-1\" \/>\n<link rel=\"canonical\" href=\"https:\/\/www.forbes.be\/fr\/marie-marie-lentreprise-familiale-belge-devenue-specialiste-du-linge-de-lit-et-de-bain\/\" \/>\n<meta property=\"og:locale\" content=\"fr_FR\" \/>\n<meta property=\"og:type\" content=\"article\" \/>\n<meta property=\"og:title\" content=\"Marie-Marie, l&#039;entreprise familiale belge devenue sp\u00e9cialiste du linge de lit et de bain | Forbes Belgique\" \/>\n<meta property=\"og:description\" content=\"Cette ann\u00e9e, Marie-Marie, grand sp\u00e9cialiste du linge de lit et de bain, f\u00eate son 45e anniversaire.\" \/>\n<meta property=\"og:url\" content=\"https:\/\/www.forbes.be\/fr\/marie-marie-lentreprise-familiale-belge-devenue-specialiste-du-linge-de-lit-et-de-bain\/\" \/>\n<meta property=\"og:site_name\" content=\"Forbes Belgique\" \/>\n<meta property=\"article:publisher\" content=\"https:\/\/www.facebook.com\/forbesbelgique\/\" \/>\n<meta property=\"article:published_time\" content=\"2024-05-14T05:00:56+00:00\" \/>\n<meta property=\"og:image\" content=\"https:\/\/www.forbes.be\/fr\/wp-content\/uploads\/2024\/05\/admin-ajax-1.jpg\" \/>\n\t<meta property=\"og:image:width\" content=\"600\" \/>\n\t<meta property=\"og:image:height\" content=\"338\" \/>\n\t<meta property=\"og:image:type\" content=\"image\/jpeg\" \/>\n<meta name=\"author\" content=\"Daphne Dorgelo\" \/>\n<meta name=\"twitter:card\" content=\"summary_large_image\" \/>\n<meta name=\"twitter:label1\" content=\"\u00c9crit par\" \/>\n\t<meta name=\"twitter:data1\" content=\"Daphne Dorgelo\" \/>\n\t<meta name=\"twitter:label2\" content=\"Dur\u00e9e de lecture estim\u00e9e\" \/>\n\t<meta name=\"twitter:data2\" content=\"6 minutes\" \/>\n<script type=\"application\/ld+json\" class=\"yoast-schema-graph\">{\"@context\":\"https:\\\/\\\/schema.org\",\"@graph\":[{\"@type\":\"NewsArticle\",\"@id\":\"https:\\\/\\\/www.forbes.be\\\/fr\\\/marie-marie-lentreprise-familiale-belge-devenue-specialiste-du-linge-de-lit-et-de-bain\\\/#article\",\"isPartOf\":{\"@id\":\"https:\\\/\\\/www.forbes.be\\\/fr\\\/marie-marie-lentreprise-familiale-belge-devenue-specialiste-du-linge-de-lit-et-de-bain\\\/\"},\"author\":{\"name\":\"Daphne Dorgelo\",\"@id\":\"https:\\\/\\\/www.forbes.be\\\/fr\\\/#\\\/schema\\\/person\\\/7d78f899f595d5e9c1eb19ffe4d36b83\"},\"headline\":\"Marie-Marie, l&rsquo;entreprise familiale belge devenue sp\u00e9cialiste du linge de lit et de bain\",\"datePublished\":\"2024-05-14T05:00:56+00:00\",\"mainEntityOfPage\":{\"@id\":\"https:\\\/\\\/www.forbes.be\\\/fr\\\/marie-marie-lentreprise-familiale-belge-devenue-specialiste-du-linge-de-lit-et-de-bain\\\/\"},\"wordCount\":966,\"publisher\":{\"@id\":\"https:\\\/\\\/www.forbes.be\\\/fr\\\/#organization\"},\"image\":{\"@id\":\"https:\\\/\\\/www.forbes.be\\\/fr\\\/marie-marie-lentreprise-familiale-belge-devenue-specialiste-du-linge-de-lit-et-de-bain\\\/#primaryimage\"},\"thumbnailUrl\":\"https:\\\/\\\/www.forbes.be\\\/fr\\\/wp-content\\\/uploads\\\/2024\\\/05\\\/admin-ajax-1-e1716380134855.jpg\",\"articleSection\":[\"Entrepreneurs\"],\"inLanguage\":\"fr-FR\"},{\"@type\":\"WebPage\",\"@id\":\"https:\\\/\\\/www.forbes.be\\\/fr\\\/marie-marie-lentreprise-familiale-belge-devenue-specialiste-du-linge-de-lit-et-de-bain\\\/\",\"url\":\"https:\\\/\\\/www.forbes.be\\\/fr\\\/marie-marie-lentreprise-familiale-belge-devenue-specialiste-du-linge-de-lit-et-de-bain\\\/\",\"name\":\"Marie-Marie, l'entreprise familiale belge devenue sp\u00e9cialiste du linge de lit et de bain | Forbes Belgique\",\"isPartOf\":{\"@id\":\"https:\\\/\\\/www.forbes.be\\\/fr\\\/#website\"},\"primaryImageOfPage\":{\"@id\":\"https:\\\/\\\/www.forbes.be\\\/fr\\\/marie-marie-lentreprise-familiale-belge-devenue-specialiste-du-linge-de-lit-et-de-bain\\\/#primaryimage\"},\"image\":{\"@id\":\"https:\\\/\\\/www.forbes.be\\\/fr\\\/marie-marie-lentreprise-familiale-belge-devenue-specialiste-du-linge-de-lit-et-de-bain\\\/#primaryimage\"},\"thumbnailUrl\":\"https:\\\/\\\/www.forbes.be\\\/fr\\\/wp-content\\\/uploads\\\/2024\\\/05\\\/admin-ajax-1-e1716380134855.jpg\",\"datePublished\":\"2024-05-14T05:00:56+00:00\",\"description\":\"Cette ann\u00e9e, Marie-Marie, grand sp\u00e9cialiste du linge de lit et de bain, f\u00eate son 45e anniversaire.\",\"breadcrumb\":{\"@id\":\"https:\\\/\\\/www.forbes.be\\\/fr\\\/marie-marie-lentreprise-familiale-belge-devenue-specialiste-du-linge-de-lit-et-de-bain\\\/#breadcrumb\"},\"inLanguage\":\"fr-FR\",\"potentialAction\":[{\"@type\":\"ReadAction\",\"target\":[\"https:\\\/\\\/www.forbes.be\\\/fr\\\/marie-marie-lentreprise-familiale-belge-devenue-specialiste-du-linge-de-lit-et-de-bain\\\/\"]}]},{\"@type\":\"ImageObject\",\"inLanguage\":\"fr-FR\",\"@id\":\"https:\\\/\\\/www.forbes.be\\\/fr\\\/marie-marie-lentreprise-familiale-belge-devenue-specialiste-du-linge-de-lit-et-de-bain\\\/#primaryimage\",\"url\":\"https:\\\/\\\/www.forbes.be\\\/fr\\\/wp-content\\\/uploads\\\/2024\\\/05\\\/admin-ajax-1-e1716380134855.jpg\",\"contentUrl\":\"https:\\\/\\\/www.forbes.be\\\/fr\\\/wp-content\\\/uploads\\\/2024\\\/05\\\/admin-ajax-1-e1716380134855.jpg\",\"width\":600,\"height\":314,\"caption\":\"Valerie et Laurence\"},{\"@type\":\"BreadcrumbList\",\"@id\":\"https:\\\/\\\/www.forbes.be\\\/fr\\\/marie-marie-lentreprise-familiale-belge-devenue-specialiste-du-linge-de-lit-et-de-bain\\\/#breadcrumb\",\"itemListElement\":[{\"@type\":\"ListItem\",\"position\":1,\"name\":\"Accueil\",\"item\":\"https:\\\/\\\/www.forbes.be\\\/fr\\\/\"},{\"@type\":\"ListItem\",\"position\":2,\"name\":\"Marie-Marie, l&rsquo;entreprise familiale belge devenue sp\u00e9cialiste du linge de lit et de bain\"}]},{\"@type\":\"WebSite\",\"@id\":\"https:\\\/\\\/www.forbes.be\\\/fr\\\/#website\",\"url\":\"https:\\\/\\\/www.forbes.be\\\/fr\\\/\",\"name\":\"Forbes Belgique\",\"description\":\"\",\"publisher\":{\"@id\":\"https:\\\/\\\/www.forbes.be\\\/fr\\\/#organization\"},\"potentialAction\":[{\"@type\":\"SearchAction\",\"target\":{\"@type\":\"EntryPoint\",\"urlTemplate\":\"https:\\\/\\\/www.forbes.be\\\/fr\\\/?s={search_term_string}\"},\"query-input\":{\"@type\":\"PropertyValueSpecification\",\"valueRequired\":true,\"valueName\":\"search_term_string\"}}],\"inLanguage\":\"fr-FR\"},{\"@type\":\"Organization\",\"@id\":\"https:\\\/\\\/www.forbes.be\\\/fr\\\/#organization\",\"name\":\"Forbes Belgique\",\"url\":\"https:\\\/\\\/www.forbes.be\\\/fr\\\/\",\"logo\":{\"@type\":\"ImageObject\",\"inLanguage\":\"fr-FR\",\"@id\":\"https:\\\/\\\/www.forbes.be\\\/fr\\\/#\\\/schema\\\/logo\\\/image\\\/\",\"url\":\"https:\\\/\\\/www.forbes.be\\\/fr\\\/wp-content\\\/uploads\\\/2024\\\/02\\\/forbes.be_.png\",\"contentUrl\":\"https:\\\/\\\/www.forbes.be\\\/fr\\\/wp-content\\\/uploads\\\/2024\\\/02\\\/forbes.be_.png\",\"width\":1200,\"height\":675,\"caption\":\"Forbes Belgique\"},\"image\":{\"@id\":\"https:\\\/\\\/www.forbes.be\\\/fr\\\/#\\\/schema\\\/logo\\\/image\\\/\"},\"sameAs\":[\"https:\\\/\\\/www.facebook.com\\\/forbesbelgique\\\/\",\"https:\\\/\\\/www.instagram.com\\\/Forbes_Belgium\",\"https:\\\/\\\/www.linkedin.com\\\/company\\\/forbes-belgium\\\/\"]},{\"@type\":\"Person\",\"@id\":\"https:\\\/\\\/www.forbes.be\\\/fr\\\/#\\\/schema\\\/person\\\/7d78f899f595d5e9c1eb19ffe4d36b83\",\"name\":\"Daphne Dorgelo\",\"image\":{\"@type\":\"ImageObject\",\"inLanguage\":\"fr-FR\",\"@id\":\"https:\\\/\\\/www.forbes.be\\\/fr\\\/wp-content\\\/uploads\\\/2024\\\/01\\\/4B1A6779-2-scaled-e1704882544546-150x150.jpg\",\"url\":\"https:\\\/\\\/www.forbes.be\\\/fr\\\/wp-content\\\/uploads\\\/2024\\\/01\\\/4B1A6779-2-scaled-e1704882544546-150x150.jpg\",\"contentUrl\":\"https:\\\/\\\/www.forbes.be\\\/fr\\\/wp-content\\\/uploads\\\/2024\\\/01\\\/4B1A6779-2-scaled-e1704882544546-150x150.jpg\",\"caption\":\"Daphne Dorgelo\"},\"description\":\"Daphne Dorgelo (1996) travaille chaque semaine pour Forbes, o\u00f9 elle r\u00e9dige des articles sur le style de vie luxueux, le leadership, l'innovation, les tendances et, bien s\u00fbr, les entrepreneurs belges inspirants. Sa passion pour le journalisme et les m\u00e9dias s'est manifest\u00e9e d\u00e8s son plus jeune \u00e2ge. Apr\u00e8s avoir obtenu une licence en information aux Pays-Bas, elle s'est install\u00e9e dans la ville belge du diamant il y a six ans, apr\u00e8s avoir obtenu un master en journalisme \u00e0 la KU Leuven d'Anvers. Cela fait maintenant huit ans qu'elle \u00e9crit en tant que pigiste pour divers magazines, dont quatre ans pour des magazines de style de vie belges tels que L'OFFICIEL, Fifty &amp; Me et ELLE.\",\"url\":\"https:\\\/\\\/www.forbes.be\\\/fr\\\/author\\\/daphne-dorgelolofficiel-be\\\/\"}]}<\/script>\n<!-- \/ Yoast SEO plugin. -->","yoast_head_json":{"title":"Marie-Marie, l'entreprise familiale belge devenue sp\u00e9cialiste du linge de lit et de bain | Forbes Belgique","description":"Cette ann\u00e9e, Marie-Marie, grand sp\u00e9cialiste du linge de lit et de bain, f\u00eate son 45e anniversaire.","robots":{"index":"index","follow":"follow","max-snippet":"max-snippet:-1","max-image-preview":"max-image-preview:large","max-video-preview":"max-video-preview:-1"},"canonical":"https:\/\/www.forbes.be\/fr\/marie-marie-lentreprise-familiale-belge-devenue-specialiste-du-linge-de-lit-et-de-bain\/","og_locale":"fr_FR","og_type":"article","og_title":"Marie-Marie, l'entreprise familiale belge devenue sp\u00e9cialiste du linge de lit et de bain | Forbes Belgique","og_description":"Cette ann\u00e9e, Marie-Marie, grand sp\u00e9cialiste du linge de lit et de bain, f\u00eate son 45e anniversaire.","og_url":"https:\/\/www.forbes.be\/fr\/marie-marie-lentreprise-familiale-belge-devenue-specialiste-du-linge-de-lit-et-de-bain\/","og_site_name":"Forbes Belgique","article_publisher":"https:\/\/www.facebook.com\/forbesbelgique\/","article_published_time":"2024-05-14T05:00:56+00:00","og_image":[{"width":600,"height":338,"url":"https:\/\/www.forbes.be\/fr\/wp-content\/uploads\/2024\/05\/admin-ajax-1.jpg","type":"image\/jpeg"}],"author":"Daphne Dorgelo","twitter_card":"summary_large_image","twitter_misc":{"\u00c9crit par":"Daphne Dorgelo","Dur\u00e9e de lecture estim\u00e9e":"6 minutes"},"schema":{"@context":"https:\/\/schema.org","@graph":[{"@type":"NewsArticle","@id":"https:\/\/www.forbes.be\/fr\/marie-marie-lentreprise-familiale-belge-devenue-specialiste-du-linge-de-lit-et-de-bain\/#article","isPartOf":{"@id":"https:\/\/www.forbes.be\/fr\/marie-marie-lentreprise-familiale-belge-devenue-specialiste-du-linge-de-lit-et-de-bain\/"},"author":{"name":"Daphne Dorgelo","@id":"https:\/\/www.forbes.be\/fr\/#\/schema\/person\/7d78f899f595d5e9c1eb19ffe4d36b83"},"headline":"Marie-Marie, l&rsquo;entreprise familiale belge devenue sp\u00e9cialiste du linge de lit et de bain","datePublished":"2024-05-14T05:00:56+00:00","mainEntityOfPage":{"@id":"https:\/\/www.forbes.be\/fr\/marie-marie-lentreprise-familiale-belge-devenue-specialiste-du-linge-de-lit-et-de-bain\/"},"wordCount":966,"publisher":{"@id":"https:\/\/www.forbes.be\/fr\/#organization"},"image":{"@id":"https:\/\/www.forbes.be\/fr\/marie-marie-lentreprise-familiale-belge-devenue-specialiste-du-linge-de-lit-et-de-bain\/#primaryimage"},"thumbnailUrl":"https:\/\/www.forbes.be\/fr\/wp-content\/uploads\/2024\/05\/admin-ajax-1-e1716380134855.jpg","articleSection":["Entrepreneurs"],"inLanguage":"fr-FR"},{"@type":"WebPage","@id":"https:\/\/www.forbes.be\/fr\/marie-marie-lentreprise-familiale-belge-devenue-specialiste-du-linge-de-lit-et-de-bain\/","url":"https:\/\/www.forbes.be\/fr\/marie-marie-lentreprise-familiale-belge-devenue-specialiste-du-linge-de-lit-et-de-bain\/","name":"Marie-Marie, l'entreprise familiale belge devenue sp\u00e9cialiste du linge de lit et de bain | Forbes Belgique","isPartOf":{"@id":"https:\/\/www.forbes.be\/fr\/#website"},"primaryImageOfPage":{"@id":"https:\/\/www.forbes.be\/fr\/marie-marie-lentreprise-familiale-belge-devenue-specialiste-du-linge-de-lit-et-de-bain\/#primaryimage"},"image":{"@id":"https:\/\/www.forbes.be\/fr\/marie-marie-lentreprise-familiale-belge-devenue-specialiste-du-linge-de-lit-et-de-bain\/#primaryimage"},"thumbnailUrl":"https:\/\/www.forbes.be\/fr\/wp-content\/uploads\/2024\/05\/admin-ajax-1-e1716380134855.jpg","datePublished":"2024-05-14T05:00:56+00:00","description":"Cette ann\u00e9e, Marie-Marie, grand sp\u00e9cialiste du linge de lit et de bain, f\u00eate son 45e anniversaire.","breadcrumb":{"@id":"https:\/\/www.forbes.be\/fr\/marie-marie-lentreprise-familiale-belge-devenue-specialiste-du-linge-de-lit-et-de-bain\/#breadcrumb"},"inLanguage":"fr-FR","potentialAction":[{"@type":"ReadAction","target":["https:\/\/www.forbes.be\/fr\/marie-marie-lentreprise-familiale-belge-devenue-specialiste-du-linge-de-lit-et-de-bain\/"]}]},{"@type":"ImageObject","inLanguage":"fr-FR","@id":"https:\/\/www.forbes.be\/fr\/marie-marie-lentreprise-familiale-belge-devenue-specialiste-du-linge-de-lit-et-de-bain\/#primaryimage","url":"https:\/\/www.forbes.be\/fr\/wp-content\/uploads\/2024\/05\/admin-ajax-1-e1716380134855.jpg","contentUrl":"https:\/\/www.forbes.be\/fr\/wp-content\/uploads\/2024\/05\/admin-ajax-1-e1716380134855.jpg","width":600,"height":314,"caption":"Valerie et Laurence"},{"@type":"BreadcrumbList","@id":"https:\/\/www.forbes.be\/fr\/marie-marie-lentreprise-familiale-belge-devenue-specialiste-du-linge-de-lit-et-de-bain\/#breadcrumb","itemListElement":[{"@type":"ListItem","position":1,"name":"Accueil","item":"https:\/\/www.forbes.be\/fr\/"},{"@type":"ListItem","position":2,"name":"Marie-Marie, l&rsquo;entreprise familiale belge devenue sp\u00e9cialiste du linge de lit et de bain"}]},{"@type":"WebSite","@id":"https:\/\/www.forbes.be\/fr\/#website","url":"https:\/\/www.forbes.be\/fr\/","name":"Forbes Belgique","description":"","publisher":{"@id":"https:\/\/www.forbes.be\/fr\/#organization"},"potentialAction":[{"@type":"SearchAction","target":{"@type":"EntryPoint","urlTemplate":"https:\/\/www.forbes.be\/fr\/?s={search_term_string}"},"query-input":{"@type":"PropertyValueSpecification","valueRequired":true,"valueName":"search_term_string"}}],"inLanguage":"fr-FR"},{"@type":"Organization","@id":"https:\/\/www.forbes.be\/fr\/#organization","name":"Forbes Belgique","url":"https:\/\/www.forbes.be\/fr\/","logo":{"@type":"ImageObject","inLanguage":"fr-FR","@id":"https:\/\/www.forbes.be\/fr\/#\/schema\/logo\/image\/","url":"https:\/\/www.forbes.be\/fr\/wp-content\/uploads\/2024\/02\/forbes.be_.png","contentUrl":"https:\/\/www.forbes.be\/fr\/wp-content\/uploads\/2024\/02\/forbes.be_.png","width":1200,"height":675,"caption":"Forbes Belgique"},"image":{"@id":"https:\/\/www.forbes.be\/fr\/#\/schema\/logo\/image\/"},"sameAs":["https:\/\/www.facebook.com\/forbesbelgique\/","https:\/\/www.instagram.com\/Forbes_Belgium","https:\/\/www.linkedin.com\/company\/forbes-belgium\/"]},{"@type":"Person","@id":"https:\/\/www.forbes.be\/fr\/#\/schema\/person\/7d78f899f595d5e9c1eb19ffe4d36b83","name":"Daphne Dorgelo","image":{"@type":"ImageObject","inLanguage":"fr-FR","@id":"https:\/\/www.forbes.be\/fr\/wp-content\/uploads\/2024\/01\/4B1A6779-2-scaled-e1704882544546-150x150.jpg","url":"https:\/\/www.forbes.be\/fr\/wp-content\/uploads\/2024\/01\/4B1A6779-2-scaled-e1704882544546-150x150.jpg","contentUrl":"https:\/\/www.forbes.be\/fr\/wp-content\/uploads\/2024\/01\/4B1A6779-2-scaled-e1704882544546-150x150.jpg","caption":"Daphne Dorgelo"},"description":"Daphne Dorgelo (1996) travaille chaque semaine pour Forbes, o\u00f9 elle r\u00e9dige des articles sur le style de vie luxueux, le leadership, l'innovation, les tendances et, bien s\u00fbr, les entrepreneurs belges inspirants. Sa passion pour le journalisme et les m\u00e9dias s'est manifest\u00e9e d\u00e8s son plus jeune \u00e2ge. Apr\u00e8s avoir obtenu une licence en information aux Pays-Bas, elle s'est install\u00e9e dans la ville belge du diamant il y a six ans, apr\u00e8s avoir obtenu un master en journalisme \u00e0 la KU Leuven d'Anvers. Cela fait maintenant huit ans qu'elle \u00e9crit en tant que pigiste pour divers magazines, dont quatre ans pour des magazines de style de vie belges tels que L'OFFICIEL, Fifty &amp; Me et ELLE.","url":"https:\/\/www.forbes.be\/fr\/author\/daphne-dorgelolofficiel-be\/"}]}},"_links":{"self":[{"href":"https:\/\/www.forbes.be\/fr\/wp-json\/wp\/v2\/posts\/2621","targetHints":{"allow":["GET"]}}],"collection":[{"href":"https:\/\/www.forbes.be\/fr\/wp-json\/wp\/v2\/posts"}],"about":[{"href":"https:\/\/www.forbes.be\/fr\/wp-json\/wp\/v2\/types\/post"}],"author":[{"embeddable":true,"href":"https:\/\/www.forbes.be\/fr\/wp-json\/wp\/v2\/users\/13"}],"replies":[{"embeddable":true,"href":"https:\/\/www.forbes.be\/fr\/wp-json\/wp\/v2\/comments?post=2621"}],"version-history":[{"count":1,"href":"https:\/\/www.forbes.be\/fr\/wp-json\/wp\/v2\/posts\/2621\/revisions"}],"predecessor-version":[{"id":2623,"href":"https:\/\/www.forbes.be\/fr\/wp-json\/wp\/v2\/posts\/2621\/revisions\/2623"}],"wp:featuredmedia":[{"embeddable":true,"href":"https:\/\/www.forbes.be\/fr\/wp-json\/wp\/v2\/media\/2622"}],"wp:attachment":[{"href":"https:\/\/www.forbes.be\/fr\/wp-json\/wp\/v2\/media?parent=2621"}],"wp:term":[{"taxonomy":"category","embeddable":true,"href":"https:\/\/www.forbes.be\/fr\/wp-json\/wp\/v2\/categories?post=2621"},{"taxonomy":"post_tag","embeddable":true,"href":"https:\/\/www.forbes.be\/fr\/wp-json\/wp\/v2\/tags?post=2621"}],"curies":[{"name":"wp","href":"https:\/\/api.w.org\/{rel}","templated":true}]}}