{"id":2739,"date":"2024-05-21T18:00:28","date_gmt":"2024-05-21T16:00:28","guid":{"rendered":"https:\/\/www.forbes.be\/fr\/?p=2739"},"modified":"2024-05-22T10:43:09","modified_gmt":"2024-05-22T08:43:09","slug":"art-dubai-lart-vu-du-sud","status":"publish","type":"post","link":"https:\/\/www.forbes.be\/fr\/art-dubai-lart-vu-du-sud\/","title":{"rendered":"Art Dubai, l&rsquo;art vu du Sud"},"content":{"rendered":"<p class=\"p1\"><strong><span class=\"s1\">Entit\u00e9 d\u2019\u00e9conomie mixte, <\/span><a href=\"https:\/\/www.artdubai.ae\/\"><span class=\"s2\">Art Dubai<\/span><\/a><span class=\"s1\">, la grande foire d\u2019art du Golfe arabo-persique, s\u2019adosse \u00e0 la richesse de la r\u00e9gion et \u00e0 la cr\u00e9ativit\u00e9 du <\/span><span class=\"s2\">Sud Global<\/span><span class=\"s1\">.<\/span><\/strong><\/p>\n<p class=\"p1\"><span class=\"s1\">Duba\u00ef et Abou Dhabi, respectivement m\u00e9tropole et capitale des \u00c9mirats Arabes Unis, comptent parmi les villes \u00e0 la croissance la plus rapide du monde. En 17 ans, Art Duba\u00ef est devenue la premi\u00e8re foire d\u2019art de la r\u00e9gion. Elle attire cette ann\u00e9e 120 galeries, dont 65 % de la r\u00e9gion. Elles ont un ancrage continental africain, comme la<span class=\"Apple-converted-space\">\u00a0 <\/span>jeune <a href=\"https:\/\/efiegallery.com\/\">Efie Gallery<\/a> (fond\u00e9e en 2021 \u00e0 Duba\u00ef par trois Ghan\u00e9ens, \u00a0Valentina, Kwame et Kobi Mintah) ou Golfe-Occident, comme <a href=\"https:\/\/www.lawrieshabibi.com\/\">Lawrie-Shabibi<\/a> (fond\u00e9e en 2011 par l\u2019Anglais William Lawrie, ancien de <a href=\"https:\/\/www.christies.com\/\">Christie\u2019s<\/a> Dubai et la Duba\u00efote Asmaa Al-Shabibi, issue du droit de la finance). <\/span><\/p>\n<p class=\"p1\"><span class=\"s1\">Art Duba\u00ef s\u2019ouvrait cette ann\u00e9e une semaine apr\u00e8s la premi\u00e8re biennale de design au Qatar, <a href=\"https:\/\/designdoha.org.qa\/en\/\">Doha Design<\/a> (jusqu\u2019au 5 ao\u00fbt), qui atteste de la f\u00e9condit\u00e9 des courants du design dans la r\u00e9gion MENASA (Moyen-Orient &#8211; Afrique du Nord \u2013 Asie du Sud-Est), avec des artistes tr\u00e8s impr\u00e9gn\u00e9s de la situation g\u00e9opolitique au Proche-Orient.<\/span><\/p>\n<figure id=\"attachment_2801\" aria-describedby=\"caption-attachment-2801\" style=\"width: 696px\" class=\"wp-caption alignnone\"><img loading=\"lazy\" decoding=\"async\" class=\"wp-image-2801 size-large\" src=\"https:\/\/www.forbes.be\/fr\/wp-content\/uploads\/2024\/05\/DUBAI-UNITED-ARAB-EMIRATES_-General-view-Art-Dubai-2023-Madinat-Jumeirah-Dubai-United-Arab-Emirates.-Photo-by-Spark-Media-for-Art-Dubai1-1024x683.jpg\" alt=\"Art Dubai\" width=\"696\" height=\"464\" srcset=\"https:\/\/www.forbes.be\/fr\/wp-content\/uploads\/2024\/05\/DUBAI-UNITED-ARAB-EMIRATES_-General-view-Art-Dubai-2023-Madinat-Jumeirah-Dubai-United-Arab-Emirates.-Photo-by-Spark-Media-for-Art-Dubai1-1024x683.jpg 1024w, https:\/\/www.forbes.be\/fr\/wp-content\/uploads\/2024\/05\/DUBAI-UNITED-ARAB-EMIRATES_-General-view-Art-Dubai-2023-Madinat-Jumeirah-Dubai-United-Arab-Emirates.-Photo-by-Spark-Media-for-Art-Dubai1-300x200.jpg 300w, https:\/\/www.forbes.be\/fr\/wp-content\/uploads\/2024\/05\/DUBAI-UNITED-ARAB-EMIRATES_-General-view-Art-Dubai-2023-Madinat-Jumeirah-Dubai-United-Arab-Emirates.-Photo-by-Spark-Media-for-Art-Dubai1-768x512.jpg 768w, https:\/\/www.forbes.be\/fr\/wp-content\/uploads\/2024\/05\/DUBAI-UNITED-ARAB-EMIRATES_-General-view-Art-Dubai-2023-Madinat-Jumeirah-Dubai-United-Arab-Emirates.-Photo-by-Spark-Media-for-Art-Dubai1-1536x1024.jpg 1536w, https:\/\/www.forbes.be\/fr\/wp-content\/uploads\/2024\/05\/DUBAI-UNITED-ARAB-EMIRATES_-General-view-Art-Dubai-2023-Madinat-Jumeirah-Dubai-United-Arab-Emirates.-Photo-by-Spark-Media-for-Art-Dubai1-2048x1365.jpg 2048w, https:\/\/www.forbes.be\/fr\/wp-content\/uploads\/2024\/05\/DUBAI-UNITED-ARAB-EMIRATES_-General-view-Art-Dubai-2023-Madinat-Jumeirah-Dubai-United-Arab-Emirates.-Photo-by-Spark-Media-for-Art-Dubai1-696x464.jpg 696w, https:\/\/www.forbes.be\/fr\/wp-content\/uploads\/2024\/05\/DUBAI-UNITED-ARAB-EMIRATES_-General-view-Art-Dubai-2023-Madinat-Jumeirah-Dubai-United-Arab-Emirates.-Photo-by-Spark-Media-for-Art-Dubai1-1068x712.jpg 1068w, https:\/\/www.forbes.be\/fr\/wp-content\/uploads\/2024\/05\/DUBAI-UNITED-ARAB-EMIRATES_-General-view-Art-Dubai-2023-Madinat-Jumeirah-Dubai-United-Arab-Emirates.-Photo-by-Spark-Media-for-Art-Dubai1-1920x1280.jpg 1920w, https:\/\/www.forbes.be\/fr\/wp-content\/uploads\/2024\/05\/DUBAI-UNITED-ARAB-EMIRATES_-General-view-Art-Dubai-2023-Madinat-Jumeirah-Dubai-United-Arab-Emirates.-Photo-by-Spark-Media-for-Art-Dubai1-600x400.jpg 600w\" sizes=\"auto, (max-width: 696px) 100vw, 696px\" \/><figcaption id=\"caption-attachment-2801\" class=\"wp-caption-text\">Art Dubai 2023 &#8211; \u00a9 Spark Media<\/figcaption><\/figure>\n<p class=\"p1\"><span class=\"s2\">Art Duba\u00ef a une directrice ex\u00e9cutive italienne, Benedetta Ghione, ancienne sp\u00e9cialiste de l\u2019<i>arte povera<\/i> chez <a href=\"https:\/\/www.sothebys.com\/en\/about\/locations\/london\">Sotheby\u2019s Londres<\/a>, et un directeur artistique espagnol, Pablo del Val, ancien directeur de la foire d\u2019art<span class=\"Apple-converted-space\">\u00a0 <\/span>contemporain <a href=\"https:\/\/zsonamaco.com\/\">ZONA MACO<\/a> \u00e0 Mexico. La foire compte quatre sections (Contemporary, Art Dubai Modern, Bawwaba, Art Dubai Digital) dont les curateurs sont europ\u00e9ens ou am\u00e9ricains. Pour Art Dubai Modern (l\u2019art post\u00e9rieur \u00e0 1940), Christianna Bonin, form\u00e9e au <a href=\"https:\/\/www.mit.edu\/\">MIT<\/a>, est professeur adjoint d\u2019histoire de l\u2019art \u00e0 l\u2019<a href=\"https:\/\/www.aus.edu\/\">Universit\u00e9 am\u00e9ricaine de Sharjah<\/a> (EAU). Pour Bawwaba (<i>La porte<\/i>), consacr\u00e9e aux \u0153uvres tr\u00e8s r\u00e9centes d\u2019artistes du Sud, sur le th\u00e8me sanaci\u00f3n\/healing (gu\u00e9rison), le curateur Emiliano Valdes pr\u00e9sente cinq laur\u00e9ats de 3 continents : Mirna Bamieh (Palestinienne de J\u00e9rusalem), Cecilia Bengolea (Argentine), Hashel Al Lamki (Dubai), Sajan Mani (Inde), Debashish Paul (Inde) et Mithu Sen (Inde).<\/span><\/p>\n<p class=\"p1\"><span class=\"s1\">Enfin, depuis 2022, la section <a href=\"https:\/\/www.artdubai.ae\/art-dubai-digital\/\">Art Dubai Digital<\/a> d\u00e9ploie tout ce qui touche \u00e0 l\u2019IA, \u00e0 la VR, aux NFT. Cette troisi\u00e8me \u00e9dition est pilot\u00e9e par Auronda Scalera et Alfredo Cramerotti, codirecteurs de l\u2019<a href=\"https:\/\/i-am.art\/\">IAM-Infinity Art Museum<\/a>, premier mus\u00e9e du M\u00e9tavers bas\u00e9 au Royaume-Uni. Parmi les pi\u00e8ces, la splendide s\u00e9rie digitale de la Canado-cor\u00e9enne Krista Kim, Mirrors of the mind (<a href=\"https:\/\/unitlondon.com\/\">Unit Gallery<\/a>, Londres), allie la m\u00e9ditation et la haute techno digitale.<\/span><\/p>\n<h2 class=\"p3\"><span class=\"s3\">Du Sud au Nord et vice-versa<\/span><\/h2>\n<p class=\"p1\">Ces artistes s\u2019emparent souvent de mat\u00e9riaux bruts charg\u00e9s d\u2019histoire. Parmi les galeries duba\u00efotes, Efie Gallery proposait le grand Ghan\u00e9en Al-Anatsui (pr\u00e9sent dans la collection permanente du Guggenheim de Bilbao), l\u2019une des plus grosses ventes de la foire avec The Bend in the River, adjug\u00e9 550 000 euros \u00e0 un collectionneur bas\u00e9 \u00e0 Duba\u00ef, les figures \u00e9lanc\u00e9es en m\u00e9tal et bois (des morceaux de traverses de voie ferr\u00e9e) de l\u2019autodidacte Kenyane Maggie Otieno (<i>Sojourners Series<\/i>) ou le Ghan\u00e9en Yaw Owusu. Form\u00e9 au Ghana et aux USA, il a transform\u00e9 des pesewa, monnaie introduite par le Ghana en 2007, d\u00e9valoris\u00e9es\u00a0par l\u2019inflation, frapp\u00e9es par la Monnaie royale canadienne (Monnaie royale du Royaume-Uni), l\u2019ancienne puissance coloniale du Ghana, en tapisserie sculpturale (<i>To believe<\/i>) inspir\u00e9e de cartes d\u2019archives d\u2019exploitation mini\u00e8re.<\/p>\n<p class=\"p1\">Lawrie Shabibi fait partie des galeries \u00e0 double ancrage londonien et duba\u00efote install\u00e9es d\u00e9but 2011 dans le quartier d\u2019entrep\u00f4ts tr\u00e8s moderne d\u2019Al Quoz, Alserkal Avenue, plaque tournante de l\u2019art contemporain local. \u00c0 Art Duba\u00ef, elle expose aussi la Pakistanaise Hamra Abbas, qui cis\u00e8le \u00e0 la main des blocs de lapis-lazuli sur marbre aux motifs abstraits inspir\u00e9s du K2, qu\u2019elle a escalad\u00e9 (<i>Mountain<\/i>, 2023).<\/p>\n<p class=\"p1\">Quant \u00e0 <a href=\"http:\/\/www.leilahellergallery.com\/\">Leila Heller<\/a>, elle a eu le parcours inverse. Depuis l\u2019ouverture de sa galerie en 1982 \u00e0 New York, elle s\u2019est forg\u00e9 une renomm\u00e9e mondiale de pionni\u00e8re des \u00e9changes entre artistes occidentaux et du Moyen-Orient et d\u2019Asie (elle repr\u00e9sente aussi le Belge Wim Delvoye). En 2015, elle a ouvert dans Alserkal Avenue la plus grande galerie des \u00c9mirats Arabes Unis, o\u00f9 elle pr\u00e9sente notamment une r\u00e9trospective du grand ma\u00eetre du verre souffl\u00e9, l\u2019Am\u00e9ricain Dale Chihuly.<\/p>\n<figure id=\"attachment_2803\" aria-describedby=\"caption-attachment-2803\" style=\"width: 696px\" class=\"wp-caption alignnone\"><img loading=\"lazy\" decoding=\"async\" class=\"wp-image-2803 size-large\" src=\"https:\/\/www.forbes.be\/fr\/wp-content\/uploads\/2024\/05\/Dave-Chihuly-\u00a9-Leila-Heller-Gallery-1024x683.jpg\" alt=\"\" width=\"696\" height=\"464\" srcset=\"https:\/\/www.forbes.be\/fr\/wp-content\/uploads\/2024\/05\/Dave-Chihuly-\u00a9-Leila-Heller-Gallery-1024x683.jpg 1024w, https:\/\/www.forbes.be\/fr\/wp-content\/uploads\/2024\/05\/Dave-Chihuly-\u00a9-Leila-Heller-Gallery-300x200.jpg 300w, https:\/\/www.forbes.be\/fr\/wp-content\/uploads\/2024\/05\/Dave-Chihuly-\u00a9-Leila-Heller-Gallery-768x512.jpg 768w, https:\/\/www.forbes.be\/fr\/wp-content\/uploads\/2024\/05\/Dave-Chihuly-\u00a9-Leila-Heller-Gallery-1536x1024.jpg 1536w, https:\/\/www.forbes.be\/fr\/wp-content\/uploads\/2024\/05\/Dave-Chihuly-\u00a9-Leila-Heller-Gallery-2048x1365.jpg 2048w, https:\/\/www.forbes.be\/fr\/wp-content\/uploads\/2024\/05\/Dave-Chihuly-\u00a9-Leila-Heller-Gallery-696x464.jpg 696w, https:\/\/www.forbes.be\/fr\/wp-content\/uploads\/2024\/05\/Dave-Chihuly-\u00a9-Leila-Heller-Gallery-1068x712.jpg 1068w, https:\/\/www.forbes.be\/fr\/wp-content\/uploads\/2024\/05\/Dave-Chihuly-\u00a9-Leila-Heller-Gallery-1920x1280.jpg 1920w, https:\/\/www.forbes.be\/fr\/wp-content\/uploads\/2024\/05\/Dave-Chihuly-\u00a9-Leila-Heller-Gallery-600x400.jpg 600w\" sizes=\"auto, (max-width: 696px) 100vw, 696px\" \/><figcaption id=\"caption-attachment-2803\" class=\"wp-caption-text\">Dave Chihuly &#8211; \u00a9 Leila Heller Gallery<\/figcaption><\/figure>\n<p class=\"p1\"><span class=\"s4\">Deux galeries belges sont de cette \u00e9dition : la jeune <a href=\"https:\/\/www.stemsgallery.com\/\">Stems<\/a> (Bruxelles), pr\u00e9sente depuis 2021, et l\u2019une des majors belges, <a href=\"https:\/\/maruanimercier.com\/\">Maruani-Mercier<\/a> (Bruxelles, Knokke). Laurent Mercier d\u00e9finit son attrait pour Art Duba\u00ef\u00a0: \u00ab\u00a0<i>\u00c0 Duba\u00ef, l\u2019int\u00e9r\u00eat pour l\u2019art engendre quantit\u00e9 de fondations priv\u00e9es <\/i>[comme la <a href=\"https:\/\/bfaf.ae\/\">Bassam Freiha Art Foundation<\/a> (BFAF), dans le prestigieux Saadiyat Cultural District, ouverte le 3 mars par le diplomate et philantrope Bassam Freiha, Ndlr], <i>ce qui dope ce march\u00e9. L\u2019opulence se tournait d\u2019abord vers certains signes ext\u00e9rieurs de richesse\u00a0: voiture, bijoux, mode et grande maison. Mais les murs de cette grande maison ne peuvent rester vides\u2026<\/i> \u00bb.<\/span><\/p>\n<figure id=\"attachment_2802\" aria-describedby=\"caption-attachment-2802\" style=\"width: 696px\" class=\"wp-caption alignnone\"><img loading=\"lazy\" decoding=\"async\" class=\"wp-image-2802 size-large\" src=\"https:\/\/www.forbes.be\/fr\/wp-content\/uploads\/2024\/05\/Maruani-Mercier-Art-Dubai-2023-Madinat-Jumeirah-Dubai-United-Arab-Emirates.-Photo-by-Spark-Media-for-Art-Dubai-1024x683.jpg\" alt=\"Maruani Mercier Art Dubai\" width=\"696\" height=\"464\" srcset=\"https:\/\/www.forbes.be\/fr\/wp-content\/uploads\/2024\/05\/Maruani-Mercier-Art-Dubai-2023-Madinat-Jumeirah-Dubai-United-Arab-Emirates.-Photo-by-Spark-Media-for-Art-Dubai-1024x683.jpg 1024w, https:\/\/www.forbes.be\/fr\/wp-content\/uploads\/2024\/05\/Maruani-Mercier-Art-Dubai-2023-Madinat-Jumeirah-Dubai-United-Arab-Emirates.-Photo-by-Spark-Media-for-Art-Dubai-300x200.jpg 300w, https:\/\/www.forbes.be\/fr\/wp-content\/uploads\/2024\/05\/Maruani-Mercier-Art-Dubai-2023-Madinat-Jumeirah-Dubai-United-Arab-Emirates.-Photo-by-Spark-Media-for-Art-Dubai-768x512.jpg 768w, https:\/\/www.forbes.be\/fr\/wp-content\/uploads\/2024\/05\/Maruani-Mercier-Art-Dubai-2023-Madinat-Jumeirah-Dubai-United-Arab-Emirates.-Photo-by-Spark-Media-for-Art-Dubai-1536x1024.jpg 1536w, https:\/\/www.forbes.be\/fr\/wp-content\/uploads\/2024\/05\/Maruani-Mercier-Art-Dubai-2023-Madinat-Jumeirah-Dubai-United-Arab-Emirates.-Photo-by-Spark-Media-for-Art-Dubai-2048x1365.jpg 2048w, https:\/\/www.forbes.be\/fr\/wp-content\/uploads\/2024\/05\/Maruani-Mercier-Art-Dubai-2023-Madinat-Jumeirah-Dubai-United-Arab-Emirates.-Photo-by-Spark-Media-for-Art-Dubai-696x464.jpg 696w, https:\/\/www.forbes.be\/fr\/wp-content\/uploads\/2024\/05\/Maruani-Mercier-Art-Dubai-2023-Madinat-Jumeirah-Dubai-United-Arab-Emirates.-Photo-by-Spark-Media-for-Art-Dubai-1068x712.jpg 1068w, https:\/\/www.forbes.be\/fr\/wp-content\/uploads\/2024\/05\/Maruani-Mercier-Art-Dubai-2023-Madinat-Jumeirah-Dubai-United-Arab-Emirates.-Photo-by-Spark-Media-for-Art-Dubai-1920x1280.jpg 1920w, https:\/\/www.forbes.be\/fr\/wp-content\/uploads\/2024\/05\/Maruani-Mercier-Art-Dubai-2023-Madinat-Jumeirah-Dubai-United-Arab-Emirates.-Photo-by-Spark-Media-for-Art-Dubai-600x400.jpg 600w\" sizes=\"auto, (max-width: 696px) 100vw, 696px\" \/><figcaption id=\"caption-attachment-2802\" class=\"wp-caption-text\">Maruani Mercier, Art Dubai 2023 &#8211; \u00a9 Spark Media<\/figcaption><\/figure>\n<p class=\"p1\"><i>\u00ab C\u2019est notre troisi\u00e8me Art Dubai. En un sens, la foire et la ville sont comparables \u00e0 la situation de Miami quand <a href=\"https:\/\/www.artbasel.com\/?lang=fr\">Art Basel<\/a> y a cr\u00e9\u00e9 sa foire en 2002. Ici, tout change vite. Une \u00e9volution majeure est venue des Russes install\u00e9s ici pour \u00e9viter le gel de leurs avoirs suite aux sanctions occidentales. Une partie est all\u00e9e en Isra\u00ebl, l\u2019autre ici. Certaines galeries ont une double pr\u00e9sence entre Duba\u00ef et l\u2019Occident. Nous ne l\u2019envisageons pas, sauf si nous trouvons le bon partenaire\u2026 et si le gouvernement belge confirme le passage de la TVA sur les \u0153uvres d\u2019art de 6 \u00e0 21 %. L\u2019importante client\u00e8le expatri\u00e9e compte notamment des entrepreneurs belges, qui connaissent nos artistes et le monde de l\u2019art. \u00bb<\/i><\/p>\n","protected":false},"excerpt":{"rendered":"<p>Entit\u00e9 d\u2019\u00e9conomie mixte, Art Dubai, la grande foire d\u2019art du Golfe arabo-persique, s\u2019adosse \u00e0 la richesse de la r\u00e9gion et \u00e0 la cr\u00e9ativit\u00e9 du Sud Global. Duba\u00ef et Abou Dhabi, respectivement m\u00e9tropole et capitale des \u00c9mirats Arabes Unis, comptent parmi les villes \u00e0 la croissance la plus rapide du monde. En 17 ans, Art Duba\u00ef [&hellip;]<\/p>\n","protected":false},"author":5,"featured_media":2748,"comment_status":"closed","ping_status":"closed","sticky":false,"template":"","format":"standard","meta":{"_acf_changed":false,"inline_featured_image":false,"footnotes":""},"categories":[18],"tags":[],"class_list":{"0":"post-2739","1":"post","2":"type-post","3":"status-publish","4":"format-standard","5":"has-post-thumbnail","7":"category-luxe"},"acf":[],"_yoast_wpseo_title":null,"_yoast_wpseo_metadesc":"En 17 ans, Art Duba\u00ef est devenue la premi\u00e8re foire d\u2019art du Golfe arabo-persique. Retour sur cette troisi\u00e8me \u00e9dition.","auteur_traducteur":"Johan-Fr\u00e9d\u00e9rik Hel Guedj","yoast_head":"<!-- This site is optimized with the Yoast SEO plugin v27.4 - https:\/\/yoast.com\/product\/yoast-seo-wordpress\/ -->\n<title>Art Dubai, l&#039;art vu du Sud | Forbes Belgique<\/title>\n<meta name=\"description\" content=\"En 17 ans, Art Duba\u00ef est devenue la premi\u00e8re foire d\u2019art du Golfe arabo-persique. Retour sur cette troisi\u00e8me \u00e9dition.\" \/>\n<meta name=\"robots\" content=\"index, follow, max-snippet:-1, max-image-preview:large, max-video-preview:-1\" \/>\n<link rel=\"canonical\" href=\"https:\/\/www.forbes.be\/fr\/art-dubai-lart-vu-du-sud\/\" \/>\n<meta property=\"og:locale\" content=\"fr_FR\" \/>\n<meta property=\"og:type\" content=\"article\" \/>\n<meta property=\"og:title\" content=\"Art Dubai, l&#039;art vu du Sud | Forbes Belgique\" \/>\n<meta property=\"og:description\" content=\"En 17 ans, Art Duba\u00ef est devenue la premi\u00e8re foire d\u2019art du Golfe arabo-persique. Retour sur cette troisi\u00e8me \u00e9dition.\" \/>\n<meta property=\"og:url\" content=\"https:\/\/www.forbes.be\/fr\/art-dubai-lart-vu-du-sud\/\" \/>\n<meta property=\"og:site_name\" content=\"Forbes Belgique\" \/>\n<meta property=\"article:publisher\" content=\"https:\/\/www.facebook.com\/forbesbelgique\/\" \/>\n<meta property=\"article:published_time\" content=\"2024-05-21T16:00:28+00:00\" \/>\n<meta property=\"article:modified_time\" content=\"2024-05-22T08:43:09+00:00\" \/>\n<meta property=\"og:image\" content=\"https:\/\/www.forbes.be\/fr\/wp-content\/uploads\/2024\/05\/Forbes-Art-Dubai.-Exterior-view-2022.-Photo-credit_-Cedric-Ribeiro.jpg\" \/>\n\t<meta property=\"og:image:width\" content=\"1200\" \/>\n\t<meta property=\"og:image:height\" content=\"628\" \/>\n\t<meta property=\"og:image:type\" content=\"image\/jpeg\" \/>\n<meta name=\"author\" content=\"Forbes Belgique\" \/>\n<meta name=\"twitter:card\" content=\"summary_large_image\" \/>\n<meta name=\"twitter:label1\" content=\"\u00c9crit par\" \/>\n\t<meta name=\"twitter:data1\" content=\"Forbes Belgique\" \/>\n\t<meta name=\"twitter:label2\" content=\"Dur\u00e9e de lecture estim\u00e9e\" \/>\n\t<meta name=\"twitter:data2\" content=\"6 minutes\" \/>\n<script type=\"application\/ld+json\" class=\"yoast-schema-graph\">{\"@context\":\"https:\\\/\\\/schema.org\",\"@graph\":[{\"@type\":\"NewsArticle\",\"@id\":\"https:\\\/\\\/www.forbes.be\\\/fr\\\/art-dubai-lart-vu-du-sud\\\/#article\",\"isPartOf\":{\"@id\":\"https:\\\/\\\/www.forbes.be\\\/fr\\\/art-dubai-lart-vu-du-sud\\\/\"},\"author\":{\"name\":\"Forbes Belgique\",\"@id\":\"https:\\\/\\\/www.forbes.be\\\/fr\\\/#\\\/schema\\\/person\\\/147c95cac22c7a4a8056e69e1f287b1f\"},\"headline\":\"Art Dubai, l&rsquo;art vu du Sud\",\"datePublished\":\"2024-05-21T16:00:28+00:00\",\"dateModified\":\"2024-05-22T08:43:09+00:00\",\"mainEntityOfPage\":{\"@id\":\"https:\\\/\\\/www.forbes.be\\\/fr\\\/art-dubai-lart-vu-du-sud\\\/\"},\"wordCount\":1003,\"publisher\":{\"@id\":\"https:\\\/\\\/www.forbes.be\\\/fr\\\/#organization\"},\"image\":{\"@id\":\"https:\\\/\\\/www.forbes.be\\\/fr\\\/art-dubai-lart-vu-du-sud\\\/#primaryimage\"},\"thumbnailUrl\":\"https:\\\/\\\/www.forbes.be\\\/fr\\\/wp-content\\\/uploads\\\/2024\\\/05\\\/Forbes-Art-Dubai.-Exterior-view-2022.-Photo-credit_-Cedric-Ribeiro.jpg\",\"articleSection\":[\"Luxe\"],\"inLanguage\":\"fr-FR\"},{\"@type\":\"WebPage\",\"@id\":\"https:\\\/\\\/www.forbes.be\\\/fr\\\/art-dubai-lart-vu-du-sud\\\/\",\"url\":\"https:\\\/\\\/www.forbes.be\\\/fr\\\/art-dubai-lart-vu-du-sud\\\/\",\"name\":\"Art Dubai, l'art vu du Sud | Forbes Belgique\",\"isPartOf\":{\"@id\":\"https:\\\/\\\/www.forbes.be\\\/fr\\\/#website\"},\"primaryImageOfPage\":{\"@id\":\"https:\\\/\\\/www.forbes.be\\\/fr\\\/art-dubai-lart-vu-du-sud\\\/#primaryimage\"},\"image\":{\"@id\":\"https:\\\/\\\/www.forbes.be\\\/fr\\\/art-dubai-lart-vu-du-sud\\\/#primaryimage\"},\"thumbnailUrl\":\"https:\\\/\\\/www.forbes.be\\\/fr\\\/wp-content\\\/uploads\\\/2024\\\/05\\\/Forbes-Art-Dubai.-Exterior-view-2022.-Photo-credit_-Cedric-Ribeiro.jpg\",\"datePublished\":\"2024-05-21T16:00:28+00:00\",\"dateModified\":\"2024-05-22T08:43:09+00:00\",\"description\":\"En 17 ans, Art Duba\u00ef est devenue la premi\u00e8re foire d\u2019art du Golfe arabo-persique. Retour sur cette troisi\u00e8me \u00e9dition.\",\"breadcrumb\":{\"@id\":\"https:\\\/\\\/www.forbes.be\\\/fr\\\/art-dubai-lart-vu-du-sud\\\/#breadcrumb\"},\"inLanguage\":\"fr-FR\",\"potentialAction\":[{\"@type\":\"ReadAction\",\"target\":[\"https:\\\/\\\/www.forbes.be\\\/fr\\\/art-dubai-lart-vu-du-sud\\\/\"]}]},{\"@type\":\"ImageObject\",\"inLanguage\":\"fr-FR\",\"@id\":\"https:\\\/\\\/www.forbes.be\\\/fr\\\/art-dubai-lart-vu-du-sud\\\/#primaryimage\",\"url\":\"https:\\\/\\\/www.forbes.be\\\/fr\\\/wp-content\\\/uploads\\\/2024\\\/05\\\/Forbes-Art-Dubai.-Exterior-view-2022.-Photo-credit_-Cedric-Ribeiro.jpg\",\"contentUrl\":\"https:\\\/\\\/www.forbes.be\\\/fr\\\/wp-content\\\/uploads\\\/2024\\\/05\\\/Forbes-Art-Dubai.-Exterior-view-2022.-Photo-credit_-Cedric-Ribeiro.jpg\",\"width\":1200,\"height\":628,\"caption\":\"Art Dubai - \u00a9 Cedric Ribeiro\"},{\"@type\":\"BreadcrumbList\",\"@id\":\"https:\\\/\\\/www.forbes.be\\\/fr\\\/art-dubai-lart-vu-du-sud\\\/#breadcrumb\",\"itemListElement\":[{\"@type\":\"ListItem\",\"position\":1,\"name\":\"Accueil\",\"item\":\"https:\\\/\\\/www.forbes.be\\\/fr\\\/\"},{\"@type\":\"ListItem\",\"position\":2,\"name\":\"Art Dubai, l&rsquo;art vu du Sud\"}]},{\"@type\":\"WebSite\",\"@id\":\"https:\\\/\\\/www.forbes.be\\\/fr\\\/#website\",\"url\":\"https:\\\/\\\/www.forbes.be\\\/fr\\\/\",\"name\":\"Forbes Belgique\",\"description\":\"\",\"publisher\":{\"@id\":\"https:\\\/\\\/www.forbes.be\\\/fr\\\/#organization\"},\"potentialAction\":[{\"@type\":\"SearchAction\",\"target\":{\"@type\":\"EntryPoint\",\"urlTemplate\":\"https:\\\/\\\/www.forbes.be\\\/fr\\\/?s={search_term_string}\"},\"query-input\":{\"@type\":\"PropertyValueSpecification\",\"valueRequired\":true,\"valueName\":\"search_term_string\"}}],\"inLanguage\":\"fr-FR\"},{\"@type\":\"Organization\",\"@id\":\"https:\\\/\\\/www.forbes.be\\\/fr\\\/#organization\",\"name\":\"Forbes Belgique\",\"url\":\"https:\\\/\\\/www.forbes.be\\\/fr\\\/\",\"logo\":{\"@type\":\"ImageObject\",\"inLanguage\":\"fr-FR\",\"@id\":\"https:\\\/\\\/www.forbes.be\\\/fr\\\/#\\\/schema\\\/logo\\\/image\\\/\",\"url\":\"https:\\\/\\\/www.forbes.be\\\/fr\\\/wp-content\\\/uploads\\\/2024\\\/02\\\/forbes.be_.png\",\"contentUrl\":\"https:\\\/\\\/www.forbes.be\\\/fr\\\/wp-content\\\/uploads\\\/2024\\\/02\\\/forbes.be_.png\",\"width\":1200,\"height\":675,\"caption\":\"Forbes Belgique\"},\"image\":{\"@id\":\"https:\\\/\\\/www.forbes.be\\\/fr\\\/#\\\/schema\\\/logo\\\/image\\\/\"},\"sameAs\":[\"https:\\\/\\\/www.facebook.com\\\/forbesbelgique\\\/\",\"https:\\\/\\\/www.instagram.com\\\/Forbes_Belgium\",\"https:\\\/\\\/www.linkedin.com\\\/company\\\/forbes-belgium\\\/\"]},{\"@type\":\"Person\",\"@id\":\"https:\\\/\\\/www.forbes.be\\\/fr\\\/#\\\/schema\\\/person\\\/147c95cac22c7a4a8056e69e1f287b1f\",\"name\":\"Forbes Belgique\",\"image\":{\"@type\":\"ImageObject\",\"inLanguage\":\"fr-FR\",\"@id\":\"https:\\\/\\\/www.forbes.be\\\/fr\\\/wp-content\\\/uploads\\\/2024\\\/01\\\/forbes-thumb-150x150.jpg\",\"url\":\"https:\\\/\\\/www.forbes.be\\\/fr\\\/wp-content\\\/uploads\\\/2024\\\/01\\\/forbes-thumb-150x150.jpg\",\"contentUrl\":\"https:\\\/\\\/www.forbes.be\\\/fr\\\/wp-content\\\/uploads\\\/2024\\\/01\\\/forbes-thumb-150x150.jpg\",\"caption\":\"Forbes Belgique\"},\"url\":\"https:\\\/\\\/www.forbes.be\\\/fr\\\/author\\\/forbes-be\\\/\"}]}<\/script>\n<!-- \/ Yoast SEO plugin. -->","yoast_head_json":{"title":"Art Dubai, l'art vu du Sud | Forbes Belgique","description":"En 17 ans, Art Duba\u00ef est devenue la premi\u00e8re foire d\u2019art du Golfe arabo-persique. Retour sur cette troisi\u00e8me \u00e9dition.","robots":{"index":"index","follow":"follow","max-snippet":"max-snippet:-1","max-image-preview":"max-image-preview:large","max-video-preview":"max-video-preview:-1"},"canonical":"https:\/\/www.forbes.be\/fr\/art-dubai-lart-vu-du-sud\/","og_locale":"fr_FR","og_type":"article","og_title":"Art Dubai, l'art vu du Sud | Forbes Belgique","og_description":"En 17 ans, Art Duba\u00ef est devenue la premi\u00e8re foire d\u2019art du Golfe arabo-persique. Retour sur cette troisi\u00e8me \u00e9dition.","og_url":"https:\/\/www.forbes.be\/fr\/art-dubai-lart-vu-du-sud\/","og_site_name":"Forbes Belgique","article_publisher":"https:\/\/www.facebook.com\/forbesbelgique\/","article_published_time":"2024-05-21T16:00:28+00:00","article_modified_time":"2024-05-22T08:43:09+00:00","og_image":[{"width":1200,"height":628,"url":"https:\/\/www.forbes.be\/fr\/wp-content\/uploads\/2024\/05\/Forbes-Art-Dubai.-Exterior-view-2022.-Photo-credit_-Cedric-Ribeiro.jpg","type":"image\/jpeg"}],"author":"Forbes Belgique","twitter_card":"summary_large_image","twitter_misc":{"\u00c9crit par":"Forbes Belgique","Dur\u00e9e de lecture estim\u00e9e":"6 minutes"},"schema":{"@context":"https:\/\/schema.org","@graph":[{"@type":"NewsArticle","@id":"https:\/\/www.forbes.be\/fr\/art-dubai-lart-vu-du-sud\/#article","isPartOf":{"@id":"https:\/\/www.forbes.be\/fr\/art-dubai-lart-vu-du-sud\/"},"author":{"name":"Forbes Belgique","@id":"https:\/\/www.forbes.be\/fr\/#\/schema\/person\/147c95cac22c7a4a8056e69e1f287b1f"},"headline":"Art Dubai, l&rsquo;art vu du Sud","datePublished":"2024-05-21T16:00:28+00:00","dateModified":"2024-05-22T08:43:09+00:00","mainEntityOfPage":{"@id":"https:\/\/www.forbes.be\/fr\/art-dubai-lart-vu-du-sud\/"},"wordCount":1003,"publisher":{"@id":"https:\/\/www.forbes.be\/fr\/#organization"},"image":{"@id":"https:\/\/www.forbes.be\/fr\/art-dubai-lart-vu-du-sud\/#primaryimage"},"thumbnailUrl":"https:\/\/www.forbes.be\/fr\/wp-content\/uploads\/2024\/05\/Forbes-Art-Dubai.-Exterior-view-2022.-Photo-credit_-Cedric-Ribeiro.jpg","articleSection":["Luxe"],"inLanguage":"fr-FR"},{"@type":"WebPage","@id":"https:\/\/www.forbes.be\/fr\/art-dubai-lart-vu-du-sud\/","url":"https:\/\/www.forbes.be\/fr\/art-dubai-lart-vu-du-sud\/","name":"Art Dubai, l'art vu du Sud | Forbes Belgique","isPartOf":{"@id":"https:\/\/www.forbes.be\/fr\/#website"},"primaryImageOfPage":{"@id":"https:\/\/www.forbes.be\/fr\/art-dubai-lart-vu-du-sud\/#primaryimage"},"image":{"@id":"https:\/\/www.forbes.be\/fr\/art-dubai-lart-vu-du-sud\/#primaryimage"},"thumbnailUrl":"https:\/\/www.forbes.be\/fr\/wp-content\/uploads\/2024\/05\/Forbes-Art-Dubai.-Exterior-view-2022.-Photo-credit_-Cedric-Ribeiro.jpg","datePublished":"2024-05-21T16:00:28+00:00","dateModified":"2024-05-22T08:43:09+00:00","description":"En 17 ans, Art Duba\u00ef est devenue la premi\u00e8re foire d\u2019art du Golfe arabo-persique. Retour sur cette troisi\u00e8me \u00e9dition.","breadcrumb":{"@id":"https:\/\/www.forbes.be\/fr\/art-dubai-lart-vu-du-sud\/#breadcrumb"},"inLanguage":"fr-FR","potentialAction":[{"@type":"ReadAction","target":["https:\/\/www.forbes.be\/fr\/art-dubai-lart-vu-du-sud\/"]}]},{"@type":"ImageObject","inLanguage":"fr-FR","@id":"https:\/\/www.forbes.be\/fr\/art-dubai-lart-vu-du-sud\/#primaryimage","url":"https:\/\/www.forbes.be\/fr\/wp-content\/uploads\/2024\/05\/Forbes-Art-Dubai.-Exterior-view-2022.-Photo-credit_-Cedric-Ribeiro.jpg","contentUrl":"https:\/\/www.forbes.be\/fr\/wp-content\/uploads\/2024\/05\/Forbes-Art-Dubai.-Exterior-view-2022.-Photo-credit_-Cedric-Ribeiro.jpg","width":1200,"height":628,"caption":"Art Dubai - \u00a9 Cedric Ribeiro"},{"@type":"BreadcrumbList","@id":"https:\/\/www.forbes.be\/fr\/art-dubai-lart-vu-du-sud\/#breadcrumb","itemListElement":[{"@type":"ListItem","position":1,"name":"Accueil","item":"https:\/\/www.forbes.be\/fr\/"},{"@type":"ListItem","position":2,"name":"Art Dubai, l&rsquo;art vu du Sud"}]},{"@type":"WebSite","@id":"https:\/\/www.forbes.be\/fr\/#website","url":"https:\/\/www.forbes.be\/fr\/","name":"Forbes Belgique","description":"","publisher":{"@id":"https:\/\/www.forbes.be\/fr\/#organization"},"potentialAction":[{"@type":"SearchAction","target":{"@type":"EntryPoint","urlTemplate":"https:\/\/www.forbes.be\/fr\/?s={search_term_string}"},"query-input":{"@type":"PropertyValueSpecification","valueRequired":true,"valueName":"search_term_string"}}],"inLanguage":"fr-FR"},{"@type":"Organization","@id":"https:\/\/www.forbes.be\/fr\/#organization","name":"Forbes Belgique","url":"https:\/\/www.forbes.be\/fr\/","logo":{"@type":"ImageObject","inLanguage":"fr-FR","@id":"https:\/\/www.forbes.be\/fr\/#\/schema\/logo\/image\/","url":"https:\/\/www.forbes.be\/fr\/wp-content\/uploads\/2024\/02\/forbes.be_.png","contentUrl":"https:\/\/www.forbes.be\/fr\/wp-content\/uploads\/2024\/02\/forbes.be_.png","width":1200,"height":675,"caption":"Forbes Belgique"},"image":{"@id":"https:\/\/www.forbes.be\/fr\/#\/schema\/logo\/image\/"},"sameAs":["https:\/\/www.facebook.com\/forbesbelgique\/","https:\/\/www.instagram.com\/Forbes_Belgium","https:\/\/www.linkedin.com\/company\/forbes-belgium\/"]},{"@type":"Person","@id":"https:\/\/www.forbes.be\/fr\/#\/schema\/person\/147c95cac22c7a4a8056e69e1f287b1f","name":"Forbes Belgique","image":{"@type":"ImageObject","inLanguage":"fr-FR","@id":"https:\/\/www.forbes.be\/fr\/wp-content\/uploads\/2024\/01\/forbes-thumb-150x150.jpg","url":"https:\/\/www.forbes.be\/fr\/wp-content\/uploads\/2024\/01\/forbes-thumb-150x150.jpg","contentUrl":"https:\/\/www.forbes.be\/fr\/wp-content\/uploads\/2024\/01\/forbes-thumb-150x150.jpg","caption":"Forbes Belgique"},"url":"https:\/\/www.forbes.be\/fr\/author\/forbes-be\/"}]}},"_links":{"self":[{"href":"https:\/\/www.forbes.be\/fr\/wp-json\/wp\/v2\/posts\/2739","targetHints":{"allow":["GET"]}}],"collection":[{"href":"https:\/\/www.forbes.be\/fr\/wp-json\/wp\/v2\/posts"}],"about":[{"href":"https:\/\/www.forbes.be\/fr\/wp-json\/wp\/v2\/types\/post"}],"author":[{"embeddable":true,"href":"https:\/\/www.forbes.be\/fr\/wp-json\/wp\/v2\/users\/5"}],"replies":[{"embeddable":true,"href":"https:\/\/www.forbes.be\/fr\/wp-json\/wp\/v2\/comments?post=2739"}],"version-history":[{"count":12,"href":"https:\/\/www.forbes.be\/fr\/wp-json\/wp\/v2\/posts\/2739\/revisions"}],"predecessor-version":[{"id":2877,"href":"https:\/\/www.forbes.be\/fr\/wp-json\/wp\/v2\/posts\/2739\/revisions\/2877"}],"wp:featuredmedia":[{"embeddable":true,"href":"https:\/\/www.forbes.be\/fr\/wp-json\/wp\/v2\/media\/2748"}],"wp:attachment":[{"href":"https:\/\/www.forbes.be\/fr\/wp-json\/wp\/v2\/media?parent=2739"}],"wp:term":[{"taxonomy":"category","embeddable":true,"href":"https:\/\/www.forbes.be\/fr\/wp-json\/wp\/v2\/categories?post=2739"},{"taxonomy":"post_tag","embeddable":true,"href":"https:\/\/www.forbes.be\/fr\/wp-json\/wp\/v2\/tags?post=2739"}],"curies":[{"name":"wp","href":"https:\/\/api.w.org\/{rel}","templated":true}]}}