{"id":2986,"date":"2024-05-29T07:00:58","date_gmt":"2024-05-29T05:00:58","guid":{"rendered":"https:\/\/www.forbes.be\/fr\/?p=2986"},"modified":"2024-06-20T15:55:19","modified_gmt":"2024-06-20T13:55:19","slug":"non-eckelmans-immobilier-nest-pas-a-vendre","status":"publish","type":"post","link":"https:\/\/www.forbes.be\/fr\/non-eckelmans-immobilier-nest-pas-a-vendre\/","title":{"rendered":"Non, Eckelmans Immobilier n\u2019est pas \u00e0 vendre\u00a0"},"content":{"rendered":"<p><strong>Ces derniers mois, la rumeur a persist\u00e9\u00a0: Guido Eckelmans sondait le march\u00e9 pour revendre certaines de ses soci\u00e9t\u00e9s. Nous avons rencontr\u00e9 l\u2019int\u00e9ress\u00e9, qui nie en bloc et rebondit.<\/strong><\/p>\n<p style=\"font-weight: 400;\">Au terme de plusieurs ann\u00e9es de turbulences autour du dossier s\u00e9r\u00e9sien de reconversion du Val Saint Lambert dont les m\u00e9dias ont fait leurs choux gras l\u2019an dernier, Guido Eckelmans, une des plus anciennes figures de proue du secteur immobilier belge, a souhait\u00e9 remettre les pendules \u00e0 l\u2019heure concernant ses soci\u00e9t\u00e9s et leur avenir. Avenir qu\u2019il assure florissant, chiffres \u00e0 l\u2019appui, la profitabilit\u00e9 \u00e9tant enfin de retour.<\/p>\n<p style=\"font-weight: 400;\">Pour le d\u00e9montrer, c\u2019est tout son staff qu\u2019il a r\u00e9uni dans ses bureaux de Louvain-la-Neuve et tous ses dossiers qu\u2019il a mis sur la table pour Forbes Belgium. A commencer par l\u2019organigramme du groupe qui h\u00e9berge la soci\u00e9t\u00e9 familiale fond\u00e9e en 1960 et qu\u2019il dirige toujours, histoire qu\u2019on ne m\u00e9lange plus tout et n\u2019importe quoi (voir tableau).<\/p>\n<h3 style=\"font-weight: 400;\"><strong>Couper le cou aux rumeurs<\/strong><\/h3>\n<figure id=\"attachment_2990\" aria-describedby=\"caption-attachment-2990\" style=\"width: 2560px\" class=\"wp-caption alignnone\"><img loading=\"lazy\" decoding=\"async\" class=\"size-full wp-image-2990\" src=\"https:\/\/www.forbes.be\/fr\/wp-content\/uploads\/2024\/05\/guido-eckelmans03-scaled.jpg\" alt=\"\" width=\"2560\" height=\"1920\" srcset=\"https:\/\/www.forbes.be\/fr\/wp-content\/uploads\/2024\/05\/guido-eckelmans03-scaled.jpg 2560w, https:\/\/www.forbes.be\/fr\/wp-content\/uploads\/2024\/05\/guido-eckelmans03-300x225.jpg 300w, https:\/\/www.forbes.be\/fr\/wp-content\/uploads\/2024\/05\/guido-eckelmans03-1024x768.jpg 1024w, https:\/\/www.forbes.be\/fr\/wp-content\/uploads\/2024\/05\/guido-eckelmans03-768x576.jpg 768w, https:\/\/www.forbes.be\/fr\/wp-content\/uploads\/2024\/05\/guido-eckelmans03-1536x1152.jpg 1536w, https:\/\/www.forbes.be\/fr\/wp-content\/uploads\/2024\/05\/guido-eckelmans03-2048x1536.jpg 2048w, https:\/\/www.forbes.be\/fr\/wp-content\/uploads\/2024\/05\/guido-eckelmans03-696x522.jpg 696w, https:\/\/www.forbes.be\/fr\/wp-content\/uploads\/2024\/05\/guido-eckelmans03-1068x801.jpg 1068w, https:\/\/www.forbes.be\/fr\/wp-content\/uploads\/2024\/05\/guido-eckelmans03-1920x1440.jpg 1920w, https:\/\/www.forbes.be\/fr\/wp-content\/uploads\/2024\/05\/guido-eckelmans03-600x450.jpg 600w\" sizes=\"auto, (max-width: 2560px) 100vw, 2560px\" \/><figcaption id=\"caption-attachment-2990\" class=\"wp-caption-text\">Guido Eckelmans dans un des studios lou\u00e9s par sa soci\u00e9t\u00e9 de gestion.<\/figcaption><\/figure>\n<p style=\"font-weight: 400;\">Et il le redit d\u2019entr\u00e9e de jeu\u00a0: \u00abJe tiens \u00e0 couper le cou aux rumeurs qui circulent, \u00e0 remettre \u00e0 leur place tous ceux qui voudraient me voir partir. Et \u00e0 faire une fois pour toutes la part des choses. Le passif de Seraing (Cristal Park et Immoval SA, NDLR) n\u2019a rien \u00e0 voir avec le groupe Eckelmans\u00a0: c\u2019\u00e9tait une op\u00e9ration d\u2019ordre purement priv\u00e9 pour aider un copain qui n\u2019en est plus un aujourd\u2019hui\u00a0et qui m\u2019a totalement tromp\u00e9. La soci\u00e9t\u00e9 concern\u00e9e est actuellement en phase de liquidation\u00bb.<\/p>\n<p style=\"font-weight: 400;\">Mais Guido Eckelmans n\u2019en a pas fini avec les mises au point et il poursuit, bien d\u00e9cid\u00e9 \u00e0 nettoyer les \u00e9curies: \u00abIci, il n\u2019y a rien \u00e0 vendre. J\u2019ai \u00e9t\u00e9 courtis\u00e9 par quelques grosses soci\u00e9t\u00e9s de promotion belges \u00e0 la recherche de <em>cashflow<\/em>, int\u00e9ress\u00e9es par notre diversification et nos rentr\u00e9es r\u00e9currentes via la gestion locative de notre portefeuille de logements \u00e9tudiants, c\u2019est vrai. J\u2019ai mon \u00e2ge, c\u2019est vrai, je ne suis pas \u00e9ternel. Mais j\u2019ai encore envie de rebondir apr\u00e8s 3-4 ann\u00e9es de <em>standstill <\/em>pour cause de pand\u00e9mie et de complications administratives pour tout le monde -surtout en termes de non-d\u00e9livrance de permis. Nous avons fait le gros dos, v\u00e9cu sur nos r\u00e9serves. On s\u2019est pos\u00e9 des questions, c\u2019est vrai\u00a0; mais on n\u2019a pas perdu notre temps. Et aujourd\u2019hui, les projets qui avaient \u00e9t\u00e9 mis en couveuse voient le jour. On repart de plus belle et on va vous prouver que l<strong>\u2019<a href=\"https:\/\/www.eckelmans.be\/categorie\/le-groupe-eckelmans.html\">Immobili\u00e8re Guido Eckelmans (IGE)<\/a><\/strong> est en excellente sant\u00e9\u00a0!\u00bb<\/p>\n<p><img loading=\"lazy\" decoding=\"async\" class=\"alignnone size-full wp-image-2991\" src=\"https:\/\/www.forbes.be\/fr\/wp-content\/uploads\/2024\/05\/eckemans-group-organigramme.png\" alt=\"\" width=\"2118\" height=\"1444\" srcset=\"https:\/\/www.forbes.be\/fr\/wp-content\/uploads\/2024\/05\/eckemans-group-organigramme.png 2118w, https:\/\/www.forbes.be\/fr\/wp-content\/uploads\/2024\/05\/eckemans-group-organigramme-300x205.png 300w, https:\/\/www.forbes.be\/fr\/wp-content\/uploads\/2024\/05\/eckemans-group-organigramme-1024x698.png 1024w, https:\/\/www.forbes.be\/fr\/wp-content\/uploads\/2024\/05\/eckemans-group-organigramme-768x524.png 768w, https:\/\/www.forbes.be\/fr\/wp-content\/uploads\/2024\/05\/eckemans-group-organigramme-1536x1047.png 1536w, https:\/\/www.forbes.be\/fr\/wp-content\/uploads\/2024\/05\/eckemans-group-organigramme-2048x1396.png 2048w, https:\/\/www.forbes.be\/fr\/wp-content\/uploads\/2024\/05\/eckemans-group-organigramme-218x150.png 218w, https:\/\/www.forbes.be\/fr\/wp-content\/uploads\/2024\/05\/eckemans-group-organigramme-696x475.png 696w, https:\/\/www.forbes.be\/fr\/wp-content\/uploads\/2024\/05\/eckemans-group-organigramme-1068x728.png 1068w, https:\/\/www.forbes.be\/fr\/wp-content\/uploads\/2024\/05\/eckemans-group-organigramme-1920x1309.png 1920w, https:\/\/www.forbes.be\/fr\/wp-content\/uploads\/2024\/05\/eckemans-group-organigramme-600x409.png 600w\" sizes=\"auto, (max-width: 2118px) 100vw, 2118px\" \/><\/p>\n<p style=\"font-weight: 400;\">Dont acte. Pass\u00e9 cette mise au point indispensable, la direction du groupe Eckelmans, toujours structur\u00e9 sous forme de SRL, souhaite montrer ce qu\u2019elle a aujourd\u2019hui dans le ventre. Et elle assure que son renom est intact : \u00abNous avons la chance quasi unique d\u2019\u00eatre leader sur un march\u00e9 de niche en croissance, qui se professionnalise, o\u00f9 la demande locative d\u00e9passe l\u2019offre et o\u00f9 les principaux acteurs universitaires qui comptent viennent vers nous avec leurs terrains et des projets \u00e0 finaliser. Rien qu\u2019\u00e0 Mons pour l\u2019instant, nous avons trois projets en cours, Triple A pour les investisseurs particuliers. Et tout ce qui a \u00e9t\u00e9 commercialis\u00e9 a \u00e9t\u00e9 vendu en un mois environ\u00bb, pr\u00e9cise le patron, fort d\u2019une vingtaine de collaborateurs -dont des ing\u00e9nieurs directeurs de projets et des gestionnaires de portefeuille- r\u00e9partis sur cinq sites.<\/p>\n<figure id=\"attachment_2998\" aria-describedby=\"caption-attachment-2998\" style=\"width: 2560px\" class=\"wp-caption alignnone\"><img loading=\"lazy\" decoding=\"async\" class=\"size-full wp-image-2998\" src=\"https:\/\/www.forbes.be\/fr\/wp-content\/uploads\/2024\/05\/cross-project-mons1-scaled.jpg\" alt=\"\" width=\"2560\" height=\"1920\" srcset=\"https:\/\/www.forbes.be\/fr\/wp-content\/uploads\/2024\/05\/cross-project-mons1-scaled.jpg 2560w, https:\/\/www.forbes.be\/fr\/wp-content\/uploads\/2024\/05\/cross-project-mons1-300x225.jpg 300w, https:\/\/www.forbes.be\/fr\/wp-content\/uploads\/2024\/05\/cross-project-mons1-1024x768.jpg 1024w, https:\/\/www.forbes.be\/fr\/wp-content\/uploads\/2024\/05\/cross-project-mons1-768x576.jpg 768w, https:\/\/www.forbes.be\/fr\/wp-content\/uploads\/2024\/05\/cross-project-mons1-1536x1152.jpg 1536w, https:\/\/www.forbes.be\/fr\/wp-content\/uploads\/2024\/05\/cross-project-mons1-2048x1536.jpg 2048w, https:\/\/www.forbes.be\/fr\/wp-content\/uploads\/2024\/05\/cross-project-mons1-696x522.jpg 696w, https:\/\/www.forbes.be\/fr\/wp-content\/uploads\/2024\/05\/cross-project-mons1-1068x801.jpg 1068w, https:\/\/www.forbes.be\/fr\/wp-content\/uploads\/2024\/05\/cross-project-mons1-1920x1440.jpg 1920w, https:\/\/www.forbes.be\/fr\/wp-content\/uploads\/2024\/05\/cross-project-mons1-600x450.jpg 600w\" sizes=\"auto, (max-width: 2560px) 100vw, 2560px\" \/><figcaption id=\"caption-attachment-2998\" class=\"wp-caption-text\">Cross Project Mons: un projet mixte id\u00e9alement situ\u00e9 comprenant 100 kots, 24 appartements et 2.300 m2 de bureaux d\u00e9j\u00e0 r\u00e9serv\u00e9s par l\u2019UMons. Le tout a \u00e9t\u00e9 livr\u00e9 le mois dernier. G&amp;P Architectes<\/figcaption><\/figure>\n<h3 style=\"font-weight: 400;\"><strong>Plan strat\u00e9gique de d\u00e9veloppement soutenu<\/strong><\/h3>\n<p style=\"font-weight: 400;\">Dans et autour du campus de l\u2019UMons, le plan strat\u00e9gique du groupe Eckelmans pr\u00e9voit de d\u00e9velopper pas moins de 500 logements dans les 5 prochaines ann\u00e9es. \u00abOn ne parle que de ce qui est d\u00e9j\u00e0 scell\u00e9. Cela pourrait encore augmenter&#8230;\u00bb, rench\u00e9rit Guido Eckelmans.<\/p>\n<p style=\"font-weight: 400;\">Aujourd\u2019hui, sa filiale de gestion locative g\u00e8re un portefeuille structurel de 5.000 logements \u00e9tudiants progressivement d\u00e9velopp\u00e9s sur les principaux campus universitaires belges (Leuven, Louvain-la-Neuve, Anderlecht, Namur, Li\u00e8ge, Mons) pour compte d\u2019un millier de copropri\u00e9taires particuliers ou institutionnels, dont 800 unit\u00e9s rien que sur le campus Erasme (ULB) en <em>Bouwteam<\/em> avec BPC (groupe CFE). Bon an mal an, ce genre d\u2019investissement cibl\u00e9 offre aux investisseurs un rendement moyen annuel (plus-value comprise) d\u00e9passant 5% brut.<\/p>\n<figure id=\"attachment_2988\" aria-describedby=\"caption-attachment-2988\" style=\"width: 1500px\" class=\"wp-caption alignnone\"><img loading=\"lazy\" decoding=\"async\" class=\"size-full wp-image-2988\" src=\"https:\/\/www.forbes.be\/fr\/wp-content\/uploads\/2024\/05\/erasmus-garden-lot-u.png\" alt=\"\" width=\"1500\" height=\"1500\" srcset=\"https:\/\/www.forbes.be\/fr\/wp-content\/uploads\/2024\/05\/erasmus-garden-lot-u.png 1500w, https:\/\/www.forbes.be\/fr\/wp-content\/uploads\/2024\/05\/erasmus-garden-lot-u-300x300.png 300w, https:\/\/www.forbes.be\/fr\/wp-content\/uploads\/2024\/05\/erasmus-garden-lot-u-1024x1024.png 1024w, https:\/\/www.forbes.be\/fr\/wp-content\/uploads\/2024\/05\/erasmus-garden-lot-u-150x150.png 150w, https:\/\/www.forbes.be\/fr\/wp-content\/uploads\/2024\/05\/erasmus-garden-lot-u-768x768.png 768w, https:\/\/www.forbes.be\/fr\/wp-content\/uploads\/2024\/05\/erasmus-garden-lot-u-696x696.png 696w, https:\/\/www.forbes.be\/fr\/wp-content\/uploads\/2024\/05\/erasmus-garden-lot-u-1068x1068.png 1068w, https:\/\/www.forbes.be\/fr\/wp-content\/uploads\/2024\/05\/erasmus-garden-lot-u-600x600.png 600w, https:\/\/www.forbes.be\/fr\/wp-content\/uploads\/2024\/05\/erasmus-garden-lot-u-100x100.png 100w\" sizes=\"auto, (max-width: 1500px) 100vw, 1500px\" \/><figcaption id=\"caption-attachment-2988\" class=\"wp-caption-text\">Erasmus Garden, Anderlecht: la derni\u00e8re phase en cours du chantier a obtenu ses permis pour la construction de 210 logements \u00e9tudiants, dont 45 studios. Le chantier, coordonn\u00e9 par BPC, va d\u00e9marrer cette ann\u00e9e. Architecte A2RC<\/figcaption><\/figure>\n<p style=\"font-weight: 400;\">A c\u00f4t\u00e9 de son c\u0153ur de cible \u00e9tudiant, l\u2019Immobili\u00e8re Guido Eckelmans d\u00e9veloppe \u00e9galement, comme ses concurrents classiques, des projets mixtes urbains. C\u2019est notamment le cas \u00e0 <strong>Chastre<\/strong>, o\u00f9 un nouveau projet important (110 appartements, bureaux et professions lib\u00e9rales) dessin\u00e9 par <a href=\"https:\/\/www.ladriere-architecture.be\">l\u2019architecte Philippe Ladri\u00e8re<\/a> devrait bient\u00f4t voir le jour sous forme de PPP (partenariat public-priv\u00e9) en lieu et place d\u2019un important chancre industriel, une fois purg\u00e9 du recours introduit par la commune voisine.<\/p>\n<p style=\"font-weight: 400;\">D\u2019autres projets sont d\u00e9j\u00e0 sur le point de sortir de terre, comme \u00e0 <strong>Gistoux<\/strong>, o\u00f9 26 appartements sont programm\u00e9s, ou \u00e0 <strong>Ch\u00e8vremont <\/strong>(Chaudfontaine), sur les hauteurs de Li\u00e8ge, o\u00f9 la basilique et ses d\u00e9pendances seront reconverties -en partenariat avec <a href=\"https:\/\/www.inside-development.be\/projets\/\">Inside Development<\/a> et <a href=\"https:\/\/socatra.be\">Socatra, <\/a>selon les plans d\u2019<a href=\"https:\/\/www.altiplan.eu\">Altiplan<\/a>&#8211; en une septantaine de logements de standing log\u00e9s au sein d\u2019un vaste parc arbor\u00e9.<\/p>\n<figure id=\"attachment_2989\" aria-describedby=\"caption-attachment-2989\" style=\"width: 1920px\" class=\"wp-caption alignnone\"><img loading=\"lazy\" decoding=\"async\" class=\"size-full wp-image-2989\" src=\"https:\/\/www.forbes.be\/fr\/wp-content\/uploads\/2024\/05\/sucrery-chastre01.png\" alt=\"\" width=\"1920\" height=\"1280\" srcset=\"https:\/\/www.forbes.be\/fr\/wp-content\/uploads\/2024\/05\/sucrery-chastre01.png 1920w, https:\/\/www.forbes.be\/fr\/wp-content\/uploads\/2024\/05\/sucrery-chastre01-300x200.png 300w, https:\/\/www.forbes.be\/fr\/wp-content\/uploads\/2024\/05\/sucrery-chastre01-1024x683.png 1024w, https:\/\/www.forbes.be\/fr\/wp-content\/uploads\/2024\/05\/sucrery-chastre01-768x512.png 768w, https:\/\/www.forbes.be\/fr\/wp-content\/uploads\/2024\/05\/sucrery-chastre01-1536x1024.png 1536w, https:\/\/www.forbes.be\/fr\/wp-content\/uploads\/2024\/05\/sucrery-chastre01-696x464.png 696w, https:\/\/www.forbes.be\/fr\/wp-content\/uploads\/2024\/05\/sucrery-chastre01-1068x712.png 1068w, https:\/\/www.forbes.be\/fr\/wp-content\/uploads\/2024\/05\/sucrery-chastre01-600x400.png 600w\" sizes=\"auto, (max-width: 1920px) 100vw, 1920px\" \/><figcaption id=\"caption-attachment-2989\" class=\"wp-caption-text\">Sucrery Chastre: la derni\u00e8re version d\u00e9pos\u00e9e de l\u2019important projet mixte de r\u00e9habilitation du chancre industriel de la sucrerie locale pr\u00e9voit la construction de 111 logements, une cr\u00e8che et des espaces de commerce et pour professions lib\u00e9rales. Architecte Philippe Ladri\u00e8re<\/figcaption><\/figure>\n<p style=\"font-weight: 400;\">\u00abLa plupart de ces projets sont pressentis pour livraison<strong> \u00e0 l\u2019horizon 2027<\/strong> avec environ 15 millions de marge brute potentielle. Notre b\u00e9n\u00e9fice courant est en progression (1,6 million d\u2019euros avant imp\u00f4t en 2023), nous disposons d\u2019une dizaine de millions de fonds propres et nos \u00e9quipes multiplient les prospections sur plusieurs projets \u00e0 haut potentiel. Alors quand on nous dit que nous sommes \u00e0 l\u2019\u00e9talage, vous comprenez que \u00e7a nous h\u00e9risse le poil&#8230; \u00bb, sourit le patron, inoxydable malgr\u00e9 ses 73 printemps.<\/p>\n<p><img loading=\"lazy\" decoding=\"async\" class=\"alignnone size-full wp-image-2992\" src=\"https:\/\/www.forbes.be\/fr\/wp-content\/uploads\/2024\/05\/eckelmans-pipeline-projets.png\" alt=\"\" width=\"2042\" height=\"1088\" srcset=\"https:\/\/www.forbes.be\/fr\/wp-content\/uploads\/2024\/05\/eckelmans-pipeline-projets.png 2042w, https:\/\/www.forbes.be\/fr\/wp-content\/uploads\/2024\/05\/eckelmans-pipeline-projets-300x160.png 300w, https:\/\/www.forbes.be\/fr\/wp-content\/uploads\/2024\/05\/eckelmans-pipeline-projets-1024x546.png 1024w, https:\/\/www.forbes.be\/fr\/wp-content\/uploads\/2024\/05\/eckelmans-pipeline-projets-768x409.png 768w, https:\/\/www.forbes.be\/fr\/wp-content\/uploads\/2024\/05\/eckelmans-pipeline-projets-1536x818.png 1536w, https:\/\/www.forbes.be\/fr\/wp-content\/uploads\/2024\/05\/eckelmans-pipeline-projets-696x371.png 696w, https:\/\/www.forbes.be\/fr\/wp-content\/uploads\/2024\/05\/eckelmans-pipeline-projets-1068x569.png 1068w, https:\/\/www.forbes.be\/fr\/wp-content\/uploads\/2024\/05\/eckelmans-pipeline-projets-1920x1023.png 1920w, https:\/\/www.forbes.be\/fr\/wp-content\/uploads\/2024\/05\/eckelmans-pipeline-projets-600x320.png 600w\" sizes=\"auto, (max-width: 2042px) 100vw, 2042px\" \/><\/p>\n","protected":false},"excerpt":{"rendered":"<p>Ces derniers mois, la rumeur a persist\u00e9\u00a0: Guido Eckelmans sondait le march\u00e9 pour revendre certaines de ses soci\u00e9t\u00e9s. Nous avons rencontr\u00e9 l\u2019int\u00e9ress\u00e9, qui nie en bloc et rebondit. Au terme de plusieurs ann\u00e9es de turbulences autour du dossier s\u00e9r\u00e9sien de reconversion du Val Saint Lambert dont les m\u00e9dias ont fait leurs choux gras l\u2019an dernier, [&hellip;]<\/p>\n","protected":false},"author":15,"featured_media":2993,"comment_status":"closed","ping_status":"closed","sticky":false,"template":"","format":"standard","meta":{"_acf_changed":false,"inline_featured_image":false,"footnotes":""},"categories":[1,19,24],"tags":[],"class_list":{"0":"post-2986","1":"post","2":"type-post","3":"status-publish","4":"format-standard","5":"has-post-thumbnail","7":"category-actualite","8":"category-entrepreneurs","9":"category-immobilier"},"acf":[],"_yoast_wpseo_title":null,"_yoast_wpseo_metadesc":"Guido Eckelmans, figure de proue du secteur immobilier, remet les pendules \u00e0 l\u2019heure concernant ses soci\u00e9t\u00e9s et leur avenir.","auteur_traducteur":"","yoast_head":"<!-- This site is optimized with the Yoast SEO plugin v27.4 - https:\/\/yoast.com\/product\/yoast-seo-wordpress\/ -->\n<title>Non, Eckelmans Immobilier n\u2019est pas \u00e0 vendre\u00a0 | Forbes Belgique<\/title>\n<meta name=\"description\" content=\"Guido Eckelmans, figure de proue du secteur immobilier, remet les pendules \u00e0 l\u2019heure concernant ses soci\u00e9t\u00e9s et leur avenir.\" \/>\n<meta name=\"robots\" content=\"index, follow, max-snippet:-1, max-image-preview:large, max-video-preview:-1\" \/>\n<link rel=\"canonical\" href=\"https:\/\/www.forbes.be\/fr\/non-eckelmans-immobilier-nest-pas-a-vendre\/\" \/>\n<meta property=\"og:locale\" content=\"fr_FR\" \/>\n<meta property=\"og:type\" content=\"article\" \/>\n<meta property=\"og:title\" content=\"Non, Eckelmans Immobilier n\u2019est pas \u00e0 vendre\u00a0 | Forbes Belgique\" \/>\n<meta property=\"og:description\" content=\"Guido Eckelmans, figure de proue du secteur immobilier, remet les pendules \u00e0 l\u2019heure concernant ses soci\u00e9t\u00e9s et leur avenir.\" \/>\n<meta property=\"og:url\" content=\"https:\/\/www.forbes.be\/fr\/non-eckelmans-immobilier-nest-pas-a-vendre\/\" \/>\n<meta property=\"og:site_name\" content=\"Forbes Belgique\" \/>\n<meta property=\"article:publisher\" content=\"https:\/\/www.facebook.com\/forbesbelgique\/\" \/>\n<meta property=\"article:published_time\" content=\"2024-05-29T05:00:58+00:00\" \/>\n<meta property=\"article:modified_time\" content=\"2024-06-20T13:55:19+00:00\" \/>\n<meta property=\"og:image\" content=\"https:\/\/www.forbes.be\/fr\/wp-content\/uploads\/2024\/05\/Lovano-Campus-LLN-foyer-scaled-e1716987931570.jpg\" \/>\n\t<meta property=\"og:image:width\" content=\"2534\" \/>\n\t<meta property=\"og:image:height\" content=\"1425\" \/>\n\t<meta property=\"og:image:type\" content=\"image\/jpeg\" \/>\n<meta name=\"author\" content=\"Philippe Coul\u00e9e\" \/>\n<meta name=\"twitter:card\" content=\"summary_large_image\" \/>\n<meta name=\"twitter:label1\" content=\"\u00c9crit par\" \/>\n\t<meta name=\"twitter:data1\" content=\"Philippe Coul\u00e9e\" \/>\n\t<meta name=\"twitter:label2\" content=\"Dur\u00e9e de lecture estim\u00e9e\" \/>\n\t<meta name=\"twitter:data2\" content=\"7 minutes\" \/>\n<script type=\"application\/ld+json\" class=\"yoast-schema-graph\">{\"@context\":\"https:\\\/\\\/schema.org\",\"@graph\":[{\"@type\":\"NewsArticle\",\"@id\":\"https:\\\/\\\/www.forbes.be\\\/fr\\\/non-eckelmans-immobilier-nest-pas-a-vendre\\\/#article\",\"isPartOf\":{\"@id\":\"https:\\\/\\\/www.forbes.be\\\/fr\\\/non-eckelmans-immobilier-nest-pas-a-vendre\\\/\"},\"author\":{\"name\":\"Philippe Coul\u00e9e\",\"@id\":\"https:\\\/\\\/www.forbes.be\\\/fr\\\/#\\\/schema\\\/person\\\/22bfc3335e560f4084ef5af17ecdad87\"},\"headline\":\"Non, Eckelmans Immobilier n\u2019est pas \u00e0 vendre\u00a0\",\"datePublished\":\"2024-05-29T05:00:58+00:00\",\"dateModified\":\"2024-06-20T13:55:19+00:00\",\"mainEntityOfPage\":{\"@id\":\"https:\\\/\\\/www.forbes.be\\\/fr\\\/non-eckelmans-immobilier-nest-pas-a-vendre\\\/\"},\"wordCount\":1130,\"publisher\":{\"@id\":\"https:\\\/\\\/www.forbes.be\\\/fr\\\/#organization\"},\"image\":{\"@id\":\"https:\\\/\\\/www.forbes.be\\\/fr\\\/non-eckelmans-immobilier-nest-pas-a-vendre\\\/#primaryimage\"},\"thumbnailUrl\":\"https:\\\/\\\/www.forbes.be\\\/fr\\\/wp-content\\\/uploads\\\/2024\\\/05\\\/Lovano-Campus-LLN-foyer-scaled-e1716987931570.jpg\",\"articleSection\":[\"Actualit\u00e9s\",\"Entrepreneurs\",\"Immobilier\"],\"inLanguage\":\"fr-FR\"},{\"@type\":\"WebPage\",\"@id\":\"https:\\\/\\\/www.forbes.be\\\/fr\\\/non-eckelmans-immobilier-nest-pas-a-vendre\\\/\",\"url\":\"https:\\\/\\\/www.forbes.be\\\/fr\\\/non-eckelmans-immobilier-nest-pas-a-vendre\\\/\",\"name\":\"Non, Eckelmans Immobilier n\u2019est pas \u00e0 vendre\u00a0 | Forbes Belgique\",\"isPartOf\":{\"@id\":\"https:\\\/\\\/www.forbes.be\\\/fr\\\/#website\"},\"primaryImageOfPage\":{\"@id\":\"https:\\\/\\\/www.forbes.be\\\/fr\\\/non-eckelmans-immobilier-nest-pas-a-vendre\\\/#primaryimage\"},\"image\":{\"@id\":\"https:\\\/\\\/www.forbes.be\\\/fr\\\/non-eckelmans-immobilier-nest-pas-a-vendre\\\/#primaryimage\"},\"thumbnailUrl\":\"https:\\\/\\\/www.forbes.be\\\/fr\\\/wp-content\\\/uploads\\\/2024\\\/05\\\/Lovano-Campus-LLN-foyer-scaled-e1716987931570.jpg\",\"datePublished\":\"2024-05-29T05:00:58+00:00\",\"dateModified\":\"2024-06-20T13:55:19+00:00\",\"description\":\"Guido Eckelmans, figure de proue du secteur immobilier, remet les pendules \u00e0 l\u2019heure concernant ses soci\u00e9t\u00e9s et leur avenir.\",\"breadcrumb\":{\"@id\":\"https:\\\/\\\/www.forbes.be\\\/fr\\\/non-eckelmans-immobilier-nest-pas-a-vendre\\\/#breadcrumb\"},\"inLanguage\":\"fr-FR\",\"potentialAction\":[{\"@type\":\"ReadAction\",\"target\":[\"https:\\\/\\\/www.forbes.be\\\/fr\\\/non-eckelmans-immobilier-nest-pas-a-vendre\\\/\"]}]},{\"@type\":\"ImageObject\",\"inLanguage\":\"fr-FR\",\"@id\":\"https:\\\/\\\/www.forbes.be\\\/fr\\\/non-eckelmans-immobilier-nest-pas-a-vendre\\\/#primaryimage\",\"url\":\"https:\\\/\\\/www.forbes.be\\\/fr\\\/wp-content\\\/uploads\\\/2024\\\/05\\\/Lovano-Campus-LLN-foyer-scaled-e1716987931570.jpg\",\"contentUrl\":\"https:\\\/\\\/www.forbes.be\\\/fr\\\/wp-content\\\/uploads\\\/2024\\\/05\\\/Lovano-Campus-LLN-foyer-scaled-e1716987931570.jpg\",\"width\":2534,\"height\":1425,\"caption\":\"Le foyer de l'immeuble Lovano \u00e0 Louvain-la-Neuve\"},{\"@type\":\"BreadcrumbList\",\"@id\":\"https:\\\/\\\/www.forbes.be\\\/fr\\\/non-eckelmans-immobilier-nest-pas-a-vendre\\\/#breadcrumb\",\"itemListElement\":[{\"@type\":\"ListItem\",\"position\":1,\"name\":\"Accueil\",\"item\":\"https:\\\/\\\/www.forbes.be\\\/fr\\\/\"},{\"@type\":\"ListItem\",\"position\":2,\"name\":\"Non, Eckelmans Immobilier n\u2019est pas \u00e0 vendre\u00a0\"}]},{\"@type\":\"WebSite\",\"@id\":\"https:\\\/\\\/www.forbes.be\\\/fr\\\/#website\",\"url\":\"https:\\\/\\\/www.forbes.be\\\/fr\\\/\",\"name\":\"Forbes Belgique\",\"description\":\"\",\"publisher\":{\"@id\":\"https:\\\/\\\/www.forbes.be\\\/fr\\\/#organization\"},\"potentialAction\":[{\"@type\":\"SearchAction\",\"target\":{\"@type\":\"EntryPoint\",\"urlTemplate\":\"https:\\\/\\\/www.forbes.be\\\/fr\\\/?s={search_term_string}\"},\"query-input\":{\"@type\":\"PropertyValueSpecification\",\"valueRequired\":true,\"valueName\":\"search_term_string\"}}],\"inLanguage\":\"fr-FR\"},{\"@type\":\"Organization\",\"@id\":\"https:\\\/\\\/www.forbes.be\\\/fr\\\/#organization\",\"name\":\"Forbes Belgique\",\"url\":\"https:\\\/\\\/www.forbes.be\\\/fr\\\/\",\"logo\":{\"@type\":\"ImageObject\",\"inLanguage\":\"fr-FR\",\"@id\":\"https:\\\/\\\/www.forbes.be\\\/fr\\\/#\\\/schema\\\/logo\\\/image\\\/\",\"url\":\"https:\\\/\\\/www.forbes.be\\\/fr\\\/wp-content\\\/uploads\\\/2024\\\/02\\\/forbes.be_.png\",\"contentUrl\":\"https:\\\/\\\/www.forbes.be\\\/fr\\\/wp-content\\\/uploads\\\/2024\\\/02\\\/forbes.be_.png\",\"width\":1200,\"height\":675,\"caption\":\"Forbes Belgique\"},\"image\":{\"@id\":\"https:\\\/\\\/www.forbes.be\\\/fr\\\/#\\\/schema\\\/logo\\\/image\\\/\"},\"sameAs\":[\"https:\\\/\\\/www.facebook.com\\\/forbesbelgique\\\/\",\"https:\\\/\\\/www.instagram.com\\\/Forbes_Belgium\",\"https:\\\/\\\/www.linkedin.com\\\/company\\\/forbes-belgium\\\/\"]},{\"@type\":\"Person\",\"@id\":\"https:\\\/\\\/www.forbes.be\\\/fr\\\/#\\\/schema\\\/person\\\/22bfc3335e560f4084ef5af17ecdad87\",\"name\":\"Philippe Coul\u00e9e\",\"image\":{\"@type\":\"ImageObject\",\"inLanguage\":\"fr-FR\",\"@id\":\"https:\\\/\\\/www.forbes.be\\\/fr\\\/wp-content\\\/uploads\\\/2024\\\/01\\\/unnamed-150x150.jpg\",\"url\":\"https:\\\/\\\/www.forbes.be\\\/fr\\\/wp-content\\\/uploads\\\/2024\\\/01\\\/unnamed-150x150.jpg\",\"contentUrl\":\"https:\\\/\\\/www.forbes.be\\\/fr\\\/wp-content\\\/uploads\\\/2024\\\/01\\\/unnamed-150x150.jpg\",\"caption\":\"Philippe Coul\u00e9e\"},\"url\":\"https:\\\/\\\/www.forbes.be\\\/fr\\\/author\\\/philippe-couleeicloud-com\\\/\"}]}<\/script>\n<!-- \/ Yoast SEO plugin. -->","yoast_head_json":{"title":"Non, Eckelmans Immobilier n\u2019est pas \u00e0 vendre\u00a0 | Forbes Belgique","description":"Guido Eckelmans, figure de proue du secteur immobilier, remet les pendules \u00e0 l\u2019heure concernant ses soci\u00e9t\u00e9s et leur avenir.","robots":{"index":"index","follow":"follow","max-snippet":"max-snippet:-1","max-image-preview":"max-image-preview:large","max-video-preview":"max-video-preview:-1"},"canonical":"https:\/\/www.forbes.be\/fr\/non-eckelmans-immobilier-nest-pas-a-vendre\/","og_locale":"fr_FR","og_type":"article","og_title":"Non, Eckelmans Immobilier n\u2019est pas \u00e0 vendre\u00a0 | Forbes Belgique","og_description":"Guido Eckelmans, figure de proue du secteur immobilier, remet les pendules \u00e0 l\u2019heure concernant ses soci\u00e9t\u00e9s et leur avenir.","og_url":"https:\/\/www.forbes.be\/fr\/non-eckelmans-immobilier-nest-pas-a-vendre\/","og_site_name":"Forbes Belgique","article_publisher":"https:\/\/www.facebook.com\/forbesbelgique\/","article_published_time":"2024-05-29T05:00:58+00:00","article_modified_time":"2024-06-20T13:55:19+00:00","og_image":[{"width":2534,"height":1425,"url":"https:\/\/www.forbes.be\/fr\/wp-content\/uploads\/2024\/05\/Lovano-Campus-LLN-foyer-scaled-e1716987931570.jpg","type":"image\/jpeg"}],"author":"Philippe Coul\u00e9e","twitter_card":"summary_large_image","twitter_misc":{"\u00c9crit par":"Philippe Coul\u00e9e","Dur\u00e9e de lecture estim\u00e9e":"7 minutes"},"schema":{"@context":"https:\/\/schema.org","@graph":[{"@type":"NewsArticle","@id":"https:\/\/www.forbes.be\/fr\/non-eckelmans-immobilier-nest-pas-a-vendre\/#article","isPartOf":{"@id":"https:\/\/www.forbes.be\/fr\/non-eckelmans-immobilier-nest-pas-a-vendre\/"},"author":{"name":"Philippe Coul\u00e9e","@id":"https:\/\/www.forbes.be\/fr\/#\/schema\/person\/22bfc3335e560f4084ef5af17ecdad87"},"headline":"Non, Eckelmans Immobilier n\u2019est pas \u00e0 vendre\u00a0","datePublished":"2024-05-29T05:00:58+00:00","dateModified":"2024-06-20T13:55:19+00:00","mainEntityOfPage":{"@id":"https:\/\/www.forbes.be\/fr\/non-eckelmans-immobilier-nest-pas-a-vendre\/"},"wordCount":1130,"publisher":{"@id":"https:\/\/www.forbes.be\/fr\/#organization"},"image":{"@id":"https:\/\/www.forbes.be\/fr\/non-eckelmans-immobilier-nest-pas-a-vendre\/#primaryimage"},"thumbnailUrl":"https:\/\/www.forbes.be\/fr\/wp-content\/uploads\/2024\/05\/Lovano-Campus-LLN-foyer-scaled-e1716987931570.jpg","articleSection":["Actualit\u00e9s","Entrepreneurs","Immobilier"],"inLanguage":"fr-FR"},{"@type":"WebPage","@id":"https:\/\/www.forbes.be\/fr\/non-eckelmans-immobilier-nest-pas-a-vendre\/","url":"https:\/\/www.forbes.be\/fr\/non-eckelmans-immobilier-nest-pas-a-vendre\/","name":"Non, Eckelmans Immobilier n\u2019est pas \u00e0 vendre\u00a0 | Forbes Belgique","isPartOf":{"@id":"https:\/\/www.forbes.be\/fr\/#website"},"primaryImageOfPage":{"@id":"https:\/\/www.forbes.be\/fr\/non-eckelmans-immobilier-nest-pas-a-vendre\/#primaryimage"},"image":{"@id":"https:\/\/www.forbes.be\/fr\/non-eckelmans-immobilier-nest-pas-a-vendre\/#primaryimage"},"thumbnailUrl":"https:\/\/www.forbes.be\/fr\/wp-content\/uploads\/2024\/05\/Lovano-Campus-LLN-foyer-scaled-e1716987931570.jpg","datePublished":"2024-05-29T05:00:58+00:00","dateModified":"2024-06-20T13:55:19+00:00","description":"Guido Eckelmans, figure de proue du secteur immobilier, remet les pendules \u00e0 l\u2019heure concernant ses soci\u00e9t\u00e9s et leur avenir.","breadcrumb":{"@id":"https:\/\/www.forbes.be\/fr\/non-eckelmans-immobilier-nest-pas-a-vendre\/#breadcrumb"},"inLanguage":"fr-FR","potentialAction":[{"@type":"ReadAction","target":["https:\/\/www.forbes.be\/fr\/non-eckelmans-immobilier-nest-pas-a-vendre\/"]}]},{"@type":"ImageObject","inLanguage":"fr-FR","@id":"https:\/\/www.forbes.be\/fr\/non-eckelmans-immobilier-nest-pas-a-vendre\/#primaryimage","url":"https:\/\/www.forbes.be\/fr\/wp-content\/uploads\/2024\/05\/Lovano-Campus-LLN-foyer-scaled-e1716987931570.jpg","contentUrl":"https:\/\/www.forbes.be\/fr\/wp-content\/uploads\/2024\/05\/Lovano-Campus-LLN-foyer-scaled-e1716987931570.jpg","width":2534,"height":1425,"caption":"Le foyer de l'immeuble Lovano \u00e0 Louvain-la-Neuve"},{"@type":"BreadcrumbList","@id":"https:\/\/www.forbes.be\/fr\/non-eckelmans-immobilier-nest-pas-a-vendre\/#breadcrumb","itemListElement":[{"@type":"ListItem","position":1,"name":"Accueil","item":"https:\/\/www.forbes.be\/fr\/"},{"@type":"ListItem","position":2,"name":"Non, Eckelmans Immobilier n\u2019est pas \u00e0 vendre\u00a0"}]},{"@type":"WebSite","@id":"https:\/\/www.forbes.be\/fr\/#website","url":"https:\/\/www.forbes.be\/fr\/","name":"Forbes Belgique","description":"","publisher":{"@id":"https:\/\/www.forbes.be\/fr\/#organization"},"potentialAction":[{"@type":"SearchAction","target":{"@type":"EntryPoint","urlTemplate":"https:\/\/www.forbes.be\/fr\/?s={search_term_string}"},"query-input":{"@type":"PropertyValueSpecification","valueRequired":true,"valueName":"search_term_string"}}],"inLanguage":"fr-FR"},{"@type":"Organization","@id":"https:\/\/www.forbes.be\/fr\/#organization","name":"Forbes Belgique","url":"https:\/\/www.forbes.be\/fr\/","logo":{"@type":"ImageObject","inLanguage":"fr-FR","@id":"https:\/\/www.forbes.be\/fr\/#\/schema\/logo\/image\/","url":"https:\/\/www.forbes.be\/fr\/wp-content\/uploads\/2024\/02\/forbes.be_.png","contentUrl":"https:\/\/www.forbes.be\/fr\/wp-content\/uploads\/2024\/02\/forbes.be_.png","width":1200,"height":675,"caption":"Forbes Belgique"},"image":{"@id":"https:\/\/www.forbes.be\/fr\/#\/schema\/logo\/image\/"},"sameAs":["https:\/\/www.facebook.com\/forbesbelgique\/","https:\/\/www.instagram.com\/Forbes_Belgium","https:\/\/www.linkedin.com\/company\/forbes-belgium\/"]},{"@type":"Person","@id":"https:\/\/www.forbes.be\/fr\/#\/schema\/person\/22bfc3335e560f4084ef5af17ecdad87","name":"Philippe Coul\u00e9e","image":{"@type":"ImageObject","inLanguage":"fr-FR","@id":"https:\/\/www.forbes.be\/fr\/wp-content\/uploads\/2024\/01\/unnamed-150x150.jpg","url":"https:\/\/www.forbes.be\/fr\/wp-content\/uploads\/2024\/01\/unnamed-150x150.jpg","contentUrl":"https:\/\/www.forbes.be\/fr\/wp-content\/uploads\/2024\/01\/unnamed-150x150.jpg","caption":"Philippe Coul\u00e9e"},"url":"https:\/\/www.forbes.be\/fr\/author\/philippe-couleeicloud-com\/"}]}},"_links":{"self":[{"href":"https:\/\/www.forbes.be\/fr\/wp-json\/wp\/v2\/posts\/2986","targetHints":{"allow":["GET"]}}],"collection":[{"href":"https:\/\/www.forbes.be\/fr\/wp-json\/wp\/v2\/posts"}],"about":[{"href":"https:\/\/www.forbes.be\/fr\/wp-json\/wp\/v2\/types\/post"}],"author":[{"embeddable":true,"href":"https:\/\/www.forbes.be\/fr\/wp-json\/wp\/v2\/users\/15"}],"replies":[{"embeddable":true,"href":"https:\/\/www.forbes.be\/fr\/wp-json\/wp\/v2\/comments?post=2986"}],"version-history":[{"count":5,"href":"https:\/\/www.forbes.be\/fr\/wp-json\/wp\/v2\/posts\/2986\/revisions"}],"predecessor-version":[{"id":3537,"href":"https:\/\/www.forbes.be\/fr\/wp-json\/wp\/v2\/posts\/2986\/revisions\/3537"}],"wp:featuredmedia":[{"embeddable":true,"href":"https:\/\/www.forbes.be\/fr\/wp-json\/wp\/v2\/media\/2993"}],"wp:attachment":[{"href":"https:\/\/www.forbes.be\/fr\/wp-json\/wp\/v2\/media?parent=2986"}],"wp:term":[{"taxonomy":"category","embeddable":true,"href":"https:\/\/www.forbes.be\/fr\/wp-json\/wp\/v2\/categories?post=2986"},{"taxonomy":"post_tag","embeddable":true,"href":"https:\/\/www.forbes.be\/fr\/wp-json\/wp\/v2\/tags?post=2986"}],"curies":[{"name":"wp","href":"https:\/\/api.w.org\/{rel}","templated":true}]}}