{"id":3244,"date":"2024-06-07T18:00:39","date_gmt":"2024-06-07T16:00:39","guid":{"rendered":"https:\/\/www.forbes.be\/fr\/?p=3244"},"modified":"2024-06-07T13:28:05","modified_gmt":"2024-06-07T11:28:05","slug":"generation-wow-entrepreneuriat-feminin-evenement","status":"publish","type":"post","link":"https:\/\/www.forbes.be\/fr\/generation-wow-entrepreneuriat-feminin-evenement\/","title":{"rendered":"Angelique For\u00e9 et Barbara De Beir de Generation WOW sur l&rsquo;entrepreneuriat f\u00e9minin en r\u00e9seau"},"content":{"rendered":"<p><strong>Les fondatrices de Generation WOW, Ang\u00e9lique For\u00e9 et Barbara De Beir, n&rsquo;ont qu&rsquo;un seul objectif : mettre en relation des femmes fortes afin de cr\u00e9er des r\u00e9seaux, de partager des connaissances et de stimuler les carri\u00e8res.<\/strong><\/p>\n<p>C&rsquo;est pourquoi elles organisent un troisi\u00e8me \u00e9v\u00e9nement avec Generation WOW, la principale communaut\u00e9 de femmes d&rsquo;affaires, au prestigieux Concertgebouw de Bruges le 10 juin 2024. Sur le th\u00e8me \u00ab\u00a0Better Together\u00a0\u00bb, elles mettront en sc\u00e8ne des personnalit\u00e9s telles que Randi Zuckerberg, Ish Ait Hamou, Julie Brown et bien d&rsquo;autres orateurs de premier plan.<\/p>\n<p>L&rsquo;id\u00e9e de Generation WOW est n\u00e9e en 2017 dans un espace de coworking \u00e0 Gand gr\u00e2ce \u00e0 Angelique For\u00e9 et Barbara De Beir, deux professionnelles passionn\u00e9es ayant pour mission commune de rassembler et d&rsquo;inspirer les femmes. Angelique For\u00e9 a une exp\u00e9rience de productrice de contenu chez VTM, a \u00e9t\u00e9 cofondatrice &amp; mkt director chez Belmodo et a travaill\u00e9 en tant que strat\u00e8ge m\u00e9dia et marque freelance. Barbara De Beir travaille comme sp\u00e9cialiste du marketing pour de grandes entreprises internationales et g\u00e8re l&rsquo;espace de coworking Ampala. Les \u00e9v\u00e9nements et les sessions de r\u00e9seautage organis\u00e9s par ces deux femmes fortes ont d\u00e9but\u00e9 \u00e0 petite \u00e9chelle avec une centaine de femmes d&rsquo;affaires, mais se sont transform\u00e9s en une communaut\u00e9 influente avec un public fid\u00e8le, \u00e0 la fois en ligne et hors ligne lors de la conf\u00e9rence Generation WOW et des \u00e9v\u00e9nements WOW, Money Talks ! \u00ab\u00a0L&rsquo;\u00e9quipe de deux est devenue une \u00e9quipe de cinq femmes compl\u00e9mentaires qui, ensemble, construisent la communaut\u00e9, les bonnes histoires, le bon contenu et les partenariats solides.\u201d<\/p>\n<h2>L&rsquo;entrepreneuriat f\u00e9minin en hausse<\/h2>\n<p>Actuellement, 35,5 % des ind\u00e9pendants en Belgique sont des femmes, selon les chiffres du SPF \u00c9conomie. Un chiffre qui augmente chaque ann\u00e9e plus vite que celui des hommes. En 2022, 31 % de ces emplois seront occup\u00e9s par des femmes et en 2019, 30 % des entrepreneurs ind\u00e9pendants seront des femmes. Bien que le nombre d&rsquo;entreprises cr\u00e9\u00e9es par des femmes entrepreneurs ait diminu\u00e9 en 2022, l&rsquo;\u00e9cart entre la participation des femmes et des hommes \u00e0 l&rsquo;entrepreneuriat continue de se r\u00e9duire. Le taux de participation des femmes belges \u00e2g\u00e9es de 18 \u00e0 64 ans \u00e0 l&rsquo;entrepreneuriat a en effet de nouveau augment\u00e9 en 2022. Ce rattrapage devrait se poursuivre, car les travailleuses ind\u00e9pendantes (y compris les aides) sont en moyenne l\u00e9g\u00e8rement plus jeunes que leurs homologues masculins. Par exemple, 12,4 % des femmes ind\u00e9pendantes ont moins de 30 ans et 23,6 % ont entre 30 et 40 ans, contre respectivement 11 % et 21,5 % chez les hommes. En outre, pr\u00e8s de 85% des femmes ind\u00e9pendantes ont moins de 60 ans, contre 80% des hommes.<\/p>\n<figure id=\"attachment_3250\" aria-describedby=\"caption-attachment-3250\" style=\"width: 683px\" class=\"wp-caption alignnone\"><img loading=\"lazy\" decoding=\"async\" class=\"size-full wp-image-3250\" src=\"https:\/\/www.forbes.be\/fr\/wp-content\/uploads\/2024\/06\/GenerationWow-Create-Elevate-BuroBonito-89_websize-683x1024-1.jpg\" alt=\"WOW Generation\" width=\"683\" height=\"1024\" srcset=\"https:\/\/www.forbes.be\/fr\/wp-content\/uploads\/2024\/06\/GenerationWow-Create-Elevate-BuroBonito-89_websize-683x1024-1.jpg 683w, https:\/\/www.forbes.be\/fr\/wp-content\/uploads\/2024\/06\/GenerationWow-Create-Elevate-BuroBonito-89_websize-683x1024-1-200x300.jpg 200w, https:\/\/www.forbes.be\/fr\/wp-content\/uploads\/2024\/06\/GenerationWow-Create-Elevate-BuroBonito-89_websize-683x1024-1-600x900.jpg 600w\" sizes=\"auto, (max-width: 683px) 100vw, 683px\" \/><figcaption id=\"caption-attachment-3250\" class=\"wp-caption-text\">\u00a9 WOW Generation<\/figcaption><\/figure>\n<h2>L&rsquo;\u00e9v\u00e9nement<\/h2>\n<p>La s\u00e9lection des intervenants qui mettront en relation des femmes entrepreneurs ou des talents lors de l&rsquo;\u00e9v\u00e9nement Generation WOW n&rsquo;est pas le fruit du hasard. \u00ab\u00a0Nous choisissons soigneusement nos intervenants en fonction de leur expertise et du th\u00e8me que nous voulons aborder\u00a0\u00bb, explique Ang\u00e9lique For\u00e9. \u00ab\u00a0D&rsquo;abord, nous trouvons une id\u00e9e de th\u00e8me, la v\u00e9ritable pierre angulaire, puis nous la compl\u00e9tons progressivement. La premi\u00e8re \u00e9dition avait pour th\u00e8me Empower your Network avec Esther Perel comme vitrine, notre deuxi\u00e8me conf\u00e9rence avait pour th\u00e8me Create and Elevate avec l&rsquo;impressionnante Bobbi Brown. Cette ann\u00e9e encore, nous avons des orateurs internationaux et nationaux de premier plan sous l&rsquo;\u00e9gide de Better Together\u00a0\u00bb.<\/p>\n<p>Par exemple, Randi Zuckerberg, connue pour son travail chez Facebook et sa propre soci\u00e9t\u00e9 de m\u00e9dias Zuckerberg Media, prendra la parole. Elle partagera son point de vue sur les derni\u00e8res tendances en mati\u00e8re de technologie et d&rsquo;entrepreneuriat. D&rsquo;autres intervenants, tels que Carole Lamarque et Karen de Sousa Pesse, aborderont des sujets allant des innovations en mati\u00e8re de marketing \u00e0 l&rsquo;IA et aux donn\u00e9es. \u00ab\u00a0Tous les sujets et questions abord\u00e9s sont des sujets sur lesquels nous travaillons aujourd&rsquo;hui en tant que femmes d&rsquo;affaires : Comment les partenaires commerciaux et les cofondateurs peuvent-ils vraiment travailler ensemble de mani\u00e8re efficace ? Comment construire une \u00e9quipe r\u00e9siliente ? Comment impliquer son cercle proche et sa communaut\u00e9 au sens large pour mieux r\u00e9ussir soi-m\u00eame ? Quelle est la meilleure fa\u00e7on de faire des affaires : avec la t\u00eate ou avec le coeur ? Et de quels outils commerciaux avez-vous besoin pour optimiser vos propres talents ? Une autre question importante aujourd&rsquo;hui est de savoir comment les humains et la technologie peuvent travailler ensemble\u00a0\u00bb, explique Barbara. \u00ab\u00a0Comment fixer vos limites, en tant que femme de carri\u00e8re, mais aussi en tant que m\u00e8re ? Comment r\u00e9pondre \u00e0 l&rsquo;\u00e9volution du comportement des consommateurs ? Et surtout : o\u00f9 allons-nous avec l&rsquo;IA ? Autant de questions int\u00e9ressantes que nous aborderons, discuterons et nous donnerons l\u2019occasion d\u2019apprendre lors de la conf\u00e9rence.\u00a0\u00bb<\/p>\n<div id='gallery-1' class='gallery galleryid-3244 gallery-columns-3 gallery-size-thumbnail'><figure class='gallery-item'>\n\t\t\t<div class='gallery-icon portrait'>\n\t\t\t\t<a href='https:\/\/www.forbes.be\/fr\/generation-wow-entrepreneuriat-feminin-evenement\/randi-zuckerberg_official-hi-res-600dpi\/'><img loading=\"lazy\" decoding=\"async\" width=\"150\" height=\"150\" src=\"https:\/\/www.forbes.be\/fr\/wp-content\/uploads\/2024\/06\/Randi-Zuckerberg_official-hi-res-600dpi-150x150.jpg\" class=\"attachment-thumbnail size-thumbnail\" alt=\"\" aria-describedby=\"gallery-1-3248\" srcset=\"https:\/\/www.forbes.be\/fr\/wp-content\/uploads\/2024\/06\/Randi-Zuckerberg_official-hi-res-600dpi-150x150.jpg 150w, https:\/\/www.forbes.be\/fr\/wp-content\/uploads\/2024\/06\/Randi-Zuckerberg_official-hi-res-600dpi-300x300.jpg 300w, https:\/\/www.forbes.be\/fr\/wp-content\/uploads\/2024\/06\/Randi-Zuckerberg_official-hi-res-600dpi-100x100.jpg 100w\" sizes=\"auto, (max-width: 150px) 100vw, 150px\" \/><\/a>\n\t\t\t<\/div>\n\t\t\t\t<figcaption class='wp-caption-text gallery-caption' id='gallery-1-3248'>\n\t\t\t\tRandi Zuckerberg\n\t\t\t\t<\/figcaption><\/figure><figure class='gallery-item'>\n\t\t\t<div class='gallery-icon portrait'>\n\t\t\t\t<a href='https:\/\/www.forbes.be\/fr\/generation-wow-entrepreneuriat-feminin-evenement\/kamanda_eva_tina-herbots-scaled\/'><img loading=\"lazy\" decoding=\"async\" width=\"150\" height=\"150\" src=\"https:\/\/www.forbes.be\/fr\/wp-content\/uploads\/2024\/06\/KAMANDA_Eva_Tina-Herbots-scaled-1-150x150.jpg\" class=\"attachment-thumbnail size-thumbnail\" alt=\"\" aria-describedby=\"gallery-1-3246\" srcset=\"https:\/\/www.forbes.be\/fr\/wp-content\/uploads\/2024\/06\/KAMANDA_Eva_Tina-Herbots-scaled-1-150x150.jpg 150w, https:\/\/www.forbes.be\/fr\/wp-content\/uploads\/2024\/06\/KAMANDA_Eva_Tina-Herbots-scaled-1-300x300.jpg 300w, https:\/\/www.forbes.be\/fr\/wp-content\/uploads\/2024\/06\/KAMANDA_Eva_Tina-Herbots-scaled-1-100x100.jpg 100w\" sizes=\"auto, (max-width: 150px) 100vw, 150px\" \/><\/a>\n\t\t\t<\/div>\n\t\t\t\t<figcaption class='wp-caption-text gallery-caption' id='gallery-1-3246'>\n\t\t\t\tEva Kamanda\n\t\t\t\t<\/figcaption><\/figure><figure class='gallery-item'>\n\t\t\t<div class='gallery-icon portrait'>\n\t\t\t\t<a href='https:\/\/www.forbes.be\/fr\/generation-wow-entrepreneuriat-feminin-evenement\/julie-2022-vert-06\/'><img loading=\"lazy\" decoding=\"async\" width=\"150\" height=\"150\" src=\"https:\/\/www.forbes.be\/fr\/wp-content\/uploads\/2024\/06\/Julie-2022-vert-06-150x150.jpg\" class=\"attachment-thumbnail size-thumbnail\" alt=\"\" aria-describedby=\"gallery-1-3245\" srcset=\"https:\/\/www.forbes.be\/fr\/wp-content\/uploads\/2024\/06\/Julie-2022-vert-06-150x150.jpg 150w, https:\/\/www.forbes.be\/fr\/wp-content\/uploads\/2024\/06\/Julie-2022-vert-06-300x300.jpg 300w, https:\/\/www.forbes.be\/fr\/wp-content\/uploads\/2024\/06\/Julie-2022-vert-06-100x100.jpg 100w\" sizes=\"auto, (max-width: 150px) 100vw, 150px\" \/><\/a>\n\t\t\t<\/div>\n\t\t\t\t<figcaption class='wp-caption-text gallery-caption' id='gallery-1-3245'>\n\t\t\t\tJulie Brown\n\t\t\t\t<\/figcaption><\/figure><figure class='gallery-item'>\n\t\t\t<div class='gallery-icon portrait'>\n\t\t\t\t<a href='https:\/\/www.forbes.be\/fr\/generation-wow-entrepreneuriat-feminin-evenement\/karel-duerinckx-carolelamarque15-3-1\/'><img loading=\"lazy\" decoding=\"async\" width=\"150\" height=\"150\" src=\"https:\/\/www.forbes.be\/fr\/wp-content\/uploads\/2024\/06\/Karel-Duerinckx-CaroleLamarque15-3-1--150x150.jpg\" class=\"attachment-thumbnail size-thumbnail\" alt=\"\" aria-describedby=\"gallery-1-3247\" srcset=\"https:\/\/www.forbes.be\/fr\/wp-content\/uploads\/2024\/06\/Karel-Duerinckx-CaroleLamarque15-3-1--150x150.jpg 150w, https:\/\/www.forbes.be\/fr\/wp-content\/uploads\/2024\/06\/Karel-Duerinckx-CaroleLamarque15-3-1--300x300.jpg 300w, https:\/\/www.forbes.be\/fr\/wp-content\/uploads\/2024\/06\/Karel-Duerinckx-CaroleLamarque15-3-1--100x100.jpg 100w\" sizes=\"auto, (max-width: 150px) 100vw, 150px\" \/><\/a>\n\t\t\t<\/div>\n\t\t\t\t<figcaption class='wp-caption-text gallery-caption' id='gallery-1-3247'>\n\t\t\t\tCarole Lamarque\n\t\t\t\t<\/figcaption><\/figure>\n\t\t<\/div>\n\n<h2>Impact et avenir<\/h2>\n<p>G\u00e9n\u00e9ration WOW a d\u00e9j\u00e0 apport\u00e9 de nombreux changements positifs. \u00ab\u00a0Nous voyons de belles collaborations \u00e9merger, des changements de carri\u00e8re et des femmes qui atteignent leurs objectifs professionnels gr\u00e2ce au soutien de notre communaut\u00e9. Des solopreneurs empruntent une toute nouvelle voie, choisissant d&rsquo;\u00eatre eux-m\u00eames cr\u00e9atifs et de transformer cela en entreprise. Et nous voyons des politiciens d\u00e9missionner et retourner dans le secteur priv\u00e9\u00a0\u00bb, d\u00e9clare Ang\u00e9lique For\u00e9. Les projets futurs de Generation WOW sont ambitieux. Outre la conf\u00e9rence, ils lancent un module de mise en r\u00e9seau et l&rsquo;application Generation WOW, ainsi que l&rsquo;\u00e9v\u00e9nement \u00ab\u00a0WOW, Money Talks !\u00a0\u00bb, qui vise \u00e0 briser le tabou de l&rsquo;argent et \u00e0 promouvoir un \u00e9tat d&rsquo;esprit positif \u00e0 l&rsquo;\u00e9gard de l&rsquo;argent.<\/p>\n<p><em>Generation WOW reste une plateforme indispensable pour les femmes d&rsquo;affaires. Avec la conf\u00e9rence du 10 juin 2024 au Concertgebouw Brugge, Generation WOW fait un pas de plus vers l&rsquo;autonomisation et l&rsquo;inspiration des femmes dans tous les secteurs.<\/em><\/p>\n<p><em>Les billets sont disponibles sur <a href=\"http:\/\/www.generationwow.be\/\">www.generationwow.be<\/a>.<\/em><\/p>\n","protected":false},"excerpt":{"rendered":"<p>Les fondatrices de Generation WOW, Ang\u00e9lique For\u00e9 et Barbara De Beir, n&rsquo;ont qu&rsquo;un seul objectif : mettre en relation des femmes fortes afin de cr\u00e9er des r\u00e9seaux, de partager des connaissances et de stimuler les carri\u00e8res. C&rsquo;est pourquoi elles organisent un troisi\u00e8me \u00e9v\u00e9nement avec Generation WOW, la principale communaut\u00e9 de femmes d&rsquo;affaires, au prestigieux Concertgebouw [&hellip;]<\/p>\n","protected":false},"author":13,"featured_media":3249,"comment_status":"closed","ping_status":"closed","sticky":false,"template":"","format":"standard","meta":{"_acf_changed":false,"inline_featured_image":false,"footnotes":""},"categories":[1],"tags":[],"class_list":{"0":"post-3244","1":"post","2":"type-post","3":"status-publish","4":"format-standard","5":"has-post-thumbnail","7":"category-actualite"},"acf":[],"_yoast_wpseo_title":null,"_yoast_wpseo_metadesc":"Ce 10 juin aura lieu le troisi\u00e8me \u00e9v\u00e9nement de Generation WOW, la principale communaut\u00e9 de femmes d'affaires. Le th\u00e8me : \"Better Together\".","auteur_traducteur":"","yoast_head":"<!-- This site is optimized with the Yoast SEO plugin v27.4 - https:\/\/yoast.com\/product\/yoast-seo-wordpress\/ -->\n<title>Angelique For\u00e9 et Barbara De Beir de Generation WOW sur l&#039;entrepreneuriat f\u00e9minin en r\u00e9seau | Forbes Belgique<\/title>\n<meta name=\"description\" content=\"Ce 10 juin aura lieu le troisi\u00e8me \u00e9v\u00e9nement de Generation WOW, la principale communaut\u00e9 de femmes d&#039;affaires. Le th\u00e8me : &quot;Better Together&quot;.\" \/>\n<meta name=\"robots\" content=\"index, follow, max-snippet:-1, max-image-preview:large, max-video-preview:-1\" \/>\n<link rel=\"canonical\" href=\"https:\/\/www.forbes.be\/fr\/generation-wow-entrepreneuriat-feminin-evenement\/\" \/>\n<meta property=\"og:locale\" content=\"fr_FR\" \/>\n<meta property=\"og:type\" content=\"article\" \/>\n<meta property=\"og:title\" content=\"Angelique For\u00e9 et Barbara De Beir de Generation WOW sur l&#039;entrepreneuriat f\u00e9minin en r\u00e9seau | Forbes Belgique\" \/>\n<meta property=\"og:description\" content=\"Ce 10 juin aura lieu le troisi\u00e8me \u00e9v\u00e9nement de Generation WOW, la principale communaut\u00e9 de femmes d&#039;affaires. Le th\u00e8me : &quot;Better Together&quot;.\" \/>\n<meta property=\"og:url\" content=\"https:\/\/www.forbes.be\/fr\/generation-wow-entrepreneuriat-feminin-evenement\/\" \/>\n<meta property=\"og:site_name\" content=\"Forbes Belgique\" \/>\n<meta property=\"article:publisher\" content=\"https:\/\/www.facebook.com\/forbesbelgique\/\" \/>\n<meta property=\"article:published_time\" content=\"2024-06-07T16:00:39+00:00\" \/>\n<meta property=\"og:image\" content=\"https:\/\/www.forbes.be\/fr\/wp-content\/uploads\/2024\/06\/240206_WOW-GENERATION_7_Duo_0104-kopie-2-1068x600-1.jpg\" \/>\n\t<meta property=\"og:image:width\" content=\"1068\" \/>\n\t<meta property=\"og:image:height\" content=\"600\" \/>\n\t<meta property=\"og:image:type\" content=\"image\/jpeg\" \/>\n<meta name=\"author\" content=\"Daphne Dorgelo\" \/>\n<meta name=\"twitter:card\" content=\"summary_large_image\" \/>\n<meta name=\"twitter:label1\" content=\"\u00c9crit par\" \/>\n\t<meta name=\"twitter:data1\" content=\"Daphne Dorgelo\" \/>\n\t<meta name=\"twitter:label2\" content=\"Dur\u00e9e de lecture estim\u00e9e\" \/>\n\t<meta name=\"twitter:data2\" content=\"6 minutes\" \/>\n<script type=\"application\/ld+json\" class=\"yoast-schema-graph\">{\"@context\":\"https:\\\/\\\/schema.org\",\"@graph\":[{\"@type\":\"NewsArticle\",\"@id\":\"https:\\\/\\\/www.forbes.be\\\/fr\\\/generation-wow-entrepreneuriat-feminin-evenement\\\/#article\",\"isPartOf\":{\"@id\":\"https:\\\/\\\/www.forbes.be\\\/fr\\\/generation-wow-entrepreneuriat-feminin-evenement\\\/\"},\"author\":{\"name\":\"Daphne Dorgelo\",\"@id\":\"https:\\\/\\\/www.forbes.be\\\/fr\\\/#\\\/schema\\\/person\\\/7d78f899f595d5e9c1eb19ffe4d36b83\"},\"headline\":\"Angelique For\u00e9 et Barbara De Beir de Generation WOW sur l&rsquo;entrepreneuriat f\u00e9minin en r\u00e9seau\",\"datePublished\":\"2024-06-07T16:00:39+00:00\",\"mainEntityOfPage\":{\"@id\":\"https:\\\/\\\/www.forbes.be\\\/fr\\\/generation-wow-entrepreneuriat-feminin-evenement\\\/\"},\"wordCount\":993,\"publisher\":{\"@id\":\"https:\\\/\\\/www.forbes.be\\\/fr\\\/#organization\"},\"image\":{\"@id\":\"https:\\\/\\\/www.forbes.be\\\/fr\\\/generation-wow-entrepreneuriat-feminin-evenement\\\/#primaryimage\"},\"thumbnailUrl\":\"https:\\\/\\\/www.forbes.be\\\/fr\\\/wp-content\\\/uploads\\\/2024\\\/06\\\/240206_WOW-GENERATION_7_Duo_0104-kopie-2-1068x600-1.jpg\",\"articleSection\":[\"Actualit\u00e9s\"],\"inLanguage\":\"fr-FR\"},{\"@type\":\"WebPage\",\"@id\":\"https:\\\/\\\/www.forbes.be\\\/fr\\\/generation-wow-entrepreneuriat-feminin-evenement\\\/\",\"url\":\"https:\\\/\\\/www.forbes.be\\\/fr\\\/generation-wow-entrepreneuriat-feminin-evenement\\\/\",\"name\":\"Angelique For\u00e9 et Barbara De Beir de Generation WOW sur l'entrepreneuriat f\u00e9minin en r\u00e9seau | Forbes Belgique\",\"isPartOf\":{\"@id\":\"https:\\\/\\\/www.forbes.be\\\/fr\\\/#website\"},\"primaryImageOfPage\":{\"@id\":\"https:\\\/\\\/www.forbes.be\\\/fr\\\/generation-wow-entrepreneuriat-feminin-evenement\\\/#primaryimage\"},\"image\":{\"@id\":\"https:\\\/\\\/www.forbes.be\\\/fr\\\/generation-wow-entrepreneuriat-feminin-evenement\\\/#primaryimage\"},\"thumbnailUrl\":\"https:\\\/\\\/www.forbes.be\\\/fr\\\/wp-content\\\/uploads\\\/2024\\\/06\\\/240206_WOW-GENERATION_7_Duo_0104-kopie-2-1068x600-1.jpg\",\"datePublished\":\"2024-06-07T16:00:39+00:00\",\"description\":\"Ce 10 juin aura lieu le troisi\u00e8me \u00e9v\u00e9nement de Generation WOW, la principale communaut\u00e9 de femmes d'affaires. Le th\u00e8me : \\\"Better Together\\\".\",\"breadcrumb\":{\"@id\":\"https:\\\/\\\/www.forbes.be\\\/fr\\\/generation-wow-entrepreneuriat-feminin-evenement\\\/#breadcrumb\"},\"inLanguage\":\"fr-FR\",\"potentialAction\":[{\"@type\":\"ReadAction\",\"target\":[\"https:\\\/\\\/www.forbes.be\\\/fr\\\/generation-wow-entrepreneuriat-feminin-evenement\\\/\"]}]},{\"@type\":\"ImageObject\",\"inLanguage\":\"fr-FR\",\"@id\":\"https:\\\/\\\/www.forbes.be\\\/fr\\\/generation-wow-entrepreneuriat-feminin-evenement\\\/#primaryimage\",\"url\":\"https:\\\/\\\/www.forbes.be\\\/fr\\\/wp-content\\\/uploads\\\/2024\\\/06\\\/240206_WOW-GENERATION_7_Duo_0104-kopie-2-1068x600-1.jpg\",\"contentUrl\":\"https:\\\/\\\/www.forbes.be\\\/fr\\\/wp-content\\\/uploads\\\/2024\\\/06\\\/240206_WOW-GENERATION_7_Duo_0104-kopie-2-1068x600-1.jpg\",\"width\":1068,\"height\":600,\"caption\":\"De gauche \u00e0 droite : Angelique For\u00e9 et Barbara De Beir\"},{\"@type\":\"BreadcrumbList\",\"@id\":\"https:\\\/\\\/www.forbes.be\\\/fr\\\/generation-wow-entrepreneuriat-feminin-evenement\\\/#breadcrumb\",\"itemListElement\":[{\"@type\":\"ListItem\",\"position\":1,\"name\":\"Accueil\",\"item\":\"https:\\\/\\\/www.forbes.be\\\/fr\\\/\"},{\"@type\":\"ListItem\",\"position\":2,\"name\":\"Angelique For\u00e9 et Barbara De Beir de Generation WOW sur l&rsquo;entrepreneuriat f\u00e9minin en r\u00e9seau\"}]},{\"@type\":\"WebSite\",\"@id\":\"https:\\\/\\\/www.forbes.be\\\/fr\\\/#website\",\"url\":\"https:\\\/\\\/www.forbes.be\\\/fr\\\/\",\"name\":\"Forbes Belgique\",\"description\":\"\",\"publisher\":{\"@id\":\"https:\\\/\\\/www.forbes.be\\\/fr\\\/#organization\"},\"potentialAction\":[{\"@type\":\"SearchAction\",\"target\":{\"@type\":\"EntryPoint\",\"urlTemplate\":\"https:\\\/\\\/www.forbes.be\\\/fr\\\/?s={search_term_string}\"},\"query-input\":{\"@type\":\"PropertyValueSpecification\",\"valueRequired\":true,\"valueName\":\"search_term_string\"}}],\"inLanguage\":\"fr-FR\"},{\"@type\":\"Organization\",\"@id\":\"https:\\\/\\\/www.forbes.be\\\/fr\\\/#organization\",\"name\":\"Forbes Belgique\",\"url\":\"https:\\\/\\\/www.forbes.be\\\/fr\\\/\",\"logo\":{\"@type\":\"ImageObject\",\"inLanguage\":\"fr-FR\",\"@id\":\"https:\\\/\\\/www.forbes.be\\\/fr\\\/#\\\/schema\\\/logo\\\/image\\\/\",\"url\":\"https:\\\/\\\/www.forbes.be\\\/fr\\\/wp-content\\\/uploads\\\/2024\\\/02\\\/forbes.be_.png\",\"contentUrl\":\"https:\\\/\\\/www.forbes.be\\\/fr\\\/wp-content\\\/uploads\\\/2024\\\/02\\\/forbes.be_.png\",\"width\":1200,\"height\":675,\"caption\":\"Forbes Belgique\"},\"image\":{\"@id\":\"https:\\\/\\\/www.forbes.be\\\/fr\\\/#\\\/schema\\\/logo\\\/image\\\/\"},\"sameAs\":[\"https:\\\/\\\/www.facebook.com\\\/forbesbelgique\\\/\",\"https:\\\/\\\/www.instagram.com\\\/Forbes_Belgium\",\"https:\\\/\\\/www.linkedin.com\\\/company\\\/forbes-belgium\\\/\"]},{\"@type\":\"Person\",\"@id\":\"https:\\\/\\\/www.forbes.be\\\/fr\\\/#\\\/schema\\\/person\\\/7d78f899f595d5e9c1eb19ffe4d36b83\",\"name\":\"Daphne Dorgelo\",\"image\":{\"@type\":\"ImageObject\",\"inLanguage\":\"fr-FR\",\"@id\":\"https:\\\/\\\/www.forbes.be\\\/fr\\\/wp-content\\\/uploads\\\/2024\\\/01\\\/4B1A6779-2-scaled-e1704882544546-150x150.jpg\",\"url\":\"https:\\\/\\\/www.forbes.be\\\/fr\\\/wp-content\\\/uploads\\\/2024\\\/01\\\/4B1A6779-2-scaled-e1704882544546-150x150.jpg\",\"contentUrl\":\"https:\\\/\\\/www.forbes.be\\\/fr\\\/wp-content\\\/uploads\\\/2024\\\/01\\\/4B1A6779-2-scaled-e1704882544546-150x150.jpg\",\"caption\":\"Daphne Dorgelo\"},\"description\":\"Daphne Dorgelo (1996) travaille chaque semaine pour Forbes, o\u00f9 elle r\u00e9dige des articles sur le style de vie luxueux, le leadership, l'innovation, les tendances et, bien s\u00fbr, les entrepreneurs belges inspirants. Sa passion pour le journalisme et les m\u00e9dias s'est manifest\u00e9e d\u00e8s son plus jeune \u00e2ge. Apr\u00e8s avoir obtenu une licence en information aux Pays-Bas, elle s'est install\u00e9e dans la ville belge du diamant il y a six ans, apr\u00e8s avoir obtenu un master en journalisme \u00e0 la KU Leuven d'Anvers. Cela fait maintenant huit ans qu'elle \u00e9crit en tant que pigiste pour divers magazines, dont quatre ans pour des magazines de style de vie belges tels que L'OFFICIEL, Fifty &amp; Me et ELLE.\",\"url\":\"https:\\\/\\\/www.forbes.be\\\/fr\\\/author\\\/daphne-dorgelolofficiel-be\\\/\"}]}<\/script>\n<!-- \/ Yoast SEO plugin. -->","yoast_head_json":{"title":"Angelique For\u00e9 et Barbara De Beir de Generation WOW sur l'entrepreneuriat f\u00e9minin en r\u00e9seau | Forbes Belgique","description":"Ce 10 juin aura lieu le troisi\u00e8me \u00e9v\u00e9nement de Generation WOW, la principale communaut\u00e9 de femmes d'affaires. Le th\u00e8me : \"Better Together\".","robots":{"index":"index","follow":"follow","max-snippet":"max-snippet:-1","max-image-preview":"max-image-preview:large","max-video-preview":"max-video-preview:-1"},"canonical":"https:\/\/www.forbes.be\/fr\/generation-wow-entrepreneuriat-feminin-evenement\/","og_locale":"fr_FR","og_type":"article","og_title":"Angelique For\u00e9 et Barbara De Beir de Generation WOW sur l'entrepreneuriat f\u00e9minin en r\u00e9seau | Forbes Belgique","og_description":"Ce 10 juin aura lieu le troisi\u00e8me \u00e9v\u00e9nement de Generation WOW, la principale communaut\u00e9 de femmes d'affaires. Le th\u00e8me : \"Better Together\".","og_url":"https:\/\/www.forbes.be\/fr\/generation-wow-entrepreneuriat-feminin-evenement\/","og_site_name":"Forbes Belgique","article_publisher":"https:\/\/www.facebook.com\/forbesbelgique\/","article_published_time":"2024-06-07T16:00:39+00:00","og_image":[{"width":1068,"height":600,"url":"https:\/\/www.forbes.be\/fr\/wp-content\/uploads\/2024\/06\/240206_WOW-GENERATION_7_Duo_0104-kopie-2-1068x600-1.jpg","type":"image\/jpeg"}],"author":"Daphne Dorgelo","twitter_card":"summary_large_image","twitter_misc":{"\u00c9crit par":"Daphne Dorgelo","Dur\u00e9e de lecture estim\u00e9e":"6 minutes"},"schema":{"@context":"https:\/\/schema.org","@graph":[{"@type":"NewsArticle","@id":"https:\/\/www.forbes.be\/fr\/generation-wow-entrepreneuriat-feminin-evenement\/#article","isPartOf":{"@id":"https:\/\/www.forbes.be\/fr\/generation-wow-entrepreneuriat-feminin-evenement\/"},"author":{"name":"Daphne Dorgelo","@id":"https:\/\/www.forbes.be\/fr\/#\/schema\/person\/7d78f899f595d5e9c1eb19ffe4d36b83"},"headline":"Angelique For\u00e9 et Barbara De Beir de Generation WOW sur l&rsquo;entrepreneuriat f\u00e9minin en r\u00e9seau","datePublished":"2024-06-07T16:00:39+00:00","mainEntityOfPage":{"@id":"https:\/\/www.forbes.be\/fr\/generation-wow-entrepreneuriat-feminin-evenement\/"},"wordCount":993,"publisher":{"@id":"https:\/\/www.forbes.be\/fr\/#organization"},"image":{"@id":"https:\/\/www.forbes.be\/fr\/generation-wow-entrepreneuriat-feminin-evenement\/#primaryimage"},"thumbnailUrl":"https:\/\/www.forbes.be\/fr\/wp-content\/uploads\/2024\/06\/240206_WOW-GENERATION_7_Duo_0104-kopie-2-1068x600-1.jpg","articleSection":["Actualit\u00e9s"],"inLanguage":"fr-FR"},{"@type":"WebPage","@id":"https:\/\/www.forbes.be\/fr\/generation-wow-entrepreneuriat-feminin-evenement\/","url":"https:\/\/www.forbes.be\/fr\/generation-wow-entrepreneuriat-feminin-evenement\/","name":"Angelique For\u00e9 et Barbara De Beir de Generation WOW sur l'entrepreneuriat f\u00e9minin en r\u00e9seau | Forbes Belgique","isPartOf":{"@id":"https:\/\/www.forbes.be\/fr\/#website"},"primaryImageOfPage":{"@id":"https:\/\/www.forbes.be\/fr\/generation-wow-entrepreneuriat-feminin-evenement\/#primaryimage"},"image":{"@id":"https:\/\/www.forbes.be\/fr\/generation-wow-entrepreneuriat-feminin-evenement\/#primaryimage"},"thumbnailUrl":"https:\/\/www.forbes.be\/fr\/wp-content\/uploads\/2024\/06\/240206_WOW-GENERATION_7_Duo_0104-kopie-2-1068x600-1.jpg","datePublished":"2024-06-07T16:00:39+00:00","description":"Ce 10 juin aura lieu le troisi\u00e8me \u00e9v\u00e9nement de Generation WOW, la principale communaut\u00e9 de femmes d'affaires. Le th\u00e8me : \"Better Together\".","breadcrumb":{"@id":"https:\/\/www.forbes.be\/fr\/generation-wow-entrepreneuriat-feminin-evenement\/#breadcrumb"},"inLanguage":"fr-FR","potentialAction":[{"@type":"ReadAction","target":["https:\/\/www.forbes.be\/fr\/generation-wow-entrepreneuriat-feminin-evenement\/"]}]},{"@type":"ImageObject","inLanguage":"fr-FR","@id":"https:\/\/www.forbes.be\/fr\/generation-wow-entrepreneuriat-feminin-evenement\/#primaryimage","url":"https:\/\/www.forbes.be\/fr\/wp-content\/uploads\/2024\/06\/240206_WOW-GENERATION_7_Duo_0104-kopie-2-1068x600-1.jpg","contentUrl":"https:\/\/www.forbes.be\/fr\/wp-content\/uploads\/2024\/06\/240206_WOW-GENERATION_7_Duo_0104-kopie-2-1068x600-1.jpg","width":1068,"height":600,"caption":"De gauche \u00e0 droite : Angelique For\u00e9 et Barbara De Beir"},{"@type":"BreadcrumbList","@id":"https:\/\/www.forbes.be\/fr\/generation-wow-entrepreneuriat-feminin-evenement\/#breadcrumb","itemListElement":[{"@type":"ListItem","position":1,"name":"Accueil","item":"https:\/\/www.forbes.be\/fr\/"},{"@type":"ListItem","position":2,"name":"Angelique For\u00e9 et Barbara De Beir de Generation WOW sur l&rsquo;entrepreneuriat f\u00e9minin en r\u00e9seau"}]},{"@type":"WebSite","@id":"https:\/\/www.forbes.be\/fr\/#website","url":"https:\/\/www.forbes.be\/fr\/","name":"Forbes Belgique","description":"","publisher":{"@id":"https:\/\/www.forbes.be\/fr\/#organization"},"potentialAction":[{"@type":"SearchAction","target":{"@type":"EntryPoint","urlTemplate":"https:\/\/www.forbes.be\/fr\/?s={search_term_string}"},"query-input":{"@type":"PropertyValueSpecification","valueRequired":true,"valueName":"search_term_string"}}],"inLanguage":"fr-FR"},{"@type":"Organization","@id":"https:\/\/www.forbes.be\/fr\/#organization","name":"Forbes Belgique","url":"https:\/\/www.forbes.be\/fr\/","logo":{"@type":"ImageObject","inLanguage":"fr-FR","@id":"https:\/\/www.forbes.be\/fr\/#\/schema\/logo\/image\/","url":"https:\/\/www.forbes.be\/fr\/wp-content\/uploads\/2024\/02\/forbes.be_.png","contentUrl":"https:\/\/www.forbes.be\/fr\/wp-content\/uploads\/2024\/02\/forbes.be_.png","width":1200,"height":675,"caption":"Forbes Belgique"},"image":{"@id":"https:\/\/www.forbes.be\/fr\/#\/schema\/logo\/image\/"},"sameAs":["https:\/\/www.facebook.com\/forbesbelgique\/","https:\/\/www.instagram.com\/Forbes_Belgium","https:\/\/www.linkedin.com\/company\/forbes-belgium\/"]},{"@type":"Person","@id":"https:\/\/www.forbes.be\/fr\/#\/schema\/person\/7d78f899f595d5e9c1eb19ffe4d36b83","name":"Daphne Dorgelo","image":{"@type":"ImageObject","inLanguage":"fr-FR","@id":"https:\/\/www.forbes.be\/fr\/wp-content\/uploads\/2024\/01\/4B1A6779-2-scaled-e1704882544546-150x150.jpg","url":"https:\/\/www.forbes.be\/fr\/wp-content\/uploads\/2024\/01\/4B1A6779-2-scaled-e1704882544546-150x150.jpg","contentUrl":"https:\/\/www.forbes.be\/fr\/wp-content\/uploads\/2024\/01\/4B1A6779-2-scaled-e1704882544546-150x150.jpg","caption":"Daphne Dorgelo"},"description":"Daphne Dorgelo (1996) travaille chaque semaine pour Forbes, o\u00f9 elle r\u00e9dige des articles sur le style de vie luxueux, le leadership, l'innovation, les tendances et, bien s\u00fbr, les entrepreneurs belges inspirants. Sa passion pour le journalisme et les m\u00e9dias s'est manifest\u00e9e d\u00e8s son plus jeune \u00e2ge. Apr\u00e8s avoir obtenu une licence en information aux Pays-Bas, elle s'est install\u00e9e dans la ville belge du diamant il y a six ans, apr\u00e8s avoir obtenu un master en journalisme \u00e0 la KU Leuven d'Anvers. Cela fait maintenant huit ans qu'elle \u00e9crit en tant que pigiste pour divers magazines, dont quatre ans pour des magazines de style de vie belges tels que L'OFFICIEL, Fifty &amp; Me et ELLE.","url":"https:\/\/www.forbes.be\/fr\/author\/daphne-dorgelolofficiel-be\/"}]}},"_links":{"self":[{"href":"https:\/\/www.forbes.be\/fr\/wp-json\/wp\/v2\/posts\/3244","targetHints":{"allow":["GET"]}}],"collection":[{"href":"https:\/\/www.forbes.be\/fr\/wp-json\/wp\/v2\/posts"}],"about":[{"href":"https:\/\/www.forbes.be\/fr\/wp-json\/wp\/v2\/types\/post"}],"author":[{"embeddable":true,"href":"https:\/\/www.forbes.be\/fr\/wp-json\/wp\/v2\/users\/13"}],"replies":[{"embeddable":true,"href":"https:\/\/www.forbes.be\/fr\/wp-json\/wp\/v2\/comments?post=3244"}],"version-history":[{"count":2,"href":"https:\/\/www.forbes.be\/fr\/wp-json\/wp\/v2\/posts\/3244\/revisions"}],"predecessor-version":[{"id":3254,"href":"https:\/\/www.forbes.be\/fr\/wp-json\/wp\/v2\/posts\/3244\/revisions\/3254"}],"wp:featuredmedia":[{"embeddable":true,"href":"https:\/\/www.forbes.be\/fr\/wp-json\/wp\/v2\/media\/3249"}],"wp:attachment":[{"href":"https:\/\/www.forbes.be\/fr\/wp-json\/wp\/v2\/media?parent=3244"}],"wp:term":[{"taxonomy":"category","embeddable":true,"href":"https:\/\/www.forbes.be\/fr\/wp-json\/wp\/v2\/categories?post=3244"},{"taxonomy":"post_tag","embeddable":true,"href":"https:\/\/www.forbes.be\/fr\/wp-json\/wp\/v2\/tags?post=3244"}],"curies":[{"name":"wp","href":"https:\/\/api.w.org\/{rel}","templated":true}]}}