{"id":3432,"date":"2024-06-17T17:00:02","date_gmt":"2024-06-17T15:00:02","guid":{"rendered":"https:\/\/www.forbes.be\/fr\/?p=3432"},"modified":"2024-06-20T15:36:35","modified_gmt":"2024-06-20T13:36:35","slug":"feu-vert-pour-la-reconversion-des-tours-proximus","status":"publish","type":"post","link":"https:\/\/www.forbes.be\/fr\/feu-vert-pour-la-reconversion-des-tours-proximus\/","title":{"rendered":"Feu vert pour la reconversion des tours Proximus"},"content":{"rendered":"<p><strong>Le permis d&rsquo;urbanisme pour la reconversion mixte des tours Proximus, dans le quartier nord de Bruxelles, a \u00e9t\u00e9 accord\u00e9. Mais on ne sait toujours pas si Immobel, le ma\u00eetre d&rsquo;ouvrage, concr\u00e9tisera l&rsquo;essai ou pas.<\/strong><\/p>\n<p>En th\u00e9orie, c&rsquo;est la soci\u00e9t\u00e9 de promotion immobili\u00e8re Immobel, tr\u00e8s en vue actuellement au centre-ville avec son <a href=\"https:\/\/www.immobelgroup.com\/fr\/projets\/centre-monnaie\">chantier de reconversion de l&rsquo;ex-Centre Monnaie (OXY)<\/a>, qui doit finaliser cet autre ambitieux dossier bruxellois selon les plans des bureaux d&rsquo;architectes <strong>Neutelings Riedijk Architects<\/strong> et <strong>Jaspers-Eyers<\/strong> <strong>Architects<\/strong>.<\/p>\n<p>Le projet, <strong><a href=\"https:\/\/neutelings-riedijk.com\/news\/permit-granted-for-the-transformation-of-proximus-towers\/\">qui vient d&rsquo;obtenir le feu vert des autorit\u00e9s r\u00e9gionales,<\/a><\/strong> comprend la conversion d\u2019une des deux tours de bureaux en 272 unit\u00e9s de logement et 93 chambres d\u2019\u00e9tudiant. La tour nord continuera pour sa part \u00e0 servir de QG pour Proximus; mais c&rsquo;est tout l&rsquo;ensemble du foncier concern\u00e9 qui va changer de visage pour devenir \u00e0 terme -autour de 2030- un village urbain vertical.<\/p>\n<p>Des \u00e9quipements suppl\u00e9mentaires am\u00e9lioreront en effet consid\u00e9rablement la zone avec notamment un auditorium, un gymnase, un espace m\u00e9dical ou un centre de formation pour adultes. Les 23e et 24e \u00e9tages seront transform\u00e9s en rooftop agr\u00e9ment\u00e9 d&rsquo;une passerelle pi\u00e9tonne reliant les deux tours et accessible au public ext\u00e9rieur. La base des tours sera \u00e9galement agrandie pour inclure un toit vert accessible aux r\u00e9sidents.<\/p>\n<p>Apr\u00e8s <a href=\"https:\/\/zin.brussels\/zen\/\"><strong>le ZIN (ex-tours WTC) de Befimmo<\/strong><\/a>, cet autre projet embl\u00e9matique doit marquer une \u00e9tape importante dans la revitalisation du quartier nord, le faisant passer d\u2019une zone de bureaux traditionnelle \u00e0 un quartier davantage multifonctionnel.<\/p>\n<figure id=\"attachment_3456\" aria-describedby=\"caption-attachment-3456\" style=\"width: 2409px\" class=\"wp-caption alignnone\"><img loading=\"lazy\" decoding=\"async\" class=\"size-full wp-image-3456\" src=\"https:\/\/www.forbes.be\/fr\/wp-content\/uploads\/2024\/06\/immobel-neutelinks-proximus-tower2-scaled.jpg\" alt=\"\" width=\"2409\" height=\"2560\" srcset=\"https:\/\/www.forbes.be\/fr\/wp-content\/uploads\/2024\/06\/immobel-neutelinks-proximus-tower2-scaled.jpg 2409w, https:\/\/www.forbes.be\/fr\/wp-content\/uploads\/2024\/06\/immobel-neutelinks-proximus-tower2-282x300.jpg 282w, https:\/\/www.forbes.be\/fr\/wp-content\/uploads\/2024\/06\/immobel-neutelinks-proximus-tower2-963x1024.jpg 963w, https:\/\/www.forbes.be\/fr\/wp-content\/uploads\/2024\/06\/immobel-neutelinks-proximus-tower2-768x816.jpg 768w, https:\/\/www.forbes.be\/fr\/wp-content\/uploads\/2024\/06\/immobel-neutelinks-proximus-tower2-1445x1536.jpg 1445w, https:\/\/www.forbes.be\/fr\/wp-content\/uploads\/2024\/06\/immobel-neutelinks-proximus-tower2-1927x2048.jpg 1927w, https:\/\/www.forbes.be\/fr\/wp-content\/uploads\/2024\/06\/immobel-neutelinks-proximus-tower2-696x740.jpg 696w, https:\/\/www.forbes.be\/fr\/wp-content\/uploads\/2024\/06\/immobel-neutelinks-proximus-tower2-1068x1135.jpg 1068w, https:\/\/www.forbes.be\/fr\/wp-content\/uploads\/2024\/06\/immobel-neutelinks-proximus-tower2-1920x2041.jpg 1920w, https:\/\/www.forbes.be\/fr\/wp-content\/uploads\/2024\/06\/immobel-neutelinks-proximus-tower2-600x638.jpg 600w\" sizes=\"auto, (max-width: 2409px) 100vw, 2409px\" \/><figcaption id=\"caption-attachment-3456\" class=\"wp-caption-text\">Le projet port\u00e9 par Immobel et dessin\u00e9 par les bureaux Neutelinks-Riedijk (NL) et Jaspers-Eyers (B) reconvertira les tours actuelles en v\u00e9ritable quartier de ville vertical.<\/figcaption><\/figure>\n<h3>Immobel: stop ou encore?<\/h3>\n<p>Mais aux derni\u00e8res nouvelles, il n&rsquo;est toujours pas confirm\u00e9 qu&rsquo;Immobel, qui a d\u00fb revoir \u00e0 la hausse les budgets de ses nombreux d\u00e9veloppements en cours suite \u00e0 l&rsquo;inflation et \u00e0 ses effets connexes sur le prix de revient de la construction neuve, concr\u00e9tisera l&rsquo;essai. <a href=\"https:\/\/www.forbes.be\/fr\/nous-sommes-les-dernieres-iles-democratiques\/\">\u00a0Comme nous l&rsquo;avait laiss\u00e9 entendre son pr\u00e9sident ex\u00e9cutif, <strong>Marnix Galle<\/strong>, en mai dernier,<\/a> les marges de rentabilit\u00e9 escompt\u00e9es de la soci\u00e9t\u00e9 cot\u00e9e en bourse ont en effet \u00e9t\u00e9 consid\u00e9rablement rogn\u00e9es depuis qu&rsquo;elle a remport\u00e9 le concours de reconversion des tours lanc\u00e9 par le propri\u00e9taire historique et ex-occupant.<\/p>\n<p>Le contrat pr\u00e9voit une sortie possible au troisi\u00e8me trimestre de cette ann\u00e9e; mais ce d\u00e9sistement est assorti d&rsquo;une importante amende de quelque <strong>50 millions d&rsquo;euros<\/strong>. Et il faudrait ensuite trouver repreneur, sans doute sur base du permis actuellement acquis, qui vaut son pesant d&rsquo;or.<\/p>\n<p>Interrog\u00e9 \u00e0 chaud ce lundi, Marnix Galle nie avoir d\u00e9cid\u00e9 de jeter l&rsquo;\u00e9ponge et <strong>assure tout faire pour mener \u00e0 bien le projet actuellement sur la table<\/strong>: \u00ab\u00a0Nous sommes \u00e0 fond dans ce dossier avec nos \u00e9quipes et esp\u00e9rons en sortir positivement. Au-del\u00e0 des contraintes financi\u00e8res, bien d&rsquo;autres enjeux p\u00e8sent dans la balance, mais je ne peux pas vous en dire davantage \u00e0 ce stade\u00a0\u00bb, confie-t-il, <strong>avant d&rsquo;ajouter qu&rsquo;une d\u00e9cision finale devrait tomber dans le courant de l&rsquo;\u00e9t\u00e9.<\/strong><\/p>\n<figure id=\"attachment_3458\" aria-describedby=\"caption-attachment-3458\" style=\"width: 1920px\" class=\"wp-caption alignnone\"><img loading=\"lazy\" decoding=\"async\" class=\"size-full wp-image-3458\" src=\"https:\/\/www.forbes.be\/fr\/wp-content\/uploads\/2024\/06\/SV7_7504-scaled.jpg\" alt=\"\" width=\"1920\" height=\"2560\" srcset=\"https:\/\/www.forbes.be\/fr\/wp-content\/uploads\/2024\/06\/SV7_7504-scaled.jpg 1920w, https:\/\/www.forbes.be\/fr\/wp-content\/uploads\/2024\/06\/SV7_7504-225x300.jpg 225w, https:\/\/www.forbes.be\/fr\/wp-content\/uploads\/2024\/06\/SV7_7504-768x1024.jpg 768w, https:\/\/www.forbes.be\/fr\/wp-content\/uploads\/2024\/06\/SV7_7504-1152x1536.jpg 1152w, https:\/\/www.forbes.be\/fr\/wp-content\/uploads\/2024\/06\/SV7_7504-1536x2048.jpg 1536w, https:\/\/www.forbes.be\/fr\/wp-content\/uploads\/2024\/06\/SV7_7504-696x928.jpg 696w, https:\/\/www.forbes.be\/fr\/wp-content\/uploads\/2024\/06\/SV7_7504-1068x1424.jpg 1068w, https:\/\/www.forbes.be\/fr\/wp-content\/uploads\/2024\/06\/SV7_7504-600x800.jpg 600w\" sizes=\"auto, (max-width: 1920px) 100vw, 1920px\" \/><figcaption id=\"caption-attachment-3458\" class=\"wp-caption-text\">Marnix Galle, le pr\u00e9sident ex\u00e9cutif du groupe Immobel. Photo tryptique.be<\/figcaption><\/figure>\n","protected":false},"excerpt":{"rendered":"<p>Le permis d&rsquo;urbanisme pour la reconversion mixte des tours Proximus, dans le quartier nord de Bruxelles, a \u00e9t\u00e9 accord\u00e9. Mais on ne sait toujours pas si Immobel, le ma\u00eetre d&rsquo;ouvrage, concr\u00e9tisera l&rsquo;essai ou pas. En th\u00e9orie, c&rsquo;est la soci\u00e9t\u00e9 de promotion immobili\u00e8re Immobel, tr\u00e8s en vue actuellement au centre-ville avec son chantier de reconversion de [&hellip;]<\/p>\n","protected":false},"author":15,"featured_media":3457,"comment_status":"closed","ping_status":"closed","sticky":false,"template":"","format":"standard","meta":{"_acf_changed":false,"inline_featured_image":false,"footnotes":""},"categories":[1,24],"tags":[],"class_list":{"0":"post-3432","1":"post","2":"type-post","3":"status-publish","4":"format-standard","5":"has-post-thumbnail","7":"category-actualite","8":"category-immobilier"},"acf":[],"_yoast_wpseo_title":null,"_yoast_wpseo_metadesc":"Le permis d'urbanisme pour la reconversion mixte des tours Proximus est accord\u00e9. Mais on ne sait toujours pas si Immobel concr\u00e9tisera l'essai ou pas.\u00a0","auteur_traducteur":"","yoast_head":"<!-- This site is optimized with the Yoast SEO plugin v27.4 - https:\/\/yoast.com\/product\/yoast-seo-wordpress\/ -->\n<title>Feu vert pour la reconversion des tours Proximus | Forbes Belgique<\/title>\n<meta name=\"description\" content=\"Le permis d&#039;urbanisme pour la reconversion mixte des tours Proximus est accord\u00e9. Mais on ne sait toujours pas si Immobel concr\u00e9tisera l&#039;essai ou pas.\u00a0\" \/>\n<meta name=\"robots\" content=\"index, follow, max-snippet:-1, max-image-preview:large, max-video-preview:-1\" \/>\n<link rel=\"canonical\" href=\"https:\/\/www.forbes.be\/fr\/feu-vert-pour-la-reconversion-des-tours-proximus\/\" \/>\n<meta property=\"og:locale\" content=\"fr_FR\" \/>\n<meta property=\"og:type\" content=\"article\" \/>\n<meta property=\"og:title\" content=\"Feu vert pour la reconversion des tours Proximus | Forbes Belgique\" \/>\n<meta property=\"og:description\" content=\"Le permis d&#039;urbanisme pour la reconversion mixte des tours Proximus est accord\u00e9. Mais on ne sait toujours pas si Immobel concr\u00e9tisera l&#039;essai ou pas.\u00a0\" \/>\n<meta property=\"og:url\" content=\"https:\/\/www.forbes.be\/fr\/feu-vert-pour-la-reconversion-des-tours-proximus\/\" \/>\n<meta property=\"og:site_name\" content=\"Forbes Belgique\" \/>\n<meta property=\"article:publisher\" content=\"https:\/\/www.facebook.com\/forbesbelgique\/\" \/>\n<meta property=\"article:published_time\" content=\"2024-06-17T15:00:02+00:00\" \/>\n<meta property=\"article:modified_time\" content=\"2024-06-20T13:36:35+00:00\" \/>\n<meta property=\"og:image\" content=\"https:\/\/www.forbes.be\/fr\/wp-content\/uploads\/2024\/06\/immobel-neutelinks-proximus-tower1-scaled-e1718793220591.jpg\" \/>\n\t<meta property=\"og:image:width\" content=\"2560\" \/>\n\t<meta property=\"og:image:height\" content=\"1339\" \/>\n\t<meta property=\"og:image:type\" content=\"image\/jpeg\" \/>\n<meta name=\"author\" content=\"Philippe Coul\u00e9e\" \/>\n<meta name=\"twitter:card\" content=\"summary_large_image\" \/>\n<meta name=\"twitter:label1\" content=\"\u00c9crit par\" \/>\n\t<meta name=\"twitter:data1\" content=\"Philippe Coul\u00e9e\" \/>\n\t<meta name=\"twitter:label2\" content=\"Dur\u00e9e de lecture estim\u00e9e\" \/>\n\t<meta name=\"twitter:data2\" content=\"4 minutes\" \/>\n<script type=\"application\/ld+json\" class=\"yoast-schema-graph\">{\"@context\":\"https:\\\/\\\/schema.org\",\"@graph\":[{\"@type\":\"NewsArticle\",\"@id\":\"https:\\\/\\\/www.forbes.be\\\/fr\\\/feu-vert-pour-la-reconversion-des-tours-proximus\\\/#article\",\"isPartOf\":{\"@id\":\"https:\\\/\\\/www.forbes.be\\\/fr\\\/feu-vert-pour-la-reconversion-des-tours-proximus\\\/\"},\"author\":{\"name\":\"Philippe Coul\u00e9e\",\"@id\":\"https:\\\/\\\/www.forbes.be\\\/fr\\\/#\\\/schema\\\/person\\\/22bfc3335e560f4084ef5af17ecdad87\"},\"headline\":\"Feu vert pour la reconversion des tours Proximus\",\"datePublished\":\"2024-06-17T15:00:02+00:00\",\"dateModified\":\"2024-06-20T13:36:35+00:00\",\"mainEntityOfPage\":{\"@id\":\"https:\\\/\\\/www.forbes.be\\\/fr\\\/feu-vert-pour-la-reconversion-des-tours-proximus\\\/\"},\"wordCount\":550,\"publisher\":{\"@id\":\"https:\\\/\\\/www.forbes.be\\\/fr\\\/#organization\"},\"image\":{\"@id\":\"https:\\\/\\\/www.forbes.be\\\/fr\\\/feu-vert-pour-la-reconversion-des-tours-proximus\\\/#primaryimage\"},\"thumbnailUrl\":\"https:\\\/\\\/www.forbes.be\\\/fr\\\/wp-content\\\/uploads\\\/2024\\\/06\\\/immobel-neutelinks-proximus-tower1-scaled-e1718793220591.jpg\",\"articleSection\":[\"Actualit\u00e9s\",\"Immobilier\"],\"inLanguage\":\"fr-FR\"},{\"@type\":\"WebPage\",\"@id\":\"https:\\\/\\\/www.forbes.be\\\/fr\\\/feu-vert-pour-la-reconversion-des-tours-proximus\\\/\",\"url\":\"https:\\\/\\\/www.forbes.be\\\/fr\\\/feu-vert-pour-la-reconversion-des-tours-proximus\\\/\",\"name\":\"Feu vert pour la reconversion des tours Proximus | Forbes Belgique\",\"isPartOf\":{\"@id\":\"https:\\\/\\\/www.forbes.be\\\/fr\\\/#website\"},\"primaryImageOfPage\":{\"@id\":\"https:\\\/\\\/www.forbes.be\\\/fr\\\/feu-vert-pour-la-reconversion-des-tours-proximus\\\/#primaryimage\"},\"image\":{\"@id\":\"https:\\\/\\\/www.forbes.be\\\/fr\\\/feu-vert-pour-la-reconversion-des-tours-proximus\\\/#primaryimage\"},\"thumbnailUrl\":\"https:\\\/\\\/www.forbes.be\\\/fr\\\/wp-content\\\/uploads\\\/2024\\\/06\\\/immobel-neutelinks-proximus-tower1-scaled-e1718793220591.jpg\",\"datePublished\":\"2024-06-17T15:00:02+00:00\",\"dateModified\":\"2024-06-20T13:36:35+00:00\",\"description\":\"Le permis d'urbanisme pour la reconversion mixte des tours Proximus est accord\u00e9. Mais on ne sait toujours pas si Immobel concr\u00e9tisera l'essai ou pas.\u00a0\",\"breadcrumb\":{\"@id\":\"https:\\\/\\\/www.forbes.be\\\/fr\\\/feu-vert-pour-la-reconversion-des-tours-proximus\\\/#breadcrumb\"},\"inLanguage\":\"fr-FR\",\"potentialAction\":[{\"@type\":\"ReadAction\",\"target\":[\"https:\\\/\\\/www.forbes.be\\\/fr\\\/feu-vert-pour-la-reconversion-des-tours-proximus\\\/\"]}]},{\"@type\":\"ImageObject\",\"inLanguage\":\"fr-FR\",\"@id\":\"https:\\\/\\\/www.forbes.be\\\/fr\\\/feu-vert-pour-la-reconversion-des-tours-proximus\\\/#primaryimage\",\"url\":\"https:\\\/\\\/www.forbes.be\\\/fr\\\/wp-content\\\/uploads\\\/2024\\\/06\\\/immobel-neutelinks-proximus-tower1-scaled-e1718793220591.jpg\",\"contentUrl\":\"https:\\\/\\\/www.forbes.be\\\/fr\\\/wp-content\\\/uploads\\\/2024\\\/06\\\/immobel-neutelinks-proximus-tower1-scaled-e1718793220591.jpg\",\"width\":2560,\"height\":1339,\"caption\":\"Le projet port\u00e9 par Immobel et dessin\u00e9 par les bureaux Neutelinks-Riedijk (NL) et Jaspers-Eyers (B) vient de recevoir son permis d'urbanisme.\"},{\"@type\":\"BreadcrumbList\",\"@id\":\"https:\\\/\\\/www.forbes.be\\\/fr\\\/feu-vert-pour-la-reconversion-des-tours-proximus\\\/#breadcrumb\",\"itemListElement\":[{\"@type\":\"ListItem\",\"position\":1,\"name\":\"Accueil\",\"item\":\"https:\\\/\\\/www.forbes.be\\\/fr\\\/\"},{\"@type\":\"ListItem\",\"position\":2,\"name\":\"Feu vert pour la reconversion des tours Proximus\"}]},{\"@type\":\"WebSite\",\"@id\":\"https:\\\/\\\/www.forbes.be\\\/fr\\\/#website\",\"url\":\"https:\\\/\\\/www.forbes.be\\\/fr\\\/\",\"name\":\"Forbes Belgique\",\"description\":\"\",\"publisher\":{\"@id\":\"https:\\\/\\\/www.forbes.be\\\/fr\\\/#organization\"},\"potentialAction\":[{\"@type\":\"SearchAction\",\"target\":{\"@type\":\"EntryPoint\",\"urlTemplate\":\"https:\\\/\\\/www.forbes.be\\\/fr\\\/?s={search_term_string}\"},\"query-input\":{\"@type\":\"PropertyValueSpecification\",\"valueRequired\":true,\"valueName\":\"search_term_string\"}}],\"inLanguage\":\"fr-FR\"},{\"@type\":\"Organization\",\"@id\":\"https:\\\/\\\/www.forbes.be\\\/fr\\\/#organization\",\"name\":\"Forbes Belgique\",\"url\":\"https:\\\/\\\/www.forbes.be\\\/fr\\\/\",\"logo\":{\"@type\":\"ImageObject\",\"inLanguage\":\"fr-FR\",\"@id\":\"https:\\\/\\\/www.forbes.be\\\/fr\\\/#\\\/schema\\\/logo\\\/image\\\/\",\"url\":\"https:\\\/\\\/www.forbes.be\\\/fr\\\/wp-content\\\/uploads\\\/2024\\\/02\\\/forbes.be_.png\",\"contentUrl\":\"https:\\\/\\\/www.forbes.be\\\/fr\\\/wp-content\\\/uploads\\\/2024\\\/02\\\/forbes.be_.png\",\"width\":1200,\"height\":675,\"caption\":\"Forbes Belgique\"},\"image\":{\"@id\":\"https:\\\/\\\/www.forbes.be\\\/fr\\\/#\\\/schema\\\/logo\\\/image\\\/\"},\"sameAs\":[\"https:\\\/\\\/www.facebook.com\\\/forbesbelgique\\\/\",\"https:\\\/\\\/www.instagram.com\\\/Forbes_Belgium\",\"https:\\\/\\\/www.linkedin.com\\\/company\\\/forbes-belgium\\\/\"]},{\"@type\":\"Person\",\"@id\":\"https:\\\/\\\/www.forbes.be\\\/fr\\\/#\\\/schema\\\/person\\\/22bfc3335e560f4084ef5af17ecdad87\",\"name\":\"Philippe Coul\u00e9e\",\"image\":{\"@type\":\"ImageObject\",\"inLanguage\":\"fr-FR\",\"@id\":\"https:\\\/\\\/www.forbes.be\\\/fr\\\/wp-content\\\/uploads\\\/2024\\\/01\\\/unnamed-150x150.jpg\",\"url\":\"https:\\\/\\\/www.forbes.be\\\/fr\\\/wp-content\\\/uploads\\\/2024\\\/01\\\/unnamed-150x150.jpg\",\"contentUrl\":\"https:\\\/\\\/www.forbes.be\\\/fr\\\/wp-content\\\/uploads\\\/2024\\\/01\\\/unnamed-150x150.jpg\",\"caption\":\"Philippe Coul\u00e9e\"},\"url\":\"https:\\\/\\\/www.forbes.be\\\/fr\\\/author\\\/philippe-couleeicloud-com\\\/\"}]}<\/script>\n<!-- \/ Yoast SEO plugin. -->","yoast_head_json":{"title":"Feu vert pour la reconversion des tours Proximus | Forbes Belgique","description":"Le permis d'urbanisme pour la reconversion mixte des tours Proximus est accord\u00e9. Mais on ne sait toujours pas si Immobel concr\u00e9tisera l'essai ou pas.\u00a0","robots":{"index":"index","follow":"follow","max-snippet":"max-snippet:-1","max-image-preview":"max-image-preview:large","max-video-preview":"max-video-preview:-1"},"canonical":"https:\/\/www.forbes.be\/fr\/feu-vert-pour-la-reconversion-des-tours-proximus\/","og_locale":"fr_FR","og_type":"article","og_title":"Feu vert pour la reconversion des tours Proximus | Forbes Belgique","og_description":"Le permis d'urbanisme pour la reconversion mixte des tours Proximus est accord\u00e9. Mais on ne sait toujours pas si Immobel concr\u00e9tisera l'essai ou pas.\u00a0","og_url":"https:\/\/www.forbes.be\/fr\/feu-vert-pour-la-reconversion-des-tours-proximus\/","og_site_name":"Forbes Belgique","article_publisher":"https:\/\/www.facebook.com\/forbesbelgique\/","article_published_time":"2024-06-17T15:00:02+00:00","article_modified_time":"2024-06-20T13:36:35+00:00","og_image":[{"width":2560,"height":1339,"url":"https:\/\/www.forbes.be\/fr\/wp-content\/uploads\/2024\/06\/immobel-neutelinks-proximus-tower1-scaled-e1718793220591.jpg","type":"image\/jpeg"}],"author":"Philippe Coul\u00e9e","twitter_card":"summary_large_image","twitter_misc":{"\u00c9crit par":"Philippe Coul\u00e9e","Dur\u00e9e de lecture estim\u00e9e":"4 minutes"},"schema":{"@context":"https:\/\/schema.org","@graph":[{"@type":"NewsArticle","@id":"https:\/\/www.forbes.be\/fr\/feu-vert-pour-la-reconversion-des-tours-proximus\/#article","isPartOf":{"@id":"https:\/\/www.forbes.be\/fr\/feu-vert-pour-la-reconversion-des-tours-proximus\/"},"author":{"name":"Philippe Coul\u00e9e","@id":"https:\/\/www.forbes.be\/fr\/#\/schema\/person\/22bfc3335e560f4084ef5af17ecdad87"},"headline":"Feu vert pour la reconversion des tours Proximus","datePublished":"2024-06-17T15:00:02+00:00","dateModified":"2024-06-20T13:36:35+00:00","mainEntityOfPage":{"@id":"https:\/\/www.forbes.be\/fr\/feu-vert-pour-la-reconversion-des-tours-proximus\/"},"wordCount":550,"publisher":{"@id":"https:\/\/www.forbes.be\/fr\/#organization"},"image":{"@id":"https:\/\/www.forbes.be\/fr\/feu-vert-pour-la-reconversion-des-tours-proximus\/#primaryimage"},"thumbnailUrl":"https:\/\/www.forbes.be\/fr\/wp-content\/uploads\/2024\/06\/immobel-neutelinks-proximus-tower1-scaled-e1718793220591.jpg","articleSection":["Actualit\u00e9s","Immobilier"],"inLanguage":"fr-FR"},{"@type":"WebPage","@id":"https:\/\/www.forbes.be\/fr\/feu-vert-pour-la-reconversion-des-tours-proximus\/","url":"https:\/\/www.forbes.be\/fr\/feu-vert-pour-la-reconversion-des-tours-proximus\/","name":"Feu vert pour la reconversion des tours Proximus | Forbes Belgique","isPartOf":{"@id":"https:\/\/www.forbes.be\/fr\/#website"},"primaryImageOfPage":{"@id":"https:\/\/www.forbes.be\/fr\/feu-vert-pour-la-reconversion-des-tours-proximus\/#primaryimage"},"image":{"@id":"https:\/\/www.forbes.be\/fr\/feu-vert-pour-la-reconversion-des-tours-proximus\/#primaryimage"},"thumbnailUrl":"https:\/\/www.forbes.be\/fr\/wp-content\/uploads\/2024\/06\/immobel-neutelinks-proximus-tower1-scaled-e1718793220591.jpg","datePublished":"2024-06-17T15:00:02+00:00","dateModified":"2024-06-20T13:36:35+00:00","description":"Le permis d'urbanisme pour la reconversion mixte des tours Proximus est accord\u00e9. Mais on ne sait toujours pas si Immobel concr\u00e9tisera l'essai ou pas.\u00a0","breadcrumb":{"@id":"https:\/\/www.forbes.be\/fr\/feu-vert-pour-la-reconversion-des-tours-proximus\/#breadcrumb"},"inLanguage":"fr-FR","potentialAction":[{"@type":"ReadAction","target":["https:\/\/www.forbes.be\/fr\/feu-vert-pour-la-reconversion-des-tours-proximus\/"]}]},{"@type":"ImageObject","inLanguage":"fr-FR","@id":"https:\/\/www.forbes.be\/fr\/feu-vert-pour-la-reconversion-des-tours-proximus\/#primaryimage","url":"https:\/\/www.forbes.be\/fr\/wp-content\/uploads\/2024\/06\/immobel-neutelinks-proximus-tower1-scaled-e1718793220591.jpg","contentUrl":"https:\/\/www.forbes.be\/fr\/wp-content\/uploads\/2024\/06\/immobel-neutelinks-proximus-tower1-scaled-e1718793220591.jpg","width":2560,"height":1339,"caption":"Le projet port\u00e9 par Immobel et dessin\u00e9 par les bureaux Neutelinks-Riedijk (NL) et Jaspers-Eyers (B) vient de recevoir son permis d'urbanisme."},{"@type":"BreadcrumbList","@id":"https:\/\/www.forbes.be\/fr\/feu-vert-pour-la-reconversion-des-tours-proximus\/#breadcrumb","itemListElement":[{"@type":"ListItem","position":1,"name":"Accueil","item":"https:\/\/www.forbes.be\/fr\/"},{"@type":"ListItem","position":2,"name":"Feu vert pour la reconversion des tours Proximus"}]},{"@type":"WebSite","@id":"https:\/\/www.forbes.be\/fr\/#website","url":"https:\/\/www.forbes.be\/fr\/","name":"Forbes Belgique","description":"","publisher":{"@id":"https:\/\/www.forbes.be\/fr\/#organization"},"potentialAction":[{"@type":"SearchAction","target":{"@type":"EntryPoint","urlTemplate":"https:\/\/www.forbes.be\/fr\/?s={search_term_string}"},"query-input":{"@type":"PropertyValueSpecification","valueRequired":true,"valueName":"search_term_string"}}],"inLanguage":"fr-FR"},{"@type":"Organization","@id":"https:\/\/www.forbes.be\/fr\/#organization","name":"Forbes Belgique","url":"https:\/\/www.forbes.be\/fr\/","logo":{"@type":"ImageObject","inLanguage":"fr-FR","@id":"https:\/\/www.forbes.be\/fr\/#\/schema\/logo\/image\/","url":"https:\/\/www.forbes.be\/fr\/wp-content\/uploads\/2024\/02\/forbes.be_.png","contentUrl":"https:\/\/www.forbes.be\/fr\/wp-content\/uploads\/2024\/02\/forbes.be_.png","width":1200,"height":675,"caption":"Forbes Belgique"},"image":{"@id":"https:\/\/www.forbes.be\/fr\/#\/schema\/logo\/image\/"},"sameAs":["https:\/\/www.facebook.com\/forbesbelgique\/","https:\/\/www.instagram.com\/Forbes_Belgium","https:\/\/www.linkedin.com\/company\/forbes-belgium\/"]},{"@type":"Person","@id":"https:\/\/www.forbes.be\/fr\/#\/schema\/person\/22bfc3335e560f4084ef5af17ecdad87","name":"Philippe Coul\u00e9e","image":{"@type":"ImageObject","inLanguage":"fr-FR","@id":"https:\/\/www.forbes.be\/fr\/wp-content\/uploads\/2024\/01\/unnamed-150x150.jpg","url":"https:\/\/www.forbes.be\/fr\/wp-content\/uploads\/2024\/01\/unnamed-150x150.jpg","contentUrl":"https:\/\/www.forbes.be\/fr\/wp-content\/uploads\/2024\/01\/unnamed-150x150.jpg","caption":"Philippe Coul\u00e9e"},"url":"https:\/\/www.forbes.be\/fr\/author\/philippe-couleeicloud-com\/"}]}},"_links":{"self":[{"href":"https:\/\/www.forbes.be\/fr\/wp-json\/wp\/v2\/posts\/3432","targetHints":{"allow":["GET"]}}],"collection":[{"href":"https:\/\/www.forbes.be\/fr\/wp-json\/wp\/v2\/posts"}],"about":[{"href":"https:\/\/www.forbes.be\/fr\/wp-json\/wp\/v2\/types\/post"}],"author":[{"embeddable":true,"href":"https:\/\/www.forbes.be\/fr\/wp-json\/wp\/v2\/users\/15"}],"replies":[{"embeddable":true,"href":"https:\/\/www.forbes.be\/fr\/wp-json\/wp\/v2\/comments?post=3432"}],"version-history":[{"count":10,"href":"https:\/\/www.forbes.be\/fr\/wp-json\/wp\/v2\/posts\/3432\/revisions"}],"predecessor-version":[{"id":3535,"href":"https:\/\/www.forbes.be\/fr\/wp-json\/wp\/v2\/posts\/3432\/revisions\/3535"}],"wp:featuredmedia":[{"embeddable":true,"href":"https:\/\/www.forbes.be\/fr\/wp-json\/wp\/v2\/media\/3457"}],"wp:attachment":[{"href":"https:\/\/www.forbes.be\/fr\/wp-json\/wp\/v2\/media?parent=3432"}],"wp:term":[{"taxonomy":"category","embeddable":true,"href":"https:\/\/www.forbes.be\/fr\/wp-json\/wp\/v2\/categories?post=3432"},{"taxonomy":"post_tag","embeddable":true,"href":"https:\/\/www.forbes.be\/fr\/wp-json\/wp\/v2\/tags?post=3432"}],"curies":[{"name":"wp","href":"https:\/\/api.w.org\/{rel}","templated":true}]}}