{"id":3580,"date":"2024-06-25T18:00:13","date_gmt":"2024-06-25T16:00:13","guid":{"rendered":"https:\/\/www.forbes.be\/fr\/?p=3580"},"modified":"2024-06-24T15:42:47","modified_gmt":"2024-06-24T13:42:47","slug":"les-droits-de-douane-de-lue-sur-les-vehicules-electriques-ne-compromettront-pas-les-projets-dexpansion-de-byd","status":"publish","type":"post","link":"https:\/\/www.forbes.be\/fr\/les-droits-de-douane-de-lue-sur-les-vehicules-electriques-ne-compromettront-pas-les-projets-dexpansion-de-byd\/","title":{"rendered":"Les droits de douane de l&rsquo;UE sur les v\u00e9hicules \u00e9lectriques ne compromettront pas les projets d&rsquo;expansion de BYD"},"content":{"rendered":"<p><strong>BYD, le fabricant chinois de v\u00e9hicules \u00e9lectriques dirig\u00e9 par le milliardaire Wang Chuanfu, peut g\u00e9rer les droits de douane suppl\u00e9mentaires impos\u00e9s par l&rsquo;Union europ\u00e9enne sur les v\u00e9hicules \u00e9lectriques en provenance de Chine, selon les analystes, et pourrait prendre des parts de march\u00e9 \u00e0 ses rivaux plus s\u00e9v\u00e8rement touch\u00e9s.<\/strong><\/p>\n<p>Les actions du constructeur automobile \u00e0 double cotation ont bondi de 8,8 % \u00e0 Hong Kong et de 6 % \u00e0 Shenzhen jeudi, car la hausse \u00e9tait nettement inf\u00e9rieure \u00e0 celle de 30 % attendue pr\u00e9c\u00e9demment. L&rsquo;UE a annonc\u00e9 hier que <a href=\"https:\/\/bydauto.be\/fr\/\">BYD<\/a> devra payer une taxe suppl\u00e9mentaire de 17,4 % en plus des 10 % existants \u00e0 partir du mois prochain.<\/p>\n<p>Le constructeur automobile, dont le nom signifie \u00ab\u00a0Build Your Dreams\u00a0\u00bb (Construisez vos r\u00eaves), a \u00e9t\u00e9 le moins touch\u00e9 parmi les entreprises chinoises de v\u00e9hicules \u00e9lectriques vis\u00e9es par une enqu\u00eate de l&rsquo;UE. Citant des facteurs tels que le niveau de coop\u00e9ration, les fonctionnaires de l&rsquo;UE ayant examin\u00e9 comment les aides d&rsquo;\u00c9tat et les subventions gouvernementales ont pu aider les v\u00e9hicules \u00e9lectriques chinois \u00e0 se vendre \u00e0 bas prix, l&rsquo;Union a d\u00e9cid\u00e9 d&rsquo;appliquer diff\u00e9remment les hausses de droits de douane.<\/p>\n<p>L&rsquo;entreprise publique <a href=\"https:\/\/www.saicmotor.com\/\">SAIC Motor<\/a>, qui poss\u00e8de la marque britannique MG, autrefois embl\u00e9matique, a \u00e9t\u00e9 la plus durement touch\u00e9e, avec des droits de douane suppl\u00e9mentaires de 38,1 %. La soci\u00e9t\u00e9 <a href=\"https:\/\/global.geely.com\/\">Geely<\/a> du milliardaire Eric Li, qui poss\u00e8de la marque automobile su\u00e9doise Volvo, paiera 20 % de plus. La moyenne pond\u00e9r\u00e9e des hausses de tarifs pour les VE exp\u00e9di\u00e9s depuis la Chine est de 21 %, et sera appliqu\u00e9e aux mod\u00e8les fabriqu\u00e9s dans la Gigafactory de <a href=\"https:\/\/www.tesla.com\/manufacturing\">Tesla<\/a> \u00e0 Shanghai. Le pionnier am\u00e9ricain des VE a d\u00e9j\u00e0 demand\u00e9 au bloc d&rsquo;abaisser son taux tarifaire, arguant qu&rsquo;il ne b\u00e9n\u00e9ficie pas autant du soutien de l&rsquo;\u00c9tat chinois.<\/p>\n<p>\u00ab\u00a0Le march\u00e9 pense que l&rsquo;impact sur BYD ne sera pas aussi grave que ce que l&rsquo;on craignait pr\u00e9c\u00e9demment\u00a0\u00bb, d\u00e9clare Kenny Ng, un strat\u00e8ge en valeurs mobili\u00e8res bas\u00e9 \u00e0 Hong Kong chez Everbright Securities International. \u00ab\u00a0Par rapport \u00e0 d&rsquo;autres constructeurs automobiles chinois, BYD pourrait en fait avoir un avantage dans la r\u00e9gion. \u00bb<\/p>\n<p>Selon M. Ng, BYD pourrait prendre des parts de march\u00e9 \u00e0 SAIC, car les hausses tarifaires pourraient \u00e9roder l&rsquo;attrait de la marque MG en Europe. Gr\u00e2ce \u00e0 ses prix comp\u00e9titifs, MG a fait de l&rsquo;Europe occidentale son plus grand march\u00e9, o\u00f9 elle s&rsquo;est class\u00e9e cinqui\u00e8me marque de v\u00e9hicules \u00e9lectriques en termes de livraisons l&rsquo;ann\u00e9e derni\u00e8re, selon le cabinet d&rsquo;\u00e9tudes de march\u00e9 Canalys. La MG4, par exemple, se vend \u00e0 un prix de d\u00e9part de 28 990 euros (31 330 dollars) contre un prix de d\u00e9part d&rsquo;environ 33 000 euros pour la ID.3 de Volkswagen, sa principale concurrente. Dans une d\u00e9claration publique, SAIC a appel\u00e9 l&rsquo;UE \u00e0 reconsid\u00e9rer sa d\u00e9cision, qui, selon elle, aura un impact n\u00e9gatif majeur sur la coop\u00e9ration \u00e9conomique entre la Chine et la r\u00e9gion.<\/p>\n<p>BYD a maintenu le prix de son SUV \u00e9lectrique Atto 3 au m\u00eame niveau que les mod\u00e8les concurrents des constructeurs automobiles europ\u00e9ens. Ce v\u00e9hicule est son mod\u00e8le le plus vendu dans la r\u00e9gion, o\u00f9 BYD a vendu environ 16 000 voitures l&rsquo;ann\u00e9e derni\u00e8re. En 2023, BYD a vendu trois millions de v\u00e9hicules \u00e9lectriques dans le monde, dont la majorit\u00e9 en Chine.<\/p>\n<p>Au milieu d&rsquo;une guerre des prix brutale dans son pays, l&rsquo;entreprise a fait part de ses projets ambitieux pour l&rsquo;Europe. Elle vise \u00e0 conqu\u00e9rir 5 % du march\u00e9 des VE de la r\u00e9gion, qui est le deuxi\u00e8me au monde avec 3,2 millions d&rsquo;unit\u00e9s livr\u00e9es l&rsquo;ann\u00e9e derni\u00e8re, avant de commencer la production dans une usine hongroise en 2026.<\/p>\n<p>En Europe, o\u00f9 les marges b\u00e9n\u00e9ficiaires de BYD sont g\u00e9n\u00e9ralement meilleures que les marges sur les v\u00e9hicules utilitaires l\u00e9gers, l&rsquo;entreprise s&rsquo;efforcera d&rsquo;atteindre ses objectifs. En Europe, o\u00f9 les marges b\u00e9n\u00e9ficiaires de BYD sont g\u00e9n\u00e9ralement meilleures que les 5% de la Chine, seuls des droits de douane allant jusqu&rsquo;\u00e0 50% pourraient la dissuader de se d\u00e9velopper, a \u00e9crit le cabinet de recherche Rhodium Group en avril. L&rsquo;entreprise pr\u00e9voit de vendre davantage de mod\u00e8les dans la r\u00e9gion, notamment la voiture \u00e0 hayon Seagull \u00e0 partir de l&rsquo;ann\u00e9e prochaine.<\/p>\n<p>\u00ab\u00a0Les droits de douane de l&rsquo;UE sur les importations de VE chinois ne seront probablement pas assez \u00e9lev\u00e9s pour ralentir les gains de parts de march\u00e9 des constructeurs automobiles chinois\u00a0\u00bb, a \u00e9crit Rhodium, ajoutant qu&rsquo;\u00e9tant donn\u00e9 qu&rsquo;une augmentation de 50 % des droits de douane reste improbable, les d\u00e9cideurs politiques pourraient se tourner vers des outils non traditionnels pour prot\u00e9ger l&rsquo;industrie automobile europ\u00e9enne, y compris des restrictions bas\u00e9es sur des facteurs li\u00e9s \u00e0 l&rsquo;environnement ou \u00e0 la s\u00e9curit\u00e9 nationale\u00a0\u00bb.<\/p>\n","protected":false},"excerpt":{"rendered":"<p>BYD, le fabricant chinois de v\u00e9hicules \u00e9lectriques dirig\u00e9 par le milliardaire Wang Chuanfu, peut g\u00e9rer les droits de douane suppl\u00e9mentaires impos\u00e9s par l&rsquo;Union europ\u00e9enne sur les v\u00e9hicules \u00e9lectriques en provenance de Chine, selon les analystes, et pourrait prendre des parts de march\u00e9 \u00e0 ses rivaux plus s\u00e9v\u00e8rement touch\u00e9s. Les actions du constructeur automobile \u00e0 double [&hellip;]<\/p>\n","protected":false},"author":28,"featured_media":3582,"comment_status":"closed","ping_status":"closed","sticky":false,"template":"","format":"standard","meta":{"_acf_changed":false,"inline_featured_image":false,"footnotes":""},"categories":[1],"tags":[],"class_list":{"0":"post-3580","1":"post","2":"type-post","3":"status-publish","4":"format-standard","5":"has-post-thumbnail","7":"category-actualite"},"acf":[],"_yoast_wpseo_title":null,"_yoast_wpseo_metadesc":"BYD peut g\u00e9rer les droits de douane suppl\u00e9mentaires impos\u00e9s par l'Union europ\u00e9enne et pourrait prendre des parts de march\u00e9 \u00e0 ses rivaux.","auteur_traducteur":"Yue Wang","yoast_head":"<!-- This site is optimized with the Yoast SEO plugin v27.4 - https:\/\/yoast.com\/product\/yoast-seo-wordpress\/ -->\n<title>Les droits de douane de l&#039;UE sur les v\u00e9hicules \u00e9lectriques ne compromettront pas les projets d&#039;expansion de BYD | Forbes Belgique<\/title>\n<meta name=\"description\" content=\"BYD peut g\u00e9rer les droits de douane suppl\u00e9mentaires impos\u00e9s par l&#039;Union europ\u00e9enne et pourrait prendre des parts de march\u00e9 \u00e0 ses rivaux.\" \/>\n<meta name=\"robots\" content=\"index, follow, max-snippet:-1, max-image-preview:large, max-video-preview:-1\" \/>\n<link rel=\"canonical\" href=\"https:\/\/www.forbes.be\/fr\/les-droits-de-douane-de-lue-sur-les-vehicules-electriques-ne-compromettront-pas-les-projets-dexpansion-de-byd\/\" \/>\n<meta property=\"og:locale\" content=\"fr_FR\" \/>\n<meta property=\"og:type\" content=\"article\" \/>\n<meta property=\"og:title\" content=\"Les droits de douane de l&#039;UE sur les v\u00e9hicules \u00e9lectriques ne compromettront pas les projets d&#039;expansion de BYD | Forbes Belgique\" \/>\n<meta property=\"og:description\" content=\"BYD peut g\u00e9rer les droits de douane suppl\u00e9mentaires impos\u00e9s par l&#039;Union europ\u00e9enne et pourrait prendre des parts de march\u00e9 \u00e0 ses rivaux.\" \/>\n<meta property=\"og:url\" content=\"https:\/\/www.forbes.be\/fr\/les-droits-de-douane-de-lue-sur-les-vehicules-electriques-ne-compromettront-pas-les-projets-dexpansion-de-byd\/\" \/>\n<meta property=\"og:site_name\" content=\"Forbes Belgique\" \/>\n<meta property=\"article:publisher\" content=\"https:\/\/www.facebook.com\/forbesbelgique\/\" \/>\n<meta property=\"article:published_time\" content=\"2024-06-25T16:00:13+00:00\" \/>\n<meta property=\"og:image\" content=\"https:\/\/www.forbes.be\/fr\/wp-content\/uploads\/2024\/06\/Forbes_1960x0-15.jpg\" \/>\n\t<meta property=\"og:image:width\" content=\"1440\" \/>\n\t<meta property=\"og:image:height\" content=\"958\" \/>\n\t<meta property=\"og:image:type\" content=\"image\/jpeg\" \/>\n<meta name=\"author\" content=\"Forbes US\" \/>\n<meta name=\"twitter:card\" content=\"summary_large_image\" \/>\n<meta name=\"twitter:label1\" content=\"\u00c9crit par\" \/>\n\t<meta name=\"twitter:data1\" content=\"Forbes US\" \/>\n\t<meta name=\"twitter:label2\" content=\"Dur\u00e9e de lecture estim\u00e9e\" \/>\n\t<meta name=\"twitter:data2\" content=\"5 minutes\" \/>\n<script type=\"application\/ld+json\" class=\"yoast-schema-graph\">{\"@context\":\"https:\\\/\\\/schema.org\",\"@graph\":[{\"@type\":\"NewsArticle\",\"@id\":\"https:\\\/\\\/www.forbes.be\\\/fr\\\/les-droits-de-douane-de-lue-sur-les-vehicules-electriques-ne-compromettront-pas-les-projets-dexpansion-de-byd\\\/#article\",\"isPartOf\":{\"@id\":\"https:\\\/\\\/www.forbes.be\\\/fr\\\/les-droits-de-douane-de-lue-sur-les-vehicules-electriques-ne-compromettront-pas-les-projets-dexpansion-de-byd\\\/\"},\"author\":{\"name\":\"Forbes US\",\"@id\":\"https:\\\/\\\/www.forbes.be\\\/fr\\\/#\\\/schema\\\/person\\\/7a054703b12276e8c990a581baea6515\"},\"headline\":\"Les droits de douane de l&rsquo;UE sur les v\u00e9hicules \u00e9lectriques ne compromettront pas les projets d&rsquo;expansion de BYD\",\"datePublished\":\"2024-06-25T16:00:13+00:00\",\"mainEntityOfPage\":{\"@id\":\"https:\\\/\\\/www.forbes.be\\\/fr\\\/les-droits-de-douane-de-lue-sur-les-vehicules-electriques-ne-compromettront-pas-les-projets-dexpansion-de-byd\\\/\"},\"wordCount\":817,\"publisher\":{\"@id\":\"https:\\\/\\\/www.forbes.be\\\/fr\\\/#organization\"},\"image\":{\"@id\":\"https:\\\/\\\/www.forbes.be\\\/fr\\\/les-droits-de-douane-de-lue-sur-les-vehicules-electriques-ne-compromettront-pas-les-projets-dexpansion-de-byd\\\/#primaryimage\"},\"thumbnailUrl\":\"https:\\\/\\\/www.forbes.be\\\/fr\\\/wp-content\\\/uploads\\\/2024\\\/06\\\/Forbes_1960x0-15.jpg\",\"articleSection\":[\"Actualit\u00e9s\"],\"inLanguage\":\"fr-FR\"},{\"@type\":\"WebPage\",\"@id\":\"https:\\\/\\\/www.forbes.be\\\/fr\\\/les-droits-de-douane-de-lue-sur-les-vehicules-electriques-ne-compromettront-pas-les-projets-dexpansion-de-byd\\\/\",\"url\":\"https:\\\/\\\/www.forbes.be\\\/fr\\\/les-droits-de-douane-de-lue-sur-les-vehicules-electriques-ne-compromettront-pas-les-projets-dexpansion-de-byd\\\/\",\"name\":\"Les droits de douane de l'UE sur les v\u00e9hicules \u00e9lectriques ne compromettront pas les projets d'expansion de BYD | Forbes Belgique\",\"isPartOf\":{\"@id\":\"https:\\\/\\\/www.forbes.be\\\/fr\\\/#website\"},\"primaryImageOfPage\":{\"@id\":\"https:\\\/\\\/www.forbes.be\\\/fr\\\/les-droits-de-douane-de-lue-sur-les-vehicules-electriques-ne-compromettront-pas-les-projets-dexpansion-de-byd\\\/#primaryimage\"},\"image\":{\"@id\":\"https:\\\/\\\/www.forbes.be\\\/fr\\\/les-droits-de-douane-de-lue-sur-les-vehicules-electriques-ne-compromettront-pas-les-projets-dexpansion-de-byd\\\/#primaryimage\"},\"thumbnailUrl\":\"https:\\\/\\\/www.forbes.be\\\/fr\\\/wp-content\\\/uploads\\\/2024\\\/06\\\/Forbes_1960x0-15.jpg\",\"datePublished\":\"2024-06-25T16:00:13+00:00\",\"description\":\"BYD peut g\u00e9rer les droits de douane suppl\u00e9mentaires impos\u00e9s par l'Union europ\u00e9enne et pourrait prendre des parts de march\u00e9 \u00e0 ses rivaux.\",\"breadcrumb\":{\"@id\":\"https:\\\/\\\/www.forbes.be\\\/fr\\\/les-droits-de-douane-de-lue-sur-les-vehicules-electriques-ne-compromettront-pas-les-projets-dexpansion-de-byd\\\/#breadcrumb\"},\"inLanguage\":\"fr-FR\",\"potentialAction\":[{\"@type\":\"ReadAction\",\"target\":[\"https:\\\/\\\/www.forbes.be\\\/fr\\\/les-droits-de-douane-de-lue-sur-les-vehicules-electriques-ne-compromettront-pas-les-projets-dexpansion-de-byd\\\/\"]}]},{\"@type\":\"ImageObject\",\"inLanguage\":\"fr-FR\",\"@id\":\"https:\\\/\\\/www.forbes.be\\\/fr\\\/les-droits-de-douane-de-lue-sur-les-vehicules-electriques-ne-compromettront-pas-les-projets-dexpansion-de-byd\\\/#primaryimage\",\"url\":\"https:\\\/\\\/www.forbes.be\\\/fr\\\/wp-content\\\/uploads\\\/2024\\\/06\\\/Forbes_1960x0-15.jpg\",\"contentUrl\":\"https:\\\/\\\/www.forbes.be\\\/fr\\\/wp-content\\\/uploads\\\/2024\\\/06\\\/Forbes_1960x0-15.jpg\",\"width\":1440,\"height\":958,\"caption\":\"Une BYD Seal EV est pr\u00e9sent\u00e9e au Salon de l'automobile de Gen\u00e8ve en f\u00e9vrier 2024 - \u00a9 JOHN KEEBLE\\\/GETTY IMAGES\"},{\"@type\":\"BreadcrumbList\",\"@id\":\"https:\\\/\\\/www.forbes.be\\\/fr\\\/les-droits-de-douane-de-lue-sur-les-vehicules-electriques-ne-compromettront-pas-les-projets-dexpansion-de-byd\\\/#breadcrumb\",\"itemListElement\":[{\"@type\":\"ListItem\",\"position\":1,\"name\":\"Accueil\",\"item\":\"https:\\\/\\\/www.forbes.be\\\/fr\\\/\"},{\"@type\":\"ListItem\",\"position\":2,\"name\":\"Les droits de douane de l&rsquo;UE sur les v\u00e9hicules \u00e9lectriques ne compromettront pas les projets d&rsquo;expansion de BYD\"}]},{\"@type\":\"WebSite\",\"@id\":\"https:\\\/\\\/www.forbes.be\\\/fr\\\/#website\",\"url\":\"https:\\\/\\\/www.forbes.be\\\/fr\\\/\",\"name\":\"Forbes Belgique\",\"description\":\"\",\"publisher\":{\"@id\":\"https:\\\/\\\/www.forbes.be\\\/fr\\\/#organization\"},\"potentialAction\":[{\"@type\":\"SearchAction\",\"target\":{\"@type\":\"EntryPoint\",\"urlTemplate\":\"https:\\\/\\\/www.forbes.be\\\/fr\\\/?s={search_term_string}\"},\"query-input\":{\"@type\":\"PropertyValueSpecification\",\"valueRequired\":true,\"valueName\":\"search_term_string\"}}],\"inLanguage\":\"fr-FR\"},{\"@type\":\"Organization\",\"@id\":\"https:\\\/\\\/www.forbes.be\\\/fr\\\/#organization\",\"name\":\"Forbes Belgique\",\"url\":\"https:\\\/\\\/www.forbes.be\\\/fr\\\/\",\"logo\":{\"@type\":\"ImageObject\",\"inLanguage\":\"fr-FR\",\"@id\":\"https:\\\/\\\/www.forbes.be\\\/fr\\\/#\\\/schema\\\/logo\\\/image\\\/\",\"url\":\"https:\\\/\\\/www.forbes.be\\\/fr\\\/wp-content\\\/uploads\\\/2024\\\/02\\\/forbes.be_.png\",\"contentUrl\":\"https:\\\/\\\/www.forbes.be\\\/fr\\\/wp-content\\\/uploads\\\/2024\\\/02\\\/forbes.be_.png\",\"width\":1200,\"height\":675,\"caption\":\"Forbes Belgique\"},\"image\":{\"@id\":\"https:\\\/\\\/www.forbes.be\\\/fr\\\/#\\\/schema\\\/logo\\\/image\\\/\"},\"sameAs\":[\"https:\\\/\\\/www.facebook.com\\\/forbesbelgique\\\/\",\"https:\\\/\\\/www.instagram.com\\\/Forbes_Belgium\",\"https:\\\/\\\/www.linkedin.com\\\/company\\\/forbes-belgium\\\/\"]},{\"@type\":\"Person\",\"@id\":\"https:\\\/\\\/www.forbes.be\\\/fr\\\/#\\\/schema\\\/person\\\/7a054703b12276e8c990a581baea6515\",\"name\":\"Forbes US\",\"image\":{\"@type\":\"ImageObject\",\"inLanguage\":\"fr-FR\",\"@id\":\"https:\\\/\\\/www.forbes.be\\\/fr\\\/wp-content\\\/uploads\\\/2025\\\/03\\\/forbes-logo1-100x100.png\",\"url\":\"https:\\\/\\\/www.forbes.be\\\/fr\\\/wp-content\\\/uploads\\\/2025\\\/03\\\/forbes-logo1-100x100.png\",\"contentUrl\":\"https:\\\/\\\/www.forbes.be\\\/fr\\\/wp-content\\\/uploads\\\/2025\\\/03\\\/forbes-logo1-100x100.png\",\"caption\":\"Forbes US\"},\"url\":\"https:\\\/\\\/www.forbes.be\\\/fr\\\/author\\\/forbes-us\\\/\"}]}<\/script>\n<!-- \/ Yoast SEO plugin. -->","yoast_head_json":{"title":"Les droits de douane de l'UE sur les v\u00e9hicules \u00e9lectriques ne compromettront pas les projets d'expansion de BYD | Forbes Belgique","description":"BYD peut g\u00e9rer les droits de douane suppl\u00e9mentaires impos\u00e9s par l'Union europ\u00e9enne et pourrait prendre des parts de march\u00e9 \u00e0 ses rivaux.","robots":{"index":"index","follow":"follow","max-snippet":"max-snippet:-1","max-image-preview":"max-image-preview:large","max-video-preview":"max-video-preview:-1"},"canonical":"https:\/\/www.forbes.be\/fr\/les-droits-de-douane-de-lue-sur-les-vehicules-electriques-ne-compromettront-pas-les-projets-dexpansion-de-byd\/","og_locale":"fr_FR","og_type":"article","og_title":"Les droits de douane de l'UE sur les v\u00e9hicules \u00e9lectriques ne compromettront pas les projets d'expansion de BYD | Forbes Belgique","og_description":"BYD peut g\u00e9rer les droits de douane suppl\u00e9mentaires impos\u00e9s par l'Union europ\u00e9enne et pourrait prendre des parts de march\u00e9 \u00e0 ses rivaux.","og_url":"https:\/\/www.forbes.be\/fr\/les-droits-de-douane-de-lue-sur-les-vehicules-electriques-ne-compromettront-pas-les-projets-dexpansion-de-byd\/","og_site_name":"Forbes Belgique","article_publisher":"https:\/\/www.facebook.com\/forbesbelgique\/","article_published_time":"2024-06-25T16:00:13+00:00","og_image":[{"width":1440,"height":958,"url":"https:\/\/www.forbes.be\/fr\/wp-content\/uploads\/2024\/06\/Forbes_1960x0-15.jpg","type":"image\/jpeg"}],"author":"Forbes US","twitter_card":"summary_large_image","twitter_misc":{"\u00c9crit par":"Forbes US","Dur\u00e9e de lecture estim\u00e9e":"5 minutes"},"schema":{"@context":"https:\/\/schema.org","@graph":[{"@type":"NewsArticle","@id":"https:\/\/www.forbes.be\/fr\/les-droits-de-douane-de-lue-sur-les-vehicules-electriques-ne-compromettront-pas-les-projets-dexpansion-de-byd\/#article","isPartOf":{"@id":"https:\/\/www.forbes.be\/fr\/les-droits-de-douane-de-lue-sur-les-vehicules-electriques-ne-compromettront-pas-les-projets-dexpansion-de-byd\/"},"author":{"name":"Forbes US","@id":"https:\/\/www.forbes.be\/fr\/#\/schema\/person\/7a054703b12276e8c990a581baea6515"},"headline":"Les droits de douane de l&rsquo;UE sur les v\u00e9hicules \u00e9lectriques ne compromettront pas les projets d&rsquo;expansion de BYD","datePublished":"2024-06-25T16:00:13+00:00","mainEntityOfPage":{"@id":"https:\/\/www.forbes.be\/fr\/les-droits-de-douane-de-lue-sur-les-vehicules-electriques-ne-compromettront-pas-les-projets-dexpansion-de-byd\/"},"wordCount":817,"publisher":{"@id":"https:\/\/www.forbes.be\/fr\/#organization"},"image":{"@id":"https:\/\/www.forbes.be\/fr\/les-droits-de-douane-de-lue-sur-les-vehicules-electriques-ne-compromettront-pas-les-projets-dexpansion-de-byd\/#primaryimage"},"thumbnailUrl":"https:\/\/www.forbes.be\/fr\/wp-content\/uploads\/2024\/06\/Forbes_1960x0-15.jpg","articleSection":["Actualit\u00e9s"],"inLanguage":"fr-FR"},{"@type":"WebPage","@id":"https:\/\/www.forbes.be\/fr\/les-droits-de-douane-de-lue-sur-les-vehicules-electriques-ne-compromettront-pas-les-projets-dexpansion-de-byd\/","url":"https:\/\/www.forbes.be\/fr\/les-droits-de-douane-de-lue-sur-les-vehicules-electriques-ne-compromettront-pas-les-projets-dexpansion-de-byd\/","name":"Les droits de douane de l'UE sur les v\u00e9hicules \u00e9lectriques ne compromettront pas les projets d'expansion de BYD | Forbes Belgique","isPartOf":{"@id":"https:\/\/www.forbes.be\/fr\/#website"},"primaryImageOfPage":{"@id":"https:\/\/www.forbes.be\/fr\/les-droits-de-douane-de-lue-sur-les-vehicules-electriques-ne-compromettront-pas-les-projets-dexpansion-de-byd\/#primaryimage"},"image":{"@id":"https:\/\/www.forbes.be\/fr\/les-droits-de-douane-de-lue-sur-les-vehicules-electriques-ne-compromettront-pas-les-projets-dexpansion-de-byd\/#primaryimage"},"thumbnailUrl":"https:\/\/www.forbes.be\/fr\/wp-content\/uploads\/2024\/06\/Forbes_1960x0-15.jpg","datePublished":"2024-06-25T16:00:13+00:00","description":"BYD peut g\u00e9rer les droits de douane suppl\u00e9mentaires impos\u00e9s par l'Union europ\u00e9enne et pourrait prendre des parts de march\u00e9 \u00e0 ses rivaux.","breadcrumb":{"@id":"https:\/\/www.forbes.be\/fr\/les-droits-de-douane-de-lue-sur-les-vehicules-electriques-ne-compromettront-pas-les-projets-dexpansion-de-byd\/#breadcrumb"},"inLanguage":"fr-FR","potentialAction":[{"@type":"ReadAction","target":["https:\/\/www.forbes.be\/fr\/les-droits-de-douane-de-lue-sur-les-vehicules-electriques-ne-compromettront-pas-les-projets-dexpansion-de-byd\/"]}]},{"@type":"ImageObject","inLanguage":"fr-FR","@id":"https:\/\/www.forbes.be\/fr\/les-droits-de-douane-de-lue-sur-les-vehicules-electriques-ne-compromettront-pas-les-projets-dexpansion-de-byd\/#primaryimage","url":"https:\/\/www.forbes.be\/fr\/wp-content\/uploads\/2024\/06\/Forbes_1960x0-15.jpg","contentUrl":"https:\/\/www.forbes.be\/fr\/wp-content\/uploads\/2024\/06\/Forbes_1960x0-15.jpg","width":1440,"height":958,"caption":"Une BYD Seal EV est pr\u00e9sent\u00e9e au Salon de l'automobile de Gen\u00e8ve en f\u00e9vrier 2024 - \u00a9 JOHN KEEBLE\/GETTY IMAGES"},{"@type":"BreadcrumbList","@id":"https:\/\/www.forbes.be\/fr\/les-droits-de-douane-de-lue-sur-les-vehicules-electriques-ne-compromettront-pas-les-projets-dexpansion-de-byd\/#breadcrumb","itemListElement":[{"@type":"ListItem","position":1,"name":"Accueil","item":"https:\/\/www.forbes.be\/fr\/"},{"@type":"ListItem","position":2,"name":"Les droits de douane de l&rsquo;UE sur les v\u00e9hicules \u00e9lectriques ne compromettront pas les projets d&rsquo;expansion de BYD"}]},{"@type":"WebSite","@id":"https:\/\/www.forbes.be\/fr\/#website","url":"https:\/\/www.forbes.be\/fr\/","name":"Forbes Belgique","description":"","publisher":{"@id":"https:\/\/www.forbes.be\/fr\/#organization"},"potentialAction":[{"@type":"SearchAction","target":{"@type":"EntryPoint","urlTemplate":"https:\/\/www.forbes.be\/fr\/?s={search_term_string}"},"query-input":{"@type":"PropertyValueSpecification","valueRequired":true,"valueName":"search_term_string"}}],"inLanguage":"fr-FR"},{"@type":"Organization","@id":"https:\/\/www.forbes.be\/fr\/#organization","name":"Forbes Belgique","url":"https:\/\/www.forbes.be\/fr\/","logo":{"@type":"ImageObject","inLanguage":"fr-FR","@id":"https:\/\/www.forbes.be\/fr\/#\/schema\/logo\/image\/","url":"https:\/\/www.forbes.be\/fr\/wp-content\/uploads\/2024\/02\/forbes.be_.png","contentUrl":"https:\/\/www.forbes.be\/fr\/wp-content\/uploads\/2024\/02\/forbes.be_.png","width":1200,"height":675,"caption":"Forbes Belgique"},"image":{"@id":"https:\/\/www.forbes.be\/fr\/#\/schema\/logo\/image\/"},"sameAs":["https:\/\/www.facebook.com\/forbesbelgique\/","https:\/\/www.instagram.com\/Forbes_Belgium","https:\/\/www.linkedin.com\/company\/forbes-belgium\/"]},{"@type":"Person","@id":"https:\/\/www.forbes.be\/fr\/#\/schema\/person\/7a054703b12276e8c990a581baea6515","name":"Forbes US","image":{"@type":"ImageObject","inLanguage":"fr-FR","@id":"https:\/\/www.forbes.be\/fr\/wp-content\/uploads\/2025\/03\/forbes-logo1-100x100.png","url":"https:\/\/www.forbes.be\/fr\/wp-content\/uploads\/2025\/03\/forbes-logo1-100x100.png","contentUrl":"https:\/\/www.forbes.be\/fr\/wp-content\/uploads\/2025\/03\/forbes-logo1-100x100.png","caption":"Forbes US"},"url":"https:\/\/www.forbes.be\/fr\/author\/forbes-us\/"}]}},"_links":{"self":[{"href":"https:\/\/www.forbes.be\/fr\/wp-json\/wp\/v2\/posts\/3580","targetHints":{"allow":["GET"]}}],"collection":[{"href":"https:\/\/www.forbes.be\/fr\/wp-json\/wp\/v2\/posts"}],"about":[{"href":"https:\/\/www.forbes.be\/fr\/wp-json\/wp\/v2\/types\/post"}],"author":[{"embeddable":true,"href":"https:\/\/www.forbes.be\/fr\/wp-json\/wp\/v2\/users\/28"}],"replies":[{"embeddable":true,"href":"https:\/\/www.forbes.be\/fr\/wp-json\/wp\/v2\/comments?post=3580"}],"version-history":[{"count":6,"href":"https:\/\/www.forbes.be\/fr\/wp-json\/wp\/v2\/posts\/3580\/revisions"}],"predecessor-version":[{"id":3588,"href":"https:\/\/www.forbes.be\/fr\/wp-json\/wp\/v2\/posts\/3580\/revisions\/3588"}],"wp:featuredmedia":[{"embeddable":true,"href":"https:\/\/www.forbes.be\/fr\/wp-json\/wp\/v2\/media\/3582"}],"wp:attachment":[{"href":"https:\/\/www.forbes.be\/fr\/wp-json\/wp\/v2\/media?parent=3580"}],"wp:term":[{"taxonomy":"category","embeddable":true,"href":"https:\/\/www.forbes.be\/fr\/wp-json\/wp\/v2\/categories?post=3580"},{"taxonomy":"post_tag","embeddable":true,"href":"https:\/\/www.forbes.be\/fr\/wp-json\/wp\/v2\/tags?post=3580"}],"curies":[{"name":"wp","href":"https:\/\/api.w.org\/{rel}","templated":true}]}}