{"id":3825,"date":"2024-07-24T07:00:20","date_gmt":"2024-07-24T05:00:20","guid":{"rendered":"https:\/\/www.forbes.be\/fr\/?p=3825"},"modified":"2024-07-24T10:28:56","modified_gmt":"2024-07-24T08:28:56","slug":"sportive-lotte-kopecky-ambassadrice-breitling","status":"publish","type":"post","link":"https:\/\/www.forbes.be\/fr\/sportive-lotte-kopecky-ambassadrice-breitling\/","title":{"rendered":"Lotte Kopecky, sportive \u00e9m\u00e9rite mais pas que&#8230;"},"content":{"rendered":"<p class=\"p1\"><strong><span class=\"s1\">La Belge Lotte Kopecky, tr\u00e8s r\u00e9guli\u00e8rement <\/span><span class=\"s2\">num\u00e9ro 1 mondiale <\/span><span class=\"s1\">au classement de l\u2019<a href=\"https:\/\/fr.uci.org\/\">Union Cycliste Internationale<\/a>, ne s\u2019habille pas que de combinaisons sportives arc-en-ciel. Elle vient de devenir ambassadrice pour la marque horlog\u00e8re <\/span><a href=\"https:\/\/www.breitling.com\/be-fr\/\"><span class=\"s2\">Breitling<\/span><\/a><span class=\"s1\">, qui f\u00eate ainsi dignement ses 140 ans.<\/span><\/strong><\/p>\n<p class=\"p1\">Quand elle descend de sa monture a\u00e9rodynamique \u00e0 deux roues profil\u00e9es qui l\u2019a d\u00e9j\u00e0 propuls\u00e9e tant de fois sur la plus haute marche des podiums mondiaux sur piste comme sur route, Lotte Kopecky redevient une jeune femme \u00e9l\u00e9gante au sourire apaisant, bien ancr\u00e9e dans son \u00e9poque, qui aime la sieste, les jeux de soci\u00e9t\u00e9, ses chats et son labrador Ollie. Et qui porte depuis peu au poignet un d\u00e9tail tout sauf anodin: une montre suisse.<\/p>\n<h2 class=\"p3\">Ambassadrice, troisi\u00e8me du genre<\/h2>\n<p class=\"p1\">Breitling, qui f\u00eate cette ann\u00e9e ses 140 ans d\u2019histoire, a en effet eu le nez fin en la choisissant pour \u00eatre une de ses ambassadrices, conscient de la perc\u00e9e populaire et du coup de projecteur que la star a apport\u00e9 au-del\u00e0 de nos fronti\u00e8res sur sa discipline, trop longtemps enti\u00e8rement focalis\u00e9e sur les hommes. Elle rejoint ainsi deux autres cyclistes ambassadeurs de Breitling en Belgique: Jasper Stuyven et Elke Bleyaert.<\/p>\n<p class=\"p1\">Rien de surprenant dans ce choix: la marque horlog\u00e8re suisse a toujours entretenu des liens tr\u00e8s \u00e9troits avec le monde du sport et, particuli\u00e8rement, le cyclisme. A partir des ann\u00e9es 1950, elle a d\u2019ailleurs \u00e9t\u00e9 le chronom\u00e9treur officiel des plus grandes courses du calendrier cycliste, notamment le Tour de France et le Giro d\u2019Italie.<\/p>\n<p class=\"p1\">\u00ab <i>Je ne suis pas seulement admiratif de l\u2019incroyable palmar\u00e8s de Lotte. J\u2019ai pu d\u00e9couvrir une jeune femme passionn\u00e9e, tr\u00e8s f\u00e9minine, qui connaissait tr\u00e8s bien la marque avant notre premi\u00e8re rencontre. Il \u00e9tait donc naturel de privil\u00e9gier une collaboration avec cette sportive \u00e9m\u00e9rite coutumi\u00e8re de la premi\u00e8re marche des podiums et qui vise rien moins que l\u2019or aux prochains Jeux olympiques de Paris<\/i> \u00bb, motive Bernard Hertoghe, le directeur g\u00e9n\u00e9ral de Breitling Belux.<\/p>\n<figure id=\"attachment_3829\" aria-describedby=\"caption-attachment-3829\" style=\"width: 683px\" class=\"wp-caption alignnone\"><img loading=\"lazy\" decoding=\"async\" class=\"size-large wp-image-3829\" src=\"https:\/\/www.forbes.be\/fr\/wp-content\/uploads\/2024\/07\/lotte-kopecky-breitling2-683x1024.jpg\" alt=\"Lotte Kopecky Breitling\" width=\"683\" height=\"1024\" srcset=\"https:\/\/www.forbes.be\/fr\/wp-content\/uploads\/2024\/07\/lotte-kopecky-breitling2-683x1024.jpg 683w, https:\/\/www.forbes.be\/fr\/wp-content\/uploads\/2024\/07\/lotte-kopecky-breitling2-200x300.jpg 200w, https:\/\/www.forbes.be\/fr\/wp-content\/uploads\/2024\/07\/lotte-kopecky-breitling2-768x1152.jpg 768w, https:\/\/www.forbes.be\/fr\/wp-content\/uploads\/2024\/07\/lotte-kopecky-breitling2-1024x1536.jpg 1024w, https:\/\/www.forbes.be\/fr\/wp-content\/uploads\/2024\/07\/lotte-kopecky-breitling2-1365x2048.jpg 1365w, https:\/\/www.forbes.be\/fr\/wp-content\/uploads\/2024\/07\/lotte-kopecky-breitling2-696x1044.jpg 696w, https:\/\/www.forbes.be\/fr\/wp-content\/uploads\/2024\/07\/lotte-kopecky-breitling2-1068x1602.jpg 1068w, https:\/\/www.forbes.be\/fr\/wp-content\/uploads\/2024\/07\/lotte-kopecky-breitling2-1920x2880.jpg 1920w, https:\/\/www.forbes.be\/fr\/wp-content\/uploads\/2024\/07\/lotte-kopecky-breitling2-600x900.jpg 600w, https:\/\/www.forbes.be\/fr\/wp-content\/uploads\/2024\/07\/lotte-kopecky-breitling2-scaled.jpg 1706w\" sizes=\"auto, (max-width: 683px) 100vw, 683px\" \/><figcaption id=\"caption-attachment-3829\" class=\"wp-caption-text\">Lotte Kopecky &#8211; \u00a9 Breitling<\/figcaption><\/figure>\n<h2 class=\"p3\">Avec le pav\u00e9, le d\u00e9tail au poignet<\/h2>\n<p class=\"p1\">Selon ce dernier, victoire aux J.O. fin juillet ou pas, Lotte Kopecky reste l\u2019ambassadrice r\u00eav\u00e9e. \u00ab <i>C\u2019est un d\u00e9tail, mais il est r\u00e9v\u00e9lateur: entre son arriv\u00e9e et sa mont\u00e9e sur le podium de Paris-Roubaix le 7 avril dernier, elle a imm\u00e9diatement remis sa montre &#8211; une Super Chronomat Automatic 38 en acier et or rouge &#8211; \u00e0 son poignet alors qu\u2019elle n\u2019avait eu que quelques minutes pour se remettre de ses efforts et avait bien autre chose \u00e0 penser. Rien d\u2019\u00e9tonnant \u00e0 ce qu\u2019elle ait choisi ce mod\u00e8le: il a du caract\u00e8re et correspond parfaitement \u00e0 sa personnalit\u00e9 m\u00ealant sportivit\u00e9 et \u00e9l\u00e9gance. J\u2019esp\u00e8re qu\u2019on y ajoutera la dur\u00e9e dans le temps&#8230;<\/i>\u00bb, poursuit-il.<\/p>\n<p class=\"p1\">N\u00e9e en 1995 \u00e0 Rumst, entre Anvers et Malines, domicili\u00e9e \u00e0 Assenede (nord de Gand), non loin de la fronti\u00e8re avec les Pays-Bas, Lotte Kopecky aime s\u2019entra\u00eener outre-Moerdijk ou le long des canaux. D\u00e9j\u00e0 aur\u00e9ol\u00e9e de quatre titres de championne du monde sur piste, elle a \u00e9t\u00e9 consacr\u00e9e l\u2019an dernier reine incontestable de la Petite Reine sur route et a d\u00e9finitivement marqu\u00e9 l\u2019histoire du cyclisme f\u00e9minin.<\/p>\n<blockquote>\n<p class=\"p4\"><i>\u00ab Depuis un an, le <\/i><span class=\"s1\"><i>meilleur cycliste<\/i><\/span><i> belge est une femme \u00bb<\/i><\/p>\n<\/blockquote>\n<p class=\"p1\"><span class=\"s2\">Avec un panache, une fr\u00e9quence et une endurance que plus d\u2019un cycliste masculin lui envie: apr\u00e8s avoir remport\u00e9 une deuxi\u00e8me victoire dans \u00ab son \u00bb<span class=\"Apple-converted-space\">\u00a0 <\/span>Tour des Flandres, le circuit Het Nieuwsblad, le Maillot vert du Tour de France, elle avait encore d\u00e9croch\u00e9 la m\u00e9daille d\u2019or de la course sur route aux championnats du monde \u00e0 Glasgow. Et cette ann\u00e9e, elle a poursuivi sur sa lanc\u00e9e avec des victoires au Tour des Emirats Arabes Unis, aux Strade Bianche et \u00e0 Paris-Roubaix (au sprint). \u00ab <i>Depuis un an, le meilleur cycliste belge est une femme<\/i> \u00bb, n\u2019a pas h\u00e9sit\u00e9 \u00e0 d\u00e9clarer au printemps dernier Rodrigo Beenkens, le commentateur sportif attitr\u00e9 de la RTBF.<\/span><\/p>\n<h2 class=\"p3\"><span class=\"s2\">Une femme comme les autres<\/span><\/h2>\n<p class=\"p1\"><span class=\"s2\">Tout r\u00e9cemment, elle a confirm\u00e9 son statut de fer de lance incontest\u00e9 de l\u2019\u00e9quipe SD Worx-Protime avec l\u2019annonce de la reconduction de son contrat jusqu\u2019en 2028 concomitante \u00e0 la d\u00e9cision de la N\u00e9erlandaise Demi Vollering de quitter le team au maillot rouge et blanc d\u00e8s la fin de cette saison cycliste. Equipi\u00e8res mod\u00e8les jusqu\u2019ici, les deux rivales trustent la premi\u00e8re place du classement mondial de l\u2019UCI. <\/span><\/p>\n<p class=\"p1\"><span class=\"s2\">Pourtant, au fil des ann\u00e9es et malgr\u00e9 ses succ\u00e8s, la championne belge qui f\u00eatera ses 30 ans l\u2019an prochain a su, comme les tout grands sportifs, garder son humour et son humilit\u00e9 malgr\u00e9 le nombre et le poids des troph\u00e9es. Malgr\u00e9 aussi sa pr\u00e9sence grandissante dans le c\u0153ur des Belges avec tout ce que cela implique de dangereux sur le plan m\u00e9diatique quand la presse people reste \u00e0 l\u2019aff\u00fbt du filon facile et qu\u2019on perd la m\u00eame ann\u00e9e son fr\u00e8re, Seppe, et son grand-p\u00e8re, sans m\u00eame parler de la rupture avec son compagnon et entra\u00eeneur, Kieran De Fauw.\u00a0<\/span><\/p>\n<p class=\"p1\"><span class=\"s2\">Des coups du sort qui ont pouss\u00e9 la sportive \u00e0 s\u2019\u00e9loigner des projecteurs lorsque c\u2019est possible, vu l\u2019\u00e9t\u00e9 charg\u00e9 qui l\u2019attend et l\u2019importance d\u2019avoir le moral au z\u00e9nith. Nous avons tent\u00e9 \u00e0 plusieurs reprises d\u2019avoir un entretien avec la championne. Au moment de boucler la publication, la r\u00e9ponse a fus\u00e9: \u00ab <i>Lotte se concentre enti\u00e8rement sur la pr\u00e9paration des JO et pr\u00e9f\u00e8re d\u00e9cliner toute interview pour le moment <\/i>\u00bb. Dont acte. <\/span><\/p>\n","protected":false},"excerpt":{"rendered":"<p>La Belge Lotte Kopecky, tr\u00e8s r\u00e9guli\u00e8rement num\u00e9ro 1 mondiale au classement de l\u2019Union Cycliste Internationale, ne s\u2019habille pas que de combinaisons sportives arc-en-ciel. Elle vient de devenir ambassadrice pour la marque horlog\u00e8re Breitling, qui f\u00eate ainsi dignement ses 140 ans. Quand elle descend de sa monture a\u00e9rodynamique \u00e0 deux roues profil\u00e9es qui l\u2019a d\u00e9j\u00e0 propuls\u00e9e [&hellip;]<\/p>\n","protected":false},"author":15,"featured_media":3828,"comment_status":"closed","ping_status":"closed","sticky":false,"template":"","format":"standard","meta":{"_acf_changed":false,"inline_featured_image":false,"footnotes":""},"categories":[1],"tags":[],"class_list":{"0":"post-3825","1":"post","2":"type-post","3":"status-publish","4":"format-standard","5":"has-post-thumbnail","7":"category-actualite"},"acf":[],"_yoast_wpseo_title":null,"_yoast_wpseo_metadesc":"Lotte Kopecky, r\u00e9guli\u00e8rement n\u00b01 mondiale au classement de l\u2019Union Cycliste Internationale, vient de devenir ambassadrice pour Breitling.","auteur_traducteur":"","yoast_head":"<!-- This site is optimized with the Yoast SEO plugin v27.4 - https:\/\/yoast.com\/product\/yoast-seo-wordpress\/ -->\n<title>Lotte Kopecky, sportive \u00e9m\u00e9rite mais pas que... | Forbes Belgique<\/title>\n<meta name=\"description\" content=\"Lotte Kopecky, r\u00e9guli\u00e8rement n\u00b01 mondiale au classement de l\u2019Union Cycliste Internationale, vient de devenir ambassadrice pour Breitling.\" \/>\n<meta name=\"robots\" content=\"index, follow, max-snippet:-1, max-image-preview:large, max-video-preview:-1\" \/>\n<link rel=\"canonical\" href=\"https:\/\/www.forbes.be\/fr\/sportive-lotte-kopecky-ambassadrice-breitling\/\" \/>\n<meta property=\"og:locale\" content=\"fr_FR\" \/>\n<meta property=\"og:type\" content=\"article\" \/>\n<meta property=\"og:title\" content=\"Lotte Kopecky, sportive \u00e9m\u00e9rite mais pas que... | Forbes Belgique\" \/>\n<meta property=\"og:description\" content=\"Lotte Kopecky, r\u00e9guli\u00e8rement n\u00b01 mondiale au classement de l\u2019Union Cycliste Internationale, vient de devenir ambassadrice pour Breitling.\" \/>\n<meta property=\"og:url\" content=\"https:\/\/www.forbes.be\/fr\/sportive-lotte-kopecky-ambassadrice-breitling\/\" \/>\n<meta property=\"og:site_name\" content=\"Forbes Belgique\" \/>\n<meta property=\"article:publisher\" content=\"https:\/\/www.facebook.com\/forbesbelgique\/\" \/>\n<meta property=\"article:published_time\" content=\"2024-07-24T05:00:20+00:00\" \/>\n<meta property=\"article:modified_time\" content=\"2024-07-24T08:28:56+00:00\" \/>\n<meta property=\"og:image\" content=\"https:\/\/www.forbes.be\/fr\/wp-content\/uploads\/2024\/07\/lotte-kopecky-breitling1-scaled-e1721809722800.jpg\" \/>\n\t<meta property=\"og:image:width\" content=\"2560\" \/>\n\t<meta property=\"og:image:height\" content=\"1339\" \/>\n\t<meta property=\"og:image:type\" content=\"image\/jpeg\" \/>\n<meta name=\"author\" content=\"Philippe Coul\u00e9e\" \/>\n<meta name=\"twitter:card\" content=\"summary_large_image\" \/>\n<meta name=\"twitter:label1\" content=\"\u00c9crit par\" \/>\n\t<meta name=\"twitter:data1\" content=\"Philippe Coul\u00e9e\" \/>\n\t<meta name=\"twitter:label2\" content=\"Dur\u00e9e de lecture estim\u00e9e\" \/>\n\t<meta name=\"twitter:data2\" content=\"5 minutes\" \/>\n<script type=\"application\/ld+json\" class=\"yoast-schema-graph\">{\"@context\":\"https:\\\/\\\/schema.org\",\"@graph\":[{\"@type\":\"NewsArticle\",\"@id\":\"https:\\\/\\\/www.forbes.be\\\/fr\\\/sportive-lotte-kopecky-ambassadrice-breitling\\\/#article\",\"isPartOf\":{\"@id\":\"https:\\\/\\\/www.forbes.be\\\/fr\\\/sportive-lotte-kopecky-ambassadrice-breitling\\\/\"},\"author\":{\"name\":\"Philippe Coul\u00e9e\",\"@id\":\"https:\\\/\\\/www.forbes.be\\\/fr\\\/#\\\/schema\\\/person\\\/22bfc3335e560f4084ef5af17ecdad87\"},\"headline\":\"Lotte Kopecky, sportive \u00e9m\u00e9rite mais pas que&#8230;\",\"datePublished\":\"2024-07-24T05:00:20+00:00\",\"dateModified\":\"2024-07-24T08:28:56+00:00\",\"mainEntityOfPage\":{\"@id\":\"https:\\\/\\\/www.forbes.be\\\/fr\\\/sportive-lotte-kopecky-ambassadrice-breitling\\\/\"},\"wordCount\":990,\"publisher\":{\"@id\":\"https:\\\/\\\/www.forbes.be\\\/fr\\\/#organization\"},\"image\":{\"@id\":\"https:\\\/\\\/www.forbes.be\\\/fr\\\/sportive-lotte-kopecky-ambassadrice-breitling\\\/#primaryimage\"},\"thumbnailUrl\":\"https:\\\/\\\/www.forbes.be\\\/fr\\\/wp-content\\\/uploads\\\/2024\\\/07\\\/lotte-kopecky-breitling1-scaled-e1721809722800.jpg\",\"articleSection\":[\"Actualit\u00e9s\"],\"inLanguage\":\"fr-FR\"},{\"@type\":\"WebPage\",\"@id\":\"https:\\\/\\\/www.forbes.be\\\/fr\\\/sportive-lotte-kopecky-ambassadrice-breitling\\\/\",\"url\":\"https:\\\/\\\/www.forbes.be\\\/fr\\\/sportive-lotte-kopecky-ambassadrice-breitling\\\/\",\"name\":\"Lotte Kopecky, sportive \u00e9m\u00e9rite mais pas que... | Forbes Belgique\",\"isPartOf\":{\"@id\":\"https:\\\/\\\/www.forbes.be\\\/fr\\\/#website\"},\"primaryImageOfPage\":{\"@id\":\"https:\\\/\\\/www.forbes.be\\\/fr\\\/sportive-lotte-kopecky-ambassadrice-breitling\\\/#primaryimage\"},\"image\":{\"@id\":\"https:\\\/\\\/www.forbes.be\\\/fr\\\/sportive-lotte-kopecky-ambassadrice-breitling\\\/#primaryimage\"},\"thumbnailUrl\":\"https:\\\/\\\/www.forbes.be\\\/fr\\\/wp-content\\\/uploads\\\/2024\\\/07\\\/lotte-kopecky-breitling1-scaled-e1721809722800.jpg\",\"datePublished\":\"2024-07-24T05:00:20+00:00\",\"dateModified\":\"2024-07-24T08:28:56+00:00\",\"description\":\"Lotte Kopecky, r\u00e9guli\u00e8rement n\u00b01 mondiale au classement de l\u2019Union Cycliste Internationale, vient de devenir ambassadrice pour Breitling.\",\"breadcrumb\":{\"@id\":\"https:\\\/\\\/www.forbes.be\\\/fr\\\/sportive-lotte-kopecky-ambassadrice-breitling\\\/#breadcrumb\"},\"inLanguage\":\"fr-FR\",\"potentialAction\":[{\"@type\":\"ReadAction\",\"target\":[\"https:\\\/\\\/www.forbes.be\\\/fr\\\/sportive-lotte-kopecky-ambassadrice-breitling\\\/\"]}]},{\"@type\":\"ImageObject\",\"inLanguage\":\"fr-FR\",\"@id\":\"https:\\\/\\\/www.forbes.be\\\/fr\\\/sportive-lotte-kopecky-ambassadrice-breitling\\\/#primaryimage\",\"url\":\"https:\\\/\\\/www.forbes.be\\\/fr\\\/wp-content\\\/uploads\\\/2024\\\/07\\\/lotte-kopecky-breitling1-scaled-e1721809722800.jpg\",\"contentUrl\":\"https:\\\/\\\/www.forbes.be\\\/fr\\\/wp-content\\\/uploads\\\/2024\\\/07\\\/lotte-kopecky-breitling1-scaled-e1721809722800.jpg\",\"width\":2560,\"height\":1339,\"caption\":\"Lotte Kopecky - \u00a9 Breitling\"},{\"@type\":\"BreadcrumbList\",\"@id\":\"https:\\\/\\\/www.forbes.be\\\/fr\\\/sportive-lotte-kopecky-ambassadrice-breitling\\\/#breadcrumb\",\"itemListElement\":[{\"@type\":\"ListItem\",\"position\":1,\"name\":\"Accueil\",\"item\":\"https:\\\/\\\/www.forbes.be\\\/fr\\\/\"},{\"@type\":\"ListItem\",\"position\":2,\"name\":\"Lotte Kopecky, sportive \u00e9m\u00e9rite mais pas que&#8230;\"}]},{\"@type\":\"WebSite\",\"@id\":\"https:\\\/\\\/www.forbes.be\\\/fr\\\/#website\",\"url\":\"https:\\\/\\\/www.forbes.be\\\/fr\\\/\",\"name\":\"Forbes Belgique\",\"description\":\"\",\"publisher\":{\"@id\":\"https:\\\/\\\/www.forbes.be\\\/fr\\\/#organization\"},\"potentialAction\":[{\"@type\":\"SearchAction\",\"target\":{\"@type\":\"EntryPoint\",\"urlTemplate\":\"https:\\\/\\\/www.forbes.be\\\/fr\\\/?s={search_term_string}\"},\"query-input\":{\"@type\":\"PropertyValueSpecification\",\"valueRequired\":true,\"valueName\":\"search_term_string\"}}],\"inLanguage\":\"fr-FR\"},{\"@type\":\"Organization\",\"@id\":\"https:\\\/\\\/www.forbes.be\\\/fr\\\/#organization\",\"name\":\"Forbes Belgique\",\"url\":\"https:\\\/\\\/www.forbes.be\\\/fr\\\/\",\"logo\":{\"@type\":\"ImageObject\",\"inLanguage\":\"fr-FR\",\"@id\":\"https:\\\/\\\/www.forbes.be\\\/fr\\\/#\\\/schema\\\/logo\\\/image\\\/\",\"url\":\"https:\\\/\\\/www.forbes.be\\\/fr\\\/wp-content\\\/uploads\\\/2024\\\/02\\\/forbes.be_.png\",\"contentUrl\":\"https:\\\/\\\/www.forbes.be\\\/fr\\\/wp-content\\\/uploads\\\/2024\\\/02\\\/forbes.be_.png\",\"width\":1200,\"height\":675,\"caption\":\"Forbes Belgique\"},\"image\":{\"@id\":\"https:\\\/\\\/www.forbes.be\\\/fr\\\/#\\\/schema\\\/logo\\\/image\\\/\"},\"sameAs\":[\"https:\\\/\\\/www.facebook.com\\\/forbesbelgique\\\/\",\"https:\\\/\\\/www.instagram.com\\\/Forbes_Belgium\",\"https:\\\/\\\/www.linkedin.com\\\/company\\\/forbes-belgium\\\/\"]},{\"@type\":\"Person\",\"@id\":\"https:\\\/\\\/www.forbes.be\\\/fr\\\/#\\\/schema\\\/person\\\/22bfc3335e560f4084ef5af17ecdad87\",\"name\":\"Philippe Coul\u00e9e\",\"image\":{\"@type\":\"ImageObject\",\"inLanguage\":\"fr-FR\",\"@id\":\"https:\\\/\\\/www.forbes.be\\\/fr\\\/wp-content\\\/uploads\\\/2024\\\/01\\\/unnamed-150x150.jpg\",\"url\":\"https:\\\/\\\/www.forbes.be\\\/fr\\\/wp-content\\\/uploads\\\/2024\\\/01\\\/unnamed-150x150.jpg\",\"contentUrl\":\"https:\\\/\\\/www.forbes.be\\\/fr\\\/wp-content\\\/uploads\\\/2024\\\/01\\\/unnamed-150x150.jpg\",\"caption\":\"Philippe Coul\u00e9e\"},\"url\":\"https:\\\/\\\/www.forbes.be\\\/fr\\\/author\\\/philippe-couleeicloud-com\\\/\"}]}<\/script>\n<!-- \/ Yoast SEO plugin. -->","yoast_head_json":{"title":"Lotte Kopecky, sportive \u00e9m\u00e9rite mais pas que... | Forbes Belgique","description":"Lotte Kopecky, r\u00e9guli\u00e8rement n\u00b01 mondiale au classement de l\u2019Union Cycliste Internationale, vient de devenir ambassadrice pour Breitling.","robots":{"index":"index","follow":"follow","max-snippet":"max-snippet:-1","max-image-preview":"max-image-preview:large","max-video-preview":"max-video-preview:-1"},"canonical":"https:\/\/www.forbes.be\/fr\/sportive-lotte-kopecky-ambassadrice-breitling\/","og_locale":"fr_FR","og_type":"article","og_title":"Lotte Kopecky, sportive \u00e9m\u00e9rite mais pas que... | Forbes Belgique","og_description":"Lotte Kopecky, r\u00e9guli\u00e8rement n\u00b01 mondiale au classement de l\u2019Union Cycliste Internationale, vient de devenir ambassadrice pour Breitling.","og_url":"https:\/\/www.forbes.be\/fr\/sportive-lotte-kopecky-ambassadrice-breitling\/","og_site_name":"Forbes Belgique","article_publisher":"https:\/\/www.facebook.com\/forbesbelgique\/","article_published_time":"2024-07-24T05:00:20+00:00","article_modified_time":"2024-07-24T08:28:56+00:00","og_image":[{"width":2560,"height":1339,"url":"https:\/\/www.forbes.be\/fr\/wp-content\/uploads\/2024\/07\/lotte-kopecky-breitling1-scaled-e1721809722800.jpg","type":"image\/jpeg"}],"author":"Philippe Coul\u00e9e","twitter_card":"summary_large_image","twitter_misc":{"\u00c9crit par":"Philippe Coul\u00e9e","Dur\u00e9e de lecture estim\u00e9e":"5 minutes"},"schema":{"@context":"https:\/\/schema.org","@graph":[{"@type":"NewsArticle","@id":"https:\/\/www.forbes.be\/fr\/sportive-lotte-kopecky-ambassadrice-breitling\/#article","isPartOf":{"@id":"https:\/\/www.forbes.be\/fr\/sportive-lotte-kopecky-ambassadrice-breitling\/"},"author":{"name":"Philippe Coul\u00e9e","@id":"https:\/\/www.forbes.be\/fr\/#\/schema\/person\/22bfc3335e560f4084ef5af17ecdad87"},"headline":"Lotte Kopecky, sportive \u00e9m\u00e9rite mais pas que&#8230;","datePublished":"2024-07-24T05:00:20+00:00","dateModified":"2024-07-24T08:28:56+00:00","mainEntityOfPage":{"@id":"https:\/\/www.forbes.be\/fr\/sportive-lotte-kopecky-ambassadrice-breitling\/"},"wordCount":990,"publisher":{"@id":"https:\/\/www.forbes.be\/fr\/#organization"},"image":{"@id":"https:\/\/www.forbes.be\/fr\/sportive-lotte-kopecky-ambassadrice-breitling\/#primaryimage"},"thumbnailUrl":"https:\/\/www.forbes.be\/fr\/wp-content\/uploads\/2024\/07\/lotte-kopecky-breitling1-scaled-e1721809722800.jpg","articleSection":["Actualit\u00e9s"],"inLanguage":"fr-FR"},{"@type":"WebPage","@id":"https:\/\/www.forbes.be\/fr\/sportive-lotte-kopecky-ambassadrice-breitling\/","url":"https:\/\/www.forbes.be\/fr\/sportive-lotte-kopecky-ambassadrice-breitling\/","name":"Lotte Kopecky, sportive \u00e9m\u00e9rite mais pas que... | Forbes Belgique","isPartOf":{"@id":"https:\/\/www.forbes.be\/fr\/#website"},"primaryImageOfPage":{"@id":"https:\/\/www.forbes.be\/fr\/sportive-lotte-kopecky-ambassadrice-breitling\/#primaryimage"},"image":{"@id":"https:\/\/www.forbes.be\/fr\/sportive-lotte-kopecky-ambassadrice-breitling\/#primaryimage"},"thumbnailUrl":"https:\/\/www.forbes.be\/fr\/wp-content\/uploads\/2024\/07\/lotte-kopecky-breitling1-scaled-e1721809722800.jpg","datePublished":"2024-07-24T05:00:20+00:00","dateModified":"2024-07-24T08:28:56+00:00","description":"Lotte Kopecky, r\u00e9guli\u00e8rement n\u00b01 mondiale au classement de l\u2019Union Cycliste Internationale, vient de devenir ambassadrice pour Breitling.","breadcrumb":{"@id":"https:\/\/www.forbes.be\/fr\/sportive-lotte-kopecky-ambassadrice-breitling\/#breadcrumb"},"inLanguage":"fr-FR","potentialAction":[{"@type":"ReadAction","target":["https:\/\/www.forbes.be\/fr\/sportive-lotte-kopecky-ambassadrice-breitling\/"]}]},{"@type":"ImageObject","inLanguage":"fr-FR","@id":"https:\/\/www.forbes.be\/fr\/sportive-lotte-kopecky-ambassadrice-breitling\/#primaryimage","url":"https:\/\/www.forbes.be\/fr\/wp-content\/uploads\/2024\/07\/lotte-kopecky-breitling1-scaled-e1721809722800.jpg","contentUrl":"https:\/\/www.forbes.be\/fr\/wp-content\/uploads\/2024\/07\/lotte-kopecky-breitling1-scaled-e1721809722800.jpg","width":2560,"height":1339,"caption":"Lotte Kopecky - \u00a9 Breitling"},{"@type":"BreadcrumbList","@id":"https:\/\/www.forbes.be\/fr\/sportive-lotte-kopecky-ambassadrice-breitling\/#breadcrumb","itemListElement":[{"@type":"ListItem","position":1,"name":"Accueil","item":"https:\/\/www.forbes.be\/fr\/"},{"@type":"ListItem","position":2,"name":"Lotte Kopecky, sportive \u00e9m\u00e9rite mais pas que&#8230;"}]},{"@type":"WebSite","@id":"https:\/\/www.forbes.be\/fr\/#website","url":"https:\/\/www.forbes.be\/fr\/","name":"Forbes Belgique","description":"","publisher":{"@id":"https:\/\/www.forbes.be\/fr\/#organization"},"potentialAction":[{"@type":"SearchAction","target":{"@type":"EntryPoint","urlTemplate":"https:\/\/www.forbes.be\/fr\/?s={search_term_string}"},"query-input":{"@type":"PropertyValueSpecification","valueRequired":true,"valueName":"search_term_string"}}],"inLanguage":"fr-FR"},{"@type":"Organization","@id":"https:\/\/www.forbes.be\/fr\/#organization","name":"Forbes Belgique","url":"https:\/\/www.forbes.be\/fr\/","logo":{"@type":"ImageObject","inLanguage":"fr-FR","@id":"https:\/\/www.forbes.be\/fr\/#\/schema\/logo\/image\/","url":"https:\/\/www.forbes.be\/fr\/wp-content\/uploads\/2024\/02\/forbes.be_.png","contentUrl":"https:\/\/www.forbes.be\/fr\/wp-content\/uploads\/2024\/02\/forbes.be_.png","width":1200,"height":675,"caption":"Forbes Belgique"},"image":{"@id":"https:\/\/www.forbes.be\/fr\/#\/schema\/logo\/image\/"},"sameAs":["https:\/\/www.facebook.com\/forbesbelgique\/","https:\/\/www.instagram.com\/Forbes_Belgium","https:\/\/www.linkedin.com\/company\/forbes-belgium\/"]},{"@type":"Person","@id":"https:\/\/www.forbes.be\/fr\/#\/schema\/person\/22bfc3335e560f4084ef5af17ecdad87","name":"Philippe Coul\u00e9e","image":{"@type":"ImageObject","inLanguage":"fr-FR","@id":"https:\/\/www.forbes.be\/fr\/wp-content\/uploads\/2024\/01\/unnamed-150x150.jpg","url":"https:\/\/www.forbes.be\/fr\/wp-content\/uploads\/2024\/01\/unnamed-150x150.jpg","contentUrl":"https:\/\/www.forbes.be\/fr\/wp-content\/uploads\/2024\/01\/unnamed-150x150.jpg","caption":"Philippe Coul\u00e9e"},"url":"https:\/\/www.forbes.be\/fr\/author\/philippe-couleeicloud-com\/"}]}},"_links":{"self":[{"href":"https:\/\/www.forbes.be\/fr\/wp-json\/wp\/v2\/posts\/3825","targetHints":{"allow":["GET"]}}],"collection":[{"href":"https:\/\/www.forbes.be\/fr\/wp-json\/wp\/v2\/posts"}],"about":[{"href":"https:\/\/www.forbes.be\/fr\/wp-json\/wp\/v2\/types\/post"}],"author":[{"embeddable":true,"href":"https:\/\/www.forbes.be\/fr\/wp-json\/wp\/v2\/users\/15"}],"replies":[{"embeddable":true,"href":"https:\/\/www.forbes.be\/fr\/wp-json\/wp\/v2\/comments?post=3825"}],"version-history":[{"count":4,"href":"https:\/\/www.forbes.be\/fr\/wp-json\/wp\/v2\/posts\/3825\/revisions"}],"predecessor-version":[{"id":4023,"href":"https:\/\/www.forbes.be\/fr\/wp-json\/wp\/v2\/posts\/3825\/revisions\/4023"}],"wp:featuredmedia":[{"embeddable":true,"href":"https:\/\/www.forbes.be\/fr\/wp-json\/wp\/v2\/media\/3828"}],"wp:attachment":[{"href":"https:\/\/www.forbes.be\/fr\/wp-json\/wp\/v2\/media?parent=3825"}],"wp:term":[{"taxonomy":"category","embeddable":true,"href":"https:\/\/www.forbes.be\/fr\/wp-json\/wp\/v2\/categories?post=3825"},{"taxonomy":"post_tag","embeddable":true,"href":"https:\/\/www.forbes.be\/fr\/wp-json\/wp\/v2\/tags?post=3825"}],"curies":[{"name":"wp","href":"https:\/\/api.w.org\/{rel}","templated":true}]}}