{"id":3877,"date":"2024-07-11T07:00:12","date_gmt":"2024-07-11T05:00:12","guid":{"rendered":"https:\/\/www.forbes.be\/fr\/?p=3877"},"modified":"2024-07-17T10:29:11","modified_gmt":"2024-07-17T08:29:11","slug":"dix-entreprises-belges-qualifiees-jo-paris","status":"publish","type":"post","link":"https:\/\/www.forbes.be\/fr\/dix-entreprises-belges-qualifiees-jo-paris\/","title":{"rendered":"Dix entreprises belges qualifi\u00e9es pour les JO de Paris"},"content":{"rendered":"<p class=\"p1\"><strong><span class=\"s1\">Si nos athl\u00e8tes belges donneront bient\u00f4t le meilleur d\u2019eux-m\u00eames \u00e0 Paris, plusieurs <\/span><span class=\"s2\">entreprises<\/span><span class=\"s1\"> seront \u00e9galement anim\u00e9es par l\u2019esprit <\/span><span class=\"s2\">olympique<\/span><span class=\"s1\">. S\u00e9lection de dix entreprises belges d\u2019ores et d\u00e9j\u00e0 qualifi\u00e9es pour les Jeux d\u2019\u00e9t\u00e9.<\/span><\/strong><\/p>\n<p class=\"p1\"><span class=\"s1\">Le plus grand \u00e9v\u00e9nement sportif au monde n\u00e9cessite une pr\u00e9paration \u00e9norme et de multiples solutions d\u2019h\u00e9bergement. Qu\u2019elles soient actives dans la technologie, la gastronomie ou encore la mode, une pl\u00e9iade d\u2019entreprises belges sont impliqu\u00e9es dans les Jeux Olympiques de Paris qui d\u00e9buteront le vendredi 26 juillet. Voici un aper\u00e7u, de la multinationale renomm\u00e9e \u00e0 la petite soci\u00e9t\u00e9 familiale. <\/span><\/p>\n<h2 class=\"p3\"><span class=\"s2\">1.<\/span><span class=\"s1\"> AB InBev<\/span><\/h2>\n<p class=\"p1\"><span class=\"s1\">Le g\u00e9ant brassicole <a href=\"https:\/\/ab-inbev.be\/fr\">AB InBev<\/a> a d\u2019ores et d\u00e9j\u00e0 d\u00e9croch\u00e9 l\u2019or car c\u2019est la seule entreprise belge \u00e0 figurer parmi les sponsors principaux du Comit\u00e9 International Olympique (CIO). Le plus grand brasseur du monde est partenaire olympique mondial jusqu\u2019en 2028. \u00c0 Paris, la Corona Cero sans alcool sera la marque qui coulera des pompes \u00e0 bi\u00e8re. Ainsi, l\u2019organisation entend mettre l\u2019accent sur une consommation responsable d\u2019alcool.<\/span><\/p>\n<blockquote>\n<p class=\"p4\"><span class=\"s1\"><i>\u00ab\u00a0Il est tout \u00e0 fait <\/i><\/span><span class=\"s3\"><i>appropri\u00e9<\/i><\/span><span class=\"s1\"><i> que nous proposions la <\/i><\/span><span class=\"s3\"><i>Corona Cero<\/i><\/span><span class=\"s1\"><i> aux Jeux Olympiques \u00bb<\/i><\/span><\/p>\n<\/blockquote>\n<p class=\"p1\"><span class=\"s1\">Michel Doukeris, CEO d\u2019AB InBev\u00a0: \u00ab\u00a0<i>La bi\u00e8re et le sport font plut\u00f4t bon m\u00e9nage. C\u2019est pourquoi nous sommes fiers d\u2019\u00eatre le premier sponsor brassicole et partenaire olympique mondial pour les JO. La bi\u00e8re est la boisson de la mod\u00e9ration et du choix. Il est donc tout \u00e0 fait appropri\u00e9 que nous proposions la Corona Cero \u00e0 cette occasion.<br \/>\nCe partenariat illustre la possibilit\u00e9 d\u2019avoir un impact positif et de se connecter avec des milliards de fans \u00e0 travers le monde, tout en soutenant nos \u00e9quipes nationales et athl\u00e8tes pr\u00e9f\u00e9r\u00e9s dans leur qu\u00eate de l\u2019or.\u00a0<\/i>\u00bb<\/span><\/p>\n<p class=\"p1\"><span class=\"s1\">L\u2019accord commercial entre AB InBev et l\u2019organisateur des Jeux Olympiques porte sur les Jeux d\u2019\u00e9t\u00e9 \u00e0 Paris, les Jeux d\u2019hiver \u00e0 Milan en 2026 et les Jeux de Los Angeles en 2028. Les Jeux Paralympiques sont \u00e9galement inclus dans le deal.<\/span><\/p>\n<h2 class=\"p3\"><span class=\"s2\">2.<\/span><span class=\"s1\"> EVS Broadcast Equipment<\/span><\/h2>\n<p class=\"p1\"><span class=\"s4\">L\u2019an dernier, <a href=\"https:\/\/evs.com\/\">EVS<\/a> a enregistr\u00e9 une croissance de son chiffre d\u2019affaires d\u2019un peu moins de 17% (16,9%) pour atteindre le niveau record de 173 millions d\u2019euros. Et ce record sera de nouveau battu cette ann\u00e9e, dans la mesure o\u00f9 de nombreux \u00e9v\u00e9nements sont \u00e0 l\u2019agenda. En plus des Jeux Olympiques, EVS fournit \u00e9galement des solutions audiovisuelles pour l\u2019Euro de football. Fond\u00e9 il y a 30 ans, EVS est l\u2019un des leaders mondiaux dans le domaine des applications audiovisuelles pour la production et la gestion de contenus vid\u00e9o. Le groupe est surtout r\u00e9put\u00e9 pour ses serveurs produisant des ralentis lors d\u2019\u00e9v\u00e9nements sportifs. Mais la soci\u00e9t\u00e9 de Seraing fournit \u00e9galement des produits et des services visant \u00e0 optimiser la qualit\u00e9 des productions audiovisuelles diffus\u00e9es en direct, telles que les sports, les actualit\u00e9s, les divertissements ou l\u2019e-gaming. EVS, cot\u00e9e en bourse, se charge du signal audiovisuel de l\u2019enregistrement \u00e0 la diffusion, et s\u2019occupe aussi de l\u2019indexation et de l\u2019archivage. Ses clients sont des cha\u00eenes de t\u00e9l\u00e9vision, des maisons de production et des organisateurs d\u2019\u00e9v\u00e9nements. Vous regardez la retransmission t\u00e9l\u00e9vis\u00e9e en direct d\u2019un match de football\u00a0? Ou vous voyez un ralenti dans un programme de jeu en direct\u00a0? Il y a alors de fortes chances qu\u2019ils soient r\u00e9alis\u00e9s avec des produits EVS.<\/span><\/p>\n<h2 class=\"p3\"><span class=\"s2\">3.<\/span><span class=\"s1\"> Luminex Network Intelligence<\/span><\/h2>\n<p class=\"p1\"><span class=\"s1\">Ce fabricant belge d\u2019\u00e9quipements de distribution de donn\u00e9es pour des applications professionnelles d\u2019\u00e9clairage, d\u2019audio et de vid\u00e9o est un illustre inconnu pour le grand public. La soci\u00e9t\u00e9 se concentre principalement sur l\u2019industrie du divertissement. Avec un assortiment complet de commutateurs r\u00e9seau valid\u00e9s pour l\u2019interop\u00e9rabilit\u00e9 dans de nombreux \u00e9cosyst\u00e8mes, <a href=\"https:\/\/www.luminex.be\/\" target=\"_blank\" rel=\"noopener\">Luminex<\/a> fournit aux concepteurs et techniciens AV une technologie de pointe pour construire un syst\u00e8me complet de distribution de donn\u00e9es allant de petites installations \u00e0 des \u00e9quipements plus imposants pour des \u00e9v\u00e9nements d\u2019envergure ou de grands sites. La technologie de la soci\u00e9t\u00e9 de Genk permet \u00e0 la lumi\u00e8re, \u00e0 la vid\u00e9o et \u00e0 l\u2019audio de fonctionner sur un seul r\u00e9seau. Ce contr\u00f4le s\u2019applique lors de grands \u00e9v\u00e9nements. La c\u00e9r\u00e9monie d\u2019ouverture des Jeux paralympiques d\u2019Ath\u00e8nes en 2004 a \u00e9t\u00e9 le premier \u00e9v\u00e9nement \u00e0 y avoir recours. Depuis lors, tout s\u2019est acc\u00e9l\u00e9r\u00e9 avec des clients tels que le Concours Eurovision de la chanson, les Jeux Olympiques, le festival de Glastonbury et des tourn\u00e9es mondiales de superstars telles que Coldplay, Rammstein ou Taylor Swift.<\/span><\/p>\n<p class=\"p1\"><span class=\"s1\">\u00c0 Paris, la technologie de Luminex au stade de France permettra \u00e0 l\u2019enceinte de se parer de multiples couleurs lors des comp\u00e9titions d\u2019athl\u00e9tisme. L\u2019\u00e9quipement sera \u00e9galement utilis\u00e9 pour d\u2019autres \u00e9v\u00e9nements et c\u00e9r\u00e9monies pendant les Jeux.<\/span><\/p>\n<h2 class=\"p3\"><span class=\"s5\">4.<\/span><span class=\"s6\"> Willaert<\/span><\/h2>\n<p class=\"p1\"><span class=\"s6\">Le grossiste familial en plantes et arbres <a href=\"https:\/\/www.willaert.be\/fr\/home\">Willaert<\/a> bas\u00e9 \u00e0 Roulers a fourni plus de 50 000 plantes pour le village olympique. L\u2019entreprise est donc un fournisseur important des Jeux Olympiques et Paralympiques de cet \u00e9t\u00e9. Les plantes ont \u00e9t\u00e9 utilis\u00e9es pour l\u2019am\u00e9nagement de deux parcs : la ZAC Plaine Saulnier pr\u00e8s de la piscine olympique et le Cluster des M\u00e9dias, o\u00f9 se d\u00e9roulent les \u00e9preuves d\u2019escalade. Les plantes ont \u00e9t\u00e9 livr\u00e9es \u00e0 temps, afin qu\u2019elles fleurissent au moment des jeux. L\u2019ensemble du village olympique ayant \u00e9t\u00e9 construit dans une optique de durabilit\u00e9, les plantes ont \u00e9galement \u00e9t\u00e9 fournies dans des pots biod\u00e9gradables. Le Cluster des M\u00e9dias sera transform\u00e9 en zone r\u00e9sidentielle apr\u00e8s les JO. Les plantes seront conserv\u00e9es m\u00eame apr\u00e8s les Jeux.<\/span><\/p>\n<h2 class=\"p3\"><span class=\"s5\">5.<\/span><span class=\"s6\"> Distrimob<\/span><\/h2>\n<p class=\"p1\"><span class=\"s6\">Fond\u00e9e \u00e0 Knokke, <a href=\"https:\/\/distrimob.be\/fr\/\">Distrimob<\/a> fournit des voiturettes de golf \u00e9lectriques traditionnelles. Depuis lors, les activit\u00e9s se sont l\u00e9g\u00e8rement \u00e9toff\u00e9es et l\u2019entreprise s\u2019engage \u00e0 livrer des moyens de transport durables pour divers types d\u2019\u00e9v\u00e9nements. \u00ab\u00a0<i>Nous fournissons de petites navettes \u00e9lectriques et des navettes \u00e9v\u00e9nementielles dans toute l\u2019Europe\u00a0\u00bb, explique Jean-Pierre Vermeire, directeur. \u00ab\u00a0Les e-navettes pour 8 \u00e0 23 personnes sont durables, silencieuses, tendance et enti\u00e8rement \u00e9lectriques, avec une autonomie d\u2019environ 140 km.\u00a0<\/i>\u00bb Les v\u00e9hicules sont assembl\u00e9s par une soci\u00e9t\u00e9 s\u0153ur de Distrimob, et peuvent \u00eatre personnalis\u00e9s \u00e0 la demande de l\u2019organisateur de l\u2019\u00e9v\u00e9nement. Pendant les Jeux Olympiques, les navettes \u00e9lectriques transporteront les athl\u00e8tes dans et autour du village olympique. \u00ab\u00a0<i>En qualit\u00e9 de sous-traitant, nous fournissons une flotte de mini-navettes \u00e9lectriques pour Paris. Nos clients sont nos ambassadeurs. C\u2019est pourquoi nous ne faisons pas de publicit\u00e9 active<\/i>\u00a0\u00bb, explique Jean-Pierre Vermeire.<\/span><\/p>\n<figure id=\"attachment_3882\" aria-describedby=\"caption-attachment-3882\" style=\"width: 696px\" class=\"wp-caption alignnone\"><img loading=\"lazy\" decoding=\"async\" class=\"size-large wp-image-3882\" src=\"https:\/\/www.forbes.be\/fr\/wp-content\/uploads\/2024\/07\/Distrimob3-1024x768.jpg\" alt=\"entreprises belges JO paris\" width=\"696\" height=\"522\" srcset=\"https:\/\/www.forbes.be\/fr\/wp-content\/uploads\/2024\/07\/Distrimob3-1024x768.jpg 1024w, https:\/\/www.forbes.be\/fr\/wp-content\/uploads\/2024\/07\/Distrimob3-300x225.jpg 300w, https:\/\/www.forbes.be\/fr\/wp-content\/uploads\/2024\/07\/Distrimob3-768x576.jpg 768w, https:\/\/www.forbes.be\/fr\/wp-content\/uploads\/2024\/07\/Distrimob3-1536x1152.jpg 1536w, https:\/\/www.forbes.be\/fr\/wp-content\/uploads\/2024\/07\/Distrimob3-2048x1536.jpg 2048w, https:\/\/www.forbes.be\/fr\/wp-content\/uploads\/2024\/07\/Distrimob3-696x522.jpg 696w, https:\/\/www.forbes.be\/fr\/wp-content\/uploads\/2024\/07\/Distrimob3-1068x801.jpg 1068w, https:\/\/www.forbes.be\/fr\/wp-content\/uploads\/2024\/07\/Distrimob3-1920x1440.jpg 1920w, https:\/\/www.forbes.be\/fr\/wp-content\/uploads\/2024\/07\/Distrimob3-600x450.jpg 600w\" sizes=\"auto, (max-width: 696px) 100vw, 696px\" \/><figcaption id=\"caption-attachment-3882\" class=\"wp-caption-text\">\u00a9 Distrimob<\/figcaption><\/figure>\n<h2 class=\"p3\"><span class=\"s5\">6.<\/span><span class=\"s6\"> Bioracer<\/span><\/h2>\n<p class=\"p1\"><span class=\"s6\"><a href=\"https:\/\/shop.bioracer.com\/?utm_term=bioracer&amp;utm_campaign=SEA_Brand&amp;utm_source=adwords&amp;utm_medium=ppc&amp;hsa_acc=8222427435&amp;hsa_cam=20797138485&amp;hsa_grp=159672261727&amp;hsa_ad=682226491910&amp;hsa_src=g&amp;hsa_tgt=kwd-26170381&amp;hsa_kw=bioracer&amp;hsa_mt=b&amp;hsa_net=adwords&amp;hsa_ver=3&amp;gad_source=1&amp;gclid=CjwKCAjwnK60BhA9EiwAmpHZwz1SnUvXqtqNiKNctt4N1KD7vZwp4-imPlaenEXzDJeSUpIxbIRE4RoCzjEQAvD_BwE\">Bioracer<\/a> commercialise des tenues de cyclisme de haute technologie depuis plusieurs ann\u00e9es. L\u2019entreprise innovante travaille en collaboration avec des centres de recherche et son propre centre de connaissances pour d\u00e9velopper le v\u00eatement de la mani\u00e8re la plus optimale possible afin de maximiser les performances dans les conditions m\u00e9t\u00e9orologiques les plus variables. Pour les pr\u00e9c\u00e9dents Jeux Olympiques de Tokyo, Bioracer a d\u00e9velopp\u00e9 des v\u00eatements adapt\u00e9s aux conditions climatiques particuli\u00e8res, avec des temp\u00e9ratures sup\u00e9rieures \u00e0 30\u00b0C et une humidit\u00e9 \u00e9lev\u00e9e. Bioracer, en collaboration avec Team Belgium et Belgian Cycling, a \u00e9galement con\u00e7u le maillot de cyclisme olympique pour les Jeux de Paris. L\u2019\u00e9dition olympique combine harmonieusement le design Team Belgium Embrace, le <i>Belgian Blue<\/i> embl\u00e9matique, les anneaux olympiques et le drapeau tricolore belge. D\u00e9sormais, ce maillot est aussi disponible pour les amateurs de cyclisme belges.<\/span><\/p>\n<h2 class=\"p3\"><span class=\"s5\">7.<\/span><span class=\"s6\"> Caf\u00e9 Costume<\/span><\/h2>\n<p class=\"p1\"><span class=\"s1\">Le label de mode belge <a href=\"https:\/\/cafecostume.com\/fr\/\">Caf\u00e9 Costume<\/a> cr\u00e9e le look tendance des athl\u00e8tes masculins. Bruno Van Gils, directeur artistique et fondateur de Caf\u00e9 Costume, a estim\u00e9 qu\u2019il \u00e9tait essentiel de concevoir une tenue \u00e0 la fois \u00e9l\u00e9gante et confortable. Le th\u00e8me des tenues de Team Belgium est <i>Gala<\/i>. Bien que le th\u00e8me du <i>smoking<\/i> soit reconnaissable dans la collection, une touche d\u2019audace a \u00e9t\u00e9 ajout\u00e9e en combinant des \u00e9l\u00e9ments classiques avec un mat\u00e9riau contrast\u00e9. La collection comprend des costumes prestigieux, des vestes varsity, des chemises et des vestes sergent, port\u00e9es avec un pantalon sartorial. Les athl\u00e8tes ont le choix entre diff\u00e9rents mod\u00e8les, ce qui leur permet d\u2019exprimer leur propre style et leur personnalit\u00e9. Le physique de chaque athl\u00e8te \u00e9tant diff\u00e9rent, chaque costume est confectionn\u00e9 sur mesure avec un savoir-faire particulier.<\/span><\/p>\n<figure id=\"attachment_3881\" aria-describedby=\"caption-attachment-3881\" style=\"width: 683px\" class=\"wp-caption alignnone\"><img loading=\"lazy\" decoding=\"async\" class=\"size-large wp-image-3881\" src=\"https:\/\/www.forbes.be\/fr\/wp-content\/uploads\/2024\/07\/Cafe-Costume-683x1024.jpg\" alt=\"entreprises belges JO paris\" width=\"683\" height=\"1024\" srcset=\"https:\/\/www.forbes.be\/fr\/wp-content\/uploads\/2024\/07\/Cafe-Costume-683x1024.jpg 683w, https:\/\/www.forbes.be\/fr\/wp-content\/uploads\/2024\/07\/Cafe-Costume-200x300.jpg 200w, https:\/\/www.forbes.be\/fr\/wp-content\/uploads\/2024\/07\/Cafe-Costume-768x1151.jpg 768w, https:\/\/www.forbes.be\/fr\/wp-content\/uploads\/2024\/07\/Cafe-Costume-1025x1536.jpg 1025w, https:\/\/www.forbes.be\/fr\/wp-content\/uploads\/2024\/07\/Cafe-Costume-1366x2048.jpg 1366w, https:\/\/www.forbes.be\/fr\/wp-content\/uploads\/2024\/07\/Cafe-Costume-696x1043.jpg 696w, https:\/\/www.forbes.be\/fr\/wp-content\/uploads\/2024\/07\/Cafe-Costume-1068x1601.jpg 1068w, https:\/\/www.forbes.be\/fr\/wp-content\/uploads\/2024\/07\/Cafe-Costume-1920x2879.jpg 1920w, https:\/\/www.forbes.be\/fr\/wp-content\/uploads\/2024\/07\/Cafe-Costume-600x900.jpg 600w, https:\/\/www.forbes.be\/fr\/wp-content\/uploads\/2024\/07\/Cafe-Costume-scaled.jpg 1708w\" sizes=\"auto, (max-width: 683px) 100vw, 683px\" \/><figcaption id=\"caption-attachment-3881\" class=\"wp-caption-text\">\u00a9 Caf\u00e9 Costume<\/figcaption><\/figure>\n<p class=\"p1\"><span class=\"s6\">Bruno Van Gils souligne : \u00ab\u00a0<i>Les tenues de sport sont con\u00e7ues pour la performance de l\u2019athl\u00e8te, mais pour les tenues de c\u00e9r\u00e9monie, j\u2019ai essay\u00e9 de cr\u00e9er des looks audacieux, \u00e9l\u00e9gants et charismatiques pour les hommes. Je suis moi-m\u00eame fan de sport et quand je porte mes costumes, je recherche toujours un mix entre d\u00e9contract\u00e9 et formel. C\u2019est un honneur pour moi d\u2019utiliser mes comp\u00e9tences de tailleur et styliste pour Team Belgium.<\/i>\u00a0\u00bb<\/span><\/p>\n<blockquote>\n<p class=\"p4\"><span class=\"s7\"><i>\u00ab\u00a0Nous avons r\u00e9solument <\/i><\/span><span class=\"s8\"><i>opt\u00e9<\/i><\/span><span class=\"s7\"><i> pour des tenues <\/i><\/span><span class=\"s8\"><i>\u00e9l\u00e9gantes<\/i><\/span><span class=\"s7\"><i>\u00a0\u00bb<\/i><\/span><\/p>\n<\/blockquote>\n<h2 class=\"p3\"><span class=\"s9\">8. <\/span><span class=\"s7\">Caroline Biss<\/span><\/h2>\n<p class=\"p1\"><span class=\"s7\">Les athl\u00e8tes f\u00e9minines sont habill\u00e9es par la marque de mode <a href=\"https:\/\/carolinebiss.com\/fr\/\">Caroline Biss<\/a>. Ce sera une collection super f\u00e9minine, tr\u00e8s glamour. C\u2019est la deuxi\u00e8me fois d\u2019affil\u00e9e que Caroline Biss est partenaire officiel du COIB. \u00c0 Tokyo, nos athl\u00e8tes belges \u00e9taient v\u00eatues d\u2019\u00e9l\u00e9gantes tenues de cette marque belge lors des moments officiels. Le style est tr\u00e8s diff\u00e9rent cette fois-ci, et cela tient en partie \u00e0 la ville qui accueille les Jeux\u00a0: Paris, la capitale de la mode. La collection olympique de Caroline Biss est jeune, sexy et glamour tout en ayant une haute teneur \u00e9nerg\u00e9tique. \u00ab\u00a0<i>Nous avons r\u00e9solument opt\u00e9 pour des tenues \u00e9l\u00e9gantes, dans un tissu souple aux reflets de soie qui respire le luxe\u00a0<\/i>\u00bb, explique Margot Saelen de Caroline Biss. \u00ab\u00a0<i>En tant que pays de la mode, nous tenons \u00e0 \u00eatre bien pr\u00e9sents. Nous avons choisi des silhouettes unies, car \u00e7a accentue le caract\u00e8re affirm\u00e9. Lors de la conception des diff\u00e9rentes tenues, nous avons pris en compte la morphologie des athl\u00e8tes, qui peut varier en fonction de leur discipline sportive. Et bien s\u00fbr aussi le jeune \u00e2ge des athl\u00e8tes. En tout cas, toutes les tenues sont r\u00e9alis\u00e9es sur mesure pour qu\u2019elles donnent l\u2019impression d\u2019avoir \u00e9t\u00e9 con\u00e7ues \u00e0 m\u00eame le corps.<\/i>\u00a0\u00bb<\/span><\/p>\n<figure id=\"attachment_3880\" aria-describedby=\"caption-attachment-3880\" style=\"width: 683px\" class=\"wp-caption alignnone\"><img loading=\"lazy\" decoding=\"async\" class=\"size-large wp-image-3880\" src=\"https:\/\/www.forbes.be\/fr\/wp-content\/uploads\/2024\/07\/\u00a9FilipVanRoe_BOIC-CB3451-683x1024.jpg\" alt=\"entreprises belges JO paris\" width=\"683\" height=\"1024\" srcset=\"https:\/\/www.forbes.be\/fr\/wp-content\/uploads\/2024\/07\/\u00a9FilipVanRoe_BOIC-CB3451-683x1024.jpg 683w, https:\/\/www.forbes.be\/fr\/wp-content\/uploads\/2024\/07\/\u00a9FilipVanRoe_BOIC-CB3451-200x300.jpg 200w, https:\/\/www.forbes.be\/fr\/wp-content\/uploads\/2024\/07\/\u00a9FilipVanRoe_BOIC-CB3451-768x1151.jpg 768w, https:\/\/www.forbes.be\/fr\/wp-content\/uploads\/2024\/07\/\u00a9FilipVanRoe_BOIC-CB3451-1025x1536.jpg 1025w, https:\/\/www.forbes.be\/fr\/wp-content\/uploads\/2024\/07\/\u00a9FilipVanRoe_BOIC-CB3451-1366x2048.jpg 1366w, https:\/\/www.forbes.be\/fr\/wp-content\/uploads\/2024\/07\/\u00a9FilipVanRoe_BOIC-CB3451-696x1043.jpg 696w, https:\/\/www.forbes.be\/fr\/wp-content\/uploads\/2024\/07\/\u00a9FilipVanRoe_BOIC-CB3451-1068x1601.jpg 1068w, https:\/\/www.forbes.be\/fr\/wp-content\/uploads\/2024\/07\/\u00a9FilipVanRoe_BOIC-CB3451-1920x2878.jpg 1920w, https:\/\/www.forbes.be\/fr\/wp-content\/uploads\/2024\/07\/\u00a9FilipVanRoe_BOIC-CB3451-600x900.jpg 600w, https:\/\/www.forbes.be\/fr\/wp-content\/uploads\/2024\/07\/\u00a9FilipVanRoe_BOIC-CB3451-scaled.jpg 1708w\" sizes=\"auto, (max-width: 683px) 100vw, 683px\" \/><figcaption id=\"caption-attachment-3880\" class=\"wp-caption-text\">Caroline Biss &#8211; \u00a9Filip Van Roe<\/figcaption><\/figure>\n<h2 class=\"p3\"><span class=\"s9\">9. <\/span><span class=\"s7\">Ambiorix<\/span><\/h2>\n<p class=\"p1\"><span class=\"s7\">Pour la sixi\u00e8me fois, <a href=\"https:\/\/www.ambiorix.be\/fr\/\">Ambiorix<\/a> est le fournisseur olympique des chaussures. L\u2019entreprise a d\u00e9velopp\u00e9 deux nouveaux mod\u00e8les pour cet \u00e9v\u00e9nement. Pour les athl\u00e8tes masculins, un mod\u00e8le au design et aux lignes classiques a \u00e9t\u00e9 retenu, associ\u00e9 \u00e0 une semelle moderne et plus sportive. R\u00e9sultat : un look estival et qualitatif. Les athl\u00e8tes f\u00e9minines ouvriront les Jeux Olympiques avec des sneakers sp\u00e9cialement con\u00e7us, dont les semelles int\u00e8grent un daim souple.<\/span><\/p>\n<p class=\"p1\"><span class=\"s7\">\u00ab\u00a0<i>Le confort des athl\u00e8tes \u00e9tait notre priorit\u00e9 absolue. C\u2019est ce que repr\u00e9sente Ambiorix<\/i>\u00a0\u00bb, explique Peter Vavedin, directeur d\u2019Ambiorix. Les origines d\u2019Ambiorix remontent<br \/>\n\u00e0 1895. \u00c0 l\u2019\u00e9poque, Louis Steyns ouvre une cordonnerie \u00e0 Verviers. En 1907, il d\u00e9m\u00e9nage \u00e0 Tongres pour devenir le fabricant de chaussures actuel. Aujourd\u2019hui, Ambiorix produit environ 100 000 paires de chaussures par an dans son usine de Tongres.<\/span><\/p>\n<h2 class=\"p3\"><span class=\"s9\">10. <\/span><span class=\"s7\">Woody<\/span><\/h2>\n<p class=\"p1\"><span class=\"s7\">Les athl\u00e8tes de haut niveau m\u00e9ritent les meilleurs sous-v\u00eatements\u00a0: c\u2019est sur la base de cette conviction que <a href=\"https:\/\/woodyworld.com\/nl\">Woody<\/a> fournit \u00e0 nouveau aux athl\u00e8tes de Team Belgium des sous-v\u00eatements de qualit\u00e9 sup\u00e9rieure et confortables lors de ces Jeux Olympiques. Apr\u00e8s les Jeux d\u2019\u00e9t\u00e9 de Tokyo (2021) et les Jeux d\u2019hiver de P\u00e9kin (2022), les sous-v\u00eatements Woody feront escale \u00e0 Paris. \u00ab\u00a0<i>Chez Woody, nous pensons qu\u2019un bon maillot de corps est la cl\u00e9 du confort et de performances de pointe. Les sous-v\u00eatements Woody s\u2019adaptent parfaitement, sont r\u00e9sistants et permettent \u00e0 nos athl\u00e8tes de s\u2019exprimer librement\u00a0<\/i>\u00bb, d\u00e9clare Steven Van de Velde, Managing Director de Woody. \u00ab\u00a0<i>Pour nos athl\u00e8tes masculins, nous avons de nouveau choisi les sous-v\u00eatements Woody en coton en raison de leur soutien. Pour les athl\u00e8tes f\u00e9minines, nous avons privil\u00e9gi\u00e9 les dessous fabriqu\u00e9s \u00e0 partir du lyocell \u00e9cologique\u00a0: ndrwr by Woody permet aux sportives de d\u00e9couvrir une alternative plus durable aux sous-v\u00eatements en coton.<\/i>\u00a0\u00bb Le Gantois Michel Van De Velde a fond\u00e9 Woody en 1993, apr\u00e8s n\u2019avoir trouv\u00e9 aucun pyjama joyeux pour sa fille qui venait de na\u00eetre. Le reste appartient \u00e0 l\u2019histoire. <\/span><\/p>\n","protected":false},"excerpt":{"rendered":"<p>Si nos athl\u00e8tes belges donneront bient\u00f4t le meilleur d\u2019eux-m\u00eames \u00e0 Paris, plusieurs entreprises seront \u00e9galement anim\u00e9es par l\u2019esprit olympique. S\u00e9lection de dix entreprises belges d\u2019ores et d\u00e9j\u00e0 qualifi\u00e9es pour les Jeux d\u2019\u00e9t\u00e9. Le plus grand \u00e9v\u00e9nement sportif au monde n\u00e9cessite une pr\u00e9paration \u00e9norme et de multiples solutions d\u2019h\u00e9bergement. Qu\u2019elles soient actives dans la technologie, la [&hellip;]<\/p>\n","protected":false},"author":12,"featured_media":3878,"comment_status":"closed","ping_status":"closed","sticky":false,"template":"","format":"standard","meta":{"_acf_changed":false,"inline_featured_image":false,"footnotes":""},"categories":[1],"tags":[],"class_list":{"0":"post-3877","1":"post","2":"type-post","3":"status-publish","4":"format-standard","5":"has-post-thumbnail","7":"category-actualite"},"acf":[],"_yoast_wpseo_title":null,"_yoast_wpseo_metadesc":"Plusieurs entreprises belges participeront aux Jeux Olympiques de Paris. S\u00e9lection de dix entreprises d\u2019ores et d\u00e9j\u00e0 qualifi\u00e9es.","auteur_traducteur":"","yoast_head":"<!-- This site is optimized with the Yoast SEO plugin v27.4 - https:\/\/yoast.com\/product\/yoast-seo-wordpress\/ -->\n<title>Dix entreprises belges qualifi\u00e9es pour les JO de Paris | Forbes Belgique<\/title>\n<meta name=\"description\" content=\"Plusieurs entreprises belges participeront aux Jeux Olympiques de Paris. S\u00e9lection de dix entreprises d\u2019ores et d\u00e9j\u00e0 qualifi\u00e9es.\" \/>\n<meta name=\"robots\" content=\"index, follow, max-snippet:-1, max-image-preview:large, max-video-preview:-1\" \/>\n<link rel=\"canonical\" href=\"https:\/\/www.forbes.be\/fr\/dix-entreprises-belges-qualifiees-jo-paris\/\" \/>\n<meta property=\"og:locale\" content=\"fr_FR\" \/>\n<meta property=\"og:type\" content=\"article\" \/>\n<meta property=\"og:title\" content=\"Dix entreprises belges qualifi\u00e9es pour les JO de Paris | Forbes Belgique\" \/>\n<meta property=\"og:description\" content=\"Plusieurs entreprises belges participeront aux Jeux Olympiques de Paris. S\u00e9lection de dix entreprises d\u2019ores et d\u00e9j\u00e0 qualifi\u00e9es.\" \/>\n<meta property=\"og:url\" content=\"https:\/\/www.forbes.be\/fr\/dix-entreprises-belges-qualifiees-jo-paris\/\" \/>\n<meta property=\"og:site_name\" content=\"Forbes Belgique\" \/>\n<meta property=\"article:publisher\" content=\"https:\/\/www.facebook.com\/forbesbelgique\/\" \/>\n<meta property=\"article:published_time\" content=\"2024-07-11T05:00:12+00:00\" \/>\n<meta property=\"article:modified_time\" content=\"2024-07-17T08:29:11+00:00\" \/>\n<meta property=\"og:image\" content=\"https:\/\/www.forbes.be\/fr\/wp-content\/uploads\/2024\/07\/Forbes_shutterstock_2327753655-scaled-e1721204935165.jpg\" \/>\n\t<meta property=\"og:image:width\" content=\"2560\" \/>\n\t<meta property=\"og:image:height\" content=\"1339\" \/>\n\t<meta property=\"og:image:type\" content=\"image\/jpeg\" \/>\n<meta name=\"author\" content=\"Lieven Desmet\" \/>\n<meta name=\"twitter:card\" content=\"summary_large_image\" \/>\n<meta name=\"twitter:label1\" content=\"\u00c9crit par\" \/>\n\t<meta name=\"twitter:data1\" content=\"Lieven Desmet\" \/>\n\t<meta name=\"twitter:label2\" content=\"Dur\u00e9e de lecture estim\u00e9e\" \/>\n\t<meta name=\"twitter:data2\" content=\"11 minutes\" \/>\n<script type=\"application\/ld+json\" class=\"yoast-schema-graph\">{\"@context\":\"https:\\\/\\\/schema.org\",\"@graph\":[{\"@type\":\"NewsArticle\",\"@id\":\"https:\\\/\\\/www.forbes.be\\\/fr\\\/dix-entreprises-belges-qualifiees-jo-paris\\\/#article\",\"isPartOf\":{\"@id\":\"https:\\\/\\\/www.forbes.be\\\/fr\\\/dix-entreprises-belges-qualifiees-jo-paris\\\/\"},\"author\":{\"name\":\"Lieven Desmet\",\"@id\":\"https:\\\/\\\/www.forbes.be\\\/fr\\\/#\\\/schema\\\/person\\\/87d98a9bc7c6fb6996cabbdf269dd70a\"},\"headline\":\"Dix entreprises belges qualifi\u00e9es pour les JO de Paris\",\"datePublished\":\"2024-07-11T05:00:12+00:00\",\"dateModified\":\"2024-07-17T08:29:11+00:00\",\"mainEntityOfPage\":{\"@id\":\"https:\\\/\\\/www.forbes.be\\\/fr\\\/dix-entreprises-belges-qualifiees-jo-paris\\\/\"},\"wordCount\":2129,\"publisher\":{\"@id\":\"https:\\\/\\\/www.forbes.be\\\/fr\\\/#organization\"},\"image\":{\"@id\":\"https:\\\/\\\/www.forbes.be\\\/fr\\\/dix-entreprises-belges-qualifiees-jo-paris\\\/#primaryimage\"},\"thumbnailUrl\":\"https:\\\/\\\/www.forbes.be\\\/fr\\\/wp-content\\\/uploads\\\/2024\\\/07\\\/Forbes_shutterstock_2327753655-scaled-e1721204935165.jpg\",\"articleSection\":[\"Actualit\u00e9s\"],\"inLanguage\":\"fr-FR\"},{\"@type\":\"WebPage\",\"@id\":\"https:\\\/\\\/www.forbes.be\\\/fr\\\/dix-entreprises-belges-qualifiees-jo-paris\\\/\",\"url\":\"https:\\\/\\\/www.forbes.be\\\/fr\\\/dix-entreprises-belges-qualifiees-jo-paris\\\/\",\"name\":\"Dix entreprises belges qualifi\u00e9es pour les JO de Paris | Forbes Belgique\",\"isPartOf\":{\"@id\":\"https:\\\/\\\/www.forbes.be\\\/fr\\\/#website\"},\"primaryImageOfPage\":{\"@id\":\"https:\\\/\\\/www.forbes.be\\\/fr\\\/dix-entreprises-belges-qualifiees-jo-paris\\\/#primaryimage\"},\"image\":{\"@id\":\"https:\\\/\\\/www.forbes.be\\\/fr\\\/dix-entreprises-belges-qualifiees-jo-paris\\\/#primaryimage\"},\"thumbnailUrl\":\"https:\\\/\\\/www.forbes.be\\\/fr\\\/wp-content\\\/uploads\\\/2024\\\/07\\\/Forbes_shutterstock_2327753655-scaled-e1721204935165.jpg\",\"datePublished\":\"2024-07-11T05:00:12+00:00\",\"dateModified\":\"2024-07-17T08:29:11+00:00\",\"description\":\"Plusieurs entreprises belges participeront aux Jeux Olympiques de Paris. S\u00e9lection de dix entreprises d\u2019ores et d\u00e9j\u00e0 qualifi\u00e9es.\",\"breadcrumb\":{\"@id\":\"https:\\\/\\\/www.forbes.be\\\/fr\\\/dix-entreprises-belges-qualifiees-jo-paris\\\/#breadcrumb\"},\"inLanguage\":\"fr-FR\",\"potentialAction\":[{\"@type\":\"ReadAction\",\"target\":[\"https:\\\/\\\/www.forbes.be\\\/fr\\\/dix-entreprises-belges-qualifiees-jo-paris\\\/\"]}]},{\"@type\":\"ImageObject\",\"inLanguage\":\"fr-FR\",\"@id\":\"https:\\\/\\\/www.forbes.be\\\/fr\\\/dix-entreprises-belges-qualifiees-jo-paris\\\/#primaryimage\",\"url\":\"https:\\\/\\\/www.forbes.be\\\/fr\\\/wp-content\\\/uploads\\\/2024\\\/07\\\/Forbes_shutterstock_2327753655-scaled-e1721204935165.jpg\",\"contentUrl\":\"https:\\\/\\\/www.forbes.be\\\/fr\\\/wp-content\\\/uploads\\\/2024\\\/07\\\/Forbes_shutterstock_2327753655-scaled-e1721204935165.jpg\",\"width\":2560,\"height\":1339,\"caption\":\"\u00a9 Shutterstock\"},{\"@type\":\"BreadcrumbList\",\"@id\":\"https:\\\/\\\/www.forbes.be\\\/fr\\\/dix-entreprises-belges-qualifiees-jo-paris\\\/#breadcrumb\",\"itemListElement\":[{\"@type\":\"ListItem\",\"position\":1,\"name\":\"Accueil\",\"item\":\"https:\\\/\\\/www.forbes.be\\\/fr\\\/\"},{\"@type\":\"ListItem\",\"position\":2,\"name\":\"Dix entreprises belges qualifi\u00e9es pour les JO de Paris\"}]},{\"@type\":\"WebSite\",\"@id\":\"https:\\\/\\\/www.forbes.be\\\/fr\\\/#website\",\"url\":\"https:\\\/\\\/www.forbes.be\\\/fr\\\/\",\"name\":\"Forbes Belgique\",\"description\":\"\",\"publisher\":{\"@id\":\"https:\\\/\\\/www.forbes.be\\\/fr\\\/#organization\"},\"potentialAction\":[{\"@type\":\"SearchAction\",\"target\":{\"@type\":\"EntryPoint\",\"urlTemplate\":\"https:\\\/\\\/www.forbes.be\\\/fr\\\/?s={search_term_string}\"},\"query-input\":{\"@type\":\"PropertyValueSpecification\",\"valueRequired\":true,\"valueName\":\"search_term_string\"}}],\"inLanguage\":\"fr-FR\"},{\"@type\":\"Organization\",\"@id\":\"https:\\\/\\\/www.forbes.be\\\/fr\\\/#organization\",\"name\":\"Forbes Belgique\",\"url\":\"https:\\\/\\\/www.forbes.be\\\/fr\\\/\",\"logo\":{\"@type\":\"ImageObject\",\"inLanguage\":\"fr-FR\",\"@id\":\"https:\\\/\\\/www.forbes.be\\\/fr\\\/#\\\/schema\\\/logo\\\/image\\\/\",\"url\":\"https:\\\/\\\/www.forbes.be\\\/fr\\\/wp-content\\\/uploads\\\/2024\\\/02\\\/forbes.be_.png\",\"contentUrl\":\"https:\\\/\\\/www.forbes.be\\\/fr\\\/wp-content\\\/uploads\\\/2024\\\/02\\\/forbes.be_.png\",\"width\":1200,\"height\":675,\"caption\":\"Forbes Belgique\"},\"image\":{\"@id\":\"https:\\\/\\\/www.forbes.be\\\/fr\\\/#\\\/schema\\\/logo\\\/image\\\/\"},\"sameAs\":[\"https:\\\/\\\/www.facebook.com\\\/forbesbelgique\\\/\",\"https:\\\/\\\/www.instagram.com\\\/Forbes_Belgium\",\"https:\\\/\\\/www.linkedin.com\\\/company\\\/forbes-belgium\\\/\"]},{\"@type\":\"Person\",\"@id\":\"https:\\\/\\\/www.forbes.be\\\/fr\\\/#\\\/schema\\\/person\\\/87d98a9bc7c6fb6996cabbdf269dd70a\",\"name\":\"Lieven Desmet\",\"image\":{\"@type\":\"ImageObject\",\"inLanguage\":\"fr-FR\",\"@id\":\"https:\\\/\\\/www.forbes.be\\\/fr\\\/wp-content\\\/uploads\\\/2024\\\/01\\\/65-150x150.jpg\",\"url\":\"https:\\\/\\\/www.forbes.be\\\/fr\\\/wp-content\\\/uploads\\\/2024\\\/01\\\/65-150x150.jpg\",\"contentUrl\":\"https:\\\/\\\/www.forbes.be\\\/fr\\\/wp-content\\\/uploads\\\/2024\\\/01\\\/65-150x150.jpg\",\"caption\":\"Lieven Desmet\"},\"url\":\"https:\\\/\\\/www.forbes.be\\\/fr\\\/author\\\/lieven-desmet\\\/\"}]}<\/script>\n<!-- \/ Yoast SEO plugin. -->","yoast_head_json":{"title":"Dix entreprises belges qualifi\u00e9es pour les JO de Paris | Forbes Belgique","description":"Plusieurs entreprises belges participeront aux Jeux Olympiques de Paris. S\u00e9lection de dix entreprises d\u2019ores et d\u00e9j\u00e0 qualifi\u00e9es.","robots":{"index":"index","follow":"follow","max-snippet":"max-snippet:-1","max-image-preview":"max-image-preview:large","max-video-preview":"max-video-preview:-1"},"canonical":"https:\/\/www.forbes.be\/fr\/dix-entreprises-belges-qualifiees-jo-paris\/","og_locale":"fr_FR","og_type":"article","og_title":"Dix entreprises belges qualifi\u00e9es pour les JO de Paris | Forbes Belgique","og_description":"Plusieurs entreprises belges participeront aux Jeux Olympiques de Paris. S\u00e9lection de dix entreprises d\u2019ores et d\u00e9j\u00e0 qualifi\u00e9es.","og_url":"https:\/\/www.forbes.be\/fr\/dix-entreprises-belges-qualifiees-jo-paris\/","og_site_name":"Forbes Belgique","article_publisher":"https:\/\/www.facebook.com\/forbesbelgique\/","article_published_time":"2024-07-11T05:00:12+00:00","article_modified_time":"2024-07-17T08:29:11+00:00","og_image":[{"width":2560,"height":1339,"url":"https:\/\/www.forbes.be\/fr\/wp-content\/uploads\/2024\/07\/Forbes_shutterstock_2327753655-scaled-e1721204935165.jpg","type":"image\/jpeg"}],"author":"Lieven Desmet","twitter_card":"summary_large_image","twitter_misc":{"\u00c9crit par":"Lieven Desmet","Dur\u00e9e de lecture estim\u00e9e":"11 minutes"},"schema":{"@context":"https:\/\/schema.org","@graph":[{"@type":"NewsArticle","@id":"https:\/\/www.forbes.be\/fr\/dix-entreprises-belges-qualifiees-jo-paris\/#article","isPartOf":{"@id":"https:\/\/www.forbes.be\/fr\/dix-entreprises-belges-qualifiees-jo-paris\/"},"author":{"name":"Lieven Desmet","@id":"https:\/\/www.forbes.be\/fr\/#\/schema\/person\/87d98a9bc7c6fb6996cabbdf269dd70a"},"headline":"Dix entreprises belges qualifi\u00e9es pour les JO de Paris","datePublished":"2024-07-11T05:00:12+00:00","dateModified":"2024-07-17T08:29:11+00:00","mainEntityOfPage":{"@id":"https:\/\/www.forbes.be\/fr\/dix-entreprises-belges-qualifiees-jo-paris\/"},"wordCount":2129,"publisher":{"@id":"https:\/\/www.forbes.be\/fr\/#organization"},"image":{"@id":"https:\/\/www.forbes.be\/fr\/dix-entreprises-belges-qualifiees-jo-paris\/#primaryimage"},"thumbnailUrl":"https:\/\/www.forbes.be\/fr\/wp-content\/uploads\/2024\/07\/Forbes_shutterstock_2327753655-scaled-e1721204935165.jpg","articleSection":["Actualit\u00e9s"],"inLanguage":"fr-FR"},{"@type":"WebPage","@id":"https:\/\/www.forbes.be\/fr\/dix-entreprises-belges-qualifiees-jo-paris\/","url":"https:\/\/www.forbes.be\/fr\/dix-entreprises-belges-qualifiees-jo-paris\/","name":"Dix entreprises belges qualifi\u00e9es pour les JO de Paris | Forbes Belgique","isPartOf":{"@id":"https:\/\/www.forbes.be\/fr\/#website"},"primaryImageOfPage":{"@id":"https:\/\/www.forbes.be\/fr\/dix-entreprises-belges-qualifiees-jo-paris\/#primaryimage"},"image":{"@id":"https:\/\/www.forbes.be\/fr\/dix-entreprises-belges-qualifiees-jo-paris\/#primaryimage"},"thumbnailUrl":"https:\/\/www.forbes.be\/fr\/wp-content\/uploads\/2024\/07\/Forbes_shutterstock_2327753655-scaled-e1721204935165.jpg","datePublished":"2024-07-11T05:00:12+00:00","dateModified":"2024-07-17T08:29:11+00:00","description":"Plusieurs entreprises belges participeront aux Jeux Olympiques de Paris. S\u00e9lection de dix entreprises d\u2019ores et d\u00e9j\u00e0 qualifi\u00e9es.","breadcrumb":{"@id":"https:\/\/www.forbes.be\/fr\/dix-entreprises-belges-qualifiees-jo-paris\/#breadcrumb"},"inLanguage":"fr-FR","potentialAction":[{"@type":"ReadAction","target":["https:\/\/www.forbes.be\/fr\/dix-entreprises-belges-qualifiees-jo-paris\/"]}]},{"@type":"ImageObject","inLanguage":"fr-FR","@id":"https:\/\/www.forbes.be\/fr\/dix-entreprises-belges-qualifiees-jo-paris\/#primaryimage","url":"https:\/\/www.forbes.be\/fr\/wp-content\/uploads\/2024\/07\/Forbes_shutterstock_2327753655-scaled-e1721204935165.jpg","contentUrl":"https:\/\/www.forbes.be\/fr\/wp-content\/uploads\/2024\/07\/Forbes_shutterstock_2327753655-scaled-e1721204935165.jpg","width":2560,"height":1339,"caption":"\u00a9 Shutterstock"},{"@type":"BreadcrumbList","@id":"https:\/\/www.forbes.be\/fr\/dix-entreprises-belges-qualifiees-jo-paris\/#breadcrumb","itemListElement":[{"@type":"ListItem","position":1,"name":"Accueil","item":"https:\/\/www.forbes.be\/fr\/"},{"@type":"ListItem","position":2,"name":"Dix entreprises belges qualifi\u00e9es pour les JO de Paris"}]},{"@type":"WebSite","@id":"https:\/\/www.forbes.be\/fr\/#website","url":"https:\/\/www.forbes.be\/fr\/","name":"Forbes Belgique","description":"","publisher":{"@id":"https:\/\/www.forbes.be\/fr\/#organization"},"potentialAction":[{"@type":"SearchAction","target":{"@type":"EntryPoint","urlTemplate":"https:\/\/www.forbes.be\/fr\/?s={search_term_string}"},"query-input":{"@type":"PropertyValueSpecification","valueRequired":true,"valueName":"search_term_string"}}],"inLanguage":"fr-FR"},{"@type":"Organization","@id":"https:\/\/www.forbes.be\/fr\/#organization","name":"Forbes Belgique","url":"https:\/\/www.forbes.be\/fr\/","logo":{"@type":"ImageObject","inLanguage":"fr-FR","@id":"https:\/\/www.forbes.be\/fr\/#\/schema\/logo\/image\/","url":"https:\/\/www.forbes.be\/fr\/wp-content\/uploads\/2024\/02\/forbes.be_.png","contentUrl":"https:\/\/www.forbes.be\/fr\/wp-content\/uploads\/2024\/02\/forbes.be_.png","width":1200,"height":675,"caption":"Forbes Belgique"},"image":{"@id":"https:\/\/www.forbes.be\/fr\/#\/schema\/logo\/image\/"},"sameAs":["https:\/\/www.facebook.com\/forbesbelgique\/","https:\/\/www.instagram.com\/Forbes_Belgium","https:\/\/www.linkedin.com\/company\/forbes-belgium\/"]},{"@type":"Person","@id":"https:\/\/www.forbes.be\/fr\/#\/schema\/person\/87d98a9bc7c6fb6996cabbdf269dd70a","name":"Lieven Desmet","image":{"@type":"ImageObject","inLanguage":"fr-FR","@id":"https:\/\/www.forbes.be\/fr\/wp-content\/uploads\/2024\/01\/65-150x150.jpg","url":"https:\/\/www.forbes.be\/fr\/wp-content\/uploads\/2024\/01\/65-150x150.jpg","contentUrl":"https:\/\/www.forbes.be\/fr\/wp-content\/uploads\/2024\/01\/65-150x150.jpg","caption":"Lieven Desmet"},"url":"https:\/\/www.forbes.be\/fr\/author\/lieven-desmet\/"}]}},"_links":{"self":[{"href":"https:\/\/www.forbes.be\/fr\/wp-json\/wp\/v2\/posts\/3877","targetHints":{"allow":["GET"]}}],"collection":[{"href":"https:\/\/www.forbes.be\/fr\/wp-json\/wp\/v2\/posts"}],"about":[{"href":"https:\/\/www.forbes.be\/fr\/wp-json\/wp\/v2\/types\/post"}],"author":[{"embeddable":true,"href":"https:\/\/www.forbes.be\/fr\/wp-json\/wp\/v2\/users\/12"}],"replies":[{"embeddable":true,"href":"https:\/\/www.forbes.be\/fr\/wp-json\/wp\/v2\/comments?post=3877"}],"version-history":[{"count":2,"href":"https:\/\/www.forbes.be\/fr\/wp-json\/wp\/v2\/posts\/3877\/revisions"}],"predecessor-version":[{"id":3998,"href":"https:\/\/www.forbes.be\/fr\/wp-json\/wp\/v2\/posts\/3877\/revisions\/3998"}],"wp:featuredmedia":[{"embeddable":true,"href":"https:\/\/www.forbes.be\/fr\/wp-json\/wp\/v2\/media\/3878"}],"wp:attachment":[{"href":"https:\/\/www.forbes.be\/fr\/wp-json\/wp\/v2\/media?parent=3877"}],"wp:term":[{"taxonomy":"category","embeddable":true,"href":"https:\/\/www.forbes.be\/fr\/wp-json\/wp\/v2\/categories?post=3877"},{"taxonomy":"post_tag","embeddable":true,"href":"https:\/\/www.forbes.be\/fr\/wp-json\/wp\/v2\/tags?post=3877"}],"curies":[{"name":"wp","href":"https:\/\/api.w.org\/{rel}","templated":true}]}}