{"id":4172,"date":"2024-08-02T07:00:34","date_gmt":"2024-08-02T05:00:34","guid":{"rendered":"https:\/\/www.forbes.be\/fr\/?p=4172"},"modified":"2024-08-01T16:23:33","modified_gmt":"2024-08-01T14:23:33","slug":"marchands-dart-le-spf-economie-recale-par-la-cour-dappel","status":"publish","type":"post","link":"https:\/\/www.forbes.be\/fr\/marchands-dart-le-spf-economie-recale-par-la-cour-dappel\/","title":{"rendered":"Marchands d\u2019art\u00a0: le SPF Economie recal\u00e9 par la Cour d\u2019Appel"},"content":{"rendered":"<p><strong>Yves-Bernard Debie est avocat bruxellois international, sp\u00e9cialiste du monde <\/strong><strong>de l\u2019art. Trois arr\u00eats de la Cour d\u2019appel de Bruxelles feront date. Il nous en<\/strong><br \/>\n<strong>explique les enjeux.<\/strong><\/p>\n<h2>Qu\u2019apportent ces d\u00e9cisions ?<\/h2>\n<p>Ces trois arr\u00eats cons\u00e9cutifs rendus les 4, 25 et 26 juin par la Cour<br \/>\nd\u2019appel de Bruxelles (chambre des mises en accusation) sanctionnent s\u00e9v\u00e8rement<br \/>\nles proc\u00e9dures engag\u00e9es par la <a href=\"https:\/\/economie.fgov.be\/fr\/propos-du-spf\/organisation\/organigrammes\/la-direction-generale-de\">Direction g\u00e9n\u00e9rale de l\u2019Inspection \u00e9conomique<\/a> (la<br \/>\nDGIE) \u00e0 l\u2019encontre des marchands d\u2019art antiques de Bruxelles et de leurs<br \/>\ncollectionneurs.<\/p>\n<p>En janvier 2020, la DGIE, forte de pr\u00e9rogatives ant\u00e9rieurement confi\u00e9es \u00e0 la cellule \u00ab<br \/>\nArt \u00bb de la Police f\u00e9d\u00e9rale, avait organis\u00e9 une descente brutale et savamment<br \/>\nm\u00e9diatis\u00e9e, au m\u00e9pris du secret de l\u2019information et de l\u2019instruction, lors de la <a href=\"https:\/\/www.brafa.art\/fr\">BRAFA<\/a><br \/>\n(Brussels Art Fair). Usant et abusant de ses pouvoirs d\u2019investigation et de contrainte,<br \/>\nla DGIE a suivi un sch\u00e9ma bien arr\u00eat\u00e9 : saisies, interrogatoires, photos prises sur les<br \/>\nstands, transmission d\u2019informations aux pays pr\u00e9tendument d\u2019origine, invitation \u00e0<br \/>\nrevendiquer des \u0153uvres forc\u00e9ment pill\u00e9es. Les inspecteurs, ne se bornant pas aux<br \/>\ncimaises de la BRAFA, poursuivraient leur croisade dans les galeries du Sablon et<br \/>\nles salons des collectionneurs.<\/p>\n<h2>Quelle \u00e9tait leur logique ?<\/h2>\n<p>Rien ne pouvait les convaincre de la l\u00e9galit\u00e9 de ces \u0153uvres. Toute antiquit\u00e9<br \/>\n\u00e9tait forc\u00e9ment pill\u00e9e et, si elle provenait du Moyen-Orient, ce \u00ab pillage \u00bb avait<br \/>\nforc\u00e9ment financ\u00e9 le terrorisme via une organisation criminelle internationale dont<br \/>\ntoutes les \u00e9tudes, notamment un rapport du Tr\u00e9sor am\u00e9ricain (2022), d\u00e9montrent<br \/>\nl\u2019inexistence et souligne : \u00ab\u00a0 l&rsquo;utilisation peu fr\u00e9quente d&rsquo;esp\u00e8ces sur le march\u00e9 de<br \/>\nl&rsquo;art et les obligations des entit\u00e9s financi\u00e8res et commerciales font du march\u00e9<br \/>\ninstitutionnel de l&rsquo;art un mauvais vecteur pour le blanchiment de produits illicites \u00bb.<br \/>\nCirconstance aggravante\u00a0: la m\u00e9connaissance historique de nos inspecteurs, pour<br \/>\nqui toute \u0153uvre romaine \u00e9tait forc\u00e9ment italienne et pill\u00e9e, oubliant que l\u2019empire<br \/>\nromain, \u00e0 son apog\u00e9e, englobait presque toute notre Union europ\u00e9enne et le Moyen-<br \/>\nOrient ou que des pharaons \u00ab noirs \u00bb avaient pr\u00e9sid\u00e9 aux destin\u00e9es de l\u2019\u00c9gypte,<br \/>\ndepuis ce qui est aujourd\u2019hui le Soudan.<\/p>\n<h2>Quelles ont \u00e9t\u00e9 les cons\u00e9quences ?<\/h2>\n<p>Parquet et juges d\u2019instruction, habitu\u00e9s \u00e0 des enqu\u00eates professionnelles, s\u2019\u00e9taient<br \/>\nlaiss\u00e9s convaincre par ces inspecteurs d\u2019ordonner des mesures d\u2019enqu\u00eate sans<br \/>\npouvoir mesurer, faute de temps et de moyens, le d\u00e9tournement de proc\u00e9dure dont<br \/>\nils \u00e9taient victimes, au m\u00eame titre que les marchands, \u00e0 un degr\u00e9 diff\u00e9rent.<\/p>\n<p>Les pays \u00ab sources \u00bb, autoris\u00e9s \u00e0 revendiquer sans titre ni droit des \u0153uvres pourtant<br \/>\nd\u00e9tenues en collection en totale l\u00e9galit\u00e9, ont flair\u00e9 l\u2019aubaine. Le message des<br \/>\ninspecteurs de la DGIE semblait clair : revendiquez la propri\u00e9t\u00e9 de tel masque ou de<br \/>\ntel vase en vous appuyant sur des instruments l\u00e9gaux internationaux cens\u00e9s faciliter<br \/>\nl\u2019entraide judiciaire et nous vous l\u2019accorderons. D\u00e8s lors, comment bl\u00e2mer l\u2019\u00c9gypte<br \/>\nou l\u2019Italie, puisque c\u2019\u00e9tait \u00ab open bar \u00bb ?<\/p>\n<h2>Qu\u2019ont fait les magistrats ?<\/h2>\n<p>La pugnacit\u00e9 des marchands et collectionneurs et la rigueur des magistrats de la<br \/>\nCour d\u2019appel de Bruxelles, \u00e9clair\u00e9s par des r\u00e9quisitions tr\u00e8s justes d\u2019une procureure<br \/>\nf\u00e9d\u00e9rale, a eu raison de ce viol de toutes les r\u00e8gles de la propri\u00e9t\u00e9, des r\u00e8glements<br \/>\ninternationaux et des droits fondamentaux. Suivant en cela un arr\u00eat tr\u00e8s ferme de la<br \/>\nCour d\u2019appel de Berlin du 7 f\u00e9vrier 2020, relevant et sanctionnant les revendications<br \/>\ndouteuses de l\u2019Italie en mati\u00e8re d\u2019\u0153uvres antiques, les magistrats de la chambre des<br \/>\nmises en accusation ont rappel\u00e9 le droit qui s\u2019attache aux demandes d\u2019entraide<br \/>\ninternationale, constat\u00e9 les irr\u00e9gularit\u00e9s de proc\u00e9dure, refus\u00e9 les restitutions<br \/>\nsollicit\u00e9es, lev\u00e9 les saisies et rendu les \u0153uvres \u00e0 leurs propri\u00e9taires.\u00a0En outre, dans<br \/>\nson arr\u00eat du 26 juin, la chambre des mises en accusation, modifiant sa jurisprudence,<br \/>\npermet d\u00e9sormais \u00e0 un marchand d\u2019art, en sa qualit\u00e9 de d\u00e9positaire, et non plus<br \/>\nseulement \u00e0 son propri\u00e9taire, de solliciter la mainlev\u00e9e de la saisie d\u2019un bien confi\u00e9 \u00e0<br \/>\nla vente par un collectionneur.<\/p>\n<figure id=\"attachment_4176\" aria-describedby=\"caption-attachment-4176\" style=\"width: 684px\" class=\"wp-caption aligncenter\"><img loading=\"lazy\" decoding=\"async\" class=\"wp-image-4176 size-large\" src=\"https:\/\/www.forbes.be\/fr\/wp-content\/uploads\/2024\/08\/Debie-@-JFHG8451-2-684x1024.jpg\" alt=\"Yves-Bernard Debie \" width=\"684\" height=\"1024\" srcset=\"https:\/\/www.forbes.be\/fr\/wp-content\/uploads\/2024\/08\/Debie-@-JFHG8451-2-684x1024.jpg 684w, https:\/\/www.forbes.be\/fr\/wp-content\/uploads\/2024\/08\/Debie-@-JFHG8451-2-200x300.jpg 200w, https:\/\/www.forbes.be\/fr\/wp-content\/uploads\/2024\/08\/Debie-@-JFHG8451-2-768x1150.jpg 768w, https:\/\/www.forbes.be\/fr\/wp-content\/uploads\/2024\/08\/Debie-@-JFHG8451-2-1026x1536.jpg 1026w, https:\/\/www.forbes.be\/fr\/wp-content\/uploads\/2024\/08\/Debie-@-JFHG8451-2-1368x2048.jpg 1368w, https:\/\/www.forbes.be\/fr\/wp-content\/uploads\/2024\/08\/Debie-@-JFHG8451-2-696x1042.jpg 696w, https:\/\/www.forbes.be\/fr\/wp-content\/uploads\/2024\/08\/Debie-@-JFHG8451-2-1068x1599.jpg 1068w, https:\/\/www.forbes.be\/fr\/wp-content\/uploads\/2024\/08\/Debie-@-JFHG8451-2-1920x2874.jpg 1920w, https:\/\/www.forbes.be\/fr\/wp-content\/uploads\/2024\/08\/Debie-@-JFHG8451-2-600x898.jpg 600w, https:\/\/www.forbes.be\/fr\/wp-content\/uploads\/2024\/08\/Debie-@-JFHG8451-2-scaled.jpg 1710w\" sizes=\"auto, (max-width: 684px) 100vw, 684px\" \/><figcaption id=\"caption-attachment-4176\" class=\"wp-caption-text\">Yves-Bernard Debie \u00a9 JF Hel Guedj<\/figcaption><\/figure>\n","protected":false},"excerpt":{"rendered":"<p>Yves-Bernard Debie est avocat bruxellois international, sp\u00e9cialiste du monde de l\u2019art. Trois arr\u00eats de la Cour d\u2019appel de Bruxelles feront date. Il nous en explique les enjeux. Qu\u2019apportent ces d\u00e9cisions ? Ces trois arr\u00eats cons\u00e9cutifs rendus les 4, 25 et 26 juin par la Cour d\u2019appel de Bruxelles (chambre des mises en accusation) sanctionnent s\u00e9v\u00e8rement [&hellip;]<\/p>\n","protected":false},"author":27,"featured_media":4179,"comment_status":"closed","ping_status":"closed","sticky":false,"template":"","format":"standard","meta":{"_acf_changed":false,"inline_featured_image":false,"footnotes":""},"categories":[1],"tags":[],"class_list":{"0":"post-4172","1":"post","2":"type-post","3":"status-publish","4":"format-standard","5":"has-post-thumbnail","7":"category-actualite"},"acf":[],"_yoast_wpseo_title":null,"_yoast_wpseo_metadesc":"Yves-Bernard Debie est avocat sp\u00e9cialiste du monde de l\u2019art. Trois arr\u00eats de la Cour d\u2019appel de Bruxelles feront date.","auteur_traducteur":"","yoast_head":"<!-- This site is optimized with the Yoast SEO plugin v27.4 - https:\/\/yoast.com\/product\/yoast-seo-wordpress\/ -->\n<title>Marchands d\u2019art\u00a0: le SPF Economie recal\u00e9 par la Cour d\u2019Appel | Forbes Belgique<\/title>\n<meta name=\"description\" content=\"Yves-Bernard Debie est avocat sp\u00e9cialiste du monde de l\u2019art. Trois arr\u00eats de la Cour d\u2019appel de Bruxelles feront date.\" \/>\n<meta name=\"robots\" content=\"index, follow, max-snippet:-1, max-image-preview:large, max-video-preview:-1\" \/>\n<link rel=\"canonical\" href=\"https:\/\/www.forbes.be\/fr\/marchands-dart-le-spf-economie-recale-par-la-cour-dappel\/\" \/>\n<meta property=\"og:locale\" content=\"fr_FR\" \/>\n<meta property=\"og:type\" content=\"article\" \/>\n<meta property=\"og:title\" content=\"Marchands d\u2019art\u00a0: le SPF Economie recal\u00e9 par la Cour d\u2019Appel | Forbes Belgique\" \/>\n<meta property=\"og:description\" content=\"Yves-Bernard Debie est avocat sp\u00e9cialiste du monde de l\u2019art. Trois arr\u00eats de la Cour d\u2019appel de Bruxelles feront date.\" \/>\n<meta property=\"og:url\" content=\"https:\/\/www.forbes.be\/fr\/marchands-dart-le-spf-economie-recale-par-la-cour-dappel\/\" \/>\n<meta property=\"og:site_name\" content=\"Forbes Belgique\" \/>\n<meta property=\"article:publisher\" content=\"https:\/\/www.facebook.com\/forbesbelgique\/\" \/>\n<meta property=\"article:published_time\" content=\"2024-08-02T05:00:34+00:00\" \/>\n<meta property=\"og:image\" content=\"https:\/\/www.forbes.be\/fr\/wp-content\/uploads\/2024\/08\/unnamed-2-scaled-1.jpg\" \/>\n\t<meta property=\"og:image:width\" content=\"1200\" \/>\n\t<meta property=\"og:image:height\" content=\"628\" \/>\n\t<meta property=\"og:image:type\" content=\"image\/jpeg\" \/>\n<meta name=\"author\" content=\"Johan-Fr\u00e9d\u00e9rik Hel Guedj\" \/>\n<meta name=\"twitter:card\" content=\"summary_large_image\" \/>\n<meta name=\"twitter:label1\" content=\"\u00c9crit par\" \/>\n\t<meta name=\"twitter:data1\" content=\"Johan-Fr\u00e9d\u00e9rik Hel Guedj\" \/>\n\t<meta name=\"twitter:label2\" content=\"Dur\u00e9e de lecture estim\u00e9e\" \/>\n\t<meta name=\"twitter:data2\" content=\"4 minutes\" \/>\n<script type=\"application\/ld+json\" class=\"yoast-schema-graph\">{\"@context\":\"https:\\\/\\\/schema.org\",\"@graph\":[{\"@type\":\"NewsArticle\",\"@id\":\"https:\\\/\\\/www.forbes.be\\\/fr\\\/marchands-dart-le-spf-economie-recale-par-la-cour-dappel\\\/#article\",\"isPartOf\":{\"@id\":\"https:\\\/\\\/www.forbes.be\\\/fr\\\/marchands-dart-le-spf-economie-recale-par-la-cour-dappel\\\/\"},\"author\":{\"name\":\"Johan-Fr\u00e9d\u00e9rik Hel Guedj\",\"@id\":\"https:\\\/\\\/www.forbes.be\\\/fr\\\/#\\\/schema\\\/person\\\/ad1bb0e83419af89356b7b11a6622c80\"},\"headline\":\"Marchands d\u2019art\u00a0: le SPF Economie recal\u00e9 par la Cour d\u2019Appel\",\"datePublished\":\"2024-08-02T05:00:34+00:00\",\"mainEntityOfPage\":{\"@id\":\"https:\\\/\\\/www.forbes.be\\\/fr\\\/marchands-dart-le-spf-economie-recale-par-la-cour-dappel\\\/\"},\"wordCount\":729,\"publisher\":{\"@id\":\"https:\\\/\\\/www.forbes.be\\\/fr\\\/#organization\"},\"image\":{\"@id\":\"https:\\\/\\\/www.forbes.be\\\/fr\\\/marchands-dart-le-spf-economie-recale-par-la-cour-dappel\\\/#primaryimage\"},\"thumbnailUrl\":\"https:\\\/\\\/www.forbes.be\\\/fr\\\/wp-content\\\/uploads\\\/2024\\\/08\\\/unnamed-2-scaled-1.jpg\",\"articleSection\":[\"Actualit\u00e9s\"],\"inLanguage\":\"fr-FR\"},{\"@type\":\"WebPage\",\"@id\":\"https:\\\/\\\/www.forbes.be\\\/fr\\\/marchands-dart-le-spf-economie-recale-par-la-cour-dappel\\\/\",\"url\":\"https:\\\/\\\/www.forbes.be\\\/fr\\\/marchands-dart-le-spf-economie-recale-par-la-cour-dappel\\\/\",\"name\":\"Marchands d\u2019art\u00a0: le SPF Economie recal\u00e9 par la Cour d\u2019Appel | Forbes Belgique\",\"isPartOf\":{\"@id\":\"https:\\\/\\\/www.forbes.be\\\/fr\\\/#website\"},\"primaryImageOfPage\":{\"@id\":\"https:\\\/\\\/www.forbes.be\\\/fr\\\/marchands-dart-le-spf-economie-recale-par-la-cour-dappel\\\/#primaryimage\"},\"image\":{\"@id\":\"https:\\\/\\\/www.forbes.be\\\/fr\\\/marchands-dart-le-spf-economie-recale-par-la-cour-dappel\\\/#primaryimage\"},\"thumbnailUrl\":\"https:\\\/\\\/www.forbes.be\\\/fr\\\/wp-content\\\/uploads\\\/2024\\\/08\\\/unnamed-2-scaled-1.jpg\",\"datePublished\":\"2024-08-02T05:00:34+00:00\",\"description\":\"Yves-Bernard Debie est avocat sp\u00e9cialiste du monde de l\u2019art. Trois arr\u00eats de la Cour d\u2019appel de Bruxelles feront date.\",\"breadcrumb\":{\"@id\":\"https:\\\/\\\/www.forbes.be\\\/fr\\\/marchands-dart-le-spf-economie-recale-par-la-cour-dappel\\\/#breadcrumb\"},\"inLanguage\":\"fr-FR\",\"potentialAction\":[{\"@type\":\"ReadAction\",\"target\":[\"https:\\\/\\\/www.forbes.be\\\/fr\\\/marchands-dart-le-spf-economie-recale-par-la-cour-dappel\\\/\"]}]},{\"@type\":\"ImageObject\",\"inLanguage\":\"fr-FR\",\"@id\":\"https:\\\/\\\/www.forbes.be\\\/fr\\\/marchands-dart-le-spf-economie-recale-par-la-cour-dappel\\\/#primaryimage\",\"url\":\"https:\\\/\\\/www.forbes.be\\\/fr\\\/wp-content\\\/uploads\\\/2024\\\/08\\\/unnamed-2-scaled-1.jpg\",\"contentUrl\":\"https:\\\/\\\/www.forbes.be\\\/fr\\\/wp-content\\\/uploads\\\/2024\\\/08\\\/unnamed-2-scaled-1.jpg\",\"width\":1200,\"height\":628,\"caption\":\"Yves-Bernard Debie \u00a9 JF Hel Guedj\"},{\"@type\":\"BreadcrumbList\",\"@id\":\"https:\\\/\\\/www.forbes.be\\\/fr\\\/marchands-dart-le-spf-economie-recale-par-la-cour-dappel\\\/#breadcrumb\",\"itemListElement\":[{\"@type\":\"ListItem\",\"position\":1,\"name\":\"Accueil\",\"item\":\"https:\\\/\\\/www.forbes.be\\\/fr\\\/\"},{\"@type\":\"ListItem\",\"position\":2,\"name\":\"Marchands d\u2019art\u00a0: le SPF Economie recal\u00e9 par la Cour d\u2019Appel\"}]},{\"@type\":\"WebSite\",\"@id\":\"https:\\\/\\\/www.forbes.be\\\/fr\\\/#website\",\"url\":\"https:\\\/\\\/www.forbes.be\\\/fr\\\/\",\"name\":\"Forbes Belgique\",\"description\":\"\",\"publisher\":{\"@id\":\"https:\\\/\\\/www.forbes.be\\\/fr\\\/#organization\"},\"potentialAction\":[{\"@type\":\"SearchAction\",\"target\":{\"@type\":\"EntryPoint\",\"urlTemplate\":\"https:\\\/\\\/www.forbes.be\\\/fr\\\/?s={search_term_string}\"},\"query-input\":{\"@type\":\"PropertyValueSpecification\",\"valueRequired\":true,\"valueName\":\"search_term_string\"}}],\"inLanguage\":\"fr-FR\"},{\"@type\":\"Organization\",\"@id\":\"https:\\\/\\\/www.forbes.be\\\/fr\\\/#organization\",\"name\":\"Forbes Belgique\",\"url\":\"https:\\\/\\\/www.forbes.be\\\/fr\\\/\",\"logo\":{\"@type\":\"ImageObject\",\"inLanguage\":\"fr-FR\",\"@id\":\"https:\\\/\\\/www.forbes.be\\\/fr\\\/#\\\/schema\\\/logo\\\/image\\\/\",\"url\":\"https:\\\/\\\/www.forbes.be\\\/fr\\\/wp-content\\\/uploads\\\/2024\\\/02\\\/forbes.be_.png\",\"contentUrl\":\"https:\\\/\\\/www.forbes.be\\\/fr\\\/wp-content\\\/uploads\\\/2024\\\/02\\\/forbes.be_.png\",\"width\":1200,\"height\":675,\"caption\":\"Forbes Belgique\"},\"image\":{\"@id\":\"https:\\\/\\\/www.forbes.be\\\/fr\\\/#\\\/schema\\\/logo\\\/image\\\/\"},\"sameAs\":[\"https:\\\/\\\/www.facebook.com\\\/forbesbelgique\\\/\",\"https:\\\/\\\/www.instagram.com\\\/Forbes_Belgium\",\"https:\\\/\\\/www.linkedin.com\\\/company\\\/forbes-belgium\\\/\"]},{\"@type\":\"Person\",\"@id\":\"https:\\\/\\\/www.forbes.be\\\/fr\\\/#\\\/schema\\\/person\\\/ad1bb0e83419af89356b7b11a6622c80\",\"name\":\"Johan-Fr\u00e9d\u00e9rik Hel Guedj\",\"image\":{\"@type\":\"ImageObject\",\"inLanguage\":\"fr-FR\",\"@id\":\"https:\\\/\\\/secure.gravatar.com\\\/avatar\\\/65333543693434f2cc9fdefb3173b162df98712d00606b00b3d43914f79a1598?s=96&d=mm&r=g\",\"url\":\"https:\\\/\\\/secure.gravatar.com\\\/avatar\\\/65333543693434f2cc9fdefb3173b162df98712d00606b00b3d43914f79a1598?s=96&d=mm&r=g\",\"contentUrl\":\"https:\\\/\\\/secure.gravatar.com\\\/avatar\\\/65333543693434f2cc9fdefb3173b162df98712d00606b00b3d43914f79a1598?s=96&d=mm&r=g\",\"caption\":\"Johan-Fr\u00e9d\u00e9rik Hel Guedj\"},\"description\":\"Johan-Frederik Hel Guedj est journaliste et auteur fran\u00e7ais. R\u00e9dacteur en chef pendant 7 ans de la revue Pouvoirs Locaux, consacr\u00e9e aux politiques culturelles, il a publi\u00e9 huit ouvrages chez des \u00e9diteurs fran\u00e7ais et belges, dont deux romans, un essai consacr\u00e9 \u00e0 Orson Welles, et quatre livres d\u2019art. En plus de Forbes, il collabore \u00e0 L\u2019Echo et au Quotidien de l\u2019Art (Paris).\",\"url\":\"https:\\\/\\\/www.forbes.be\\\/fr\\\/author\\\/johan-frederik-hel-guedj\\\/\"}]}<\/script>\n<!-- \/ Yoast SEO plugin. -->","yoast_head_json":{"title":"Marchands d\u2019art\u00a0: le SPF Economie recal\u00e9 par la Cour d\u2019Appel | Forbes Belgique","description":"Yves-Bernard Debie est avocat sp\u00e9cialiste du monde de l\u2019art. Trois arr\u00eats de la Cour d\u2019appel de Bruxelles feront date.","robots":{"index":"index","follow":"follow","max-snippet":"max-snippet:-1","max-image-preview":"max-image-preview:large","max-video-preview":"max-video-preview:-1"},"canonical":"https:\/\/www.forbes.be\/fr\/marchands-dart-le-spf-economie-recale-par-la-cour-dappel\/","og_locale":"fr_FR","og_type":"article","og_title":"Marchands d\u2019art\u00a0: le SPF Economie recal\u00e9 par la Cour d\u2019Appel | Forbes Belgique","og_description":"Yves-Bernard Debie est avocat sp\u00e9cialiste du monde de l\u2019art. Trois arr\u00eats de la Cour d\u2019appel de Bruxelles feront date.","og_url":"https:\/\/www.forbes.be\/fr\/marchands-dart-le-spf-economie-recale-par-la-cour-dappel\/","og_site_name":"Forbes Belgique","article_publisher":"https:\/\/www.facebook.com\/forbesbelgique\/","article_published_time":"2024-08-02T05:00:34+00:00","og_image":[{"width":1200,"height":628,"url":"https:\/\/www.forbes.be\/fr\/wp-content\/uploads\/2024\/08\/unnamed-2-scaled-1.jpg","type":"image\/jpeg"}],"author":"Johan-Fr\u00e9d\u00e9rik Hel Guedj","twitter_card":"summary_large_image","twitter_misc":{"\u00c9crit par":"Johan-Fr\u00e9d\u00e9rik Hel Guedj","Dur\u00e9e de lecture estim\u00e9e":"4 minutes"},"schema":{"@context":"https:\/\/schema.org","@graph":[{"@type":"NewsArticle","@id":"https:\/\/www.forbes.be\/fr\/marchands-dart-le-spf-economie-recale-par-la-cour-dappel\/#article","isPartOf":{"@id":"https:\/\/www.forbes.be\/fr\/marchands-dart-le-spf-economie-recale-par-la-cour-dappel\/"},"author":{"name":"Johan-Fr\u00e9d\u00e9rik Hel Guedj","@id":"https:\/\/www.forbes.be\/fr\/#\/schema\/person\/ad1bb0e83419af89356b7b11a6622c80"},"headline":"Marchands d\u2019art\u00a0: le SPF Economie recal\u00e9 par la Cour d\u2019Appel","datePublished":"2024-08-02T05:00:34+00:00","mainEntityOfPage":{"@id":"https:\/\/www.forbes.be\/fr\/marchands-dart-le-spf-economie-recale-par-la-cour-dappel\/"},"wordCount":729,"publisher":{"@id":"https:\/\/www.forbes.be\/fr\/#organization"},"image":{"@id":"https:\/\/www.forbes.be\/fr\/marchands-dart-le-spf-economie-recale-par-la-cour-dappel\/#primaryimage"},"thumbnailUrl":"https:\/\/www.forbes.be\/fr\/wp-content\/uploads\/2024\/08\/unnamed-2-scaled-1.jpg","articleSection":["Actualit\u00e9s"],"inLanguage":"fr-FR"},{"@type":"WebPage","@id":"https:\/\/www.forbes.be\/fr\/marchands-dart-le-spf-economie-recale-par-la-cour-dappel\/","url":"https:\/\/www.forbes.be\/fr\/marchands-dart-le-spf-economie-recale-par-la-cour-dappel\/","name":"Marchands d\u2019art\u00a0: le SPF Economie recal\u00e9 par la Cour d\u2019Appel | Forbes Belgique","isPartOf":{"@id":"https:\/\/www.forbes.be\/fr\/#website"},"primaryImageOfPage":{"@id":"https:\/\/www.forbes.be\/fr\/marchands-dart-le-spf-economie-recale-par-la-cour-dappel\/#primaryimage"},"image":{"@id":"https:\/\/www.forbes.be\/fr\/marchands-dart-le-spf-economie-recale-par-la-cour-dappel\/#primaryimage"},"thumbnailUrl":"https:\/\/www.forbes.be\/fr\/wp-content\/uploads\/2024\/08\/unnamed-2-scaled-1.jpg","datePublished":"2024-08-02T05:00:34+00:00","description":"Yves-Bernard Debie est avocat sp\u00e9cialiste du monde de l\u2019art. Trois arr\u00eats de la Cour d\u2019appel de Bruxelles feront date.","breadcrumb":{"@id":"https:\/\/www.forbes.be\/fr\/marchands-dart-le-spf-economie-recale-par-la-cour-dappel\/#breadcrumb"},"inLanguage":"fr-FR","potentialAction":[{"@type":"ReadAction","target":["https:\/\/www.forbes.be\/fr\/marchands-dart-le-spf-economie-recale-par-la-cour-dappel\/"]}]},{"@type":"ImageObject","inLanguage":"fr-FR","@id":"https:\/\/www.forbes.be\/fr\/marchands-dart-le-spf-economie-recale-par-la-cour-dappel\/#primaryimage","url":"https:\/\/www.forbes.be\/fr\/wp-content\/uploads\/2024\/08\/unnamed-2-scaled-1.jpg","contentUrl":"https:\/\/www.forbes.be\/fr\/wp-content\/uploads\/2024\/08\/unnamed-2-scaled-1.jpg","width":1200,"height":628,"caption":"Yves-Bernard Debie \u00a9 JF Hel Guedj"},{"@type":"BreadcrumbList","@id":"https:\/\/www.forbes.be\/fr\/marchands-dart-le-spf-economie-recale-par-la-cour-dappel\/#breadcrumb","itemListElement":[{"@type":"ListItem","position":1,"name":"Accueil","item":"https:\/\/www.forbes.be\/fr\/"},{"@type":"ListItem","position":2,"name":"Marchands d\u2019art\u00a0: le SPF Economie recal\u00e9 par la Cour d\u2019Appel"}]},{"@type":"WebSite","@id":"https:\/\/www.forbes.be\/fr\/#website","url":"https:\/\/www.forbes.be\/fr\/","name":"Forbes Belgique","description":"","publisher":{"@id":"https:\/\/www.forbes.be\/fr\/#organization"},"potentialAction":[{"@type":"SearchAction","target":{"@type":"EntryPoint","urlTemplate":"https:\/\/www.forbes.be\/fr\/?s={search_term_string}"},"query-input":{"@type":"PropertyValueSpecification","valueRequired":true,"valueName":"search_term_string"}}],"inLanguage":"fr-FR"},{"@type":"Organization","@id":"https:\/\/www.forbes.be\/fr\/#organization","name":"Forbes Belgique","url":"https:\/\/www.forbes.be\/fr\/","logo":{"@type":"ImageObject","inLanguage":"fr-FR","@id":"https:\/\/www.forbes.be\/fr\/#\/schema\/logo\/image\/","url":"https:\/\/www.forbes.be\/fr\/wp-content\/uploads\/2024\/02\/forbes.be_.png","contentUrl":"https:\/\/www.forbes.be\/fr\/wp-content\/uploads\/2024\/02\/forbes.be_.png","width":1200,"height":675,"caption":"Forbes Belgique"},"image":{"@id":"https:\/\/www.forbes.be\/fr\/#\/schema\/logo\/image\/"},"sameAs":["https:\/\/www.facebook.com\/forbesbelgique\/","https:\/\/www.instagram.com\/Forbes_Belgium","https:\/\/www.linkedin.com\/company\/forbes-belgium\/"]},{"@type":"Person","@id":"https:\/\/www.forbes.be\/fr\/#\/schema\/person\/ad1bb0e83419af89356b7b11a6622c80","name":"Johan-Fr\u00e9d\u00e9rik Hel Guedj","image":{"@type":"ImageObject","inLanguage":"fr-FR","@id":"https:\/\/secure.gravatar.com\/avatar\/65333543693434f2cc9fdefb3173b162df98712d00606b00b3d43914f79a1598?s=96&d=mm&r=g","url":"https:\/\/secure.gravatar.com\/avatar\/65333543693434f2cc9fdefb3173b162df98712d00606b00b3d43914f79a1598?s=96&d=mm&r=g","contentUrl":"https:\/\/secure.gravatar.com\/avatar\/65333543693434f2cc9fdefb3173b162df98712d00606b00b3d43914f79a1598?s=96&d=mm&r=g","caption":"Johan-Fr\u00e9d\u00e9rik Hel Guedj"},"description":"Johan-Frederik Hel Guedj est journaliste et auteur fran\u00e7ais. R\u00e9dacteur en chef pendant 7 ans de la revue Pouvoirs Locaux, consacr\u00e9e aux politiques culturelles, il a publi\u00e9 huit ouvrages chez des \u00e9diteurs fran\u00e7ais et belges, dont deux romans, un essai consacr\u00e9 \u00e0 Orson Welles, et quatre livres d\u2019art. En plus de Forbes, il collabore \u00e0 L\u2019Echo et au Quotidien de l\u2019Art (Paris).","url":"https:\/\/www.forbes.be\/fr\/author\/johan-frederik-hel-guedj\/"}]}},"_links":{"self":[{"href":"https:\/\/www.forbes.be\/fr\/wp-json\/wp\/v2\/posts\/4172","targetHints":{"allow":["GET"]}}],"collection":[{"href":"https:\/\/www.forbes.be\/fr\/wp-json\/wp\/v2\/posts"}],"about":[{"href":"https:\/\/www.forbes.be\/fr\/wp-json\/wp\/v2\/types\/post"}],"author":[{"embeddable":true,"href":"https:\/\/www.forbes.be\/fr\/wp-json\/wp\/v2\/users\/27"}],"replies":[{"embeddable":true,"href":"https:\/\/www.forbes.be\/fr\/wp-json\/wp\/v2\/comments?post=4172"}],"version-history":[{"count":2,"href":"https:\/\/www.forbes.be\/fr\/wp-json\/wp\/v2\/posts\/4172\/revisions"}],"predecessor-version":[{"id":4178,"href":"https:\/\/www.forbes.be\/fr\/wp-json\/wp\/v2\/posts\/4172\/revisions\/4178"}],"wp:featuredmedia":[{"embeddable":true,"href":"https:\/\/www.forbes.be\/fr\/wp-json\/wp\/v2\/media\/4179"}],"wp:attachment":[{"href":"https:\/\/www.forbes.be\/fr\/wp-json\/wp\/v2\/media?parent=4172"}],"wp:term":[{"taxonomy":"category","embeddable":true,"href":"https:\/\/www.forbes.be\/fr\/wp-json\/wp\/v2\/categories?post=4172"},{"taxonomy":"post_tag","embeddable":true,"href":"https:\/\/www.forbes.be\/fr\/wp-json\/wp\/v2\/tags?post=4172"}],"curies":[{"name":"wp","href":"https:\/\/api.w.org\/{rel}","templated":true}]}}