{"id":4270,"date":"2024-08-22T07:00:38","date_gmt":"2024-08-22T05:00:38","guid":{"rendered":"https:\/\/www.forbes.be\/fr\/?p=4270"},"modified":"2024-08-09T10:27:10","modified_gmt":"2024-08-09T08:27:10","slug":"et-si-les-femmes-gouvernaient-le-monde","status":"publish","type":"post","link":"https:\/\/www.forbes.be\/fr\/et-si-les-femmes-gouvernaient-le-monde\/","title":{"rendered":"Et si les femmes gouvernaient le monde\u00a0?"},"content":{"rendered":"<p class=\"p1\"><strong><span class=\"s1\">\u00c0 <\/span><span class=\"s2\">Ath\u00e8nes<\/span><span class=\"s1\">, \u00e0 la t\u00eate de l\u2019<a href=\"https:\/\/www.emst.gr\/en\">EMST<\/a>, <\/span><span class=\"s2\">Katerina Gregos<\/span><span class=\"s1\"> offre un cycle de quatre <\/span><span class=\"s2\">expositions<\/span><span class=\"s1\"> o\u00f9 les <\/span><span class=\"s2\">femmes<\/span><span class=\"s1\"> affirment leur <\/span><span class=\"s2\">singularit\u00e9<\/span><span class=\"s1\">.<\/span><\/strong><\/p>\n<p class=\"p1\">Ath\u00e9nienne et bruxelloise, Katerina Gregos ne suit pas l\u2019air du temps. D\u00e8s 2002, \u00e0 la t\u00eate de la <a href=\"https:\/\/deste.gr\/\">Fondation Deste<\/a>, \u00e0 Ath\u00e8nes, son exposition Fusion Cuisine abordait le f\u00e9minisme dans l\u2019art, sujet alors r\u00e9put\u00e9 clos. \u00ab\u00a0<i>Mon travail a toujours \u00e9t\u00e9 li\u00e9 aux droits de l\u2019homme, des femmes, de la d\u00e9mocratie, des minorit\u00e9s, abord\u00e9s dans mon exposition Newtopia\u00a0: the state of the human rights, \u00e0 Malines et Bruxelles en 2012. \u00c0 mon arriv\u00e9e \u00e0 l\u2019EMST (Mus\u00e9e national d\u2019art contemporain d\u2019Ath\u00e8nes), l\u2019exposition Statecraft r\u00e9unissait 40 artistes autour de la nationalit\u00e9, de la citoyennet\u00e9, de l\u2019inclusion. Ensuite, l\u2019exposition Modern Love or Love in the Age of Cold Intimacies, sur le rapport entre technologie, r\u00e9seaux et relations sociaux, a \u00e9t\u00e9 nomm\u00e9e troisi\u00e8me meilleure exposition de 2023 par le magazine d\u2019art am\u00e9ricain Hyperallegic. <\/i>\u00bb<\/p>\n<blockquote>\n<p class=\"p3\"><span class=\"s1\">\u00ab <i>La <\/i><\/span><span class=\"s2\"><i>Gr\u00e8ce<\/i><\/span><span class=\"s1\"><i> n\u2019a jamais eu de mouvement <\/i><\/span><span class=\"s2\"><i>artistique<\/i><\/span><span class=\"s1\"><i> f\u00e9ministe organis\u00e9<\/i> \u00bb<\/span><\/p>\n<\/blockquote>\n<h2 class=\"p5\"><span class=\"s3\">Femmes ensemble<\/span><\/h2>\n<p class=\"p1\">\u00ab <i>La Gr\u00e8ce n\u2019a jamais eu de mouvement artistique f\u00e9ministe organis\u00e9. J\u2019ai r\u00e9fl\u00e9chi \u00e0 la repr\u00e9sentation des femmes au mus\u00e9e, en mettant en avant des artistes grecques et internationales, et en revisitant l\u2019art grec qui les a beaucoup ignor\u00e9es, avec des figures f\u00e9ministes comme Leda Papaconstantinou, n\u00e9e en 1945, en pr\u00e9sentant sa premi\u00e8re r\u00e9trospective Time in my hands\u00a0<\/i>\u00bb.<\/p>\n<p class=\"p1\"><span class=\"s4\"><a href=\"https:\/\/www.emst.gr\/en\/category\/exhibitions-en\/what-if-women-ruled-the-world\"><i>What if women ruled the world\u00a0?<\/i><\/a>, cycle d\u2019expositions en quatre chapitres, entam\u00e9 fin 2023, articule une vingtaine de femmes d\u2019origines et nationalit\u00e9s diff\u00e9rentes et un nouvel accrochage de la collection permanente. Chaque chapitre tend un fil rouge dans tout le mus\u00e9e, autour d\u2019\u0153uvres porteuses d\u2019histoires. En Europe, dans les ann\u00e9es 70-80, le mouvement f\u00e9ministe avait peu de place dans les arts, contrairement aux \u00c9tats-Unis, o\u00f9 il \u00e9tait surtout \u00ab\u00a0middle-class\u00a0\u00bb et blanc. Ici, nous montrons un f\u00e9minisme pluriel, des femmes de couleur et\/ou des minorit\u00e9s, comme Lola Flash, artiste noire, tr\u00e8s impliqu\u00e9e dans le combat pour les droits des malades du sida dans les ann\u00e9es 80. \u00ab\u00a0<i>Dans ce cadre, notre exposition collective Women Together d\u00e9ploie pour la premi\u00e8re fois cette politique de la collection, avec des artistes d\u2019\u00c9gypte, du bassin m\u00e9diterran\u00e9en, Syrie, Liban\u2026 Et je suis commissaire de la premi\u00e8re r\u00e9trospective en Europe de la Sud-africaine Penny Siopis. Ce processus curatorial est anim\u00e9 par la curiosit\u00e9\u00a0: je vieillis avec les artistes de ma g\u00e9n\u00e9ration, et je grandis avec ceux des g\u00e9n\u00e9rations suivantes<\/i>.\u00bb (NDLR: D\u00e8s 2012, directrice artistique d\u2019Art Brussels, elle avait cr\u00e9\u00e9 les sections Rediscovery et Non-profit.)<\/span><\/p>\n<figure id=\"attachment_4272\" aria-describedby=\"caption-attachment-4272\" style=\"width: 2538px\" class=\"wp-caption alignnone\"><img loading=\"lazy\" decoding=\"async\" class=\"wp-image-4272 size-full\" src=\"https:\/\/www.forbes.be\/fr\/wp-content\/uploads\/2024\/08\/EMST_Photo-by-Spiros-Rekounas-2.jpg\" alt=\"EMST Katerina Gregos\" width=\"2538\" height=\"1411\" srcset=\"https:\/\/www.forbes.be\/fr\/wp-content\/uploads\/2024\/08\/EMST_Photo-by-Spiros-Rekounas-2.jpg 2538w, https:\/\/www.forbes.be\/fr\/wp-content\/uploads\/2024\/08\/EMST_Photo-by-Spiros-Rekounas-2-300x167.jpg 300w, https:\/\/www.forbes.be\/fr\/wp-content\/uploads\/2024\/08\/EMST_Photo-by-Spiros-Rekounas-2-1024x569.jpg 1024w, https:\/\/www.forbes.be\/fr\/wp-content\/uploads\/2024\/08\/EMST_Photo-by-Spiros-Rekounas-2-768x427.jpg 768w, https:\/\/www.forbes.be\/fr\/wp-content\/uploads\/2024\/08\/EMST_Photo-by-Spiros-Rekounas-2-1536x854.jpg 1536w, https:\/\/www.forbes.be\/fr\/wp-content\/uploads\/2024\/08\/EMST_Photo-by-Spiros-Rekounas-2-2048x1139.jpg 2048w, https:\/\/www.forbes.be\/fr\/wp-content\/uploads\/2024\/08\/EMST_Photo-by-Spiros-Rekounas-2-696x387.jpg 696w, https:\/\/www.forbes.be\/fr\/wp-content\/uploads\/2024\/08\/EMST_Photo-by-Spiros-Rekounas-2-1068x594.jpg 1068w, https:\/\/www.forbes.be\/fr\/wp-content\/uploads\/2024\/08\/EMST_Photo-by-Spiros-Rekounas-2-1920x1067.jpg 1920w, https:\/\/www.forbes.be\/fr\/wp-content\/uploads\/2024\/08\/EMST_Photo-by-Spiros-Rekounas-2-600x334.jpg 600w\" sizes=\"auto, (max-width: 2538px) 100vw, 2538px\" \/><figcaption id=\"caption-attachment-4272\" class=\"wp-caption-text\">L\u2019entr\u00e9e de l\u2019EMST &#8211; \u00a9 Spiros Rekounas<\/figcaption><\/figure>\n<h2 class=\"p5\"><span class=\"s3\">Mus\u00e9es-miroirs et M\u00e9diterran\u00e9e<\/span><\/h2>\n<p class=\"p1\"><span class=\"s5\">Ayant v\u00e9cu en Belgique pendant 16 ans, elle y reste tr\u00e8s li\u00e9e. \u00ab\u00a0<i>J\u2019observe beaucoup ce qui s\u2019y fait. Ainsi, <a href=\"https:\/\/kanal.brussels\/fr\">Kanal-Centre Pompidou<\/a> est b\u00e9n\u00e9fique, mais ne doit pas venir au d\u00e9triment d\u2019institutions mus\u00e9ales f\u00e9d\u00e9rales fragiles. Fallait-il importer une institution et ses collections de Paris, qui est \u00e0 80 minutes, quand beaucoup de Belges vont \u00e0 Paris plusieurs fois par an\u00a0? De mani\u00e8re g\u00e9n\u00e9rale, je m\u2019interroge sur les institutions franchis\u00e9es.\u00a0Je suis contre les mus\u00e9es miroirs, situ\u00e9s en p\u00e9riph\u00e9rie (mot que je d\u00e9teste), hors des centres de production artistique, et imitant ou important le mod\u00e8le des grands mus\u00e9es.\u00a0\u00bb<\/i><\/span><\/p>\n<figure id=\"attachment_4273\" aria-describedby=\"caption-attachment-4273\" style=\"width: 2000px\" class=\"wp-caption alignnone\"><img loading=\"lazy\" decoding=\"async\" class=\"wp-image-4273 size-full\" src=\"https:\/\/www.forbes.be\/fr\/wp-content\/uploads\/2024\/08\/06_Installation-view_WOMEN_Together_\u0395\u039c\u03a3\u03a4-Collection.jpg\" alt=\"EMST, Katerina Gregos\" width=\"2000\" height=\"1334\" srcset=\"https:\/\/www.forbes.be\/fr\/wp-content\/uploads\/2024\/08\/06_Installation-view_WOMEN_Together_\u0395\u039c\u03a3\u03a4-Collection.jpg 2000w, https:\/\/www.forbes.be\/fr\/wp-content\/uploads\/2024\/08\/06_Installation-view_WOMEN_Together_\u0395\u039c\u03a3\u03a4-Collection-300x200.jpg 300w, https:\/\/www.forbes.be\/fr\/wp-content\/uploads\/2024\/08\/06_Installation-view_WOMEN_Together_\u0395\u039c\u03a3\u03a4-Collection-1024x683.jpg 1024w, https:\/\/www.forbes.be\/fr\/wp-content\/uploads\/2024\/08\/06_Installation-view_WOMEN_Together_\u0395\u039c\u03a3\u03a4-Collection-768x512.jpg 768w, https:\/\/www.forbes.be\/fr\/wp-content\/uploads\/2024\/08\/06_Installation-view_WOMEN_Together_\u0395\u039c\u03a3\u03a4-Collection-1536x1025.jpg 1536w, https:\/\/www.forbes.be\/fr\/wp-content\/uploads\/2024\/08\/06_Installation-view_WOMEN_Together_\u0395\u039c\u03a3\u03a4-Collection-696x464.jpg 696w, https:\/\/www.forbes.be\/fr\/wp-content\/uploads\/2024\/08\/06_Installation-view_WOMEN_Together_\u0395\u039c\u03a3\u03a4-Collection-1068x712.jpg 1068w, https:\/\/www.forbes.be\/fr\/wp-content\/uploads\/2024\/08\/06_Installation-view_WOMEN_Together_\u0395\u039c\u03a3\u03a4-Collection-1920x1281.jpg 1920w, https:\/\/www.forbes.be\/fr\/wp-content\/uploads\/2024\/08\/06_Installation-view_WOMEN_Together_\u0395\u039c\u03a3\u03a4-Collection-600x400.jpg 600w\" sizes=\"auto, (max-width: 2000px) 100vw, 2000px\" \/><figcaption id=\"caption-attachment-4273\" class=\"wp-caption-text\">WOMEN, Together. Collection EMST, \u0153uvres de Paky Vlassopoulou et Despoina Meimaroglou &#8211; \u00a9 Paris Tavitian<\/figcaption><\/figure>\n<p class=\"p1\"><span class=\"s5\">\u00c9vitant cet \u00e9cueil, la collection permanente de l\u2019EMST met l\u2019accent sur la territorialit\u00e9 grecque\u00a0: <i>\u00ab\u00a0Ce mus\u00e9e, fond\u00e9 en 2000, se tourne ainsi vers le sud-est de l\u2019Europe et de la M\u00e9diterran\u00e9e, les Balkans, la Turquie, le Moyen-Orient, l\u2019Afrique, la moiti\u00e9 de nos visiteurs \u00e9tant internationaux <\/i>\u00bb. <\/span><\/p>\n<p class=\"p1\"><span class=\"s5\">Dimitri Daskalopoulos, collectionneur grec majeur, \u00ab\u00a0<i>m\u00e9c\u00e8ne qui a le sens du r\u00f4le social de l\u2019art<\/i>\u00a0\u00bb et anime le think-tank Demos et sa Fondation Neon, l\u2019a r\u00e9cemment enrichie. \u00ab\u00a0<i>En 2022, il a partag\u00e9 une donation de plus de 350 oeuvres entre quatre mus\u00e9es, Tate \u00e0 Londres, Guggenheim New York, MCA Chicago &#8211; l\u2019EMST en a re\u00e7u 140. Et, avec la t\u00e9l\u00e9vision nationale grecque, il soutient notre projet p\u00e9dagogique d\u2019archives de 25 ans d\u2019\u00e9missions d\u2019art contemporain de la t\u00e9l\u00e9vision grecque.\u00a0<\/i>\u00bb\u00a0<\/span><\/p>\n<figure id=\"attachment_4274\" aria-describedby=\"caption-attachment-4274\" style=\"width: 2560px\" class=\"wp-caption alignnone\"><img loading=\"lazy\" decoding=\"async\" class=\"wp-image-4274 size-full\" src=\"https:\/\/www.forbes.be\/fr\/wp-content\/uploads\/2024\/08\/09_Installation-view_WOMEN_Together_\u0395\u039c\u03a3\u03a4-Collection-scaled.jpg\" alt=\"EMST Katerina Gregos\" width=\"2560\" height=\"1707\" srcset=\"https:\/\/www.forbes.be\/fr\/wp-content\/uploads\/2024\/08\/09_Installation-view_WOMEN_Together_\u0395\u039c\u03a3\u03a4-Collection-scaled.jpg 2560w, https:\/\/www.forbes.be\/fr\/wp-content\/uploads\/2024\/08\/09_Installation-view_WOMEN_Together_\u0395\u039c\u03a3\u03a4-Collection-300x200.jpg 300w, https:\/\/www.forbes.be\/fr\/wp-content\/uploads\/2024\/08\/09_Installation-view_WOMEN_Together_\u0395\u039c\u03a3\u03a4-Collection-1024x683.jpg 1024w, https:\/\/www.forbes.be\/fr\/wp-content\/uploads\/2024\/08\/09_Installation-view_WOMEN_Together_\u0395\u039c\u03a3\u03a4-Collection-768x512.jpg 768w, https:\/\/www.forbes.be\/fr\/wp-content\/uploads\/2024\/08\/09_Installation-view_WOMEN_Together_\u0395\u039c\u03a3\u03a4-Collection-1536x1024.jpg 1536w, https:\/\/www.forbes.be\/fr\/wp-content\/uploads\/2024\/08\/09_Installation-view_WOMEN_Together_\u0395\u039c\u03a3\u03a4-Collection-2048x1366.jpg 2048w, https:\/\/www.forbes.be\/fr\/wp-content\/uploads\/2024\/08\/09_Installation-view_WOMEN_Together_\u0395\u039c\u03a3\u03a4-Collection-696x464.jpg 696w, https:\/\/www.forbes.be\/fr\/wp-content\/uploads\/2024\/08\/09_Installation-view_WOMEN_Together_\u0395\u039c\u03a3\u03a4-Collection-1068x712.jpg 1068w, https:\/\/www.forbes.be\/fr\/wp-content\/uploads\/2024\/08\/09_Installation-view_WOMEN_Together_\u0395\u039c\u03a3\u03a4-Collection-1920x1280.jpg 1920w, https:\/\/www.forbes.be\/fr\/wp-content\/uploads\/2024\/08\/09_Installation-view_WOMEN_Together_\u0395\u039c\u03a3\u03a4-Collection-600x400.jpg 600w\" sizes=\"auto, (max-width: 2560px) 100vw, 2560px\" \/><figcaption id=\"caption-attachment-4274\" class=\"wp-caption-text\">WOMEN, Together. Collection EMST, \u0153uvres de Maria Loizidou et Ghada Amer, Donation Daskalopoulos, et Bertille Bak &#8211; \u00a9 Paris Tavitian<\/figcaption><\/figure>\n<p class=\"p1\"><span class=\"s5\">Dans un contexte d\u2019aust\u00e9rit\u00e9 qui va de pair avec un boom touristique (35 millions de visiteurs par an) et immobilier aliment\u00e9 par les investisseurs isra\u00e9liens, chinois, russe, \u00e9miratis, l\u2019EMST jouit d\u2019un soutien \u00e9tatique d\u00e9nu\u00e9 d\u2019interventionnisme. \u00ab\u00a0<i>Ayant audit\u00e9 le mus\u00e9e et \u00e9tudi\u00e9 les budgets de dix mus\u00e9es similaires, je sais que nous devrions \u00eatre une \u00e9quipe de 90 : nous sommes 56 \u00e0 plein temps et 20 \u00e0 temps partiel\u2026 mais les Grecs sont tr\u00e8s efficaces !\u00a0<\/i>\u00bb Avant son arriv\u00e9e, le budget annuel de 800 000 euros ne couvrait pas la programmation artistique, raison de la longue d\u00e9sh\u00e9rence du mus\u00e9e. Il approche maintenant les 9 millions, chiffre important pour la Gr\u00e8ce, avec des co\u00fbts op\u00e9rationnels de 4,5 millions pour 12 espaces d\u2019exposition sur 20 000 m<sup>2<\/sup>. <\/span><\/p>\n<blockquote>\n<p class=\"p3\"><span class=\"s6\">\u00ab <i>On ne peut appliquer des <\/i><\/span><span class=\"s7\"><i>crit\u00e8res<\/i><\/span><span class=\"s6\"><i> quantitatifs \u00e0 la <\/i><\/span><span class=\"s7\"><i>culture<\/i><\/span><span class=\"s6\"><i>\u00a0:<span class=\"Apple-converted-space\">\u00a0 <\/span>on en mesure trop mal les <\/i><\/span><span class=\"s7\"><i>effets<\/i><\/span><span class=\"s6\"><i> sur les <\/i><\/span><span class=\"s7\"><i>citoyens<\/i><\/span><span class=\"s6\"><i> <\/i>\u00bb<\/span><\/p>\n<\/blockquote>\n<p class=\"p1\"><span class=\"s5\">Institution publique, l\u2019EMST doit s\u2019adresser au public, pas seulement aux galeries et collectionneurs. \u00ab\u00a0<i>Les partenariats priv\u00e9s-publics, doivent r\u00e9pondre \u00e0 cette mission du mus\u00e9e <\/i>\u00bb, souligne-t-elle. \u00ab <i>Les d\u00e9cisions artistiques doivent rester celles du mus\u00e9e et des curateurs, pas des collectionneurs ou des financiers. Les mus\u00e9es les plus respect\u00e9s participent de ce mod\u00e8le europ\u00e9en, fragilis\u00e9 par la multiplication des fondations priv\u00e9es et la tendance de la puissance publique \u00e0 se d\u00e9sengager. Or, on ne peut appliquer des crit\u00e8res quantitatifs \u00e0 la culture\u00a0:<span class=\"Apple-converted-space\">\u00a0 <\/span>on en mesure trop mal les effets sur les citoyens<\/i>.\u00a0\u00bb<\/span><\/p>\n<figure id=\"attachment_4275\" aria-describedby=\"caption-attachment-4275\" style=\"width: 1707px\" class=\"wp-caption alignnone\"><img loading=\"lazy\" decoding=\"async\" class=\"wp-image-4275 size-full\" src=\"https:\/\/www.forbes.be\/fr\/wp-content\/uploads\/2024\/08\/Emst_08_03_24_Eftychia-Vlachou_022-scaled.jpg\" alt=\"EMST Katerina Gregos\" width=\"1707\" height=\"2560\" srcset=\"https:\/\/www.forbes.be\/fr\/wp-content\/uploads\/2024\/08\/Emst_08_03_24_Eftychia-Vlachou_022-scaled.jpg 1707w, https:\/\/www.forbes.be\/fr\/wp-content\/uploads\/2024\/08\/Emst_08_03_24_Eftychia-Vlachou_022-200x300.jpg 200w, https:\/\/www.forbes.be\/fr\/wp-content\/uploads\/2024\/08\/Emst_08_03_24_Eftychia-Vlachou_022-683x1024.jpg 683w, https:\/\/www.forbes.be\/fr\/wp-content\/uploads\/2024\/08\/Emst_08_03_24_Eftychia-Vlachou_022-768x1152.jpg 768w, https:\/\/www.forbes.be\/fr\/wp-content\/uploads\/2024\/08\/Emst_08_03_24_Eftychia-Vlachou_022-1024x1536.jpg 1024w, https:\/\/www.forbes.be\/fr\/wp-content\/uploads\/2024\/08\/Emst_08_03_24_Eftychia-Vlachou_022-1365x2048.jpg 1365w, https:\/\/www.forbes.be\/fr\/wp-content\/uploads\/2024\/08\/Emst_08_03_24_Eftychia-Vlachou_022-696x1044.jpg 696w, https:\/\/www.forbes.be\/fr\/wp-content\/uploads\/2024\/08\/Emst_08_03_24_Eftychia-Vlachou_022-1068x1602.jpg 1068w, https:\/\/www.forbes.be\/fr\/wp-content\/uploads\/2024\/08\/Emst_08_03_24_Eftychia-Vlachou_022-1920x2880.jpg 1920w, https:\/\/www.forbes.be\/fr\/wp-content\/uploads\/2024\/08\/Emst_08_03_24_Eftychia-Vlachou_022-600x900.jpg 600w\" sizes=\"auto, (max-width: 1707px) 100vw, 1707px\" \/><figcaption id=\"caption-attachment-4275\" class=\"wp-caption-text\">Claudia Comte. Performance \u00e0 l\u2019EMST &#8211; \u00a9 Eftychia Vlachou<\/figcaption><\/figure>\n","protected":false},"excerpt":{"rendered":"<p>\u00c0 Ath\u00e8nes, \u00e0 la t\u00eate de l\u2019EMST, Katerina Gregos offre un cycle de quatre expositions o\u00f9 les femmes affirment leur singularit\u00e9. Ath\u00e9nienne et bruxelloise, Katerina Gregos ne suit pas l\u2019air du temps. D\u00e8s 2002, \u00e0 la t\u00eate de la Fondation Deste, \u00e0 Ath\u00e8nes, son exposition Fusion Cuisine abordait le f\u00e9minisme dans l\u2019art, sujet alors r\u00e9put\u00e9 [&hellip;]<\/p>\n","protected":false},"author":27,"featured_media":4271,"comment_status":"closed","ping_status":"closed","sticky":false,"template":"","format":"standard","meta":{"_acf_changed":false,"inline_featured_image":false,"footnotes":""},"categories":[22],"tags":[],"class_list":{"0":"post-4270","1":"post","2":"type-post","3":"status-publish","4":"format-standard","5":"has-post-thumbnail","7":"category-femmes-forbes"},"acf":[],"_yoast_wpseo_title":null,"_yoast_wpseo_metadesc":"\u00c0 Ath\u00e8nes, \u00e0 la t\u00eate de l\u2019EMST, Katerina Gregos offre un cycle de quatre expositions o\u00f9 les femmes affirment leur singularit\u00e9. D\u00e9couverte.","auteur_traducteur":"","yoast_head":"<!-- This site is optimized with the Yoast SEO plugin v27.4 - https:\/\/yoast.com\/product\/yoast-seo-wordpress\/ -->\n<title>Et si les femmes gouvernaient le monde\u00a0? | Forbes Belgique<\/title>\n<meta name=\"description\" content=\"\u00c0 Ath\u00e8nes, \u00e0 la t\u00eate de l\u2019EMST, Katerina Gregos offre un cycle de quatre expositions o\u00f9 les femmes affirment leur singularit\u00e9. D\u00e9couverte.\" \/>\n<meta name=\"robots\" content=\"index, follow, max-snippet:-1, max-image-preview:large, max-video-preview:-1\" \/>\n<link rel=\"canonical\" href=\"https:\/\/www.forbes.be\/fr\/et-si-les-femmes-gouvernaient-le-monde\/\" \/>\n<meta property=\"og:locale\" content=\"fr_FR\" \/>\n<meta property=\"og:type\" content=\"article\" \/>\n<meta property=\"og:title\" content=\"Et si les femmes gouvernaient le monde\u00a0? | Forbes Belgique\" \/>\n<meta property=\"og:description\" content=\"\u00c0 Ath\u00e8nes, \u00e0 la t\u00eate de l\u2019EMST, Katerina Gregos offre un cycle de quatre expositions o\u00f9 les femmes affirment leur singularit\u00e9. D\u00e9couverte.\" \/>\n<meta property=\"og:url\" content=\"https:\/\/www.forbes.be\/fr\/et-si-les-femmes-gouvernaient-le-monde\/\" \/>\n<meta property=\"og:site_name\" content=\"Forbes Belgique\" \/>\n<meta property=\"article:publisher\" content=\"https:\/\/www.facebook.com\/forbesbelgique\/\" \/>\n<meta property=\"article:published_time\" content=\"2024-08-22T05:00:38+00:00\" \/>\n<meta property=\"og:image\" content=\"https:\/\/www.forbes.be\/fr\/wp-content\/uploads\/2024\/08\/Katerina-Gregos_Photo-by-Kristina-Madjare-2.jpg\" \/>\n\t<meta property=\"og:image:width\" content=\"1200\" \/>\n\t<meta property=\"og:image:height\" content=\"628\" \/>\n\t<meta property=\"og:image:type\" content=\"image\/jpeg\" \/>\n<meta name=\"author\" content=\"Johan-Fr\u00e9d\u00e9rik Hel Guedj\" \/>\n<meta name=\"twitter:card\" content=\"summary_large_image\" \/>\n<meta name=\"twitter:label1\" content=\"\u00c9crit par\" \/>\n\t<meta name=\"twitter:data1\" content=\"Johan-Fr\u00e9d\u00e9rik Hel Guedj\" \/>\n\t<meta name=\"twitter:label2\" content=\"Dur\u00e9e de lecture estim\u00e9e\" \/>\n\t<meta name=\"twitter:data2\" content=\"6 minutes\" \/>\n<script type=\"application\/ld+json\" class=\"yoast-schema-graph\">{\"@context\":\"https:\\\/\\\/schema.org\",\"@graph\":[{\"@type\":\"NewsArticle\",\"@id\":\"https:\\\/\\\/www.forbes.be\\\/fr\\\/et-si-les-femmes-gouvernaient-le-monde\\\/#article\",\"isPartOf\":{\"@id\":\"https:\\\/\\\/www.forbes.be\\\/fr\\\/et-si-les-femmes-gouvernaient-le-monde\\\/\"},\"author\":{\"name\":\"Johan-Fr\u00e9d\u00e9rik Hel Guedj\",\"@id\":\"https:\\\/\\\/www.forbes.be\\\/fr\\\/#\\\/schema\\\/person\\\/ad1bb0e83419af89356b7b11a6622c80\"},\"headline\":\"Et si les femmes gouvernaient le monde\u00a0?\",\"datePublished\":\"2024-08-22T05:00:38+00:00\",\"mainEntityOfPage\":{\"@id\":\"https:\\\/\\\/www.forbes.be\\\/fr\\\/et-si-les-femmes-gouvernaient-le-monde\\\/\"},\"wordCount\":1060,\"publisher\":{\"@id\":\"https:\\\/\\\/www.forbes.be\\\/fr\\\/#organization\"},\"image\":{\"@id\":\"https:\\\/\\\/www.forbes.be\\\/fr\\\/et-si-les-femmes-gouvernaient-le-monde\\\/#primaryimage\"},\"thumbnailUrl\":\"https:\\\/\\\/www.forbes.be\\\/fr\\\/wp-content\\\/uploads\\\/2024\\\/08\\\/Katerina-Gregos_Photo-by-Kristina-Madjare-2.jpg\",\"articleSection\":[\"Femmes Forbes\"],\"inLanguage\":\"fr-FR\"},{\"@type\":\"WebPage\",\"@id\":\"https:\\\/\\\/www.forbes.be\\\/fr\\\/et-si-les-femmes-gouvernaient-le-monde\\\/\",\"url\":\"https:\\\/\\\/www.forbes.be\\\/fr\\\/et-si-les-femmes-gouvernaient-le-monde\\\/\",\"name\":\"Et si les femmes gouvernaient le monde\u00a0? | Forbes Belgique\",\"isPartOf\":{\"@id\":\"https:\\\/\\\/www.forbes.be\\\/fr\\\/#website\"},\"primaryImageOfPage\":{\"@id\":\"https:\\\/\\\/www.forbes.be\\\/fr\\\/et-si-les-femmes-gouvernaient-le-monde\\\/#primaryimage\"},\"image\":{\"@id\":\"https:\\\/\\\/www.forbes.be\\\/fr\\\/et-si-les-femmes-gouvernaient-le-monde\\\/#primaryimage\"},\"thumbnailUrl\":\"https:\\\/\\\/www.forbes.be\\\/fr\\\/wp-content\\\/uploads\\\/2024\\\/08\\\/Katerina-Gregos_Photo-by-Kristina-Madjare-2.jpg\",\"datePublished\":\"2024-08-22T05:00:38+00:00\",\"description\":\"\u00c0 Ath\u00e8nes, \u00e0 la t\u00eate de l\u2019EMST, Katerina Gregos offre un cycle de quatre expositions o\u00f9 les femmes affirment leur singularit\u00e9. D\u00e9couverte.\",\"breadcrumb\":{\"@id\":\"https:\\\/\\\/www.forbes.be\\\/fr\\\/et-si-les-femmes-gouvernaient-le-monde\\\/#breadcrumb\"},\"inLanguage\":\"fr-FR\",\"potentialAction\":[{\"@type\":\"ReadAction\",\"target\":[\"https:\\\/\\\/www.forbes.be\\\/fr\\\/et-si-les-femmes-gouvernaient-le-monde\\\/\"]}]},{\"@type\":\"ImageObject\",\"inLanguage\":\"fr-FR\",\"@id\":\"https:\\\/\\\/www.forbes.be\\\/fr\\\/et-si-les-femmes-gouvernaient-le-monde\\\/#primaryimage\",\"url\":\"https:\\\/\\\/www.forbes.be\\\/fr\\\/wp-content\\\/uploads\\\/2024\\\/08\\\/Katerina-Gregos_Photo-by-Kristina-Madjare-2.jpg\",\"contentUrl\":\"https:\\\/\\\/www.forbes.be\\\/fr\\\/wp-content\\\/uploads\\\/2024\\\/08\\\/Katerina-Gregos_Photo-by-Kristina-Madjare-2.jpg\",\"width\":1200,\"height\":628,\"caption\":\"Katerina Gregos, curatrice de l\u2019EMST (Mus\u00e9e national d\u2019art contemporain d\u2019Ath\u00e8nes) - \u00a9 Kristina Madjare\"},{\"@type\":\"BreadcrumbList\",\"@id\":\"https:\\\/\\\/www.forbes.be\\\/fr\\\/et-si-les-femmes-gouvernaient-le-monde\\\/#breadcrumb\",\"itemListElement\":[{\"@type\":\"ListItem\",\"position\":1,\"name\":\"Accueil\",\"item\":\"https:\\\/\\\/www.forbes.be\\\/fr\\\/\"},{\"@type\":\"ListItem\",\"position\":2,\"name\":\"Et si les femmes gouvernaient le monde\u00a0?\"}]},{\"@type\":\"WebSite\",\"@id\":\"https:\\\/\\\/www.forbes.be\\\/fr\\\/#website\",\"url\":\"https:\\\/\\\/www.forbes.be\\\/fr\\\/\",\"name\":\"Forbes Belgique\",\"description\":\"\",\"publisher\":{\"@id\":\"https:\\\/\\\/www.forbes.be\\\/fr\\\/#organization\"},\"potentialAction\":[{\"@type\":\"SearchAction\",\"target\":{\"@type\":\"EntryPoint\",\"urlTemplate\":\"https:\\\/\\\/www.forbes.be\\\/fr\\\/?s={search_term_string}\"},\"query-input\":{\"@type\":\"PropertyValueSpecification\",\"valueRequired\":true,\"valueName\":\"search_term_string\"}}],\"inLanguage\":\"fr-FR\"},{\"@type\":\"Organization\",\"@id\":\"https:\\\/\\\/www.forbes.be\\\/fr\\\/#organization\",\"name\":\"Forbes Belgique\",\"url\":\"https:\\\/\\\/www.forbes.be\\\/fr\\\/\",\"logo\":{\"@type\":\"ImageObject\",\"inLanguage\":\"fr-FR\",\"@id\":\"https:\\\/\\\/www.forbes.be\\\/fr\\\/#\\\/schema\\\/logo\\\/image\\\/\",\"url\":\"https:\\\/\\\/www.forbes.be\\\/fr\\\/wp-content\\\/uploads\\\/2024\\\/02\\\/forbes.be_.png\",\"contentUrl\":\"https:\\\/\\\/www.forbes.be\\\/fr\\\/wp-content\\\/uploads\\\/2024\\\/02\\\/forbes.be_.png\",\"width\":1200,\"height\":675,\"caption\":\"Forbes Belgique\"},\"image\":{\"@id\":\"https:\\\/\\\/www.forbes.be\\\/fr\\\/#\\\/schema\\\/logo\\\/image\\\/\"},\"sameAs\":[\"https:\\\/\\\/www.facebook.com\\\/forbesbelgique\\\/\",\"https:\\\/\\\/www.instagram.com\\\/Forbes_Belgium\",\"https:\\\/\\\/www.linkedin.com\\\/company\\\/forbes-belgium\\\/\"]},{\"@type\":\"Person\",\"@id\":\"https:\\\/\\\/www.forbes.be\\\/fr\\\/#\\\/schema\\\/person\\\/ad1bb0e83419af89356b7b11a6622c80\",\"name\":\"Johan-Fr\u00e9d\u00e9rik Hel Guedj\",\"image\":{\"@type\":\"ImageObject\",\"inLanguage\":\"fr-FR\",\"@id\":\"https:\\\/\\\/secure.gravatar.com\\\/avatar\\\/65333543693434f2cc9fdefb3173b162df98712d00606b00b3d43914f79a1598?s=96&d=mm&r=g\",\"url\":\"https:\\\/\\\/secure.gravatar.com\\\/avatar\\\/65333543693434f2cc9fdefb3173b162df98712d00606b00b3d43914f79a1598?s=96&d=mm&r=g\",\"contentUrl\":\"https:\\\/\\\/secure.gravatar.com\\\/avatar\\\/65333543693434f2cc9fdefb3173b162df98712d00606b00b3d43914f79a1598?s=96&d=mm&r=g\",\"caption\":\"Johan-Fr\u00e9d\u00e9rik Hel Guedj\"},\"description\":\"Johan-Frederik Hel Guedj est journaliste et auteur fran\u00e7ais. R\u00e9dacteur en chef pendant 7 ans de la revue Pouvoirs Locaux, consacr\u00e9e aux politiques culturelles, il a publi\u00e9 huit ouvrages chez des \u00e9diteurs fran\u00e7ais et belges, dont deux romans, un essai consacr\u00e9 \u00e0 Orson Welles, et quatre livres d\u2019art. En plus de Forbes, il collabore \u00e0 L\u2019Echo et au Quotidien de l\u2019Art (Paris).\",\"url\":\"https:\\\/\\\/www.forbes.be\\\/fr\\\/author\\\/johan-frederik-hel-guedj\\\/\"}]}<\/script>\n<!-- \/ Yoast SEO plugin. -->","yoast_head_json":{"title":"Et si les femmes gouvernaient le monde\u00a0? | Forbes Belgique","description":"\u00c0 Ath\u00e8nes, \u00e0 la t\u00eate de l\u2019EMST, Katerina Gregos offre un cycle de quatre expositions o\u00f9 les femmes affirment leur singularit\u00e9. D\u00e9couverte.","robots":{"index":"index","follow":"follow","max-snippet":"max-snippet:-1","max-image-preview":"max-image-preview:large","max-video-preview":"max-video-preview:-1"},"canonical":"https:\/\/www.forbes.be\/fr\/et-si-les-femmes-gouvernaient-le-monde\/","og_locale":"fr_FR","og_type":"article","og_title":"Et si les femmes gouvernaient le monde\u00a0? | Forbes Belgique","og_description":"\u00c0 Ath\u00e8nes, \u00e0 la t\u00eate de l\u2019EMST, Katerina Gregos offre un cycle de quatre expositions o\u00f9 les femmes affirment leur singularit\u00e9. D\u00e9couverte.","og_url":"https:\/\/www.forbes.be\/fr\/et-si-les-femmes-gouvernaient-le-monde\/","og_site_name":"Forbes Belgique","article_publisher":"https:\/\/www.facebook.com\/forbesbelgique\/","article_published_time":"2024-08-22T05:00:38+00:00","og_image":[{"width":1200,"height":628,"url":"https:\/\/www.forbes.be\/fr\/wp-content\/uploads\/2024\/08\/Katerina-Gregos_Photo-by-Kristina-Madjare-2.jpg","type":"image\/jpeg"}],"author":"Johan-Fr\u00e9d\u00e9rik Hel Guedj","twitter_card":"summary_large_image","twitter_misc":{"\u00c9crit par":"Johan-Fr\u00e9d\u00e9rik Hel Guedj","Dur\u00e9e de lecture estim\u00e9e":"6 minutes"},"schema":{"@context":"https:\/\/schema.org","@graph":[{"@type":"NewsArticle","@id":"https:\/\/www.forbes.be\/fr\/et-si-les-femmes-gouvernaient-le-monde\/#article","isPartOf":{"@id":"https:\/\/www.forbes.be\/fr\/et-si-les-femmes-gouvernaient-le-monde\/"},"author":{"name":"Johan-Fr\u00e9d\u00e9rik Hel Guedj","@id":"https:\/\/www.forbes.be\/fr\/#\/schema\/person\/ad1bb0e83419af89356b7b11a6622c80"},"headline":"Et si les femmes gouvernaient le monde\u00a0?","datePublished":"2024-08-22T05:00:38+00:00","mainEntityOfPage":{"@id":"https:\/\/www.forbes.be\/fr\/et-si-les-femmes-gouvernaient-le-monde\/"},"wordCount":1060,"publisher":{"@id":"https:\/\/www.forbes.be\/fr\/#organization"},"image":{"@id":"https:\/\/www.forbes.be\/fr\/et-si-les-femmes-gouvernaient-le-monde\/#primaryimage"},"thumbnailUrl":"https:\/\/www.forbes.be\/fr\/wp-content\/uploads\/2024\/08\/Katerina-Gregos_Photo-by-Kristina-Madjare-2.jpg","articleSection":["Femmes Forbes"],"inLanguage":"fr-FR"},{"@type":"WebPage","@id":"https:\/\/www.forbes.be\/fr\/et-si-les-femmes-gouvernaient-le-monde\/","url":"https:\/\/www.forbes.be\/fr\/et-si-les-femmes-gouvernaient-le-monde\/","name":"Et si les femmes gouvernaient le monde\u00a0? | Forbes Belgique","isPartOf":{"@id":"https:\/\/www.forbes.be\/fr\/#website"},"primaryImageOfPage":{"@id":"https:\/\/www.forbes.be\/fr\/et-si-les-femmes-gouvernaient-le-monde\/#primaryimage"},"image":{"@id":"https:\/\/www.forbes.be\/fr\/et-si-les-femmes-gouvernaient-le-monde\/#primaryimage"},"thumbnailUrl":"https:\/\/www.forbes.be\/fr\/wp-content\/uploads\/2024\/08\/Katerina-Gregos_Photo-by-Kristina-Madjare-2.jpg","datePublished":"2024-08-22T05:00:38+00:00","description":"\u00c0 Ath\u00e8nes, \u00e0 la t\u00eate de l\u2019EMST, Katerina Gregos offre un cycle de quatre expositions o\u00f9 les femmes affirment leur singularit\u00e9. D\u00e9couverte.","breadcrumb":{"@id":"https:\/\/www.forbes.be\/fr\/et-si-les-femmes-gouvernaient-le-monde\/#breadcrumb"},"inLanguage":"fr-FR","potentialAction":[{"@type":"ReadAction","target":["https:\/\/www.forbes.be\/fr\/et-si-les-femmes-gouvernaient-le-monde\/"]}]},{"@type":"ImageObject","inLanguage":"fr-FR","@id":"https:\/\/www.forbes.be\/fr\/et-si-les-femmes-gouvernaient-le-monde\/#primaryimage","url":"https:\/\/www.forbes.be\/fr\/wp-content\/uploads\/2024\/08\/Katerina-Gregos_Photo-by-Kristina-Madjare-2.jpg","contentUrl":"https:\/\/www.forbes.be\/fr\/wp-content\/uploads\/2024\/08\/Katerina-Gregos_Photo-by-Kristina-Madjare-2.jpg","width":1200,"height":628,"caption":"Katerina Gregos, curatrice de l\u2019EMST (Mus\u00e9e national d\u2019art contemporain d\u2019Ath\u00e8nes) - \u00a9 Kristina Madjare"},{"@type":"BreadcrumbList","@id":"https:\/\/www.forbes.be\/fr\/et-si-les-femmes-gouvernaient-le-monde\/#breadcrumb","itemListElement":[{"@type":"ListItem","position":1,"name":"Accueil","item":"https:\/\/www.forbes.be\/fr\/"},{"@type":"ListItem","position":2,"name":"Et si les femmes gouvernaient le monde\u00a0?"}]},{"@type":"WebSite","@id":"https:\/\/www.forbes.be\/fr\/#website","url":"https:\/\/www.forbes.be\/fr\/","name":"Forbes Belgique","description":"","publisher":{"@id":"https:\/\/www.forbes.be\/fr\/#organization"},"potentialAction":[{"@type":"SearchAction","target":{"@type":"EntryPoint","urlTemplate":"https:\/\/www.forbes.be\/fr\/?s={search_term_string}"},"query-input":{"@type":"PropertyValueSpecification","valueRequired":true,"valueName":"search_term_string"}}],"inLanguage":"fr-FR"},{"@type":"Organization","@id":"https:\/\/www.forbes.be\/fr\/#organization","name":"Forbes Belgique","url":"https:\/\/www.forbes.be\/fr\/","logo":{"@type":"ImageObject","inLanguage":"fr-FR","@id":"https:\/\/www.forbes.be\/fr\/#\/schema\/logo\/image\/","url":"https:\/\/www.forbes.be\/fr\/wp-content\/uploads\/2024\/02\/forbes.be_.png","contentUrl":"https:\/\/www.forbes.be\/fr\/wp-content\/uploads\/2024\/02\/forbes.be_.png","width":1200,"height":675,"caption":"Forbes Belgique"},"image":{"@id":"https:\/\/www.forbes.be\/fr\/#\/schema\/logo\/image\/"},"sameAs":["https:\/\/www.facebook.com\/forbesbelgique\/","https:\/\/www.instagram.com\/Forbes_Belgium","https:\/\/www.linkedin.com\/company\/forbes-belgium\/"]},{"@type":"Person","@id":"https:\/\/www.forbes.be\/fr\/#\/schema\/person\/ad1bb0e83419af89356b7b11a6622c80","name":"Johan-Fr\u00e9d\u00e9rik Hel Guedj","image":{"@type":"ImageObject","inLanguage":"fr-FR","@id":"https:\/\/secure.gravatar.com\/avatar\/65333543693434f2cc9fdefb3173b162df98712d00606b00b3d43914f79a1598?s=96&d=mm&r=g","url":"https:\/\/secure.gravatar.com\/avatar\/65333543693434f2cc9fdefb3173b162df98712d00606b00b3d43914f79a1598?s=96&d=mm&r=g","contentUrl":"https:\/\/secure.gravatar.com\/avatar\/65333543693434f2cc9fdefb3173b162df98712d00606b00b3d43914f79a1598?s=96&d=mm&r=g","caption":"Johan-Fr\u00e9d\u00e9rik Hel Guedj"},"description":"Johan-Frederik Hel Guedj est journaliste et auteur fran\u00e7ais. R\u00e9dacteur en chef pendant 7 ans de la revue Pouvoirs Locaux, consacr\u00e9e aux politiques culturelles, il a publi\u00e9 huit ouvrages chez des \u00e9diteurs fran\u00e7ais et belges, dont deux romans, un essai consacr\u00e9 \u00e0 Orson Welles, et quatre livres d\u2019art. En plus de Forbes, il collabore \u00e0 L\u2019Echo et au Quotidien de l\u2019Art (Paris).","url":"https:\/\/www.forbes.be\/fr\/author\/johan-frederik-hel-guedj\/"}]}},"_links":{"self":[{"href":"https:\/\/www.forbes.be\/fr\/wp-json\/wp\/v2\/posts\/4270","targetHints":{"allow":["GET"]}}],"collection":[{"href":"https:\/\/www.forbes.be\/fr\/wp-json\/wp\/v2\/posts"}],"about":[{"href":"https:\/\/www.forbes.be\/fr\/wp-json\/wp\/v2\/types\/post"}],"author":[{"embeddable":true,"href":"https:\/\/www.forbes.be\/fr\/wp-json\/wp\/v2\/users\/27"}],"replies":[{"embeddable":true,"href":"https:\/\/www.forbes.be\/fr\/wp-json\/wp\/v2\/comments?post=4270"}],"version-history":[{"count":1,"href":"https:\/\/www.forbes.be\/fr\/wp-json\/wp\/v2\/posts\/4270\/revisions"}],"predecessor-version":[{"id":4276,"href":"https:\/\/www.forbes.be\/fr\/wp-json\/wp\/v2\/posts\/4270\/revisions\/4276"}],"wp:featuredmedia":[{"embeddable":true,"href":"https:\/\/www.forbes.be\/fr\/wp-json\/wp\/v2\/media\/4271"}],"wp:attachment":[{"href":"https:\/\/www.forbes.be\/fr\/wp-json\/wp\/v2\/media?parent=4270"}],"wp:term":[{"taxonomy":"category","embeddable":true,"href":"https:\/\/www.forbes.be\/fr\/wp-json\/wp\/v2\/categories?post=4270"},{"taxonomy":"post_tag","embeddable":true,"href":"https:\/\/www.forbes.be\/fr\/wp-json\/wp\/v2\/tags?post=4270"}],"curies":[{"name":"wp","href":"https:\/\/api.w.org\/{rel}","templated":true}]}}