{"id":4742,"date":"2024-09-11T07:00:29","date_gmt":"2024-09-11T05:00:29","guid":{"rendered":"https:\/\/www.forbes.be\/fr\/?p=4742"},"modified":"2024-09-03T16:27:51","modified_gmt":"2024-09-03T14:27:51","slug":"myriam-broeders-les-femmes-doivent-plus-se-mettre-en-avant","status":"publish","type":"post","link":"https:\/\/www.forbes.be\/fr\/myriam-broeders-les-femmes-doivent-plus-se-mettre-en-avant\/","title":{"rendered":"Myriam Broeders : \u00ab\u00a0Les femmes doivent plus se mettre en avant\u00a0\u00bb"},"content":{"rendered":"<p class=\"p1\"><strong><span class=\"s1\">\u00ab\u00a0Appelez-moi Myriam\u00a0\u00bb, prononce une voix enjou\u00e9e de l\u2019autre c\u00f4t\u00e9 de l\u2019\u00e9cran, \u00e0 quelque 7 881 kilom\u00e8tres d\u2019ici. <\/span><span class=\"s2\">Myriam Broeders<\/span><span class=\"s1\"> vit \u00e0 <\/span><span class=\"s2\">Redmond<\/span><span class=\"s1\">, dans l\u2019\u00c9tat de Washington. Elle travaille au si\u00e8ge de <\/span><span class=\"s2\">Microsoft <\/span><span class=\"s1\">depuis le mois de mars. Elle est \u00e9galement r\u00e9serviste et Leading ICT Lady 2024. Entretien.<\/span><\/strong><\/p>\n<p class=\"p1\"><span class=\"s1\"><b>Quelle fonction occupez-vous chez Microsoft ?<\/b><\/span><\/p>\n<p class=\"p2\"><span class=\"s1\">Myriam Broeders : Je suis Global MTC Enablement Lead et je m\u2019occupe principalement de la strat\u00e9gie, de l\u2019assistance et des conseils aux centres technologiques Microsoft. Nous disposons d\u2019un MTC (Microsoft Technology Center) dans 40 pays. L\u2019objectif est d\u2019aider dans leur approche les gros clients : quelques grands noms de la finance, de l\u2019industrie, de l\u2019\u00e9nergie, mais aussi certains gouvernements. La technologie \u00e9volue \u00e0 la vitesse de l\u2019\u00e9clair et les clients se posent des questions sur ce que cette technologie peut leur apporter. Pensez aux processus m\u00e9tier, \u00e0 l\u2019IA, \u00e0 la s\u00e9curit\u00e9 et \u00e0 la durabilit\u00e9. Nous les aidons \u00e0 naviguer dans la transformation et la num\u00e9risation. <\/span><\/p>\n<p class=\"p1\"><span class=\"s1\"><b>En Belgique, vous \u00e9tiez Chief Technology Officer. Ce d\u00e9m\u00e9nagement aux \u00c9tats-Unis, c\u2019est un peu la cerise sur le g\u00e2teau ? <\/b><\/span><\/p>\n<p class=\"p2\"><span class=\"s1\">C\u2019est une excellente d\u00e9cision, mais je la consid\u00e8re davantage comme un point de d\u00e9part que comme le moment culminant de ma carri\u00e8re. J\u2019esp\u00e8re avant tout continuer \u00e0 m\u2019\u00e9panouir ici, tant sur le plan professionnel que personnel. J\u2019ai grandi dans une r\u00e9gion rurale du Limbourg, o\u00f9 toute la famille vivait \u00e0 quelques rues d\u2019intervalle. C\u2019\u00e9tait tr\u00e8s agr\u00e9able d\u2019aller et venir \u00e0 pied chez les uns et les autres. Maintenant que je suis si loin, j\u2019ai l\u2019impression que je dois aussi me r\u00e9inventer un peu. <\/span><\/p>\n<p class=\"p1\"><span class=\"s1\"><b>Comment se passe l\u2019adaptation ?<\/b><\/span><\/p>\n<p class=\"p2\"><span class=\"s1\">\u00c7a n\u2019a pas \u00e9t\u00e9 sans difficult\u00e9s. Je suis arriv\u00e9e ici le 16 mars avec un aller simple. Je pensais que tout serait \u00e0 peu pr\u00e8s pareil, mais il s\u2019av\u00e8re que ce n\u2019est pas le cas. Il y a beaucoup de choses \u00e0 r\u00e9gler. Par exemple, j\u2019ai d\u00fb passer un examen de conduite th\u00e9orique et pratique, car il faut obtenir un permis de conduire local dans les 30 jours. Mon appartement se trouve \u00e0 15 minutes du si\u00e8ge. J\u2019ai des coll\u00e8gues tr\u00e8s sympathiques et je m\u2019amuse bien. Je me surprends parfois \u00e0 me promener en arborant un large sourire. (Rires)<\/span><\/p>\n<p class=\"p1\"><span class=\"s1\"><b>Apr\u00e8s avoir \u00e9tudi\u00e9 l\u2019\u00e9conomie appliqu\u00e9e, vous n\u2019\u00e9tiez pas sp\u00e9cialement destin\u00e9e \u00e0 travailler dans le secteur technologique ? <\/b><\/span><\/p>\n<p class=\"p2\"><span class=\"s1\">Non, c\u2019est vrai. J\u2019avais m\u00eame l\u2019ambition de travailler dans le secteur des ressources humaines, dans le sillage de mon engagement dans un cercle d\u2019\u00e9tudiants o\u00f9 j\u2019\u00e9tais responsable des nouveaux membres. Malheureusement, ma formation ne pouvait pas d\u00e9boucher sur ce type de job. J\u2019ai fini par travailler au service d\u2019assistance d\u2019une start-up anversoise active dans la fintech. Nous \u00e9tions neuf et chacun faisait donc tout. J\u2019y ai beaucoup appris sur les donn\u00e9es et le SQL (langage de programmation, Structured Query Language, ndlr). J\u2019ai ensuite rejoint IBM, o\u00f9 mon travail comprenait l\u2019\u00e9criture de scripts et le d\u00e9bogage. Puis j\u2019ai atterri chez SD Worx, o\u00f9 je suis pass\u00e9e par plusieurs fonctions. Un de mes coll\u00e8gues est parti chez Microsoft. Un jour, il m\u2019a appel\u00e9e en me disant que mon profil les int\u00e9ressait. Huit jours plus tard, je signais mon contrat. C\u2019\u00e9tait il y a huit ans. La culture du Growth Mindset\u00a0d\u00e9fendue par Microsoft, qui consiste \u00e0 \u00eatre curieux et \u00e0 toujours apprendre, me convient tr\u00e8s bien.<\/span><\/p>\n<blockquote>\n<p class=\"p4\"><span class=\"s2\"><i>\u00ab La soci\u00e9t\u00e9 <\/i><\/span><span class=\"s3\"><i>belge<\/i><\/span><span class=\"s2\"><i> ne parvient pas encore \u00e0 <\/i><\/span><span class=\"s3\"><i>orienter <\/i><\/span><span class=\"s2\"><i>suffisamment de <\/i><\/span><span class=\"s3\"><i>filles<\/i><\/span><span class=\"s2\"><i> vers les fili\u00e8res STEM \u00bb<\/i><\/span><\/p>\n<\/blockquote>\n<p class=\"p2\"><span class=\"s1\"><b>Le paysage des TIC est encore trop souvent un bastion masculin. Comment voyez-vous cette \u00e9volution ? <\/b><\/span><\/p>\n<p class=\"p2\"><span class=\"s1\">Au sein de Microsoft, la diversit\u00e9 et l\u2019inclusivit\u00e9 font l\u2019objet d\u2019un vaste mouvement depuis un certain temps. C\u2019est en quelque sorte inscrit dans notre ADN. Bien entendu, aux \u00c9tats-Unis, cette question d\u00e9cha\u00eene les passions depuis un moment, les directives am\u00e9ricaines dans ce domaine \u00e9tant parfois difficiles \u00e0 mettre en place localement dans d\u2019autres pays ou sur d\u2019autres continents. Mais l\u00e0 aussi, on observe aujourd\u2019hui une \u00e9volution remarquable. Ce que je constate, c\u2019est que la soci\u00e9t\u00e9 belge ne parvient pas encore \u00e0 orienter suffisamment de filles vers les fili\u00e8res STEM. D\u2019autres pays font mieux \u00e0 cet \u00e9gard. \u00c0 mon avis, les femmes elles-m\u00eames devraient aussi oser se mettre un peu plus en avant. Je pense qu\u2019il est important, pour toutes les parties prenantes, d\u2019oser nommer les choses. C\u2019est pourquoi je pense que le coaching est fondamental, et je veux rester accessible pour les jeunes en Belgique. Je veux aussi rester en contact avec ce qui se passe ici dans l\u2019industrie et l\u2019enseignement.<\/span><\/p>\n<p class=\"p2\"><span class=\"s1\"><b>Qu\u2019attendez-vous de la r\u00e9volution technologique <\/b><\/span><span class=\"s1\"><b>op\u00e9r\u00e9e par l\u2019IA, par exemple?<\/b><\/span><\/p>\n<p class=\"p2\"><span class=\"s1\">Je suis nuanc\u00e9e. D\u2019un c\u00f4t\u00e9, bien s\u00fbr, je suis tr\u00e8s sensible aux avantages de l\u2019intelligence artificielle. Je l\u2019utilise au quotidien, et gr\u00e2ce \u00e0 elle nous avons acc\u00e8s \u00e0 beaucoup d\u2019informations plus rapidement. M\u00eame ma m\u00e8re, qui aura bient\u00f4t 80 ans, a recours \u00e0 l\u2019IA tous les jours. Par exemple, elle utilise Microsoft Copilot pour demander la recette d\u2019une confiture de groseilles. M\u00eame \u00e0 plus grande \u00e9chelle, pour les entreprises, les applications sont consid\u00e9rables. L\u2019IA constitue \u00e9galement un outil important en mati\u00e8re de cybers\u00e9curit\u00e9. Elle peut aider les organisations \u00e0 renforcer leur s\u00e9curit\u00e9. Les signaux d\u2019alerte sont d\u00e9tect\u00e9s plus rapidement et, gr\u00e2ce \u00e0 la r\u00e9ponse aux incidents, on peut \u00e9valuer plus rapidement ce qui ne va pas. Auparavant, il fallait parfois attendre plusieurs jours pour d\u00e9tecter une cyberattaque en cours. Avec l\u2019IA, il est possible de le faire en quelques heures.<\/span><\/p>\n<p class=\"p2\"><span class=\"s1\">D\u2019un autre c\u00f4t\u00e9, l\u2019IA peut bien s\u00fbr avoir des r\u00e9percussions moins positives. Il y a peu, j\u2019ai \u00e9t\u00e9 frapp\u00e9e par un slogan exhib\u00e9 lors d\u2019une manifestation : \u00ab Si vous ne pouvez pas faire de l\u2019IA de mani\u00e8re responsable, alors ne faites pas d\u2019IA du tout \u00bb. Le soir, en rentrant chez moi, j\u2019ai observ\u00e9 le comportement erratique des conducteurs dans les embouteillages. J\u2019ai pens\u00e9 : \u00ab Si vous ne pouvez pas conduire de mani\u00e8re responsable, ne conduisez pas du tout \u00bb. En fait, c\u2019est vrai pour tout : il faut agir de fa\u00e7on responsable dans tous les domaines. Et la technologie ne fait pas exception.\u00a0\u00bb<\/span><\/p>\n<p class=\"p1\"><span class=\"s1\"><b>Vous \u00eates \u00e9galement r\u00e9serviste dans l\u2019arm\u00e9e belge et active au sein du Cyber Command. Comment en <\/b><\/span><span class=\"s1\"><b>\u00eates-vous arriv\u00e9e l\u00e0 ?<\/b><\/span><\/p>\n<p class=\"p2\"><span class=\"s1\">Petite fille, je r\u00eavais de devenir pilote, comme mon parrain, qui \u00e9tait pilote dans l\u2019arm\u00e9e. Lorsque j\u2019ai d\u00fb porter des lunettes \u00e0 13 ans, cette ambition s\u2019est \u00e9vanouie. Mais elle ne m\u2019a jamais vraiment quitt\u00e9e. Au cours d\u2019une longue promenade \u00e0 v\u00e9lo entre Malines et Louvain pendant le Covid, un homme m\u2019a fait remarquer que je ne roulais pas bien. Nous avons \u00e9chang\u00e9 quelques mots et j\u2019ai compris qu\u2019il faisait partie des forces arm\u00e9es. Il m\u2019a parl\u00e9 d\u2019un cycle de formation dans le domaine de la d\u00e9fense, auquel je me suis inscrite. On y c\u00f4toie des officiers sup\u00e9rieurs et des civils et on y apprend, entre autres, la g\u00e9opolitique. C\u2019est fascinant. Dans le cadre de ce cursus, on m\u2019a demand\u00e9 si je voulais int\u00e9grer le <a href=\"https:\/\/www.mil.be\/fr\/a-propos-de-la-defense\/cyber-command\/\">Cyber Command<\/a>. Je fais partie de l\u2019\u00e9quipe Innovation, o\u00f9 je contribue \u00e0 la r\u00e9flexion sur ce que peut faire, par exemple, l\u2019IA.\u00a0<\/span><\/p>\n<h2 class=\"p1\"><span class=\"s1\">Leading ICT Lady<\/span><\/h2>\n<p class=\"p2\"><span class=\"s2\">Le 14 mars, Myriam Broeders a \u00e9t\u00e9 nomm\u00e9e <a href=\"https:\/\/shegoesict.be\/\">Leading ICT Lady de l\u2019ann\u00e9e 2024<\/a>. Pour octroyer ce prix, Data News recherche une femme qui excelle dans le leadership au sein du vaste secteur technologique. Une figure qui puisse inspirer les autres, faire avancer tout le monde dans la m\u00eame direction, une force motrice favorable au changement, ayant accompli de grandes choses. Et bien \u00e9videmment, une personne qui s\u2019efforce de cr\u00e9er un \u00e9cosyst\u00e8me TIC diversifi\u00e9, fond\u00e9 sur l\u2019\u00e9galit\u00e9 des genres.<\/span><\/p>\n","protected":false},"excerpt":{"rendered":"<p>\u00ab\u00a0Appelez-moi Myriam\u00a0\u00bb, prononce une voix enjou\u00e9e de l\u2019autre c\u00f4t\u00e9 de l\u2019\u00e9cran, \u00e0 quelque 7 881 kilom\u00e8tres d\u2019ici. Myriam Broeders vit \u00e0 Redmond, dans l\u2019\u00c9tat de Washington. Elle travaille au si\u00e8ge de Microsoft depuis le mois de mars. Elle est \u00e9galement r\u00e9serviste et Leading ICT Lady 2024. Entretien. Quelle fonction occupez-vous chez Microsoft ? Myriam Broeders [&hellip;]<\/p>\n","protected":false},"author":12,"featured_media":4743,"comment_status":"closed","ping_status":"closed","sticky":false,"template":"","format":"standard","meta":{"_acf_changed":false,"inline_featured_image":false,"footnotes":""},"categories":[15],"tags":[],"class_list":{"0":"post-4742","1":"post","2":"type-post","3":"status-publish","4":"format-standard","5":"has-post-thumbnail","7":"category-leadership"},"acf":[],"_yoast_wpseo_title":null,"_yoast_wpseo_metadesc":"Myriam Broeders, r\u00e9serviste et Leading ICT Lady 2024, travaille au si\u00e8ge de Microsoft depuis mars. D\u00e9couvrez son parcours inspirant.","auteur_traducteur":"","yoast_head":"<!-- This site is optimized with the Yoast SEO plugin v27.4 - https:\/\/yoast.com\/product\/yoast-seo-wordpress\/ -->\n<title>Myriam Broeders : &quot;Les femmes doivent plus se mettre en avant&quot; | Forbes Belgique<\/title>\n<meta name=\"description\" content=\"Myriam Broeders, r\u00e9serviste et Leading ICT Lady 2024, travaille au si\u00e8ge de Microsoft depuis mars. D\u00e9couvrez son parcours inspirant.\" \/>\n<meta name=\"robots\" content=\"index, follow, max-snippet:-1, max-image-preview:large, max-video-preview:-1\" \/>\n<link rel=\"canonical\" href=\"https:\/\/www.forbes.be\/fr\/myriam-broeders-les-femmes-doivent-plus-se-mettre-en-avant\/\" \/>\n<meta property=\"og:locale\" content=\"fr_FR\" \/>\n<meta property=\"og:type\" content=\"article\" \/>\n<meta property=\"og:title\" content=\"Myriam Broeders : &quot;Les femmes doivent plus se mettre en avant&quot; | Forbes Belgique\" \/>\n<meta property=\"og:description\" content=\"Myriam Broeders, r\u00e9serviste et Leading ICT Lady 2024, travaille au si\u00e8ge de Microsoft depuis mars. D\u00e9couvrez son parcours inspirant.\" \/>\n<meta property=\"og:url\" content=\"https:\/\/www.forbes.be\/fr\/myriam-broeders-les-femmes-doivent-plus-se-mettre-en-avant\/\" \/>\n<meta property=\"og:site_name\" content=\"Forbes Belgique\" \/>\n<meta property=\"article:publisher\" content=\"https:\/\/www.facebook.com\/forbesbelgique\/\" \/>\n<meta property=\"article:published_time\" content=\"2024-09-11T05:00:29+00:00\" \/>\n<meta property=\"og:image\" content=\"https:\/\/www.forbes.be\/fr\/wp-content\/uploads\/2024\/09\/Forbes_MSFT-MTC-Myriam-4.jpg\" \/>\n\t<meta property=\"og:image:width\" content=\"1200\" \/>\n\t<meta property=\"og:image:height\" content=\"628\" \/>\n\t<meta property=\"og:image:type\" content=\"image\/jpeg\" \/>\n<meta name=\"author\" content=\"Lieven Desmet\" \/>\n<meta name=\"twitter:card\" content=\"summary_large_image\" \/>\n<meta name=\"twitter:label1\" content=\"\u00c9crit par\" \/>\n\t<meta name=\"twitter:data1\" content=\"Lieven Desmet\" \/>\n\t<meta name=\"twitter:label2\" content=\"Dur\u00e9e de lecture estim\u00e9e\" \/>\n\t<meta name=\"twitter:data2\" content=\"7 minutes\" \/>\n<script type=\"application\/ld+json\" class=\"yoast-schema-graph\">{\"@context\":\"https:\\\/\\\/schema.org\",\"@graph\":[{\"@type\":\"NewsArticle\",\"@id\":\"https:\\\/\\\/www.forbes.be\\\/fr\\\/myriam-broeders-les-femmes-doivent-plus-se-mettre-en-avant\\\/#article\",\"isPartOf\":{\"@id\":\"https:\\\/\\\/www.forbes.be\\\/fr\\\/myriam-broeders-les-femmes-doivent-plus-se-mettre-en-avant\\\/\"},\"author\":{\"name\":\"Lieven Desmet\",\"@id\":\"https:\\\/\\\/www.forbes.be\\\/fr\\\/#\\\/schema\\\/person\\\/87d98a9bc7c6fb6996cabbdf269dd70a\"},\"headline\":\"Myriam Broeders : \u00ab\u00a0Les femmes doivent plus se mettre en avant\u00a0\u00bb\",\"datePublished\":\"2024-09-11T05:00:29+00:00\",\"mainEntityOfPage\":{\"@id\":\"https:\\\/\\\/www.forbes.be\\\/fr\\\/myriam-broeders-les-femmes-doivent-plus-se-mettre-en-avant\\\/\"},\"wordCount\":1396,\"publisher\":{\"@id\":\"https:\\\/\\\/www.forbes.be\\\/fr\\\/#organization\"},\"image\":{\"@id\":\"https:\\\/\\\/www.forbes.be\\\/fr\\\/myriam-broeders-les-femmes-doivent-plus-se-mettre-en-avant\\\/#primaryimage\"},\"thumbnailUrl\":\"https:\\\/\\\/www.forbes.be\\\/fr\\\/wp-content\\\/uploads\\\/2024\\\/09\\\/Forbes_MSFT-MTC-Myriam-4.jpg\",\"articleSection\":[\"Leadership\"],\"inLanguage\":\"fr-FR\"},{\"@type\":\"WebPage\",\"@id\":\"https:\\\/\\\/www.forbes.be\\\/fr\\\/myriam-broeders-les-femmes-doivent-plus-se-mettre-en-avant\\\/\",\"url\":\"https:\\\/\\\/www.forbes.be\\\/fr\\\/myriam-broeders-les-femmes-doivent-plus-se-mettre-en-avant\\\/\",\"name\":\"Myriam Broeders : \\\"Les femmes doivent plus se mettre en avant\\\" | Forbes Belgique\",\"isPartOf\":{\"@id\":\"https:\\\/\\\/www.forbes.be\\\/fr\\\/#website\"},\"primaryImageOfPage\":{\"@id\":\"https:\\\/\\\/www.forbes.be\\\/fr\\\/myriam-broeders-les-femmes-doivent-plus-se-mettre-en-avant\\\/#primaryimage\"},\"image\":{\"@id\":\"https:\\\/\\\/www.forbes.be\\\/fr\\\/myriam-broeders-les-femmes-doivent-plus-se-mettre-en-avant\\\/#primaryimage\"},\"thumbnailUrl\":\"https:\\\/\\\/www.forbes.be\\\/fr\\\/wp-content\\\/uploads\\\/2024\\\/09\\\/Forbes_MSFT-MTC-Myriam-4.jpg\",\"datePublished\":\"2024-09-11T05:00:29+00:00\",\"description\":\"Myriam Broeders, r\u00e9serviste et Leading ICT Lady 2024, travaille au si\u00e8ge de Microsoft depuis mars. D\u00e9couvrez son parcours inspirant.\",\"breadcrumb\":{\"@id\":\"https:\\\/\\\/www.forbes.be\\\/fr\\\/myriam-broeders-les-femmes-doivent-plus-se-mettre-en-avant\\\/#breadcrumb\"},\"inLanguage\":\"fr-FR\",\"potentialAction\":[{\"@type\":\"ReadAction\",\"target\":[\"https:\\\/\\\/www.forbes.be\\\/fr\\\/myriam-broeders-les-femmes-doivent-plus-se-mettre-en-avant\\\/\"]}]},{\"@type\":\"ImageObject\",\"inLanguage\":\"fr-FR\",\"@id\":\"https:\\\/\\\/www.forbes.be\\\/fr\\\/myriam-broeders-les-femmes-doivent-plus-se-mettre-en-avant\\\/#primaryimage\",\"url\":\"https:\\\/\\\/www.forbes.be\\\/fr\\\/wp-content\\\/uploads\\\/2024\\\/09\\\/Forbes_MSFT-MTC-Myriam-4.jpg\",\"contentUrl\":\"https:\\\/\\\/www.forbes.be\\\/fr\\\/wp-content\\\/uploads\\\/2024\\\/09\\\/Forbes_MSFT-MTC-Myriam-4.jpg\",\"width\":1200,\"height\":628,\"caption\":\"Myriam Boreders - \u00a9 Tom Van Dongen\"},{\"@type\":\"BreadcrumbList\",\"@id\":\"https:\\\/\\\/www.forbes.be\\\/fr\\\/myriam-broeders-les-femmes-doivent-plus-se-mettre-en-avant\\\/#breadcrumb\",\"itemListElement\":[{\"@type\":\"ListItem\",\"position\":1,\"name\":\"Accueil\",\"item\":\"https:\\\/\\\/www.forbes.be\\\/fr\\\/\"},{\"@type\":\"ListItem\",\"position\":2,\"name\":\"Myriam Broeders : \u00ab\u00a0Les femmes doivent plus se mettre en avant\u00a0\u00bb\"}]},{\"@type\":\"WebSite\",\"@id\":\"https:\\\/\\\/www.forbes.be\\\/fr\\\/#website\",\"url\":\"https:\\\/\\\/www.forbes.be\\\/fr\\\/\",\"name\":\"Forbes Belgique\",\"description\":\"\",\"publisher\":{\"@id\":\"https:\\\/\\\/www.forbes.be\\\/fr\\\/#organization\"},\"potentialAction\":[{\"@type\":\"SearchAction\",\"target\":{\"@type\":\"EntryPoint\",\"urlTemplate\":\"https:\\\/\\\/www.forbes.be\\\/fr\\\/?s={search_term_string}\"},\"query-input\":{\"@type\":\"PropertyValueSpecification\",\"valueRequired\":true,\"valueName\":\"search_term_string\"}}],\"inLanguage\":\"fr-FR\"},{\"@type\":\"Organization\",\"@id\":\"https:\\\/\\\/www.forbes.be\\\/fr\\\/#organization\",\"name\":\"Forbes Belgique\",\"url\":\"https:\\\/\\\/www.forbes.be\\\/fr\\\/\",\"logo\":{\"@type\":\"ImageObject\",\"inLanguage\":\"fr-FR\",\"@id\":\"https:\\\/\\\/www.forbes.be\\\/fr\\\/#\\\/schema\\\/logo\\\/image\\\/\",\"url\":\"https:\\\/\\\/www.forbes.be\\\/fr\\\/wp-content\\\/uploads\\\/2024\\\/02\\\/forbes.be_.png\",\"contentUrl\":\"https:\\\/\\\/www.forbes.be\\\/fr\\\/wp-content\\\/uploads\\\/2024\\\/02\\\/forbes.be_.png\",\"width\":1200,\"height\":675,\"caption\":\"Forbes Belgique\"},\"image\":{\"@id\":\"https:\\\/\\\/www.forbes.be\\\/fr\\\/#\\\/schema\\\/logo\\\/image\\\/\"},\"sameAs\":[\"https:\\\/\\\/www.facebook.com\\\/forbesbelgique\\\/\",\"https:\\\/\\\/www.instagram.com\\\/Forbes_Belgium\",\"https:\\\/\\\/www.linkedin.com\\\/company\\\/forbes-belgium\\\/\"]},{\"@type\":\"Person\",\"@id\":\"https:\\\/\\\/www.forbes.be\\\/fr\\\/#\\\/schema\\\/person\\\/87d98a9bc7c6fb6996cabbdf269dd70a\",\"name\":\"Lieven Desmet\",\"image\":{\"@type\":\"ImageObject\",\"inLanguage\":\"fr-FR\",\"@id\":\"https:\\\/\\\/www.forbes.be\\\/fr\\\/wp-content\\\/uploads\\\/2024\\\/01\\\/65-150x150.jpg\",\"url\":\"https:\\\/\\\/www.forbes.be\\\/fr\\\/wp-content\\\/uploads\\\/2024\\\/01\\\/65-150x150.jpg\",\"contentUrl\":\"https:\\\/\\\/www.forbes.be\\\/fr\\\/wp-content\\\/uploads\\\/2024\\\/01\\\/65-150x150.jpg\",\"caption\":\"Lieven Desmet\"},\"url\":\"https:\\\/\\\/www.forbes.be\\\/fr\\\/author\\\/lieven-desmet\\\/\"}]}<\/script>\n<!-- \/ Yoast SEO plugin. -->","yoast_head_json":{"title":"Myriam Broeders : \"Les femmes doivent plus se mettre en avant\" | Forbes Belgique","description":"Myriam Broeders, r\u00e9serviste et Leading ICT Lady 2024, travaille au si\u00e8ge de Microsoft depuis mars. D\u00e9couvrez son parcours inspirant.","robots":{"index":"index","follow":"follow","max-snippet":"max-snippet:-1","max-image-preview":"max-image-preview:large","max-video-preview":"max-video-preview:-1"},"canonical":"https:\/\/www.forbes.be\/fr\/myriam-broeders-les-femmes-doivent-plus-se-mettre-en-avant\/","og_locale":"fr_FR","og_type":"article","og_title":"Myriam Broeders : \"Les femmes doivent plus se mettre en avant\" | Forbes Belgique","og_description":"Myriam Broeders, r\u00e9serviste et Leading ICT Lady 2024, travaille au si\u00e8ge de Microsoft depuis mars. D\u00e9couvrez son parcours inspirant.","og_url":"https:\/\/www.forbes.be\/fr\/myriam-broeders-les-femmes-doivent-plus-se-mettre-en-avant\/","og_site_name":"Forbes Belgique","article_publisher":"https:\/\/www.facebook.com\/forbesbelgique\/","article_published_time":"2024-09-11T05:00:29+00:00","og_image":[{"width":1200,"height":628,"url":"https:\/\/www.forbes.be\/fr\/wp-content\/uploads\/2024\/09\/Forbes_MSFT-MTC-Myriam-4.jpg","type":"image\/jpeg"}],"author":"Lieven Desmet","twitter_card":"summary_large_image","twitter_misc":{"\u00c9crit par":"Lieven Desmet","Dur\u00e9e de lecture estim\u00e9e":"7 minutes"},"schema":{"@context":"https:\/\/schema.org","@graph":[{"@type":"NewsArticle","@id":"https:\/\/www.forbes.be\/fr\/myriam-broeders-les-femmes-doivent-plus-se-mettre-en-avant\/#article","isPartOf":{"@id":"https:\/\/www.forbes.be\/fr\/myriam-broeders-les-femmes-doivent-plus-se-mettre-en-avant\/"},"author":{"name":"Lieven Desmet","@id":"https:\/\/www.forbes.be\/fr\/#\/schema\/person\/87d98a9bc7c6fb6996cabbdf269dd70a"},"headline":"Myriam Broeders : \u00ab\u00a0Les femmes doivent plus se mettre en avant\u00a0\u00bb","datePublished":"2024-09-11T05:00:29+00:00","mainEntityOfPage":{"@id":"https:\/\/www.forbes.be\/fr\/myriam-broeders-les-femmes-doivent-plus-se-mettre-en-avant\/"},"wordCount":1396,"publisher":{"@id":"https:\/\/www.forbes.be\/fr\/#organization"},"image":{"@id":"https:\/\/www.forbes.be\/fr\/myriam-broeders-les-femmes-doivent-plus-se-mettre-en-avant\/#primaryimage"},"thumbnailUrl":"https:\/\/www.forbes.be\/fr\/wp-content\/uploads\/2024\/09\/Forbes_MSFT-MTC-Myriam-4.jpg","articleSection":["Leadership"],"inLanguage":"fr-FR"},{"@type":"WebPage","@id":"https:\/\/www.forbes.be\/fr\/myriam-broeders-les-femmes-doivent-plus-se-mettre-en-avant\/","url":"https:\/\/www.forbes.be\/fr\/myriam-broeders-les-femmes-doivent-plus-se-mettre-en-avant\/","name":"Myriam Broeders : \"Les femmes doivent plus se mettre en avant\" | Forbes Belgique","isPartOf":{"@id":"https:\/\/www.forbes.be\/fr\/#website"},"primaryImageOfPage":{"@id":"https:\/\/www.forbes.be\/fr\/myriam-broeders-les-femmes-doivent-plus-se-mettre-en-avant\/#primaryimage"},"image":{"@id":"https:\/\/www.forbes.be\/fr\/myriam-broeders-les-femmes-doivent-plus-se-mettre-en-avant\/#primaryimage"},"thumbnailUrl":"https:\/\/www.forbes.be\/fr\/wp-content\/uploads\/2024\/09\/Forbes_MSFT-MTC-Myriam-4.jpg","datePublished":"2024-09-11T05:00:29+00:00","description":"Myriam Broeders, r\u00e9serviste et Leading ICT Lady 2024, travaille au si\u00e8ge de Microsoft depuis mars. D\u00e9couvrez son parcours inspirant.","breadcrumb":{"@id":"https:\/\/www.forbes.be\/fr\/myriam-broeders-les-femmes-doivent-plus-se-mettre-en-avant\/#breadcrumb"},"inLanguage":"fr-FR","potentialAction":[{"@type":"ReadAction","target":["https:\/\/www.forbes.be\/fr\/myriam-broeders-les-femmes-doivent-plus-se-mettre-en-avant\/"]}]},{"@type":"ImageObject","inLanguage":"fr-FR","@id":"https:\/\/www.forbes.be\/fr\/myriam-broeders-les-femmes-doivent-plus-se-mettre-en-avant\/#primaryimage","url":"https:\/\/www.forbes.be\/fr\/wp-content\/uploads\/2024\/09\/Forbes_MSFT-MTC-Myriam-4.jpg","contentUrl":"https:\/\/www.forbes.be\/fr\/wp-content\/uploads\/2024\/09\/Forbes_MSFT-MTC-Myriam-4.jpg","width":1200,"height":628,"caption":"Myriam Boreders - \u00a9 Tom Van Dongen"},{"@type":"BreadcrumbList","@id":"https:\/\/www.forbes.be\/fr\/myriam-broeders-les-femmes-doivent-plus-se-mettre-en-avant\/#breadcrumb","itemListElement":[{"@type":"ListItem","position":1,"name":"Accueil","item":"https:\/\/www.forbes.be\/fr\/"},{"@type":"ListItem","position":2,"name":"Myriam Broeders : \u00ab\u00a0Les femmes doivent plus se mettre en avant\u00a0\u00bb"}]},{"@type":"WebSite","@id":"https:\/\/www.forbes.be\/fr\/#website","url":"https:\/\/www.forbes.be\/fr\/","name":"Forbes Belgique","description":"","publisher":{"@id":"https:\/\/www.forbes.be\/fr\/#organization"},"potentialAction":[{"@type":"SearchAction","target":{"@type":"EntryPoint","urlTemplate":"https:\/\/www.forbes.be\/fr\/?s={search_term_string}"},"query-input":{"@type":"PropertyValueSpecification","valueRequired":true,"valueName":"search_term_string"}}],"inLanguage":"fr-FR"},{"@type":"Organization","@id":"https:\/\/www.forbes.be\/fr\/#organization","name":"Forbes Belgique","url":"https:\/\/www.forbes.be\/fr\/","logo":{"@type":"ImageObject","inLanguage":"fr-FR","@id":"https:\/\/www.forbes.be\/fr\/#\/schema\/logo\/image\/","url":"https:\/\/www.forbes.be\/fr\/wp-content\/uploads\/2024\/02\/forbes.be_.png","contentUrl":"https:\/\/www.forbes.be\/fr\/wp-content\/uploads\/2024\/02\/forbes.be_.png","width":1200,"height":675,"caption":"Forbes Belgique"},"image":{"@id":"https:\/\/www.forbes.be\/fr\/#\/schema\/logo\/image\/"},"sameAs":["https:\/\/www.facebook.com\/forbesbelgique\/","https:\/\/www.instagram.com\/Forbes_Belgium","https:\/\/www.linkedin.com\/company\/forbes-belgium\/"]},{"@type":"Person","@id":"https:\/\/www.forbes.be\/fr\/#\/schema\/person\/87d98a9bc7c6fb6996cabbdf269dd70a","name":"Lieven Desmet","image":{"@type":"ImageObject","inLanguage":"fr-FR","@id":"https:\/\/www.forbes.be\/fr\/wp-content\/uploads\/2024\/01\/65-150x150.jpg","url":"https:\/\/www.forbes.be\/fr\/wp-content\/uploads\/2024\/01\/65-150x150.jpg","contentUrl":"https:\/\/www.forbes.be\/fr\/wp-content\/uploads\/2024\/01\/65-150x150.jpg","caption":"Lieven Desmet"},"url":"https:\/\/www.forbes.be\/fr\/author\/lieven-desmet\/"}]}},"_links":{"self":[{"href":"https:\/\/www.forbes.be\/fr\/wp-json\/wp\/v2\/posts\/4742","targetHints":{"allow":["GET"]}}],"collection":[{"href":"https:\/\/www.forbes.be\/fr\/wp-json\/wp\/v2\/posts"}],"about":[{"href":"https:\/\/www.forbes.be\/fr\/wp-json\/wp\/v2\/types\/post"}],"author":[{"embeddable":true,"href":"https:\/\/www.forbes.be\/fr\/wp-json\/wp\/v2\/users\/12"}],"replies":[{"embeddable":true,"href":"https:\/\/www.forbes.be\/fr\/wp-json\/wp\/v2\/comments?post=4742"}],"version-history":[{"count":3,"href":"https:\/\/www.forbes.be\/fr\/wp-json\/wp\/v2\/posts\/4742\/revisions"}],"predecessor-version":[{"id":4778,"href":"https:\/\/www.forbes.be\/fr\/wp-json\/wp\/v2\/posts\/4742\/revisions\/4778"}],"wp:featuredmedia":[{"embeddable":true,"href":"https:\/\/www.forbes.be\/fr\/wp-json\/wp\/v2\/media\/4743"}],"wp:attachment":[{"href":"https:\/\/www.forbes.be\/fr\/wp-json\/wp\/v2\/media?parent=4742"}],"wp:term":[{"taxonomy":"category","embeddable":true,"href":"https:\/\/www.forbes.be\/fr\/wp-json\/wp\/v2\/categories?post=4742"},{"taxonomy":"post_tag","embeddable":true,"href":"https:\/\/www.forbes.be\/fr\/wp-json\/wp\/v2\/tags?post=4742"}],"curies":[{"name":"wp","href":"https:\/\/api.w.org\/{rel}","templated":true}]}}