{"id":4825,"date":"2024-09-13T14:00:54","date_gmt":"2024-09-13T12:00:54","guid":{"rendered":"https:\/\/www.forbes.be\/fr\/?p=4825"},"modified":"2024-09-18T16:09:49","modified_gmt":"2024-09-18T14:09:49","slug":"lia-generative-dans-les-iphones-ce-nest-pas-pour-tout-de-suite-en-europe","status":"publish","type":"post","link":"https:\/\/www.forbes.be\/fr\/lia-generative-dans-les-iphones-ce-nest-pas-pour-tout-de-suite-en-europe\/","title":{"rendered":"L&rsquo;IA g\u00e9n\u00e9rative dans les iPhones&#8230; ce n&rsquo;est pas pour tout de suite en Europe"},"content":{"rendered":"<p>Comme chaque ann\u00e9e, le d\u00e9but du mois de septembre est marqu\u00e9 par la plus importante \u00ab\u00a0<a href=\"https:\/\/www.youtube.com\/watch?v=uarNiSl_uh4\">keynote<\/a>\u00a0\u00bb de l&rsquo;ann\u00e9e pour Apple. C&rsquo;est en effet traditionnellement en septembre que les <a href=\"https:\/\/www.apple.com\/befr\/iphone\/\">iPhones<\/a> sont pr\u00e9sent\u00e9s durant un show \u00e9v\u00e9nementiel. La marque \u00e0 la pomme a ainsi pr\u00e9sent\u00e9 la 16e version de son c\u00e9l\u00e8bre smartphone. Pour la premi\u00e8re fois, celui-ci embarque de l&rsquo;intelligence artificielle g\u00e9n\u00e9rative int\u00e9gr\u00e9e, l&rsquo;Apple Intelligence, sur laquelle le g\u00e9ant am\u00e9ricain mise tr\u00e8s gros&#8230; sauf qu&rsquo;elle se fera attendre jusqu&rsquo;en 2025 en Europe.<\/p>\n<p>L&rsquo;annonce \u00e9tait tr\u00e8s attendue. Apple a pr\u00e9sent\u00e9 pas moins de quatre smartphones: les <a href=\"https:\/\/www.apple.com\/befr\/iphone-16\/\">iPhones 16<\/a> (disponible \u00e0 partir de 969 euros), 16 Plus (1.119 euros), <a href=\"https:\/\/www.apple.com\/be-fr\/shop\/buy-iphone\/iphone-16-pro\">16 Pro<\/a> (1.229 euros) et 16 Pro Max (1.479 euros). Ils seront disponibles d\u00e8s le 20 septembre en Belgique.<\/p>\n<h2>Encore un peu de patience&#8230;<\/h2>\n<p>Mais ce qui \u00e9tait surtout attendu, c&rsquo;\u00e9tait de savoir si ces appareils seraient dot\u00e9s du nouveau syst\u00e8me d&rsquo;IA d&rsquo;Apple, pr\u00e9sent\u00e9 d\u00e9but juin. Et c&rsquo;est bien le cas. Enfin&#8230; presque. Il faudra tout de m\u00eame attendre une mise \u00e0 jour du syst\u00e8me d&rsquo;exploitation des iPhones 16, 15 Pro et 15 Pro Max \u00ab\u00a0cet automne\u00a0\u00bb.<\/p>\n<p><span class=\"es-highlight\">\u00ab\u00a0<a href=\"https:\/\/www.apple.com\/newsroom\/2024\/09\/apple-intelligence-comes-to-iphone-ipad-and-mac-starting-next-month\/\">Apple<\/a><\/span> Intelligence marque le d\u00e9but d&rsquo;une nouvelle \u00e8re pour l&rsquo;assistant vocal Siri\u00a0\u00bb, a en tous les cas soulign\u00e9 un responsable de la marque \u00e0 la pomme durant la keynote. Celui-ci sera \u00ab\u00a0plus naturel, plus adapt\u00e9 au contexte dans lequel vous vous trouvez, et plus personnel\u00a0\u00bb, promet Apple. Une version francophone est attendue courant 2025, et d&rsquo;ici l\u00e0 il faudra donc l&rsquo;utiliser en anglais.<\/p>\n<p>L&rsquo;IA g\u00e9n\u00e9rative permettra des transformer des notes en un ensemble bien r\u00e9dig\u00e9, de cr\u00e9er des illustrations \u00e0 partir de simples requ\u00eates, de r\u00e9sumer le contenu d&rsquo;un email dans la notification (plut\u00f4t que d&rsquo;y voir les premi\u00e8res lignes) ou encore de poser des questions orales plus compliqu\u00e9es \u00e0 Siri afin de retrouver une photo ou le moment d&rsquo;une vid\u00e9o dans son appareil.<\/p>\n<h2>D\u00e9j\u00e0 de l&rsquo;IA g\u00e9n\u00e9rative \u00e0 la concurrence<\/h2>\n<p>Autant de prouesses que l&rsquo;IA g\u00e9n\u00e9rative permet d\u00e9j\u00e0 de r\u00e9aliser sur bien d&rsquo;autres smartphones, la plupart haut de gamme. Samsung (dans sa s\u00e9rie S24 et ses t\u00e9l\u00e9phones pliables<a href=\"https:\/\/www.forbes.be\/fr\/samsung-reinvente-la-technologie-mobile-et-la-sante-numerique\/\"> Z Fold et Z Flip<\/a>) et Google (dans sa gamme <a href=\"https:\/\/www.forbes.be\/fr\/des-smartphones-puissance-4-et-boostes-a-lia-pour-google-prets-a-larrivee-de-liphone-16\/\">Pixel 9<\/a>) ont par exemple d\u00e9j\u00e0 embarqu\u00e9 leur bonne dose d&rsquo;intelligence artificielle depuis plusieurs mois.<\/p>\n<p>La marque \u00e0 la pomme mise donc tr\u00e8s gros en se lan\u00e7ant enfin sur ce march\u00e9 de l&rsquo;IA g\u00e9n\u00e9rative embarqu\u00e9e. Mais il faudra sans doute attendre 2025 pour voir les iPhones et leur nouvelle technologie \u00e0 leur pleine puissance en Europe, un march\u00e9 pourtant essentiel pour Apple, le temps pour le g\u00e9ant am\u00e9ricain de s&rsquo;adapter aux tr\u00e8s strictes exigences europ\u00e9ennes en la mati\u00e8re.<\/p>\n","protected":false},"excerpt":{"rendered":"<p>Comme chaque ann\u00e9e, le d\u00e9but du mois de septembre est marqu\u00e9 par la plus importante \u00ab\u00a0keynote\u00a0\u00bb de l&rsquo;ann\u00e9e pour Apple. C&rsquo;est en effet traditionnellement en septembre que les iPhones sont pr\u00e9sent\u00e9s durant un show \u00e9v\u00e9nementiel. La marque \u00e0 la pomme a ainsi pr\u00e9sent\u00e9 la 16e version de son c\u00e9l\u00e8bre smartphone. Pour la premi\u00e8re fois, celui-ci [&hellip;]<\/p>\n","protected":false},"author":37,"featured_media":5028,"comment_status":"closed","ping_status":"closed","sticky":false,"template":"","format":"standard","meta":{"_acf_changed":false,"inline_featured_image":false,"footnotes":""},"categories":[1,14],"tags":[],"class_list":{"0":"post-4825","1":"post","2":"type-post","3":"status-publish","4":"format-standard","5":"has-post-thumbnail","7":"category-actualite","8":"category-innovation"},"acf":[],"_yoast_wpseo_title":null,"_yoast_wpseo_metadesc":"La marque \u00e0 la pomme a pr\u00e9sent\u00e9 la 16e version de son c\u00e9l\u00e8bre iPhone. Pour la premi\u00e8re fois, celui-ci embarque de l'intelligence artificielle g\u00e9n\u00e9rative int\u00e9gr\u00e9e, l'Apple Intelligence, sur laquelle le g\u00e9ant am\u00e9ricain mise tr\u00e8s gros...","auteur_traducteur":"","yoast_head":"<!-- This site is optimized with the Yoast SEO plugin v27.4 - https:\/\/yoast.com\/product\/yoast-seo-wordpress\/ -->\n<title>L&#039;IA g\u00e9n\u00e9rative dans les iPhones... ce n&#039;est pas pour tout de suite en Europe | Forbes Belgique<\/title>\n<meta name=\"description\" content=\"La marque \u00e0 la pomme a pr\u00e9sent\u00e9 la 16e version de son c\u00e9l\u00e8bre iPhone. Pour la premi\u00e8re fois, celui-ci embarque de l&#039;intelligence artificielle g\u00e9n\u00e9rative int\u00e9gr\u00e9e, l&#039;Apple Intelligence, sur laquelle le g\u00e9ant am\u00e9ricain mise tr\u00e8s gros...\" \/>\n<meta name=\"robots\" content=\"index, follow, max-snippet:-1, max-image-preview:large, max-video-preview:-1\" \/>\n<link rel=\"canonical\" href=\"https:\/\/www.forbes.be\/fr\/lia-generative-dans-les-iphones-ce-nest-pas-pour-tout-de-suite-en-europe\/\" \/>\n<meta property=\"og:locale\" content=\"fr_FR\" \/>\n<meta property=\"og:type\" content=\"article\" \/>\n<meta property=\"og:title\" content=\"L&#039;IA g\u00e9n\u00e9rative dans les iPhones... ce n&#039;est pas pour tout de suite en Europe | Forbes Belgique\" \/>\n<meta property=\"og:description\" content=\"La marque \u00e0 la pomme a pr\u00e9sent\u00e9 la 16e version de son c\u00e9l\u00e8bre iPhone. Pour la premi\u00e8re fois, celui-ci embarque de l&#039;intelligence artificielle g\u00e9n\u00e9rative int\u00e9gr\u00e9e, l&#039;Apple Intelligence, sur laquelle le g\u00e9ant am\u00e9ricain mise tr\u00e8s gros...\" \/>\n<meta property=\"og:url\" content=\"https:\/\/www.forbes.be\/fr\/lia-generative-dans-les-iphones-ce-nest-pas-pour-tout-de-suite-en-europe\/\" \/>\n<meta property=\"og:site_name\" content=\"Forbes Belgique\" \/>\n<meta property=\"article:publisher\" content=\"https:\/\/www.facebook.com\/forbesbelgique\/\" \/>\n<meta property=\"article:published_time\" content=\"2024-09-13T12:00:54+00:00\" \/>\n<meta property=\"article:modified_time\" content=\"2024-09-18T14:09:49+00:00\" \/>\n<meta property=\"og:image\" content=\"https:\/\/www.forbes.be\/fr\/wp-content\/uploads\/2024\/09\/Apple-iPhone-16-finish-lineup-240909_big.jpg.large_-e1726668572560.jpg\" \/>\n\t<meta property=\"og:image:width\" content=\"980\" \/>\n\t<meta property=\"og:image:height\" content=\"579\" \/>\n\t<meta property=\"og:image:type\" content=\"image\/jpeg\" \/>\n<meta name=\"author\" content=\"Juan Godbille\" \/>\n<meta name=\"twitter:card\" content=\"summary_large_image\" \/>\n<meta name=\"twitter:label1\" content=\"\u00c9crit par\" \/>\n\t<meta name=\"twitter:data1\" content=\"Juan Godbille\" \/>\n\t<meta name=\"twitter:label2\" content=\"Dur\u00e9e de lecture estim\u00e9e\" \/>\n\t<meta name=\"twitter:data2\" content=\"3 minutes\" \/>\n<script type=\"application\/ld+json\" class=\"yoast-schema-graph\">{\"@context\":\"https:\\\/\\\/schema.org\",\"@graph\":[{\"@type\":\"NewsArticle\",\"@id\":\"https:\\\/\\\/www.forbes.be\\\/fr\\\/lia-generative-dans-les-iphones-ce-nest-pas-pour-tout-de-suite-en-europe\\\/#article\",\"isPartOf\":{\"@id\":\"https:\\\/\\\/www.forbes.be\\\/fr\\\/lia-generative-dans-les-iphones-ce-nest-pas-pour-tout-de-suite-en-europe\\\/\"},\"author\":{\"name\":\"Juan Godbille\",\"@id\":\"https:\\\/\\\/www.forbes.be\\\/fr\\\/#\\\/schema\\\/person\\\/0d449791ef6199da3d469eca714eb773\"},\"headline\":\"L&rsquo;IA g\u00e9n\u00e9rative dans les iPhones&#8230; ce n&rsquo;est pas pour tout de suite en Europe\",\"datePublished\":\"2024-09-13T12:00:54+00:00\",\"dateModified\":\"2024-09-18T14:09:49+00:00\",\"mainEntityOfPage\":{\"@id\":\"https:\\\/\\\/www.forbes.be\\\/fr\\\/lia-generative-dans-les-iphones-ce-nest-pas-pour-tout-de-suite-en-europe\\\/\"},\"wordCount\":479,\"publisher\":{\"@id\":\"https:\\\/\\\/www.forbes.be\\\/fr\\\/#organization\"},\"image\":{\"@id\":\"https:\\\/\\\/www.forbes.be\\\/fr\\\/lia-generative-dans-les-iphones-ce-nest-pas-pour-tout-de-suite-en-europe\\\/#primaryimage\"},\"thumbnailUrl\":\"https:\\\/\\\/www.forbes.be\\\/fr\\\/wp-content\\\/uploads\\\/2024\\\/09\\\/Apple-iPhone-16-finish-lineup-240909_big.jpg.large_-e1726668572560.jpg\",\"articleSection\":[\"Actualit\u00e9s\",\"Innovation\"],\"inLanguage\":\"fr-FR\"},{\"@type\":\"WebPage\",\"@id\":\"https:\\\/\\\/www.forbes.be\\\/fr\\\/lia-generative-dans-les-iphones-ce-nest-pas-pour-tout-de-suite-en-europe\\\/\",\"url\":\"https:\\\/\\\/www.forbes.be\\\/fr\\\/lia-generative-dans-les-iphones-ce-nest-pas-pour-tout-de-suite-en-europe\\\/\",\"name\":\"L'IA g\u00e9n\u00e9rative dans les iPhones... ce n'est pas pour tout de suite en Europe | Forbes Belgique\",\"isPartOf\":{\"@id\":\"https:\\\/\\\/www.forbes.be\\\/fr\\\/#website\"},\"primaryImageOfPage\":{\"@id\":\"https:\\\/\\\/www.forbes.be\\\/fr\\\/lia-generative-dans-les-iphones-ce-nest-pas-pour-tout-de-suite-en-europe\\\/#primaryimage\"},\"image\":{\"@id\":\"https:\\\/\\\/www.forbes.be\\\/fr\\\/lia-generative-dans-les-iphones-ce-nest-pas-pour-tout-de-suite-en-europe\\\/#primaryimage\"},\"thumbnailUrl\":\"https:\\\/\\\/www.forbes.be\\\/fr\\\/wp-content\\\/uploads\\\/2024\\\/09\\\/Apple-iPhone-16-finish-lineup-240909_big.jpg.large_-e1726668572560.jpg\",\"datePublished\":\"2024-09-13T12:00:54+00:00\",\"dateModified\":\"2024-09-18T14:09:49+00:00\",\"description\":\"La marque \u00e0 la pomme a pr\u00e9sent\u00e9 la 16e version de son c\u00e9l\u00e8bre iPhone. Pour la premi\u00e8re fois, celui-ci embarque de l'intelligence artificielle g\u00e9n\u00e9rative int\u00e9gr\u00e9e, l'Apple Intelligence, sur laquelle le g\u00e9ant am\u00e9ricain mise tr\u00e8s gros...\",\"breadcrumb\":{\"@id\":\"https:\\\/\\\/www.forbes.be\\\/fr\\\/lia-generative-dans-les-iphones-ce-nest-pas-pour-tout-de-suite-en-europe\\\/#breadcrumb\"},\"inLanguage\":\"fr-FR\",\"potentialAction\":[{\"@type\":\"ReadAction\",\"target\":[\"https:\\\/\\\/www.forbes.be\\\/fr\\\/lia-generative-dans-les-iphones-ce-nest-pas-pour-tout-de-suite-en-europe\\\/\"]}]},{\"@type\":\"ImageObject\",\"inLanguage\":\"fr-FR\",\"@id\":\"https:\\\/\\\/www.forbes.be\\\/fr\\\/lia-generative-dans-les-iphones-ce-nest-pas-pour-tout-de-suite-en-europe\\\/#primaryimage\",\"url\":\"https:\\\/\\\/www.forbes.be\\\/fr\\\/wp-content\\\/uploads\\\/2024\\\/09\\\/Apple-iPhone-16-finish-lineup-240909_big.jpg.large_-e1726668572560.jpg\",\"contentUrl\":\"https:\\\/\\\/www.forbes.be\\\/fr\\\/wp-content\\\/uploads\\\/2024\\\/09\\\/Apple-iPhone-16-finish-lineup-240909_big.jpg.large_-e1726668572560.jpg\",\"width\":980,\"height\":579},{\"@type\":\"BreadcrumbList\",\"@id\":\"https:\\\/\\\/www.forbes.be\\\/fr\\\/lia-generative-dans-les-iphones-ce-nest-pas-pour-tout-de-suite-en-europe\\\/#breadcrumb\",\"itemListElement\":[{\"@type\":\"ListItem\",\"position\":1,\"name\":\"Accueil\",\"item\":\"https:\\\/\\\/www.forbes.be\\\/fr\\\/\"},{\"@type\":\"ListItem\",\"position\":2,\"name\":\"L&rsquo;IA g\u00e9n\u00e9rative dans les iPhones&#8230; ce n&rsquo;est pas pour tout de suite en Europe\"}]},{\"@type\":\"WebSite\",\"@id\":\"https:\\\/\\\/www.forbes.be\\\/fr\\\/#website\",\"url\":\"https:\\\/\\\/www.forbes.be\\\/fr\\\/\",\"name\":\"Forbes Belgique\",\"description\":\"\",\"publisher\":{\"@id\":\"https:\\\/\\\/www.forbes.be\\\/fr\\\/#organization\"},\"potentialAction\":[{\"@type\":\"SearchAction\",\"target\":{\"@type\":\"EntryPoint\",\"urlTemplate\":\"https:\\\/\\\/www.forbes.be\\\/fr\\\/?s={search_term_string}\"},\"query-input\":{\"@type\":\"PropertyValueSpecification\",\"valueRequired\":true,\"valueName\":\"search_term_string\"}}],\"inLanguage\":\"fr-FR\"},{\"@type\":\"Organization\",\"@id\":\"https:\\\/\\\/www.forbes.be\\\/fr\\\/#organization\",\"name\":\"Forbes Belgique\",\"url\":\"https:\\\/\\\/www.forbes.be\\\/fr\\\/\",\"logo\":{\"@type\":\"ImageObject\",\"inLanguage\":\"fr-FR\",\"@id\":\"https:\\\/\\\/www.forbes.be\\\/fr\\\/#\\\/schema\\\/logo\\\/image\\\/\",\"url\":\"https:\\\/\\\/www.forbes.be\\\/fr\\\/wp-content\\\/uploads\\\/2024\\\/02\\\/forbes.be_.png\",\"contentUrl\":\"https:\\\/\\\/www.forbes.be\\\/fr\\\/wp-content\\\/uploads\\\/2024\\\/02\\\/forbes.be_.png\",\"width\":1200,\"height\":675,\"caption\":\"Forbes Belgique\"},\"image\":{\"@id\":\"https:\\\/\\\/www.forbes.be\\\/fr\\\/#\\\/schema\\\/logo\\\/image\\\/\"},\"sameAs\":[\"https:\\\/\\\/www.facebook.com\\\/forbesbelgique\\\/\",\"https:\\\/\\\/www.instagram.com\\\/Forbes_Belgium\",\"https:\\\/\\\/www.linkedin.com\\\/company\\\/forbes-belgium\\\/\"]},{\"@type\":\"Person\",\"@id\":\"https:\\\/\\\/www.forbes.be\\\/fr\\\/#\\\/schema\\\/person\\\/0d449791ef6199da3d469eca714eb773\",\"name\":\"Juan Godbille\",\"image\":{\"@type\":\"ImageObject\",\"inLanguage\":\"fr-FR\",\"@id\":\"https:\\\/\\\/secure.gravatar.com\\\/avatar\\\/de6d740453251c69ae34e42cfef9688bc2a5c942d7cab09074e7064fbac13ac9?s=96&d=mm&r=g\",\"url\":\"https:\\\/\\\/secure.gravatar.com\\\/avatar\\\/de6d740453251c69ae34e42cfef9688bc2a5c942d7cab09074e7064fbac13ac9?s=96&d=mm&r=g\",\"contentUrl\":\"https:\\\/\\\/secure.gravatar.com\\\/avatar\\\/de6d740453251c69ae34e42cfef9688bc2a5c942d7cab09074e7064fbac13ac9?s=96&d=mm&r=g\",\"caption\":\"Juan Godbille\"},\"url\":\"https:\\\/\\\/www.forbes.be\\\/fr\\\/author\\\/juan-godbille\\\/\"}]}<\/script>\n<!-- \/ Yoast SEO plugin. -->","yoast_head_json":{"title":"L'IA g\u00e9n\u00e9rative dans les iPhones... ce n'est pas pour tout de suite en Europe | Forbes Belgique","description":"La marque \u00e0 la pomme a pr\u00e9sent\u00e9 la 16e version de son c\u00e9l\u00e8bre iPhone. Pour la premi\u00e8re fois, celui-ci embarque de l'intelligence artificielle g\u00e9n\u00e9rative int\u00e9gr\u00e9e, l'Apple Intelligence, sur laquelle le g\u00e9ant am\u00e9ricain mise tr\u00e8s gros...","robots":{"index":"index","follow":"follow","max-snippet":"max-snippet:-1","max-image-preview":"max-image-preview:large","max-video-preview":"max-video-preview:-1"},"canonical":"https:\/\/www.forbes.be\/fr\/lia-generative-dans-les-iphones-ce-nest-pas-pour-tout-de-suite-en-europe\/","og_locale":"fr_FR","og_type":"article","og_title":"L'IA g\u00e9n\u00e9rative dans les iPhones... ce n'est pas pour tout de suite en Europe | Forbes Belgique","og_description":"La marque \u00e0 la pomme a pr\u00e9sent\u00e9 la 16e version de son c\u00e9l\u00e8bre iPhone. Pour la premi\u00e8re fois, celui-ci embarque de l'intelligence artificielle g\u00e9n\u00e9rative int\u00e9gr\u00e9e, l'Apple Intelligence, sur laquelle le g\u00e9ant am\u00e9ricain mise tr\u00e8s gros...","og_url":"https:\/\/www.forbes.be\/fr\/lia-generative-dans-les-iphones-ce-nest-pas-pour-tout-de-suite-en-europe\/","og_site_name":"Forbes Belgique","article_publisher":"https:\/\/www.facebook.com\/forbesbelgique\/","article_published_time":"2024-09-13T12:00:54+00:00","article_modified_time":"2024-09-18T14:09:49+00:00","og_image":[{"width":980,"height":579,"url":"https:\/\/www.forbes.be\/fr\/wp-content\/uploads\/2024\/09\/Apple-iPhone-16-finish-lineup-240909_big.jpg.large_-e1726668572560.jpg","type":"image\/jpeg"}],"author":"Juan Godbille","twitter_card":"summary_large_image","twitter_misc":{"\u00c9crit par":"Juan Godbille","Dur\u00e9e de lecture estim\u00e9e":"3 minutes"},"schema":{"@context":"https:\/\/schema.org","@graph":[{"@type":"NewsArticle","@id":"https:\/\/www.forbes.be\/fr\/lia-generative-dans-les-iphones-ce-nest-pas-pour-tout-de-suite-en-europe\/#article","isPartOf":{"@id":"https:\/\/www.forbes.be\/fr\/lia-generative-dans-les-iphones-ce-nest-pas-pour-tout-de-suite-en-europe\/"},"author":{"name":"Juan Godbille","@id":"https:\/\/www.forbes.be\/fr\/#\/schema\/person\/0d449791ef6199da3d469eca714eb773"},"headline":"L&rsquo;IA g\u00e9n\u00e9rative dans les iPhones&#8230; ce n&rsquo;est pas pour tout de suite en Europe","datePublished":"2024-09-13T12:00:54+00:00","dateModified":"2024-09-18T14:09:49+00:00","mainEntityOfPage":{"@id":"https:\/\/www.forbes.be\/fr\/lia-generative-dans-les-iphones-ce-nest-pas-pour-tout-de-suite-en-europe\/"},"wordCount":479,"publisher":{"@id":"https:\/\/www.forbes.be\/fr\/#organization"},"image":{"@id":"https:\/\/www.forbes.be\/fr\/lia-generative-dans-les-iphones-ce-nest-pas-pour-tout-de-suite-en-europe\/#primaryimage"},"thumbnailUrl":"https:\/\/www.forbes.be\/fr\/wp-content\/uploads\/2024\/09\/Apple-iPhone-16-finish-lineup-240909_big.jpg.large_-e1726668572560.jpg","articleSection":["Actualit\u00e9s","Innovation"],"inLanguage":"fr-FR"},{"@type":"WebPage","@id":"https:\/\/www.forbes.be\/fr\/lia-generative-dans-les-iphones-ce-nest-pas-pour-tout-de-suite-en-europe\/","url":"https:\/\/www.forbes.be\/fr\/lia-generative-dans-les-iphones-ce-nest-pas-pour-tout-de-suite-en-europe\/","name":"L'IA g\u00e9n\u00e9rative dans les iPhones... ce n'est pas pour tout de suite en Europe | Forbes Belgique","isPartOf":{"@id":"https:\/\/www.forbes.be\/fr\/#website"},"primaryImageOfPage":{"@id":"https:\/\/www.forbes.be\/fr\/lia-generative-dans-les-iphones-ce-nest-pas-pour-tout-de-suite-en-europe\/#primaryimage"},"image":{"@id":"https:\/\/www.forbes.be\/fr\/lia-generative-dans-les-iphones-ce-nest-pas-pour-tout-de-suite-en-europe\/#primaryimage"},"thumbnailUrl":"https:\/\/www.forbes.be\/fr\/wp-content\/uploads\/2024\/09\/Apple-iPhone-16-finish-lineup-240909_big.jpg.large_-e1726668572560.jpg","datePublished":"2024-09-13T12:00:54+00:00","dateModified":"2024-09-18T14:09:49+00:00","description":"La marque \u00e0 la pomme a pr\u00e9sent\u00e9 la 16e version de son c\u00e9l\u00e8bre iPhone. Pour la premi\u00e8re fois, celui-ci embarque de l'intelligence artificielle g\u00e9n\u00e9rative int\u00e9gr\u00e9e, l'Apple Intelligence, sur laquelle le g\u00e9ant am\u00e9ricain mise tr\u00e8s gros...","breadcrumb":{"@id":"https:\/\/www.forbes.be\/fr\/lia-generative-dans-les-iphones-ce-nest-pas-pour-tout-de-suite-en-europe\/#breadcrumb"},"inLanguage":"fr-FR","potentialAction":[{"@type":"ReadAction","target":["https:\/\/www.forbes.be\/fr\/lia-generative-dans-les-iphones-ce-nest-pas-pour-tout-de-suite-en-europe\/"]}]},{"@type":"ImageObject","inLanguage":"fr-FR","@id":"https:\/\/www.forbes.be\/fr\/lia-generative-dans-les-iphones-ce-nest-pas-pour-tout-de-suite-en-europe\/#primaryimage","url":"https:\/\/www.forbes.be\/fr\/wp-content\/uploads\/2024\/09\/Apple-iPhone-16-finish-lineup-240909_big.jpg.large_-e1726668572560.jpg","contentUrl":"https:\/\/www.forbes.be\/fr\/wp-content\/uploads\/2024\/09\/Apple-iPhone-16-finish-lineup-240909_big.jpg.large_-e1726668572560.jpg","width":980,"height":579},{"@type":"BreadcrumbList","@id":"https:\/\/www.forbes.be\/fr\/lia-generative-dans-les-iphones-ce-nest-pas-pour-tout-de-suite-en-europe\/#breadcrumb","itemListElement":[{"@type":"ListItem","position":1,"name":"Accueil","item":"https:\/\/www.forbes.be\/fr\/"},{"@type":"ListItem","position":2,"name":"L&rsquo;IA g\u00e9n\u00e9rative dans les iPhones&#8230; ce n&rsquo;est pas pour tout de suite en Europe"}]},{"@type":"WebSite","@id":"https:\/\/www.forbes.be\/fr\/#website","url":"https:\/\/www.forbes.be\/fr\/","name":"Forbes Belgique","description":"","publisher":{"@id":"https:\/\/www.forbes.be\/fr\/#organization"},"potentialAction":[{"@type":"SearchAction","target":{"@type":"EntryPoint","urlTemplate":"https:\/\/www.forbes.be\/fr\/?s={search_term_string}"},"query-input":{"@type":"PropertyValueSpecification","valueRequired":true,"valueName":"search_term_string"}}],"inLanguage":"fr-FR"},{"@type":"Organization","@id":"https:\/\/www.forbes.be\/fr\/#organization","name":"Forbes Belgique","url":"https:\/\/www.forbes.be\/fr\/","logo":{"@type":"ImageObject","inLanguage":"fr-FR","@id":"https:\/\/www.forbes.be\/fr\/#\/schema\/logo\/image\/","url":"https:\/\/www.forbes.be\/fr\/wp-content\/uploads\/2024\/02\/forbes.be_.png","contentUrl":"https:\/\/www.forbes.be\/fr\/wp-content\/uploads\/2024\/02\/forbes.be_.png","width":1200,"height":675,"caption":"Forbes Belgique"},"image":{"@id":"https:\/\/www.forbes.be\/fr\/#\/schema\/logo\/image\/"},"sameAs":["https:\/\/www.facebook.com\/forbesbelgique\/","https:\/\/www.instagram.com\/Forbes_Belgium","https:\/\/www.linkedin.com\/company\/forbes-belgium\/"]},{"@type":"Person","@id":"https:\/\/www.forbes.be\/fr\/#\/schema\/person\/0d449791ef6199da3d469eca714eb773","name":"Juan Godbille","image":{"@type":"ImageObject","inLanguage":"fr-FR","@id":"https:\/\/secure.gravatar.com\/avatar\/de6d740453251c69ae34e42cfef9688bc2a5c942d7cab09074e7064fbac13ac9?s=96&d=mm&r=g","url":"https:\/\/secure.gravatar.com\/avatar\/de6d740453251c69ae34e42cfef9688bc2a5c942d7cab09074e7064fbac13ac9?s=96&d=mm&r=g","contentUrl":"https:\/\/secure.gravatar.com\/avatar\/de6d740453251c69ae34e42cfef9688bc2a5c942d7cab09074e7064fbac13ac9?s=96&d=mm&r=g","caption":"Juan Godbille"},"url":"https:\/\/www.forbes.be\/fr\/author\/juan-godbille\/"}]}},"_links":{"self":[{"href":"https:\/\/www.forbes.be\/fr\/wp-json\/wp\/v2\/posts\/4825","targetHints":{"allow":["GET"]}}],"collection":[{"href":"https:\/\/www.forbes.be\/fr\/wp-json\/wp\/v2\/posts"}],"about":[{"href":"https:\/\/www.forbes.be\/fr\/wp-json\/wp\/v2\/types\/post"}],"author":[{"embeddable":true,"href":"https:\/\/www.forbes.be\/fr\/wp-json\/wp\/v2\/users\/37"}],"replies":[{"embeddable":true,"href":"https:\/\/www.forbes.be\/fr\/wp-json\/wp\/v2\/comments?post=4825"}],"version-history":[{"count":4,"href":"https:\/\/www.forbes.be\/fr\/wp-json\/wp\/v2\/posts\/4825\/revisions"}],"predecessor-version":[{"id":4842,"href":"https:\/\/www.forbes.be\/fr\/wp-json\/wp\/v2\/posts\/4825\/revisions\/4842"}],"wp:featuredmedia":[{"embeddable":true,"href":"https:\/\/www.forbes.be\/fr\/wp-json\/wp\/v2\/media\/5028"}],"wp:attachment":[{"href":"https:\/\/www.forbes.be\/fr\/wp-json\/wp\/v2\/media?parent=4825"}],"wp:term":[{"taxonomy":"category","embeddable":true,"href":"https:\/\/www.forbes.be\/fr\/wp-json\/wp\/v2\/categories?post=4825"},{"taxonomy":"post_tag","embeddable":true,"href":"https:\/\/www.forbes.be\/fr\/wp-json\/wp\/v2\/tags?post=4825"}],"curies":[{"name":"wp","href":"https:\/\/api.w.org\/{rel}","templated":true}]}}