{"id":4897,"date":"2024-09-24T18:00:46","date_gmt":"2024-09-24T16:00:46","guid":{"rendered":"https:\/\/www.forbes.be\/fr\/?p=4897"},"modified":"2024-09-24T16:10:44","modified_gmt":"2024-09-24T14:10:44","slug":"specter-veut-exporter-ses-speeds-pedelecs-en-europe-et-aux-usa","status":"publish","type":"post","link":"https:\/\/www.forbes.be\/fr\/specter-veut-exporter-ses-speeds-pedelecs-en-europe-et-aux-usa\/","title":{"rendered":"Specter veut exporter ses speeds pedelecs en Europe et aux USA"},"content":{"rendered":"<div class=\"m_-6783721545981736670layout m_-6783721545981736670one-col m_-6783721545981736670fixed-width m_-6783721545981736670stack\">\n<div class=\"m_-6783721545981736670layout__inner\">\n<div class=\"m_-6783721545981736670column\">\n<p lang=\"x-size-24\"><strong>Comme des envies d&rsquo;ailleurs pour la start-up belge de speeds pedelecs <a href=\"https:\/\/www.specter.bike\/fr\">Specter<\/a>&#8230; Elle vient en effet de lever deux millions d&rsquo;euros de capital pour se d\u00e9velopper \u00e0 l&rsquo;international, que ce soit plus largement en Europe ou aux Etats-Unis. Elle entend \u00e9galement d\u00e9velopper de nouveaux mod\u00e8les de ses \u00ab\u00a0v\u00e9los \u00e9lectriques rapides\u00a0\u00bb.<\/strong><\/p>\n<p lang=\"x-size-24\">Les speeds-pedelecs, ce sont ces deux roues dot\u00e9s d&rsquo;une assistance au p\u00e9dalage et qui permettent d&rsquo;atteindre des vitesses jusqu&rsquo;\u00e0 45 km\/h. Ils sont consid\u00e9r\u00e9s comme des cyclomoteurs.<\/p>\n<h2 lang=\"x-size-24\">Une autonomie allant jusque 170 km<\/h2>\n<p lang=\"x-size-24\">L&rsquo;entreprise gantoise Specter, fond\u00e9e par <a href=\"https:\/\/be.linkedin.com\/in\/maarten-baert-b1221a30\">Maarten Baert<\/a>, en a fait sa sp\u00e9cialit\u00e9, en particulier pour les trajets domicile-travail. Elle a d\u00e9j\u00e0 d\u00e9velopp\u00e9 quatre mod\u00e8les dans sa gamme, tous assembl\u00e9s \u00e0 la main en Belgique: le <a href=\"https:\/\/www.specter.bike\/fr\/configurator?combination=1\">Specter 1<\/a>, le <a href=\"https:\/\/www.specter.bike\/fr\/configurator?combination=1&amp;product=2\">Specter 1 Long Range<\/a>, le <a href=\"https:\/\/www.specter.bike\/fr\/configurator?combination=1&amp;product=4\">Specter 1S<\/a> et le <a href=\"https:\/\/www.specter.bike\/fr\/configurator?combination=1&amp;product=3\">Specter 1S Long Range<\/a>. Les prix commencent \u00e0 partir de 8.990 euros, avec les variantes Long Range (\u00e0\u00a0partir de 10.690 euros) dot\u00e9s d&rsquo;une autonomie allant jusqu&rsquo;\u00e0 170 kilom\u00e8tres.<\/p>\n<\/div>\n<p lang=\"x-size-24\"><span style=\"font-family: Verdana, BlinkMacSystemFont, -apple-system, 'Segoe UI', Roboto, Oxygen, Ubuntu, Cantarell, 'Open Sans', 'Helvetica Neue', sans-serif;\">En plus des partenaires existants qui ont renouvel\u00e9 leur confiance en Specter, la lev\u00e9e de fonds a permis de convaincre <\/span><a href=\"https:\/\/fundracer.capital\/\">Fundracer Capital<\/a><span style=\"font-family: Verdana, BlinkMacSystemFont, -apple-system, 'Segoe UI', Roboto, Oxygen, Ubuntu, Cantarell, 'Open Sans', 'Helvetica Neue', sans-serif;\">, dot\u00e9 d&rsquo;une grande exp\u00e9rience dans le secteur de la micromobilit\u00e9 et de l&rsquo;industrie du v\u00e9lo. Des noms prestigieux comme <\/span>Ren\u00e9 Wiertz<span style=\"font-family: Verdana, BlinkMacSystemFont, -apple-system, 'Segoe UI', Roboto, Oxygen, Ubuntu, Cantarell, 'Open Sans', 'Helvetica Neue', sans-serif;\">\u00a0(ex-<\/span><a href=\"https:\/\/3t.bike\/\">3T<\/a><span style=\"font-family: Verdana, BlinkMacSystemFont, -apple-system, 'Segoe UI', Roboto, Oxygen, Ubuntu, Cantarell, 'Open Sans', 'Helvetica Neue', sans-serif;\">),\u00a0<\/span><a href=\"https:\/\/www.linkedin.com\/in\/andy-ording-5469779\">Andy Ording<\/a><span style=\"font-family: Verdana, BlinkMacSystemFont, -apple-system, 'Segoe UI', Roboto, Oxygen, Ubuntu, Cantarell, 'Open Sans', 'Helvetica Neue', sans-serif;\"><a href=\"https:\/\/www.linkedin.com\/in\/andy-ording-5469779\">\u00a0<\/a>(ex-<\/span>ZIPP<span style=\"font-family: Verdana, BlinkMacSystemFont, -apple-system, 'Segoe UI', Roboto, Oxygen, Ubuntu, Cantarell, 'Open Sans', 'Helvetica Neue', sans-serif;\">) et\u00a0<\/span><a href=\"https:\/\/nl.linkedin.com\/in\/gerardvroomen?challengeId=AQExnn9VEqUSuwAAAZHmtoPq4c9DixMjSytHfrMQ7uIk_QH8nH1AAcw9G8o034rXUwW3gTaUa_AMIc9N5j_B6J-4ev7pIdEUcw&amp;submissionId=d2968d38-a686-f417-5aac-db7819d1422a&amp;challengeSource=AgE-NLynPLZgoAAAAZHmtougqTiv4tJ5Z6HYg1f0s4Rb-uOYVohWK_8o_3w_YHw&amp;challegeType=AgE5wekZcIAlhAAAAZHmtouk1ScxLjxQ1oPscDunrSb5pqk_Rk5URY8&amp;memberId=AgGpl76FrhEbpQAAAZHmtouof9hnGIdNLr0G2aw2DTDxuKE&amp;recognizeDevice=AgEtNp-90S7XoQAAAZHmtoutjqe3QIN07ZI2NMXL-QHnm2YnO6Gr\">G\u00e9rard Vroomen<\/a><span style=\"font-family: Verdana, BlinkMacSystemFont, -apple-system, 'Segoe UI', Roboto, Oxygen, Ubuntu, Cantarell, 'Open Sans', 'Helvetica Neue', sans-serif;\">\u00a0(ex-<\/span>Cerv\u00e9lo<span style=\"font-family: Verdana, BlinkMacSystemFont, -apple-system, 'Segoe UI', Roboto, Oxygen, Ubuntu, Cantarell, 'Open Sans', 'Helvetica Neue', sans-serif;\">) conseilleront Specter et contribueront \u00e0 l&rsquo;expansion de leur r\u00e9seau de distribution, se r\u00e9jouit la start-up, actuellement pr\u00e9sente en Belgique, aux Pays-Bas et en Suisse.<\/span><\/p>\n<\/div>\n<\/div>\n<div class=\"m_-6783721545981736670layout m_-6783721545981736670one-col m_-6783721545981736670fixed-width m_-6783721545981736670stack\">\n<div class=\"m_-6783721545981736670layout__inner\">\n<div class=\"m_-6783721545981736670column\">\n<div>\n<div>\n<h2 lang=\"x-size-12\">De nouveaux mod\u00e8les en vue<\/h2>\n<p class=\"m_-6783721545981736670size-12\" lang=\"x-size-12\">Avec cette injection de capital, Specter souhaite poursuivre sa croissance en Europe\u00a0et\u00a0se tourner \u00e9galement vers les\u00a0\u00c9tats-Unis.<\/p>\n<p lang=\"x-size-12\">Elle promet aussi de\u00a0nouveaux mod\u00e8les, qui seront eux aussi dot\u00e9s de <span style=\"font-family: Verdana, BlinkMacSystemFont, -apple-system, 'Segoe UI', Roboto, Oxygen, Ubuntu, Cantarell, 'Open Sans', 'Helvetica Neue', sans-serif;\">composants en\u00a0<\/span>fibre de carbone. \u00ab\u00a0<span style=\"font-family: Verdana, BlinkMacSystemFont, -apple-system, 'Segoe UI', Roboto, Oxygen, Ubuntu, Cantarell, 'Open Sans', 'Helvetica Neue', sans-serif;\">La combinaison du design unique, du\u00a0<\/span>cockpit int\u00e9gr\u00e9<span style=\"font-family: Verdana, BlinkMacSystemFont, -apple-system, 'Segoe UI', Roboto, Oxygen, Ubuntu, Cantarell, 'Open Sans', 'Helvetica Neue', sans-serif;\">\u00a0et des\u00a0<\/span>sensations de conduite in\u00e9gal\u00e9es<span style=\"font-family: Verdana, BlinkMacSystemFont, -apple-system, 'Segoe UI', Roboto, Oxygen, Ubuntu, Cantarell, 'Open Sans', 'Helvetica Neue', sans-serif;\"> fait de ces speed pedelecs des mod\u00e8les sans pareil\u00a0\u00bb, assure Specter.<\/span><\/p>\n<\/div>\n<\/div>\n<\/div>\n<\/div>\n<\/div>\n","protected":false},"excerpt":{"rendered":"<p>Comme des envies d&rsquo;ailleurs pour la start-up belge de speeds pedelecs Specter&#8230; Elle vient en effet de lever deux millions d&rsquo;euros de capital pour se d\u00e9velopper \u00e0 l&rsquo;international, que ce soit plus largement en Europe ou aux Etats-Unis. Elle entend \u00e9galement d\u00e9velopper de nouveaux mod\u00e8les de ses \u00ab\u00a0v\u00e9los \u00e9lectriques rapides\u00a0\u00bb. Les speeds-pedelecs, ce sont ces [&hellip;]<\/p>\n","protected":false},"author":37,"featured_media":4900,"comment_status":"closed","ping_status":"closed","sticky":false,"template":"","format":"standard","meta":{"_acf_changed":false,"inline_featured_image":false,"footnotes":""},"categories":[14],"tags":[],"class_list":{"0":"post-4897","1":"post","2":"type-post","3":"status-publish","4":"format-standard","5":"has-post-thumbnail","7":"category-innovation"},"acf":[],"_yoast_wpseo_title":null,"_yoast_wpseo_metadesc":"La start-up belge de speeds pedelecs Specter vient de lever deux millions d'euros de capital pour se d\u00e9velopper \u00e0 l'international, que ce soit plus largement en Europe ou aux Etats-Unis.","auteur_traducteur":"","yoast_head":"<!-- This site is optimized with the Yoast SEO plugin v27.4 - https:\/\/yoast.com\/product\/yoast-seo-wordpress\/ -->\n<title>Specter veut exporter ses speeds pedelecs en Europe et aux USA | Forbes Belgique<\/title>\n<meta name=\"description\" content=\"La start-up belge de speeds pedelecs Specter vient de lever deux millions d&#039;euros de capital pour se d\u00e9velopper \u00e0 l&#039;international, que ce soit plus largement en Europe ou aux Etats-Unis.\" \/>\n<meta name=\"robots\" content=\"index, follow, max-snippet:-1, max-image-preview:large, max-video-preview:-1\" \/>\n<link rel=\"canonical\" href=\"https:\/\/www.forbes.be\/fr\/specter-veut-exporter-ses-speeds-pedelecs-en-europe-et-aux-usa\/\" \/>\n<meta property=\"og:locale\" content=\"fr_FR\" \/>\n<meta property=\"og:type\" content=\"article\" \/>\n<meta property=\"og:title\" content=\"Specter veut exporter ses speeds pedelecs en Europe et aux USA | Forbes Belgique\" \/>\n<meta property=\"og:description\" content=\"La start-up belge de speeds pedelecs Specter vient de lever deux millions d&#039;euros de capital pour se d\u00e9velopper \u00e0 l&#039;international, que ce soit plus largement en Europe ou aux Etats-Unis.\" \/>\n<meta property=\"og:url\" content=\"https:\/\/www.forbes.be\/fr\/specter-veut-exporter-ses-speeds-pedelecs-en-europe-et-aux-usa\/\" \/>\n<meta property=\"og:site_name\" content=\"Forbes Belgique\" \/>\n<meta property=\"article:publisher\" content=\"https:\/\/www.facebook.com\/forbesbelgique\/\" \/>\n<meta property=\"article:published_time\" content=\"2024-09-24T16:00:46+00:00\" \/>\n<meta property=\"og:image\" content=\"https:\/\/www.forbes.be\/fr\/wp-content\/uploads\/2024\/09\/Specter-1S-Long-Range_lifestyle_7-scaled.jpg\" \/>\n\t<meta property=\"og:image:width\" content=\"2560\" \/>\n\t<meta property=\"og:image:height\" content=\"1708\" \/>\n\t<meta property=\"og:image:type\" content=\"image\/jpeg\" \/>\n<meta name=\"author\" content=\"Juan Godbille\" \/>\n<meta name=\"twitter:card\" content=\"summary_large_image\" \/>\n<meta name=\"twitter:label1\" content=\"\u00c9crit par\" \/>\n\t<meta name=\"twitter:data1\" content=\"Juan Godbille\" \/>\n\t<meta name=\"twitter:label2\" content=\"Dur\u00e9e de lecture estim\u00e9e\" \/>\n\t<meta name=\"twitter:data2\" content=\"2 minutes\" \/>\n<script type=\"application\/ld+json\" class=\"yoast-schema-graph\">{\"@context\":\"https:\\\/\\\/schema.org\",\"@graph\":[{\"@type\":\"NewsArticle\",\"@id\":\"https:\\\/\\\/www.forbes.be\\\/fr\\\/specter-veut-exporter-ses-speeds-pedelecs-en-europe-et-aux-usa\\\/#article\",\"isPartOf\":{\"@id\":\"https:\\\/\\\/www.forbes.be\\\/fr\\\/specter-veut-exporter-ses-speeds-pedelecs-en-europe-et-aux-usa\\\/\"},\"author\":{\"name\":\"Juan Godbille\",\"@id\":\"https:\\\/\\\/www.forbes.be\\\/fr\\\/#\\\/schema\\\/person\\\/0d449791ef6199da3d469eca714eb773\"},\"headline\":\"Specter veut exporter ses speeds pedelecs en Europe et aux USA\",\"datePublished\":\"2024-09-24T16:00:46+00:00\",\"mainEntityOfPage\":{\"@id\":\"https:\\\/\\\/www.forbes.be\\\/fr\\\/specter-veut-exporter-ses-speeds-pedelecs-en-europe-et-aux-usa\\\/\"},\"wordCount\":332,\"publisher\":{\"@id\":\"https:\\\/\\\/www.forbes.be\\\/fr\\\/#organization\"},\"image\":{\"@id\":\"https:\\\/\\\/www.forbes.be\\\/fr\\\/specter-veut-exporter-ses-speeds-pedelecs-en-europe-et-aux-usa\\\/#primaryimage\"},\"thumbnailUrl\":\"https:\\\/\\\/www.forbes.be\\\/fr\\\/wp-content\\\/uploads\\\/2024\\\/09\\\/Specter-1S-Long-Range_lifestyle_7-scaled-e1727271210761.jpg\",\"articleSection\":[\"Innovation\"],\"inLanguage\":\"fr-FR\"},{\"@type\":\"WebPage\",\"@id\":\"https:\\\/\\\/www.forbes.be\\\/fr\\\/specter-veut-exporter-ses-speeds-pedelecs-en-europe-et-aux-usa\\\/\",\"url\":\"https:\\\/\\\/www.forbes.be\\\/fr\\\/specter-veut-exporter-ses-speeds-pedelecs-en-europe-et-aux-usa\\\/\",\"name\":\"Specter veut exporter ses speeds pedelecs en Europe et aux USA | Forbes Belgique\",\"isPartOf\":{\"@id\":\"https:\\\/\\\/www.forbes.be\\\/fr\\\/#website\"},\"primaryImageOfPage\":{\"@id\":\"https:\\\/\\\/www.forbes.be\\\/fr\\\/specter-veut-exporter-ses-speeds-pedelecs-en-europe-et-aux-usa\\\/#primaryimage\"},\"image\":{\"@id\":\"https:\\\/\\\/www.forbes.be\\\/fr\\\/specter-veut-exporter-ses-speeds-pedelecs-en-europe-et-aux-usa\\\/#primaryimage\"},\"thumbnailUrl\":\"https:\\\/\\\/www.forbes.be\\\/fr\\\/wp-content\\\/uploads\\\/2024\\\/09\\\/Specter-1S-Long-Range_lifestyle_7-scaled-e1727271210761.jpg\",\"datePublished\":\"2024-09-24T16:00:46+00:00\",\"description\":\"La start-up belge de speeds pedelecs Specter vient de lever deux millions d'euros de capital pour se d\u00e9velopper \u00e0 l'international, que ce soit plus largement en Europe ou aux Etats-Unis.\",\"breadcrumb\":{\"@id\":\"https:\\\/\\\/www.forbes.be\\\/fr\\\/specter-veut-exporter-ses-speeds-pedelecs-en-europe-et-aux-usa\\\/#breadcrumb\"},\"inLanguage\":\"fr-FR\",\"potentialAction\":[{\"@type\":\"ReadAction\",\"target\":[\"https:\\\/\\\/www.forbes.be\\\/fr\\\/specter-veut-exporter-ses-speeds-pedelecs-en-europe-et-aux-usa\\\/\"]}]},{\"@type\":\"ImageObject\",\"inLanguage\":\"fr-FR\",\"@id\":\"https:\\\/\\\/www.forbes.be\\\/fr\\\/specter-veut-exporter-ses-speeds-pedelecs-en-europe-et-aux-usa\\\/#primaryimage\",\"url\":\"https:\\\/\\\/www.forbes.be\\\/fr\\\/wp-content\\\/uploads\\\/2024\\\/09\\\/Specter-1S-Long-Range_lifestyle_7-scaled-e1727271210761.jpg\",\"contentUrl\":\"https:\\\/\\\/www.forbes.be\\\/fr\\\/wp-content\\\/uploads\\\/2024\\\/09\\\/Specter-1S-Long-Range_lifestyle_7-scaled-e1727271210761.jpg\",\"width\":2560,\"height\":1339,\"caption\":\"Specter Long Range\"},{\"@type\":\"BreadcrumbList\",\"@id\":\"https:\\\/\\\/www.forbes.be\\\/fr\\\/specter-veut-exporter-ses-speeds-pedelecs-en-europe-et-aux-usa\\\/#breadcrumb\",\"itemListElement\":[{\"@type\":\"ListItem\",\"position\":1,\"name\":\"Accueil\",\"item\":\"https:\\\/\\\/www.forbes.be\\\/fr\\\/\"},{\"@type\":\"ListItem\",\"position\":2,\"name\":\"Specter veut exporter ses speeds pedelecs en Europe et aux USA\"}]},{\"@type\":\"WebSite\",\"@id\":\"https:\\\/\\\/www.forbes.be\\\/fr\\\/#website\",\"url\":\"https:\\\/\\\/www.forbes.be\\\/fr\\\/\",\"name\":\"Forbes Belgique\",\"description\":\"\",\"publisher\":{\"@id\":\"https:\\\/\\\/www.forbes.be\\\/fr\\\/#organization\"},\"potentialAction\":[{\"@type\":\"SearchAction\",\"target\":{\"@type\":\"EntryPoint\",\"urlTemplate\":\"https:\\\/\\\/www.forbes.be\\\/fr\\\/?s={search_term_string}\"},\"query-input\":{\"@type\":\"PropertyValueSpecification\",\"valueRequired\":true,\"valueName\":\"search_term_string\"}}],\"inLanguage\":\"fr-FR\"},{\"@type\":\"Organization\",\"@id\":\"https:\\\/\\\/www.forbes.be\\\/fr\\\/#organization\",\"name\":\"Forbes Belgique\",\"url\":\"https:\\\/\\\/www.forbes.be\\\/fr\\\/\",\"logo\":{\"@type\":\"ImageObject\",\"inLanguage\":\"fr-FR\",\"@id\":\"https:\\\/\\\/www.forbes.be\\\/fr\\\/#\\\/schema\\\/logo\\\/image\\\/\",\"url\":\"https:\\\/\\\/www.forbes.be\\\/fr\\\/wp-content\\\/uploads\\\/2024\\\/02\\\/forbes.be_.png\",\"contentUrl\":\"https:\\\/\\\/www.forbes.be\\\/fr\\\/wp-content\\\/uploads\\\/2024\\\/02\\\/forbes.be_.png\",\"width\":1200,\"height\":675,\"caption\":\"Forbes Belgique\"},\"image\":{\"@id\":\"https:\\\/\\\/www.forbes.be\\\/fr\\\/#\\\/schema\\\/logo\\\/image\\\/\"},\"sameAs\":[\"https:\\\/\\\/www.facebook.com\\\/forbesbelgique\\\/\",\"https:\\\/\\\/www.instagram.com\\\/Forbes_Belgium\",\"https:\\\/\\\/www.linkedin.com\\\/company\\\/forbes-belgium\\\/\"]},{\"@type\":\"Person\",\"@id\":\"https:\\\/\\\/www.forbes.be\\\/fr\\\/#\\\/schema\\\/person\\\/0d449791ef6199da3d469eca714eb773\",\"name\":\"Juan Godbille\",\"image\":{\"@type\":\"ImageObject\",\"inLanguage\":\"fr-FR\",\"@id\":\"https:\\\/\\\/secure.gravatar.com\\\/avatar\\\/de6d740453251c69ae34e42cfef9688bc2a5c942d7cab09074e7064fbac13ac9?s=96&d=mm&r=g\",\"url\":\"https:\\\/\\\/secure.gravatar.com\\\/avatar\\\/de6d740453251c69ae34e42cfef9688bc2a5c942d7cab09074e7064fbac13ac9?s=96&d=mm&r=g\",\"contentUrl\":\"https:\\\/\\\/secure.gravatar.com\\\/avatar\\\/de6d740453251c69ae34e42cfef9688bc2a5c942d7cab09074e7064fbac13ac9?s=96&d=mm&r=g\",\"caption\":\"Juan Godbille\"},\"url\":\"https:\\\/\\\/www.forbes.be\\\/fr\\\/author\\\/juan-godbille\\\/\"}]}<\/script>\n<!-- \/ Yoast SEO plugin. -->","yoast_head_json":{"title":"Specter veut exporter ses speeds pedelecs en Europe et aux USA | Forbes Belgique","description":"La start-up belge de speeds pedelecs Specter vient de lever deux millions d'euros de capital pour se d\u00e9velopper \u00e0 l'international, que ce soit plus largement en Europe ou aux Etats-Unis.","robots":{"index":"index","follow":"follow","max-snippet":"max-snippet:-1","max-image-preview":"max-image-preview:large","max-video-preview":"max-video-preview:-1"},"canonical":"https:\/\/www.forbes.be\/fr\/specter-veut-exporter-ses-speeds-pedelecs-en-europe-et-aux-usa\/","og_locale":"fr_FR","og_type":"article","og_title":"Specter veut exporter ses speeds pedelecs en Europe et aux USA | Forbes Belgique","og_description":"La start-up belge de speeds pedelecs Specter vient de lever deux millions d'euros de capital pour se d\u00e9velopper \u00e0 l'international, que ce soit plus largement en Europe ou aux Etats-Unis.","og_url":"https:\/\/www.forbes.be\/fr\/specter-veut-exporter-ses-speeds-pedelecs-en-europe-et-aux-usa\/","og_site_name":"Forbes Belgique","article_publisher":"https:\/\/www.facebook.com\/forbesbelgique\/","article_published_time":"2024-09-24T16:00:46+00:00","og_image":[{"width":2560,"height":1708,"url":"https:\/\/www.forbes.be\/fr\/wp-content\/uploads\/2024\/09\/Specter-1S-Long-Range_lifestyle_7-scaled.jpg","type":"image\/jpeg"}],"author":"Juan Godbille","twitter_card":"summary_large_image","twitter_misc":{"\u00c9crit par":"Juan Godbille","Dur\u00e9e de lecture estim\u00e9e":"2 minutes"},"schema":{"@context":"https:\/\/schema.org","@graph":[{"@type":"NewsArticle","@id":"https:\/\/www.forbes.be\/fr\/specter-veut-exporter-ses-speeds-pedelecs-en-europe-et-aux-usa\/#article","isPartOf":{"@id":"https:\/\/www.forbes.be\/fr\/specter-veut-exporter-ses-speeds-pedelecs-en-europe-et-aux-usa\/"},"author":{"name":"Juan Godbille","@id":"https:\/\/www.forbes.be\/fr\/#\/schema\/person\/0d449791ef6199da3d469eca714eb773"},"headline":"Specter veut exporter ses speeds pedelecs en Europe et aux USA","datePublished":"2024-09-24T16:00:46+00:00","mainEntityOfPage":{"@id":"https:\/\/www.forbes.be\/fr\/specter-veut-exporter-ses-speeds-pedelecs-en-europe-et-aux-usa\/"},"wordCount":332,"publisher":{"@id":"https:\/\/www.forbes.be\/fr\/#organization"},"image":{"@id":"https:\/\/www.forbes.be\/fr\/specter-veut-exporter-ses-speeds-pedelecs-en-europe-et-aux-usa\/#primaryimage"},"thumbnailUrl":"https:\/\/www.forbes.be\/fr\/wp-content\/uploads\/2024\/09\/Specter-1S-Long-Range_lifestyle_7-scaled-e1727271210761.jpg","articleSection":["Innovation"],"inLanguage":"fr-FR"},{"@type":"WebPage","@id":"https:\/\/www.forbes.be\/fr\/specter-veut-exporter-ses-speeds-pedelecs-en-europe-et-aux-usa\/","url":"https:\/\/www.forbes.be\/fr\/specter-veut-exporter-ses-speeds-pedelecs-en-europe-et-aux-usa\/","name":"Specter veut exporter ses speeds pedelecs en Europe et aux USA | Forbes Belgique","isPartOf":{"@id":"https:\/\/www.forbes.be\/fr\/#website"},"primaryImageOfPage":{"@id":"https:\/\/www.forbes.be\/fr\/specter-veut-exporter-ses-speeds-pedelecs-en-europe-et-aux-usa\/#primaryimage"},"image":{"@id":"https:\/\/www.forbes.be\/fr\/specter-veut-exporter-ses-speeds-pedelecs-en-europe-et-aux-usa\/#primaryimage"},"thumbnailUrl":"https:\/\/www.forbes.be\/fr\/wp-content\/uploads\/2024\/09\/Specter-1S-Long-Range_lifestyle_7-scaled-e1727271210761.jpg","datePublished":"2024-09-24T16:00:46+00:00","description":"La start-up belge de speeds pedelecs Specter vient de lever deux millions d'euros de capital pour se d\u00e9velopper \u00e0 l'international, que ce soit plus largement en Europe ou aux Etats-Unis.","breadcrumb":{"@id":"https:\/\/www.forbes.be\/fr\/specter-veut-exporter-ses-speeds-pedelecs-en-europe-et-aux-usa\/#breadcrumb"},"inLanguage":"fr-FR","potentialAction":[{"@type":"ReadAction","target":["https:\/\/www.forbes.be\/fr\/specter-veut-exporter-ses-speeds-pedelecs-en-europe-et-aux-usa\/"]}]},{"@type":"ImageObject","inLanguage":"fr-FR","@id":"https:\/\/www.forbes.be\/fr\/specter-veut-exporter-ses-speeds-pedelecs-en-europe-et-aux-usa\/#primaryimage","url":"https:\/\/www.forbes.be\/fr\/wp-content\/uploads\/2024\/09\/Specter-1S-Long-Range_lifestyle_7-scaled-e1727271210761.jpg","contentUrl":"https:\/\/www.forbes.be\/fr\/wp-content\/uploads\/2024\/09\/Specter-1S-Long-Range_lifestyle_7-scaled-e1727271210761.jpg","width":2560,"height":1339,"caption":"Specter Long Range"},{"@type":"BreadcrumbList","@id":"https:\/\/www.forbes.be\/fr\/specter-veut-exporter-ses-speeds-pedelecs-en-europe-et-aux-usa\/#breadcrumb","itemListElement":[{"@type":"ListItem","position":1,"name":"Accueil","item":"https:\/\/www.forbes.be\/fr\/"},{"@type":"ListItem","position":2,"name":"Specter veut exporter ses speeds pedelecs en Europe et aux USA"}]},{"@type":"WebSite","@id":"https:\/\/www.forbes.be\/fr\/#website","url":"https:\/\/www.forbes.be\/fr\/","name":"Forbes Belgique","description":"","publisher":{"@id":"https:\/\/www.forbes.be\/fr\/#organization"},"potentialAction":[{"@type":"SearchAction","target":{"@type":"EntryPoint","urlTemplate":"https:\/\/www.forbes.be\/fr\/?s={search_term_string}"},"query-input":{"@type":"PropertyValueSpecification","valueRequired":true,"valueName":"search_term_string"}}],"inLanguage":"fr-FR"},{"@type":"Organization","@id":"https:\/\/www.forbes.be\/fr\/#organization","name":"Forbes Belgique","url":"https:\/\/www.forbes.be\/fr\/","logo":{"@type":"ImageObject","inLanguage":"fr-FR","@id":"https:\/\/www.forbes.be\/fr\/#\/schema\/logo\/image\/","url":"https:\/\/www.forbes.be\/fr\/wp-content\/uploads\/2024\/02\/forbes.be_.png","contentUrl":"https:\/\/www.forbes.be\/fr\/wp-content\/uploads\/2024\/02\/forbes.be_.png","width":1200,"height":675,"caption":"Forbes Belgique"},"image":{"@id":"https:\/\/www.forbes.be\/fr\/#\/schema\/logo\/image\/"},"sameAs":["https:\/\/www.facebook.com\/forbesbelgique\/","https:\/\/www.instagram.com\/Forbes_Belgium","https:\/\/www.linkedin.com\/company\/forbes-belgium\/"]},{"@type":"Person","@id":"https:\/\/www.forbes.be\/fr\/#\/schema\/person\/0d449791ef6199da3d469eca714eb773","name":"Juan Godbille","image":{"@type":"ImageObject","inLanguage":"fr-FR","@id":"https:\/\/secure.gravatar.com\/avatar\/de6d740453251c69ae34e42cfef9688bc2a5c942d7cab09074e7064fbac13ac9?s=96&d=mm&r=g","url":"https:\/\/secure.gravatar.com\/avatar\/de6d740453251c69ae34e42cfef9688bc2a5c942d7cab09074e7064fbac13ac9?s=96&d=mm&r=g","contentUrl":"https:\/\/secure.gravatar.com\/avatar\/de6d740453251c69ae34e42cfef9688bc2a5c942d7cab09074e7064fbac13ac9?s=96&d=mm&r=g","caption":"Juan Godbille"},"url":"https:\/\/www.forbes.be\/fr\/author\/juan-godbille\/"}]}},"_links":{"self":[{"href":"https:\/\/www.forbes.be\/fr\/wp-json\/wp\/v2\/posts\/4897","targetHints":{"allow":["GET"]}}],"collection":[{"href":"https:\/\/www.forbes.be\/fr\/wp-json\/wp\/v2\/posts"}],"about":[{"href":"https:\/\/www.forbes.be\/fr\/wp-json\/wp\/v2\/types\/post"}],"author":[{"embeddable":true,"href":"https:\/\/www.forbes.be\/fr\/wp-json\/wp\/v2\/users\/37"}],"replies":[{"embeddable":true,"href":"https:\/\/www.forbes.be\/fr\/wp-json\/wp\/v2\/comments?post=4897"}],"version-history":[{"count":5,"href":"https:\/\/www.forbes.be\/fr\/wp-json\/wp\/v2\/posts\/4897\/revisions"}],"predecessor-version":[{"id":5265,"href":"https:\/\/www.forbes.be\/fr\/wp-json\/wp\/v2\/posts\/4897\/revisions\/5265"}],"wp:featuredmedia":[{"embeddable":true,"href":"https:\/\/www.forbes.be\/fr\/wp-json\/wp\/v2\/media\/4900"}],"wp:attachment":[{"href":"https:\/\/www.forbes.be\/fr\/wp-json\/wp\/v2\/media?parent=4897"}],"wp:term":[{"taxonomy":"category","embeddable":true,"href":"https:\/\/www.forbes.be\/fr\/wp-json\/wp\/v2\/categories?post=4897"},{"taxonomy":"post_tag","embeddable":true,"href":"https:\/\/www.forbes.be\/fr\/wp-json\/wp\/v2\/tags?post=4897"}],"curies":[{"name":"wp","href":"https:\/\/api.w.org\/{rel}","templated":true}]}}