{"id":4903,"date":"2024-09-13T07:00:00","date_gmt":"2024-09-13T05:00:00","guid":{"rendered":"https:\/\/www.forbes.be\/fr\/?p=4903"},"modified":"2024-09-12T19:05:42","modified_gmt":"2024-09-12T17:05:42","slug":"lespace-atomique-de-constantin-chariot","status":"publish","type":"post","link":"https:\/\/www.forbes.be\/fr\/lespace-atomique-de-constantin-chariot\/","title":{"rendered":"L\u2019espace atomique de Constantin Chariot"},"content":{"rendered":"<p><strong>Constantin Chariot vient d\u2019ouvrir<a href=\"http:\/\/www.espaceconstantinchariot.com\"> l\u2019Espace Constantin Chariot<\/a> (ECC), la plus grande <\/strong><strong>ouverture de galerie \u00e0 Bruxelles depuis celle de Xavier Hufkens en 2022.<\/strong><\/p>\n<p><span style=\"font-weight: 400;\">L\u2019Atoma Art Center, situ\u00e9 dans l\u2019ancienne fabrique des Cahiers Atoma, n\u00e9 en 1948, d\u00e9veloppe au total 3600 m\u00b2. L\u2019Espace Constantin Chariot s\u2019y \u00e9tend sur 1000 m\u00b2. L&rsquo;ensemble appartient \u00e0 l&rsquo;architecte Gilles Dehareng (Urban Nation Architects &amp; Associates), qui l\u2019a r\u00e9nov\u00e9 en peu de mois, au terme d\u2019un chantier hercul\u00e9en.\u00a0<\/span><\/p>\n<p><span style=\"font-weight: 400;\">\u00ab\u00a0Notre programme ob\u00e9ira \u00e0 une logique de poup\u00e9es russes\u00a0\u00bb, composant un ensemble en <\/span><i><span style=\"font-weight: 400;\">matriochkas<\/span><\/i><span style=\"font-weight: 400;\"> tr\u00e8s ambitieux. Premi\u00e8re <\/span><i><span style=\"font-weight: 400;\">matriochka<\/span><\/i><span style=\"font-weight: 400;\">, l&rsquo;art contemporain international et belge.\u00a0\u00bb C&rsquo;est le th\u00e8me de son exposition inaugurale de rentr\u00e9e, <\/span><span style=\"font-weight: 400;\">\u00ab Par\u00e9idolies &#8211; Aux Fronti\u00e8res du r\u00e9el \u00bb, <\/span><span style=\"font-weight: 400;\">avec 18 artistes qui manient le retour \u00e0 une abstraction figur\u00e9e ou \u00e0 une figuration abstraite. <\/span><span style=\"font-weight: 400;\">Ils se placent \u00e0 la fronti\u00e8re ineffable \u00ab\u00a0entre l\u2019informe et la forme, g\u00e9n\u00e9rant une \u0153uvre abstraite situ\u00e9e aux confins de la figuration\u00a0\u00bb.\u00a0Leurs \u0153uvres jouent sur ce qu\u2019il appelle la \u00ab par\u00e9idolie \u00bb, du grec <\/span><i><span style=\"font-weight: 400;\">e\u00eedos<\/span><\/i><span style=\"font-weight: 400;\">, l\u2019apparence, la forme et <\/span><i><span style=\"font-weight: 400;\">para<\/span><\/i><span style=\"font-weight: 400;\">, le faux\u00a0: le terme exprime la tendance de notre cerveau \u00e0 cr\u00e9er du sens en assimilant des formes al\u00e9atoires, abstraites, \u00e0 d\u2019autres formes qu&rsquo;il a d\u00e9j\u00e0 identifi\u00e9es, mariage entre naissance et reconnaissance de la chose vue.<\/span><\/p>\n<figure id=\"attachment_4905\" aria-describedby=\"caption-attachment-4905\" style=\"width: 696px\" class=\"wp-caption aligncenter\"><img loading=\"lazy\" decoding=\"async\" class=\"wp-image-4905 size-large\" src=\"https:\/\/www.forbes.be\/fr\/wp-content\/uploads\/2024\/09\/CHRISTIAN-SORG--1024x576.png\" alt=\"Christian SORG,Los Prados suite, 16.10.2023\" width=\"696\" height=\"392\" srcset=\"https:\/\/www.forbes.be\/fr\/wp-content\/uploads\/2024\/09\/CHRISTIAN-SORG--1024x576.png 1024w, https:\/\/www.forbes.be\/fr\/wp-content\/uploads\/2024\/09\/CHRISTIAN-SORG--300x169.png 300w, https:\/\/www.forbes.be\/fr\/wp-content\/uploads\/2024\/09\/CHRISTIAN-SORG--768x432.png 768w, https:\/\/www.forbes.be\/fr\/wp-content\/uploads\/2024\/09\/CHRISTIAN-SORG--1536x864.png 1536w, https:\/\/www.forbes.be\/fr\/wp-content\/uploads\/2024\/09\/CHRISTIAN-SORG--696x392.png 696w, https:\/\/www.forbes.be\/fr\/wp-content\/uploads\/2024\/09\/CHRISTIAN-SORG--1068x601.png 1068w, https:\/\/www.forbes.be\/fr\/wp-content\/uploads\/2024\/09\/CHRISTIAN-SORG--600x338.png 600w, https:\/\/www.forbes.be\/fr\/wp-content\/uploads\/2024\/09\/CHRISTIAN-SORG-.png 1920w\" sizes=\"auto, (max-width: 696px) 100vw, 696px\" \/><figcaption id=\"caption-attachment-4905\" class=\"wp-caption-text\">Christian SORG, Los Prados suite, 16.10.2023<\/figcaption><\/figure>\n<p><span style=\"font-weight: 400;\">Deuxi\u00e8me <\/span><i><span style=\"font-weight: 400;\">matriochka<\/span><\/i><span style=\"font-weight: 400;\">, l\u2019ECC accueillera ensuite<\/span><span style=\"font-weight: 400;\"> l&rsquo;art moderne belge de l&rsquo;apr\u00e8s-guerre aux ann\u00e9es 1980, domaine de pr\u00e9dilection des expositions de Constantin Chariot \u00e0 la Patinoire royale, qu\u2019il codirigeait avec la collectionneuse et galeriste fran\u00e7aise Val\u00e9rie Bach. La sculpture monumentale formera sa troisi\u00e8me <\/span><i><span style=\"font-weight: 400;\">matriochka<\/span><\/i><span style=\"font-weight: 400;\">, que permettent les volumes des lieux : \u00ab\u00a0nous aurons un printemps annuel de la sculpture\u00a0\u00bb. Quatri\u00e8me <\/span><i><span style=\"font-weight: 400;\">matriochka<\/span><\/i><span style=\"font-weight: 400;\">\u00a0: des artistes et designers autour du \u00ab\u00a0Contemporary Craft\u00a0\u00bb, ce champ de techniques artisanales traditionnelles \u00e0 la lisi\u00e8re entre artisanat et art contemporain\u00a0:\u00a0 \u00ab\u00a0Contemporary Craft sera un rendez-vous annuel d\u00e9clin\u00e9 par mati\u00e8res, tant\u00f4t le textile, tant\u00f4t la vannerie, la c\u00e9ramique, le verre, le bois, le cuir, etc.\u00a0\u00bb\u00a0<\/span><\/p>\n<p><b>\u00ab\u00a0Mon \u0153il et mon go\u00fbt\u00a0\u00bb<\/b><\/p>\n<p><span style=\"font-weight: 400;\">Cinqui\u00e8me <\/span><i><span style=\"font-weight: 400;\">matriochka<\/span><\/i><span style=\"font-weight: 400;\">, \u00ab\u00a0un d\u00e9partement \u00e0 part enti\u00e8re, une galerie dans la galerie : l&rsquo;Espace Carnet de Croquis. En partenariat avec Atoma (l\u2019entreprise demeure active \u00e0 Dilbeek), nous distribuons \u00e0 nos artistes des Carnets de Croquis Atoma, qui deviendront le support d\u2019une \u0153uvre \u00e0 part enti\u00e8re\u00a0\u00bb.\u00a0<\/span><\/p>\n<p><span style=\"font-weight: 400;\">Enfin, derni\u00e8re <\/span><i><span style=\"font-weight: 400;\">matriochka<\/span><\/i><span style=\"font-weight: 400;\">, autre galerie dans la galerie, l\u2019\u00ab\u00a0Exploring Children&rsquo;s Creativity\u00a0\u00bb\u00a0: \u00ab\u00a0 Cet espace des enfants, pour les enfants, par les enfants r\u00e9unit des enfants artistes, collectionneurs, curateurs, jur\u00e9s, qui, d\u00e8s l&rsquo;\u00e2ge primaire, pourront s\u2019\u00e9gayer dans cette usine qu&rsquo;est la galerie, exp\u00e9rimenter la cr\u00e9ation et le march\u00e9, avec le soutien d\u2019une importante fondation bancaire. Ce sera un espace permanent, anim\u00e9 par l\u2019architecte Julien Legros\u00a0\u00bb.\u00a0<\/span><\/p>\n<p><span style=\"font-weight: 400;\">Plus largement, l&rsquo;Atoma Art Center a pour vocation d&rsquo;\u00eatre une ruche d&rsquo;artistes, une p\u00e9pini\u00e8re, un biotope o\u00f9 l&rsquo;on recevra en r\u00e9sidence une dizaine d&rsquo;artistes, pour des dur\u00e9es variables, de trois mois \u00e0 un an, log\u00e9s dans six chambres.\u00a0<\/span><\/p>\n<p><span style=\"font-weight: 400;\">Constantin Chariot conclut sur cette confidence : \u00ab Mes ressources personnelles ont permis d\u2019am\u00e9nager la galerie, avec le soutien de mon cercle d&rsquo;amis. Je n\u2019ai ni associ\u00e9s, ni banque derri\u00e8re moi. L&rsquo;\u00e9quipe est modeste : ma fille, \u00c9lisabeth, marketing, \u00e9v\u00e9nements et ventes, Aur\u00e9lie Castez, charg\u00e9e des ventes de la presse, et de la communication num\u00e9rique, Romane Laroche, graphiste, et Arne Van Wonterghem, charg\u00e9 des relations publiques et avec les artistes et des ventes. Depuis le d\u00e9but de ma carri\u00e8re, j&rsquo;ai travaill\u00e9 dans le d\u00e9sir des autres, j&rsquo;ai collabor\u00e9 ou dirig\u00e9 des structures qui ne m&rsquo;appartenaient pas : Pierre Berg\u00e9, les mus\u00e9es de la ville de Li\u00e8ge, la Patinoire royale. Par hasard et par bonheur, j&rsquo;ai rencontr\u00e9 Gilles Dehareng, qui partage ce m\u00eame d\u00e9sir avec ses moyens et comp\u00e9tences propres. Ing\u00e9nieur architecte, il a men\u00e9 ce chantier de r\u00e9novation magistral en un temps record. \u00c0 53 ans, je me donne les moyens d\u2019\u00eatre seul ma\u00eetre \u00e0 bord avec mon \u0153il et mon go\u00fbt \u00bb.\u00a0<\/span><\/p>\n<figure id=\"attachment_4908\" aria-describedby=\"caption-attachment-4908\" style=\"width: 696px\" class=\"wp-caption aligncenter\"><img loading=\"lazy\" decoding=\"async\" class=\"size-large wp-image-4908\" src=\"https:\/\/www.forbes.be\/fr\/wp-content\/uploads\/2024\/09\/PORTRAIT-CONSTANTIN-1024x683.jpeg\" alt=\"Constantin Chariot \u00a9Ghislain &amp; Marie David de Lossy\" width=\"696\" height=\"464\" srcset=\"https:\/\/www.forbes.be\/fr\/wp-content\/uploads\/2024\/09\/PORTRAIT-CONSTANTIN-1024x683.jpeg 1024w, https:\/\/www.forbes.be\/fr\/wp-content\/uploads\/2024\/09\/PORTRAIT-CONSTANTIN-300x200.jpeg 300w, https:\/\/www.forbes.be\/fr\/wp-content\/uploads\/2024\/09\/PORTRAIT-CONSTANTIN-768x512.jpeg 768w, https:\/\/www.forbes.be\/fr\/wp-content\/uploads\/2024\/09\/PORTRAIT-CONSTANTIN-1536x1024.jpeg 1536w, https:\/\/www.forbes.be\/fr\/wp-content\/uploads\/2024\/09\/PORTRAIT-CONSTANTIN-2048x1365.jpeg 2048w, https:\/\/www.forbes.be\/fr\/wp-content\/uploads\/2024\/09\/PORTRAIT-CONSTANTIN-696x464.jpeg 696w, https:\/\/www.forbes.be\/fr\/wp-content\/uploads\/2024\/09\/PORTRAIT-CONSTANTIN-1068x712.jpeg 1068w, https:\/\/www.forbes.be\/fr\/wp-content\/uploads\/2024\/09\/PORTRAIT-CONSTANTIN-1920x1280.jpeg 1920w, https:\/\/www.forbes.be\/fr\/wp-content\/uploads\/2024\/09\/PORTRAIT-CONSTANTIN-600x400.jpeg 600w\" sizes=\"auto, (max-width: 696px) 100vw, 696px\" \/><figcaption id=\"caption-attachment-4908\" class=\"wp-caption-text\">Constantin Chariot \u00a9Ghislain &amp; Marie David de Lossy<\/figcaption><\/figure>\n<p><span style=\"font-weight: 400;\">110, rue Pierre Decoster in Brussels 1190 Forest<\/span><\/p>\n","protected":false},"excerpt":{"rendered":"<p>Constantin Chariot vient d\u2019ouvrir l\u2019Espace Constantin Chariot (ECC), la plus grande ouverture de galerie \u00e0 Bruxelles depuis celle de Xavier Hufkens en 2022. L\u2019Atoma Art Center, situ\u00e9 dans l\u2019ancienne fabrique des Cahiers Atoma, n\u00e9 en 1948, d\u00e9veloppe au total 3600 m\u00b2. L\u2019Espace Constantin Chariot s\u2019y \u00e9tend sur 1000 m\u00b2. L&rsquo;ensemble appartient \u00e0 l&rsquo;architecte Gilles Dehareng [&hellip;]<\/p>\n","protected":false},"author":27,"featured_media":4907,"comment_status":"closed","ping_status":"closed","sticky":false,"template":"","format":"standard","meta":{"_acf_changed":false,"inline_featured_image":false,"footnotes":""},"categories":[1],"tags":[],"class_list":{"0":"post-4903","1":"post","2":"type-post","3":"status-publish","4":"format-standard","5":"has-post-thumbnail","7":"category-actualite"},"acf":[],"_yoast_wpseo_title":null,"_yoast_wpseo_metadesc":"Constantin Chariot vient d\u2019ouvrir l\u2019Espace Constantin Chariot (ECC), la plus grande ouverture de galerie \u00e0 Bruxelles depuis celle de Xavier Hufkens.","auteur_traducteur":"","yoast_head":"<!-- This site is optimized with the Yoast SEO plugin v27.4 - https:\/\/yoast.com\/product\/yoast-seo-wordpress\/ -->\n<title>L\u2019espace atomique de Constantin Chariot | Forbes Belgique<\/title>\n<meta name=\"description\" content=\"Constantin Chariot vient d\u2019ouvrir l\u2019Espace Constantin Chariot (ECC), la plus grande ouverture de galerie \u00e0 Bruxelles depuis celle de Xavier Hufkens.\" \/>\n<meta name=\"robots\" content=\"index, follow, max-snippet:-1, max-image-preview:large, max-video-preview:-1\" \/>\n<link rel=\"canonical\" href=\"https:\/\/www.forbes.be\/fr\/lespace-atomique-de-constantin-chariot\/\" \/>\n<meta property=\"og:locale\" content=\"fr_FR\" \/>\n<meta property=\"og:type\" content=\"article\" \/>\n<meta property=\"og:title\" content=\"L\u2019espace atomique de Constantin Chariot | Forbes Belgique\" \/>\n<meta property=\"og:description\" content=\"Constantin Chariot vient d\u2019ouvrir l\u2019Espace Constantin Chariot (ECC), la plus grande ouverture de galerie \u00e0 Bruxelles depuis celle de Xavier Hufkens.\" \/>\n<meta property=\"og:url\" content=\"https:\/\/www.forbes.be\/fr\/lespace-atomique-de-constantin-chariot\/\" \/>\n<meta property=\"og:site_name\" content=\"Forbes Belgique\" \/>\n<meta property=\"article:publisher\" content=\"https:\/\/www.facebook.com\/forbesbelgique\/\" \/>\n<meta property=\"article:published_time\" content=\"2024-09-13T05:00:00+00:00\" \/>\n<meta property=\"og:image\" content=\"https:\/\/www.forbes.be\/fr\/wp-content\/uploads\/2024\/09\/visuels-3D-ECC-1.jpg\" \/>\n\t<meta property=\"og:image:width\" content=\"2048\" \/>\n\t<meta property=\"og:image:height\" content=\"1204\" \/>\n\t<meta property=\"og:image:type\" content=\"image\/jpeg\" \/>\n<meta name=\"author\" content=\"Johan-Fr\u00e9d\u00e9rik Hel Guedj\" \/>\n<meta name=\"twitter:card\" content=\"summary_large_image\" \/>\n<meta name=\"twitter:label1\" content=\"\u00c9crit par\" \/>\n\t<meta name=\"twitter:data1\" content=\"Johan-Fr\u00e9d\u00e9rik Hel Guedj\" \/>\n\t<meta name=\"twitter:label2\" content=\"Dur\u00e9e de lecture estim\u00e9e\" \/>\n\t<meta name=\"twitter:data2\" content=\"4 minutes\" \/>\n<script type=\"application\/ld+json\" class=\"yoast-schema-graph\">{\"@context\":\"https:\\\/\\\/schema.org\",\"@graph\":[{\"@type\":\"NewsArticle\",\"@id\":\"https:\\\/\\\/www.forbes.be\\\/fr\\\/lespace-atomique-de-constantin-chariot\\\/#article\",\"isPartOf\":{\"@id\":\"https:\\\/\\\/www.forbes.be\\\/fr\\\/lespace-atomique-de-constantin-chariot\\\/\"},\"author\":{\"name\":\"Johan-Fr\u00e9d\u00e9rik Hel Guedj\",\"@id\":\"https:\\\/\\\/www.forbes.be\\\/fr\\\/#\\\/schema\\\/person\\\/ad1bb0e83419af89356b7b11a6622c80\"},\"headline\":\"L\u2019espace atomique de Constantin Chariot\",\"datePublished\":\"2024-09-13T05:00:00+00:00\",\"mainEntityOfPage\":{\"@id\":\"https:\\\/\\\/www.forbes.be\\\/fr\\\/lespace-atomique-de-constantin-chariot\\\/\"},\"wordCount\":726,\"publisher\":{\"@id\":\"https:\\\/\\\/www.forbes.be\\\/fr\\\/#organization\"},\"image\":{\"@id\":\"https:\\\/\\\/www.forbes.be\\\/fr\\\/lespace-atomique-de-constantin-chariot\\\/#primaryimage\"},\"thumbnailUrl\":\"https:\\\/\\\/www.forbes.be\\\/fr\\\/wp-content\\\/uploads\\\/2024\\\/09\\\/visuels-3D-ECC-1.jpg\",\"articleSection\":[\"Actualit\u00e9s\"],\"inLanguage\":\"fr-FR\"},{\"@type\":\"WebPage\",\"@id\":\"https:\\\/\\\/www.forbes.be\\\/fr\\\/lespace-atomique-de-constantin-chariot\\\/\",\"url\":\"https:\\\/\\\/www.forbes.be\\\/fr\\\/lespace-atomique-de-constantin-chariot\\\/\",\"name\":\"L\u2019espace atomique de Constantin Chariot | Forbes Belgique\",\"isPartOf\":{\"@id\":\"https:\\\/\\\/www.forbes.be\\\/fr\\\/#website\"},\"primaryImageOfPage\":{\"@id\":\"https:\\\/\\\/www.forbes.be\\\/fr\\\/lespace-atomique-de-constantin-chariot\\\/#primaryimage\"},\"image\":{\"@id\":\"https:\\\/\\\/www.forbes.be\\\/fr\\\/lespace-atomique-de-constantin-chariot\\\/#primaryimage\"},\"thumbnailUrl\":\"https:\\\/\\\/www.forbes.be\\\/fr\\\/wp-content\\\/uploads\\\/2024\\\/09\\\/visuels-3D-ECC-1.jpg\",\"datePublished\":\"2024-09-13T05:00:00+00:00\",\"description\":\"Constantin Chariot vient d\u2019ouvrir l\u2019Espace Constantin Chariot (ECC), la plus grande ouverture de galerie \u00e0 Bruxelles depuis celle de Xavier Hufkens.\",\"breadcrumb\":{\"@id\":\"https:\\\/\\\/www.forbes.be\\\/fr\\\/lespace-atomique-de-constantin-chariot\\\/#breadcrumb\"},\"inLanguage\":\"fr-FR\",\"potentialAction\":[{\"@type\":\"ReadAction\",\"target\":[\"https:\\\/\\\/www.forbes.be\\\/fr\\\/lespace-atomique-de-constantin-chariot\\\/\"]}]},{\"@type\":\"ImageObject\",\"inLanguage\":\"fr-FR\",\"@id\":\"https:\\\/\\\/www.forbes.be\\\/fr\\\/lespace-atomique-de-constantin-chariot\\\/#primaryimage\",\"url\":\"https:\\\/\\\/www.forbes.be\\\/fr\\\/wp-content\\\/uploads\\\/2024\\\/09\\\/visuels-3D-ECC-1.jpg\",\"contentUrl\":\"https:\\\/\\\/www.forbes.be\\\/fr\\\/wp-content\\\/uploads\\\/2024\\\/09\\\/visuels-3D-ECC-1.jpg\",\"width\":2048,\"height\":1204,\"caption\":\"\u00a9UNNA Brussels (Urban Nation Architects & Associates)\"},{\"@type\":\"BreadcrumbList\",\"@id\":\"https:\\\/\\\/www.forbes.be\\\/fr\\\/lespace-atomique-de-constantin-chariot\\\/#breadcrumb\",\"itemListElement\":[{\"@type\":\"ListItem\",\"position\":1,\"name\":\"Accueil\",\"item\":\"https:\\\/\\\/www.forbes.be\\\/fr\\\/\"},{\"@type\":\"ListItem\",\"position\":2,\"name\":\"L\u2019espace atomique de Constantin Chariot\"}]},{\"@type\":\"WebSite\",\"@id\":\"https:\\\/\\\/www.forbes.be\\\/fr\\\/#website\",\"url\":\"https:\\\/\\\/www.forbes.be\\\/fr\\\/\",\"name\":\"Forbes Belgique\",\"description\":\"\",\"publisher\":{\"@id\":\"https:\\\/\\\/www.forbes.be\\\/fr\\\/#organization\"},\"potentialAction\":[{\"@type\":\"SearchAction\",\"target\":{\"@type\":\"EntryPoint\",\"urlTemplate\":\"https:\\\/\\\/www.forbes.be\\\/fr\\\/?s={search_term_string}\"},\"query-input\":{\"@type\":\"PropertyValueSpecification\",\"valueRequired\":true,\"valueName\":\"search_term_string\"}}],\"inLanguage\":\"fr-FR\"},{\"@type\":\"Organization\",\"@id\":\"https:\\\/\\\/www.forbes.be\\\/fr\\\/#organization\",\"name\":\"Forbes Belgique\",\"url\":\"https:\\\/\\\/www.forbes.be\\\/fr\\\/\",\"logo\":{\"@type\":\"ImageObject\",\"inLanguage\":\"fr-FR\",\"@id\":\"https:\\\/\\\/www.forbes.be\\\/fr\\\/#\\\/schema\\\/logo\\\/image\\\/\",\"url\":\"https:\\\/\\\/www.forbes.be\\\/fr\\\/wp-content\\\/uploads\\\/2024\\\/02\\\/forbes.be_.png\",\"contentUrl\":\"https:\\\/\\\/www.forbes.be\\\/fr\\\/wp-content\\\/uploads\\\/2024\\\/02\\\/forbes.be_.png\",\"width\":1200,\"height\":675,\"caption\":\"Forbes Belgique\"},\"image\":{\"@id\":\"https:\\\/\\\/www.forbes.be\\\/fr\\\/#\\\/schema\\\/logo\\\/image\\\/\"},\"sameAs\":[\"https:\\\/\\\/www.facebook.com\\\/forbesbelgique\\\/\",\"https:\\\/\\\/www.instagram.com\\\/Forbes_Belgium\",\"https:\\\/\\\/www.linkedin.com\\\/company\\\/forbes-belgium\\\/\"]},{\"@type\":\"Person\",\"@id\":\"https:\\\/\\\/www.forbes.be\\\/fr\\\/#\\\/schema\\\/person\\\/ad1bb0e83419af89356b7b11a6622c80\",\"name\":\"Johan-Fr\u00e9d\u00e9rik Hel Guedj\",\"image\":{\"@type\":\"ImageObject\",\"inLanguage\":\"fr-FR\",\"@id\":\"https:\\\/\\\/secure.gravatar.com\\\/avatar\\\/65333543693434f2cc9fdefb3173b162df98712d00606b00b3d43914f79a1598?s=96&d=mm&r=g\",\"url\":\"https:\\\/\\\/secure.gravatar.com\\\/avatar\\\/65333543693434f2cc9fdefb3173b162df98712d00606b00b3d43914f79a1598?s=96&d=mm&r=g\",\"contentUrl\":\"https:\\\/\\\/secure.gravatar.com\\\/avatar\\\/65333543693434f2cc9fdefb3173b162df98712d00606b00b3d43914f79a1598?s=96&d=mm&r=g\",\"caption\":\"Johan-Fr\u00e9d\u00e9rik Hel Guedj\"},\"description\":\"Johan-Frederik Hel Guedj est journaliste et auteur fran\u00e7ais. R\u00e9dacteur en chef pendant 7 ans de la revue Pouvoirs Locaux, consacr\u00e9e aux politiques culturelles, il a publi\u00e9 huit ouvrages chez des \u00e9diteurs fran\u00e7ais et belges, dont deux romans, un essai consacr\u00e9 \u00e0 Orson Welles, et quatre livres d\u2019art. En plus de Forbes, il collabore \u00e0 L\u2019Echo et au Quotidien de l\u2019Art (Paris).\",\"url\":\"https:\\\/\\\/www.forbes.be\\\/fr\\\/author\\\/johan-frederik-hel-guedj\\\/\"}]}<\/script>\n<!-- \/ Yoast SEO plugin. -->","yoast_head_json":{"title":"L\u2019espace atomique de Constantin Chariot | Forbes Belgique","description":"Constantin Chariot vient d\u2019ouvrir l\u2019Espace Constantin Chariot (ECC), la plus grande ouverture de galerie \u00e0 Bruxelles depuis celle de Xavier Hufkens.","robots":{"index":"index","follow":"follow","max-snippet":"max-snippet:-1","max-image-preview":"max-image-preview:large","max-video-preview":"max-video-preview:-1"},"canonical":"https:\/\/www.forbes.be\/fr\/lespace-atomique-de-constantin-chariot\/","og_locale":"fr_FR","og_type":"article","og_title":"L\u2019espace atomique de Constantin Chariot | Forbes Belgique","og_description":"Constantin Chariot vient d\u2019ouvrir l\u2019Espace Constantin Chariot (ECC), la plus grande ouverture de galerie \u00e0 Bruxelles depuis celle de Xavier Hufkens.","og_url":"https:\/\/www.forbes.be\/fr\/lespace-atomique-de-constantin-chariot\/","og_site_name":"Forbes Belgique","article_publisher":"https:\/\/www.facebook.com\/forbesbelgique\/","article_published_time":"2024-09-13T05:00:00+00:00","og_image":[{"width":2048,"height":1204,"url":"https:\/\/www.forbes.be\/fr\/wp-content\/uploads\/2024\/09\/visuels-3D-ECC-1.jpg","type":"image\/jpeg"}],"author":"Johan-Fr\u00e9d\u00e9rik Hel Guedj","twitter_card":"summary_large_image","twitter_misc":{"\u00c9crit par":"Johan-Fr\u00e9d\u00e9rik Hel Guedj","Dur\u00e9e de lecture estim\u00e9e":"4 minutes"},"schema":{"@context":"https:\/\/schema.org","@graph":[{"@type":"NewsArticle","@id":"https:\/\/www.forbes.be\/fr\/lespace-atomique-de-constantin-chariot\/#article","isPartOf":{"@id":"https:\/\/www.forbes.be\/fr\/lespace-atomique-de-constantin-chariot\/"},"author":{"name":"Johan-Fr\u00e9d\u00e9rik Hel Guedj","@id":"https:\/\/www.forbes.be\/fr\/#\/schema\/person\/ad1bb0e83419af89356b7b11a6622c80"},"headline":"L\u2019espace atomique de Constantin Chariot","datePublished":"2024-09-13T05:00:00+00:00","mainEntityOfPage":{"@id":"https:\/\/www.forbes.be\/fr\/lespace-atomique-de-constantin-chariot\/"},"wordCount":726,"publisher":{"@id":"https:\/\/www.forbes.be\/fr\/#organization"},"image":{"@id":"https:\/\/www.forbes.be\/fr\/lespace-atomique-de-constantin-chariot\/#primaryimage"},"thumbnailUrl":"https:\/\/www.forbes.be\/fr\/wp-content\/uploads\/2024\/09\/visuels-3D-ECC-1.jpg","articleSection":["Actualit\u00e9s"],"inLanguage":"fr-FR"},{"@type":"WebPage","@id":"https:\/\/www.forbes.be\/fr\/lespace-atomique-de-constantin-chariot\/","url":"https:\/\/www.forbes.be\/fr\/lespace-atomique-de-constantin-chariot\/","name":"L\u2019espace atomique de Constantin Chariot | Forbes Belgique","isPartOf":{"@id":"https:\/\/www.forbes.be\/fr\/#website"},"primaryImageOfPage":{"@id":"https:\/\/www.forbes.be\/fr\/lespace-atomique-de-constantin-chariot\/#primaryimage"},"image":{"@id":"https:\/\/www.forbes.be\/fr\/lespace-atomique-de-constantin-chariot\/#primaryimage"},"thumbnailUrl":"https:\/\/www.forbes.be\/fr\/wp-content\/uploads\/2024\/09\/visuels-3D-ECC-1.jpg","datePublished":"2024-09-13T05:00:00+00:00","description":"Constantin Chariot vient d\u2019ouvrir l\u2019Espace Constantin Chariot (ECC), la plus grande ouverture de galerie \u00e0 Bruxelles depuis celle de Xavier Hufkens.","breadcrumb":{"@id":"https:\/\/www.forbes.be\/fr\/lespace-atomique-de-constantin-chariot\/#breadcrumb"},"inLanguage":"fr-FR","potentialAction":[{"@type":"ReadAction","target":["https:\/\/www.forbes.be\/fr\/lespace-atomique-de-constantin-chariot\/"]}]},{"@type":"ImageObject","inLanguage":"fr-FR","@id":"https:\/\/www.forbes.be\/fr\/lespace-atomique-de-constantin-chariot\/#primaryimage","url":"https:\/\/www.forbes.be\/fr\/wp-content\/uploads\/2024\/09\/visuels-3D-ECC-1.jpg","contentUrl":"https:\/\/www.forbes.be\/fr\/wp-content\/uploads\/2024\/09\/visuels-3D-ECC-1.jpg","width":2048,"height":1204,"caption":"\u00a9UNNA Brussels (Urban Nation Architects & Associates)"},{"@type":"BreadcrumbList","@id":"https:\/\/www.forbes.be\/fr\/lespace-atomique-de-constantin-chariot\/#breadcrumb","itemListElement":[{"@type":"ListItem","position":1,"name":"Accueil","item":"https:\/\/www.forbes.be\/fr\/"},{"@type":"ListItem","position":2,"name":"L\u2019espace atomique de Constantin Chariot"}]},{"@type":"WebSite","@id":"https:\/\/www.forbes.be\/fr\/#website","url":"https:\/\/www.forbes.be\/fr\/","name":"Forbes Belgique","description":"","publisher":{"@id":"https:\/\/www.forbes.be\/fr\/#organization"},"potentialAction":[{"@type":"SearchAction","target":{"@type":"EntryPoint","urlTemplate":"https:\/\/www.forbes.be\/fr\/?s={search_term_string}"},"query-input":{"@type":"PropertyValueSpecification","valueRequired":true,"valueName":"search_term_string"}}],"inLanguage":"fr-FR"},{"@type":"Organization","@id":"https:\/\/www.forbes.be\/fr\/#organization","name":"Forbes Belgique","url":"https:\/\/www.forbes.be\/fr\/","logo":{"@type":"ImageObject","inLanguage":"fr-FR","@id":"https:\/\/www.forbes.be\/fr\/#\/schema\/logo\/image\/","url":"https:\/\/www.forbes.be\/fr\/wp-content\/uploads\/2024\/02\/forbes.be_.png","contentUrl":"https:\/\/www.forbes.be\/fr\/wp-content\/uploads\/2024\/02\/forbes.be_.png","width":1200,"height":675,"caption":"Forbes Belgique"},"image":{"@id":"https:\/\/www.forbes.be\/fr\/#\/schema\/logo\/image\/"},"sameAs":["https:\/\/www.facebook.com\/forbesbelgique\/","https:\/\/www.instagram.com\/Forbes_Belgium","https:\/\/www.linkedin.com\/company\/forbes-belgium\/"]},{"@type":"Person","@id":"https:\/\/www.forbes.be\/fr\/#\/schema\/person\/ad1bb0e83419af89356b7b11a6622c80","name":"Johan-Fr\u00e9d\u00e9rik Hel Guedj","image":{"@type":"ImageObject","inLanguage":"fr-FR","@id":"https:\/\/secure.gravatar.com\/avatar\/65333543693434f2cc9fdefb3173b162df98712d00606b00b3d43914f79a1598?s=96&d=mm&r=g","url":"https:\/\/secure.gravatar.com\/avatar\/65333543693434f2cc9fdefb3173b162df98712d00606b00b3d43914f79a1598?s=96&d=mm&r=g","contentUrl":"https:\/\/secure.gravatar.com\/avatar\/65333543693434f2cc9fdefb3173b162df98712d00606b00b3d43914f79a1598?s=96&d=mm&r=g","caption":"Johan-Fr\u00e9d\u00e9rik Hel Guedj"},"description":"Johan-Frederik Hel Guedj est journaliste et auteur fran\u00e7ais. R\u00e9dacteur en chef pendant 7 ans de la revue Pouvoirs Locaux, consacr\u00e9e aux politiques culturelles, il a publi\u00e9 huit ouvrages chez des \u00e9diteurs fran\u00e7ais et belges, dont deux romans, un essai consacr\u00e9 \u00e0 Orson Welles, et quatre livres d\u2019art. En plus de Forbes, il collabore \u00e0 L\u2019Echo et au Quotidien de l\u2019Art (Paris).","url":"https:\/\/www.forbes.be\/fr\/author\/johan-frederik-hel-guedj\/"}]}},"_links":{"self":[{"href":"https:\/\/www.forbes.be\/fr\/wp-json\/wp\/v2\/posts\/4903","targetHints":{"allow":["GET"]}}],"collection":[{"href":"https:\/\/www.forbes.be\/fr\/wp-json\/wp\/v2\/posts"}],"about":[{"href":"https:\/\/www.forbes.be\/fr\/wp-json\/wp\/v2\/types\/post"}],"author":[{"embeddable":true,"href":"https:\/\/www.forbes.be\/fr\/wp-json\/wp\/v2\/users\/27"}],"replies":[{"embeddable":true,"href":"https:\/\/www.forbes.be\/fr\/wp-json\/wp\/v2\/comments?post=4903"}],"version-history":[{"count":4,"href":"https:\/\/www.forbes.be\/fr\/wp-json\/wp\/v2\/posts\/4903\/revisions"}],"predecessor-version":[{"id":4912,"href":"https:\/\/www.forbes.be\/fr\/wp-json\/wp\/v2\/posts\/4903\/revisions\/4912"}],"wp:featuredmedia":[{"embeddable":true,"href":"https:\/\/www.forbes.be\/fr\/wp-json\/wp\/v2\/media\/4907"}],"wp:attachment":[{"href":"https:\/\/www.forbes.be\/fr\/wp-json\/wp\/v2\/media?parent=4903"}],"wp:term":[{"taxonomy":"category","embeddable":true,"href":"https:\/\/www.forbes.be\/fr\/wp-json\/wp\/v2\/categories?post=4903"},{"taxonomy":"post_tag","embeddable":true,"href":"https:\/\/www.forbes.be\/fr\/wp-json\/wp\/v2\/tags?post=4903"}],"curies":[{"name":"wp","href":"https:\/\/api.w.org\/{rel}","templated":true}]}}