{"id":4980,"date":"2024-10-09T18:00:04","date_gmt":"2024-10-09T16:00:04","guid":{"rendered":"https:\/\/www.forbes.be\/fr\/?p=4980"},"modified":"2024-10-09T10:46:28","modified_gmt":"2024-10-09T08:46:28","slug":"la-durabilite-au-coeur-de-la-mode","status":"publish","type":"post","link":"https:\/\/www.forbes.be\/fr\/la-durabilite-au-coeur-de-la-mode\/","title":{"rendered":"La durabilit\u00e9 au c\u0153ur de la mode"},"content":{"rendered":"<p class=\"p1\"><strong><span class=\"s1\">L\u2019\u00e8re de l\u2019\u00e9coresponsabilit\u00e9 autor\u00e9gul\u00e9e dans l\u2019industrie de la mode vit ses derni\u00e8res saisons en Europe. Avec la multiplication des cadres l\u00e9gaux, les marques ont tout int\u00e9r\u00eat \u00e0 op\u00e9rer leur transition avant d\u2019\u00eatre rattrap\u00e9es par les r\u00e9glementations.<span class=\"Apple-converted-space\">\u00a0<\/span><\/span><\/strong><\/p>\n<p class=\"p1\"><span class=\"s1\">Face aux enjeux climatiques et \u00e9conomiques d\u2019une industrie dans la tourmente depuis une quinzaine d\u2019ann\u00e9es, diff\u00e9rentes directives europ\u00e9ennes \u00e9mergent pour tenter de r\u00e9glementer ce secteur qui est \u00e0 la fois l\u2019un des plus gros employeurs et des plus gros pollueurs au monde (en 3<sup>\u00e8me <\/sup>position derri\u00e8re l\u2019agriculture et les transports, et responsable de 10 % des \u00e9missions de gaz \u00e0 effet de serre).<\/span><\/p>\n<p class=\"p1\"><span class=\"s1\">En France depuis janvier 2023, la <a href=\"https:\/\/www.ecologie.gouv.fr\/loi-anti-gaspillage-economie-circulaire#:~:text=La%20loi%20vise%20%C3%A0%20augmenter,march%C3%A9%20en%20France%20en%202027.\">Loi AGEC<\/a> (Anti-Gaspillage Economique Circulaire) cadre la production fran\u00e7aise en mati\u00e8re de textile notamment, et inspire diff\u00e9rentes directives europ\u00e9ennes, qui contraindront dans son sillage les marques \u00e0 davantage de transparence en mati\u00e8re de tra\u00e7abilit\u00e9. Elles sont d\u00e9j\u00e0 oblig\u00e9es d\u2019indiquer tous les pays o\u00f9 sont r\u00e9alis\u00e9es leurs op\u00e9rations de fabrication, et doivent signaler la pr\u00e9sence de substances toxiques, de mati\u00e8res recycl\u00e9es et de microfibres plastiques. Ces \u00ab fiches produits \u00bb d\u00e9taill\u00e9es doivent d\u2019ores et d\u00e9j\u00e0 \u00eatre accessibles sur le site internet de l\u2019entreprise. En France, les soci\u00e9t\u00e9s qui affichent au moins 50 millions d\u2019euros de chiffre d\u2019affaires en textile et chaussures y sont assujetties depuis 2023.<\/span><\/p>\n<p class=\"p1\"><span class=\"s1\">En 2025, le seuil sera abaiss\u00e9 \u00e0 10 millions d\u2019euros. Ces dispositions impliquent un renforcement de la responsabilit\u00e9 des marques : alors qu\u2019elles sont encore nombreuses \u00e0 sous-traiter leur fabrication, en Asie du Sud-Est notamment, il ne leur sera plus possible d\u2019ignorer la r\u00e9alit\u00e9 des usines qu\u2019elles emploient \u00e0 l\u2019autre bout du monde. Chacune devra savoir qui op\u00e8re chaque \u00e9tape, o\u00f9, et dans quelles conditions. Ce qui impliquera d\u2019aller au-del\u00e0 du proc\u00e9d\u00e9 connu des \u00ab usines vitrines \u00bb parfois utilis\u00e9es comme paravent par certains sous-traitants. Si pour une coordination europ\u00e9enne le chemin est encore long, la transition est enclench\u00e9e.<span class=\"Apple-converted-space\">\u00a0<\/span><\/span><\/p>\n<blockquote>\n<p class=\"p3\"><span class=\"s2\">Les <\/span><span class=\"s3\">donneurs d\u2019ordre<\/span><span class=\"s2\"> seront responsables des <\/span><span class=\"s3\">cons\u00e9quences<\/span><span class=\"s2\"> des actes de leurs <\/span><span class=\"s3\">fournisseurs<\/span><span class=\"s2\">.<\/span><\/p>\n<\/blockquote>\n<h2 class=\"p4\"><span class=\"s1\">L\u2019Europe d\u00e9termin\u00e9e<\/span><\/h2>\n<p class=\"p1\"><span class=\"s1\">Marina Coutelan, consultante en mode et Responsabilit\u00e9 Sociale et Environnementale des entreprises, qui a particip\u00e9 aux travaux sur la loi concernant l\u2019Affichage environnemental fran\u00e7ais, souligne que \u00ab<i>\u00a0la European Textile Strategy en cours d\u2019\u00e9laboration rassemble plusieurs r\u00e9glementations, dont le texte fondateur ESPR, Ecodesign for Sustainable Products Regulation. L\u2019ensemble de ces textes de loi \u00e9dict\u00e9s par la Commission europ\u00e9enne concernent entre autres le devoir de vigilance des entreprises par rapport \u00e0 leur cha\u00eene de valeurs. Ce qui implique que les donneurs d\u2019ordre seront responsables des cons\u00e9quences des actes de leurs fournisseurs<\/i> \u00bb.<\/span><\/p>\n<p class=\"p1\"><span class=\"s1\">Les directives europ\u00e9ennes devant \u00eatre retranscrites dans les lois de chaque pays de l\u2019Union pour la Belgique, les Pays-Bas et le Luxembourg, il s\u2019agira de l\u00e9gif\u00e9rer rapidement. M\u00eame les acteurs de la mode hors Europe devront s\u2019y plier \u00e0 terme.<\/span><\/p>\n<p class=\"p1\"><span class=\"s1\">Concernant les grandes marques de luxe, l\u2019impact environnemental est d\u00e9j\u00e0 ma\u00eetris\u00e9, g\u00e9n\u00e9ralement plus faible par d\u00e9finition \u00e0 la fois en raison des proc\u00e9d\u00e9s artisanaux de fabrication et par le nombre de pi\u00e8ces produites. Mais dans un secteur dont le tempo s\u2019acc\u00e9l\u00e8re de mani\u00e8re exponentielle malgr\u00e9 quelques d\u00e9clarations d\u2019intention \u00e0 l\u2019issue de la crise Covid, les PME de mode belges seront-elles pr\u00eates \u00e0 prendre l\u2019\u00e9co-virage ?<span class=\"Apple-converted-space\">\u00a0<\/span><\/span><\/p>\n<figure id=\"attachment_5101\" aria-describedby=\"caption-attachment-5101\" style=\"width: 683px\" class=\"wp-caption alignnone\"><img loading=\"lazy\" decoding=\"async\" class=\"wp-image-5101 size-large\" src=\"https:\/\/www.forbes.be\/fr\/wp-content\/uploads\/2024\/09\/Image-7-683x1024.jpg\" alt=\"durabilit\u00e9 mode\" width=\"683\" height=\"1024\" srcset=\"https:\/\/www.forbes.be\/fr\/wp-content\/uploads\/2024\/09\/Image-7-683x1024.jpg 683w, https:\/\/www.forbes.be\/fr\/wp-content\/uploads\/2024\/09\/Image-7-200x300.jpg 200w, https:\/\/www.forbes.be\/fr\/wp-content\/uploads\/2024\/09\/Image-7-768x1152.jpg 768w, https:\/\/www.forbes.be\/fr\/wp-content\/uploads\/2024\/09\/Image-7-1024x1536.jpg 1024w, https:\/\/www.forbes.be\/fr\/wp-content\/uploads\/2024\/09\/Image-7-1365x2048.jpg 1365w, https:\/\/www.forbes.be\/fr\/wp-content\/uploads\/2024\/09\/Image-7-696x1044.jpg 696w, https:\/\/www.forbes.be\/fr\/wp-content\/uploads\/2024\/09\/Image-7-1068x1602.jpg 1068w, https:\/\/www.forbes.be\/fr\/wp-content\/uploads\/2024\/09\/Image-7-1920x2880.jpg 1920w, https:\/\/www.forbes.be\/fr\/wp-content\/uploads\/2024\/09\/Image-7-600x900.jpg 600w, https:\/\/www.forbes.be\/fr\/wp-content\/uploads\/2024\/09\/Image-7-scaled.jpg 1707w\" sizes=\"auto, (max-width: 683px) 100vw, 683px\" \/><figcaption id=\"caption-attachment-5101\" class=\"wp-caption-text\">\u00a9 Imprevu Belgium<\/figcaption><\/figure>\n<h2 class=\"p4\"><span class=\"s1\">Les cr\u00e9ateurs belges pr\u00e9par\u00e9s<\/span><\/h2>\n<p class=\"p1\"><span class=\"s1\">Justine God, fondatrice et cr\u00e9atrice de la marque Imprevu Belgium dont les collections sont produites dans des usines familiales en Italie et au Portugal, relativise. \u00ab<i>\u00a0Je travaille essentiellement avec des mati\u00e8res labellis\u00e9es \u00e9coresponsables. Nous avons toujours veill\u00e9 \u00e0 r\u00e9duire notre impact environnemental, que ce soit \u00e0 travers nos choix d\u2019\u00e9tiquettes, nos cartons de transport ou nos emballages en plastique recycl\u00e9. Aujourd\u2019hui, nous accueillons favorablement l\u2019\u00e9mergence de nouvelles normes, tout en esp\u00e9rant que les d\u00e9cideurs politiques prendront en compte les d\u00e9fis auxquels sont confront\u00e9es des PME comme la n\u00f4tre. Pour nous, certaines certifications sont trop lourdes sur le plan administratif ou trop co\u00fbteuses \u00e0 mettre en place\u00a0<\/i>\u00bb.<\/span><\/p>\n<p class=\"p1\"><span class=\"s1\">A titre d\u2019exemple, obtenir et conserver la certification B Corp peut co\u00fbter jusqu\u2019\u00e0 50.000 euros par an, en fonction du chiffre d\u2019affaires de l\u2019entreprise. Pour les \u00ab marques cr\u00e9ateurs \u00bb, Dries Van Noten, Walter Van Beirendonck ou Jean-Paul Knott qui cultivent des relations de confiance avec les m\u00eames fournisseurs et ateliers depuis des d\u00e9cennies, l\u2019alignement avec les nouvelles normes sera facile. Du c\u00f4t\u00e9 de la maison Natan, les collections sont enti\u00e8rement fabriqu\u00e9es dans les ateliers de la marque, \u00e0 Bruxelles. Mais toutes les marques ne sont pas organis\u00e9es selon le m\u00eame sch\u00e9ma de production directe, et certaines devront relocaliser, pour un meilleur suivi. Vertueux, mais plus cher. Marina Coutelan pointe le nerf de la guerre verte : \u00ab <i>D\u00e9sormais avec la CSRD, Corporate Sustainability Reporting Directive, les investisseurs regarderont tant les rapports financiers, qu\u2019extra financiers des marques <\/i>\u00bb.<\/span><\/p>\n<figure id=\"attachment_5100\" aria-describedby=\"caption-attachment-5100\" style=\"width: 696px\" class=\"wp-caption alignnone\"><img loading=\"lazy\" decoding=\"async\" class=\"wp-image-5100 size-large\" src=\"https:\/\/www.forbes.be\/fr\/wp-content\/uploads\/2024\/09\/image-6-819x1024.jpg\" alt=\"durabilit\u00e9 mode\" width=\"696\" height=\"870\" srcset=\"https:\/\/www.forbes.be\/fr\/wp-content\/uploads\/2024\/09\/image-6-819x1024.jpg 819w, https:\/\/www.forbes.be\/fr\/wp-content\/uploads\/2024\/09\/image-6-240x300.jpg 240w, https:\/\/www.forbes.be\/fr\/wp-content\/uploads\/2024\/09\/image-6-768x960.jpg 768w, https:\/\/www.forbes.be\/fr\/wp-content\/uploads\/2024\/09\/image-6-1229x1536.jpg 1229w, https:\/\/www.forbes.be\/fr\/wp-content\/uploads\/2024\/09\/image-6-1638x2048.jpg 1638w, https:\/\/www.forbes.be\/fr\/wp-content\/uploads\/2024\/09\/image-6-696x870.jpg 696w, https:\/\/www.forbes.be\/fr\/wp-content\/uploads\/2024\/09\/image-6-1068x1335.jpg 1068w, https:\/\/www.forbes.be\/fr\/wp-content\/uploads\/2024\/09\/image-6-1920x2400.jpg 1920w, https:\/\/www.forbes.be\/fr\/wp-content\/uploads\/2024\/09\/image-6-600x750.jpg 600w, https:\/\/www.forbes.be\/fr\/wp-content\/uploads\/2024\/09\/image-6-scaled.jpg 2048w\" sizes=\"auto, (max-width: 696px) 100vw, 696px\" \/><figcaption id=\"caption-attachment-5100\" class=\"wp-caption-text\">\u00a9 Natan<\/figcaption><\/figure>\n<blockquote>\n<p class=\"p3\"><span class=\"s2\">D\u00e8s 2027, un \u00ab<\/span><span class=\"s3\"> digital product passeport<\/span><span class=\"s2\"> \u00bb sera rendu obligatoire pour tous les <\/span><span class=\"s3\">v\u00eatements<\/span><span class=\"s2\"> et <\/span><span class=\"s3\">accessoires<\/span><span class=\"s2\"> de mode en Europe.<\/span><\/p>\n<\/blockquote>\n<h2 class=\"p5\"><span class=\"s1\">La Belgique pr\u00eate pour les changements<\/span><\/h2>\n<p class=\"p1\"><span class=\"s1\">Pour Jasmien Wynants, qui a cofond\u00e9 avec le Flanders DC \u00ab\u00a0Close The Loop\u00a0\u00bb, une structure financ\u00e9e par la R\u00e9gion Flamande qui aide des marques belges dans leur r\u00e9orientation vers une production durable, \u00ab<i>\u00a0il est difficile de prendre toutes les mesures quand on ne sait pas encore exactement de quoi la future EU Textile Strategy sera faite. Pour \u00eatre par\u00e9es au mieux, les marques s\u2019informent r\u00e9guli\u00e8rement, s\u2019essayent \u00e0 des solutions logistiques et informatiques, testent de nouveaux business models et m\u00e8nent des exp\u00e9riences sur le terrain.<\/i> \u00bb<\/span><\/p>\n<p class=\"p1\"><span class=\"s1\">Par exemple, le projet Infinitex men\u00e9 par l\u2019Universit\u00e9 Thomas More \u00e0 Malines, rassemble diff\u00e9rentes entreprises qui veulent adopter des processus \u00e9coresponsables alternatifs, comme la reprise de pi\u00e8ces en fin de cycle, la location ou la gestion de leur propre seconde main. Parmi elles, E5 ou Filou &amp; Friends, qui investissent dans la gestion num\u00e9rique pour augmenter en efficacit\u00e9. Mais les normes se resserrent : d\u00e8s 2027, un \u00ab digital product passeport \u00bb sera rendu obligatoire pour tous les v\u00eatements et accessoires de mode en Europe.<\/span><\/p>\n<figure id=\"attachment_5096\" aria-describedby=\"caption-attachment-5096\" style=\"width: 683px\" class=\"wp-caption alignnone\"><img loading=\"lazy\" decoding=\"async\" class=\"wp-image-5096 size-large\" src=\"https:\/\/www.forbes.be\/fr\/wp-content\/uploads\/2024\/09\/image-3-683x1024.jpg\" alt=\"durabilit\u00e9 mode\" width=\"683\" height=\"1024\" srcset=\"https:\/\/www.forbes.be\/fr\/wp-content\/uploads\/2024\/09\/image-3-683x1024.jpg 683w, https:\/\/www.forbes.be\/fr\/wp-content\/uploads\/2024\/09\/image-3-200x300.jpg 200w, https:\/\/www.forbes.be\/fr\/wp-content\/uploads\/2024\/09\/image-3-768x1152.jpg 768w, https:\/\/www.forbes.be\/fr\/wp-content\/uploads\/2024\/09\/image-3-1024x1536.jpg 1024w, https:\/\/www.forbes.be\/fr\/wp-content\/uploads\/2024\/09\/image-3-1365x2048.jpg 1365w, https:\/\/www.forbes.be\/fr\/wp-content\/uploads\/2024\/09\/image-3-696x1044.jpg 696w, https:\/\/www.forbes.be\/fr\/wp-content\/uploads\/2024\/09\/image-3-1068x1602.jpg 1068w, https:\/\/www.forbes.be\/fr\/wp-content\/uploads\/2024\/09\/image-3-1920x2880.jpg 1920w, https:\/\/www.forbes.be\/fr\/wp-content\/uploads\/2024\/09\/image-3-600x900.jpg 600w, https:\/\/www.forbes.be\/fr\/wp-content\/uploads\/2024\/09\/image-3-scaled.jpg 1707w\" sizes=\"auto, (max-width: 683px) 100vw, 683px\" \/><figcaption id=\"caption-attachment-5096\" class=\"wp-caption-text\">\u00a9 Collection Evergreen par Y\/Project<\/figcaption><\/figure>\n<p class=\"p1\"><span class=\"s1\">Par anticipation, la marque fran\u00e7aise Y\/Project, dont le directeur artistique Glenn Mertens est brugeois, s\u2019est alli\u00e9e \u00e0 la soci\u00e9t\u00e9 Arianee qui garantit la tra\u00e7abilit\u00e9 de chaque \u00e9tape de production, et \u00e0 la Maison Neyret, qui imprime ces informations sur des \u00e9tiquettes, \u00e9videmment elles-m\u00eames \u00e9cologiques. Ce DPP sera garanti par un enregistrement sur la blockchain, pour les articles en denim de la collection Evergreen de Y\/Project. Le jean \u00e9tant r\u00e9gu<\/span><span class=\"s1\">li\u00e8rement plac\u00e9 sous la lorgnette, cet engagement sort les fans de mode du blues des consommateurs. <\/span><span class=\"s1\">A l\u2019heure du shopp\u00e9-aussit\u00f4t-oubli\u00e9, chaque mod\u00e8le con\u00e7u par le cr\u00e9ateur belge est fabriqu\u00e9 \u00e0 l\u2019envers de l\u2019obsolescence programm\u00e9e, et transparent dans ses processus durables de production. Pour l\u2019\u00e9t\u00e9 2025, la maison pr\u00e9voit d\u2019\u00e9tendre les DPP \u00e0 la collection principale. \u00ab <i>Notre objectif \u00e0 long terme est d\u2019am\u00e9liorer notre transparence et nos relations avec nos clients<\/i> \u00bb, souligne le CEO, Pascal Conte-Jodra. Il ajoute que ce renforcement de l\u2019engagement dans le sens de l\u2019\u00e9coresponsabilit\u00e9 ne devrait pas modifier les processus de production de mani\u00e8re majeure\u00a0: \u00ab\u00a0<i>Nous avons l\u00e9g\u00e8rement ajust\u00e9 notre supply chain pour garantir le bon \u00e9tiquetage, mais l\u2019int\u00e9gration a \u00e9t\u00e9 assez fluide<\/i> \u00bb. Le DPP garantit un enregistrement inviolable du cycle de vie du produit et fournit des informations compl\u00e8tes depuis l\u2019approvisionnement en mati\u00e8res premi\u00e8res jusqu\u2019\u00e0 l\u2019article fini. Quant \u00e0 la question n\u00e9vralgique de savoir qui absorbera ces co\u00fbts, Pascal Conte-Jodra affirme qu\u2019ils ne se r\u00e9percuteront pas sur le prix final au client. Avec des jeans Couture au design d\u00e9cal\u00e9 vendus entre 350\u20ac et 590\u20ac, le CEO rassure\u00a0: \u00ab<i>\u00a0Le co\u00fbt de cette initiative est vraiment raisonnable et marginal par unit\u00e9 vendu <\/i>\u00bb.<\/span><\/p>\n<blockquote>\n<p class=\"p1\"><span class=\"s1\">Il est 5 \u00e0 25 fois moins co\u00fbteux de <\/span><span class=\"s2\">fid\u00e9liser<\/span><span class=\"s1\"> un <\/span><span class=\"s2\">client actuel <\/span><span class=\"s1\">que d\u2019en acqu\u00e9rir un <\/span><span class=\"s2\">nouveau<\/span><span class=\"s1\">.<span class=\"Apple-converted-space\">\u00a0<\/span><\/span><\/p>\n<\/blockquote>\n<h2 class=\"p1\"><span class=\"s1\">Les outils de la transition<\/span><\/h2>\n<p class=\"p2\"><span class=\"s2\">Le march\u00e9 de la tra\u00e7abilit\u00e9 explose : depuis plus de 15 ans, la plateforme digitale <a href=\"https:\/\/e-scm-solutions.com\/\">e-SCM Solutions<\/a> d\u00e9velopp\u00e9e par la soci\u00e9t\u00e9 fran\u00e7aise <a href=\"https:\/\/belharra-numerique.fr\/\">Belharra Num\u00e9rique<\/a> a pour vocation d\u2019accompagner les marques dans la transformation digitale de leur cha\u00eene d\u2019approvisionnement.<\/span><\/p>\n<p class=\"p2\"><span class=\"s2\">Caroline Anziutti, sales &amp; business developper pour le march\u00e9 europ\u00e9en, \u00e9voque une tra\u00e7abilit\u00e9 compl\u00e8te et en temps r\u00e9el pour les entreprises de tous les stades de leur production, jusqu\u2019au transport des collections : \u00ab<i>\u00a0Cela permet de garantir la qualit\u00e9 \u00e0 toutes les \u00e9tapes de la fabrication,\u00a0d\u2019\u00e9viter les surstocks et\u00a0de d\u00e9velopper des pratiques durables<\/i>\u00a0\u00bb.\u00a0La maison belge Bellerose compte parmi les utilisateurs du logiciel, \u00ab<i>\u00a0une d\u00e9marche visionnaire, si on s\u2019en remet \u00e0 la taille de l\u2019entreprise<\/i> \u00bb.<\/span><\/p>\n<p class=\"p2\"><span class=\"s2\">La garantie<span class=\"Apple-converted-space\">\u00a0<\/span><\/span><span class=\"s1\">suppl\u00e9mentaire pour les clients\u00a0? La possibilit\u00e9 de g\u00e9n\u00e9rer un QR code appliqu\u00e9 sur les \u00e9tiquettes des v\u00eatements, que les consommateurs peuvent scanner pour acc\u00e9der au passeport produit digital complet de chaque pi\u00e8ce. Caroline Anziutti rappelle que \u00ab\u00a0<i>ces nouvelles r\u00e9glementations augmentent la pression de transparence sur les marques, oblig\u00e9es de se rapprocher de leurs fournisseurs\u00a0<\/i>\u00bb. Mais \u00e0 la clef\u00a0: des retours sur investissements d\u00e8s la premi\u00e8re collection g\u00e9r\u00e9e sur la plate-forme. \u00ab<i>\u00a0La marque pourra digitaliser l\u2019ensemble de son processus d\u2019approvisionnement pour collecter les donn\u00e9es et les utiliser pour un meilleur pilotage de ses op\u00e9rations, et r\u00e9duire ainsi certains co\u00fbts op\u00e9rationnels\u00a0<\/i>\u00bb.<\/span><\/p>\n<figure id=\"attachment_5098\" aria-describedby=\"caption-attachment-5098\" style=\"width: 683px\" class=\"wp-caption alignnone\"><img loading=\"lazy\" decoding=\"async\" class=\"wp-image-5098 size-large\" src=\"https:\/\/www.forbes.be\/fr\/wp-content\/uploads\/2024\/09\/image-5-683x1024.jpg\" alt=\"durabilit\u00e9 mode\" width=\"683\" height=\"1024\" srcset=\"https:\/\/www.forbes.be\/fr\/wp-content\/uploads\/2024\/09\/image-5-683x1024.jpg 683w, https:\/\/www.forbes.be\/fr\/wp-content\/uploads\/2024\/09\/image-5-200x300.jpg 200w, https:\/\/www.forbes.be\/fr\/wp-content\/uploads\/2024\/09\/image-5-768x1152.jpg 768w, https:\/\/www.forbes.be\/fr\/wp-content\/uploads\/2024\/09\/image-5-1024x1536.jpg 1024w, https:\/\/www.forbes.be\/fr\/wp-content\/uploads\/2024\/09\/image-5-1365x2048.jpg 1365w, https:\/\/www.forbes.be\/fr\/wp-content\/uploads\/2024\/09\/image-5-696x1044.jpg 696w, https:\/\/www.forbes.be\/fr\/wp-content\/uploads\/2024\/09\/image-5-1068x1602.jpg 1068w, https:\/\/www.forbes.be\/fr\/wp-content\/uploads\/2024\/09\/image-5-1920x2880.jpg 1920w, https:\/\/www.forbes.be\/fr\/wp-content\/uploads\/2024\/09\/image-5-600x900.jpg 600w, https:\/\/www.forbes.be\/fr\/wp-content\/uploads\/2024\/09\/image-5-scaled.jpg 1707w\" sizes=\"auto, (max-width: 683px) 100vw, 683px\" \/><figcaption id=\"caption-attachment-5098\" class=\"wp-caption-text\">\u00a9 Caroline Anziutti<\/figcaption><\/figure>\n<p class=\"p2\"><span class=\"s1\">Pierre-Nicolas Hurstel, CEO et Co-Fondateur d\u2019<a href=\"https:\/\/www.arianee.org\/\">Arianee<\/a>, soci\u00e9t\u00e9 qui exploite la puissance des DPP les transformant en donn\u00e9es relatives \u00e0 la propri\u00e9t\u00e9 afin d\u2019adopter de nouveaux mod\u00e8les commerciaux circulaires, souligne de son c\u00f4t\u00e9 que \u00ab <i>se conformer \u00e0 ces r\u00e9glementations est aussi un moyen d\u2019\u00e9viter des sanctions en cas de non-conformit\u00e9. Il est \u00e9vident que cette transition n\u00e9cessitera des changements et des investissements de la part des marques, mais la principale question devrait \u00eatre le retour sur investissement. Il est 5 \u00e0 25 fois moins co\u00fbteux de fid\u00e9liser un client actuel que d\u2019en acqu\u00e9rir un nouveau<\/i> \u00bb. Reste la responsabilit\u00e9 collective de la part de l\u2019industrie, et individuelle du c\u00f4t\u00e9 des consommateurs, qui auront de plus en plus de mal \u00e0 (se) voiler la face cach\u00e9e de leurs achats.<span class=\"Apple-converted-space\">\u00a0<\/span><\/span><\/p>\n","protected":false},"excerpt":{"rendered":"<p>L\u2019\u00e8re de l\u2019\u00e9coresponsabilit\u00e9 autor\u00e9gul\u00e9e dans l\u2019industrie de la mode vit ses derni\u00e8res saisons en Europe. Avec la multiplication des cadres l\u00e9gaux, les marques ont tout int\u00e9r\u00eat \u00e0 op\u00e9rer leur transition avant d\u2019\u00eatre rattrap\u00e9es par les r\u00e9glementations.\u00a0 Face aux enjeux climatiques et \u00e9conomiques d\u2019une industrie dans la tourmente depuis une quinzaine d\u2019ann\u00e9es, diff\u00e9rentes directives europ\u00e9ennes \u00e9mergent [&hellip;]<\/p>\n","protected":false},"author":43,"featured_media":5103,"comment_status":"closed","ping_status":"closed","sticky":false,"template":"","format":"standard","meta":{"_acf_changed":false,"inline_featured_image":false,"footnotes":""},"categories":[14],"tags":[],"class_list":{"0":"post-4980","1":"post","2":"type-post","3":"status-publish","4":"format-standard","5":"has-post-thumbnail","7":"category-innovation"},"acf":[],"_yoast_wpseo_title":null,"_yoast_wpseo_metadesc":"L\u2019\u00e9coresponsabilit\u00e9 dans la mode est en pleine transition. Les marques doivent s'adapter aux nouvelles r\u00e9gulations europ\u00e9ennes. D\u00e9couvrez les enjeux.","auteur_traducteur":"","yoast_head":"<!-- This site is optimized with the Yoast SEO plugin v27.4 - https:\/\/yoast.com\/product\/yoast-seo-wordpress\/ -->\n<title>La durabilit\u00e9 au c\u0153ur de la mode | Forbes Belgique<\/title>\n<meta name=\"description\" content=\"L\u2019\u00e9coresponsabilit\u00e9 dans la mode est en pleine transition. Les marques doivent s&#039;adapter aux nouvelles r\u00e9gulations europ\u00e9ennes. D\u00e9couvrez les enjeux.\" \/>\n<meta name=\"robots\" content=\"index, follow, max-snippet:-1, max-image-preview:large, max-video-preview:-1\" \/>\n<link rel=\"canonical\" href=\"https:\/\/www.forbes.be\/fr\/la-durabilite-au-coeur-de-la-mode\/\" \/>\n<meta property=\"og:locale\" content=\"fr_FR\" \/>\n<meta property=\"og:type\" content=\"article\" \/>\n<meta property=\"og:title\" content=\"La durabilit\u00e9 au c\u0153ur de la mode | Forbes Belgique\" \/>\n<meta property=\"og:description\" content=\"L\u2019\u00e9coresponsabilit\u00e9 dans la mode est en pleine transition. Les marques doivent s&#039;adapter aux nouvelles r\u00e9gulations europ\u00e9ennes. D\u00e9couvrez les enjeux.\" \/>\n<meta property=\"og:url\" content=\"https:\/\/www.forbes.be\/fr\/la-durabilite-au-coeur-de-la-mode\/\" \/>\n<meta property=\"og:site_name\" content=\"Forbes Belgique\" \/>\n<meta property=\"article:publisher\" content=\"https:\/\/www.facebook.com\/forbesbelgique\/\" \/>\n<meta property=\"article:published_time\" content=\"2024-10-09T16:00:04+00:00\" \/>\n<meta property=\"og:image\" content=\"https:\/\/www.forbes.be\/fr\/wp-content\/uploads\/2024\/09\/image-a-la-.jpg\" \/>\n\t<meta property=\"og:image:width\" content=\"1200\" \/>\n\t<meta property=\"og:image:height\" content=\"628\" \/>\n\t<meta property=\"og:image:type\" content=\"image\/jpeg\" \/>\n<meta name=\"author\" content=\"Elisabeth Clauss\" \/>\n<meta name=\"twitter:card\" content=\"summary_large_image\" \/>\n<meta name=\"twitter:label1\" content=\"\u00c9crit par\" \/>\n\t<meta name=\"twitter:data1\" content=\"Elisabeth Clauss\" \/>\n\t<meta name=\"twitter:label2\" content=\"Dur\u00e9e de lecture estim\u00e9e\" \/>\n\t<meta name=\"twitter:data2\" content=\"9 minutes\" \/>\n<script type=\"application\/ld+json\" class=\"yoast-schema-graph\">{\"@context\":\"https:\\\/\\\/schema.org\",\"@graph\":[{\"@type\":\"NewsArticle\",\"@id\":\"https:\\\/\\\/www.forbes.be\\\/fr\\\/la-durabilite-au-coeur-de-la-mode\\\/#article\",\"isPartOf\":{\"@id\":\"https:\\\/\\\/www.forbes.be\\\/fr\\\/la-durabilite-au-coeur-de-la-mode\\\/\"},\"author\":{\"name\":\"Elisabeth Clauss\",\"@id\":\"https:\\\/\\\/www.forbes.be\\\/fr\\\/#\\\/schema\\\/person\\\/c3fea84edc4d1fe816b59a5a20a6f384\"},\"headline\":\"La durabilit\u00e9 au c\u0153ur de la mode\",\"datePublished\":\"2024-10-09T16:00:04+00:00\",\"mainEntityOfPage\":{\"@id\":\"https:\\\/\\\/www.forbes.be\\\/fr\\\/la-durabilite-au-coeur-de-la-mode\\\/\"},\"wordCount\":1817,\"publisher\":{\"@id\":\"https:\\\/\\\/www.forbes.be\\\/fr\\\/#organization\"},\"image\":{\"@id\":\"https:\\\/\\\/www.forbes.be\\\/fr\\\/la-durabilite-au-coeur-de-la-mode\\\/#primaryimage\"},\"thumbnailUrl\":\"https:\\\/\\\/www.forbes.be\\\/fr\\\/wp-content\\\/uploads\\\/2024\\\/09\\\/image-a-la-.jpg\",\"articleSection\":[\"Innovation\"],\"inLanguage\":\"fr-FR\"},{\"@type\":\"WebPage\",\"@id\":\"https:\\\/\\\/www.forbes.be\\\/fr\\\/la-durabilite-au-coeur-de-la-mode\\\/\",\"url\":\"https:\\\/\\\/www.forbes.be\\\/fr\\\/la-durabilite-au-coeur-de-la-mode\\\/\",\"name\":\"La durabilit\u00e9 au c\u0153ur de la mode | Forbes Belgique\",\"isPartOf\":{\"@id\":\"https:\\\/\\\/www.forbes.be\\\/fr\\\/#website\"},\"primaryImageOfPage\":{\"@id\":\"https:\\\/\\\/www.forbes.be\\\/fr\\\/la-durabilite-au-coeur-de-la-mode\\\/#primaryimage\"},\"image\":{\"@id\":\"https:\\\/\\\/www.forbes.be\\\/fr\\\/la-durabilite-au-coeur-de-la-mode\\\/#primaryimage\"},\"thumbnailUrl\":\"https:\\\/\\\/www.forbes.be\\\/fr\\\/wp-content\\\/uploads\\\/2024\\\/09\\\/image-a-la-.jpg\",\"datePublished\":\"2024-10-09T16:00:04+00:00\",\"description\":\"L\u2019\u00e9coresponsabilit\u00e9 dans la mode est en pleine transition. Les marques doivent s'adapter aux nouvelles r\u00e9gulations europ\u00e9ennes. D\u00e9couvrez les enjeux.\",\"breadcrumb\":{\"@id\":\"https:\\\/\\\/www.forbes.be\\\/fr\\\/la-durabilite-au-coeur-de-la-mode\\\/#breadcrumb\"},\"inLanguage\":\"fr-FR\",\"potentialAction\":[{\"@type\":\"ReadAction\",\"target\":[\"https:\\\/\\\/www.forbes.be\\\/fr\\\/la-durabilite-au-coeur-de-la-mode\\\/\"]}]},{\"@type\":\"ImageObject\",\"inLanguage\":\"fr-FR\",\"@id\":\"https:\\\/\\\/www.forbes.be\\\/fr\\\/la-durabilite-au-coeur-de-la-mode\\\/#primaryimage\",\"url\":\"https:\\\/\\\/www.forbes.be\\\/fr\\\/wp-content\\\/uploads\\\/2024\\\/09\\\/image-a-la-.jpg\",\"contentUrl\":\"https:\\\/\\\/www.forbes.be\\\/fr\\\/wp-content\\\/uploads\\\/2024\\\/09\\\/image-a-la-.jpg\",\"width\":1200,\"height\":628,\"caption\":\"Y\\\/Project - \u00a9 DR\"},{\"@type\":\"BreadcrumbList\",\"@id\":\"https:\\\/\\\/www.forbes.be\\\/fr\\\/la-durabilite-au-coeur-de-la-mode\\\/#breadcrumb\",\"itemListElement\":[{\"@type\":\"ListItem\",\"position\":1,\"name\":\"Accueil\",\"item\":\"https:\\\/\\\/www.forbes.be\\\/fr\\\/\"},{\"@type\":\"ListItem\",\"position\":2,\"name\":\"La durabilit\u00e9 au c\u0153ur de la mode\"}]},{\"@type\":\"WebSite\",\"@id\":\"https:\\\/\\\/www.forbes.be\\\/fr\\\/#website\",\"url\":\"https:\\\/\\\/www.forbes.be\\\/fr\\\/\",\"name\":\"Forbes Belgique\",\"description\":\"\",\"publisher\":{\"@id\":\"https:\\\/\\\/www.forbes.be\\\/fr\\\/#organization\"},\"potentialAction\":[{\"@type\":\"SearchAction\",\"target\":{\"@type\":\"EntryPoint\",\"urlTemplate\":\"https:\\\/\\\/www.forbes.be\\\/fr\\\/?s={search_term_string}\"},\"query-input\":{\"@type\":\"PropertyValueSpecification\",\"valueRequired\":true,\"valueName\":\"search_term_string\"}}],\"inLanguage\":\"fr-FR\"},{\"@type\":\"Organization\",\"@id\":\"https:\\\/\\\/www.forbes.be\\\/fr\\\/#organization\",\"name\":\"Forbes Belgique\",\"url\":\"https:\\\/\\\/www.forbes.be\\\/fr\\\/\",\"logo\":{\"@type\":\"ImageObject\",\"inLanguage\":\"fr-FR\",\"@id\":\"https:\\\/\\\/www.forbes.be\\\/fr\\\/#\\\/schema\\\/logo\\\/image\\\/\",\"url\":\"https:\\\/\\\/www.forbes.be\\\/fr\\\/wp-content\\\/uploads\\\/2024\\\/02\\\/forbes.be_.png\",\"contentUrl\":\"https:\\\/\\\/www.forbes.be\\\/fr\\\/wp-content\\\/uploads\\\/2024\\\/02\\\/forbes.be_.png\",\"width\":1200,\"height\":675,\"caption\":\"Forbes Belgique\"},\"image\":{\"@id\":\"https:\\\/\\\/www.forbes.be\\\/fr\\\/#\\\/schema\\\/logo\\\/image\\\/\"},\"sameAs\":[\"https:\\\/\\\/www.facebook.com\\\/forbesbelgique\\\/\",\"https:\\\/\\\/www.instagram.com\\\/Forbes_Belgium\",\"https:\\\/\\\/www.linkedin.com\\\/company\\\/forbes-belgium\\\/\"]},{\"@type\":\"Person\",\"@id\":\"https:\\\/\\\/www.forbes.be\\\/fr\\\/#\\\/schema\\\/person\\\/c3fea84edc4d1fe816b59a5a20a6f384\",\"name\":\"Elisabeth Clauss\",\"image\":{\"@type\":\"ImageObject\",\"inLanguage\":\"fr-FR\",\"@id\":\"https:\\\/\\\/secure.gravatar.com\\\/avatar\\\/3bf5a689b7553a76b1c64762a93978ff31c30fe661b96e2f58c95f9fc9a7eb41?s=96&d=mm&r=g\",\"url\":\"https:\\\/\\\/secure.gravatar.com\\\/avatar\\\/3bf5a689b7553a76b1c64762a93978ff31c30fe661b96e2f58c95f9fc9a7eb41?s=96&d=mm&r=g\",\"contentUrl\":\"https:\\\/\\\/secure.gravatar.com\\\/avatar\\\/3bf5a689b7553a76b1c64762a93978ff31c30fe661b96e2f58c95f9fc9a7eb41?s=96&d=mm&r=g\",\"caption\":\"Elisabeth Clauss\"},\"url\":\"https:\\\/\\\/www.forbes.be\\\/fr\\\/author\\\/elisabeth-clauss\\\/\"}]}<\/script>\n<!-- \/ Yoast SEO plugin. -->","yoast_head_json":{"title":"La durabilit\u00e9 au c\u0153ur de la mode | Forbes Belgique","description":"L\u2019\u00e9coresponsabilit\u00e9 dans la mode est en pleine transition. Les marques doivent s'adapter aux nouvelles r\u00e9gulations europ\u00e9ennes. D\u00e9couvrez les enjeux.","robots":{"index":"index","follow":"follow","max-snippet":"max-snippet:-1","max-image-preview":"max-image-preview:large","max-video-preview":"max-video-preview:-1"},"canonical":"https:\/\/www.forbes.be\/fr\/la-durabilite-au-coeur-de-la-mode\/","og_locale":"fr_FR","og_type":"article","og_title":"La durabilit\u00e9 au c\u0153ur de la mode | Forbes Belgique","og_description":"L\u2019\u00e9coresponsabilit\u00e9 dans la mode est en pleine transition. Les marques doivent s'adapter aux nouvelles r\u00e9gulations europ\u00e9ennes. D\u00e9couvrez les enjeux.","og_url":"https:\/\/www.forbes.be\/fr\/la-durabilite-au-coeur-de-la-mode\/","og_site_name":"Forbes Belgique","article_publisher":"https:\/\/www.facebook.com\/forbesbelgique\/","article_published_time":"2024-10-09T16:00:04+00:00","og_image":[{"width":1200,"height":628,"url":"https:\/\/www.forbes.be\/fr\/wp-content\/uploads\/2024\/09\/image-a-la-.jpg","type":"image\/jpeg"}],"author":"Elisabeth Clauss","twitter_card":"summary_large_image","twitter_misc":{"\u00c9crit par":"Elisabeth Clauss","Dur\u00e9e de lecture estim\u00e9e":"9 minutes"},"schema":{"@context":"https:\/\/schema.org","@graph":[{"@type":"NewsArticle","@id":"https:\/\/www.forbes.be\/fr\/la-durabilite-au-coeur-de-la-mode\/#article","isPartOf":{"@id":"https:\/\/www.forbes.be\/fr\/la-durabilite-au-coeur-de-la-mode\/"},"author":{"name":"Elisabeth Clauss","@id":"https:\/\/www.forbes.be\/fr\/#\/schema\/person\/c3fea84edc4d1fe816b59a5a20a6f384"},"headline":"La durabilit\u00e9 au c\u0153ur de la mode","datePublished":"2024-10-09T16:00:04+00:00","mainEntityOfPage":{"@id":"https:\/\/www.forbes.be\/fr\/la-durabilite-au-coeur-de-la-mode\/"},"wordCount":1817,"publisher":{"@id":"https:\/\/www.forbes.be\/fr\/#organization"},"image":{"@id":"https:\/\/www.forbes.be\/fr\/la-durabilite-au-coeur-de-la-mode\/#primaryimage"},"thumbnailUrl":"https:\/\/www.forbes.be\/fr\/wp-content\/uploads\/2024\/09\/image-a-la-.jpg","articleSection":["Innovation"],"inLanguage":"fr-FR"},{"@type":"WebPage","@id":"https:\/\/www.forbes.be\/fr\/la-durabilite-au-coeur-de-la-mode\/","url":"https:\/\/www.forbes.be\/fr\/la-durabilite-au-coeur-de-la-mode\/","name":"La durabilit\u00e9 au c\u0153ur de la mode | Forbes Belgique","isPartOf":{"@id":"https:\/\/www.forbes.be\/fr\/#website"},"primaryImageOfPage":{"@id":"https:\/\/www.forbes.be\/fr\/la-durabilite-au-coeur-de-la-mode\/#primaryimage"},"image":{"@id":"https:\/\/www.forbes.be\/fr\/la-durabilite-au-coeur-de-la-mode\/#primaryimage"},"thumbnailUrl":"https:\/\/www.forbes.be\/fr\/wp-content\/uploads\/2024\/09\/image-a-la-.jpg","datePublished":"2024-10-09T16:00:04+00:00","description":"L\u2019\u00e9coresponsabilit\u00e9 dans la mode est en pleine transition. Les marques doivent s'adapter aux nouvelles r\u00e9gulations europ\u00e9ennes. D\u00e9couvrez les enjeux.","breadcrumb":{"@id":"https:\/\/www.forbes.be\/fr\/la-durabilite-au-coeur-de-la-mode\/#breadcrumb"},"inLanguage":"fr-FR","potentialAction":[{"@type":"ReadAction","target":["https:\/\/www.forbes.be\/fr\/la-durabilite-au-coeur-de-la-mode\/"]}]},{"@type":"ImageObject","inLanguage":"fr-FR","@id":"https:\/\/www.forbes.be\/fr\/la-durabilite-au-coeur-de-la-mode\/#primaryimage","url":"https:\/\/www.forbes.be\/fr\/wp-content\/uploads\/2024\/09\/image-a-la-.jpg","contentUrl":"https:\/\/www.forbes.be\/fr\/wp-content\/uploads\/2024\/09\/image-a-la-.jpg","width":1200,"height":628,"caption":"Y\/Project - \u00a9 DR"},{"@type":"BreadcrumbList","@id":"https:\/\/www.forbes.be\/fr\/la-durabilite-au-coeur-de-la-mode\/#breadcrumb","itemListElement":[{"@type":"ListItem","position":1,"name":"Accueil","item":"https:\/\/www.forbes.be\/fr\/"},{"@type":"ListItem","position":2,"name":"La durabilit\u00e9 au c\u0153ur de la mode"}]},{"@type":"WebSite","@id":"https:\/\/www.forbes.be\/fr\/#website","url":"https:\/\/www.forbes.be\/fr\/","name":"Forbes Belgique","description":"","publisher":{"@id":"https:\/\/www.forbes.be\/fr\/#organization"},"potentialAction":[{"@type":"SearchAction","target":{"@type":"EntryPoint","urlTemplate":"https:\/\/www.forbes.be\/fr\/?s={search_term_string}"},"query-input":{"@type":"PropertyValueSpecification","valueRequired":true,"valueName":"search_term_string"}}],"inLanguage":"fr-FR"},{"@type":"Organization","@id":"https:\/\/www.forbes.be\/fr\/#organization","name":"Forbes Belgique","url":"https:\/\/www.forbes.be\/fr\/","logo":{"@type":"ImageObject","inLanguage":"fr-FR","@id":"https:\/\/www.forbes.be\/fr\/#\/schema\/logo\/image\/","url":"https:\/\/www.forbes.be\/fr\/wp-content\/uploads\/2024\/02\/forbes.be_.png","contentUrl":"https:\/\/www.forbes.be\/fr\/wp-content\/uploads\/2024\/02\/forbes.be_.png","width":1200,"height":675,"caption":"Forbes Belgique"},"image":{"@id":"https:\/\/www.forbes.be\/fr\/#\/schema\/logo\/image\/"},"sameAs":["https:\/\/www.facebook.com\/forbesbelgique\/","https:\/\/www.instagram.com\/Forbes_Belgium","https:\/\/www.linkedin.com\/company\/forbes-belgium\/"]},{"@type":"Person","@id":"https:\/\/www.forbes.be\/fr\/#\/schema\/person\/c3fea84edc4d1fe816b59a5a20a6f384","name":"Elisabeth Clauss","image":{"@type":"ImageObject","inLanguage":"fr-FR","@id":"https:\/\/secure.gravatar.com\/avatar\/3bf5a689b7553a76b1c64762a93978ff31c30fe661b96e2f58c95f9fc9a7eb41?s=96&d=mm&r=g","url":"https:\/\/secure.gravatar.com\/avatar\/3bf5a689b7553a76b1c64762a93978ff31c30fe661b96e2f58c95f9fc9a7eb41?s=96&d=mm&r=g","contentUrl":"https:\/\/secure.gravatar.com\/avatar\/3bf5a689b7553a76b1c64762a93978ff31c30fe661b96e2f58c95f9fc9a7eb41?s=96&d=mm&r=g","caption":"Elisabeth Clauss"},"url":"https:\/\/www.forbes.be\/fr\/author\/elisabeth-clauss\/"}]}},"_links":{"self":[{"href":"https:\/\/www.forbes.be\/fr\/wp-json\/wp\/v2\/posts\/4980","targetHints":{"allow":["GET"]}}],"collection":[{"href":"https:\/\/www.forbes.be\/fr\/wp-json\/wp\/v2\/posts"}],"about":[{"href":"https:\/\/www.forbes.be\/fr\/wp-json\/wp\/v2\/types\/post"}],"author":[{"embeddable":true,"href":"https:\/\/www.forbes.be\/fr\/wp-json\/wp\/v2\/users\/43"}],"replies":[{"embeddable":true,"href":"https:\/\/www.forbes.be\/fr\/wp-json\/wp\/v2\/comments?post=4980"}],"version-history":[{"count":5,"href":"https:\/\/www.forbes.be\/fr\/wp-json\/wp\/v2\/posts\/4980\/revisions"}],"predecessor-version":[{"id":5191,"href":"https:\/\/www.forbes.be\/fr\/wp-json\/wp\/v2\/posts\/4980\/revisions\/5191"}],"wp:featuredmedia":[{"embeddable":true,"href":"https:\/\/www.forbes.be\/fr\/wp-json\/wp\/v2\/media\/5103"}],"wp:attachment":[{"href":"https:\/\/www.forbes.be\/fr\/wp-json\/wp\/v2\/media?parent=4980"}],"wp:term":[{"taxonomy":"category","embeddable":true,"href":"https:\/\/www.forbes.be\/fr\/wp-json\/wp\/v2\/categories?post=4980"},{"taxonomy":"post_tag","embeddable":true,"href":"https:\/\/www.forbes.be\/fr\/wp-json\/wp\/v2\/tags?post=4980"}],"curies":[{"name":"wp","href":"https:\/\/api.w.org\/{rel}","templated":true}]}}