{"id":5043,"date":"2024-09-19T12:22:21","date_gmt":"2024-09-19T10:22:21","guid":{"rendered":"https:\/\/www.forbes.be\/fr\/?p=5043"},"modified":"2024-09-19T16:41:55","modified_gmt":"2024-09-19T14:41:55","slug":"ponts-feries-belgique","status":"publish","type":"post","link":"https:\/\/www.forbes.be\/fr\/ponts-feries-belgique\/","title":{"rendered":"Les jours f\u00e9ri\u00e9s et ponts en Belgique pour 2024 et 2025"},"content":{"rendered":"<p>La Belgique, avec son riche h\u00e9ritage culturel et ses traditions, accorde une grande importance aux <a href=\"https:\/\/www.forbes.be\/fr\/jours-feries-vacances-scolaires-belgique-2024\/\"><b>jours f\u00e9ri\u00e9s<\/b><\/a>. Pour les employ\u00e9s et les employeurs, ces dates repr\u00e9sentent non seulement des moments de pause bien m\u00e9rit\u00e9e, mais aussi des opportunit\u00e9s strat\u00e9giques pour maximiser les cong\u00e9s en jouant sur les ponts.<\/p>\n<p>Dans cet article, nous vous pr\u00e9sentons un aper\u00e7u complet des jours f\u00e9ri\u00e9s pour <b>2024<\/b> et <b>2025<\/b>, ainsi que des conseils sur les meilleurs moments pour profiter des ponts.<\/p>\n<p>Que vous <a href=\"https:\/\/www.forbes.be\/fr\/conges-vacances-scolaires-belgique\/\"><strong>planifiez vos vacances<\/strong><\/a> ou que vous cherchiez \u00e0 optimiser votre calendrier professionnel, cette analyse est pour vous.<\/p>\n<h2><b>Tableau r\u00e9capitulatif des jours f\u00e9ri\u00e9s et ponts en Belgique pour 2024<\/b><\/h2>\n<table>\n<tbody>\n<tr>\n<td><b>Jour f\u00e9ri\u00e9<\/b><\/td>\n<td><b>Date<\/b><\/td>\n<td><b>Jour<\/b><\/td>\n<td><b>Opportunit\u00e9 de Pont<\/b><\/td>\n<\/tr>\n<tr>\n<td>Nouvel An<\/td>\n<td>1er janvier<\/td>\n<td>Lundi<\/td>\n<td>Long week-end<\/td>\n<\/tr>\n<tr>\n<td>Lundi de P\u00e2ques<\/td>\n<td>1er avril<\/td>\n<td>Lundi<\/td>\n<td>Long week-end<\/td>\n<\/tr>\n<tr>\n<td>F\u00eate du Travail<\/td>\n<td>1er mai<\/td>\n<td>Mercredi<\/td>\n<td>Non<\/td>\n<\/tr>\n<tr>\n<td>Ascension<\/td>\n<td>9 mai<\/td>\n<td>Jeudi<\/td>\n<td>Oui (cong\u00e9 le 10 mai)<\/td>\n<\/tr>\n<tr>\n<td>Lundi de Pentec\u00f4te<\/td>\n<td>20 mai<\/td>\n<td>Lundi<\/td>\n<td>Long week-end<\/td>\n<\/tr>\n<tr>\n<td>F\u00eate Nationale<\/td>\n<td>21 juillet<\/td>\n<td>Dimanche<\/td>\n<td>Non<\/td>\n<\/tr>\n<tr>\n<td>Assomption<\/td>\n<td>15 ao\u00fbt<\/td>\n<td>Jeudi<\/td>\n<td>Oui (cong\u00e9 le 16 ao\u00fbt)<\/td>\n<\/tr>\n<tr>\n<td>Toussaint<\/td>\n<td>1er novembre<\/td>\n<td>Vendredi<\/td>\n<td>Long week-end<\/td>\n<\/tr>\n<tr>\n<td>Armistice<\/td>\n<td>11 novembre<\/td>\n<td>Lundi<\/td>\n<td>Long week-end<\/td>\n<\/tr>\n<tr>\n<td>No\u00ebl<\/td>\n<td>25 d\u00e9cembre<\/td>\n<td>Mercredi<\/td>\n<td>Non<\/td>\n<\/tr>\n<\/tbody>\n<\/table>\n<h2><b>Tableau r\u00e9capitulatif des jours f\u00e9ri\u00e9s et ponts en Belgique pour 2025<\/b><\/h2>\n<table>\n<tbody>\n<tr>\n<td><b>Jour f\u00e9ri\u00e9<\/b><\/td>\n<td><b>Date<\/b><\/td>\n<td><b>Jour<\/b><\/td>\n<td><b>Opportunit\u00e9 de Pont<\/b><\/td>\n<\/tr>\n<tr>\n<td>Nouvel An<\/td>\n<td>1er janvier<\/td>\n<td>Mercredi<\/td>\n<td>Non<\/td>\n<\/tr>\n<tr>\n<td>Lundi de P\u00e2ques<\/td>\n<td>21 avril<\/td>\n<td>Lundi<\/td>\n<td>Long week-end<\/td>\n<\/tr>\n<tr>\n<td>F\u00eate du Travail<\/td>\n<td>1er mai<\/td>\n<td>Jeudi<\/td>\n<td>Oui (cong\u00e9 le 2 mai)<\/td>\n<\/tr>\n<tr>\n<td>Ascension<\/td>\n<td>29 mai<\/td>\n<td>Jeudi<\/td>\n<td>Oui (cong\u00e9 le 30 mai)<\/td>\n<\/tr>\n<tr>\n<td>Lundi de Pentec\u00f4te<\/td>\n<td>9 juin<\/td>\n<td>Lundi<\/td>\n<td>Long week-end<\/td>\n<\/tr>\n<tr>\n<td>F\u00eate Nationale<\/td>\n<td>21 juillet<\/td>\n<td>Lundi<\/td>\n<td>Long week-end<\/td>\n<\/tr>\n<tr>\n<td>Assomption<\/td>\n<td>15 ao\u00fbt<\/td>\n<td>Vendredi<\/td>\n<td>Long week-end<\/td>\n<\/tr>\n<tr>\n<td>Toussaint<\/td>\n<td>1er novembre<\/td>\n<td>Samedi<\/td>\n<td>Non<\/td>\n<\/tr>\n<tr>\n<td>Armistice<\/td>\n<td>11 novembre<\/td>\n<td>Mardi<\/td>\n<td>Oui (cong\u00e9 le 10 novembre)<\/td>\n<\/tr>\n<tr>\n<td>No\u00ebl<\/td>\n<td>25 d\u00e9cembre<\/td>\n<td>Jeudi<\/td>\n<td>Oui (cong\u00e9 le 26 d\u00e9cembre)<\/td>\n<\/tr>\n<\/tbody>\n<\/table>\n<h2><b>Les Jours F\u00e9ri\u00e9s et Ponts en 2024<\/b><\/h2>\n<h3><b>Janvier 2024 : Un Nouvel An bien plac\u00e9<\/b><\/h3>\n<p>Le premier jour de l\u2019ann\u00e9e 2024, le <b>Nouvel An<\/b>, tombe un lundi. Cela signifie que les Belges b\u00e9n\u00e9ficieront d\u2019un <b>long week-end<\/b> pour bien commencer l\u2019ann\u00e9e. Une occasion id\u00e9ale pour prolonger les festivit\u00e9s ou se reposer avant de reprendre le travail.<\/p>\n<h3><b>Avril 2024 : P\u00e2ques ouvre le bal des longs week-ends<\/b><\/h3>\n<p>Le <b>Lundi de P\u00e2ques<\/b>, qui aura lieu le 1er avril 2024, tombe \u00e9galement un lundi, offrant ainsi un autre <b>long week-end<\/b>. Les Belges pourront profiter du printemps naissant pour une escapade ou simplement pour se ressourcer.<\/p>\n<h3><b>Mai 2024 : Un mois strat\u00e9gique pour les ponts<\/b><\/h3>\n<p>Le mois de mai est souvent synonyme de <b>jours f\u00e9ri\u00e9s en Belgique<\/b>, et 2024 ne fait pas exception.<\/p>\n<ul>\n<li aria-level=\"1\"><b>La F\u00eate du Travail<\/b>, le 1er mai, tombe un mercredi. Bien qu\u2019elle n\u2019offre pas de pont naturel, elle permet de couper la semaine pour ceux qui souhaitent une pause.<\/li>\n<li aria-level=\"1\">Le <b>Jeudi de l\u2019Ascension<\/b>, le 9 mai, offre une excellente opportunit\u00e9 de <b>pont<\/b> en prenant cong\u00e9 le vendredi 10 mai. Quatre jours de repos pour ceux qui planifient bien leur calendrier.<\/li>\n<li aria-level=\"1\"><b>Le Lundi de Pentec\u00f4te<\/b>, le 20 mai 2024, compl\u00e8te ce mois strat\u00e9gique avec un autre <b>long week-end<\/b>. Ce jour f\u00e9ri\u00e9 marque la fin du temps pascal et permet de profiter de trois jours cons\u00e9cutifs de repos, un moment parfait pour une pause printani\u00e8re.<\/li>\n<\/ul>\n<h3><b>Juillet 2024 : Une F\u00eate Nationale qui tombe mal<\/b><\/h3>\n<p>La <b>F\u00eate Nationale<\/b>, le 21 juillet 2024, tombe un dimanche. Malheureusement, cela signifie qu\u2019il n\u2019y aura pas de jour de cong\u00e9 suppl\u00e9mentaire cette ann\u00e9e.<\/p>\n<p><img loading=\"lazy\" decoding=\"async\" class=\"alignnone wp-image-5047 size-large\" src=\"https:\/\/www.forbes.be\/fr\/wp-content\/uploads\/2024\/09\/fete-belge-1024x701.jpg\" alt=\"\" width=\"696\" height=\"476\" srcset=\"https:\/\/www.forbes.be\/fr\/wp-content\/uploads\/2024\/09\/fete-belge-1024x701.jpg 1024w, https:\/\/www.forbes.be\/fr\/wp-content\/uploads\/2024\/09\/fete-belge-300x205.jpg 300w, https:\/\/www.forbes.be\/fr\/wp-content\/uploads\/2024\/09\/fete-belge-768x526.jpg 768w, https:\/\/www.forbes.be\/fr\/wp-content\/uploads\/2024\/09\/fete-belge-1536x1051.jpg 1536w, https:\/\/www.forbes.be\/fr\/wp-content\/uploads\/2024\/09\/fete-belge-2048x1402.jpg 2048w, https:\/\/www.forbes.be\/fr\/wp-content\/uploads\/2024\/09\/fete-belge-218x150.jpg 218w, https:\/\/www.forbes.be\/fr\/wp-content\/uploads\/2024\/09\/fete-belge-696x476.jpg 696w, https:\/\/www.forbes.be\/fr\/wp-content\/uploads\/2024\/09\/fete-belge-1068x731.jpg 1068w, https:\/\/www.forbes.be\/fr\/wp-content\/uploads\/2024\/09\/fete-belge-1920x1314.jpg 1920w, https:\/\/www.forbes.be\/fr\/wp-content\/uploads\/2024\/09\/fete-belge-600x411.jpg 600w\" sizes=\"auto, (max-width: 696px) 100vw, 696px\" \/><\/p>\n<h3><b>Ao\u00fbt 2024 : Un pont possible avec l\u2019Assomption<\/b><\/h3>\n<p>L\u2019<b>Assomption<\/b> tombe le jeudi 15 ao\u00fbt 2024. En prenant cong\u00e9 le vendredi 16 ao\u00fbt, vous pourrez profiter d\u2019un <b>pont<\/b> bienvenu au c\u0153ur de l\u2019\u00e9t\u00e9.<\/p>\n<h3><b>Novembre 2024 : Deux longues pauses pour se ressourcer<\/b><\/h3>\n<ul>\n<li aria-level=\"1\"><b>La Toussaint<\/b>, le vendredi 1er novembre 2024, offre un <b>long week-end<\/b> pour d\u00e9marrer le mois en douceur.<\/li>\n<li aria-level=\"1\"><b>L\u2019Armistice<\/b>, le lundi 11 novembre 2024, ajoute un autre <b>long week-end<\/b> au calendrier.<\/li>\n<\/ul>\n<h3><b>D\u00e9cembre 2024 : No\u00ebl sans pont<\/b><\/h3>\n<p>Le <b>jour de No\u00ebl<\/b> tombe un mercredi en 2024, ce qui ne permet pas de faire un <b>pont<\/b>. Cependant, une pause en milieu de semaine est toujours appr\u00e9ciable en cette p\u00e9riode festive.<\/p>\n<h2><b>Les Jours F\u00e9ri\u00e9s et Ponts en 2025<\/b><\/h2>\n<h3><b>Janvier 2025 : Un d\u00e9but d\u2019ann\u00e9e au milieu de la semaine<\/b><\/h3>\n<p>Le <b>Nouvel An<\/b> 2025 tombe un mercredi, une date qui ne favorise pas les <b>ponts<\/b>. Toutefois, elle offre une coupure bienvenue en milieu de semaine pour r\u00e9cup\u00e9rer apr\u00e8s les festivit\u00e9s de fin d\u2019ann\u00e9e.<\/p>\n<h3><b>Avril 2025 : P\u00e2ques au rendez-vous des longs week-ends<\/b><\/h3>\n<p>Le <b>Lundi de P\u00e2ques<\/b>, le 21 avril 2025, sera une nouvelle fois l\u2019occasion d\u2019un <b>long week-end<\/b>. Un bon moment pour commencer \u00e0 planifier des activit\u00e9s en plein air ou simplement se d\u00e9tendre.<\/p>\n<h3><b>Mai 2025 : Un mois riche en ponts<\/b><\/h3>\n<p>Mai 2025 s\u2019annonce particuli\u00e8rement favorable aux <b>ponts<\/b> :<\/p>\n<ul>\n<li aria-level=\"1\"><b>La F\u00eate du Travail<\/b>, le jeudi 1er mai 2025, permet de faire le <b>pont<\/b> en prenant cong\u00e9 le vendredi 2 mai.<\/li>\n<li aria-level=\"1\">Le <b>Jeudi de l\u2019Ascension<\/b>, le 29 mai 2025, offre \u00e9galement la possibilit\u00e9 d\u2019un <b>pont<\/b> en prenant cong\u00e9 le vendredi 30 mai.<\/li>\n<li aria-level=\"1\">Le <b>Lundi de Pentec\u00f4te<\/b>, le 9 juin 2025, conclut cette s\u00e9rie avec un <b>long week-end<\/b>. Ce jour f\u00e9ri\u00e9, tombant \u00e0 la fin du mois de mai ou d\u00e9but juin, est un moment privil\u00e9gi\u00e9 pour s\u2019accorder une pause avant l\u2019\u00e9t\u00e9.<\/li>\n<\/ul>\n<h3><b>Juillet 2025 : Un week-end prolong\u00e9 pour la F\u00eate Nationale<\/b><\/h3>\n<p>En 2025, la <b>F\u00eate Nationale<\/b>, le 21 juillet, tombe un lundi, offrant ainsi un <b>week-end prolong\u00e9<\/b> en plein \u00e9t\u00e9. Une belle occasion de c\u00e9l\u00e9brer tout en profitant d\u2019un jour de repos suppl\u00e9mentaire.<\/p>\n<h3><b>Ao\u00fbt 2025 : Un long week-end assur\u00e9<\/b><\/h3>\n<p>L\u2019<b>Assomption<\/b> du 15 ao\u00fbt 2025 tombe un vendredi, garantissant un <b>long week-end<\/b>. Parfait pour ceux qui souhaitent prolonger leurs <b>vacances<\/b> estivales ou simplement se d\u00e9tendre.<\/p>\n<p><img loading=\"lazy\" decoding=\"async\" class=\"alignnone wp-image-5049 size-large\" src=\"https:\/\/www.forbes.be\/fr\/wp-content\/uploads\/2024\/09\/jour-ferie-belge-1024x684.jpg\" alt=\"\" width=\"696\" height=\"465\" srcset=\"https:\/\/www.forbes.be\/fr\/wp-content\/uploads\/2024\/09\/jour-ferie-belge-1024x684.jpg 1024w, https:\/\/www.forbes.be\/fr\/wp-content\/uploads\/2024\/09\/jour-ferie-belge-300x200.jpg 300w, https:\/\/www.forbes.be\/fr\/wp-content\/uploads\/2024\/09\/jour-ferie-belge-768x513.jpg 768w, https:\/\/www.forbes.be\/fr\/wp-content\/uploads\/2024\/09\/jour-ferie-belge-1536x1025.jpg 1536w, https:\/\/www.forbes.be\/fr\/wp-content\/uploads\/2024\/09\/jour-ferie-belge-2048x1367.jpg 2048w, https:\/\/www.forbes.be\/fr\/wp-content\/uploads\/2024\/09\/jour-ferie-belge-696x465.jpg 696w, https:\/\/www.forbes.be\/fr\/wp-content\/uploads\/2024\/09\/jour-ferie-belge-1068x713.jpg 1068w, https:\/\/www.forbes.be\/fr\/wp-content\/uploads\/2024\/09\/jour-ferie-belge-1920x1282.jpg 1920w, https:\/\/www.forbes.be\/fr\/wp-content\/uploads\/2024\/09\/jour-ferie-belge-600x401.jpg 600w\" sizes=\"auto, (max-width: 696px) 100vw, 696px\" \/><\/p>\n<h3><b>Novembre 2025 : Un pont en milieu de semaine<\/b><\/h3>\n<p><b>L\u2019Armistice<\/b> du 11 novembre 2025 tombe un mardi. Les travailleurs peuvent envisager de poser le lundi 10 novembre pour profiter d\u2019un <b>pont<\/b> de quatre jours, id\u00e9al pour une petite escapade automnale.<\/p>\n<h3><b>D\u00e9cembre 2025 : No\u00ebl en plein pont<\/b><\/h3>\n<p>Le <b>jour de No\u00ebl<\/b> 2025 tombe un jeudi. En prenant cong\u00e9 le vendredi 26 d\u00e9cembre, vous pourrez b\u00e9n\u00e9ficier d\u2019un <b>week-end prolong\u00e9<\/b> pour prolonger les festivit\u00e9s de No\u00ebl.<\/p>\n<h2><b>Conclusion<\/b><\/h2>\n<p>Les ann\u00e9es <b>2024<\/b> et <b>2025<\/b> offrent de nombreuses opportunit\u00e9s pour maximiser vos <b>jours de cong\u00e9<\/b> gr\u00e2ce \u00e0 des <b>ponts<\/b> bien plac\u00e9s. Que vous souhaitiez planifier vos <b>vacances<\/b>, organiser des <b>week-ends prolong\u00e9s<\/b> ou simplement optimiser votre calendrier de travail, il est important de rep\u00e9rer ces <b>jours f\u00e9ri\u00e9s en Belgique<\/b>. Profitez des <b>longs week-ends<\/b> pour vous reposer, d\u00e9couvrir de nouveaux horizons ou simplement savourer des moments de d\u00e9tente en famille. En planifiant d\u00e8s maintenant, vous pourrez tirer le meilleur parti de chaque <b>jour f\u00e9ri\u00e9<\/b> et vivre ces ann\u00e9es \u00e0 venir avec plus de s\u00e9r\u00e9nit\u00e9 et de plaisir.<\/p>\n","protected":false},"excerpt":{"rendered":"<p>La Belgique, avec son riche h\u00e9ritage culturel et ses traditions, accorde une grande importance aux jours f\u00e9ri\u00e9s. Pour les employ\u00e9s et les employeurs, ces dates repr\u00e9sentent non seulement des moments de pause bien m\u00e9rit\u00e9e, mais aussi des opportunit\u00e9s strat\u00e9giques pour maximiser les cong\u00e9s en jouant sur les ponts. Dans cet article, nous vous pr\u00e9sentons un [&hellip;]<\/p>\n","protected":false},"author":5,"featured_media":5048,"comment_status":"closed","ping_status":"closed","sticky":false,"template":"","format":"standard","meta":{"_acf_changed":false,"inline_featured_image":false,"footnotes":""},"categories":[60],"tags":[],"class_list":{"0":"post-5043","1":"post","2":"type-post","3":"status-publish","4":"format-standard","5":"has-post-thumbnail","7":"category-lifestyle"},"acf":[],"_yoast_wpseo_title":"Les jours f\u00e9ri\u00e9s et ponts en Belgique pour 2024 et 2025","_yoast_wpseo_metadesc":"D\u00e9couvrez les jours f\u00e9ri\u00e9s et ponts en Belgique pour 2024 et 2025. Profitez des ponts pour organiser de longs week-ends et optimiser vos vacances.","auteur_traducteur":"","yoast_head":"<!-- This site is optimized with the Yoast SEO plugin v27.4 - https:\/\/yoast.com\/product\/yoast-seo-wordpress\/ -->\n<title>Les jours f\u00e9ri\u00e9s et ponts en Belgique pour 2024 et 2025<\/title>\n<meta name=\"description\" content=\"D\u00e9couvrez les jours f\u00e9ri\u00e9s et ponts en Belgique pour 2024 et 2025. Profitez des ponts pour organiser de longs week-ends et optimiser vos vacances.\" \/>\n<meta name=\"robots\" content=\"index, follow, max-snippet:-1, max-image-preview:large, max-video-preview:-1\" \/>\n<link rel=\"canonical\" href=\"https:\/\/www.forbes.be\/fr\/ponts-feries-belgique\/\" \/>\n<meta property=\"og:locale\" content=\"fr_FR\" \/>\n<meta property=\"og:type\" content=\"article\" \/>\n<meta property=\"og:title\" content=\"Les jours f\u00e9ri\u00e9s et ponts en Belgique pour 2024 et 2025\" \/>\n<meta property=\"og:description\" content=\"D\u00e9couvrez les jours f\u00e9ri\u00e9s et ponts en Belgique pour 2024 et 2025. Profitez des ponts pour organiser de longs week-ends et optimiser vos vacances.\" \/>\n<meta property=\"og:url\" content=\"https:\/\/www.forbes.be\/fr\/ponts-feries-belgique\/\" \/>\n<meta property=\"og:site_name\" content=\"Forbes Belgique\" \/>\n<meta property=\"article:publisher\" content=\"https:\/\/www.facebook.com\/forbesbelgique\/\" \/>\n<meta property=\"article:published_time\" content=\"2024-09-19T10:22:21+00:00\" \/>\n<meta property=\"article:modified_time\" content=\"2024-09-19T14:41:55+00:00\" \/>\n<meta property=\"og:image\" content=\"https:\/\/www.forbes.be\/fr\/wp-content\/uploads\/2024\/09\/pont-belgique-scaled.jpg\" \/>\n\t<meta property=\"og:image:width\" content=\"2560\" \/>\n\t<meta property=\"og:image:height\" content=\"1703\" \/>\n\t<meta property=\"og:image:type\" content=\"image\/jpeg\" \/>\n<meta name=\"author\" content=\"Forbes Belgique\" \/>\n<meta name=\"twitter:card\" content=\"summary_large_image\" \/>\n<meta name=\"twitter:label1\" content=\"\u00c9crit par\" \/>\n\t<meta name=\"twitter:data1\" content=\"Forbes Belgique\" \/>\n\t<meta name=\"twitter:label2\" content=\"Dur\u00e9e de lecture estim\u00e9e\" \/>\n\t<meta name=\"twitter:data2\" content=\"7 minutes\" \/>\n<script type=\"application\/ld+json\" class=\"yoast-schema-graph\">{\"@context\":\"https:\\\/\\\/schema.org\",\"@graph\":[{\"@type\":\"NewsArticle\",\"@id\":\"https:\\\/\\\/www.forbes.be\\\/fr\\\/ponts-feries-belgique\\\/#article\",\"isPartOf\":{\"@id\":\"https:\\\/\\\/www.forbes.be\\\/fr\\\/ponts-feries-belgique\\\/\"},\"author\":{\"name\":\"Forbes Belgique\",\"@id\":\"https:\\\/\\\/www.forbes.be\\\/fr\\\/#\\\/schema\\\/person\\\/147c95cac22c7a4a8056e69e1f287b1f\"},\"headline\":\"Les jours f\u00e9ri\u00e9s et ponts en Belgique pour 2024 et 2025\",\"datePublished\":\"2024-09-19T10:22:21+00:00\",\"dateModified\":\"2024-09-19T14:41:55+00:00\",\"mainEntityOfPage\":{\"@id\":\"https:\\\/\\\/www.forbes.be\\\/fr\\\/ponts-feries-belgique\\\/\"},\"wordCount\":1151,\"publisher\":{\"@id\":\"https:\\\/\\\/www.forbes.be\\\/fr\\\/#organization\"},\"image\":{\"@id\":\"https:\\\/\\\/www.forbes.be\\\/fr\\\/ponts-feries-belgique\\\/#primaryimage\"},\"thumbnailUrl\":\"https:\\\/\\\/www.forbes.be\\\/fr\\\/wp-content\\\/uploads\\\/2024\\\/09\\\/pont-belgique-scaled.jpg\",\"articleSection\":[\"Lifestyle\"],\"inLanguage\":\"fr-FR\"},{\"@type\":\"WebPage\",\"@id\":\"https:\\\/\\\/www.forbes.be\\\/fr\\\/ponts-feries-belgique\\\/\",\"url\":\"https:\\\/\\\/www.forbes.be\\\/fr\\\/ponts-feries-belgique\\\/\",\"name\":\"Les jours f\u00e9ri\u00e9s et ponts en Belgique pour 2024 et 2025\",\"isPartOf\":{\"@id\":\"https:\\\/\\\/www.forbes.be\\\/fr\\\/#website\"},\"primaryImageOfPage\":{\"@id\":\"https:\\\/\\\/www.forbes.be\\\/fr\\\/ponts-feries-belgique\\\/#primaryimage\"},\"image\":{\"@id\":\"https:\\\/\\\/www.forbes.be\\\/fr\\\/ponts-feries-belgique\\\/#primaryimage\"},\"thumbnailUrl\":\"https:\\\/\\\/www.forbes.be\\\/fr\\\/wp-content\\\/uploads\\\/2024\\\/09\\\/pont-belgique-scaled.jpg\",\"datePublished\":\"2024-09-19T10:22:21+00:00\",\"dateModified\":\"2024-09-19T14:41:55+00:00\",\"description\":\"D\u00e9couvrez les jours f\u00e9ri\u00e9s et ponts en Belgique pour 2024 et 2025. Profitez des ponts pour organiser de longs week-ends et optimiser vos vacances.\",\"breadcrumb\":{\"@id\":\"https:\\\/\\\/www.forbes.be\\\/fr\\\/ponts-feries-belgique\\\/#breadcrumb\"},\"inLanguage\":\"fr-FR\",\"potentialAction\":[{\"@type\":\"ReadAction\",\"target\":[\"https:\\\/\\\/www.forbes.be\\\/fr\\\/ponts-feries-belgique\\\/\"]}]},{\"@type\":\"ImageObject\",\"inLanguage\":\"fr-FR\",\"@id\":\"https:\\\/\\\/www.forbes.be\\\/fr\\\/ponts-feries-belgique\\\/#primaryimage\",\"url\":\"https:\\\/\\\/www.forbes.be\\\/fr\\\/wp-content\\\/uploads\\\/2024\\\/09\\\/pont-belgique-scaled.jpg\",\"contentUrl\":\"https:\\\/\\\/www.forbes.be\\\/fr\\\/wp-content\\\/uploads\\\/2024\\\/09\\\/pont-belgique-scaled.jpg\",\"width\":2560,\"height\":1703},{\"@type\":\"BreadcrumbList\",\"@id\":\"https:\\\/\\\/www.forbes.be\\\/fr\\\/ponts-feries-belgique\\\/#breadcrumb\",\"itemListElement\":[{\"@type\":\"ListItem\",\"position\":1,\"name\":\"Accueil\",\"item\":\"https:\\\/\\\/www.forbes.be\\\/fr\\\/\"},{\"@type\":\"ListItem\",\"position\":2,\"name\":\"Les jours f\u00e9ri\u00e9s et ponts en Belgique pour 2024 et 2025\"}]},{\"@type\":\"WebSite\",\"@id\":\"https:\\\/\\\/www.forbes.be\\\/fr\\\/#website\",\"url\":\"https:\\\/\\\/www.forbes.be\\\/fr\\\/\",\"name\":\"Forbes Belgique\",\"description\":\"\",\"publisher\":{\"@id\":\"https:\\\/\\\/www.forbes.be\\\/fr\\\/#organization\"},\"potentialAction\":[{\"@type\":\"SearchAction\",\"target\":{\"@type\":\"EntryPoint\",\"urlTemplate\":\"https:\\\/\\\/www.forbes.be\\\/fr\\\/?s={search_term_string}\"},\"query-input\":{\"@type\":\"PropertyValueSpecification\",\"valueRequired\":true,\"valueName\":\"search_term_string\"}}],\"inLanguage\":\"fr-FR\"},{\"@type\":\"Organization\",\"@id\":\"https:\\\/\\\/www.forbes.be\\\/fr\\\/#organization\",\"name\":\"Forbes Belgique\",\"url\":\"https:\\\/\\\/www.forbes.be\\\/fr\\\/\",\"logo\":{\"@type\":\"ImageObject\",\"inLanguage\":\"fr-FR\",\"@id\":\"https:\\\/\\\/www.forbes.be\\\/fr\\\/#\\\/schema\\\/logo\\\/image\\\/\",\"url\":\"https:\\\/\\\/www.forbes.be\\\/fr\\\/wp-content\\\/uploads\\\/2024\\\/02\\\/forbes.be_.png\",\"contentUrl\":\"https:\\\/\\\/www.forbes.be\\\/fr\\\/wp-content\\\/uploads\\\/2024\\\/02\\\/forbes.be_.png\",\"width\":1200,\"height\":675,\"caption\":\"Forbes Belgique\"},\"image\":{\"@id\":\"https:\\\/\\\/www.forbes.be\\\/fr\\\/#\\\/schema\\\/logo\\\/image\\\/\"},\"sameAs\":[\"https:\\\/\\\/www.facebook.com\\\/forbesbelgique\\\/\",\"https:\\\/\\\/www.instagram.com\\\/Forbes_Belgium\",\"https:\\\/\\\/www.linkedin.com\\\/company\\\/forbes-belgium\\\/\"]},{\"@type\":\"Person\",\"@id\":\"https:\\\/\\\/www.forbes.be\\\/fr\\\/#\\\/schema\\\/person\\\/147c95cac22c7a4a8056e69e1f287b1f\",\"name\":\"Forbes Belgique\",\"image\":{\"@type\":\"ImageObject\",\"inLanguage\":\"fr-FR\",\"@id\":\"https:\\\/\\\/www.forbes.be\\\/fr\\\/wp-content\\\/uploads\\\/2024\\\/01\\\/forbes-thumb-150x150.jpg\",\"url\":\"https:\\\/\\\/www.forbes.be\\\/fr\\\/wp-content\\\/uploads\\\/2024\\\/01\\\/forbes-thumb-150x150.jpg\",\"contentUrl\":\"https:\\\/\\\/www.forbes.be\\\/fr\\\/wp-content\\\/uploads\\\/2024\\\/01\\\/forbes-thumb-150x150.jpg\",\"caption\":\"Forbes Belgique\"},\"url\":\"https:\\\/\\\/www.forbes.be\\\/fr\\\/author\\\/forbes-be\\\/\"}]}<\/script>\n<!-- \/ Yoast SEO plugin. -->","yoast_head_json":{"title":"Les jours f\u00e9ri\u00e9s et ponts en Belgique pour 2024 et 2025","description":"D\u00e9couvrez les jours f\u00e9ri\u00e9s et ponts en Belgique pour 2024 et 2025. Profitez des ponts pour organiser de longs week-ends et optimiser vos vacances.","robots":{"index":"index","follow":"follow","max-snippet":"max-snippet:-1","max-image-preview":"max-image-preview:large","max-video-preview":"max-video-preview:-1"},"canonical":"https:\/\/www.forbes.be\/fr\/ponts-feries-belgique\/","og_locale":"fr_FR","og_type":"article","og_title":"Les jours f\u00e9ri\u00e9s et ponts en Belgique pour 2024 et 2025","og_description":"D\u00e9couvrez les jours f\u00e9ri\u00e9s et ponts en Belgique pour 2024 et 2025. Profitez des ponts pour organiser de longs week-ends et optimiser vos vacances.","og_url":"https:\/\/www.forbes.be\/fr\/ponts-feries-belgique\/","og_site_name":"Forbes Belgique","article_publisher":"https:\/\/www.facebook.com\/forbesbelgique\/","article_published_time":"2024-09-19T10:22:21+00:00","article_modified_time":"2024-09-19T14:41:55+00:00","og_image":[{"width":2560,"height":1703,"url":"https:\/\/www.forbes.be\/fr\/wp-content\/uploads\/2024\/09\/pont-belgique-scaled.jpg","type":"image\/jpeg"}],"author":"Forbes Belgique","twitter_card":"summary_large_image","twitter_misc":{"\u00c9crit par":"Forbes Belgique","Dur\u00e9e de lecture estim\u00e9e":"7 minutes"},"schema":{"@context":"https:\/\/schema.org","@graph":[{"@type":"NewsArticle","@id":"https:\/\/www.forbes.be\/fr\/ponts-feries-belgique\/#article","isPartOf":{"@id":"https:\/\/www.forbes.be\/fr\/ponts-feries-belgique\/"},"author":{"name":"Forbes Belgique","@id":"https:\/\/www.forbes.be\/fr\/#\/schema\/person\/147c95cac22c7a4a8056e69e1f287b1f"},"headline":"Les jours f\u00e9ri\u00e9s et ponts en Belgique pour 2024 et 2025","datePublished":"2024-09-19T10:22:21+00:00","dateModified":"2024-09-19T14:41:55+00:00","mainEntityOfPage":{"@id":"https:\/\/www.forbes.be\/fr\/ponts-feries-belgique\/"},"wordCount":1151,"publisher":{"@id":"https:\/\/www.forbes.be\/fr\/#organization"},"image":{"@id":"https:\/\/www.forbes.be\/fr\/ponts-feries-belgique\/#primaryimage"},"thumbnailUrl":"https:\/\/www.forbes.be\/fr\/wp-content\/uploads\/2024\/09\/pont-belgique-scaled.jpg","articleSection":["Lifestyle"],"inLanguage":"fr-FR"},{"@type":"WebPage","@id":"https:\/\/www.forbes.be\/fr\/ponts-feries-belgique\/","url":"https:\/\/www.forbes.be\/fr\/ponts-feries-belgique\/","name":"Les jours f\u00e9ri\u00e9s et ponts en Belgique pour 2024 et 2025","isPartOf":{"@id":"https:\/\/www.forbes.be\/fr\/#website"},"primaryImageOfPage":{"@id":"https:\/\/www.forbes.be\/fr\/ponts-feries-belgique\/#primaryimage"},"image":{"@id":"https:\/\/www.forbes.be\/fr\/ponts-feries-belgique\/#primaryimage"},"thumbnailUrl":"https:\/\/www.forbes.be\/fr\/wp-content\/uploads\/2024\/09\/pont-belgique-scaled.jpg","datePublished":"2024-09-19T10:22:21+00:00","dateModified":"2024-09-19T14:41:55+00:00","description":"D\u00e9couvrez les jours f\u00e9ri\u00e9s et ponts en Belgique pour 2024 et 2025. Profitez des ponts pour organiser de longs week-ends et optimiser vos vacances.","breadcrumb":{"@id":"https:\/\/www.forbes.be\/fr\/ponts-feries-belgique\/#breadcrumb"},"inLanguage":"fr-FR","potentialAction":[{"@type":"ReadAction","target":["https:\/\/www.forbes.be\/fr\/ponts-feries-belgique\/"]}]},{"@type":"ImageObject","inLanguage":"fr-FR","@id":"https:\/\/www.forbes.be\/fr\/ponts-feries-belgique\/#primaryimage","url":"https:\/\/www.forbes.be\/fr\/wp-content\/uploads\/2024\/09\/pont-belgique-scaled.jpg","contentUrl":"https:\/\/www.forbes.be\/fr\/wp-content\/uploads\/2024\/09\/pont-belgique-scaled.jpg","width":2560,"height":1703},{"@type":"BreadcrumbList","@id":"https:\/\/www.forbes.be\/fr\/ponts-feries-belgique\/#breadcrumb","itemListElement":[{"@type":"ListItem","position":1,"name":"Accueil","item":"https:\/\/www.forbes.be\/fr\/"},{"@type":"ListItem","position":2,"name":"Les jours f\u00e9ri\u00e9s et ponts en Belgique pour 2024 et 2025"}]},{"@type":"WebSite","@id":"https:\/\/www.forbes.be\/fr\/#website","url":"https:\/\/www.forbes.be\/fr\/","name":"Forbes Belgique","description":"","publisher":{"@id":"https:\/\/www.forbes.be\/fr\/#organization"},"potentialAction":[{"@type":"SearchAction","target":{"@type":"EntryPoint","urlTemplate":"https:\/\/www.forbes.be\/fr\/?s={search_term_string}"},"query-input":{"@type":"PropertyValueSpecification","valueRequired":true,"valueName":"search_term_string"}}],"inLanguage":"fr-FR"},{"@type":"Organization","@id":"https:\/\/www.forbes.be\/fr\/#organization","name":"Forbes Belgique","url":"https:\/\/www.forbes.be\/fr\/","logo":{"@type":"ImageObject","inLanguage":"fr-FR","@id":"https:\/\/www.forbes.be\/fr\/#\/schema\/logo\/image\/","url":"https:\/\/www.forbes.be\/fr\/wp-content\/uploads\/2024\/02\/forbes.be_.png","contentUrl":"https:\/\/www.forbes.be\/fr\/wp-content\/uploads\/2024\/02\/forbes.be_.png","width":1200,"height":675,"caption":"Forbes Belgique"},"image":{"@id":"https:\/\/www.forbes.be\/fr\/#\/schema\/logo\/image\/"},"sameAs":["https:\/\/www.facebook.com\/forbesbelgique\/","https:\/\/www.instagram.com\/Forbes_Belgium","https:\/\/www.linkedin.com\/company\/forbes-belgium\/"]},{"@type":"Person","@id":"https:\/\/www.forbes.be\/fr\/#\/schema\/person\/147c95cac22c7a4a8056e69e1f287b1f","name":"Forbes Belgique","image":{"@type":"ImageObject","inLanguage":"fr-FR","@id":"https:\/\/www.forbes.be\/fr\/wp-content\/uploads\/2024\/01\/forbes-thumb-150x150.jpg","url":"https:\/\/www.forbes.be\/fr\/wp-content\/uploads\/2024\/01\/forbes-thumb-150x150.jpg","contentUrl":"https:\/\/www.forbes.be\/fr\/wp-content\/uploads\/2024\/01\/forbes-thumb-150x150.jpg","caption":"Forbes Belgique"},"url":"https:\/\/www.forbes.be\/fr\/author\/forbes-be\/"}]}},"_links":{"self":[{"href":"https:\/\/www.forbes.be\/fr\/wp-json\/wp\/v2\/posts\/5043","targetHints":{"allow":["GET"]}}],"collection":[{"href":"https:\/\/www.forbes.be\/fr\/wp-json\/wp\/v2\/posts"}],"about":[{"href":"https:\/\/www.forbes.be\/fr\/wp-json\/wp\/v2\/types\/post"}],"author":[{"embeddable":true,"href":"https:\/\/www.forbes.be\/fr\/wp-json\/wp\/v2\/users\/5"}],"replies":[{"embeddable":true,"href":"https:\/\/www.forbes.be\/fr\/wp-json\/wp\/v2\/comments?post=5043"}],"version-history":[{"count":2,"href":"https:\/\/www.forbes.be\/fr\/wp-json\/wp\/v2\/posts\/5043\/revisions"}],"predecessor-version":[{"id":5051,"href":"https:\/\/www.forbes.be\/fr\/wp-json\/wp\/v2\/posts\/5043\/revisions\/5051"}],"wp:featuredmedia":[{"embeddable":true,"href":"https:\/\/www.forbes.be\/fr\/wp-json\/wp\/v2\/media\/5048"}],"wp:attachment":[{"href":"https:\/\/www.forbes.be\/fr\/wp-json\/wp\/v2\/media?parent=5043"}],"wp:term":[{"taxonomy":"category","embeddable":true,"href":"https:\/\/www.forbes.be\/fr\/wp-json\/wp\/v2\/categories?post=5043"},{"taxonomy":"post_tag","embeddable":true,"href":"https:\/\/www.forbes.be\/fr\/wp-json\/wp\/v2\/tags?post=5043"}],"curies":[{"name":"wp","href":"https:\/\/api.w.org\/{rel}","templated":true}]}}