{"id":5131,"date":"2024-10-07T18:00:02","date_gmt":"2024-10-07T16:00:02","guid":{"rendered":"https:\/\/www.forbes.be\/fr\/?p=5131"},"modified":"2024-10-07T13:39:09","modified_gmt":"2024-10-07T11:39:09","slug":"amelie-matton-les-entreprises-sont-au-service-de-lindividu-et-non-linverse","status":"publish","type":"post","link":"https:\/\/www.forbes.be\/fr\/amelie-matton-les-entreprises-sont-au-service-de-lindividu-et-non-linverse\/","title":{"rendered":"Am\u00e9lie Matton: \u00ab\u00a0Les entreprises sont au service de l&rsquo;individu et non l&rsquo;inverse\u00a0\u00bb"},"content":{"rendered":"<p class=\"p1\"><strong><span class=\"s1\">Am\u00e9lie Matton dirige <\/span><a href=\"https:\/\/www.ecosteryl.com\/\"><span class=\"s2\">Ecosteryl<\/span><\/a><span class=\"s1\">, leader mondial dans le<\/span><span class=\"s2\"> traitement \u00e9cologique<\/span><span class=\"s1\"> des<\/span><span class=\"s2\"> d\u00e9chets hospitaliers<\/span><span class=\"s1\">, un march\u00e9 de niche pour lequel l\u2019innovation est, au-del\u00e0 de la plus-value, une question de cr\u00e9dibilit\u00e9. Elle dirige comme elle est : en allant droit au but et sans chichis. Portrait d\u2019une femme qui se dit align\u00e9e avec elle-m\u00eame et naturellement connect\u00e9e \u00e0 son environnement.<\/span><\/strong><\/p>\n<p class=\"p1\"><span class=\"s1\">Am\u00e9lie Matton nous re\u00e7oit \u00e0 Mons, l\u00e0 o\u00f9 bat le c\u0153ur de son activit\u00e9. \u00ab <i>Nos clients sont \u00e9tablis partout dans le monde. De la Micron\u00e9sie (la plus \u00e9loign\u00e9e) au Nord de la France (la plus proche), en passant par l\u2019ensemble des continents<\/i> \u00bb, raconte-t-elle en s\u2019installant au caf\u00e9 du Vandervalk. \u00ab <i>Je suis n\u00e9e \u00e0 Abidjan et cela a certainement ouvert mon esprit d\u00e8s le plus jeune \u00e2ge. J\u2019adore les voyages professionnels, la d\u00e9couverte d\u2019autres cultures et j\u2019ai la chance d\u2019\u00eatre en contact directement avec des personnes-cl\u00e9s dans le pays. En quelques heures, je peux saisir les atouts et les d\u00e9fis locaux.\u00a0<\/i>\u00bb<\/span><\/p>\n<blockquote>\n<p class=\"p3\"><span class=\"s2\">\u00ab<i> Je n\u2019aime pas passer de trop longues <\/i><\/span><span class=\"s3\"><i>heures<\/i><\/span><span class=\"s2\"><i> \u00e0 traiter des <\/i><\/span><span class=\"s3\"><i>probl\u00e8mes<\/i><\/span><span class=\"s2\"><i> qui ne sont pas encore l\u00e0 <\/i>\u00bb<\/span><\/p>\n<\/blockquote>\n<p class=\"p1\"><span class=\"s4\">D\u2019un naturel d\u00e9brouillard, elle aime r\u00e9soudre des situations compliqu\u00e9es : \u00ab\u00a0<i>Avec les temp\u00eates et crises qui se succ\u00e8dent, je garde \u00e0 l\u2019esprit que chaque difficult\u00e9 peut \u00e9galement \u00eatre une opportunit\u00e9. En revanche, je n\u2019aime pas passer de trop longues heures \u00e0 traiter des probl\u00e8mes qui ne sont pas encore l\u00e0.<\/i>\u00a0\u00bb<\/span><\/p>\n<p class=\"p1\"><span class=\"s4\">S\u2019ils sont une quinzaine \u00e0 faire ce m\u00e9tier dans le monde, Ecosteryl s\u2019est impos\u00e9 avec sa solution la plus \u00e9cologique pour traiter les d\u00e9chets, l\u00e0 o\u00f9 les concurrents utilisent beaucoup d\u2019eau et d\u2019\u00e9nergie. \u00ab\u00a0<i>Dans beaucoup de pays \u00e9mergents, le d\u00e9chet m\u00e9dical n\u2019est pas trait\u00e9 et transmet des maladies, raison pour laquelle nous travaillons avec les instances internationales telles que l\u2019OMS, les Nations Unies, l\u2019UNICEF. <\/i>\u00bb<\/span><\/p>\n<p class=\"p1\"><span class=\"s4\">Am\u00e9lie Matton \u00e9tudie l\u2019ing\u00e9nierie commerciale \u00e0 l\u2019Universit\u00e9 Saint-Louis puis \u00e0 Louvain-la-Neuve (LSM) et se sp\u00e9cialise en environnement. Apr\u00e8s une formation en commerce international, c\u2019est la petite structure industrielle des Ateliers m\u00e9caniques du Borinage bas\u00e9e \u00e0 Jemappes qu\u2019elle choisira. \u00ab <i>Je suis un produit de l\u2019alternance, une ing\u00e9nieure commerciale qui fait son stage dans une entreprise STEM<\/i> \u00bb. Elle gravit les \u00e9chelons s\u00fbrement, loin des ascensions fulgurantes :<span class=\"Apple-converted-space\">\u00a0 <\/span>elle commence comme stagiaire, lance un bureau commercial avec un coll\u00e8gue \u00e0 Montr\u00e9al, puis sillonne l\u2019Europe, l\u2019Asie, l\u2019Afrique avant de devenir COO puis CEO.<span class=\"Apple-converted-space\">\u00a0<\/span><\/span><\/p>\n<p class=\"p1\"><span class=\"s5\">\u00ab<i>\u00a0Je voyageais pour faire conna\u00eetre et reconna\u00eetre notre nouvelle technologie. Il fallait cr\u00e9er le besoin. Nous avions beau avoir le produit le plus technologique et \u00e9cologique du march\u00e9, nous devions \u00e9galement proposer des solutions de financement. Nous avons d\u00e9velopp\u00e9 une expertise sp\u00e9cifique dans ces m\u00e9canismes avec l\u2019aide des instances publiques belges (Minist\u00e8re des Affaires \u00e9trang\u00e8res, Wallonie-Entreprendre, Awex, etc.) et bancaires <\/i>\u00bb.<span class=\"Apple-converted-space\">\u00a0<\/span><\/span><\/p>\n<p class=\"p1\"><span class=\"s5\">La dirigeante met un point d\u2019honneur \u00e0 prendre des d\u00e9cisions pour Ecosteryl en sortant des \u00e9cueils de l\u2019\u00e9go et des d\u00e9cisions flamboyantes. \u00ab <i>Les individus sont au service de l\u2019entreprise et non l\u2019inverse <\/i>\u00bb avec une attention particuli\u00e8re \u00e0 la rentabilit\u00e9 \u00ab <i>afin de m\u2019assurer que la boite que je vais laisser soit encore p\u00e9renne dans 10 ans et qu\u2019elle puisse investir dans l\u2019impact environnemental et social <\/i>\u00bb. Pour la quadrag\u00e9naire, l\u2019adul\u00e9 statut de licorne est loin d\u2019\u00eatre la panac\u00e9e.<span class=\"Apple-converted-space\">\u00a0 <\/span>Ecosteryl a int\u00e9gr\u00e9 la responsabilit\u00e9 soci\u00e9tale dans ses statuts et est certifi\u00e9e BCorp, (certification de bonnes pratiques soci\u00e9tales et environnementales, de gouvernance et transparence). <span class=\"Apple-converted-space\">\u00a0<\/span><\/span><\/p>\n<blockquote>\n<p class=\"p3\"><span class=\"s5\">\u00ab <i>Oui, il est possible d\u2019\u00eatre en <\/i><\/span><span class=\"s6\"><i>Hainaut<\/i><\/span><span class=\"s5\"><i> femme et <\/i><\/span><span class=\"s6\"><i>cheffe d\u2019entreprise<\/i><\/span><span class=\"s5\"><i> internationale <\/i><\/span><span class=\"s6\"><i>leader<\/i><\/span><span class=\"s5\"><i> dans son domaine <\/i>\u00bb<\/span><\/p>\n<\/blockquote>\n<p class=\"p1\"><span class=\"s5\">Sa description de profil sur Linkedin mentionne mother\u00a0\u00e0 c\u00f4t\u00e9 de celle de CEO. \u00ab\u00a0<i>Le m\u00e9tier de parent force \u00e0 fixer des priorit\u00e9s et \u00e0 penser ses d\u00e9cisions au long terme. Mon envie est de partager mon histoire. Tout le monde a sa chance et oui, il est possible d\u2019\u00eatre en Hainaut femme et cheffe d\u2019entreprise internationale leader dans son domaine. Nous avons de r\u00e9elles p\u00e9pites sur notre territoire; soyons-en fiers! <\/i>\u00bb. Sur les murs de l\u2019entreprise s\u2019expose la photo du roi et de la reine, vestige chauvin d\u2019une visite royale dans leurs locaux.<span class=\"Apple-converted-space\">\u00a0<\/span><\/span><\/p>\n<p class=\"p1\">Pour la CEO, redynamiser une r\u00e9gion passe par une conversation engag\u00e9e de cinq acteurs majeurs : entrepreneurs, financiers, grandes entreprises, universit\u00e9s<span class=\"Apple-converted-space\">\u00a0 <\/span>et pouvoirs publics. \u00ab <i>Nous vivons trop en silos<\/i> \u00bb, confirme-t-elle. \u00ab <i>La d\u00e9couverte du monde de l\u2019entrepreunariat arrive trop tard dans la vie d\u2019un \u00e9l\u00e8ve. J\u2019ai effectu\u00e9 un parcours classique latin-maths et je n\u2019ai jamais \u00e9t\u00e9 mise face \u00e0 la r\u00e9alit\u00e9 des entreprises avant d\u2019arriver \u00e0 l\u2019universit\u00e9. Des vocations sont alors perdues.<\/i> \u00bb<\/p>\n<p class=\"p1\"><span class=\"s5\">Ses perspectives sont aussi ambitieuses que r\u00e9alistes : \u00ab\u00a0<i>Nous aimerions \u00e9radiquer les probl\u00e8mes de sant\u00e9 et d\u2019environnement li\u00e9s \u00e0 la mauvaise gestion des d\u00e9chets hospitaliers dans le monde. Cela demande de miser sur l\u2019innovation et parfois, il est plus dur de dire non que de dire oui. Pour un dirigeant, d\u00e9sinvestir dans un projet demande plus d\u2019efforts que de continuer \u00e0 y croire et esp\u00e9rer que \u00e7a marche.\u00a0<\/i>\u00bb La t\u00eate vers les \u00e9toiles et les pieds bien sur terre.<\/span><\/p>\n","protected":false},"excerpt":{"rendered":"<p>Am\u00e9lie Matton dirige Ecosteryl, leader mondial dans le traitement \u00e9cologique des d\u00e9chets hospitaliers, un march\u00e9 de niche pour lequel l\u2019innovation est, au-del\u00e0 de la plus-value, une question de cr\u00e9dibilit\u00e9. Elle dirige comme elle est : en allant droit au but et sans chichis. Portrait d\u2019une femme qui se dit align\u00e9e avec elle-m\u00eame et naturellement connect\u00e9e [&hellip;]<\/p>\n","protected":false},"author":18,"featured_media":5132,"comment_status":"closed","ping_status":"closed","sticky":false,"template":"","format":"standard","meta":{"_acf_changed":false,"inline_featured_image":false,"footnotes":""},"categories":[19],"tags":[],"class_list":{"0":"post-5131","1":"post","2":"type-post","3":"status-publish","4":"format-standard","5":"has-post-thumbnail","7":"category-entrepreneurs"},"acf":[],"_yoast_wpseo_title":null,"_yoast_wpseo_metadesc":"D\u00e9couvrez Am\u00e9lie Matton, dirigeante d'Ecosteryl, qui allie authenticit\u00e9 et innovation dans le traitement \u00e9cologique des d\u00e9chets hospitaliers.","auteur_traducteur":"","yoast_head":"<!-- This site is optimized with the Yoast SEO plugin v27.4 - https:\/\/yoast.com\/product\/yoast-seo-wordpress\/ -->\n<title>Am\u00e9lie Matton: &quot;Les entreprises sont au service de l&#039;individu et non l&#039;inverse&quot; | Forbes Belgique<\/title>\n<meta name=\"description\" content=\"D\u00e9couvrez Am\u00e9lie Matton, dirigeante d&#039;Ecosteryl, qui allie authenticit\u00e9 et innovation dans le traitement \u00e9cologique des d\u00e9chets hospitaliers.\" \/>\n<meta name=\"robots\" content=\"index, follow, max-snippet:-1, max-image-preview:large, max-video-preview:-1\" \/>\n<link rel=\"canonical\" href=\"https:\/\/www.forbes.be\/fr\/amelie-matton-les-entreprises-sont-au-service-de-lindividu-et-non-linverse\/\" \/>\n<meta property=\"og:locale\" content=\"fr_FR\" \/>\n<meta property=\"og:type\" content=\"article\" \/>\n<meta property=\"og:title\" content=\"Am\u00e9lie Matton: &quot;Les entreprises sont au service de l&#039;individu et non l&#039;inverse&quot; | Forbes Belgique\" \/>\n<meta property=\"og:description\" content=\"D\u00e9couvrez Am\u00e9lie Matton, dirigeante d&#039;Ecosteryl, qui allie authenticit\u00e9 et innovation dans le traitement \u00e9cologique des d\u00e9chets hospitaliers.\" \/>\n<meta property=\"og:url\" content=\"https:\/\/www.forbes.be\/fr\/amelie-matton-les-entreprises-sont-au-service-de-lindividu-et-non-linverse\/\" \/>\n<meta property=\"og:site_name\" content=\"Forbes Belgique\" \/>\n<meta property=\"article:publisher\" content=\"https:\/\/www.facebook.com\/forbesbelgique\/\" \/>\n<meta property=\"article:published_time\" content=\"2024-10-07T16:00:02+00:00\" \/>\n<meta property=\"og:image\" content=\"https:\/\/www.forbes.be\/fr\/wp-content\/uploads\/2024\/09\/150324_ITW_Amelie-16.jpg\" \/>\n\t<meta property=\"og:image:width\" content=\"1200\" \/>\n\t<meta property=\"og:image:height\" content=\"628\" \/>\n\t<meta property=\"og:image:type\" content=\"image\/jpeg\" \/>\n<meta name=\"author\" content=\"Salma Haouach\" \/>\n<meta name=\"twitter:card\" content=\"summary_large_image\" \/>\n<meta name=\"twitter:label1\" content=\"\u00c9crit par\" \/>\n\t<meta name=\"twitter:data1\" content=\"Salma Haouach\" \/>\n\t<meta name=\"twitter:label2\" content=\"Dur\u00e9e de lecture estim\u00e9e\" \/>\n\t<meta name=\"twitter:data2\" content=\"5 minutes\" \/>\n<script type=\"application\/ld+json\" class=\"yoast-schema-graph\">{\"@context\":\"https:\\\/\\\/schema.org\",\"@graph\":[{\"@type\":\"NewsArticle\",\"@id\":\"https:\\\/\\\/www.forbes.be\\\/fr\\\/amelie-matton-les-entreprises-sont-au-service-de-lindividu-et-non-linverse\\\/#article\",\"isPartOf\":{\"@id\":\"https:\\\/\\\/www.forbes.be\\\/fr\\\/amelie-matton-les-entreprises-sont-au-service-de-lindividu-et-non-linverse\\\/\"},\"author\":{\"name\":\"Salma Haouach\",\"@id\":\"https:\\\/\\\/www.forbes.be\\\/fr\\\/#\\\/schema\\\/person\\\/d149518123a5b0991913625dbefb2a1f\"},\"headline\":\"Am\u00e9lie Matton: \u00ab\u00a0Les entreprises sont au service de l&rsquo;individu et non l&rsquo;inverse\u00a0\u00bb\",\"datePublished\":\"2024-10-07T16:00:02+00:00\",\"mainEntityOfPage\":{\"@id\":\"https:\\\/\\\/www.forbes.be\\\/fr\\\/amelie-matton-les-entreprises-sont-au-service-de-lindividu-et-non-linverse\\\/\"},\"wordCount\":912,\"publisher\":{\"@id\":\"https:\\\/\\\/www.forbes.be\\\/fr\\\/#organization\"},\"image\":{\"@id\":\"https:\\\/\\\/www.forbes.be\\\/fr\\\/amelie-matton-les-entreprises-sont-au-service-de-lindividu-et-non-linverse\\\/#primaryimage\"},\"thumbnailUrl\":\"https:\\\/\\\/www.forbes.be\\\/fr\\\/wp-content\\\/uploads\\\/2024\\\/09\\\/150324_ITW_Amelie-16.jpg\",\"articleSection\":[\"Entrepreneurs\"],\"inLanguage\":\"fr-FR\"},{\"@type\":\"WebPage\",\"@id\":\"https:\\\/\\\/www.forbes.be\\\/fr\\\/amelie-matton-les-entreprises-sont-au-service-de-lindividu-et-non-linverse\\\/\",\"url\":\"https:\\\/\\\/www.forbes.be\\\/fr\\\/amelie-matton-les-entreprises-sont-au-service-de-lindividu-et-non-linverse\\\/\",\"name\":\"Am\u00e9lie Matton: \\\"Les entreprises sont au service de l'individu et non l'inverse\\\" | Forbes Belgique\",\"isPartOf\":{\"@id\":\"https:\\\/\\\/www.forbes.be\\\/fr\\\/#website\"},\"primaryImageOfPage\":{\"@id\":\"https:\\\/\\\/www.forbes.be\\\/fr\\\/amelie-matton-les-entreprises-sont-au-service-de-lindividu-et-non-linverse\\\/#primaryimage\"},\"image\":{\"@id\":\"https:\\\/\\\/www.forbes.be\\\/fr\\\/amelie-matton-les-entreprises-sont-au-service-de-lindividu-et-non-linverse\\\/#primaryimage\"},\"thumbnailUrl\":\"https:\\\/\\\/www.forbes.be\\\/fr\\\/wp-content\\\/uploads\\\/2024\\\/09\\\/150324_ITW_Amelie-16.jpg\",\"datePublished\":\"2024-10-07T16:00:02+00:00\",\"description\":\"D\u00e9couvrez Am\u00e9lie Matton, dirigeante d'Ecosteryl, qui allie authenticit\u00e9 et innovation dans le traitement \u00e9cologique des d\u00e9chets hospitaliers.\",\"breadcrumb\":{\"@id\":\"https:\\\/\\\/www.forbes.be\\\/fr\\\/amelie-matton-les-entreprises-sont-au-service-de-lindividu-et-non-linverse\\\/#breadcrumb\"},\"inLanguage\":\"fr-FR\",\"potentialAction\":[{\"@type\":\"ReadAction\",\"target\":[\"https:\\\/\\\/www.forbes.be\\\/fr\\\/amelie-matton-les-entreprises-sont-au-service-de-lindividu-et-non-linverse\\\/\"]}]},{\"@type\":\"ImageObject\",\"inLanguage\":\"fr-FR\",\"@id\":\"https:\\\/\\\/www.forbes.be\\\/fr\\\/amelie-matton-les-entreprises-sont-au-service-de-lindividu-et-non-linverse\\\/#primaryimage\",\"url\":\"https:\\\/\\\/www.forbes.be\\\/fr\\\/wp-content\\\/uploads\\\/2024\\\/09\\\/150324_ITW_Amelie-16.jpg\",\"contentUrl\":\"https:\\\/\\\/www.forbes.be\\\/fr\\\/wp-content\\\/uploads\\\/2024\\\/09\\\/150324_ITW_Amelie-16.jpg\",\"width\":1200,\"height\":628,\"caption\":\"Am\u00e9lie Matton, CEO d\u2019Ecosteryl - \u00a9 Maurine Wilmus\"},{\"@type\":\"BreadcrumbList\",\"@id\":\"https:\\\/\\\/www.forbes.be\\\/fr\\\/amelie-matton-les-entreprises-sont-au-service-de-lindividu-et-non-linverse\\\/#breadcrumb\",\"itemListElement\":[{\"@type\":\"ListItem\",\"position\":1,\"name\":\"Accueil\",\"item\":\"https:\\\/\\\/www.forbes.be\\\/fr\\\/\"},{\"@type\":\"ListItem\",\"position\":2,\"name\":\"Am\u00e9lie Matton: \u00ab\u00a0Les entreprises sont au service de l&rsquo;individu et non l&rsquo;inverse\u00a0\u00bb\"}]},{\"@type\":\"WebSite\",\"@id\":\"https:\\\/\\\/www.forbes.be\\\/fr\\\/#website\",\"url\":\"https:\\\/\\\/www.forbes.be\\\/fr\\\/\",\"name\":\"Forbes Belgique\",\"description\":\"\",\"publisher\":{\"@id\":\"https:\\\/\\\/www.forbes.be\\\/fr\\\/#organization\"},\"potentialAction\":[{\"@type\":\"SearchAction\",\"target\":{\"@type\":\"EntryPoint\",\"urlTemplate\":\"https:\\\/\\\/www.forbes.be\\\/fr\\\/?s={search_term_string}\"},\"query-input\":{\"@type\":\"PropertyValueSpecification\",\"valueRequired\":true,\"valueName\":\"search_term_string\"}}],\"inLanguage\":\"fr-FR\"},{\"@type\":\"Organization\",\"@id\":\"https:\\\/\\\/www.forbes.be\\\/fr\\\/#organization\",\"name\":\"Forbes Belgique\",\"url\":\"https:\\\/\\\/www.forbes.be\\\/fr\\\/\",\"logo\":{\"@type\":\"ImageObject\",\"inLanguage\":\"fr-FR\",\"@id\":\"https:\\\/\\\/www.forbes.be\\\/fr\\\/#\\\/schema\\\/logo\\\/image\\\/\",\"url\":\"https:\\\/\\\/www.forbes.be\\\/fr\\\/wp-content\\\/uploads\\\/2024\\\/02\\\/forbes.be_.png\",\"contentUrl\":\"https:\\\/\\\/www.forbes.be\\\/fr\\\/wp-content\\\/uploads\\\/2024\\\/02\\\/forbes.be_.png\",\"width\":1200,\"height\":675,\"caption\":\"Forbes Belgique\"},\"image\":{\"@id\":\"https:\\\/\\\/www.forbes.be\\\/fr\\\/#\\\/schema\\\/logo\\\/image\\\/\"},\"sameAs\":[\"https:\\\/\\\/www.facebook.com\\\/forbesbelgique\\\/\",\"https:\\\/\\\/www.instagram.com\\\/Forbes_Belgium\",\"https:\\\/\\\/www.linkedin.com\\\/company\\\/forbes-belgium\\\/\"]},{\"@type\":\"Person\",\"@id\":\"https:\\\/\\\/www.forbes.be\\\/fr\\\/#\\\/schema\\\/person\\\/d149518123a5b0991913625dbefb2a1f\",\"name\":\"Salma Haouach\",\"image\":{\"@type\":\"ImageObject\",\"inLanguage\":\"fr-FR\",\"@id\":\"https:\\\/\\\/www.forbes.be\\\/fr\\\/wp-content\\\/uploads\\\/2024\\\/02\\\/1698578162981-150x150.jpeg\",\"url\":\"https:\\\/\\\/www.forbes.be\\\/fr\\\/wp-content\\\/uploads\\\/2024\\\/02\\\/1698578162981-150x150.jpeg\",\"contentUrl\":\"https:\\\/\\\/www.forbes.be\\\/fr\\\/wp-content\\\/uploads\\\/2024\\\/02\\\/1698578162981-150x150.jpeg\",\"caption\":\"Salma Haouach\"},\"description\":\"De formation ing\u00e9nieure de gestion de Solvay en 2001, major finance, Salma Haouach a d\u00e9marr\u00e9 sa carri\u00e8re dans le secteur financier avant de travailler dans l\u2019ing\u00e9nierie marketing et la communication strat\u00e9gique \u00e0 Valencia, Casablanca, Bordeaux et Le Havre avant de revenir \u00e0 Bruxelles il y\u2019a 10 ans et poursuivre sa carri\u00e8re dans le conseil en strat\u00e9gie et leadership durable. Parall\u00e8lement, elle a construit une carri\u00e8re m\u00e9diatique comme chroniqueuse dans des m\u00e9dias audiovisuels nationaux \u00e0 partir de 2008 (L\u2019Express, La Premi\u00e8re, La Deux, BX1), elle a cr\u00e9\u00e9 un m\u00e9dia online d'\u00e9ducation aux m\u00e9dias (Le Lab.) puis \u00e9ditant et pr\u00e9sentant deux \u00e9missions \u00e9conomiques : Co\u00fbte que Co\u00fbte sur Bel RTL et Business Club sur LN24.\",\"url\":\"https:\\\/\\\/www.forbes.be\\\/fr\\\/author\\\/haouachsalmagmail-com\\\/\"}]}<\/script>\n<!-- \/ Yoast SEO plugin. -->","yoast_head_json":{"title":"Am\u00e9lie Matton: \"Les entreprises sont au service de l'individu et non l'inverse\" | Forbes Belgique","description":"D\u00e9couvrez Am\u00e9lie Matton, dirigeante d'Ecosteryl, qui allie authenticit\u00e9 et innovation dans le traitement \u00e9cologique des d\u00e9chets hospitaliers.","robots":{"index":"index","follow":"follow","max-snippet":"max-snippet:-1","max-image-preview":"max-image-preview:large","max-video-preview":"max-video-preview:-1"},"canonical":"https:\/\/www.forbes.be\/fr\/amelie-matton-les-entreprises-sont-au-service-de-lindividu-et-non-linverse\/","og_locale":"fr_FR","og_type":"article","og_title":"Am\u00e9lie Matton: \"Les entreprises sont au service de l'individu et non l'inverse\" | Forbes Belgique","og_description":"D\u00e9couvrez Am\u00e9lie Matton, dirigeante d'Ecosteryl, qui allie authenticit\u00e9 et innovation dans le traitement \u00e9cologique des d\u00e9chets hospitaliers.","og_url":"https:\/\/www.forbes.be\/fr\/amelie-matton-les-entreprises-sont-au-service-de-lindividu-et-non-linverse\/","og_site_name":"Forbes Belgique","article_publisher":"https:\/\/www.facebook.com\/forbesbelgique\/","article_published_time":"2024-10-07T16:00:02+00:00","og_image":[{"width":1200,"height":628,"url":"https:\/\/www.forbes.be\/fr\/wp-content\/uploads\/2024\/09\/150324_ITW_Amelie-16.jpg","type":"image\/jpeg"}],"author":"Salma Haouach","twitter_card":"summary_large_image","twitter_misc":{"\u00c9crit par":"Salma Haouach","Dur\u00e9e de lecture estim\u00e9e":"5 minutes"},"schema":{"@context":"https:\/\/schema.org","@graph":[{"@type":"NewsArticle","@id":"https:\/\/www.forbes.be\/fr\/amelie-matton-les-entreprises-sont-au-service-de-lindividu-et-non-linverse\/#article","isPartOf":{"@id":"https:\/\/www.forbes.be\/fr\/amelie-matton-les-entreprises-sont-au-service-de-lindividu-et-non-linverse\/"},"author":{"name":"Salma Haouach","@id":"https:\/\/www.forbes.be\/fr\/#\/schema\/person\/d149518123a5b0991913625dbefb2a1f"},"headline":"Am\u00e9lie Matton: \u00ab\u00a0Les entreprises sont au service de l&rsquo;individu et non l&rsquo;inverse\u00a0\u00bb","datePublished":"2024-10-07T16:00:02+00:00","mainEntityOfPage":{"@id":"https:\/\/www.forbes.be\/fr\/amelie-matton-les-entreprises-sont-au-service-de-lindividu-et-non-linverse\/"},"wordCount":912,"publisher":{"@id":"https:\/\/www.forbes.be\/fr\/#organization"},"image":{"@id":"https:\/\/www.forbes.be\/fr\/amelie-matton-les-entreprises-sont-au-service-de-lindividu-et-non-linverse\/#primaryimage"},"thumbnailUrl":"https:\/\/www.forbes.be\/fr\/wp-content\/uploads\/2024\/09\/150324_ITW_Amelie-16.jpg","articleSection":["Entrepreneurs"],"inLanguage":"fr-FR"},{"@type":"WebPage","@id":"https:\/\/www.forbes.be\/fr\/amelie-matton-les-entreprises-sont-au-service-de-lindividu-et-non-linverse\/","url":"https:\/\/www.forbes.be\/fr\/amelie-matton-les-entreprises-sont-au-service-de-lindividu-et-non-linverse\/","name":"Am\u00e9lie Matton: \"Les entreprises sont au service de l'individu et non l'inverse\" | Forbes Belgique","isPartOf":{"@id":"https:\/\/www.forbes.be\/fr\/#website"},"primaryImageOfPage":{"@id":"https:\/\/www.forbes.be\/fr\/amelie-matton-les-entreprises-sont-au-service-de-lindividu-et-non-linverse\/#primaryimage"},"image":{"@id":"https:\/\/www.forbes.be\/fr\/amelie-matton-les-entreprises-sont-au-service-de-lindividu-et-non-linverse\/#primaryimage"},"thumbnailUrl":"https:\/\/www.forbes.be\/fr\/wp-content\/uploads\/2024\/09\/150324_ITW_Amelie-16.jpg","datePublished":"2024-10-07T16:00:02+00:00","description":"D\u00e9couvrez Am\u00e9lie Matton, dirigeante d'Ecosteryl, qui allie authenticit\u00e9 et innovation dans le traitement \u00e9cologique des d\u00e9chets hospitaliers.","breadcrumb":{"@id":"https:\/\/www.forbes.be\/fr\/amelie-matton-les-entreprises-sont-au-service-de-lindividu-et-non-linverse\/#breadcrumb"},"inLanguage":"fr-FR","potentialAction":[{"@type":"ReadAction","target":["https:\/\/www.forbes.be\/fr\/amelie-matton-les-entreprises-sont-au-service-de-lindividu-et-non-linverse\/"]}]},{"@type":"ImageObject","inLanguage":"fr-FR","@id":"https:\/\/www.forbes.be\/fr\/amelie-matton-les-entreprises-sont-au-service-de-lindividu-et-non-linverse\/#primaryimage","url":"https:\/\/www.forbes.be\/fr\/wp-content\/uploads\/2024\/09\/150324_ITW_Amelie-16.jpg","contentUrl":"https:\/\/www.forbes.be\/fr\/wp-content\/uploads\/2024\/09\/150324_ITW_Amelie-16.jpg","width":1200,"height":628,"caption":"Am\u00e9lie Matton, CEO d\u2019Ecosteryl - \u00a9 Maurine Wilmus"},{"@type":"BreadcrumbList","@id":"https:\/\/www.forbes.be\/fr\/amelie-matton-les-entreprises-sont-au-service-de-lindividu-et-non-linverse\/#breadcrumb","itemListElement":[{"@type":"ListItem","position":1,"name":"Accueil","item":"https:\/\/www.forbes.be\/fr\/"},{"@type":"ListItem","position":2,"name":"Am\u00e9lie Matton: \u00ab\u00a0Les entreprises sont au service de l&rsquo;individu et non l&rsquo;inverse\u00a0\u00bb"}]},{"@type":"WebSite","@id":"https:\/\/www.forbes.be\/fr\/#website","url":"https:\/\/www.forbes.be\/fr\/","name":"Forbes Belgique","description":"","publisher":{"@id":"https:\/\/www.forbes.be\/fr\/#organization"},"potentialAction":[{"@type":"SearchAction","target":{"@type":"EntryPoint","urlTemplate":"https:\/\/www.forbes.be\/fr\/?s={search_term_string}"},"query-input":{"@type":"PropertyValueSpecification","valueRequired":true,"valueName":"search_term_string"}}],"inLanguage":"fr-FR"},{"@type":"Organization","@id":"https:\/\/www.forbes.be\/fr\/#organization","name":"Forbes Belgique","url":"https:\/\/www.forbes.be\/fr\/","logo":{"@type":"ImageObject","inLanguage":"fr-FR","@id":"https:\/\/www.forbes.be\/fr\/#\/schema\/logo\/image\/","url":"https:\/\/www.forbes.be\/fr\/wp-content\/uploads\/2024\/02\/forbes.be_.png","contentUrl":"https:\/\/www.forbes.be\/fr\/wp-content\/uploads\/2024\/02\/forbes.be_.png","width":1200,"height":675,"caption":"Forbes Belgique"},"image":{"@id":"https:\/\/www.forbes.be\/fr\/#\/schema\/logo\/image\/"},"sameAs":["https:\/\/www.facebook.com\/forbesbelgique\/","https:\/\/www.instagram.com\/Forbes_Belgium","https:\/\/www.linkedin.com\/company\/forbes-belgium\/"]},{"@type":"Person","@id":"https:\/\/www.forbes.be\/fr\/#\/schema\/person\/d149518123a5b0991913625dbefb2a1f","name":"Salma Haouach","image":{"@type":"ImageObject","inLanguage":"fr-FR","@id":"https:\/\/www.forbes.be\/fr\/wp-content\/uploads\/2024\/02\/1698578162981-150x150.jpeg","url":"https:\/\/www.forbes.be\/fr\/wp-content\/uploads\/2024\/02\/1698578162981-150x150.jpeg","contentUrl":"https:\/\/www.forbes.be\/fr\/wp-content\/uploads\/2024\/02\/1698578162981-150x150.jpeg","caption":"Salma Haouach"},"description":"De formation ing\u00e9nieure de gestion de Solvay en 2001, major finance, Salma Haouach a d\u00e9marr\u00e9 sa carri\u00e8re dans le secteur financier avant de travailler dans l\u2019ing\u00e9nierie marketing et la communication strat\u00e9gique \u00e0 Valencia, Casablanca, Bordeaux et Le Havre avant de revenir \u00e0 Bruxelles il y\u2019a 10 ans et poursuivre sa carri\u00e8re dans le conseil en strat\u00e9gie et leadership durable. Parall\u00e8lement, elle a construit une carri\u00e8re m\u00e9diatique comme chroniqueuse dans des m\u00e9dias audiovisuels nationaux \u00e0 partir de 2008 (L\u2019Express, La Premi\u00e8re, La Deux, BX1), elle a cr\u00e9\u00e9 un m\u00e9dia online d'\u00e9ducation aux m\u00e9dias (Le Lab.) puis \u00e9ditant et pr\u00e9sentant deux \u00e9missions \u00e9conomiques : Co\u00fbte que Co\u00fbte sur Bel RTL et Business Club sur LN24.","url":"https:\/\/www.forbes.be\/fr\/author\/haouachsalmagmail-com\/"}]}},"_links":{"self":[{"href":"https:\/\/www.forbes.be\/fr\/wp-json\/wp\/v2\/posts\/5131","targetHints":{"allow":["GET"]}}],"collection":[{"href":"https:\/\/www.forbes.be\/fr\/wp-json\/wp\/v2\/posts"}],"about":[{"href":"https:\/\/www.forbes.be\/fr\/wp-json\/wp\/v2\/types\/post"}],"author":[{"embeddable":true,"href":"https:\/\/www.forbes.be\/fr\/wp-json\/wp\/v2\/users\/18"}],"replies":[{"embeddable":true,"href":"https:\/\/www.forbes.be\/fr\/wp-json\/wp\/v2\/comments?post=5131"}],"version-history":[{"count":5,"href":"https:\/\/www.forbes.be\/fr\/wp-json\/wp\/v2\/posts\/5131\/revisions"}],"predecessor-version":[{"id":5672,"href":"https:\/\/www.forbes.be\/fr\/wp-json\/wp\/v2\/posts\/5131\/revisions\/5672"}],"wp:featuredmedia":[{"embeddable":true,"href":"https:\/\/www.forbes.be\/fr\/wp-json\/wp\/v2\/media\/5132"}],"wp:attachment":[{"href":"https:\/\/www.forbes.be\/fr\/wp-json\/wp\/v2\/media?parent=5131"}],"wp:term":[{"taxonomy":"category","embeddable":true,"href":"https:\/\/www.forbes.be\/fr\/wp-json\/wp\/v2\/categories?post=5131"},{"taxonomy":"post_tag","embeddable":true,"href":"https:\/\/www.forbes.be\/fr\/wp-json\/wp\/v2\/tags?post=5131"}],"curies":[{"name":"wp","href":"https:\/\/api.w.org\/{rel}","templated":true}]}}