{"id":5338,"date":"2024-09-25T19:43:15","date_gmt":"2024-09-25T17:43:15","guid":{"rendered":"https:\/\/www.forbes.be\/fr\/?p=5338"},"modified":"2024-09-28T10:18:44","modified_gmt":"2024-09-28T08:18:44","slug":"changement-heure-belgique","status":"publish","type":"post","link":"https:\/\/www.forbes.be\/fr\/changement-heure-belgique\/","title":{"rendered":"Changement d&rsquo;heure en Belgique : d\u00e9couvrez la date pr\u00e9vue en 2024"},"content":{"rendered":"<p>En Belgique, le passage de l&rsquo;heure d&rsquo;\u00e9t\u00e9 \u00e0 l&rsquo;heure d&rsquo;hiver est un moment marquant de l&rsquo;ann\u00e9e. Ce changement se produit chaque automne et suscite des d\u00e9bats parmi les experts et le grand public. D&rsquo;une part, il permet de <strong>gagner une heure de sommeil<\/strong>, mais d&rsquo;autre part, il affecte nos habitudes quotidiennes.<\/p>\n<h2>La date du prochain passage \u00e0 l&rsquo;heure d&rsquo;hiver<\/h2>\n<p>Chaque ann\u00e9e, la Belgique passe \u00e0 l&rsquo;heure d&rsquo;hiver le dernier week-end d&rsquo;octobre. En 2024, cette transition se fera dans la nuit du samedi 26 au dimanche 27 octobre. \u00c0 3 heures du matin, il faudra <strong>reculer les horloges d&rsquo;une heure<\/strong> pour revenir \u00e0 2 heures. Ce processus nous offre une heure de sommeil suppl\u00e9mentaire.<\/p>\n<p>L&rsquo;heure d&rsquo;hiver se maintiendra jusqu&rsquo;au dernier week-end de mars 2025, lorsque nous retournerons \u00e0 l&rsquo;heure d&rsquo;\u00e9t\u00e9. Pendant cette p\u00e9riode, les soir\u00e9es sembleront arriver plus t\u00f4t puisque le soleil se couchera environ une heure plus t\u00f4t que d&rsquo;habitude.<\/p>\n<p><img loading=\"lazy\" decoding=\"async\" class=\"alignnone wp-image-5340 size-large\" src=\"https:\/\/www.forbes.be\/fr\/wp-content\/uploads\/2024\/09\/changement-heure-belgique-1024x616.jpg\" alt=\"\" width=\"696\" height=\"419\" srcset=\"https:\/\/www.forbes.be\/fr\/wp-content\/uploads\/2024\/09\/changement-heure-belgique-1024x616.jpg 1024w, https:\/\/www.forbes.be\/fr\/wp-content\/uploads\/2024\/09\/changement-heure-belgique-300x181.jpg 300w, https:\/\/www.forbes.be\/fr\/wp-content\/uploads\/2024\/09\/changement-heure-belgique-768x462.jpg 768w, https:\/\/www.forbes.be\/fr\/wp-content\/uploads\/2024\/09\/changement-heure-belgique-1536x925.jpg 1536w, https:\/\/www.forbes.be\/fr\/wp-content\/uploads\/2024\/09\/changement-heure-belgique-2048x1233.jpg 2048w, https:\/\/www.forbes.be\/fr\/wp-content\/uploads\/2024\/09\/changement-heure-belgique-696x419.jpg 696w, https:\/\/www.forbes.be\/fr\/wp-content\/uploads\/2024\/09\/changement-heure-belgique-1068x643.jpg 1068w, https:\/\/www.forbes.be\/fr\/wp-content\/uploads\/2024\/09\/changement-heure-belgique-1920x1156.jpg 1920w, https:\/\/www.forbes.be\/fr\/wp-content\/uploads\/2024\/09\/changement-heure-belgique-600x361.jpg 600w\" sizes=\"auto, (max-width: 696px) 100vw, 696px\" \/><\/p>\n<h3>L&rsquo;impact sur notre quotidien<\/h3>\n<p>Outre l\u2019aspect pratique li\u00e9 au sommeil suppl\u00e9mentaire, le changement d\u2019heure influence plusieurs aspects de notre vie quotidienne. Les matins seront plus lumineux, ce qui peut <strong>faciliter le r\u00e9veil<\/strong> pour certains, tandis que les soir\u00e9es sombres peuvent inciter \u00e0 rester chez soi. Pour ceux qui travaillent ou pratiquent des activit\u00e9s en ext\u00e9rieur apr\u00e8s-midi, cela peut limiter les horaires disponibles.<\/p>\n<p>D&rsquo;un point de vue \u00e9conomique, ces ajustements horaires avaient initialement \u00e9t\u00e9 instaur\u00e9s pour <strong>\u00e9conomiser l&rsquo;\u00e9nergie<\/strong> en profitant plus longtemps de la lumi\u00e8re naturelle. Malgr\u00e9 ces intentions, leur efficacit\u00e9 en termes de r\u00e9duction de la consommation \u00e9nerg\u00e9tique fait d\u00e9bat aujourd&rsquo;hui.<\/p>\n<h2>Le dernier passage \u00e0 l&rsquo;heure d&rsquo;\u00e9t\u00e9 de 2024<\/h2>\n<p>Le dernier passage \u00e0 l&rsquo;<strong>heure d&rsquo;\u00e9t\u00e9<\/strong> a eu lieu dans la nuit du samedi 30 mars au dimanche 31 mars 2024. \u00c0 2 heures du matin, les horloges ont \u00e9t\u00e9 avanc\u00e9es d&rsquo;une heure, passant \u00e0 3 heures. Cela a marqu\u00e9 le d\u00e9but de journ\u00e9es plus longues et plus lumineuses, mais aussi la perte d&rsquo;une heure de sommeil. Le <strong>passage \u00e0 l&rsquo;heure d&rsquo;\u00e9t\u00e9<\/strong> vise \u00e0 prolonger l&rsquo;exposition \u00e0 la lumi\u00e8re naturelle en soir\u00e9e, bien que son efficacit\u00e9 \u00e9nerg\u00e9tique soit de plus en plus d\u00e9battue.<\/p>\n<h2>Les controverses autour du changement d&rsquo;heure<\/h2>\n<p>Depuis quelques ann\u00e9es, le concept de changement d&rsquo;heure a suscit\u00e9 bon nombre de critiques. Beaucoup affirment que ce syst\u00e8me perturbe les <strong>rythmes biologiques<\/strong> des personnes. Les enfants, les personnes \u00e2g\u00e9es et ceux ayant des emplois \u00e0 horaires sp\u00e9cifiques peuvent particuli\u00e8rement ressentir ces effets n\u00e9gatifs.<\/p>\n<p>En 2018, la Commission europ\u00e9enne s&rsquo;est pench\u00e9e sur ce sujet d\u00e9licat. Elle a propos\u00e9 de supprimer l&rsquo;alternance entre heure d\u2019\u00e9t\u00e9 et heure d\u2019hiver, sugg\u00e9rant de maintenir une seule et unique heure tout au long de l&rsquo;ann\u00e9e. Cependant, la mise en \u0153uvre de cette proposition reste ambigu\u00eb et d\u00e9pend encore des d\u00e9cisions prises par chaque pays membre.<\/p>\n<h2>Conseils pour bien g\u00e9rer le changement d&rsquo;heure<\/h2>\n<p>Si le changement d&rsquo;heure peut \u00eatre d\u00e9routant, voici quelques astuces pour mieux vous adapter :<\/p>\n<ul>\n<li><strong>Pr\u00e9parez-vous \u00e0 l&rsquo;avance :<\/strong> Essayez de vous coucher et de vous lever un peu plus t\u00f4t quelques jours avant le changement pour habituer progressivement votre horloge biologique.<\/li>\n<li><strong>Maintenez une bonne hygi\u00e8ne de sommeil :<\/strong> \u00c9vitez les \u00e9crans lumineux avant de dormir et cr\u00e9ez un environnement propice au repos.<\/li>\n<li><strong>Exposez-vous \u00e0 la lumi\u00e8re naturelle :<\/strong> Passez du temps dehors pendant la journ\u00e9e pour aider votre corps \u00e0 ajuster ses rythmes circadiens.<\/li>\n<\/ul>\n<p>En adoptant ces conseils, vous pourrez minimiser l&rsquo;impact du changement d&rsquo;heure sur votre sant\u00e9 et votre bien-\u00eatre.<\/p>\n<h3>Impact potentiel sur le rythme biologique<\/h3>\n<p>Le rythme circadien, ou l&rsquo;horloge biologique interne, r\u00e9gule beaucoup de nos fonctions corporelles comme le sommeil, la digestion et l&rsquo;humeur. Tout bouleversement de cet \u00e9quilibre naturel peut causer des d\u00e9sordres temporaires. Par exemple, certaines personnes peuvent \u00e9prouver de la fatigue, de l&rsquo;irritabilit\u00e9 ou des troubles du sommeil.<\/p>\n<p>Il est aussi important de noter que ces perturbations sont g\u00e9n\u00e9ralement temporaires. La plupart des individus parviennent \u00e0 <strong>retrouver leur \u00e9quilibre biologique<\/strong> en quelques jours ou semaines. Les strat\u00e9gies mentionn\u00e9es plus haut peuvent acc\u00e9l\u00e9rer cette adaptation.<\/p>\n<h2>Perspectives futures du changement d&rsquo;heure<\/h2>\n<p>Face aux critiques croissantes et aux discussions politiques en cours, l&rsquo;avenir du changement d&rsquo;heure reste incertain. Si l&rsquo;id\u00e9e de conserver <strong>une heure fixe<\/strong> toute l&rsquo;ann\u00e9e gagne du terrain, elle n\u00e9cessite toutefois une coordination internationale pour \u00e9viter des disparit\u00e9s horaires trop importantes entre les pays frontaliers.<\/p>\n<p>Pour le moment, malgr\u00e9 les d\u00e9bats, la Belgique continue de suivre le calendrier traditionnel du changement d&rsquo;heure, en attendant des r\u00e9solutions potentielles \u00e0 l&rsquo;\u00e9chelle europ\u00e9enne ou mondiale.<\/p>\n<p>Restez inform\u00e9 et pr\u00e9par\u00e9 pour le prochain passage \u00e0 l&rsquo;heure d&rsquo;hiver afin de minimiser son impact sur votre routine quotidienne. En fin de compte, bien que ce changement puisse para\u00eetre mineur, il influe sur divers aspects de notre vie et m\u00e9rite notre attention.<\/p>\n","protected":false},"excerpt":{"rendered":"<p>En Belgique, le passage de l&rsquo;heure d&rsquo;\u00e9t\u00e9 \u00e0 l&rsquo;heure d&rsquo;hiver est un moment marquant de l&rsquo;ann\u00e9e. Ce changement se produit chaque automne et suscite des d\u00e9bats parmi les experts et le grand public. D&rsquo;une part, il permet de gagner une heure de sommeil, mais d&rsquo;autre part, il affecte nos habitudes quotidiennes. La date du prochain [&hellip;]<\/p>\n","protected":false},"author":5,"featured_media":5339,"comment_status":"closed","ping_status":"closed","sticky":false,"template":"","format":"standard","meta":{"_acf_changed":false,"inline_featured_image":false,"footnotes":""},"categories":[60],"tags":[],"class_list":{"0":"post-5338","1":"post","2":"type-post","3":"status-publish","4":"format-standard","5":"has-post-thumbnail","7":"category-lifestyle"},"acf":[],"_yoast_wpseo_title":"Changement d'heure en Belgique de 2024 : c'est pour quand ?","_yoast_wpseo_metadesc":"D\u00e9couvrez la date du prochain changement d'heure en Belgique en 2024. Toutes les informations utiles sur le passage \u00e0 l'heure d'\u00e9t\u00e9 ou d'hiver.","auteur_traducteur":"","yoast_head":"<!-- This site is optimized with the Yoast SEO plugin v27.4 - https:\/\/yoast.com\/product\/yoast-seo-wordpress\/ -->\n<title>Changement d&#039;heure en Belgique de 2024 : c&#039;est pour quand ?<\/title>\n<meta name=\"description\" content=\"D\u00e9couvrez la date du prochain changement d&#039;heure en Belgique en 2024. Toutes les informations utiles sur le passage \u00e0 l&#039;heure d&#039;\u00e9t\u00e9 ou d&#039;hiver.\" \/>\n<meta name=\"robots\" content=\"index, follow, max-snippet:-1, max-image-preview:large, max-video-preview:-1\" \/>\n<link rel=\"canonical\" href=\"https:\/\/www.forbes.be\/fr\/changement-heure-belgique\/\" \/>\n<meta property=\"og:locale\" content=\"fr_FR\" \/>\n<meta property=\"og:type\" content=\"article\" \/>\n<meta property=\"og:title\" content=\"Changement d&#039;heure en Belgique de 2024 : c&#039;est pour quand ?\" \/>\n<meta property=\"og:description\" content=\"D\u00e9couvrez la date du prochain changement d&#039;heure en Belgique en 2024. Toutes les informations utiles sur le passage \u00e0 l&#039;heure d&#039;\u00e9t\u00e9 ou d&#039;hiver.\" \/>\n<meta property=\"og:url\" content=\"https:\/\/www.forbes.be\/fr\/changement-heure-belgique\/\" \/>\n<meta property=\"og:site_name\" content=\"Forbes Belgique\" \/>\n<meta property=\"article:publisher\" content=\"https:\/\/www.facebook.com\/forbesbelgique\/\" \/>\n<meta property=\"article:published_time\" content=\"2024-09-25T17:43:15+00:00\" \/>\n<meta property=\"article:modified_time\" content=\"2024-09-28T08:18:44+00:00\" \/>\n<meta property=\"og:image\" content=\"https:\/\/www.forbes.be\/fr\/wp-content\/uploads\/2024\/09\/heure-belgique-scaled.jpg\" \/>\n\t<meta property=\"og:image:width\" content=\"2560\" \/>\n\t<meta property=\"og:image:height\" content=\"1707\" \/>\n\t<meta property=\"og:image:type\" content=\"image\/jpeg\" \/>\n<meta name=\"author\" content=\"Forbes Belgique\" \/>\n<meta name=\"twitter:card\" content=\"summary_large_image\" \/>\n<meta name=\"twitter:label1\" content=\"\u00c9crit par\" \/>\n\t<meta name=\"twitter:data1\" content=\"Forbes Belgique\" \/>\n\t<meta name=\"twitter:label2\" content=\"Dur\u00e9e de lecture estim\u00e9e\" \/>\n\t<meta name=\"twitter:data2\" content=\"5 minutes\" \/>\n<script type=\"application\/ld+json\" class=\"yoast-schema-graph\">{\"@context\":\"https:\\\/\\\/schema.org\",\"@graph\":[{\"@type\":\"NewsArticle\",\"@id\":\"https:\\\/\\\/www.forbes.be\\\/fr\\\/changement-heure-belgique\\\/#article\",\"isPartOf\":{\"@id\":\"https:\\\/\\\/www.forbes.be\\\/fr\\\/changement-heure-belgique\\\/\"},\"author\":{\"name\":\"Forbes Belgique\",\"@id\":\"https:\\\/\\\/www.forbes.be\\\/fr\\\/#\\\/schema\\\/person\\\/147c95cac22c7a4a8056e69e1f287b1f\"},\"headline\":\"Changement d&rsquo;heure en Belgique : d\u00e9couvrez la date pr\u00e9vue en 2024\",\"datePublished\":\"2024-09-25T17:43:15+00:00\",\"dateModified\":\"2024-09-28T08:18:44+00:00\",\"mainEntityOfPage\":{\"@id\":\"https:\\\/\\\/www.forbes.be\\\/fr\\\/changement-heure-belgique\\\/\"},\"wordCount\":816,\"publisher\":{\"@id\":\"https:\\\/\\\/www.forbes.be\\\/fr\\\/#organization\"},\"image\":{\"@id\":\"https:\\\/\\\/www.forbes.be\\\/fr\\\/changement-heure-belgique\\\/#primaryimage\"},\"thumbnailUrl\":\"https:\\\/\\\/www.forbes.be\\\/fr\\\/wp-content\\\/uploads\\\/2024\\\/09\\\/heure-belgique-scaled.jpg\",\"articleSection\":[\"Lifestyle\"],\"inLanguage\":\"fr-FR\"},{\"@type\":\"WebPage\",\"@id\":\"https:\\\/\\\/www.forbes.be\\\/fr\\\/changement-heure-belgique\\\/\",\"url\":\"https:\\\/\\\/www.forbes.be\\\/fr\\\/changement-heure-belgique\\\/\",\"name\":\"Changement d'heure en Belgique de 2024 : c'est pour quand ?\",\"isPartOf\":{\"@id\":\"https:\\\/\\\/www.forbes.be\\\/fr\\\/#website\"},\"primaryImageOfPage\":{\"@id\":\"https:\\\/\\\/www.forbes.be\\\/fr\\\/changement-heure-belgique\\\/#primaryimage\"},\"image\":{\"@id\":\"https:\\\/\\\/www.forbes.be\\\/fr\\\/changement-heure-belgique\\\/#primaryimage\"},\"thumbnailUrl\":\"https:\\\/\\\/www.forbes.be\\\/fr\\\/wp-content\\\/uploads\\\/2024\\\/09\\\/heure-belgique-scaled.jpg\",\"datePublished\":\"2024-09-25T17:43:15+00:00\",\"dateModified\":\"2024-09-28T08:18:44+00:00\",\"description\":\"D\u00e9couvrez la date du prochain changement d'heure en Belgique en 2024. Toutes les informations utiles sur le passage \u00e0 l'heure d'\u00e9t\u00e9 ou d'hiver.\",\"breadcrumb\":{\"@id\":\"https:\\\/\\\/www.forbes.be\\\/fr\\\/changement-heure-belgique\\\/#breadcrumb\"},\"inLanguage\":\"fr-FR\",\"potentialAction\":[{\"@type\":\"ReadAction\",\"target\":[\"https:\\\/\\\/www.forbes.be\\\/fr\\\/changement-heure-belgique\\\/\"]}]},{\"@type\":\"ImageObject\",\"inLanguage\":\"fr-FR\",\"@id\":\"https:\\\/\\\/www.forbes.be\\\/fr\\\/changement-heure-belgique\\\/#primaryimage\",\"url\":\"https:\\\/\\\/www.forbes.be\\\/fr\\\/wp-content\\\/uploads\\\/2024\\\/09\\\/heure-belgique-scaled.jpg\",\"contentUrl\":\"https:\\\/\\\/www.forbes.be\\\/fr\\\/wp-content\\\/uploads\\\/2024\\\/09\\\/heure-belgique-scaled.jpg\",\"width\":2560,\"height\":1707},{\"@type\":\"BreadcrumbList\",\"@id\":\"https:\\\/\\\/www.forbes.be\\\/fr\\\/changement-heure-belgique\\\/#breadcrumb\",\"itemListElement\":[{\"@type\":\"ListItem\",\"position\":1,\"name\":\"Accueil\",\"item\":\"https:\\\/\\\/www.forbes.be\\\/fr\\\/\"},{\"@type\":\"ListItem\",\"position\":2,\"name\":\"Changement d&rsquo;heure en Belgique : d\u00e9couvrez la date pr\u00e9vue en 2024\"}]},{\"@type\":\"WebSite\",\"@id\":\"https:\\\/\\\/www.forbes.be\\\/fr\\\/#website\",\"url\":\"https:\\\/\\\/www.forbes.be\\\/fr\\\/\",\"name\":\"Forbes Belgique\",\"description\":\"\",\"publisher\":{\"@id\":\"https:\\\/\\\/www.forbes.be\\\/fr\\\/#organization\"},\"potentialAction\":[{\"@type\":\"SearchAction\",\"target\":{\"@type\":\"EntryPoint\",\"urlTemplate\":\"https:\\\/\\\/www.forbes.be\\\/fr\\\/?s={search_term_string}\"},\"query-input\":{\"@type\":\"PropertyValueSpecification\",\"valueRequired\":true,\"valueName\":\"search_term_string\"}}],\"inLanguage\":\"fr-FR\"},{\"@type\":\"Organization\",\"@id\":\"https:\\\/\\\/www.forbes.be\\\/fr\\\/#organization\",\"name\":\"Forbes Belgique\",\"url\":\"https:\\\/\\\/www.forbes.be\\\/fr\\\/\",\"logo\":{\"@type\":\"ImageObject\",\"inLanguage\":\"fr-FR\",\"@id\":\"https:\\\/\\\/www.forbes.be\\\/fr\\\/#\\\/schema\\\/logo\\\/image\\\/\",\"url\":\"https:\\\/\\\/www.forbes.be\\\/fr\\\/wp-content\\\/uploads\\\/2024\\\/02\\\/forbes.be_.png\",\"contentUrl\":\"https:\\\/\\\/www.forbes.be\\\/fr\\\/wp-content\\\/uploads\\\/2024\\\/02\\\/forbes.be_.png\",\"width\":1200,\"height\":675,\"caption\":\"Forbes Belgique\"},\"image\":{\"@id\":\"https:\\\/\\\/www.forbes.be\\\/fr\\\/#\\\/schema\\\/logo\\\/image\\\/\"},\"sameAs\":[\"https:\\\/\\\/www.facebook.com\\\/forbesbelgique\\\/\",\"https:\\\/\\\/www.instagram.com\\\/Forbes_Belgium\",\"https:\\\/\\\/www.linkedin.com\\\/company\\\/forbes-belgium\\\/\"]},{\"@type\":\"Person\",\"@id\":\"https:\\\/\\\/www.forbes.be\\\/fr\\\/#\\\/schema\\\/person\\\/147c95cac22c7a4a8056e69e1f287b1f\",\"name\":\"Forbes Belgique\",\"image\":{\"@type\":\"ImageObject\",\"inLanguage\":\"fr-FR\",\"@id\":\"https:\\\/\\\/www.forbes.be\\\/fr\\\/wp-content\\\/uploads\\\/2024\\\/01\\\/forbes-thumb-150x150.jpg\",\"url\":\"https:\\\/\\\/www.forbes.be\\\/fr\\\/wp-content\\\/uploads\\\/2024\\\/01\\\/forbes-thumb-150x150.jpg\",\"contentUrl\":\"https:\\\/\\\/www.forbes.be\\\/fr\\\/wp-content\\\/uploads\\\/2024\\\/01\\\/forbes-thumb-150x150.jpg\",\"caption\":\"Forbes Belgique\"},\"url\":\"https:\\\/\\\/www.forbes.be\\\/fr\\\/author\\\/forbes-be\\\/\"}]}<\/script>\n<!-- \/ Yoast SEO plugin. -->","yoast_head_json":{"title":"Changement d'heure en Belgique de 2024 : c'est pour quand ?","description":"D\u00e9couvrez la date du prochain changement d'heure en Belgique en 2024. Toutes les informations utiles sur le passage \u00e0 l'heure d'\u00e9t\u00e9 ou d'hiver.","robots":{"index":"index","follow":"follow","max-snippet":"max-snippet:-1","max-image-preview":"max-image-preview:large","max-video-preview":"max-video-preview:-1"},"canonical":"https:\/\/www.forbes.be\/fr\/changement-heure-belgique\/","og_locale":"fr_FR","og_type":"article","og_title":"Changement d'heure en Belgique de 2024 : c'est pour quand ?","og_description":"D\u00e9couvrez la date du prochain changement d'heure en Belgique en 2024. Toutes les informations utiles sur le passage \u00e0 l'heure d'\u00e9t\u00e9 ou d'hiver.","og_url":"https:\/\/www.forbes.be\/fr\/changement-heure-belgique\/","og_site_name":"Forbes Belgique","article_publisher":"https:\/\/www.facebook.com\/forbesbelgique\/","article_published_time":"2024-09-25T17:43:15+00:00","article_modified_time":"2024-09-28T08:18:44+00:00","og_image":[{"width":2560,"height":1707,"url":"https:\/\/www.forbes.be\/fr\/wp-content\/uploads\/2024\/09\/heure-belgique-scaled.jpg","type":"image\/jpeg"}],"author":"Forbes Belgique","twitter_card":"summary_large_image","twitter_misc":{"\u00c9crit par":"Forbes Belgique","Dur\u00e9e de lecture estim\u00e9e":"5 minutes"},"schema":{"@context":"https:\/\/schema.org","@graph":[{"@type":"NewsArticle","@id":"https:\/\/www.forbes.be\/fr\/changement-heure-belgique\/#article","isPartOf":{"@id":"https:\/\/www.forbes.be\/fr\/changement-heure-belgique\/"},"author":{"name":"Forbes Belgique","@id":"https:\/\/www.forbes.be\/fr\/#\/schema\/person\/147c95cac22c7a4a8056e69e1f287b1f"},"headline":"Changement d&rsquo;heure en Belgique : d\u00e9couvrez la date pr\u00e9vue en 2024","datePublished":"2024-09-25T17:43:15+00:00","dateModified":"2024-09-28T08:18:44+00:00","mainEntityOfPage":{"@id":"https:\/\/www.forbes.be\/fr\/changement-heure-belgique\/"},"wordCount":816,"publisher":{"@id":"https:\/\/www.forbes.be\/fr\/#organization"},"image":{"@id":"https:\/\/www.forbes.be\/fr\/changement-heure-belgique\/#primaryimage"},"thumbnailUrl":"https:\/\/www.forbes.be\/fr\/wp-content\/uploads\/2024\/09\/heure-belgique-scaled.jpg","articleSection":["Lifestyle"],"inLanguage":"fr-FR"},{"@type":"WebPage","@id":"https:\/\/www.forbes.be\/fr\/changement-heure-belgique\/","url":"https:\/\/www.forbes.be\/fr\/changement-heure-belgique\/","name":"Changement d'heure en Belgique de 2024 : c'est pour quand ?","isPartOf":{"@id":"https:\/\/www.forbes.be\/fr\/#website"},"primaryImageOfPage":{"@id":"https:\/\/www.forbes.be\/fr\/changement-heure-belgique\/#primaryimage"},"image":{"@id":"https:\/\/www.forbes.be\/fr\/changement-heure-belgique\/#primaryimage"},"thumbnailUrl":"https:\/\/www.forbes.be\/fr\/wp-content\/uploads\/2024\/09\/heure-belgique-scaled.jpg","datePublished":"2024-09-25T17:43:15+00:00","dateModified":"2024-09-28T08:18:44+00:00","description":"D\u00e9couvrez la date du prochain changement d'heure en Belgique en 2024. Toutes les informations utiles sur le passage \u00e0 l'heure d'\u00e9t\u00e9 ou d'hiver.","breadcrumb":{"@id":"https:\/\/www.forbes.be\/fr\/changement-heure-belgique\/#breadcrumb"},"inLanguage":"fr-FR","potentialAction":[{"@type":"ReadAction","target":["https:\/\/www.forbes.be\/fr\/changement-heure-belgique\/"]}]},{"@type":"ImageObject","inLanguage":"fr-FR","@id":"https:\/\/www.forbes.be\/fr\/changement-heure-belgique\/#primaryimage","url":"https:\/\/www.forbes.be\/fr\/wp-content\/uploads\/2024\/09\/heure-belgique-scaled.jpg","contentUrl":"https:\/\/www.forbes.be\/fr\/wp-content\/uploads\/2024\/09\/heure-belgique-scaled.jpg","width":2560,"height":1707},{"@type":"BreadcrumbList","@id":"https:\/\/www.forbes.be\/fr\/changement-heure-belgique\/#breadcrumb","itemListElement":[{"@type":"ListItem","position":1,"name":"Accueil","item":"https:\/\/www.forbes.be\/fr\/"},{"@type":"ListItem","position":2,"name":"Changement d&rsquo;heure en Belgique : d\u00e9couvrez la date pr\u00e9vue en 2024"}]},{"@type":"WebSite","@id":"https:\/\/www.forbes.be\/fr\/#website","url":"https:\/\/www.forbes.be\/fr\/","name":"Forbes Belgique","description":"","publisher":{"@id":"https:\/\/www.forbes.be\/fr\/#organization"},"potentialAction":[{"@type":"SearchAction","target":{"@type":"EntryPoint","urlTemplate":"https:\/\/www.forbes.be\/fr\/?s={search_term_string}"},"query-input":{"@type":"PropertyValueSpecification","valueRequired":true,"valueName":"search_term_string"}}],"inLanguage":"fr-FR"},{"@type":"Organization","@id":"https:\/\/www.forbes.be\/fr\/#organization","name":"Forbes Belgique","url":"https:\/\/www.forbes.be\/fr\/","logo":{"@type":"ImageObject","inLanguage":"fr-FR","@id":"https:\/\/www.forbes.be\/fr\/#\/schema\/logo\/image\/","url":"https:\/\/www.forbes.be\/fr\/wp-content\/uploads\/2024\/02\/forbes.be_.png","contentUrl":"https:\/\/www.forbes.be\/fr\/wp-content\/uploads\/2024\/02\/forbes.be_.png","width":1200,"height":675,"caption":"Forbes Belgique"},"image":{"@id":"https:\/\/www.forbes.be\/fr\/#\/schema\/logo\/image\/"},"sameAs":["https:\/\/www.facebook.com\/forbesbelgique\/","https:\/\/www.instagram.com\/Forbes_Belgium","https:\/\/www.linkedin.com\/company\/forbes-belgium\/"]},{"@type":"Person","@id":"https:\/\/www.forbes.be\/fr\/#\/schema\/person\/147c95cac22c7a4a8056e69e1f287b1f","name":"Forbes Belgique","image":{"@type":"ImageObject","inLanguage":"fr-FR","@id":"https:\/\/www.forbes.be\/fr\/wp-content\/uploads\/2024\/01\/forbes-thumb-150x150.jpg","url":"https:\/\/www.forbes.be\/fr\/wp-content\/uploads\/2024\/01\/forbes-thumb-150x150.jpg","contentUrl":"https:\/\/www.forbes.be\/fr\/wp-content\/uploads\/2024\/01\/forbes-thumb-150x150.jpg","caption":"Forbes Belgique"},"url":"https:\/\/www.forbes.be\/fr\/author\/forbes-be\/"}]}},"_links":{"self":[{"href":"https:\/\/www.forbes.be\/fr\/wp-json\/wp\/v2\/posts\/5338","targetHints":{"allow":["GET"]}}],"collection":[{"href":"https:\/\/www.forbes.be\/fr\/wp-json\/wp\/v2\/posts"}],"about":[{"href":"https:\/\/www.forbes.be\/fr\/wp-json\/wp\/v2\/types\/post"}],"author":[{"embeddable":true,"href":"https:\/\/www.forbes.be\/fr\/wp-json\/wp\/v2\/users\/5"}],"replies":[{"embeddable":true,"href":"https:\/\/www.forbes.be\/fr\/wp-json\/wp\/v2\/comments?post=5338"}],"version-history":[{"count":3,"href":"https:\/\/www.forbes.be\/fr\/wp-json\/wp\/v2\/posts\/5338\/revisions"}],"predecessor-version":[{"id":5343,"href":"https:\/\/www.forbes.be\/fr\/wp-json\/wp\/v2\/posts\/5338\/revisions\/5343"}],"wp:featuredmedia":[{"embeddable":true,"href":"https:\/\/www.forbes.be\/fr\/wp-json\/wp\/v2\/media\/5339"}],"wp:attachment":[{"href":"https:\/\/www.forbes.be\/fr\/wp-json\/wp\/v2\/media?parent=5338"}],"wp:term":[{"taxonomy":"category","embeddable":true,"href":"https:\/\/www.forbes.be\/fr\/wp-json\/wp\/v2\/categories?post=5338"},{"taxonomy":"post_tag","embeddable":true,"href":"https:\/\/www.forbes.be\/fr\/wp-json\/wp\/v2\/tags?post=5338"}],"curies":[{"name":"wp","href":"https:\/\/api.w.org\/{rel}","templated":true}]}}