{"id":5423,"date":"2024-10-10T07:00:03","date_gmt":"2024-10-10T05:00:03","guid":{"rendered":"https:\/\/www.forbes.be\/fr\/?p=5423"},"modified":"2024-10-07T13:48:33","modified_gmt":"2024-10-07T11:48:33","slug":"ray-lessor-dune-entreprise-familiale-de-soins-de-la-peau","status":"publish","type":"post","link":"https:\/\/www.forbes.be\/fr\/ray-lessor-dune-entreprise-familiale-de-soins-de-la-peau\/","title":{"rendered":"Ray, l&rsquo;essor d&rsquo;une entreprise familiale de soins de la peau"},"content":{"rendered":"<p><strong>En 2019, <a href=\"https:\/\/ray.care\/fr\">Ray<\/a>, une marque belge de soins de la peau, est partie d\u2019un capital initial de 30 000 euros. Six ans plus tard, les ventes atteignent 3 millions d&rsquo;euros, et l&rsquo;entreprise est d\u00e9termin\u00e9e \u00e0 atteindre la barre des 5 millions d&rsquo;euros d&rsquo;ici 2025. Fond\u00e9e par la pharmacienne Hilde Nys et son fils Thomas Kindermans, Ray s&rsquo;est forg\u00e9 une solide position dans le secteur concurrentiel de la beaut\u00e9 gr\u00e2ce \u00e0 ses produits sains et durables.<\/strong><\/p>\n<p>\u00ab Nous fabriquons de tr\u00e8s bons produits gr\u00e2ce \u00e0 notre int\u00e9gration verticale pouss\u00e9e \u00bb, explique Thomas. \u00ab Nous assurons nous-m\u00eames le d\u00e9veloppement et la production et nous vendons directement aux clients par l&rsquo;interm\u00e9diaire de notre boutique en ligne et de quatre de nos propres magasins. De cette mani\u00e8re, nous sommes proches du client et nous pouvons r\u00e9agir rapidement \u00e0 ses remarques. \u00bb Le lancement de leur nouvelle gamme pour les peaux \u00e0 tendance acn\u00e9ique, pr\u00e9sent\u00e9e le 10 septembre, en est un exemple.<\/p>\n<p>Cette strat\u00e9gie a permis \u00e0 Ray d&rsquo;accro\u00eetre ses ventes tout en restant fid\u00e8le aux valeurs fondamentales de l&rsquo;entreprise. Hilde, la fondatrice, a cr\u00e9\u00e9 la marque dans sa pharmacie de la Veldstraat \u00e0 Gand, car elle se sentait responsable de la sant\u00e9 de ses clients, y compris en mati\u00e8re de cosm\u00e9tiques. \u00ab Nous rendons nos produits aussi sains que possible. L&rsquo;Union europ\u00e9enne applique les r\u00e8gles les plus strictes au monde en mati\u00e8re de cosm\u00e9tiques, mais nous allons encore plus loin en \u00e9vitant totalement les perturbateurs hormonaux, les allerg\u00e8nes et les substances qui irritent la peau. \u00bb<\/p>\n<figure id=\"attachment_4712\" aria-describedby=\"caption-attachment-4712\" style=\"width: 683px\" class=\"wp-caption alignnone\"><img loading=\"lazy\" decoding=\"async\" class=\"wp-image-4712 size-large\" src=\"https:\/\/www.forbes.be\/nl\/wp-content\/uploads\/2024\/09\/20240804_RAYCARE_PORTRET_BRUGGE-7a-683x1024.jpg\" alt=\"ray\" width=\"683\" height=\"1024\" \/><figcaption id=\"caption-attachment-4712\" class=\"wp-caption-text\">\u00a9 ray<\/figcaption><\/figure>\n<h2>De la pharmacie au commerce de d\u00e9tail<\/h2>\n<p>\u00ab Au d\u00e9part, Ray n&rsquo;\u00e9tait disponible qu&rsquo;en ligne et en pharmacie, mais gr\u00e2ce aux r\u00e9seaux sociaux, nous avions beaucoup de questions sur les soins de la peau et la peau en g\u00e9n\u00e9ral, et les gens souhaitaient souvent venir \u00e0 la pharmacie pour obtenir les conseils de ma m\u00e8re. Le passage au commerce de d\u00e9tail, et donc \u00e0 notre propre boutique, \u00e9tait un choix tr\u00e8s logique \u00bb. La croissance de Ray ne se limite pas au chiffre d&rsquo;affaires. Le personnel est pass\u00e9 de quatre \u00e0 21 employ\u00e9s et la marque a \u00e9tendu sa port\u00e9e en ouvrant de plus en plus de boutiques, \u00e0 Gand, Anvers, Louvain et Bruges, et une cinqui\u00e8me boutique est en pr\u00e9paration. \u00ab Le commerce de d\u00e9tail n&rsquo;est certainement pas mort \u00bb, explique Thomas. \u00ab Nos magasins sont un outil de marketing important. Nous remarquons que lorsque nous ouvrons une boutique quelque part, la demande en ligne pour Ray dans cette r\u00e9gion augmente. \u00bb<\/p>\n<p>Ce mod\u00e8le de vente au d\u00e9tail aide Ray non seulement \u00e0 r\u00e9aliser des ventes directes, mais aussi \u00e0 faire conna\u00eetre sa marque et \u00e0 fid\u00e9liser sa client\u00e8le. \u00ab Nos magasins sont des lieux d&rsquo;exp\u00e9rience physique o\u00f9 les clients b\u00e9n\u00e9ficient de conseils personnalis\u00e9s, comme dans une pharmacie \u00bb, explique Hilde.<\/p>\n<h2>La dynamique d\u2019une entreprise familiale<\/h2>\n<p>Ray est unique car la marque est dirig\u00e9e par une m\u00e8re et son fils. \u00ab Nous sommes tr\u00e8s compl\u00e9mentaires \u00bb, explique Thomas. \u00ab Ma m\u00e8re est responsable de la R&amp;D et de la production, tandis que je me concentre sur la commercialisation de la marque. Nous avons des accords clairs sur nos domaines de travail et nous nous faisons mutuellement confiance. \u00ab Thomas est un ancien avocat sp\u00e9cialis\u00e9 dans la banque et la finance. Il a donc op\u00e9r\u00e9 un changement de carri\u00e8re inhabituel vers le monde de la beaut\u00e9.\u00a0\u00bb<\/p>\n<p>Bien qu&rsquo;ils partagent le m\u00eame objectif professionnel, l&rsquo;\u00e9quilibre entre leur vie professionnelle et leur vie priv\u00e9e est maintenu par leur passion commune pour l&rsquo;entreprise. \u00ab M\u00eame en dehors des heures de travail, il est souvent question de Ray, mais ce n&rsquo;est jamais un fardeau \u00bb, s&rsquo;amuse Thomas. \u00ab Nous y prenons tous les deux beaucoup de plaisir. \u00bb<\/p>\n<h2>Expansion tout en maintenant la qualit\u00e9<\/h2>\n<p>L&rsquo;expansion rapide de Ray&rsquo;s n&rsquo;est pas exempte de d\u00e9fis, en particulier lorsqu&rsquo;il s&rsquo;agit de g\u00e9rer une \u00e9quipe en pleine croissance. \u00ab Nous essayons de recruter des personnes qui ont d\u00e9j\u00e0 de l&rsquo;exp\u00e9rience et les comp\u00e9tences n\u00e9cessaires pour d\u00e9velopper une marque \u00bb, explique Thomas. \u00ab Notre r\u00f4le en tant que manager est davantage celui d&rsquo;un facilitateur. En cas de probl\u00e8me, nous les aidons \u00e0 d\u00e9cider. \u00bb<\/p>\n<p>Malgr\u00e9 la croissance, l&rsquo;accent demeure sur la qualit\u00e9 des produits. Ray a r\u00e9cemment d\u00e9m\u00e9nag\u00e9 d&rsquo;une petite unit\u00e9 de production dans la pharmacie \u00e0 une unit\u00e9 de production moderne \u00e0 Nazareth. \u00ab A Gand, nous produisions un maximum de 1 200 unit\u00e9s par jour, mais dans notre nouvelle usine, nous produisons jusqu&rsquo;\u00e0 1 600 unit\u00e9s par heure \u00bb, explique Hilde. \u00ab Cela nous donne l&rsquo;espace n\u00e9cessaire pour continuer \u00e0 nous d\u00e9velopper sans faire de compromis sur la qualit\u00e9.\u00a0\u00bb<\/p>\n<figure id=\"attachment_4713\" aria-describedby=\"caption-attachment-4713\" style=\"width: 696px\" class=\"wp-caption alignnone\"><img loading=\"lazy\" decoding=\"async\" class=\"wp-image-4713 size-large\" src=\"https:\/\/www.forbes.be\/nl\/wp-content\/uploads\/2024\/09\/20240804_RAYCARE_PORTRET_BRUGGE-2a-1024x683.jpg\" alt=\"\u00a9 ray\" width=\"696\" height=\"464\" \/><figcaption id=\"caption-attachment-4713\" class=\"wp-caption-text\">\u00a9 ray<\/figcaption><\/figure>\n<h2>Stabilit\u00e9 financi\u00e8re<\/h2>\n<p>L&rsquo;un des aspects les plus remarquables de Ray est que l&rsquo;entreprise est enti\u00e8rement autofinanc\u00e9e. \u00ab\u00a0Comme nous n&rsquo;avons pas lev\u00e9 de capital externe, nous devons g\u00e9rer notre budget avec beaucoup de prudence\u00a0\u00bb, explique Thomas. \u00ab\u00a0Par exemple, notre magasin \u00e0 Gand a ouvert ses portes apr\u00e8s seulement trois jours avec un budget de moins de 10 000 euros. Nous apprenons sur\u00a0 le tas et nous nous adaptons rapidement en fonction des retours des clients.\u00a0\u00bb<\/p>\n<p>Pour l&rsquo;avenir, les ambitions de Ray sont claires : expansion sur de nouveaux march\u00e9s, tant en Belgique qu&rsquo;\u00e0 l&rsquo;\u00e9tranger, et rayonnement mondial. \u00ab Nous pensons que c&rsquo;est possible, m\u00eame avec nos propres ressources \u00bb, d\u00e9clare Ray. Mais ils sont \u00e9galement conscients que cela doit \u00eatre fait de mani\u00e8re tr\u00e8s r\u00e9fl\u00e9chie. C&rsquo;est pourquoi ils avancent \u00e0 leur propre rythme. \u00ab Nous n&rsquo;avons pas l&rsquo;ambition de vendre Ray \u00bb, souligne Thomas. \u00ab Nous souhaitons d\u00e9velopper l&rsquo;entreprise \u00e0 long terme. Construire une autre entreprise \u00e0 partir de z\u00e9ro ne nous int\u00e9resse pas beaucoup \u00bb.<\/p>\n","protected":false},"excerpt":{"rendered":"<p>En 2019, Ray, une marque belge de soins de la peau, est partie d\u2019un capital initial de 30 000 euros. Six ans plus tard, les ventes atteignent 3 millions d&rsquo;euros, et l&rsquo;entreprise est d\u00e9termin\u00e9e \u00e0 atteindre la barre des 5 millions d&rsquo;euros d&rsquo;ici 2025. Fond\u00e9e par la pharmacienne Hilde Nys et son fils Thomas Kindermans, [&hellip;]<\/p>\n","protected":false},"author":13,"featured_media":5673,"comment_status":"closed","ping_status":"closed","sticky":false,"template":"","format":"standard","meta":{"_acf_changed":false,"inline_featured_image":false,"footnotes":""},"categories":[19],"tags":[],"class_list":{"0":"post-5423","1":"post","2":"type-post","3":"status-publish","4":"format-standard","5":"has-post-thumbnail","7":"category-entrepreneurs"},"acf":[],"_yoast_wpseo_title":null,"_yoast_wpseo_metadesc":"En 2019, Ray, une marque belge de soins de la peau, est partie d\u2019un capital initial de 30 000 euros.","auteur_traducteur":"","yoast_head":"<!-- This site is optimized with the Yoast SEO plugin v27.4 - https:\/\/yoast.com\/product\/yoast-seo-wordpress\/ -->\n<title>Ray, l&#039;essor d&#039;une entreprise familiale de soins de la peau | Forbes Belgique<\/title>\n<meta name=\"description\" content=\"En 2019, Ray, une marque belge de soins de la peau, est partie d\u2019un capital initial de 30 000 euros.\" \/>\n<meta name=\"robots\" content=\"index, follow, max-snippet:-1, max-image-preview:large, max-video-preview:-1\" \/>\n<link rel=\"canonical\" href=\"https:\/\/www.forbes.be\/fr\/ray-lessor-dune-entreprise-familiale-de-soins-de-la-peau\/\" \/>\n<meta property=\"og:locale\" content=\"fr_FR\" \/>\n<meta property=\"og:type\" content=\"article\" \/>\n<meta property=\"og:title\" content=\"Ray, l&#039;essor d&#039;une entreprise familiale de soins de la peau | Forbes Belgique\" \/>\n<meta property=\"og:description\" content=\"En 2019, Ray, une marque belge de soins de la peau, est partie d\u2019un capital initial de 30 000 euros.\" \/>\n<meta property=\"og:url\" content=\"https:\/\/www.forbes.be\/fr\/ray-lessor-dune-entreprise-familiale-de-soins-de-la-peau\/\" \/>\n<meta property=\"og:site_name\" content=\"Forbes Belgique\" \/>\n<meta property=\"article:publisher\" content=\"https:\/\/www.facebook.com\/forbesbelgique\/\" \/>\n<meta property=\"article:published_time\" content=\"2024-10-10T05:00:03+00:00\" \/>\n<meta property=\"og:image\" content=\"https:\/\/www.forbes.be\/fr\/wp-content\/uploads\/2024\/09\/20240804_RAYCARE_PORTRET_BRUGGE-6a-1.jpg\" \/>\n\t<meta property=\"og:image:width\" content=\"1200\" \/>\n\t<meta property=\"og:image:height\" content=\"628\" \/>\n\t<meta property=\"og:image:type\" content=\"image\/jpeg\" \/>\n<meta name=\"author\" content=\"Daphne Dorgelo\" \/>\n<meta name=\"twitter:card\" content=\"summary_large_image\" \/>\n<meta name=\"twitter:label1\" content=\"\u00c9crit par\" \/>\n\t<meta name=\"twitter:data1\" content=\"Daphne Dorgelo\" \/>\n\t<meta name=\"twitter:label2\" content=\"Dur\u00e9e de lecture estim\u00e9e\" \/>\n\t<meta name=\"twitter:data2\" content=\"6 minutes\" \/>\n<script type=\"application\/ld+json\" class=\"yoast-schema-graph\">{\"@context\":\"https:\\\/\\\/schema.org\",\"@graph\":[{\"@type\":\"NewsArticle\",\"@id\":\"https:\\\/\\\/www.forbes.be\\\/fr\\\/ray-lessor-dune-entreprise-familiale-de-soins-de-la-peau\\\/#article\",\"isPartOf\":{\"@id\":\"https:\\\/\\\/www.forbes.be\\\/fr\\\/ray-lessor-dune-entreprise-familiale-de-soins-de-la-peau\\\/\"},\"author\":{\"name\":\"Daphne Dorgelo\",\"@id\":\"https:\\\/\\\/www.forbes.be\\\/fr\\\/#\\\/schema\\\/person\\\/7d78f899f595d5e9c1eb19ffe4d36b83\"},\"headline\":\"Ray, l&rsquo;essor d&rsquo;une entreprise familiale de soins de la peau\",\"datePublished\":\"2024-10-10T05:00:03+00:00\",\"mainEntityOfPage\":{\"@id\":\"https:\\\/\\\/www.forbes.be\\\/fr\\\/ray-lessor-dune-entreprise-familiale-de-soins-de-la-peau\\\/\"},\"wordCount\":984,\"publisher\":{\"@id\":\"https:\\\/\\\/www.forbes.be\\\/fr\\\/#organization\"},\"image\":{\"@id\":\"https:\\\/\\\/www.forbes.be\\\/fr\\\/ray-lessor-dune-entreprise-familiale-de-soins-de-la-peau\\\/#primaryimage\"},\"thumbnailUrl\":\"https:\\\/\\\/www.forbes.be\\\/fr\\\/wp-content\\\/uploads\\\/2024\\\/09\\\/20240804_RAYCARE_PORTRET_BRUGGE-6a-1.jpg\",\"articleSection\":[\"Entrepreneurs\"],\"inLanguage\":\"fr-FR\"},{\"@type\":\"WebPage\",\"@id\":\"https:\\\/\\\/www.forbes.be\\\/fr\\\/ray-lessor-dune-entreprise-familiale-de-soins-de-la-peau\\\/\",\"url\":\"https:\\\/\\\/www.forbes.be\\\/fr\\\/ray-lessor-dune-entreprise-familiale-de-soins-de-la-peau\\\/\",\"name\":\"Ray, l'essor d'une entreprise familiale de soins de la peau | Forbes Belgique\",\"isPartOf\":{\"@id\":\"https:\\\/\\\/www.forbes.be\\\/fr\\\/#website\"},\"primaryImageOfPage\":{\"@id\":\"https:\\\/\\\/www.forbes.be\\\/fr\\\/ray-lessor-dune-entreprise-familiale-de-soins-de-la-peau\\\/#primaryimage\"},\"image\":{\"@id\":\"https:\\\/\\\/www.forbes.be\\\/fr\\\/ray-lessor-dune-entreprise-familiale-de-soins-de-la-peau\\\/#primaryimage\"},\"thumbnailUrl\":\"https:\\\/\\\/www.forbes.be\\\/fr\\\/wp-content\\\/uploads\\\/2024\\\/09\\\/20240804_RAYCARE_PORTRET_BRUGGE-6a-1.jpg\",\"datePublished\":\"2024-10-10T05:00:03+00:00\",\"description\":\"En 2019, Ray, une marque belge de soins de la peau, est partie d\u2019un capital initial de 30 000 euros.\",\"breadcrumb\":{\"@id\":\"https:\\\/\\\/www.forbes.be\\\/fr\\\/ray-lessor-dune-entreprise-familiale-de-soins-de-la-peau\\\/#breadcrumb\"},\"inLanguage\":\"fr-FR\",\"potentialAction\":[{\"@type\":\"ReadAction\",\"target\":[\"https:\\\/\\\/www.forbes.be\\\/fr\\\/ray-lessor-dune-entreprise-familiale-de-soins-de-la-peau\\\/\"]}]},{\"@type\":\"ImageObject\",\"inLanguage\":\"fr-FR\",\"@id\":\"https:\\\/\\\/www.forbes.be\\\/fr\\\/ray-lessor-dune-entreprise-familiale-de-soins-de-la-peau\\\/#primaryimage\",\"url\":\"https:\\\/\\\/www.forbes.be\\\/fr\\\/wp-content\\\/uploads\\\/2024\\\/09\\\/20240804_RAYCARE_PORTRET_BRUGGE-6a-1.jpg\",\"contentUrl\":\"https:\\\/\\\/www.forbes.be\\\/fr\\\/wp-content\\\/uploads\\\/2024\\\/09\\\/20240804_RAYCARE_PORTRET_BRUGGE-6a-1.jpg\",\"width\":1200,\"height\":628,\"caption\":\"Hilde Nys et Thomas Kinde - \u00a9 ray\"},{\"@type\":\"BreadcrumbList\",\"@id\":\"https:\\\/\\\/www.forbes.be\\\/fr\\\/ray-lessor-dune-entreprise-familiale-de-soins-de-la-peau\\\/#breadcrumb\",\"itemListElement\":[{\"@type\":\"ListItem\",\"position\":1,\"name\":\"Accueil\",\"item\":\"https:\\\/\\\/www.forbes.be\\\/fr\\\/\"},{\"@type\":\"ListItem\",\"position\":2,\"name\":\"Ray, l&rsquo;essor d&rsquo;une entreprise familiale de soins de la peau\"}]},{\"@type\":\"WebSite\",\"@id\":\"https:\\\/\\\/www.forbes.be\\\/fr\\\/#website\",\"url\":\"https:\\\/\\\/www.forbes.be\\\/fr\\\/\",\"name\":\"Forbes Belgique\",\"description\":\"\",\"publisher\":{\"@id\":\"https:\\\/\\\/www.forbes.be\\\/fr\\\/#organization\"},\"potentialAction\":[{\"@type\":\"SearchAction\",\"target\":{\"@type\":\"EntryPoint\",\"urlTemplate\":\"https:\\\/\\\/www.forbes.be\\\/fr\\\/?s={search_term_string}\"},\"query-input\":{\"@type\":\"PropertyValueSpecification\",\"valueRequired\":true,\"valueName\":\"search_term_string\"}}],\"inLanguage\":\"fr-FR\"},{\"@type\":\"Organization\",\"@id\":\"https:\\\/\\\/www.forbes.be\\\/fr\\\/#organization\",\"name\":\"Forbes Belgique\",\"url\":\"https:\\\/\\\/www.forbes.be\\\/fr\\\/\",\"logo\":{\"@type\":\"ImageObject\",\"inLanguage\":\"fr-FR\",\"@id\":\"https:\\\/\\\/www.forbes.be\\\/fr\\\/#\\\/schema\\\/logo\\\/image\\\/\",\"url\":\"https:\\\/\\\/www.forbes.be\\\/fr\\\/wp-content\\\/uploads\\\/2024\\\/02\\\/forbes.be_.png\",\"contentUrl\":\"https:\\\/\\\/www.forbes.be\\\/fr\\\/wp-content\\\/uploads\\\/2024\\\/02\\\/forbes.be_.png\",\"width\":1200,\"height\":675,\"caption\":\"Forbes Belgique\"},\"image\":{\"@id\":\"https:\\\/\\\/www.forbes.be\\\/fr\\\/#\\\/schema\\\/logo\\\/image\\\/\"},\"sameAs\":[\"https:\\\/\\\/www.facebook.com\\\/forbesbelgique\\\/\",\"https:\\\/\\\/www.instagram.com\\\/Forbes_Belgium\",\"https:\\\/\\\/www.linkedin.com\\\/company\\\/forbes-belgium\\\/\"]},{\"@type\":\"Person\",\"@id\":\"https:\\\/\\\/www.forbes.be\\\/fr\\\/#\\\/schema\\\/person\\\/7d78f899f595d5e9c1eb19ffe4d36b83\",\"name\":\"Daphne Dorgelo\",\"image\":{\"@type\":\"ImageObject\",\"inLanguage\":\"fr-FR\",\"@id\":\"https:\\\/\\\/www.forbes.be\\\/fr\\\/wp-content\\\/uploads\\\/2024\\\/01\\\/4B1A6779-2-scaled-e1704882544546-150x150.jpg\",\"url\":\"https:\\\/\\\/www.forbes.be\\\/fr\\\/wp-content\\\/uploads\\\/2024\\\/01\\\/4B1A6779-2-scaled-e1704882544546-150x150.jpg\",\"contentUrl\":\"https:\\\/\\\/www.forbes.be\\\/fr\\\/wp-content\\\/uploads\\\/2024\\\/01\\\/4B1A6779-2-scaled-e1704882544546-150x150.jpg\",\"caption\":\"Daphne Dorgelo\"},\"description\":\"Daphne Dorgelo (1996) travaille chaque semaine pour Forbes, o\u00f9 elle r\u00e9dige des articles sur le style de vie luxueux, le leadership, l'innovation, les tendances et, bien s\u00fbr, les entrepreneurs belges inspirants. Sa passion pour le journalisme et les m\u00e9dias s'est manifest\u00e9e d\u00e8s son plus jeune \u00e2ge. Apr\u00e8s avoir obtenu une licence en information aux Pays-Bas, elle s'est install\u00e9e dans la ville belge du diamant il y a six ans, apr\u00e8s avoir obtenu un master en journalisme \u00e0 la KU Leuven d'Anvers. Cela fait maintenant huit ans qu'elle \u00e9crit en tant que pigiste pour divers magazines, dont quatre ans pour des magazines de style de vie belges tels que L'OFFICIEL, Fifty &amp; Me et ELLE.\",\"url\":\"https:\\\/\\\/www.forbes.be\\\/fr\\\/author\\\/daphne-dorgelolofficiel-be\\\/\"}]}<\/script>\n<!-- \/ Yoast SEO plugin. -->","yoast_head_json":{"title":"Ray, l'essor d'une entreprise familiale de soins de la peau | Forbes Belgique","description":"En 2019, Ray, une marque belge de soins de la peau, est partie d\u2019un capital initial de 30 000 euros.","robots":{"index":"index","follow":"follow","max-snippet":"max-snippet:-1","max-image-preview":"max-image-preview:large","max-video-preview":"max-video-preview:-1"},"canonical":"https:\/\/www.forbes.be\/fr\/ray-lessor-dune-entreprise-familiale-de-soins-de-la-peau\/","og_locale":"fr_FR","og_type":"article","og_title":"Ray, l'essor d'une entreprise familiale de soins de la peau | Forbes Belgique","og_description":"En 2019, Ray, une marque belge de soins de la peau, est partie d\u2019un capital initial de 30 000 euros.","og_url":"https:\/\/www.forbes.be\/fr\/ray-lessor-dune-entreprise-familiale-de-soins-de-la-peau\/","og_site_name":"Forbes Belgique","article_publisher":"https:\/\/www.facebook.com\/forbesbelgique\/","article_published_time":"2024-10-10T05:00:03+00:00","og_image":[{"width":1200,"height":628,"url":"https:\/\/www.forbes.be\/fr\/wp-content\/uploads\/2024\/09\/20240804_RAYCARE_PORTRET_BRUGGE-6a-1.jpg","type":"image\/jpeg"}],"author":"Daphne Dorgelo","twitter_card":"summary_large_image","twitter_misc":{"\u00c9crit par":"Daphne Dorgelo","Dur\u00e9e de lecture estim\u00e9e":"6 minutes"},"schema":{"@context":"https:\/\/schema.org","@graph":[{"@type":"NewsArticle","@id":"https:\/\/www.forbes.be\/fr\/ray-lessor-dune-entreprise-familiale-de-soins-de-la-peau\/#article","isPartOf":{"@id":"https:\/\/www.forbes.be\/fr\/ray-lessor-dune-entreprise-familiale-de-soins-de-la-peau\/"},"author":{"name":"Daphne Dorgelo","@id":"https:\/\/www.forbes.be\/fr\/#\/schema\/person\/7d78f899f595d5e9c1eb19ffe4d36b83"},"headline":"Ray, l&rsquo;essor d&rsquo;une entreprise familiale de soins de la peau","datePublished":"2024-10-10T05:00:03+00:00","mainEntityOfPage":{"@id":"https:\/\/www.forbes.be\/fr\/ray-lessor-dune-entreprise-familiale-de-soins-de-la-peau\/"},"wordCount":984,"publisher":{"@id":"https:\/\/www.forbes.be\/fr\/#organization"},"image":{"@id":"https:\/\/www.forbes.be\/fr\/ray-lessor-dune-entreprise-familiale-de-soins-de-la-peau\/#primaryimage"},"thumbnailUrl":"https:\/\/www.forbes.be\/fr\/wp-content\/uploads\/2024\/09\/20240804_RAYCARE_PORTRET_BRUGGE-6a-1.jpg","articleSection":["Entrepreneurs"],"inLanguage":"fr-FR"},{"@type":"WebPage","@id":"https:\/\/www.forbes.be\/fr\/ray-lessor-dune-entreprise-familiale-de-soins-de-la-peau\/","url":"https:\/\/www.forbes.be\/fr\/ray-lessor-dune-entreprise-familiale-de-soins-de-la-peau\/","name":"Ray, l'essor d'une entreprise familiale de soins de la peau | Forbes Belgique","isPartOf":{"@id":"https:\/\/www.forbes.be\/fr\/#website"},"primaryImageOfPage":{"@id":"https:\/\/www.forbes.be\/fr\/ray-lessor-dune-entreprise-familiale-de-soins-de-la-peau\/#primaryimage"},"image":{"@id":"https:\/\/www.forbes.be\/fr\/ray-lessor-dune-entreprise-familiale-de-soins-de-la-peau\/#primaryimage"},"thumbnailUrl":"https:\/\/www.forbes.be\/fr\/wp-content\/uploads\/2024\/09\/20240804_RAYCARE_PORTRET_BRUGGE-6a-1.jpg","datePublished":"2024-10-10T05:00:03+00:00","description":"En 2019, Ray, une marque belge de soins de la peau, est partie d\u2019un capital initial de 30 000 euros.","breadcrumb":{"@id":"https:\/\/www.forbes.be\/fr\/ray-lessor-dune-entreprise-familiale-de-soins-de-la-peau\/#breadcrumb"},"inLanguage":"fr-FR","potentialAction":[{"@type":"ReadAction","target":["https:\/\/www.forbes.be\/fr\/ray-lessor-dune-entreprise-familiale-de-soins-de-la-peau\/"]}]},{"@type":"ImageObject","inLanguage":"fr-FR","@id":"https:\/\/www.forbes.be\/fr\/ray-lessor-dune-entreprise-familiale-de-soins-de-la-peau\/#primaryimage","url":"https:\/\/www.forbes.be\/fr\/wp-content\/uploads\/2024\/09\/20240804_RAYCARE_PORTRET_BRUGGE-6a-1.jpg","contentUrl":"https:\/\/www.forbes.be\/fr\/wp-content\/uploads\/2024\/09\/20240804_RAYCARE_PORTRET_BRUGGE-6a-1.jpg","width":1200,"height":628,"caption":"Hilde Nys et Thomas Kinde - \u00a9 ray"},{"@type":"BreadcrumbList","@id":"https:\/\/www.forbes.be\/fr\/ray-lessor-dune-entreprise-familiale-de-soins-de-la-peau\/#breadcrumb","itemListElement":[{"@type":"ListItem","position":1,"name":"Accueil","item":"https:\/\/www.forbes.be\/fr\/"},{"@type":"ListItem","position":2,"name":"Ray, l&rsquo;essor d&rsquo;une entreprise familiale de soins de la peau"}]},{"@type":"WebSite","@id":"https:\/\/www.forbes.be\/fr\/#website","url":"https:\/\/www.forbes.be\/fr\/","name":"Forbes Belgique","description":"","publisher":{"@id":"https:\/\/www.forbes.be\/fr\/#organization"},"potentialAction":[{"@type":"SearchAction","target":{"@type":"EntryPoint","urlTemplate":"https:\/\/www.forbes.be\/fr\/?s={search_term_string}"},"query-input":{"@type":"PropertyValueSpecification","valueRequired":true,"valueName":"search_term_string"}}],"inLanguage":"fr-FR"},{"@type":"Organization","@id":"https:\/\/www.forbes.be\/fr\/#organization","name":"Forbes Belgique","url":"https:\/\/www.forbes.be\/fr\/","logo":{"@type":"ImageObject","inLanguage":"fr-FR","@id":"https:\/\/www.forbes.be\/fr\/#\/schema\/logo\/image\/","url":"https:\/\/www.forbes.be\/fr\/wp-content\/uploads\/2024\/02\/forbes.be_.png","contentUrl":"https:\/\/www.forbes.be\/fr\/wp-content\/uploads\/2024\/02\/forbes.be_.png","width":1200,"height":675,"caption":"Forbes Belgique"},"image":{"@id":"https:\/\/www.forbes.be\/fr\/#\/schema\/logo\/image\/"},"sameAs":["https:\/\/www.facebook.com\/forbesbelgique\/","https:\/\/www.instagram.com\/Forbes_Belgium","https:\/\/www.linkedin.com\/company\/forbes-belgium\/"]},{"@type":"Person","@id":"https:\/\/www.forbes.be\/fr\/#\/schema\/person\/7d78f899f595d5e9c1eb19ffe4d36b83","name":"Daphne Dorgelo","image":{"@type":"ImageObject","inLanguage":"fr-FR","@id":"https:\/\/www.forbes.be\/fr\/wp-content\/uploads\/2024\/01\/4B1A6779-2-scaled-e1704882544546-150x150.jpg","url":"https:\/\/www.forbes.be\/fr\/wp-content\/uploads\/2024\/01\/4B1A6779-2-scaled-e1704882544546-150x150.jpg","contentUrl":"https:\/\/www.forbes.be\/fr\/wp-content\/uploads\/2024\/01\/4B1A6779-2-scaled-e1704882544546-150x150.jpg","caption":"Daphne Dorgelo"},"description":"Daphne Dorgelo (1996) travaille chaque semaine pour Forbes, o\u00f9 elle r\u00e9dige des articles sur le style de vie luxueux, le leadership, l'innovation, les tendances et, bien s\u00fbr, les entrepreneurs belges inspirants. Sa passion pour le journalisme et les m\u00e9dias s'est manifest\u00e9e d\u00e8s son plus jeune \u00e2ge. Apr\u00e8s avoir obtenu une licence en information aux Pays-Bas, elle s'est install\u00e9e dans la ville belge du diamant il y a six ans, apr\u00e8s avoir obtenu un master en journalisme \u00e0 la KU Leuven d'Anvers. Cela fait maintenant huit ans qu'elle \u00e9crit en tant que pigiste pour divers magazines, dont quatre ans pour des magazines de style de vie belges tels que L'OFFICIEL, Fifty &amp; Me et ELLE.","url":"https:\/\/www.forbes.be\/fr\/author\/daphne-dorgelolofficiel-be\/"}]}},"_links":{"self":[{"href":"https:\/\/www.forbes.be\/fr\/wp-json\/wp\/v2\/posts\/5423","targetHints":{"allow":["GET"]}}],"collection":[{"href":"https:\/\/www.forbes.be\/fr\/wp-json\/wp\/v2\/posts"}],"about":[{"href":"https:\/\/www.forbes.be\/fr\/wp-json\/wp\/v2\/types\/post"}],"author":[{"embeddable":true,"href":"https:\/\/www.forbes.be\/fr\/wp-json\/wp\/v2\/users\/13"}],"replies":[{"embeddable":true,"href":"https:\/\/www.forbes.be\/fr\/wp-json\/wp\/v2\/comments?post=5423"}],"version-history":[{"count":5,"href":"https:\/\/www.forbes.be\/fr\/wp-json\/wp\/v2\/posts\/5423\/revisions"}],"predecessor-version":[{"id":5463,"href":"https:\/\/www.forbes.be\/fr\/wp-json\/wp\/v2\/posts\/5423\/revisions\/5463"}],"wp:featuredmedia":[{"embeddable":true,"href":"https:\/\/www.forbes.be\/fr\/wp-json\/wp\/v2\/media\/5673"}],"wp:attachment":[{"href":"https:\/\/www.forbes.be\/fr\/wp-json\/wp\/v2\/media?parent=5423"}],"wp:term":[{"taxonomy":"category","embeddable":true,"href":"https:\/\/www.forbes.be\/fr\/wp-json\/wp\/v2\/categories?post=5423"},{"taxonomy":"post_tag","embeddable":true,"href":"https:\/\/www.forbes.be\/fr\/wp-json\/wp\/v2\/tags?post=5423"}],"curies":[{"name":"wp","href":"https:\/\/api.w.org\/{rel}","templated":true}]}}