{"id":5790,"date":"2024-10-23T07:00:28","date_gmt":"2024-10-23T05:00:28","guid":{"rendered":"https:\/\/www.forbes.be\/fr\/?p=5790"},"modified":"2024-10-21T15:20:29","modified_gmt":"2024-10-21T13:20:29","slug":"les-anneaux-connectes-un-marche-porteur-mais-encore-balbutiant-en-belgique","status":"publish","type":"post","link":"https:\/\/www.forbes.be\/fr\/les-anneaux-connectes-un-marche-porteur-mais-encore-balbutiant-en-belgique\/","title":{"rendered":"Les anneaux connect\u00e9s, un march\u00e9 porteur mais encore balbutiant en Belgique"},"content":{"rendered":"<div><strong>Apr\u00e8s les montres connect\u00e9es, qui se sont peu \u00e0 peu install\u00e9es sur les poignets de nombre d&rsquo;entre nous, voil\u00e0 \u00e0 pr\u00e9sent que les anneaux connect\u00e9s tentent de se faire aussi une place dans notre quotidien. Un march\u00e9 mondial qui \u00e9tait tout de m\u00eame \u00e9valu\u00e9 \u00e0 125 millions de dollars en 2022 et qui devrait atteindre 747 millions d&rsquo;ici la fin de 2030. Le tout avec un taux de croissance annuel moyen de 25% par an.<\/strong><\/div>\n<div><\/div>\n<div>C&rsquo;est dire s&rsquo;il y a une opportunit\u00e9 \u00e0 prendre. Et c&rsquo;est sans doute ce qu&rsquo;a d\u00fb se dire le g\u00e9ant sud-cor\u00e9en Samsung en d\u00e9veloppant\u00a0sa <a href=\"https:\/\/www.samsung.com\/fr\/rings\/galaxy-ring\/buy\/\">Galaxy Ring<\/a>, qu&rsquo;il a d\u00e9voil\u00e9e <a href=\"https:\/\/www.forbes.be\/fr\/samsung-reinvente-la-technologie-mobile-et-la-sante-numerique\/\">l&rsquo;\u00e9t\u00e9 dernier<\/a>. Pour la bagatelle de 449 euros (!), \u00e0 vous cette bague pesant 2,3 \u00e0 3 grammes et ses capteurs intelligents permettant de mesurer notamment la fr\u00e9quence cardiaque, les taux d&rsquo;oxyg\u00e8ne dans le sang, la qualit\u00e9 du sommeil et le niveau de stress. Le tout avec un anneau en titane qui r\u00e9siste \u00e0 l&rsquo;eau et dont l&rsquo;autonomie de sa batterie peut aller jusqu&rsquo;\u00e0 sept jours.<\/div>\n<div><\/div>\n<div>Selon Samsung, le march\u00e9 en Belgique devrait \u00eatre multipli\u00e9 par 1,5 en 2025. Mais il faut aussi dire qu&rsquo;en l&rsquo;\u00e9tat actuel, il n&rsquo;est pas tr\u00e8s d\u00e9velopp\u00e9&#8230; Il est bien possible de d\u00e9j\u00e0 d\u00e9nicher des anneaux connect\u00e9s \u00e7a et l\u00e0. Mais vous n&rsquo;en verrez pas beaucoup en vous d\u00e9pla\u00e7ant chez <a href=\"https:\/\/www.mediamarkt.be\/fr\/search.html?query=ring%20galaxy&amp;t=1729010842528&amp;queryMeta%5Bga_query%5D=ring%20galaxy&amp;queryMeta%5BqueryHash%5D=8968396af0f11cfe54e2218d64dd19818cf30cc33dbc8f5383c87247058faa12&amp;queryMeta%5BqueryRequestId%5D=8968396af0f11cfe54e2218d64dd19818cf30cc33dbc8f5383c87247058faa12\">Mediamarkt<\/a>, <a href=\"https:\/\/www.krefel.be\/fr\">Kr\u00ebfel<\/a>, <a href=\"https:\/\/www.vandenborre.be\/fr\">Vandenborre<\/a> ou la <a href=\"https:\/\/www.fr.fnac.be\/SearchResult\/ResultList.aspx?PageIndex=2&amp;SDM=list&amp;Search=bague+connect%c3%a9e&amp;sft=1&amp;ssi=5&amp;sso=1\">Fnac<\/a>&#8230; Seuls les derniers venus cor\u00e9ens y sont &#8211; parfois- propos\u00e9s \u00e0 la vente.<\/div>\n<h2>Pas les premiers<\/h2>\n<div>Pourtant, le g\u00e9ant technologique n&rsquo;est pas le premier \u00e0 se lancer sur ce march\u00e9, mais est par contre le premier acteur d&rsquo;envergure mondiale \u00e0 le faire. Avant lui, d&rsquo;autres s&rsquo;y sont frott\u00e9s: Ultrahuman avec sa <a href=\"https:\/\/www.ultrahuman.com\/ring\/buy\/be\/\">Ring Air<\/a> (379 euros), Circular avec sa <a href=\"https:\/\/fr.circular.xyz\/shop\">Ring<\/a> (294 euros), Omate et son <a href=\"https:\/\/www.omate.com\/product\/ice-ring-gold\/\">Ice Ring<\/a> (199 euros) ou Oura, l&rsquo;actuel leader du march\u00e9, et sa <a href=\"https:\/\/ouraring.com\/fr\/product\/rings\/oura-gen3\/heritage?srsltid=AfmBOooHr7Fst8dzOWD9MAf8yIUULH5zfiSL-dkJOHCT34cbPd1Gbisz\">Ring 3<\/a> (329 euros). Sans oublier le \u00ab\u00a0petit\u00a0\u00bb belge qu&rsquo;est <a href=\"https:\/\/www.ice-watch.com\/pages\/ice-ring?srsltid=AfmBOorDrLKpBfodWpIaZSPfcK3vqNVm8POo6Ghz4rH6vIx6Xuixal4s\">Ice Watch<\/a> qui distribue en Europe l&rsquo;anneau connect\u00e9 d&rsquo;Omate depuis novembre de l&rsquo;ann\u00e9e derni\u00e8re.<\/div>\n<h2>Quelle utilit\u00e9 ?<\/h2>\n<div>Mais donc, ces bagues connect\u00e9es, \u00e7a sert \u00e0 quoi ? Leur but est le plus souvent de\u00a0surveiller votre sant\u00e9 et votre forme physique, mais aussi de contr\u00f4ler votre t\u00e9l\u00e9phone ou de payer avec la puce NFC (communication en champ proche). Ils peuvent \u00e9galement \u00eatre dot\u00e9s d&rsquo;autres fonctions, comme des alertes qui vous informent de la r\u00e9ception d&rsquo;un message texte, d&rsquo;un courriel, etc.<\/div>\n<div><\/div>\n<div>Ce qui explique leur succ\u00e8s, c&rsquo;est le d\u00e9veloppement de l&rsquo;internet des objets mais aussi des services en nuage (cloud). Les informations collect\u00e9es par les bagues peuvent en effet \u00eatre directement stock\u00e9es dans des archives de donn\u00e9es personnelles en ligne. Cela permet aux utilisateurs de traiter facilement leurs donn\u00e9es tout en prot\u00e9geant leur vie priv\u00e9e. Le march\u00e9 mondial des bagues intelligentes devrait cro\u00eetre au fur et \u00e0 mesure que leur utilisation et leur disponibilit\u00e9 augmentent.<\/div>\n","protected":false},"excerpt":{"rendered":"<p>Apr\u00e8s les montres connect\u00e9es, qui se sont peu \u00e0 peu install\u00e9es sur les poignets de nombre d&rsquo;entre nous, voil\u00e0 \u00e0 pr\u00e9sent que les anneaux connect\u00e9s tentent de se faire aussi une place dans notre quotidien. Un march\u00e9 mondial qui \u00e9tait tout de m\u00eame \u00e9valu\u00e9 \u00e0 125 millions de dollars en 2022 et qui devrait atteindre [&hellip;]<\/p>\n","protected":false},"author":37,"featured_media":5879,"comment_status":"closed","ping_status":"closed","sticky":false,"template":"","format":"standard","meta":{"_acf_changed":false,"inline_featured_image":false,"footnotes":""},"categories":[14],"tags":[],"class_list":{"0":"post-5790","1":"post","2":"type-post","3":"status-publish","4":"format-standard","5":"has-post-thumbnail","7":"category-innovation"},"acf":[],"_yoast_wpseo_title":null,"_yoast_wpseo_metadesc":"Les anneaux connect\u00e9s tentent de se faire une place dans notre quotidien. Un march\u00e9 mondial qui devrait atteindre 747 millions d'ici la fin de 2030.","auteur_traducteur":"","yoast_head":"<!-- This site is optimized with the Yoast SEO plugin v27.4 - https:\/\/yoast.com\/product\/yoast-seo-wordpress\/ -->\n<title>Les anneaux connect\u00e9s, un march\u00e9 porteur mais encore balbutiant en Belgique | Forbes Belgique<\/title>\n<meta name=\"description\" content=\"Les anneaux connect\u00e9s tentent de se faire une place dans notre quotidien. Un march\u00e9 mondial qui devrait atteindre 747 millions d&#039;ici la fin de 2030.\" \/>\n<meta name=\"robots\" content=\"index, follow, max-snippet:-1, max-image-preview:large, max-video-preview:-1\" \/>\n<link rel=\"canonical\" href=\"https:\/\/www.forbes.be\/fr\/les-anneaux-connectes-un-marche-porteur-mais-encore-balbutiant-en-belgique\/\" \/>\n<meta property=\"og:locale\" content=\"fr_FR\" \/>\n<meta property=\"og:type\" content=\"article\" \/>\n<meta property=\"og:title\" content=\"Les anneaux connect\u00e9s, un march\u00e9 porteur mais encore balbutiant en Belgique | Forbes Belgique\" \/>\n<meta property=\"og:description\" content=\"Les anneaux connect\u00e9s tentent de se faire une place dans notre quotidien. Un march\u00e9 mondial qui devrait atteindre 747 millions d&#039;ici la fin de 2030.\" \/>\n<meta property=\"og:url\" content=\"https:\/\/www.forbes.be\/fr\/les-anneaux-connectes-un-marche-porteur-mais-encore-balbutiant-en-belgique\/\" \/>\n<meta property=\"og:site_name\" content=\"Forbes Belgique\" \/>\n<meta property=\"article:publisher\" content=\"https:\/\/www.facebook.com\/forbesbelgique\/\" \/>\n<meta property=\"article:published_time\" content=\"2024-10-23T05:00:28+00:00\" \/>\n<meta property=\"og:image\" content=\"https:\/\/www.forbes.be\/fr\/wp-content\/uploads\/2024\/10\/001-galaxy-ring-silver-1p-1-scaled-1.jpg\" \/>\n\t<meta property=\"og:image:width\" content=\"1200\" \/>\n\t<meta property=\"og:image:height\" content=\"628\" \/>\n\t<meta property=\"og:image:type\" content=\"image\/jpeg\" \/>\n<meta name=\"author\" content=\"Juan Godbille\" \/>\n<meta name=\"twitter:card\" content=\"summary_large_image\" \/>\n<meta name=\"twitter:label1\" content=\"\u00c9crit par\" \/>\n\t<meta name=\"twitter:data1\" content=\"Juan Godbille\" \/>\n\t<meta name=\"twitter:label2\" content=\"Dur\u00e9e de lecture estim\u00e9e\" \/>\n\t<meta name=\"twitter:data2\" content=\"3 minutes\" \/>\n<script type=\"application\/ld+json\" class=\"yoast-schema-graph\">{\"@context\":\"https:\\\/\\\/schema.org\",\"@graph\":[{\"@type\":\"NewsArticle\",\"@id\":\"https:\\\/\\\/www.forbes.be\\\/fr\\\/les-anneaux-connectes-un-marche-porteur-mais-encore-balbutiant-en-belgique\\\/#article\",\"isPartOf\":{\"@id\":\"https:\\\/\\\/www.forbes.be\\\/fr\\\/les-anneaux-connectes-un-marche-porteur-mais-encore-balbutiant-en-belgique\\\/\"},\"author\":{\"name\":\"Juan Godbille\",\"@id\":\"https:\\\/\\\/www.forbes.be\\\/fr\\\/#\\\/schema\\\/person\\\/0d449791ef6199da3d469eca714eb773\"},\"headline\":\"Les anneaux connect\u00e9s, un march\u00e9 porteur mais encore balbutiant en Belgique\",\"datePublished\":\"2024-10-23T05:00:28+00:00\",\"mainEntityOfPage\":{\"@id\":\"https:\\\/\\\/www.forbes.be\\\/fr\\\/les-anneaux-connectes-un-marche-porteur-mais-encore-balbutiant-en-belgique\\\/\"},\"wordCount\":493,\"publisher\":{\"@id\":\"https:\\\/\\\/www.forbes.be\\\/fr\\\/#organization\"},\"image\":{\"@id\":\"https:\\\/\\\/www.forbes.be\\\/fr\\\/les-anneaux-connectes-un-marche-porteur-mais-encore-balbutiant-en-belgique\\\/#primaryimage\"},\"thumbnailUrl\":\"https:\\\/\\\/www.forbes.be\\\/fr\\\/wp-content\\\/uploads\\\/2024\\\/10\\\/001-galaxy-ring-silver-1p-1-scaled-1.jpg\",\"articleSection\":[\"Innovation\"],\"inLanguage\":\"fr-FR\"},{\"@type\":\"WebPage\",\"@id\":\"https:\\\/\\\/www.forbes.be\\\/fr\\\/les-anneaux-connectes-un-marche-porteur-mais-encore-balbutiant-en-belgique\\\/\",\"url\":\"https:\\\/\\\/www.forbes.be\\\/fr\\\/les-anneaux-connectes-un-marche-porteur-mais-encore-balbutiant-en-belgique\\\/\",\"name\":\"Les anneaux connect\u00e9s, un march\u00e9 porteur mais encore balbutiant en Belgique | Forbes Belgique\",\"isPartOf\":{\"@id\":\"https:\\\/\\\/www.forbes.be\\\/fr\\\/#website\"},\"primaryImageOfPage\":{\"@id\":\"https:\\\/\\\/www.forbes.be\\\/fr\\\/les-anneaux-connectes-un-marche-porteur-mais-encore-balbutiant-en-belgique\\\/#primaryimage\"},\"image\":{\"@id\":\"https:\\\/\\\/www.forbes.be\\\/fr\\\/les-anneaux-connectes-un-marche-porteur-mais-encore-balbutiant-en-belgique\\\/#primaryimage\"},\"thumbnailUrl\":\"https:\\\/\\\/www.forbes.be\\\/fr\\\/wp-content\\\/uploads\\\/2024\\\/10\\\/001-galaxy-ring-silver-1p-1-scaled-1.jpg\",\"datePublished\":\"2024-10-23T05:00:28+00:00\",\"description\":\"Les anneaux connect\u00e9s tentent de se faire une place dans notre quotidien. Un march\u00e9 mondial qui devrait atteindre 747 millions d'ici la fin de 2030.\",\"breadcrumb\":{\"@id\":\"https:\\\/\\\/www.forbes.be\\\/fr\\\/les-anneaux-connectes-un-marche-porteur-mais-encore-balbutiant-en-belgique\\\/#breadcrumb\"},\"inLanguage\":\"fr-FR\",\"potentialAction\":[{\"@type\":\"ReadAction\",\"target\":[\"https:\\\/\\\/www.forbes.be\\\/fr\\\/les-anneaux-connectes-un-marche-porteur-mais-encore-balbutiant-en-belgique\\\/\"]}]},{\"@type\":\"ImageObject\",\"inLanguage\":\"fr-FR\",\"@id\":\"https:\\\/\\\/www.forbes.be\\\/fr\\\/les-anneaux-connectes-un-marche-porteur-mais-encore-balbutiant-en-belgique\\\/#primaryimage\",\"url\":\"https:\\\/\\\/www.forbes.be\\\/fr\\\/wp-content\\\/uploads\\\/2024\\\/10\\\/001-galaxy-ring-silver-1p-1-scaled-1.jpg\",\"contentUrl\":\"https:\\\/\\\/www.forbes.be\\\/fr\\\/wp-content\\\/uploads\\\/2024\\\/10\\\/001-galaxy-ring-silver-1p-1-scaled-1.jpg\",\"width\":1200,\"height\":628,\"caption\":\"\u00a9 Galaxy Ring Samsung\"},{\"@type\":\"BreadcrumbList\",\"@id\":\"https:\\\/\\\/www.forbes.be\\\/fr\\\/les-anneaux-connectes-un-marche-porteur-mais-encore-balbutiant-en-belgique\\\/#breadcrumb\",\"itemListElement\":[{\"@type\":\"ListItem\",\"position\":1,\"name\":\"Accueil\",\"item\":\"https:\\\/\\\/www.forbes.be\\\/fr\\\/\"},{\"@type\":\"ListItem\",\"position\":2,\"name\":\"Les anneaux connect\u00e9s, un march\u00e9 porteur mais encore balbutiant en Belgique\"}]},{\"@type\":\"WebSite\",\"@id\":\"https:\\\/\\\/www.forbes.be\\\/fr\\\/#website\",\"url\":\"https:\\\/\\\/www.forbes.be\\\/fr\\\/\",\"name\":\"Forbes Belgique\",\"description\":\"\",\"publisher\":{\"@id\":\"https:\\\/\\\/www.forbes.be\\\/fr\\\/#organization\"},\"potentialAction\":[{\"@type\":\"SearchAction\",\"target\":{\"@type\":\"EntryPoint\",\"urlTemplate\":\"https:\\\/\\\/www.forbes.be\\\/fr\\\/?s={search_term_string}\"},\"query-input\":{\"@type\":\"PropertyValueSpecification\",\"valueRequired\":true,\"valueName\":\"search_term_string\"}}],\"inLanguage\":\"fr-FR\"},{\"@type\":\"Organization\",\"@id\":\"https:\\\/\\\/www.forbes.be\\\/fr\\\/#organization\",\"name\":\"Forbes Belgique\",\"url\":\"https:\\\/\\\/www.forbes.be\\\/fr\\\/\",\"logo\":{\"@type\":\"ImageObject\",\"inLanguage\":\"fr-FR\",\"@id\":\"https:\\\/\\\/www.forbes.be\\\/fr\\\/#\\\/schema\\\/logo\\\/image\\\/\",\"url\":\"https:\\\/\\\/www.forbes.be\\\/fr\\\/wp-content\\\/uploads\\\/2024\\\/02\\\/forbes.be_.png\",\"contentUrl\":\"https:\\\/\\\/www.forbes.be\\\/fr\\\/wp-content\\\/uploads\\\/2024\\\/02\\\/forbes.be_.png\",\"width\":1200,\"height\":675,\"caption\":\"Forbes Belgique\"},\"image\":{\"@id\":\"https:\\\/\\\/www.forbes.be\\\/fr\\\/#\\\/schema\\\/logo\\\/image\\\/\"},\"sameAs\":[\"https:\\\/\\\/www.facebook.com\\\/forbesbelgique\\\/\",\"https:\\\/\\\/www.instagram.com\\\/Forbes_Belgium\",\"https:\\\/\\\/www.linkedin.com\\\/company\\\/forbes-belgium\\\/\"]},{\"@type\":\"Person\",\"@id\":\"https:\\\/\\\/www.forbes.be\\\/fr\\\/#\\\/schema\\\/person\\\/0d449791ef6199da3d469eca714eb773\",\"name\":\"Juan Godbille\",\"image\":{\"@type\":\"ImageObject\",\"inLanguage\":\"fr-FR\",\"@id\":\"https:\\\/\\\/secure.gravatar.com\\\/avatar\\\/de6d740453251c69ae34e42cfef9688bc2a5c942d7cab09074e7064fbac13ac9?s=96&d=mm&r=g\",\"url\":\"https:\\\/\\\/secure.gravatar.com\\\/avatar\\\/de6d740453251c69ae34e42cfef9688bc2a5c942d7cab09074e7064fbac13ac9?s=96&d=mm&r=g\",\"contentUrl\":\"https:\\\/\\\/secure.gravatar.com\\\/avatar\\\/de6d740453251c69ae34e42cfef9688bc2a5c942d7cab09074e7064fbac13ac9?s=96&d=mm&r=g\",\"caption\":\"Juan Godbille\"},\"url\":\"https:\\\/\\\/www.forbes.be\\\/fr\\\/author\\\/juan-godbille\\\/\"}]}<\/script>\n<!-- \/ Yoast SEO plugin. -->","yoast_head_json":{"title":"Les anneaux connect\u00e9s, un march\u00e9 porteur mais encore balbutiant en Belgique | Forbes Belgique","description":"Les anneaux connect\u00e9s tentent de se faire une place dans notre quotidien. Un march\u00e9 mondial qui devrait atteindre 747 millions d'ici la fin de 2030.","robots":{"index":"index","follow":"follow","max-snippet":"max-snippet:-1","max-image-preview":"max-image-preview:large","max-video-preview":"max-video-preview:-1"},"canonical":"https:\/\/www.forbes.be\/fr\/les-anneaux-connectes-un-marche-porteur-mais-encore-balbutiant-en-belgique\/","og_locale":"fr_FR","og_type":"article","og_title":"Les anneaux connect\u00e9s, un march\u00e9 porteur mais encore balbutiant en Belgique | Forbes Belgique","og_description":"Les anneaux connect\u00e9s tentent de se faire une place dans notre quotidien. Un march\u00e9 mondial qui devrait atteindre 747 millions d'ici la fin de 2030.","og_url":"https:\/\/www.forbes.be\/fr\/les-anneaux-connectes-un-marche-porteur-mais-encore-balbutiant-en-belgique\/","og_site_name":"Forbes Belgique","article_publisher":"https:\/\/www.facebook.com\/forbesbelgique\/","article_published_time":"2024-10-23T05:00:28+00:00","og_image":[{"width":1200,"height":628,"url":"https:\/\/www.forbes.be\/fr\/wp-content\/uploads\/2024\/10\/001-galaxy-ring-silver-1p-1-scaled-1.jpg","type":"image\/jpeg"}],"author":"Juan Godbille","twitter_card":"summary_large_image","twitter_misc":{"\u00c9crit par":"Juan Godbille","Dur\u00e9e de lecture estim\u00e9e":"3 minutes"},"schema":{"@context":"https:\/\/schema.org","@graph":[{"@type":"NewsArticle","@id":"https:\/\/www.forbes.be\/fr\/les-anneaux-connectes-un-marche-porteur-mais-encore-balbutiant-en-belgique\/#article","isPartOf":{"@id":"https:\/\/www.forbes.be\/fr\/les-anneaux-connectes-un-marche-porteur-mais-encore-balbutiant-en-belgique\/"},"author":{"name":"Juan Godbille","@id":"https:\/\/www.forbes.be\/fr\/#\/schema\/person\/0d449791ef6199da3d469eca714eb773"},"headline":"Les anneaux connect\u00e9s, un march\u00e9 porteur mais encore balbutiant en Belgique","datePublished":"2024-10-23T05:00:28+00:00","mainEntityOfPage":{"@id":"https:\/\/www.forbes.be\/fr\/les-anneaux-connectes-un-marche-porteur-mais-encore-balbutiant-en-belgique\/"},"wordCount":493,"publisher":{"@id":"https:\/\/www.forbes.be\/fr\/#organization"},"image":{"@id":"https:\/\/www.forbes.be\/fr\/les-anneaux-connectes-un-marche-porteur-mais-encore-balbutiant-en-belgique\/#primaryimage"},"thumbnailUrl":"https:\/\/www.forbes.be\/fr\/wp-content\/uploads\/2024\/10\/001-galaxy-ring-silver-1p-1-scaled-1.jpg","articleSection":["Innovation"],"inLanguage":"fr-FR"},{"@type":"WebPage","@id":"https:\/\/www.forbes.be\/fr\/les-anneaux-connectes-un-marche-porteur-mais-encore-balbutiant-en-belgique\/","url":"https:\/\/www.forbes.be\/fr\/les-anneaux-connectes-un-marche-porteur-mais-encore-balbutiant-en-belgique\/","name":"Les anneaux connect\u00e9s, un march\u00e9 porteur mais encore balbutiant en Belgique | Forbes Belgique","isPartOf":{"@id":"https:\/\/www.forbes.be\/fr\/#website"},"primaryImageOfPage":{"@id":"https:\/\/www.forbes.be\/fr\/les-anneaux-connectes-un-marche-porteur-mais-encore-balbutiant-en-belgique\/#primaryimage"},"image":{"@id":"https:\/\/www.forbes.be\/fr\/les-anneaux-connectes-un-marche-porteur-mais-encore-balbutiant-en-belgique\/#primaryimage"},"thumbnailUrl":"https:\/\/www.forbes.be\/fr\/wp-content\/uploads\/2024\/10\/001-galaxy-ring-silver-1p-1-scaled-1.jpg","datePublished":"2024-10-23T05:00:28+00:00","description":"Les anneaux connect\u00e9s tentent de se faire une place dans notre quotidien. Un march\u00e9 mondial qui devrait atteindre 747 millions d'ici la fin de 2030.","breadcrumb":{"@id":"https:\/\/www.forbes.be\/fr\/les-anneaux-connectes-un-marche-porteur-mais-encore-balbutiant-en-belgique\/#breadcrumb"},"inLanguage":"fr-FR","potentialAction":[{"@type":"ReadAction","target":["https:\/\/www.forbes.be\/fr\/les-anneaux-connectes-un-marche-porteur-mais-encore-balbutiant-en-belgique\/"]}]},{"@type":"ImageObject","inLanguage":"fr-FR","@id":"https:\/\/www.forbes.be\/fr\/les-anneaux-connectes-un-marche-porteur-mais-encore-balbutiant-en-belgique\/#primaryimage","url":"https:\/\/www.forbes.be\/fr\/wp-content\/uploads\/2024\/10\/001-galaxy-ring-silver-1p-1-scaled-1.jpg","contentUrl":"https:\/\/www.forbes.be\/fr\/wp-content\/uploads\/2024\/10\/001-galaxy-ring-silver-1p-1-scaled-1.jpg","width":1200,"height":628,"caption":"\u00a9 Galaxy Ring Samsung"},{"@type":"BreadcrumbList","@id":"https:\/\/www.forbes.be\/fr\/les-anneaux-connectes-un-marche-porteur-mais-encore-balbutiant-en-belgique\/#breadcrumb","itemListElement":[{"@type":"ListItem","position":1,"name":"Accueil","item":"https:\/\/www.forbes.be\/fr\/"},{"@type":"ListItem","position":2,"name":"Les anneaux connect\u00e9s, un march\u00e9 porteur mais encore balbutiant en Belgique"}]},{"@type":"WebSite","@id":"https:\/\/www.forbes.be\/fr\/#website","url":"https:\/\/www.forbes.be\/fr\/","name":"Forbes Belgique","description":"","publisher":{"@id":"https:\/\/www.forbes.be\/fr\/#organization"},"potentialAction":[{"@type":"SearchAction","target":{"@type":"EntryPoint","urlTemplate":"https:\/\/www.forbes.be\/fr\/?s={search_term_string}"},"query-input":{"@type":"PropertyValueSpecification","valueRequired":true,"valueName":"search_term_string"}}],"inLanguage":"fr-FR"},{"@type":"Organization","@id":"https:\/\/www.forbes.be\/fr\/#organization","name":"Forbes Belgique","url":"https:\/\/www.forbes.be\/fr\/","logo":{"@type":"ImageObject","inLanguage":"fr-FR","@id":"https:\/\/www.forbes.be\/fr\/#\/schema\/logo\/image\/","url":"https:\/\/www.forbes.be\/fr\/wp-content\/uploads\/2024\/02\/forbes.be_.png","contentUrl":"https:\/\/www.forbes.be\/fr\/wp-content\/uploads\/2024\/02\/forbes.be_.png","width":1200,"height":675,"caption":"Forbes Belgique"},"image":{"@id":"https:\/\/www.forbes.be\/fr\/#\/schema\/logo\/image\/"},"sameAs":["https:\/\/www.facebook.com\/forbesbelgique\/","https:\/\/www.instagram.com\/Forbes_Belgium","https:\/\/www.linkedin.com\/company\/forbes-belgium\/"]},{"@type":"Person","@id":"https:\/\/www.forbes.be\/fr\/#\/schema\/person\/0d449791ef6199da3d469eca714eb773","name":"Juan Godbille","image":{"@type":"ImageObject","inLanguage":"fr-FR","@id":"https:\/\/secure.gravatar.com\/avatar\/de6d740453251c69ae34e42cfef9688bc2a5c942d7cab09074e7064fbac13ac9?s=96&d=mm&r=g","url":"https:\/\/secure.gravatar.com\/avatar\/de6d740453251c69ae34e42cfef9688bc2a5c942d7cab09074e7064fbac13ac9?s=96&d=mm&r=g","contentUrl":"https:\/\/secure.gravatar.com\/avatar\/de6d740453251c69ae34e42cfef9688bc2a5c942d7cab09074e7064fbac13ac9?s=96&d=mm&r=g","caption":"Juan Godbille"},"url":"https:\/\/www.forbes.be\/fr\/author\/juan-godbille\/"}]}},"_links":{"self":[{"href":"https:\/\/www.forbes.be\/fr\/wp-json\/wp\/v2\/posts\/5790","targetHints":{"allow":["GET"]}}],"collection":[{"href":"https:\/\/www.forbes.be\/fr\/wp-json\/wp\/v2\/posts"}],"about":[{"href":"https:\/\/www.forbes.be\/fr\/wp-json\/wp\/v2\/types\/post"}],"author":[{"embeddable":true,"href":"https:\/\/www.forbes.be\/fr\/wp-json\/wp\/v2\/users\/37"}],"replies":[{"embeddable":true,"href":"https:\/\/www.forbes.be\/fr\/wp-json\/wp\/v2\/comments?post=5790"}],"version-history":[{"count":4,"href":"https:\/\/www.forbes.be\/fr\/wp-json\/wp\/v2\/posts\/5790\/revisions"}],"predecessor-version":[{"id":5880,"href":"https:\/\/www.forbes.be\/fr\/wp-json\/wp\/v2\/posts\/5790\/revisions\/5880"}],"wp:featuredmedia":[{"embeddable":true,"href":"https:\/\/www.forbes.be\/fr\/wp-json\/wp\/v2\/media\/5879"}],"wp:attachment":[{"href":"https:\/\/www.forbes.be\/fr\/wp-json\/wp\/v2\/media?parent=5790"}],"wp:term":[{"taxonomy":"category","embeddable":true,"href":"https:\/\/www.forbes.be\/fr\/wp-json\/wp\/v2\/categories?post=5790"},{"taxonomy":"post_tag","embeddable":true,"href":"https:\/\/www.forbes.be\/fr\/wp-json\/wp\/v2\/tags?post=5790"}],"curies":[{"name":"wp","href":"https:\/\/api.w.org\/{rel}","templated":true}]}}