{"id":5823,"date":"2024-12-20T07:00:37","date_gmt":"2024-12-20T06:00:37","guid":{"rendered":"https:\/\/www.forbes.be\/fr\/?p=5823"},"modified":"2024-12-17T15:41:04","modified_gmt":"2024-12-17T14:41:04","slug":"entretien-avec-marc-coucke-la-pire-decision-cest-de-ne-pas-decider","status":"publish","type":"post","link":"https:\/\/www.forbes.be\/fr\/entretien-avec-marc-coucke-la-pire-decision-cest-de-ne-pas-decider\/","title":{"rendered":"Entretien avec Marc Coucke : \u00ab\u00a0La pire d\u00e9cision, c&rsquo;est de ne pas d\u00e9cider\u00a0\u00bb"},"content":{"rendered":"<div class=\"page\" title=\"Page 1\">\n<div class=\"layoutArea\">\n<div class=\"column\">\n<p><strong>En a\u0300 peine 30 ans, Marc Coucke a ba\u0302ti un empire qui force le respect. Aujourd\u2019hui, sa holding d\u2019investissement <a href=\"https:\/\/alychlo.com\/\" target=\"_blank\" rel=\"noopener\">Alychlo<\/a> ge\u0300re un portefeuille d\u2019environ 1 milliard d\u2019euros avec des participations dans plus de 40 entreprises. Il est ainsi devenu l\u2019un des entrepreneurs et l\u2019un des investisseurs les plus influents de notre pays. Entretien avec un entrepreneur ne\u0301, qui ne craint pas de s\u2019afficher. \u00ab L\u2019entrepreneuriat joue un ro\u0302le crucial pour faire progresser<\/strong><br \/>\n<strong>a\u0300 la fois la socie\u0301te\u0301 et l\u2019e\u0301conomie. \u00bb<\/strong><\/p>\n<div class=\"page\" title=\"Page 4\">\n<div class=\"layoutArea\">\n<figure id=\"attachment_5838\" aria-describedby=\"caption-attachment-5838\" style=\"width: 2560px\" class=\"wp-caption alignnone\"><img loading=\"lazy\" decoding=\"async\" class=\"wp-image-5838 size-full\" src=\"https:\/\/www.forbes.be\/fr\/wp-content\/uploads\/2024\/10\/Anderlecht.jpg-2-scaled.jpg\" alt=\"\" width=\"2560\" height=\"1709\" srcset=\"https:\/\/www.forbes.be\/fr\/wp-content\/uploads\/2024\/10\/Anderlecht.jpg-2-scaled.jpg 2560w, https:\/\/www.forbes.be\/fr\/wp-content\/uploads\/2024\/10\/Anderlecht.jpg-2-300x200.jpg 300w, https:\/\/www.forbes.be\/fr\/wp-content\/uploads\/2024\/10\/Anderlecht.jpg-2-1024x684.jpg 1024w, https:\/\/www.forbes.be\/fr\/wp-content\/uploads\/2024\/10\/Anderlecht.jpg-2-768x513.jpg 768w, https:\/\/www.forbes.be\/fr\/wp-content\/uploads\/2024\/10\/Anderlecht.jpg-2-1536x1025.jpg 1536w, https:\/\/www.forbes.be\/fr\/wp-content\/uploads\/2024\/10\/Anderlecht.jpg-2-2048x1367.jpg 2048w, https:\/\/www.forbes.be\/fr\/wp-content\/uploads\/2024\/10\/Anderlecht.jpg-2-696x465.jpg 696w, https:\/\/www.forbes.be\/fr\/wp-content\/uploads\/2024\/10\/Anderlecht.jpg-2-1068x713.jpg 1068w, https:\/\/www.forbes.be\/fr\/wp-content\/uploads\/2024\/10\/Anderlecht.jpg-2-1920x1282.jpg 1920w, https:\/\/www.forbes.be\/fr\/wp-content\/uploads\/2024\/10\/Anderlecht.jpg-2-600x401.jpg 600w\" sizes=\"auto, (max-width: 2560px) 100vw, 2560px\" \/><figcaption id=\"caption-attachment-5838\" class=\"wp-caption-text\">Le stade d&rsquo;Anderlecht &#8211; \u00a9Emmanuel Laurent<\/figcaption><\/figure>\n<\/div>\n<\/div>\n<div class=\"page\" title=\"Page 7\">\n<div class=\"layoutArea\">\n<div class=\"column\">\n<p class=\"p1\"><span class=\"s1\">D\u2019un pas rapide, Marc Coucke (59 ans) fait son entr\u00e9e dans l\u2019\u00e9l\u00e9gante orangerie, v\u00eatu d\u2019une veste au motif fleuri, d\u2019une chemise ray\u00e9e aux couleurs vives et de boutons de manchette fantaisistes. Cet homme d\u2019affaires accompli se distingue non seulement par son style vestimentaire, aux antipodes des costumes gris pris\u00e9s par ses coll\u00e8gues entrepreneurs, mais aussi par sa visibilit\u00e9 accrue. Il revient tout juste d\u2019un tournage de dix jours pour une \u00e9mission t\u00e9l\u00e9vis\u00e9e, en compagnie de l\u2019une de ses filles. \u00ab\u202f<i>Je ne peux pas en dire plus pour le moment<\/i>\u202f\u00bb, pr\u00e9cise-t-il en souriant. \u00ab <i>Vous serez fix\u00e9s le 13 novembre. <\/i>\u00bb Cette pr\u00e9sence m\u00e9diatique est un choix assum\u00e9. \u00ab <i>La plupart des entrepreneurs se concentrent exclusivement sur leur entreprise, mais demeurent par ailleurs invisibles. Et je comprends parfaitement. Or, j\u2019ai remarqu\u00e9 que les jeunes qui h\u00e9sitent \u00e0 se lancer dans l\u2019entrepreneuriat ont besoin de mod\u00e8les. D\u00e8s le d\u00e9but, il y a plus de 30 ans maintenant, j\u2019ai d\u00e9cid\u00e9 d\u2019\u00eatre visible. Pour montrer qu\u2019en tant qu\u2019entrepreneur, on peut vivre des moments exceptionnels, et s\u2019amuser aussi en dehors du travail. Ma famille ne comptant aucun entrepreneur, je suis vraiment parti de rien. Ce c\u00f4t\u00e9 self-made man touche les gens. Il y a peu, je suis all\u00e9 \u00e0 Tomorrowland, c\u2019\u00e9tait incroyable. Beaucoup de jeunes, issus d\u2019horizons divers, se sont adress\u00e9s \u00e0 moi pour me dire que j\u2019\u00e9tais un exemple. C\u2019est exactement pour encourager les jeunes \u00e0 entreprendre que j\u2019ai toujours voulu faire ce que je fais. <\/i>\u00bb<span class=\"Apple-converted-space\">\u00a0<\/span><\/span><\/p>\n<h2 class=\"p2\"><span class=\"s2\">\u00ab Prof de maths \u00bb<span class=\"Apple-converted-space\">\u00a0<\/span><\/span><\/h2>\n<p class=\"p1\"><span class=\"s2\">Un entrepreneur qui, en fait, voulait devenir professeur de math\u00e9matiques, avant d\u2019opter finalement pour des \u00e9tudes en pharmacie. L\u2019histoire est bien connue : d\u00e9j\u00e0 durant son service militaire, en 1987, il lance Omega Pharma avec son ami Yvan Vindevogel (par ailleurs fondateur de Damier Group, ndlr). \u00ab <i>\u00c7a ressemblait un peu \u00e0 un pari, mais chaque ann\u00e9e on progressait davantage et, un jour, on s\u2019est dit : Merde, on existe vraiment. \u00c0 un moment, on \u00e9tait pr\u00e9sents dans 35 pays avec des milliers de collaborateurs. Puis, l\u2019id\u00e9e d\u2019\u00e9tendre notre activit\u00e9 \u00e0 d\u2019autres continents s\u2019est impos\u00e9e. J\u2019aime les gens, et c\u2019\u00e9tait formidable de motiver des \u00e9quipes dans des pays comme l\u2019Espagne et la R\u00e9publique tch\u00e8que. Mais lorsque nous avons voulu nous d\u00e9velopper en Am\u00e9rique et en Asie, j\u2019ai senti que j\u2019atteignais mes limites. \u00c7a devenait tr\u00e8s intense, et j\u2019ai eu peur de ne plus pouvoir g\u00e9rer.<\/i> \u00bb Ce moment introspectif a accouch\u00e9 d\u2019une d\u00e9cision radicale, se souvient Marc Coucke. \u00ab <i>Finalement, j\u2019ai d\u00e9cid\u00e9 de vendre quand nous \u00e9tions \u00e0 notre apog\u00e9e. Le \u2018principe de Peter\u2019, selon lequel ta carri\u00e8re s\u2019arr\u00eate quand tu atteins tes limites, me venait r\u00e9guli\u00e8rement \u00e0 l\u2019esprit. J\u2019ai toujours fait en sorte de ne pas tomber dans ce pi\u00e8ge. C\u2019est peut-\u00eatre pour \u00e7a que j\u2019ai quitt\u00e9 Omega Pharma, pour ne pas franchir l\u2019\u00e9tape suivante, que je ne me sentais pas capable de g\u00e9rer.<\/i> \u00bb<span class=\"Apple-converted-space\">\u00a0<\/span><\/span><\/p>\n<blockquote>\n<p class=\"p2\"><span class=\"s2\"><span class=\"Apple-converted-space\">\u00a0<\/span><\/span><span class=\"s3\"><i>\u00ab Tant que mon <\/i><\/span><span class=\"s4\"><i>corps<\/i><\/span><span class=\"s3\"><i> et mon <\/i><\/span><span class=\"s4\"><i>esprit suivent<\/i><\/span><span class=\"s3\"><i>,<span class=\"Apple-converted-space\">\u00a0 <\/span>je continue \u00bb<span class=\"Apple-converted-space\">\u00a0<\/span><\/i><\/span><\/p>\n<\/blockquote>\n<p class=\"p1\"><span class=\"s2\">En 2014, le g\u00e9ant pharmaceutique am\u00e9ricain Perrigo a rachet\u00e9 Omega Pharma pour 3,8 milliards d\u2019euros, dettes comprises. Mais Marc Coucke n\u2019est pas du genre \u00e0 se reposer sur ses lauriers ni \u00e0 passer ses journ\u00e9es sur les terrains de golf. \u00ab <i>Certes, je me suis retrouv\u00e9 avec des moyens cons\u00e9quents. Comme je suis un entrepreneur dans l\u2019\u00e2me, j\u2019ai continu\u00e9 \u00e0 entreprendre. Que faire d\u2019autre ? Tant que mon corps et mon esprit suivent, je continue. Et j\u2019esp\u00e8re pouvoir poursuivre aussi longtemps que possible. Je d\u00e9teste vieillir. Je ne vois aucun avantage l\u00e0-dedans, mais alors vraiment aucun.<\/i> \u00bb<span class=\"Apple-converted-space\">\u00a0<\/span><\/span><\/p>\n<figure id=\"attachment_5839\" aria-describedby=\"caption-attachment-5839\" style=\"width: 2560px\" class=\"wp-caption alignnone\"><img loading=\"lazy\" decoding=\"async\" class=\"wp-image-5839 size-full\" src=\"https:\/\/www.forbes.be\/fr\/wp-content\/uploads\/2024\/10\/Durbuy.jpg-2-scaled.jpg\" alt=\"\" width=\"2560\" height=\"1707\" srcset=\"https:\/\/www.forbes.be\/fr\/wp-content\/uploads\/2024\/10\/Durbuy.jpg-2-scaled.jpg 2560w, https:\/\/www.forbes.be\/fr\/wp-content\/uploads\/2024\/10\/Durbuy.jpg-2-300x200.jpg 300w, https:\/\/www.forbes.be\/fr\/wp-content\/uploads\/2024\/10\/Durbuy.jpg-2-1024x683.jpg 1024w, https:\/\/www.forbes.be\/fr\/wp-content\/uploads\/2024\/10\/Durbuy.jpg-2-768x512.jpg 768w, https:\/\/www.forbes.be\/fr\/wp-content\/uploads\/2024\/10\/Durbuy.jpg-2-1536x1024.jpg 1536w, https:\/\/www.forbes.be\/fr\/wp-content\/uploads\/2024\/10\/Durbuy.jpg-2-2048x1365.jpg 2048w, https:\/\/www.forbes.be\/fr\/wp-content\/uploads\/2024\/10\/Durbuy.jpg-2-696x464.jpg 696w, https:\/\/www.forbes.be\/fr\/wp-content\/uploads\/2024\/10\/Durbuy.jpg-2-1068x712.jpg 1068w, https:\/\/www.forbes.be\/fr\/wp-content\/uploads\/2024\/10\/Durbuy.jpg-2-1920x1280.jpg 1920w, https:\/\/www.forbes.be\/fr\/wp-content\/uploads\/2024\/10\/Durbuy.jpg-2-600x400.jpg 600w\" sizes=\"auto, (max-width: 2560px) 100vw, 2560px\" \/><figcaption id=\"caption-attachment-5839\" class=\"wp-caption-text\">Durbuy &#8211; \u00a9Emmanuel Laurent<\/figcaption><\/figure>\n<h2 class=\"p3\"><span class=\"s2\">\u00ab Actionnaire positif \u00bb<\/span><\/h2>\n<p class=\"p1\"><span class=\"s2\">Un an apr\u00e8s la vente, Marc Coucke fonde la holding d\u2019investissement Alychlo (voir Alychlo en bref, NDLR), en r\u00e9f\u00e9rence \u00e0 ses filles Alys\u00e9e (17 ans) et Chlo\u00eb (20 ans). \u00c0 un rythme effr\u00e9n\u00e9, Marc Coucke investit ainsi dans plus de 40 entreprises et fonds, pour un portefeuille totalisant environ 1 milliard d\u2019euros. \u00ab <i>J\u2019ai une \u00e9quipe formidable de quinze collaborateurs qui suivent les participations, et nous discutons ensemble des grandes lignes. Ils sont l\u00e0 pour examiner mes id\u00e9es de mani\u00e8re critique et ne retenir que les meilleures. \u00c7a fonctionne bien, et c\u2019est un travail qui me passionne. Je m\u2019entoure volontairement de personnes qui me challengent, tant dans mon travail que dans ma vie priv\u00e9e. Pieter Bourgeois (47 ans) assume le r\u00f4le de CEO, et \u00e7a marche tr\u00e8s bien, je le respecte dans son r\u00f4le de capitaine du navire.<\/i> \u00bb <span class=\"Apple-converted-space\">\u00a0<\/span><\/span><span class=\"s2\">Avec Alychlo, Marc Coucke cible un ensemble d\u2019activit\u00e9s assez diversifi\u00e9es, dans des secteurs vari\u00e9s. Pour des raisons historiques, \u00ab la pharma \u00bb en fait partie. La \u00ab durabilit\u00e9 \u00bb constitue un deuxi\u00e8me secteur, avec des entreprises comme Ekopak ou EnergyVision. Une autre division, de plus en plus importante dans le portefeuille, est celle des \u00ab loisirs \u00bb, avec Pairi Daiza comme fer de lance. \u00ab <i>Faites \u00e7a au Japon et des touristes du monde entier prendront l\u2019avion pour s\u2019y rendre.<\/i> \u00bb Des entreprises de diff\u00e9rentes \u00ab industries \u00bb forment une quatri\u00e8me branche, tandis que \u00ab l\u2019immobilier \u00bb traverse toutes les activit\u00e9s. \u00ab <i>H\u00f4tels, restaurants, pistes de ski, entrep\u00f4ts, tout \u00e7a rel\u00e8ve de l\u2019immobilier <\/i>\u00bb, pr\u00e9cise Marc Coucke. \u00ab <i>Tous les dossiers nous sont parvenus spontan\u00e9ment, la plupart via notre adresse e-mail info@alychlo.com. Ce que je pr\u00e9f\u00e8re, c\u2019est investir dans d\u2019autres entreprises et les aider \u00e0 se d\u00e9velopper<\/i> \u00bb, confie l\u2019entrepreneur. Et la croissance est bel et bien au rendez-vous, malgr\u00e9 la conjoncture actuelle, peu favorable. \u00ab <i>Hier, \u00e0 cette table, nous avons tenu notre comit\u00e9 d\u2019investissement, et nous pensons que 41 de nos 43 entreprises pr\u00e9senteront cette ann\u00e9e une croissance appr\u00e9ciable, parfois \u00e0 deux chiffres.<\/i> \u00bb<span class=\"Apple-converted-space\">\u00a0<\/span><\/span><\/p>\n<blockquote><p><span class=\"s3\"><i>\u00ab Chaque semaine, une nouvelle <\/i><\/span><span class=\"s4\"><i>taxe<\/i><\/span><span class=\"s3\"><i> est instaur\u00e9e pour satisfaire l\u2019insatiable <\/i><\/span><span class=\"s4\"><i>soif<\/i><\/span><span class=\"s3\"><i> de <\/i><\/span><span class=\"s4\"><i>fonds<\/i><\/span><span class=\"s3\"><i> de l\u2019<\/i><\/span><span class=\"s4\"><i>\u00c9tat<\/i><\/span><span class=\"s3\"><i> \u00bb <\/i><\/span><\/p><\/blockquote>\n<p class=\"p2\"><span class=\"s2\"><span class=\"Apple-converted-space\">\u00a0<\/span><\/span><span class=\"s2\">Le secret ? \u00ab<i> Nous sommes des actionnaires positifs dans le sens o\u00f9, s\u2019il y a un probl\u00e8me, nous n\u2019en faisons pas un drame. Si tout va bien, parfait, comment peut-on encore s\u2019am\u00e9liorer ? Si \u00e7a ne va pas, on se demande : quel est le probl\u00e8me et comment le r\u00e9soudre ? Nous ne sommes absolument pas des r\u00e2leurs. La pire d\u00e9cision, c\u2019est de ne pas prendre de d\u00e9cision. <\/i>\u00bb<span class=\"Apple-converted-space\">\u00a0<\/span><\/span><span class=\"s2\">Alychlo est un investisseur atypique dans le sens o\u00f9 une strat\u00e9gie de sortie n\u2019est jamais \u00e0 l\u2019ordre du jour. Les investissements sont r\u00e9alis\u00e9s avec une vision \u00e0 long terme. <\/span><\/p>\n<p class=\"p2\"><span class=\"s2\">\u00ab <i>Nous appr\u00e9cions et soutenons les entreprises o\u00f9 nous avons des parts. Entrer dans une bo\u00eete avec un calendrier de sortie dans les cinq ans revient \u00e0 passer tout son temps \u00e0 prendre des d\u00e9cisions \u00e0 court terme. Nous, nous pensons \u00e0 long terme. Pour chacune de nos entreprises, nous sommes \u00e0 la fois le plus grand supporter et le canari dans la mine de charbon. Nous les suivons de pr\u00e8s et, gr\u00e2ce \u00e0 notre exp\u00e9rience, nous parvenons parfois \u00e0 anticiper des probl\u00e8mes futurs. Ils peuvent tous m\u2019appeler \u00e0 tout moment, je connais les chiffres de chacune de ces entreprises. Toute mon \u00e9quipe fonctionne comme \u00e7a, et c\u2019est justement pour \u00e7a que nous sommes de bons actionnaires.<\/i> \u00bb<span class=\"Apple-converted-space\">\u00a0<\/span><\/span><\/p>\n<h2 class=\"p3\"><span class=\"s2\">\u00ab\u202fMissions essentielles\u202f\u00bb<span class=\"Apple-converted-space\">\u00a0<\/span><\/span><\/h2>\n<p class=\"p1\"><span class=\"s1\">Marc Coucke, avec l\u2019enthousiasme qui le caract\u00e9rise, d\u00e9fend avec ardeur l\u2019esprit d\u2019entreprise et les entrepreneurs. Il observe avec une profonde inqui\u00e9tude les n\u00e9gociations gouvernementales actuelles, o\u00f9 les taxes sur la fortune et les extensions des taxes sur les valeurs mobili\u00e8res occupent le devant de la sc\u00e8ne. Il reste sceptique face au slogan \u00ab Tax the Rich \u00bb. \u00ab<i> Je ne comprends pas cette logique : moins de riches signifie plus de pauvres. Peu m\u2019importe qu\u2019on m\u2019aime ou pas. Ce qui compte pour moi, c\u2019est l\u2019avenir de notre pays. Il suffit de r\u00e9fl\u00e9chir cinq minutes : il y a environ 200 familles d\u2019entrepreneurs en Belgique, qui investissent dans diverses soci\u00e9t\u00e9s. Si on les \u00e9vince, la moiti\u00e9 du produit national brut dispara\u00eet. Il y a peu, j\u2019ai lu que les quatre Belges les plus riches r\u00e9sident \u00e0 l\u2019\u00e9tranger. Ce n\u2019est pas une bonne nouvelle, n\u2019est-ce pas ? Rien \u00e0 craindre en ce qui me concerne, je serai le dernier \u00e0 faire mes valises. Mais ce qu\u2019il se passe dans notre pays, c\u2019est injuste. Nous souhaitons tous qu\u2019une \u00e9conomie prosp\u00e8re permette \u00e0 l\u2019\u00c9tat d\u2019accomplir pleinement ses missions essentielles. Mais que voit-on ? Un tel fardeau fiscal commence \u00e0 peser sur l\u2019\u00e9conomie. Et l\u2019\u00c9tat se concentre sur tout sauf sur ses missions essentielles. Nous voulons une \u00e9ducation de qualit\u00e9, une justice et des services de police efficaces, sans liste d\u2019attente dans la prise en charge des personnes handicap\u00e9es. C\u2019est une honte que de telles situations existent, \u00e7a me d\u00e9passe. Je souhaite de tout c\u0153ur que les salaires augmentent, mais ces augmentations doivent r\u00e9ellement profiter aux gens. Or, ce n\u2019est pas le cas. La Gr\u00e8ce n\u2019aurait jamais imagin\u00e9 se retrouver dans la situation d\u00e9sastreuse qu\u2019elle a connue. Et qui en a surtout fait les frais ? Les retrait\u00e9s, qui ont vu leurs pensions diminuer. Les personnes vuln\u00e9rables, les malades. En somme, ceux qui \u00e9taient d\u00e9j\u00e0 les plus fragilis\u00e9s. Si vous vous souciez vraiment des personnes en difficult\u00e9, vous devez soutenir l\u2019entrepreneuriat, car il n\u2019existe pas d\u2019autre solution. Si nous ne prenons pas les mesures ad\u00e9quates maintenant, nous serons \u00e9galement \u00e0 la peine. Et ce serait absurde, car l\u2019esprit d\u2019entreprise a de beaux jours devant lui dans notre pays. Or, chaque semaine, une nouvelle taxe est instaur\u00e9e pour satisfaire l\u2019insatiable soif de fonds de l\u2019\u00c9tat.<\/i> \u00bb<span class=\"Apple-converted-space\">\u00a0<\/span><\/span><\/p>\n<p class=\"p2\"><span class=\"s2\">Marc Coucke ne cache pas son exasp\u00e9ration, et en discutant des salaires \u00e9lev\u00e9s des cadres, nous en venons \u00e0 \u00e9voquer\u2026 Anderlecht, un autre de ses investissements. L\u2019entrepreneur suscite souvent la jalousie pour ses revenus, alors que ceux des footballeurs ne semblent pas poser de probl\u00e8mes. \u00ab <i>Je trouve les salaires des footballeurs normaux. Rien n\u2019a autant d\u2019impact sur la soci\u00e9t\u00e9, rien ne d\u00e9cha\u00eene autant les passions<\/i> \u00bb, affirme Marc Coucke. \u00ab <i>Chaque semaine, des centaines de milliers de personnes sont passionn\u00e9es par ce sport. Les Messi et autres Mbapp\u00e9, qui se d\u00e9marquent par leur talent, valent bien cet argent. Tout est une question d\u2019impact. Quant aux voix qui critiquent les r\u00e9mun\u00e9rations des entrepreneurs, ce sont toujours les m\u00eames. Il y a des gens qui ne savent pas comment fonctionne l\u2019\u00e9conomie. Et puis certains se pavanent \u00e0 la t\u00e9l\u00e9vision en affirmant que tout est de la faute des riches. Alors que la solution est la m\u00eame partout dans le monde. Nous n\u2019avons que faire d\u2019un nivellement par le bas, il nous faut un nivellement par le haut, qui favorise plus d\u2019entrepreneuriat, plus d\u2019investissements et un \u00c9tat efficace qui utilise ad\u00e9quatement les ressources dont il dispose. <\/i>\u00bb<span class=\"Apple-converted-space\">\u00a0<\/span><\/span><\/p>\n<figure id=\"attachment_5833\" aria-describedby=\"caption-attachment-5833\" style=\"width: 2560px\" class=\"wp-caption alignnone\"><img loading=\"lazy\" decoding=\"async\" class=\"wp-image-5833 size-full\" src=\"https:\/\/www.forbes.be\/fr\/wp-content\/uploads\/2024\/10\/tigres-scaled.jpg\" alt=\"\" width=\"2560\" height=\"1707\" srcset=\"https:\/\/www.forbes.be\/fr\/wp-content\/uploads\/2024\/10\/tigres-scaled.jpg 2560w, https:\/\/www.forbes.be\/fr\/wp-content\/uploads\/2024\/10\/tigres-300x200.jpg 300w, https:\/\/www.forbes.be\/fr\/wp-content\/uploads\/2024\/10\/tigres-1024x683.jpg 1024w, https:\/\/www.forbes.be\/fr\/wp-content\/uploads\/2024\/10\/tigres-768x512.jpg 768w, https:\/\/www.forbes.be\/fr\/wp-content\/uploads\/2024\/10\/tigres-1536x1024.jpg 1536w, https:\/\/www.forbes.be\/fr\/wp-content\/uploads\/2024\/10\/tigres-2048x1365.jpg 2048w, https:\/\/www.forbes.be\/fr\/wp-content\/uploads\/2024\/10\/tigres-696x464.jpg 696w, https:\/\/www.forbes.be\/fr\/wp-content\/uploads\/2024\/10\/tigres-1068x712.jpg 1068w, https:\/\/www.forbes.be\/fr\/wp-content\/uploads\/2024\/10\/tigres-1920x1280.jpg 1920w, https:\/\/www.forbes.be\/fr\/wp-content\/uploads\/2024\/10\/tigres-600x400.jpg 600w\" sizes=\"auto, (max-width: 2560px) 100vw, 2560px\" \/><figcaption id=\"caption-attachment-5833\" class=\"wp-caption-text\">Le parc animalier Pairi Daiza &#8211; \u00a9Emmanuel Laurent<\/figcaption><\/figure>\n<h2 class=\"p2\"><span class=\"s2\">\u00ab\u202fSubsides\u202f\u00bb<\/span><\/h2>\n<p class=\"p1\"><span class=\"s2\">Pour Marc Coucke, les entrepreneurs belges ne sont pas suffisamment proph\u00e8tes en leur pays. \u00ab <i>Les entrepreneurs locaux peinent \u00e0 obtenir des permis, tandis que les ministres se pressent pour offrir des subsides aux investisseurs \u00e9trangers. Je l\u2019ai v\u00e9cu personnellement. Souvenez-vous de Lego \u00e0 Gosselies. Ils ont projet\u00e9 de construire un Legoland sur le site de Caterpillar, avec 100 millions d\u2019euros de subventions pour les Danois. Nous avions aussi une id\u00e9e pour ce site : y construire la plus grande piste de ski int\u00e9rieure avec SnowWorld. Ce projet n\u2019a pas \u00e9t\u00e9 retenu. Aucun souci, je trouvais aussi que Legoland \u00e9tait une meilleure id\u00e9e. Mais quelle diff\u00e9rence de traitement ! Les Danois ont \u00e9t\u00e9 applaudis, abreuv\u00e9s de subsides. Mais d\u00e8s qu\u2019ils ont examin\u00e9 les co\u00fbts de main-d\u2019\u0153uvre et \u00e9tabli leur budget, l\u2019ensemble du projet a \u00e9t\u00e9 abandonn\u00e9. Nous, nous n\u2019avons rien eu. Et je ne suis pas en train de plaider en faveur des subsides. Au contraire, il y en a trop. Mais cette disparit\u00e9 de traitement est probl\u00e9matique.<\/i> \u00bb<span class=\"Apple-converted-space\">\u00a0<\/span><\/span><\/p>\n<blockquote>\n<p class=\"p2\"><span class=\"s2\"><span class=\"Apple-converted-space\">\u00a0<\/span><\/span><span class=\"s3\"><i>\u00ab Je crois que chacun a le <\/i><\/span><span class=\"s4\"><i>devoir<\/i><\/span><span class=\"s3\"><i> de tirer le meilleur parti de ses <\/i><\/span><span class=\"s4\"><i>talents<\/i><\/span><span class=\"s3\"><i> \u00bb<span class=\"Apple-converted-space\">\u00a0<\/span><\/i><\/span><\/p>\n<\/blockquote>\n<p class=\"p1\"><span class=\"s2\">Et l\u2019entrepreneur d\u2019ajouter, dans un soupir\u202f: \u00ab <i>Je ne me consid\u00e8re pas sup\u00e9rieur aux autres. Nous naissons tous avec un certain nombre de capacit\u00e9s. J\u2019ai eu la chance de poss\u00e9der des facult\u00e9s qui m\u2019ont permis de gravir les \u00e9chelons sociaux. Je ne m\u2019attribue aucun m\u00e9rite particulier. Mais je pense que chacun a le devoir de tirer le meilleur parti de ses talents. Vous devez produire le meilleur article et le meilleur magazine possible, tout comme un jardinier doit entretenir ses jardins du mieux qu\u2019il peut. Je crois que nous devons fixer les m\u00eames standards \u00e9lev\u00e9s pour tout le monde. Bien s\u00fbr, nous sommes tous \u00e9gaux, et chacun doit faire de son mieux dans son domaine.<\/i> \u00bb<span class=\"Apple-converted-space\">\u00a0<\/span><\/span><\/p>\n<h2 class=\"p2\"><span class=\"s2\">\u00ab Plus est en vous \u00bb <\/span><span class=\"s5\"><span class=\"Apple-converted-space\">\u00a0<\/span><\/span><\/h2>\n<p class=\"p1\"><span class=\"s2\">Il essaie de transmettre \u00e0 ses filles la notion de \u00ab\u202fPlus est en vous\u202f\u00bb, devise d\u2019un seigneur brugeois du 15<sup>e<\/sup> si\u00e8cle.<span class=\"Apple-converted-space\">\u00a0<\/span><\/span><span class=\"s2\">\u00ab<i> Je travaille \u00e9norm\u00e9ment, mais je ne suis pas de ceux qui se plaignent de ne pas avoir vu leurs enfants grandir. Ma femme et moi avons consacr\u00e9 beaucoup de temps \u00e0 l\u2019\u00e9ducation de nos enfants, avec beaucoup de plaisir. Oui, nos filles ont grandi dans un environnement privil\u00e9gi\u00e9. Mais elles en ont pleinement conscience, et elles n\u2019y sont pour rien. C\u2019est pourquoi je trouve remarquable que Chlo\u00e9 ait choisi Madrid pour ses \u00e9tudes, plut\u00f4t que Leuven ou Gand. Elle ne connaissait personne l\u00e0-bas, elle a d\u00fb sortir de sa zone de confort. Elle fait des \u00e9tudes de business, et c\u2019est enti\u00e8rement son choix.<\/i> \u00bb<span class=\"Apple-converted-space\">\u00a0<\/span><\/span><\/p>\n<p class=\"p1\"><span class=\"s2\">La famille Coucke-Baeten est un creuset d\u2019entrepreneurs, puisque <a href=\"https:\/\/www.forbes.be\/fr\/nathalie-baeten-lepouse-de-marc-coucke-en-passe-de-creer-son-propre-empire\/\" target=\"_blank\" rel=\"noopener\">Nathalie Baeten<\/a> (51 ans) a \u00e9galement d\u00e9velopp\u00e9 sa propre entreprise avec Le Parfum de Nathalie. Est-il envisageable que les filles de Marc Coucke lui embo\u00eetent le pas\u202f? \u00ab<i> Je n\u2019en ai aucune id\u00e9e. Alys\u00e9e est encore \u00e0 l\u2019\u00e9cole secondaire, donc nous verrons bien. Peu importe ce qu\u2019elles choisiront, elles doivent surtout le faire avec plaisir. Il y a deux choses qu\u2019elles ne doivent pas faire : premi\u00e8rement, travailler ensemble, car j\u2019ai vu trop de familles o\u00f9 des conflits ont \u00e9clat\u00e9, et je ne le souhaite pas. Deuxi\u00e8mement, penser qu\u2019elles doivent imm\u00e9diatement g\u00e9rer une soci\u00e9t\u00e9 d\u2019investissement comme la mienne. J\u2019ai b\u00e2ti cette soci\u00e9t\u00e9 au fil des ans. Apr\u00e8s 25 ans chez Omega Pharma, j\u2019avais l\u2019exp\u00e9rience n\u00e9cessaire pour y parvenir. Mais je ne leur souhaite vraiment pas d\u2019avoir \u00e0 suivre simultan\u00e9ment 40 entreprises.\u202f<\/i>\u00bb La journ\u00e9e de travail de Marc Coucke se termine souvent aux alentours de 3 heures du matin. Quand le bureau et la maison sont calmes, il passe en revue ses dossiers avec minutie. \u00ab <i>Mes journ\u00e9es commencent g\u00e9n\u00e9ralement vers 9 heures. La matin\u00e9e est r\u00e9serv\u00e9e aux e-mails et \u00e0 l\u2019administratif. L\u2019apr\u00e8s-midi est souvent consacr\u00e9 aux r\u00e9unions, et le soir je passe du temps avec ma famille. Apr\u00e8s minuit, je travaille souvent encore un peu. Ces heures nocturnes tranquilles sont mes moments les plus productifs. C\u2019est l\u00e0 que je fais vraiment avancer les choses sans \u00eatre interrompu.<\/i> \u00bb Marc Coucke ne puise pas son inspiration dans les livres de management, et il n\u2019en fait pas myst\u00e8re. \u00ab <i>Je ne lis jamais ce genre d\u2019ouvrages. Une fois, j\u2019ai commenc\u00e9 \u00e0 lire une biographie de Jack Welch (ancien CEO de General Electric). Apr\u00e8s 50 pages, j\u2019ai arr\u00eat\u00e9, car le type de management qu\u2019il d\u00e9fend me semble trop dur, je ne veux pas devenir comme \u00e7a. Non, je pr\u00e9f\u00e8re la fiction, j\u2019aime les thrillers, comme ceux de Pieter Aspe. Je lis d\u00e9j\u00e0 assez de non-fiction dans mes dossiers. <\/i>\u00bb Marc Coucke n\u2019aspire pas particuli\u00e8rement \u00e0 se d\u00e9tendre. \u00ab <i>D\u2019une certaine mani\u00e8re, mon travail et ma vie se confondent, et \u00e7a ne me d\u00e9range pas. Une promenade avec le chien ou un repas en famille me plaisent. Mais je suis toujours celui qui pose des questions au patron du restaurant sur son fonctionnement. C\u2019est pareil lorsque je prends un taxi ; \u00e0 la fin du trajet, je sais tout sur le chauffeur et l\u2019\u00e9conomie de la ville.<\/i> \u00bb<span class=\"Apple-converted-space\">\u00a0<\/span><\/span><\/p>\n<h2 class=\"p2\"><span class=\"s2\">\u00ab\u202fSur le ring de boxe\u202f\u00bb<span class=\"Apple-converted-space\">\u00a0<\/span><\/span><\/h2>\n<p class=\"p1\"><span class=\"s2\">La seule v\u00e9ritable extravagance que Marc Coucke s\u2019accorde, c\u2019est\u2026 la boxe. \u00ab <i>C\u2019est la faute d\u2019Eric Goens, l\u2019animateur de l\u2019\u00e9mission Het Huis <\/i>\u00bb, plaisante-t-il. \u00ab <i>J\u2019avais quelque peu n\u00e9glig\u00e9 mon corps, je ne faisais jamais de sport, sauf si on consid\u00e8re les \u00e9checs et Puissance 4 comme des sports. J\u2019ai particip\u00e9 \u00e0 l\u2019\u00e9mission Het Huis, o\u00f9 il faut passer une s\u00e9rie de tests physiques. J\u2019avais alors 55 ans, mais les tests ont r\u00e9v\u00e9l\u00e9 que j\u2019avais 72 ans. \u00c7a ne m\u2019a pas vraiment surpris, mais j\u2019ai choisi de prendre les choses en main.<\/i> \u00bb Depuis lors, l\u2019homme d\u2019affaires se rend presque quotidiennement \u00e0 la salle de sport et pratique la boxe environ quatre fois par semaine. Tr\u00e8s souvent pendant sa pause d\u00e9jeuner, en lieu et place de son lunch. \u00ab <i>J\u2019adore \u00e7a, et je publie des vid\u00e9os \u00e0 ce sujet sur Instagram. Vous ne pouvez pas imaginer le nombre de r\u00e9actions que je re\u00e7ois. Y compris d\u2019hommes que leurs \u00e9pouses encouragent \u00e0 faire un peu plus de sport : si Coucke peut le faire, pourquoi pas toi\u202f ?<\/i> <span class=\"Apple-converted-space\">\u00a0 <\/span>\u00bb (Rires)<\/span><\/p>\n<p class=\"p1\"><span class=\"s2\">Et \u00e0 quoi r\u00eave aujourd\u2019hui Marc Coucke\u202f? \u00ab <i>\u00c0 rien de particulier. Ce que je souhaite avant tout, c\u2019est de rester ici le plus longtemps possible. Et surtout que ma famille et mes amis demeurent en bonne sant\u00e9. C\u2019est tr\u00e8s simple, mais tellement important. <\/i>\u00bb <span class=\"Apple-converted-space\">\u00a0 <\/span><\/span><\/p>\n<h2 class=\"p1\"><span class=\"s1\">Bio de Marc Coucke<span class=\"Apple-converted-space\">\u00a0 \u00a0<\/span><\/span><\/h2>\n<p class=\"p2\"><span class=\"s2\"><strong>1965:<\/strong> Licence en Pharmacie (UGent) <span class=\"Apple-converted-space\">\u00a0 <\/span><br \/>\nTroisi\u00e8me cycle en Gestion des Entreprises (Vlerick)<span class=\"Apple-converted-space\">\u00a0 \u00a0<\/span><\/span><\/p>\n<p class=\"p2\"><span class=\"s2\"><strong>1987: <\/strong>Cr\u00e9ation d\u2019Omega Pharma avec Yvan Vindevogel<span class=\"Apple-converted-space\">\u00a0 \u00a0<\/span><\/span><\/p>\n<p class=\"p2\"><span class=\"s2\"><strong>1998:<\/strong> Introduction en bourse d\u2019Omega Pharma<span class=\"Apple-converted-space\">\u00a0 \u00a0<\/span><\/span><\/p>\n<p class=\"p2\"><span class=\"s2\"><strong>2012:<\/strong> Sortie de bourse d\u2019Omega avec Waterland<span class=\"Apple-converted-space\">\u00a0 \u00a0<\/span><\/span><\/p>\n<p class=\"p2\"><span class=\"s2\"><strong>2014:<\/strong> Vente d\u2019Omega Pharma \u00e0 Perrigo (\u00c9tats-Unis)<span class=\"Apple-converted-space\">\u00a0 \u00a0<\/span><\/span><\/p>\n<p class=\"p2\"><span class=\"s2\"><strong>2015:<\/strong> Cr\u00e9ation de la holding d\u2019investissement Alychlo<span class=\"Apple-converted-space\">\u00a0<\/span><\/span><\/p>\n<h2 class=\"p3\"><span class=\"s1\">Alychlo en bref<span class=\"Apple-converted-space\">\u00a0 \u00a0<\/span><\/span><\/h2>\n<h3 class=\"p2\"><span class=\"s2\">Non cot\u00e9es en bourse<span class=\"Apple-converted-space\">\u00a0 \u00a0<\/span><\/span><\/h3>\n<p class=\"p2\"><span class=\"s2\">Versluys Bouwgroep, SnowWorld, miDiagnostics, Pairi Daiza, RSC Anderlecht, OKU Hotels, EnergyVision, MaisonRouge, Het Witte Paard, diverses entreprises \u00e0 Durbuy et aux alentours, La R\u00e9serve, Comate, Lizy, Itineris&#8230;<span class=\"Apple-converted-space\">\u00a0<\/span><\/span><\/p>\n<h3 class=\"p2\"><span class=\"s2\">Cot\u00e9es en Bourse<span class=\"Apple-converted-space\">\u00a0<\/span><\/span><\/h3>\n<p class=\"p2\"><span class=\"s2\">Perrigo, AnimalCare, Fagron, Sophia Genetics, Unifiedpost, Ekopak, Greenyard, Smartphoto, The Italian Sea Group, Crescent, Fountain, Compagnie des Alpes, Lotus Bakeries, VGP, Xior\u2026<span class=\"Apple-converted-space\">\u00a0<\/span><\/span><\/p>\n<h3 class=\"p2\"><span class=\"s2\">Fonds<\/span><\/h3>\n<p class=\"p2\"><span class=\"s2\">Triginta, Mitiska Reim, Waterland, Volta Ventures, CIM Capital, Immobel Belux Development, Smartfin, Comate Ventures, Balderton Capital\u2026<span class=\"Apple-converted-space\">\u00a0<\/span><\/span><\/p>\n<\/div>\n<\/div>\n<\/div>\n<\/div>\n<\/div>\n<\/div>\n","protected":false},"excerpt":{"rendered":"<p>En a\u0300 peine 30 ans, Marc Coucke a ba\u0302ti un empire qui force le respect. Aujourd\u2019hui, sa holding d\u2019investissement Alychlo ge\u0300re un portefeuille d\u2019environ 1 milliard d\u2019euros avec des participations dans plus de 40 entreprises. Il est ainsi devenu l\u2019un des entrepreneurs et l\u2019un des investisseurs les plus influents de notre pays. Entretien avec un [&hellip;]<\/p>\n","protected":false},"author":8,"featured_media":5830,"comment_status":"closed","ping_status":"closed","sticky":false,"template":"","format":"standard","meta":{"_acf_changed":false,"inline_featured_image":false,"footnotes":""},"categories":[19],"tags":[],"class_list":{"0":"post-5823","1":"post","2":"type-post","3":"status-publish","4":"format-standard","5":"has-post-thumbnail","7":"category-entrepreneurs"},"acf":[],"_yoast_wpseo_title":null,"_yoast_wpseo_metadesc":"Marc Coucke, entrepreneur et investisseur, g\u00e8re un portefeuille d\u20191 milliard d\u2019euros avec Alychlo. D\u00e9couvrez son parcours inspirant.","auteur_traducteur":"Lieven Desmet ","yoast_head":"<!-- This site is optimized with the Yoast SEO plugin v27.4 - https:\/\/yoast.com\/product\/yoast-seo-wordpress\/ -->\n<title>Entretien avec Marc Coucke : &quot;La pire d\u00e9cision, c&#039;est de ne pas d\u00e9cider&quot; | Forbes Belgique<\/title>\n<meta name=\"description\" content=\"Marc Coucke, entrepreneur et investisseur, g\u00e8re un portefeuille d\u20191 milliard d\u2019euros avec Alychlo. D\u00e9couvrez son parcours inspirant.\" \/>\n<meta name=\"robots\" content=\"index, follow, max-snippet:-1, max-image-preview:large, max-video-preview:-1\" \/>\n<link rel=\"canonical\" href=\"https:\/\/www.forbes.be\/fr\/entretien-avec-marc-coucke-la-pire-decision-cest-de-ne-pas-decider\/\" \/>\n<meta property=\"og:locale\" content=\"fr_FR\" \/>\n<meta property=\"og:type\" content=\"article\" \/>\n<meta property=\"og:title\" content=\"Entretien avec Marc Coucke : &quot;La pire d\u00e9cision, c&#039;est de ne pas d\u00e9cider&quot; | Forbes Belgique\" \/>\n<meta property=\"og:description\" content=\"Marc Coucke, entrepreneur et investisseur, g\u00e8re un portefeuille d\u20191 milliard d\u2019euros avec Alychlo. D\u00e9couvrez son parcours inspirant.\" \/>\n<meta property=\"og:url\" content=\"https:\/\/www.forbes.be\/fr\/entretien-avec-marc-coucke-la-pire-decision-cest-de-ne-pas-decider\/\" \/>\n<meta property=\"og:site_name\" content=\"Forbes Belgique\" \/>\n<meta property=\"article:publisher\" content=\"https:\/\/www.facebook.com\/forbesbelgique\/\" \/>\n<meta property=\"article:published_time\" content=\"2024-12-20T06:00:37+00:00\" \/>\n<meta property=\"og:image\" content=\"https:\/\/www.forbes.be\/fr\/wp-content\/uploads\/2024\/10\/SOMMAIREMarc-Coucke-Forbs045-copie.jpg\" \/>\n\t<meta property=\"og:image:width\" content=\"1200\" \/>\n\t<meta property=\"og:image:height\" content=\"628\" \/>\n\t<meta property=\"og:image:type\" content=\"image\/jpeg\" \/>\n<meta name=\"author\" content=\"Joan Condijts\" \/>\n<meta name=\"twitter:card\" content=\"summary_large_image\" \/>\n<meta name=\"twitter:label1\" content=\"\u00c9crit par\" \/>\n\t<meta name=\"twitter:data1\" content=\"Joan Condijts\" \/>\n\t<meta name=\"twitter:label2\" content=\"Dur\u00e9e de lecture estim\u00e9e\" \/>\n\t<meta name=\"twitter:data2\" content=\"16 minutes\" \/>\n<script type=\"application\/ld+json\" class=\"yoast-schema-graph\">{\"@context\":\"https:\\\/\\\/schema.org\",\"@graph\":[{\"@type\":\"NewsArticle\",\"@id\":\"https:\\\/\\\/www.forbes.be\\\/fr\\\/entretien-avec-marc-coucke-la-pire-decision-cest-de-ne-pas-decider\\\/#article\",\"isPartOf\":{\"@id\":\"https:\\\/\\\/www.forbes.be\\\/fr\\\/entretien-avec-marc-coucke-la-pire-decision-cest-de-ne-pas-decider\\\/\"},\"author\":{\"name\":\"Joan Condijts\",\"@id\":\"https:\\\/\\\/www.forbes.be\\\/fr\\\/#\\\/schema\\\/person\\\/73fa8afe077711284de86b2efb2a12d8\"},\"headline\":\"Entretien avec Marc Coucke : \u00ab\u00a0La pire d\u00e9cision, c&rsquo;est de ne pas d\u00e9cider\u00a0\u00bb\",\"datePublished\":\"2024-12-20T06:00:37+00:00\",\"mainEntityOfPage\":{\"@id\":\"https:\\\/\\\/www.forbes.be\\\/fr\\\/entretien-avec-marc-coucke-la-pire-decision-cest-de-ne-pas-decider\\\/\"},\"wordCount\":3287,\"publisher\":{\"@id\":\"https:\\\/\\\/www.forbes.be\\\/fr\\\/#organization\"},\"image\":{\"@id\":\"https:\\\/\\\/www.forbes.be\\\/fr\\\/entretien-avec-marc-coucke-la-pire-decision-cest-de-ne-pas-decider\\\/#primaryimage\"},\"thumbnailUrl\":\"https:\\\/\\\/www.forbes.be\\\/fr\\\/wp-content\\\/uploads\\\/2024\\\/10\\\/SOMMAIREMarc-Coucke-Forbs045-copie.jpg\",\"articleSection\":[\"Entrepreneurs\"],\"inLanguage\":\"fr-FR\"},{\"@type\":\"WebPage\",\"@id\":\"https:\\\/\\\/www.forbes.be\\\/fr\\\/entretien-avec-marc-coucke-la-pire-decision-cest-de-ne-pas-decider\\\/\",\"url\":\"https:\\\/\\\/www.forbes.be\\\/fr\\\/entretien-avec-marc-coucke-la-pire-decision-cest-de-ne-pas-decider\\\/\",\"name\":\"Entretien avec Marc Coucke : \\\"La pire d\u00e9cision, c'est de ne pas d\u00e9cider\\\" | Forbes Belgique\",\"isPartOf\":{\"@id\":\"https:\\\/\\\/www.forbes.be\\\/fr\\\/#website\"},\"primaryImageOfPage\":{\"@id\":\"https:\\\/\\\/www.forbes.be\\\/fr\\\/entretien-avec-marc-coucke-la-pire-decision-cest-de-ne-pas-decider\\\/#primaryimage\"},\"image\":{\"@id\":\"https:\\\/\\\/www.forbes.be\\\/fr\\\/entretien-avec-marc-coucke-la-pire-decision-cest-de-ne-pas-decider\\\/#primaryimage\"},\"thumbnailUrl\":\"https:\\\/\\\/www.forbes.be\\\/fr\\\/wp-content\\\/uploads\\\/2024\\\/10\\\/SOMMAIREMarc-Coucke-Forbs045-copie.jpg\",\"datePublished\":\"2024-12-20T06:00:37+00:00\",\"description\":\"Marc Coucke, entrepreneur et investisseur, g\u00e8re un portefeuille d\u20191 milliard d\u2019euros avec Alychlo. D\u00e9couvrez son parcours inspirant.\",\"breadcrumb\":{\"@id\":\"https:\\\/\\\/www.forbes.be\\\/fr\\\/entretien-avec-marc-coucke-la-pire-decision-cest-de-ne-pas-decider\\\/#breadcrumb\"},\"inLanguage\":\"fr-FR\",\"potentialAction\":[{\"@type\":\"ReadAction\",\"target\":[\"https:\\\/\\\/www.forbes.be\\\/fr\\\/entretien-avec-marc-coucke-la-pire-decision-cest-de-ne-pas-decider\\\/\"]}]},{\"@type\":\"ImageObject\",\"inLanguage\":\"fr-FR\",\"@id\":\"https:\\\/\\\/www.forbes.be\\\/fr\\\/entretien-avec-marc-coucke-la-pire-decision-cest-de-ne-pas-decider\\\/#primaryimage\",\"url\":\"https:\\\/\\\/www.forbes.be\\\/fr\\\/wp-content\\\/uploads\\\/2024\\\/10\\\/SOMMAIREMarc-Coucke-Forbs045-copie.jpg\",\"contentUrl\":\"https:\\\/\\\/www.forbes.be\\\/fr\\\/wp-content\\\/uploads\\\/2024\\\/10\\\/SOMMAIREMarc-Coucke-Forbs045-copie.jpg\",\"width\":1200,\"height\":628,\"caption\":\"Marc Coucke, propri\u00e9taire de la holding d'investissement Alychlo - \u00a9Emmanuel Laurent\"},{\"@type\":\"BreadcrumbList\",\"@id\":\"https:\\\/\\\/www.forbes.be\\\/fr\\\/entretien-avec-marc-coucke-la-pire-decision-cest-de-ne-pas-decider\\\/#breadcrumb\",\"itemListElement\":[{\"@type\":\"ListItem\",\"position\":1,\"name\":\"Accueil\",\"item\":\"https:\\\/\\\/www.forbes.be\\\/fr\\\/\"},{\"@type\":\"ListItem\",\"position\":2,\"name\":\"Entretien avec Marc Coucke : \u00ab\u00a0La pire d\u00e9cision, c&rsquo;est de ne pas d\u00e9cider\u00a0\u00bb\"}]},{\"@type\":\"WebSite\",\"@id\":\"https:\\\/\\\/www.forbes.be\\\/fr\\\/#website\",\"url\":\"https:\\\/\\\/www.forbes.be\\\/fr\\\/\",\"name\":\"Forbes Belgique\",\"description\":\"\",\"publisher\":{\"@id\":\"https:\\\/\\\/www.forbes.be\\\/fr\\\/#organization\"},\"potentialAction\":[{\"@type\":\"SearchAction\",\"target\":{\"@type\":\"EntryPoint\",\"urlTemplate\":\"https:\\\/\\\/www.forbes.be\\\/fr\\\/?s={search_term_string}\"},\"query-input\":{\"@type\":\"PropertyValueSpecification\",\"valueRequired\":true,\"valueName\":\"search_term_string\"}}],\"inLanguage\":\"fr-FR\"},{\"@type\":\"Organization\",\"@id\":\"https:\\\/\\\/www.forbes.be\\\/fr\\\/#organization\",\"name\":\"Forbes Belgique\",\"url\":\"https:\\\/\\\/www.forbes.be\\\/fr\\\/\",\"logo\":{\"@type\":\"ImageObject\",\"inLanguage\":\"fr-FR\",\"@id\":\"https:\\\/\\\/www.forbes.be\\\/fr\\\/#\\\/schema\\\/logo\\\/image\\\/\",\"url\":\"https:\\\/\\\/www.forbes.be\\\/fr\\\/wp-content\\\/uploads\\\/2024\\\/02\\\/forbes.be_.png\",\"contentUrl\":\"https:\\\/\\\/www.forbes.be\\\/fr\\\/wp-content\\\/uploads\\\/2024\\\/02\\\/forbes.be_.png\",\"width\":1200,\"height\":675,\"caption\":\"Forbes Belgique\"},\"image\":{\"@id\":\"https:\\\/\\\/www.forbes.be\\\/fr\\\/#\\\/schema\\\/logo\\\/image\\\/\"},\"sameAs\":[\"https:\\\/\\\/www.facebook.com\\\/forbesbelgique\\\/\",\"https:\\\/\\\/www.instagram.com\\\/Forbes_Belgium\",\"https:\\\/\\\/www.linkedin.com\\\/company\\\/forbes-belgium\\\/\"]},{\"@type\":\"Person\",\"@id\":\"https:\\\/\\\/www.forbes.be\\\/fr\\\/#\\\/schema\\\/person\\\/73fa8afe077711284de86b2efb2a12d8\",\"name\":\"Joan Condijts\",\"image\":{\"@type\":\"ImageObject\",\"inLanguage\":\"fr-FR\",\"@id\":\"https:\\\/\\\/www.forbes.be\\\/fr\\\/wp-content\\\/uploads\\\/2024\\\/01\\\/50-150x150.jpg\",\"url\":\"https:\\\/\\\/www.forbes.be\\\/fr\\\/wp-content\\\/uploads\\\/2024\\\/01\\\/50-150x150.jpg\",\"contentUrl\":\"https:\\\/\\\/www.forbes.be\\\/fr\\\/wp-content\\\/uploads\\\/2024\\\/01\\\/50-150x150.jpg\",\"caption\":\"Joan Condijts\"},\"url\":\"https:\\\/\\\/www.forbes.be\\\/fr\\\/author\\\/jcoforbes-be\\\/\"}]}<\/script>\n<!-- \/ Yoast SEO plugin. -->","yoast_head_json":{"title":"Entretien avec Marc Coucke : \"La pire d\u00e9cision, c'est de ne pas d\u00e9cider\" | Forbes Belgique","description":"Marc Coucke, entrepreneur et investisseur, g\u00e8re un portefeuille d\u20191 milliard d\u2019euros avec Alychlo. D\u00e9couvrez son parcours inspirant.","robots":{"index":"index","follow":"follow","max-snippet":"max-snippet:-1","max-image-preview":"max-image-preview:large","max-video-preview":"max-video-preview:-1"},"canonical":"https:\/\/www.forbes.be\/fr\/entretien-avec-marc-coucke-la-pire-decision-cest-de-ne-pas-decider\/","og_locale":"fr_FR","og_type":"article","og_title":"Entretien avec Marc Coucke : \"La pire d\u00e9cision, c'est de ne pas d\u00e9cider\" | Forbes Belgique","og_description":"Marc Coucke, entrepreneur et investisseur, g\u00e8re un portefeuille d\u20191 milliard d\u2019euros avec Alychlo. D\u00e9couvrez son parcours inspirant.","og_url":"https:\/\/www.forbes.be\/fr\/entretien-avec-marc-coucke-la-pire-decision-cest-de-ne-pas-decider\/","og_site_name":"Forbes Belgique","article_publisher":"https:\/\/www.facebook.com\/forbesbelgique\/","article_published_time":"2024-12-20T06:00:37+00:00","og_image":[{"width":1200,"height":628,"url":"https:\/\/www.forbes.be\/fr\/wp-content\/uploads\/2024\/10\/SOMMAIREMarc-Coucke-Forbs045-copie.jpg","type":"image\/jpeg"}],"author":"Joan Condijts","twitter_card":"summary_large_image","twitter_misc":{"\u00c9crit par":"Joan Condijts","Dur\u00e9e de lecture estim\u00e9e":"16 minutes"},"schema":{"@context":"https:\/\/schema.org","@graph":[{"@type":"NewsArticle","@id":"https:\/\/www.forbes.be\/fr\/entretien-avec-marc-coucke-la-pire-decision-cest-de-ne-pas-decider\/#article","isPartOf":{"@id":"https:\/\/www.forbes.be\/fr\/entretien-avec-marc-coucke-la-pire-decision-cest-de-ne-pas-decider\/"},"author":{"name":"Joan Condijts","@id":"https:\/\/www.forbes.be\/fr\/#\/schema\/person\/73fa8afe077711284de86b2efb2a12d8"},"headline":"Entretien avec Marc Coucke : \u00ab\u00a0La pire d\u00e9cision, c&rsquo;est de ne pas d\u00e9cider\u00a0\u00bb","datePublished":"2024-12-20T06:00:37+00:00","mainEntityOfPage":{"@id":"https:\/\/www.forbes.be\/fr\/entretien-avec-marc-coucke-la-pire-decision-cest-de-ne-pas-decider\/"},"wordCount":3287,"publisher":{"@id":"https:\/\/www.forbes.be\/fr\/#organization"},"image":{"@id":"https:\/\/www.forbes.be\/fr\/entretien-avec-marc-coucke-la-pire-decision-cest-de-ne-pas-decider\/#primaryimage"},"thumbnailUrl":"https:\/\/www.forbes.be\/fr\/wp-content\/uploads\/2024\/10\/SOMMAIREMarc-Coucke-Forbs045-copie.jpg","articleSection":["Entrepreneurs"],"inLanguage":"fr-FR"},{"@type":"WebPage","@id":"https:\/\/www.forbes.be\/fr\/entretien-avec-marc-coucke-la-pire-decision-cest-de-ne-pas-decider\/","url":"https:\/\/www.forbes.be\/fr\/entretien-avec-marc-coucke-la-pire-decision-cest-de-ne-pas-decider\/","name":"Entretien avec Marc Coucke : \"La pire d\u00e9cision, c'est de ne pas d\u00e9cider\" | Forbes Belgique","isPartOf":{"@id":"https:\/\/www.forbes.be\/fr\/#website"},"primaryImageOfPage":{"@id":"https:\/\/www.forbes.be\/fr\/entretien-avec-marc-coucke-la-pire-decision-cest-de-ne-pas-decider\/#primaryimage"},"image":{"@id":"https:\/\/www.forbes.be\/fr\/entretien-avec-marc-coucke-la-pire-decision-cest-de-ne-pas-decider\/#primaryimage"},"thumbnailUrl":"https:\/\/www.forbes.be\/fr\/wp-content\/uploads\/2024\/10\/SOMMAIREMarc-Coucke-Forbs045-copie.jpg","datePublished":"2024-12-20T06:00:37+00:00","description":"Marc Coucke, entrepreneur et investisseur, g\u00e8re un portefeuille d\u20191 milliard d\u2019euros avec Alychlo. D\u00e9couvrez son parcours inspirant.","breadcrumb":{"@id":"https:\/\/www.forbes.be\/fr\/entretien-avec-marc-coucke-la-pire-decision-cest-de-ne-pas-decider\/#breadcrumb"},"inLanguage":"fr-FR","potentialAction":[{"@type":"ReadAction","target":["https:\/\/www.forbes.be\/fr\/entretien-avec-marc-coucke-la-pire-decision-cest-de-ne-pas-decider\/"]}]},{"@type":"ImageObject","inLanguage":"fr-FR","@id":"https:\/\/www.forbes.be\/fr\/entretien-avec-marc-coucke-la-pire-decision-cest-de-ne-pas-decider\/#primaryimage","url":"https:\/\/www.forbes.be\/fr\/wp-content\/uploads\/2024\/10\/SOMMAIREMarc-Coucke-Forbs045-copie.jpg","contentUrl":"https:\/\/www.forbes.be\/fr\/wp-content\/uploads\/2024\/10\/SOMMAIREMarc-Coucke-Forbs045-copie.jpg","width":1200,"height":628,"caption":"Marc Coucke, propri\u00e9taire de la holding d'investissement Alychlo - \u00a9Emmanuel Laurent"},{"@type":"BreadcrumbList","@id":"https:\/\/www.forbes.be\/fr\/entretien-avec-marc-coucke-la-pire-decision-cest-de-ne-pas-decider\/#breadcrumb","itemListElement":[{"@type":"ListItem","position":1,"name":"Accueil","item":"https:\/\/www.forbes.be\/fr\/"},{"@type":"ListItem","position":2,"name":"Entretien avec Marc Coucke : \u00ab\u00a0La pire d\u00e9cision, c&rsquo;est de ne pas d\u00e9cider\u00a0\u00bb"}]},{"@type":"WebSite","@id":"https:\/\/www.forbes.be\/fr\/#website","url":"https:\/\/www.forbes.be\/fr\/","name":"Forbes Belgique","description":"","publisher":{"@id":"https:\/\/www.forbes.be\/fr\/#organization"},"potentialAction":[{"@type":"SearchAction","target":{"@type":"EntryPoint","urlTemplate":"https:\/\/www.forbes.be\/fr\/?s={search_term_string}"},"query-input":{"@type":"PropertyValueSpecification","valueRequired":true,"valueName":"search_term_string"}}],"inLanguage":"fr-FR"},{"@type":"Organization","@id":"https:\/\/www.forbes.be\/fr\/#organization","name":"Forbes Belgique","url":"https:\/\/www.forbes.be\/fr\/","logo":{"@type":"ImageObject","inLanguage":"fr-FR","@id":"https:\/\/www.forbes.be\/fr\/#\/schema\/logo\/image\/","url":"https:\/\/www.forbes.be\/fr\/wp-content\/uploads\/2024\/02\/forbes.be_.png","contentUrl":"https:\/\/www.forbes.be\/fr\/wp-content\/uploads\/2024\/02\/forbes.be_.png","width":1200,"height":675,"caption":"Forbes Belgique"},"image":{"@id":"https:\/\/www.forbes.be\/fr\/#\/schema\/logo\/image\/"},"sameAs":["https:\/\/www.facebook.com\/forbesbelgique\/","https:\/\/www.instagram.com\/Forbes_Belgium","https:\/\/www.linkedin.com\/company\/forbes-belgium\/"]},{"@type":"Person","@id":"https:\/\/www.forbes.be\/fr\/#\/schema\/person\/73fa8afe077711284de86b2efb2a12d8","name":"Joan Condijts","image":{"@type":"ImageObject","inLanguage":"fr-FR","@id":"https:\/\/www.forbes.be\/fr\/wp-content\/uploads\/2024\/01\/50-150x150.jpg","url":"https:\/\/www.forbes.be\/fr\/wp-content\/uploads\/2024\/01\/50-150x150.jpg","contentUrl":"https:\/\/www.forbes.be\/fr\/wp-content\/uploads\/2024\/01\/50-150x150.jpg","caption":"Joan Condijts"},"url":"https:\/\/www.forbes.be\/fr\/author\/jcoforbes-be\/"}]}},"_links":{"self":[{"href":"https:\/\/www.forbes.be\/fr\/wp-json\/wp\/v2\/posts\/5823","targetHints":{"allow":["GET"]}}],"collection":[{"href":"https:\/\/www.forbes.be\/fr\/wp-json\/wp\/v2\/posts"}],"about":[{"href":"https:\/\/www.forbes.be\/fr\/wp-json\/wp\/v2\/types\/post"}],"author":[{"embeddable":true,"href":"https:\/\/www.forbes.be\/fr\/wp-json\/wp\/v2\/users\/8"}],"replies":[{"embeddable":true,"href":"https:\/\/www.forbes.be\/fr\/wp-json\/wp\/v2\/comments?post=5823"}],"version-history":[{"count":12,"href":"https:\/\/www.forbes.be\/fr\/wp-json\/wp\/v2\/posts\/5823\/revisions"}],"predecessor-version":[{"id":7811,"href":"https:\/\/www.forbes.be\/fr\/wp-json\/wp\/v2\/posts\/5823\/revisions\/7811"}],"wp:featuredmedia":[{"embeddable":true,"href":"https:\/\/www.forbes.be\/fr\/wp-json\/wp\/v2\/media\/5830"}],"wp:attachment":[{"href":"https:\/\/www.forbes.be\/fr\/wp-json\/wp\/v2\/media?parent=5823"}],"wp:term":[{"taxonomy":"category","embeddable":true,"href":"https:\/\/www.forbes.be\/fr\/wp-json\/wp\/v2\/categories?post=5823"},{"taxonomy":"post_tag","embeddable":true,"href":"https:\/\/www.forbes.be\/fr\/wp-json\/wp\/v2\/tags?post=5823"}],"curies":[{"name":"wp","href":"https:\/\/api.w.org\/{rel}","templated":true}]}}