{"id":6040,"date":"2024-11-01T13:42:49","date_gmt":"2024-11-01T12:42:49","guid":{"rendered":"https:\/\/www.forbes.be\/fr\/?p=6040"},"modified":"2024-11-06T13:26:00","modified_gmt":"2024-11-06T12:26:00","slug":"carine-doutrelepont-avocate-de-la-photographie","status":"publish","type":"post","link":"https:\/\/www.forbes.be\/fr\/carine-doutrelepont-avocate-de-la-photographie\/","title":{"rendered":"Carine Doutrelepont, avocate de la photographie"},"content":{"rendered":"<p><strong>Avocate engag\u00e9e, Carine Doutrelepont est aussi photographe. Elle expose \u00ab Br\u00fblures \u00bb \u00e0 <a href=\"https:\/\/www.laboverie.com\/expos-evenements\/Actuellement\/brulures-carine-doutrelepont\">La Boverie<\/a> et publie un livre : \u00c9ph\u00e9m\u00e8re.<\/strong><\/p>\n<p>Avocate et professeure de droit, Carine Doutrelepont est aussi devenue photographe en une dizaine d&rsquo;ann\u00e9es. \u00ab J\u2019y suis venue par go\u00fbt du bonheur, en cherchant ce qui me rendrait heureuse. Dans mon m\u00e9tier d&rsquo;avocate ou de professeure, je d\u00e9fends des valeurs, libert\u00e9 d&rsquo;expression, non-discrimination, etc. Cela me passionne, mais le partage des \u00e9motions me manquait. La photo prolonge cet engagement : \u00e0 travers ces rencontres et ces captations d&rsquo;images, je montre la diversit\u00e9, la pluralit\u00e9, l&rsquo;\u00e9quit\u00e9. \u00bb Sa photo est devenue une mani\u00e8re de vivre l&rsquo;instant et de le transmettre.<\/p>\n<figure id=\"attachment_6060\" aria-describedby=\"caption-attachment-6060\" style=\"width: 696px\" class=\"wp-caption aligncenter\"><img loading=\"lazy\" decoding=\"async\" class=\"size-large wp-image-6060\" src=\"https:\/\/www.forbes.be\/fr\/wp-content\/uploads\/2024\/10\/CD52503-1024x1024.jpeg\" alt=\"\u00a9 Carine Doutrelepont \" width=\"696\" height=\"696\" srcset=\"https:\/\/www.forbes.be\/fr\/wp-content\/uploads\/2024\/10\/CD52503-1024x1024.jpeg 1024w, https:\/\/www.forbes.be\/fr\/wp-content\/uploads\/2024\/10\/CD52503-300x300.jpeg 300w, https:\/\/www.forbes.be\/fr\/wp-content\/uploads\/2024\/10\/CD52503-150x150.jpeg 150w, https:\/\/www.forbes.be\/fr\/wp-content\/uploads\/2024\/10\/CD52503-768x768.jpeg 768w, https:\/\/www.forbes.be\/fr\/wp-content\/uploads\/2024\/10\/CD52503-1536x1536.jpeg 1536w, https:\/\/www.forbes.be\/fr\/wp-content\/uploads\/2024\/10\/CD52503-2048x2048.jpeg 2048w, https:\/\/www.forbes.be\/fr\/wp-content\/uploads\/2024\/10\/CD52503-696x696.jpeg 696w, https:\/\/www.forbes.be\/fr\/wp-content\/uploads\/2024\/10\/CD52503-1068x1068.jpeg 1068w, https:\/\/www.forbes.be\/fr\/wp-content\/uploads\/2024\/10\/CD52503-1920x1920.jpeg 1920w, https:\/\/www.forbes.be\/fr\/wp-content\/uploads\/2024\/10\/CD52503-600x600.jpeg 600w, https:\/\/www.forbes.be\/fr\/wp-content\/uploads\/2024\/10\/CD52503-100x100.jpeg 100w\" sizes=\"auto, (max-width: 696px) 100vw, 696px\" \/><figcaption id=\"caption-attachment-6060\" class=\"wp-caption-text\">\u00a9 Carine Doutrelepont<\/figcaption><\/figure>\n<p><a href=\"https:\/\/www.forbes.be\/fr\/wp-content\/uploads\/2024\/10\/CD52503.tif\"><img decoding=\"async\" class=\"aligncenter size-full wp-image-6059\" src=\"https:\/\/www.forbes.be\/fr\/wp-content\/uploads\/2024\/10\/CD52503.tif\" alt=\"\" \/><\/a><\/p>\n<p>Cette d\u00e9marche est d\u2019abord n\u00e9e d\u2019une impr\u00e9gnation paternelle. \u00ab Mon p\u00e8re, passionn\u00e9 de pierre et de g\u00e9ologie, est devenu arch\u00e9ologue \u00e0 un \u00e2ge o\u00f9 d&rsquo;autres songent \u00e0 la retraite. Son amour de l&rsquo;histoire, de la terre m\u2019a impr\u00e9gn\u00e9e d\u2019un sentiment d\u2019appartenance \u00e0 la nature. \u00bb La po\u00e9sie a \u00e9t\u00e9 son autre source propre : \u00ab ayant publi\u00e9 dans des revues de po\u00e9sie, je suis venue \u00e0 la photographie par l&rsquo;\u00e9criture, pour traduire \u00e9motions et sensations de la couleur qui \u00e9chappent aux mots \u00bb.<\/p>\n<p>Elle s\u2019est initi\u00e9e au contact de photographes d&rsquo;exception, \u00ab notamment Tom Kualii \u00e0 Hawa\u00ef, Christophe Courteau ou de grands photographes indiens, ma\u00eetres de la photo de rue. Je tiens \u00e0 capter l&rsquo;instant tr\u00e8s rapidement et ils ont cette rapidit\u00e9 \u00bb. Autodidacte, elle s\u2019est form\u00e9e pour d\u2019obtenir la carte professionnelle lui donnant acc\u00e8s \u00e0 des moments r\u00e9serv\u00e9s, par exemple le survol d\u2019\u00e9ruptions volcaniques. Elle travaille au Leica (tr\u00e8s utilis\u00e9 dans la section Eclipse), la transition des lumi\u00e8res tr\u00e8s douce se pr\u00eatant bien aux photos prises en fin de journ\u00e9e, autour des cycles de vie et de mort. Ses photos de foule sont souvent prises au Fuji : \u00ab le capteur puissant, le grand nombre de pixels permettent de tr\u00e8s grands formats \u00e0 la belle densit\u00e9 de mati\u00e8re, y compris en basse lumi\u00e8re, ou en photo a\u00e9rienne \u00bb.<\/p>\n<h2>Spiritualit\u00e9<\/h2>\n<p>\u00ab Je recherche la spiritualit\u00e9 des traditions anciennes et des sites naturels, \u00e0 travers des \u00e9v\u00e9nements qui les relient, comme en Inde polyth\u00e9iste les f\u00eates de Diwali ou \u00e0 Goma, lors d\u2019une \u00e9ruption, je relie les humains et la nature. L\u2019image est un voyage int\u00e9rieur o\u00f9 l\u2019on ne fait qu&rsquo;un avec cette nature, vers laquelle tout retourne. \u00bb Ainsi, dans l\u2019exposition, en Inde, les sc\u00e8nes fun\u00e9raires montrent des morts entour\u00e9s par cette nature, une communion des signes de renouveau et de renaissance propres aux cycles de vie et mort. Cette fusion des images de volcans et de f\u00eates offre une mise en r\u00e9sonance des faits de nature et des \u00e9v\u00e9nements humains, de l&rsquo;inanim\u00e9 et de l&rsquo;anim\u00e9. \u00ab Les terres volcaniques sont tr\u00e8s mouvantes, comme les communaut\u00e9s humaines, et j\u2019y ai cherch\u00e9 la fusion et l\u2019effusion \u00bb, qui sont autant de br\u00fblures.<\/p>\n<p>Elle entre parfois au contact de groupes humains paradoxaux : ainsi, des villages presque abandonn\u00e9s au Ladakh, ou \u00ab en Inde, les hijras, ces hommes-femmes marginalis\u00e9s \u00bb : lors d\u2019une f\u00eate qui les r\u00e9unit chaque ann\u00e9e \u00e0 la pleine lune, fin avril, dans le village de Koovagam, au sud de Madras, il revivent un \u00e9pisode du Mah\u00e2bh\u00e2rata, \u00ab et attirent les foules \u00bb. Elle retourne \u00e0 plusieurs reprises au m\u00eame endroit, vit parfois sur place : \u00ab j&rsquo;ai souvent un guide, mais au Pendjab j\u2019\u00e9tais seule. J\u2019entre discr\u00e8tement dans les habitudes, les r\u00eaves, les envies \u00bb.<\/p>\n<figure id=\"attachment_6061\" aria-describedby=\"caption-attachment-6061\" style=\"width: 696px\" class=\"wp-caption aligncenter\"><img loading=\"lazy\" decoding=\"async\" class=\"size-large wp-image-6061\" src=\"https:\/\/www.forbes.be\/fr\/wp-content\/uploads\/2024\/10\/DSC_1773-1024x683.jpeg\" alt=\"\u00a9 Carine Doutrelepont \" width=\"696\" height=\"464\" srcset=\"https:\/\/www.forbes.be\/fr\/wp-content\/uploads\/2024\/10\/DSC_1773-1024x683.jpeg 1024w, https:\/\/www.forbes.be\/fr\/wp-content\/uploads\/2024\/10\/DSC_1773-300x200.jpeg 300w, https:\/\/www.forbes.be\/fr\/wp-content\/uploads\/2024\/10\/DSC_1773-768x512.jpeg 768w, https:\/\/www.forbes.be\/fr\/wp-content\/uploads\/2024\/10\/DSC_1773-1536x1024.jpeg 1536w, https:\/\/www.forbes.be\/fr\/wp-content\/uploads\/2024\/10\/DSC_1773-2048x1365.jpeg 2048w, https:\/\/www.forbes.be\/fr\/wp-content\/uploads\/2024\/10\/DSC_1773-696x464.jpeg 696w, https:\/\/www.forbes.be\/fr\/wp-content\/uploads\/2024\/10\/DSC_1773-1068x712.jpeg 1068w, https:\/\/www.forbes.be\/fr\/wp-content\/uploads\/2024\/10\/DSC_1773-1920x1280.jpeg 1920w, https:\/\/www.forbes.be\/fr\/wp-content\/uploads\/2024\/10\/DSC_1773-600x400.jpeg 600w\" sizes=\"auto, (max-width: 696px) 100vw, 696px\" \/><figcaption id=\"caption-attachment-6061\" class=\"wp-caption-text\">\u00a9 Carine Doutrelepont<\/figcaption><\/figure>\n<p><em>Br\u00fblures<\/em><br \/>\n<i><a href=\"https:\/\/www.laboverie.com\/expos-evenements\/Actuellement\/brulures-carine-doutrelepont\">La Boverie<\/a>\u00a0<\/i><br \/>\n<em>Jusqu&rsquo;au 11 novembre <\/em><\/p>\n","protected":false},"excerpt":{"rendered":"<p>Avocate engag\u00e9e, Carine Doutrelepont est aussi photographe. Elle expose \u00ab Br\u00fblures \u00bb \u00e0 La Boverie et publie un livre : \u00c9ph\u00e9m\u00e8re. Avocate et professeure de droit, Carine Doutrelepont est aussi devenue photographe en une dizaine d&rsquo;ann\u00e9es. \u00ab J\u2019y suis venue par go\u00fbt du bonheur, en cherchant ce qui me rendrait heureuse. Dans mon m\u00e9tier d&rsquo;avocate [&hellip;]<\/p>\n","protected":false},"author":27,"featured_media":6058,"comment_status":"closed","ping_status":"closed","sticky":false,"template":"","format":"standard","meta":{"_acf_changed":false,"inline_featured_image":false,"footnotes":""},"categories":[1],"tags":[],"class_list":{"0":"post-6040","1":"post","2":"type-post","3":"status-publish","4":"format-standard","5":"has-post-thumbnail","7":"category-actualite"},"acf":[],"_yoast_wpseo_title":null,"_yoast_wpseo_metadesc":"Avocate engag\u00e9e, Carine Doutrelepont est aussi photographe. Elle expose \u00ab Br\u00fblures \u00bb \u00e0 La Boverie et publie un livre : \u00c9ph\u00e9m\u00e8re.","auteur_traducteur":"","yoast_head":"<!-- This site is optimized with the Yoast SEO plugin v27.4 - https:\/\/yoast.com\/product\/yoast-seo-wordpress\/ -->\n<title>Carine Doutrelepont, avocate de la photographie | Forbes Belgique<\/title>\n<meta name=\"description\" content=\"Avocate engag\u00e9e, Carine Doutrelepont est aussi photographe. Elle expose \u00ab Br\u00fblures \u00bb \u00e0 La Boverie et publie un livre : \u00c9ph\u00e9m\u00e8re.\" \/>\n<meta name=\"robots\" content=\"index, follow, max-snippet:-1, max-image-preview:large, max-video-preview:-1\" \/>\n<link rel=\"canonical\" href=\"https:\/\/www.forbes.be\/fr\/carine-doutrelepont-avocate-de-la-photographie\/\" \/>\n<meta property=\"og:locale\" content=\"fr_FR\" \/>\n<meta property=\"og:type\" content=\"article\" \/>\n<meta property=\"og:title\" content=\"Carine Doutrelepont, avocate de la photographie | Forbes Belgique\" \/>\n<meta property=\"og:description\" content=\"Avocate engag\u00e9e, Carine Doutrelepont est aussi photographe. Elle expose \u00ab Br\u00fblures \u00bb \u00e0 La Boverie et publie un livre : \u00c9ph\u00e9m\u00e8re.\" \/>\n<meta property=\"og:url\" content=\"https:\/\/www.forbes.be\/fr\/carine-doutrelepont-avocate-de-la-photographie\/\" \/>\n<meta property=\"og:site_name\" content=\"Forbes Belgique\" \/>\n<meta property=\"article:publisher\" content=\"https:\/\/www.facebook.com\/forbesbelgique\/\" \/>\n<meta property=\"article:published_time\" content=\"2024-11-01T12:42:49+00:00\" \/>\n<meta property=\"article:modified_time\" content=\"2024-11-06T12:26:00+00:00\" \/>\n<meta property=\"og:image\" content=\"https:\/\/www.forbes.be\/fr\/wp-content\/uploads\/2024\/10\/DSCF3606-scaled-e1730895945273.jpg\" \/>\n\t<meta property=\"og:image:width\" content=\"2560\" \/>\n\t<meta property=\"og:image:height\" content=\"1339\" \/>\n\t<meta property=\"og:image:type\" content=\"image\/jpeg\" \/>\n<meta name=\"author\" content=\"Johan-Fr\u00e9d\u00e9rik Hel Guedj\" \/>\n<meta name=\"twitter:card\" content=\"summary_large_image\" \/>\n<meta name=\"twitter:label1\" content=\"\u00c9crit par\" \/>\n\t<meta name=\"twitter:data1\" content=\"Johan-Fr\u00e9d\u00e9rik Hel Guedj\" \/>\n\t<meta name=\"twitter:label2\" content=\"Dur\u00e9e de lecture estim\u00e9e\" \/>\n\t<meta name=\"twitter:data2\" content=\"4 minutes\" \/>\n<script type=\"application\/ld+json\" class=\"yoast-schema-graph\">{\"@context\":\"https:\\\/\\\/schema.org\",\"@graph\":[{\"@type\":\"NewsArticle\",\"@id\":\"https:\\\/\\\/www.forbes.be\\\/fr\\\/carine-doutrelepont-avocate-de-la-photographie\\\/#article\",\"isPartOf\":{\"@id\":\"https:\\\/\\\/www.forbes.be\\\/fr\\\/carine-doutrelepont-avocate-de-la-photographie\\\/\"},\"author\":{\"name\":\"Johan-Fr\u00e9d\u00e9rik Hel Guedj\",\"@id\":\"https:\\\/\\\/www.forbes.be\\\/fr\\\/#\\\/schema\\\/person\\\/ad1bb0e83419af89356b7b11a6622c80\"},\"headline\":\"Carine Doutrelepont, avocate de la photographie\",\"datePublished\":\"2024-11-01T12:42:49+00:00\",\"dateModified\":\"2024-11-06T12:26:00+00:00\",\"mainEntityOfPage\":{\"@id\":\"https:\\\/\\\/www.forbes.be\\\/fr\\\/carine-doutrelepont-avocate-de-la-photographie\\\/\"},\"wordCount\":634,\"publisher\":{\"@id\":\"https:\\\/\\\/www.forbes.be\\\/fr\\\/#organization\"},\"image\":{\"@id\":\"https:\\\/\\\/www.forbes.be\\\/fr\\\/carine-doutrelepont-avocate-de-la-photographie\\\/#primaryimage\"},\"thumbnailUrl\":\"https:\\\/\\\/www.forbes.be\\\/fr\\\/wp-content\\\/uploads\\\/2024\\\/10\\\/DSCF3606-scaled-e1730895945273.jpg\",\"articleSection\":[\"Actualit\u00e9s\"],\"inLanguage\":\"fr-FR\"},{\"@type\":\"WebPage\",\"@id\":\"https:\\\/\\\/www.forbes.be\\\/fr\\\/carine-doutrelepont-avocate-de-la-photographie\\\/\",\"url\":\"https:\\\/\\\/www.forbes.be\\\/fr\\\/carine-doutrelepont-avocate-de-la-photographie\\\/\",\"name\":\"Carine Doutrelepont, avocate de la photographie | Forbes Belgique\",\"isPartOf\":{\"@id\":\"https:\\\/\\\/www.forbes.be\\\/fr\\\/#website\"},\"primaryImageOfPage\":{\"@id\":\"https:\\\/\\\/www.forbes.be\\\/fr\\\/carine-doutrelepont-avocate-de-la-photographie\\\/#primaryimage\"},\"image\":{\"@id\":\"https:\\\/\\\/www.forbes.be\\\/fr\\\/carine-doutrelepont-avocate-de-la-photographie\\\/#primaryimage\"},\"thumbnailUrl\":\"https:\\\/\\\/www.forbes.be\\\/fr\\\/wp-content\\\/uploads\\\/2024\\\/10\\\/DSCF3606-scaled-e1730895945273.jpg\",\"datePublished\":\"2024-11-01T12:42:49+00:00\",\"dateModified\":\"2024-11-06T12:26:00+00:00\",\"description\":\"Avocate engag\u00e9e, Carine Doutrelepont est aussi photographe. Elle expose \u00ab Br\u00fblures \u00bb \u00e0 La Boverie et publie un livre : \u00c9ph\u00e9m\u00e8re.\",\"breadcrumb\":{\"@id\":\"https:\\\/\\\/www.forbes.be\\\/fr\\\/carine-doutrelepont-avocate-de-la-photographie\\\/#breadcrumb\"},\"inLanguage\":\"fr-FR\",\"potentialAction\":[{\"@type\":\"ReadAction\",\"target\":[\"https:\\\/\\\/www.forbes.be\\\/fr\\\/carine-doutrelepont-avocate-de-la-photographie\\\/\"]}]},{\"@type\":\"ImageObject\",\"inLanguage\":\"fr-FR\",\"@id\":\"https:\\\/\\\/www.forbes.be\\\/fr\\\/carine-doutrelepont-avocate-de-la-photographie\\\/#primaryimage\",\"url\":\"https:\\\/\\\/www.forbes.be\\\/fr\\\/wp-content\\\/uploads\\\/2024\\\/10\\\/DSCF3606-scaled-e1730895945273.jpg\",\"contentUrl\":\"https:\\\/\\\/www.forbes.be\\\/fr\\\/wp-content\\\/uploads\\\/2024\\\/10\\\/DSCF3606-scaled-e1730895945273.jpg\",\"width\":2560,\"height\":1339,\"caption\":\"\u00a9 La Boverie\"},{\"@type\":\"BreadcrumbList\",\"@id\":\"https:\\\/\\\/www.forbes.be\\\/fr\\\/carine-doutrelepont-avocate-de-la-photographie\\\/#breadcrumb\",\"itemListElement\":[{\"@type\":\"ListItem\",\"position\":1,\"name\":\"Accueil\",\"item\":\"https:\\\/\\\/www.forbes.be\\\/fr\\\/\"},{\"@type\":\"ListItem\",\"position\":2,\"name\":\"Carine Doutrelepont, avocate de la photographie\"}]},{\"@type\":\"WebSite\",\"@id\":\"https:\\\/\\\/www.forbes.be\\\/fr\\\/#website\",\"url\":\"https:\\\/\\\/www.forbes.be\\\/fr\\\/\",\"name\":\"Forbes Belgique\",\"description\":\"\",\"publisher\":{\"@id\":\"https:\\\/\\\/www.forbes.be\\\/fr\\\/#organization\"},\"potentialAction\":[{\"@type\":\"SearchAction\",\"target\":{\"@type\":\"EntryPoint\",\"urlTemplate\":\"https:\\\/\\\/www.forbes.be\\\/fr\\\/?s={search_term_string}\"},\"query-input\":{\"@type\":\"PropertyValueSpecification\",\"valueRequired\":true,\"valueName\":\"search_term_string\"}}],\"inLanguage\":\"fr-FR\"},{\"@type\":\"Organization\",\"@id\":\"https:\\\/\\\/www.forbes.be\\\/fr\\\/#organization\",\"name\":\"Forbes Belgique\",\"url\":\"https:\\\/\\\/www.forbes.be\\\/fr\\\/\",\"logo\":{\"@type\":\"ImageObject\",\"inLanguage\":\"fr-FR\",\"@id\":\"https:\\\/\\\/www.forbes.be\\\/fr\\\/#\\\/schema\\\/logo\\\/image\\\/\",\"url\":\"https:\\\/\\\/www.forbes.be\\\/fr\\\/wp-content\\\/uploads\\\/2024\\\/02\\\/forbes.be_.png\",\"contentUrl\":\"https:\\\/\\\/www.forbes.be\\\/fr\\\/wp-content\\\/uploads\\\/2024\\\/02\\\/forbes.be_.png\",\"width\":1200,\"height\":675,\"caption\":\"Forbes Belgique\"},\"image\":{\"@id\":\"https:\\\/\\\/www.forbes.be\\\/fr\\\/#\\\/schema\\\/logo\\\/image\\\/\"},\"sameAs\":[\"https:\\\/\\\/www.facebook.com\\\/forbesbelgique\\\/\",\"https:\\\/\\\/www.instagram.com\\\/Forbes_Belgium\",\"https:\\\/\\\/www.linkedin.com\\\/company\\\/forbes-belgium\\\/\"]},{\"@type\":\"Person\",\"@id\":\"https:\\\/\\\/www.forbes.be\\\/fr\\\/#\\\/schema\\\/person\\\/ad1bb0e83419af89356b7b11a6622c80\",\"name\":\"Johan-Fr\u00e9d\u00e9rik Hel Guedj\",\"image\":{\"@type\":\"ImageObject\",\"inLanguage\":\"fr-FR\",\"@id\":\"https:\\\/\\\/secure.gravatar.com\\\/avatar\\\/65333543693434f2cc9fdefb3173b162df98712d00606b00b3d43914f79a1598?s=96&d=mm&r=g\",\"url\":\"https:\\\/\\\/secure.gravatar.com\\\/avatar\\\/65333543693434f2cc9fdefb3173b162df98712d00606b00b3d43914f79a1598?s=96&d=mm&r=g\",\"contentUrl\":\"https:\\\/\\\/secure.gravatar.com\\\/avatar\\\/65333543693434f2cc9fdefb3173b162df98712d00606b00b3d43914f79a1598?s=96&d=mm&r=g\",\"caption\":\"Johan-Fr\u00e9d\u00e9rik Hel Guedj\"},\"description\":\"Johan-Frederik Hel Guedj est journaliste et auteur fran\u00e7ais. R\u00e9dacteur en chef pendant 7 ans de la revue Pouvoirs Locaux, consacr\u00e9e aux politiques culturelles, il a publi\u00e9 huit ouvrages chez des \u00e9diteurs fran\u00e7ais et belges, dont deux romans, un essai consacr\u00e9 \u00e0 Orson Welles, et quatre livres d\u2019art. En plus de Forbes, il collabore \u00e0 L\u2019Echo et au Quotidien de l\u2019Art (Paris).\",\"url\":\"https:\\\/\\\/www.forbes.be\\\/fr\\\/author\\\/johan-frederik-hel-guedj\\\/\"}]}<\/script>\n<!-- \/ Yoast SEO plugin. -->","yoast_head_json":{"title":"Carine Doutrelepont, avocate de la photographie | Forbes Belgique","description":"Avocate engag\u00e9e, Carine Doutrelepont est aussi photographe. Elle expose \u00ab Br\u00fblures \u00bb \u00e0 La Boverie et publie un livre : \u00c9ph\u00e9m\u00e8re.","robots":{"index":"index","follow":"follow","max-snippet":"max-snippet:-1","max-image-preview":"max-image-preview:large","max-video-preview":"max-video-preview:-1"},"canonical":"https:\/\/www.forbes.be\/fr\/carine-doutrelepont-avocate-de-la-photographie\/","og_locale":"fr_FR","og_type":"article","og_title":"Carine Doutrelepont, avocate de la photographie | Forbes Belgique","og_description":"Avocate engag\u00e9e, Carine Doutrelepont est aussi photographe. Elle expose \u00ab Br\u00fblures \u00bb \u00e0 La Boverie et publie un livre : \u00c9ph\u00e9m\u00e8re.","og_url":"https:\/\/www.forbes.be\/fr\/carine-doutrelepont-avocate-de-la-photographie\/","og_site_name":"Forbes Belgique","article_publisher":"https:\/\/www.facebook.com\/forbesbelgique\/","article_published_time":"2024-11-01T12:42:49+00:00","article_modified_time":"2024-11-06T12:26:00+00:00","og_image":[{"width":2560,"height":1339,"url":"https:\/\/www.forbes.be\/fr\/wp-content\/uploads\/2024\/10\/DSCF3606-scaled-e1730895945273.jpg","type":"image\/jpeg"}],"author":"Johan-Fr\u00e9d\u00e9rik Hel Guedj","twitter_card":"summary_large_image","twitter_misc":{"\u00c9crit par":"Johan-Fr\u00e9d\u00e9rik Hel Guedj","Dur\u00e9e de lecture estim\u00e9e":"4 minutes"},"schema":{"@context":"https:\/\/schema.org","@graph":[{"@type":"NewsArticle","@id":"https:\/\/www.forbes.be\/fr\/carine-doutrelepont-avocate-de-la-photographie\/#article","isPartOf":{"@id":"https:\/\/www.forbes.be\/fr\/carine-doutrelepont-avocate-de-la-photographie\/"},"author":{"name":"Johan-Fr\u00e9d\u00e9rik Hel Guedj","@id":"https:\/\/www.forbes.be\/fr\/#\/schema\/person\/ad1bb0e83419af89356b7b11a6622c80"},"headline":"Carine Doutrelepont, avocate de la photographie","datePublished":"2024-11-01T12:42:49+00:00","dateModified":"2024-11-06T12:26:00+00:00","mainEntityOfPage":{"@id":"https:\/\/www.forbes.be\/fr\/carine-doutrelepont-avocate-de-la-photographie\/"},"wordCount":634,"publisher":{"@id":"https:\/\/www.forbes.be\/fr\/#organization"},"image":{"@id":"https:\/\/www.forbes.be\/fr\/carine-doutrelepont-avocate-de-la-photographie\/#primaryimage"},"thumbnailUrl":"https:\/\/www.forbes.be\/fr\/wp-content\/uploads\/2024\/10\/DSCF3606-scaled-e1730895945273.jpg","articleSection":["Actualit\u00e9s"],"inLanguage":"fr-FR"},{"@type":"WebPage","@id":"https:\/\/www.forbes.be\/fr\/carine-doutrelepont-avocate-de-la-photographie\/","url":"https:\/\/www.forbes.be\/fr\/carine-doutrelepont-avocate-de-la-photographie\/","name":"Carine Doutrelepont, avocate de la photographie | Forbes Belgique","isPartOf":{"@id":"https:\/\/www.forbes.be\/fr\/#website"},"primaryImageOfPage":{"@id":"https:\/\/www.forbes.be\/fr\/carine-doutrelepont-avocate-de-la-photographie\/#primaryimage"},"image":{"@id":"https:\/\/www.forbes.be\/fr\/carine-doutrelepont-avocate-de-la-photographie\/#primaryimage"},"thumbnailUrl":"https:\/\/www.forbes.be\/fr\/wp-content\/uploads\/2024\/10\/DSCF3606-scaled-e1730895945273.jpg","datePublished":"2024-11-01T12:42:49+00:00","dateModified":"2024-11-06T12:26:00+00:00","description":"Avocate engag\u00e9e, Carine Doutrelepont est aussi photographe. Elle expose \u00ab Br\u00fblures \u00bb \u00e0 La Boverie et publie un livre : \u00c9ph\u00e9m\u00e8re.","breadcrumb":{"@id":"https:\/\/www.forbes.be\/fr\/carine-doutrelepont-avocate-de-la-photographie\/#breadcrumb"},"inLanguage":"fr-FR","potentialAction":[{"@type":"ReadAction","target":["https:\/\/www.forbes.be\/fr\/carine-doutrelepont-avocate-de-la-photographie\/"]}]},{"@type":"ImageObject","inLanguage":"fr-FR","@id":"https:\/\/www.forbes.be\/fr\/carine-doutrelepont-avocate-de-la-photographie\/#primaryimage","url":"https:\/\/www.forbes.be\/fr\/wp-content\/uploads\/2024\/10\/DSCF3606-scaled-e1730895945273.jpg","contentUrl":"https:\/\/www.forbes.be\/fr\/wp-content\/uploads\/2024\/10\/DSCF3606-scaled-e1730895945273.jpg","width":2560,"height":1339,"caption":"\u00a9 La Boverie"},{"@type":"BreadcrumbList","@id":"https:\/\/www.forbes.be\/fr\/carine-doutrelepont-avocate-de-la-photographie\/#breadcrumb","itemListElement":[{"@type":"ListItem","position":1,"name":"Accueil","item":"https:\/\/www.forbes.be\/fr\/"},{"@type":"ListItem","position":2,"name":"Carine Doutrelepont, avocate de la photographie"}]},{"@type":"WebSite","@id":"https:\/\/www.forbes.be\/fr\/#website","url":"https:\/\/www.forbes.be\/fr\/","name":"Forbes Belgique","description":"","publisher":{"@id":"https:\/\/www.forbes.be\/fr\/#organization"},"potentialAction":[{"@type":"SearchAction","target":{"@type":"EntryPoint","urlTemplate":"https:\/\/www.forbes.be\/fr\/?s={search_term_string}"},"query-input":{"@type":"PropertyValueSpecification","valueRequired":true,"valueName":"search_term_string"}}],"inLanguage":"fr-FR"},{"@type":"Organization","@id":"https:\/\/www.forbes.be\/fr\/#organization","name":"Forbes Belgique","url":"https:\/\/www.forbes.be\/fr\/","logo":{"@type":"ImageObject","inLanguage":"fr-FR","@id":"https:\/\/www.forbes.be\/fr\/#\/schema\/logo\/image\/","url":"https:\/\/www.forbes.be\/fr\/wp-content\/uploads\/2024\/02\/forbes.be_.png","contentUrl":"https:\/\/www.forbes.be\/fr\/wp-content\/uploads\/2024\/02\/forbes.be_.png","width":1200,"height":675,"caption":"Forbes Belgique"},"image":{"@id":"https:\/\/www.forbes.be\/fr\/#\/schema\/logo\/image\/"},"sameAs":["https:\/\/www.facebook.com\/forbesbelgique\/","https:\/\/www.instagram.com\/Forbes_Belgium","https:\/\/www.linkedin.com\/company\/forbes-belgium\/"]},{"@type":"Person","@id":"https:\/\/www.forbes.be\/fr\/#\/schema\/person\/ad1bb0e83419af89356b7b11a6622c80","name":"Johan-Fr\u00e9d\u00e9rik Hel Guedj","image":{"@type":"ImageObject","inLanguage":"fr-FR","@id":"https:\/\/secure.gravatar.com\/avatar\/65333543693434f2cc9fdefb3173b162df98712d00606b00b3d43914f79a1598?s=96&d=mm&r=g","url":"https:\/\/secure.gravatar.com\/avatar\/65333543693434f2cc9fdefb3173b162df98712d00606b00b3d43914f79a1598?s=96&d=mm&r=g","contentUrl":"https:\/\/secure.gravatar.com\/avatar\/65333543693434f2cc9fdefb3173b162df98712d00606b00b3d43914f79a1598?s=96&d=mm&r=g","caption":"Johan-Fr\u00e9d\u00e9rik Hel Guedj"},"description":"Johan-Frederik Hel Guedj est journaliste et auteur fran\u00e7ais. R\u00e9dacteur en chef pendant 7 ans de la revue Pouvoirs Locaux, consacr\u00e9e aux politiques culturelles, il a publi\u00e9 huit ouvrages chez des \u00e9diteurs fran\u00e7ais et belges, dont deux romans, un essai consacr\u00e9 \u00e0 Orson Welles, et quatre livres d\u2019art. En plus de Forbes, il collabore \u00e0 L\u2019Echo et au Quotidien de l\u2019Art (Paris).","url":"https:\/\/www.forbes.be\/fr\/author\/johan-frederik-hel-guedj\/"}]}},"_links":{"self":[{"href":"https:\/\/www.forbes.be\/fr\/wp-json\/wp\/v2\/posts\/6040","targetHints":{"allow":["GET"]}}],"collection":[{"href":"https:\/\/www.forbes.be\/fr\/wp-json\/wp\/v2\/posts"}],"about":[{"href":"https:\/\/www.forbes.be\/fr\/wp-json\/wp\/v2\/types\/post"}],"author":[{"embeddable":true,"href":"https:\/\/www.forbes.be\/fr\/wp-json\/wp\/v2\/users\/27"}],"replies":[{"embeddable":true,"href":"https:\/\/www.forbes.be\/fr\/wp-json\/wp\/v2\/comments?post=6040"}],"version-history":[{"count":3,"href":"https:\/\/www.forbes.be\/fr\/wp-json\/wp\/v2\/posts\/6040\/revisions"}],"predecessor-version":[{"id":8355,"href":"https:\/\/www.forbes.be\/fr\/wp-json\/wp\/v2\/posts\/6040\/revisions\/8355"}],"wp:featuredmedia":[{"embeddable":true,"href":"https:\/\/www.forbes.be\/fr\/wp-json\/wp\/v2\/media\/6058"}],"wp:attachment":[{"href":"https:\/\/www.forbes.be\/fr\/wp-json\/wp\/v2\/media?parent=6040"}],"wp:term":[{"taxonomy":"category","embeddable":true,"href":"https:\/\/www.forbes.be\/fr\/wp-json\/wp\/v2\/categories?post=6040"},{"taxonomy":"post_tag","embeddable":true,"href":"https:\/\/www.forbes.be\/fr\/wp-json\/wp\/v2\/tags?post=6040"}],"curies":[{"name":"wp","href":"https:\/\/api.w.org\/{rel}","templated":true}]}}