{"id":6167,"date":"2025-01-02T07:00:01","date_gmt":"2025-01-02T06:00:01","guid":{"rendered":"https:\/\/www.forbes.be\/fr\/?p=6167"},"modified":"2024-12-31T11:58:22","modified_gmt":"2024-12-31T10:58:22","slug":"le-groupe-du-vendredi-un-think-tank-belge-pour-stimuler-le-debat-public-et-linnovation","status":"publish","type":"post","link":"https:\/\/www.forbes.be\/fr\/le-groupe-du-vendredi-un-think-tank-belge-pour-stimuler-le-debat-public-et-linnovation\/","title":{"rendered":"Le Groupe du Vendredi : un think tank belge pour stimuler le d\u00e9bat public et l&rsquo;innovation"},"content":{"rendered":"<p class=\"p1\"><strong><span class=\"s1\"><a href=\"https:\/\/www.v-g-v.be\/fr\" target=\"_blank\" rel=\"noopener\">Le Groupe du Vendredi<\/a> est un think tank dynamique compos\u00e9 de jeunes Belges <\/span><span class=\"s2\">engag\u00e9s<\/span><span class=\"s1\">, issus de divers horizons, qui souhaitent am\u00e9liorer notre <\/span><span class=\"s2\">soci\u00e9t\u00e9<\/span><span class=\"s1\"> \u00e0 travers la r\u00e9flexion, le d\u00e9bat et l\u2019action. Soutenue par la <\/span><a href=\"https:\/\/kbs-frb.be\/fr\" target=\"_blank\" rel=\"noopener\"><span class=\"s2\">Fondation Roi Baudouin<\/span><\/a><span class=\"s1\">, l\u2019organisation se concentre sur la formulation d\u2019id\u00e9es novatrices et l\u2019enrichissement du <\/span><span class=\"s2\">d\u00e9bat<\/span><span class=\"s1\"> public et politique en Belgique, au-del\u00e0 des fronti\u00e8res linguistiques. Elle constitue aussi un vivier de jeunes talents.<\/span><\/strong><\/p>\n<p class=\"p1\"><span class=\"s1\">Le Groupe du Vendredi est un think tank polyvalent et dynamique qui rassemble des jeunes Belges motiv\u00e9s partageant un objectif commun : am\u00e9liorer notre soci\u00e9t\u00e9 \u00e0 travers une r\u00e9flexion approfondie, un d\u00e9bat anim\u00e9 et une action guid\u00e9e par la r\u00e9flexion. Ce groupe rassemble des individus qui, malgr\u00e9 des ant\u00e9c\u00e9dents et des perspectives diff\u00e9rents, partagent une passion commune pour aborder les d\u00e9fis soci\u00e9taux auxquels est confront\u00e9e la Belgique. M\u00eame s\u2019il b\u00e9n\u00e9ficie du soutien de la Fondation Roi Baudouin, le Groupe du Vendredi op\u00e8re de mani\u00e8re totalement ind\u00e9pendante. Son objectif est de formuler des id\u00e9es innovantes qui enrichissent le d\u00e9bat public et politique en Belgique, hors des carcans linguistiques et id\u00e9ologiques.<span class=\"Apple-converted-space\">\u00a0<\/span><\/span><\/p>\n<p class=\"p2\">Les membres du Groupe du Vendredi, \u00e2g\u00e9s de 25 \u00e0 35 ans et issus des trois communaut\u00e9s linguistiques belges, s\u2019engagent \u00e0 trouver des solutions innovantes aux probl\u00e9matiques complexes que rencontre la Belgique, par le biais de recommandations politiques. La sp\u00e9cificit\u00e9 du groupe, c\u2019est non seulement son approche fra\u00eeche et ambitieuse des probl\u00e8mes soci\u00e9taux, mais aussi la diversit\u00e9 de ses membres, que le collectif veille \u00e0 pr\u00e9server scrupuleusement. Chaque membre d\u00e9tient un ensemble unique de comp\u00e9tences, de connaissances et d\u2019id\u00e9es, ce qui fait de ce think tank un terreau fertile pour des id\u00e9es originales et constructives.<span class=\"Apple-converted-space\">\u00a0<\/span><\/p>\n<p class=\"p1\">Selon Thibault Viaene, copr\u00e9sident du groupe depuis 2023, le probl\u00e8me en Belgique r\u00e9side souvent dans la mani\u00e8re dont les d\u00e9bats sont men\u00e9s. \u00ab<i> Il n\u2019existe pas 36 fa\u00e7ons de rendre le march\u00e9 du travail moins rigide ou de conserver des pensions dignes<\/i> \u00bb, explique-t-il. \u00ab <i>Dans notre pays, tout d\u00e9bat sur ces questions est souvent \u00e9touff\u00e9 dans l\u2019\u0153uf. On consacre plus de temps et d\u2019\u00e9nergie \u00e0 \u00e9tiqueter le messager qu\u2019\u00e0 d\u00e9battre du message lui-m\u00eame.<\/i> \u00bb Thibault Viaene, avocat au barreau d\u2019Anvers, est dipl\u00f4m\u00e9 de l\u2019Universit\u00e9 de Gand et du King\u2019s College de Londres. Il a \u00e9galement pr\u00e9sid\u00e9 le Liberaal Vlaams Verbond.<span class=\"Apple-converted-space\">\u00a0<\/span><\/p>\n<p class=\"p2\">Au sein du Groupe du Vendredi, il se concentre sur la r\u00e9forme politique et les th\u00e8mes socio-\u00e9conomiques. Il d\u00e9crit le Groupe du Vendredi comme une plateforme unique qui \u00e9chappe aux discussions id\u00e9ologiques rigides et aux querelles partisanes, favorisant un dialogue ouvert et honn\u00eate.<span class=\"Apple-converted-space\">\u00a0<\/span><\/p>\n<figure id=\"attachment_6168\" aria-describedby=\"caption-attachment-6168\" style=\"width: 1572px\" class=\"wp-caption alignnone\"><img loading=\"lazy\" decoding=\"async\" class=\"wp-image-6168 size-full\" src=\"https:\/\/www.forbes.be\/fr\/wp-content\/uploads\/2024\/11\/Henriette-de-Robiano.jpg\" alt=\"\" width=\"1572\" height=\"2362\" srcset=\"https:\/\/www.forbes.be\/fr\/wp-content\/uploads\/2024\/11\/Henriette-de-Robiano.jpg 1572w, https:\/\/www.forbes.be\/fr\/wp-content\/uploads\/2024\/11\/Henriette-de-Robiano-200x300.jpg 200w, https:\/\/www.forbes.be\/fr\/wp-content\/uploads\/2024\/11\/Henriette-de-Robiano-682x1024.jpg 682w, https:\/\/www.forbes.be\/fr\/wp-content\/uploads\/2024\/11\/Henriette-de-Robiano-768x1154.jpg 768w, https:\/\/www.forbes.be\/fr\/wp-content\/uploads\/2024\/11\/Henriette-de-Robiano-1022x1536.jpg 1022w, https:\/\/www.forbes.be\/fr\/wp-content\/uploads\/2024\/11\/Henriette-de-Robiano-1363x2048.jpg 1363w, https:\/\/www.forbes.be\/fr\/wp-content\/uploads\/2024\/11\/Henriette-de-Robiano-696x1046.jpg 696w, https:\/\/www.forbes.be\/fr\/wp-content\/uploads\/2024\/11\/Henriette-de-Robiano-1068x1605.jpg 1068w, https:\/\/www.forbes.be\/fr\/wp-content\/uploads\/2024\/11\/Henriette-de-Robiano-600x902.jpg 600w\" sizes=\"auto, (max-width: 1572px) 100vw, 1572px\" \/><figcaption id=\"caption-attachment-6168\" class=\"wp-caption-text\">Henriette de Robiano, copr\u00e9sidente du Groupe du Vendredi -\u00a9Le groupe du Vendredi<\/figcaption><\/figure>\n<p class=\"p2\"><span class=\"s1\">Henriette de Robiano, ing\u00e9nieure architecte (Universit\u00e9 Libre de Bruxelles) et copr\u00e9sidente du Groupe du Vendredi depuis 2024, s\u2019est sp\u00e9cialis\u00e9e en physique du b\u00e2timent (Danemark) et en changement climatique (Chili). Elle est active au sein de Climact, o\u00f9 elle aide les organisations, tant publiques que priv\u00e9es, \u00e0 lutter contre le changement climatique. \u00ab <i>Au sein du Groupe du Vendredi, <\/i><\/span><span class=\"s2\"><i>chaque membre parle sa langue maternelle<\/i> \u00bb, explique Henriette de Robiano. \u00ab <i>Certes, mon allemand pourrait \u00eatre meilleur, mais j\u2019y travaille<\/i> \u00bb pr\u00e9cise-t-elle en souriant. La jeune femme croit fermement au pouvoir de la diversit\u00e9 et au travail interdisciplinaire. Selon elle, le Groupe du Vendredi tire sa force de ses membres\u202f: issus d\u2019horizons divers, ils se rencontrent et recherchent ensemble des solutions. C\u2019est cette diversit\u00e9 de perspectives qui permet au groupe de proposer des id\u00e9es innovantes.<span class=\"Apple-converted-space\">\u00a0<\/span><\/span><\/p>\n<h2 class=\"p2\"><span class=\"s2\">Moteur de changement positif<span class=\"Apple-converted-space\">\u00a0<\/span><\/span><\/h2>\n<p class=\"p1\"><span class=\"s2\">Le Groupe du Vendredi entend servir de catalyseur en faveur d\u2019un changement positif dans la soci\u00e9t\u00e9. Pour ce faire, le collectif propose des id\u00e9es constructives qui d\u00e9passent les fronti\u00e8res politiques et soci\u00e9tales existantes. Le groupe offre une plateforme o\u00f9 diff\u00e9rents points de vue sont \u00e9nonc\u00e9s et o\u00f9 des solutions innovantes peuvent \u00e9merger. Bien qu\u2019il existe plusieurs think tanks en Belgique, le Groupe du Vendredi se distingue par sa capacit\u00e9 \u00e0 \u00e9tablir un pont vers la jeune g\u00e9n\u00e9ration de l\u2019intelligentsia belge. \u00ab <i>La Fondation Roi Baudouin facilite notre travail, mais nous agissons en totale ind\u00e9pendance<\/i> \u00bb, souligne Thibault Viaene.<span class=\"Apple-converted-space\">\u00a0<\/span><\/span><\/p>\n<p class=\"p2\"><span class=\"s2\">Le think tank a \u00e9t\u00e9 officiellement cr\u00e9\u00e9 en 2013, apr\u00e8s des travaux entam\u00e9s quelques mois auparavant. Le professeur de politique internationale Jonathan Holslag (VUB) et l\u2019\u00e9conomiste Brieuc Van Damme, devenu depuis 2022 CEO de la Fondation Roi Baudouin, sont souvent cit\u00e9s comme les fondateurs officieux du think tank. Celui-ci compte parmi ses membres plusieurs figures de premier plan, occupant aujourd\u2019hui d\u2019importants mandats soci\u00e9taux ou politiques, telles que Thomas Dermine (PS), secr\u00e9taire d\u2019\u00c9tat sortant \u00e0 la Relance et aux Investissements strat\u00e9giques, Benjamin Muylaert (ancien membre de la N-VA), et Sammy Mahdi, pr\u00e9sident du CD&amp;V. Sam Proesmans, sp\u00e9cialiste en sant\u00e9 publique et ancien conseiller Covid du Premier ministre Alexander De Croo (Open VLD), Youssef Kobo, entrepreneur social, Ferdi De Ville, politologue \u00e0 l\u2019Universit\u00e9 de Gand, et Audrey Hanard, pr\u00e9sidente du conseil d\u2019administration de Bpost. Ce n\u2019est l\u00e0 qu\u2019un aper\u00e7u de l\u2019impressionnante liste des anciens membres du Groupe du Vendredi.<span class=\"Apple-converted-space\">\u00a0<\/span><\/span><\/p>\n<p class=\"p2\"><span class=\"s2\">Henriette de Robiano affirme que le r\u00e9seau form\u00e9 au sein du Groupe du Vendredi constitue l\u2019une des grandes forces de l\u2019organisation. \u00ab<i> C\u2019est un groupe tr\u00e8s diversifi\u00e9, mais d\u00e9nu\u00e9 d\u2019id\u00e9ologie ou de couleur politique. C\u2019est un r\u00e9seau au sens le plus large du terme ; il s\u2019est agrandi, et en tant que groupe, nous restons en contact. La constitution de ce r\u00e9seau fait aussi partie de nos missions<\/i> \u00bb, pr\u00e9cise-t-elle.<span class=\"Apple-converted-space\">\u00a0<\/span><\/span><\/p>\n<h2 class=\"p2\"><span class=\"s2\">Une large gamme de th\u00e9matiques<span class=\"Apple-converted-space\">\u00a0<\/span><\/span><\/h2>\n<p class=\"p1\"><span class=\"s2\">Les th\u00e8mes abord\u00e9s par le think tank sont divers et vari\u00e9s. Depuis son premier rapport intitul\u00e9 <i>Trouver notre voie dans un monde fragment\u00e9<\/i>, le Groupe du Vendredi a publi\u00e9 de nombreux rapports et articles d\u2019opinion sur des sujets vari\u00e9s tels que le bien-\u00eatre, l\u2019enseignement (sup\u00e9rieur), la politique culturelle, la vie politique, l\u2019\u00e9conomie, la justice sociale et l\u2019environnement. Le rapport le plus r\u00e9cent, intitul\u00e9 <i>Champions de l\u2019\u00e9galit\u00e9 scolaire d\u2019ici 10 ans (neuf propositions pour plus d\u2019\u00e9galit\u00e9 dans l\u2019\u00e9ducation),<\/i> n\u2019est qu\u2019un exemple de la diversit\u00e9 des th\u00e8mes qu\u2019aborde le think tank. En tout, quelque 20 rapports ont \u00e9t\u00e9 publi\u00e9s depuis sa cr\u00e9ation.<span class=\"Apple-converted-space\">\u00a0<\/span><\/span><\/p>\n<p class=\"p2\"><span class=\"s2\">Henriette de Robiano explique que le groupe favorise une approche multidisciplinaire, o\u00f9 des membres aux parcours contrast\u00e9s collaborent avec des scientifiques et d\u2019autres experts. \u00ab <i>Travailler avec des personnes issues de diff\u00e9rents domaines enrichit consid\u00e9rablement le d\u00e9bat. Des gens qui ne se rencontreraient pas dans un autre contexte se mettent maintenant autour de la table. Nous \u00e9coutons d\u2019abord, d\u00e9battons ensuite, et enfin, nous <\/i><\/span><i>publions un rapport. Notre slogan *Inspiring policy through diversity* r\u00e9sume parfaitement cette approche <\/i>\u00bb, <span class=\"s2\">pr\u00e9cise Henriette de Robiano.<span class=\"Apple-converted-space\">\u00a0<\/span><\/span><\/p>\n<p class=\"p2\"><span class=\"s2\">Bien que le Groupe du Vendredi n\u2019ait pas d\u2019agenda politique direct, il ambitionne d\u2019enrichir le d\u00e9bat soci\u00e9tal \u00e0 travers une critique constructive et des r\u00e9flexions inspirantes. Les id\u00e9es et rapports du groupe sont r\u00e9guli\u00e8rement repris par les politiques, les d\u00e9cideurs et les m\u00e9dias, leur conf\u00e9rant une influence indirecte sur les d\u00e9cisions politiques. Par exemple, leur note g\u00e9n\u00e9rationnelle a \u00e9t\u00e9 discut\u00e9e dans le cadre de la Commission de r\u00e9forme des pensions pr\u00e9sid\u00e9e par Frank Vandenbroucke, et leur charte pour une plus grande d\u00e9ontologie au sein des cabinets minist\u00e9riels a servi d\u2019input pr\u00e9alable aux d\u00e9bats de la Commission de d\u00e9ontologie du Parlement f\u00e9d\u00e9ral. Thibault Viaene souligne que les membres du groupe s\u2019impliquent dans la vie politique, mais que le think tank lui-m\u00eame reste apolitique. \u00ab <i>En tant qu\u2019association, nous sommes politiquement neutres, mais en tant qu\u2019individus, nous avons bien entendu nos propres convictions.<\/i> \u00bb<span class=\"Apple-converted-space\">\u00a0<\/span><\/span><\/p>\n<blockquote>\n<p class=\"p2\"><span class=\"s3\">\u00ab <i>En <\/i><\/span><span class=\"s4\"><i>politique<\/i><\/span><span class=\"s3\"><i>, on saute d\u2019une <\/i><\/span><span class=\"s4\"><i>\u00e9lection<\/i><\/span><span class=\"s3\"><i> \u00e0 l\u2019autre sans se soucier du long terme<\/i> \u00bb<span class=\"Apple-converted-space\">\u00a0<\/span><\/span><\/p>\n<\/blockquote>\n<h2 class=\"p2\"><span class=\"s2\">Adh\u00e9sion au Groupe du Vendredi<span class=\"Apple-converted-space\">\u00a0<\/span><\/span><\/h2>\n<p class=\"p1\"><span class=\"s2\">On devient membre du Groupe du Vendredi en envoyant sa candidature ou sur cooptation d\u2019un membre actif. Le think tank veille soigneusement \u00e0 maintenir une diversit\u00e9 suffisante sur tous les plans, et il faut imp\u00e9rativement que les membres soient au moins bilingues. L\u2019admission des nouveaux adh\u00e9rents se fait lors d\u2019une s\u00e9ance pl\u00e9ni\u00e8re o\u00f9 la candidature est discut\u00e9e et examin\u00e9e. Actuellement, le think tank compte 25 membres, tous issus de la jeune g\u00e9n\u00e9ration. Selon Thibault Viaene, c\u2019est un facteur cl\u00e9 du succ\u00e8s du groupe. \u00ab <i>En politique, on saute d\u2019une \u00e9lection \u00e0 l\u2019autre sans se soucier du long terme. Nous voulons justement envisager l\u2019avenir et r\u00e9fl\u00e9chir \u00e0 ce qu\u2019il faut pour am\u00e9liorer notre soci\u00e9t\u00e9 dans les ann\u00e9es qui viennent.<\/i> \u00bb<span class=\"Apple-converted-space\">\u00a0<\/span><\/span><\/p>\n<figure id=\"attachment_6169\" aria-describedby=\"caption-attachment-6169\" style=\"width: 2560px\" class=\"wp-caption alignnone\"><img loading=\"lazy\" decoding=\"async\" class=\"wp-image-6169 size-full\" src=\"https:\/\/www.forbes.be\/fr\/wp-content\/uploads\/2024\/11\/T-Viaene-scaled.jpg\" alt=\"\" width=\"2560\" height=\"1716\" srcset=\"https:\/\/www.forbes.be\/fr\/wp-content\/uploads\/2024\/11\/T-Viaene-scaled.jpg 2560w, https:\/\/www.forbes.be\/fr\/wp-content\/uploads\/2024\/11\/T-Viaene-300x201.jpg 300w, https:\/\/www.forbes.be\/fr\/wp-content\/uploads\/2024\/11\/T-Viaene-1024x686.jpg 1024w, https:\/\/www.forbes.be\/fr\/wp-content\/uploads\/2024\/11\/T-Viaene-768x515.jpg 768w, https:\/\/www.forbes.be\/fr\/wp-content\/uploads\/2024\/11\/T-Viaene-1536x1029.jpg 1536w, https:\/\/www.forbes.be\/fr\/wp-content\/uploads\/2024\/11\/T-Viaene-2048x1373.jpg 2048w, https:\/\/www.forbes.be\/fr\/wp-content\/uploads\/2024\/11\/T-Viaene-696x466.jpg 696w, https:\/\/www.forbes.be\/fr\/wp-content\/uploads\/2024\/11\/T-Viaene-1068x716.jpg 1068w, https:\/\/www.forbes.be\/fr\/wp-content\/uploads\/2024\/11\/T-Viaene-1920x1287.jpg 1920w, https:\/\/www.forbes.be\/fr\/wp-content\/uploads\/2024\/11\/T-Viaene-600x402.jpg 600w\" sizes=\"auto, (max-width: 2560px) 100vw, 2560px\" \/><figcaption id=\"caption-attachment-6169\" class=\"wp-caption-text\">Thibault Viaene, copr\u00e9sident du Groupe du Vendredi -\u00a9Le Groupe du Vendredi<\/figcaption><\/figure>\n<p class=\"p2\"><span class=\"s2\">Le copr\u00e9sident Thibault Viaene souligne que la diversit\u00e9 des id\u00e9es et des parcours au sein du groupe favorise une culture de d\u00e9bat mature et constructive, qui pourrait \u00eatre davantage pr\u00e9sente dans la soci\u00e9t\u00e9. L\u2019interaction entre des membres aux opinions et visions politiques diverses, voil\u00e0 pr\u00e9cis\u00e9ment ce qui fait la force du groupe. \u00ab <i>Nous apprenons constamment les uns des autres et veillons \u00e0 ce que le Groupe du Vendredi continue \u00e0 \u00e9voluer avec son temps. Nous devons rester pertinents dans le d\u00e9bat et nous adapter aux changements soci\u00e9taux<\/i> \u00bb, souligne Thibault Viaene.<span class=\"Apple-converted-space\">\u00a0<\/span><\/span><\/p>\n<p class=\"p2\"><span class=\"s2\">Henriette de Robiano va dans le m\u00eame sens et insiste sur le c\u00f4t\u00e9 enrichissant du dialogue au sein du groupe.<span class=\"Apple-converted-space\">\u00a0<\/span><\/span><\/p>\n<p class=\"p2\"><span class=\"s2\">\u00ab<i> La force de la diversit\u00e9 et du dialogue est essentielle. Elle nous permet de mener des d\u00e9bats m\u00fbrs et approfondis, une fa\u00e7on de faire dont notre soci\u00e9t\u00e9 pourrait s\u2019inspirer davantage<\/i> \u00bb. Le Groupe du Vendredi offre donc une plateforme o\u00f9 les opinions et les id\u00e9es peuvent se confronter librement, mais toujours dans l\u2019optique d\u2019aboutir \u00e0 des solutions constructives et pr\u00e9cieuses.<span class=\"Apple-converted-space\">\u00a0<\/span><\/span><\/p>\n<h2 class=\"p2\"><span class=\"s2\">L\u2019avenir du Groupe du Vendredi<span class=\"Apple-converted-space\">\u00a0<\/span><\/span><\/h2>\n<p class=\"p1\"><span class=\"s2\">Alors que le groupe continue \u00e0 \u00e9voluer, son objectif consiste toujours \u00e0 rester un acteur pertinent et influent dans le d\u00e9bat soci\u00e9tal belge. Le collectif continue \u00e0 s\u2019engager dans le d\u00e9veloppement d\u2019id\u00e9es novatrices et cherche \u00e0 se connecter avec la nouvelle g\u00e9n\u00e9ration, qui communique principalement via les r\u00e9seaux sociaux.<span class=\"Apple-converted-space\">\u00a0<\/span><\/span><span class=\"s2\">\u00ab <i>Nous devons \u00e0 tout prix rester pertinents et trouver un \u00e9quilibre entre des bases historiques solides et une vraie vision d\u2019avenir <\/i>\u00bb, conclut Henriette de Robiano.<\/span><span class=\"s5\"><span class=\"Apple-converted-space\">\u00a0<\/span><\/span><\/p>\n","protected":false},"excerpt":{"rendered":"<p>Le Groupe du Vendredi est un think tank dynamique compos\u00e9 de jeunes Belges engag\u00e9s, issus de divers horizons, qui souhaitent am\u00e9liorer notre soci\u00e9t\u00e9 \u00e0 travers la r\u00e9flexion, le d\u00e9bat et l\u2019action. Soutenue par la Fondation Roi Baudouin, l\u2019organisation se concentre sur la formulation d\u2019id\u00e9es novatrices et l\u2019enrichissement du d\u00e9bat public et politique en Belgique, au-del\u00e0 [&hellip;]<\/p>\n","protected":false},"author":12,"featured_media":7995,"comment_status":"closed","ping_status":"closed","sticky":false,"template":"","format":"standard","meta":{"_acf_changed":false,"inline_featured_image":false,"footnotes":""},"categories":[27],"tags":[],"class_list":{"0":"post-6167","1":"post","2":"type-post","3":"status-publish","4":"format-standard","5":"has-post-thumbnail","7":"category-societe"},"acf":[],"_yoast_wpseo_title":null,"_yoast_wpseo_metadesc":"Le Groupe du Vendredi, think tank belge, stimule le d\u00e9bat public avec des id\u00e9es novatrices, soutenu par la Fondation Roi Baudouin.","auteur_traducteur":"","yoast_head":"<!-- This site is optimized with the Yoast SEO plugin v27.4 - https:\/\/yoast.com\/product\/yoast-seo-wordpress\/ -->\n<title>Le Groupe du Vendredi : un think tank belge pour stimuler le d\u00e9bat public et l&#039;innovation | Forbes Belgique<\/title>\n<meta name=\"description\" content=\"Le Groupe du Vendredi, think tank belge, stimule le d\u00e9bat public avec des id\u00e9es novatrices, soutenu par la Fondation Roi Baudouin.\" \/>\n<meta name=\"robots\" content=\"index, follow, max-snippet:-1, max-image-preview:large, max-video-preview:-1\" \/>\n<link rel=\"canonical\" href=\"https:\/\/www.forbes.be\/fr\/le-groupe-du-vendredi-un-think-tank-belge-pour-stimuler-le-debat-public-et-linnovation\/\" \/>\n<meta property=\"og:locale\" content=\"fr_FR\" \/>\n<meta property=\"og:type\" content=\"article\" \/>\n<meta property=\"og:title\" content=\"Le Groupe du Vendredi : un think tank belge pour stimuler le d\u00e9bat public et l&#039;innovation | Forbes Belgique\" \/>\n<meta property=\"og:description\" content=\"Le Groupe du Vendredi, think tank belge, stimule le d\u00e9bat public avec des id\u00e9es novatrices, soutenu par la Fondation Roi Baudouin.\" \/>\n<meta property=\"og:url\" content=\"https:\/\/www.forbes.be\/fr\/le-groupe-du-vendredi-un-think-tank-belge-pour-stimuler-le-debat-public-et-linnovation\/\" \/>\n<meta property=\"og:site_name\" content=\"Forbes Belgique\" \/>\n<meta property=\"article:publisher\" content=\"https:\/\/www.facebook.com\/forbesbelgique\/\" \/>\n<meta property=\"article:published_time\" content=\"2025-01-02T06:00:01+00:00\" \/>\n<meta property=\"og:image\" content=\"https:\/\/www.forbes.be\/fr\/wp-content\/uploads\/2024\/11\/adobestock-869031979.jpg\" \/>\n\t<meta property=\"og:image:width\" content=\"1200\" \/>\n\t<meta property=\"og:image:height\" content=\"628\" \/>\n\t<meta property=\"og:image:type\" content=\"image\/jpeg\" \/>\n<meta name=\"author\" content=\"Lieven Desmet\" \/>\n<meta name=\"twitter:card\" content=\"summary_large_image\" \/>\n<meta name=\"twitter:label1\" content=\"\u00c9crit par\" \/>\n\t<meta name=\"twitter:data1\" content=\"Lieven Desmet\" \/>\n\t<meta name=\"twitter:label2\" content=\"Dur\u00e9e de lecture estim\u00e9e\" \/>\n\t<meta name=\"twitter:data2\" content=\"9 minutes\" \/>\n<script type=\"application\/ld+json\" class=\"yoast-schema-graph\">{\"@context\":\"https:\\\/\\\/schema.org\",\"@graph\":[{\"@type\":\"NewsArticle\",\"@id\":\"https:\\\/\\\/www.forbes.be\\\/fr\\\/le-groupe-du-vendredi-un-think-tank-belge-pour-stimuler-le-debat-public-et-linnovation\\\/#article\",\"isPartOf\":{\"@id\":\"https:\\\/\\\/www.forbes.be\\\/fr\\\/le-groupe-du-vendredi-un-think-tank-belge-pour-stimuler-le-debat-public-et-linnovation\\\/\"},\"author\":{\"name\":\"Lieven Desmet\",\"@id\":\"https:\\\/\\\/www.forbes.be\\\/fr\\\/#\\\/schema\\\/person\\\/87d98a9bc7c6fb6996cabbdf269dd70a\"},\"headline\":\"Le Groupe du Vendredi : un think tank belge pour stimuler le d\u00e9bat public et l&rsquo;innovation\",\"datePublished\":\"2025-01-02T06:00:01+00:00\",\"mainEntityOfPage\":{\"@id\":\"https:\\\/\\\/www.forbes.be\\\/fr\\\/le-groupe-du-vendredi-un-think-tank-belge-pour-stimuler-le-debat-public-et-linnovation\\\/\"},\"wordCount\":1838,\"publisher\":{\"@id\":\"https:\\\/\\\/www.forbes.be\\\/fr\\\/#organization\"},\"image\":{\"@id\":\"https:\\\/\\\/www.forbes.be\\\/fr\\\/le-groupe-du-vendredi-un-think-tank-belge-pour-stimuler-le-debat-public-et-linnovation\\\/#primaryimage\"},\"thumbnailUrl\":\"https:\\\/\\\/www.forbes.be\\\/fr\\\/wp-content\\\/uploads\\\/2024\\\/11\\\/adobestock-869031979.jpg\",\"articleSection\":[\"Soci\u00e9t\u00e9\"],\"inLanguage\":\"fr-FR\"},{\"@type\":\"WebPage\",\"@id\":\"https:\\\/\\\/www.forbes.be\\\/fr\\\/le-groupe-du-vendredi-un-think-tank-belge-pour-stimuler-le-debat-public-et-linnovation\\\/\",\"url\":\"https:\\\/\\\/www.forbes.be\\\/fr\\\/le-groupe-du-vendredi-un-think-tank-belge-pour-stimuler-le-debat-public-et-linnovation\\\/\",\"name\":\"Le Groupe du Vendredi : un think tank belge pour stimuler le d\u00e9bat public et l'innovation | Forbes Belgique\",\"isPartOf\":{\"@id\":\"https:\\\/\\\/www.forbes.be\\\/fr\\\/#website\"},\"primaryImageOfPage\":{\"@id\":\"https:\\\/\\\/www.forbes.be\\\/fr\\\/le-groupe-du-vendredi-un-think-tank-belge-pour-stimuler-le-debat-public-et-linnovation\\\/#primaryimage\"},\"image\":{\"@id\":\"https:\\\/\\\/www.forbes.be\\\/fr\\\/le-groupe-du-vendredi-un-think-tank-belge-pour-stimuler-le-debat-public-et-linnovation\\\/#primaryimage\"},\"thumbnailUrl\":\"https:\\\/\\\/www.forbes.be\\\/fr\\\/wp-content\\\/uploads\\\/2024\\\/11\\\/adobestock-869031979.jpg\",\"datePublished\":\"2025-01-02T06:00:01+00:00\",\"description\":\"Le Groupe du Vendredi, think tank belge, stimule le d\u00e9bat public avec des id\u00e9es novatrices, soutenu par la Fondation Roi Baudouin.\",\"breadcrumb\":{\"@id\":\"https:\\\/\\\/www.forbes.be\\\/fr\\\/le-groupe-du-vendredi-un-think-tank-belge-pour-stimuler-le-debat-public-et-linnovation\\\/#breadcrumb\"},\"inLanguage\":\"fr-FR\",\"potentialAction\":[{\"@type\":\"ReadAction\",\"target\":[\"https:\\\/\\\/www.forbes.be\\\/fr\\\/le-groupe-du-vendredi-un-think-tank-belge-pour-stimuler-le-debat-public-et-linnovation\\\/\"]}]},{\"@type\":\"ImageObject\",\"inLanguage\":\"fr-FR\",\"@id\":\"https:\\\/\\\/www.forbes.be\\\/fr\\\/le-groupe-du-vendredi-un-think-tank-belge-pour-stimuler-le-debat-public-et-linnovation\\\/#primaryimage\",\"url\":\"https:\\\/\\\/www.forbes.be\\\/fr\\\/wp-content\\\/uploads\\\/2024\\\/11\\\/adobestock-869031979.jpg\",\"contentUrl\":\"https:\\\/\\\/www.forbes.be\\\/fr\\\/wp-content\\\/uploads\\\/2024\\\/11\\\/adobestock-869031979.jpg\",\"width\":1200,\"height\":628,\"caption\":\"\u00a9 Adobe Stock\"},{\"@type\":\"BreadcrumbList\",\"@id\":\"https:\\\/\\\/www.forbes.be\\\/fr\\\/le-groupe-du-vendredi-un-think-tank-belge-pour-stimuler-le-debat-public-et-linnovation\\\/#breadcrumb\",\"itemListElement\":[{\"@type\":\"ListItem\",\"position\":1,\"name\":\"Accueil\",\"item\":\"https:\\\/\\\/www.forbes.be\\\/fr\\\/\"},{\"@type\":\"ListItem\",\"position\":2,\"name\":\"Le Groupe du Vendredi : un think tank belge pour stimuler le d\u00e9bat public et l&rsquo;innovation\"}]},{\"@type\":\"WebSite\",\"@id\":\"https:\\\/\\\/www.forbes.be\\\/fr\\\/#website\",\"url\":\"https:\\\/\\\/www.forbes.be\\\/fr\\\/\",\"name\":\"Forbes Belgique\",\"description\":\"\",\"publisher\":{\"@id\":\"https:\\\/\\\/www.forbes.be\\\/fr\\\/#organization\"},\"potentialAction\":[{\"@type\":\"SearchAction\",\"target\":{\"@type\":\"EntryPoint\",\"urlTemplate\":\"https:\\\/\\\/www.forbes.be\\\/fr\\\/?s={search_term_string}\"},\"query-input\":{\"@type\":\"PropertyValueSpecification\",\"valueRequired\":true,\"valueName\":\"search_term_string\"}}],\"inLanguage\":\"fr-FR\"},{\"@type\":\"Organization\",\"@id\":\"https:\\\/\\\/www.forbes.be\\\/fr\\\/#organization\",\"name\":\"Forbes Belgique\",\"url\":\"https:\\\/\\\/www.forbes.be\\\/fr\\\/\",\"logo\":{\"@type\":\"ImageObject\",\"inLanguage\":\"fr-FR\",\"@id\":\"https:\\\/\\\/www.forbes.be\\\/fr\\\/#\\\/schema\\\/logo\\\/image\\\/\",\"url\":\"https:\\\/\\\/www.forbes.be\\\/fr\\\/wp-content\\\/uploads\\\/2024\\\/02\\\/forbes.be_.png\",\"contentUrl\":\"https:\\\/\\\/www.forbes.be\\\/fr\\\/wp-content\\\/uploads\\\/2024\\\/02\\\/forbes.be_.png\",\"width\":1200,\"height\":675,\"caption\":\"Forbes Belgique\"},\"image\":{\"@id\":\"https:\\\/\\\/www.forbes.be\\\/fr\\\/#\\\/schema\\\/logo\\\/image\\\/\"},\"sameAs\":[\"https:\\\/\\\/www.facebook.com\\\/forbesbelgique\\\/\",\"https:\\\/\\\/www.instagram.com\\\/Forbes_Belgium\",\"https:\\\/\\\/www.linkedin.com\\\/company\\\/forbes-belgium\\\/\"]},{\"@type\":\"Person\",\"@id\":\"https:\\\/\\\/www.forbes.be\\\/fr\\\/#\\\/schema\\\/person\\\/87d98a9bc7c6fb6996cabbdf269dd70a\",\"name\":\"Lieven Desmet\",\"image\":{\"@type\":\"ImageObject\",\"inLanguage\":\"fr-FR\",\"@id\":\"https:\\\/\\\/www.forbes.be\\\/fr\\\/wp-content\\\/uploads\\\/2024\\\/01\\\/65-150x150.jpg\",\"url\":\"https:\\\/\\\/www.forbes.be\\\/fr\\\/wp-content\\\/uploads\\\/2024\\\/01\\\/65-150x150.jpg\",\"contentUrl\":\"https:\\\/\\\/www.forbes.be\\\/fr\\\/wp-content\\\/uploads\\\/2024\\\/01\\\/65-150x150.jpg\",\"caption\":\"Lieven Desmet\"},\"url\":\"https:\\\/\\\/www.forbes.be\\\/fr\\\/author\\\/lieven-desmet\\\/\"}]}<\/script>\n<!-- \/ Yoast SEO plugin. -->","yoast_head_json":{"title":"Le Groupe du Vendredi : un think tank belge pour stimuler le d\u00e9bat public et l'innovation | Forbes Belgique","description":"Le Groupe du Vendredi, think tank belge, stimule le d\u00e9bat public avec des id\u00e9es novatrices, soutenu par la Fondation Roi Baudouin.","robots":{"index":"index","follow":"follow","max-snippet":"max-snippet:-1","max-image-preview":"max-image-preview:large","max-video-preview":"max-video-preview:-1"},"canonical":"https:\/\/www.forbes.be\/fr\/le-groupe-du-vendredi-un-think-tank-belge-pour-stimuler-le-debat-public-et-linnovation\/","og_locale":"fr_FR","og_type":"article","og_title":"Le Groupe du Vendredi : un think tank belge pour stimuler le d\u00e9bat public et l'innovation | Forbes Belgique","og_description":"Le Groupe du Vendredi, think tank belge, stimule le d\u00e9bat public avec des id\u00e9es novatrices, soutenu par la Fondation Roi Baudouin.","og_url":"https:\/\/www.forbes.be\/fr\/le-groupe-du-vendredi-un-think-tank-belge-pour-stimuler-le-debat-public-et-linnovation\/","og_site_name":"Forbes Belgique","article_publisher":"https:\/\/www.facebook.com\/forbesbelgique\/","article_published_time":"2025-01-02T06:00:01+00:00","og_image":[{"width":1200,"height":628,"url":"https:\/\/www.forbes.be\/fr\/wp-content\/uploads\/2024\/11\/adobestock-869031979.jpg","type":"image\/jpeg"}],"author":"Lieven Desmet","twitter_card":"summary_large_image","twitter_misc":{"\u00c9crit par":"Lieven Desmet","Dur\u00e9e de lecture estim\u00e9e":"9 minutes"},"schema":{"@context":"https:\/\/schema.org","@graph":[{"@type":"NewsArticle","@id":"https:\/\/www.forbes.be\/fr\/le-groupe-du-vendredi-un-think-tank-belge-pour-stimuler-le-debat-public-et-linnovation\/#article","isPartOf":{"@id":"https:\/\/www.forbes.be\/fr\/le-groupe-du-vendredi-un-think-tank-belge-pour-stimuler-le-debat-public-et-linnovation\/"},"author":{"name":"Lieven Desmet","@id":"https:\/\/www.forbes.be\/fr\/#\/schema\/person\/87d98a9bc7c6fb6996cabbdf269dd70a"},"headline":"Le Groupe du Vendredi : un think tank belge pour stimuler le d\u00e9bat public et l&rsquo;innovation","datePublished":"2025-01-02T06:00:01+00:00","mainEntityOfPage":{"@id":"https:\/\/www.forbes.be\/fr\/le-groupe-du-vendredi-un-think-tank-belge-pour-stimuler-le-debat-public-et-linnovation\/"},"wordCount":1838,"publisher":{"@id":"https:\/\/www.forbes.be\/fr\/#organization"},"image":{"@id":"https:\/\/www.forbes.be\/fr\/le-groupe-du-vendredi-un-think-tank-belge-pour-stimuler-le-debat-public-et-linnovation\/#primaryimage"},"thumbnailUrl":"https:\/\/www.forbes.be\/fr\/wp-content\/uploads\/2024\/11\/adobestock-869031979.jpg","articleSection":["Soci\u00e9t\u00e9"],"inLanguage":"fr-FR"},{"@type":"WebPage","@id":"https:\/\/www.forbes.be\/fr\/le-groupe-du-vendredi-un-think-tank-belge-pour-stimuler-le-debat-public-et-linnovation\/","url":"https:\/\/www.forbes.be\/fr\/le-groupe-du-vendredi-un-think-tank-belge-pour-stimuler-le-debat-public-et-linnovation\/","name":"Le Groupe du Vendredi : un think tank belge pour stimuler le d\u00e9bat public et l'innovation | Forbes Belgique","isPartOf":{"@id":"https:\/\/www.forbes.be\/fr\/#website"},"primaryImageOfPage":{"@id":"https:\/\/www.forbes.be\/fr\/le-groupe-du-vendredi-un-think-tank-belge-pour-stimuler-le-debat-public-et-linnovation\/#primaryimage"},"image":{"@id":"https:\/\/www.forbes.be\/fr\/le-groupe-du-vendredi-un-think-tank-belge-pour-stimuler-le-debat-public-et-linnovation\/#primaryimage"},"thumbnailUrl":"https:\/\/www.forbes.be\/fr\/wp-content\/uploads\/2024\/11\/adobestock-869031979.jpg","datePublished":"2025-01-02T06:00:01+00:00","description":"Le Groupe du Vendredi, think tank belge, stimule le d\u00e9bat public avec des id\u00e9es novatrices, soutenu par la Fondation Roi Baudouin.","breadcrumb":{"@id":"https:\/\/www.forbes.be\/fr\/le-groupe-du-vendredi-un-think-tank-belge-pour-stimuler-le-debat-public-et-linnovation\/#breadcrumb"},"inLanguage":"fr-FR","potentialAction":[{"@type":"ReadAction","target":["https:\/\/www.forbes.be\/fr\/le-groupe-du-vendredi-un-think-tank-belge-pour-stimuler-le-debat-public-et-linnovation\/"]}]},{"@type":"ImageObject","inLanguage":"fr-FR","@id":"https:\/\/www.forbes.be\/fr\/le-groupe-du-vendredi-un-think-tank-belge-pour-stimuler-le-debat-public-et-linnovation\/#primaryimage","url":"https:\/\/www.forbes.be\/fr\/wp-content\/uploads\/2024\/11\/adobestock-869031979.jpg","contentUrl":"https:\/\/www.forbes.be\/fr\/wp-content\/uploads\/2024\/11\/adobestock-869031979.jpg","width":1200,"height":628,"caption":"\u00a9 Adobe Stock"},{"@type":"BreadcrumbList","@id":"https:\/\/www.forbes.be\/fr\/le-groupe-du-vendredi-un-think-tank-belge-pour-stimuler-le-debat-public-et-linnovation\/#breadcrumb","itemListElement":[{"@type":"ListItem","position":1,"name":"Accueil","item":"https:\/\/www.forbes.be\/fr\/"},{"@type":"ListItem","position":2,"name":"Le Groupe du Vendredi : un think tank belge pour stimuler le d\u00e9bat public et l&rsquo;innovation"}]},{"@type":"WebSite","@id":"https:\/\/www.forbes.be\/fr\/#website","url":"https:\/\/www.forbes.be\/fr\/","name":"Forbes Belgique","description":"","publisher":{"@id":"https:\/\/www.forbes.be\/fr\/#organization"},"potentialAction":[{"@type":"SearchAction","target":{"@type":"EntryPoint","urlTemplate":"https:\/\/www.forbes.be\/fr\/?s={search_term_string}"},"query-input":{"@type":"PropertyValueSpecification","valueRequired":true,"valueName":"search_term_string"}}],"inLanguage":"fr-FR"},{"@type":"Organization","@id":"https:\/\/www.forbes.be\/fr\/#organization","name":"Forbes Belgique","url":"https:\/\/www.forbes.be\/fr\/","logo":{"@type":"ImageObject","inLanguage":"fr-FR","@id":"https:\/\/www.forbes.be\/fr\/#\/schema\/logo\/image\/","url":"https:\/\/www.forbes.be\/fr\/wp-content\/uploads\/2024\/02\/forbes.be_.png","contentUrl":"https:\/\/www.forbes.be\/fr\/wp-content\/uploads\/2024\/02\/forbes.be_.png","width":1200,"height":675,"caption":"Forbes Belgique"},"image":{"@id":"https:\/\/www.forbes.be\/fr\/#\/schema\/logo\/image\/"},"sameAs":["https:\/\/www.facebook.com\/forbesbelgique\/","https:\/\/www.instagram.com\/Forbes_Belgium","https:\/\/www.linkedin.com\/company\/forbes-belgium\/"]},{"@type":"Person","@id":"https:\/\/www.forbes.be\/fr\/#\/schema\/person\/87d98a9bc7c6fb6996cabbdf269dd70a","name":"Lieven Desmet","image":{"@type":"ImageObject","inLanguage":"fr-FR","@id":"https:\/\/www.forbes.be\/fr\/wp-content\/uploads\/2024\/01\/65-150x150.jpg","url":"https:\/\/www.forbes.be\/fr\/wp-content\/uploads\/2024\/01\/65-150x150.jpg","contentUrl":"https:\/\/www.forbes.be\/fr\/wp-content\/uploads\/2024\/01\/65-150x150.jpg","caption":"Lieven Desmet"},"url":"https:\/\/www.forbes.be\/fr\/author\/lieven-desmet\/"}]}},"_links":{"self":[{"href":"https:\/\/www.forbes.be\/fr\/wp-json\/wp\/v2\/posts\/6167","targetHints":{"allow":["GET"]}}],"collection":[{"href":"https:\/\/www.forbes.be\/fr\/wp-json\/wp\/v2\/posts"}],"about":[{"href":"https:\/\/www.forbes.be\/fr\/wp-json\/wp\/v2\/types\/post"}],"author":[{"embeddable":true,"href":"https:\/\/www.forbes.be\/fr\/wp-json\/wp\/v2\/users\/12"}],"replies":[{"embeddable":true,"href":"https:\/\/www.forbes.be\/fr\/wp-json\/wp\/v2\/comments?post=6167"}],"version-history":[{"count":4,"href":"https:\/\/www.forbes.be\/fr\/wp-json\/wp\/v2\/posts\/6167\/revisions"}],"predecessor-version":[{"id":7997,"href":"https:\/\/www.forbes.be\/fr\/wp-json\/wp\/v2\/posts\/6167\/revisions\/7997"}],"wp:featuredmedia":[{"embeddable":true,"href":"https:\/\/www.forbes.be\/fr\/wp-json\/wp\/v2\/media\/7995"}],"wp:attachment":[{"href":"https:\/\/www.forbes.be\/fr\/wp-json\/wp\/v2\/media?parent=6167"}],"wp:term":[{"taxonomy":"category","embeddable":true,"href":"https:\/\/www.forbes.be\/fr\/wp-json\/wp\/v2\/categories?post=6167"},{"taxonomy":"post_tag","embeddable":true,"href":"https:\/\/www.forbes.be\/fr\/wp-json\/wp\/v2\/tags?post=6167"}],"curies":[{"name":"wp","href":"https:\/\/api.w.org\/{rel}","templated":true}]}}