{"id":6224,"date":"2024-11-29T11:19:35","date_gmt":"2024-11-29T10:19:35","guid":{"rendered":"https:\/\/www.forbes.be\/fr\/?p=6224"},"modified":"2024-11-29T11:19:35","modified_gmt":"2024-11-29T10:19:35","slug":"decryptage-quelles-sont-les-causes-de-la-crise-immobiliere-en-belgique","status":"publish","type":"post","link":"https:\/\/www.forbes.be\/fr\/decryptage-quelles-sont-les-causes-de-la-crise-immobiliere-en-belgique\/","title":{"rendered":"D\u00e9cryptage\u00a0: quelles sont les causes de la crise immobili\u00e8re en Belgique\u00a0?"},"content":{"rendered":"<p class=\"p3\"><strong>L\u2019immobilier belge est en crise\u00a0! Secteur r\u00e9put\u00e9 pour sa forte stabilit\u00e9, voire valeur refuge pour beaucoup d\u2019investisseurs belges, l\u2019immobilier traverse pourtant depuis plusieurs ann\u00e9es des turbulences \u00e0 r\u00e9p\u00e9tition.<\/strong><\/p>\n<p class=\"p3\">Observateurs et presse s\u2019accordent \u00e0 dire que le \u00ab\u00a0tierc\u00e9\u00a0\u00bb Covid 19, invasion russe en Ukraine puis flamb\u00e9e inflationniste ont eu pour cons\u00e9quence <b>l\u2019affaiblissement de pans entiers de l\u2019\u00e9conomie europ\u00e9enne<\/b>. Et les faits sont l\u00e0\u00a0: <b>la plupart des march\u00e9s ont fortement ralenti<\/b>, en t\u00e9moigne notamment le march\u00e9 allemand, la place centrale de l\u2019immobilier en Europe, qui semble \u00eatre atone depuis maintenant plusieurs ann\u00e9es.<\/p>\n<p class=\"p3\">Mais o\u00f9 cette crise a-t-elle trouv\u00e9 racine, et comment l\u2019<a href=\"https:\/\/www.forbes.be\/fr\/la-valeur-des-biens-immobiliers-pourrait-chuter-de-25-trillions-de-dollars-dici-a-2050\/\" target=\"_blank\" rel=\"noopener\">immobilier<\/a> en est arriv\u00e9 \u00e0 la situation qu\u2019il conna\u00eet aujourd\u2019hui? Nous vous proposons un tour d\u2019horizon des g\u00e9n\u00e9rateurs principaux d\u2019une crise complexe.<\/p>\n<h2>1. La d\u00e9pendance du march\u00e9 immobilier professionnel \u00e0 la dette<\/h2>\n<p class=\"p5\">L\u2019immobilier professionnel est avant tout un \u00ab\u00a0business de la dette\u00a0\u00bb. Qu\u2019ils soient investisseurs ou promoteurs, les professionnels de l\u2019immobilier ont tous sensiblement le m\u00eame besoin\u00a0: <b>optimiser les leviers financiers, afin de cr\u00e9er un maximum de volume d\u2019affaire avec un minimum de fonds propres<\/b>.<\/p>\n<p class=\"p5\">Cela permet d\u2019obtenir le front op\u00e9rationnel le plus large, de diversifier les risques et\u2026 <b>d\u2019augmenter sa rentabilit\u00e9<\/b> (TRI, ROI et\/ou ROE \u00e9tant les principaux indicateurs de performance \u00e0 ce niveau). Simple et efficace lorsque les taux sont bas, mais beaucoup plus complexe en p\u00e9riode de forte inflation, comme nous l\u2019avons v\u00e9cu pendant 2 \u00e0 3 ans. M\u00eame si cette p\u00e9riode semble \u00e0 pr\u00e9sent derri\u00e8re nous (en t\u00e9moignent les 2,4% d\u2019inflation de la zone Euro pour juin 2024, contre 7% pour juin 2023), les d\u00e9g\u00e2ts sont l\u00e0. Nuan\u00e7ons toutefois sur un point\u00a0: l\u2019inflation, si elle a eu un impact g\u00e9n\u00e9ral sur la remont\u00e9e des taux d\u2019int\u00e9r\u00eat de la BCE, a aussi jou\u00e9 un r\u00f4le de rempart pour beaucoup d\u2019investisseurs immobiliers. En particulier pour les investisseurs \u00e0 long-terme qui se sont financ\u00e9s \u00e0 taux fixe.<\/p>\n<h2 class=\"p3\">2. Le risque d\u2019asphyxie financi\u00e8re<\/h2>\n<p class=\"p5\">Pour faire simple, disons donc que la plupart des professionnels structurent leur activit\u00e9 au moyen d\u2019<b>importants leviers financiers<\/b>, souscrits soit sous forme d\u2019<b>obligations<\/b> (taux et \u00e9ch\u00e9ances fixes), soit <b>de pr\u00eats <\/b>(allant de la dette bancaire en passant par le financement mezzanine ou encore le crowdfunding)<b> \u00e0 taux fixes ou<span class=\"Apple-converted-space\">\u00a0 <\/span>variables<\/b> (usuellement EURIBOR + marge). Or les deux cas de figure sont probl\u00e9matiques en p\u00e9riode d\u2019inflation. Prenons deux exemples pour l\u2019illustrer\u00a0:<\/p>\n<ul class=\"ul1\">\n<li class=\"li6\">Une obligation sur 3 ans souscrite en 2021 arrive donc \u00e0 \u00e9ch\u00e9ance en 2024, et doit \u00eatre rembours\u00e9e ou renouvel\u00e9e. Soit le souscripteur est en mesure de rembourser sa dette, <b>soit le co\u00fbt de celle-ci va \u00eatre beaucoup plus important<\/b> (on parle de multiplication par 3 ou 4 dans certains cas\u00a0!)<\/li>\n<li class=\"li3\">Un financement classique \u00e0 taux variable et contract\u00e9 \u00e0 ces m\u00eames p\u00e9riodes suivra, lui, l\u2019augmentation de l\u2019EURIBOR, <b>sans qu\u2019aucun plafond ne soit impos\u00e9 au cr\u00e9ancier<\/b> (contrairement par exemple aux pr\u00eats hypoth\u00e9caires \u00e0 taux variables consentis aux particuliers qui, eux, sont obligatoirement plafonn\u00e9s)<\/li>\n<\/ul>\n<p class=\"p5\">Le r\u00e9sultat\u00a0? Dans un premier temps, une <b>\u00e9rosion plus ou moins rapide de la marge escompt\u00e9e<\/b> en fonction de la dur\u00e9e et du taux de financement. Ensuite, une <b>sortie pr\u00e9matur\u00e9e \u00e0 marge r\u00e9duite, nulle ou n\u00e9gative pouvant potentiellement entra\u00eener l\u2019asphyxie financi\u00e8re du porteur des projets<\/b>.<\/p>\n<h2 class=\"p3\">3. Le \u00ab momentum infernal \u00bb de 2021-2022<\/h2>\n<p class=\"p5\">Chaque investissement immobilier comporte ses sp\u00e9cificit\u00e9s, mais s\u2019il est une base commune \u00e0 tous, c\u2019est la s\u00e9quence\u00a0: <b>acquisition \u2013 exploitation\/d\u00e9veloppement \u2013 revente<\/b>.<\/p>\n<p class=\"p5\">A plus ou moins long terme, et selon des processus qui d\u00e9pendent de l\u2019ADN de l\u2019investisseur ou du porteur de projet, mais la r\u00e9alisation de cette s\u00e9quence prend du temps dans tous les cas.<\/p>\n<p class=\"p5\">Or ceux qui ont pris position sur des investissement moyen ou long-terme dans l\u2019intervalle 2021-2022 (pour faire simple) se sont retrouv\u00e9s dans un <b>momentum de march\u00e9 ultra-d\u00e9favorable<\/b> en ce que\u00a0:<\/p>\n<ul class=\"ul1\">\n<li class=\"li6\">Les prix d\u2019acquisition \u00e9taient <b>\u00e0 leur apog\u00e9e<\/b> \u00e0 ce moment-l\u00e0 d\u00fb au fait de la compression maximale des taux (ou yields)<\/li>\n<\/ul>\n<ul class=\"ul1\">\n<li class=\"li6\"><b>L\u2019obstruction du canal de Suez<\/b> en mars 2021, qui a \u00e9t\u00e9 la \u00ab\u00a0premi\u00e8re allumette\u00a0\u00bb de la crise, engendrant \u00e0 elle seule une premi\u00e8re augmentation des prix sur certains mat\u00e9riaux (notamment les isolants thermiques, quasiment exclusivement produits en Chine).<\/li>\n<li class=\"li6\">La Russie a envahi l\u2019Ukraine en f\u00e9vrier 2022, entra\u00eenant un embargo europ\u00e9en sur l\u2019\u00e9nergie russe, faisant v\u00e9ritablement <b>flamber le prix de l\u2019\u00e9nergie<\/b> et, par cons\u00e9quent le prix de la plupart des mat\u00e9riaux directement li\u00e9s au cours de l\u2019\u00e9nergie (acier, ciment, transport, etc).<\/li>\n<li class=\"li3\">Le d\u00e9marrage d\u2019une politique de <b>hausse des taux par la BCE<\/b> d\u00e8s juillet 2022, qui a ensuite connu des vagues successives entra\u00eenant une inflation jamais vue depuis plus de 40 ans.<\/li>\n<\/ul>\n<p class=\"p5\">Imaginez-vous \u00e0 la place d\u2019un professionnel de l\u2019immobilier, qui investit X Millions d\u2019Euros en janvier 2021 sur un projet \u00e0 \u00e9ch\u00e9ance de 5 ans (ce qui est une dur\u00e9e standard). Vous avez <b>achet\u00e9 \u00e0 prix d\u2019or<\/b> un actif dont il va vous falloir <b>financer la cr\u00e9ation de valeur \u00e0 des taux tr\u00e8s \u00e9lev\u00e9s<\/b>, en vue de l\u2019offrir \u00e0 la vente dans un <b>march\u00e9 vid\u00e9 de ses liquidit\u00e9s<\/b>, et par cons\u00e9quent de la plupart de la demande.<\/p>\n<h2 class=\"p3\">4. La lenteur de l\u2019effet de rattrapage des prix de vente et loyers<\/h2>\n<p class=\"p5\">Nous avons jusqu\u2019ici abord\u00e9 des probl\u00e9matiques li\u00e9es <b>au co\u00fbt de l\u2019investissement immobilier<\/b>, et donc \u00e0 <b>l\u2019offre immobili\u00e8re de march\u00e9<\/b>. S\u2019il est une r\u00e8gle d\u2019\u00e9conomie, c\u2019est que lorsque l\u2019offre subit un d\u00e9r\u00e8glement, la demande finit in\u00e9vitablement par en subir des cons\u00e9quences. Cela se traduit en l\u2019occurrence par une <b>forte augmentation des prix de vente<\/b>, et par suite logique, des loyers.<\/p>\n<p class=\"p5\">Cette hausse des prix de vente est d\u00e9j\u00e0 bien perceptible actuellement, et est assortie d\u2019une nette <b>r\u00e9duction du volume d\u2019offre disponible<\/b>. Pour quelle raison\u00a0?<\/p>\n<p class=\"p5\">Parce que si le s\u00e9isme sur l\u2019offre s\u2019est op\u00e9r\u00e9 entre 2021, <b>l\u2019effet de correction sur la demande, lui, mettra encore du temps \u00e0 rattraper les choses<\/b>. Mat\u00e9riellement, il faut que le niveau de revenus des acqu\u00e9reurs (et des locataires) leur permette de retrouver un pouvoir d\u2019achat suffisant pour qu\u2019ils puissent \u00e0 nouveau consommer de l\u2019immobilier. Or cela prendra du temps. Et en attendant, les prix ne pourront pas monter au risque de ne pas trouver preneur.<\/p>\n<p class=\"p5\">Les vendeurs sont donc pris au pi\u00e8ge avec <b>un stock rendu illiquide par la flamb\u00e9e des co\u00fbts<\/b>, et font le dos rond quand ils le peuvent, ou se retrouvent contraints de subir une d\u00e9cote (\u00e9ventuellement importante) sur leurs actifs pour retrouver de l\u2019oxyg\u00e8ne. Et <b>le march\u00e9 est donc vid\u00e9 d\u2019une grande partie de l\u2019offre potentielle<\/b>, par choix des vendeurs d\u2019<b>attendre le retour de jours meilleurs<\/b>.<\/p>\n<h2 class=\"p1\">5. Conclusion<\/h2>\n<p class=\"p3\">La combinaison de ces quatre ph\u00e9nom\u00e8nes constitue selon nous <b>la plus grande partie<\/b> de l\u2019explication de la crise que l\u2019immobilier (belge) conna\u00eet actuellement. Pas la totalit\u00e9 toutefois, car il serait r\u00e9ducteur de ne pas y inclure les probl\u00e9matiques li\u00e9es \u00e0 la lenteur chronique des d\u00e9lais d\u2019obtention de permis de construire, les blocages politiques li\u00e9s \u00e0 la pr\u00e9servation de tout m\u00e8tre carr\u00e9 construit ou verduris\u00e9, le recours devenu quasi-syst\u00e9matique \u00e0 l\u2019arbitrage du Conseil d\u2019Etat, les multiples cons\u00e9quences du Covid, dont notamment le shift modal du t\u00e9l\u00e9travail, etc.<\/p>\n<p class=\"p3\">Mais si les param\u00e8tres macro\u00e9conomiques semblent faire de timides progr\u00e8s, comme en t\u00e9moigne la r\u00e9cente r\u00e9duction des taux directeurs de la BCE (moins 25 points de base, pour atteindre un taux de d\u00e9p\u00f4t de 3,25%), les d\u00e9fis politiques et administratifs restent gigantesques pour permettre au secteur immobilier belge de retrouver les beaux jours.<\/p>\n<p class=\"p3\">Gageons que la redistribution des cartes aux diff\u00e9rents niveaux de pouvoir du pays permettra de capitaliser sur cette crise pour insuffler une \u00e9nergie nouvelle \u00e0 ce secteur \u00e9conomique fondamental, sans mettre de c\u00f4t\u00e9 les d\u00e9fis climatiques et sociaux. Never waste a good crisis, disait Churchill\u00a0!<\/p>\n","protected":false},"excerpt":{"rendered":"<p>L\u2019immobilier belge est en crise\u00a0! Secteur r\u00e9put\u00e9 pour sa forte stabilit\u00e9, voire valeur refuge pour beaucoup d\u2019investisseurs belges, l\u2019immobilier traverse pourtant depuis plusieurs ann\u00e9es des turbulences \u00e0 r\u00e9p\u00e9tition. Observateurs et presse s\u2019accordent \u00e0 dire que le \u00ab\u00a0tierc\u00e9\u00a0\u00bb Covid 19, invasion russe en Ukraine puis flamb\u00e9e inflationniste ont eu pour cons\u00e9quence l\u2019affaiblissement de pans entiers de [&hellip;]<\/p>\n","protected":false},"author":5,"featured_media":6230,"comment_status":"closed","ping_status":"closed","sticky":false,"template":"","format":"standard","meta":{"_acf_changed":false,"inline_featured_image":false,"footnotes":""},"categories":[24],"tags":[],"class_list":{"0":"post-6224","1":"post","2":"type-post","3":"status-publish","4":"format-standard","5":"has-post-thumbnail","7":"category-immobilier"},"acf":[],"_yoast_wpseo_title":null,"_yoast_wpseo_metadesc":"D\u00e9couvrez les causes de la crise immobili\u00e8re en Belgique, influenc\u00e9e par des facteurs mondiaux comme la pand\u00e9mie, la guerre en Ukraine et l'inflation.","auteur_traducteur":"Nicolas Deremince, partenaire chez Delta Real Estate","yoast_head":"<!-- This site is optimized with the Yoast SEO plugin v27.4 - https:\/\/yoast.com\/product\/yoast-seo-wordpress\/ -->\n<title>D\u00e9cryptage\u00a0: quelles sont les causes de la crise immobili\u00e8re en Belgique\u00a0? | Forbes Belgique<\/title>\n<meta name=\"description\" content=\"D\u00e9couvrez les causes de la crise immobili\u00e8re en Belgique, influenc\u00e9e par des facteurs mondiaux comme la pand\u00e9mie, la guerre en Ukraine et l&#039;inflation.\" \/>\n<meta name=\"robots\" content=\"index, follow, max-snippet:-1, max-image-preview:large, max-video-preview:-1\" \/>\n<link rel=\"canonical\" href=\"https:\/\/www.forbes.be\/fr\/decryptage-quelles-sont-les-causes-de-la-crise-immobiliere-en-belgique\/\" \/>\n<meta property=\"og:locale\" content=\"fr_FR\" \/>\n<meta property=\"og:type\" content=\"article\" \/>\n<meta property=\"og:title\" content=\"D\u00e9cryptage\u00a0: quelles sont les causes de la crise immobili\u00e8re en Belgique\u00a0? | Forbes Belgique\" \/>\n<meta property=\"og:description\" content=\"D\u00e9couvrez les causes de la crise immobili\u00e8re en Belgique, influenc\u00e9e par des facteurs mondiaux comme la pand\u00e9mie, la guerre en Ukraine et l&#039;inflation.\" \/>\n<meta property=\"og:url\" content=\"https:\/\/www.forbes.be\/fr\/decryptage-quelles-sont-les-causes-de-la-crise-immobiliere-en-belgique\/\" \/>\n<meta property=\"og:site_name\" content=\"Forbes Belgique\" \/>\n<meta property=\"article:publisher\" content=\"https:\/\/www.facebook.com\/forbesbelgique\/\" \/>\n<meta property=\"article:published_time\" content=\"2024-11-29T10:19:35+00:00\" \/>\n<meta property=\"og:image\" content=\"https:\/\/www.forbes.be\/fr\/wp-content\/uploads\/2024\/11\/AdobeStock_39628809.jpg\" \/>\n\t<meta property=\"og:image:width\" content=\"1200\" \/>\n\t<meta property=\"og:image:height\" content=\"628\" \/>\n\t<meta property=\"og:image:type\" content=\"image\/jpeg\" \/>\n<meta name=\"author\" content=\"Forbes Belgique\" \/>\n<meta name=\"twitter:card\" content=\"summary_large_image\" \/>\n<meta name=\"twitter:label1\" content=\"\u00c9crit par\" \/>\n\t<meta name=\"twitter:data1\" content=\"Forbes Belgique\" \/>\n\t<meta name=\"twitter:label2\" content=\"Dur\u00e9e de lecture estim\u00e9e\" \/>\n\t<meta name=\"twitter:data2\" content=\"7 minutes\" \/>\n<script type=\"application\/ld+json\" class=\"yoast-schema-graph\">{\"@context\":\"https:\\\/\\\/schema.org\",\"@graph\":[{\"@type\":\"NewsArticle\",\"@id\":\"https:\\\/\\\/www.forbes.be\\\/fr\\\/decryptage-quelles-sont-les-causes-de-la-crise-immobiliere-en-belgique\\\/#article\",\"isPartOf\":{\"@id\":\"https:\\\/\\\/www.forbes.be\\\/fr\\\/decryptage-quelles-sont-les-causes-de-la-crise-immobiliere-en-belgique\\\/\"},\"author\":{\"name\":\"Forbes Belgique\",\"@id\":\"https:\\\/\\\/www.forbes.be\\\/fr\\\/#\\\/schema\\\/person\\\/147c95cac22c7a4a8056e69e1f287b1f\"},\"headline\":\"D\u00e9cryptage\u00a0: quelles sont les causes de la crise immobili\u00e8re en Belgique\u00a0?\",\"datePublished\":\"2024-11-29T10:19:35+00:00\",\"mainEntityOfPage\":{\"@id\":\"https:\\\/\\\/www.forbes.be\\\/fr\\\/decryptage-quelles-sont-les-causes-de-la-crise-immobiliere-en-belgique\\\/\"},\"wordCount\":1407,\"publisher\":{\"@id\":\"https:\\\/\\\/www.forbes.be\\\/fr\\\/#organization\"},\"image\":{\"@id\":\"https:\\\/\\\/www.forbes.be\\\/fr\\\/decryptage-quelles-sont-les-causes-de-la-crise-immobiliere-en-belgique\\\/#primaryimage\"},\"thumbnailUrl\":\"https:\\\/\\\/www.forbes.be\\\/fr\\\/wp-content\\\/uploads\\\/2024\\\/11\\\/AdobeStock_39628809.jpg\",\"articleSection\":[\"Immobilier\"],\"inLanguage\":\"fr-FR\"},{\"@type\":\"WebPage\",\"@id\":\"https:\\\/\\\/www.forbes.be\\\/fr\\\/decryptage-quelles-sont-les-causes-de-la-crise-immobiliere-en-belgique\\\/\",\"url\":\"https:\\\/\\\/www.forbes.be\\\/fr\\\/decryptage-quelles-sont-les-causes-de-la-crise-immobiliere-en-belgique\\\/\",\"name\":\"D\u00e9cryptage\u00a0: quelles sont les causes de la crise immobili\u00e8re en Belgique\u00a0? | Forbes Belgique\",\"isPartOf\":{\"@id\":\"https:\\\/\\\/www.forbes.be\\\/fr\\\/#website\"},\"primaryImageOfPage\":{\"@id\":\"https:\\\/\\\/www.forbes.be\\\/fr\\\/decryptage-quelles-sont-les-causes-de-la-crise-immobiliere-en-belgique\\\/#primaryimage\"},\"image\":{\"@id\":\"https:\\\/\\\/www.forbes.be\\\/fr\\\/decryptage-quelles-sont-les-causes-de-la-crise-immobiliere-en-belgique\\\/#primaryimage\"},\"thumbnailUrl\":\"https:\\\/\\\/www.forbes.be\\\/fr\\\/wp-content\\\/uploads\\\/2024\\\/11\\\/AdobeStock_39628809.jpg\",\"datePublished\":\"2024-11-29T10:19:35+00:00\",\"description\":\"D\u00e9couvrez les causes de la crise immobili\u00e8re en Belgique, influenc\u00e9e par des facteurs mondiaux comme la pand\u00e9mie, la guerre en Ukraine et l'inflation.\",\"breadcrumb\":{\"@id\":\"https:\\\/\\\/www.forbes.be\\\/fr\\\/decryptage-quelles-sont-les-causes-de-la-crise-immobiliere-en-belgique\\\/#breadcrumb\"},\"inLanguage\":\"fr-FR\",\"potentialAction\":[{\"@type\":\"ReadAction\",\"target\":[\"https:\\\/\\\/www.forbes.be\\\/fr\\\/decryptage-quelles-sont-les-causes-de-la-crise-immobiliere-en-belgique\\\/\"]}]},{\"@type\":\"ImageObject\",\"inLanguage\":\"fr-FR\",\"@id\":\"https:\\\/\\\/www.forbes.be\\\/fr\\\/decryptage-quelles-sont-les-causes-de-la-crise-immobiliere-en-belgique\\\/#primaryimage\",\"url\":\"https:\\\/\\\/www.forbes.be\\\/fr\\\/wp-content\\\/uploads\\\/2024\\\/11\\\/AdobeStock_39628809.jpg\",\"contentUrl\":\"https:\\\/\\\/www.forbes.be\\\/fr\\\/wp-content\\\/uploads\\\/2024\\\/11\\\/AdobeStock_39628809.jpg\",\"width\":1200,\"height\":628,\"caption\":\"\u00a9 Adobe Stock\"},{\"@type\":\"BreadcrumbList\",\"@id\":\"https:\\\/\\\/www.forbes.be\\\/fr\\\/decryptage-quelles-sont-les-causes-de-la-crise-immobiliere-en-belgique\\\/#breadcrumb\",\"itemListElement\":[{\"@type\":\"ListItem\",\"position\":1,\"name\":\"Accueil\",\"item\":\"https:\\\/\\\/www.forbes.be\\\/fr\\\/\"},{\"@type\":\"ListItem\",\"position\":2,\"name\":\"D\u00e9cryptage\u00a0: quelles sont les causes de la crise immobili\u00e8re en Belgique\u00a0?\"}]},{\"@type\":\"WebSite\",\"@id\":\"https:\\\/\\\/www.forbes.be\\\/fr\\\/#website\",\"url\":\"https:\\\/\\\/www.forbes.be\\\/fr\\\/\",\"name\":\"Forbes Belgique\",\"description\":\"\",\"publisher\":{\"@id\":\"https:\\\/\\\/www.forbes.be\\\/fr\\\/#organization\"},\"potentialAction\":[{\"@type\":\"SearchAction\",\"target\":{\"@type\":\"EntryPoint\",\"urlTemplate\":\"https:\\\/\\\/www.forbes.be\\\/fr\\\/?s={search_term_string}\"},\"query-input\":{\"@type\":\"PropertyValueSpecification\",\"valueRequired\":true,\"valueName\":\"search_term_string\"}}],\"inLanguage\":\"fr-FR\"},{\"@type\":\"Organization\",\"@id\":\"https:\\\/\\\/www.forbes.be\\\/fr\\\/#organization\",\"name\":\"Forbes Belgique\",\"url\":\"https:\\\/\\\/www.forbes.be\\\/fr\\\/\",\"logo\":{\"@type\":\"ImageObject\",\"inLanguage\":\"fr-FR\",\"@id\":\"https:\\\/\\\/www.forbes.be\\\/fr\\\/#\\\/schema\\\/logo\\\/image\\\/\",\"url\":\"https:\\\/\\\/www.forbes.be\\\/fr\\\/wp-content\\\/uploads\\\/2024\\\/02\\\/forbes.be_.png\",\"contentUrl\":\"https:\\\/\\\/www.forbes.be\\\/fr\\\/wp-content\\\/uploads\\\/2024\\\/02\\\/forbes.be_.png\",\"width\":1200,\"height\":675,\"caption\":\"Forbes Belgique\"},\"image\":{\"@id\":\"https:\\\/\\\/www.forbes.be\\\/fr\\\/#\\\/schema\\\/logo\\\/image\\\/\"},\"sameAs\":[\"https:\\\/\\\/www.facebook.com\\\/forbesbelgique\\\/\",\"https:\\\/\\\/www.instagram.com\\\/Forbes_Belgium\",\"https:\\\/\\\/www.linkedin.com\\\/company\\\/forbes-belgium\\\/\"]},{\"@type\":\"Person\",\"@id\":\"https:\\\/\\\/www.forbes.be\\\/fr\\\/#\\\/schema\\\/person\\\/147c95cac22c7a4a8056e69e1f287b1f\",\"name\":\"Forbes Belgique\",\"image\":{\"@type\":\"ImageObject\",\"inLanguage\":\"fr-FR\",\"@id\":\"https:\\\/\\\/www.forbes.be\\\/fr\\\/wp-content\\\/uploads\\\/2024\\\/01\\\/forbes-thumb-150x150.jpg\",\"url\":\"https:\\\/\\\/www.forbes.be\\\/fr\\\/wp-content\\\/uploads\\\/2024\\\/01\\\/forbes-thumb-150x150.jpg\",\"contentUrl\":\"https:\\\/\\\/www.forbes.be\\\/fr\\\/wp-content\\\/uploads\\\/2024\\\/01\\\/forbes-thumb-150x150.jpg\",\"caption\":\"Forbes Belgique\"},\"url\":\"https:\\\/\\\/www.forbes.be\\\/fr\\\/author\\\/forbes-be\\\/\"}]}<\/script>\n<!-- \/ Yoast SEO plugin. -->","yoast_head_json":{"title":"D\u00e9cryptage\u00a0: quelles sont les causes de la crise immobili\u00e8re en Belgique\u00a0? | Forbes Belgique","description":"D\u00e9couvrez les causes de la crise immobili\u00e8re en Belgique, influenc\u00e9e par des facteurs mondiaux comme la pand\u00e9mie, la guerre en Ukraine et l'inflation.","robots":{"index":"index","follow":"follow","max-snippet":"max-snippet:-1","max-image-preview":"max-image-preview:large","max-video-preview":"max-video-preview:-1"},"canonical":"https:\/\/www.forbes.be\/fr\/decryptage-quelles-sont-les-causes-de-la-crise-immobiliere-en-belgique\/","og_locale":"fr_FR","og_type":"article","og_title":"D\u00e9cryptage\u00a0: quelles sont les causes de la crise immobili\u00e8re en Belgique\u00a0? | Forbes Belgique","og_description":"D\u00e9couvrez les causes de la crise immobili\u00e8re en Belgique, influenc\u00e9e par des facteurs mondiaux comme la pand\u00e9mie, la guerre en Ukraine et l'inflation.","og_url":"https:\/\/www.forbes.be\/fr\/decryptage-quelles-sont-les-causes-de-la-crise-immobiliere-en-belgique\/","og_site_name":"Forbes Belgique","article_publisher":"https:\/\/www.facebook.com\/forbesbelgique\/","article_published_time":"2024-11-29T10:19:35+00:00","og_image":[{"width":1200,"height":628,"url":"https:\/\/www.forbes.be\/fr\/wp-content\/uploads\/2024\/11\/AdobeStock_39628809.jpg","type":"image\/jpeg"}],"author":"Forbes Belgique","twitter_card":"summary_large_image","twitter_misc":{"\u00c9crit par":"Forbes Belgique","Dur\u00e9e de lecture estim\u00e9e":"7 minutes"},"schema":{"@context":"https:\/\/schema.org","@graph":[{"@type":"NewsArticle","@id":"https:\/\/www.forbes.be\/fr\/decryptage-quelles-sont-les-causes-de-la-crise-immobiliere-en-belgique\/#article","isPartOf":{"@id":"https:\/\/www.forbes.be\/fr\/decryptage-quelles-sont-les-causes-de-la-crise-immobiliere-en-belgique\/"},"author":{"name":"Forbes Belgique","@id":"https:\/\/www.forbes.be\/fr\/#\/schema\/person\/147c95cac22c7a4a8056e69e1f287b1f"},"headline":"D\u00e9cryptage\u00a0: quelles sont les causes de la crise immobili\u00e8re en Belgique\u00a0?","datePublished":"2024-11-29T10:19:35+00:00","mainEntityOfPage":{"@id":"https:\/\/www.forbes.be\/fr\/decryptage-quelles-sont-les-causes-de-la-crise-immobiliere-en-belgique\/"},"wordCount":1407,"publisher":{"@id":"https:\/\/www.forbes.be\/fr\/#organization"},"image":{"@id":"https:\/\/www.forbes.be\/fr\/decryptage-quelles-sont-les-causes-de-la-crise-immobiliere-en-belgique\/#primaryimage"},"thumbnailUrl":"https:\/\/www.forbes.be\/fr\/wp-content\/uploads\/2024\/11\/AdobeStock_39628809.jpg","articleSection":["Immobilier"],"inLanguage":"fr-FR"},{"@type":"WebPage","@id":"https:\/\/www.forbes.be\/fr\/decryptage-quelles-sont-les-causes-de-la-crise-immobiliere-en-belgique\/","url":"https:\/\/www.forbes.be\/fr\/decryptage-quelles-sont-les-causes-de-la-crise-immobiliere-en-belgique\/","name":"D\u00e9cryptage\u00a0: quelles sont les causes de la crise immobili\u00e8re en Belgique\u00a0? | Forbes Belgique","isPartOf":{"@id":"https:\/\/www.forbes.be\/fr\/#website"},"primaryImageOfPage":{"@id":"https:\/\/www.forbes.be\/fr\/decryptage-quelles-sont-les-causes-de-la-crise-immobiliere-en-belgique\/#primaryimage"},"image":{"@id":"https:\/\/www.forbes.be\/fr\/decryptage-quelles-sont-les-causes-de-la-crise-immobiliere-en-belgique\/#primaryimage"},"thumbnailUrl":"https:\/\/www.forbes.be\/fr\/wp-content\/uploads\/2024\/11\/AdobeStock_39628809.jpg","datePublished":"2024-11-29T10:19:35+00:00","description":"D\u00e9couvrez les causes de la crise immobili\u00e8re en Belgique, influenc\u00e9e par des facteurs mondiaux comme la pand\u00e9mie, la guerre en Ukraine et l'inflation.","breadcrumb":{"@id":"https:\/\/www.forbes.be\/fr\/decryptage-quelles-sont-les-causes-de-la-crise-immobiliere-en-belgique\/#breadcrumb"},"inLanguage":"fr-FR","potentialAction":[{"@type":"ReadAction","target":["https:\/\/www.forbes.be\/fr\/decryptage-quelles-sont-les-causes-de-la-crise-immobiliere-en-belgique\/"]}]},{"@type":"ImageObject","inLanguage":"fr-FR","@id":"https:\/\/www.forbes.be\/fr\/decryptage-quelles-sont-les-causes-de-la-crise-immobiliere-en-belgique\/#primaryimage","url":"https:\/\/www.forbes.be\/fr\/wp-content\/uploads\/2024\/11\/AdobeStock_39628809.jpg","contentUrl":"https:\/\/www.forbes.be\/fr\/wp-content\/uploads\/2024\/11\/AdobeStock_39628809.jpg","width":1200,"height":628,"caption":"\u00a9 Adobe Stock"},{"@type":"BreadcrumbList","@id":"https:\/\/www.forbes.be\/fr\/decryptage-quelles-sont-les-causes-de-la-crise-immobiliere-en-belgique\/#breadcrumb","itemListElement":[{"@type":"ListItem","position":1,"name":"Accueil","item":"https:\/\/www.forbes.be\/fr\/"},{"@type":"ListItem","position":2,"name":"D\u00e9cryptage\u00a0: quelles sont les causes de la crise immobili\u00e8re en Belgique\u00a0?"}]},{"@type":"WebSite","@id":"https:\/\/www.forbes.be\/fr\/#website","url":"https:\/\/www.forbes.be\/fr\/","name":"Forbes Belgique","description":"","publisher":{"@id":"https:\/\/www.forbes.be\/fr\/#organization"},"potentialAction":[{"@type":"SearchAction","target":{"@type":"EntryPoint","urlTemplate":"https:\/\/www.forbes.be\/fr\/?s={search_term_string}"},"query-input":{"@type":"PropertyValueSpecification","valueRequired":true,"valueName":"search_term_string"}}],"inLanguage":"fr-FR"},{"@type":"Organization","@id":"https:\/\/www.forbes.be\/fr\/#organization","name":"Forbes Belgique","url":"https:\/\/www.forbes.be\/fr\/","logo":{"@type":"ImageObject","inLanguage":"fr-FR","@id":"https:\/\/www.forbes.be\/fr\/#\/schema\/logo\/image\/","url":"https:\/\/www.forbes.be\/fr\/wp-content\/uploads\/2024\/02\/forbes.be_.png","contentUrl":"https:\/\/www.forbes.be\/fr\/wp-content\/uploads\/2024\/02\/forbes.be_.png","width":1200,"height":675,"caption":"Forbes Belgique"},"image":{"@id":"https:\/\/www.forbes.be\/fr\/#\/schema\/logo\/image\/"},"sameAs":["https:\/\/www.facebook.com\/forbesbelgique\/","https:\/\/www.instagram.com\/Forbes_Belgium","https:\/\/www.linkedin.com\/company\/forbes-belgium\/"]},{"@type":"Person","@id":"https:\/\/www.forbes.be\/fr\/#\/schema\/person\/147c95cac22c7a4a8056e69e1f287b1f","name":"Forbes Belgique","image":{"@type":"ImageObject","inLanguage":"fr-FR","@id":"https:\/\/www.forbes.be\/fr\/wp-content\/uploads\/2024\/01\/forbes-thumb-150x150.jpg","url":"https:\/\/www.forbes.be\/fr\/wp-content\/uploads\/2024\/01\/forbes-thumb-150x150.jpg","contentUrl":"https:\/\/www.forbes.be\/fr\/wp-content\/uploads\/2024\/01\/forbes-thumb-150x150.jpg","caption":"Forbes Belgique"},"url":"https:\/\/www.forbes.be\/fr\/author\/forbes-be\/"}]}},"_links":{"self":[{"href":"https:\/\/www.forbes.be\/fr\/wp-json\/wp\/v2\/posts\/6224","targetHints":{"allow":["GET"]}}],"collection":[{"href":"https:\/\/www.forbes.be\/fr\/wp-json\/wp\/v2\/posts"}],"about":[{"href":"https:\/\/www.forbes.be\/fr\/wp-json\/wp\/v2\/types\/post"}],"author":[{"embeddable":true,"href":"https:\/\/www.forbes.be\/fr\/wp-json\/wp\/v2\/users\/5"}],"replies":[{"embeddable":true,"href":"https:\/\/www.forbes.be\/fr\/wp-json\/wp\/v2\/comments?post=6224"}],"version-history":[{"count":1,"href":"https:\/\/www.forbes.be\/fr\/wp-json\/wp\/v2\/posts\/6224\/revisions"}],"predecessor-version":[{"id":6231,"href":"https:\/\/www.forbes.be\/fr\/wp-json\/wp\/v2\/posts\/6224\/revisions\/6231"}],"wp:featuredmedia":[{"embeddable":true,"href":"https:\/\/www.forbes.be\/fr\/wp-json\/wp\/v2\/media\/6230"}],"wp:attachment":[{"href":"https:\/\/www.forbes.be\/fr\/wp-json\/wp\/v2\/media?parent=6224"}],"wp:term":[{"taxonomy":"category","embeddable":true,"href":"https:\/\/www.forbes.be\/fr\/wp-json\/wp\/v2\/categories?post=6224"},{"taxonomy":"post_tag","embeddable":true,"href":"https:\/\/www.forbes.be\/fr\/wp-json\/wp\/v2\/tags?post=6224"}],"curies":[{"name":"wp","href":"https:\/\/api.w.org\/{rel}","templated":true}]}}