{"id":6241,"date":"2024-11-19T07:00:11","date_gmt":"2024-11-19T06:00:11","guid":{"rendered":"https:\/\/www.forbes.be\/fr\/?p=6241"},"modified":"2024-11-19T13:51:13","modified_gmt":"2024-11-19T12:51:13","slug":"costume-sur-mesure-tradition-modernite-belgique","status":"publish","type":"post","link":"https:\/\/www.forbes.be\/fr\/costume-sur-mesure-tradition-modernite-belgique\/","title":{"rendered":"Le costume sur-mesure : tradition, modernit\u00e9 et renouveau en Belgique"},"content":{"rendered":"<p class=\"p1\"><strong><span class=\"s1\">Alors que la vie professionnelle s\u2019effectue de plus en plus derri\u00e8re un \u00e9cran, comment se porte le march\u00e9 du <\/span><span class=\"s2\">costume<\/span><span class=\"s1\">, sur-mesure en particulier ? Et qui sont les meilleurs fournisseurs ? A quel prix selon ses subtilit\u00e9s de fabrication ? Etat des lieux \u2013 et des <\/span><span class=\"s1\">ateliers \u2013 qui rappellent qu\u2019avant d\u2019\u00eatre un outil de communication sociale, le \u00ab <\/span><span class=\"s2\">sur-mesure<\/span><span class=\"s1\"> \u00bb est un <\/span><span class=\"s2\">art de vivre<\/span><span class=\"s1\">.<\/span><\/strong><\/p>\n<p class=\"p1\">Avec sa position strat\u00e9gique en Europe, Bruxelles b\u00e9n\u00e9ficie du potentiel de client\u00e8le sartoriale des institutions internationales, des lobbys li\u00e9s et des multiples si\u00e8ges diplomatiques et bancaires qu\u2019elle accueille. Pourtant le secteur d\u00e9cline, par manque de transmission de cette culture pourtant incontournable dans certains secteurs d\u2019activit\u00e9s. Alors la tradition du \u00ab\u00a0sur-mesure\u00a0\u00bb, noblesse du costume, perp\u00e9tue et renouvelle son savoir-faire, de maisons historiques en jeunes entreprises innovantes. Men\u00e9es par des passionn\u00e9s qui portent une vision moderne du m\u00e9tier, elles rendent progressivement \u00e0 ce march\u00e9 de niche son caract\u00e8re comp\u00e9titif. <span class=\"Apple-converted-space\">\u00a0<\/span><\/p>\n<figure id=\"attachment_6252\" aria-describedby=\"caption-attachment-6252\" style=\"width: 2560px\" class=\"wp-caption alignnone\"><img loading=\"lazy\" decoding=\"async\" class=\"wp-image-6252 size-full\" src=\"https:\/\/www.forbes.be\/fr\/wp-content\/uploads\/2024\/11\/2-1-scaled.jpg\" alt=\"\" width=\"2560\" height=\"2560\" srcset=\"https:\/\/www.forbes.be\/fr\/wp-content\/uploads\/2024\/11\/2-1-scaled.jpg 2560w, https:\/\/www.forbes.be\/fr\/wp-content\/uploads\/2024\/11\/2-1-300x300.jpg 300w, https:\/\/www.forbes.be\/fr\/wp-content\/uploads\/2024\/11\/2-1-1024x1024.jpg 1024w, https:\/\/www.forbes.be\/fr\/wp-content\/uploads\/2024\/11\/2-1-150x150.jpg 150w, https:\/\/www.forbes.be\/fr\/wp-content\/uploads\/2024\/11\/2-1-768x768.jpg 768w, https:\/\/www.forbes.be\/fr\/wp-content\/uploads\/2024\/11\/2-1-1536x1536.jpg 1536w, https:\/\/www.forbes.be\/fr\/wp-content\/uploads\/2024\/11\/2-1-2048x2048.jpg 2048w, https:\/\/www.forbes.be\/fr\/wp-content\/uploads\/2024\/11\/2-1-696x696.jpg 696w, https:\/\/www.forbes.be\/fr\/wp-content\/uploads\/2024\/11\/2-1-1068x1068.jpg 1068w, https:\/\/www.forbes.be\/fr\/wp-content\/uploads\/2024\/11\/2-1-1920x1920.jpg 1920w, https:\/\/www.forbes.be\/fr\/wp-content\/uploads\/2024\/11\/2-1-600x600.jpg 600w, https:\/\/www.forbes.be\/fr\/wp-content\/uploads\/2024\/11\/2-1-100x100.jpg 100w\" sizes=\"auto, (max-width: 2560px) 100vw, 2560px\" \/><figcaption id=\"caption-attachment-6252\" class=\"wp-caption-text\">\u00a9 Caf\u00e9 Costume<\/figcaption><\/figure>\n<blockquote>\n<p class=\"p3\"><span class=\"s1\">\u00ab\u00a0<i>Les <\/i><\/span><span class=\"s2\"><i>r\u00e9seaux sociaux<\/i><\/span><span class=\"s1\"><i> ont d\u00e9poussi\u00e9r\u00e9 le <\/i><\/span><span class=\"s2\"><i>costume<\/i><\/span><span class=\"s1\">\u00a0\u00bb<\/span><\/p>\n<\/blockquote>\n<p class=\"p1\">En 2018, Abdallah Akleh a fond\u00e9 <a href=\"https:\/\/my-tailor.com\/\">My Tailor<\/a> \u00e0 Bruxelles, fort de plus de 20 ans d\u2019exp\u00e9rience dans le domaine du sur-mesure et du pr\u00eat-\u00e0-porter. Form\u00e9 au tailoring par un tailleur parisien qui lui a transmis le go\u00fbt du textile, des techniques ancestrales, des belles mati\u00e8res et du luxe, il a ouvert en 2024 une boutique-atelier \u00e0 Ixelles. Sa Maison de tailleur sur-mesure se r\u00e9f\u00e8re \u00e0 deux \u00e9coles : \u00ab\u00a0<i>la londonienne, avec une sobri\u00e9t\u00e9 \u00e9tudi\u00e9e, et la ligne napolitaine, sprezzatura, plus d\u00e9cal\u00e9e, faussement d\u00e9contract\u00e9e. Ce sont deux styles, deux types de constructions diff\u00e9rentes\u00a0<\/i>\u00bb. My Tailor b\u00e9n\u00e9ficie d\u2019un r\u00e9seau qui s\u2019est construit par le bouche-\u00e0-oreille: on se repasse l\u2019adresse sous le manteau, en cachemire \u00e9videmment. Pour expliquer cette r\u00e9surgence du costume sur-mesure en pleine explosion du t\u00e9l\u00e9travail, Abdallah Akleh \u00e9voque l\u2019impact des r\u00e9seaux sociaux. \u00ab <i>Ils ont d\u00e9poussi\u00e9r\u00e9 le costume, avec, d\u00e8s 2010, des tutos sur YouTube qui expliquaient comment nouer sa cravate. <\/i><i>L\u2019\u00e9mergence de m\u00e9dias comme \u00ab The gentleman\u2019s gazette \u00bb <\/i><i>(1,7 millions d\u2019abonn\u00e9s), et d\u2019influenceurs \u00e0 l\u2019image d\u2019Hugo Jacomet (120.000 followers sur Instagram), l\u2019une des figures de proue de l\u2019\u00e9l\u00e9gance masculine et auteur du site: <a href=\"https:\/\/www.parisiangentleman.com\/\">parisiangentleman.com<\/a>, a permis de d\u00e9dramatiser le sur-mesure et de r\u00e9v\u00e9ler le monde sartorial, qui est fascinant et comp<\/i><span class=\"s3\"><i>lexe. <\/i><\/span><\/p>\n<p class=\"p1\"><span class=\"s3\"><i>Dans la foul\u00e9e beaucoup de maisons fran\u00e7aises ont voulu s\u2019installer \u00e0 Bruxelles mais n\u2019ont pas transform\u00e9 l\u2019essai, avec des business models qui n\u2019\u00e9taient pas tenables, en proposant des costumes faits en Chine \u00e0 600 euros<\/i> \u00bb. <\/span><span class=\"s3\">Pour les costumes qu\u2019il taille dans les meilleurs tissus sourc\u00e9s aupr\u00e8s de prestigieuses filatures (plus de 8500 r\u00e9f\u00e9rences) et qui sont cousus main, il faut compter entre 1250 et 3500 euros. <\/span>La diff\u00e9rence entre ce que le costume \u00ab\u00a0co\u00fbte\u00a0\u00bb, et ce qu\u2019il \u00ab\u00a0vaut\u00a0\u00bb.<\/p>\n<figure id=\"attachment_6251\" aria-describedby=\"caption-attachment-6251\" style=\"width: 1366px\" class=\"wp-caption alignnone\"><img loading=\"lazy\" decoding=\"async\" class=\"wp-image-6251 size-full\" src=\"https:\/\/www.forbes.be\/fr\/wp-content\/uploads\/2024\/11\/1-1.jpg\" alt=\"\" width=\"1366\" height=\"2048\" srcset=\"https:\/\/www.forbes.be\/fr\/wp-content\/uploads\/2024\/11\/1-1.jpg 1366w, https:\/\/www.forbes.be\/fr\/wp-content\/uploads\/2024\/11\/1-1-200x300.jpg 200w, https:\/\/www.forbes.be\/fr\/wp-content\/uploads\/2024\/11\/1-1-683x1024.jpg 683w, https:\/\/www.forbes.be\/fr\/wp-content\/uploads\/2024\/11\/1-1-768x1151.jpg 768w, https:\/\/www.forbes.be\/fr\/wp-content\/uploads\/2024\/11\/1-1-1025x1536.jpg 1025w, https:\/\/www.forbes.be\/fr\/wp-content\/uploads\/2024\/11\/1-1-696x1043.jpg 696w, https:\/\/www.forbes.be\/fr\/wp-content\/uploads\/2024\/11\/1-1-1068x1601.jpg 1068w, https:\/\/www.forbes.be\/fr\/wp-content\/uploads\/2024\/11\/1-1-600x900.jpg 600w\" sizes=\"auto, (max-width: 1366px) 100vw, 1366px\" \/><figcaption id=\"caption-attachment-6251\" class=\"wp-caption-text\">\u00a9 Degand<\/figcaption><\/figure>\n<blockquote>\n<p class=\"p1\"><span class=\"s1\">\u00ab<i>\u00a0En <\/i><\/span><span class=\"s2\"><i>Belgique<\/i><\/span><span class=\"s1\"><i>, presque plus <\/i><\/span><span class=\"s2\"><i>personne<\/i><\/span><span class=\"s1\"><i> ne fait du v\u00e9ritable <\/i><\/span><span class=\"s2\"><i>sur-mesure<\/i><\/span><span class=\"s1\">\u00bb<\/span><\/p>\n<\/blockquote>\n<p class=\"p1\">Le temps de fabrication d\u2019un vrai costume coup\u00e9 sur mesure \u2013 et non d\u2019un mod\u00e8le d\u00e9j\u00e0 confectionn\u00e9 qu\u2019on adapte aux mensurations du client \u2013 demande trois \u00e0 quatre semaines, incluant une cinquantaine d\u2019heures de travail et trois rendez-vous d\u2019essayages et d\u2019ajustements. Le prix varie en fonction de la composition du tissu, de son grammage, des boutons et des finitions. Pierre Degand, fondateur au d\u00e9but des ann\u00e9es 80 de <a href=\"https:\/\/maisondegand.com\/?srsltid=AfmBOoocnfNxyrCAwCzqdBLSLGaDDYGcH_dZrsHLartnTIe6CcWUgcJx\" target=\"_blank\" rel=\"noopener\">la maison<\/a> qui porte son nom, d\u00e9code\u00a0: \u00ab<i>\u00a0C\u2019est un secteur d\u2019initi\u00e9s. Si on s\u2019int\u00e9resse au costume, il faut venir s\u2019instruire aupr\u00e8s des professionnels parce que le sartorialisme, c\u2019est toujours une histoire de transmission. Notre tailleur maison, Gennaro, \u00e2g\u00e9 de 86 ans, est dans le m\u00e9tier depuis ses 14 ans. Il est en train de former un jeune tailleur parce qu\u2019en Belgique, presque plus personne ne fait du v\u00e9ritable \u00absur-mesure<\/i> \u00bb. Une multitude de marques proposent des costumes sous cette appellation qui sont assembl\u00e9s par thermocollage et non cousus, avec une fabrication d\u00e9localis\u00e9e. On trouve alors des costumes fabriqu\u00e9s mais selon un processus industrialis\u00e9, sans travail de construction. \u00ab\u00a0<i>Chez nous, le vrai sur-mesure co\u00fbte environ 7500 euros. C\u2019est le prix de grandes maisons de tailleurs, \u00e0 Paris ou \u00e0 Londres. Le chiffre peut monter selon le choix des tissus. La vigogne revient \u00e0 2500 euros le m\u00e8tre par exemple, mais attention, cette mati\u00e8re convient aux vestons et aux manteaux, mais pas aux costumes, en raison de sa fragilit\u00e9<\/i>\u00a0\u00bb. Dans ce secteur \u00e9litiste qui touche \u00e0 la fois au corps et au positionnement social, la relation de confiance se construit au fil et \u00e0 mesure. Pierre Degand nuance : \u00ab<i>\u00a0je ne vends pas, je conseille. L\u2019avantage d\u2019un costume sur-mesure, si on trouve un bon tailleur, c\u2019est qu\u2019il met le corps en valeur et qu\u2019on s\u2019y sent bien. Il conf\u00e8re du cachet, rehausse le charisme. Il s\u2019accorde avec la chemise, sur-mesure aussi, avec les chaussettes, les chaussures, le parapluie. La culture vestimentaire, \u00e7a s\u2019acquiert<\/i>\u00a0\u00bb.<span class=\"Apple-converted-space\">\u00a0<\/span><\/p>\n<figure id=\"attachment_6255\" aria-describedby=\"caption-attachment-6255\" style=\"width: 1705px\" class=\"wp-caption alignnone\"><img loading=\"lazy\" decoding=\"async\" class=\"wp-image-6255 size-full\" src=\"https:\/\/www.forbes.be\/fr\/wp-content\/uploads\/2024\/11\/Mercken-18-scaled.jpg\" alt=\"\" width=\"1705\" height=\"2560\" srcset=\"https:\/\/www.forbes.be\/fr\/wp-content\/uploads\/2024\/11\/Mercken-18-scaled.jpg 1705w, https:\/\/www.forbes.be\/fr\/wp-content\/uploads\/2024\/11\/Mercken-18-200x300.jpg 200w, https:\/\/www.forbes.be\/fr\/wp-content\/uploads\/2024\/11\/Mercken-18-682x1024.jpg 682w, https:\/\/www.forbes.be\/fr\/wp-content\/uploads\/2024\/11\/Mercken-18-768x1153.jpg 768w, https:\/\/www.forbes.be\/fr\/wp-content\/uploads\/2024\/11\/Mercken-18-1023x1536.jpg 1023w, https:\/\/www.forbes.be\/fr\/wp-content\/uploads\/2024\/11\/Mercken-18-1364x2048.jpg 1364w, https:\/\/www.forbes.be\/fr\/wp-content\/uploads\/2024\/11\/Mercken-18-696x1045.jpg 696w, https:\/\/www.forbes.be\/fr\/wp-content\/uploads\/2024\/11\/Mercken-18-1068x1603.jpg 1068w, https:\/\/www.forbes.be\/fr\/wp-content\/uploads\/2024\/11\/Mercken-18-1920x2882.jpg 1920w, https:\/\/www.forbes.be\/fr\/wp-content\/uploads\/2024\/11\/Mercken-18-600x901.jpg 600w\" sizes=\"auto, (max-width: 1705px) 100vw, 1705px\" \/><figcaption id=\"caption-attachment-6255\" class=\"wp-caption-text\">\u00a9 Mercken<\/figcaption><\/figure>\n<h2 class=\"p4\"><span class=\"s4\">Un sur-mesure surfil\u00e9 de modernit\u00e9<\/span><\/h2>\n<p class=\"p4\">Bruno Van Gils est h\u00e9ritier d\u2019une famille de fabricants, dont les manufactures fournissent des grandes marques dans le monde entier. Il a lanc\u00e9 <a href=\"https:\/\/cafecostume.com\/fr\/?srsltid=AfmBOoo9L0nkrqT73NCYaDiNPNNzEUpRDcv-tjV4w2rmS4NwZkLq8AdH\" target=\"_blank\" rel=\"noopener\">Caf\u00e9 Costume<\/a> en 2006, sur un march\u00e9 qui \u00e9tait alors en d\u00e9clin. Il a ouvert depuis une dizaine de boutiques en Belgique. L\u2019un des talents de cette soci\u00e9t\u00e9, outre l\u2019originalit\u00e9 de ses mod\u00e8les \u2013 Caf\u00e9 Costume se distingue par son offre de v\u00eatements color\u00e9s et doubl\u00e9s, sur demande, de tissus figuratifs cocr\u00e9\u00e9s avec des artistes belges \u2013 se situe dans ses prix accessibles gr\u00e2ce \u00e0 une collaboration \u00e9troite depuis le d\u00e9part avec une usine de fabrication sp\u00e9cialis\u00e9e dans le sur-mesure \u00e0 Tanger. Travaillant sa visibilit\u00e9, Caf\u00e9 Costume a par exemple habill\u00e9 170 repr\u00e9sentants de la d\u00e9l\u00e9gation belge aux Jeux Olympiques de Paris.\u00a0\u00ab\u00a0<i>Quatre tenues par personne dont la moiti\u00e9 d\u2019athl\u00e8tes r\u00e9partis sur tous les continents, c\u2019\u00e9tait notre plus grand d\u00e9fi jusqu\u2019\u00e0 pr\u00e9sent\u00a0: la prise de mesures a \u00e9t\u00e9 notre \u00e9preuve olympique \u00e0 nous\u00a0<\/i>\u00bb. La soci\u00e9t\u00e9 emploie 34 personnes en Belgique, form\u00e9es par les tailleurs maison aux prises de mesures rigoureuses, et \u00e0 une parfaite connaissance des mati\u00e8res. \u00ab\u00a0<i>Notre biblioth\u00e8que de tissus comprend des milliers de coupons<\/i>\u00a0\u00bb. Le co\u00fbt moyen d\u2019un costume dans cette enseigne qui en fait fabriquer jusqu\u2019\u00e0 8000 par an\u00a0?<span class=\"Apple-converted-space\">\u00a0 <\/span>\u00ab\u00a0<i>1000 euros environ, avec des offres \u00e0 590 euros en fin d\u2019ann\u00e9e<\/i>\u00a0\u00bb.<span class=\"Apple-converted-space\">\u00a0<\/span><\/p>\n<figure id=\"attachment_6253\" aria-describedby=\"caption-attachment-6253\" style=\"width: 2560px\" class=\"wp-caption alignnone\"><img loading=\"lazy\" decoding=\"async\" class=\"wp-image-6253 size-full\" src=\"https:\/\/www.forbes.be\/fr\/wp-content\/uploads\/2024\/11\/3-1-scaled.jpg\" alt=\"\" width=\"2560\" height=\"2560\" srcset=\"https:\/\/www.forbes.be\/fr\/wp-content\/uploads\/2024\/11\/3-1-scaled.jpg 2560w, https:\/\/www.forbes.be\/fr\/wp-content\/uploads\/2024\/11\/3-1-300x300.jpg 300w, https:\/\/www.forbes.be\/fr\/wp-content\/uploads\/2024\/11\/3-1-1024x1024.jpg 1024w, https:\/\/www.forbes.be\/fr\/wp-content\/uploads\/2024\/11\/3-1-150x150.jpg 150w, https:\/\/www.forbes.be\/fr\/wp-content\/uploads\/2024\/11\/3-1-768x768.jpg 768w, https:\/\/www.forbes.be\/fr\/wp-content\/uploads\/2024\/11\/3-1-1536x1536.jpg 1536w, https:\/\/www.forbes.be\/fr\/wp-content\/uploads\/2024\/11\/3-1-2048x2048.jpg 2048w, https:\/\/www.forbes.be\/fr\/wp-content\/uploads\/2024\/11\/3-1-696x696.jpg 696w, https:\/\/www.forbes.be\/fr\/wp-content\/uploads\/2024\/11\/3-1-1068x1068.jpg 1068w, https:\/\/www.forbes.be\/fr\/wp-content\/uploads\/2024\/11\/3-1-1920x1920.jpg 1920w, https:\/\/www.forbes.be\/fr\/wp-content\/uploads\/2024\/11\/3-1-600x600.jpg 600w, https:\/\/www.forbes.be\/fr\/wp-content\/uploads\/2024\/11\/3-1-100x100.jpg 100w\" sizes=\"auto, (max-width: 2560px) 100vw, 2560px\" \/><figcaption id=\"caption-attachment-6253\" class=\"wp-caption-text\">\u00a9 Bruno Van Gils<\/figcaption><\/figure>\n<h2 class=\"p4\"><span class=\"s4\">Multimarques et sur-mesure<\/span><\/h2>\n<p class=\"p1\">Frederique <a href=\"https:\/\/www.mercken.com\/\" target=\"_blank\" rel=\"noopener\">Mercken<\/a> g\u00e8re l\u2019entreprise familiale fond\u00e9e par son p\u00e8re, premier \u00e0 distribuer Armani en Belgique, avec aujourd\u2019hui six magasins multimarques r\u00e9partis en Flandre. \u00ab\u00a0<i>Nous travaillons avec quatre tailleurs maison. Pour le confort nous conseillons par exemple la fabrication Brioni, ou Tom Ford pour le c\u00f4t\u00e9 tendance. Nous prenons les mesures en boutique, puis les costumes sont r\u00e9alis\u00e9s par les compagnies choisies, en Italie. Pour les commandes sp\u00e9ciales, comme cela se pr\u00e9sente notamment pour des clients en situation de handicap qui ont besoin de plus d\u2019essayages, le d\u00e9lai de livraison peut passer de quatre \u00e0 six semaines, et nous fabriquons dans nos ateliers en Belgique<\/i> \u00bb. Chez Mercken, il faut compter entre 2500 euros pour un costume Caruso con\u00e7u \u00e0 Parme, et pour un Brioni, les prix commencent \u00e0 5000 euros.\u00a0Pour une veste en vigogne, l\u2019investissement repr\u00e9sente de 27.000 \u00e0 35.000 euros. \u00ab\u00a0<i>Comme nous sommes multimarques, nous touchons autant les jeunes qui aiment les logos, que les diplomates ou une client\u00e8le locale d\u2019industriels et d\u2019hommes d\u2019affaires\u00a0<\/i>\u00bb. Frederique Mercken \u00e9voque aussi une nouvelle g\u00e9n\u00e9ration de jeunes professionnels qui \u00e9conomisent pour s\u2019offrir un costume sur mesure, \u00ab\u00a0<i>par passion et conviction<\/i>\u00a0\u00bb. Domaine en pleine mutation alors que de nombreuses maisons de tailleurs traditionnels ont disparu au profit des marques de luxe, le costume sur-mesure, pour hommes et femmes (les clientes repr\u00e9sentent jusqu\u2019\u00e0 30% du march\u00e9) s\u2019enseigne et se transmet, signe distinctif sociologique d\u2019un art de s\u2019habiller en r\u00e9invention.<span class=\"s5\"><span class=\"Apple-converted-space\">\u00a0<\/span><\/span><\/p>\n","protected":false},"excerpt":{"rendered":"<p>Alors que la vie professionnelle s\u2019effectue de plus en plus derri\u00e8re un \u00e9cran, comment se porte le march\u00e9 du costume, sur-mesure en particulier ? Et qui sont les meilleurs fournisseurs ? A quel prix selon ses subtilit\u00e9s de fabrication ? Etat des lieux \u2013 et des ateliers \u2013 qui rappellent qu\u2019avant d\u2019\u00eatre un outil de [&hellip;]<\/p>\n","protected":false},"author":43,"featured_media":6254,"comment_status":"closed","ping_status":"closed","sticky":false,"template":"","format":"standard","meta":{"_acf_changed":false,"inline_featured_image":false,"footnotes":""},"categories":[18],"tags":[],"class_list":{"0":"post-6241","1":"post","2":"type-post","3":"status-publish","4":"format-standard","5":"has-post-thumbnail","7":"category-luxe"},"acf":[],"_yoast_wpseo_title":null,"_yoast_wpseo_metadesc":"D\u00e9couvrez l'\u00e9tat du march\u00e9 du costume sur-mesure, ses meilleurs fournisseurs et les prix selon les subtilit\u00e9s de fabrication.","auteur_traducteur":"","yoast_head":"<!-- This site is optimized with the Yoast SEO plugin v27.4 - https:\/\/yoast.com\/product\/yoast-seo-wordpress\/ -->\n<title>Le costume sur-mesure : tradition, modernit\u00e9 et renouveau en Belgique | Forbes Belgique<\/title>\n<meta name=\"description\" content=\"D\u00e9couvrez l&#039;\u00e9tat du march\u00e9 du costume sur-mesure, ses meilleurs fournisseurs et les prix selon les subtilit\u00e9s de fabrication.\" \/>\n<meta name=\"robots\" content=\"index, follow, max-snippet:-1, max-image-preview:large, max-video-preview:-1\" \/>\n<link rel=\"canonical\" href=\"https:\/\/www.forbes.be\/fr\/costume-sur-mesure-tradition-modernite-belgique\/\" \/>\n<meta property=\"og:locale\" content=\"fr_FR\" \/>\n<meta property=\"og:type\" content=\"article\" \/>\n<meta property=\"og:title\" content=\"Le costume sur-mesure : tradition, modernit\u00e9 et renouveau en Belgique | Forbes Belgique\" \/>\n<meta property=\"og:description\" content=\"D\u00e9couvrez l&#039;\u00e9tat du march\u00e9 du costume sur-mesure, ses meilleurs fournisseurs et les prix selon les subtilit\u00e9s de fabrication.\" \/>\n<meta property=\"og:url\" content=\"https:\/\/www.forbes.be\/fr\/costume-sur-mesure-tradition-modernite-belgique\/\" \/>\n<meta property=\"og:site_name\" content=\"Forbes Belgique\" \/>\n<meta property=\"article:publisher\" content=\"https:\/\/www.facebook.com\/forbesbelgique\/\" \/>\n<meta property=\"article:published_time\" content=\"2024-11-19T06:00:11+00:00\" \/>\n<meta property=\"article:modified_time\" content=\"2024-11-19T12:51:13+00:00\" \/>\n<meta property=\"og:image\" content=\"https:\/\/www.forbes.be\/fr\/wp-content\/uploads\/2024\/11\/costume.jpg\" \/>\n\t<meta property=\"og:image:width\" content=\"1200\" \/>\n\t<meta property=\"og:image:height\" content=\"628\" \/>\n\t<meta property=\"og:image:type\" content=\"image\/jpeg\" \/>\n<meta name=\"author\" content=\"Elisabeth Clauss\" \/>\n<meta name=\"twitter:card\" content=\"summary_large_image\" \/>\n<meta name=\"twitter:label1\" content=\"\u00c9crit par\" \/>\n\t<meta name=\"twitter:data1\" content=\"Elisabeth Clauss\" \/>\n\t<meta name=\"twitter:label2\" content=\"Dur\u00e9e de lecture estim\u00e9e\" \/>\n\t<meta name=\"twitter:data2\" content=\"8 minutes\" \/>\n<script type=\"application\/ld+json\" class=\"yoast-schema-graph\">{\"@context\":\"https:\\\/\\\/schema.org\",\"@graph\":[{\"@type\":\"NewsArticle\",\"@id\":\"https:\\\/\\\/www.forbes.be\\\/fr\\\/costume-sur-mesure-tradition-modernite-belgique\\\/#article\",\"isPartOf\":{\"@id\":\"https:\\\/\\\/www.forbes.be\\\/fr\\\/costume-sur-mesure-tradition-modernite-belgique\\\/\"},\"author\":{\"name\":\"Elisabeth Clauss\",\"@id\":\"https:\\\/\\\/www.forbes.be\\\/fr\\\/#\\\/schema\\\/person\\\/c3fea84edc4d1fe816b59a5a20a6f384\"},\"headline\":\"Le costume sur-mesure : tradition, modernit\u00e9 et renouveau en Belgique\",\"datePublished\":\"2024-11-19T06:00:11+00:00\",\"dateModified\":\"2024-11-19T12:51:13+00:00\",\"mainEntityOfPage\":{\"@id\":\"https:\\\/\\\/www.forbes.be\\\/fr\\\/costume-sur-mesure-tradition-modernite-belgique\\\/\"},\"wordCount\":1392,\"publisher\":{\"@id\":\"https:\\\/\\\/www.forbes.be\\\/fr\\\/#organization\"},\"image\":{\"@id\":\"https:\\\/\\\/www.forbes.be\\\/fr\\\/costume-sur-mesure-tradition-modernite-belgique\\\/#primaryimage\"},\"thumbnailUrl\":\"https:\\\/\\\/www.forbes.be\\\/fr\\\/wp-content\\\/uploads\\\/2024\\\/11\\\/costume.jpg\",\"articleSection\":[\"Luxe\"],\"inLanguage\":\"fr-FR\"},{\"@type\":\"WebPage\",\"@id\":\"https:\\\/\\\/www.forbes.be\\\/fr\\\/costume-sur-mesure-tradition-modernite-belgique\\\/\",\"url\":\"https:\\\/\\\/www.forbes.be\\\/fr\\\/costume-sur-mesure-tradition-modernite-belgique\\\/\",\"name\":\"Le costume sur-mesure : tradition, modernit\u00e9 et renouveau en Belgique | Forbes Belgique\",\"isPartOf\":{\"@id\":\"https:\\\/\\\/www.forbes.be\\\/fr\\\/#website\"},\"primaryImageOfPage\":{\"@id\":\"https:\\\/\\\/www.forbes.be\\\/fr\\\/costume-sur-mesure-tradition-modernite-belgique\\\/#primaryimage\"},\"image\":{\"@id\":\"https:\\\/\\\/www.forbes.be\\\/fr\\\/costume-sur-mesure-tradition-modernite-belgique\\\/#primaryimage\"},\"thumbnailUrl\":\"https:\\\/\\\/www.forbes.be\\\/fr\\\/wp-content\\\/uploads\\\/2024\\\/11\\\/costume.jpg\",\"datePublished\":\"2024-11-19T06:00:11+00:00\",\"dateModified\":\"2024-11-19T12:51:13+00:00\",\"description\":\"D\u00e9couvrez l'\u00e9tat du march\u00e9 du costume sur-mesure, ses meilleurs fournisseurs et les prix selon les subtilit\u00e9s de fabrication.\",\"breadcrumb\":{\"@id\":\"https:\\\/\\\/www.forbes.be\\\/fr\\\/costume-sur-mesure-tradition-modernite-belgique\\\/#breadcrumb\"},\"inLanguage\":\"fr-FR\",\"potentialAction\":[{\"@type\":\"ReadAction\",\"target\":[\"https:\\\/\\\/www.forbes.be\\\/fr\\\/costume-sur-mesure-tradition-modernite-belgique\\\/\"]}]},{\"@type\":\"ImageObject\",\"inLanguage\":\"fr-FR\",\"@id\":\"https:\\\/\\\/www.forbes.be\\\/fr\\\/costume-sur-mesure-tradition-modernite-belgique\\\/#primaryimage\",\"url\":\"https:\\\/\\\/www.forbes.be\\\/fr\\\/wp-content\\\/uploads\\\/2024\\\/11\\\/costume.jpg\",\"contentUrl\":\"https:\\\/\\\/www.forbes.be\\\/fr\\\/wp-content\\\/uploads\\\/2024\\\/11\\\/costume.jpg\",\"width\":1200,\"height\":628,\"caption\":\"\u00a9 Degand\"},{\"@type\":\"BreadcrumbList\",\"@id\":\"https:\\\/\\\/www.forbes.be\\\/fr\\\/costume-sur-mesure-tradition-modernite-belgique\\\/#breadcrumb\",\"itemListElement\":[{\"@type\":\"ListItem\",\"position\":1,\"name\":\"Accueil\",\"item\":\"https:\\\/\\\/www.forbes.be\\\/fr\\\/\"},{\"@type\":\"ListItem\",\"position\":2,\"name\":\"Le costume sur-mesure : tradition, modernit\u00e9 et renouveau en Belgique\"}]},{\"@type\":\"WebSite\",\"@id\":\"https:\\\/\\\/www.forbes.be\\\/fr\\\/#website\",\"url\":\"https:\\\/\\\/www.forbes.be\\\/fr\\\/\",\"name\":\"Forbes Belgique\",\"description\":\"\",\"publisher\":{\"@id\":\"https:\\\/\\\/www.forbes.be\\\/fr\\\/#organization\"},\"potentialAction\":[{\"@type\":\"SearchAction\",\"target\":{\"@type\":\"EntryPoint\",\"urlTemplate\":\"https:\\\/\\\/www.forbes.be\\\/fr\\\/?s={search_term_string}\"},\"query-input\":{\"@type\":\"PropertyValueSpecification\",\"valueRequired\":true,\"valueName\":\"search_term_string\"}}],\"inLanguage\":\"fr-FR\"},{\"@type\":\"Organization\",\"@id\":\"https:\\\/\\\/www.forbes.be\\\/fr\\\/#organization\",\"name\":\"Forbes Belgique\",\"url\":\"https:\\\/\\\/www.forbes.be\\\/fr\\\/\",\"logo\":{\"@type\":\"ImageObject\",\"inLanguage\":\"fr-FR\",\"@id\":\"https:\\\/\\\/www.forbes.be\\\/fr\\\/#\\\/schema\\\/logo\\\/image\\\/\",\"url\":\"https:\\\/\\\/www.forbes.be\\\/fr\\\/wp-content\\\/uploads\\\/2024\\\/02\\\/forbes.be_.png\",\"contentUrl\":\"https:\\\/\\\/www.forbes.be\\\/fr\\\/wp-content\\\/uploads\\\/2024\\\/02\\\/forbes.be_.png\",\"width\":1200,\"height\":675,\"caption\":\"Forbes Belgique\"},\"image\":{\"@id\":\"https:\\\/\\\/www.forbes.be\\\/fr\\\/#\\\/schema\\\/logo\\\/image\\\/\"},\"sameAs\":[\"https:\\\/\\\/www.facebook.com\\\/forbesbelgique\\\/\",\"https:\\\/\\\/www.instagram.com\\\/Forbes_Belgium\",\"https:\\\/\\\/www.linkedin.com\\\/company\\\/forbes-belgium\\\/\"]},{\"@type\":\"Person\",\"@id\":\"https:\\\/\\\/www.forbes.be\\\/fr\\\/#\\\/schema\\\/person\\\/c3fea84edc4d1fe816b59a5a20a6f384\",\"name\":\"Elisabeth Clauss\",\"image\":{\"@type\":\"ImageObject\",\"inLanguage\":\"fr-FR\",\"@id\":\"https:\\\/\\\/secure.gravatar.com\\\/avatar\\\/3bf5a689b7553a76b1c64762a93978ff31c30fe661b96e2f58c95f9fc9a7eb41?s=96&d=mm&r=g\",\"url\":\"https:\\\/\\\/secure.gravatar.com\\\/avatar\\\/3bf5a689b7553a76b1c64762a93978ff31c30fe661b96e2f58c95f9fc9a7eb41?s=96&d=mm&r=g\",\"contentUrl\":\"https:\\\/\\\/secure.gravatar.com\\\/avatar\\\/3bf5a689b7553a76b1c64762a93978ff31c30fe661b96e2f58c95f9fc9a7eb41?s=96&d=mm&r=g\",\"caption\":\"Elisabeth Clauss\"},\"url\":\"https:\\\/\\\/www.forbes.be\\\/fr\\\/author\\\/elisabeth-clauss\\\/\"}]}<\/script>\n<!-- \/ Yoast SEO plugin. -->","yoast_head_json":{"title":"Le costume sur-mesure : tradition, modernit\u00e9 et renouveau en Belgique | Forbes Belgique","description":"D\u00e9couvrez l'\u00e9tat du march\u00e9 du costume sur-mesure, ses meilleurs fournisseurs et les prix selon les subtilit\u00e9s de fabrication.","robots":{"index":"index","follow":"follow","max-snippet":"max-snippet:-1","max-image-preview":"max-image-preview:large","max-video-preview":"max-video-preview:-1"},"canonical":"https:\/\/www.forbes.be\/fr\/costume-sur-mesure-tradition-modernite-belgique\/","og_locale":"fr_FR","og_type":"article","og_title":"Le costume sur-mesure : tradition, modernit\u00e9 et renouveau en Belgique | Forbes Belgique","og_description":"D\u00e9couvrez l'\u00e9tat du march\u00e9 du costume sur-mesure, ses meilleurs fournisseurs et les prix selon les subtilit\u00e9s de fabrication.","og_url":"https:\/\/www.forbes.be\/fr\/costume-sur-mesure-tradition-modernite-belgique\/","og_site_name":"Forbes Belgique","article_publisher":"https:\/\/www.facebook.com\/forbesbelgique\/","article_published_time":"2024-11-19T06:00:11+00:00","article_modified_time":"2024-11-19T12:51:13+00:00","og_image":[{"width":1200,"height":628,"url":"https:\/\/www.forbes.be\/fr\/wp-content\/uploads\/2024\/11\/costume.jpg","type":"image\/jpeg"}],"author":"Elisabeth Clauss","twitter_card":"summary_large_image","twitter_misc":{"\u00c9crit par":"Elisabeth Clauss","Dur\u00e9e de lecture estim\u00e9e":"8 minutes"},"schema":{"@context":"https:\/\/schema.org","@graph":[{"@type":"NewsArticle","@id":"https:\/\/www.forbes.be\/fr\/costume-sur-mesure-tradition-modernite-belgique\/#article","isPartOf":{"@id":"https:\/\/www.forbes.be\/fr\/costume-sur-mesure-tradition-modernite-belgique\/"},"author":{"name":"Elisabeth Clauss","@id":"https:\/\/www.forbes.be\/fr\/#\/schema\/person\/c3fea84edc4d1fe816b59a5a20a6f384"},"headline":"Le costume sur-mesure : tradition, modernit\u00e9 et renouveau en Belgique","datePublished":"2024-11-19T06:00:11+00:00","dateModified":"2024-11-19T12:51:13+00:00","mainEntityOfPage":{"@id":"https:\/\/www.forbes.be\/fr\/costume-sur-mesure-tradition-modernite-belgique\/"},"wordCount":1392,"publisher":{"@id":"https:\/\/www.forbes.be\/fr\/#organization"},"image":{"@id":"https:\/\/www.forbes.be\/fr\/costume-sur-mesure-tradition-modernite-belgique\/#primaryimage"},"thumbnailUrl":"https:\/\/www.forbes.be\/fr\/wp-content\/uploads\/2024\/11\/costume.jpg","articleSection":["Luxe"],"inLanguage":"fr-FR"},{"@type":"WebPage","@id":"https:\/\/www.forbes.be\/fr\/costume-sur-mesure-tradition-modernite-belgique\/","url":"https:\/\/www.forbes.be\/fr\/costume-sur-mesure-tradition-modernite-belgique\/","name":"Le costume sur-mesure : tradition, modernit\u00e9 et renouveau en Belgique | Forbes Belgique","isPartOf":{"@id":"https:\/\/www.forbes.be\/fr\/#website"},"primaryImageOfPage":{"@id":"https:\/\/www.forbes.be\/fr\/costume-sur-mesure-tradition-modernite-belgique\/#primaryimage"},"image":{"@id":"https:\/\/www.forbes.be\/fr\/costume-sur-mesure-tradition-modernite-belgique\/#primaryimage"},"thumbnailUrl":"https:\/\/www.forbes.be\/fr\/wp-content\/uploads\/2024\/11\/costume.jpg","datePublished":"2024-11-19T06:00:11+00:00","dateModified":"2024-11-19T12:51:13+00:00","description":"D\u00e9couvrez l'\u00e9tat du march\u00e9 du costume sur-mesure, ses meilleurs fournisseurs et les prix selon les subtilit\u00e9s de fabrication.","breadcrumb":{"@id":"https:\/\/www.forbes.be\/fr\/costume-sur-mesure-tradition-modernite-belgique\/#breadcrumb"},"inLanguage":"fr-FR","potentialAction":[{"@type":"ReadAction","target":["https:\/\/www.forbes.be\/fr\/costume-sur-mesure-tradition-modernite-belgique\/"]}]},{"@type":"ImageObject","inLanguage":"fr-FR","@id":"https:\/\/www.forbes.be\/fr\/costume-sur-mesure-tradition-modernite-belgique\/#primaryimage","url":"https:\/\/www.forbes.be\/fr\/wp-content\/uploads\/2024\/11\/costume.jpg","contentUrl":"https:\/\/www.forbes.be\/fr\/wp-content\/uploads\/2024\/11\/costume.jpg","width":1200,"height":628,"caption":"\u00a9 Degand"},{"@type":"BreadcrumbList","@id":"https:\/\/www.forbes.be\/fr\/costume-sur-mesure-tradition-modernite-belgique\/#breadcrumb","itemListElement":[{"@type":"ListItem","position":1,"name":"Accueil","item":"https:\/\/www.forbes.be\/fr\/"},{"@type":"ListItem","position":2,"name":"Le costume sur-mesure : tradition, modernit\u00e9 et renouveau en Belgique"}]},{"@type":"WebSite","@id":"https:\/\/www.forbes.be\/fr\/#website","url":"https:\/\/www.forbes.be\/fr\/","name":"Forbes Belgique","description":"","publisher":{"@id":"https:\/\/www.forbes.be\/fr\/#organization"},"potentialAction":[{"@type":"SearchAction","target":{"@type":"EntryPoint","urlTemplate":"https:\/\/www.forbes.be\/fr\/?s={search_term_string}"},"query-input":{"@type":"PropertyValueSpecification","valueRequired":true,"valueName":"search_term_string"}}],"inLanguage":"fr-FR"},{"@type":"Organization","@id":"https:\/\/www.forbes.be\/fr\/#organization","name":"Forbes Belgique","url":"https:\/\/www.forbes.be\/fr\/","logo":{"@type":"ImageObject","inLanguage":"fr-FR","@id":"https:\/\/www.forbes.be\/fr\/#\/schema\/logo\/image\/","url":"https:\/\/www.forbes.be\/fr\/wp-content\/uploads\/2024\/02\/forbes.be_.png","contentUrl":"https:\/\/www.forbes.be\/fr\/wp-content\/uploads\/2024\/02\/forbes.be_.png","width":1200,"height":675,"caption":"Forbes Belgique"},"image":{"@id":"https:\/\/www.forbes.be\/fr\/#\/schema\/logo\/image\/"},"sameAs":["https:\/\/www.facebook.com\/forbesbelgique\/","https:\/\/www.instagram.com\/Forbes_Belgium","https:\/\/www.linkedin.com\/company\/forbes-belgium\/"]},{"@type":"Person","@id":"https:\/\/www.forbes.be\/fr\/#\/schema\/person\/c3fea84edc4d1fe816b59a5a20a6f384","name":"Elisabeth Clauss","image":{"@type":"ImageObject","inLanguage":"fr-FR","@id":"https:\/\/secure.gravatar.com\/avatar\/3bf5a689b7553a76b1c64762a93978ff31c30fe661b96e2f58c95f9fc9a7eb41?s=96&d=mm&r=g","url":"https:\/\/secure.gravatar.com\/avatar\/3bf5a689b7553a76b1c64762a93978ff31c30fe661b96e2f58c95f9fc9a7eb41?s=96&d=mm&r=g","contentUrl":"https:\/\/secure.gravatar.com\/avatar\/3bf5a689b7553a76b1c64762a93978ff31c30fe661b96e2f58c95f9fc9a7eb41?s=96&d=mm&r=g","caption":"Elisabeth Clauss"},"url":"https:\/\/www.forbes.be\/fr\/author\/elisabeth-clauss\/"}]}},"_links":{"self":[{"href":"https:\/\/www.forbes.be\/fr\/wp-json\/wp\/v2\/posts\/6241","targetHints":{"allow":["GET"]}}],"collection":[{"href":"https:\/\/www.forbes.be\/fr\/wp-json\/wp\/v2\/posts"}],"about":[{"href":"https:\/\/www.forbes.be\/fr\/wp-json\/wp\/v2\/types\/post"}],"author":[{"embeddable":true,"href":"https:\/\/www.forbes.be\/fr\/wp-json\/wp\/v2\/users\/43"}],"replies":[{"embeddable":true,"href":"https:\/\/www.forbes.be\/fr\/wp-json\/wp\/v2\/comments?post=6241"}],"version-history":[{"count":7,"href":"https:\/\/www.forbes.be\/fr\/wp-json\/wp\/v2\/posts\/6241\/revisions"}],"predecessor-version":[{"id":6449,"href":"https:\/\/www.forbes.be\/fr\/wp-json\/wp\/v2\/posts\/6241\/revisions\/6449"}],"wp:featuredmedia":[{"embeddable":true,"href":"https:\/\/www.forbes.be\/fr\/wp-json\/wp\/v2\/media\/6254"}],"wp:attachment":[{"href":"https:\/\/www.forbes.be\/fr\/wp-json\/wp\/v2\/media?parent=6241"}],"wp:term":[{"taxonomy":"category","embeddable":true,"href":"https:\/\/www.forbes.be\/fr\/wp-json\/wp\/v2\/categories?post=6241"},{"taxonomy":"post_tag","embeddable":true,"href":"https:\/\/www.forbes.be\/fr\/wp-json\/wp\/v2\/tags?post=6241"}],"curies":[{"name":"wp","href":"https:\/\/api.w.org\/{rel}","templated":true}]}}