{"id":6292,"date":"2024-11-14T13:24:22","date_gmt":"2024-11-14T12:24:22","guid":{"rendered":"https:\/\/www.forbes.be\/fr\/?p=6292"},"modified":"2024-12-11T09:43:24","modified_gmt":"2024-12-11T08:43:24","slug":"faisceau-de-turbulences-autour-du-groupe-wilink","status":"publish","type":"post","link":"https:\/\/www.forbes.be\/fr\/faisceau-de-turbulences-autour-du-groupe-wilink\/","title":{"rendered":"Faisceau de turbulences autour du groupe Wilink"},"content":{"rendered":"<p style=\"font-weight: 400;\"><strong>Suite \u00e0 la faillite prononc\u00e9e d\u2019Altro Finance &amp; Insurance, holding luxembourgeoise pilot\u00e9e par Dominique Dejean, la fa\u00eeti\u00e8re du groupe Wilink et ses principaux actionnaires sont dans la tourmente. Un effet domino est \u00e0 craindre pour certaines de ses filiales.<\/strong><\/p>\n<p style=\"font-weight: 400;\">L\u2019annonce du prononc\u00e9 de la faillite d\u2019Altro Finance &amp; Insurance par les autorit\u00e9s luxembourgeoises date d\u2019il y a plusieurs semaines d\u00e9j\u00e0. Elle a \u00e9t\u00e9 officialis\u00e9e la semaine derni\u00e8re. Et vu le lien financier direct de son actionnariat avec celui du groupe Wilink, certains proches du dossier, qui ont parfois perdu plusieurs millions d\u2019euros dans l\u2019aventure sans espoir de r\u00e9cup\u00e9rer leur mise, n\u2019h\u00e9sitent plus \u00e0 annoncer un effondrement rapide des filiales du groupe par effet domino.<\/p>\n<h4><strong>Rouages financiers complexes<\/strong><\/h4>\n<p style=\"font-weight: 400;\">Wilink Real Estate, le bras immobilier du groupe, enregistrait d&rsquo;ailleurs des pertes d\u00e8s 2023 et manquait d\u00e9j\u00e0 cruellement de capitaux propres. Nos confr\u00e8res du <a href=\"https:\/\/www.standaard.be\/cnt\/dmf20241112_97292922\">Standaard<\/a> ont \u00e9t\u00e9 les premiers \u00e0 tenter de d\u00e9tailler les rouages complexes du syst\u00e8me mis en place par Dominique Dejean, co-fondateur et grand planificateur financier du <a href=\"https:\/\/www.wilink.be\/fr\">groupe Wilink<\/a> et reconnu autrefois comme l&rsquo;un des grands courtiers d&rsquo;assurances belges.<\/p>\n<p style=\"font-weight: 400;\">Actif dans le secteur financier depuis 1988, le groupe pilot\u00e9 par ce dernier, d\u00e9j\u00e0 sp\u00e9cialis\u00e9 dans les revenus de commissions de services, s&rsquo;est progressivement diversifi\u00e9 sur plusieurs fronts en parall\u00e8le en prodiguant des conseils en mati\u00e8re de planification financi\u00e8re. Le <em>cross-selling<\/em> consistant \u00e0 coupler la vente de cr\u00e9dits financiers personnalis\u00e9s, d\u2019actifs immobiliers et de produits d&rsquo;assurance est rapidement devenu l\u2019ADN commercial de l\u2019homme d\u2019affaires. Et le brelan de services gagnant s\u2019est concr\u00e9tis\u00e9 industriellement d\u00e8s 2014 pour cr\u00e9er un vrai canif suisse via un r\u00e9seau de services financiers int\u00e9gr\u00e9s dont le si\u00e8ge social se trouve toujours \u00e0 Louvain-la-Neuve pour l\u2019instant.<\/p>\n<figure id=\"attachment_6295\" aria-describedby=\"caption-attachment-6295\" style=\"width: 1588px\" class=\"wp-caption alignnone\"><img loading=\"lazy\" decoding=\"async\" class=\"size-full wp-image-6295\" src=\"https:\/\/www.forbes.be\/fr\/wp-content\/uploads\/2024\/11\/Capture-decran-2024-11-13-a-17.58.00.png\" alt=\"\" width=\"1588\" height=\"728\" srcset=\"https:\/\/www.forbes.be\/fr\/wp-content\/uploads\/2024\/11\/Capture-decran-2024-11-13-a-17.58.00.png 1588w, https:\/\/www.forbes.be\/fr\/wp-content\/uploads\/2024\/11\/Capture-decran-2024-11-13-a-17.58.00-300x138.png 300w, https:\/\/www.forbes.be\/fr\/wp-content\/uploads\/2024\/11\/Capture-decran-2024-11-13-a-17.58.00-1024x469.png 1024w, https:\/\/www.forbes.be\/fr\/wp-content\/uploads\/2024\/11\/Capture-decran-2024-11-13-a-17.58.00-768x352.png 768w, https:\/\/www.forbes.be\/fr\/wp-content\/uploads\/2024\/11\/Capture-decran-2024-11-13-a-17.58.00-1536x704.png 1536w, https:\/\/www.forbes.be\/fr\/wp-content\/uploads\/2024\/11\/Capture-decran-2024-11-13-a-17.58.00-696x319.png 696w, https:\/\/www.forbes.be\/fr\/wp-content\/uploads\/2024\/11\/Capture-decran-2024-11-13-a-17.58.00-1068x490.png 1068w, https:\/\/www.forbes.be\/fr\/wp-content\/uploads\/2024\/11\/Capture-decran-2024-11-13-a-17.58.00-600x275.png 600w\" sizes=\"auto, (max-width: 1588px) 100vw, 1588px\" \/><figcaption id=\"caption-attachment-6295\" class=\"wp-caption-text\">Le \u00ab\u00a0cyclotron\u00a0\u00bb Wilink et ses trois m\u00e9tiers coupl\u00e9s.<\/figcaption><\/figure>\n<h4 style=\"font-weight: 400;\"><strong>Le canif suisse&#8230; sur papier<\/strong><\/h4>\n<p style=\"font-weight: 400;\">La fa\u00eeti\u00e8re du groupe est r\u00e9ellement venue du rapprochement de trois hommes aux comp\u00e9tences compl\u00e9mentaires: Dominique Dejean (SNC Dominique Dejean-<a href=\"https:\/\/www.fsma.be\/sites\/default\/files\/prospectus\/files\/2021\/2021-%2528123%2529-FR-SCS20210164-A01-B02-C21-NP-CD06_04.pdf\">Elitis<\/a>) avec Stefaan Vallaeys (Valminvest-BFO Family Office), actif lui aussi dans l&rsquo;assurance-vie et l&rsquo;immobilier, et Christophe Dister, bourgmestre MR de La Hulpe et homme fort du groupe de courtage d&rsquo;assurances et de cr\u00e9dit FINB (Even More SPRL).<\/p>\n<p style=\"font-weight: 400;\">Mais \u00e0 la fusion des trois p\u00f4les r\u00e9unis d\u2019abord sous fa\u00eeti\u00e8re FINB Group puis Wilink, sous l\u2019\u00e9gide de Dominique Dejean et sous la pr\u00e9sidence de <strong>Claude Desseille<\/strong>, il y avait, sur la table du notaire, pas moins de 60 soci\u00e9t\u00e9s \u00e0 valoriser et \u00e0 absorber dans un montage financier, on l\u2019imagine, pour le moins alambiqu\u00e9. Au final, l\u2019actionnariat de Wilink sera constitu\u00e9 \u00e0 quasi 90% par la soci\u00e9t\u00e9 de droit luxembourgeois Altro Finance &amp; Insurance SA aujourd\u2019hui d\u00e9clar\u00e9e en faillite et au sein de laquelle l\u2019actionnariat se partageait 50\/50 \u00e0 l\u2019origine entre <strong>Belinda Holdings SA<\/strong> (-25 millions d\u2019euros de pertes report\u00e9es en 2023) et des partenaires (<strong>Teck Finance<\/strong>, <strong>Mylecke<\/strong>, etc.), des membres du management ou des minoritaires.<\/p>\n<figure id=\"attachment_6304\" aria-describedby=\"caption-attachment-6304\" style=\"width: 2316px\" class=\"wp-caption alignnone\"><img loading=\"lazy\" decoding=\"async\" class=\"size-full wp-image-6304\" src=\"https:\/\/www.forbes.be\/fr\/wp-content\/uploads\/2024\/11\/organigramme-AFI.jpg\" alt=\"\" width=\"2316\" height=\"1326\" srcset=\"https:\/\/www.forbes.be\/fr\/wp-content\/uploads\/2024\/11\/organigramme-AFI.jpg 2316w, https:\/\/www.forbes.be\/fr\/wp-content\/uploads\/2024\/11\/organigramme-AFI-300x172.jpg 300w, https:\/\/www.forbes.be\/fr\/wp-content\/uploads\/2024\/11\/organigramme-AFI-1024x586.jpg 1024w, https:\/\/www.forbes.be\/fr\/wp-content\/uploads\/2024\/11\/organigramme-AFI-768x440.jpg 768w, https:\/\/www.forbes.be\/fr\/wp-content\/uploads\/2024\/11\/organigramme-AFI-1536x879.jpg 1536w, https:\/\/www.forbes.be\/fr\/wp-content\/uploads\/2024\/11\/organigramme-AFI-2048x1173.jpg 2048w, https:\/\/www.forbes.be\/fr\/wp-content\/uploads\/2024\/11\/organigramme-AFI-696x398.jpg 696w, https:\/\/www.forbes.be\/fr\/wp-content\/uploads\/2024\/11\/organigramme-AFI-1068x611.jpg 1068w, https:\/\/www.forbes.be\/fr\/wp-content\/uploads\/2024\/11\/organigramme-AFI-1920x1099.jpg 1920w, https:\/\/www.forbes.be\/fr\/wp-content\/uploads\/2024\/11\/organigramme-AFI-600x344.jpg 600w\" sizes=\"auto, (max-width: 2316px) 100vw, 2316px\" \/><figcaption id=\"caption-attachment-6304\" class=\"wp-caption-text\">L&rsquo;architecture historique particuli\u00e8rement sophistiqu\u00e9e des holdings liant Altro Finances &amp; Insurance et Wilink (2018).<\/figcaption><\/figure>\n<p style=\"font-weight: 400;\">De fa\u00e7on plus strat\u00e9gique, l\u2019entit\u00e9 b\u00e9n\u00e9ficiaire \u00e9conomique ultime de cette machine financi\u00e8re particuli\u00e8rement complexe, la soci\u00e9t\u00e9 fa\u00eeti\u00e8re <strong>Trinity Equity<\/strong>, place Dominique Dejean largement au-dessus de la m\u00eal\u00e9e des actionnaires puisqu\u2019il y d\u00e9tient <strong>\u00e0 lui seul 42% du capital<\/strong> et 2.999 parts sur un total de 7.125.<\/p>\n<h4 style=\"font-weight: 400;\"><strong>Le cha\u00eenon manquant<\/strong><\/h4>\n<p style=\"font-weight: 400;\">Le c\u00f4t\u00e9 obscur de la force du r\u00e9seau Wilink, c\u2019\u00e9tait avant tout un portefeuille de 80.000 clients particuliers o\u00f9 le courtage en assurance occupait 75% de l\u2019activit\u00e9 quotidienne et l\u2019immobilier 20%. <em>\u00abLa strat\u00e9gie adopt\u00e9e d\u00e8s le d\u00e9part \u00e9tait de progressivement \u00e9tendre l\u2019expertise et l\u2019activit\u00e9 de courtage immobilier. On voulait rapidement arriver \u00e0 cr\u00e9er un point de vente par province o\u00f9 nos quatre m\u00e9tiers de courtage soient repr\u00e9sent\u00e9s: la banque, le cr\u00e9dit, les assurances et l\u2019immobilier et \u00e9tendre notre r\u00e9seau\u00bb<\/em>, nous confiait Christophe Dister en 2017.<\/p>\n<figure id=\"attachment_6294\" aria-describedby=\"caption-attachment-6294\" style=\"width: 1528px\" class=\"wp-caption alignnone\"><img loading=\"lazy\" decoding=\"async\" class=\"size-full wp-image-6294\" src=\"https:\/\/www.forbes.be\/fr\/wp-content\/uploads\/2024\/11\/Capture-decran-2024-11-13-a-17.58.23.png\" alt=\"\" width=\"1528\" height=\"642\" srcset=\"https:\/\/www.forbes.be\/fr\/wp-content\/uploads\/2024\/11\/Capture-decran-2024-11-13-a-17.58.23.png 1528w, https:\/\/www.forbes.be\/fr\/wp-content\/uploads\/2024\/11\/Capture-decran-2024-11-13-a-17.58.23-300x126.png 300w, https:\/\/www.forbes.be\/fr\/wp-content\/uploads\/2024\/11\/Capture-decran-2024-11-13-a-17.58.23-1024x430.png 1024w, https:\/\/www.forbes.be\/fr\/wp-content\/uploads\/2024\/11\/Capture-decran-2024-11-13-a-17.58.23-768x323.png 768w, https:\/\/www.forbes.be\/fr\/wp-content\/uploads\/2024\/11\/Capture-decran-2024-11-13-a-17.58.23-696x292.png 696w, https:\/\/www.forbes.be\/fr\/wp-content\/uploads\/2024\/11\/Capture-decran-2024-11-13-a-17.58.23-1068x449.png 1068w, https:\/\/www.forbes.be\/fr\/wp-content\/uploads\/2024\/11\/Capture-decran-2024-11-13-a-17.58.23-600x252.png 600w\" sizes=\"auto, (max-width: 1528px) 100vw, 1528px\" \/><figcaption id=\"caption-attachment-6294\" class=\"wp-caption-text\">R\u00e9partition du chiffre d&rsquo;affaires des filiales de Wilink en fonction des commissions per\u00e7ues (2017)<\/figcaption><\/figure>\n<p>Pour \u00e9largir le spectre sans passer par une longue croissance organique sur le volet du courtage immobilier, les hommes forts de Wilink<a style=\"font-weight: bold;\" href=\"https:\/\/www.lecho.be\/entreprises\/immobilier\/les-patrons-de-wilink-dans-le-capital-de-century-21\/9910499.html\">\u00a0vont alors porter leur d\u00e9volu sur le r\u00e9seau Century21<\/a>, alors fort de quelque 160 agences, le racheter&#8230; puis le revendre d\u00e8s 2019 suite \u00e0 une dispute \u00e0 couteaux tir\u00e9s entre actionnaires nouveaux et anciens. Au m\u00eame moment, fort de 350 collaborateurs, le groupe Wilink d\u00e9crochait le troph\u00e9e de Gazelle n\u00b01 dans la section Grandes Entreprises du Brabant Wallon (Trends-Tendances).<\/p>\n<h4 style=\"font-weight: 400;\"><strong>Forces centrifuges<\/strong><\/h4>\n<p style=\"font-weight: 400;\">Pourtant, d\u00e9j\u00e0 soucieux de se replier sur le p\u00f4le assurance et son solide portefeuille de clients et de commissions r\u00e9currentes, Dominique Dejean persuadait d\u00e8s 2020 les administrateurs de son groupe de s\u2019associer au <strong>fonds fran\u00e7ais LFPI (banque Lazard)<\/strong> en le faisant rentrer dans le capital d\u00e8s septembre de la m\u00eame ann\u00e9e. LFPI prenait alors directement une participation majoritaire de 51% dans la filiale Insurance du groupe Wilink, <a href=\"https:\/\/trends.levif.be\/entreprises\/wilink-insurance-nest-pas-en-faillite\/#:~:text=En%20fait%2C%20c%27est%20son,Insurance%20de%20cette%20ancienne%20structure.\">la seule recapitalis\u00e9e \u00e0 temps pour voler de ses propres ailes<\/a>, les autres activit\u00e9s -courtage immobilier et planification financi\u00e8re- \u00e9tant rest\u00e9es en dehors du partenariat.<\/p>\n<p style=\"font-weight: 400;\">En janvier 2021, la SA Wilink, dont le pr\u00e9sident du conseil d\u2019Administration -d\u00e9missionnaire- est alors <a href=\"https:\/\/www.linkedin.com\/in\/yvesdelacollette\/?originalSubdomain=be\"><strong>Yves Delacollette<\/strong><\/a>, dispara\u00eet discr\u00e8tement pour \u00eatre rebaptis\u00e9e Altro Finance &amp; Insurance Belgium, alors toujours dot\u00e9e d\u2019un capital social fix\u00e9 \u00e0 quelque 36 millions d\u2019euros.<\/p>\n<p style=\"font-weight: 400;\">Enfin, il y a juste un an, Dominique Dejean, sans doute d\u00e9j\u00e0 dans la tourmente, <a href=\"https:\/\/www.wilink.be\/fr\/les-nouvelles\/communique-de-presse-nomination-de-notre-nouveau-ceo-dorsan-van-hecke\">transmettait le poste de CEO du groupe Wilink qu\u2019il occupait encore \u00e0 <strong>Dorsan van Hecke<\/strong><\/a> et se retirait m\u00eame du conseil d&rsquo;administration. L\u2019homme d\u2019affaires avait alors avanc\u00e9 -couplet connu- l\u2019effet conjoint de la pand\u00e9mie, de la guerre en Ukraine et la vague d\u2019inflation \u00e0 laquelle le secteur des services avait d\u00fb faire face. C\u2019est alors que la filiale immobili\u00e8re a progressivement commenc\u00e9 \u00e0 r\u00e9duire sa voilure, Dejean affirmant avoir d\u00fb cl\u00f4turer les comptes en raison de dettes intra-groupe non rembours\u00e9es. A ce jour, reste encore une quinzaine d\u2019enseignes en activit\u00e9 et on est bien loin du projet mis sur la table il y a sept ans \u00e0 peine.<\/p>\n<h3 style=\"font-weight: 400;\"><strong>Un actionnaire n&rsquo;est pas l&rsquo;autre<\/strong><\/h3>\n<p style=\"font-weight: 400;\">Comme le soul\u00e8ve De Standaard, la question est aujourd\u2019hui de savoir comment proc\u00e9der avec les activit\u00e9s belges pour tenter de sauver ce qui peut encore l\u2019\u00eatre. \u00ab\u00a0C&rsquo;est une d\u00e9cision du conseil d&rsquo;administration de la soci\u00e9t\u00e9 belge. Je ne peux plus rien dire sur la holding luxembourgeoise Altro Finance &amp; Insurance, car je n&rsquo;en suis plus administrateur\u00a0\u00bb, a r\u00e9torqu\u00e9 Dejean \u00e0 nos confr\u00e8res en bottant en touche vers les curateurs d\u00e9sign\u00e9s.<\/p>\n<p style=\"font-weight: 400;\">A y regarder de plus pr\u00e8s, la filiale Altro Finance &amp; Insurance Belgium (AFI Belgium), qui comprend \u00e9galement Wilink Real Estate, plonge \u00e9galement dans le rouge: d\u00e8s 2022, la maison m\u00e8re luxembourgeoise avait d\u00e9clar\u00e9 dans ses comptes une moins-value de 12 millions sur la holding belge. Les comptes annuels 2023 de la succursale belge, publi\u00e9s en juin dernier, ont fait monter \u00e0 -45 millions d&rsquo;euros le total des pertes report\u00e9es. Les huit soci\u00e9t\u00e9s reprises sous la banni\u00e8re belge en page 15 du bilan affichent d\u2019ailleurs toutes des pertes. <strong>Mais Altro Finance &amp; Insurance SA (Luxembourg) affichait encore fin 2023 plus de 50 millions d\u2019euros de capitaux propres et Copawin SA (Louvain-la-Neuve) 47 millions.<\/strong> On peut donc raisonnablement se demander ce que sont devenues ces coquettes cassettes et \u00e0 qui elles ont profit\u00e9 in extremis: selon nos informations, une poign\u00e9e d&rsquo;actionnaires historiques tri\u00e9s sur le volet ont en effet pu revendre leurs actions juste \u00e0 temps.<\/p>\n<p style=\"font-weight: 400;\"><strong>Everard van der Straten-Ponthoz (Teck Finance SA)<\/strong>, le directeur en exercice (\u00e9galement administrateur), a pour sa part d\u00e9missionn\u00e9 l&rsquo;an dernier au Luxembourg et en Belgique en critiquant dans sa lettre de motivation la mauvaise gouvernance, les mauvais choix strat\u00e9giques et les r\u00e9compenses financi\u00e8res non justifi\u00e9es que s\u2019\u00e9tait encore octroy\u00e9 Dominique Dejean. \u00ab\u00a0Je n&rsquo;y ai pas r\u00e9pondu \u00e0 ce moment-l\u00e0, mais je devrais peut-\u00eatre le faire quand m\u00eame\u00a0\u00bb, a r\u00e9torque ce dernier \u00e0 nos confr\u00e8res du Standaard hier.<\/p>\n<figure id=\"attachment_6298\" aria-describedby=\"caption-attachment-6298\" style=\"width: 800px\" class=\"wp-caption alignnone\"><img loading=\"lazy\" decoding=\"async\" class=\"size-full wp-image-6298\" src=\"https:\/\/www.forbes.be\/fr\/wp-content\/uploads\/2024\/11\/Luc-Tonneau.jpeg\" alt=\"\" width=\"800\" height=\"800\" srcset=\"https:\/\/www.forbes.be\/fr\/wp-content\/uploads\/2024\/11\/Luc-Tonneau.jpeg 800w, https:\/\/www.forbes.be\/fr\/wp-content\/uploads\/2024\/11\/Luc-Tonneau-300x300.jpeg 300w, https:\/\/www.forbes.be\/fr\/wp-content\/uploads\/2024\/11\/Luc-Tonneau-150x150.jpeg 150w, https:\/\/www.forbes.be\/fr\/wp-content\/uploads\/2024\/11\/Luc-Tonneau-768x768.jpeg 768w, https:\/\/www.forbes.be\/fr\/wp-content\/uploads\/2024\/11\/Luc-Tonneau-696x696.jpeg 696w, https:\/\/www.forbes.be\/fr\/wp-content\/uploads\/2024\/11\/Luc-Tonneau-600x600.jpeg 600w, https:\/\/www.forbes.be\/fr\/wp-content\/uploads\/2024\/11\/Luc-Tonneau-100x100.jpeg 100w\" sizes=\"auto, (max-width: 800px) 100vw, 800px\" \/><figcaption id=\"caption-attachment-6298\" class=\"wp-caption-text\">Luc Tonneau, ex-CFO de Wilink, concepteur et CEO de RIO Fund.<\/figcaption><\/figure>\n<p style=\"font-weight: 400;\">On attend, pour en savoir davantage sur le futur d\u2019AFI Belgium, les r\u00e9actions de Camille D\u2019Hulst, Eric Vandoren ou Jean Gabriel, les autres administrateurs de la filiale belge, ainsi que du fid\u00e8le CFO du groupe Wilink, <a href=\"https:\/\/www.linkedin.com\/in\/luc-tonneau-16994ba\/?originalSubdomain=be\"><strong>Luc Tonneau<\/strong><\/a>. Ce dernier a planch\u00e9 d\u00e8s 2021 sur la cr\u00e9ation de\u00a0<a href=\"blob:https:\/\/statuts.notaire.be\/537ddf41-6309-4700-a9a7-f6fb8eeef511\">RIO Fund (Real Estate Investment Opportunities Fund)<\/a>, dont il est devenu le CEO et qui recouvre les m\u00eames m\u00e9tiers et services que Wilink.<\/p>\n<p style=\"font-weight: 400;\">Dans les premiers comptes annuels d\u00e9pos\u00e9s par RIO Fund, rapidement dot\u00e9e d\u2019un capital d\u00e9passant 11 millions d\u2019euros, les engagements hors bilan finan\u00e7ant les soci\u00e9t\u00e9s portant des projets de d\u00e9veloppement immobilier \u00e0 Profondeville, Namur, Esneux, Berchem, Hasselt ou Herentals s&rsquo;accumulent. Fin 2023, RIO Fund y d\u00e9clarait des participations souvent majoritaires d\u00e9passant d\u00e9j\u00e0 la barre des 25 millions d\u2019euros.<\/p>\n<p>&#8212;&#8212;&#8212;&#8212;&#8212;&#8212;&#8212;&#8212;&#8212;&#8212;&#8212;&#8212;&#8212;<\/p>\n<p><strong>En date du 27 novembre, Dominique Dejean nous demande de publier cette r\u00e9ponse: <\/strong>\u00ab\u00a0<i>Contrairement \u00e0 ce qui est mentionn\u00e9 dans cet article je ne suis nullement le co-fondateur du groupe Wilink qui, bien que sous une d\u00e9nomination diff\u00e9rente, existait d\u00e9j\u00e0 10 ans avant mon entr\u00e9e dans le groupe en 2003. <\/i><i><span lang=\"FR-BE\">La complexit\u00e9 de la structure est la cons\u00e9quence directe de la fusion qui a eu lieu en 2014 entre Elitis et les groupes BFO et FINB pour donner naissance au groupe de courtage Wilink. La responsabilit\u00e9 d\u00e9cisionnelle d\u2019une op\u00e9ration de fusion d\u2019une telle ampleur repose, comme le stipule la loi, enti\u00e8rement sur les organes de gestion de chacune des entit\u00e9s impliqu\u00e9es dans la fusion et ne peut bien \u00e9videmment se concevoir sans leur assentiment plein et entier\u00bb. <\/span><\/i><strong>Nous reviendrons sans doute tr\u00e8s prochainement sur ce dossier Celles et ceux qui le connaissent de pr\u00e8s jugeront sur pi\u00e8ce.\u00a0<\/strong><\/p>\n","protected":false},"excerpt":{"rendered":"<p>Suite \u00e0 la faillite prononc\u00e9e d\u2019Altro Finance &amp; Insurance, holding luxembourgeoise pilot\u00e9e par Dominique Dejean, la fa\u00eeti\u00e8re du groupe Wilink et ses principaux actionnaires sont dans la tourmente. Un effet domino est \u00e0 craindre pour certaines de ses filiales. L\u2019annonce du prononc\u00e9 de la faillite d\u2019Altro Finance &amp; Insurance par les autorit\u00e9s luxembourgeoises date d\u2019il [&hellip;]<\/p>\n","protected":false},"author":15,"featured_media":6307,"comment_status":"closed","ping_status":"closed","sticky":true,"template":"","format":"standard","meta":{"_acf_changed":false,"inline_featured_image":false,"footnotes":""},"categories":[1,19,24,15],"tags":[],"class_list":{"0":"post-6292","1":"post","2":"type-post","3":"status-publish","4":"format-standard","5":"has-post-thumbnail","7":"category-actualite","8":"category-entrepreneurs","9":"category-immobilier","10":"category-leadership"},"acf":[],"_yoast_wpseo_title":null,"_yoast_wpseo_metadesc":"La faillite d\u2019Altro Finance & Insurance place la fa\u00eeti\u00e8re du groupe Wilink dans les turbulences. Un effet domino est \u00e0 craindre pour certaines filiales.","auteur_traducteur":"","yoast_head":"<!-- This site is optimized with the Yoast SEO plugin v27.4 - https:\/\/yoast.com\/product\/yoast-seo-wordpress\/ -->\n<title>Faisceau de turbulences autour du groupe Wilink | Forbes Belgique<\/title>\n<meta name=\"description\" content=\"La faillite d\u2019Altro Finance &amp; Insurance place la fa\u00eeti\u00e8re du groupe Wilink dans les turbulences. Un effet domino est \u00e0 craindre pour certaines filiales.\" \/>\n<meta name=\"robots\" content=\"index, follow, max-snippet:-1, max-image-preview:large, max-video-preview:-1\" \/>\n<link rel=\"canonical\" href=\"https:\/\/www.forbes.be\/fr\/faisceau-de-turbulences-autour-du-groupe-wilink\/\" \/>\n<meta property=\"og:locale\" content=\"fr_FR\" \/>\n<meta property=\"og:type\" content=\"article\" \/>\n<meta property=\"og:title\" content=\"Faisceau de turbulences autour du groupe Wilink | Forbes Belgique\" \/>\n<meta property=\"og:description\" content=\"La faillite d\u2019Altro Finance &amp; Insurance place la fa\u00eeti\u00e8re du groupe Wilink dans les turbulences. Un effet domino est \u00e0 craindre pour certaines filiales.\" \/>\n<meta property=\"og:url\" content=\"https:\/\/www.forbes.be\/fr\/faisceau-de-turbulences-autour-du-groupe-wilink\/\" \/>\n<meta property=\"og:site_name\" content=\"Forbes Belgique\" \/>\n<meta property=\"article:publisher\" content=\"https:\/\/www.facebook.com\/forbesbelgique\/\" \/>\n<meta property=\"article:published_time\" content=\"2024-11-14T12:24:22+00:00\" \/>\n<meta property=\"article:modified_time\" content=\"2024-12-11T08:43:24+00:00\" \/>\n<meta property=\"og:image\" content=\"https:\/\/www.forbes.be\/fr\/wp-content\/uploads\/2024\/11\/carre-e1733906592172.jpg\" \/>\n\t<meta property=\"og:image:width\" content=\"1092\" \/>\n\t<meta property=\"og:image:height\" content=\"570\" \/>\n\t<meta property=\"og:image:type\" content=\"image\/jpeg\" \/>\n<meta name=\"author\" content=\"Philippe Coul\u00e9e\" \/>\n<meta name=\"twitter:card\" content=\"summary_large_image\" \/>\n<meta name=\"twitter:label1\" content=\"\u00c9crit par\" \/>\n\t<meta name=\"twitter:data1\" content=\"Philippe Coul\u00e9e\" \/>\n\t<meta name=\"twitter:label2\" content=\"Dur\u00e9e de lecture estim\u00e9e\" \/>\n\t<meta name=\"twitter:data2\" content=\"10 minutes\" \/>\n<script type=\"application\/ld+json\" class=\"yoast-schema-graph\">{\"@context\":\"https:\\\/\\\/schema.org\",\"@graph\":[{\"@type\":\"NewsArticle\",\"@id\":\"https:\\\/\\\/www.forbes.be\\\/fr\\\/faisceau-de-turbulences-autour-du-groupe-wilink\\\/#article\",\"isPartOf\":{\"@id\":\"https:\\\/\\\/www.forbes.be\\\/fr\\\/faisceau-de-turbulences-autour-du-groupe-wilink\\\/\"},\"author\":{\"name\":\"Philippe Coul\u00e9e\",\"@id\":\"https:\\\/\\\/www.forbes.be\\\/fr\\\/#\\\/schema\\\/person\\\/22bfc3335e560f4084ef5af17ecdad87\"},\"headline\":\"Faisceau de turbulences autour du groupe Wilink\",\"datePublished\":\"2024-11-14T12:24:22+00:00\",\"dateModified\":\"2024-12-11T08:43:24+00:00\",\"mainEntityOfPage\":{\"@id\":\"https:\\\/\\\/www.forbes.be\\\/fr\\\/faisceau-de-turbulences-autour-du-groupe-wilink\\\/\"},\"wordCount\":1748,\"publisher\":{\"@id\":\"https:\\\/\\\/www.forbes.be\\\/fr\\\/#organization\"},\"image\":{\"@id\":\"https:\\\/\\\/www.forbes.be\\\/fr\\\/faisceau-de-turbulences-autour-du-groupe-wilink\\\/#primaryimage\"},\"thumbnailUrl\":\"https:\\\/\\\/www.forbes.be\\\/fr\\\/wp-content\\\/uploads\\\/2024\\\/11\\\/carre-e1733906592172.jpg\",\"articleSection\":[\"Actualit\u00e9s\",\"Entrepreneurs\",\"Immobilier\",\"Leadership\"],\"inLanguage\":\"fr-FR\"},{\"@type\":\"WebPage\",\"@id\":\"https:\\\/\\\/www.forbes.be\\\/fr\\\/faisceau-de-turbulences-autour-du-groupe-wilink\\\/\",\"url\":\"https:\\\/\\\/www.forbes.be\\\/fr\\\/faisceau-de-turbulences-autour-du-groupe-wilink\\\/\",\"name\":\"Faisceau de turbulences autour du groupe Wilink | Forbes Belgique\",\"isPartOf\":{\"@id\":\"https:\\\/\\\/www.forbes.be\\\/fr\\\/#website\"},\"primaryImageOfPage\":{\"@id\":\"https:\\\/\\\/www.forbes.be\\\/fr\\\/faisceau-de-turbulences-autour-du-groupe-wilink\\\/#primaryimage\"},\"image\":{\"@id\":\"https:\\\/\\\/www.forbes.be\\\/fr\\\/faisceau-de-turbulences-autour-du-groupe-wilink\\\/#primaryimage\"},\"thumbnailUrl\":\"https:\\\/\\\/www.forbes.be\\\/fr\\\/wp-content\\\/uploads\\\/2024\\\/11\\\/carre-e1733906592172.jpg\",\"datePublished\":\"2024-11-14T12:24:22+00:00\",\"dateModified\":\"2024-12-11T08:43:24+00:00\",\"description\":\"La faillite d\u2019Altro Finance & Insurance place la fa\u00eeti\u00e8re du groupe Wilink dans les turbulences. Un effet domino est \u00e0 craindre pour certaines filiales.\",\"breadcrumb\":{\"@id\":\"https:\\\/\\\/www.forbes.be\\\/fr\\\/faisceau-de-turbulences-autour-du-groupe-wilink\\\/#breadcrumb\"},\"inLanguage\":\"fr-FR\",\"potentialAction\":[{\"@type\":\"ReadAction\",\"target\":[\"https:\\\/\\\/www.forbes.be\\\/fr\\\/faisceau-de-turbulences-autour-du-groupe-wilink\\\/\"]}]},{\"@type\":\"ImageObject\",\"inLanguage\":\"fr-FR\",\"@id\":\"https:\\\/\\\/www.forbes.be\\\/fr\\\/faisceau-de-turbulences-autour-du-groupe-wilink\\\/#primaryimage\",\"url\":\"https:\\\/\\\/www.forbes.be\\\/fr\\\/wp-content\\\/uploads\\\/2024\\\/11\\\/carre-e1733906592172.jpg\",\"contentUrl\":\"https:\\\/\\\/www.forbes.be\\\/fr\\\/wp-content\\\/uploads\\\/2024\\\/11\\\/carre-e1733906592172.jpg\",\"width\":1092,\"height\":570,\"caption\":\"Stefaan Vallaeys (BFO Family Office), Dominique Dejean (Elitis), Patrick De Baets et Christophe Dister (FINB): le carr\u00e9 d'as de 2014.\"},{\"@type\":\"BreadcrumbList\",\"@id\":\"https:\\\/\\\/www.forbes.be\\\/fr\\\/faisceau-de-turbulences-autour-du-groupe-wilink\\\/#breadcrumb\",\"itemListElement\":[{\"@type\":\"ListItem\",\"position\":1,\"name\":\"Accueil\",\"item\":\"https:\\\/\\\/www.forbes.be\\\/fr\\\/\"},{\"@type\":\"ListItem\",\"position\":2,\"name\":\"Faisceau de turbulences autour du groupe Wilink\"}]},{\"@type\":\"WebSite\",\"@id\":\"https:\\\/\\\/www.forbes.be\\\/fr\\\/#website\",\"url\":\"https:\\\/\\\/www.forbes.be\\\/fr\\\/\",\"name\":\"Forbes Belgique\",\"description\":\"\",\"publisher\":{\"@id\":\"https:\\\/\\\/www.forbes.be\\\/fr\\\/#organization\"},\"potentialAction\":[{\"@type\":\"SearchAction\",\"target\":{\"@type\":\"EntryPoint\",\"urlTemplate\":\"https:\\\/\\\/www.forbes.be\\\/fr\\\/?s={search_term_string}\"},\"query-input\":{\"@type\":\"PropertyValueSpecification\",\"valueRequired\":true,\"valueName\":\"search_term_string\"}}],\"inLanguage\":\"fr-FR\"},{\"@type\":\"Organization\",\"@id\":\"https:\\\/\\\/www.forbes.be\\\/fr\\\/#organization\",\"name\":\"Forbes Belgique\",\"url\":\"https:\\\/\\\/www.forbes.be\\\/fr\\\/\",\"logo\":{\"@type\":\"ImageObject\",\"inLanguage\":\"fr-FR\",\"@id\":\"https:\\\/\\\/www.forbes.be\\\/fr\\\/#\\\/schema\\\/logo\\\/image\\\/\",\"url\":\"https:\\\/\\\/www.forbes.be\\\/fr\\\/wp-content\\\/uploads\\\/2024\\\/02\\\/forbes.be_.png\",\"contentUrl\":\"https:\\\/\\\/www.forbes.be\\\/fr\\\/wp-content\\\/uploads\\\/2024\\\/02\\\/forbes.be_.png\",\"width\":1200,\"height\":675,\"caption\":\"Forbes Belgique\"},\"image\":{\"@id\":\"https:\\\/\\\/www.forbes.be\\\/fr\\\/#\\\/schema\\\/logo\\\/image\\\/\"},\"sameAs\":[\"https:\\\/\\\/www.facebook.com\\\/forbesbelgique\\\/\",\"https:\\\/\\\/www.instagram.com\\\/Forbes_Belgium\",\"https:\\\/\\\/www.linkedin.com\\\/company\\\/forbes-belgium\\\/\"]},{\"@type\":\"Person\",\"@id\":\"https:\\\/\\\/www.forbes.be\\\/fr\\\/#\\\/schema\\\/person\\\/22bfc3335e560f4084ef5af17ecdad87\",\"name\":\"Philippe Coul\u00e9e\",\"image\":{\"@type\":\"ImageObject\",\"inLanguage\":\"fr-FR\",\"@id\":\"https:\\\/\\\/www.forbes.be\\\/fr\\\/wp-content\\\/uploads\\\/2024\\\/01\\\/unnamed-150x150.jpg\",\"url\":\"https:\\\/\\\/www.forbes.be\\\/fr\\\/wp-content\\\/uploads\\\/2024\\\/01\\\/unnamed-150x150.jpg\",\"contentUrl\":\"https:\\\/\\\/www.forbes.be\\\/fr\\\/wp-content\\\/uploads\\\/2024\\\/01\\\/unnamed-150x150.jpg\",\"caption\":\"Philippe Coul\u00e9e\"},\"url\":\"https:\\\/\\\/www.forbes.be\\\/fr\\\/author\\\/philippe-couleeicloud-com\\\/\"}]}<\/script>\n<!-- \/ Yoast SEO plugin. -->","yoast_head_json":{"title":"Faisceau de turbulences autour du groupe Wilink | Forbes Belgique","description":"La faillite d\u2019Altro Finance & Insurance place la fa\u00eeti\u00e8re du groupe Wilink dans les turbulences. Un effet domino est \u00e0 craindre pour certaines filiales.","robots":{"index":"index","follow":"follow","max-snippet":"max-snippet:-1","max-image-preview":"max-image-preview:large","max-video-preview":"max-video-preview:-1"},"canonical":"https:\/\/www.forbes.be\/fr\/faisceau-de-turbulences-autour-du-groupe-wilink\/","og_locale":"fr_FR","og_type":"article","og_title":"Faisceau de turbulences autour du groupe Wilink | Forbes Belgique","og_description":"La faillite d\u2019Altro Finance & Insurance place la fa\u00eeti\u00e8re du groupe Wilink dans les turbulences. Un effet domino est \u00e0 craindre pour certaines filiales.","og_url":"https:\/\/www.forbes.be\/fr\/faisceau-de-turbulences-autour-du-groupe-wilink\/","og_site_name":"Forbes Belgique","article_publisher":"https:\/\/www.facebook.com\/forbesbelgique\/","article_published_time":"2024-11-14T12:24:22+00:00","article_modified_time":"2024-12-11T08:43:24+00:00","og_image":[{"width":1092,"height":570,"url":"https:\/\/www.forbes.be\/fr\/wp-content\/uploads\/2024\/11\/carre-e1733906592172.jpg","type":"image\/jpeg"}],"author":"Philippe Coul\u00e9e","twitter_card":"summary_large_image","twitter_misc":{"\u00c9crit par":"Philippe Coul\u00e9e","Dur\u00e9e de lecture estim\u00e9e":"10 minutes"},"schema":{"@context":"https:\/\/schema.org","@graph":[{"@type":"NewsArticle","@id":"https:\/\/www.forbes.be\/fr\/faisceau-de-turbulences-autour-du-groupe-wilink\/#article","isPartOf":{"@id":"https:\/\/www.forbes.be\/fr\/faisceau-de-turbulences-autour-du-groupe-wilink\/"},"author":{"name":"Philippe Coul\u00e9e","@id":"https:\/\/www.forbes.be\/fr\/#\/schema\/person\/22bfc3335e560f4084ef5af17ecdad87"},"headline":"Faisceau de turbulences autour du groupe Wilink","datePublished":"2024-11-14T12:24:22+00:00","dateModified":"2024-12-11T08:43:24+00:00","mainEntityOfPage":{"@id":"https:\/\/www.forbes.be\/fr\/faisceau-de-turbulences-autour-du-groupe-wilink\/"},"wordCount":1748,"publisher":{"@id":"https:\/\/www.forbes.be\/fr\/#organization"},"image":{"@id":"https:\/\/www.forbes.be\/fr\/faisceau-de-turbulences-autour-du-groupe-wilink\/#primaryimage"},"thumbnailUrl":"https:\/\/www.forbes.be\/fr\/wp-content\/uploads\/2024\/11\/carre-e1733906592172.jpg","articleSection":["Actualit\u00e9s","Entrepreneurs","Immobilier","Leadership"],"inLanguage":"fr-FR"},{"@type":"WebPage","@id":"https:\/\/www.forbes.be\/fr\/faisceau-de-turbulences-autour-du-groupe-wilink\/","url":"https:\/\/www.forbes.be\/fr\/faisceau-de-turbulences-autour-du-groupe-wilink\/","name":"Faisceau de turbulences autour du groupe Wilink | Forbes Belgique","isPartOf":{"@id":"https:\/\/www.forbes.be\/fr\/#website"},"primaryImageOfPage":{"@id":"https:\/\/www.forbes.be\/fr\/faisceau-de-turbulences-autour-du-groupe-wilink\/#primaryimage"},"image":{"@id":"https:\/\/www.forbes.be\/fr\/faisceau-de-turbulences-autour-du-groupe-wilink\/#primaryimage"},"thumbnailUrl":"https:\/\/www.forbes.be\/fr\/wp-content\/uploads\/2024\/11\/carre-e1733906592172.jpg","datePublished":"2024-11-14T12:24:22+00:00","dateModified":"2024-12-11T08:43:24+00:00","description":"La faillite d\u2019Altro Finance & Insurance place la fa\u00eeti\u00e8re du groupe Wilink dans les turbulences. Un effet domino est \u00e0 craindre pour certaines filiales.","breadcrumb":{"@id":"https:\/\/www.forbes.be\/fr\/faisceau-de-turbulences-autour-du-groupe-wilink\/#breadcrumb"},"inLanguage":"fr-FR","potentialAction":[{"@type":"ReadAction","target":["https:\/\/www.forbes.be\/fr\/faisceau-de-turbulences-autour-du-groupe-wilink\/"]}]},{"@type":"ImageObject","inLanguage":"fr-FR","@id":"https:\/\/www.forbes.be\/fr\/faisceau-de-turbulences-autour-du-groupe-wilink\/#primaryimage","url":"https:\/\/www.forbes.be\/fr\/wp-content\/uploads\/2024\/11\/carre-e1733906592172.jpg","contentUrl":"https:\/\/www.forbes.be\/fr\/wp-content\/uploads\/2024\/11\/carre-e1733906592172.jpg","width":1092,"height":570,"caption":"Stefaan Vallaeys (BFO Family Office), Dominique Dejean (Elitis), Patrick De Baets et Christophe Dister (FINB): le carr\u00e9 d'as de 2014."},{"@type":"BreadcrumbList","@id":"https:\/\/www.forbes.be\/fr\/faisceau-de-turbulences-autour-du-groupe-wilink\/#breadcrumb","itemListElement":[{"@type":"ListItem","position":1,"name":"Accueil","item":"https:\/\/www.forbes.be\/fr\/"},{"@type":"ListItem","position":2,"name":"Faisceau de turbulences autour du groupe Wilink"}]},{"@type":"WebSite","@id":"https:\/\/www.forbes.be\/fr\/#website","url":"https:\/\/www.forbes.be\/fr\/","name":"Forbes Belgique","description":"","publisher":{"@id":"https:\/\/www.forbes.be\/fr\/#organization"},"potentialAction":[{"@type":"SearchAction","target":{"@type":"EntryPoint","urlTemplate":"https:\/\/www.forbes.be\/fr\/?s={search_term_string}"},"query-input":{"@type":"PropertyValueSpecification","valueRequired":true,"valueName":"search_term_string"}}],"inLanguage":"fr-FR"},{"@type":"Organization","@id":"https:\/\/www.forbes.be\/fr\/#organization","name":"Forbes Belgique","url":"https:\/\/www.forbes.be\/fr\/","logo":{"@type":"ImageObject","inLanguage":"fr-FR","@id":"https:\/\/www.forbes.be\/fr\/#\/schema\/logo\/image\/","url":"https:\/\/www.forbes.be\/fr\/wp-content\/uploads\/2024\/02\/forbes.be_.png","contentUrl":"https:\/\/www.forbes.be\/fr\/wp-content\/uploads\/2024\/02\/forbes.be_.png","width":1200,"height":675,"caption":"Forbes Belgique"},"image":{"@id":"https:\/\/www.forbes.be\/fr\/#\/schema\/logo\/image\/"},"sameAs":["https:\/\/www.facebook.com\/forbesbelgique\/","https:\/\/www.instagram.com\/Forbes_Belgium","https:\/\/www.linkedin.com\/company\/forbes-belgium\/"]},{"@type":"Person","@id":"https:\/\/www.forbes.be\/fr\/#\/schema\/person\/22bfc3335e560f4084ef5af17ecdad87","name":"Philippe Coul\u00e9e","image":{"@type":"ImageObject","inLanguage":"fr-FR","@id":"https:\/\/www.forbes.be\/fr\/wp-content\/uploads\/2024\/01\/unnamed-150x150.jpg","url":"https:\/\/www.forbes.be\/fr\/wp-content\/uploads\/2024\/01\/unnamed-150x150.jpg","contentUrl":"https:\/\/www.forbes.be\/fr\/wp-content\/uploads\/2024\/01\/unnamed-150x150.jpg","caption":"Philippe Coul\u00e9e"},"url":"https:\/\/www.forbes.be\/fr\/author\/philippe-couleeicloud-com\/"}]}},"_links":{"self":[{"href":"https:\/\/www.forbes.be\/fr\/wp-json\/wp\/v2\/posts\/6292","targetHints":{"allow":["GET"]}}],"collection":[{"href":"https:\/\/www.forbes.be\/fr\/wp-json\/wp\/v2\/posts"}],"about":[{"href":"https:\/\/www.forbes.be\/fr\/wp-json\/wp\/v2\/types\/post"}],"author":[{"embeddable":true,"href":"https:\/\/www.forbes.be\/fr\/wp-json\/wp\/v2\/users\/15"}],"replies":[{"embeddable":true,"href":"https:\/\/www.forbes.be\/fr\/wp-json\/wp\/v2\/comments?post=6292"}],"version-history":[{"count":6,"href":"https:\/\/www.forbes.be\/fr\/wp-json\/wp\/v2\/posts\/6292\/revisions"}],"predecessor-version":[{"id":6887,"href":"https:\/\/www.forbes.be\/fr\/wp-json\/wp\/v2\/posts\/6292\/revisions\/6887"}],"wp:featuredmedia":[{"embeddable":true,"href":"https:\/\/www.forbes.be\/fr\/wp-json\/wp\/v2\/media\/6307"}],"wp:attachment":[{"href":"https:\/\/www.forbes.be\/fr\/wp-json\/wp\/v2\/media?parent=6292"}],"wp:term":[{"taxonomy":"category","embeddable":true,"href":"https:\/\/www.forbes.be\/fr\/wp-json\/wp\/v2\/categories?post=6292"},{"taxonomy":"post_tag","embeddable":true,"href":"https:\/\/www.forbes.be\/fr\/wp-json\/wp\/v2\/tags?post=6292"}],"curies":[{"name":"wp","href":"https:\/\/api.w.org\/{rel}","templated":true}]}}