{"id":6313,"date":"2024-11-14T16:57:24","date_gmt":"2024-11-14T15:57:24","guid":{"rendered":"https:\/\/www.forbes.be\/fr\/?p=6313"},"modified":"2024-11-20T10:20:23","modified_gmt":"2024-11-20T09:20:23","slug":"alides-et-revive-entament-la-reconversion-des-chantiers-navals-de-gdansk","status":"publish","type":"post","link":"https:\/\/www.forbes.be\/fr\/alides-et-revive-entament-la-reconversion-des-chantiers-navals-de-gdansk\/","title":{"rendered":"Alides et Revive entament la reconversion des chantiers navals de Gdansk"},"content":{"rendered":"<p style=\"font-weight: 400;\"><strong>Stocznia Cesarska Development, qui r\u00e9unit les soci\u00e9t\u00e9s belges de promotion immobili\u00e8re Revive et Alides, a obtenu le permis de construire cadrant la premi\u00e8re phase du vaste projet de reconversion des chantiers navals de Gdansk (Pologne). Travaux et commercialisation d\u00e9buteront d\u00e8s 2025.<\/strong><\/p>\n<p style=\"font-weight: 400;\">Depuis quelque 20 ans d\u00e9j\u00e0, les promoteurs belges ont su se tailler une solide r\u00e9putation sur le march\u00e9 immobilier polonais de premier plan. D\u2019abord au coeur de Varsovie (<a href=\"https:\/\/www.ghelamco.com\/projects\/poland\/\">Ghelamco<\/a>), mais aujourd\u2019hui un peu partout, de Poznan (<a href=\"https:\/\/bpi-realestate.pl\/en\/projects\/\">BPI-CFE+Revive<\/a>) \u00e0 Gdansk (Alides+Revive). La co-entreprise locale de ces derniers, <a href=\"https:\/\/stoczniacesarska.pl\/pl\/\"><strong>Stocznia Cesarska<\/strong><\/a>, a d\u00e9j\u00e0 \u00e9t\u00e9 r\u00e9compens\u00e9e pour la revitalisation de deux b\u00e2timents historiques. Et avec l\u2019obtention du permis de reconversion qui vient de tomber, la paire associant sur le march\u00e9 polonais les moyens financiers (capital de 20 millions d&rsquo;euros) et le savoir-faire des familles flamandes <strong>Maes<\/strong>, <strong>Bearelle<\/strong> (Nicolas) et <strong>Colruyt <\/strong>(Piet) entame un nouveau chapitre de son histoire avec <strong>plus de 2.000 unit\u00e9s r\u00e9sidentielles dans le viseur<\/strong> progressivement d\u00e9velopp\u00e9s au sein d&rsquo;un projet global de ville renaissante qui <a href=\"https:\/\/www.lemonde.fr\/economie\/article\/2007\/08\/06\/chantier-naval-de-gdansk-la-difficile-reconversion-d-une-entreprise-mythique_942269_3234.html\">tra\u00eene \u00e0 voir le jour depuis pr\u00e8s de 20 ans d\u00e9j\u00e0<\/a>.<\/p>\n<h3 style=\"font-weight: 400;\"><strong>18 hectares confi\u00e9s aux Belges<\/strong><\/h3>\n<figure id=\"attachment_6315\" aria-describedby=\"caption-attachment-6315\" style=\"width: 1920px\" class=\"wp-caption alignnone\"><img loading=\"lazy\" decoding=\"async\" class=\"size-full wp-image-6315\" src=\"https:\/\/www.forbes.be\/fr\/wp-content\/uploads\/2024\/11\/SC_0.jpg\" alt=\"\" width=\"1920\" height=\"818\" srcset=\"https:\/\/www.forbes.be\/fr\/wp-content\/uploads\/2024\/11\/SC_0.jpg 1920w, https:\/\/www.forbes.be\/fr\/wp-content\/uploads\/2024\/11\/SC_0-300x128.jpg 300w, https:\/\/www.forbes.be\/fr\/wp-content\/uploads\/2024\/11\/SC_0-1024x436.jpg 1024w, https:\/\/www.forbes.be\/fr\/wp-content\/uploads\/2024\/11\/SC_0-768x327.jpg 768w, https:\/\/www.forbes.be\/fr\/wp-content\/uploads\/2024\/11\/SC_0-1536x654.jpg 1536w, https:\/\/www.forbes.be\/fr\/wp-content\/uploads\/2024\/11\/SC_0-696x297.jpg 696w, https:\/\/www.forbes.be\/fr\/wp-content\/uploads\/2024\/11\/SC_0-1068x455.jpg 1068w, https:\/\/www.forbes.be\/fr\/wp-content\/uploads\/2024\/11\/SC_0-600x256.jpg 600w\" sizes=\"auto, (max-width: 1920px) 100vw, 1920px\" \/><figcaption id=\"caption-attachment-6315\" class=\"wp-caption-text\">La zone industrielle concern\u00e9e, log\u00e9e sur un \u00eele proche du centre-ville, doit accueillir un nouveau quartier urbain mixte mod\u00e8le. Cr\u00e9dit: Revive+Alides<\/figcaption><\/figure>\n<p style=\"font-weight: 400;\">Le premier volet r\u00e9sidentiel qui vient d\u2019obtenir le feu vert des autorit\u00e9s locales a pour objectif de concr\u00e9tiser le premier jalon cadrant la reconversion de l&rsquo;ancienne zone industrielle des c\u00e9l\u00e8bres chantiers navals qui couvrent plus de 100 hectares en bord de Marwa Visla. Le ma\u00eetre-mot est de conserver en le valorisant et en lui rendant vie l\u2019h\u00e9ritage historique des lieux c\u00e9l\u00e8bres par <a href=\"https:\/\/ecs.gda.pl\">son \u00e9pop\u00e9e politique et syndicale des ann\u00e9es \u201880<\/a>.<\/p>\n<p><img loading=\"lazy\" decoding=\"async\" class=\"alignnone size-full wp-image-6317\" src=\"https:\/\/www.forbes.be\/fr\/wp-content\/uploads\/2024\/11\/Capture-decran-2024-11-14-a-16.40.54.png\" alt=\"\" width=\"2400\" height=\"2128\" srcset=\"https:\/\/www.forbes.be\/fr\/wp-content\/uploads\/2024\/11\/Capture-decran-2024-11-14-a-16.40.54.png 2400w, https:\/\/www.forbes.be\/fr\/wp-content\/uploads\/2024\/11\/Capture-decran-2024-11-14-a-16.40.54-300x266.png 300w, https:\/\/www.forbes.be\/fr\/wp-content\/uploads\/2024\/11\/Capture-decran-2024-11-14-a-16.40.54-1024x908.png 1024w, https:\/\/www.forbes.be\/fr\/wp-content\/uploads\/2024\/11\/Capture-decran-2024-11-14-a-16.40.54-768x681.png 768w, https:\/\/www.forbes.be\/fr\/wp-content\/uploads\/2024\/11\/Capture-decran-2024-11-14-a-16.40.54-1536x1362.png 1536w, https:\/\/www.forbes.be\/fr\/wp-content\/uploads\/2024\/11\/Capture-decran-2024-11-14-a-16.40.54-2048x1816.png 2048w, https:\/\/www.forbes.be\/fr\/wp-content\/uploads\/2024\/11\/Capture-decran-2024-11-14-a-16.40.54-696x617.png 696w, https:\/\/www.forbes.be\/fr\/wp-content\/uploads\/2024\/11\/Capture-decran-2024-11-14-a-16.40.54-1068x947.png 1068w, https:\/\/www.forbes.be\/fr\/wp-content\/uploads\/2024\/11\/Capture-decran-2024-11-14-a-16.40.54-1920x1702.png 1920w, https:\/\/www.forbes.be\/fr\/wp-content\/uploads\/2024\/11\/Capture-decran-2024-11-14-a-16.40.54-600x532.png 600w\" sizes=\"auto, (max-width: 2400px) 100vw, 2400px\" \/><\/p>\n<p style=\"font-weight: 400;\">\u00abLe moment est strat\u00e9gique pour ce lieu au patrimoine b\u00e2ti exceptionnel et qui attendait depuis de des d\u00e9cennies une revitalisation coh\u00e9rente\u00bb, commente <strong>Jadwiga Kosi\u0144ska<\/strong>, l<strong>a directrice locale du projet<\/strong> et responsable de l&rsquo;obtention du premier permis de construire r\u00e9sidentiel sur le site de 18 hectares \u00e0 reconvertir progressivement. \u00abEn raison de circonstances impr\u00e9vues, l&rsquo;obtention des approbations n\u00e9cessaires a pris plus de temps que pr\u00e9vu initialement. Mais notre d\u00e9termination et notre engagement nous ont permis de sceller enfin la transformation du vaste chantier naval en quartier r\u00e9sidentiel\u00bb, ajoute <strong>Rikkert Leeman, le CEO d&rsquo;Alides<\/strong>, qui confirme par ailleurs l\u2019acquisition par la filiale polonaise d\u2019Alides d\u2019un terrain de 3.338 m\u00b2 log\u00e9 dans le quartier florissant de Wola \u00e0 Varsovie.<\/p>\n<h3 style=\"font-weight: 400;\"><strong>La premi\u00e8re phase r\u00e9sidentielle imminente<\/strong><\/h3>\n<p style=\"font-weight: 400;\">Le projet port\u00e9 par la paire belge comprendra cinq b\u00e2timents, dont le b\u00e2timent historique &lsquo;Formiernia&rsquo;, qui sera restaur\u00e9. Apr\u00e8s sa restauration, ce dernier deviendra le premier v\u00e9ritable loft de la r\u00e9gion de Tr\u00f3jmiasto. Les nouveaux immeubles comprendront entre quatre et six \u00e9tages. L&rsquo;acc\u00e8s principal au site se fera par la rue Popie\u0142uszkistraat via un parking souterrain de 412 places.<\/p>\n<figure id=\"attachment_6316\" aria-describedby=\"caption-attachment-6316\" style=\"width: 1800px\" class=\"wp-caption alignnone\"><img loading=\"lazy\" decoding=\"async\" class=\"wp-image-6316 size-full\" src=\"https:\/\/www.forbes.be\/fr\/wp-content\/uploads\/2024\/11\/SC_3.jpg\" alt=\"\" width=\"1800\" height=\"1080\" srcset=\"https:\/\/www.forbes.be\/fr\/wp-content\/uploads\/2024\/11\/SC_3.jpg 1800w, https:\/\/www.forbes.be\/fr\/wp-content\/uploads\/2024\/11\/SC_3-300x180.jpg 300w, https:\/\/www.forbes.be\/fr\/wp-content\/uploads\/2024\/11\/SC_3-1024x614.jpg 1024w, https:\/\/www.forbes.be\/fr\/wp-content\/uploads\/2024\/11\/SC_3-768x461.jpg 768w, https:\/\/www.forbes.be\/fr\/wp-content\/uploads\/2024\/11\/SC_3-1536x922.jpg 1536w, https:\/\/www.forbes.be\/fr\/wp-content\/uploads\/2024\/11\/SC_3-696x418.jpg 696w, https:\/\/www.forbes.be\/fr\/wp-content\/uploads\/2024\/11\/SC_3-1068x641.jpg 1068w, https:\/\/www.forbes.be\/fr\/wp-content\/uploads\/2024\/11\/SC_3-600x360.jpg 600w\" sizes=\"auto, (max-width: 1800px) 100vw, 1800px\" \/><figcaption id=\"caption-attachment-6316\" class=\"wp-caption-text\">Pr\u00e8s de 400 appartements et des rez-de-chauss\u00e9e commerciaux sont au programme de la premi\u00e8re phase bient\u00f4t commercialis\u00e9e.<\/figcaption><\/figure>\n<p style=\"font-weight: 400;\">La commercialisation des <strong>388 appartements et 34 espaces commerciaux<\/strong> concern\u00e9s commencera d\u00e8s l\u2019an prochain. \u00abL&rsquo;int\u00e9r\u00eat des acheteurs potentiels est \u00e9norme. Depuis la pr\u00e9sentation des plans en 2018, nous recevons des demandes hebdomadaires pour les appartements\u00bb, pr\u00e9vient d\u00e9j\u00e0 Agnieszka Braun, Leasing Manager chez Stocznia Cesarska Development, qui renvoie les candidats int\u00e9ress\u00e9s <a href=\"https:\/\/stoczniacesarska.pl\/pl\/kontakt\/\">vers le site de la soci\u00e9t\u00e9.<\/a><\/p>\n","protected":false},"excerpt":{"rendered":"<p>Stocznia Cesarska Development, qui r\u00e9unit les soci\u00e9t\u00e9s belges de promotion immobili\u00e8re Revive et Alides, a obtenu le permis de construire cadrant la premi\u00e8re phase du vaste projet de reconversion des chantiers navals de Gdansk (Pologne). Travaux et commercialisation d\u00e9buteront d\u00e8s 2025. Depuis quelque 20 ans d\u00e9j\u00e0, les promoteurs belges ont su se tailler une solide [&hellip;]<\/p>\n","protected":false},"author":15,"featured_media":6314,"comment_status":"closed","ping_status":"closed","sticky":false,"template":"","format":"standard","meta":{"_acf_changed":false,"inline_featured_image":false,"footnotes":""},"categories":[1],"tags":[],"class_list":{"0":"post-6313","1":"post","2":"type-post","3":"status-publish","4":"format-standard","5":"has-post-thumbnail","7":"category-actualite"},"acf":[],"_yoast_wpseo_title":null,"_yoast_wpseo_metadesc":"Revive et Alides ont obtenu le permis de construire cadrant la premi\u00e8re phase du projet de reconversion des chantiers navals de Gdansk (Pologne).","auteur_traducteur":"","yoast_head":"<!-- This site is optimized with the Yoast SEO plugin v27.4 - https:\/\/yoast.com\/product\/yoast-seo-wordpress\/ -->\n<title>Alides et Revive entament la reconversion des chantiers navals de Gdansk | Forbes Belgique<\/title>\n<meta name=\"description\" content=\"Revive et Alides ont obtenu le permis de construire cadrant la premi\u00e8re phase du projet de reconversion des chantiers navals de Gdansk (Pologne).\" \/>\n<meta name=\"robots\" content=\"index, follow, max-snippet:-1, max-image-preview:large, max-video-preview:-1\" \/>\n<link rel=\"canonical\" href=\"https:\/\/www.forbes.be\/fr\/alides-et-revive-entament-la-reconversion-des-chantiers-navals-de-gdansk\/\" \/>\n<meta property=\"og:locale\" content=\"fr_FR\" \/>\n<meta property=\"og:type\" content=\"article\" \/>\n<meta property=\"og:title\" content=\"Alides et Revive entament la reconversion des chantiers navals de Gdansk | Forbes Belgique\" \/>\n<meta property=\"og:description\" content=\"Revive et Alides ont obtenu le permis de construire cadrant la premi\u00e8re phase du projet de reconversion des chantiers navals de Gdansk (Pologne).\" \/>\n<meta property=\"og:url\" content=\"https:\/\/www.forbes.be\/fr\/alides-et-revive-entament-la-reconversion-des-chantiers-navals-de-gdansk\/\" \/>\n<meta property=\"og:site_name\" content=\"Forbes Belgique\" \/>\n<meta property=\"article:publisher\" content=\"https:\/\/www.facebook.com\/forbesbelgique\/\" \/>\n<meta property=\"article:published_time\" content=\"2024-11-14T15:57:24+00:00\" \/>\n<meta property=\"article:modified_time\" content=\"2024-11-20T09:20:23+00:00\" \/>\n<meta property=\"og:image\" content=\"https:\/\/www.forbes.be\/fr\/wp-content\/uploads\/2024\/11\/SC_1-e1732094413878.jpg\" \/>\n\t<meta property=\"og:image:width\" content=\"1800\" \/>\n\t<meta property=\"og:image:height\" content=\"942\" \/>\n\t<meta property=\"og:image:type\" content=\"image\/jpeg\" \/>\n<meta name=\"author\" content=\"Philippe Coul\u00e9e\" \/>\n<meta name=\"twitter:card\" content=\"summary_large_image\" \/>\n<meta name=\"twitter:label1\" content=\"\u00c9crit par\" \/>\n\t<meta name=\"twitter:data1\" content=\"Philippe Coul\u00e9e\" \/>\n\t<meta name=\"twitter:label2\" content=\"Dur\u00e9e de lecture estim\u00e9e\" \/>\n\t<meta name=\"twitter:data2\" content=\"4 minutes\" \/>\n<script type=\"application\/ld+json\" class=\"yoast-schema-graph\">{\"@context\":\"https:\\\/\\\/schema.org\",\"@graph\":[{\"@type\":\"NewsArticle\",\"@id\":\"https:\\\/\\\/www.forbes.be\\\/fr\\\/alides-et-revive-entament-la-reconversion-des-chantiers-navals-de-gdansk\\\/#article\",\"isPartOf\":{\"@id\":\"https:\\\/\\\/www.forbes.be\\\/fr\\\/alides-et-revive-entament-la-reconversion-des-chantiers-navals-de-gdansk\\\/\"},\"author\":{\"name\":\"Philippe Coul\u00e9e\",\"@id\":\"https:\\\/\\\/www.forbes.be\\\/fr\\\/#\\\/schema\\\/person\\\/22bfc3335e560f4084ef5af17ecdad87\"},\"headline\":\"Alides et Revive entament la reconversion des chantiers navals de Gdansk\",\"datePublished\":\"2024-11-14T15:57:24+00:00\",\"dateModified\":\"2024-11-20T09:20:23+00:00\",\"mainEntityOfPage\":{\"@id\":\"https:\\\/\\\/www.forbes.be\\\/fr\\\/alides-et-revive-entament-la-reconversion-des-chantiers-navals-de-gdansk\\\/\"},\"wordCount\":615,\"publisher\":{\"@id\":\"https:\\\/\\\/www.forbes.be\\\/fr\\\/#organization\"},\"image\":{\"@id\":\"https:\\\/\\\/www.forbes.be\\\/fr\\\/alides-et-revive-entament-la-reconversion-des-chantiers-navals-de-gdansk\\\/#primaryimage\"},\"thumbnailUrl\":\"https:\\\/\\\/www.forbes.be\\\/fr\\\/wp-content\\\/uploads\\\/2024\\\/11\\\/SC_1-e1732094413878.jpg\",\"articleSection\":[\"Actualit\u00e9s\"],\"inLanguage\":\"fr-FR\"},{\"@type\":\"WebPage\",\"@id\":\"https:\\\/\\\/www.forbes.be\\\/fr\\\/alides-et-revive-entament-la-reconversion-des-chantiers-navals-de-gdansk\\\/\",\"url\":\"https:\\\/\\\/www.forbes.be\\\/fr\\\/alides-et-revive-entament-la-reconversion-des-chantiers-navals-de-gdansk\\\/\",\"name\":\"Alides et Revive entament la reconversion des chantiers navals de Gdansk | Forbes Belgique\",\"isPartOf\":{\"@id\":\"https:\\\/\\\/www.forbes.be\\\/fr\\\/#website\"},\"primaryImageOfPage\":{\"@id\":\"https:\\\/\\\/www.forbes.be\\\/fr\\\/alides-et-revive-entament-la-reconversion-des-chantiers-navals-de-gdansk\\\/#primaryimage\"},\"image\":{\"@id\":\"https:\\\/\\\/www.forbes.be\\\/fr\\\/alides-et-revive-entament-la-reconversion-des-chantiers-navals-de-gdansk\\\/#primaryimage\"},\"thumbnailUrl\":\"https:\\\/\\\/www.forbes.be\\\/fr\\\/wp-content\\\/uploads\\\/2024\\\/11\\\/SC_1-e1732094413878.jpg\",\"datePublished\":\"2024-11-14T15:57:24+00:00\",\"dateModified\":\"2024-11-20T09:20:23+00:00\",\"description\":\"Revive et Alides ont obtenu le permis de construire cadrant la premi\u00e8re phase du projet de reconversion des chantiers navals de Gdansk (Pologne).\",\"breadcrumb\":{\"@id\":\"https:\\\/\\\/www.forbes.be\\\/fr\\\/alides-et-revive-entament-la-reconversion-des-chantiers-navals-de-gdansk\\\/#breadcrumb\"},\"inLanguage\":\"fr-FR\",\"potentialAction\":[{\"@type\":\"ReadAction\",\"target\":[\"https:\\\/\\\/www.forbes.be\\\/fr\\\/alides-et-revive-entament-la-reconversion-des-chantiers-navals-de-gdansk\\\/\"]}]},{\"@type\":\"ImageObject\",\"inLanguage\":\"fr-FR\",\"@id\":\"https:\\\/\\\/www.forbes.be\\\/fr\\\/alides-et-revive-entament-la-reconversion-des-chantiers-navals-de-gdansk\\\/#primaryimage\",\"url\":\"https:\\\/\\\/www.forbes.be\\\/fr\\\/wp-content\\\/uploads\\\/2024\\\/11\\\/SC_1-e1732094413878.jpg\",\"contentUrl\":\"https:\\\/\\\/www.forbes.be\\\/fr\\\/wp-content\\\/uploads\\\/2024\\\/11\\\/SC_1-e1732094413878.jpg\",\"width\":1800,\"height\":942,\"caption\":\"Le projet de revitalisation mixte port\u00e9 par la paire belge sublimera le b\u00e2ti historique, dont le complexe 'Formiernia'. Cr\u00e9dit: Alides+Revive\"},{\"@type\":\"BreadcrumbList\",\"@id\":\"https:\\\/\\\/www.forbes.be\\\/fr\\\/alides-et-revive-entament-la-reconversion-des-chantiers-navals-de-gdansk\\\/#breadcrumb\",\"itemListElement\":[{\"@type\":\"ListItem\",\"position\":1,\"name\":\"Accueil\",\"item\":\"https:\\\/\\\/www.forbes.be\\\/fr\\\/\"},{\"@type\":\"ListItem\",\"position\":2,\"name\":\"Alides et Revive entament la reconversion des chantiers navals de Gdansk\"}]},{\"@type\":\"WebSite\",\"@id\":\"https:\\\/\\\/www.forbes.be\\\/fr\\\/#website\",\"url\":\"https:\\\/\\\/www.forbes.be\\\/fr\\\/\",\"name\":\"Forbes Belgique\",\"description\":\"\",\"publisher\":{\"@id\":\"https:\\\/\\\/www.forbes.be\\\/fr\\\/#organization\"},\"potentialAction\":[{\"@type\":\"SearchAction\",\"target\":{\"@type\":\"EntryPoint\",\"urlTemplate\":\"https:\\\/\\\/www.forbes.be\\\/fr\\\/?s={search_term_string}\"},\"query-input\":{\"@type\":\"PropertyValueSpecification\",\"valueRequired\":true,\"valueName\":\"search_term_string\"}}],\"inLanguage\":\"fr-FR\"},{\"@type\":\"Organization\",\"@id\":\"https:\\\/\\\/www.forbes.be\\\/fr\\\/#organization\",\"name\":\"Forbes Belgique\",\"url\":\"https:\\\/\\\/www.forbes.be\\\/fr\\\/\",\"logo\":{\"@type\":\"ImageObject\",\"inLanguage\":\"fr-FR\",\"@id\":\"https:\\\/\\\/www.forbes.be\\\/fr\\\/#\\\/schema\\\/logo\\\/image\\\/\",\"url\":\"https:\\\/\\\/www.forbes.be\\\/fr\\\/wp-content\\\/uploads\\\/2024\\\/02\\\/forbes.be_.png\",\"contentUrl\":\"https:\\\/\\\/www.forbes.be\\\/fr\\\/wp-content\\\/uploads\\\/2024\\\/02\\\/forbes.be_.png\",\"width\":1200,\"height\":675,\"caption\":\"Forbes Belgique\"},\"image\":{\"@id\":\"https:\\\/\\\/www.forbes.be\\\/fr\\\/#\\\/schema\\\/logo\\\/image\\\/\"},\"sameAs\":[\"https:\\\/\\\/www.facebook.com\\\/forbesbelgique\\\/\",\"https:\\\/\\\/www.instagram.com\\\/Forbes_Belgium\",\"https:\\\/\\\/www.linkedin.com\\\/company\\\/forbes-belgium\\\/\"]},{\"@type\":\"Person\",\"@id\":\"https:\\\/\\\/www.forbes.be\\\/fr\\\/#\\\/schema\\\/person\\\/22bfc3335e560f4084ef5af17ecdad87\",\"name\":\"Philippe Coul\u00e9e\",\"image\":{\"@type\":\"ImageObject\",\"inLanguage\":\"fr-FR\",\"@id\":\"https:\\\/\\\/www.forbes.be\\\/fr\\\/wp-content\\\/uploads\\\/2024\\\/01\\\/unnamed-150x150.jpg\",\"url\":\"https:\\\/\\\/www.forbes.be\\\/fr\\\/wp-content\\\/uploads\\\/2024\\\/01\\\/unnamed-150x150.jpg\",\"contentUrl\":\"https:\\\/\\\/www.forbes.be\\\/fr\\\/wp-content\\\/uploads\\\/2024\\\/01\\\/unnamed-150x150.jpg\",\"caption\":\"Philippe Coul\u00e9e\"},\"url\":\"https:\\\/\\\/www.forbes.be\\\/fr\\\/author\\\/philippe-couleeicloud-com\\\/\"}]}<\/script>\n<!-- \/ Yoast SEO plugin. -->","yoast_head_json":{"title":"Alides et Revive entament la reconversion des chantiers navals de Gdansk | Forbes Belgique","description":"Revive et Alides ont obtenu le permis de construire cadrant la premi\u00e8re phase du projet de reconversion des chantiers navals de Gdansk (Pologne).","robots":{"index":"index","follow":"follow","max-snippet":"max-snippet:-1","max-image-preview":"max-image-preview:large","max-video-preview":"max-video-preview:-1"},"canonical":"https:\/\/www.forbes.be\/fr\/alides-et-revive-entament-la-reconversion-des-chantiers-navals-de-gdansk\/","og_locale":"fr_FR","og_type":"article","og_title":"Alides et Revive entament la reconversion des chantiers navals de Gdansk | Forbes Belgique","og_description":"Revive et Alides ont obtenu le permis de construire cadrant la premi\u00e8re phase du projet de reconversion des chantiers navals de Gdansk (Pologne).","og_url":"https:\/\/www.forbes.be\/fr\/alides-et-revive-entament-la-reconversion-des-chantiers-navals-de-gdansk\/","og_site_name":"Forbes Belgique","article_publisher":"https:\/\/www.facebook.com\/forbesbelgique\/","article_published_time":"2024-11-14T15:57:24+00:00","article_modified_time":"2024-11-20T09:20:23+00:00","og_image":[{"width":1800,"height":942,"url":"https:\/\/www.forbes.be\/fr\/wp-content\/uploads\/2024\/11\/SC_1-e1732094413878.jpg","type":"image\/jpeg"}],"author":"Philippe Coul\u00e9e","twitter_card":"summary_large_image","twitter_misc":{"\u00c9crit par":"Philippe Coul\u00e9e","Dur\u00e9e de lecture estim\u00e9e":"4 minutes"},"schema":{"@context":"https:\/\/schema.org","@graph":[{"@type":"NewsArticle","@id":"https:\/\/www.forbes.be\/fr\/alides-et-revive-entament-la-reconversion-des-chantiers-navals-de-gdansk\/#article","isPartOf":{"@id":"https:\/\/www.forbes.be\/fr\/alides-et-revive-entament-la-reconversion-des-chantiers-navals-de-gdansk\/"},"author":{"name":"Philippe Coul\u00e9e","@id":"https:\/\/www.forbes.be\/fr\/#\/schema\/person\/22bfc3335e560f4084ef5af17ecdad87"},"headline":"Alides et Revive entament la reconversion des chantiers navals de Gdansk","datePublished":"2024-11-14T15:57:24+00:00","dateModified":"2024-11-20T09:20:23+00:00","mainEntityOfPage":{"@id":"https:\/\/www.forbes.be\/fr\/alides-et-revive-entament-la-reconversion-des-chantiers-navals-de-gdansk\/"},"wordCount":615,"publisher":{"@id":"https:\/\/www.forbes.be\/fr\/#organization"},"image":{"@id":"https:\/\/www.forbes.be\/fr\/alides-et-revive-entament-la-reconversion-des-chantiers-navals-de-gdansk\/#primaryimage"},"thumbnailUrl":"https:\/\/www.forbes.be\/fr\/wp-content\/uploads\/2024\/11\/SC_1-e1732094413878.jpg","articleSection":["Actualit\u00e9s"],"inLanguage":"fr-FR"},{"@type":"WebPage","@id":"https:\/\/www.forbes.be\/fr\/alides-et-revive-entament-la-reconversion-des-chantiers-navals-de-gdansk\/","url":"https:\/\/www.forbes.be\/fr\/alides-et-revive-entament-la-reconversion-des-chantiers-navals-de-gdansk\/","name":"Alides et Revive entament la reconversion des chantiers navals de Gdansk | Forbes Belgique","isPartOf":{"@id":"https:\/\/www.forbes.be\/fr\/#website"},"primaryImageOfPage":{"@id":"https:\/\/www.forbes.be\/fr\/alides-et-revive-entament-la-reconversion-des-chantiers-navals-de-gdansk\/#primaryimage"},"image":{"@id":"https:\/\/www.forbes.be\/fr\/alides-et-revive-entament-la-reconversion-des-chantiers-navals-de-gdansk\/#primaryimage"},"thumbnailUrl":"https:\/\/www.forbes.be\/fr\/wp-content\/uploads\/2024\/11\/SC_1-e1732094413878.jpg","datePublished":"2024-11-14T15:57:24+00:00","dateModified":"2024-11-20T09:20:23+00:00","description":"Revive et Alides ont obtenu le permis de construire cadrant la premi\u00e8re phase du projet de reconversion des chantiers navals de Gdansk (Pologne).","breadcrumb":{"@id":"https:\/\/www.forbes.be\/fr\/alides-et-revive-entament-la-reconversion-des-chantiers-navals-de-gdansk\/#breadcrumb"},"inLanguage":"fr-FR","potentialAction":[{"@type":"ReadAction","target":["https:\/\/www.forbes.be\/fr\/alides-et-revive-entament-la-reconversion-des-chantiers-navals-de-gdansk\/"]}]},{"@type":"ImageObject","inLanguage":"fr-FR","@id":"https:\/\/www.forbes.be\/fr\/alides-et-revive-entament-la-reconversion-des-chantiers-navals-de-gdansk\/#primaryimage","url":"https:\/\/www.forbes.be\/fr\/wp-content\/uploads\/2024\/11\/SC_1-e1732094413878.jpg","contentUrl":"https:\/\/www.forbes.be\/fr\/wp-content\/uploads\/2024\/11\/SC_1-e1732094413878.jpg","width":1800,"height":942,"caption":"Le projet de revitalisation mixte port\u00e9 par la paire belge sublimera le b\u00e2ti historique, dont le complexe 'Formiernia'. Cr\u00e9dit: Alides+Revive"},{"@type":"BreadcrumbList","@id":"https:\/\/www.forbes.be\/fr\/alides-et-revive-entament-la-reconversion-des-chantiers-navals-de-gdansk\/#breadcrumb","itemListElement":[{"@type":"ListItem","position":1,"name":"Accueil","item":"https:\/\/www.forbes.be\/fr\/"},{"@type":"ListItem","position":2,"name":"Alides et Revive entament la reconversion des chantiers navals de Gdansk"}]},{"@type":"WebSite","@id":"https:\/\/www.forbes.be\/fr\/#website","url":"https:\/\/www.forbes.be\/fr\/","name":"Forbes Belgique","description":"","publisher":{"@id":"https:\/\/www.forbes.be\/fr\/#organization"},"potentialAction":[{"@type":"SearchAction","target":{"@type":"EntryPoint","urlTemplate":"https:\/\/www.forbes.be\/fr\/?s={search_term_string}"},"query-input":{"@type":"PropertyValueSpecification","valueRequired":true,"valueName":"search_term_string"}}],"inLanguage":"fr-FR"},{"@type":"Organization","@id":"https:\/\/www.forbes.be\/fr\/#organization","name":"Forbes Belgique","url":"https:\/\/www.forbes.be\/fr\/","logo":{"@type":"ImageObject","inLanguage":"fr-FR","@id":"https:\/\/www.forbes.be\/fr\/#\/schema\/logo\/image\/","url":"https:\/\/www.forbes.be\/fr\/wp-content\/uploads\/2024\/02\/forbes.be_.png","contentUrl":"https:\/\/www.forbes.be\/fr\/wp-content\/uploads\/2024\/02\/forbes.be_.png","width":1200,"height":675,"caption":"Forbes Belgique"},"image":{"@id":"https:\/\/www.forbes.be\/fr\/#\/schema\/logo\/image\/"},"sameAs":["https:\/\/www.facebook.com\/forbesbelgique\/","https:\/\/www.instagram.com\/Forbes_Belgium","https:\/\/www.linkedin.com\/company\/forbes-belgium\/"]},{"@type":"Person","@id":"https:\/\/www.forbes.be\/fr\/#\/schema\/person\/22bfc3335e560f4084ef5af17ecdad87","name":"Philippe Coul\u00e9e","image":{"@type":"ImageObject","inLanguage":"fr-FR","@id":"https:\/\/www.forbes.be\/fr\/wp-content\/uploads\/2024\/01\/unnamed-150x150.jpg","url":"https:\/\/www.forbes.be\/fr\/wp-content\/uploads\/2024\/01\/unnamed-150x150.jpg","contentUrl":"https:\/\/www.forbes.be\/fr\/wp-content\/uploads\/2024\/01\/unnamed-150x150.jpg","caption":"Philippe Coul\u00e9e"},"url":"https:\/\/www.forbes.be\/fr\/author\/philippe-couleeicloud-com\/"}]}},"_links":{"self":[{"href":"https:\/\/www.forbes.be\/fr\/wp-json\/wp\/v2\/posts\/6313","targetHints":{"allow":["GET"]}}],"collection":[{"href":"https:\/\/www.forbes.be\/fr\/wp-json\/wp\/v2\/posts"}],"about":[{"href":"https:\/\/www.forbes.be\/fr\/wp-json\/wp\/v2\/types\/post"}],"author":[{"embeddable":true,"href":"https:\/\/www.forbes.be\/fr\/wp-json\/wp\/v2\/users\/15"}],"replies":[{"embeddable":true,"href":"https:\/\/www.forbes.be\/fr\/wp-json\/wp\/v2\/comments?post=6313"}],"version-history":[{"count":1,"href":"https:\/\/www.forbes.be\/fr\/wp-json\/wp\/v2\/posts\/6313\/revisions"}],"predecessor-version":[{"id":6318,"href":"https:\/\/www.forbes.be\/fr\/wp-json\/wp\/v2\/posts\/6313\/revisions\/6318"}],"wp:featuredmedia":[{"embeddable":true,"href":"https:\/\/www.forbes.be\/fr\/wp-json\/wp\/v2\/media\/6314"}],"wp:attachment":[{"href":"https:\/\/www.forbes.be\/fr\/wp-json\/wp\/v2\/media?parent=6313"}],"wp:term":[{"taxonomy":"category","embeddable":true,"href":"https:\/\/www.forbes.be\/fr\/wp-json\/wp\/v2\/categories?post=6313"},{"taxonomy":"post_tag","embeddable":true,"href":"https:\/\/www.forbes.be\/fr\/wp-json\/wp\/v2\/tags?post=6313"}],"curies":[{"name":"wp","href":"https:\/\/api.w.org\/{rel}","templated":true}]}}