{"id":6360,"date":"2025-01-30T07:00:53","date_gmt":"2025-01-30T06:00:53","guid":{"rendered":"https:\/\/www.forbes.be\/fr\/?p=6360"},"modified":"2025-01-28T09:18:21","modified_gmt":"2025-01-28T08:18:21","slug":"lince-santa-clara-renaissance-monastere-portugal","status":"publish","type":"post","link":"https:\/\/www.forbes.be\/fr\/lince-santa-clara-renaissance-monastere-portugal\/","title":{"rendered":"Le Lince Santa Clara : renaissance d\u2019un monast\u00e8re historique au portugal"},"content":{"rendered":"<p class=\"p1\"><strong><span class=\"s1\">Situ\u00e9 \u00e0 Vila do Conde au Portugal, le <a href=\"https:\/\/thelincehotels.com\/santaclara\/en\/the-lince-santa-clara-en\/\" target=\"_blank\" rel=\"noopener\">Lince Santa Clara<\/a> toise, sur son piton rocheux qui surplombe la ville, le fleuve Ave et son estuaire ouvrant sur l\u2019oc\u00e9an Atlantique. Il est le r\u00e9sultat de la r\u00e9habilitation longue et complexe du vaste monast\u00e8re de Santa Clara, fort de 700 ans d\u2019histoire.<span class=\"Apple-converted-space\">\u00a0<\/span><\/span><\/strong><\/p>\n<p class=\"p1\"><span class=\"s1\">On doit la construction des murs initiaux, lanc\u00e9e d\u00e8s 1318, \u00e0 Don Afonso Sanches, le fils ill\u00e9gitime du roi Don Dinis, qui le destina \u00e0 accueillir un couvent pour l\u2019Ordre des Clarisses. Mais l\u2019imposant b\u00e2timent actuel qui se d\u00e9tache dans le paysage de Vila de Conde est surtout une construction du 18e si\u00e8cle. Apr\u00e8s la progressive disparition des ordres religieux au 19<sup>e<\/sup> si\u00e8cle, le couvent h\u00e9bergea ensuite, durant plus de 100 ans et jusqu\u2019en 2007, une maison de correction pour mineurs et un centre \u00e9ducatif. Ferm\u00e9 \u00e0 double tour et endormi depuis pr\u00e8s de 20 ans, il attendait une nouvelle affectation.<\/span><\/p>\n<h2 class=\"p3\"><span class=\"s2\">Usufruit de 50 ans au moins<\/span><\/h2>\n<p class=\"p1\">Apr\u00e8s la signature en 2018 d\u2019une concession (r\u00e9novation et gestion) de 50 ans accord\u00e9e dans le cadre du programme national Revive (r\u00e9habilitation des b\u00e2timents publics historiques) au groupe portugais Arliz par l\u2019Etat, propri\u00e9taire des lieux, il a encore fallu six ans pour que, le 22 mars dernier, le Lince Santa Clara rouvre enfin ses portes remarquablement r\u00e9nov\u00e9es au terme de travaux qui auront co\u00fbt\u00e9 pr\u00e8s de 20 millions d\u2019euros.<span class=\"Apple-converted-space\">\u00a0<\/span><\/p>\n<figure id=\"attachment_6362\" aria-describedby=\"caption-attachment-6362\" style=\"width: 2000px\" class=\"wp-caption alignnone\"><img loading=\"lazy\" decoding=\"async\" class=\"wp-image-6362 size-full\" src=\"https:\/\/www.forbes.be\/fr\/wp-content\/uploads\/2024\/11\/1-6.jpg\" alt=\"\" width=\"2000\" height=\"1333\" srcset=\"https:\/\/www.forbes.be\/fr\/wp-content\/uploads\/2024\/11\/1-6.jpg 2000w, https:\/\/www.forbes.be\/fr\/wp-content\/uploads\/2024\/11\/1-6-300x200.jpg 300w, https:\/\/www.forbes.be\/fr\/wp-content\/uploads\/2024\/11\/1-6-1024x682.jpg 1024w, https:\/\/www.forbes.be\/fr\/wp-content\/uploads\/2024\/11\/1-6-768x512.jpg 768w, https:\/\/www.forbes.be\/fr\/wp-content\/uploads\/2024\/11\/1-6-1536x1024.jpg 1536w, https:\/\/www.forbes.be\/fr\/wp-content\/uploads\/2024\/11\/1-6-696x464.jpg 696w, https:\/\/www.forbes.be\/fr\/wp-content\/uploads\/2024\/11\/1-6-1068x712.jpg 1068w, https:\/\/www.forbes.be\/fr\/wp-content\/uploads\/2024\/11\/1-6-1920x1280.jpg 1920w, https:\/\/www.forbes.be\/fr\/wp-content\/uploads\/2024\/11\/1-6-600x400.jpg 600w\" sizes=\"auto, (max-width: 2000px) 100vw, 2000px\" \/><figcaption id=\"caption-attachment-6362\" class=\"wp-caption-text\">\u00a9Lince Santa Clara<\/figcaption><\/figure>\n<p class=\"p1\"><span class=\"s3\">L\u2019h\u00f4tel cinq \u00e9toiles qui vient de vivre sa premi\u00e8re haute saison touristique offre aujourd\u2019hui 76 chambres et 11 suites, parmi lesquelles se distinguent notamment les vastes mansardes situ\u00e9es au sommet du b\u00e2timent, dont certaines offrent une vue panoramique sur le fleuve, la ville voire l\u2019oc\u00e9an tout proche. En tout, le complexe positionn\u00e9 tr\u00e8s haut de gamme d\u00e9cline sept niveaux, dont trois en sous-sol. Le prix des chambres oscille pour l\u2019instant entre 300 et 800 euros, selon les saisons et le type.<span class=\"Apple-converted-space\">\u00a0<\/span><\/span><\/p>\n<h2 class=\"p3\"><span class=\"s2\">Restaurants, piscines et jardins<\/span><\/h2>\n<p class=\"p1\"><span class=\"s3\">Pass\u00e9e la lourde porte d\u2019entr\u00e9e, l\u2019atrium de la r\u00e9ception ouvre sur le vaste bar Abadessa, avec ses salons vo\u00fbt\u00e9s magnifiquement d\u00e9cor\u00e9s et \u00e9clair\u00e9s. Suit un espace boutique et le grand restaurant principal, le Mosteiro, ouvrant sur un jardin int\u00e9rieur min\u00e9ral. La carte en a \u00e9t\u00e9 confi\u00e9e \u00e0 la jeune cheffe J\u00falia Oliveira qui y propose une cuisine inspir\u00e9e de la gastronomie portugaise traditionnelle mer et terre.<span class=\"Apple-converted-space\">\u00a0<\/span><\/span><\/p>\n<figure id=\"attachment_6363\" aria-describedby=\"caption-attachment-6363\" style=\"width: 2000px\" class=\"wp-caption alignnone\"><img loading=\"lazy\" decoding=\"async\" class=\"wp-image-6363 size-full\" src=\"https:\/\/www.forbes.be\/fr\/wp-content\/uploads\/2024\/11\/2-5.jpg\" alt=\"\" width=\"2000\" height=\"2000\" srcset=\"https:\/\/www.forbes.be\/fr\/wp-content\/uploads\/2024\/11\/2-5.jpg 2000w, https:\/\/www.forbes.be\/fr\/wp-content\/uploads\/2024\/11\/2-5-300x300.jpg 300w, https:\/\/www.forbes.be\/fr\/wp-content\/uploads\/2024\/11\/2-5-1024x1024.jpg 1024w, https:\/\/www.forbes.be\/fr\/wp-content\/uploads\/2024\/11\/2-5-150x150.jpg 150w, https:\/\/www.forbes.be\/fr\/wp-content\/uploads\/2024\/11\/2-5-768x768.jpg 768w, https:\/\/www.forbes.be\/fr\/wp-content\/uploads\/2024\/11\/2-5-1536x1536.jpg 1536w, https:\/\/www.forbes.be\/fr\/wp-content\/uploads\/2024\/11\/2-5-696x696.jpg 696w, https:\/\/www.forbes.be\/fr\/wp-content\/uploads\/2024\/11\/2-5-1068x1068.jpg 1068w, https:\/\/www.forbes.be\/fr\/wp-content\/uploads\/2024\/11\/2-5-1920x1920.jpg 1920w, https:\/\/www.forbes.be\/fr\/wp-content\/uploads\/2024\/11\/2-5-600x600.jpg 600w, https:\/\/www.forbes.be\/fr\/wp-content\/uploads\/2024\/11\/2-5-100x100.jpg 100w\" sizes=\"auto, (max-width: 2000px) 100vw, 2000px\" \/><figcaption id=\"caption-attachment-6363\" class=\"wp-caption-text\">\u00a9Lince Santa Clara<\/figcaption><\/figure>\n<p class=\"p1\"><span class=\"s3\">Des fen\u00eatres du restaurant, la vue peut plonger sur la ville ou sur le magnifique jardin suspendu, blotti derri\u00e8re le mur d\u2019enceinte, avec sa piscine ext\u00e9rieure \u00e0 d\u00e9bordement, son bar Arcos et l\u2019Aqueduct Wellness &amp; Spa, sous enseigne Sisley, dont le vaste bassin int\u00e9rieur en pierre du pays est lui aussi remarquable.<\/span><\/p>\n<p class=\"p1\"><span class=\"s4\">Au sous-sol est log\u00e9 le restaurant gastronomique Oculto, dont la carte a \u00e9t\u00e9 confi\u00e9e au chef V\u00edtor Matos, le plus prim\u00e9 par le guide Michelin d\u00e9but 2024 (trois \u00e9toiles et d\u00e9j\u00e0 six restaurants sous sa tutelle gastronomique). Certains espaces voisins o\u00f9 sont notamment log\u00e9s la cave \u00e0 vin et un centre d\u2019interpr\u00e9tation, d\u2019exposition et de s\u00e9minaires ont \u00e9t\u00e9 d\u00e9couverts et remarquablement am\u00e9nag\u00e9s lors de travaux d\u2019excavation et de fouilles riches en d\u00e9couvertes impr\u00e9visibles men\u00e9es par le ma\u00eetre d\u2019ouvrage, le groupe Arliz.<\/span><\/p>\n<blockquote>\n<p class=\"p5\"><span class=\"Apple-converted-space\">\u00a0<\/span>\u00ab <span class=\"s5\"><i>Arliz<\/i><\/span><i> mixe qualit\u00e9 et rentabilit\u00e9 du <\/i><span class=\"s5\"><i>b\u00e2ti<\/i><\/span><i>, la seule fa\u00e7on de <\/i><span class=\"s5\"><i>cro\u00eetre <\/i><\/span><i>de mani\u00e8re <\/i><span class=\"s5\"><i>solide<\/i><\/span><i> et avec de la valeur ajout\u00e9e<\/i> \u00bb<\/p>\n<\/blockquote>\n<h2 class=\"p6\"><span class=\"s2\">Arliz Group, le nouveau ma\u00eetre des lieux<\/span><\/h2>\n<p class=\"p1\"><span class=\"s1\">Le groupe de promotion immobili\u00e8re et de construction Arliz, dont le si\u00e8ge social se trouve \u00e0 Braga (parc industriel de Celeir\u00f3s), est rapidement devenu une r\u00e9f\u00e9rence du secteur dans le nord du Portugal. Son PDG, Domingos Correia, a cr\u00e9\u00e9 l\u2019entreprise au d\u00e9but du 20<sup>e<\/sup> si\u00e8cle et est le principal artisan de la r\u00e9habilitation du monast\u00e8re de Santa Clara. Aujourd\u2019hui, celui-ci pilote 14 entreprises (sept marques), comptant pr\u00e8s de 450 employ\u00e9s et pr\u00e9sentes sur le continent, dans les A\u00e7ores, en Angola et au Mozambique. En couplant notamment les secteurs de la construction, de l\u2019immobilier et de l\u2019h\u00f4tellerie, Arliz mixe qualit\u00e9 et rentabilit\u00e9 du b\u00e2ti, \u00ab<i> la seule fa\u00e7on de cro\u00eetre de mani\u00e8re solide et avec de la valeur ajout\u00e9e<\/i> \u00bb, consid\u00e8re son patron, \u00e9galement actif dans le secteur des assurances, des parkings, l\u2019exploration des parcs souterrains ou la m\u00e9tallurgie.<\/span><\/p>\n<figure id=\"attachment_6364\" aria-describedby=\"caption-attachment-6364\" style=\"width: 2000px\" class=\"wp-caption alignnone\"><img loading=\"lazy\" decoding=\"async\" class=\"wp-image-6364 size-full\" src=\"https:\/\/www.forbes.be\/fr\/wp-content\/uploads\/2024\/11\/3-4.jpg\" alt=\"\" width=\"2000\" height=\"2000\" srcset=\"https:\/\/www.forbes.be\/fr\/wp-content\/uploads\/2024\/11\/3-4.jpg 2000w, https:\/\/www.forbes.be\/fr\/wp-content\/uploads\/2024\/11\/3-4-300x300.jpg 300w, https:\/\/www.forbes.be\/fr\/wp-content\/uploads\/2024\/11\/3-4-1024x1024.jpg 1024w, https:\/\/www.forbes.be\/fr\/wp-content\/uploads\/2024\/11\/3-4-150x150.jpg 150w, https:\/\/www.forbes.be\/fr\/wp-content\/uploads\/2024\/11\/3-4-768x768.jpg 768w, https:\/\/www.forbes.be\/fr\/wp-content\/uploads\/2024\/11\/3-4-1536x1536.jpg 1536w, https:\/\/www.forbes.be\/fr\/wp-content\/uploads\/2024\/11\/3-4-696x696.jpg 696w, https:\/\/www.forbes.be\/fr\/wp-content\/uploads\/2024\/11\/3-4-1068x1068.jpg 1068w, https:\/\/www.forbes.be\/fr\/wp-content\/uploads\/2024\/11\/3-4-1920x1920.jpg 1920w, https:\/\/www.forbes.be\/fr\/wp-content\/uploads\/2024\/11\/3-4-600x600.jpg 600w, https:\/\/www.forbes.be\/fr\/wp-content\/uploads\/2024\/11\/3-4-100x100.jpg 100w\" sizes=\"auto, (max-width: 2000px) 100vw, 2000px\" \/><figcaption id=\"caption-attachment-6364\" class=\"wp-caption-text\">\u00a9Lince Santa Clara<\/figcaption><\/figure>\n<p class=\"p1\">Apr\u00e8s avoir mis toute cette expertise crois\u00e9e dans la reconversion de l\u2019embl\u00e9matique monast\u00e8re Santa Clara en unit\u00e9 h\u00f4teli\u00e8re de luxe, ce dernier envisage d\u2019\u00e9tendre encore le r\u00e9seau de l\u2019enseigne familiale The Lince, avec l\u2019ambition d\u2019ouvrir une nouvelle adresse haut de gamme chaque ann\u00e9e, notamment \u00e0 Funchal (Mad\u00e8re), Porto, Lisbonne, Braga et en Algarve. L\u2019int\u00e9gration r\u00e9cente d\u2019une usine de construction m\u00e9tallique, focalis\u00e9e sur l\u2019exportation vers les march\u00e9s europ\u00e9ens pour l\u2019instant, vient compl\u00e9ter le canif suisse du groupe. <span class=\"s6\"><span class=\"Apple-converted-space\">\u00a0<\/span><\/span><\/p>\n","protected":false},"excerpt":{"rendered":"<p>Situ\u00e9 \u00e0 Vila do Conde au Portugal, le Lince Santa Clara toise, sur son piton rocheux qui surplombe la ville, le fleuve Ave et son estuaire ouvrant sur l\u2019oc\u00e9an Atlantique. Il est le r\u00e9sultat de la r\u00e9habilitation longue et complexe du vaste monast\u00e8re de Santa Clara, fort de 700 ans d\u2019histoire.\u00a0 On doit la construction [&hellip;]<\/p>\n","protected":false},"author":15,"featured_media":6365,"comment_status":"closed","ping_status":"closed","sticky":false,"template":"","format":"standard","meta":{"_acf_changed":false,"inline_featured_image":false,"footnotes":""},"categories":[1,24,18],"tags":[],"class_list":{"0":"post-6360","1":"post","2":"type-post","3":"status-publish","4":"format-standard","5":"has-post-thumbnail","7":"category-actualite","8":"category-immobilier","9":"category-luxe"},"acf":[],"_yoast_wpseo_title":null,"_yoast_wpseo_metadesc":"\u00c0 Vila do Conde, le Lince Santa Clara redonne vie \u00e0 un monast\u00e8re du 14e si\u00e8cle, m\u00ealant 700 ans d\u2019histoire et vue imprenable sur l\u2019Atlantique.","auteur_traducteur":"","yoast_head":"<!-- This site is optimized with the Yoast SEO plugin v27.4 - https:\/\/yoast.com\/product\/yoast-seo-wordpress\/ -->\n<title>Le Lince Santa Clara : renaissance d\u2019un monast\u00e8re historique au portugal | Forbes Belgique<\/title>\n<meta name=\"description\" content=\"\u00c0 Vila do Conde, le Lince Santa Clara redonne vie \u00e0 un monast\u00e8re du 14e si\u00e8cle, m\u00ealant 700 ans d\u2019histoire et vue imprenable sur l\u2019Atlantique.\" \/>\n<meta name=\"robots\" content=\"index, follow, max-snippet:-1, max-image-preview:large, max-video-preview:-1\" \/>\n<link rel=\"canonical\" href=\"https:\/\/www.forbes.be\/fr\/lince-santa-clara-renaissance-monastere-portugal\/\" \/>\n<meta property=\"og:locale\" content=\"fr_FR\" \/>\n<meta property=\"og:type\" content=\"article\" \/>\n<meta property=\"og:title\" content=\"Le Lince Santa Clara : renaissance d\u2019un monast\u00e8re historique au portugal | Forbes Belgique\" \/>\n<meta property=\"og:description\" content=\"\u00c0 Vila do Conde, le Lince Santa Clara redonne vie \u00e0 un monast\u00e8re du 14e si\u00e8cle, m\u00ealant 700 ans d\u2019histoire et vue imprenable sur l\u2019Atlantique.\" \/>\n<meta property=\"og:url\" content=\"https:\/\/www.forbes.be\/fr\/lince-santa-clara-renaissance-monastere-portugal\/\" \/>\n<meta property=\"og:site_name\" content=\"Forbes Belgique\" \/>\n<meta property=\"article:publisher\" content=\"https:\/\/www.facebook.com\/forbesbelgique\/\" \/>\n<meta property=\"article:published_time\" content=\"2025-01-30T06:00:53+00:00\" \/>\n<meta property=\"og:image\" content=\"https:\/\/www.forbes.be\/fr\/wp-content\/uploads\/2024\/11\/image-5.jpg\" \/>\n\t<meta property=\"og:image:width\" content=\"1200\" \/>\n\t<meta property=\"og:image:height\" content=\"628\" \/>\n\t<meta property=\"og:image:type\" content=\"image\/jpeg\" \/>\n<meta name=\"author\" content=\"Philippe Coul\u00e9e\" \/>\n<meta name=\"twitter:card\" content=\"summary_large_image\" \/>\n<meta name=\"twitter:label1\" content=\"\u00c9crit par\" \/>\n\t<meta name=\"twitter:data1\" content=\"Philippe Coul\u00e9e\" \/>\n\t<meta name=\"twitter:label2\" content=\"Dur\u00e9e de lecture estim\u00e9e\" \/>\n\t<meta name=\"twitter:data2\" content=\"5 minutes\" \/>\n<script type=\"application\/ld+json\" class=\"yoast-schema-graph\">{\"@context\":\"https:\\\/\\\/schema.org\",\"@graph\":[{\"@type\":\"NewsArticle\",\"@id\":\"https:\\\/\\\/www.forbes.be\\\/fr\\\/lince-santa-clara-renaissance-monastere-portugal\\\/#article\",\"isPartOf\":{\"@id\":\"https:\\\/\\\/www.forbes.be\\\/fr\\\/lince-santa-clara-renaissance-monastere-portugal\\\/\"},\"author\":{\"name\":\"Philippe Coul\u00e9e\",\"@id\":\"https:\\\/\\\/www.forbes.be\\\/fr\\\/#\\\/schema\\\/person\\\/22bfc3335e560f4084ef5af17ecdad87\"},\"headline\":\"Le Lince Santa Clara : renaissance d\u2019un monast\u00e8re historique au portugal\",\"datePublished\":\"2025-01-30T06:00:53+00:00\",\"mainEntityOfPage\":{\"@id\":\"https:\\\/\\\/www.forbes.be\\\/fr\\\/lince-santa-clara-renaissance-monastere-portugal\\\/\"},\"wordCount\":907,\"publisher\":{\"@id\":\"https:\\\/\\\/www.forbes.be\\\/fr\\\/#organization\"},\"image\":{\"@id\":\"https:\\\/\\\/www.forbes.be\\\/fr\\\/lince-santa-clara-renaissance-monastere-portugal\\\/#primaryimage\"},\"thumbnailUrl\":\"https:\\\/\\\/www.forbes.be\\\/fr\\\/wp-content\\\/uploads\\\/2024\\\/11\\\/image-5.jpg\",\"articleSection\":[\"Actualit\u00e9s\",\"Immobilier\",\"Luxe\"],\"inLanguage\":\"fr-FR\"},{\"@type\":\"WebPage\",\"@id\":\"https:\\\/\\\/www.forbes.be\\\/fr\\\/lince-santa-clara-renaissance-monastere-portugal\\\/\",\"url\":\"https:\\\/\\\/www.forbes.be\\\/fr\\\/lince-santa-clara-renaissance-monastere-portugal\\\/\",\"name\":\"Le Lince Santa Clara : renaissance d\u2019un monast\u00e8re historique au portugal | Forbes Belgique\",\"isPartOf\":{\"@id\":\"https:\\\/\\\/www.forbes.be\\\/fr\\\/#website\"},\"primaryImageOfPage\":{\"@id\":\"https:\\\/\\\/www.forbes.be\\\/fr\\\/lince-santa-clara-renaissance-monastere-portugal\\\/#primaryimage\"},\"image\":{\"@id\":\"https:\\\/\\\/www.forbes.be\\\/fr\\\/lince-santa-clara-renaissance-monastere-portugal\\\/#primaryimage\"},\"thumbnailUrl\":\"https:\\\/\\\/www.forbes.be\\\/fr\\\/wp-content\\\/uploads\\\/2024\\\/11\\\/image-5.jpg\",\"datePublished\":\"2025-01-30T06:00:53+00:00\",\"description\":\"\u00c0 Vila do Conde, le Lince Santa Clara redonne vie \u00e0 un monast\u00e8re du 14e si\u00e8cle, m\u00ealant 700 ans d\u2019histoire et vue imprenable sur l\u2019Atlantique.\",\"breadcrumb\":{\"@id\":\"https:\\\/\\\/www.forbes.be\\\/fr\\\/lince-santa-clara-renaissance-monastere-portugal\\\/#breadcrumb\"},\"inLanguage\":\"fr-FR\",\"potentialAction\":[{\"@type\":\"ReadAction\",\"target\":[\"https:\\\/\\\/www.forbes.be\\\/fr\\\/lince-santa-clara-renaissance-monastere-portugal\\\/\"]}]},{\"@type\":\"ImageObject\",\"inLanguage\":\"fr-FR\",\"@id\":\"https:\\\/\\\/www.forbes.be\\\/fr\\\/lince-santa-clara-renaissance-monastere-portugal\\\/#primaryimage\",\"url\":\"https:\\\/\\\/www.forbes.be\\\/fr\\\/wp-content\\\/uploads\\\/2024\\\/11\\\/image-5.jpg\",\"contentUrl\":\"https:\\\/\\\/www.forbes.be\\\/fr\\\/wp-content\\\/uploads\\\/2024\\\/11\\\/image-5.jpg\",\"width\":1200,\"height\":628,\"caption\":\"\u00a9Lince Santa Clara\"},{\"@type\":\"BreadcrumbList\",\"@id\":\"https:\\\/\\\/www.forbes.be\\\/fr\\\/lince-santa-clara-renaissance-monastere-portugal\\\/#breadcrumb\",\"itemListElement\":[{\"@type\":\"ListItem\",\"position\":1,\"name\":\"Accueil\",\"item\":\"https:\\\/\\\/www.forbes.be\\\/fr\\\/\"},{\"@type\":\"ListItem\",\"position\":2,\"name\":\"Le Lince Santa Clara : renaissance d\u2019un monast\u00e8re historique au portugal\"}]},{\"@type\":\"WebSite\",\"@id\":\"https:\\\/\\\/www.forbes.be\\\/fr\\\/#website\",\"url\":\"https:\\\/\\\/www.forbes.be\\\/fr\\\/\",\"name\":\"Forbes Belgique\",\"description\":\"\",\"publisher\":{\"@id\":\"https:\\\/\\\/www.forbes.be\\\/fr\\\/#organization\"},\"potentialAction\":[{\"@type\":\"SearchAction\",\"target\":{\"@type\":\"EntryPoint\",\"urlTemplate\":\"https:\\\/\\\/www.forbes.be\\\/fr\\\/?s={search_term_string}\"},\"query-input\":{\"@type\":\"PropertyValueSpecification\",\"valueRequired\":true,\"valueName\":\"search_term_string\"}}],\"inLanguage\":\"fr-FR\"},{\"@type\":\"Organization\",\"@id\":\"https:\\\/\\\/www.forbes.be\\\/fr\\\/#organization\",\"name\":\"Forbes Belgique\",\"url\":\"https:\\\/\\\/www.forbes.be\\\/fr\\\/\",\"logo\":{\"@type\":\"ImageObject\",\"inLanguage\":\"fr-FR\",\"@id\":\"https:\\\/\\\/www.forbes.be\\\/fr\\\/#\\\/schema\\\/logo\\\/image\\\/\",\"url\":\"https:\\\/\\\/www.forbes.be\\\/fr\\\/wp-content\\\/uploads\\\/2024\\\/02\\\/forbes.be_.png\",\"contentUrl\":\"https:\\\/\\\/www.forbes.be\\\/fr\\\/wp-content\\\/uploads\\\/2024\\\/02\\\/forbes.be_.png\",\"width\":1200,\"height\":675,\"caption\":\"Forbes Belgique\"},\"image\":{\"@id\":\"https:\\\/\\\/www.forbes.be\\\/fr\\\/#\\\/schema\\\/logo\\\/image\\\/\"},\"sameAs\":[\"https:\\\/\\\/www.facebook.com\\\/forbesbelgique\\\/\",\"https:\\\/\\\/www.instagram.com\\\/Forbes_Belgium\",\"https:\\\/\\\/www.linkedin.com\\\/company\\\/forbes-belgium\\\/\"]},{\"@type\":\"Person\",\"@id\":\"https:\\\/\\\/www.forbes.be\\\/fr\\\/#\\\/schema\\\/person\\\/22bfc3335e560f4084ef5af17ecdad87\",\"name\":\"Philippe Coul\u00e9e\",\"image\":{\"@type\":\"ImageObject\",\"inLanguage\":\"fr-FR\",\"@id\":\"https:\\\/\\\/www.forbes.be\\\/fr\\\/wp-content\\\/uploads\\\/2024\\\/01\\\/unnamed-150x150.jpg\",\"url\":\"https:\\\/\\\/www.forbes.be\\\/fr\\\/wp-content\\\/uploads\\\/2024\\\/01\\\/unnamed-150x150.jpg\",\"contentUrl\":\"https:\\\/\\\/www.forbes.be\\\/fr\\\/wp-content\\\/uploads\\\/2024\\\/01\\\/unnamed-150x150.jpg\",\"caption\":\"Philippe Coul\u00e9e\"},\"url\":\"https:\\\/\\\/www.forbes.be\\\/fr\\\/author\\\/philippe-couleeicloud-com\\\/\"}]}<\/script>\n<!-- \/ Yoast SEO plugin. -->","yoast_head_json":{"title":"Le Lince Santa Clara : renaissance d\u2019un monast\u00e8re historique au portugal | Forbes Belgique","description":"\u00c0 Vila do Conde, le Lince Santa Clara redonne vie \u00e0 un monast\u00e8re du 14e si\u00e8cle, m\u00ealant 700 ans d\u2019histoire et vue imprenable sur l\u2019Atlantique.","robots":{"index":"index","follow":"follow","max-snippet":"max-snippet:-1","max-image-preview":"max-image-preview:large","max-video-preview":"max-video-preview:-1"},"canonical":"https:\/\/www.forbes.be\/fr\/lince-santa-clara-renaissance-monastere-portugal\/","og_locale":"fr_FR","og_type":"article","og_title":"Le Lince Santa Clara : renaissance d\u2019un monast\u00e8re historique au portugal | Forbes Belgique","og_description":"\u00c0 Vila do Conde, le Lince Santa Clara redonne vie \u00e0 un monast\u00e8re du 14e si\u00e8cle, m\u00ealant 700 ans d\u2019histoire et vue imprenable sur l\u2019Atlantique.","og_url":"https:\/\/www.forbes.be\/fr\/lince-santa-clara-renaissance-monastere-portugal\/","og_site_name":"Forbes Belgique","article_publisher":"https:\/\/www.facebook.com\/forbesbelgique\/","article_published_time":"2025-01-30T06:00:53+00:00","og_image":[{"width":1200,"height":628,"url":"https:\/\/www.forbes.be\/fr\/wp-content\/uploads\/2024\/11\/image-5.jpg","type":"image\/jpeg"}],"author":"Philippe Coul\u00e9e","twitter_card":"summary_large_image","twitter_misc":{"\u00c9crit par":"Philippe Coul\u00e9e","Dur\u00e9e de lecture estim\u00e9e":"5 minutes"},"schema":{"@context":"https:\/\/schema.org","@graph":[{"@type":"NewsArticle","@id":"https:\/\/www.forbes.be\/fr\/lince-santa-clara-renaissance-monastere-portugal\/#article","isPartOf":{"@id":"https:\/\/www.forbes.be\/fr\/lince-santa-clara-renaissance-monastere-portugal\/"},"author":{"name":"Philippe Coul\u00e9e","@id":"https:\/\/www.forbes.be\/fr\/#\/schema\/person\/22bfc3335e560f4084ef5af17ecdad87"},"headline":"Le Lince Santa Clara : renaissance d\u2019un monast\u00e8re historique au portugal","datePublished":"2025-01-30T06:00:53+00:00","mainEntityOfPage":{"@id":"https:\/\/www.forbes.be\/fr\/lince-santa-clara-renaissance-monastere-portugal\/"},"wordCount":907,"publisher":{"@id":"https:\/\/www.forbes.be\/fr\/#organization"},"image":{"@id":"https:\/\/www.forbes.be\/fr\/lince-santa-clara-renaissance-monastere-portugal\/#primaryimage"},"thumbnailUrl":"https:\/\/www.forbes.be\/fr\/wp-content\/uploads\/2024\/11\/image-5.jpg","articleSection":["Actualit\u00e9s","Immobilier","Luxe"],"inLanguage":"fr-FR"},{"@type":"WebPage","@id":"https:\/\/www.forbes.be\/fr\/lince-santa-clara-renaissance-monastere-portugal\/","url":"https:\/\/www.forbes.be\/fr\/lince-santa-clara-renaissance-monastere-portugal\/","name":"Le Lince Santa Clara : renaissance d\u2019un monast\u00e8re historique au portugal | Forbes Belgique","isPartOf":{"@id":"https:\/\/www.forbes.be\/fr\/#website"},"primaryImageOfPage":{"@id":"https:\/\/www.forbes.be\/fr\/lince-santa-clara-renaissance-monastere-portugal\/#primaryimage"},"image":{"@id":"https:\/\/www.forbes.be\/fr\/lince-santa-clara-renaissance-monastere-portugal\/#primaryimage"},"thumbnailUrl":"https:\/\/www.forbes.be\/fr\/wp-content\/uploads\/2024\/11\/image-5.jpg","datePublished":"2025-01-30T06:00:53+00:00","description":"\u00c0 Vila do Conde, le Lince Santa Clara redonne vie \u00e0 un monast\u00e8re du 14e si\u00e8cle, m\u00ealant 700 ans d\u2019histoire et vue imprenable sur l\u2019Atlantique.","breadcrumb":{"@id":"https:\/\/www.forbes.be\/fr\/lince-santa-clara-renaissance-monastere-portugal\/#breadcrumb"},"inLanguage":"fr-FR","potentialAction":[{"@type":"ReadAction","target":["https:\/\/www.forbes.be\/fr\/lince-santa-clara-renaissance-monastere-portugal\/"]}]},{"@type":"ImageObject","inLanguage":"fr-FR","@id":"https:\/\/www.forbes.be\/fr\/lince-santa-clara-renaissance-monastere-portugal\/#primaryimage","url":"https:\/\/www.forbes.be\/fr\/wp-content\/uploads\/2024\/11\/image-5.jpg","contentUrl":"https:\/\/www.forbes.be\/fr\/wp-content\/uploads\/2024\/11\/image-5.jpg","width":1200,"height":628,"caption":"\u00a9Lince Santa Clara"},{"@type":"BreadcrumbList","@id":"https:\/\/www.forbes.be\/fr\/lince-santa-clara-renaissance-monastere-portugal\/#breadcrumb","itemListElement":[{"@type":"ListItem","position":1,"name":"Accueil","item":"https:\/\/www.forbes.be\/fr\/"},{"@type":"ListItem","position":2,"name":"Le Lince Santa Clara : renaissance d\u2019un monast\u00e8re historique au portugal"}]},{"@type":"WebSite","@id":"https:\/\/www.forbes.be\/fr\/#website","url":"https:\/\/www.forbes.be\/fr\/","name":"Forbes Belgique","description":"","publisher":{"@id":"https:\/\/www.forbes.be\/fr\/#organization"},"potentialAction":[{"@type":"SearchAction","target":{"@type":"EntryPoint","urlTemplate":"https:\/\/www.forbes.be\/fr\/?s={search_term_string}"},"query-input":{"@type":"PropertyValueSpecification","valueRequired":true,"valueName":"search_term_string"}}],"inLanguage":"fr-FR"},{"@type":"Organization","@id":"https:\/\/www.forbes.be\/fr\/#organization","name":"Forbes Belgique","url":"https:\/\/www.forbes.be\/fr\/","logo":{"@type":"ImageObject","inLanguage":"fr-FR","@id":"https:\/\/www.forbes.be\/fr\/#\/schema\/logo\/image\/","url":"https:\/\/www.forbes.be\/fr\/wp-content\/uploads\/2024\/02\/forbes.be_.png","contentUrl":"https:\/\/www.forbes.be\/fr\/wp-content\/uploads\/2024\/02\/forbes.be_.png","width":1200,"height":675,"caption":"Forbes Belgique"},"image":{"@id":"https:\/\/www.forbes.be\/fr\/#\/schema\/logo\/image\/"},"sameAs":["https:\/\/www.facebook.com\/forbesbelgique\/","https:\/\/www.instagram.com\/Forbes_Belgium","https:\/\/www.linkedin.com\/company\/forbes-belgium\/"]},{"@type":"Person","@id":"https:\/\/www.forbes.be\/fr\/#\/schema\/person\/22bfc3335e560f4084ef5af17ecdad87","name":"Philippe Coul\u00e9e","image":{"@type":"ImageObject","inLanguage":"fr-FR","@id":"https:\/\/www.forbes.be\/fr\/wp-content\/uploads\/2024\/01\/unnamed-150x150.jpg","url":"https:\/\/www.forbes.be\/fr\/wp-content\/uploads\/2024\/01\/unnamed-150x150.jpg","contentUrl":"https:\/\/www.forbes.be\/fr\/wp-content\/uploads\/2024\/01\/unnamed-150x150.jpg","caption":"Philippe Coul\u00e9e"},"url":"https:\/\/www.forbes.be\/fr\/author\/philippe-couleeicloud-com\/"}]}},"_links":{"self":[{"href":"https:\/\/www.forbes.be\/fr\/wp-json\/wp\/v2\/posts\/6360","targetHints":{"allow":["GET"]}}],"collection":[{"href":"https:\/\/www.forbes.be\/fr\/wp-json\/wp\/v2\/posts"}],"about":[{"href":"https:\/\/www.forbes.be\/fr\/wp-json\/wp\/v2\/types\/post"}],"author":[{"embeddable":true,"href":"https:\/\/www.forbes.be\/fr\/wp-json\/wp\/v2\/users\/15"}],"replies":[{"embeddable":true,"href":"https:\/\/www.forbes.be\/fr\/wp-json\/wp\/v2\/comments?post=6360"}],"version-history":[{"count":4,"href":"https:\/\/www.forbes.be\/fr\/wp-json\/wp\/v2\/posts\/6360\/revisions"}],"predecessor-version":[{"id":8371,"href":"https:\/\/www.forbes.be\/fr\/wp-json\/wp\/v2\/posts\/6360\/revisions\/8371"}],"wp:featuredmedia":[{"embeddable":true,"href":"https:\/\/www.forbes.be\/fr\/wp-json\/wp\/v2\/media\/6365"}],"wp:attachment":[{"href":"https:\/\/www.forbes.be\/fr\/wp-json\/wp\/v2\/media?parent=6360"}],"wp:term":[{"taxonomy":"category","embeddable":true,"href":"https:\/\/www.forbes.be\/fr\/wp-json\/wp\/v2\/categories?post=6360"},{"taxonomy":"post_tag","embeddable":true,"href":"https:\/\/www.forbes.be\/fr\/wp-json\/wp\/v2\/tags?post=6360"}],"curies":[{"name":"wp","href":"https:\/\/api.w.org\/{rel}","templated":true}]}}