{"id":6372,"date":"2025-01-29T07:00:03","date_gmt":"2025-01-29T06:00:03","guid":{"rendered":"https:\/\/www.forbes.be\/fr\/?p=6372"},"modified":"2025-01-28T09:10:18","modified_gmt":"2025-01-28T08:10:18","slug":"chapelle-musicale-reine-elisabeth-ambition-mondiale-excellence-musicale","status":"publish","type":"post","link":"https:\/\/www.forbes.be\/fr\/chapelle-musicale-reine-elisabeth-ambition-mondiale-excellence-musicale\/","title":{"rendered":"La Chapelle Musicale Reine Elisabeth : ambition mondiale pour l\u2019excellence musicale"},"content":{"rendered":"<p class=\"p1\"><strong><a href=\"https:\/\/musicchapel.org\/fr\/\" target=\"_blank\" rel=\"noopener\"><span class=\"s1\">La <\/span><span class=\"s2\">Chapelle Musicale Reine Elisabeth <\/span><\/a><span class=\"s1\">fait partie des dix \u00e9coles de musique mondiales. Pour son nouveau directeur, <\/span><span class=\"s2\">Gr\u00e9gor Chapelle<\/span><span class=\"s1\">, cette Fondation d\u2019utilit\u00e9 publique dispose d\u2019atouts capables de la hisser d\u2019ici la fin de la d\u00e9cennie aux trois premiers rangs de la plan\u00e8te.<\/span><\/strong><\/p>\n<p class=\"p1\">Camp\u00e9 \u00e0 \u00e9quidistance entre le bassin du parc et le b\u00e2timent historique de la Chapelle Musicale, Gr\u00e9gor Chapelle entame un bref expos\u00e9 a cappella\u00a0: \u00ab\u00a0<i>\u00c0 notre gauche, l\u2019\u00e9difice Art D\u00e9co de style paquebot de l\u2019architecte Yvan Renchon, inaugur\u00e9 le 12 juillet 1939, apr\u00e8s une d\u00e9cennie de gestation. Nomm\u00e9 ma\u00eetre de chapelle de la Cour de Belgique en 1912, Eug\u00e8ne Ysa\u00ffe se lie avec la reine Elisabeth. Son grand-p\u00e8re \u00e9tait cloutier pour mar\u00e9chaux-ferrants et violoniste amateur, son p\u00e8re chef d\u2019orchestre voulait qu\u2019il \u00e9tudie la musique. Le gar\u00e7on regimbe, mais devient ce g\u00e9nie musical. Il confie \u00e0 la souveraine son r\u00eave d\u2019un concours favorisant l\u2019\u00e9mulation. Sur son id\u00e9e, elle cr\u00e9era le concours Ysa\u00ffe en 1937, devenu en 1951 Concours musical international Reine \u00c9lisabeth de Belgique. Or, les solistes russes raflent les prix\u00a0: David Oistrakh remporte la premi\u00e8re session, Emil Gilels la deuxi\u00e8me. La reine s\u2019\u00e9tonne\u00a0: \u201cEt les Belges\u00a0?\u201d Les Russes r\u00e9p\u00e9taient deux mois, enferm\u00e9s dans une villa de La Panne. La Reine comprend\u00a0: il faut aux Belges un lieu permanent. Paul de Launoit, grand-p\u00e8re de Bernard, auquel je succ\u00e8de apr\u00e8s sa triste disparition d\u2019un cancer le 23 mars 2023, \u00e9tait propri\u00e9taire du terrain o\u00f9 nous sommes<\/i>\u00a0\u00bb. Associ\u00e9 de la banque Bruxelles-Lambert, soutenu par ses amis, il finance le projet de la reine, qu\u2019Eug\u00e8ne Ysa\u00ffe, d\u00e9c\u00e9d\u00e9 en 1931, ne verra pas. \u00c0 la g\u00e9n\u00e9ration suivante, Jean-Pierre et Jean-Jacques, fils de Paul, reprennent ce qui restait une institution modeste\u00a0: 12 \u00e0 14 jeunes artistes belges, deux \u00e0 quatre ma\u00eetres de musique, 10 \u00e0 20 concerts par an.<span class=\"Apple-converted-space\">\u00a0<\/span><\/p>\n<h2 class=\"p3\"><span class=\"s1\">Le Steinway de la reine et les cerfs<\/span><\/h2>\n<p class=\"p1\">En 2004, Bernard de Launoit pr\u00e9side et internationalise. En 2015, l\u2019aile qui porte son nom marque l\u2019entr\u00e9e dans une nouvelle dimension\u00a0: 78 jeunes artistes en r\u00e9sidence, au total 100 \u00e0 120 artistes de niveau international, neuf ma\u00eetres en r\u00e9sidence deux semaines par mois, et neuf ma\u00eetres invit\u00e9s de niveau international, plus une trentaine de professeurs associ\u00e9s, soit une cinquantaine de membres du corps professoral pour six sections (violon, violoncelle, piano, alto, musique de chambre et chant), et 25 studios. Gr\u00e9gor Chapelle pointe du doigt la port\u00e9e qui orne la fa\u00e7ade vitr\u00e9e (avec sa notation carr\u00e9e \u00e9vocatrice du chant gr\u00e9gorien)\u00a0: \u00ab\u00a0<i>c\u2019est la partition stylis\u00e9e d\u2019Harmonie du soir d\u2019Eug\u00e8ne Ysa\u00ffe<\/i>\u00a0\u00bb.<\/p>\n<figure id=\"attachment_6385\" aria-describedby=\"caption-attachment-6385\" style=\"width: 1706px\" class=\"wp-caption alignnone\"><img loading=\"lazy\" decoding=\"async\" class=\"wp-image-6385 size-full\" src=\"https:\/\/www.forbes.be\/fr\/wp-content\/uploads\/2024\/11\/1-7-scaled.jpg\" alt=\"\" width=\"1706\" height=\"2560\" srcset=\"https:\/\/www.forbes.be\/fr\/wp-content\/uploads\/2024\/11\/1-7-scaled.jpg 1706w, https:\/\/www.forbes.be\/fr\/wp-content\/uploads\/2024\/11\/1-7-200x300.jpg 200w, https:\/\/www.forbes.be\/fr\/wp-content\/uploads\/2024\/11\/1-7-683x1024.jpg 683w, https:\/\/www.forbes.be\/fr\/wp-content\/uploads\/2024\/11\/1-7-768x1152.jpg 768w, https:\/\/www.forbes.be\/fr\/wp-content\/uploads\/2024\/11\/1-7-1024x1536.jpg 1024w, https:\/\/www.forbes.be\/fr\/wp-content\/uploads\/2024\/11\/1-7-1365x2048.jpg 1365w, https:\/\/www.forbes.be\/fr\/wp-content\/uploads\/2024\/11\/1-7-696x1044.jpg 696w, https:\/\/www.forbes.be\/fr\/wp-content\/uploads\/2024\/11\/1-7-1068x1602.jpg 1068w, https:\/\/www.forbes.be\/fr\/wp-content\/uploads\/2024\/11\/1-7-1920x2880.jpg 1920w, https:\/\/www.forbes.be\/fr\/wp-content\/uploads\/2024\/11\/1-7-600x900.jpg 600w\" sizes=\"auto, (max-width: 1706px) 100vw, 1706px\" \/><figcaption id=\"caption-attachment-6385\" class=\"wp-caption-text\">Gr\u00e9gor Chapelle, directeur de la Chapelle Musicale &#8211; \u00a9Valentin Bianchi<\/figcaption><\/figure>\n<blockquote>\n<p class=\"p4\"><span class=\"s2\">\u00ab <i>Les soixante <\/i><\/span><span class=\"s3\"><i>cerfs<\/i><\/span><span class=\"s2\"><i> du parc sont <\/i><\/span><span class=\"s3\"><i>m\u00e9lomanes<\/i><\/span><span class=\"s2\"><i>\u00a0: ils approchent souvent, attir\u00e9s par la <\/i><\/span><span class=\"s3\"><i>musique<\/i><\/span><span class=\"s2\"><i>\u2026<\/i>\u00a0\u00bb<\/span><\/p>\n<\/blockquote>\n<p class=\"p1\">\u00c0 notre droite, au-del\u00e0 de l\u2019\u00e9tang, un terrain acquis par Bernard de Launoit en 2019\u00a0: \u00ab<i>\u00a0Il accueillera une salle de r\u00e9p\u00e9tition de 400 m<sup>2<\/sup> pour orchestre symphonique de 110 musiciens. Nous ferons alors jeu \u00e9gal avec nos concurrents de t\u00eate, Kronberg Academy (Francfort), Curtis Institute, Juilliard School of Music (New York) et Reina Sofia School of Music (Madrid). L\u2019objectif est d\u2019inaugurer la saison 2027-2028, au terme de 18 mois de chantier<\/i>.\u00bb Au-del\u00e0, ce sont 136 hectares de nature\u00a0: le domaine d\u2019Argenteuil, ancienne r\u00e9sidence de L\u00e9opold III, et de la princesse de R\u00e9thy, propri\u00e9t\u00e9 de M. Jean-Marie Delwart. \u00ab\u00a0<i>Les soixante cerfs du parc sont m\u00e9lomanes\u00a0: ils approchent souvent, attir\u00e9s par la musique<\/i>\u2026\u00a0\u00bb<span class=\"Apple-converted-space\">\u00a0<\/span>\u00ab\u00a0<i>Venez, je vous conduis au bureau de la reine&#8230;<\/i>\u00a0\u00bb C\u2019est l\u00e0 que, les apr\u00e8s-midis, elle supervisait la Chapelle Musicale. Le piano re\u00e7u du roi Albert pour leur 10<sup>e<\/sup> anniversaire de mariage, en 1911, y tr\u00f4ne. \u00ab\u00a0<i>Ce Steinway a connu le front\u00a0: en 1914, le roi et la reine prient Eug\u00e8ne Ysa\u00ffe de soutenir le moral des troupes en jouant sur le front de l\u2019Yser. Quand la reine achevait sa journ\u00e9e, elle montait dans la \u201cchambre de la reine\u201d (qui n\u2019a jamais \u00e9t\u00e9 sa chambre, mais son dressing), s\u2019y changeait, apparaissait \u00e0 la mezzanine, et le concert d\u00e9butait.<\/i>\u00a0\u00bb<span class=\"Apple-converted-space\">\u00a0<\/span><\/p>\n<h2 class=\"p3\"><span class=\"s1\">Chapelle \u00e0 la Chapelle<span class=\"Apple-converted-space\">\u00a0<\/span><\/span><\/h2>\n<p class=\"p1\">Une question s\u2019impose d\u2019embl\u00e9e. Qu\u2019est-ce qui a amen\u00e9 Chapelle\u2026 \u00e0 la Chapelle \u00a0? \u00ab\u00a0<i>Ma famille et un chasseur de t\u00eates. Mon grand-p\u00e8re maternel partageait les deux passions de la reine : l\u2019ornithologie et le piano. Ma maman, psychologue, joue du violoncelle. Ma tante \u00e9tait premier prix de conservatoire et professeur de piano. Mon grand fr\u00e8re joue du piano et du hautbois, mon deuxi\u00e8me fr\u00e8re de la batterie, ma s\u0153ur du piano et moi de la clarinette. Mon \u00e9pouse sociologue est violoniste, ma fille a\u00een\u00e9e violoncelliste, ma cadette pianiste\u2026<\/i>\u00a0\u00bb<\/p>\n<p class=\"p1\">Licenci\u00e9 en droit, apr\u00e8s une ma\u00eetrise en affaires publiques \u00e0 la Harvard Kennedy School, avocat au barreau de Bruxelles, il poursuit Total pour complicit\u00e9 de crimes contre l\u2019humanit\u00e9 en Birmanie. Devenu consultant chez McKinsey, \u00e9chevin de l\u2019emploi \u00e0 Forest, il dirige dix ans Actiris, puis l\u2019ASBL Kick Belgium, acc\u00e9l\u00e9rateur de transition \u00e9cologique.<span class=\"Apple-converted-space\">\u00a0<\/span><\/p>\n<p class=\"p1\">\u00ab\u00a0<i>En 2023, j\u2019accompagne mon \u00e9pouse en ann\u00e9e sabbatique \u00e0 Oxford, avec nos deux filles. En octobre, un chasseur de t\u00eates me propose de co-diriger la Chapelle, en bin\u00f4me avec la directrice artistique, Anne-Lise Parotte, sch\u00e9ma courant des institutions culturelles modernes. Je r\u00e9active ma culture musicale, suis des cours de musicologie, concocte un projet musical et soci\u00e9tal autour de \u201cla beaut\u00e9 d\u00e9cloisonn\u00e9e\u201d\u00a0: faire de la Chapelle Musicale l\u2019un des trois meilleurs coll\u00e8ges musicaux de la plan\u00e8te, au service d\u2019une transformation du monde.\u00a0<\/i>\u00bb<span class=\"Apple-converted-space\">\u00a0<\/span><\/p>\n<p class=\"p1\">Un processus de six mois\u00a0le m\u00e8ne devant le comit\u00e9 de s\u00e9lection de cinq personnes pr\u00e9sid\u00e9 par Yvan de Launoit, pr\u00e9sident de la soci\u00e9t\u00e9 anonyme de la Chapelle Musicale et vice-pr\u00e9sident du Concours Reine Elisabeth, fr\u00e8re de Bernard\u00a0; Michel Delbaere, pr\u00e9sident de Sioen Industries et du CA de la Chapelle Musicale\u00a0; Pierre Gurdjian, pr\u00e9sident du CA de Solvay, ancien pr\u00e9sident de l\u2019ULB\u00a0; <span class=\"s4\">Sylvia Goldschmidt, ferme soutien de la Chapelle, et Jeanine Windey, repr\u00e9sentant la Soci\u00e9t\u00e9 F\u00e9d\u00e9rale de Participation et d\u2019Investissement, investisseur des b\u00e2timents.<span class=\"Apple-converted-space\">\u00a0<\/span><\/span><\/p>\n<h2 class=\"p3\"><span class=\"s4\">Lien, paix et r\u00e9silience<span class=\"Apple-converted-space\">\u00a0<\/span><\/span><\/h2>\n<p class=\"p1\"><span class=\"s4\">Pour Gr\u00e9gor Chapelle, la musique est porteuse de trois bienfaits :\u00a0 du lien, de la r\u00e9silience et de la paix.\u00a0<\/span><span class=\"s4\">Eug\u00e8ne Ysa\u00ffe interrogeait ses \u00e9l\u00e8ves\u00a0: \u00ab\u00a0<i>Vos \u00e9tudes se bornent-elles \u00e0 la musique ? Un artiste doit \u00e9largir ses horizons<\/i> \u00bb. \u00c0 l\u2019oppos\u00e9 d\u2019un monde de distractions et de <i>multitasking<\/i>, Chapelle vise cette largeur d\u2019esprit et une concentration hors norme, qu\u2019il r\u00e9sume d\u2019une formule\u00a0: \u00ab\u00a0<i>l\u2019exp\u00e9rience MuCH<\/i>\u00a0\u00bb (pour MusicCHapel). \u00ab\u00a0<i>Nos artistes en r\u00e9sidence doivent f\u00e9conder leur sensibilit\u00e9 artistique dans ce lieu magnifique et sous-utilis\u00e9, avec la litt\u00e9rature, la danse, l\u2019art contemporain, etc. \u00bb<\/i><\/span><\/p>\n<p class=\"p1\"><span class=\"s4\">\u00ab\u00a0<i>La science montre aussi les bienfaits de la musique sur la sant\u00e9 mentale et physique. Sa contribution \u00e0 la r\u00e9silience individuelle et collective participe au combat pour la plan\u00e8te, que l\u2019on sauvera en changeant notre rapport au vivant\u00a0<\/i>\u00bb, insiste-t-il.<\/span><\/p>\n<p class=\"p1\"><span class=\"s4\">\u00ab\u00a0<i>Enfin, avec les musiciens, l\u2019humanit\u00e9 offre l\u2019une des meilleures versions d\u2019elle-m\u00eame, \u00e0 l\u2019oppos\u00e9 de la guerre. Nous avons en r\u00e9sidence, Alexei, jeune violoncelliste ukrainien\u00a0: il a jou\u00e9 un compositeur russe devant l\u2019ambassadeur d\u2019Ukraine \u00e0 l\u2019Union europ\u00e9enne. S\u2019il n\u2019\u00e9tait pas musicien, il serait probablement au front. \u00c0 Bruxelles, une communaut\u00e9 se consacre \u00e0 la paix, notamment \u00e0 l\u2019UE et \u00e0 l\u2019OTAN, et je veux nous y relier. <\/i>\u00bb<\/span><\/p>\n<h2 class=\"p3\"><span class=\"s4\">85 % de fonds priv\u00e9s<\/span><\/h2>\n<p class=\"p1\"><span class=\"s4\">Ainsi, la Chapelle Musicale a notamment mission d\u2019ancrer la musique vivante dans l\u2019univers soci\u00e9tal. Avec quels moyens\u00a0? Le budget de 4 millions d\u2019euros se compose de 540 000 euros d\u2019argent public, soit 15%\u00a0: 155 000 euros de BELSPO (\u00ab\u00a0<i>qui menacent de s\u2019\u00e9vaporer dans les actuelles n\u00e9gociations\u00a0<\/i>\u00bb, redoute Gr\u00e9gor Chapelle), 200 000 euros de la loterie nationale, 130 000 euros de la F\u00e9d\u00e9ration Wallonie-Bruxelles, 45 000<span class=\"Apple-converted-space\">\u00a0 <\/span>euros du Brabant wallon et 10 000 euros de la commune de Waterloo. Le reste (85%) provient essentiellement du priv\u00e9 : entreprises, fondations et m\u00e9c\u00e8nes (Amis, Patrons et Parrains), principalement belges ou \u00e9trangers r\u00e9sidents en Belgique. Les Amis acc\u00e8dent aux 80 concerts de la s\u00e9rie Laboratory et \u00e0 des r\u00e9ductions sur les autres s\u00e9ries. Patrons, pour 2000 euros par an et deux personnes, acc\u00e8dent \u00e0 toute la saison. Les Parrains, pour 15 000 euros par an (particuliers) ou 25 000 euros (entreprises), peuvent inviter jusqu\u2019\u00e0 240 personnes \u00e0 un concert. Ces Parrains (une quarantaine d\u2019entreprises et de particuliers) accompagnent un artiste trois ans. Enfin, des entreprises ou particuliers r\u00e9servent la chapelle sans \u00eatre parrains. Le reste des recettes \u00e9mane surtout de dons et d\u2019initiatives caritatives, et de la billetterie.<span class=\"Apple-converted-space\">\u00a0<\/span><\/span><\/p>\n<p class=\"p1\">\u00ab\u00a0<i>Un proc\u00e8s-verbal du CA de la Chapelle dat\u00e9 de mai 1974 atteste de l\u2019\u00e9volution budg\u00e9taire : la dotation du gouvernement national de l\u2019\u00e9poque, presque 3 millions de francs, couvrait la quasi-int\u00e9gralit\u00e9 du budget. Face \u00e0 la r\u00e9gression g\u00e9n\u00e9rale du financement public de la culture, Bernard de Launoit a veill\u00e9 au grain. \u00c0 partir de 2010, \u00e0 temps plein \u00e0 la Chapelle, il a lev\u00e9 des fonds pour construire l\u2019aile, qui a tout chang\u00e9. Inaugur\u00e9e le 27 janvier 2015, son co\u00fbt de 10 millions d\u2019euros a \u00e9t\u00e9 financ\u00e9 par un partenariat public (20%) &#8211; priv\u00e9 (80%). On est ainsi pass\u00e9 \u00e0 <\/i><span class=\"s2\"><i>120 artistes, une trentaine de professeurs (des figures comme Gary Hoffman et Augustin Dumay), 30 nationalit\u00e9s repr\u00e9sent\u00e9es. Ce triangle, infrastructure, grands ma\u00eetres et concerts, fait la stature internationale de la Chapelle.<\/i>\u00a0\u00bb<span class=\"Apple-converted-space\">\u00a0<\/span><\/span><\/p>\n<h2 class=\"p3\"><span class=\"s4\">Des amis dans le monde entier<\/span><\/h2>\n<p class=\"p1\"><span class=\"s5\">\u00ab\u00a0<i>Nous sommes les seuls \u00e0 disposer d\u2019artistes de ce niveau aussit\u00f4t disponibles\u00a0: les grandes salles de concert doivent tout programmer un \u00e0 trois ans \u00e0 l\u2019avance.\u00a0Sur 300 concerts annuels, une centaine compose la saison, 140 sont des \u00e9v\u00e9nements priv\u00e9s dans le cadre du m\u00e9c\u00e9nat et du sponsoring, auxquels s\u2019ajoute une cinquantaine d\u2019autres, financ\u00e9s par des institutions, au service de prisons, de centres pour enfants malades, de CPAS, de maisons pour personnes \u00e2g\u00e9es, permettant \u00e0 des publics moins avertis d\u2019avoir acc\u00e8s \u00e0 une musique de haut niveau et \u00e0 nos jeunes de jouer devant des publics diff\u00e9rents.<\/i>\u00a0\u00bb<span class=\"Apple-converted-space\">\u00a0<\/span><\/span><\/p>\n<blockquote>\n<p class=\"p4\"><span class=\"s5\">\u00ab <i>Je ne le r\u00e9p\u00e9terai jamais assez\u00a0: la <\/i><\/span><span class=\"s6\"><i>Chapelle Musicale <\/i><\/span><span class=\"s5\"><i>est <\/i><\/span><span class=\"s6\"><i>ouverte<\/i><\/span><span class=\"s5\"><i> \u00e0 <\/i><\/span><span class=\"s6\"><i>tous<\/i><\/span><span class=\"s5\"><i> <\/i>\u00bb<\/span><\/p>\n<\/blockquote>\n<p class=\"p1\"><span class=\"s4\">Enfin, la relance des American Friends of the Music Chapel exploitera de nombreuses opportunit\u00e9s aux Etats-Unis. \u00ab\u00a0<i>Notre communaut\u00e9 internationale de la Chapelle r\u00e9unit 500 alumni et un millier de candidats du concours Reine Elisabeth, soit 1500 artistes\u00a0<\/i>\u00bb. \u00c0 l\u2019heure actuelle, 8% des candidats \u00e0 la Chapelle sont belges et 92% \u00e9trangers. \u00ab\u00a0<i>Nous voulons mieux communiquer vers les musiciens et les professeurs de conservatoires belges pour les aider \u00e0 surmonter une forme d\u2019autocensure et \u00e9toffer leur part. Nous comptons aussi organiser des sessions du concours en Asie et aux Etats-Unis, ce que le Covid et le d\u00e9c\u00e8s de Bernard de Launoit ont frein\u00e9.\u00a0Je ne le r\u00e9p\u00e9terai jamais assez\u00a0: la Chapelle musicale est ouverte \u00e0 toutes et \u00e0 tous.<\/i>\u00a0\u00bb<\/span><\/p>\n<h2 class=\"p1\"><span class=\"s1\">Pr\u00eat d\u2019instruments<\/span><\/h2>\n<p class=\"p2\">La Chapelle Musicale offre en pr\u00eat \u00e0 ses r\u00e9sidents maints instruments\u00a0: deux violons du luthier suisse\u00a0Andreas Hellinge\u00a0et un violoncelle de l\u2019Allemand\u00a0Haat-Hedlef Uilderks\u00a0 ont r\u00e9cemment rejoint les Stradivarius, Gagliano et Camili. L\u2019aile Bernard de Launoit compte une trentaine de pianos \u00e0 queue, dont deux de concert :<span class=\"Apple-converted-space\">\u00a0 <\/span>un B\u00f6sendorfer et un Yamaha.<\/p>\n","protected":false},"excerpt":{"rendered":"<p>La Chapelle Musicale Reine Elisabeth fait partie des dix \u00e9coles de musique mondiales. Pour son nouveau directeur, Gr\u00e9gor Chapelle, cette Fondation d\u2019utilit\u00e9 publique dispose d\u2019atouts capables de la hisser d\u2019ici la fin de la d\u00e9cennie aux trois premiers rangs de la plan\u00e8te. Camp\u00e9 \u00e0 \u00e9quidistance entre le bassin du parc et le b\u00e2timent historique de [&hellip;]<\/p>\n","protected":false},"author":27,"featured_media":6386,"comment_status":"closed","ping_status":"closed","sticky":false,"template":"","format":"standard","meta":{"_acf_changed":false,"inline_featured_image":false,"footnotes":""},"categories":[1],"tags":[],"class_list":{"0":"post-6372","1":"post","2":"type-post","3":"status-publish","4":"format-standard","5":"has-post-thumbnail","7":"category-actualite"},"acf":[],"_yoast_wpseo_title":null,"_yoast_wpseo_metadesc":"Class\u00e9e parmi les 10 meilleures \u00e9coles de musique au monde, la Chapelle Musicale Reine Elisabeth vise le top 3 d'ici 2030 sous la direction de Gr\u00e9gor Chapelle.","auteur_traducteur":"","yoast_head":"<!-- This site is optimized with the Yoast SEO plugin v27.4 - https:\/\/yoast.com\/product\/yoast-seo-wordpress\/ -->\n<title>La Chapelle Musicale Reine Elisabeth : ambition mondiale pour l\u2019excellence musicale | Forbes Belgique<\/title>\n<meta name=\"description\" content=\"Class\u00e9e parmi les 10 meilleures \u00e9coles de musique au monde, la Chapelle Musicale Reine Elisabeth vise le top 3 d&#039;ici 2030 sous la direction de Gr\u00e9gor Chapelle.\" \/>\n<meta name=\"robots\" content=\"index, follow, max-snippet:-1, max-image-preview:large, max-video-preview:-1\" \/>\n<link rel=\"canonical\" href=\"https:\/\/www.forbes.be\/fr\/chapelle-musicale-reine-elisabeth-ambition-mondiale-excellence-musicale\/\" \/>\n<meta property=\"og:locale\" content=\"fr_FR\" \/>\n<meta property=\"og:type\" content=\"article\" \/>\n<meta property=\"og:title\" content=\"La Chapelle Musicale Reine Elisabeth : ambition mondiale pour l\u2019excellence musicale | Forbes Belgique\" \/>\n<meta property=\"og:description\" content=\"Class\u00e9e parmi les 10 meilleures \u00e9coles de musique au monde, la Chapelle Musicale Reine Elisabeth vise le top 3 d&#039;ici 2030 sous la direction de Gr\u00e9gor Chapelle.\" \/>\n<meta property=\"og:url\" content=\"https:\/\/www.forbes.be\/fr\/chapelle-musicale-reine-elisabeth-ambition-mondiale-excellence-musicale\/\" \/>\n<meta property=\"og:site_name\" content=\"Forbes Belgique\" \/>\n<meta property=\"article:publisher\" content=\"https:\/\/www.facebook.com\/forbesbelgique\/\" \/>\n<meta property=\"article:published_time\" content=\"2025-01-29T06:00:03+00:00\" \/>\n<meta property=\"og:image\" content=\"https:\/\/www.forbes.be\/fr\/wp-content\/uploads\/2024\/11\/image-6.jpg\" \/>\n\t<meta property=\"og:image:width\" content=\"1200\" \/>\n\t<meta property=\"og:image:height\" content=\"628\" \/>\n\t<meta property=\"og:image:type\" content=\"image\/jpeg\" \/>\n<meta name=\"author\" content=\"Johan-Fr\u00e9d\u00e9rik Hel Guedj\" \/>\n<meta name=\"twitter:card\" content=\"summary_large_image\" \/>\n<meta name=\"twitter:label1\" content=\"\u00c9crit par\" \/>\n\t<meta name=\"twitter:data1\" content=\"Johan-Fr\u00e9d\u00e9rik Hel Guedj\" \/>\n\t<meta name=\"twitter:label2\" content=\"Dur\u00e9e de lecture estim\u00e9e\" \/>\n\t<meta name=\"twitter:data2\" content=\"10 minutes\" \/>\n<script type=\"application\/ld+json\" class=\"yoast-schema-graph\">{\"@context\":\"https:\\\/\\\/schema.org\",\"@graph\":[{\"@type\":\"NewsArticle\",\"@id\":\"https:\\\/\\\/www.forbes.be\\\/fr\\\/chapelle-musicale-reine-elisabeth-ambition-mondiale-excellence-musicale\\\/#article\",\"isPartOf\":{\"@id\":\"https:\\\/\\\/www.forbes.be\\\/fr\\\/chapelle-musicale-reine-elisabeth-ambition-mondiale-excellence-musicale\\\/\"},\"author\":{\"name\":\"Johan-Fr\u00e9d\u00e9rik Hel Guedj\",\"@id\":\"https:\\\/\\\/www.forbes.be\\\/fr\\\/#\\\/schema\\\/person\\\/ad1bb0e83419af89356b7b11a6622c80\"},\"headline\":\"La Chapelle Musicale Reine Elisabeth : ambition mondiale pour l\u2019excellence musicale\",\"datePublished\":\"2025-01-29T06:00:03+00:00\",\"mainEntityOfPage\":{\"@id\":\"https:\\\/\\\/www.forbes.be\\\/fr\\\/chapelle-musicale-reine-elisabeth-ambition-mondiale-excellence-musicale\\\/\"},\"wordCount\":1920,\"publisher\":{\"@id\":\"https:\\\/\\\/www.forbes.be\\\/fr\\\/#organization\"},\"image\":{\"@id\":\"https:\\\/\\\/www.forbes.be\\\/fr\\\/chapelle-musicale-reine-elisabeth-ambition-mondiale-excellence-musicale\\\/#primaryimage\"},\"thumbnailUrl\":\"https:\\\/\\\/www.forbes.be\\\/fr\\\/wp-content\\\/uploads\\\/2024\\\/11\\\/image-6.jpg\",\"articleSection\":[\"Actualit\u00e9s\"],\"inLanguage\":\"fr-FR\"},{\"@type\":\"WebPage\",\"@id\":\"https:\\\/\\\/www.forbes.be\\\/fr\\\/chapelle-musicale-reine-elisabeth-ambition-mondiale-excellence-musicale\\\/\",\"url\":\"https:\\\/\\\/www.forbes.be\\\/fr\\\/chapelle-musicale-reine-elisabeth-ambition-mondiale-excellence-musicale\\\/\",\"name\":\"La Chapelle Musicale Reine Elisabeth : ambition mondiale pour l\u2019excellence musicale | Forbes Belgique\",\"isPartOf\":{\"@id\":\"https:\\\/\\\/www.forbes.be\\\/fr\\\/#website\"},\"primaryImageOfPage\":{\"@id\":\"https:\\\/\\\/www.forbes.be\\\/fr\\\/chapelle-musicale-reine-elisabeth-ambition-mondiale-excellence-musicale\\\/#primaryimage\"},\"image\":{\"@id\":\"https:\\\/\\\/www.forbes.be\\\/fr\\\/chapelle-musicale-reine-elisabeth-ambition-mondiale-excellence-musicale\\\/#primaryimage\"},\"thumbnailUrl\":\"https:\\\/\\\/www.forbes.be\\\/fr\\\/wp-content\\\/uploads\\\/2024\\\/11\\\/image-6.jpg\",\"datePublished\":\"2025-01-29T06:00:03+00:00\",\"description\":\"Class\u00e9e parmi les 10 meilleures \u00e9coles de musique au monde, la Chapelle Musicale Reine Elisabeth vise le top 3 d'ici 2030 sous la direction de Gr\u00e9gor Chapelle.\",\"breadcrumb\":{\"@id\":\"https:\\\/\\\/www.forbes.be\\\/fr\\\/chapelle-musicale-reine-elisabeth-ambition-mondiale-excellence-musicale\\\/#breadcrumb\"},\"inLanguage\":\"fr-FR\",\"potentialAction\":[{\"@type\":\"ReadAction\",\"target\":[\"https:\\\/\\\/www.forbes.be\\\/fr\\\/chapelle-musicale-reine-elisabeth-ambition-mondiale-excellence-musicale\\\/\"]}]},{\"@type\":\"ImageObject\",\"inLanguage\":\"fr-FR\",\"@id\":\"https:\\\/\\\/www.forbes.be\\\/fr\\\/chapelle-musicale-reine-elisabeth-ambition-mondiale-excellence-musicale\\\/#primaryimage\",\"url\":\"https:\\\/\\\/www.forbes.be\\\/fr\\\/wp-content\\\/uploads\\\/2024\\\/11\\\/image-6.jpg\",\"contentUrl\":\"https:\\\/\\\/www.forbes.be\\\/fr\\\/wp-content\\\/uploads\\\/2024\\\/11\\\/image-6.jpg\",\"width\":1200,\"height\":628,\"caption\":\"La Chapelle Musicale Reine Elisabeth - \u00a9Valentin Bianchi\"},{\"@type\":\"BreadcrumbList\",\"@id\":\"https:\\\/\\\/www.forbes.be\\\/fr\\\/chapelle-musicale-reine-elisabeth-ambition-mondiale-excellence-musicale\\\/#breadcrumb\",\"itemListElement\":[{\"@type\":\"ListItem\",\"position\":1,\"name\":\"Accueil\",\"item\":\"https:\\\/\\\/www.forbes.be\\\/fr\\\/\"},{\"@type\":\"ListItem\",\"position\":2,\"name\":\"La Chapelle Musicale Reine Elisabeth : ambition mondiale pour l\u2019excellence musicale\"}]},{\"@type\":\"WebSite\",\"@id\":\"https:\\\/\\\/www.forbes.be\\\/fr\\\/#website\",\"url\":\"https:\\\/\\\/www.forbes.be\\\/fr\\\/\",\"name\":\"Forbes Belgique\",\"description\":\"\",\"publisher\":{\"@id\":\"https:\\\/\\\/www.forbes.be\\\/fr\\\/#organization\"},\"potentialAction\":[{\"@type\":\"SearchAction\",\"target\":{\"@type\":\"EntryPoint\",\"urlTemplate\":\"https:\\\/\\\/www.forbes.be\\\/fr\\\/?s={search_term_string}\"},\"query-input\":{\"@type\":\"PropertyValueSpecification\",\"valueRequired\":true,\"valueName\":\"search_term_string\"}}],\"inLanguage\":\"fr-FR\"},{\"@type\":\"Organization\",\"@id\":\"https:\\\/\\\/www.forbes.be\\\/fr\\\/#organization\",\"name\":\"Forbes Belgique\",\"url\":\"https:\\\/\\\/www.forbes.be\\\/fr\\\/\",\"logo\":{\"@type\":\"ImageObject\",\"inLanguage\":\"fr-FR\",\"@id\":\"https:\\\/\\\/www.forbes.be\\\/fr\\\/#\\\/schema\\\/logo\\\/image\\\/\",\"url\":\"https:\\\/\\\/www.forbes.be\\\/fr\\\/wp-content\\\/uploads\\\/2024\\\/02\\\/forbes.be_.png\",\"contentUrl\":\"https:\\\/\\\/www.forbes.be\\\/fr\\\/wp-content\\\/uploads\\\/2024\\\/02\\\/forbes.be_.png\",\"width\":1200,\"height\":675,\"caption\":\"Forbes Belgique\"},\"image\":{\"@id\":\"https:\\\/\\\/www.forbes.be\\\/fr\\\/#\\\/schema\\\/logo\\\/image\\\/\"},\"sameAs\":[\"https:\\\/\\\/www.facebook.com\\\/forbesbelgique\\\/\",\"https:\\\/\\\/www.instagram.com\\\/Forbes_Belgium\",\"https:\\\/\\\/www.linkedin.com\\\/company\\\/forbes-belgium\\\/\"]},{\"@type\":\"Person\",\"@id\":\"https:\\\/\\\/www.forbes.be\\\/fr\\\/#\\\/schema\\\/person\\\/ad1bb0e83419af89356b7b11a6622c80\",\"name\":\"Johan-Fr\u00e9d\u00e9rik Hel Guedj\",\"image\":{\"@type\":\"ImageObject\",\"inLanguage\":\"fr-FR\",\"@id\":\"https:\\\/\\\/secure.gravatar.com\\\/avatar\\\/65333543693434f2cc9fdefb3173b162df98712d00606b00b3d43914f79a1598?s=96&d=mm&r=g\",\"url\":\"https:\\\/\\\/secure.gravatar.com\\\/avatar\\\/65333543693434f2cc9fdefb3173b162df98712d00606b00b3d43914f79a1598?s=96&d=mm&r=g\",\"contentUrl\":\"https:\\\/\\\/secure.gravatar.com\\\/avatar\\\/65333543693434f2cc9fdefb3173b162df98712d00606b00b3d43914f79a1598?s=96&d=mm&r=g\",\"caption\":\"Johan-Fr\u00e9d\u00e9rik Hel Guedj\"},\"description\":\"Johan-Frederik Hel Guedj est journaliste et auteur fran\u00e7ais. R\u00e9dacteur en chef pendant 7 ans de la revue Pouvoirs Locaux, consacr\u00e9e aux politiques culturelles, il a publi\u00e9 huit ouvrages chez des \u00e9diteurs fran\u00e7ais et belges, dont deux romans, un essai consacr\u00e9 \u00e0 Orson Welles, et quatre livres d\u2019art. En plus de Forbes, il collabore \u00e0 L\u2019Echo et au Quotidien de l\u2019Art (Paris).\",\"url\":\"https:\\\/\\\/www.forbes.be\\\/fr\\\/author\\\/johan-frederik-hel-guedj\\\/\"}]}<\/script>\n<!-- \/ Yoast SEO plugin. -->","yoast_head_json":{"title":"La Chapelle Musicale Reine Elisabeth : ambition mondiale pour l\u2019excellence musicale | Forbes Belgique","description":"Class\u00e9e parmi les 10 meilleures \u00e9coles de musique au monde, la Chapelle Musicale Reine Elisabeth vise le top 3 d'ici 2030 sous la direction de Gr\u00e9gor Chapelle.","robots":{"index":"index","follow":"follow","max-snippet":"max-snippet:-1","max-image-preview":"max-image-preview:large","max-video-preview":"max-video-preview:-1"},"canonical":"https:\/\/www.forbes.be\/fr\/chapelle-musicale-reine-elisabeth-ambition-mondiale-excellence-musicale\/","og_locale":"fr_FR","og_type":"article","og_title":"La Chapelle Musicale Reine Elisabeth : ambition mondiale pour l\u2019excellence musicale | Forbes Belgique","og_description":"Class\u00e9e parmi les 10 meilleures \u00e9coles de musique au monde, la Chapelle Musicale Reine Elisabeth vise le top 3 d'ici 2030 sous la direction de Gr\u00e9gor Chapelle.","og_url":"https:\/\/www.forbes.be\/fr\/chapelle-musicale-reine-elisabeth-ambition-mondiale-excellence-musicale\/","og_site_name":"Forbes Belgique","article_publisher":"https:\/\/www.facebook.com\/forbesbelgique\/","article_published_time":"2025-01-29T06:00:03+00:00","og_image":[{"width":1200,"height":628,"url":"https:\/\/www.forbes.be\/fr\/wp-content\/uploads\/2024\/11\/image-6.jpg","type":"image\/jpeg"}],"author":"Johan-Fr\u00e9d\u00e9rik Hel Guedj","twitter_card":"summary_large_image","twitter_misc":{"\u00c9crit par":"Johan-Fr\u00e9d\u00e9rik Hel Guedj","Dur\u00e9e de lecture estim\u00e9e":"10 minutes"},"schema":{"@context":"https:\/\/schema.org","@graph":[{"@type":"NewsArticle","@id":"https:\/\/www.forbes.be\/fr\/chapelle-musicale-reine-elisabeth-ambition-mondiale-excellence-musicale\/#article","isPartOf":{"@id":"https:\/\/www.forbes.be\/fr\/chapelle-musicale-reine-elisabeth-ambition-mondiale-excellence-musicale\/"},"author":{"name":"Johan-Fr\u00e9d\u00e9rik Hel Guedj","@id":"https:\/\/www.forbes.be\/fr\/#\/schema\/person\/ad1bb0e83419af89356b7b11a6622c80"},"headline":"La Chapelle Musicale Reine Elisabeth : ambition mondiale pour l\u2019excellence musicale","datePublished":"2025-01-29T06:00:03+00:00","mainEntityOfPage":{"@id":"https:\/\/www.forbes.be\/fr\/chapelle-musicale-reine-elisabeth-ambition-mondiale-excellence-musicale\/"},"wordCount":1920,"publisher":{"@id":"https:\/\/www.forbes.be\/fr\/#organization"},"image":{"@id":"https:\/\/www.forbes.be\/fr\/chapelle-musicale-reine-elisabeth-ambition-mondiale-excellence-musicale\/#primaryimage"},"thumbnailUrl":"https:\/\/www.forbes.be\/fr\/wp-content\/uploads\/2024\/11\/image-6.jpg","articleSection":["Actualit\u00e9s"],"inLanguage":"fr-FR"},{"@type":"WebPage","@id":"https:\/\/www.forbes.be\/fr\/chapelle-musicale-reine-elisabeth-ambition-mondiale-excellence-musicale\/","url":"https:\/\/www.forbes.be\/fr\/chapelle-musicale-reine-elisabeth-ambition-mondiale-excellence-musicale\/","name":"La Chapelle Musicale Reine Elisabeth : ambition mondiale pour l\u2019excellence musicale | Forbes Belgique","isPartOf":{"@id":"https:\/\/www.forbes.be\/fr\/#website"},"primaryImageOfPage":{"@id":"https:\/\/www.forbes.be\/fr\/chapelle-musicale-reine-elisabeth-ambition-mondiale-excellence-musicale\/#primaryimage"},"image":{"@id":"https:\/\/www.forbes.be\/fr\/chapelle-musicale-reine-elisabeth-ambition-mondiale-excellence-musicale\/#primaryimage"},"thumbnailUrl":"https:\/\/www.forbes.be\/fr\/wp-content\/uploads\/2024\/11\/image-6.jpg","datePublished":"2025-01-29T06:00:03+00:00","description":"Class\u00e9e parmi les 10 meilleures \u00e9coles de musique au monde, la Chapelle Musicale Reine Elisabeth vise le top 3 d'ici 2030 sous la direction de Gr\u00e9gor Chapelle.","breadcrumb":{"@id":"https:\/\/www.forbes.be\/fr\/chapelle-musicale-reine-elisabeth-ambition-mondiale-excellence-musicale\/#breadcrumb"},"inLanguage":"fr-FR","potentialAction":[{"@type":"ReadAction","target":["https:\/\/www.forbes.be\/fr\/chapelle-musicale-reine-elisabeth-ambition-mondiale-excellence-musicale\/"]}]},{"@type":"ImageObject","inLanguage":"fr-FR","@id":"https:\/\/www.forbes.be\/fr\/chapelle-musicale-reine-elisabeth-ambition-mondiale-excellence-musicale\/#primaryimage","url":"https:\/\/www.forbes.be\/fr\/wp-content\/uploads\/2024\/11\/image-6.jpg","contentUrl":"https:\/\/www.forbes.be\/fr\/wp-content\/uploads\/2024\/11\/image-6.jpg","width":1200,"height":628,"caption":"La Chapelle Musicale Reine Elisabeth - \u00a9Valentin Bianchi"},{"@type":"BreadcrumbList","@id":"https:\/\/www.forbes.be\/fr\/chapelle-musicale-reine-elisabeth-ambition-mondiale-excellence-musicale\/#breadcrumb","itemListElement":[{"@type":"ListItem","position":1,"name":"Accueil","item":"https:\/\/www.forbes.be\/fr\/"},{"@type":"ListItem","position":2,"name":"La Chapelle Musicale Reine Elisabeth : ambition mondiale pour l\u2019excellence musicale"}]},{"@type":"WebSite","@id":"https:\/\/www.forbes.be\/fr\/#website","url":"https:\/\/www.forbes.be\/fr\/","name":"Forbes Belgique","description":"","publisher":{"@id":"https:\/\/www.forbes.be\/fr\/#organization"},"potentialAction":[{"@type":"SearchAction","target":{"@type":"EntryPoint","urlTemplate":"https:\/\/www.forbes.be\/fr\/?s={search_term_string}"},"query-input":{"@type":"PropertyValueSpecification","valueRequired":true,"valueName":"search_term_string"}}],"inLanguage":"fr-FR"},{"@type":"Organization","@id":"https:\/\/www.forbes.be\/fr\/#organization","name":"Forbes Belgique","url":"https:\/\/www.forbes.be\/fr\/","logo":{"@type":"ImageObject","inLanguage":"fr-FR","@id":"https:\/\/www.forbes.be\/fr\/#\/schema\/logo\/image\/","url":"https:\/\/www.forbes.be\/fr\/wp-content\/uploads\/2024\/02\/forbes.be_.png","contentUrl":"https:\/\/www.forbes.be\/fr\/wp-content\/uploads\/2024\/02\/forbes.be_.png","width":1200,"height":675,"caption":"Forbes Belgique"},"image":{"@id":"https:\/\/www.forbes.be\/fr\/#\/schema\/logo\/image\/"},"sameAs":["https:\/\/www.facebook.com\/forbesbelgique\/","https:\/\/www.instagram.com\/Forbes_Belgium","https:\/\/www.linkedin.com\/company\/forbes-belgium\/"]},{"@type":"Person","@id":"https:\/\/www.forbes.be\/fr\/#\/schema\/person\/ad1bb0e83419af89356b7b11a6622c80","name":"Johan-Fr\u00e9d\u00e9rik Hel Guedj","image":{"@type":"ImageObject","inLanguage":"fr-FR","@id":"https:\/\/secure.gravatar.com\/avatar\/65333543693434f2cc9fdefb3173b162df98712d00606b00b3d43914f79a1598?s=96&d=mm&r=g","url":"https:\/\/secure.gravatar.com\/avatar\/65333543693434f2cc9fdefb3173b162df98712d00606b00b3d43914f79a1598?s=96&d=mm&r=g","contentUrl":"https:\/\/secure.gravatar.com\/avatar\/65333543693434f2cc9fdefb3173b162df98712d00606b00b3d43914f79a1598?s=96&d=mm&r=g","caption":"Johan-Fr\u00e9d\u00e9rik Hel Guedj"},"description":"Johan-Frederik Hel Guedj est journaliste et auteur fran\u00e7ais. R\u00e9dacteur en chef pendant 7 ans de la revue Pouvoirs Locaux, consacr\u00e9e aux politiques culturelles, il a publi\u00e9 huit ouvrages chez des \u00e9diteurs fran\u00e7ais et belges, dont deux romans, un essai consacr\u00e9 \u00e0 Orson Welles, et quatre livres d\u2019art. En plus de Forbes, il collabore \u00e0 L\u2019Echo et au Quotidien de l\u2019Art (Paris).","url":"https:\/\/www.forbes.be\/fr\/author\/johan-frederik-hel-guedj\/"}]}},"_links":{"self":[{"href":"https:\/\/www.forbes.be\/fr\/wp-json\/wp\/v2\/posts\/6372","targetHints":{"allow":["GET"]}}],"collection":[{"href":"https:\/\/www.forbes.be\/fr\/wp-json\/wp\/v2\/posts"}],"about":[{"href":"https:\/\/www.forbes.be\/fr\/wp-json\/wp\/v2\/types\/post"}],"author":[{"embeddable":true,"href":"https:\/\/www.forbes.be\/fr\/wp-json\/wp\/v2\/users\/27"}],"replies":[{"embeddable":true,"href":"https:\/\/www.forbes.be\/fr\/wp-json\/wp\/v2\/comments?post=6372"}],"version-history":[{"count":6,"href":"https:\/\/www.forbes.be\/fr\/wp-json\/wp\/v2\/posts\/6372\/revisions"}],"predecessor-version":[{"id":8370,"href":"https:\/\/www.forbes.be\/fr\/wp-json\/wp\/v2\/posts\/6372\/revisions\/8370"}],"wp:featuredmedia":[{"embeddable":true,"href":"https:\/\/www.forbes.be\/fr\/wp-json\/wp\/v2\/media\/6386"}],"wp:attachment":[{"href":"https:\/\/www.forbes.be\/fr\/wp-json\/wp\/v2\/media?parent=6372"}],"wp:term":[{"taxonomy":"category","embeddable":true,"href":"https:\/\/www.forbes.be\/fr\/wp-json\/wp\/v2\/categories?post=6372"},{"taxonomy":"post_tag","embeddable":true,"href":"https:\/\/www.forbes.be\/fr\/wp-json\/wp\/v2\/tags?post=6372"}],"curies":[{"name":"wp","href":"https:\/\/api.w.org\/{rel}","templated":true}]}}