{"id":6851,"date":"2025-02-17T11:20:14","date_gmt":"2025-02-17T10:20:14","guid":{"rendered":"https:\/\/www.forbes.be\/fr\/?p=6851"},"modified":"2025-02-17T15:26:34","modified_gmt":"2025-02-17T14:26:34","slug":"the-new-kid-in-town-sam-baro","status":"publish","type":"post","link":"https:\/\/www.forbes.be\/fr\/the-new-kid-in-town-sam-baro\/","title":{"rendered":"The new kid in town\u202f\u00a0&#8211; Sam Baro"},"content":{"rendered":"<p class=\"p1\"><strong>Sans crier gare, <span class=\"s2\">Sam Baro<\/span> s\u2019est taill\u00e9 une solide r\u00e9putation. Ce <span class=\"s2\">self-made-man<\/span> de 48 ans a b\u00e2ti un empire en un rien de temps. Et il tr\u00f4ne d\u00e9sormais \u00e0 la t\u00eate du club de football de <span class=\"s2\">La Gantoise<\/span>. Mais qui est Sam Baro ? <\/strong><span class=\"Apple-converted-space\"><strong>\u00a0<\/strong> \u00a0<\/span><\/p>\n<p class=\"p2\">Il dirige plus de 50 entreprises, mais c&rsquo;est La Gantoise qui attire le plus l\u2019attention pour sa notori\u00e9t\u00e9. Depuis que Sam Baro a pris le contr\u00f4le du club \u00e0 l&rsquo;\u00e9t\u00e9 2023, il est devenu un BC ou \u00ab Belge c\u00e9l\u00e8bre \u00bb. Un peu contre son gr\u00e9, car il pr\u00e9f\u00e8re rester sous le radar. Il en va de m\u00eame pour sa pr\u00e9sence m\u00e9diatique. \u00ab <span class=\"s3\"><i>Sam m&rsquo;a inform\u00e9 qu&rsquo;il ne souhaite pas r\u00e9pondre \u00e0 vos questions pour le moment. Merci de votre compr\u00e9hension <\/i><\/span>\u00bb, voil\u00e0 la r\u00e9ponse qui a fait suite \u00e0 notre demande d&rsquo;interview. <span class=\"Apple-converted-space\">\u00a0<\/span><\/p>\n<p class=\"p2\">Sam Baro est originaire d&rsquo;Assenede, dans la r\u00e9gion du Meetjesland. Rien ne laissait pr\u00e9sager qu&rsquo;il se ferait un nom et une renomm\u00e9e dans le monde de l&rsquo;entreprise, encore moins dans celui du football. Le jeune Sam Baro est surtout passionn\u00e9 de musique. Pianiste dans le groupe de blues 5AM, il participe aussi \u00e0 l&rsquo;organisation du festival Debuutrock. Apr\u00e8s avoir \u00e9tudi\u00e9 la psychologie des affaires \u00e0 l&rsquo;universit\u00e9 de Gand, il cr\u00e9e sa propre entreprise dans le secteur des ressources humaines, Planet Group. Laquelle se sp\u00e9cialise rapidement dans les missions d&rsquo;int\u00e9rim pour les sp\u00e9cialistes IT, les fonctions RH et les soins infirmiers. Autant de secteurs connus pour leur forte p\u00e9nurie et les marges importantes d\u00e9volues \u00e0 ceux qui peuvent compter sur le personnel n\u00e9cessaire. Gr\u00e2ce \u00e0 des acquisitions cibl\u00e9es qui renforcent ses domaines de sp\u00e9cialit\u00e9, Planet Group conna\u00eet une croissance rapide. Aujourd\u2019hui, l&rsquo;entreprise occupe plus de 2 000 personnes et enregistre un chiffre d&rsquo;affaires de 125 millions d&rsquo;euros. La faim de Sam Baro ne semble pas encore rassasi\u00e9e, car il a laiss\u00e9 entendre qu&rsquo;il visait un chiffre d&rsquo;affaires de 250 millions d&rsquo;euros d&rsquo;ici cinq ans. Pour ce faire, il mise principalement sur la croissance externe, par le biais d&rsquo;acquisitions. Le fonds d&rsquo;investissement Creafund d\u00e9tient 30 % du capital et constitue un soutien \u00e0 la croissance. <span class=\"Apple-converted-space\">\u00a0<\/span><\/p>\n<h2 class=\"p2\">\u00ab Un optimiste qui sait saisir les opportunit\u00e9s<span class=\"s1\">\u202f<\/span>\u00bb <span class=\"Apple-converted-space\">\u00a0<\/span><\/h2>\n<p class=\"p1\">Mais Sam Baro est un entrepreneur n\u00e9 et, outre Planet Group, il a \u00e9galement fond\u00e9 KoWala Productions, un holding actif dans les m\u00e9dias, la communication, la vid\u00e9o, le design et le divertissement. Celui-ci comprend le magazine professionnel HR Square, ZORG Magazine, l&rsquo;agence de design Gelo et la maison de production Well Played, qui produit des vid\u00e9os d&rsquo;animation. Il poss\u00e8de \u00e9galement la cha\u00eene de t\u00e9l\u00e9vision r\u00e9gionale AVS. Celle-ci \u00e9tait confront\u00e9e \u00e0 une lourde dette de quelque 2,8 millions d&rsquo;euros. Sous la houlette de Sam Baro, ses finances se sont assainies, ce qui s&rsquo;est malheureusement traduit par le licenciement de six collaborateurs. Dans le m\u00eame temps, il a lanc\u00e9 Studio Buffalo, une \u00e9mission ax\u00e9e sur l\u2019ambiance qui entoure les matchs de La Gantoise, renfor\u00e7ant ainsi \u00e0 la fois la cha\u00eene r\u00e9gionale et le club.<span class=\"Apple-converted-space\">\u00a0 <\/span>\u00ab <span class=\"s3\"><i>Sam est un optimiste qui sait saisir les opportunit\u00e9s <\/i><\/span><i>\u00bb,<\/i> rapporte un entrepreneur qui le conna\u00eet bien. \u00ab <span class=\"s3\"><i>Il les d\u00e9tecte rapidement et n&rsquo;h\u00e9site pas une seconde.<\/i><\/span><span class=\"s1\">\u202f<\/span>\u00bb Les synergies sont le fil conducteur de son esprit d&rsquo;entreprise. La combinaison AVS\/La Gantoise, \u00e0 travers Studio Buffalo, en est la parfaite illustration. Mais son entreprise de catering De Feestarchitect, par exemple, vend \u00e9galement des \u00ab haute dogs \u00bb \u2013 version luxe du hot dog classique \u2013 dans le stade. En outre, il r\u00eave d&rsquo;utiliser le lieu pour d&rsquo;autres \u00e9v\u00e9nements, \u00e0 l&rsquo;instar du stade Roi Baudouin. <span class=\"Apple-converted-space\">\u00a0<\/span><\/p>\n<blockquote>\n<p class=\"p1\"><i style=\"font-family: Verdana, BlinkMacSystemFont, -apple-system, 'Segoe UI', Roboto, Oxygen, Ubuntu, Cantarell, 'Open Sans', 'Helvetica Neue', sans-serif;\">\u00ab Je n&rsquo;ai pas <\/i><span class=\"s2\" style=\"font-family: Verdana, BlinkMacSystemFont, -apple-system, 'Segoe UI', Roboto, Oxygen, Ubuntu, Cantarell, 'Open Sans', 'Helvetica Neue', sans-serif;\"><i>peur<\/i><\/span><i style=\"font-family: Verdana, BlinkMacSystemFont, -apple-system, 'Segoe UI', Roboto, Oxygen, Ubuntu, Cantarell, 'Open Sans', 'Helvetica Neue', sans-serif;\"> de l\u2019<\/i><span class=\"s2\" style=\"font-family: Verdana, BlinkMacSystemFont, -apple-system, 'Segoe UI', Roboto, Oxygen, Ubuntu, Cantarell, 'Open Sans', 'Helvetica Neue', sans-serif;\"><i>\u00e9chec<\/i><\/span><i style=\"font-family: Verdana, BlinkMacSystemFont, -apple-system, 'Segoe UI', Roboto, Oxygen, Ubuntu, Cantarell, 'Open Sans', 'Helvetica Neue', sans-serif;\"> \u00bb<span class=\"Apple-converted-space\">\u00a0<\/span><\/i><\/p>\n<\/blockquote>\n<p class=\"p2\">Comment parvient-il \u00e0 jongler avec ses multiples casquettes ? Dans une des rares interviews qu\u2019il a accord\u00e9e au magazine en ligne Bloovi, il a laiss\u00e9 entendre qu&rsquo;il se posait lui-m\u00eame aussi la question tous les jours. \u00ab <span class=\"s3\"><i>Je n&rsquo;ai pas peur de l\u2019\u00e9chec, \u00e7a aide.<\/i><\/span><span class=\"s4\">\u202f<\/span>\u00bb<span class=\"Apple-converted-space\">\u00a0 \u00a0<\/span><\/p>\n<p class=\"p2\">Sam Baro est un entrepreneur atypique dans le milieu du foot belge, o\u00f9 il r\u00e8gne une concurrence f\u00e9roce. De nombreux clubs sont dirig\u00e9s par des investisseurs pr\u00eats \u00e0 encaisser de grosses pertes, au profit du succ\u00e8s sportif. Sam Baro, en revanche, veut maintenir La Gantoise en bonne sant\u00e9 financi\u00e8re. Il entend rester attentif aux d\u00e9penses, tout en pariant sur une croissance durable, \u00e0 l\u2019abri des al\u00e9as du march\u00e9 des transferts. Bien qu&rsquo;il se soit constitu\u00e9 un patrimoine appr\u00e9ciable, il n\u2019est pas en mesure de rivaliser avec Marc Coucke (RSC Anderlecht), Bart Verhaeghe (Club Bruges) ou Paul Gheysens (l\u2019Antwerp). Sam Baro aurait achet\u00e9 La Gantoise pour 31 millions d&rsquo;euros, ce qui n&rsquo;est pas rien, mais ne constitue pas non plus une somme mirobolante. Surtout si on la compare avec les 80 millions d&rsquo;euros que Marc Coucke a d\u00fb d\u00e9bourser pour Anderlecht, qui comptait par ailleurs de nombreux cadavres dans le placard. Sur les 31 millions que Sam Baro a mis sur la table, 7,7 millions d&rsquo;euros reviennent aux anciens dirigeants, tandis que le reste est destin\u00e9 \u00e0 alimenter les caisses du club lui-m\u00eame. Par ailleurs, La Gantoise poss\u00e8de le stade le plus r\u00e9cent du pays. Le Ghelamco Arena a \u00e9t\u00e9 rebaptis\u00e9 il y a peu Planet Group Arena. Sam Baro paie 1 million d&rsquo;euros par an pour ces droits d&rsquo;appellation, et ce, pour une dur\u00e9e ind\u00e9termin\u00e9e. De quoi renforcer la coh\u00e9rence de ses projets. Il a d\u2019ailleurs d\u00e9m\u00e9nag\u00e9 une bonne partie de ses activit\u00e9s dans les Blue Towers, \u00e0 c\u00f4t\u00e9 du stade.<span class=\"Apple-converted-space\">\u00a0 \u00a0<\/span><\/p>\n<figure id=\"attachment_6907\" aria-describedby=\"caption-attachment-6907\" style=\"width: 2560px\" class=\"wp-caption alignnone\"><img loading=\"lazy\" decoding=\"async\" class=\"wp-image-6907 size-full\" src=\"https:\/\/www.forbes.be\/fr\/wp-content\/uploads\/2024\/11\/1-14-scaled.jpg\" alt=\"\" width=\"2560\" height=\"1707\" srcset=\"https:\/\/www.forbes.be\/fr\/wp-content\/uploads\/2024\/11\/1-14-scaled.jpg 2560w, https:\/\/www.forbes.be\/fr\/wp-content\/uploads\/2024\/11\/1-14-300x200.jpg 300w, https:\/\/www.forbes.be\/fr\/wp-content\/uploads\/2024\/11\/1-14-1024x683.jpg 1024w, https:\/\/www.forbes.be\/fr\/wp-content\/uploads\/2024\/11\/1-14-768x512.jpg 768w, https:\/\/www.forbes.be\/fr\/wp-content\/uploads\/2024\/11\/1-14-1536x1024.jpg 1536w, https:\/\/www.forbes.be\/fr\/wp-content\/uploads\/2024\/11\/1-14-2048x1365.jpg 2048w, https:\/\/www.forbes.be\/fr\/wp-content\/uploads\/2024\/11\/1-14-696x464.jpg 696w, https:\/\/www.forbes.be\/fr\/wp-content\/uploads\/2024\/11\/1-14-1068x712.jpg 1068w, https:\/\/www.forbes.be\/fr\/wp-content\/uploads\/2024\/11\/1-14-1920x1280.jpg 1920w, https:\/\/www.forbes.be\/fr\/wp-content\/uploads\/2024\/11\/1-14-600x400.jpg 600w\" sizes=\"auto, (max-width: 2560px) 100vw, 2560px\" \/><figcaption id=\"caption-attachment-6907\" class=\"wp-caption-text\">\u00a9Belga Images<\/figcaption><\/figure>\n<blockquote>\n<p class=\"p2\">\u00ab Les vieilles <span class=\"s2\">pierres<\/span> me <span class=\"s2\">fascinent <\/span>\u00bb<span class=\"Apple-converted-space\">\u00a0 \u00a0<\/span><\/p>\n<\/blockquote>\n<h2 class=\"p2\">Promoteur immobilier et ch\u00e2telain<\/h2>\n<p class=\"p1\">Autre aspect m\u00e9connu des activit\u00e9s de Sam Baro, son int\u00e9r\u00eat pour l&rsquo;immobilier, et plus particuli\u00e8rement pour les propri\u00e9t\u00e9s historiques. En 2015, il fait l\u2019acquisition des b\u00e2timents de la Brouwerij Het Kasteel <i>(ancienne brasserie reconvertie en site historique, ndlt)<\/i> \u00e0 Oosteeklo, o\u00f9 il a entam\u00e9 une r\u00e9novation compl\u00e8te en respectant la valeur patrimoniale du lieu. En 2018, il a achet\u00e9 la chapelle Saint-Amand \u00e0 Gand, qu\u2019il a entrepris de restaurer. Il poss\u00e8de \u00e9galement De Bioboerderij, o\u00f9 est produite la liqueur de poire Barodevi, et la brasserie &lsquo;t Molenhuis \u00e0 Ertvelde. En 2022, il a \u00e9largi son portefeuille de propri\u00e9t\u00e9s en achetant le ch\u00e2teau Jemeppe, un vaste domaine de 45 hectares. Le lieu s\u2019est fait conna\u00eetre en Flandre, car il a servi de d\u00e9cor \u00e0 Het Conclaaf. Cette \u00e9mission de t\u00e9l\u00e9r\u00e9alit\u00e9 politique, pilot\u00e9e par Eric Goens, a fait grand bruit \u00e0 l\u2019approche des \u00e9lections f\u00e9d\u00e9rales. Les cinq leaders politiques des partis flamands ont d\u00e9battu pendant un week-end dans le cadre m\u00e9di\u00e9val du ch\u00e2teau qui se pr\u00eatait parfaitement \u00e0 leurs joutes verbales. Sam Baro a acquis le ch\u00e2teau pour \u00ab <span class=\"s3\"><i>un peu plus de 9 millions d&rsquo;euros<\/i><\/span> \u00bb, selon nos sources. L&rsquo;ancien propri\u00e9taire, le promoteur immobilier n\u00e9erlandais Tijs Blom, a d\u00fb mettre la propri\u00e9t\u00e9 en vente apr\u00e8s plusieurs projets m\u00e9galomanes qui ont pouss\u00e9 les banques \u00e0 fermer le robinet du cr\u00e9dit. Dans le livre \u00ab <span class=\"s3\"><i>Ch\u00e2teau Jemeppe<\/i><\/span> \u00bb, auto\u00e9dit\u00e9 par Sam Baro, ce dernier l\u00e8ve le voile sur son \u00e2me de ch\u00e2telain. C\u2019est d\u2019autant plus exceptionnel que l\u2019entrepreneur est d\u2019ordinaire avare en confidences. \u00ab <span class=\"s3\"><i>Ce sont plus que des pierres \u00e0 mes yeux. Elles sont vivantes et me fascinent totalement. <\/i><\/span>\u00bb Il \u00e9voque ensuite des souvenirs de ses jeunes ann\u00e9es, lorsque, \u00e9tudiant au Sint-Lievenscollege de Gand, il a particip\u00e9 \u00e0 une visite d&rsquo;\u00e9tude au Ch\u00e2teau des Comtes. Un b\u00e2timent m\u00e9di\u00e9val qui, pour Sam Baro, est encore impr\u00e9gn\u00e9 de la fa\u00e7on dont les gens y vivaient dans le pass\u00e9. \u00ab <span class=\"s3\"><i>Guid\u00e9 par mon imagination, je voyais se d\u00e9ployer sous mes yeux les sc\u00e8nes qui devaient s\u2019y d\u00e9rouler \u00e0 l\u2019\u00e9poque. Comme si les fant\u00f4mes du pass\u00e9 se promenaient parmi nous pendant que nous \u00e9coutions les explications du guide<\/i><\/span> \u00bb, se souvient-il. \u00c0 son tour aujourd\u2019hui d\u2019\u00e9crire l\u2019histoire.<span class=\"Apple-converted-space\">\u00a0<\/span><\/p>\n","protected":false},"excerpt":{"rendered":"<p>Sans crier gare, Sam Baro s\u2019est taill\u00e9 une solide r\u00e9putation. Ce self-made-man de 48 ans a b\u00e2ti un empire en un rien de temps. Et il tr\u00f4ne d\u00e9sormais \u00e0 la t\u00eate du club de football de La Gantoise. Mais qui est Sam Baro ? \u00a0 \u00a0 Il dirige plus de 50 entreprises, mais c&rsquo;est La [&hellip;]<\/p>\n","protected":false},"author":12,"featured_media":6908,"comment_status":"closed","ping_status":"closed","sticky":false,"template":"","format":"standard","meta":{"_acf_changed":false,"inline_featured_image":false,"footnotes":""},"categories":[1],"tags":[],"class_list":{"0":"post-6851","1":"post","2":"type-post","3":"status-publish","4":"format-standard","5":"has-post-thumbnail","7":"category-actualite"},"acf":[],"_yoast_wpseo_title":null,"_yoast_wpseo_metadesc":null,"auteur_traducteur":"","yoast_head":"<!-- This site is optimized with the Yoast SEO plugin v27.4 - https:\/\/yoast.com\/product\/yoast-seo-wordpress\/ -->\n<title>The new kid in town\u202f\u00a0- Sam Baro | Forbes Belgique<\/title>\n<meta name=\"robots\" content=\"index, follow, max-snippet:-1, max-image-preview:large, max-video-preview:-1\" \/>\n<link rel=\"canonical\" href=\"https:\/\/www.forbes.be\/fr\/the-new-kid-in-town-sam-baro\/\" \/>\n<meta property=\"og:locale\" content=\"fr_FR\" \/>\n<meta property=\"og:type\" content=\"article\" \/>\n<meta property=\"og:title\" content=\"The new kid in town\u202f\u00a0- Sam Baro | Forbes Belgique\" \/>\n<meta property=\"og:description\" content=\"Sans crier gare, Sam Baro s\u2019est taill\u00e9 une solide r\u00e9putation. Ce self-made-man de 48 ans a b\u00e2ti un empire en un rien de temps. Et il tr\u00f4ne d\u00e9sormais \u00e0 la t\u00eate du club de football de La Gantoise. Mais qui est Sam Baro ? \u00a0 \u00a0 Il dirige plus de 50 entreprises, mais c&rsquo;est La [&hellip;]\" \/>\n<meta property=\"og:url\" content=\"https:\/\/www.forbes.be\/fr\/the-new-kid-in-town-sam-baro\/\" \/>\n<meta property=\"og:site_name\" content=\"Forbes Belgique\" \/>\n<meta property=\"article:publisher\" content=\"https:\/\/www.facebook.com\/forbesbelgique\/\" \/>\n<meta property=\"article:published_time\" content=\"2025-02-17T10:20:14+00:00\" \/>\n<meta property=\"article:modified_time\" content=\"2025-02-17T14:26:34+00:00\" \/>\n<meta property=\"og:image\" content=\"https:\/\/www.forbes.be\/fr\/wp-content\/uploads\/2024\/11\/Belgaimage-71133312.jpg\" \/>\n\t<meta property=\"og:image:width\" content=\"1200\" \/>\n\t<meta property=\"og:image:height\" content=\"628\" \/>\n\t<meta property=\"og:image:type\" content=\"image\/jpeg\" \/>\n<meta name=\"author\" content=\"Lieven Desmet\" \/>\n<meta name=\"twitter:card\" content=\"summary_large_image\" \/>\n<meta name=\"twitter:label1\" content=\"\u00c9crit par\" \/>\n\t<meta name=\"twitter:data1\" content=\"Lieven Desmet\" \/>\n\t<meta name=\"twitter:label2\" content=\"Dur\u00e9e de lecture estim\u00e9e\" \/>\n\t<meta name=\"twitter:data2\" content=\"7 minutes\" \/>\n<script type=\"application\/ld+json\" class=\"yoast-schema-graph\">{\"@context\":\"https:\\\/\\\/schema.org\",\"@graph\":[{\"@type\":\"NewsArticle\",\"@id\":\"https:\\\/\\\/www.forbes.be\\\/fr\\\/the-new-kid-in-town-sam-baro\\\/#article\",\"isPartOf\":{\"@id\":\"https:\\\/\\\/www.forbes.be\\\/fr\\\/the-new-kid-in-town-sam-baro\\\/\"},\"author\":{\"name\":\"Lieven Desmet\",\"@id\":\"https:\\\/\\\/www.forbes.be\\\/fr\\\/#\\\/schema\\\/person\\\/87d98a9bc7c6fb6996cabbdf269dd70a\"},\"headline\":\"The new kid in town\u202f\u00a0&#8211; Sam Baro\",\"datePublished\":\"2025-02-17T10:20:14+00:00\",\"dateModified\":\"2025-02-17T14:26:34+00:00\",\"mainEntityOfPage\":{\"@id\":\"https:\\\/\\\/www.forbes.be\\\/fr\\\/the-new-kid-in-town-sam-baro\\\/\"},\"wordCount\":1357,\"publisher\":{\"@id\":\"https:\\\/\\\/www.forbes.be\\\/fr\\\/#organization\"},\"image\":{\"@id\":\"https:\\\/\\\/www.forbes.be\\\/fr\\\/the-new-kid-in-town-sam-baro\\\/#primaryimage\"},\"thumbnailUrl\":\"https:\\\/\\\/www.forbes.be\\\/fr\\\/wp-content\\\/uploads\\\/2024\\\/11\\\/Belgaimage-71133312.jpg\",\"articleSection\":[\"Actualit\u00e9s\"],\"inLanguage\":\"fr-FR\"},{\"@type\":\"WebPage\",\"@id\":\"https:\\\/\\\/www.forbes.be\\\/fr\\\/the-new-kid-in-town-sam-baro\\\/\",\"url\":\"https:\\\/\\\/www.forbes.be\\\/fr\\\/the-new-kid-in-town-sam-baro\\\/\",\"name\":\"The new kid in town\u202f\u00a0- Sam Baro | Forbes Belgique\",\"isPartOf\":{\"@id\":\"https:\\\/\\\/www.forbes.be\\\/fr\\\/#website\"},\"primaryImageOfPage\":{\"@id\":\"https:\\\/\\\/www.forbes.be\\\/fr\\\/the-new-kid-in-town-sam-baro\\\/#primaryimage\"},\"image\":{\"@id\":\"https:\\\/\\\/www.forbes.be\\\/fr\\\/the-new-kid-in-town-sam-baro\\\/#primaryimage\"},\"thumbnailUrl\":\"https:\\\/\\\/www.forbes.be\\\/fr\\\/wp-content\\\/uploads\\\/2024\\\/11\\\/Belgaimage-71133312.jpg\",\"datePublished\":\"2025-02-17T10:20:14+00:00\",\"dateModified\":\"2025-02-17T14:26:34+00:00\",\"breadcrumb\":{\"@id\":\"https:\\\/\\\/www.forbes.be\\\/fr\\\/the-new-kid-in-town-sam-baro\\\/#breadcrumb\"},\"inLanguage\":\"fr-FR\",\"potentialAction\":[{\"@type\":\"ReadAction\",\"target\":[\"https:\\\/\\\/www.forbes.be\\\/fr\\\/the-new-kid-in-town-sam-baro\\\/\"]}]},{\"@type\":\"ImageObject\",\"inLanguage\":\"fr-FR\",\"@id\":\"https:\\\/\\\/www.forbes.be\\\/fr\\\/the-new-kid-in-town-sam-baro\\\/#primaryimage\",\"url\":\"https:\\\/\\\/www.forbes.be\\\/fr\\\/wp-content\\\/uploads\\\/2024\\\/11\\\/Belgaimage-71133312.jpg\",\"contentUrl\":\"https:\\\/\\\/www.forbes.be\\\/fr\\\/wp-content\\\/uploads\\\/2024\\\/11\\\/Belgaimage-71133312.jpg\",\"width\":1200,\"height\":628,\"caption\":\"Sam Baro -\u00a9Belga Images\"},{\"@type\":\"BreadcrumbList\",\"@id\":\"https:\\\/\\\/www.forbes.be\\\/fr\\\/the-new-kid-in-town-sam-baro\\\/#breadcrumb\",\"itemListElement\":[{\"@type\":\"ListItem\",\"position\":1,\"name\":\"Accueil\",\"item\":\"https:\\\/\\\/www.forbes.be\\\/fr\\\/\"},{\"@type\":\"ListItem\",\"position\":2,\"name\":\"The new kid in town\u202f\u00a0&#8211; Sam Baro\"}]},{\"@type\":\"WebSite\",\"@id\":\"https:\\\/\\\/www.forbes.be\\\/fr\\\/#website\",\"url\":\"https:\\\/\\\/www.forbes.be\\\/fr\\\/\",\"name\":\"Forbes Belgique\",\"description\":\"\",\"publisher\":{\"@id\":\"https:\\\/\\\/www.forbes.be\\\/fr\\\/#organization\"},\"potentialAction\":[{\"@type\":\"SearchAction\",\"target\":{\"@type\":\"EntryPoint\",\"urlTemplate\":\"https:\\\/\\\/www.forbes.be\\\/fr\\\/?s={search_term_string}\"},\"query-input\":{\"@type\":\"PropertyValueSpecification\",\"valueRequired\":true,\"valueName\":\"search_term_string\"}}],\"inLanguage\":\"fr-FR\"},{\"@type\":\"Organization\",\"@id\":\"https:\\\/\\\/www.forbes.be\\\/fr\\\/#organization\",\"name\":\"Forbes Belgique\",\"url\":\"https:\\\/\\\/www.forbes.be\\\/fr\\\/\",\"logo\":{\"@type\":\"ImageObject\",\"inLanguage\":\"fr-FR\",\"@id\":\"https:\\\/\\\/www.forbes.be\\\/fr\\\/#\\\/schema\\\/logo\\\/image\\\/\",\"url\":\"https:\\\/\\\/www.forbes.be\\\/fr\\\/wp-content\\\/uploads\\\/2024\\\/02\\\/forbes.be_.png\",\"contentUrl\":\"https:\\\/\\\/www.forbes.be\\\/fr\\\/wp-content\\\/uploads\\\/2024\\\/02\\\/forbes.be_.png\",\"width\":1200,\"height\":675,\"caption\":\"Forbes Belgique\"},\"image\":{\"@id\":\"https:\\\/\\\/www.forbes.be\\\/fr\\\/#\\\/schema\\\/logo\\\/image\\\/\"},\"sameAs\":[\"https:\\\/\\\/www.facebook.com\\\/forbesbelgique\\\/\",\"https:\\\/\\\/www.instagram.com\\\/Forbes_Belgium\",\"https:\\\/\\\/www.linkedin.com\\\/company\\\/forbes-belgium\\\/\"]},{\"@type\":\"Person\",\"@id\":\"https:\\\/\\\/www.forbes.be\\\/fr\\\/#\\\/schema\\\/person\\\/87d98a9bc7c6fb6996cabbdf269dd70a\",\"name\":\"Lieven Desmet\",\"image\":{\"@type\":\"ImageObject\",\"inLanguage\":\"fr-FR\",\"@id\":\"https:\\\/\\\/www.forbes.be\\\/fr\\\/wp-content\\\/uploads\\\/2024\\\/01\\\/65-150x150.jpg\",\"url\":\"https:\\\/\\\/www.forbes.be\\\/fr\\\/wp-content\\\/uploads\\\/2024\\\/01\\\/65-150x150.jpg\",\"contentUrl\":\"https:\\\/\\\/www.forbes.be\\\/fr\\\/wp-content\\\/uploads\\\/2024\\\/01\\\/65-150x150.jpg\",\"caption\":\"Lieven Desmet\"},\"url\":\"https:\\\/\\\/www.forbes.be\\\/fr\\\/author\\\/lieven-desmet\\\/\"}]}<\/script>\n<!-- \/ Yoast SEO plugin. -->","yoast_head_json":{"title":"The new kid in town\u202f\u00a0- Sam Baro | Forbes Belgique","robots":{"index":"index","follow":"follow","max-snippet":"max-snippet:-1","max-image-preview":"max-image-preview:large","max-video-preview":"max-video-preview:-1"},"canonical":"https:\/\/www.forbes.be\/fr\/the-new-kid-in-town-sam-baro\/","og_locale":"fr_FR","og_type":"article","og_title":"The new kid in town\u202f\u00a0- Sam Baro | Forbes Belgique","og_description":"Sans crier gare, Sam Baro s\u2019est taill\u00e9 une solide r\u00e9putation. Ce self-made-man de 48 ans a b\u00e2ti un empire en un rien de temps. Et il tr\u00f4ne d\u00e9sormais \u00e0 la t\u00eate du club de football de La Gantoise. Mais qui est Sam Baro ? \u00a0 \u00a0 Il dirige plus de 50 entreprises, mais c&rsquo;est La [&hellip;]","og_url":"https:\/\/www.forbes.be\/fr\/the-new-kid-in-town-sam-baro\/","og_site_name":"Forbes Belgique","article_publisher":"https:\/\/www.facebook.com\/forbesbelgique\/","article_published_time":"2025-02-17T10:20:14+00:00","article_modified_time":"2025-02-17T14:26:34+00:00","og_image":[{"width":1200,"height":628,"url":"https:\/\/www.forbes.be\/fr\/wp-content\/uploads\/2024\/11\/Belgaimage-71133312.jpg","type":"image\/jpeg"}],"author":"Lieven Desmet","twitter_card":"summary_large_image","twitter_misc":{"\u00c9crit par":"Lieven Desmet","Dur\u00e9e de lecture estim\u00e9e":"7 minutes"},"schema":{"@context":"https:\/\/schema.org","@graph":[{"@type":"NewsArticle","@id":"https:\/\/www.forbes.be\/fr\/the-new-kid-in-town-sam-baro\/#article","isPartOf":{"@id":"https:\/\/www.forbes.be\/fr\/the-new-kid-in-town-sam-baro\/"},"author":{"name":"Lieven Desmet","@id":"https:\/\/www.forbes.be\/fr\/#\/schema\/person\/87d98a9bc7c6fb6996cabbdf269dd70a"},"headline":"The new kid in town\u202f\u00a0&#8211; Sam Baro","datePublished":"2025-02-17T10:20:14+00:00","dateModified":"2025-02-17T14:26:34+00:00","mainEntityOfPage":{"@id":"https:\/\/www.forbes.be\/fr\/the-new-kid-in-town-sam-baro\/"},"wordCount":1357,"publisher":{"@id":"https:\/\/www.forbes.be\/fr\/#organization"},"image":{"@id":"https:\/\/www.forbes.be\/fr\/the-new-kid-in-town-sam-baro\/#primaryimage"},"thumbnailUrl":"https:\/\/www.forbes.be\/fr\/wp-content\/uploads\/2024\/11\/Belgaimage-71133312.jpg","articleSection":["Actualit\u00e9s"],"inLanguage":"fr-FR"},{"@type":"WebPage","@id":"https:\/\/www.forbes.be\/fr\/the-new-kid-in-town-sam-baro\/","url":"https:\/\/www.forbes.be\/fr\/the-new-kid-in-town-sam-baro\/","name":"The new kid in town\u202f\u00a0- Sam Baro | Forbes Belgique","isPartOf":{"@id":"https:\/\/www.forbes.be\/fr\/#website"},"primaryImageOfPage":{"@id":"https:\/\/www.forbes.be\/fr\/the-new-kid-in-town-sam-baro\/#primaryimage"},"image":{"@id":"https:\/\/www.forbes.be\/fr\/the-new-kid-in-town-sam-baro\/#primaryimage"},"thumbnailUrl":"https:\/\/www.forbes.be\/fr\/wp-content\/uploads\/2024\/11\/Belgaimage-71133312.jpg","datePublished":"2025-02-17T10:20:14+00:00","dateModified":"2025-02-17T14:26:34+00:00","breadcrumb":{"@id":"https:\/\/www.forbes.be\/fr\/the-new-kid-in-town-sam-baro\/#breadcrumb"},"inLanguage":"fr-FR","potentialAction":[{"@type":"ReadAction","target":["https:\/\/www.forbes.be\/fr\/the-new-kid-in-town-sam-baro\/"]}]},{"@type":"ImageObject","inLanguage":"fr-FR","@id":"https:\/\/www.forbes.be\/fr\/the-new-kid-in-town-sam-baro\/#primaryimage","url":"https:\/\/www.forbes.be\/fr\/wp-content\/uploads\/2024\/11\/Belgaimage-71133312.jpg","contentUrl":"https:\/\/www.forbes.be\/fr\/wp-content\/uploads\/2024\/11\/Belgaimage-71133312.jpg","width":1200,"height":628,"caption":"Sam Baro -\u00a9Belga Images"},{"@type":"BreadcrumbList","@id":"https:\/\/www.forbes.be\/fr\/the-new-kid-in-town-sam-baro\/#breadcrumb","itemListElement":[{"@type":"ListItem","position":1,"name":"Accueil","item":"https:\/\/www.forbes.be\/fr\/"},{"@type":"ListItem","position":2,"name":"The new kid in town\u202f\u00a0&#8211; Sam Baro"}]},{"@type":"WebSite","@id":"https:\/\/www.forbes.be\/fr\/#website","url":"https:\/\/www.forbes.be\/fr\/","name":"Forbes Belgique","description":"","publisher":{"@id":"https:\/\/www.forbes.be\/fr\/#organization"},"potentialAction":[{"@type":"SearchAction","target":{"@type":"EntryPoint","urlTemplate":"https:\/\/www.forbes.be\/fr\/?s={search_term_string}"},"query-input":{"@type":"PropertyValueSpecification","valueRequired":true,"valueName":"search_term_string"}}],"inLanguage":"fr-FR"},{"@type":"Organization","@id":"https:\/\/www.forbes.be\/fr\/#organization","name":"Forbes Belgique","url":"https:\/\/www.forbes.be\/fr\/","logo":{"@type":"ImageObject","inLanguage":"fr-FR","@id":"https:\/\/www.forbes.be\/fr\/#\/schema\/logo\/image\/","url":"https:\/\/www.forbes.be\/fr\/wp-content\/uploads\/2024\/02\/forbes.be_.png","contentUrl":"https:\/\/www.forbes.be\/fr\/wp-content\/uploads\/2024\/02\/forbes.be_.png","width":1200,"height":675,"caption":"Forbes Belgique"},"image":{"@id":"https:\/\/www.forbes.be\/fr\/#\/schema\/logo\/image\/"},"sameAs":["https:\/\/www.facebook.com\/forbesbelgique\/","https:\/\/www.instagram.com\/Forbes_Belgium","https:\/\/www.linkedin.com\/company\/forbes-belgium\/"]},{"@type":"Person","@id":"https:\/\/www.forbes.be\/fr\/#\/schema\/person\/87d98a9bc7c6fb6996cabbdf269dd70a","name":"Lieven Desmet","image":{"@type":"ImageObject","inLanguage":"fr-FR","@id":"https:\/\/www.forbes.be\/fr\/wp-content\/uploads\/2024\/01\/65-150x150.jpg","url":"https:\/\/www.forbes.be\/fr\/wp-content\/uploads\/2024\/01\/65-150x150.jpg","contentUrl":"https:\/\/www.forbes.be\/fr\/wp-content\/uploads\/2024\/01\/65-150x150.jpg","caption":"Lieven Desmet"},"url":"https:\/\/www.forbes.be\/fr\/author\/lieven-desmet\/"}]}},"_links":{"self":[{"href":"https:\/\/www.forbes.be\/fr\/wp-json\/wp\/v2\/posts\/6851","targetHints":{"allow":["GET"]}}],"collection":[{"href":"https:\/\/www.forbes.be\/fr\/wp-json\/wp\/v2\/posts"}],"about":[{"href":"https:\/\/www.forbes.be\/fr\/wp-json\/wp\/v2\/types\/post"}],"author":[{"embeddable":true,"href":"https:\/\/www.forbes.be\/fr\/wp-json\/wp\/v2\/users\/12"}],"replies":[{"embeddable":true,"href":"https:\/\/www.forbes.be\/fr\/wp-json\/wp\/v2\/comments?post=6851"}],"version-history":[{"count":4,"href":"https:\/\/www.forbes.be\/fr\/wp-json\/wp\/v2\/posts\/6851\/revisions"}],"predecessor-version":[{"id":6910,"href":"https:\/\/www.forbes.be\/fr\/wp-json\/wp\/v2\/posts\/6851\/revisions\/6910"}],"wp:featuredmedia":[{"embeddable":true,"href":"https:\/\/www.forbes.be\/fr\/wp-json\/wp\/v2\/media\/6908"}],"wp:attachment":[{"href":"https:\/\/www.forbes.be\/fr\/wp-json\/wp\/v2\/media?parent=6851"}],"wp:term":[{"taxonomy":"category","embeddable":true,"href":"https:\/\/www.forbes.be\/fr\/wp-json\/wp\/v2\/categories?post=6851"},{"taxonomy":"post_tag","embeddable":true,"href":"https:\/\/www.forbes.be\/fr\/wp-json\/wp\/v2\/tags?post=6851"}],"curies":[{"name":"wp","href":"https:\/\/api.w.org\/{rel}","templated":true}]}}