{"id":704,"date":"2024-01-08T14:30:08","date_gmt":"2024-01-08T13:30:08","guid":{"rendered":"https:\/\/www.forbes.be\/fr\/?p=704"},"modified":"2024-01-23T15:03:13","modified_gmt":"2024-01-23T14:03:13","slug":"le-succes-nest-pas-le-but-joan-condijts","status":"publish","type":"post","link":"https:\/\/www.forbes.be\/fr\/le-succes-nest-pas-le-but-joan-condijts\/","title":{"rendered":"Le succ\u00e8s n\u2019est pas le but"},"content":{"rendered":"<p><span style=\"font-weight: 400;\">\u00ab Le succ\u00e8s est une cons\u00e9quence et non un but \u00bb. Lorsque Bertie Charles Forbes et Walter Drey fondent, le 15 septembre 1917, \u00e0 New York, un magazine \u00ab consacr\u00e9 aux acteurs et aux actions \u00bb peut-\u00eatre n\u2019avaient-ils pas en t\u00eate cette pens\u00e9e de Gustave Flaubert \u00e9crite plusieurs d\u00e9cennies avant leur ambitieux projet \u00e9ditorial. Mais ces quelques mots ne d\u00e9pareraient pas le fronton de la v\u00e9n\u00e9rable institution de presse qu\u2019elle est devenue aujourd\u2019hui. Un titre qui traverse aujourd\u2019hui l\u2019Atlantique et fait ses premiers pas en Belgique avec cette m\u00eame ambition : c\u00e9l\u00e9brer les succ\u00e8s de ceux qui agissent, sans taire les \u00e9checs qui ont permis d\u2019y mener.\u00a0<\/span><\/p>\n<p><span style=\"font-weight: 400;\">Forbes nourrit cette ambition d\u2019offrir un panorama original et exclusif sur la marche des affaires en Belgique, de mettre en lumi\u00e8re des entrepreneurs de talent, de proposer des r\u00e9flexions sur les grands mouvements sociaux et d\u2019\u00e9clairer ses lecteurs sur les derni\u00e8res tendances dans le domaine du luxe.\u00a0<\/span><\/p>\n<p><span style=\"font-weight: 400;\">Forbes entend promouvoir l\u2019innovation et se veut le relais des femmes et des hommes qui osent, qui bousculent utilement, qui respectent la diff\u00e9rence, qui vulgarisent leur savoir et le partagent pour le bien commun. Sans nier les probl\u00e8mes, au contraire, Forbes veut pr\u00f4ner des solutions, des exemples \u00e0 suivre.<\/span><\/p>\n<p><span style=\"font-weight: 400;\">Le site qui ouvre en cette \u00ab rentr\u00e9e \u00bb de janvier, le site que vous avez sous les yeux n\u2019en est qu\u2019un avant-go\u00fbt, un premier pas avant le lancement en mars prochain du magazine proprement dit. Avec l\u2019arriv\u00e9e du printemps, avec le retour progressif de la lumi\u00e8re, Forbes prendra son v\u00e9ritable envol et montera en puissance pour poser des questions et surtout proposer des r\u00e9ponses, pour offrir \u00e0 ses lecteurs un regard pertinent sur l\u2019\u00e9conomie et la soci\u00e9t\u00e9 belges. En quelque sorte, un zakouski avant le banquet printanier\u2026\u00a0\u00a0\u00a0\u00a0<\/span><\/p>\n<p><span style=\"font-weight: 400;\">Joan Condijts<\/span><\/p>\n<p><span style=\"font-weight: 400;\">Directeur \u00e9ditorial Forbes Belux<\/span><\/p>\n","protected":false},"excerpt":{"rendered":"<p>\u00ab Le succ\u00e8s est une cons\u00e9quence et non un but \u00bb. Lorsque Bertie Charles Forbes et Walter Drey fondent, le 15 septembre 1917, \u00e0 New York, un magazine \u00ab consacr\u00e9 aux acteurs et aux actions \u00bb peut-\u00eatre n\u2019avaient-ils pas en t\u00eate cette pens\u00e9e de Gustave Flaubert \u00e9crite plusieurs d\u00e9cennies avant leur ambitieux projet \u00e9ditorial. Mais [&hellip;]<\/p>\n","protected":false},"author":8,"featured_media":750,"comment_status":"closed","ping_status":"closed","sticky":false,"template":"","format":"standard","meta":{"_acf_changed":false,"inline_featured_image":false,"footnotes":""},"categories":[16],"tags":[],"class_list":{"0":"post-704","1":"post","2":"type-post","3":"status-publish","4":"format-standard","5":"has-post-thumbnail","7":"category-finance"},"acf":[],"_yoast_wpseo_title":null,"_yoast_wpseo_metadesc":null,"auteur_traducteur":null,"yoast_head":"<!-- This site is optimized with the Yoast SEO plugin v27.4 - https:\/\/yoast.com\/product\/yoast-seo-wordpress\/ -->\n<title>Le succ\u00e8s n\u2019est pas le but | Forbes Belgique<\/title>\n<meta name=\"robots\" content=\"index, follow, max-snippet:-1, max-image-preview:large, max-video-preview:-1\" \/>\n<link rel=\"canonical\" href=\"https:\/\/www.forbes.be\/fr\/le-succes-nest-pas-le-but-joan-condijts\/\" \/>\n<meta property=\"og:locale\" content=\"fr_FR\" \/>\n<meta property=\"og:type\" content=\"article\" \/>\n<meta property=\"og:title\" content=\"Le succ\u00e8s n\u2019est pas le but | Forbes Belgique\" \/>\n<meta property=\"og:description\" content=\"\u00ab Le succ\u00e8s est une cons\u00e9quence et non un but \u00bb. Lorsque Bertie Charles Forbes et Walter Drey fondent, le 15 septembre 1917, \u00e0 New York, un magazine \u00ab consacr\u00e9 aux acteurs et aux actions \u00bb peut-\u00eatre n\u2019avaient-ils pas en t\u00eate cette pens\u00e9e de Gustave Flaubert \u00e9crite plusieurs d\u00e9cennies avant leur ambitieux projet \u00e9ditorial. Mais [&hellip;]\" \/>\n<meta property=\"og:url\" content=\"https:\/\/www.forbes.be\/fr\/le-succes-nest-pas-le-but-joan-condijts\/\" \/>\n<meta property=\"og:site_name\" content=\"Forbes Belgique\" \/>\n<meta property=\"article:publisher\" content=\"https:\/\/www.facebook.com\/forbesbelgique\/\" \/>\n<meta property=\"article:published_time\" content=\"2024-01-08T13:30:08+00:00\" \/>\n<meta property=\"article:modified_time\" content=\"2024-01-23T14:03:13+00:00\" \/>\n<meta property=\"og:image\" content=\"https:\/\/www.forbes.be\/fr\/wp-content\/uploads\/2024\/01\/joancondijst-scaled.jpg\" \/>\n\t<meta property=\"og:image:width\" content=\"2560\" \/>\n\t<meta property=\"og:image:height\" content=\"1364\" \/>\n\t<meta property=\"og:image:type\" content=\"image\/jpeg\" \/>\n<meta name=\"author\" content=\"Joan Condijts\" \/>\n<meta name=\"twitter:card\" content=\"summary_large_image\" \/>\n<meta name=\"twitter:label1\" content=\"\u00c9crit par\" \/>\n\t<meta name=\"twitter:data1\" content=\"Joan Condijts\" \/>\n\t<meta name=\"twitter:label2\" content=\"Dur\u00e9e de lecture estim\u00e9e\" \/>\n\t<meta name=\"twitter:data2\" content=\"2 minutes\" \/>\n<script type=\"application\/ld+json\" class=\"yoast-schema-graph\">{\"@context\":\"https:\\\/\\\/schema.org\",\"@graph\":[{\"@type\":\"NewsArticle\",\"@id\":\"https:\\\/\\\/www.forbes.be\\\/fr\\\/le-succes-nest-pas-le-but-joan-condijts\\\/#article\",\"isPartOf\":{\"@id\":\"https:\\\/\\\/www.forbes.be\\\/fr\\\/le-succes-nest-pas-le-but-joan-condijts\\\/\"},\"author\":{\"name\":\"Joan Condijts\",\"@id\":\"https:\\\/\\\/www.forbes.be\\\/fr\\\/#\\\/schema\\\/person\\\/73fa8afe077711284de86b2efb2a12d8\"},\"headline\":\"Le succ\u00e8s n\u2019est pas le but\",\"datePublished\":\"2024-01-08T13:30:08+00:00\",\"dateModified\":\"2024-01-23T14:03:13+00:00\",\"mainEntityOfPage\":{\"@id\":\"https:\\\/\\\/www.forbes.be\\\/fr\\\/le-succes-nest-pas-le-but-joan-condijts\\\/\"},\"wordCount\":332,\"publisher\":{\"@id\":\"https:\\\/\\\/www.forbes.be\\\/fr\\\/#organization\"},\"image\":{\"@id\":\"https:\\\/\\\/www.forbes.be\\\/fr\\\/le-succes-nest-pas-le-but-joan-condijts\\\/#primaryimage\"},\"thumbnailUrl\":\"https:\\\/\\\/www.forbes.be\\\/fr\\\/wp-content\\\/uploads\\\/2024\\\/01\\\/joancondijst-scaled.jpg\",\"articleSection\":[\"Finance\"],\"inLanguage\":\"fr-FR\"},{\"@type\":\"WebPage\",\"@id\":\"https:\\\/\\\/www.forbes.be\\\/fr\\\/le-succes-nest-pas-le-but-joan-condijts\\\/\",\"url\":\"https:\\\/\\\/www.forbes.be\\\/fr\\\/le-succes-nest-pas-le-but-joan-condijts\\\/\",\"name\":\"Le succ\u00e8s n\u2019est pas le but | Forbes Belgique\",\"isPartOf\":{\"@id\":\"https:\\\/\\\/www.forbes.be\\\/fr\\\/#website\"},\"primaryImageOfPage\":{\"@id\":\"https:\\\/\\\/www.forbes.be\\\/fr\\\/le-succes-nest-pas-le-but-joan-condijts\\\/#primaryimage\"},\"image\":{\"@id\":\"https:\\\/\\\/www.forbes.be\\\/fr\\\/le-succes-nest-pas-le-but-joan-condijts\\\/#primaryimage\"},\"thumbnailUrl\":\"https:\\\/\\\/www.forbes.be\\\/fr\\\/wp-content\\\/uploads\\\/2024\\\/01\\\/joancondijst-scaled.jpg\",\"datePublished\":\"2024-01-08T13:30:08+00:00\",\"dateModified\":\"2024-01-23T14:03:13+00:00\",\"breadcrumb\":{\"@id\":\"https:\\\/\\\/www.forbes.be\\\/fr\\\/le-succes-nest-pas-le-but-joan-condijts\\\/#breadcrumb\"},\"inLanguage\":\"fr-FR\",\"potentialAction\":[{\"@type\":\"ReadAction\",\"target\":[\"https:\\\/\\\/www.forbes.be\\\/fr\\\/le-succes-nest-pas-le-but-joan-condijts\\\/\"]}]},{\"@type\":\"ImageObject\",\"inLanguage\":\"fr-FR\",\"@id\":\"https:\\\/\\\/www.forbes.be\\\/fr\\\/le-succes-nest-pas-le-but-joan-condijts\\\/#primaryimage\",\"url\":\"https:\\\/\\\/www.forbes.be\\\/fr\\\/wp-content\\\/uploads\\\/2024\\\/01\\\/joancondijst-scaled.jpg\",\"contentUrl\":\"https:\\\/\\\/www.forbes.be\\\/fr\\\/wp-content\\\/uploads\\\/2024\\\/01\\\/joancondijst-scaled.jpg\",\"width\":2560,\"height\":1364},{\"@type\":\"BreadcrumbList\",\"@id\":\"https:\\\/\\\/www.forbes.be\\\/fr\\\/le-succes-nest-pas-le-but-joan-condijts\\\/#breadcrumb\",\"itemListElement\":[{\"@type\":\"ListItem\",\"position\":1,\"name\":\"Accueil\",\"item\":\"https:\\\/\\\/www.forbes.be\\\/fr\\\/\"},{\"@type\":\"ListItem\",\"position\":2,\"name\":\"Le succ\u00e8s n\u2019est pas le but\"}]},{\"@type\":\"WebSite\",\"@id\":\"https:\\\/\\\/www.forbes.be\\\/fr\\\/#website\",\"url\":\"https:\\\/\\\/www.forbes.be\\\/fr\\\/\",\"name\":\"Forbes Belgique\",\"description\":\"\",\"publisher\":{\"@id\":\"https:\\\/\\\/www.forbes.be\\\/fr\\\/#organization\"},\"potentialAction\":[{\"@type\":\"SearchAction\",\"target\":{\"@type\":\"EntryPoint\",\"urlTemplate\":\"https:\\\/\\\/www.forbes.be\\\/fr\\\/?s={search_term_string}\"},\"query-input\":{\"@type\":\"PropertyValueSpecification\",\"valueRequired\":true,\"valueName\":\"search_term_string\"}}],\"inLanguage\":\"fr-FR\"},{\"@type\":\"Organization\",\"@id\":\"https:\\\/\\\/www.forbes.be\\\/fr\\\/#organization\",\"name\":\"Forbes Belgique\",\"url\":\"https:\\\/\\\/www.forbes.be\\\/fr\\\/\",\"logo\":{\"@type\":\"ImageObject\",\"inLanguage\":\"fr-FR\",\"@id\":\"https:\\\/\\\/www.forbes.be\\\/fr\\\/#\\\/schema\\\/logo\\\/image\\\/\",\"url\":\"https:\\\/\\\/www.forbes.be\\\/fr\\\/wp-content\\\/uploads\\\/2024\\\/02\\\/forbes.be_.png\",\"contentUrl\":\"https:\\\/\\\/www.forbes.be\\\/fr\\\/wp-content\\\/uploads\\\/2024\\\/02\\\/forbes.be_.png\",\"width\":1200,\"height\":675,\"caption\":\"Forbes Belgique\"},\"image\":{\"@id\":\"https:\\\/\\\/www.forbes.be\\\/fr\\\/#\\\/schema\\\/logo\\\/image\\\/\"},\"sameAs\":[\"https:\\\/\\\/www.facebook.com\\\/forbesbelgique\\\/\",\"https:\\\/\\\/www.instagram.com\\\/Forbes_Belgium\",\"https:\\\/\\\/www.linkedin.com\\\/company\\\/forbes-belgium\\\/\"]},{\"@type\":\"Person\",\"@id\":\"https:\\\/\\\/www.forbes.be\\\/fr\\\/#\\\/schema\\\/person\\\/73fa8afe077711284de86b2efb2a12d8\",\"name\":\"Joan Condijts\",\"image\":{\"@type\":\"ImageObject\",\"inLanguage\":\"fr-FR\",\"@id\":\"https:\\\/\\\/www.forbes.be\\\/fr\\\/wp-content\\\/uploads\\\/2024\\\/01\\\/50-150x150.jpg\",\"url\":\"https:\\\/\\\/www.forbes.be\\\/fr\\\/wp-content\\\/uploads\\\/2024\\\/01\\\/50-150x150.jpg\",\"contentUrl\":\"https:\\\/\\\/www.forbes.be\\\/fr\\\/wp-content\\\/uploads\\\/2024\\\/01\\\/50-150x150.jpg\",\"caption\":\"Joan Condijts\"},\"url\":\"https:\\\/\\\/www.forbes.be\\\/fr\\\/author\\\/jcoforbes-be\\\/\"}]}<\/script>\n<!-- \/ Yoast SEO plugin. -->","yoast_head_json":{"title":"Le succ\u00e8s n\u2019est pas le but | Forbes Belgique","robots":{"index":"index","follow":"follow","max-snippet":"max-snippet:-1","max-image-preview":"max-image-preview:large","max-video-preview":"max-video-preview:-1"},"canonical":"https:\/\/www.forbes.be\/fr\/le-succes-nest-pas-le-but-joan-condijts\/","og_locale":"fr_FR","og_type":"article","og_title":"Le succ\u00e8s n\u2019est pas le but | Forbes Belgique","og_description":"\u00ab Le succ\u00e8s est une cons\u00e9quence et non un but \u00bb. Lorsque Bertie Charles Forbes et Walter Drey fondent, le 15 septembre 1917, \u00e0 New York, un magazine \u00ab consacr\u00e9 aux acteurs et aux actions \u00bb peut-\u00eatre n\u2019avaient-ils pas en t\u00eate cette pens\u00e9e de Gustave Flaubert \u00e9crite plusieurs d\u00e9cennies avant leur ambitieux projet \u00e9ditorial. Mais [&hellip;]","og_url":"https:\/\/www.forbes.be\/fr\/le-succes-nest-pas-le-but-joan-condijts\/","og_site_name":"Forbes Belgique","article_publisher":"https:\/\/www.facebook.com\/forbesbelgique\/","article_published_time":"2024-01-08T13:30:08+00:00","article_modified_time":"2024-01-23T14:03:13+00:00","og_image":[{"width":2560,"height":1364,"url":"https:\/\/www.forbes.be\/fr\/wp-content\/uploads\/2024\/01\/joancondijst-scaled.jpg","type":"image\/jpeg"}],"author":"Joan Condijts","twitter_card":"summary_large_image","twitter_misc":{"\u00c9crit par":"Joan Condijts","Dur\u00e9e de lecture estim\u00e9e":"2 minutes"},"schema":{"@context":"https:\/\/schema.org","@graph":[{"@type":"NewsArticle","@id":"https:\/\/www.forbes.be\/fr\/le-succes-nest-pas-le-but-joan-condijts\/#article","isPartOf":{"@id":"https:\/\/www.forbes.be\/fr\/le-succes-nest-pas-le-but-joan-condijts\/"},"author":{"name":"Joan Condijts","@id":"https:\/\/www.forbes.be\/fr\/#\/schema\/person\/73fa8afe077711284de86b2efb2a12d8"},"headline":"Le succ\u00e8s n\u2019est pas le but","datePublished":"2024-01-08T13:30:08+00:00","dateModified":"2024-01-23T14:03:13+00:00","mainEntityOfPage":{"@id":"https:\/\/www.forbes.be\/fr\/le-succes-nest-pas-le-but-joan-condijts\/"},"wordCount":332,"publisher":{"@id":"https:\/\/www.forbes.be\/fr\/#organization"},"image":{"@id":"https:\/\/www.forbes.be\/fr\/le-succes-nest-pas-le-but-joan-condijts\/#primaryimage"},"thumbnailUrl":"https:\/\/www.forbes.be\/fr\/wp-content\/uploads\/2024\/01\/joancondijst-scaled.jpg","articleSection":["Finance"],"inLanguage":"fr-FR"},{"@type":"WebPage","@id":"https:\/\/www.forbes.be\/fr\/le-succes-nest-pas-le-but-joan-condijts\/","url":"https:\/\/www.forbes.be\/fr\/le-succes-nest-pas-le-but-joan-condijts\/","name":"Le succ\u00e8s n\u2019est pas le but | Forbes Belgique","isPartOf":{"@id":"https:\/\/www.forbes.be\/fr\/#website"},"primaryImageOfPage":{"@id":"https:\/\/www.forbes.be\/fr\/le-succes-nest-pas-le-but-joan-condijts\/#primaryimage"},"image":{"@id":"https:\/\/www.forbes.be\/fr\/le-succes-nest-pas-le-but-joan-condijts\/#primaryimage"},"thumbnailUrl":"https:\/\/www.forbes.be\/fr\/wp-content\/uploads\/2024\/01\/joancondijst-scaled.jpg","datePublished":"2024-01-08T13:30:08+00:00","dateModified":"2024-01-23T14:03:13+00:00","breadcrumb":{"@id":"https:\/\/www.forbes.be\/fr\/le-succes-nest-pas-le-but-joan-condijts\/#breadcrumb"},"inLanguage":"fr-FR","potentialAction":[{"@type":"ReadAction","target":["https:\/\/www.forbes.be\/fr\/le-succes-nest-pas-le-but-joan-condijts\/"]}]},{"@type":"ImageObject","inLanguage":"fr-FR","@id":"https:\/\/www.forbes.be\/fr\/le-succes-nest-pas-le-but-joan-condijts\/#primaryimage","url":"https:\/\/www.forbes.be\/fr\/wp-content\/uploads\/2024\/01\/joancondijst-scaled.jpg","contentUrl":"https:\/\/www.forbes.be\/fr\/wp-content\/uploads\/2024\/01\/joancondijst-scaled.jpg","width":2560,"height":1364},{"@type":"BreadcrumbList","@id":"https:\/\/www.forbes.be\/fr\/le-succes-nest-pas-le-but-joan-condijts\/#breadcrumb","itemListElement":[{"@type":"ListItem","position":1,"name":"Accueil","item":"https:\/\/www.forbes.be\/fr\/"},{"@type":"ListItem","position":2,"name":"Le succ\u00e8s n\u2019est pas le but"}]},{"@type":"WebSite","@id":"https:\/\/www.forbes.be\/fr\/#website","url":"https:\/\/www.forbes.be\/fr\/","name":"Forbes Belgique","description":"","publisher":{"@id":"https:\/\/www.forbes.be\/fr\/#organization"},"potentialAction":[{"@type":"SearchAction","target":{"@type":"EntryPoint","urlTemplate":"https:\/\/www.forbes.be\/fr\/?s={search_term_string}"},"query-input":{"@type":"PropertyValueSpecification","valueRequired":true,"valueName":"search_term_string"}}],"inLanguage":"fr-FR"},{"@type":"Organization","@id":"https:\/\/www.forbes.be\/fr\/#organization","name":"Forbes Belgique","url":"https:\/\/www.forbes.be\/fr\/","logo":{"@type":"ImageObject","inLanguage":"fr-FR","@id":"https:\/\/www.forbes.be\/fr\/#\/schema\/logo\/image\/","url":"https:\/\/www.forbes.be\/fr\/wp-content\/uploads\/2024\/02\/forbes.be_.png","contentUrl":"https:\/\/www.forbes.be\/fr\/wp-content\/uploads\/2024\/02\/forbes.be_.png","width":1200,"height":675,"caption":"Forbes Belgique"},"image":{"@id":"https:\/\/www.forbes.be\/fr\/#\/schema\/logo\/image\/"},"sameAs":["https:\/\/www.facebook.com\/forbesbelgique\/","https:\/\/www.instagram.com\/Forbes_Belgium","https:\/\/www.linkedin.com\/company\/forbes-belgium\/"]},{"@type":"Person","@id":"https:\/\/www.forbes.be\/fr\/#\/schema\/person\/73fa8afe077711284de86b2efb2a12d8","name":"Joan Condijts","image":{"@type":"ImageObject","inLanguage":"fr-FR","@id":"https:\/\/www.forbes.be\/fr\/wp-content\/uploads\/2024\/01\/50-150x150.jpg","url":"https:\/\/www.forbes.be\/fr\/wp-content\/uploads\/2024\/01\/50-150x150.jpg","contentUrl":"https:\/\/www.forbes.be\/fr\/wp-content\/uploads\/2024\/01\/50-150x150.jpg","caption":"Joan Condijts"},"url":"https:\/\/www.forbes.be\/fr\/author\/jcoforbes-be\/"}]}},"_links":{"self":[{"href":"https:\/\/www.forbes.be\/fr\/wp-json\/wp\/v2\/posts\/704","targetHints":{"allow":["GET"]}}],"collection":[{"href":"https:\/\/www.forbes.be\/fr\/wp-json\/wp\/v2\/posts"}],"about":[{"href":"https:\/\/www.forbes.be\/fr\/wp-json\/wp\/v2\/types\/post"}],"author":[{"embeddable":true,"href":"https:\/\/www.forbes.be\/fr\/wp-json\/wp\/v2\/users\/8"}],"replies":[{"embeddable":true,"href":"https:\/\/www.forbes.be\/fr\/wp-json\/wp\/v2\/comments?post=704"}],"version-history":[{"count":4,"href":"https:\/\/www.forbes.be\/fr\/wp-json\/wp\/v2\/posts\/704\/revisions"}],"predecessor-version":[{"id":1018,"href":"https:\/\/www.forbes.be\/fr\/wp-json\/wp\/v2\/posts\/704\/revisions\/1018"}],"wp:featuredmedia":[{"embeddable":true,"href":"https:\/\/www.forbes.be\/fr\/wp-json\/wp\/v2\/media\/750"}],"wp:attachment":[{"href":"https:\/\/www.forbes.be\/fr\/wp-json\/wp\/v2\/media?parent=704"}],"wp:term":[{"taxonomy":"category","embeddable":true,"href":"https:\/\/www.forbes.be\/fr\/wp-json\/wp\/v2\/categories?post=704"},{"taxonomy":"post_tag","embeddable":true,"href":"https:\/\/www.forbes.be\/fr\/wp-json\/wp\/v2\/tags?post=704"}],"curies":[{"name":"wp","href":"https:\/\/api.w.org\/{rel}","templated":true}]}}