{"id":7042,"date":"2025-01-14T07:00:44","date_gmt":"2025-01-14T06:00:44","guid":{"rendered":"https:\/\/www.forbes.be\/fr\/?p=7042"},"modified":"2025-01-15T10:55:43","modified_gmt":"2025-01-15T09:55:43","slug":"ceo-gestion-stress","status":"publish","type":"post","link":"https:\/\/www.forbes.be\/fr\/ceo-gestion-stress\/","title":{"rendered":"Voici comment ces trois CEO g\u00e8rent le stress"},"content":{"rendered":"<p><strong>Le stress est une composante in\u00e9vitable de la vie d&rsquo;un CEO, o\u00f9 pressions \u00e9lev\u00e9es et responsabilit\u00e9s sont le lot quotidien. Comment ces dirigeants belges parviennent-ils \u00e0 rester aiguis\u00e9s et \u00e9quilibr\u00e9s ?<\/strong><\/p>\n<p>\u00c0 une \u00e9poque o\u00f9 la conscience autour de la sant\u00e9 mentale et physique s&rsquo;accro\u00eet, de plus en plus de CEO optent pour des pratiques de bien-\u00eatre personnel pour g\u00e9rer le stress. Il s&rsquo;av\u00e8re aussi que le coaching &#8211; tant pour soi-m\u00eame que pour l&rsquo;\u00e9quipe &#8211; et une s\u00e9paration nette entre travail et vie priv\u00e9e sont cruciaux. Nous avons discut\u00e9 avec Mattijs Hermans, Bj\u00f6rn Merckx et Gloria Barudy Vasquez.<\/p>\n<h2>Habitudes saines<\/h2>\n<h3>Mattijs Hermans, CEO de la cha\u00eene de restauration saine Hawaiian<\/h3>\n<p><img loading=\"lazy\" decoding=\"async\" class=\"alignnone wp-image-5626 size-large\" src=\"https:\/\/www.forbes.be\/nl\/wp-content\/uploads\/2024\/10\/127_005_Hawaiian_FounderStory_v02.00_02_20_05.Still023_websize-1024x576.jpg\" alt=\"\" width=\"696\" height=\"392\" \/><\/p>\n<p>Mattijs Hermans, CEO de la cha\u00eene de restauration saine <a href=\"https:\/\/hawaiianpokebowl.be\/fr-BE\">Hawaiian<\/a>, qui conna\u00eet la croissance la plus rapide en Belgique, a ajust\u00e9 sa vie et son travail de mani\u00e8re \u00e0 ce qu&rsquo;un \u00e9quilibre sain devienne naturel. Pour lui, tout commence avec une routine de sommeil fixe : \u00ab\u00a0Ce que j&rsquo;ai appris, c&rsquo;est qu&rsquo;une heure de coucher fixe vaut bien plus qu&rsquo;une heure de r\u00e9veil fixe,\u00a0\u00bb dit-il. Se coucher chaque soir \u00e0 20h30 l&rsquo;aide \u00e0 int\u00e9grer des moments de repos, o\u00f9 il \u00e9vite les \u00e9crans une heure avant le coucher et d\u00e9laisse son travail. Ainsi, il se pr\u00e9pare de mani\u00e8re optimale pour une bonne nuit de sommeil. \u00ab\u00a0Je commence aussi plusieurs heures avant la plupart des gens, ce qui me donne une vue d&rsquo;ensemble et une structure avant que l&rsquo;agitation ne commence vraiment.\u00a0\u00bb<\/p>\n<p>En p\u00e9riode de grandes responsabilit\u00e9s, Mattijs privil\u00e9gie ses habitudes saines personnelles. \u00ab\u00a0Une bonne routine de sommeil, suffisamment de mouvement tout au long de la journ\u00e9e et une alimentation adapt\u00e9e \u00e0 mes objectifs plut\u00f4t que purement au plaisir, m&rsquo;aident \u00e0 mieux r\u00e9sister au stress\u00a0\u00bb, explique-t-il. Il planifie ses entra\u00eenements comme des r\u00e9unions professionnelles, ce qui l&rsquo;aide \u00e0 rester constant et \u00e0 ne pas manquer son entra\u00eenement. Marcher entre les appels est pour lui une mani\u00e8re de rester physiquement actif tout en restant mentalement concentr\u00e9.<\/p>\n<p>L&rsquo;autor\u00e9flexion est pour Mattijs une composante cruciale du leadership. \u00ab\u00a0La conscience de soi est l&rsquo;une des choses les plus importantes que vous puissiez avoir en tant que leader\u00a0\u00bb, dit-il. Il encourage les retours d&rsquo;o\u00f9 qu&rsquo;ils viennent et croit que l&rsquo;ouverture \u00e0 la critique est essentielle pour la croissance personnelle. Pour son propre d\u00e9veloppement, il travaille avec des mentors dans les domaines de la sant\u00e9 et des affaires : \u00ab\u00a0Plus vos objectifs sont grands, plus vous devez viser haut en mati\u00e8re de conseils\u00a0\u00bb, explique-t-il. Il retire beaucoup de paix et de clart\u00e9 de cet accompagnement.<\/p>\n<p>Mattijs soutient \u00e9galement ses employ\u00e9s avec du coaching, Hawaiian ayant fond\u00e9 une Acad\u00e9mie de Leadership pour d\u00e9velopper de jeunes leaders. Il prend \u00e9galement r\u00e9guli\u00e8rement le temps d&rsquo;aider les employ\u00e9s qui se sentent d\u00e9pass\u00e9s \u00e0 r\u00e9\u00e9valuer leurs priorit\u00e9s. \u00ab\u00a0De cette mani\u00e8re, ils peuvent aller de l&rsquo;avant avec une force renouvel\u00e9e\u00a0\u00bb, dit-il, notant que cette approche augmente le niveau de stress et la satisfaction de son \u00e9quipe.<\/p>\n<p>L&rsquo;\u00e9quilibre entre travail et vie personnelle n&rsquo;est pas vraiment une question distincte pour Mattijs. \u00ab\u00a0Hawaiian et ma vie personnelle sont tellement imbriqu\u00e9s qu&rsquo;ils sont tr\u00e8s bien align\u00e9s\u00a0\u00bb, explique-t-il. Son travail chez Hawaiian repr\u00e9sente pour lui une source d&rsquo;\u00e9nergie, ce qui lui permet de maintenir facilement cet \u00e9quilibre.<\/p>\n<h2>Routines et travail d&rsquo;\u00e9quipe<\/h2>\n<h3>Bj\u00f6rn Merckx, directeur g\u00e9n\u00e9ral de Seepje Belgique<\/h3>\n<p><img loading=\"lazy\" decoding=\"async\" class=\"alignnone wp-image-5425 size-large\" src=\"https:\/\/www.forbes.be\/nl\/wp-content\/uploads\/2024\/10\/Headshot-BM-684x1024.jpg\" alt=\"\" width=\"684\" height=\"1024\" \/><\/p>\n<p>Bj\u00f6rn Merckx, directeur g\u00e9n\u00e9ral de <a href=\"https:\/\/seepje.com\/fr-be\">Seepje<\/a> en Belgique, est un grand partisan du d\u00e9veloppement de routines personnelles en dehors des heures de travail pour maintenir l&rsquo;\u00e9quilibre dans son emploi du temps charg\u00e9. M\u00eame si son travail peut varier consid\u00e9rablement de semaine en semaine, il trouve essentiel de cr\u00e9er des rep\u00e8res en int\u00e9grant des moments fixes de d\u00e9tente et de soins personnels. \u00ab\u00a0Au moins trois fois par semaine, je consacre une heure et demie \u00e0 quelque chose qui est bon pour ma sant\u00e9 mentale ou physique\u00a0\u00bb, dit-il. Qu&rsquo;il s&rsquo;agisse de sport, de lecture, de pr\u00e9paration de repas sains, ou d&rsquo;entrer en contact avec des membres de la famille, Bj\u00f6rn veille \u00e0 ce que ce temps lui appartienne enti\u00e8rement, sans la pression du travail. \u00ab\u00a0Les moments pour moi sont essentiels, surtout dans une fonction o\u00f9 vous interagissez constamment avec d&rsquo;autres.\u00a0\u00bb<\/p>\n<p>Lorsque la pression professionnelle augmente, Bj\u00f6rn a des strat\u00e9gies claires pour r\u00e9duire le stress. L&rsquo;une de ses m\u00e9thodes est simple mais efficace : prendre du recul par rapport \u00e0 la situation. \u00ab\u00a0Quand le stress devient trop \u00e9lev\u00e9, je ferme mon ordinateur portable, mets mon t\u00e9l\u00e9phone en mode &lsquo;ne pas d\u00e9ranger&rsquo;, et je vais marcher\u00a0\u00bb, raconte-t-il. Lors de ces marches, il \u00e9coute souvent un podcast ou de la musique, ce qui l&rsquo;aide \u00e0 se calmer rapidement. Quand cela ne suffit pas, il cherche du soutien aupr\u00e8s d&rsquo;un coll\u00e8gue pour examiner la situation. \u00ab\u00a0Il est important de r\u00e9partir le travail et de ne pas chercher \u00e0 tout r\u00e9soudre soi-m\u00eame\u00a0\u00bb, souligne-t-il. \u00ab\u00a0Nous avons un v\u00e9ritable travail d&rsquo;\u00e9quipe, donc tout le monde peut contribuer.\u00a0\u00bb<\/p>\n<p>Son temps de trajet jusqu&rsquo;au bureau, g\u00e9n\u00e9ralement deux heures par jour dans le train, il l&rsquo;utilise parfois pour travailler, mais plus souvent pour lire et d\u00e9tendre son esprit. \u00ab\u00a0Ce n&rsquo;est pas la forme standard de pleine conscience, mais cela m&rsquo;aide \u00e0 me d\u00e9tacher des d\u00e9lais et projets,\u00a0\u00bb explique-t-il. Il essaie \u00e9galement d&rsquo;assister r\u00e9guli\u00e8rement \u00e0 des cours de yoga, m\u00eame s&rsquo;il n&rsquo;arrive pas toujours \u00e0 en faire une routine r\u00e9guli\u00e8re.<\/p>\n<p>\u00ab\u00a0Il est bon de savoir o\u00f9 vous \u00eates fort, mais surtout important de reconna\u00eetre o\u00f9 vous pouvez encore grandir\u00a0\u00bb, dit-il. Le feedback joue un r\u00f4le central dans ce processus, tant dans son travail que dans sa vie priv\u00e9e. \u00ab\u00a0Le feedback est essentiel pour b\u00e2tir des relations. Cela vous aide \u00e0 \u00e9largir votre perspective et \u00e0 ajuster l\u00e0 o\u00f9 c&rsquo;est n\u00e9cessaire,\u00a0\u00bb explique-t-il. Bj\u00f6rn croit que le bon leadership ne se r\u00e9sume pas \u00e0 donner la direction, mais aussi \u00e0 faire preuve de flexibilit\u00e9 et \u00e0 apprendre des critiques.<\/p>\n<p>En p\u00e9riodes difficiles, Bj\u00f6rn adopte consciemment une attitude positive pour maintenir le moral au sein de l&rsquo;\u00e9quipe. \u00ab\u00a0Tout le monde le ressent quand la pression est \u00e9lev\u00e9e, donc j&rsquo;essaie alors d&rsquo;agir comme un cheer-leader pour motiver l&rsquo;\u00e9quipe\u00a0\u00bb, dit-il. Par ailleurs, il consid\u00e8re qu&rsquo;il est important de rechercher la connexion et d&rsquo;\u00e9viter que les \u00e9quipes ne travaillent en silo. \u00ab\u00a0Nous travaillons tous pour le m\u00eame objectif, il est donc important de chercher des solutions ensemble,\u00a0\u00bb conclut-il.<\/p>\n<h2>Coaching<\/h2>\n<h3>Gloria Barudy Vasquez, CEO de la marque de mode Natan<\/h3>\n<p><img loading=\"lazy\" decoding=\"async\" class=\"alignnone wp-image-5496 size-full\" src=\"https:\/\/www.forbes.be\/nl\/wp-content\/uploads\/2024\/10\/Schermafbeelding-2022-01-07-om-15.18.48-681x1024-1.png\" alt=\"\" width=\"681\" height=\"1024\" \/><\/p>\n<p>Gloria Barudy Vasquez, PDG de la marque de mode <a href=\"https:\/\/www.natan.be\/fr\">Natan<\/a>, met beaucoup l&rsquo;accent sur un \u00e9quilibre sain entre travail et vie priv\u00e9e, essentiel pour elle pour relever les d\u00e9fis d&rsquo;un r\u00f4le de leadership. Sa routine matinale joue un r\u00f4le cl\u00e9, lui permettant de consacrer du temps tant \u00e0 sa fille qu&rsquo;\u00e0 elle-m\u00eame. \u00ab\u00a0Chaque matin, je vais dans la nature avec mon chien, suivi d&rsquo;une demi-heure pour ma routine de soins de la peau et d&rsquo;un moment de d\u00e9tente\u00a0\u00bb, dit-elle. Elle essaie de ne regarder ses mails et son t\u00e9l\u00e9phone de travail qu&rsquo;apr\u00e8s, en fonction des priorit\u00e9s de la journ\u00e9e.<\/p>\n<p>Lorsque les responsabilit\u00e9s augmentent, Gloria trouve important de s&rsquo;\u00e9loigner des choses qu&rsquo;elle ne peut pas contr\u00f4ler. Elle reconna\u00eet que fixer les bonnes priorit\u00e9s est crucial, tant pour elle-m\u00eame que pour son \u00e9quipe. \u00ab\u00a0Un CEO \u00e9quilibr\u00e9 apporte aussi \u00e9quilibre \u00e0 l&rsquo;exploitation quotidienne,\u00a0\u00bb explique-t-elle. Cette approche se refl\u00e8te dans son style de leadership, o\u00f9 elle accorde de l&rsquo;importance \u00e0 une communication ouverte et transparente et au renforcement des responsabilit\u00e9s de ses collaborateurs.<\/p>\n<p>Le coaching joue \u00e9galement un r\u00f4le important dans son d\u00e9veloppement. Elle a d\u00e9j\u00e0 eu recours \u00e0 un coach \u00e0 plusieurs reprises pour trouver des id\u00e9es qui l&rsquo;aident dans la gestion du temps et de l&rsquo;\u00e9quipe. \u00ab\u00a0\u00catre honn\u00eate avec vous-m\u00eame est la base d&rsquo;une bonne s\u00e9ance de coaching,\u00a0\u00bb dit-elle. De plus, elle permet \u00e9galement \u00e0 ses collaborateurs de suivre des coachings : \u00ab\u00a0En tant que\u00a0 CEO, c&rsquo;est une belle fa\u00e7on de montrer du soutien et d&rsquo;\u00e9lever, nourrir et motiver vos \u00e9quipes. Cela g\u00e9n\u00e8re une forme d&rsquo;appr\u00e9ciation et de valorisation, qui boostent les performances et la confiance en soi, r\u00e9duisant ainsi les niveaux de stress. Le coaching est devenu beaucoup plus important ces derni\u00e8res ann\u00e9es dans les cultures d&rsquo;entreprise, et est d&rsquo;autant plus important pour les nouvelles g\u00e9n\u00e9rations.\u00a0\u00bb<\/p>\n<p>En ce qui concerne l&rsquo;\u00e9quilibre entre travail et vie personnelle, Gloria reconna\u00eet qu&rsquo;il n&rsquo;existe pas de parfait \u00e9quilibre, mais que fixer des limites personnelles est crucial. \u00ab\u00a0Avec ma famille et mes amis, je trouve le calme,\u00a0\u00bb dit-elle. Celui-i lui permet de r\u00e9ussir dans sa vie professionnelle, bien que son travail la nourrisse \u00e9galement gr\u00e2ce \u00e0 sa passion pour la mode.<\/p>\n<p>Enfin, Gloria maintient sa sant\u00e9 physique en planifiant des activit\u00e9s relaxantes, comme des massages, regarder Netflix, des soins de beaut\u00e9 et du pilates. \u00ab\u00a0Je n&rsquo;aime pas un programme fixe, je pr\u00e9f\u00e8re suivre le courant et profiter du moment,\u00a0\u00bb ajoute-t-elle. Les vacances en famille sont pour elle le moment ultime de d\u00e9tente, o\u00f9 elle peut compl\u00e8tement se d\u00e9connecter de sa vie de CEO bien remplie.<\/p>\n","protected":false},"excerpt":{"rendered":"<p>Le stress est une composante in\u00e9vitable de la vie d&rsquo;un CEO, o\u00f9 pressions \u00e9lev\u00e9es et responsabilit\u00e9s sont le lot quotidien. Comment ces dirigeants belges parviennent-ils \u00e0 rester aiguis\u00e9s et \u00e9quilibr\u00e9s ? \u00c0 une \u00e9poque o\u00f9 la conscience autour de la sant\u00e9 mentale et physique s&rsquo;accro\u00eet, de plus en plus de CEO optent pour des pratiques [&hellip;]<\/p>\n","protected":false},"author":13,"featured_media":7047,"comment_status":"closed","ping_status":"closed","sticky":false,"template":"","format":"standard","meta":{"_acf_changed":false,"inline_featured_image":false,"footnotes":""},"categories":[15],"tags":[],"class_list":{"0":"post-7042","1":"post","2":"type-post","3":"status-publish","4":"format-standard","5":"has-post-thumbnail","7":"category-leadership"},"acf":[],"_yoast_wpseo_title":null,"_yoast_wpseo_metadesc":"Le stress est une composante in\u00e9vitable de la vie d'un\u00a0 CEO, o\u00f9 pressions \u00e9lev\u00e9es et responsabilit\u00e9s sont le lot quotidien.","auteur_traducteur":"","yoast_head":"<!-- This site is optimized with the Yoast SEO plugin v27.4 - https:\/\/yoast.com\/product\/yoast-seo-wordpress\/ -->\n<title>Voici comment ces trois CEO g\u00e8rent le stress | Forbes Belgique<\/title>\n<meta name=\"description\" content=\"Le stress est une composante in\u00e9vitable de la vie d&#039;un\u00a0 CEO, o\u00f9 pressions \u00e9lev\u00e9es et responsabilit\u00e9s sont le lot quotidien.\" \/>\n<meta name=\"robots\" content=\"index, follow, max-snippet:-1, max-image-preview:large, max-video-preview:-1\" \/>\n<link rel=\"canonical\" href=\"https:\/\/www.forbes.be\/fr\/ceo-gestion-stress\/\" \/>\n<meta property=\"og:locale\" content=\"fr_FR\" \/>\n<meta property=\"og:type\" content=\"article\" \/>\n<meta property=\"og:title\" content=\"Voici comment ces trois CEO g\u00e8rent le stress | Forbes Belgique\" \/>\n<meta property=\"og:description\" content=\"Le stress est une composante in\u00e9vitable de la vie d&#039;un\u00a0 CEO, o\u00f9 pressions \u00e9lev\u00e9es et responsabilit\u00e9s sont le lot quotidien.\" \/>\n<meta property=\"og:url\" content=\"https:\/\/www.forbes.be\/fr\/ceo-gestion-stress\/\" \/>\n<meta property=\"og:site_name\" content=\"Forbes Belgique\" \/>\n<meta property=\"article:publisher\" content=\"https:\/\/www.facebook.com\/forbesbelgique\/\" \/>\n<meta property=\"article:published_time\" content=\"2025-01-14T06:00:44+00:00\" \/>\n<meta property=\"article:modified_time\" content=\"2025-01-15T09:55:43+00:00\" \/>\n<meta property=\"og:image\" content=\"https:\/\/www.forbes.be\/fr\/wp-content\/uploads\/2024\/12\/127_005_Hawaiian_FounderStory_v02.00_02_20_05.Still023_websize-1024x576-1.jpg\" \/>\n\t<meta property=\"og:image:width\" content=\"1024\" \/>\n\t<meta property=\"og:image:height\" content=\"576\" \/>\n\t<meta property=\"og:image:type\" content=\"image\/jpeg\" \/>\n<meta name=\"author\" content=\"Daphne Dorgelo\" \/>\n<meta name=\"twitter:card\" content=\"summary_large_image\" \/>\n<meta name=\"twitter:label1\" content=\"\u00c9crit par\" \/>\n\t<meta name=\"twitter:data1\" content=\"Daphne Dorgelo\" \/>\n\t<meta name=\"twitter:label2\" content=\"Dur\u00e9e de lecture estim\u00e9e\" \/>\n\t<meta name=\"twitter:data2\" content=\"9 minutes\" \/>\n<script type=\"application\/ld+json\" class=\"yoast-schema-graph\">{\"@context\":\"https:\\\/\\\/schema.org\",\"@graph\":[{\"@type\":\"NewsArticle\",\"@id\":\"https:\\\/\\\/www.forbes.be\\\/fr\\\/ceo-gestion-stress\\\/#article\",\"isPartOf\":{\"@id\":\"https:\\\/\\\/www.forbes.be\\\/fr\\\/ceo-gestion-stress\\\/\"},\"author\":{\"name\":\"Daphne Dorgelo\",\"@id\":\"https:\\\/\\\/www.forbes.be\\\/fr\\\/#\\\/schema\\\/person\\\/7d78f899f595d5e9c1eb19ffe4d36b83\"},\"headline\":\"Voici comment ces trois CEO g\u00e8rent le stress\",\"datePublished\":\"2025-01-14T06:00:44+00:00\",\"dateModified\":\"2025-01-15T09:55:43+00:00\",\"mainEntityOfPage\":{\"@id\":\"https:\\\/\\\/www.forbes.be\\\/fr\\\/ceo-gestion-stress\\\/\"},\"wordCount\":1593,\"publisher\":{\"@id\":\"https:\\\/\\\/www.forbes.be\\\/fr\\\/#organization\"},\"image\":{\"@id\":\"https:\\\/\\\/www.forbes.be\\\/fr\\\/ceo-gestion-stress\\\/#primaryimage\"},\"thumbnailUrl\":\"https:\\\/\\\/www.forbes.be\\\/fr\\\/wp-content\\\/uploads\\\/2024\\\/12\\\/127_005_Hawaiian_FounderStory_v02.00_02_20_05.Still023_websize-1024x576-1.jpg\",\"articleSection\":[\"Leadership\"],\"inLanguage\":\"fr-FR\"},{\"@type\":\"WebPage\",\"@id\":\"https:\\\/\\\/www.forbes.be\\\/fr\\\/ceo-gestion-stress\\\/\",\"url\":\"https:\\\/\\\/www.forbes.be\\\/fr\\\/ceo-gestion-stress\\\/\",\"name\":\"Voici comment ces trois CEO g\u00e8rent le stress | Forbes Belgique\",\"isPartOf\":{\"@id\":\"https:\\\/\\\/www.forbes.be\\\/fr\\\/#website\"},\"primaryImageOfPage\":{\"@id\":\"https:\\\/\\\/www.forbes.be\\\/fr\\\/ceo-gestion-stress\\\/#primaryimage\"},\"image\":{\"@id\":\"https:\\\/\\\/www.forbes.be\\\/fr\\\/ceo-gestion-stress\\\/#primaryimage\"},\"thumbnailUrl\":\"https:\\\/\\\/www.forbes.be\\\/fr\\\/wp-content\\\/uploads\\\/2024\\\/12\\\/127_005_Hawaiian_FounderStory_v02.00_02_20_05.Still023_websize-1024x576-1.jpg\",\"datePublished\":\"2025-01-14T06:00:44+00:00\",\"dateModified\":\"2025-01-15T09:55:43+00:00\",\"description\":\"Le stress est une composante in\u00e9vitable de la vie d'un\u00a0 CEO, o\u00f9 pressions \u00e9lev\u00e9es et responsabilit\u00e9s sont le lot quotidien.\",\"breadcrumb\":{\"@id\":\"https:\\\/\\\/www.forbes.be\\\/fr\\\/ceo-gestion-stress\\\/#breadcrumb\"},\"inLanguage\":\"fr-FR\",\"potentialAction\":[{\"@type\":\"ReadAction\",\"target\":[\"https:\\\/\\\/www.forbes.be\\\/fr\\\/ceo-gestion-stress\\\/\"]}]},{\"@type\":\"ImageObject\",\"inLanguage\":\"fr-FR\",\"@id\":\"https:\\\/\\\/www.forbes.be\\\/fr\\\/ceo-gestion-stress\\\/#primaryimage\",\"url\":\"https:\\\/\\\/www.forbes.be\\\/fr\\\/wp-content\\\/uploads\\\/2024\\\/12\\\/127_005_Hawaiian_FounderStory_v02.00_02_20_05.Still023_websize-1024x576-1.jpg\",\"contentUrl\":\"https:\\\/\\\/www.forbes.be\\\/fr\\\/wp-content\\\/uploads\\\/2024\\\/12\\\/127_005_Hawaiian_FounderStory_v02.00_02_20_05.Still023_websize-1024x576-1.jpg\",\"width\":1024,\"height\":576,\"caption\":\"Mattijs Hermans\"},{\"@type\":\"BreadcrumbList\",\"@id\":\"https:\\\/\\\/www.forbes.be\\\/fr\\\/ceo-gestion-stress\\\/#breadcrumb\",\"itemListElement\":[{\"@type\":\"ListItem\",\"position\":1,\"name\":\"Accueil\",\"item\":\"https:\\\/\\\/www.forbes.be\\\/fr\\\/\"},{\"@type\":\"ListItem\",\"position\":2,\"name\":\"Voici comment ces trois CEO g\u00e8rent le stress\"}]},{\"@type\":\"WebSite\",\"@id\":\"https:\\\/\\\/www.forbes.be\\\/fr\\\/#website\",\"url\":\"https:\\\/\\\/www.forbes.be\\\/fr\\\/\",\"name\":\"Forbes Belgique\",\"description\":\"\",\"publisher\":{\"@id\":\"https:\\\/\\\/www.forbes.be\\\/fr\\\/#organization\"},\"potentialAction\":[{\"@type\":\"SearchAction\",\"target\":{\"@type\":\"EntryPoint\",\"urlTemplate\":\"https:\\\/\\\/www.forbes.be\\\/fr\\\/?s={search_term_string}\"},\"query-input\":{\"@type\":\"PropertyValueSpecification\",\"valueRequired\":true,\"valueName\":\"search_term_string\"}}],\"inLanguage\":\"fr-FR\"},{\"@type\":\"Organization\",\"@id\":\"https:\\\/\\\/www.forbes.be\\\/fr\\\/#organization\",\"name\":\"Forbes Belgique\",\"url\":\"https:\\\/\\\/www.forbes.be\\\/fr\\\/\",\"logo\":{\"@type\":\"ImageObject\",\"inLanguage\":\"fr-FR\",\"@id\":\"https:\\\/\\\/www.forbes.be\\\/fr\\\/#\\\/schema\\\/logo\\\/image\\\/\",\"url\":\"https:\\\/\\\/www.forbes.be\\\/fr\\\/wp-content\\\/uploads\\\/2024\\\/02\\\/forbes.be_.png\",\"contentUrl\":\"https:\\\/\\\/www.forbes.be\\\/fr\\\/wp-content\\\/uploads\\\/2024\\\/02\\\/forbes.be_.png\",\"width\":1200,\"height\":675,\"caption\":\"Forbes Belgique\"},\"image\":{\"@id\":\"https:\\\/\\\/www.forbes.be\\\/fr\\\/#\\\/schema\\\/logo\\\/image\\\/\"},\"sameAs\":[\"https:\\\/\\\/www.facebook.com\\\/forbesbelgique\\\/\",\"https:\\\/\\\/www.instagram.com\\\/Forbes_Belgium\",\"https:\\\/\\\/www.linkedin.com\\\/company\\\/forbes-belgium\\\/\"]},{\"@type\":\"Person\",\"@id\":\"https:\\\/\\\/www.forbes.be\\\/fr\\\/#\\\/schema\\\/person\\\/7d78f899f595d5e9c1eb19ffe4d36b83\",\"name\":\"Daphne Dorgelo\",\"image\":{\"@type\":\"ImageObject\",\"inLanguage\":\"fr-FR\",\"@id\":\"https:\\\/\\\/www.forbes.be\\\/fr\\\/wp-content\\\/uploads\\\/2024\\\/01\\\/4B1A6779-2-scaled-e1704882544546-150x150.jpg\",\"url\":\"https:\\\/\\\/www.forbes.be\\\/fr\\\/wp-content\\\/uploads\\\/2024\\\/01\\\/4B1A6779-2-scaled-e1704882544546-150x150.jpg\",\"contentUrl\":\"https:\\\/\\\/www.forbes.be\\\/fr\\\/wp-content\\\/uploads\\\/2024\\\/01\\\/4B1A6779-2-scaled-e1704882544546-150x150.jpg\",\"caption\":\"Daphne Dorgelo\"},\"description\":\"Daphne Dorgelo (1996) travaille chaque semaine pour Forbes, o\u00f9 elle r\u00e9dige des articles sur le style de vie luxueux, le leadership, l'innovation, les tendances et, bien s\u00fbr, les entrepreneurs belges inspirants. Sa passion pour le journalisme et les m\u00e9dias s'est manifest\u00e9e d\u00e8s son plus jeune \u00e2ge. Apr\u00e8s avoir obtenu une licence en information aux Pays-Bas, elle s'est install\u00e9e dans la ville belge du diamant il y a six ans, apr\u00e8s avoir obtenu un master en journalisme \u00e0 la KU Leuven d'Anvers. Cela fait maintenant huit ans qu'elle \u00e9crit en tant que pigiste pour divers magazines, dont quatre ans pour des magazines de style de vie belges tels que L'OFFICIEL, Fifty &amp; Me et ELLE.\",\"url\":\"https:\\\/\\\/www.forbes.be\\\/fr\\\/author\\\/daphne-dorgelolofficiel-be\\\/\"}]}<\/script>\n<!-- \/ Yoast SEO plugin. -->","yoast_head_json":{"title":"Voici comment ces trois CEO g\u00e8rent le stress | Forbes Belgique","description":"Le stress est une composante in\u00e9vitable de la vie d'un\u00a0 CEO, o\u00f9 pressions \u00e9lev\u00e9es et responsabilit\u00e9s sont le lot quotidien.","robots":{"index":"index","follow":"follow","max-snippet":"max-snippet:-1","max-image-preview":"max-image-preview:large","max-video-preview":"max-video-preview:-1"},"canonical":"https:\/\/www.forbes.be\/fr\/ceo-gestion-stress\/","og_locale":"fr_FR","og_type":"article","og_title":"Voici comment ces trois CEO g\u00e8rent le stress | Forbes Belgique","og_description":"Le stress est une composante in\u00e9vitable de la vie d'un\u00a0 CEO, o\u00f9 pressions \u00e9lev\u00e9es et responsabilit\u00e9s sont le lot quotidien.","og_url":"https:\/\/www.forbes.be\/fr\/ceo-gestion-stress\/","og_site_name":"Forbes Belgique","article_publisher":"https:\/\/www.facebook.com\/forbesbelgique\/","article_published_time":"2025-01-14T06:00:44+00:00","article_modified_time":"2025-01-15T09:55:43+00:00","og_image":[{"width":1024,"height":576,"url":"https:\/\/www.forbes.be\/fr\/wp-content\/uploads\/2024\/12\/127_005_Hawaiian_FounderStory_v02.00_02_20_05.Still023_websize-1024x576-1.jpg","type":"image\/jpeg"}],"author":"Daphne Dorgelo","twitter_card":"summary_large_image","twitter_misc":{"\u00c9crit par":"Daphne Dorgelo","Dur\u00e9e de lecture estim\u00e9e":"9 minutes"},"schema":{"@context":"https:\/\/schema.org","@graph":[{"@type":"NewsArticle","@id":"https:\/\/www.forbes.be\/fr\/ceo-gestion-stress\/#article","isPartOf":{"@id":"https:\/\/www.forbes.be\/fr\/ceo-gestion-stress\/"},"author":{"name":"Daphne Dorgelo","@id":"https:\/\/www.forbes.be\/fr\/#\/schema\/person\/7d78f899f595d5e9c1eb19ffe4d36b83"},"headline":"Voici comment ces trois CEO g\u00e8rent le stress","datePublished":"2025-01-14T06:00:44+00:00","dateModified":"2025-01-15T09:55:43+00:00","mainEntityOfPage":{"@id":"https:\/\/www.forbes.be\/fr\/ceo-gestion-stress\/"},"wordCount":1593,"publisher":{"@id":"https:\/\/www.forbes.be\/fr\/#organization"},"image":{"@id":"https:\/\/www.forbes.be\/fr\/ceo-gestion-stress\/#primaryimage"},"thumbnailUrl":"https:\/\/www.forbes.be\/fr\/wp-content\/uploads\/2024\/12\/127_005_Hawaiian_FounderStory_v02.00_02_20_05.Still023_websize-1024x576-1.jpg","articleSection":["Leadership"],"inLanguage":"fr-FR"},{"@type":"WebPage","@id":"https:\/\/www.forbes.be\/fr\/ceo-gestion-stress\/","url":"https:\/\/www.forbes.be\/fr\/ceo-gestion-stress\/","name":"Voici comment ces trois CEO g\u00e8rent le stress | Forbes Belgique","isPartOf":{"@id":"https:\/\/www.forbes.be\/fr\/#website"},"primaryImageOfPage":{"@id":"https:\/\/www.forbes.be\/fr\/ceo-gestion-stress\/#primaryimage"},"image":{"@id":"https:\/\/www.forbes.be\/fr\/ceo-gestion-stress\/#primaryimage"},"thumbnailUrl":"https:\/\/www.forbes.be\/fr\/wp-content\/uploads\/2024\/12\/127_005_Hawaiian_FounderStory_v02.00_02_20_05.Still023_websize-1024x576-1.jpg","datePublished":"2025-01-14T06:00:44+00:00","dateModified":"2025-01-15T09:55:43+00:00","description":"Le stress est une composante in\u00e9vitable de la vie d'un\u00a0 CEO, o\u00f9 pressions \u00e9lev\u00e9es et responsabilit\u00e9s sont le lot quotidien.","breadcrumb":{"@id":"https:\/\/www.forbes.be\/fr\/ceo-gestion-stress\/#breadcrumb"},"inLanguage":"fr-FR","potentialAction":[{"@type":"ReadAction","target":["https:\/\/www.forbes.be\/fr\/ceo-gestion-stress\/"]}]},{"@type":"ImageObject","inLanguage":"fr-FR","@id":"https:\/\/www.forbes.be\/fr\/ceo-gestion-stress\/#primaryimage","url":"https:\/\/www.forbes.be\/fr\/wp-content\/uploads\/2024\/12\/127_005_Hawaiian_FounderStory_v02.00_02_20_05.Still023_websize-1024x576-1.jpg","contentUrl":"https:\/\/www.forbes.be\/fr\/wp-content\/uploads\/2024\/12\/127_005_Hawaiian_FounderStory_v02.00_02_20_05.Still023_websize-1024x576-1.jpg","width":1024,"height":576,"caption":"Mattijs Hermans"},{"@type":"BreadcrumbList","@id":"https:\/\/www.forbes.be\/fr\/ceo-gestion-stress\/#breadcrumb","itemListElement":[{"@type":"ListItem","position":1,"name":"Accueil","item":"https:\/\/www.forbes.be\/fr\/"},{"@type":"ListItem","position":2,"name":"Voici comment ces trois CEO g\u00e8rent le stress"}]},{"@type":"WebSite","@id":"https:\/\/www.forbes.be\/fr\/#website","url":"https:\/\/www.forbes.be\/fr\/","name":"Forbes Belgique","description":"","publisher":{"@id":"https:\/\/www.forbes.be\/fr\/#organization"},"potentialAction":[{"@type":"SearchAction","target":{"@type":"EntryPoint","urlTemplate":"https:\/\/www.forbes.be\/fr\/?s={search_term_string}"},"query-input":{"@type":"PropertyValueSpecification","valueRequired":true,"valueName":"search_term_string"}}],"inLanguage":"fr-FR"},{"@type":"Organization","@id":"https:\/\/www.forbes.be\/fr\/#organization","name":"Forbes Belgique","url":"https:\/\/www.forbes.be\/fr\/","logo":{"@type":"ImageObject","inLanguage":"fr-FR","@id":"https:\/\/www.forbes.be\/fr\/#\/schema\/logo\/image\/","url":"https:\/\/www.forbes.be\/fr\/wp-content\/uploads\/2024\/02\/forbes.be_.png","contentUrl":"https:\/\/www.forbes.be\/fr\/wp-content\/uploads\/2024\/02\/forbes.be_.png","width":1200,"height":675,"caption":"Forbes Belgique"},"image":{"@id":"https:\/\/www.forbes.be\/fr\/#\/schema\/logo\/image\/"},"sameAs":["https:\/\/www.facebook.com\/forbesbelgique\/","https:\/\/www.instagram.com\/Forbes_Belgium","https:\/\/www.linkedin.com\/company\/forbes-belgium\/"]},{"@type":"Person","@id":"https:\/\/www.forbes.be\/fr\/#\/schema\/person\/7d78f899f595d5e9c1eb19ffe4d36b83","name":"Daphne Dorgelo","image":{"@type":"ImageObject","inLanguage":"fr-FR","@id":"https:\/\/www.forbes.be\/fr\/wp-content\/uploads\/2024\/01\/4B1A6779-2-scaled-e1704882544546-150x150.jpg","url":"https:\/\/www.forbes.be\/fr\/wp-content\/uploads\/2024\/01\/4B1A6779-2-scaled-e1704882544546-150x150.jpg","contentUrl":"https:\/\/www.forbes.be\/fr\/wp-content\/uploads\/2024\/01\/4B1A6779-2-scaled-e1704882544546-150x150.jpg","caption":"Daphne Dorgelo"},"description":"Daphne Dorgelo (1996) travaille chaque semaine pour Forbes, o\u00f9 elle r\u00e9dige des articles sur le style de vie luxueux, le leadership, l'innovation, les tendances et, bien s\u00fbr, les entrepreneurs belges inspirants. Sa passion pour le journalisme et les m\u00e9dias s'est manifest\u00e9e d\u00e8s son plus jeune \u00e2ge. Apr\u00e8s avoir obtenu une licence en information aux Pays-Bas, elle s'est install\u00e9e dans la ville belge du diamant il y a six ans, apr\u00e8s avoir obtenu un master en journalisme \u00e0 la KU Leuven d'Anvers. Cela fait maintenant huit ans qu'elle \u00e9crit en tant que pigiste pour divers magazines, dont quatre ans pour des magazines de style de vie belges tels que L'OFFICIEL, Fifty &amp; Me et ELLE.","url":"https:\/\/www.forbes.be\/fr\/author\/daphne-dorgelolofficiel-be\/"}]}},"_links":{"self":[{"href":"https:\/\/www.forbes.be\/fr\/wp-json\/wp\/v2\/posts\/7042","targetHints":{"allow":["GET"]}}],"collection":[{"href":"https:\/\/www.forbes.be\/fr\/wp-json\/wp\/v2\/posts"}],"about":[{"href":"https:\/\/www.forbes.be\/fr\/wp-json\/wp\/v2\/types\/post"}],"author":[{"embeddable":true,"href":"https:\/\/www.forbes.be\/fr\/wp-json\/wp\/v2\/users\/13"}],"replies":[{"embeddable":true,"href":"https:\/\/www.forbes.be\/fr\/wp-json\/wp\/v2\/comments?post=7042"}],"version-history":[{"count":6,"href":"https:\/\/www.forbes.be\/fr\/wp-json\/wp\/v2\/posts\/7042\/revisions"}],"predecessor-version":[{"id":8125,"href":"https:\/\/www.forbes.be\/fr\/wp-json\/wp\/v2\/posts\/7042\/revisions\/8125"}],"wp:featuredmedia":[{"embeddable":true,"href":"https:\/\/www.forbes.be\/fr\/wp-json\/wp\/v2\/media\/7047"}],"wp:attachment":[{"href":"https:\/\/www.forbes.be\/fr\/wp-json\/wp\/v2\/media?parent=7042"}],"wp:term":[{"taxonomy":"category","embeddable":true,"href":"https:\/\/www.forbes.be\/fr\/wp-json\/wp\/v2\/categories?post=7042"},{"taxonomy":"post_tag","embeddable":true,"href":"https:\/\/www.forbes.be\/fr\/wp-json\/wp\/v2\/tags?post=7042"}],"curies":[{"name":"wp","href":"https:\/\/api.w.org\/{rel}","templated":true}]}}