{"id":7054,"date":"2024-12-10T12:10:37","date_gmt":"2024-12-10T11:10:37","guid":{"rendered":"https:\/\/www.forbes.be\/fr\/?p=7054"},"modified":"2024-12-11T09:40:49","modified_gmt":"2024-12-11T08:40:49","slug":"la-liquidation-de-la-holding-belge-de-lex-groupe-wilink-fait-des-degats-a-tous-les-etages","status":"publish","type":"post","link":"https:\/\/www.forbes.be\/fr\/la-liquidation-de-la-holding-belge-de-lex-groupe-wilink-fait-des-degats-a-tous-les-etages\/","title":{"rendered":"D\u00e9g\u00e2ts \u00e0 tous les \u00e9tages suite \u00e0 la liquidation de la holding belge de l&rsquo;ex-groupe Wilink"},"content":{"rendered":"<div><strong>La faillite de la fa\u00eeti\u00e8re de l\u2019ex-groupe Wilink, dont le si\u00e8ge belge se trouve en Brabant wallon, a rapidement produit ses effets en cascade. Quasi tous les associ\u00e9s-actionnaires historiques ont tout perdu. S\u2019estimant largu\u00e9s en plein vol, ils montrent du doigt deux des pilotes.<\/strong><\/div>\n<div><\/div>\n<div>Des dizaines de millions d\u2019euros dans la nature, une vingtaine d\u2019associ\u00e9s plum\u00e9s, de nombreux clients concern\u00e9s par l&rsquo;achat de produits hybrides (obligations-actions), plusieurs millions d\u2019argent public envol\u00e9s&#8230; Au lendemain de la <a href=\"https:\/\/www.forbes.be\/fr\/faisceau-de-turbulences-autour-du-groupe-wilink\/\">faillite d\u2019Altro Finance&amp;Insurance (AFI Lux)<\/a>, la mise en liquidation volontaire de sa cons\u0153ur AFI Belgium, install\u00e9e le long du boulevard Roi Baudouin \u00e0 Louvain-la-Neuve, risque de faire d\u2019\u00e9normes d\u00e9g\u00e2ts collat\u00e9raux dans le secteur de l\u2019assurance et du courtage belge. Celle-ci chapeaute les filiales belges li\u00e9es \u00e0 une marque qui s&rsquo;est rapidement fait connaitre chez nous dans les domaines du courtage immobilier, de la finance patrimoniale et de l&rsquo;assurance: <strong><a href=\"https:\/\/www.wilink.be\/fr\">Wilink<\/a><\/strong>, <strong>rebaptis\u00e9e AFI Belgium fin 2020<\/strong>. C\u2019est l\u2019avocat li\u00e9geois Pierre Thiry qui vient d\u2019\u00eatre d\u00e9sign\u00e9 comme liquidateur et doit trier les morceaux dans un montage de soci\u00e9t\u00e9s cross-border tout sauf simple.<\/div>\n<div><\/div>\n<div>Pour rappel, d\u00e8s 2020, <strong>le groupe fran\u00e7ais LFPI<\/strong> (La Financi\u00e8re Patrimoniale d\u2019Investissement), fond\u00e9 par des anciens de la <strong>banque Lazard<\/strong>, a <a href=\"https:\/\/www.wilink.be\/fr\/les-nouvelles\/wilink-et-lfpi-unissent-leurs-forces\">rachet\u00e9 la branche Assurance de Wilink<\/a> et l\u2019a recapitalis\u00e9e r\u00e9cemment. Mais AFI Belgium d\u00e9tenait encore, avant sa liquidation volontaire, 40% de Wilink Insurance. Que va-t-il advenir de cette participation ? Le CEO actuel, <strong>Dorsan van Hecke<\/strong>, <a href=\"https:\/\/trends.levif.be\/entreprises\/wilink-insurance-nest-pas-en-faillite\/\">se dit confiant et indique m\u00eame que deux soci\u00e9t\u00e9s financi\u00e8res ont r\u00e9cemment rejoint le groupe<\/a> depuis l\u2019arriv\u00e9e de LFPI comme nouvel actionnaire majoritaire. Il s\u2019agit de l\u2019assureur wallon <a href=\"https:\/\/www.wilink.be\/fr\/les-nouvelles\/wilink-reprend-les-activites-dalliance-bokiau\"><strong>Alliance Bokiau<\/strong><\/a> et du <strong>Bruxellois Real Life<\/strong>.<\/div>\n<div><\/div>\n<div><img loading=\"lazy\" decoding=\"async\" class=\"alignnone size-full wp-image-7058\" src=\"https:\/\/www.forbes.be\/fr\/wp-content\/uploads\/2024\/12\/Capture-decran-2024-12-09-a-16.37.01.png\" alt=\"\" width=\"1412\" height=\"754\" srcset=\"https:\/\/www.forbes.be\/fr\/wp-content\/uploads\/2024\/12\/Capture-decran-2024-12-09-a-16.37.01.png 1412w, https:\/\/www.forbes.be\/fr\/wp-content\/uploads\/2024\/12\/Capture-decran-2024-12-09-a-16.37.01-300x160.png 300w, https:\/\/www.forbes.be\/fr\/wp-content\/uploads\/2024\/12\/Capture-decran-2024-12-09-a-16.37.01-1024x547.png 1024w, https:\/\/www.forbes.be\/fr\/wp-content\/uploads\/2024\/12\/Capture-decran-2024-12-09-a-16.37.01-768x410.png 768w, https:\/\/www.forbes.be\/fr\/wp-content\/uploads\/2024\/12\/Capture-decran-2024-12-09-a-16.37.01-696x372.png 696w, https:\/\/www.forbes.be\/fr\/wp-content\/uploads\/2024\/12\/Capture-decran-2024-12-09-a-16.37.01-1068x570.png 1068w, https:\/\/www.forbes.be\/fr\/wp-content\/uploads\/2024\/12\/Capture-decran-2024-12-09-a-16.37.01-600x320.png 600w\" sizes=\"auto, (max-width: 1412px) 100vw, 1412px\" \/><\/div>\n<div>\n<h3 style=\"font-weight: 400;\"><strong>Ruin\u00e9s voire davantage<\/strong><\/h3>\n<p>Sur le versant humain, l\u2019onde de choc de cet effet domino ne s\u2019est pas fait attendre: la grosse vingtaine d\u2019associ\u00e9s historiques qui avaient particip\u00e9 en 2014 \u00e0 la dilution de l\u2019ancien groupe <a href=\"https:\/\/www.wawamagazine.com\/FInB-Wavre-Lasne-et-Waterloo-Finance-insurance-brokers_a79.html\"><strong>FINB<\/strong><\/a> pour en faire rena\u00eetre le ph\u00e9nix Wilink se retrouvent aujourd\u2019hui enti\u00e8rement plum\u00e9s. Les pertes qu\u2019ils cumulent \u00e0 eux seuls d\u00e9passent la barre des <strong>10 millions d\u2019euros<\/strong>, certains ayant perdu plus d\u2019un million \u00e0 titre personnel dans l\u2019aventure. Il y a 5 ans, le capital investi par les clients particuliers (planification financi\u00e8re) via le r\u00e9seau avoisinait d\u00e9j\u00e0 <strong>environ 300 millions d&rsquo;euros sur base annuelle. <\/strong>Et rien que les commissions r\u00e9currentes vers\u00e9es par AXA Banque repr\u00e9sentaient \u00e0 elles seules quelque 2 millions d&rsquo;euros (banque\/placements\/cr\u00e9dits) pour le groupe.<\/p>\n<\/div>\n<div><\/div>\n<div>Les gorges serr\u00e9es de celles et ceux qui s\u2019estiment dup\u00e9s commencent donc \u00e0 se d\u00e9lier. La mort dans l\u2019\u00e2me mais le couteau entre les dents, certains associ\u00e9s toujours actifs aujourd\u2019hui dans un des m\u00e9tiers de ce qui reste du groupe autrefois flamboyant n\u2019h\u00e9sitent plus \u00e0 pointer du doigt deux de leurs anciens coll\u00e8gues et patrons au motif qu\u2019ils s\u2019en seraient \u00e9trangement sortis \u00e0 temps sans perdre des plumes et sans pr\u00e9venir. Plusieurs d\u2019entre eux confient d\u2019ailleurs ne plus adresser la parole depuis des mois aux deux \u201cJudas\u201d (sic) \u00e0 la man\u0153uvre; ils \u00e9voquent ouvertement l\u2019abus de confiance voire le d\u00e9lit d\u2019initi\u00e9s dans le chef de leur ancien patron, partenaire de r\u00e9f\u00e9rence ou ex-ami.<\/div>\n<div><\/div>\n<div>Un d\u2019entre eux, plus t\u00eate br\u00fbl\u00e9e que les autres, se lance&#8230; <em>\u201cJ\u2019appelle un chat un chat: <strong><a href=\"https:\/\/www.cumuleo.be\/mandataire\/6431-christophe-dister.php\">Christophe Dister<\/a> <\/strong>et <strong><a href=\"https:\/\/www.wilink.be\/fr\/les-nouvelles\/wilink-numero-1-des-gazelles-grandes-entreprises-du-brabant-wallon-du-trends\">Dominique Dejean<\/a><\/strong> nous ont tous convaincus durant l\u2019\u00e9t\u00e9 2017 d\u2019\u00e9changer nos actions Wilink Belgium, soci\u00e9t\u00e9 pour laquelle je travaille depuis plus de 20 ans et que nous avions rendue tr\u00e8s profitable, contre des actions de la holding luxembourgeoise AFI Lux. Pilot\u00e9e par Dominique Dejean, cette holding qui ne d\u00e9gageait pas de recettes propres est aujourd\u2019hui faillie. Je comptais plus que tout, comme mes associ\u00e9s, sur les plus-values promises \u2013et m\u00e9rit\u00e9e\u2013 depuis des d\u00e9cennies. Et nous avons \u00e9t\u00e9 bern\u00e9s: mes avocats me disent que j\u2019ai tout perdu, tout comme plusieurs amis et partenaires\u201d<\/em>.<\/div>\n<div><\/div>\n<div>Il poursuit, apr\u00e8s un moment d\u2019h\u00e9sitation: <em>\u201cPlusieurs coll\u00e8gues avaient des cr\u00e9dits sur ces parts avec en garantie leur maison d\u2019habitation, certains ont m\u00eame tent\u00e9 r\u00e9cemment de mettre fin \u00e0 leurs jours. Je suis \u00e0 la fois \u00e9c\u0153ur\u00e9 et particuli\u00e8rement \u00e9tonn\u00e9 que, contrairement \u00e0 tous les autres \u2013y compris sa s\u0153ur Axelle-, Christophe Dister ait encore pu vendre discr\u00e8tement des milliers d\u2019actions pour un montant de 149 euros par action entre 2019 et 2022 via la soci\u00e9t\u00e9 Luxoza et qu\u2019il ait ainsi pu quitter le navire en douce juste avant qu\u2019il coule. C\u2019est ce que j\u2019ai fait savoir \u00e0 Ma\u00eetre <a href=\"https:\/\/hw-avocats.lu\">Christian Hansen<\/a>, le curateur d\u00e9sign\u00e9 dans le dossier luxembourgeois, sans grand espoir de r\u00e9cup\u00e9rer quoi que ce soit\u201d<\/em>.<\/div>\n<h3><strong><i>\u00ab\u00a0Tous arnaqu\u00e9s\u00a0\u00bb<\/i><\/strong><\/h3>\n<div>Interrog\u00e9 au sujet de ces all\u00e9gations, Christophe Dister se d\u00e9fend bec et ongles et nie en bloc : <em>\u201cC\u2019est totalement faux! J\u2019ai quitt\u00e9 Wilink il y a cinq ans lorsque le groupe se portait encore bien. Et aujourd\u2019hui, je suis l\u00e9s\u00e9 comme les autres: j\u2019ai perdu dans l\u2019aventure davantage d\u2019argent que celles et ceux qui m\u2019attaquent, m\u00eame si j\u2019ai pu revendre environ la moiti\u00e9 de mes actions pour un montant avoisinant le million d\u2019euros. Nous nous sommes tous fait arnaquer par Dominique Dejean. Quinze jours apr\u00e8s qu\u2019on a fusionn\u00e9 les trois soci\u00e9t\u00e9s fondatrices de Wilink en 2014, les comptes de FINB \u00e9taient vid\u00e9s par ce dernier.\u201d<\/em><\/div>\n<div><\/div>\n<div>Il poursuit: <em>\u201dEn mars 2019, je me suis retrouv\u00e9 esseul\u00e9 entre un conseil d\u2019administration qui ne voulait pas d\u2019un homme politique et mes co-actionnaires et associ\u00e9s historiques qui me trouvaient trop proche de l\u2019administrateur d\u00e9l\u00e9gu\u00e9 d\u2019alors pour me faire confiance. Ces derniers n\u2019ont fait que des mauvais choix et n\u2019en seraient pas l\u00e0 s\u2019ils m\u2019avaient gard\u00e9 avec eux. Une chose encore: je n\u2019ai \u00e9t\u00e9 administrateur d\u00e9l\u00e9gu\u00e9 que de Wilink Insurance et jamais de la holding belge ou luxembourgeoise. Et quand je suis parti en mars 2019, j\u2019\u00e9tais au bord de la d\u00e9pression nerveuse: moi aussi j\u2019avais tout perdu et je ne savais pas ce que j\u2019allais faire\u2026<\/em>\u201d, insiste Christophe Dister, dont la soci\u00e9t\u00e9 <strong>CDS Patrimonium<\/strong> disposait encore de 338.037 actions AFI Belgium au moment de la mise en liquidation de cette derni\u00e8re fin octobre.<\/div>\n<div>\n<h3 style=\"font-weight: 400;\"><strong>Quadrum, la quadrature du cercle peu vertueux<\/strong><\/h3>\n<\/div>\n<div>Un troisi\u00e8me associ\u00e9 plum\u00e9 \u00e9voque le r\u00f4le pour le moins \u00e9trange jou\u00e9 par Dominique Dejean dans une autre histoire de holding luxembourgeoise: <a href=\"https:\/\/viadeo.journaldunet.com\/p\/david-richard-bouchat-1137228\"><strong>Quadrum SA<\/strong><\/a>, aujourd\u2019hui elle aussi en liquidation judiciaire. Celle-ci serait li\u00e9e de pr\u00e8s \u00e0 <a href=\"https:\/\/www.lavenir.net\/regions\/brabantwallon\/wavre\/2024\/10\/16\/wavre-la-faillite-de-creons-ensemble-1-srl-est-maintenue-QCMMVLKOZNCGJDPSHPAXHXB2LA\/#:~:text=C'est%20la%20faillite.&amp;text=Le%209%20juillet%20dernier%2C%20la,en%20r\u00e9organisation%20judiciaire)%20en%202023.\">Vauban Invest<\/a>, une soci\u00e9t\u00e9 coop\u00e9rative immobili\u00e8re wavrienne aujourd&rsquo;hui faillie dont les cr\u00e9anciers ont eux aussi \u00e9t\u00e9 \u00e9conduits.<\/div>\n<div><\/div>\n<div>Des centaines de clients de Wilink auraient \u00e9galement investi dans des produits financiers du fonds d&rsquo;investissement priv\u00e9 <a href=\"https:\/\/viadeo.journaldunet.com\/p\/david-richard-bouchat-1137228\">Quadrum Sicav SIF SCA<\/a>. En novembre 2019, Dominique Dejean, fort de ces apports, serait m\u00eame devenu actionnaire majoritaire de la holding Quadrum au moyen d\u2019un investissement conditionn\u00e9 de 10 millions d\u2019euros dans le fonds pr\u00e9cit\u00e9, financ\u00e9 via Wilink&#8230; mais jamais honor\u00e9: en f\u00e9vrier 2021, le nouvel actionnaire majoritaire supput\u00e9 d\u00e9cidait finalement de se retirer en \u00e9voquant un probl\u00e8me de confiance. De son c\u00f4t\u00e9, le conseil d\u2019administration de Quadrum, tenu au lendemain de ce retrait inopin\u00e9, stipule en toutes lettres que les conditions impos\u00e9es par Dominique Dejean \u00e0 grands frais \u201cont \u00e9t\u00e9 abusives d\u00e8s lors que ce dernier n\u2019a pas apport\u00e9 ou fait apporter les liquidit\u00e9s promises, mettant au passage en p\u00e9ril la sant\u00e9 financi\u00e8re du fonds\u201d.<\/div>\n<div><\/div>\n<div>Contact\u00e9 \u00e0 plusieurs reprises, Dominique Dejean reste pour l\u2019instant aux abonn\u00e9s absents.<\/div>\n<div><\/div>\n<div>\n<figure id=\"attachment_7061\" aria-describedby=\"caption-attachment-7061\" style=\"width: 2998px\" class=\"wp-caption alignnone\"><img loading=\"lazy\" decoding=\"async\" class=\"size-full wp-image-7061\" src=\"https:\/\/www.forbes.be\/fr\/wp-content\/uploads\/2024\/12\/Capture-decran-2024-12-09-a-13.32.55.png\" alt=\"\" width=\"2998\" height=\"1800\" srcset=\"https:\/\/www.forbes.be\/fr\/wp-content\/uploads\/2024\/12\/Capture-decran-2024-12-09-a-13.32.55.png 2560w, https:\/\/www.forbes.be\/fr\/wp-content\/uploads\/2024\/12\/Capture-decran-2024-12-09-a-13.32.55-300x180.png 300w, https:\/\/www.forbes.be\/fr\/wp-content\/uploads\/2024\/12\/Capture-decran-2024-12-09-a-13.32.55-1024x615.png 1024w, https:\/\/www.forbes.be\/fr\/wp-content\/uploads\/2024\/12\/Capture-decran-2024-12-09-a-13.32.55-768x461.png 768w, https:\/\/www.forbes.be\/fr\/wp-content\/uploads\/2024\/12\/Capture-decran-2024-12-09-a-13.32.55-1536x922.png 1536w, https:\/\/www.forbes.be\/fr\/wp-content\/uploads\/2024\/12\/Capture-decran-2024-12-09-a-13.32.55-2048x1230.png 2048w, https:\/\/www.forbes.be\/fr\/wp-content\/uploads\/2024\/12\/Capture-decran-2024-12-09-a-13.32.55-696x418.png 696w, https:\/\/www.forbes.be\/fr\/wp-content\/uploads\/2024\/12\/Capture-decran-2024-12-09-a-13.32.55-1068x641.png 1068w, https:\/\/www.forbes.be\/fr\/wp-content\/uploads\/2024\/12\/Capture-decran-2024-12-09-a-13.32.55-1920x1153.png 1920w, https:\/\/www.forbes.be\/fr\/wp-content\/uploads\/2024\/12\/Capture-decran-2024-12-09-a-13.32.55-600x360.png 600w\" sizes=\"auto, (max-width: 2998px) 100vw, 2998px\" \/><figcaption id=\"caption-attachment-7061\" class=\"wp-caption-text\">Jusqu&rsquo;\u00e0 la veille de sa liquidation volontaire, le si\u00e8ge social de Wilink puis d&rsquo;AFI Belgium se trouvait sur les hauteurs de Louvain-la-Neuve. Il a r\u00e9cemment \u00e9t\u00e9 transf\u00e9r\u00e9 chez Cavenaile Avocats, rue du Haut Pr\u00e9 \u00e0 Li\u00e8ge.<\/figcaption><\/figure>\n<\/div>\n<h3><strong>Et la SRIW?<\/strong><\/h3>\n<div>D\u00e8s 2016, Wilink, alors premier wallon dans le secteur du courtage d\u2019assurances et au pied du podium national, a pu compter sur un <a href=\"https:\/\/www.wallonie-entreprendre.be\/fr\/financements\/pret\/pret-complementaire-au-pret-bancaire\/\">pr\u00eat subordonn\u00e9<\/a> de la <strong>SRIW <\/strong>(aujourd\u2019hui<strong> Wallonie Entreprendre<\/strong>). On parle ici d&rsquo;une promesse de versement d\u2019argent public tout sauf anodine, lourde de <strong>pr\u00e8s de 10 millions d\u2019euros sur 8 ans<\/strong>, dont Wilink (puis AFI Belgium) a pu rembourser \u00e0 peine le dixi\u00e8me. Wallonie Entreprendre a d&rsquo;ailleurs rapidement diligent\u00e9 une saisie conservatoire sur l&rsquo;ensemble des participations encore d\u00e9tenues par AFI Belgium et figurant \u00e0 l&rsquo;actif de son bilan. Mais vu la liquidation en cours, le remboursement de la totalit\u00e9 du pr\u00eat est sans doute illusoire.<\/div>\n<h3><strong>Et la FSMA?<\/strong><\/h3>\n<div>Pour ce troisi\u00e8me associ\u00e9 l\u00e9s\u00e9, qui n\u2019h\u00e9site pas \u00e0 parler de \u201csyst\u00e8me \u00e0 la Ponzi ou \u00e0 la Madoff\u201d, cela fait beaucoup de mouvements financiers \u00e0 sens unique et pour le moins flous depuis la Belgique vers le Luxembourg juste avant deux aveux de faillite li\u00e9s de pr\u00e8s \u00e0 la m\u00eame personne. <em>\u201cLe moins que nous esp\u00e9rons, c\u2019est que les autorit\u00e9s de contr\u00f4le des deux pays, bizarrement passives jusqu\u2019ici, tirent cet imbroglio au clair sans plus attendre et que nous sachions rapidement \u00e0 qui a profit\u00e9 le crime\u201d<\/em>, conclut-il.<\/div>\n","protected":false},"excerpt":{"rendered":"<p>La faillite de la fa\u00eeti\u00e8re de l\u2019ex-groupe Wilink, dont le si\u00e8ge belge se trouve en Brabant wallon, a rapidement produit ses effets en cascade. Quasi tous les associ\u00e9s-actionnaires historiques ont tout perdu. S\u2019estimant largu\u00e9s en plein vol, ils montrent du doigt deux des pilotes. Des dizaines de millions d\u2019euros dans la nature, une vingtaine d\u2019associ\u00e9s [&hellip;]<\/p>\n","protected":false},"author":15,"featured_media":7056,"comment_status":"closed","ping_status":"closed","sticky":true,"template":"","format":"standard","meta":{"_acf_changed":false,"inline_featured_image":false,"footnotes":""},"categories":[1],"tags":[],"class_list":{"0":"post-7054","1":"post","2":"type-post","3":"status-publish","4":"format-standard","5":"has-post-thumbnail","7":"category-actualite"},"acf":[],"_yoast_wpseo_title":null,"_yoast_wpseo_metadesc":null,"auteur_traducteur":"","yoast_head":"<!-- This site is optimized with the Yoast SEO plugin v27.4 - https:\/\/yoast.com\/product\/yoast-seo-wordpress\/ -->\n<title>D\u00e9g\u00e2ts \u00e0 tous les \u00e9tages suite \u00e0 la liquidation de la holding belge de l&#039;ex-groupe Wilink | Forbes Belgique<\/title>\n<meta name=\"robots\" content=\"index, follow, max-snippet:-1, max-image-preview:large, max-video-preview:-1\" \/>\n<link rel=\"canonical\" href=\"https:\/\/www.forbes.be\/fr\/la-liquidation-de-la-holding-belge-de-lex-groupe-wilink-fait-des-degats-a-tous-les-etages\/\" \/>\n<meta property=\"og:locale\" content=\"fr_FR\" \/>\n<meta property=\"og:type\" content=\"article\" \/>\n<meta property=\"og:title\" content=\"D\u00e9g\u00e2ts \u00e0 tous les \u00e9tages suite \u00e0 la liquidation de la holding belge de l&#039;ex-groupe Wilink | Forbes Belgique\" \/>\n<meta property=\"og:description\" content=\"La faillite de la fa\u00eeti\u00e8re de l\u2019ex-groupe Wilink, dont le si\u00e8ge belge se trouve en Brabant wallon, a rapidement produit ses effets en cascade. Quasi tous les associ\u00e9s-actionnaires historiques ont tout perdu. S\u2019estimant largu\u00e9s en plein vol, ils montrent du doigt deux des pilotes. Des dizaines de millions d\u2019euros dans la nature, une vingtaine d\u2019associ\u00e9s [&hellip;]\" \/>\n<meta property=\"og:url\" content=\"https:\/\/www.forbes.be\/fr\/la-liquidation-de-la-holding-belge-de-lex-groupe-wilink-fait-des-degats-a-tous-les-etages\/\" \/>\n<meta property=\"og:site_name\" content=\"Forbes Belgique\" \/>\n<meta property=\"article:publisher\" content=\"https:\/\/www.facebook.com\/forbesbelgique\/\" \/>\n<meta property=\"article:published_time\" content=\"2024-12-10T11:10:37+00:00\" \/>\n<meta property=\"article:modified_time\" content=\"2024-12-11T08:40:49+00:00\" \/>\n<meta property=\"og:image\" content=\"https:\/\/www.forbes.be\/fr\/wp-content\/uploads\/2024\/12\/Wilink_Luik.2-e1733906437191.jpeg\" \/>\n\t<meta property=\"og:image:width\" content=\"640\" \/>\n\t<meta property=\"og:image:height\" content=\"335\" \/>\n\t<meta property=\"og:image:type\" content=\"image\/jpeg\" \/>\n<meta name=\"author\" content=\"Philippe Coul\u00e9e\" \/>\n<meta name=\"twitter:card\" content=\"summary_large_image\" \/>\n<meta name=\"twitter:label1\" content=\"\u00c9crit par\" \/>\n\t<meta name=\"twitter:data1\" content=\"Philippe Coul\u00e9e\" \/>\n\t<meta name=\"twitter:label2\" content=\"Dur\u00e9e de lecture estim\u00e9e\" \/>\n\t<meta name=\"twitter:data2\" content=\"8 minutes\" \/>\n<script type=\"application\/ld+json\" class=\"yoast-schema-graph\">{\"@context\":\"https:\\\/\\\/schema.org\",\"@graph\":[{\"@type\":\"NewsArticle\",\"@id\":\"https:\\\/\\\/www.forbes.be\\\/fr\\\/la-liquidation-de-la-holding-belge-de-lex-groupe-wilink-fait-des-degats-a-tous-les-etages\\\/#article\",\"isPartOf\":{\"@id\":\"https:\\\/\\\/www.forbes.be\\\/fr\\\/la-liquidation-de-la-holding-belge-de-lex-groupe-wilink-fait-des-degats-a-tous-les-etages\\\/\"},\"author\":{\"name\":\"Philippe Coul\u00e9e\",\"@id\":\"https:\\\/\\\/www.forbes.be\\\/fr\\\/#\\\/schema\\\/person\\\/22bfc3335e560f4084ef5af17ecdad87\"},\"headline\":\"D\u00e9g\u00e2ts \u00e0 tous les \u00e9tages suite \u00e0 la liquidation de la holding belge de l&rsquo;ex-groupe Wilink\",\"datePublished\":\"2024-12-10T11:10:37+00:00\",\"dateModified\":\"2024-12-11T08:40:49+00:00\",\"mainEntityOfPage\":{\"@id\":\"https:\\\/\\\/www.forbes.be\\\/fr\\\/la-liquidation-de-la-holding-belge-de-lex-groupe-wilink-fait-des-degats-a-tous-les-etages\\\/\"},\"wordCount\":1615,\"publisher\":{\"@id\":\"https:\\\/\\\/www.forbes.be\\\/fr\\\/#organization\"},\"image\":{\"@id\":\"https:\\\/\\\/www.forbes.be\\\/fr\\\/la-liquidation-de-la-holding-belge-de-lex-groupe-wilink-fait-des-degats-a-tous-les-etages\\\/#primaryimage\"},\"thumbnailUrl\":\"https:\\\/\\\/www.forbes.be\\\/fr\\\/wp-content\\\/uploads\\\/2024\\\/12\\\/Wilink_Luik.2-e1733906437191.jpeg\",\"articleSection\":[\"Actualit\u00e9s\"],\"inLanguage\":\"fr-FR\"},{\"@type\":\"WebPage\",\"@id\":\"https:\\\/\\\/www.forbes.be\\\/fr\\\/la-liquidation-de-la-holding-belge-de-lex-groupe-wilink-fait-des-degats-a-tous-les-etages\\\/\",\"url\":\"https:\\\/\\\/www.forbes.be\\\/fr\\\/la-liquidation-de-la-holding-belge-de-lex-groupe-wilink-fait-des-degats-a-tous-les-etages\\\/\",\"name\":\"D\u00e9g\u00e2ts \u00e0 tous les \u00e9tages suite \u00e0 la liquidation de la holding belge de l'ex-groupe Wilink | Forbes Belgique\",\"isPartOf\":{\"@id\":\"https:\\\/\\\/www.forbes.be\\\/fr\\\/#website\"},\"primaryImageOfPage\":{\"@id\":\"https:\\\/\\\/www.forbes.be\\\/fr\\\/la-liquidation-de-la-holding-belge-de-lex-groupe-wilink-fait-des-degats-a-tous-les-etages\\\/#primaryimage\"},\"image\":{\"@id\":\"https:\\\/\\\/www.forbes.be\\\/fr\\\/la-liquidation-de-la-holding-belge-de-lex-groupe-wilink-fait-des-degats-a-tous-les-etages\\\/#primaryimage\"},\"thumbnailUrl\":\"https:\\\/\\\/www.forbes.be\\\/fr\\\/wp-content\\\/uploads\\\/2024\\\/12\\\/Wilink_Luik.2-e1733906437191.jpeg\",\"datePublished\":\"2024-12-10T11:10:37+00:00\",\"dateModified\":\"2024-12-11T08:40:49+00:00\",\"breadcrumb\":{\"@id\":\"https:\\\/\\\/www.forbes.be\\\/fr\\\/la-liquidation-de-la-holding-belge-de-lex-groupe-wilink-fait-des-degats-a-tous-les-etages\\\/#breadcrumb\"},\"inLanguage\":\"fr-FR\",\"potentialAction\":[{\"@type\":\"ReadAction\",\"target\":[\"https:\\\/\\\/www.forbes.be\\\/fr\\\/la-liquidation-de-la-holding-belge-de-lex-groupe-wilink-fait-des-degats-a-tous-les-etages\\\/\"]}]},{\"@type\":\"ImageObject\",\"inLanguage\":\"fr-FR\",\"@id\":\"https:\\\/\\\/www.forbes.be\\\/fr\\\/la-liquidation-de-la-holding-belge-de-lex-groupe-wilink-fait-des-degats-a-tous-les-etages\\\/#primaryimage\",\"url\":\"https:\\\/\\\/www.forbes.be\\\/fr\\\/wp-content\\\/uploads\\\/2024\\\/12\\\/Wilink_Luik.2-e1733906437191.jpeg\",\"contentUrl\":\"https:\\\/\\\/www.forbes.be\\\/fr\\\/wp-content\\\/uploads\\\/2024\\\/12\\\/Wilink_Luik.2-e1733906437191.jpeg\",\"width\":640,\"height\":335,\"caption\":\"Une agence Wilink li\u00e9geoise.\"},{\"@type\":\"BreadcrumbList\",\"@id\":\"https:\\\/\\\/www.forbes.be\\\/fr\\\/la-liquidation-de-la-holding-belge-de-lex-groupe-wilink-fait-des-degats-a-tous-les-etages\\\/#breadcrumb\",\"itemListElement\":[{\"@type\":\"ListItem\",\"position\":1,\"name\":\"Accueil\",\"item\":\"https:\\\/\\\/www.forbes.be\\\/fr\\\/\"},{\"@type\":\"ListItem\",\"position\":2,\"name\":\"D\u00e9g\u00e2ts \u00e0 tous les \u00e9tages suite \u00e0 la liquidation de la holding belge de l&rsquo;ex-groupe Wilink\"}]},{\"@type\":\"WebSite\",\"@id\":\"https:\\\/\\\/www.forbes.be\\\/fr\\\/#website\",\"url\":\"https:\\\/\\\/www.forbes.be\\\/fr\\\/\",\"name\":\"Forbes Belgique\",\"description\":\"\",\"publisher\":{\"@id\":\"https:\\\/\\\/www.forbes.be\\\/fr\\\/#organization\"},\"potentialAction\":[{\"@type\":\"SearchAction\",\"target\":{\"@type\":\"EntryPoint\",\"urlTemplate\":\"https:\\\/\\\/www.forbes.be\\\/fr\\\/?s={search_term_string}\"},\"query-input\":{\"@type\":\"PropertyValueSpecification\",\"valueRequired\":true,\"valueName\":\"search_term_string\"}}],\"inLanguage\":\"fr-FR\"},{\"@type\":\"Organization\",\"@id\":\"https:\\\/\\\/www.forbes.be\\\/fr\\\/#organization\",\"name\":\"Forbes Belgique\",\"url\":\"https:\\\/\\\/www.forbes.be\\\/fr\\\/\",\"logo\":{\"@type\":\"ImageObject\",\"inLanguage\":\"fr-FR\",\"@id\":\"https:\\\/\\\/www.forbes.be\\\/fr\\\/#\\\/schema\\\/logo\\\/image\\\/\",\"url\":\"https:\\\/\\\/www.forbes.be\\\/fr\\\/wp-content\\\/uploads\\\/2024\\\/02\\\/forbes.be_.png\",\"contentUrl\":\"https:\\\/\\\/www.forbes.be\\\/fr\\\/wp-content\\\/uploads\\\/2024\\\/02\\\/forbes.be_.png\",\"width\":1200,\"height\":675,\"caption\":\"Forbes Belgique\"},\"image\":{\"@id\":\"https:\\\/\\\/www.forbes.be\\\/fr\\\/#\\\/schema\\\/logo\\\/image\\\/\"},\"sameAs\":[\"https:\\\/\\\/www.facebook.com\\\/forbesbelgique\\\/\",\"https:\\\/\\\/www.instagram.com\\\/Forbes_Belgium\",\"https:\\\/\\\/www.linkedin.com\\\/company\\\/forbes-belgium\\\/\"]},{\"@type\":\"Person\",\"@id\":\"https:\\\/\\\/www.forbes.be\\\/fr\\\/#\\\/schema\\\/person\\\/22bfc3335e560f4084ef5af17ecdad87\",\"name\":\"Philippe Coul\u00e9e\",\"image\":{\"@type\":\"ImageObject\",\"inLanguage\":\"fr-FR\",\"@id\":\"https:\\\/\\\/www.forbes.be\\\/fr\\\/wp-content\\\/uploads\\\/2024\\\/01\\\/unnamed-150x150.jpg\",\"url\":\"https:\\\/\\\/www.forbes.be\\\/fr\\\/wp-content\\\/uploads\\\/2024\\\/01\\\/unnamed-150x150.jpg\",\"contentUrl\":\"https:\\\/\\\/www.forbes.be\\\/fr\\\/wp-content\\\/uploads\\\/2024\\\/01\\\/unnamed-150x150.jpg\",\"caption\":\"Philippe Coul\u00e9e\"},\"url\":\"https:\\\/\\\/www.forbes.be\\\/fr\\\/author\\\/philippe-couleeicloud-com\\\/\"}]}<\/script>\n<!-- \/ Yoast SEO plugin. -->","yoast_head_json":{"title":"D\u00e9g\u00e2ts \u00e0 tous les \u00e9tages suite \u00e0 la liquidation de la holding belge de l'ex-groupe Wilink | Forbes Belgique","robots":{"index":"index","follow":"follow","max-snippet":"max-snippet:-1","max-image-preview":"max-image-preview:large","max-video-preview":"max-video-preview:-1"},"canonical":"https:\/\/www.forbes.be\/fr\/la-liquidation-de-la-holding-belge-de-lex-groupe-wilink-fait-des-degats-a-tous-les-etages\/","og_locale":"fr_FR","og_type":"article","og_title":"D\u00e9g\u00e2ts \u00e0 tous les \u00e9tages suite \u00e0 la liquidation de la holding belge de l'ex-groupe Wilink | Forbes Belgique","og_description":"La faillite de la fa\u00eeti\u00e8re de l\u2019ex-groupe Wilink, dont le si\u00e8ge belge se trouve en Brabant wallon, a rapidement produit ses effets en cascade. Quasi tous les associ\u00e9s-actionnaires historiques ont tout perdu. S\u2019estimant largu\u00e9s en plein vol, ils montrent du doigt deux des pilotes. Des dizaines de millions d\u2019euros dans la nature, une vingtaine d\u2019associ\u00e9s [&hellip;]","og_url":"https:\/\/www.forbes.be\/fr\/la-liquidation-de-la-holding-belge-de-lex-groupe-wilink-fait-des-degats-a-tous-les-etages\/","og_site_name":"Forbes Belgique","article_publisher":"https:\/\/www.facebook.com\/forbesbelgique\/","article_published_time":"2024-12-10T11:10:37+00:00","article_modified_time":"2024-12-11T08:40:49+00:00","og_image":[{"width":640,"height":335,"url":"https:\/\/www.forbes.be\/fr\/wp-content\/uploads\/2024\/12\/Wilink_Luik.2-e1733906437191.jpeg","type":"image\/jpeg"}],"author":"Philippe Coul\u00e9e","twitter_card":"summary_large_image","twitter_misc":{"\u00c9crit par":"Philippe Coul\u00e9e","Dur\u00e9e de lecture estim\u00e9e":"8 minutes"},"schema":{"@context":"https:\/\/schema.org","@graph":[{"@type":"NewsArticle","@id":"https:\/\/www.forbes.be\/fr\/la-liquidation-de-la-holding-belge-de-lex-groupe-wilink-fait-des-degats-a-tous-les-etages\/#article","isPartOf":{"@id":"https:\/\/www.forbes.be\/fr\/la-liquidation-de-la-holding-belge-de-lex-groupe-wilink-fait-des-degats-a-tous-les-etages\/"},"author":{"name":"Philippe Coul\u00e9e","@id":"https:\/\/www.forbes.be\/fr\/#\/schema\/person\/22bfc3335e560f4084ef5af17ecdad87"},"headline":"D\u00e9g\u00e2ts \u00e0 tous les \u00e9tages suite \u00e0 la liquidation de la holding belge de l&rsquo;ex-groupe Wilink","datePublished":"2024-12-10T11:10:37+00:00","dateModified":"2024-12-11T08:40:49+00:00","mainEntityOfPage":{"@id":"https:\/\/www.forbes.be\/fr\/la-liquidation-de-la-holding-belge-de-lex-groupe-wilink-fait-des-degats-a-tous-les-etages\/"},"wordCount":1615,"publisher":{"@id":"https:\/\/www.forbes.be\/fr\/#organization"},"image":{"@id":"https:\/\/www.forbes.be\/fr\/la-liquidation-de-la-holding-belge-de-lex-groupe-wilink-fait-des-degats-a-tous-les-etages\/#primaryimage"},"thumbnailUrl":"https:\/\/www.forbes.be\/fr\/wp-content\/uploads\/2024\/12\/Wilink_Luik.2-e1733906437191.jpeg","articleSection":["Actualit\u00e9s"],"inLanguage":"fr-FR"},{"@type":"WebPage","@id":"https:\/\/www.forbes.be\/fr\/la-liquidation-de-la-holding-belge-de-lex-groupe-wilink-fait-des-degats-a-tous-les-etages\/","url":"https:\/\/www.forbes.be\/fr\/la-liquidation-de-la-holding-belge-de-lex-groupe-wilink-fait-des-degats-a-tous-les-etages\/","name":"D\u00e9g\u00e2ts \u00e0 tous les \u00e9tages suite \u00e0 la liquidation de la holding belge de l'ex-groupe Wilink | Forbes Belgique","isPartOf":{"@id":"https:\/\/www.forbes.be\/fr\/#website"},"primaryImageOfPage":{"@id":"https:\/\/www.forbes.be\/fr\/la-liquidation-de-la-holding-belge-de-lex-groupe-wilink-fait-des-degats-a-tous-les-etages\/#primaryimage"},"image":{"@id":"https:\/\/www.forbes.be\/fr\/la-liquidation-de-la-holding-belge-de-lex-groupe-wilink-fait-des-degats-a-tous-les-etages\/#primaryimage"},"thumbnailUrl":"https:\/\/www.forbes.be\/fr\/wp-content\/uploads\/2024\/12\/Wilink_Luik.2-e1733906437191.jpeg","datePublished":"2024-12-10T11:10:37+00:00","dateModified":"2024-12-11T08:40:49+00:00","breadcrumb":{"@id":"https:\/\/www.forbes.be\/fr\/la-liquidation-de-la-holding-belge-de-lex-groupe-wilink-fait-des-degats-a-tous-les-etages\/#breadcrumb"},"inLanguage":"fr-FR","potentialAction":[{"@type":"ReadAction","target":["https:\/\/www.forbes.be\/fr\/la-liquidation-de-la-holding-belge-de-lex-groupe-wilink-fait-des-degats-a-tous-les-etages\/"]}]},{"@type":"ImageObject","inLanguage":"fr-FR","@id":"https:\/\/www.forbes.be\/fr\/la-liquidation-de-la-holding-belge-de-lex-groupe-wilink-fait-des-degats-a-tous-les-etages\/#primaryimage","url":"https:\/\/www.forbes.be\/fr\/wp-content\/uploads\/2024\/12\/Wilink_Luik.2-e1733906437191.jpeg","contentUrl":"https:\/\/www.forbes.be\/fr\/wp-content\/uploads\/2024\/12\/Wilink_Luik.2-e1733906437191.jpeg","width":640,"height":335,"caption":"Une agence Wilink li\u00e9geoise."},{"@type":"BreadcrumbList","@id":"https:\/\/www.forbes.be\/fr\/la-liquidation-de-la-holding-belge-de-lex-groupe-wilink-fait-des-degats-a-tous-les-etages\/#breadcrumb","itemListElement":[{"@type":"ListItem","position":1,"name":"Accueil","item":"https:\/\/www.forbes.be\/fr\/"},{"@type":"ListItem","position":2,"name":"D\u00e9g\u00e2ts \u00e0 tous les \u00e9tages suite \u00e0 la liquidation de la holding belge de l&rsquo;ex-groupe Wilink"}]},{"@type":"WebSite","@id":"https:\/\/www.forbes.be\/fr\/#website","url":"https:\/\/www.forbes.be\/fr\/","name":"Forbes Belgique","description":"","publisher":{"@id":"https:\/\/www.forbes.be\/fr\/#organization"},"potentialAction":[{"@type":"SearchAction","target":{"@type":"EntryPoint","urlTemplate":"https:\/\/www.forbes.be\/fr\/?s={search_term_string}"},"query-input":{"@type":"PropertyValueSpecification","valueRequired":true,"valueName":"search_term_string"}}],"inLanguage":"fr-FR"},{"@type":"Organization","@id":"https:\/\/www.forbes.be\/fr\/#organization","name":"Forbes Belgique","url":"https:\/\/www.forbes.be\/fr\/","logo":{"@type":"ImageObject","inLanguage":"fr-FR","@id":"https:\/\/www.forbes.be\/fr\/#\/schema\/logo\/image\/","url":"https:\/\/www.forbes.be\/fr\/wp-content\/uploads\/2024\/02\/forbes.be_.png","contentUrl":"https:\/\/www.forbes.be\/fr\/wp-content\/uploads\/2024\/02\/forbes.be_.png","width":1200,"height":675,"caption":"Forbes Belgique"},"image":{"@id":"https:\/\/www.forbes.be\/fr\/#\/schema\/logo\/image\/"},"sameAs":["https:\/\/www.facebook.com\/forbesbelgique\/","https:\/\/www.instagram.com\/Forbes_Belgium","https:\/\/www.linkedin.com\/company\/forbes-belgium\/"]},{"@type":"Person","@id":"https:\/\/www.forbes.be\/fr\/#\/schema\/person\/22bfc3335e560f4084ef5af17ecdad87","name":"Philippe Coul\u00e9e","image":{"@type":"ImageObject","inLanguage":"fr-FR","@id":"https:\/\/www.forbes.be\/fr\/wp-content\/uploads\/2024\/01\/unnamed-150x150.jpg","url":"https:\/\/www.forbes.be\/fr\/wp-content\/uploads\/2024\/01\/unnamed-150x150.jpg","contentUrl":"https:\/\/www.forbes.be\/fr\/wp-content\/uploads\/2024\/01\/unnamed-150x150.jpg","caption":"Philippe Coul\u00e9e"},"url":"https:\/\/www.forbes.be\/fr\/author\/philippe-couleeicloud-com\/"}]}},"_links":{"self":[{"href":"https:\/\/www.forbes.be\/fr\/wp-json\/wp\/v2\/posts\/7054","targetHints":{"allow":["GET"]}}],"collection":[{"href":"https:\/\/www.forbes.be\/fr\/wp-json\/wp\/v2\/posts"}],"about":[{"href":"https:\/\/www.forbes.be\/fr\/wp-json\/wp\/v2\/types\/post"}],"author":[{"embeddable":true,"href":"https:\/\/www.forbes.be\/fr\/wp-json\/wp\/v2\/users\/15"}],"replies":[{"embeddable":true,"href":"https:\/\/www.forbes.be\/fr\/wp-json\/wp\/v2\/comments?post=7054"}],"version-history":[{"count":7,"href":"https:\/\/www.forbes.be\/fr\/wp-json\/wp\/v2\/posts\/7054\/revisions"}],"predecessor-version":[{"id":7063,"href":"https:\/\/www.forbes.be\/fr\/wp-json\/wp\/v2\/posts\/7054\/revisions\/7063"}],"wp:featuredmedia":[{"embeddable":true,"href":"https:\/\/www.forbes.be\/fr\/wp-json\/wp\/v2\/media\/7056"}],"wp:attachment":[{"href":"https:\/\/www.forbes.be\/fr\/wp-json\/wp\/v2\/media?parent=7054"}],"wp:term":[{"taxonomy":"category","embeddable":true,"href":"https:\/\/www.forbes.be\/fr\/wp-json\/wp\/v2\/categories?post=7054"},{"taxonomy":"post_tag","embeddable":true,"href":"https:\/\/www.forbes.be\/fr\/wp-json\/wp\/v2\/tags?post=7054"}],"curies":[{"name":"wp","href":"https:\/\/api.w.org\/{rel}","templated":true}]}}