{"id":7931,"date":"2024-12-21T14:42:44","date_gmt":"2024-12-21T13:42:44","guid":{"rendered":"https:\/\/www.forbes.be\/fr\/?p=7931"},"modified":"2024-12-30T11:43:44","modified_gmt":"2024-12-30T10:43:44","slug":"de-lhumilite-aux-sommets-rene-baudinet-lentrepreneur-liegeois-derriere-le-lodji","status":"publish","type":"post","link":"https:\/\/www.forbes.be\/fr\/de-lhumilite-aux-sommets-rene-baudinet-lentrepreneur-liegeois-derriere-le-lodji\/","title":{"rendered":"De l\u2019humilit\u00e9 aux sommets : Ren\u00e9 Baudinet, l\u2019entrepreneur li\u00e9geois derri\u00e8re le Lodji"},"content":{"rendered":"<p><b>\u00c9ph\u00e9m\u00e8re terrassier vervi\u00e9tois devenu patron d\u2019un petit empire immobilier,<br \/>\nRen\u00e9 Baudinet incarne la r\u00e9silience et l\u2019audace d\u2019un entrepreneur autodidacte. Il a su transformer ses \u00e9checs et ses d\u00e9fis en v\u00e9ritables tremplins pour construire un empire immobilier, symbolis\u00e9 par le Lodji, l\u2019un des h\u00f4tels les plus pris\u00e9s du domaine des Trois Vall\u00e9es en Savoie. Cette vie romanesque a s\u00e9duit les jeunes \u00e9ditrices li\u00e9geoises de Parla Editions qui lui ont demand\u00e9 de partager son histoire dans un ouvrage intitul\u00e9 <\/b><b><i>Le Cocu &#8211; La folle aventure d\u2019un spermatozo\u00efde chanceux<\/i><\/b><b>. \u00c0 travers ses pages, Ren\u00e9 Baudinet livre un t\u00e9moignage inspirant pour tous ceux qui r\u00eavent de tracer leur propre chemin.<\/b><\/p>\n<p><span style=\"font-weight: 400;\">Ren\u00e9? Il vient de descendre du t\u00e9l\u00e9si\u00e8ge. Ren\u00e9? Il accueille un groupe de\u00a0 touristes anglais. Ren\u00e9? Il est en train de faire la f\u00eate avec les profs de ski. Ren\u00e9? Je viens de le voir avec le Premier ministre Michel Barnier\u2026 Dans la vall\u00e9e des Belleville, de Val Thorens \u00e0 Saint-Martin en passant les M\u00e9nuires, il existe sans doute des centaines de personnes qui se pr\u00e9nomment Ren\u00e9. Mais pour tous les habitants de cette magnifique vall\u00e9e des Alpes fran\u00e7aises, il n\u2019existe qu\u2019un seul Ren\u00e9. Ren\u00e9 le Belge, ou plut\u00f4t le Li\u00e9geois, alias Ren\u00e9 Baudinet.<\/span><\/p>\n<p><span style=\"font-weight: 400;\">Avec ses deux fils, l\u2019homme d\u2019affaires a concr\u00e9tis\u00e9 un vieux r\u00eave. Eriger l\u2019un des plus beaux h\u00f4tels des Trois Vall\u00e9es, \u00e0 Saint-Martin-de-Belleville &#8211; Le Lodji &#8211; tout en gardant une convivialit\u00e9 et un amour de la f\u00eate typiquement belges et li\u00e9geois\u2026 Un endroit o\u00f9 l\u2019on peut croiser des hommes d\u2019affaires, des touristes belges en qu\u00eate de f\u00eate, des visages connus de la t\u00e9l\u00e9 et des amoureux discrets de la montagne. Mais Ren\u00e9 Baudinet, ce n\u2019est pas uniquement un homme jovial dot\u00e9 d\u2019un sens des affaires inn\u00e9. Pas seulement l\u2019un des visages les plus connus et les plus appr\u00e9ci\u00e9s du plus grand domaine skiable du monde. C\u2019est une vie totalement romanesque, celle d\u2019un homme, d\u2019un mari, d\u2019un p\u00e8re et d\u2019un investisseur qui a encha\u00een\u00e9 les joies, les succ\u00e8s, les \u00e9checs et m\u00eame l\u2019un ou l\u2019autre drame.<\/span><\/p>\n<figure id=\"attachment_7935\" aria-describedby=\"caption-attachment-7935\" style=\"width: 696px\" class=\"wp-caption aligncenter\"><img loading=\"lazy\" decoding=\"async\" class=\"wp-image-7935 size-large\" src=\"https:\/\/www.forbes.be\/fr\/wp-content\/uploads\/2024\/12\/baudinetphoto1-768x1024.jpg\" alt=\"Ren\u00e9 Baudinet devant le Tor\u00e9 li\u00e9geois du Lodji en compagnie de ses deux fils, Laurent et Pierre\" width=\"696\" height=\"928\" srcset=\"https:\/\/www.forbes.be\/fr\/wp-content\/uploads\/2024\/12\/baudinetphoto1-768x1024.jpg 768w, https:\/\/www.forbes.be\/fr\/wp-content\/uploads\/2024\/12\/baudinetphoto1-225x300.jpg 225w, https:\/\/www.forbes.be\/fr\/wp-content\/uploads\/2024\/12\/baudinetphoto1-1152x1536.jpg 1152w, https:\/\/www.forbes.be\/fr\/wp-content\/uploads\/2024\/12\/baudinetphoto1-696x928.jpg 696w, https:\/\/www.forbes.be\/fr\/wp-content\/uploads\/2024\/12\/baudinetphoto1-1068x1424.jpg 1068w, https:\/\/www.forbes.be\/fr\/wp-content\/uploads\/2024\/12\/baudinetphoto1-600x800.jpg 600w, https:\/\/www.forbes.be\/fr\/wp-content\/uploads\/2024\/12\/baudinetphoto1.jpg 1200w\" sizes=\"auto, (max-width: 696px) 100vw, 696px\" \/><figcaption id=\"caption-attachment-7935\" class=\"wp-caption-text\">Ren\u00e9 Baudinet devant le Tor\u00e9 li\u00e9geois du Lodji en compagnie de ses deux fils, Laurent et Pierre<\/figcaption><\/figure>\n<h2><b>Un parcours singulier : de la pauvret\u00e9 au succ\u00e8s entrepreneurial<\/b><\/h2>\n<p><span style=\"font-weight: 400;\">Dans son livre, Ren\u00e9 Baudinet revient sur son parcours atypique marqu\u00e9 par des d\u00e9buts difficiles et une ascension remarqu\u00e9e dans les affaires. Comme souvent, c\u2019est en cherchant dans l\u2019enfance que l\u2019on trouve toutes les cl\u00e9s d\u2019une vie. Celle de Ren\u00e9 Baudinet n\u2019a pas \u00e9t\u00e9 facile. H\u00e9ritier d\u2019une famille ayant prosp\u00e9r\u00e9 dans le secteur du textile vervi\u00e9tois, il va grandir alors que l\u2019entreprise\u00a0 familiale traverse de grandes difficult\u00e9s financi\u00e8res. <\/span><i><span style=\"font-weight: 400;\">\u00ab Mon p\u00e8re, un homme d\u2019une grande int\u00e9grit\u00e9 mais souvent consid\u00e9r\u00e9 comme \u00ab\u00a0nul\u00a0\u00bb par ses pairs, a connu des difficult\u00e9s majeures, sa gestion de l\u2019entreprise \u00e9tait catastrophique et il a fallu que ma m\u00e8re reprenne les commandes pour redresser le bateau \u00bb<\/span><\/i><span style=\"font-weight: 400;\">, confie Baudinet.<\/span><i><span style=\"font-weight: 400;\"> \u00ab\u00a0J\u2019ai grandi avec cette image de lui et \u00e7a a fa\u00e7onn\u00e9 ma vision des choses. Il n&rsquo;\u00e9tait pas tr\u00e8s sociable, mais il m&rsquo;a transmis des valeurs qui m&rsquo;ont rendu heureux malgr\u00e9 tout. Nous avons v\u00e9cu des p\u00e9riodes tr\u00e8s difficiles, nous vivions certes dans le petit ch\u00e2teau de la famille, mais on manquait de tout, m\u00eame de chauffage. Cela m\u2019a pouss\u00e9 \u00e0 d\u00e9velopper une certaine r\u00e9silience\u00a0\u00bb<\/span><\/i><span style=\"font-weight: 400;\">.\u00a0<\/span><\/p>\n<p><span style=\"font-weight: 400;\">Cette situation a affect\u00e9 son propre parcours, influen\u00e7ant ses choix et ses ambitions. Premi\u00e8re d\u00e9cision radicale, Ren\u00e9 Baudinet d\u00e9cide de ne pas reprendre l\u2019affaire familiale. <\/span><i><span style=\"font-weight: 400;\">\u00ab\u00a0Je n\u2019ai jamais \u00e9t\u00e9 int\u00e9ress\u00e9 par les affaires familiales. Et puis, j\u2019\u00e9tais un mauvais \u00e9l\u00e8ve, donc mes parents m\u2019ont inscrit dans une \u00e9cole technique. J\u2019ai rat\u00e9 mes \u00e9tudes et je ne voulais plus retourner \u00e0 l\u2019\u00e9cole. Mon p\u00e8re a accept\u00e9 \u00e0 condition que je trouve du travail, ce que j\u2019ai fait. J\u2019ai commenc\u00e9 comme terrassier, ironiquement, apr\u00e8s avoir jur\u00e9 que je ne ferais jamais ce m\u00e9tier. J\u2019avais dit un jour \u00e0 des amis que pour 100<\/span><\/i><span style=\"font-weight: 400;\">\u202f<\/span><i><span style=\"font-weight: 400;\">000 francs belges par mois, je ne creuserais pas de tranch\u00e9es. Quelques mois plus tard, je me retrouve \u00e0 faire exactement \u00e7a, mais en gagnant nettement moins\u00a0\u00bb<\/span><\/i><span style=\"font-weight: 400;\">. Cette exp\u00e9rience br\u00e8ve constituera une bonne le\u00e7on d&rsquo;humilit\u00e9. <\/span><i><span style=\"font-weight: 400;\">\u00ab Ce travail m\u2019a fait r\u00e9aliser que ceux qui travaillent dur, m\u00eame dans des t\u00e2ches p\u00e9nibles, ne sont pas diff\u00e9rents de moi. Peut-\u00eatre ont-ils juste pris un chemin diff\u00e9rent\u00bb.\u00a0<\/span><\/i><\/p>\n<figure id=\"attachment_7936\" aria-describedby=\"caption-attachment-7936\" style=\"width: 1024px\" class=\"wp-caption aligncenter\"><img loading=\"lazy\" decoding=\"async\" class=\"wp-image-7936 size-full\" src=\"https:\/\/www.forbes.be\/fr\/wp-content\/uploads\/2024\/12\/baudinetphoto2.jpg\" alt=\"Ren\u00e9 Baudinet avec ses deux fils\" width=\"1024\" height=\"769\" srcset=\"https:\/\/www.forbes.be\/fr\/wp-content\/uploads\/2024\/12\/baudinetphoto2.jpg 1024w, https:\/\/www.forbes.be\/fr\/wp-content\/uploads\/2024\/12\/baudinetphoto2-300x225.jpg 300w, https:\/\/www.forbes.be\/fr\/wp-content\/uploads\/2024\/12\/baudinetphoto2-768x577.jpg 768w, https:\/\/www.forbes.be\/fr\/wp-content\/uploads\/2024\/12\/baudinetphoto2-696x523.jpg 696w, https:\/\/www.forbes.be\/fr\/wp-content\/uploads\/2024\/12\/baudinetphoto2-600x451.jpg 600w\" sizes=\"auto, (max-width: 1024px) 100vw, 1024px\" \/><figcaption id=\"caption-attachment-7936\" class=\"wp-caption-text\">Ren\u00e9 Baudinet avec ses deux fils<\/figcaption><\/figure>\n<h2><b>Les d\u00e9buts d\u2019un entrepreneur autodidacte<\/b><\/h2>\n<p><span style=\"font-weight: 400;\">Ce sentiment d\u2019humilit\u00e9, coupl\u00e9 \u00e0 une d\u00e9termination \u00e0 sortir des situations difficiles, l\u2019a pouss\u00e9 \u00e0 chercher de nouveaux d\u00e9fis. Apr\u00e8s avoir quitt\u00e9 son travail de terrassier, Baudinet fait ses premiers pas dans le commerce. <\/span><i><span style=\"font-weight: 400;\">\u00ab\u00a0C\u2019est une succession d\u2019opportunit\u00e9s. Apr\u00e8s avoir quitt\u00e9 mon travail de terrassier, j\u2019ai trouv\u00e9 du travail comme jardinier, puis j\u2019ai eu l\u2019id\u00e9e de louer des plantes vertes aux commer\u00e7ants. Cela m\u2019a permis de d\u00e9velopper mes premiers contacts commerciaux. J\u2019ai ensuite eu une chance unique au Grand Bazar de Verviers, o\u00f9 j\u2019ai pu installer un comptoir de vente de plantes en \u00e9change d\u2019une d\u00e9coration gratuite pour le magasin. Cela m\u2019a lanc\u00e9 dans le monde du commerce. J\u2019ai commenc\u00e9 avec un cr\u00e9dit de 35<\/span><\/i><span style=\"font-weight: 400;\">\u202f<\/span><i><span style=\"font-weight: 400;\">000 francs belges\u2026\u00a0\u00bb<\/span><\/i><span style=\"font-weight: 400;\">\u00a0<\/span><\/p>\n<p><span style=\"font-weight: 400;\">Dans la foul\u00e9e, il reprend un commerce de toiles cir\u00e9es au sein du Grand Bazar vervi\u00e9tois et en fait une grande r\u00e9ussite commerciale. C\u2019est le d\u00e9but d\u2019une grande et longue success story, tout ce que Ren\u00e9 Baudinet touche se transforme en or, ou presque. Ce n\u2019est pas un hasard si le Grand Bazar le rep\u00e8re et lui demande de reprendre la gestion du grand magasin vervi\u00e9tois.\u00a0\u00a0<\/span><\/p>\n<p><span style=\"font-weight: 400;\">Ses premiers gains,\u00a0 Baudinet d\u00e9cide de les investir dans l\u2019immobilier. <\/span><i><span style=\"font-weight: 400;\">\u00ab\u00a0J\u2019ai commenc\u00e9 en achetant des b\u00e2timents avec des cr\u00e9dits \u00e0 100 %, ce qui \u00e9tait possible \u00e0 l&rsquo;\u00e9poque. Chaque fois que j&rsquo;en avais l&rsquo;occasion, j\u2019achetais un nouveau bien immobilier. J\u2019ai souvent dit \u00e0 mes amis qu\u2019il suffisait de bien acheter et de louer pour rembourser. Cela m\u2019a permis de d\u00e9velopper un portefeuille immobilier consid\u00e9rable. Avec un bon achat, les loyers couvrent le remboursement, et c&rsquo;est ce qui m&rsquo;a permis de prosp\u00e9rer dans ce domaine\u00bb<\/span><\/i><span style=\"font-weight: 400;\">.\u00a0\u00a0<\/span><\/p>\n<figure id=\"attachment_7937\" aria-describedby=\"caption-attachment-7937\" style=\"width: 696px\" class=\"wp-caption aligncenter\"><img loading=\"lazy\" decoding=\"async\" class=\"wp-image-7937 size-large\" src=\"https:\/\/www.forbes.be\/fr\/wp-content\/uploads\/2024\/12\/baudinetphoto5-768x1024.jpg\" alt=\"Le sens de la f\u00eate li\u00e9geois\u2026\" width=\"696\" height=\"928\" srcset=\"https:\/\/www.forbes.be\/fr\/wp-content\/uploads\/2024\/12\/baudinetphoto5-768x1024.jpg 768w, https:\/\/www.forbes.be\/fr\/wp-content\/uploads\/2024\/12\/baudinetphoto5-225x300.jpg 225w, https:\/\/www.forbes.be\/fr\/wp-content\/uploads\/2024\/12\/baudinetphoto5-1152x1536.jpg 1152w, https:\/\/www.forbes.be\/fr\/wp-content\/uploads\/2024\/12\/baudinetphoto5-696x928.jpg 696w, https:\/\/www.forbes.be\/fr\/wp-content\/uploads\/2024\/12\/baudinetphoto5-1068x1424.jpg 1068w, https:\/\/www.forbes.be\/fr\/wp-content\/uploads\/2024\/12\/baudinetphoto5-600x800.jpg 600w, https:\/\/www.forbes.be\/fr\/wp-content\/uploads\/2024\/12\/baudinetphoto5.jpg 1200w\" sizes=\"auto, (max-width: 696px) 100vw, 696px\" \/><figcaption id=\"caption-attachment-7937\" class=\"wp-caption-text\">Le sens de la f\u00eate li\u00e9geois\u2026<\/figcaption><\/figure>\n<h2><b>La montagne, une passion et une opportunit\u00e9<\/b><\/h2>\n<p><span style=\"font-weight: 400;\">Le premier contact de Ren\u00e9 Baudinet avec la montagne vire au drame. <\/span><i><span style=\"font-weight: 400;\">\u00ab\u00a0Une mauvaise chute \u00e0 l\u2019\u00e2ge de 11 ans qui m\u2019a valu une triple fracture tibiale et six semaines de pl\u00e2tre\u00a0\u00bb<\/span><\/i><span style=\"font-weight: 400;\">. Mais cela n\u2019entame en rien sa passion pour les sommets enneig\u00e9s, notamment ceux de Saint-Martin-de-Belleville.\u00a0 <\/span><i><span style=\"font-weight: 400;\">\u00ab\u00a0J\u2019ai d\u00e9couvert ce petit village par hasard lors d\u2019une balade dans les Trois Vall\u00e9es. J\u2019ai \u00e9t\u00e9 s\u00e9duit par le charme de l\u2019endroit et j\u2019ai d\u00e9cid\u00e9 d\u2019y acheter un appartement. De fil en aiguille, j\u2019ai investi dans un chalet, puis dans un h\u00f4tel\u00a0\u00bb.<\/span><\/i><span style=\"font-weight: 400;\">\u00a0<\/span><\/p>\n<p><span style=\"font-weight: 400;\">L\u2019\u00a0\u00ab\u00a0Alp\u00a0h\u00f4tel\u00bb est\u00a0 un petit h\u00f4tel trois \u00e9toiles, de gamme moyenne, mais il profite d\u2019une situation id\u00e9ale, juste aux pieds de l\u2019arriv\u00e9e des pistes de Saint-Martin. <\/span><i><span style=\"font-weight: 400;\">\u00ab\u00a0C\u2019est l\u00e0 que tout a bascul\u00e9. Le maire de l\u2019\u00e9poque m\u2019a convaincu de ne pas transformer l\u2019h\u00f4tel en appartements, mais de le garder comme h\u00f4tel. Cela nous a conduits \u00e0 g\u00e9rer l\u2019h\u00f4tel nous-m\u00eames, ce qui a \u00e9t\u00e9 une nouvelle aventure\u00a0\u00bb<\/span><\/i><span style=\"font-weight: 400;\">.\u00a0 Ceux qui y passent une semaine de vacances n\u2019y voient qu\u2019un endroit paradisiaque, mais la gestion d\u2019un h\u00f4tel de montagne constitue un v\u00e9ritable d\u00e9fi financier et logistique. L\u2019altitude rend tout\u00a0 plus difficile et plus co\u00fbteux et la p\u00e9riode d\u2019activit\u00e9 est limit\u00e9e \u00e0 quelques mois.\u00a0 <\/span><i><span style=\"font-weight: 400;\">\u00ab\u00a0Les premi\u00e8res ann\u00e9es ont \u00e9t\u00e9 difficiles, avoue Ren\u00e9 Baudinet. Nous avons eu plusieurs locataires qui n\u2019ont pas r\u00e9ussi \u00e0 faire prosp\u00e9rer l\u2019h\u00f4tel\u00a0\u00bb<\/span><\/i><span style=\"font-weight: 400;\">.\u00a0 C\u2019est l\u00e0 qu\u2019un nouveau projet, celui du Lodji, germe dans la t\u00eate des Baudinet. Car d\u00e9sormais, Ren\u00e9 profite de l\u2019aide, de l\u2019\u00e9nergie et des comp\u00e9tences de ses deux fils, Laurent et Pierre. Malgr\u00e9 les obstacles, Baudinet et ses enfants entreprennent de moderniser l\u2019h\u00f4tel, transformant l\u2019\u00e9tablissement en un lieu prestigieux. <\/span><i><span style=\"font-weight: 400;\">\u00ab\u00a0\u00c0 un moment donn\u00e9, mes fils Pierre et Laurent ont d\u00e9cid\u00e9 de prendre les choses en main et de g\u00e9rer l\u2019h\u00f4tel directement avec moi. Cela a impliqu\u00e9 des journ\u00e9es de travail interminables, et nous avons d\u00fb moderniser le b\u00e2timent pour qu\u2019il soit \u00e0 la hauteur de sa situation exceptionnelle. C\u2019\u00e9tait un chantier colossal, mais gr\u00e2ce aux efforts d\u00e9mesur\u00e9s de mes enfants, nous avons r\u00e9ussi \u00e0 transformer cet h\u00f4tel en un \u00e9tablissement de qualit\u00e9.\u00a0\u00bb<\/span><\/i><span style=\"font-weight: 400;\"> Son admiration pour ses enfants est palpable : <\/span><i><span style=\"font-weight: 400;\">\u00ab C\u2019est gr\u00e2ce \u00e0 leur effort d\u00e9mentiel que nous avons r\u00e9ussi \u00e0 mener \u00e0 bien ce projet. \u00bb<\/span><\/i><\/p>\n<figure id=\"attachment_7938\" aria-describedby=\"caption-attachment-7938\" style=\"width: 696px\" class=\"wp-caption aligncenter\"><img loading=\"lazy\" decoding=\"async\" class=\"size-large wp-image-7938\" src=\"https:\/\/www.forbes.be\/fr\/wp-content\/uploads\/2024\/12\/baudinetphoto4-1024x768.jpg\" alt=\"En compagnie de Michel Barnier, l\u2019ex Premier ministre fran\u00e7ais qui fr\u00e9quente le Lodji\" width=\"696\" height=\"522\" srcset=\"https:\/\/www.forbes.be\/fr\/wp-content\/uploads\/2024\/12\/baudinetphoto4-1024x768.jpg 1024w, https:\/\/www.forbes.be\/fr\/wp-content\/uploads\/2024\/12\/baudinetphoto4-300x225.jpg 300w, https:\/\/www.forbes.be\/fr\/wp-content\/uploads\/2024\/12\/baudinetphoto4-768x576.jpg 768w, https:\/\/www.forbes.be\/fr\/wp-content\/uploads\/2024\/12\/baudinetphoto4-1536x1152.jpg 1536w, https:\/\/www.forbes.be\/fr\/wp-content\/uploads\/2024\/12\/baudinetphoto4-2048x1536.jpg 2048w, https:\/\/www.forbes.be\/fr\/wp-content\/uploads\/2024\/12\/baudinetphoto4-696x522.jpg 696w, https:\/\/www.forbes.be\/fr\/wp-content\/uploads\/2024\/12\/baudinetphoto4-1068x801.jpg 1068w, https:\/\/www.forbes.be\/fr\/wp-content\/uploads\/2024\/12\/baudinetphoto4-1920x1440.jpg 1920w, https:\/\/www.forbes.be\/fr\/wp-content\/uploads\/2024\/12\/baudinetphoto4-600x450.jpg 600w\" sizes=\"auto, (max-width: 696px) 100vw, 696px\" \/><figcaption id=\"caption-attachment-7938\" class=\"wp-caption-text\">En compagnie de Michel Barnier, l\u2019ex Premier ministre fran\u00e7ais qui fr\u00e9quente le Lodji<\/figcaption><\/figure>\n<h2><b>Le secret d\u2019une \u00ab\u00a0grande gueule\u00a0\u00bb<\/b><\/h2>\n<p><span style=\"font-weight: 400;\">Aujourd\u2019hui, l\u2019h\u00f4tel est une r\u00e9ussite, qui b\u00e9n\u00e9ficie d\u2019un taux de remplissage parmi les importants des Trois Vall\u00e9es, et sup\u00e9rieur aux stations de la Vall\u00e9e des Belleville. Tout le monde conna\u00eet Ren\u00e9 Baudinet et tout le monde conna\u00eet le Lodji.\u00a0 Mais Ren\u00e9 ne cache pas les difficult\u00e9s rencontr\u00e9es en cours de route, notamment les proc\u00e8s contre certaines entreprises pour des malfa\u00e7ons, et le d\u00e9fi permanent que repr\u00e9sente la gestion d\u2019un h\u00f4tel 4 \u00e9toiles dans une station de ski. <\/span><i><span style=\"font-weight: 400;\">\u00ab C\u2019est un travail de titan, mais cela en valait la peine \u00bb<\/span><\/i><span style=\"font-weight: 400;\">, conclut-il avec fiert\u00e9. Et l&rsquo;avenir ? <\/span><i><span style=\"font-weight: 400;\">\u00ab\u00a0Continuer \u00e0 am\u00e9liorer ce que nous avons b\u00e2ti et peut-\u00eatre explorer de nouvelles opportunit\u00e9s, mais toujours avec passion et d\u00e9termination\u00a0\u00bb.<\/span><\/i><\/p>\n<p><span style=\"font-weight: 400;\">Et m\u00eame s\u2019il fait preuve de modestie et d\u2019humilit\u00e9, Ren\u00e9 Baudinet joue un r\u00f4le fondamental dans cette r\u00e9ussite, gr\u00e2ce \u00e0 cette empathie assez rare qui lui a donn\u00e9 une notori\u00e9t\u00e9 incroyable dans les vall\u00e9es savoyardes. Son secret? <\/span><i><span style=\"font-weight: 400;\">\u00ab\u00a0Honn\u00eatement, je ne sais pas vraiment. Peut-\u00eatre parce que j\u2019ai une grande gueule ! Mais plus s\u00e9rieusement, je pense que c\u2019est aussi li\u00e9 \u00e0 mon parcours. J\u2019ai \u00e9t\u00e9 actif dans le commerce, puis dans l\u2019h\u00f4tellerie, et j\u2019ai toujours essay\u00e9 de m\u2019int\u00e9grer dans la communaut\u00e9. Cela cr\u00e9e des liens\u00a0\u00bb<\/span><\/i><span style=\"font-weight: 400;\">.\u00a0 Il faut se plonger dans les pages truculentes de son livre &#8211; \u00ab\u00a0Le Cocu\u00a0\u00bb &#8211; pour trouver les cl\u00e9s de ce destin singulier. Ren\u00e9 Baudinet, \u00e0 travers son histoire, incarne la r\u00e9silience et l\u2019audace d\u2019un entrepreneur autodidacte, ayant su transformer des difficult\u00e9s personnelles et professionnelles en v\u00e9ritables tremplins vers le succ\u00e8s. \u00ab\u00a0Ce qui compte, c\u2019est d\u2019avoir des convictions et de s\u2019y tenir, m\u00eame quand c\u2019est difficile. On apprend beaucoup en surmontant les obstacles. Et surtout, il faut savoir s\u2019entourer des bonnes personnes. Mes enfants sont pour moi la plus grande r\u00e9ussite de ma vie\u00a0\u00bb.<\/span><\/p>\n<p><span style=\"font-weight: 400;\">Un t\u00e9moignage inspirant pour ceux qui cherchent \u00e0 b\u00e2tir leur propre destin\u00e9e.<\/span><\/p>\n<p><i><span style=\"font-weight: 400;\">\u00ab Le Cocu &#8211; La folle aventure d\u2019un spermatozo\u00efde chanceux \u00bb, Parla Editions,\u00a0 391 pp, 20,90 euros<\/span><\/i><\/p>\n<p><i><span style=\"font-weight: 400;\">Une version collector de 284 pages enrichie d\u2019un album photos et de dessins est vendue \u00e0 32,90 euros<\/span><\/i><\/p>\n","protected":false},"excerpt":{"rendered":"<p>\u00c9ph\u00e9m\u00e8re terrassier vervi\u00e9tois devenu patron d\u2019un petit empire immobilier, Ren\u00e9 Baudinet incarne la r\u00e9silience et l\u2019audace d\u2019un entrepreneur autodidacte. Il a su transformer ses \u00e9checs et ses d\u00e9fis en v\u00e9ritables tremplins pour construire un empire immobilier, symbolis\u00e9 par le Lodji, l\u2019un des h\u00f4tels les plus pris\u00e9s du domaine des Trois Vall\u00e9es en Savoie. Cette vie [&hellip;]<\/p>\n","protected":false},"author":46,"featured_media":7934,"comment_status":"closed","ping_status":"closed","sticky":false,"template":"","format":"standard","meta":{"_acf_changed":false,"inline_featured_image":false,"footnotes":""},"categories":[19],"tags":[],"class_list":{"0":"post-7931","1":"post","2":"type-post","3":"status-publish","4":"format-standard","5":"has-post-thumbnail","7":"category-entrepreneurs"},"acf":[],"_yoast_wpseo_title":null,"_yoast_wpseo_metadesc":"L\u2019\u00e9ph\u00e9m\u00e8re terrassier vervi\u00e9tois devenu patron d\u2019un petit empire immobilier Ren\u00e9 Baudinet incarne la r\u00e9silience et l\u2019audace d\u2019un entrepreneur autodidacte.","auteur_traducteur":"","yoast_head":"<!-- This site is optimized with the Yoast SEO plugin v27.4 - https:\/\/yoast.com\/product\/yoast-seo-wordpress\/ -->\n<title>De l\u2019humilit\u00e9 aux sommets : Ren\u00e9 Baudinet, l\u2019entrepreneur li\u00e9geois derri\u00e8re le Lodji | Forbes Belgique<\/title>\n<meta name=\"description\" content=\"L\u2019\u00e9ph\u00e9m\u00e8re terrassier vervi\u00e9tois devenu patron d\u2019un petit empire immobilier Ren\u00e9 Baudinet incarne la r\u00e9silience et l\u2019audace d\u2019un entrepreneur autodidacte.\" \/>\n<meta name=\"robots\" content=\"index, follow, max-snippet:-1, max-image-preview:large, max-video-preview:-1\" \/>\n<link rel=\"canonical\" href=\"https:\/\/www.forbes.be\/fr\/de-lhumilite-aux-sommets-rene-baudinet-lentrepreneur-liegeois-derriere-le-lodji\/\" \/>\n<meta property=\"og:locale\" content=\"fr_FR\" \/>\n<meta property=\"og:type\" content=\"article\" \/>\n<meta property=\"og:title\" content=\"De l\u2019humilit\u00e9 aux sommets : Ren\u00e9 Baudinet, l\u2019entrepreneur li\u00e9geois derri\u00e8re le Lodji | Forbes Belgique\" \/>\n<meta property=\"og:description\" content=\"L\u2019\u00e9ph\u00e9m\u00e8re terrassier vervi\u00e9tois devenu patron d\u2019un petit empire immobilier Ren\u00e9 Baudinet incarne la r\u00e9silience et l\u2019audace d\u2019un entrepreneur autodidacte.\" \/>\n<meta property=\"og:url\" content=\"https:\/\/www.forbes.be\/fr\/de-lhumilite-aux-sommets-rene-baudinet-lentrepreneur-liegeois-derriere-le-lodji\/\" \/>\n<meta property=\"og:site_name\" content=\"Forbes Belgique\" \/>\n<meta property=\"article:publisher\" content=\"https:\/\/www.facebook.com\/forbesbelgique\/\" \/>\n<meta property=\"article:published_time\" content=\"2024-12-21T13:42:44+00:00\" \/>\n<meta property=\"article:modified_time\" content=\"2024-12-30T10:43:44+00:00\" \/>\n<meta property=\"og:image\" content=\"https:\/\/www.forbes.be\/fr\/wp-content\/uploads\/2024\/12\/photoobaudinet-e1735555415469.jpeg\" \/>\n\t<meta property=\"og:image:width\" content=\"864\" \/>\n\t<meta property=\"og:image:height\" content=\"452\" \/>\n\t<meta property=\"og:image:type\" content=\"image\/jpeg\" \/>\n<meta name=\"author\" content=\"Demetrio Scagliola\" \/>\n<meta name=\"twitter:card\" content=\"summary_large_image\" \/>\n<meta name=\"twitter:label1\" content=\"\u00c9crit par\" \/>\n\t<meta name=\"twitter:data1\" content=\"Demetrio Scagliola\" \/>\n\t<meta name=\"twitter:label2\" content=\"Dur\u00e9e de lecture estim\u00e9e\" \/>\n\t<meta name=\"twitter:data2\" content=\"10 minutes\" \/>\n<script type=\"application\/ld+json\" class=\"yoast-schema-graph\">{\"@context\":\"https:\\\/\\\/schema.org\",\"@graph\":[{\"@type\":\"NewsArticle\",\"@id\":\"https:\\\/\\\/www.forbes.be\\\/fr\\\/de-lhumilite-aux-sommets-rene-baudinet-lentrepreneur-liegeois-derriere-le-lodji\\\/#article\",\"isPartOf\":{\"@id\":\"https:\\\/\\\/www.forbes.be\\\/fr\\\/de-lhumilite-aux-sommets-rene-baudinet-lentrepreneur-liegeois-derriere-le-lodji\\\/\"},\"author\":{\"name\":\"Demetrio Scagliola\",\"@id\":\"https:\\\/\\\/www.forbes.be\\\/fr\\\/#\\\/schema\\\/person\\\/c3a4e3b397a1f526ce7b310355f9f037\"},\"headline\":\"De l\u2019humilit\u00e9 aux sommets : Ren\u00e9 Baudinet, l\u2019entrepreneur li\u00e9geois derri\u00e8re le Lodji\",\"datePublished\":\"2024-12-21T13:42:44+00:00\",\"dateModified\":\"2024-12-30T10:43:44+00:00\",\"mainEntityOfPage\":{\"@id\":\"https:\\\/\\\/www.forbes.be\\\/fr\\\/de-lhumilite-aux-sommets-rene-baudinet-lentrepreneur-liegeois-derriere-le-lodji\\\/\"},\"wordCount\":2040,\"publisher\":{\"@id\":\"https:\\\/\\\/www.forbes.be\\\/fr\\\/#organization\"},\"image\":{\"@id\":\"https:\\\/\\\/www.forbes.be\\\/fr\\\/de-lhumilite-aux-sommets-rene-baudinet-lentrepreneur-liegeois-derriere-le-lodji\\\/#primaryimage\"},\"thumbnailUrl\":\"https:\\\/\\\/www.forbes.be\\\/fr\\\/wp-content\\\/uploads\\\/2024\\\/12\\\/photoobaudinet-e1735555415469.jpeg\",\"articleSection\":[\"Entrepreneurs\"],\"inLanguage\":\"fr-FR\"},{\"@type\":\"WebPage\",\"@id\":\"https:\\\/\\\/www.forbes.be\\\/fr\\\/de-lhumilite-aux-sommets-rene-baudinet-lentrepreneur-liegeois-derriere-le-lodji\\\/\",\"url\":\"https:\\\/\\\/www.forbes.be\\\/fr\\\/de-lhumilite-aux-sommets-rene-baudinet-lentrepreneur-liegeois-derriere-le-lodji\\\/\",\"name\":\"De l\u2019humilit\u00e9 aux sommets : Ren\u00e9 Baudinet, l\u2019entrepreneur li\u00e9geois derri\u00e8re le Lodji | Forbes Belgique\",\"isPartOf\":{\"@id\":\"https:\\\/\\\/www.forbes.be\\\/fr\\\/#website\"},\"primaryImageOfPage\":{\"@id\":\"https:\\\/\\\/www.forbes.be\\\/fr\\\/de-lhumilite-aux-sommets-rene-baudinet-lentrepreneur-liegeois-derriere-le-lodji\\\/#primaryimage\"},\"image\":{\"@id\":\"https:\\\/\\\/www.forbes.be\\\/fr\\\/de-lhumilite-aux-sommets-rene-baudinet-lentrepreneur-liegeois-derriere-le-lodji\\\/#primaryimage\"},\"thumbnailUrl\":\"https:\\\/\\\/www.forbes.be\\\/fr\\\/wp-content\\\/uploads\\\/2024\\\/12\\\/photoobaudinet-e1735555415469.jpeg\",\"datePublished\":\"2024-12-21T13:42:44+00:00\",\"dateModified\":\"2024-12-30T10:43:44+00:00\",\"description\":\"L\u2019\u00e9ph\u00e9m\u00e8re terrassier vervi\u00e9tois devenu patron d\u2019un petit empire immobilier Ren\u00e9 Baudinet incarne la r\u00e9silience et l\u2019audace d\u2019un entrepreneur autodidacte.\",\"breadcrumb\":{\"@id\":\"https:\\\/\\\/www.forbes.be\\\/fr\\\/de-lhumilite-aux-sommets-rene-baudinet-lentrepreneur-liegeois-derriere-le-lodji\\\/#breadcrumb\"},\"inLanguage\":\"fr-FR\",\"potentialAction\":[{\"@type\":\"ReadAction\",\"target\":[\"https:\\\/\\\/www.forbes.be\\\/fr\\\/de-lhumilite-aux-sommets-rene-baudinet-lentrepreneur-liegeois-derriere-le-lodji\\\/\"]}]},{\"@type\":\"ImageObject\",\"inLanguage\":\"fr-FR\",\"@id\":\"https:\\\/\\\/www.forbes.be\\\/fr\\\/de-lhumilite-aux-sommets-rene-baudinet-lentrepreneur-liegeois-derriere-le-lodji\\\/#primaryimage\",\"url\":\"https:\\\/\\\/www.forbes.be\\\/fr\\\/wp-content\\\/uploads\\\/2024\\\/12\\\/photoobaudinet-e1735555415469.jpeg\",\"contentUrl\":\"https:\\\/\\\/www.forbes.be\\\/fr\\\/wp-content\\\/uploads\\\/2024\\\/12\\\/photoobaudinet-e1735555415469.jpeg\",\"width\":864,\"height\":452,\"caption\":\"Ren\u00e9 Baudinet pr\u00e9sente son livre \u00ab Le Cocu \u00bb devant le Lodji\"},{\"@type\":\"BreadcrumbList\",\"@id\":\"https:\\\/\\\/www.forbes.be\\\/fr\\\/de-lhumilite-aux-sommets-rene-baudinet-lentrepreneur-liegeois-derriere-le-lodji\\\/#breadcrumb\",\"itemListElement\":[{\"@type\":\"ListItem\",\"position\":1,\"name\":\"Accueil\",\"item\":\"https:\\\/\\\/www.forbes.be\\\/fr\\\/\"},{\"@type\":\"ListItem\",\"position\":2,\"name\":\"De l\u2019humilit\u00e9 aux sommets : Ren\u00e9 Baudinet, l\u2019entrepreneur li\u00e9geois derri\u00e8re le Lodji\"}]},{\"@type\":\"WebSite\",\"@id\":\"https:\\\/\\\/www.forbes.be\\\/fr\\\/#website\",\"url\":\"https:\\\/\\\/www.forbes.be\\\/fr\\\/\",\"name\":\"Forbes Belgique\",\"description\":\"\",\"publisher\":{\"@id\":\"https:\\\/\\\/www.forbes.be\\\/fr\\\/#organization\"},\"potentialAction\":[{\"@type\":\"SearchAction\",\"target\":{\"@type\":\"EntryPoint\",\"urlTemplate\":\"https:\\\/\\\/www.forbes.be\\\/fr\\\/?s={search_term_string}\"},\"query-input\":{\"@type\":\"PropertyValueSpecification\",\"valueRequired\":true,\"valueName\":\"search_term_string\"}}],\"inLanguage\":\"fr-FR\"},{\"@type\":\"Organization\",\"@id\":\"https:\\\/\\\/www.forbes.be\\\/fr\\\/#organization\",\"name\":\"Forbes Belgique\",\"url\":\"https:\\\/\\\/www.forbes.be\\\/fr\\\/\",\"logo\":{\"@type\":\"ImageObject\",\"inLanguage\":\"fr-FR\",\"@id\":\"https:\\\/\\\/www.forbes.be\\\/fr\\\/#\\\/schema\\\/logo\\\/image\\\/\",\"url\":\"https:\\\/\\\/www.forbes.be\\\/fr\\\/wp-content\\\/uploads\\\/2024\\\/02\\\/forbes.be_.png\",\"contentUrl\":\"https:\\\/\\\/www.forbes.be\\\/fr\\\/wp-content\\\/uploads\\\/2024\\\/02\\\/forbes.be_.png\",\"width\":1200,\"height\":675,\"caption\":\"Forbes Belgique\"},\"image\":{\"@id\":\"https:\\\/\\\/www.forbes.be\\\/fr\\\/#\\\/schema\\\/logo\\\/image\\\/\"},\"sameAs\":[\"https:\\\/\\\/www.facebook.com\\\/forbesbelgique\\\/\",\"https:\\\/\\\/www.instagram.com\\\/Forbes_Belgium\",\"https:\\\/\\\/www.linkedin.com\\\/company\\\/forbes-belgium\\\/\"]},{\"@type\":\"Person\",\"@id\":\"https:\\\/\\\/www.forbes.be\\\/fr\\\/#\\\/schema\\\/person\\\/c3a4e3b397a1f526ce7b310355f9f037\",\"name\":\"Demetrio Scagliola\",\"image\":{\"@type\":\"ImageObject\",\"inLanguage\":\"fr-FR\",\"@id\":\"https:\\\/\\\/secure.gravatar.com\\\/avatar\\\/232582365ad68ea54815b307423ac8533cd4a8567f6856361d06fe18e55bd62d?s=96&d=mm&r=g\",\"url\":\"https:\\\/\\\/secure.gravatar.com\\\/avatar\\\/232582365ad68ea54815b307423ac8533cd4a8567f6856361d06fe18e55bd62d?s=96&d=mm&r=g\",\"contentUrl\":\"https:\\\/\\\/secure.gravatar.com\\\/avatar\\\/232582365ad68ea54815b307423ac8533cd4a8567f6856361d06fe18e55bd62d?s=96&d=mm&r=g\",\"caption\":\"Demetrio Scagliola\"},\"url\":\"https:\\\/\\\/www.forbes.be\\\/fr\\\/author\\\/demetrioscagliola\\\/\"}]}<\/script>\n<!-- \/ Yoast SEO plugin. -->","yoast_head_json":{"title":"De l\u2019humilit\u00e9 aux sommets : Ren\u00e9 Baudinet, l\u2019entrepreneur li\u00e9geois derri\u00e8re le Lodji | Forbes Belgique","description":"L\u2019\u00e9ph\u00e9m\u00e8re terrassier vervi\u00e9tois devenu patron d\u2019un petit empire immobilier Ren\u00e9 Baudinet incarne la r\u00e9silience et l\u2019audace d\u2019un entrepreneur autodidacte.","robots":{"index":"index","follow":"follow","max-snippet":"max-snippet:-1","max-image-preview":"max-image-preview:large","max-video-preview":"max-video-preview:-1"},"canonical":"https:\/\/www.forbes.be\/fr\/de-lhumilite-aux-sommets-rene-baudinet-lentrepreneur-liegeois-derriere-le-lodji\/","og_locale":"fr_FR","og_type":"article","og_title":"De l\u2019humilit\u00e9 aux sommets : Ren\u00e9 Baudinet, l\u2019entrepreneur li\u00e9geois derri\u00e8re le Lodji | Forbes Belgique","og_description":"L\u2019\u00e9ph\u00e9m\u00e8re terrassier vervi\u00e9tois devenu patron d\u2019un petit empire immobilier Ren\u00e9 Baudinet incarne la r\u00e9silience et l\u2019audace d\u2019un entrepreneur autodidacte.","og_url":"https:\/\/www.forbes.be\/fr\/de-lhumilite-aux-sommets-rene-baudinet-lentrepreneur-liegeois-derriere-le-lodji\/","og_site_name":"Forbes Belgique","article_publisher":"https:\/\/www.facebook.com\/forbesbelgique\/","article_published_time":"2024-12-21T13:42:44+00:00","article_modified_time":"2024-12-30T10:43:44+00:00","og_image":[{"width":864,"height":452,"url":"https:\/\/www.forbes.be\/fr\/wp-content\/uploads\/2024\/12\/photoobaudinet-e1735555415469.jpeg","type":"image\/jpeg"}],"author":"Demetrio Scagliola","twitter_card":"summary_large_image","twitter_misc":{"\u00c9crit par":"Demetrio Scagliola","Dur\u00e9e de lecture estim\u00e9e":"10 minutes"},"schema":{"@context":"https:\/\/schema.org","@graph":[{"@type":"NewsArticle","@id":"https:\/\/www.forbes.be\/fr\/de-lhumilite-aux-sommets-rene-baudinet-lentrepreneur-liegeois-derriere-le-lodji\/#article","isPartOf":{"@id":"https:\/\/www.forbes.be\/fr\/de-lhumilite-aux-sommets-rene-baudinet-lentrepreneur-liegeois-derriere-le-lodji\/"},"author":{"name":"Demetrio Scagliola","@id":"https:\/\/www.forbes.be\/fr\/#\/schema\/person\/c3a4e3b397a1f526ce7b310355f9f037"},"headline":"De l\u2019humilit\u00e9 aux sommets : Ren\u00e9 Baudinet, l\u2019entrepreneur li\u00e9geois derri\u00e8re le Lodji","datePublished":"2024-12-21T13:42:44+00:00","dateModified":"2024-12-30T10:43:44+00:00","mainEntityOfPage":{"@id":"https:\/\/www.forbes.be\/fr\/de-lhumilite-aux-sommets-rene-baudinet-lentrepreneur-liegeois-derriere-le-lodji\/"},"wordCount":2040,"publisher":{"@id":"https:\/\/www.forbes.be\/fr\/#organization"},"image":{"@id":"https:\/\/www.forbes.be\/fr\/de-lhumilite-aux-sommets-rene-baudinet-lentrepreneur-liegeois-derriere-le-lodji\/#primaryimage"},"thumbnailUrl":"https:\/\/www.forbes.be\/fr\/wp-content\/uploads\/2024\/12\/photoobaudinet-e1735555415469.jpeg","articleSection":["Entrepreneurs"],"inLanguage":"fr-FR"},{"@type":"WebPage","@id":"https:\/\/www.forbes.be\/fr\/de-lhumilite-aux-sommets-rene-baudinet-lentrepreneur-liegeois-derriere-le-lodji\/","url":"https:\/\/www.forbes.be\/fr\/de-lhumilite-aux-sommets-rene-baudinet-lentrepreneur-liegeois-derriere-le-lodji\/","name":"De l\u2019humilit\u00e9 aux sommets : Ren\u00e9 Baudinet, l\u2019entrepreneur li\u00e9geois derri\u00e8re le Lodji | Forbes Belgique","isPartOf":{"@id":"https:\/\/www.forbes.be\/fr\/#website"},"primaryImageOfPage":{"@id":"https:\/\/www.forbes.be\/fr\/de-lhumilite-aux-sommets-rene-baudinet-lentrepreneur-liegeois-derriere-le-lodji\/#primaryimage"},"image":{"@id":"https:\/\/www.forbes.be\/fr\/de-lhumilite-aux-sommets-rene-baudinet-lentrepreneur-liegeois-derriere-le-lodji\/#primaryimage"},"thumbnailUrl":"https:\/\/www.forbes.be\/fr\/wp-content\/uploads\/2024\/12\/photoobaudinet-e1735555415469.jpeg","datePublished":"2024-12-21T13:42:44+00:00","dateModified":"2024-12-30T10:43:44+00:00","description":"L\u2019\u00e9ph\u00e9m\u00e8re terrassier vervi\u00e9tois devenu patron d\u2019un petit empire immobilier Ren\u00e9 Baudinet incarne la r\u00e9silience et l\u2019audace d\u2019un entrepreneur autodidacte.","breadcrumb":{"@id":"https:\/\/www.forbes.be\/fr\/de-lhumilite-aux-sommets-rene-baudinet-lentrepreneur-liegeois-derriere-le-lodji\/#breadcrumb"},"inLanguage":"fr-FR","potentialAction":[{"@type":"ReadAction","target":["https:\/\/www.forbes.be\/fr\/de-lhumilite-aux-sommets-rene-baudinet-lentrepreneur-liegeois-derriere-le-lodji\/"]}]},{"@type":"ImageObject","inLanguage":"fr-FR","@id":"https:\/\/www.forbes.be\/fr\/de-lhumilite-aux-sommets-rene-baudinet-lentrepreneur-liegeois-derriere-le-lodji\/#primaryimage","url":"https:\/\/www.forbes.be\/fr\/wp-content\/uploads\/2024\/12\/photoobaudinet-e1735555415469.jpeg","contentUrl":"https:\/\/www.forbes.be\/fr\/wp-content\/uploads\/2024\/12\/photoobaudinet-e1735555415469.jpeg","width":864,"height":452,"caption":"Ren\u00e9 Baudinet pr\u00e9sente son livre \u00ab Le Cocu \u00bb devant le Lodji"},{"@type":"BreadcrumbList","@id":"https:\/\/www.forbes.be\/fr\/de-lhumilite-aux-sommets-rene-baudinet-lentrepreneur-liegeois-derriere-le-lodji\/#breadcrumb","itemListElement":[{"@type":"ListItem","position":1,"name":"Accueil","item":"https:\/\/www.forbes.be\/fr\/"},{"@type":"ListItem","position":2,"name":"De l\u2019humilit\u00e9 aux sommets : Ren\u00e9 Baudinet, l\u2019entrepreneur li\u00e9geois derri\u00e8re le Lodji"}]},{"@type":"WebSite","@id":"https:\/\/www.forbes.be\/fr\/#website","url":"https:\/\/www.forbes.be\/fr\/","name":"Forbes Belgique","description":"","publisher":{"@id":"https:\/\/www.forbes.be\/fr\/#organization"},"potentialAction":[{"@type":"SearchAction","target":{"@type":"EntryPoint","urlTemplate":"https:\/\/www.forbes.be\/fr\/?s={search_term_string}"},"query-input":{"@type":"PropertyValueSpecification","valueRequired":true,"valueName":"search_term_string"}}],"inLanguage":"fr-FR"},{"@type":"Organization","@id":"https:\/\/www.forbes.be\/fr\/#organization","name":"Forbes Belgique","url":"https:\/\/www.forbes.be\/fr\/","logo":{"@type":"ImageObject","inLanguage":"fr-FR","@id":"https:\/\/www.forbes.be\/fr\/#\/schema\/logo\/image\/","url":"https:\/\/www.forbes.be\/fr\/wp-content\/uploads\/2024\/02\/forbes.be_.png","contentUrl":"https:\/\/www.forbes.be\/fr\/wp-content\/uploads\/2024\/02\/forbes.be_.png","width":1200,"height":675,"caption":"Forbes Belgique"},"image":{"@id":"https:\/\/www.forbes.be\/fr\/#\/schema\/logo\/image\/"},"sameAs":["https:\/\/www.facebook.com\/forbesbelgique\/","https:\/\/www.instagram.com\/Forbes_Belgium","https:\/\/www.linkedin.com\/company\/forbes-belgium\/"]},{"@type":"Person","@id":"https:\/\/www.forbes.be\/fr\/#\/schema\/person\/c3a4e3b397a1f526ce7b310355f9f037","name":"Demetrio Scagliola","image":{"@type":"ImageObject","inLanguage":"fr-FR","@id":"https:\/\/secure.gravatar.com\/avatar\/232582365ad68ea54815b307423ac8533cd4a8567f6856361d06fe18e55bd62d?s=96&d=mm&r=g","url":"https:\/\/secure.gravatar.com\/avatar\/232582365ad68ea54815b307423ac8533cd4a8567f6856361d06fe18e55bd62d?s=96&d=mm&r=g","contentUrl":"https:\/\/secure.gravatar.com\/avatar\/232582365ad68ea54815b307423ac8533cd4a8567f6856361d06fe18e55bd62d?s=96&d=mm&r=g","caption":"Demetrio Scagliola"},"url":"https:\/\/www.forbes.be\/fr\/author\/demetrioscagliola\/"}]}},"_links":{"self":[{"href":"https:\/\/www.forbes.be\/fr\/wp-json\/wp\/v2\/posts\/7931","targetHints":{"allow":["GET"]}}],"collection":[{"href":"https:\/\/www.forbes.be\/fr\/wp-json\/wp\/v2\/posts"}],"about":[{"href":"https:\/\/www.forbes.be\/fr\/wp-json\/wp\/v2\/types\/post"}],"author":[{"embeddable":true,"href":"https:\/\/www.forbes.be\/fr\/wp-json\/wp\/v2\/users\/46"}],"replies":[{"embeddable":true,"href":"https:\/\/www.forbes.be\/fr\/wp-json\/wp\/v2\/comments?post=7931"}],"version-history":[{"count":4,"href":"https:\/\/www.forbes.be\/fr\/wp-json\/wp\/v2\/posts\/7931\/revisions"}],"predecessor-version":[{"id":7940,"href":"https:\/\/www.forbes.be\/fr\/wp-json\/wp\/v2\/posts\/7931\/revisions\/7940"}],"wp:featuredmedia":[{"embeddable":true,"href":"https:\/\/www.forbes.be\/fr\/wp-json\/wp\/v2\/media\/7934"}],"wp:attachment":[{"href":"https:\/\/www.forbes.be\/fr\/wp-json\/wp\/v2\/media?parent=7931"}],"wp:term":[{"taxonomy":"category","embeddable":true,"href":"https:\/\/www.forbes.be\/fr\/wp-json\/wp\/v2\/categories?post=7931"},{"taxonomy":"post_tag","embeddable":true,"href":"https:\/\/www.forbes.be\/fr\/wp-json\/wp\/v2\/tags?post=7931"}],"curies":[{"name":"wp","href":"https:\/\/api.w.org\/{rel}","templated":true}]}}