{"id":8319,"date":"2025-03-13T12:43:32","date_gmt":"2025-03-13T11:43:32","guid":{"rendered":"https:\/\/www.forbes.be\/fr\/?p=8319"},"modified":"2025-03-13T12:43:32","modified_gmt":"2025-03-13T11:43:32","slug":"colruyt-du-fils-de-boulanger-au-leader-du-marche","status":"publish","type":"post","link":"https:\/\/www.forbes.be\/fr\/colruyt-du-fils-de-boulanger-au-leader-du-marche\/","title":{"rendered":"Colruyt : du fils de boulanger au leader du march\u00e9"},"content":{"rendered":"<p class=\"p1\"><strong><span class=\"s1\">L\u2019histoire de la famille <\/span><span class=\"s2\">Colruyt<\/span><span class=\"s1\"> ne fait qu\u2019un avec le d\u00e9veloppement de son <\/span><span class=\"s2\">entreprise<\/span><span class=\"s1\">. Elle transcende la simple histoire d\u2019une soci\u00e9t\u00e9 <\/span><span class=\"s2\">familiale<\/span><span class=\"s1\"> devenue leader du march\u00e9 pour se d\u00e9ployer dans la chronique d\u2019une famille florissante centr\u00e9e sur l\u2019esprit d\u2019entreprise, la vision et la spiritualit\u00e9. D\u00e9couvrons-la, au fil des <\/span><span class=\"s2\">g\u00e9n\u00e9rations<\/span><span class=\"s1\">.<span class=\"Apple-converted-space\">\u00a0<\/span><\/span><\/strong><\/p>\n<p class=\"p1\"><span class=\"s1\">Le petit n\u00e9goce en denr\u00e9es coloniales de ses d\u00e9buts en 1928 s\u2019est mu\u00e9 en une entreprise influente et diversifi\u00e9e qui marque de son empreinte plusieurs secteurs, en Belgique comme \u00e0 l\u2019\u00e9tranger.<span class=\"Apple-converted-space\">\u00a0<\/span><\/span><\/p>\n<figure id=\"attachment_8331\" aria-describedby=\"caption-attachment-8331\" style=\"width: 941px\" class=\"wp-caption alignnone\"><img loading=\"lazy\" decoding=\"async\" class=\"wp-image-8331 size-full\" src=\"https:\/\/www.forbes.be\/fr\/wp-content\/uploads\/2025\/01\/franz-colruyt-viool.jpg\" alt=\"\" width=\"941\" height=\"1350\" srcset=\"https:\/\/www.forbes.be\/fr\/wp-content\/uploads\/2025\/01\/franz-colruyt-viool.jpg 941w, https:\/\/www.forbes.be\/fr\/wp-content\/uploads\/2025\/01\/franz-colruyt-viool-209x300.jpg 209w, https:\/\/www.forbes.be\/fr\/wp-content\/uploads\/2025\/01\/franz-colruyt-viool-714x1024.jpg 714w, https:\/\/www.forbes.be\/fr\/wp-content\/uploads\/2025\/01\/franz-colruyt-viool-768x1102.jpg 768w, https:\/\/www.forbes.be\/fr\/wp-content\/uploads\/2025\/01\/franz-colruyt-viool-696x999.jpg 696w, https:\/\/www.forbes.be\/fr\/wp-content\/uploads\/2025\/01\/franz-colruyt-viool-600x861.jpg 600w\" sizes=\"auto, (max-width: 941px) 100vw, 941px\" \/><figcaption id=\"caption-attachment-8331\" class=\"wp-caption-text\">Franz Colruyt, fondateur du groupe Colruyt &#8211; \u00a9 Colruyt<\/figcaption><\/figure>\n<p class=\"p1\"><span class=\"s1\">Et pourtant, tout commence \u00e0 petite \u00e9chelle quand Franz Colruyt (1901-1958), boulanger \u00e0 Lembeek, fonde un commerce de gros en denr\u00e9es coloniales comme le caf\u00e9, les \u00e9pices et autres produits exotiques achemin\u00e9s via le port d\u2019Anvers. Malgr\u00e9 ces premiers pas modestes, il a d\u00e9j\u00e0 une vision : offrir \u00e0 monsieur et madame Tout-le-monde un large assortiment de produits de qualit\u00e9 \u00e0 des prix concurrentiels. Rien ne laisse pr\u00e9sager la r\u00e9volution \u00e0 venir. Franz Colruyt b\u00e2tit son entreprise \u00e9tape par \u00e9tape en ayant toujours en point de mire la simplicit\u00e9 et l\u2019efficacit\u00e9. Cette approche r\u00e9aliste est le reflet de sa personnalit\u00e9, car il n\u2019aime pas l\u2019extravagance et s\u2019oppose \u00e0 tout gaspillage. Ces principes vont devenir les fondements qui d\u00e9finissent encore aujourd\u2019hui Colruyt Group. De son c\u00f4t\u00e9, la famille fait office de colonne vert\u00e9brale, comme en t\u00e9moigne l\u2019implication rapide et \u00e9troite de son \u00e9pouse Adeline Moens et de leurs enfants. Des valeurs comme l\u2019unit\u00e9 et le partage des responsabilit\u00e9s restent profond\u00e9ment ancr\u00e9es au c\u0153ur des g\u00e9n\u00e9rations suivantes.<span class=\"Apple-converted-space\">\u00a0<\/span><\/span><\/p>\n<h2 class=\"p2\"><span class=\"s1\">Deuxi\u00e8me g\u00e9n\u00e9ration\u202f: l\u2019entr\u00e9e en bourse<span class=\"Apple-converted-space\">\u00a0<\/span><\/span><\/h2>\n<p class=\"p1\"><span class=\"s1\">\u00c0 la mort de Franz Colruyt en 1958, les enfants reprennent le flambeau. Jo Colruyt, en particulier, se distingue dans le r\u00f4le de CEO en \u00e9tant le v\u00e9ritable architecte de la croissance et de l\u2019expansion continues de l\u2019entreprise familiale, tandis que ses fr\u00e8res Franz et Jules occupent respectivement les postes de directeur des ventes et directeur technique. <span class=\"Apple-converted-space\">\u00a0<\/span><\/span><\/p>\n<figure id=\"attachment_8332\" aria-describedby=\"caption-attachment-8332\" style=\"width: 958px\" class=\"wp-caption alignnone\"><img loading=\"lazy\" decoding=\"async\" class=\"wp-image-8332 size-full\" src=\"https:\/\/www.forbes.be\/fr\/wp-content\/uploads\/2025\/01\/jo-colruyt-portret.jpg\" alt=\"\" width=\"958\" height=\"1418\" srcset=\"https:\/\/www.forbes.be\/fr\/wp-content\/uploads\/2025\/01\/jo-colruyt-portret.jpg 958w, https:\/\/www.forbes.be\/fr\/wp-content\/uploads\/2025\/01\/jo-colruyt-portret-203x300.jpg 203w, https:\/\/www.forbes.be\/fr\/wp-content\/uploads\/2025\/01\/jo-colruyt-portret-692x1024.jpg 692w, https:\/\/www.forbes.be\/fr\/wp-content\/uploads\/2025\/01\/jo-colruyt-portret-768x1137.jpg 768w, https:\/\/www.forbes.be\/fr\/wp-content\/uploads\/2025\/01\/jo-colruyt-portret-696x1030.jpg 696w, https:\/\/www.forbes.be\/fr\/wp-content\/uploads\/2025\/01\/jo-colruyt-portret-600x888.jpg 600w\" sizes=\"auto, (max-width: 958px) 100vw, 958px\" \/><figcaption id=\"caption-attachment-8332\" class=\"wp-caption-text\">Jo Colruyt, CEO de 1958 \u00e0 1994 &#8211; \u00a9 Colruyt<\/figcaption><\/figure>\n<p class=\"p2\"><span class=\"s1\">Et pourtant, Jo Colruyt ne souhaite pas vraiment marcher dans les pas de son p\u00e8re. Son ambition personnelle se situe ailleurs, du c\u00f4t\u00e9 de l\u2019art ou de l\u2019architecture \u2013 des aspirations \u00e9galement pr\u00e9sentes dans les g\u00e9n\u00e9rations suivantes. Mais en tant qu\u2019a\u00een\u00e9, il est pleinement conscient de ses responsabilit\u00e9s. Cela ne l\u2019emp\u00eache pas d\u2019\u00eatre \u00ab <i>plus qu\u2019un simple homme d\u2019affaires<\/i> \u00bb. Chez ses oncles aussi, la vari\u00e9t\u00e9 est \u00e0 l\u2019ordre du jour\u202f: Andr\u00e9 est pr\u00eatre, Jef peintre talentueux, tandis que Kamiel s\u2019est fait un nom en tant que sculpteur.<span class=\"Apple-converted-space\">\u00a0<\/span><\/span><\/p>\n<p class=\"p2\"><span class=\"s2\">Jo Colruyt a su allier ses dons artistiques et organisationnels avec un sens aigu des affaires. En 1976, l\u2019entreprise franchit la premi\u00e8re \u00e9tape importante dans son processus de professionnalisation. Dix-huit de ses membres d\u00e9cident d\u2019introduire en bourse les actions de la SA \u00c9tablissements Franz Colruyt. Un pas d\u00e9cisif dans la conversion de l\u2019entreprise familiale en une soci\u00e9t\u00e9 moderne. Cette introduction en bourse permet \u00e0 la famille Colruyt d\u2019attirer de nouveaux flux de capitaux et de professionnaliser son mode de fonctionnement sans pour autant perdre de vue son h\u00e9ritage familial. La croissance se poursuit sous la houlette de Jo Colruyt, sacr\u00e9 \u00e0 juste titre Trends Manager de l\u2019ann\u00e9e 1992.<span class=\"Apple-converted-space\">\u00a0<\/span><\/span><\/p>\n<figure id=\"attachment_8326\" aria-describedby=\"caption-attachment-8326\" style=\"width: 1024px\" class=\"wp-caption alignnone\"><img loading=\"lazy\" decoding=\"async\" class=\"wp-image-8326 size-full\" src=\"https:\/\/www.forbes.be\/fr\/wp-content\/uploads\/2025\/01\/1964-a-master.jpg\" alt=\"\" width=\"1024\" height=\"676\" srcset=\"https:\/\/www.forbes.be\/fr\/wp-content\/uploads\/2025\/01\/1964-a-master.jpg 1024w, https:\/\/www.forbes.be\/fr\/wp-content\/uploads\/2025\/01\/1964-a-master-300x198.jpg 300w, https:\/\/www.forbes.be\/fr\/wp-content\/uploads\/2025\/01\/1964-a-master-768x507.jpg 768w, https:\/\/www.forbes.be\/fr\/wp-content\/uploads\/2025\/01\/1964-a-master-696x459.jpg 696w, https:\/\/www.forbes.be\/fr\/wp-content\/uploads\/2025\/01\/1964-a-master-600x396.jpg 600w\" sizes=\"auto, (max-width: 1024px) 100vw, 1024px\" \/><figcaption id=\"caption-attachment-8326\" class=\"wp-caption-text\">Le premier magasin discount \u00e0 Ixelles (1962). \u00a9 Colruyt<\/figcaption><\/figure>\n<h2 class=\"p3\"><span class=\"s1\">Troisi\u00e8me g\u00e9n\u00e9ration\u202f: la diversification<span class=\"Apple-converted-space\">\u00a0<\/span><\/span><\/h2>\n<p class=\"p1\"><span class=\"s1\">Apr\u00e8s le d\u00e9c\u00e8s soudain de Jo Colruyt en 1994, son fils Jef Colruyt reprend les r\u00eanes, plus t\u00f4t que pr\u00e9vu, en tant que CEO. Alors \u00e2g\u00e9 de 36 ans, il sera le ma\u00eetre d\u2019\u0153uvre de l\u2019expansion et de la diversification ult\u00e9rieures. Les ann\u00e9es 1990 sont synonymes de grands changements pour Colruyt Group. La fondation de Dreamland, une cha\u00eene de magasins de jouets pour les familles et les enfants, constitue l\u2019une des premi\u00e8res \u00e9tapes. Dreambaby, d\u00e9di\u00e9 aux produits pour b\u00e9b\u00e9s, et DATS 24, un r\u00e9seau de stations-services automatis\u00e9es jouant sur la demande de carburants \u00e0 des prix accessibles, suivent dans la foul\u00e9e. Colruyt entame ensuite la reprise des supermarch\u00e9s Okay, qui ciblent des march\u00e9s locaux plus petits et appliquent une politique de prix similaire. Le lancement de Bio-Planet marque un pas vers la durabilit\u00e9 et les produits biologiques. Colruyt joue sur la demande croissante de produits alimentaires \u00e9coresponsables. Une diversification qui permet \u00e0 l\u2019entreprise d\u2019acc\u00e9der \u00e0 de nouveaux secteurs et march\u00e9s, sans jamais perdre de vue les valeurs cl\u00e9s de simplicit\u00e9 et de prix bas qui lui sont ch\u00e8res. L\u2019\u00e9largissement au secteur de l\u2019\u00e9nergie \u00e0 travers des investissements dans des sources d\u2019\u00e9nergie renouvelables comme le vent et le soleil marque un nouveau cap important pour la famille Colruyt. Ce choix cadre non seulement avec sa strat\u00e9gie de ma\u00eetrise des co\u00fbts, mais aussi avec sa vision plus large d\u2019entreprise socialement responsable.<span class=\"Apple-converted-space\">\u00a0<\/span><\/span><\/p>\n<p class=\"p1\"><span class=\"s1\">Toutes ces initiatives ne passent pas inaper\u00e7ues comme en atteste le titre de Trends Manager de l\u2019ann\u00e9e d\u00e9cern\u00e9 en 2002 \u00e0 Jef Colruyt, dix ans apr\u00e8s son p\u00e8re. <span class=\"Apple-converted-space\">\u00a0<\/span><\/span><\/p>\n<figure id=\"attachment_8327\" aria-describedby=\"caption-attachment-8327\" style=\"width: 1990px\" class=\"wp-caption alignnone\"><img loading=\"lazy\" decoding=\"async\" class=\"wp-image-8327 size-full\" src=\"https:\/\/www.forbes.be\/fr\/wp-content\/uploads\/2025\/01\/arbre-genealogique-colruyt-fr-scaled.jpg\" alt=\"\" width=\"1990\" height=\"2560\" srcset=\"https:\/\/www.forbes.be\/fr\/wp-content\/uploads\/2025\/01\/arbre-genealogique-colruyt-fr-scaled.jpg 1990w, https:\/\/www.forbes.be\/fr\/wp-content\/uploads\/2025\/01\/arbre-genealogique-colruyt-fr-233x300.jpg 233w, https:\/\/www.forbes.be\/fr\/wp-content\/uploads\/2025\/01\/arbre-genealogique-colruyt-fr-796x1024.jpg 796w, https:\/\/www.forbes.be\/fr\/wp-content\/uploads\/2025\/01\/arbre-genealogique-colruyt-fr-768x988.jpg 768w, https:\/\/www.forbes.be\/fr\/wp-content\/uploads\/2025\/01\/arbre-genealogique-colruyt-fr-1194x1536.jpg 1194w, https:\/\/www.forbes.be\/fr\/wp-content\/uploads\/2025\/01\/arbre-genealogique-colruyt-fr-1592x2048.jpg 1592w, https:\/\/www.forbes.be\/fr\/wp-content\/uploads\/2025\/01\/arbre-genealogique-colruyt-fr-696x895.jpg 696w, https:\/\/www.forbes.be\/fr\/wp-content\/uploads\/2025\/01\/arbre-genealogique-colruyt-fr-1068x1374.jpg 1068w, https:\/\/www.forbes.be\/fr\/wp-content\/uploads\/2025\/01\/arbre-genealogique-colruyt-fr-1920x2470.jpg 1920w, https:\/\/www.forbes.be\/fr\/wp-content\/uploads\/2025\/01\/arbre-genealogique-colruyt-fr-600x772.jpg 600w\" sizes=\"auto, (max-width: 1990px) 100vw, 1990px\" \/><figcaption id=\"caption-attachment-8327\" class=\"wp-caption-text\">\u00a9 Colruyt<\/figcaption><\/figure>\n<h2 class=\"p2\"><span class=\"s1\">Les sessions Bremberg<span class=\"Apple-converted-space\">\u00a0<\/span><\/span><\/h2>\n<p class=\"p1\"><span class=\"s2\">L\u2019ann\u00e9e 2012 co\u00efncide avec une nouvelle \u00e9tape dans l\u2019\u00e9volution de l\u2019entreprise familiale. Les 108 membres, r\u00e9partis dans dix branches, que compte d\u00e9sormais la famille d\u00e9cident de r\u00e9unir leurs int\u00e9r\u00eats dans la SA Korys, une holding familiale. Elle est chapeaut\u00e9e par une fondation de droit n\u00e9erlandaise, la STAK Cozin, qui doit veiller \u00e0 maintenir l\u2019actionnariat familial sans le fragmenter. En plus d\u2019offrir des avantages financiers, la structure de Korys renforce aussi les liens familiaux et garantit une collaboration \u00e9troite entre les diff\u00e9rentes branches de la famille. Le nom de Korys, d\u00e9riv\u00e9 du mot latin \u00ab Corylus \u00bb (noisetier), symbolise la force et la protection, des valeurs familiales majeures. <span class=\"Apple-converted-space\">\u00a0<\/span><\/span><\/p>\n<blockquote>\n<p class=\"p2\"><span class=\"s3\">\u00ab <\/span><span class=\"s4\"><i>Savoir<\/i><\/span><span class=\"s3\"><i> d\u2019o\u00f9 l\u2019on <\/i><\/span><span class=\"s4\"><i>vient<\/i><\/span><span class=\"s3\"><i> s\u2019av\u00e8re <\/i><\/span><span class=\"s4\"><i>utile<\/i><\/span><span class=\"s3\"><i> pour <\/i><\/span><span class=\"s4\"><i>comprendre<\/i><\/span><span class=\"s3\"><i> o\u00f9 l\u2019on va<\/i> \u00bb<span class=\"Apple-converted-space\">\u00a0<\/span><\/span><\/p>\n<\/blockquote>\n<p class=\"p1\"><span class=\"s2\">En d\u00e9pit de l\u2019immense succ\u00e8s et de la croissance de son entreprise, la famille Colruyt est toujours rest\u00e9e fid\u00e8le \u00e0 ses racines modestes. Les mots de Jef Colruyt, dans le cadre d\u2019une interview, en disent long \u00e0 cet \u00e9gard : \u00ab <i>Savoir d\u2019o\u00f9 l\u2019on vient s\u2019av\u00e8re utile pour comprendre o\u00f9 l\u2019on va<\/i>. \u00bb La famille Colruyt a toujours entretenu des liens profonds avec ses racines. Une connexion g\u00e9ographique, mais aussi d\u2019ordre spirituel et \u00e9motionnel avec la simplicit\u00e9 et la sobri\u00e9t\u00e9. Ces valeurs transparaissent aussi dans le mode de vie des Colruyt qui y restent attach\u00e9s, en d\u00e9pit de leur fortune et de leur influence. \u00c0 leurs yeux, la richesse n\u2019est pas un but en soi, mais un moyen de construire quelque chose qui les d\u00e9passe. <\/span><span class=\"s1\">\u00c0 l\u2019origine de Korys figure une r\u00e9union de famille qui prend des proportions presque l\u00e9gendaires. Tous les enfants et petits-enfants de Franz Colruyt, fondateur de l\u2019empire familial, se rassemblent \u00e0 l\u2019h\u00f4tel Bremberg pour les fameuses Sessions Bremberg. Dans ce centre de s\u00e9minaires la famille se r\u00e9unit surtout pour bavarder pendant deux jours. Jef Colruyt veut mettre de l\u2019ordre dans les innombrables soci\u00e9t\u00e9s et entreprises pivots qui ont vu le jour au fil des ans. Dans le m\u00eame temps, il refuse l\u2019\u00e9tiquette de patriarche de la famille. Tous ces \u00e9l\u00e9ments donnent naissance \u00e0 un conseil de famille charg\u00e9 d\u2019\u00e9laborer une sorte de mission et de vision des actionnaires. Un processus qui s\u2019\u00e9tale sur plus de deux ans et forme les fondements de la cr\u00e9ation future de Korys. Aux c\u00f4t\u00e9s de Jef Colruyt, son neveu Piet Colruyt (fils de Jules) est l\u2019une des figures cl\u00e9s de la direction de Korys. Pleinement impliqu\u00e9 dans la strat\u00e9gie d\u2019investissement, il s\u2019engage \u00e0 r\u00e9aliser des placements ayant un impact soci\u00e9tal positif. Il participe aussi tr\u00e8s activement \u00e0 divers projets durables. Jusqu\u2019\u00e0 ces derniers mois, Hilde Cerstelotte, ni\u00e8ce de Jef Colruyt, \u00e9tait \u00e9galement active au sein de la holding familiale, mais elle a transmis son mandat \u00e0 Senne Herman. Au sein de Colruyt Group, elle se d\u00e9diait principalement \u00e0 l\u2019organisation du travail. <\/span><\/p>\n<figure id=\"attachment_8329\" aria-describedby=\"caption-attachment-8329\" style=\"width: 2560px\" class=\"wp-caption alignnone\"><img loading=\"lazy\" decoding=\"async\" class=\"wp-image-8329 size-full\" src=\"https:\/\/www.forbes.be\/fr\/wp-content\/uploads\/2025\/01\/colruyt-discount-winkel-1-scaled.jpg\" alt=\"\" width=\"2560\" height=\"1656\" srcset=\"https:\/\/www.forbes.be\/fr\/wp-content\/uploads\/2025\/01\/colruyt-discount-winkel-1-scaled.jpg 2560w, https:\/\/www.forbes.be\/fr\/wp-content\/uploads\/2025\/01\/colruyt-discount-winkel-1-300x194.jpg 300w, https:\/\/www.forbes.be\/fr\/wp-content\/uploads\/2025\/01\/colruyt-discount-winkel-1-1024x663.jpg 1024w, https:\/\/www.forbes.be\/fr\/wp-content\/uploads\/2025\/01\/colruyt-discount-winkel-1-768x497.jpg 768w, https:\/\/www.forbes.be\/fr\/wp-content\/uploads\/2025\/01\/colruyt-discount-winkel-1-1536x994.jpg 1536w, https:\/\/www.forbes.be\/fr\/wp-content\/uploads\/2025\/01\/colruyt-discount-winkel-1-2048x1325.jpg 2048w, https:\/\/www.forbes.be\/fr\/wp-content\/uploads\/2025\/01\/colruyt-discount-winkel-1-696x450.jpg 696w, https:\/\/www.forbes.be\/fr\/wp-content\/uploads\/2025\/01\/colruyt-discount-winkel-1-1068x691.jpg 1068w, https:\/\/www.forbes.be\/fr\/wp-content\/uploads\/2025\/01\/colruyt-discount-winkel-1-1920x1242.jpg 1920w, https:\/\/www.forbes.be\/fr\/wp-content\/uploads\/2025\/01\/colruyt-discount-winkel-1-600x388.jpg 600w\" sizes=\"auto, (max-width: 2560px) 100vw, 2560px\" \/><figcaption id=\"caption-attachment-8329\" class=\"wp-caption-text\">\u00a9 Colruyt<\/figcaption><\/figure>\n<h2 class=\"p2\"><span class=\"s1\">Innovation et durabilit\u00e9<span class=\"Apple-converted-space\">\u00a0<\/span><\/span><\/h2>\n<p class=\"p1\"><span class=\"s1\">Au fil de son histoire, Colruyt Group s\u2019est mu\u00e9 en un patchwork d\u2019activit\u00e9s vari\u00e9es. Les magasins Colruyt restent son fleuron sur un march\u00e9 tr\u00e8s concurrentiel o\u00f9 ils n\u2019ont jamais renonc\u00e9 \u00e0 leur strat\u00e9gie de promesse des meilleurs prix. L\u2019ann\u00e9e derni\u00e8re, le groupe a rachet\u00e9 54 magasins Match et Smatch. Ses enseignes alimentaires \u2013\u202fColruyt Meilleurs Prix, Okay et Spar\u202f\u2013 d\u00e9tiennent environ un tiers du march\u00e9 de la distribution en Belgique.\u202fDans le domaine de la sant\u00e9, Newpharma enregistre une croissance remarquable, tandis que la cha\u00eene de clubs de fitness Jims se concentre sur de nouvelles ouvertures. La participation dans Yoboo a \u00e9t\u00e9 port\u00e9e \u00e0 70 %. Cette plateforme de sant\u00e9 num\u00e9rique s\u2019inscrit parfaitement dans l\u2019\u00e9volution du mod\u00e8le d\u2019entreprise de la pharmacie vers le \u00ab <i>mieux vaut pr\u00e9venir que gu\u00e9rir <\/i>\u00bb. Dans le non-alimentaire, le groupe de mode The Fashion Society, dont Zeb est la marque la plus connue, tire aussi son \u00e9pingle du jeu. Quant au sp\u00e9cialiste v\u00e9lo Bike Republic, il se maintient sur un march\u00e9 difficile. Les formules de magasin Dreambaby et Dreamland ont \u00e9t\u00e9 respectivement revendues \u00e0 Supra Bazar et Toychamp. Dans le domaine de l\u2019\u00e9nergie, Virya Energy enregistre une expansion remarquable. Avec le lancement du projet Hyoffwind, des \u00e9tapes importantes ont \u00e9t\u00e9 franchies en mati\u00e8re de technologie de l\u2019hydrog\u00e8ne. Colruyt consid\u00e8re l\u2019hydrog\u00e8ne comme un vecteur d\u2019\u00e9nergie essentiel pour l\u2019avenir et entend jouer un r\u00f4le de pionnier dans ce domaine. Le groupe \u00e9tudie la possibilit\u00e9 d\u2019utiliser l\u2019hydrog\u00e8ne pour l\u2019alimentation en \u00e9nergie de ses magasins, mais aussi pour le transport de personnes et de marchandises. Une d\u00e9marche en phase avec sa strat\u00e9gie plus globale ax\u00e9e sur l\u2019innovation constante et la volont\u00e9 de jouer un r\u00f4le de locomotive dans le domaine de la durabilit\u00e9. Enfin, avec DATS 24, le groupe est sur la bonne voie pour r\u00e9aliser son ambition de transport z\u00e9ro \u00e9mission. La nouvelle fondation d\u2019entreprise Colruyt Group Foundation, connue auparavant sous le nom de Collibri Foundation, soutient des projets de formation ax\u00e9s sur les jeunes en Belgique et \u00e0 l\u2019\u00e9tranger, mais aussi, depuis peu, des projets en mati\u00e8re d\u2019agriculture durable et d\u2019acc\u00e8s \u00e0 une alimentation saine pour les familles vuln\u00e9rables.<span class=\"Apple-converted-space\">\u00a0<\/span><\/span><\/p>\n<blockquote><p><span class=\"s3\" style=\"font-family: Verdana, BlinkMacSystemFont, -apple-system, 'Segoe UI', Roboto, Oxygen, Ubuntu, Cantarell, 'Open Sans', 'Helvetica Neue', sans-serif;\">Pour la premi\u00e8re fois, l\u2019entreprise est dirig\u00e9e par quelqu\u2019un qui ne fait <\/span><span class=\"s4\" style=\"font-family: Verdana, BlinkMacSystemFont, -apple-system, 'Segoe UI', Roboto, Oxygen, Ubuntu, Cantarell, 'Open Sans', 'Helvetica Neue', sans-serif;\">pas<\/span><span class=\"s3\" style=\"font-family: Verdana, BlinkMacSystemFont, -apple-system, 'Segoe UI', Roboto, Oxygen, Ubuntu, Cantarell, 'Open Sans', 'Helvetica Neue', sans-serif;\"> partie de la <\/span><span class=\"s4\" style=\"font-family: Verdana, BlinkMacSystemFont, -apple-system, 'Segoe UI', Roboto, Oxygen, Ubuntu, Cantarell, 'Open Sans', 'Helvetica Neue', sans-serif;\">famille<\/span><span class=\"s3\" style=\"font-family: Verdana, BlinkMacSystemFont, -apple-system, 'Segoe UI', Roboto, Oxygen, Ubuntu, Cantarell, 'Open Sans', 'Helvetica Neue', sans-serif;\">.<span class=\"Apple-converted-space\">\u00a0<\/span><\/span><\/p><\/blockquote>\n<h2 class=\"p3\"><span class=\"s1\">L\u2019avenir de la dynastie Colruyt<span class=\"Apple-converted-space\">\u00a0<\/span><\/span><\/h2>\n<p class=\"p1\"><span class=\"s2\">L\u2019avenir de la famille Colruyt repose entre les mains de la quatri\u00e8me g\u00e9n\u00e9ration, qui est fin pr\u00eate \u00e0 reprendre le flambeau. La famille n\u2019a aucun tabou dans ce domaine. Durant l\u2019\u00e9t\u00e9 2023, Jef Colruyt a transmis la gestion quotidienne \u00e0 Stefan Goethaert. C\u2019est la premi\u00e8re fois que l\u2019entreprise familiale est dirig\u00e9e par une personne qui ne fait pas partie de la famille, depuis Franz Colruyt qui l\u2019a cr\u00e9\u00e9e, et son fils Jo et son petit-fils Jef qui ont pris sa succession. Des jeunes talents comme Lisa Colruyt, la fille de Jef Colruyt, et Senne Hermans ont int\u00e9gr\u00e9 l\u2019entreprise. M\u00eame chose pour Griet Aerts, la fille de Lieve Colruyt (s\u0153ur de Jef Colruyt r\u00e9cemment d\u00e9c\u00e9d\u00e9e), qui dirige les op\u00e9rations au sein de Korys depuis plusieurs ann\u00e9es. L\u2019avenir est assur\u00e9. La famille ne laisse rien au hasard et a beaucoup investi dans la formation de sa prog\u00e9niture. La Korys Academy pr\u00e9pare les jeunes membres de la famille \u00e0 leur r\u00f4le futur au sein du groupe. <span class=\"Apple-converted-space\">\u00a0<\/span><\/span><\/p>\n","protected":false},"excerpt":{"rendered":"<p>L\u2019histoire de la famille Colruyt ne fait qu\u2019un avec le d\u00e9veloppement de son entreprise. Elle transcende la simple histoire d\u2019une soci\u00e9t\u00e9 familiale devenue leader du march\u00e9 pour se d\u00e9ployer dans la chronique d\u2019une famille florissante centr\u00e9e sur l\u2019esprit d\u2019entreprise, la vision et la spiritualit\u00e9. D\u00e9couvrons-la, au fil des g\u00e9n\u00e9rations.\u00a0 Le petit n\u00e9goce en denr\u00e9es coloniales [&hellip;]<\/p>\n","protected":false},"author":12,"featured_media":8330,"comment_status":"closed","ping_status":"closed","sticky":false,"template":"","format":"standard","meta":{"_acf_changed":false,"inline_featured_image":false,"footnotes":""},"categories":[30,19,15],"tags":[],"class_list":{"0":"post-8319","1":"post","2":"type-post","3":"status-publish","4":"format-standard","5":"has-post-thumbnail","7":"category-commerce","8":"category-entrepreneurs","9":"category-leadership"},"acf":[],"_yoast_wpseo_title":null,"_yoast_wpseo_metadesc":"Colruyt transcende la simple histoire d\u2019une soci\u00e9t\u00e9 familiale devenue leader du march\u00e9 pour se d\u00e9ployer dans la chronique d\u2019une famille florissante centr\u00e9e sur l\u2019esprit d\u2019entreprise, la vision et la spiritualit\u00e9.","auteur_traducteur":"","yoast_head":"<!-- This site is optimized with the Yoast SEO plugin v27.4 - https:\/\/yoast.com\/product\/yoast-seo-wordpress\/ -->\n<title>Colruyt : du fils de boulanger au leader du march\u00e9 | Forbes Belgique<\/title>\n<meta name=\"description\" content=\"Colruyt transcende la simple histoire d\u2019une soci\u00e9t\u00e9 familiale devenue leader du march\u00e9 pour se d\u00e9ployer dans la chronique d\u2019une famille florissante centr\u00e9e sur l\u2019esprit d\u2019entreprise, la vision et la spiritualit\u00e9.\" \/>\n<meta name=\"robots\" content=\"index, follow, max-snippet:-1, max-image-preview:large, max-video-preview:-1\" \/>\n<link rel=\"canonical\" href=\"https:\/\/www.forbes.be\/fr\/colruyt-du-fils-de-boulanger-au-leader-du-marche\/\" \/>\n<meta property=\"og:locale\" content=\"fr_FR\" \/>\n<meta property=\"og:type\" content=\"article\" \/>\n<meta property=\"og:title\" content=\"Colruyt : du fils de boulanger au leader du march\u00e9 | Forbes Belgique\" \/>\n<meta property=\"og:description\" content=\"Colruyt transcende la simple histoire d\u2019une soci\u00e9t\u00e9 familiale devenue leader du march\u00e9 pour se d\u00e9ployer dans la chronique d\u2019une famille florissante centr\u00e9e sur l\u2019esprit d\u2019entreprise, la vision et la spiritualit\u00e9.\" \/>\n<meta property=\"og:url\" content=\"https:\/\/www.forbes.be\/fr\/colruyt-du-fils-de-boulanger-au-leader-du-marche\/\" \/>\n<meta property=\"og:site_name\" content=\"Forbes Belgique\" \/>\n<meta property=\"article:publisher\" content=\"https:\/\/www.facebook.com\/forbesbelgique\/\" \/>\n<meta property=\"article:published_time\" content=\"2025-03-13T11:43:32+00:00\" \/>\n<meta property=\"og:image\" content=\"https:\/\/www.forbes.be\/fr\/wp-content\/uploads\/2025\/01\/familiefoto-franz-colruyt-franz-is-tweede-van-rechts-copie.jpg\" \/>\n\t<meta property=\"og:image:width\" content=\"1200\" \/>\n\t<meta property=\"og:image:height\" content=\"628\" \/>\n\t<meta property=\"og:image:type\" content=\"image\/jpeg\" \/>\n<meta name=\"author\" content=\"Lieven Desmet\" \/>\n<meta name=\"twitter:card\" content=\"summary_large_image\" \/>\n<meta name=\"twitter:label1\" content=\"\u00c9crit par\" \/>\n\t<meta name=\"twitter:data1\" content=\"Lieven Desmet\" \/>\n\t<meta name=\"twitter:label2\" content=\"Dur\u00e9e de lecture estim\u00e9e\" \/>\n\t<meta name=\"twitter:data2\" content=\"11 minutes\" \/>\n<script type=\"application\/ld+json\" class=\"yoast-schema-graph\">{\"@context\":\"https:\\\/\\\/schema.org\",\"@graph\":[{\"@type\":\"NewsArticle\",\"@id\":\"https:\\\/\\\/www.forbes.be\\\/fr\\\/colruyt-du-fils-de-boulanger-au-leader-du-marche\\\/#article\",\"isPartOf\":{\"@id\":\"https:\\\/\\\/www.forbes.be\\\/fr\\\/colruyt-du-fils-de-boulanger-au-leader-du-marche\\\/\"},\"author\":{\"name\":\"Lieven Desmet\",\"@id\":\"https:\\\/\\\/www.forbes.be\\\/fr\\\/#\\\/schema\\\/person\\\/87d98a9bc7c6fb6996cabbdf269dd70a\"},\"headline\":\"Colruyt : du fils de boulanger au leader du march\u00e9\",\"datePublished\":\"2025-03-13T11:43:32+00:00\",\"mainEntityOfPage\":{\"@id\":\"https:\\\/\\\/www.forbes.be\\\/fr\\\/colruyt-du-fils-de-boulanger-au-leader-du-marche\\\/\"},\"wordCount\":2049,\"publisher\":{\"@id\":\"https:\\\/\\\/www.forbes.be\\\/fr\\\/#organization\"},\"image\":{\"@id\":\"https:\\\/\\\/www.forbes.be\\\/fr\\\/colruyt-du-fils-de-boulanger-au-leader-du-marche\\\/#primaryimage\"},\"thumbnailUrl\":\"https:\\\/\\\/www.forbes.be\\\/fr\\\/wp-content\\\/uploads\\\/2025\\\/01\\\/familiefoto-franz-colruyt-franz-is-tweede-van-rechts-copie.jpg\",\"articleSection\":[\"Commerce\",\"Entrepreneurs\",\"Leadership\"],\"inLanguage\":\"fr-FR\"},{\"@type\":\"WebPage\",\"@id\":\"https:\\\/\\\/www.forbes.be\\\/fr\\\/colruyt-du-fils-de-boulanger-au-leader-du-marche\\\/\",\"url\":\"https:\\\/\\\/www.forbes.be\\\/fr\\\/colruyt-du-fils-de-boulanger-au-leader-du-marche\\\/\",\"name\":\"Colruyt : du fils de boulanger au leader du march\u00e9 | Forbes Belgique\",\"isPartOf\":{\"@id\":\"https:\\\/\\\/www.forbes.be\\\/fr\\\/#website\"},\"primaryImageOfPage\":{\"@id\":\"https:\\\/\\\/www.forbes.be\\\/fr\\\/colruyt-du-fils-de-boulanger-au-leader-du-marche\\\/#primaryimage\"},\"image\":{\"@id\":\"https:\\\/\\\/www.forbes.be\\\/fr\\\/colruyt-du-fils-de-boulanger-au-leader-du-marche\\\/#primaryimage\"},\"thumbnailUrl\":\"https:\\\/\\\/www.forbes.be\\\/fr\\\/wp-content\\\/uploads\\\/2025\\\/01\\\/familiefoto-franz-colruyt-franz-is-tweede-van-rechts-copie.jpg\",\"datePublished\":\"2025-03-13T11:43:32+00:00\",\"description\":\"Colruyt transcende la simple histoire d\u2019une soci\u00e9t\u00e9 familiale devenue leader du march\u00e9 pour se d\u00e9ployer dans la chronique d\u2019une famille florissante centr\u00e9e sur l\u2019esprit d\u2019entreprise, la vision et la spiritualit\u00e9.\",\"breadcrumb\":{\"@id\":\"https:\\\/\\\/www.forbes.be\\\/fr\\\/colruyt-du-fils-de-boulanger-au-leader-du-marche\\\/#breadcrumb\"},\"inLanguage\":\"fr-FR\",\"potentialAction\":[{\"@type\":\"ReadAction\",\"target\":[\"https:\\\/\\\/www.forbes.be\\\/fr\\\/colruyt-du-fils-de-boulanger-au-leader-du-marche\\\/\"]}]},{\"@type\":\"ImageObject\",\"inLanguage\":\"fr-FR\",\"@id\":\"https:\\\/\\\/www.forbes.be\\\/fr\\\/colruyt-du-fils-de-boulanger-au-leader-du-marche\\\/#primaryimage\",\"url\":\"https:\\\/\\\/www.forbes.be\\\/fr\\\/wp-content\\\/uploads\\\/2025\\\/01\\\/familiefoto-franz-colruyt-franz-is-tweede-van-rechts-copie.jpg\",\"contentUrl\":\"https:\\\/\\\/www.forbes.be\\\/fr\\\/wp-content\\\/uploads\\\/2025\\\/01\\\/familiefoto-franz-colruyt-franz-is-tweede-van-rechts-copie.jpg\",\"width\":1200,\"height\":628,\"caption\":\"La famille de Joseph Colruyt en 1922 (Franz Colruyt est deuxi\u00e8me \u00e0 partir de la droite, Jules Colruyt cinqui\u00e8me \u00e0 partir de la droite et Henri Colruyt troisi\u00e8me \u00e0 partir de la gauche).- \u00a9 Colruyt\"},{\"@type\":\"BreadcrumbList\",\"@id\":\"https:\\\/\\\/www.forbes.be\\\/fr\\\/colruyt-du-fils-de-boulanger-au-leader-du-marche\\\/#breadcrumb\",\"itemListElement\":[{\"@type\":\"ListItem\",\"position\":1,\"name\":\"Accueil\",\"item\":\"https:\\\/\\\/www.forbes.be\\\/fr\\\/\"},{\"@type\":\"ListItem\",\"position\":2,\"name\":\"Colruyt : du fils de boulanger au leader du march\u00e9\"}]},{\"@type\":\"WebSite\",\"@id\":\"https:\\\/\\\/www.forbes.be\\\/fr\\\/#website\",\"url\":\"https:\\\/\\\/www.forbes.be\\\/fr\\\/\",\"name\":\"Forbes Belgique\",\"description\":\"\",\"publisher\":{\"@id\":\"https:\\\/\\\/www.forbes.be\\\/fr\\\/#organization\"},\"potentialAction\":[{\"@type\":\"SearchAction\",\"target\":{\"@type\":\"EntryPoint\",\"urlTemplate\":\"https:\\\/\\\/www.forbes.be\\\/fr\\\/?s={search_term_string}\"},\"query-input\":{\"@type\":\"PropertyValueSpecification\",\"valueRequired\":true,\"valueName\":\"search_term_string\"}}],\"inLanguage\":\"fr-FR\"},{\"@type\":\"Organization\",\"@id\":\"https:\\\/\\\/www.forbes.be\\\/fr\\\/#organization\",\"name\":\"Forbes Belgique\",\"url\":\"https:\\\/\\\/www.forbes.be\\\/fr\\\/\",\"logo\":{\"@type\":\"ImageObject\",\"inLanguage\":\"fr-FR\",\"@id\":\"https:\\\/\\\/www.forbes.be\\\/fr\\\/#\\\/schema\\\/logo\\\/image\\\/\",\"url\":\"https:\\\/\\\/www.forbes.be\\\/fr\\\/wp-content\\\/uploads\\\/2024\\\/02\\\/forbes.be_.png\",\"contentUrl\":\"https:\\\/\\\/www.forbes.be\\\/fr\\\/wp-content\\\/uploads\\\/2024\\\/02\\\/forbes.be_.png\",\"width\":1200,\"height\":675,\"caption\":\"Forbes Belgique\"},\"image\":{\"@id\":\"https:\\\/\\\/www.forbes.be\\\/fr\\\/#\\\/schema\\\/logo\\\/image\\\/\"},\"sameAs\":[\"https:\\\/\\\/www.facebook.com\\\/forbesbelgique\\\/\",\"https:\\\/\\\/www.instagram.com\\\/Forbes_Belgium\",\"https:\\\/\\\/www.linkedin.com\\\/company\\\/forbes-belgium\\\/\"]},{\"@type\":\"Person\",\"@id\":\"https:\\\/\\\/www.forbes.be\\\/fr\\\/#\\\/schema\\\/person\\\/87d98a9bc7c6fb6996cabbdf269dd70a\",\"name\":\"Lieven Desmet\",\"image\":{\"@type\":\"ImageObject\",\"inLanguage\":\"fr-FR\",\"@id\":\"https:\\\/\\\/www.forbes.be\\\/fr\\\/wp-content\\\/uploads\\\/2024\\\/01\\\/65-150x150.jpg\",\"url\":\"https:\\\/\\\/www.forbes.be\\\/fr\\\/wp-content\\\/uploads\\\/2024\\\/01\\\/65-150x150.jpg\",\"contentUrl\":\"https:\\\/\\\/www.forbes.be\\\/fr\\\/wp-content\\\/uploads\\\/2024\\\/01\\\/65-150x150.jpg\",\"caption\":\"Lieven Desmet\"},\"url\":\"https:\\\/\\\/www.forbes.be\\\/fr\\\/author\\\/lieven-desmet\\\/\"}]}<\/script>\n<!-- \/ Yoast SEO plugin. -->","yoast_head_json":{"title":"Colruyt : du fils de boulanger au leader du march\u00e9 | Forbes Belgique","description":"Colruyt transcende la simple histoire d\u2019une soci\u00e9t\u00e9 familiale devenue leader du march\u00e9 pour se d\u00e9ployer dans la chronique d\u2019une famille florissante centr\u00e9e sur l\u2019esprit d\u2019entreprise, la vision et la spiritualit\u00e9.","robots":{"index":"index","follow":"follow","max-snippet":"max-snippet:-1","max-image-preview":"max-image-preview:large","max-video-preview":"max-video-preview:-1"},"canonical":"https:\/\/www.forbes.be\/fr\/colruyt-du-fils-de-boulanger-au-leader-du-marche\/","og_locale":"fr_FR","og_type":"article","og_title":"Colruyt : du fils de boulanger au leader du march\u00e9 | Forbes Belgique","og_description":"Colruyt transcende la simple histoire d\u2019une soci\u00e9t\u00e9 familiale devenue leader du march\u00e9 pour se d\u00e9ployer dans la chronique d\u2019une famille florissante centr\u00e9e sur l\u2019esprit d\u2019entreprise, la vision et la spiritualit\u00e9.","og_url":"https:\/\/www.forbes.be\/fr\/colruyt-du-fils-de-boulanger-au-leader-du-marche\/","og_site_name":"Forbes Belgique","article_publisher":"https:\/\/www.facebook.com\/forbesbelgique\/","article_published_time":"2025-03-13T11:43:32+00:00","og_image":[{"width":1200,"height":628,"url":"https:\/\/www.forbes.be\/fr\/wp-content\/uploads\/2025\/01\/familiefoto-franz-colruyt-franz-is-tweede-van-rechts-copie.jpg","type":"image\/jpeg"}],"author":"Lieven Desmet","twitter_card":"summary_large_image","twitter_misc":{"\u00c9crit par":"Lieven Desmet","Dur\u00e9e de lecture estim\u00e9e":"11 minutes"},"schema":{"@context":"https:\/\/schema.org","@graph":[{"@type":"NewsArticle","@id":"https:\/\/www.forbes.be\/fr\/colruyt-du-fils-de-boulanger-au-leader-du-marche\/#article","isPartOf":{"@id":"https:\/\/www.forbes.be\/fr\/colruyt-du-fils-de-boulanger-au-leader-du-marche\/"},"author":{"name":"Lieven Desmet","@id":"https:\/\/www.forbes.be\/fr\/#\/schema\/person\/87d98a9bc7c6fb6996cabbdf269dd70a"},"headline":"Colruyt : du fils de boulanger au leader du march\u00e9","datePublished":"2025-03-13T11:43:32+00:00","mainEntityOfPage":{"@id":"https:\/\/www.forbes.be\/fr\/colruyt-du-fils-de-boulanger-au-leader-du-marche\/"},"wordCount":2049,"publisher":{"@id":"https:\/\/www.forbes.be\/fr\/#organization"},"image":{"@id":"https:\/\/www.forbes.be\/fr\/colruyt-du-fils-de-boulanger-au-leader-du-marche\/#primaryimage"},"thumbnailUrl":"https:\/\/www.forbes.be\/fr\/wp-content\/uploads\/2025\/01\/familiefoto-franz-colruyt-franz-is-tweede-van-rechts-copie.jpg","articleSection":["Commerce","Entrepreneurs","Leadership"],"inLanguage":"fr-FR"},{"@type":"WebPage","@id":"https:\/\/www.forbes.be\/fr\/colruyt-du-fils-de-boulanger-au-leader-du-marche\/","url":"https:\/\/www.forbes.be\/fr\/colruyt-du-fils-de-boulanger-au-leader-du-marche\/","name":"Colruyt : du fils de boulanger au leader du march\u00e9 | Forbes Belgique","isPartOf":{"@id":"https:\/\/www.forbes.be\/fr\/#website"},"primaryImageOfPage":{"@id":"https:\/\/www.forbes.be\/fr\/colruyt-du-fils-de-boulanger-au-leader-du-marche\/#primaryimage"},"image":{"@id":"https:\/\/www.forbes.be\/fr\/colruyt-du-fils-de-boulanger-au-leader-du-marche\/#primaryimage"},"thumbnailUrl":"https:\/\/www.forbes.be\/fr\/wp-content\/uploads\/2025\/01\/familiefoto-franz-colruyt-franz-is-tweede-van-rechts-copie.jpg","datePublished":"2025-03-13T11:43:32+00:00","description":"Colruyt transcende la simple histoire d\u2019une soci\u00e9t\u00e9 familiale devenue leader du march\u00e9 pour se d\u00e9ployer dans la chronique d\u2019une famille florissante centr\u00e9e sur l\u2019esprit d\u2019entreprise, la vision et la spiritualit\u00e9.","breadcrumb":{"@id":"https:\/\/www.forbes.be\/fr\/colruyt-du-fils-de-boulanger-au-leader-du-marche\/#breadcrumb"},"inLanguage":"fr-FR","potentialAction":[{"@type":"ReadAction","target":["https:\/\/www.forbes.be\/fr\/colruyt-du-fils-de-boulanger-au-leader-du-marche\/"]}]},{"@type":"ImageObject","inLanguage":"fr-FR","@id":"https:\/\/www.forbes.be\/fr\/colruyt-du-fils-de-boulanger-au-leader-du-marche\/#primaryimage","url":"https:\/\/www.forbes.be\/fr\/wp-content\/uploads\/2025\/01\/familiefoto-franz-colruyt-franz-is-tweede-van-rechts-copie.jpg","contentUrl":"https:\/\/www.forbes.be\/fr\/wp-content\/uploads\/2025\/01\/familiefoto-franz-colruyt-franz-is-tweede-van-rechts-copie.jpg","width":1200,"height":628,"caption":"La famille de Joseph Colruyt en 1922 (Franz Colruyt est deuxi\u00e8me \u00e0 partir de la droite, Jules Colruyt cinqui\u00e8me \u00e0 partir de la droite et Henri Colruyt troisi\u00e8me \u00e0 partir de la gauche).- \u00a9 Colruyt"},{"@type":"BreadcrumbList","@id":"https:\/\/www.forbes.be\/fr\/colruyt-du-fils-de-boulanger-au-leader-du-marche\/#breadcrumb","itemListElement":[{"@type":"ListItem","position":1,"name":"Accueil","item":"https:\/\/www.forbes.be\/fr\/"},{"@type":"ListItem","position":2,"name":"Colruyt : du fils de boulanger au leader du march\u00e9"}]},{"@type":"WebSite","@id":"https:\/\/www.forbes.be\/fr\/#website","url":"https:\/\/www.forbes.be\/fr\/","name":"Forbes Belgique","description":"","publisher":{"@id":"https:\/\/www.forbes.be\/fr\/#organization"},"potentialAction":[{"@type":"SearchAction","target":{"@type":"EntryPoint","urlTemplate":"https:\/\/www.forbes.be\/fr\/?s={search_term_string}"},"query-input":{"@type":"PropertyValueSpecification","valueRequired":true,"valueName":"search_term_string"}}],"inLanguage":"fr-FR"},{"@type":"Organization","@id":"https:\/\/www.forbes.be\/fr\/#organization","name":"Forbes Belgique","url":"https:\/\/www.forbes.be\/fr\/","logo":{"@type":"ImageObject","inLanguage":"fr-FR","@id":"https:\/\/www.forbes.be\/fr\/#\/schema\/logo\/image\/","url":"https:\/\/www.forbes.be\/fr\/wp-content\/uploads\/2024\/02\/forbes.be_.png","contentUrl":"https:\/\/www.forbes.be\/fr\/wp-content\/uploads\/2024\/02\/forbes.be_.png","width":1200,"height":675,"caption":"Forbes Belgique"},"image":{"@id":"https:\/\/www.forbes.be\/fr\/#\/schema\/logo\/image\/"},"sameAs":["https:\/\/www.facebook.com\/forbesbelgique\/","https:\/\/www.instagram.com\/Forbes_Belgium","https:\/\/www.linkedin.com\/company\/forbes-belgium\/"]},{"@type":"Person","@id":"https:\/\/www.forbes.be\/fr\/#\/schema\/person\/87d98a9bc7c6fb6996cabbdf269dd70a","name":"Lieven Desmet","image":{"@type":"ImageObject","inLanguage":"fr-FR","@id":"https:\/\/www.forbes.be\/fr\/wp-content\/uploads\/2024\/01\/65-150x150.jpg","url":"https:\/\/www.forbes.be\/fr\/wp-content\/uploads\/2024\/01\/65-150x150.jpg","contentUrl":"https:\/\/www.forbes.be\/fr\/wp-content\/uploads\/2024\/01\/65-150x150.jpg","caption":"Lieven Desmet"},"url":"https:\/\/www.forbes.be\/fr\/author\/lieven-desmet\/"}]}},"_links":{"self":[{"href":"https:\/\/www.forbes.be\/fr\/wp-json\/wp\/v2\/posts\/8319","targetHints":{"allow":["GET"]}}],"collection":[{"href":"https:\/\/www.forbes.be\/fr\/wp-json\/wp\/v2\/posts"}],"about":[{"href":"https:\/\/www.forbes.be\/fr\/wp-json\/wp\/v2\/types\/post"}],"author":[{"embeddable":true,"href":"https:\/\/www.forbes.be\/fr\/wp-json\/wp\/v2\/users\/12"}],"replies":[{"embeddable":true,"href":"https:\/\/www.forbes.be\/fr\/wp-json\/wp\/v2\/comments?post=8319"}],"version-history":[{"count":5,"href":"https:\/\/www.forbes.be\/fr\/wp-json\/wp\/v2\/posts\/8319\/revisions"}],"predecessor-version":[{"id":9159,"href":"https:\/\/www.forbes.be\/fr\/wp-json\/wp\/v2\/posts\/8319\/revisions\/9159"}],"wp:featuredmedia":[{"embeddable":true,"href":"https:\/\/www.forbes.be\/fr\/wp-json\/wp\/v2\/media\/8330"}],"wp:attachment":[{"href":"https:\/\/www.forbes.be\/fr\/wp-json\/wp\/v2\/media?parent=8319"}],"wp:term":[{"taxonomy":"category","embeddable":true,"href":"https:\/\/www.forbes.be\/fr\/wp-json\/wp\/v2\/categories?post=8319"},{"taxonomy":"post_tag","embeddable":true,"href":"https:\/\/www.forbes.be\/fr\/wp-json\/wp\/v2\/tags?post=8319"}],"curies":[{"name":"wp","href":"https:\/\/api.w.org\/{rel}","templated":true}]}}