{"id":8655,"date":"2025-04-15T07:00:43","date_gmt":"2025-04-15T05:00:43","guid":{"rendered":"https:\/\/www.forbes.be\/fr\/?p=8655"},"modified":"2025-04-01T16:37:30","modified_gmt":"2025-04-01T14:37:30","slug":"lea-bayekula-30-under-30-avant-jetais-lea-lhandicapee-aujourdhui-je-suis-lea-lathlete","status":"publish","type":"post","link":"https:\/\/www.forbes.be\/fr\/lea-bayekula-30-under-30-avant-jetais-lea-lhandicapee-aujourdhui-je-suis-lea-lathlete\/","title":{"rendered":"L\u00e9a Bayekula, 30 under 30: \u00ab\u00a0Avant, j&rsquo;\u00e9tais L\u00e9a l&rsquo;handicap\u00e9e, aujourd&rsquo;hui, je suis L\u00e9a l&rsquo;athl\u00e8te\u00a0\u00bb"},"content":{"rendered":"<div><strong>En quelques ann\u00e9es, L\u00e9a Bayekula s&rsquo;est impos\u00e9e comme l&rsquo;une des sprinteuses les plus talentueuses de sa g\u00e9n\u00e9ration dans la cat\u00e9gorie T54 pour les athl\u00e8tes en fauteuil roulant. Atteinte de <a href=\"https:\/\/www.france-assos-sante.org\/2019\/08\/30\/quest-ce-que-le-spina-bifida\/\">spina bifida<\/a>, elle a d\u00e9couvert l&rsquo;athl\u00e9tisme \u00e0 16 ans apr\u00e8s avoir pratiqu\u00e9 le basket en fauteuil. En 2021, elle remporte la m\u00e9daille de bronze sur le 100 m lors des Championnats d&rsquo;Europe. En 2024, elle remporte lors des Jeux paralympiques de Paris sa premi\u00e8re m\u00e9daille d&rsquo;or sur le 100 m, suivie d&rsquo;une seconde m\u00e9daille d&rsquo;or et d&rsquo;un nouveau record du monde sur le 400 m. Autant de performances qui lui ont permis de recevoir r\u00e9cemment le troph\u00e9e de la meilleure performance f\u00e9minine lors des <a href=\"https:\/\/www.paralympic.be\/fr\/nouvelles\/lotto-paralympic-sport-awards-2024-bayekula-et-carabin-r%C3%A9compens%C3%A9s\">Paralympic Sport Awards belges<\/a>.<\/strong><\/div>\n<div><\/div>\n<div>Son sport n&rsquo;\u00e9tait pas tr\u00e8s connu en Belgique jusqu&rsquo;il y a peu mais ses performances lui ont donn\u00e9 une m\u00e9diatisation et un grand boost de popularit\u00e9, dont l&rsquo;athl\u00e8te se r\u00e9jouit pleinement. E<span style=\"font-family: Verdana, BlinkMacSystemFont, -apple-system, 'Segoe UI', Roboto, Oxygen, Ubuntu, Cantarell, 'Open Sans', 'Helvetica Neue', sans-serif;\">n dehors des pistes, L\u00e9a est une ambassadrice aupr\u00e8s de plusieurs secteurs et s&rsquo;engage en faveur d&rsquo;une soci\u00e9t\u00e9 plus inclusive. Son objectif? Devenir l&rsquo;athl\u00e8te handisport la plus performante du monde!\u00a0<\/span><\/div>\n<div><\/div>\n<div><strong>A quel\u00a0\u00e2ge avez-vous commenc\u00e9 le sport ?\u00a0<\/strong><\/div>\n<div>J&rsquo;ai commenc\u00e9 \u00e0 l&rsquo;\u00e2ge de quinze ans, avec d&rsquo;abord le basket avant de basculer vers l&rsquo;athl\u00e9tisme \u00e0 mes 18 ans. Petit \u00e0 petit, j&rsquo;ai \u00e9volu\u00e9 dans mon statut de sportive jusqu&rsquo;\u00e0 obtenir celui d&rsquo;athl\u00e8te de haut niveau. Avec cela, les entra\u00eenements ont\u00a0beaucoup \u00e9volu\u00e9 et je m&rsquo;entra\u00eene plus intens\u00e9ment aujourd&rsquo;hui.<\/div>\n<div><\/div>\n<div><strong>C&rsquo;est quoi le rythme type d&rsquo;une sportive de haut niveau?<\/strong><\/div>\n<div>Ma semaine est faite d&rsquo;entra\u00eenements sur la piste et de s\u00e9ances de musculation.\u00a0Je m&rsquo;entra\u00eene tous les jours sauf les mercredi apr\u00e8s-midi, samedi apr\u00e8s-midi et dimanche. Et entre tous ces entra\u00eenements, je case \u00e9galement des s\u00e9ances de psy, de coaching mental, de\u00a0kin\u00e9 et des siestes, qui sont super importantes pour la r\u00e9cup\u00e9ration. Sans compter aussi les \u00e9v\u00e9nements auxquels je participe ou les interviews avec la presse.<\/div>\n<div><\/div>\n<div><strong>Votre statut de sportive de haut niveau vous permet-il de gagner votre vie ?<\/strong><\/div>\n<div>Je ne peux pas dire que je gagne ma vie qu&rsquo;avec le sport, non.<\/div>\n<div><\/div>\n<div><strong>Mais comment faites-vous alors pour joindre les deux bouts avec tous ces entra\u00eenements et ces moments de r\u00e9cup\u00e9ration?\u00a0<\/strong><\/div>\n<div>En tant que personne \u00e0 mobilit\u00e9 r\u00e9duite, il faut savoir que je re\u00e7ois des subsides. Il y a des sponsors qui essaient de nous aider aussi au mieux. Et puis il y a la f\u00e9d\u00e9ration qui nous aide s&rsquo;il faut acheter ou financer du mat\u00e9riel. Apr\u00e8s, ils ne peuvent pas tout faire. C&rsquo;est pour \u00e7a qu&rsquo;on est toujours \u00e0 la recherche de sponsors, parce que, financi\u00e8rement, toute seule, c&rsquo;est un peu compliqu\u00e9. Or le sport que j&rsquo;ai choisi est tr\u00e8s cher et on ne fait\u00a0qu&rsquo;acheter et encore acheter pour \u00eatre plus performant. Mon mat\u00e9riel tout entier pour le fauteuil roulant peut aller jusqu&rsquo;\u00e0 12.000 euros!<\/div>\n<div><\/div>\n<div><strong>Un athl\u00e8te paralympique est-il aujourd&rsquo;hui bien aid\u00e9 et encadr\u00e9 par sa f\u00e9d\u00e9ration ?<\/strong><\/div>\n<div>Oui, il y a un bon encadrement de la part de la Ligue handisport francophone. Ils nous aident du mieux qu&rsquo;ils peuvent en termes de mat\u00e9riel, de financement pour les voyages afin de participer aux comp\u00e9titions. L&rsquo;encadrement est super bon, mais ils ne peuvent pas tout donner \u00e0 100% parce que je ne suis pas seule \u00e0 avoir besoin de leur soutien. C&rsquo;est pour cela qu&rsquo;on va chercher des sponsors individuellement.<\/div>\n<div><\/div>\n<div><strong>Votre titre paralympique a-t-il chang\u00e9 l&rsquo;approche que les sponsors ont avec vous ?\u00a0<\/strong><\/div>\n<div>Honn\u00eatement, je dirais non. J&rsquo;ai certes \u00e9t\u00e9 invit\u00e9e par un sponsor apr\u00e8s les Jeux pour\u00a0participer \u00e0 un grand tournage qui a eu une \u00e9norme visibilit\u00e9 dans le monde entier et a permis de faire savoir ce qu&rsquo;est le sport en fauteuil. Mais je n&rsquo;ai pas eu de sponsors qui m&rsquo;ont approch\u00e9e. J&rsquo;esp\u00e8re tout de m\u00eame pouvoir en avoir un pour mes v\u00eatements de sport car, comme je vous l&rsquo;ai dit, on investit beaucoup et on priorise surtout le mat\u00e9riel.<\/div>\n<div><\/div>\n<div><strong>Avec six mois de recul, vous attendiez-vous\u00a0\u00e0 ces deux titres paralympiques l&rsquo;\u00e9t\u00e9 dernier? Avez-vous \u00e9t\u00e9\u00a0surprise de votre performance?<\/strong><\/div>\n<div>Durant la longue pr\u00e9paration, je n&rsquo;ai livr\u00e9 que de bonnes prestations, battant m\u00eame des records. D\u00e8s lors, je me suis dit qu&rsquo;il y avait de l&rsquo;espoir et j&rsquo;ai pers\u00e9v\u00e9r\u00e9 dans cette voie. J&rsquo;ai ensuite battu le record du monde sur 400 m\u00e8tres. Mais je savais aussi que ce n&rsquo;\u00e9tait pas maintenant qu&rsquo;il fallait performer le mieux, mais bien aux Jeux.<\/div>\n<div><\/div>\n<div><strong>Vous \u00eates donc arriv\u00e9e conqu\u00e9rante \u00e0 Paris&#8230;<\/strong><\/div>\n<div>Voil\u00e0, \u00e7a annon\u00e7ait d\u00e9j\u00e0 la couleur et je savais que tout le monde me regardait. Mais, tout au long de ma pr\u00e9paration, j&rsquo;ai essay\u00e9 de banaliser, m\u00eame si ce n&rsquo;est pas le bon mot, les Jeux, qui \u00e9taient juste une comp\u00e9tition de plus \u00e0 mes yeux. Je me suis mise dans ma bulle en partant en stage au Portugal juste avant, avec mon \u00e9quipe et d&rsquo;autres athl\u00e8tes. On formait une vraie petite famille. L&rsquo;arriv\u00e9e \u00e0 Paris, dans un tout autre environnement, a en revanche \u00e9t\u00e9 tr\u00e8s compliqu\u00e9e pour moi. Mais je savais que c&rsquo;\u00e9tait l\u00e0 que je devais le mieux performer.<\/div>\n<div><\/div>\n<div><strong>Qu&rsquo;est ce que ces deux titres paralympiques ont chang\u00e9 pour vous?<\/strong><\/div>\n<div>Je dirais que cela m&rsquo;a d\u00e9bloqu\u00e9 beaucoup de portes, de choses que l&rsquo;on me refusait auparavant. Aujourd&rsquo;hui, on m&rsquo;accepte car je suis championne paralympique, car j&rsquo;ai fait honneur au pays, car j&rsquo;ai gagn\u00e9. Les gens me reconnaissent, me disent bonjour, sont respectueux. Leur regard a chang\u00e9 et est devenu admiratif.\u00a0Avant, j&rsquo;\u00e9tais L\u00e9a l&rsquo;handicap\u00e9e, aujourd&rsquo;hui je suis L\u00e9a l&rsquo;athl\u00e8te.<\/div>\n<div><\/div>\n<div><strong>Et le prix Forbes 30 under 30 dans tout cela, comment l&rsquo;avez-vous per\u00e7u?<\/strong><\/div>\n<div>Pour moi, c&rsquo;est d\u00e9j\u00e0 une victoire et un honneur. Je n&rsquo;ai en effet jamais vu un athl\u00e8te atteint d&rsquo;un handicap recevoir un prix Forbes. Cela veut dire que l&rsquo;on s&rsquo;ouvre \u00e0 l&rsquo;inclusion et \u00e0 la compr\u00e9hension du monde du sport, tout simplement. C&rsquo;est aussi une grande victoire pour le sport paralympique en fait. Je suis tellement contente car mon but, c&rsquo;est de donner plus de visibilit\u00e9 au monde paralympique, de montrer que oui, j&rsquo;ai un handicap. Et alors?! Je fais du sport et je me bats pour mes performances. Je veux montrer que\u00a0la piti\u00e9 n&rsquo;a pas de place dans le sport. C&rsquo;est aussi donner du courage aux parents qui n&rsquo;ont plus d&rsquo;espoir pour leurs enfants, c&rsquo;est montrer qu&rsquo;il ou elle peut se surpasser et qu&rsquo;il n&rsquo;y a pas de crainte ni de peur \u00e0 avoir.<\/div>\n<div><\/div>\n<div><strong>Lors de la c\u00e9r\u00e9monie des Forbes 30 under 30, vous avez eu droit \u00e0 une longue standing ovation lorsque vous \u00eates mont\u00e9e sur\u00a0sc\u00e8ne pour recevoir votre prix. Votre discours a \u00e9t\u00e9 marquant et vous\u00a0y avez laiss\u00e9 entendre tr\u00e8s clairement que Paris 2024 n&rsquo;\u00e9tait pas un aboutissement pour vous, loin de l\u00e0&#8230;<\/strong><\/div>\n<div>La suite, c&rsquo;est Los Angeles dans quatre ans. Mais il faut y aller \u00e9tape par \u00e9tape, sans se mettre de stress et\u00a0se projeter trop loin alors que \u00e7a ne sert \u00e0 rien. Plein de choses peuvent se passer d&rsquo;ici l\u00e0. Mais je sais aussi que toutes les comp\u00e9titions que je vais commencer \u00e0 partir de 2025 vont compter pour 2028. Donc il faut toujours se donner \u00e0 fond. Pour en revenir \u00e0 la soir\u00e9e, j&rsquo;\u00e9tais tr\u00e8s \u00e9mue de ce moment car c&rsquo;est la premi\u00e8re fois qu&rsquo;on honorait comme cela une personne \u00e0 mobilit\u00e9 r\u00e9duite, athl\u00e8te paralympique et noire. Je suis tellement fi\u00e8re d&rsquo;\u00eatre la premi\u00e8re femme belge en fauteuil \u00e0 avoir gagn\u00e9 la m\u00e9daille. Pour moi, ce fut un moment hyper fort parce que les gens s&rsquo;ouvrent enfin \u00e0 moi.<\/div>\n<div><\/div>\n<div>\n<div class=\"youtube-embed\" data-video_id=\"9nLg5LRZxw8\"><iframe loading=\"lazy\" title=\"Forbes Be Under 30: Lea Bayekula, Paralympic athlete\" width=\"696\" height=\"392\" src=\"https:\/\/www.youtube.com\/embed\/9nLg5LRZxw8?feature=oembed&#038;enablejsapi=1\" frameborder=\"0\" allow=\"accelerometer; autoplay; clipboard-write; encrypted-media; gyroscope; picture-in-picture; web-share\" referrerpolicy=\"strict-origin-when-cross-origin\" allowfullscreen><\/iframe><\/div>\n<\/div>\n<div><\/div>\n","protected":false},"excerpt":{"rendered":"<p>En quelques ann\u00e9es, L\u00e9a Bayekula s&rsquo;est impos\u00e9e comme l&rsquo;une des sprinteuses les plus talentueuses de sa g\u00e9n\u00e9ration dans la cat\u00e9gorie T54 pour les athl\u00e8tes en fauteuil roulant. Atteinte de spina bifida, elle a d\u00e9couvert l&rsquo;athl\u00e9tisme \u00e0 16 ans apr\u00e8s avoir pratiqu\u00e9 le basket en fauteuil. En 2021, elle remporte la m\u00e9daille de bronze sur le [&hellip;]<\/p>\n","protected":false},"author":37,"featured_media":8681,"comment_status":"closed","ping_status":"closed","sticky":false,"template":"","format":"standard","meta":{"_acf_changed":false,"inline_featured_image":false,"footnotes":""},"categories":[1,59],"tags":[],"class_list":{"0":"post-8655","1":"post","2":"type-post","3":"status-publish","4":"format-standard","5":"has-post-thumbnail","7":"category-actualite","8":"category-forbes-30-30"},"acf":[],"_yoast_wpseo_title":null,"_yoast_wpseo_metadesc":"Rencontre avec l'athl\u00e8te belge L\u00e9a Bayekula, double m\u00e9daill\u00e9e d'or aux Jeux paralympiques de Paris 2024","auteur_traducteur":"","yoast_head":"<!-- This site is optimized with the Yoast SEO plugin v27.4 - https:\/\/yoast.com\/product\/yoast-seo-wordpress\/ -->\n<title>L\u00e9a Bayekula, 30 under 30: &quot;Avant, j&#039;\u00e9tais L\u00e9a l&#039;handicap\u00e9e, aujourd&#039;hui, je suis L\u00e9a l&#039;athl\u00e8te&quot; | Forbes Belgique<\/title>\n<meta name=\"description\" content=\"Rencontre avec l&#039;athl\u00e8te belge L\u00e9a Bayekula, double m\u00e9daill\u00e9e d&#039;or aux Jeux paralympiques de Paris 2024\" \/>\n<meta name=\"robots\" content=\"index, follow, max-snippet:-1, max-image-preview:large, max-video-preview:-1\" \/>\n<link rel=\"canonical\" href=\"https:\/\/www.forbes.be\/fr\/lea-bayekula-30-under-30-avant-jetais-lea-lhandicapee-aujourdhui-je-suis-lea-lathlete\/\" \/>\n<meta property=\"og:locale\" content=\"fr_FR\" \/>\n<meta property=\"og:type\" content=\"article\" \/>\n<meta property=\"og:title\" content=\"L\u00e9a Bayekula, 30 under 30: &quot;Avant, j&#039;\u00e9tais L\u00e9a l&#039;handicap\u00e9e, aujourd&#039;hui, je suis L\u00e9a l&#039;athl\u00e8te&quot; | Forbes Belgique\" \/>\n<meta property=\"og:description\" content=\"Rencontre avec l&#039;athl\u00e8te belge L\u00e9a Bayekula, double m\u00e9daill\u00e9e d&#039;or aux Jeux paralympiques de Paris 2024\" \/>\n<meta property=\"og:url\" content=\"https:\/\/www.forbes.be\/fr\/lea-bayekula-30-under-30-avant-jetais-lea-lhandicapee-aujourdhui-je-suis-lea-lathlete\/\" \/>\n<meta property=\"og:site_name\" content=\"Forbes Belgique\" \/>\n<meta property=\"article:publisher\" content=\"https:\/\/www.facebook.com\/forbesbelgique\/\" \/>\n<meta property=\"article:published_time\" content=\"2025-04-15T05:00:43+00:00\" \/>\n<meta property=\"og:image\" content=\"https:\/\/www.forbes.be\/fr\/wp-content\/uploads\/2025\/02\/lea-3-scaled.jpg\" \/>\n\t<meta property=\"og:image:width\" content=\"2560\" \/>\n\t<meta property=\"og:image:height\" content=\"1440\" \/>\n\t<meta property=\"og:image:type\" content=\"image\/jpeg\" \/>\n<meta name=\"author\" content=\"Juan Godbille\" \/>\n<meta name=\"twitter:card\" content=\"summary_large_image\" \/>\n<meta name=\"twitter:label1\" content=\"\u00c9crit par\" \/>\n\t<meta name=\"twitter:data1\" content=\"Juan Godbille\" \/>\n\t<meta name=\"twitter:label2\" content=\"Dur\u00e9e de lecture estim\u00e9e\" \/>\n\t<meta name=\"twitter:data2\" content=\"7 minutes\" \/>\n<script type=\"application\/ld+json\" class=\"yoast-schema-graph\">{\"@context\":\"https:\\\/\\\/schema.org\",\"@graph\":[{\"@type\":\"NewsArticle\",\"@id\":\"https:\\\/\\\/www.forbes.be\\\/fr\\\/lea-bayekula-30-under-30-avant-jetais-lea-lhandicapee-aujourdhui-je-suis-lea-lathlete\\\/#article\",\"isPartOf\":{\"@id\":\"https:\\\/\\\/www.forbes.be\\\/fr\\\/lea-bayekula-30-under-30-avant-jetais-lea-lhandicapee-aujourdhui-je-suis-lea-lathlete\\\/\"},\"author\":{\"name\":\"Juan Godbille\",\"@id\":\"https:\\\/\\\/www.forbes.be\\\/fr\\\/#\\\/schema\\\/person\\\/0d449791ef6199da3d469eca714eb773\"},\"headline\":\"L\u00e9a Bayekula, 30 under 30: \u00ab\u00a0Avant, j&rsquo;\u00e9tais L\u00e9a l&rsquo;handicap\u00e9e, aujourd&rsquo;hui, je suis L\u00e9a l&rsquo;athl\u00e8te\u00a0\u00bb\",\"datePublished\":\"2025-04-15T05:00:43+00:00\",\"mainEntityOfPage\":{\"@id\":\"https:\\\/\\\/www.forbes.be\\\/fr\\\/lea-bayekula-30-under-30-avant-jetais-lea-lhandicapee-aujourdhui-je-suis-lea-lathlete\\\/\"},\"wordCount\":1330,\"publisher\":{\"@id\":\"https:\\\/\\\/www.forbes.be\\\/fr\\\/#organization\"},\"image\":{\"@id\":\"https:\\\/\\\/www.forbes.be\\\/fr\\\/lea-bayekula-30-under-30-avant-jetais-lea-lhandicapee-aujourdhui-je-suis-lea-lathlete\\\/#primaryimage\"},\"thumbnailUrl\":\"https:\\\/\\\/www.forbes.be\\\/fr\\\/wp-content\\\/uploads\\\/2025\\\/02\\\/lea-3-scaled.jpg\",\"articleSection\":[\"Actualit\u00e9s\",\"Forbes 30-30\"],\"inLanguage\":\"fr-FR\"},{\"@type\":\"WebPage\",\"@id\":\"https:\\\/\\\/www.forbes.be\\\/fr\\\/lea-bayekula-30-under-30-avant-jetais-lea-lhandicapee-aujourdhui-je-suis-lea-lathlete\\\/\",\"url\":\"https:\\\/\\\/www.forbes.be\\\/fr\\\/lea-bayekula-30-under-30-avant-jetais-lea-lhandicapee-aujourdhui-je-suis-lea-lathlete\\\/\",\"name\":\"L\u00e9a Bayekula, 30 under 30: \\\"Avant, j'\u00e9tais L\u00e9a l'handicap\u00e9e, aujourd'hui, je suis L\u00e9a l'athl\u00e8te\\\" | Forbes Belgique\",\"isPartOf\":{\"@id\":\"https:\\\/\\\/www.forbes.be\\\/fr\\\/#website\"},\"primaryImageOfPage\":{\"@id\":\"https:\\\/\\\/www.forbes.be\\\/fr\\\/lea-bayekula-30-under-30-avant-jetais-lea-lhandicapee-aujourdhui-je-suis-lea-lathlete\\\/#primaryimage\"},\"image\":{\"@id\":\"https:\\\/\\\/www.forbes.be\\\/fr\\\/lea-bayekula-30-under-30-avant-jetais-lea-lhandicapee-aujourdhui-je-suis-lea-lathlete\\\/#primaryimage\"},\"thumbnailUrl\":\"https:\\\/\\\/www.forbes.be\\\/fr\\\/wp-content\\\/uploads\\\/2025\\\/02\\\/lea-3-scaled.jpg\",\"datePublished\":\"2025-04-15T05:00:43+00:00\",\"description\":\"Rencontre avec l'athl\u00e8te belge L\u00e9a Bayekula, double m\u00e9daill\u00e9e d'or aux Jeux paralympiques de Paris 2024\",\"breadcrumb\":{\"@id\":\"https:\\\/\\\/www.forbes.be\\\/fr\\\/lea-bayekula-30-under-30-avant-jetais-lea-lhandicapee-aujourdhui-je-suis-lea-lathlete\\\/#breadcrumb\"},\"inLanguage\":\"fr-FR\",\"potentialAction\":[{\"@type\":\"ReadAction\",\"target\":[\"https:\\\/\\\/www.forbes.be\\\/fr\\\/lea-bayekula-30-under-30-avant-jetais-lea-lhandicapee-aujourdhui-je-suis-lea-lathlete\\\/\"]}]},{\"@type\":\"ImageObject\",\"inLanguage\":\"fr-FR\",\"@id\":\"https:\\\/\\\/www.forbes.be\\\/fr\\\/lea-bayekula-30-under-30-avant-jetais-lea-lhandicapee-aujourdhui-je-suis-lea-lathlete\\\/#primaryimage\",\"url\":\"https:\\\/\\\/www.forbes.be\\\/fr\\\/wp-content\\\/uploads\\\/2025\\\/02\\\/lea-3-scaled.jpg\",\"contentUrl\":\"https:\\\/\\\/www.forbes.be\\\/fr\\\/wp-content\\\/uploads\\\/2025\\\/02\\\/lea-3-scaled.jpg\",\"width\":2560,\"height\":1440,\"caption\":\"Le\u0301a Bayekula \u00a9AS Agency\"},{\"@type\":\"BreadcrumbList\",\"@id\":\"https:\\\/\\\/www.forbes.be\\\/fr\\\/lea-bayekula-30-under-30-avant-jetais-lea-lhandicapee-aujourdhui-je-suis-lea-lathlete\\\/#breadcrumb\",\"itemListElement\":[{\"@type\":\"ListItem\",\"position\":1,\"name\":\"Accueil\",\"item\":\"https:\\\/\\\/www.forbes.be\\\/fr\\\/\"},{\"@type\":\"ListItem\",\"position\":2,\"name\":\"L\u00e9a Bayekula, 30 under 30: \u00ab\u00a0Avant, j&rsquo;\u00e9tais L\u00e9a l&rsquo;handicap\u00e9e, aujourd&rsquo;hui, je suis L\u00e9a l&rsquo;athl\u00e8te\u00a0\u00bb\"}]},{\"@type\":\"WebSite\",\"@id\":\"https:\\\/\\\/www.forbes.be\\\/fr\\\/#website\",\"url\":\"https:\\\/\\\/www.forbes.be\\\/fr\\\/\",\"name\":\"Forbes Belgique\",\"description\":\"\",\"publisher\":{\"@id\":\"https:\\\/\\\/www.forbes.be\\\/fr\\\/#organization\"},\"potentialAction\":[{\"@type\":\"SearchAction\",\"target\":{\"@type\":\"EntryPoint\",\"urlTemplate\":\"https:\\\/\\\/www.forbes.be\\\/fr\\\/?s={search_term_string}\"},\"query-input\":{\"@type\":\"PropertyValueSpecification\",\"valueRequired\":true,\"valueName\":\"search_term_string\"}}],\"inLanguage\":\"fr-FR\"},{\"@type\":\"Organization\",\"@id\":\"https:\\\/\\\/www.forbes.be\\\/fr\\\/#organization\",\"name\":\"Forbes Belgique\",\"url\":\"https:\\\/\\\/www.forbes.be\\\/fr\\\/\",\"logo\":{\"@type\":\"ImageObject\",\"inLanguage\":\"fr-FR\",\"@id\":\"https:\\\/\\\/www.forbes.be\\\/fr\\\/#\\\/schema\\\/logo\\\/image\\\/\",\"url\":\"https:\\\/\\\/www.forbes.be\\\/fr\\\/wp-content\\\/uploads\\\/2024\\\/02\\\/forbes.be_.png\",\"contentUrl\":\"https:\\\/\\\/www.forbes.be\\\/fr\\\/wp-content\\\/uploads\\\/2024\\\/02\\\/forbes.be_.png\",\"width\":1200,\"height\":675,\"caption\":\"Forbes Belgique\"},\"image\":{\"@id\":\"https:\\\/\\\/www.forbes.be\\\/fr\\\/#\\\/schema\\\/logo\\\/image\\\/\"},\"sameAs\":[\"https:\\\/\\\/www.facebook.com\\\/forbesbelgique\\\/\",\"https:\\\/\\\/www.instagram.com\\\/Forbes_Belgium\",\"https:\\\/\\\/www.linkedin.com\\\/company\\\/forbes-belgium\\\/\"]},{\"@type\":\"Person\",\"@id\":\"https:\\\/\\\/www.forbes.be\\\/fr\\\/#\\\/schema\\\/person\\\/0d449791ef6199da3d469eca714eb773\",\"name\":\"Juan Godbille\",\"image\":{\"@type\":\"ImageObject\",\"inLanguage\":\"fr-FR\",\"@id\":\"https:\\\/\\\/secure.gravatar.com\\\/avatar\\\/de6d740453251c69ae34e42cfef9688bc2a5c942d7cab09074e7064fbac13ac9?s=96&d=mm&r=g\",\"url\":\"https:\\\/\\\/secure.gravatar.com\\\/avatar\\\/de6d740453251c69ae34e42cfef9688bc2a5c942d7cab09074e7064fbac13ac9?s=96&d=mm&r=g\",\"contentUrl\":\"https:\\\/\\\/secure.gravatar.com\\\/avatar\\\/de6d740453251c69ae34e42cfef9688bc2a5c942d7cab09074e7064fbac13ac9?s=96&d=mm&r=g\",\"caption\":\"Juan Godbille\"},\"url\":\"https:\\\/\\\/www.forbes.be\\\/fr\\\/author\\\/juan-godbille\\\/\"}]}<\/script>\n<!-- \/ Yoast SEO plugin. -->","yoast_head_json":{"title":"L\u00e9a Bayekula, 30 under 30: \"Avant, j'\u00e9tais L\u00e9a l'handicap\u00e9e, aujourd'hui, je suis L\u00e9a l'athl\u00e8te\" | Forbes Belgique","description":"Rencontre avec l'athl\u00e8te belge L\u00e9a Bayekula, double m\u00e9daill\u00e9e d'or aux Jeux paralympiques de Paris 2024","robots":{"index":"index","follow":"follow","max-snippet":"max-snippet:-1","max-image-preview":"max-image-preview:large","max-video-preview":"max-video-preview:-1"},"canonical":"https:\/\/www.forbes.be\/fr\/lea-bayekula-30-under-30-avant-jetais-lea-lhandicapee-aujourdhui-je-suis-lea-lathlete\/","og_locale":"fr_FR","og_type":"article","og_title":"L\u00e9a Bayekula, 30 under 30: \"Avant, j'\u00e9tais L\u00e9a l'handicap\u00e9e, aujourd'hui, je suis L\u00e9a l'athl\u00e8te\" | Forbes Belgique","og_description":"Rencontre avec l'athl\u00e8te belge L\u00e9a Bayekula, double m\u00e9daill\u00e9e d'or aux Jeux paralympiques de Paris 2024","og_url":"https:\/\/www.forbes.be\/fr\/lea-bayekula-30-under-30-avant-jetais-lea-lhandicapee-aujourdhui-je-suis-lea-lathlete\/","og_site_name":"Forbes Belgique","article_publisher":"https:\/\/www.facebook.com\/forbesbelgique\/","article_published_time":"2025-04-15T05:00:43+00:00","og_image":[{"width":2560,"height":1440,"url":"https:\/\/www.forbes.be\/fr\/wp-content\/uploads\/2025\/02\/lea-3-scaled.jpg","type":"image\/jpeg"}],"author":"Juan Godbille","twitter_card":"summary_large_image","twitter_misc":{"\u00c9crit par":"Juan Godbille","Dur\u00e9e de lecture estim\u00e9e":"7 minutes"},"schema":{"@context":"https:\/\/schema.org","@graph":[{"@type":"NewsArticle","@id":"https:\/\/www.forbes.be\/fr\/lea-bayekula-30-under-30-avant-jetais-lea-lhandicapee-aujourdhui-je-suis-lea-lathlete\/#article","isPartOf":{"@id":"https:\/\/www.forbes.be\/fr\/lea-bayekula-30-under-30-avant-jetais-lea-lhandicapee-aujourdhui-je-suis-lea-lathlete\/"},"author":{"name":"Juan Godbille","@id":"https:\/\/www.forbes.be\/fr\/#\/schema\/person\/0d449791ef6199da3d469eca714eb773"},"headline":"L\u00e9a Bayekula, 30 under 30: \u00ab\u00a0Avant, j&rsquo;\u00e9tais L\u00e9a l&rsquo;handicap\u00e9e, aujourd&rsquo;hui, je suis L\u00e9a l&rsquo;athl\u00e8te\u00a0\u00bb","datePublished":"2025-04-15T05:00:43+00:00","mainEntityOfPage":{"@id":"https:\/\/www.forbes.be\/fr\/lea-bayekula-30-under-30-avant-jetais-lea-lhandicapee-aujourdhui-je-suis-lea-lathlete\/"},"wordCount":1330,"publisher":{"@id":"https:\/\/www.forbes.be\/fr\/#organization"},"image":{"@id":"https:\/\/www.forbes.be\/fr\/lea-bayekula-30-under-30-avant-jetais-lea-lhandicapee-aujourdhui-je-suis-lea-lathlete\/#primaryimage"},"thumbnailUrl":"https:\/\/www.forbes.be\/fr\/wp-content\/uploads\/2025\/02\/lea-3-scaled.jpg","articleSection":["Actualit\u00e9s","Forbes 30-30"],"inLanguage":"fr-FR"},{"@type":"WebPage","@id":"https:\/\/www.forbes.be\/fr\/lea-bayekula-30-under-30-avant-jetais-lea-lhandicapee-aujourdhui-je-suis-lea-lathlete\/","url":"https:\/\/www.forbes.be\/fr\/lea-bayekula-30-under-30-avant-jetais-lea-lhandicapee-aujourdhui-je-suis-lea-lathlete\/","name":"L\u00e9a Bayekula, 30 under 30: \"Avant, j'\u00e9tais L\u00e9a l'handicap\u00e9e, aujourd'hui, je suis L\u00e9a l'athl\u00e8te\" | Forbes Belgique","isPartOf":{"@id":"https:\/\/www.forbes.be\/fr\/#website"},"primaryImageOfPage":{"@id":"https:\/\/www.forbes.be\/fr\/lea-bayekula-30-under-30-avant-jetais-lea-lhandicapee-aujourdhui-je-suis-lea-lathlete\/#primaryimage"},"image":{"@id":"https:\/\/www.forbes.be\/fr\/lea-bayekula-30-under-30-avant-jetais-lea-lhandicapee-aujourdhui-je-suis-lea-lathlete\/#primaryimage"},"thumbnailUrl":"https:\/\/www.forbes.be\/fr\/wp-content\/uploads\/2025\/02\/lea-3-scaled.jpg","datePublished":"2025-04-15T05:00:43+00:00","description":"Rencontre avec l'athl\u00e8te belge L\u00e9a Bayekula, double m\u00e9daill\u00e9e d'or aux Jeux paralympiques de Paris 2024","breadcrumb":{"@id":"https:\/\/www.forbes.be\/fr\/lea-bayekula-30-under-30-avant-jetais-lea-lhandicapee-aujourdhui-je-suis-lea-lathlete\/#breadcrumb"},"inLanguage":"fr-FR","potentialAction":[{"@type":"ReadAction","target":["https:\/\/www.forbes.be\/fr\/lea-bayekula-30-under-30-avant-jetais-lea-lhandicapee-aujourdhui-je-suis-lea-lathlete\/"]}]},{"@type":"ImageObject","inLanguage":"fr-FR","@id":"https:\/\/www.forbes.be\/fr\/lea-bayekula-30-under-30-avant-jetais-lea-lhandicapee-aujourdhui-je-suis-lea-lathlete\/#primaryimage","url":"https:\/\/www.forbes.be\/fr\/wp-content\/uploads\/2025\/02\/lea-3-scaled.jpg","contentUrl":"https:\/\/www.forbes.be\/fr\/wp-content\/uploads\/2025\/02\/lea-3-scaled.jpg","width":2560,"height":1440,"caption":"Le\u0301a Bayekula \u00a9AS Agency"},{"@type":"BreadcrumbList","@id":"https:\/\/www.forbes.be\/fr\/lea-bayekula-30-under-30-avant-jetais-lea-lhandicapee-aujourdhui-je-suis-lea-lathlete\/#breadcrumb","itemListElement":[{"@type":"ListItem","position":1,"name":"Accueil","item":"https:\/\/www.forbes.be\/fr\/"},{"@type":"ListItem","position":2,"name":"L\u00e9a Bayekula, 30 under 30: \u00ab\u00a0Avant, j&rsquo;\u00e9tais L\u00e9a l&rsquo;handicap\u00e9e, aujourd&rsquo;hui, je suis L\u00e9a l&rsquo;athl\u00e8te\u00a0\u00bb"}]},{"@type":"WebSite","@id":"https:\/\/www.forbes.be\/fr\/#website","url":"https:\/\/www.forbes.be\/fr\/","name":"Forbes Belgique","description":"","publisher":{"@id":"https:\/\/www.forbes.be\/fr\/#organization"},"potentialAction":[{"@type":"SearchAction","target":{"@type":"EntryPoint","urlTemplate":"https:\/\/www.forbes.be\/fr\/?s={search_term_string}"},"query-input":{"@type":"PropertyValueSpecification","valueRequired":true,"valueName":"search_term_string"}}],"inLanguage":"fr-FR"},{"@type":"Organization","@id":"https:\/\/www.forbes.be\/fr\/#organization","name":"Forbes Belgique","url":"https:\/\/www.forbes.be\/fr\/","logo":{"@type":"ImageObject","inLanguage":"fr-FR","@id":"https:\/\/www.forbes.be\/fr\/#\/schema\/logo\/image\/","url":"https:\/\/www.forbes.be\/fr\/wp-content\/uploads\/2024\/02\/forbes.be_.png","contentUrl":"https:\/\/www.forbes.be\/fr\/wp-content\/uploads\/2024\/02\/forbes.be_.png","width":1200,"height":675,"caption":"Forbes Belgique"},"image":{"@id":"https:\/\/www.forbes.be\/fr\/#\/schema\/logo\/image\/"},"sameAs":["https:\/\/www.facebook.com\/forbesbelgique\/","https:\/\/www.instagram.com\/Forbes_Belgium","https:\/\/www.linkedin.com\/company\/forbes-belgium\/"]},{"@type":"Person","@id":"https:\/\/www.forbes.be\/fr\/#\/schema\/person\/0d449791ef6199da3d469eca714eb773","name":"Juan Godbille","image":{"@type":"ImageObject","inLanguage":"fr-FR","@id":"https:\/\/secure.gravatar.com\/avatar\/de6d740453251c69ae34e42cfef9688bc2a5c942d7cab09074e7064fbac13ac9?s=96&d=mm&r=g","url":"https:\/\/secure.gravatar.com\/avatar\/de6d740453251c69ae34e42cfef9688bc2a5c942d7cab09074e7064fbac13ac9?s=96&d=mm&r=g","contentUrl":"https:\/\/secure.gravatar.com\/avatar\/de6d740453251c69ae34e42cfef9688bc2a5c942d7cab09074e7064fbac13ac9?s=96&d=mm&r=g","caption":"Juan Godbille"},"url":"https:\/\/www.forbes.be\/fr\/author\/juan-godbille\/"}]}},"_links":{"self":[{"href":"https:\/\/www.forbes.be\/fr\/wp-json\/wp\/v2\/posts\/8655","targetHints":{"allow":["GET"]}}],"collection":[{"href":"https:\/\/www.forbes.be\/fr\/wp-json\/wp\/v2\/posts"}],"about":[{"href":"https:\/\/www.forbes.be\/fr\/wp-json\/wp\/v2\/types\/post"}],"author":[{"embeddable":true,"href":"https:\/\/www.forbes.be\/fr\/wp-json\/wp\/v2\/users\/37"}],"replies":[{"embeddable":true,"href":"https:\/\/www.forbes.be\/fr\/wp-json\/wp\/v2\/comments?post=8655"}],"version-history":[{"count":6,"href":"https:\/\/www.forbes.be\/fr\/wp-json\/wp\/v2\/posts\/8655\/revisions"}],"predecessor-version":[{"id":9566,"href":"https:\/\/www.forbes.be\/fr\/wp-json\/wp\/v2\/posts\/8655\/revisions\/9566"}],"wp:featuredmedia":[{"embeddable":true,"href":"https:\/\/www.forbes.be\/fr\/wp-json\/wp\/v2\/media\/8681"}],"wp:attachment":[{"href":"https:\/\/www.forbes.be\/fr\/wp-json\/wp\/v2\/media?parent=8655"}],"wp:term":[{"taxonomy":"category","embeddable":true,"href":"https:\/\/www.forbes.be\/fr\/wp-json\/wp\/v2\/categories?post=8655"},{"taxonomy":"post_tag","embeddable":true,"href":"https:\/\/www.forbes.be\/fr\/wp-json\/wp\/v2\/tags?post=8655"}],"curies":[{"name":"wp","href":"https:\/\/api.w.org\/{rel}","templated":true}]}}