{"id":8722,"date":"2025-02-13T15:55:13","date_gmt":"2025-02-13T14:55:13","guid":{"rendered":"https:\/\/www.forbes.be\/fr\/?p=8722"},"modified":"2025-02-13T16:25:35","modified_gmt":"2025-02-13T15:25:35","slug":"tajan-se-lance-dans-la-vente-aux-encheres-de-mangas-et-de-japanimation","status":"publish","type":"post","link":"https:\/\/www.forbes.be\/fr\/tajan-se-lance-dans-la-vente-aux-encheres-de-mangas-et-de-japanimation\/","title":{"rendered":"Tajan se lance dans la vente aux ench\u00e8res de mangas et de japanimation"},"content":{"rendered":"<p data-pm-slice=\"1 1 []\"><strong>La maison de ventes aux ench\u00e8res Tajan organise, le 8 mars 2025 \u00e0 Paris, sa premi\u00e8re vente consacr\u00e9e aux mangas et \u00e0 la japanimation. Un secteur en pleine expansion, o\u00f9 certaines pi\u00e8ces, issues de franchises mythiques comme <em>Dragon Ball Z<\/em>, <em>Nausica\u00e4<\/em> ou <em>Goldorak<\/em>, pourraient atteindre des montants records d\u00e9passant les 50 000 \u20ac. Analyse d&rsquo;un march\u00e9 en plein essor.<\/strong><\/p>\n<div>\n<hr \/>\n<\/div>\n<h2 data-pm-slice=\"1 1 []\"><strong>Un march\u00e9 en croissance : les ench\u00e8res de mangas gagnent du terrain<\/strong><\/h2>\n<p>En 2023, les ventes de mangas en France ont connu un l\u00e9ger recul, mais restent n\u00e9anmoins impressionnantes. Environ 39,6 millions d&rsquo;exemplaires ont \u00e9t\u00e9 vendus, g\u00e9n\u00e9rant un chiffre d&rsquo;affaires de 331 millions d&rsquo;euros<span class=\"whitespace-nowrap\">.<\/span>\u00a0Malgr\u00e9 cette baisse de 18% en volume par rapport \u00e0 2022, le manga repr\u00e9sente toujours plus de la moiti\u00e9 des ventes de bandes dessin\u00e9es en France<\/p>\n<p>Avec une popularit\u00e9 confirm\u00e9e du <strong>manga<\/strong> en France, premier march\u00e9 mondial hors Japon, l&rsquo;initiative de <a href=\"https:\/\/www.tajan.com\/fr\/auction\/2519-univers-de-la-bande-dessinee-mangas-comics\/\" target=\"_blank\" rel=\"noopener\"><strong>Tajan<\/strong><\/a> semble strat\u00e9gique. Depuis plusieurs ann\u00e9es, les ventes aux ench\u00e8res de <strong>bandes dessin\u00e9es<\/strong> connaissent un v\u00e9ritable engouement, avec une progression annuelle de 12% du chiffre d&rsquo;affaires dans ce secteur, port\u00e9 par des <strong>collectionneurs<\/strong> et des <strong>investisseurs<\/strong> en qu\u00eate de pi\u00e8ces rares.<\/p>\n<figure id=\"attachment_8727\" aria-describedby=\"caption-attachment-8727\" style=\"width: 490px\" class=\"wp-caption aligncenter\"><img loading=\"lazy\" decoding=\"async\" class=\"wp-image-8727 size-full\" src=\"https:\/\/www.forbes.be\/fr\/wp-content\/uploads\/2025\/02\/tajan-manga-3.jpg\" alt=\"\" width=\"490\" height=\"415\" srcset=\"https:\/\/www.forbes.be\/fr\/wp-content\/uploads\/2025\/02\/tajan-manga-3.jpg 490w, https:\/\/www.forbes.be\/fr\/wp-content\/uploads\/2025\/02\/tajan-manga-3-300x254.jpg 300w\" sizes=\"auto, (max-width: 490px) 100vw, 490px\" \/><figcaption id=\"caption-attachment-8727\" class=\"wp-caption-text\">Go Naga\u00ef (1945) &#8211; Studio Toei<br \/>Goldorak \/ UFO Grendizer,1974 &#8211; Studio Toei<\/figcaption><\/figure>\n<p>L&rsquo;ouverture de <strong>Tajan<\/strong> \u00e0 la <em>japanimation<\/em> et aux comics marque une diversification importante de son offre.<\/p>\n<h2><strong>Grands classiques et \u00e9toiles montantes<\/strong><\/h2>\n<p>Parmi les pi\u00e8ces majeures, on retrouve des cellulo\u00efds originaux de <em>Nausica\u00e4 de la Vall\u00e9e du Vent<\/em> et <em>Le Ch\u00e2teau dans le Ciel<\/em>, dont les estimations oscillent entre 8 000 et 16 000 \u20ac. Des dessins de <em>Dragon Ball Z<\/em>, \u00e9valu\u00e9s entre 2 000 et 4 000 \u20ac, ainsi que des planches sign\u00e9es par des <strong>artistes<\/strong> incontournables comme <strong>Osamu Tezuka<\/strong> (<em>Astro Boy<\/em>, <em>Princesse Saphir<\/em>), dont certaines atteignent les 18 000 \u20ac.<\/p>\n<figure id=\"attachment_8726\" aria-describedby=\"caption-attachment-8726\" style=\"width: 497px\" class=\"wp-caption aligncenter\"><img loading=\"lazy\" decoding=\"async\" class=\"wp-image-8726 size-full\" src=\"https:\/\/www.forbes.be\/fr\/wp-content\/uploads\/2025\/02\/tajan-manga-2.jpg\" alt=\"\" width=\"497\" height=\"432\" srcset=\"https:\/\/www.forbes.be\/fr\/wp-content\/uploads\/2025\/02\/tajan-manga-2.jpg 497w, https:\/\/www.forbes.be\/fr\/wp-content\/uploads\/2025\/02\/tajan-manga-2-300x261.jpg 300w\" sizes=\"auto, (max-width: 497px) 100vw, 497px\" \/><figcaption id=\"caption-attachment-8726\" class=\"wp-caption-text\">Akira Toriyama (1955 &#8211; 2024)<br \/>Dragon Ball Z &#8211; 1989 &#8211; Studio Toei<\/figcaption><\/figure>\n<p>C\u00f4t\u00e9 BD franco-belge, la vente proposera des \u0153uvres rares d&rsquo;Herg\u00e9 et Hugo Pratt, avec des estimations pouvant aller jusqu&rsquo;\u00e0 50 000 \u20ac, renfor\u00e7ant l&rsquo;attrait pour les <strong>collectionneurs<\/strong> de tous horizons.<\/p>\n<h2><strong>Un secteur d&rsquo;investissement en pleine mutation<\/strong><\/h2>\n<p>Selon les donn\u00e9es les plus r\u00e9centes, le march\u00e9 de la bande dessin\u00e9e et du manga en France a g\u00e9n\u00e9r\u00e9 un chiffre d&rsquo;affaires de 837 millions d&rsquo;euros en 2024<span class=\"whitespace-nowrap\">. P<\/span>ar rapport \u00e0 2023, cela repr\u00e9sente pour le march\u00e9 un recul pour la deuxi\u00e8me ann\u00e9e cons\u00e9cutive.\u00a0Les ventes ont diminu\u00e9 de 9% en volume par rapport \u00e0 2023. Le chiffre d&rsquo;affaires a, quant \u00e0 lui, baiss\u00e9 de 4% par rapport \u00e0 2023<span class=\"whitespace-nowrap\">.<\/span><\/p>\n<p>Malgr\u00e9 ce recul, il est important de noter que le march\u00e9 de la BD et du manga en France reste \u00e0 un niveau \u00e9lev\u00e9 par rapport aux ann\u00e9es pr\u00e9c\u00e9dentes. En effet, le chiffre d&rsquo;affaires de 837 millions d&rsquo;euros en 2024 repr\u00e9sente une progression de 50% par rapport \u00e0 l&rsquo;ann\u00e9e de r\u00e9f\u00e9rence 2019.<\/p>\n<figure id=\"attachment_8725\" aria-describedby=\"caption-attachment-8725\" style=\"width: 939px\" class=\"wp-caption alignnone\"><img loading=\"lazy\" decoding=\"async\" class=\"wp-image-8725 size-full\" src=\"https:\/\/www.forbes.be\/fr\/wp-content\/uploads\/2025\/02\/tajan-manga.jpg\" alt=\"\" width=\"939\" height=\"657\" srcset=\"https:\/\/www.forbes.be\/fr\/wp-content\/uploads\/2025\/02\/tajan-manga.jpg 939w, https:\/\/www.forbes.be\/fr\/wp-content\/uploads\/2025\/02\/tajan-manga-300x210.jpg 300w, https:\/\/www.forbes.be\/fr\/wp-content\/uploads\/2025\/02\/tajan-manga-768x537.jpg 768w, https:\/\/www.forbes.be\/fr\/wp-content\/uploads\/2025\/02\/tajan-manga-696x487.jpg 696w, https:\/\/www.forbes.be\/fr\/wp-content\/uploads\/2025\/02\/tajan-manga-600x420.jpg 600w\" sizes=\"auto, (max-width: 939px) 100vw, 939px\" \/><figcaption id=\"caption-attachment-8725\" class=\"wp-caption-text\">Satoshi Tajiri (1965) \/ Jun&rsquo;ichi Masuda (1968) \/ Ken Sugimori (1966) Pok\u00e9mon, 1997 \u2013 OLM<\/figcaption><\/figure>\n<p>\u00c0 contrario, l&rsquo;essor des ventes aux ench\u00e8res de <strong>mangas<\/strong> et d&rsquo;<strong>anim\u00e9<\/strong> traduit une transformation du <strong>march\u00e9 de l&rsquo;art<\/strong>, o\u00f9 les supports traditionnels laissent place \u00e0 la culture pop.<\/p>\n<p>Les prix peuvent atteindre des sommets, \u00e0 l&rsquo;image des records r\u00e9cents enregistr\u00e9s par certaines planches d&rsquo;Ast\u00e9rix ou de <em>Tintin<\/em>, qui se sont envol\u00e9es au-del\u00e0 des 2 millions d&rsquo;euros. Cette vente pourrait \u00eatre un test d\u00e9cisif pour \u00e9valuer l&rsquo;app\u00e9tit des collectionneurs pour ce segment sp\u00e9cifique.<\/p>\n<h2><strong>Un \u00e9v\u00e9nement \u00e0 suivre de pr\u00e8s<\/strong><\/h2>\n<p>La vente aux ench\u00e8res se tiendra le samedi 8 mars 2025, avec une <strong>exposition<\/strong> pr\u00e9alable du 4 au 7 mars. Avec des pi\u00e8ces dont les prix d\u2019adjudication pourraient exc\u00e9der largement leurs estimations, l\u2019\u00e9v\u00e9nement pourrait bien marquer un tournant pour le march\u00e9 des ench\u00e8res de <strong>mangas<\/strong> et d\u2019anim\u00e9. Reste \u00e0 voir si ce nouvel horizon de la <strong>collection<\/strong> saura conqu\u00e9rir un public aussi passionn\u00e9 qu&rsquo;exigeant.<\/p>\n<p>&nbsp;<\/p>\n","protected":false},"excerpt":{"rendered":"<p>La maison de ventes aux ench\u00e8res Tajan organise, le 8 mars 2025 \u00e0 Paris, sa premi\u00e8re vente consacr\u00e9e aux mangas et \u00e0 la japanimation. Un secteur en pleine expansion, o\u00f9 certaines pi\u00e8ces, issues de franchises mythiques comme Dragon Ball Z, Nausica\u00e4 ou Goldorak, pourraient atteindre des montants records d\u00e9passant les 50 000 \u20ac. Analyse d&rsquo;un [&hellip;]<\/p>\n","protected":false},"author":47,"featured_media":8730,"comment_status":"closed","ping_status":"closed","sticky":false,"template":"","format":"standard","meta":{"_acf_changed":false,"inline_featured_image":false,"footnotes":""},"categories":[1,62],"tags":[],"class_list":{"0":"post-8722","1":"post","2":"type-post","3":"status-publish","4":"format-standard","5":"has-post-thumbnail","7":"category-actualite","8":"category-marche-de-lart"},"acf":[],"_yoast_wpseo_title":null,"_yoast_wpseo_metadesc":"D\u00e9couvrez la premi\u00e8re vente aux ench\u00e8res de mangas et de japanimation organis\u00e9e par Tajan le 8 mars 2025 \u00e0 Paris. Une opportunit\u00e9 unique pour collectionneurs et investisseurs, avec des pi\u00e8ces rares de Dragon Ball Z, Nausica\u00e4, Goldorak et bien plus encore.","auteur_traducteur":"","yoast_head":"<!-- This site is optimized with the Yoast SEO plugin v27.4 - https:\/\/yoast.com\/product\/yoast-seo-wordpress\/ -->\n<title>Tajan se lance dans la vente aux ench\u00e8res de mangas et de japanimation | Forbes Belgique<\/title>\n<meta name=\"description\" content=\"D\u00e9couvrez la premi\u00e8re vente aux ench\u00e8res de mangas et de japanimation organis\u00e9e par Tajan le 8 mars 2025 \u00e0 Paris. Une opportunit\u00e9 unique pour collectionneurs et investisseurs, avec des pi\u00e8ces rares de Dragon Ball Z, Nausica\u00e4, Goldorak et bien plus encore.\" \/>\n<meta name=\"robots\" content=\"index, follow, max-snippet:-1, max-image-preview:large, max-video-preview:-1\" \/>\n<link rel=\"canonical\" href=\"https:\/\/www.forbes.be\/fr\/tajan-se-lance-dans-la-vente-aux-encheres-de-mangas-et-de-japanimation\/\" \/>\n<meta property=\"og:locale\" content=\"fr_FR\" \/>\n<meta property=\"og:type\" content=\"article\" \/>\n<meta property=\"og:title\" content=\"Tajan se lance dans la vente aux ench\u00e8res de mangas et de japanimation | Forbes Belgique\" \/>\n<meta property=\"og:description\" content=\"D\u00e9couvrez la premi\u00e8re vente aux ench\u00e8res de mangas et de japanimation organis\u00e9e par Tajan le 8 mars 2025 \u00e0 Paris. Une opportunit\u00e9 unique pour collectionneurs et investisseurs, avec des pi\u00e8ces rares de Dragon Ball Z, Nausica\u00e4, Goldorak et bien plus encore.\" \/>\n<meta property=\"og:url\" content=\"https:\/\/www.forbes.be\/fr\/tajan-se-lance-dans-la-vente-aux-encheres-de-mangas-et-de-japanimation\/\" \/>\n<meta property=\"og:site_name\" content=\"Forbes Belgique\" \/>\n<meta property=\"article:publisher\" content=\"https:\/\/www.facebook.com\/forbesbelgique\/\" \/>\n<meta property=\"article:published_time\" content=\"2025-02-13T14:55:13+00:00\" \/>\n<meta property=\"article:modified_time\" content=\"2025-02-13T15:25:35+00:00\" \/>\n<meta property=\"og:image\" content=\"https:\/\/www.forbes.be\/fr\/wp-content\/uploads\/2025\/02\/tajan-manga-5.jpg\" \/>\n\t<meta property=\"og:image:width\" content=\"1240\" \/>\n\t<meta property=\"og:image:height\" content=\"845\" \/>\n\t<meta property=\"og:image:type\" content=\"image\/jpeg\" \/>\n<meta name=\"author\" content=\"Martin Boonen\" \/>\n<meta name=\"twitter:card\" content=\"summary_large_image\" \/>\n<meta name=\"twitter:label1\" content=\"\u00c9crit par\" \/>\n\t<meta name=\"twitter:data1\" content=\"Martin Boonen\" \/>\n\t<meta name=\"twitter:label2\" content=\"Dur\u00e9e de lecture estim\u00e9e\" \/>\n\t<meta name=\"twitter:data2\" content=\"4 minutes\" \/>\n<script type=\"application\/ld+json\" class=\"yoast-schema-graph\">{\"@context\":\"https:\\\/\\\/schema.org\",\"@graph\":[{\"@type\":\"NewsArticle\",\"@id\":\"https:\\\/\\\/www.forbes.be\\\/fr\\\/tajan-se-lance-dans-la-vente-aux-encheres-de-mangas-et-de-japanimation\\\/#article\",\"isPartOf\":{\"@id\":\"https:\\\/\\\/www.forbes.be\\\/fr\\\/tajan-se-lance-dans-la-vente-aux-encheres-de-mangas-et-de-japanimation\\\/\"},\"author\":{\"name\":\"Martin Boonen\",\"@id\":\"https:\\\/\\\/www.forbes.be\\\/fr\\\/#\\\/schema\\\/person\\\/5e9af5383f8e0ffec564788f40ac92c8\"},\"headline\":\"Tajan se lance dans la vente aux ench\u00e8res de mangas et de japanimation\",\"datePublished\":\"2025-02-13T14:55:13+00:00\",\"dateModified\":\"2025-02-13T15:25:35+00:00\",\"mainEntityOfPage\":{\"@id\":\"https:\\\/\\\/www.forbes.be\\\/fr\\\/tajan-se-lance-dans-la-vente-aux-encheres-de-mangas-et-de-japanimation\\\/\"},\"wordCount\":646,\"publisher\":{\"@id\":\"https:\\\/\\\/www.forbes.be\\\/fr\\\/#organization\"},\"image\":{\"@id\":\"https:\\\/\\\/www.forbes.be\\\/fr\\\/tajan-se-lance-dans-la-vente-aux-encheres-de-mangas-et-de-japanimation\\\/#primaryimage\"},\"thumbnailUrl\":\"https:\\\/\\\/www.forbes.be\\\/fr\\\/wp-content\\\/uploads\\\/2025\\\/02\\\/tajan-manga-5.jpg\",\"articleSection\":[\"Actualit\u00e9s\",\"March\u00e9 de l'art\"],\"inLanguage\":\"fr-FR\"},{\"@type\":\"WebPage\",\"@id\":\"https:\\\/\\\/www.forbes.be\\\/fr\\\/tajan-se-lance-dans-la-vente-aux-encheres-de-mangas-et-de-japanimation\\\/\",\"url\":\"https:\\\/\\\/www.forbes.be\\\/fr\\\/tajan-se-lance-dans-la-vente-aux-encheres-de-mangas-et-de-japanimation\\\/\",\"name\":\"Tajan se lance dans la vente aux ench\u00e8res de mangas et de japanimation | Forbes Belgique\",\"isPartOf\":{\"@id\":\"https:\\\/\\\/www.forbes.be\\\/fr\\\/#website\"},\"primaryImageOfPage\":{\"@id\":\"https:\\\/\\\/www.forbes.be\\\/fr\\\/tajan-se-lance-dans-la-vente-aux-encheres-de-mangas-et-de-japanimation\\\/#primaryimage\"},\"image\":{\"@id\":\"https:\\\/\\\/www.forbes.be\\\/fr\\\/tajan-se-lance-dans-la-vente-aux-encheres-de-mangas-et-de-japanimation\\\/#primaryimage\"},\"thumbnailUrl\":\"https:\\\/\\\/www.forbes.be\\\/fr\\\/wp-content\\\/uploads\\\/2025\\\/02\\\/tajan-manga-5.jpg\",\"datePublished\":\"2025-02-13T14:55:13+00:00\",\"dateModified\":\"2025-02-13T15:25:35+00:00\",\"description\":\"D\u00e9couvrez la premi\u00e8re vente aux ench\u00e8res de mangas et de japanimation organis\u00e9e par Tajan le 8 mars 2025 \u00e0 Paris. Une opportunit\u00e9 unique pour collectionneurs et investisseurs, avec des pi\u00e8ces rares de Dragon Ball Z, Nausica\u00e4, Goldorak et bien plus encore.\",\"breadcrumb\":{\"@id\":\"https:\\\/\\\/www.forbes.be\\\/fr\\\/tajan-se-lance-dans-la-vente-aux-encheres-de-mangas-et-de-japanimation\\\/#breadcrumb\"},\"inLanguage\":\"fr-FR\",\"potentialAction\":[{\"@type\":\"ReadAction\",\"target\":[\"https:\\\/\\\/www.forbes.be\\\/fr\\\/tajan-se-lance-dans-la-vente-aux-encheres-de-mangas-et-de-japanimation\\\/\"]}]},{\"@type\":\"ImageObject\",\"inLanguage\":\"fr-FR\",\"@id\":\"https:\\\/\\\/www.forbes.be\\\/fr\\\/tajan-se-lance-dans-la-vente-aux-encheres-de-mangas-et-de-japanimation\\\/#primaryimage\",\"url\":\"https:\\\/\\\/www.forbes.be\\\/fr\\\/wp-content\\\/uploads\\\/2025\\\/02\\\/tajan-manga-5.jpg\",\"contentUrl\":\"https:\\\/\\\/www.forbes.be\\\/fr\\\/wp-content\\\/uploads\\\/2025\\\/02\\\/tajan-manga-5.jpg\",\"width\":1240,\"height\":845,\"caption\":\"Hayao Miyazaki (n\u00e9 en 1941) \\\/ Isai Takahata (1935 - 2018) Heidi, 1974. Estimation : 25 000\\\/50 000 \u20ac\"},{\"@type\":\"BreadcrumbList\",\"@id\":\"https:\\\/\\\/www.forbes.be\\\/fr\\\/tajan-se-lance-dans-la-vente-aux-encheres-de-mangas-et-de-japanimation\\\/#breadcrumb\",\"itemListElement\":[{\"@type\":\"ListItem\",\"position\":1,\"name\":\"Accueil\",\"item\":\"https:\\\/\\\/www.forbes.be\\\/fr\\\/\"},{\"@type\":\"ListItem\",\"position\":2,\"name\":\"Tajan se lance dans la vente aux ench\u00e8res de mangas et de japanimation\"}]},{\"@type\":\"WebSite\",\"@id\":\"https:\\\/\\\/www.forbes.be\\\/fr\\\/#website\",\"url\":\"https:\\\/\\\/www.forbes.be\\\/fr\\\/\",\"name\":\"Forbes Belgique\",\"description\":\"\",\"publisher\":{\"@id\":\"https:\\\/\\\/www.forbes.be\\\/fr\\\/#organization\"},\"potentialAction\":[{\"@type\":\"SearchAction\",\"target\":{\"@type\":\"EntryPoint\",\"urlTemplate\":\"https:\\\/\\\/www.forbes.be\\\/fr\\\/?s={search_term_string}\"},\"query-input\":{\"@type\":\"PropertyValueSpecification\",\"valueRequired\":true,\"valueName\":\"search_term_string\"}}],\"inLanguage\":\"fr-FR\"},{\"@type\":\"Organization\",\"@id\":\"https:\\\/\\\/www.forbes.be\\\/fr\\\/#organization\",\"name\":\"Forbes Belgique\",\"url\":\"https:\\\/\\\/www.forbes.be\\\/fr\\\/\",\"logo\":{\"@type\":\"ImageObject\",\"inLanguage\":\"fr-FR\",\"@id\":\"https:\\\/\\\/www.forbes.be\\\/fr\\\/#\\\/schema\\\/logo\\\/image\\\/\",\"url\":\"https:\\\/\\\/www.forbes.be\\\/fr\\\/wp-content\\\/uploads\\\/2024\\\/02\\\/forbes.be_.png\",\"contentUrl\":\"https:\\\/\\\/www.forbes.be\\\/fr\\\/wp-content\\\/uploads\\\/2024\\\/02\\\/forbes.be_.png\",\"width\":1200,\"height\":675,\"caption\":\"Forbes Belgique\"},\"image\":{\"@id\":\"https:\\\/\\\/www.forbes.be\\\/fr\\\/#\\\/schema\\\/logo\\\/image\\\/\"},\"sameAs\":[\"https:\\\/\\\/www.facebook.com\\\/forbesbelgique\\\/\",\"https:\\\/\\\/www.instagram.com\\\/Forbes_Belgium\",\"https:\\\/\\\/www.linkedin.com\\\/company\\\/forbes-belgium\\\/\"]},{\"@type\":\"Person\",\"@id\":\"https:\\\/\\\/www.forbes.be\\\/fr\\\/#\\\/schema\\\/person\\\/5e9af5383f8e0ffec564788f40ac92c8\",\"name\":\"Martin Boonen\",\"image\":{\"@type\":\"ImageObject\",\"inLanguage\":\"fr-FR\",\"@id\":\"https:\\\/\\\/www.forbes.be\\\/fr\\\/wp-content\\\/uploads\\\/2025\\\/10\\\/capture-decran-2024-11-15-a-093849-300x300-1-100x100.png\",\"url\":\"https:\\\/\\\/www.forbes.be\\\/fr\\\/wp-content\\\/uploads\\\/2025\\\/10\\\/capture-decran-2024-11-15-a-093849-300x300-1-100x100.png\",\"contentUrl\":\"https:\\\/\\\/www.forbes.be\\\/fr\\\/wp-content\\\/uploads\\\/2025\\\/10\\\/capture-decran-2024-11-15-a-093849-300x300-1-100x100.png\",\"caption\":\"Martin Boonen\"},\"description\":\"Martin Boonen est journaliste dipl\u00f4m\u00e9 de l'Institut de Journalisme de Bruxelles (2012). Il collabor\u00e9 avec de nombreuses r\u00e9dactions \u00e0 diff\u00e9rent niveau de responsabilit\u00e9 : journaliste, chef de rubrique, secr\u00e9taire de r\u00e9daction et r\u00e9dacteur en chef, tant sur le web que pour la presse imprim\u00e9e. Sp\u00e9cialis\u00e9 dans les startups et l'entrepreneuriat \u00e0 impact, il est devenu en 2025 r\u00e9dacteur en chef du site web de Forbes Belgique. Il est affili\u00e9 \u00e0 l'Organisation Mondiale de la Presse P\u00e9riodique depuis 2011.\",\"sameAs\":[\"https:\\\/\\\/www.linkedin.com\\\/in\\\/martin-boonen-61499951\\\/\"],\"url\":\"https:\\\/\\\/www.forbes.be\\\/fr\\\/author\\\/martin-boonen\\\/\"}]}<\/script>\n<!-- \/ Yoast SEO plugin. -->","yoast_head_json":{"title":"Tajan se lance dans la vente aux ench\u00e8res de mangas et de japanimation | Forbes Belgique","description":"D\u00e9couvrez la premi\u00e8re vente aux ench\u00e8res de mangas et de japanimation organis\u00e9e par Tajan le 8 mars 2025 \u00e0 Paris. Une opportunit\u00e9 unique pour collectionneurs et investisseurs, avec des pi\u00e8ces rares de Dragon Ball Z, Nausica\u00e4, Goldorak et bien plus encore.","robots":{"index":"index","follow":"follow","max-snippet":"max-snippet:-1","max-image-preview":"max-image-preview:large","max-video-preview":"max-video-preview:-1"},"canonical":"https:\/\/www.forbes.be\/fr\/tajan-se-lance-dans-la-vente-aux-encheres-de-mangas-et-de-japanimation\/","og_locale":"fr_FR","og_type":"article","og_title":"Tajan se lance dans la vente aux ench\u00e8res de mangas et de japanimation | Forbes Belgique","og_description":"D\u00e9couvrez la premi\u00e8re vente aux ench\u00e8res de mangas et de japanimation organis\u00e9e par Tajan le 8 mars 2025 \u00e0 Paris. Une opportunit\u00e9 unique pour collectionneurs et investisseurs, avec des pi\u00e8ces rares de Dragon Ball Z, Nausica\u00e4, Goldorak et bien plus encore.","og_url":"https:\/\/www.forbes.be\/fr\/tajan-se-lance-dans-la-vente-aux-encheres-de-mangas-et-de-japanimation\/","og_site_name":"Forbes Belgique","article_publisher":"https:\/\/www.facebook.com\/forbesbelgique\/","article_published_time":"2025-02-13T14:55:13+00:00","article_modified_time":"2025-02-13T15:25:35+00:00","og_image":[{"width":1240,"height":845,"url":"https:\/\/www.forbes.be\/fr\/wp-content\/uploads\/2025\/02\/tajan-manga-5.jpg","type":"image\/jpeg"}],"author":"Martin Boonen","twitter_card":"summary_large_image","twitter_misc":{"\u00c9crit par":"Martin Boonen","Dur\u00e9e de lecture estim\u00e9e":"4 minutes"},"schema":{"@context":"https:\/\/schema.org","@graph":[{"@type":"NewsArticle","@id":"https:\/\/www.forbes.be\/fr\/tajan-se-lance-dans-la-vente-aux-encheres-de-mangas-et-de-japanimation\/#article","isPartOf":{"@id":"https:\/\/www.forbes.be\/fr\/tajan-se-lance-dans-la-vente-aux-encheres-de-mangas-et-de-japanimation\/"},"author":{"name":"Martin Boonen","@id":"https:\/\/www.forbes.be\/fr\/#\/schema\/person\/5e9af5383f8e0ffec564788f40ac92c8"},"headline":"Tajan se lance dans la vente aux ench\u00e8res de mangas et de japanimation","datePublished":"2025-02-13T14:55:13+00:00","dateModified":"2025-02-13T15:25:35+00:00","mainEntityOfPage":{"@id":"https:\/\/www.forbes.be\/fr\/tajan-se-lance-dans-la-vente-aux-encheres-de-mangas-et-de-japanimation\/"},"wordCount":646,"publisher":{"@id":"https:\/\/www.forbes.be\/fr\/#organization"},"image":{"@id":"https:\/\/www.forbes.be\/fr\/tajan-se-lance-dans-la-vente-aux-encheres-de-mangas-et-de-japanimation\/#primaryimage"},"thumbnailUrl":"https:\/\/www.forbes.be\/fr\/wp-content\/uploads\/2025\/02\/tajan-manga-5.jpg","articleSection":["Actualit\u00e9s","March\u00e9 de l'art"],"inLanguage":"fr-FR"},{"@type":"WebPage","@id":"https:\/\/www.forbes.be\/fr\/tajan-se-lance-dans-la-vente-aux-encheres-de-mangas-et-de-japanimation\/","url":"https:\/\/www.forbes.be\/fr\/tajan-se-lance-dans-la-vente-aux-encheres-de-mangas-et-de-japanimation\/","name":"Tajan se lance dans la vente aux ench\u00e8res de mangas et de japanimation | Forbes Belgique","isPartOf":{"@id":"https:\/\/www.forbes.be\/fr\/#website"},"primaryImageOfPage":{"@id":"https:\/\/www.forbes.be\/fr\/tajan-se-lance-dans-la-vente-aux-encheres-de-mangas-et-de-japanimation\/#primaryimage"},"image":{"@id":"https:\/\/www.forbes.be\/fr\/tajan-se-lance-dans-la-vente-aux-encheres-de-mangas-et-de-japanimation\/#primaryimage"},"thumbnailUrl":"https:\/\/www.forbes.be\/fr\/wp-content\/uploads\/2025\/02\/tajan-manga-5.jpg","datePublished":"2025-02-13T14:55:13+00:00","dateModified":"2025-02-13T15:25:35+00:00","description":"D\u00e9couvrez la premi\u00e8re vente aux ench\u00e8res de mangas et de japanimation organis\u00e9e par Tajan le 8 mars 2025 \u00e0 Paris. Une opportunit\u00e9 unique pour collectionneurs et investisseurs, avec des pi\u00e8ces rares de Dragon Ball Z, Nausica\u00e4, Goldorak et bien plus encore.","breadcrumb":{"@id":"https:\/\/www.forbes.be\/fr\/tajan-se-lance-dans-la-vente-aux-encheres-de-mangas-et-de-japanimation\/#breadcrumb"},"inLanguage":"fr-FR","potentialAction":[{"@type":"ReadAction","target":["https:\/\/www.forbes.be\/fr\/tajan-se-lance-dans-la-vente-aux-encheres-de-mangas-et-de-japanimation\/"]}]},{"@type":"ImageObject","inLanguage":"fr-FR","@id":"https:\/\/www.forbes.be\/fr\/tajan-se-lance-dans-la-vente-aux-encheres-de-mangas-et-de-japanimation\/#primaryimage","url":"https:\/\/www.forbes.be\/fr\/wp-content\/uploads\/2025\/02\/tajan-manga-5.jpg","contentUrl":"https:\/\/www.forbes.be\/fr\/wp-content\/uploads\/2025\/02\/tajan-manga-5.jpg","width":1240,"height":845,"caption":"Hayao Miyazaki (n\u00e9 en 1941) \/ Isai Takahata (1935 - 2018) Heidi, 1974. Estimation : 25 000\/50 000 \u20ac"},{"@type":"BreadcrumbList","@id":"https:\/\/www.forbes.be\/fr\/tajan-se-lance-dans-la-vente-aux-encheres-de-mangas-et-de-japanimation\/#breadcrumb","itemListElement":[{"@type":"ListItem","position":1,"name":"Accueil","item":"https:\/\/www.forbes.be\/fr\/"},{"@type":"ListItem","position":2,"name":"Tajan se lance dans la vente aux ench\u00e8res de mangas et de japanimation"}]},{"@type":"WebSite","@id":"https:\/\/www.forbes.be\/fr\/#website","url":"https:\/\/www.forbes.be\/fr\/","name":"Forbes Belgique","description":"","publisher":{"@id":"https:\/\/www.forbes.be\/fr\/#organization"},"potentialAction":[{"@type":"SearchAction","target":{"@type":"EntryPoint","urlTemplate":"https:\/\/www.forbes.be\/fr\/?s={search_term_string}"},"query-input":{"@type":"PropertyValueSpecification","valueRequired":true,"valueName":"search_term_string"}}],"inLanguage":"fr-FR"},{"@type":"Organization","@id":"https:\/\/www.forbes.be\/fr\/#organization","name":"Forbes Belgique","url":"https:\/\/www.forbes.be\/fr\/","logo":{"@type":"ImageObject","inLanguage":"fr-FR","@id":"https:\/\/www.forbes.be\/fr\/#\/schema\/logo\/image\/","url":"https:\/\/www.forbes.be\/fr\/wp-content\/uploads\/2024\/02\/forbes.be_.png","contentUrl":"https:\/\/www.forbes.be\/fr\/wp-content\/uploads\/2024\/02\/forbes.be_.png","width":1200,"height":675,"caption":"Forbes Belgique"},"image":{"@id":"https:\/\/www.forbes.be\/fr\/#\/schema\/logo\/image\/"},"sameAs":["https:\/\/www.facebook.com\/forbesbelgique\/","https:\/\/www.instagram.com\/Forbes_Belgium","https:\/\/www.linkedin.com\/company\/forbes-belgium\/"]},{"@type":"Person","@id":"https:\/\/www.forbes.be\/fr\/#\/schema\/person\/5e9af5383f8e0ffec564788f40ac92c8","name":"Martin Boonen","image":{"@type":"ImageObject","inLanguage":"fr-FR","@id":"https:\/\/www.forbes.be\/fr\/wp-content\/uploads\/2025\/10\/capture-decran-2024-11-15-a-093849-300x300-1-100x100.png","url":"https:\/\/www.forbes.be\/fr\/wp-content\/uploads\/2025\/10\/capture-decran-2024-11-15-a-093849-300x300-1-100x100.png","contentUrl":"https:\/\/www.forbes.be\/fr\/wp-content\/uploads\/2025\/10\/capture-decran-2024-11-15-a-093849-300x300-1-100x100.png","caption":"Martin Boonen"},"description":"Martin Boonen est journaliste dipl\u00f4m\u00e9 de l'Institut de Journalisme de Bruxelles (2012). Il collabor\u00e9 avec de nombreuses r\u00e9dactions \u00e0 diff\u00e9rent niveau de responsabilit\u00e9 : journaliste, chef de rubrique, secr\u00e9taire de r\u00e9daction et r\u00e9dacteur en chef, tant sur le web que pour la presse imprim\u00e9e. Sp\u00e9cialis\u00e9 dans les startups et l'entrepreneuriat \u00e0 impact, il est devenu en 2025 r\u00e9dacteur en chef du site web de Forbes Belgique. Il est affili\u00e9 \u00e0 l'Organisation Mondiale de la Presse P\u00e9riodique depuis 2011.","sameAs":["https:\/\/www.linkedin.com\/in\/martin-boonen-61499951\/"],"url":"https:\/\/www.forbes.be\/fr\/author\/martin-boonen\/"}]}},"_links":{"self":[{"href":"https:\/\/www.forbes.be\/fr\/wp-json\/wp\/v2\/posts\/8722","targetHints":{"allow":["GET"]}}],"collection":[{"href":"https:\/\/www.forbes.be\/fr\/wp-json\/wp\/v2\/posts"}],"about":[{"href":"https:\/\/www.forbes.be\/fr\/wp-json\/wp\/v2\/types\/post"}],"author":[{"embeddable":true,"href":"https:\/\/www.forbes.be\/fr\/wp-json\/wp\/v2\/users\/47"}],"replies":[{"embeddable":true,"href":"https:\/\/www.forbes.be\/fr\/wp-json\/wp\/v2\/comments?post=8722"}],"version-history":[{"count":5,"href":"https:\/\/www.forbes.be\/fr\/wp-json\/wp\/v2\/posts\/8722\/revisions"}],"predecessor-version":[{"id":8732,"href":"https:\/\/www.forbes.be\/fr\/wp-json\/wp\/v2\/posts\/8722\/revisions\/8732"}],"wp:featuredmedia":[{"embeddable":true,"href":"https:\/\/www.forbes.be\/fr\/wp-json\/wp\/v2\/media\/8730"}],"wp:attachment":[{"href":"https:\/\/www.forbes.be\/fr\/wp-json\/wp\/v2\/media?parent=8722"}],"wp:term":[{"taxonomy":"category","embeddable":true,"href":"https:\/\/www.forbes.be\/fr\/wp-json\/wp\/v2\/categories?post=8722"},{"taxonomy":"post_tag","embeddable":true,"href":"https:\/\/www.forbes.be\/fr\/wp-json\/wp\/v2\/tags?post=8722"}],"curies":[{"name":"wp","href":"https:\/\/api.w.org\/{rel}","templated":true}]}}