{"id":8733,"date":"2025-02-13T16:52:55","date_gmt":"2025-02-13T15:52:55","guid":{"rendered":"https:\/\/www.forbes.be\/fr\/?p=8733"},"modified":"2025-02-18T10:39:45","modified_gmt":"2025-02-18T09:39:45","slug":"annulation-du-decret-flamand-cadrant-les-recours-en-matiere-damenagement-du-territoire","status":"publish","type":"post","link":"https:\/\/www.forbes.be\/fr\/annulation-du-decret-flamand-cadrant-les-recours-en-matiere-damenagement-du-territoire\/","title":{"rendered":"Annulation du d\u00e9cret flamand cadrant les recours en mati\u00e8re d\u2019am\u00e9nagement du territoire"},"content":{"rendered":"<p style=\"font-weight: 400;\"><strong>La Cour constitutionnelle vient d\u2019annuler un d\u00e9cret flamand qui rendait l\u2019\u00e9chelon r\u00e9gional comp\u00e9tent pour les recours contre les plans d\u2019ex\u00e9cution spatiale, les r\u00e8glements d\u2019urbanisme et les arr\u00eat\u00e9s cadrant les projets complexes.<\/strong><\/p>\n<p style=\"font-weight: 400;\">Le Coll\u00e8ge de la Commission communautaire fran\u00e7aise, le Gouvernement de la Communaut\u00e9 fran\u00e7aise, le Gouvernement wallon et plusieurs citoyens avaient introduit un recours en annulation contre le <strong><a href=\"https:\/\/etaamb.openjustice.be\/fr\/decret-du-14-juillet-2023_n2023044308.html\">d\u00e9cret flamand du 14 juillet 2023<\/a> dernier<\/strong>.<\/p>\n<p style=\"font-weight: 400;\">Ce d\u00e9cret rend le niveau r\u00e9gional (administration) comp\u00e9tent pour tout recours juridictionnel visant les plans d\u2019ex\u00e9cution spatiale, les r\u00e8glements d\u2019urbanisme et les arr\u00eat\u00e9s relatifs \u00e0 la pr\u00e9f\u00e9rence et les arr\u00eat\u00e9s relatifs au projet en mati\u00e8re de projets complexes, avec pour cons\u00e9quence que la section du contentieux administratif du Conseil d\u2019\u00c9tat n\u2019\u00e9tait plus comp\u00e9tente pour ces recours.<\/p>\n<p style=\"font-weight: 400;\">La Cour constitutionnelle vient, <a href=\"https:\/\/www.const-court.be\/public\/f\/2025\/2025-022f.pdf\"><strong>par un arr\u00eat rendu ce 13 f\u00e9vrier<\/strong><\/a>, d\u2019annuler le d\u00e9cret contest\u00e9. Elle juge que le l\u00e9gislateur f\u00e9d\u00e9ral -et non le l\u00e9gislateur r\u00e9gional- est en principe comp\u00e9tent pour instaurer et pour retirer des recours devant une juridiction administrative.<\/p>\n<p style=\"font-weight: 400;\">Selon la Cour, l\u2019incidence sur les comp\u00e9tences f\u00e9d\u00e9rales n\u2019est pas marginale. Elle note \u00e9galement que le d\u00e9cret est d\u00e9j\u00e0 <strong>entr\u00e9 en vigueur le 31 d\u00e9cembre 2024<\/strong>. Et pour garantir aux personnes concern\u00e9es le droit \u00e0 un recours effectif devant la juridiction comp\u00e9tente, la Cour juge que, pour les arr\u00eat\u00e9s pris entre le 31 d\u00e9cembre 2024 et la publication de l\u2019arr\u00eat au Moniteur belge, un nouveau d\u00e9lai de 60 jours \u00e0 partir de cette publication doit \u00eatre ouvert pour l\u2019introduction d\u2019un \u00e9ventuel recours devant le Conseil d\u2019\u00c9tat.<\/p>\n<p style=\"font-weight: 400;\">\n","protected":false},"excerpt":{"rendered":"<p>La Cour constitutionnelle vient d\u2019annuler un d\u00e9cret flamand qui rendait l\u2019\u00e9chelon r\u00e9gional comp\u00e9tent pour les recours contre les plans d\u2019ex\u00e9cution spatiale, les r\u00e8glements d\u2019urbanisme et les arr\u00eat\u00e9s cadrant les projets complexes. Le Coll\u00e8ge de la Commission communautaire fran\u00e7aise, le Gouvernement de la Communaut\u00e9 fran\u00e7aise, le Gouvernement wallon et plusieurs citoyens avaient introduit un recours en [&hellip;]<\/p>\n","protected":false},"author":15,"featured_media":8743,"comment_status":"closed","ping_status":"closed","sticky":false,"template":"","format":"standard","meta":{"_acf_changed":false,"inline_featured_image":false,"footnotes":""},"categories":[1,24,31],"tags":[],"class_list":{"0":"post-8733","1":"post","2":"type-post","3":"status-publish","4":"format-standard","5":"has-post-thumbnail","7":"category-actualite","8":"category-immobilier","9":"category-politique"},"acf":[],"_yoast_wpseo_title":null,"_yoast_wpseo_metadesc":"La Cour constitutionnelle annule le d\u00e9cret flamand qui rendait l\u2019\u00e9chelon r\u00e9gional comp\u00e9tent pour les recours en mati\u00e8res d'am\u00e9nagement du territoire.","auteur_traducteur":"","yoast_head":"<!-- This site is optimized with the Yoast SEO plugin v27.4 - https:\/\/yoast.com\/product\/yoast-seo-wordpress\/ -->\n<title>Annulation du d\u00e9cret flamand cadrant les recours en mati\u00e8re d\u2019am\u00e9nagement du territoire | Forbes Belgique<\/title>\n<meta name=\"description\" content=\"La Cour constitutionnelle annule le d\u00e9cret flamand qui rendait l\u2019\u00e9chelon r\u00e9gional comp\u00e9tent pour les recours en mati\u00e8res d&#039;am\u00e9nagement du territoire.\" \/>\n<meta name=\"robots\" content=\"index, follow, max-snippet:-1, max-image-preview:large, max-video-preview:-1\" \/>\n<link rel=\"canonical\" href=\"https:\/\/www.forbes.be\/fr\/annulation-du-decret-flamand-cadrant-les-recours-en-matiere-damenagement-du-territoire\/\" \/>\n<meta property=\"og:locale\" content=\"fr_FR\" \/>\n<meta property=\"og:type\" content=\"article\" \/>\n<meta property=\"og:title\" content=\"Annulation du d\u00e9cret flamand cadrant les recours en mati\u00e8re d\u2019am\u00e9nagement du territoire | Forbes Belgique\" \/>\n<meta property=\"og:description\" content=\"La Cour constitutionnelle annule le d\u00e9cret flamand qui rendait l\u2019\u00e9chelon r\u00e9gional comp\u00e9tent pour les recours en mati\u00e8res d&#039;am\u00e9nagement du territoire.\" \/>\n<meta property=\"og:url\" content=\"https:\/\/www.forbes.be\/fr\/annulation-du-decret-flamand-cadrant-les-recours-en-matiere-damenagement-du-territoire\/\" \/>\n<meta property=\"og:site_name\" content=\"Forbes Belgique\" \/>\n<meta property=\"article:publisher\" content=\"https:\/\/www.facebook.com\/forbesbelgique\/\" \/>\n<meta property=\"article:published_time\" content=\"2025-02-13T15:52:55+00:00\" \/>\n<meta property=\"article:modified_time\" content=\"2025-02-18T09:39:45+00:00\" \/>\n<meta property=\"og:image\" content=\"https:\/\/www.forbes.be\/fr\/wp-content\/uploads\/2025\/02\/image-e1739871574911.jpeg\" \/>\n\t<meta property=\"og:image:width\" content=\"1534\" \/>\n\t<meta property=\"og:image:height\" content=\"803\" \/>\n\t<meta property=\"og:image:type\" content=\"image\/jpeg\" \/>\n<meta name=\"author\" content=\"Philippe Coul\u00e9e\" \/>\n<meta name=\"twitter:card\" content=\"summary_large_image\" \/>\n<meta name=\"twitter:label1\" content=\"\u00c9crit par\" \/>\n\t<meta name=\"twitter:data1\" content=\"Philippe Coul\u00e9e\" \/>\n\t<meta name=\"twitter:label2\" content=\"Dur\u00e9e de lecture estim\u00e9e\" \/>\n\t<meta name=\"twitter:data2\" content=\"2 minutes\" \/>\n<script type=\"application\/ld+json\" class=\"yoast-schema-graph\">{\"@context\":\"https:\\\/\\\/schema.org\",\"@graph\":[{\"@type\":\"NewsArticle\",\"@id\":\"https:\\\/\\\/www.forbes.be\\\/fr\\\/annulation-du-decret-flamand-cadrant-les-recours-en-matiere-damenagement-du-territoire\\\/#article\",\"isPartOf\":{\"@id\":\"https:\\\/\\\/www.forbes.be\\\/fr\\\/annulation-du-decret-flamand-cadrant-les-recours-en-matiere-damenagement-du-territoire\\\/\"},\"author\":{\"name\":\"Philippe Coul\u00e9e\",\"@id\":\"https:\\\/\\\/www.forbes.be\\\/fr\\\/#\\\/schema\\\/person\\\/22bfc3335e560f4084ef5af17ecdad87\"},\"headline\":\"Annulation du d\u00e9cret flamand cadrant les recours en mati\u00e8re d\u2019am\u00e9nagement du territoire\",\"datePublished\":\"2025-02-13T15:52:55+00:00\",\"dateModified\":\"2025-02-18T09:39:45+00:00\",\"mainEntityOfPage\":{\"@id\":\"https:\\\/\\\/www.forbes.be\\\/fr\\\/annulation-du-decret-flamand-cadrant-les-recours-en-matiere-damenagement-du-territoire\\\/\"},\"wordCount\":315,\"publisher\":{\"@id\":\"https:\\\/\\\/www.forbes.be\\\/fr\\\/#organization\"},\"image\":{\"@id\":\"https:\\\/\\\/www.forbes.be\\\/fr\\\/annulation-du-decret-flamand-cadrant-les-recours-en-matiere-damenagement-du-territoire\\\/#primaryimage\"},\"thumbnailUrl\":\"https:\\\/\\\/www.forbes.be\\\/fr\\\/wp-content\\\/uploads\\\/2025\\\/02\\\/image-e1739871574911.jpeg\",\"articleSection\":[\"Actualit\u00e9s\",\"Immobilier\",\"Politique\"],\"inLanguage\":\"fr-FR\"},{\"@type\":\"WebPage\",\"@id\":\"https:\\\/\\\/www.forbes.be\\\/fr\\\/annulation-du-decret-flamand-cadrant-les-recours-en-matiere-damenagement-du-territoire\\\/\",\"url\":\"https:\\\/\\\/www.forbes.be\\\/fr\\\/annulation-du-decret-flamand-cadrant-les-recours-en-matiere-damenagement-du-territoire\\\/\",\"name\":\"Annulation du d\u00e9cret flamand cadrant les recours en mati\u00e8re d\u2019am\u00e9nagement du territoire | Forbes Belgique\",\"isPartOf\":{\"@id\":\"https:\\\/\\\/www.forbes.be\\\/fr\\\/#website\"},\"primaryImageOfPage\":{\"@id\":\"https:\\\/\\\/www.forbes.be\\\/fr\\\/annulation-du-decret-flamand-cadrant-les-recours-en-matiere-damenagement-du-territoire\\\/#primaryimage\"},\"image\":{\"@id\":\"https:\\\/\\\/www.forbes.be\\\/fr\\\/annulation-du-decret-flamand-cadrant-les-recours-en-matiere-damenagement-du-territoire\\\/#primaryimage\"},\"thumbnailUrl\":\"https:\\\/\\\/www.forbes.be\\\/fr\\\/wp-content\\\/uploads\\\/2025\\\/02\\\/image-e1739871574911.jpeg\",\"datePublished\":\"2025-02-13T15:52:55+00:00\",\"dateModified\":\"2025-02-18T09:39:45+00:00\",\"description\":\"La Cour constitutionnelle annule le d\u00e9cret flamand qui rendait l\u2019\u00e9chelon r\u00e9gional comp\u00e9tent pour les recours en mati\u00e8res d'am\u00e9nagement du territoire.\",\"breadcrumb\":{\"@id\":\"https:\\\/\\\/www.forbes.be\\\/fr\\\/annulation-du-decret-flamand-cadrant-les-recours-en-matiere-damenagement-du-territoire\\\/#breadcrumb\"},\"inLanguage\":\"fr-FR\",\"potentialAction\":[{\"@type\":\"ReadAction\",\"target\":[\"https:\\\/\\\/www.forbes.be\\\/fr\\\/annulation-du-decret-flamand-cadrant-les-recours-en-matiere-damenagement-du-territoire\\\/\"]}]},{\"@type\":\"ImageObject\",\"inLanguage\":\"fr-FR\",\"@id\":\"https:\\\/\\\/www.forbes.be\\\/fr\\\/annulation-du-decret-flamand-cadrant-les-recours-en-matiere-damenagement-du-territoire\\\/#primaryimage\",\"url\":\"https:\\\/\\\/www.forbes.be\\\/fr\\\/wp-content\\\/uploads\\\/2025\\\/02\\\/image-e1739871574911.jpeg\",\"contentUrl\":\"https:\\\/\\\/www.forbes.be\\\/fr\\\/wp-content\\\/uploads\\\/2025\\\/02\\\/image-e1739871574911.jpeg\",\"width\":1534,\"height\":803},{\"@type\":\"BreadcrumbList\",\"@id\":\"https:\\\/\\\/www.forbes.be\\\/fr\\\/annulation-du-decret-flamand-cadrant-les-recours-en-matiere-damenagement-du-territoire\\\/#breadcrumb\",\"itemListElement\":[{\"@type\":\"ListItem\",\"position\":1,\"name\":\"Accueil\",\"item\":\"https:\\\/\\\/www.forbes.be\\\/fr\\\/\"},{\"@type\":\"ListItem\",\"position\":2,\"name\":\"Annulation du d\u00e9cret flamand cadrant les recours en mati\u00e8re d\u2019am\u00e9nagement du territoire\"}]},{\"@type\":\"WebSite\",\"@id\":\"https:\\\/\\\/www.forbes.be\\\/fr\\\/#website\",\"url\":\"https:\\\/\\\/www.forbes.be\\\/fr\\\/\",\"name\":\"Forbes Belgique\",\"description\":\"\",\"publisher\":{\"@id\":\"https:\\\/\\\/www.forbes.be\\\/fr\\\/#organization\"},\"potentialAction\":[{\"@type\":\"SearchAction\",\"target\":{\"@type\":\"EntryPoint\",\"urlTemplate\":\"https:\\\/\\\/www.forbes.be\\\/fr\\\/?s={search_term_string}\"},\"query-input\":{\"@type\":\"PropertyValueSpecification\",\"valueRequired\":true,\"valueName\":\"search_term_string\"}}],\"inLanguage\":\"fr-FR\"},{\"@type\":\"Organization\",\"@id\":\"https:\\\/\\\/www.forbes.be\\\/fr\\\/#organization\",\"name\":\"Forbes Belgique\",\"url\":\"https:\\\/\\\/www.forbes.be\\\/fr\\\/\",\"logo\":{\"@type\":\"ImageObject\",\"inLanguage\":\"fr-FR\",\"@id\":\"https:\\\/\\\/www.forbes.be\\\/fr\\\/#\\\/schema\\\/logo\\\/image\\\/\",\"url\":\"https:\\\/\\\/www.forbes.be\\\/fr\\\/wp-content\\\/uploads\\\/2024\\\/02\\\/forbes.be_.png\",\"contentUrl\":\"https:\\\/\\\/www.forbes.be\\\/fr\\\/wp-content\\\/uploads\\\/2024\\\/02\\\/forbes.be_.png\",\"width\":1200,\"height\":675,\"caption\":\"Forbes Belgique\"},\"image\":{\"@id\":\"https:\\\/\\\/www.forbes.be\\\/fr\\\/#\\\/schema\\\/logo\\\/image\\\/\"},\"sameAs\":[\"https:\\\/\\\/www.facebook.com\\\/forbesbelgique\\\/\",\"https:\\\/\\\/www.instagram.com\\\/Forbes_Belgium\",\"https:\\\/\\\/www.linkedin.com\\\/company\\\/forbes-belgium\\\/\"]},{\"@type\":\"Person\",\"@id\":\"https:\\\/\\\/www.forbes.be\\\/fr\\\/#\\\/schema\\\/person\\\/22bfc3335e560f4084ef5af17ecdad87\",\"name\":\"Philippe Coul\u00e9e\",\"image\":{\"@type\":\"ImageObject\",\"inLanguage\":\"fr-FR\",\"@id\":\"https:\\\/\\\/www.forbes.be\\\/fr\\\/wp-content\\\/uploads\\\/2024\\\/01\\\/unnamed-150x150.jpg\",\"url\":\"https:\\\/\\\/www.forbes.be\\\/fr\\\/wp-content\\\/uploads\\\/2024\\\/01\\\/unnamed-150x150.jpg\",\"contentUrl\":\"https:\\\/\\\/www.forbes.be\\\/fr\\\/wp-content\\\/uploads\\\/2024\\\/01\\\/unnamed-150x150.jpg\",\"caption\":\"Philippe Coul\u00e9e\"},\"url\":\"https:\\\/\\\/www.forbes.be\\\/fr\\\/author\\\/philippe-couleeicloud-com\\\/\"}]}<\/script>\n<!-- \/ Yoast SEO plugin. -->","yoast_head_json":{"title":"Annulation du d\u00e9cret flamand cadrant les recours en mati\u00e8re d\u2019am\u00e9nagement du territoire | Forbes Belgique","description":"La Cour constitutionnelle annule le d\u00e9cret flamand qui rendait l\u2019\u00e9chelon r\u00e9gional comp\u00e9tent pour les recours en mati\u00e8res d'am\u00e9nagement du territoire.","robots":{"index":"index","follow":"follow","max-snippet":"max-snippet:-1","max-image-preview":"max-image-preview:large","max-video-preview":"max-video-preview:-1"},"canonical":"https:\/\/www.forbes.be\/fr\/annulation-du-decret-flamand-cadrant-les-recours-en-matiere-damenagement-du-territoire\/","og_locale":"fr_FR","og_type":"article","og_title":"Annulation du d\u00e9cret flamand cadrant les recours en mati\u00e8re d\u2019am\u00e9nagement du territoire | Forbes Belgique","og_description":"La Cour constitutionnelle annule le d\u00e9cret flamand qui rendait l\u2019\u00e9chelon r\u00e9gional comp\u00e9tent pour les recours en mati\u00e8res d'am\u00e9nagement du territoire.","og_url":"https:\/\/www.forbes.be\/fr\/annulation-du-decret-flamand-cadrant-les-recours-en-matiere-damenagement-du-territoire\/","og_site_name":"Forbes Belgique","article_publisher":"https:\/\/www.facebook.com\/forbesbelgique\/","article_published_time":"2025-02-13T15:52:55+00:00","article_modified_time":"2025-02-18T09:39:45+00:00","og_image":[{"width":1534,"height":803,"url":"https:\/\/www.forbes.be\/fr\/wp-content\/uploads\/2025\/02\/image-e1739871574911.jpeg","type":"image\/jpeg"}],"author":"Philippe Coul\u00e9e","twitter_card":"summary_large_image","twitter_misc":{"\u00c9crit par":"Philippe Coul\u00e9e","Dur\u00e9e de lecture estim\u00e9e":"2 minutes"},"schema":{"@context":"https:\/\/schema.org","@graph":[{"@type":"NewsArticle","@id":"https:\/\/www.forbes.be\/fr\/annulation-du-decret-flamand-cadrant-les-recours-en-matiere-damenagement-du-territoire\/#article","isPartOf":{"@id":"https:\/\/www.forbes.be\/fr\/annulation-du-decret-flamand-cadrant-les-recours-en-matiere-damenagement-du-territoire\/"},"author":{"name":"Philippe Coul\u00e9e","@id":"https:\/\/www.forbes.be\/fr\/#\/schema\/person\/22bfc3335e560f4084ef5af17ecdad87"},"headline":"Annulation du d\u00e9cret flamand cadrant les recours en mati\u00e8re d\u2019am\u00e9nagement du territoire","datePublished":"2025-02-13T15:52:55+00:00","dateModified":"2025-02-18T09:39:45+00:00","mainEntityOfPage":{"@id":"https:\/\/www.forbes.be\/fr\/annulation-du-decret-flamand-cadrant-les-recours-en-matiere-damenagement-du-territoire\/"},"wordCount":315,"publisher":{"@id":"https:\/\/www.forbes.be\/fr\/#organization"},"image":{"@id":"https:\/\/www.forbes.be\/fr\/annulation-du-decret-flamand-cadrant-les-recours-en-matiere-damenagement-du-territoire\/#primaryimage"},"thumbnailUrl":"https:\/\/www.forbes.be\/fr\/wp-content\/uploads\/2025\/02\/image-e1739871574911.jpeg","articleSection":["Actualit\u00e9s","Immobilier","Politique"],"inLanguage":"fr-FR"},{"@type":"WebPage","@id":"https:\/\/www.forbes.be\/fr\/annulation-du-decret-flamand-cadrant-les-recours-en-matiere-damenagement-du-territoire\/","url":"https:\/\/www.forbes.be\/fr\/annulation-du-decret-flamand-cadrant-les-recours-en-matiere-damenagement-du-territoire\/","name":"Annulation du d\u00e9cret flamand cadrant les recours en mati\u00e8re d\u2019am\u00e9nagement du territoire | Forbes Belgique","isPartOf":{"@id":"https:\/\/www.forbes.be\/fr\/#website"},"primaryImageOfPage":{"@id":"https:\/\/www.forbes.be\/fr\/annulation-du-decret-flamand-cadrant-les-recours-en-matiere-damenagement-du-territoire\/#primaryimage"},"image":{"@id":"https:\/\/www.forbes.be\/fr\/annulation-du-decret-flamand-cadrant-les-recours-en-matiere-damenagement-du-territoire\/#primaryimage"},"thumbnailUrl":"https:\/\/www.forbes.be\/fr\/wp-content\/uploads\/2025\/02\/image-e1739871574911.jpeg","datePublished":"2025-02-13T15:52:55+00:00","dateModified":"2025-02-18T09:39:45+00:00","description":"La Cour constitutionnelle annule le d\u00e9cret flamand qui rendait l\u2019\u00e9chelon r\u00e9gional comp\u00e9tent pour les recours en mati\u00e8res d'am\u00e9nagement du territoire.","breadcrumb":{"@id":"https:\/\/www.forbes.be\/fr\/annulation-du-decret-flamand-cadrant-les-recours-en-matiere-damenagement-du-territoire\/#breadcrumb"},"inLanguage":"fr-FR","potentialAction":[{"@type":"ReadAction","target":["https:\/\/www.forbes.be\/fr\/annulation-du-decret-flamand-cadrant-les-recours-en-matiere-damenagement-du-territoire\/"]}]},{"@type":"ImageObject","inLanguage":"fr-FR","@id":"https:\/\/www.forbes.be\/fr\/annulation-du-decret-flamand-cadrant-les-recours-en-matiere-damenagement-du-territoire\/#primaryimage","url":"https:\/\/www.forbes.be\/fr\/wp-content\/uploads\/2025\/02\/image-e1739871574911.jpeg","contentUrl":"https:\/\/www.forbes.be\/fr\/wp-content\/uploads\/2025\/02\/image-e1739871574911.jpeg","width":1534,"height":803},{"@type":"BreadcrumbList","@id":"https:\/\/www.forbes.be\/fr\/annulation-du-decret-flamand-cadrant-les-recours-en-matiere-damenagement-du-territoire\/#breadcrumb","itemListElement":[{"@type":"ListItem","position":1,"name":"Accueil","item":"https:\/\/www.forbes.be\/fr\/"},{"@type":"ListItem","position":2,"name":"Annulation du d\u00e9cret flamand cadrant les recours en mati\u00e8re d\u2019am\u00e9nagement du territoire"}]},{"@type":"WebSite","@id":"https:\/\/www.forbes.be\/fr\/#website","url":"https:\/\/www.forbes.be\/fr\/","name":"Forbes Belgique","description":"","publisher":{"@id":"https:\/\/www.forbes.be\/fr\/#organization"},"potentialAction":[{"@type":"SearchAction","target":{"@type":"EntryPoint","urlTemplate":"https:\/\/www.forbes.be\/fr\/?s={search_term_string}"},"query-input":{"@type":"PropertyValueSpecification","valueRequired":true,"valueName":"search_term_string"}}],"inLanguage":"fr-FR"},{"@type":"Organization","@id":"https:\/\/www.forbes.be\/fr\/#organization","name":"Forbes Belgique","url":"https:\/\/www.forbes.be\/fr\/","logo":{"@type":"ImageObject","inLanguage":"fr-FR","@id":"https:\/\/www.forbes.be\/fr\/#\/schema\/logo\/image\/","url":"https:\/\/www.forbes.be\/fr\/wp-content\/uploads\/2024\/02\/forbes.be_.png","contentUrl":"https:\/\/www.forbes.be\/fr\/wp-content\/uploads\/2024\/02\/forbes.be_.png","width":1200,"height":675,"caption":"Forbes Belgique"},"image":{"@id":"https:\/\/www.forbes.be\/fr\/#\/schema\/logo\/image\/"},"sameAs":["https:\/\/www.facebook.com\/forbesbelgique\/","https:\/\/www.instagram.com\/Forbes_Belgium","https:\/\/www.linkedin.com\/company\/forbes-belgium\/"]},{"@type":"Person","@id":"https:\/\/www.forbes.be\/fr\/#\/schema\/person\/22bfc3335e560f4084ef5af17ecdad87","name":"Philippe Coul\u00e9e","image":{"@type":"ImageObject","inLanguage":"fr-FR","@id":"https:\/\/www.forbes.be\/fr\/wp-content\/uploads\/2024\/01\/unnamed-150x150.jpg","url":"https:\/\/www.forbes.be\/fr\/wp-content\/uploads\/2024\/01\/unnamed-150x150.jpg","contentUrl":"https:\/\/www.forbes.be\/fr\/wp-content\/uploads\/2024\/01\/unnamed-150x150.jpg","caption":"Philippe Coul\u00e9e"},"url":"https:\/\/www.forbes.be\/fr\/author\/philippe-couleeicloud-com\/"}]}},"_links":{"self":[{"href":"https:\/\/www.forbes.be\/fr\/wp-json\/wp\/v2\/posts\/8733","targetHints":{"allow":["GET"]}}],"collection":[{"href":"https:\/\/www.forbes.be\/fr\/wp-json\/wp\/v2\/posts"}],"about":[{"href":"https:\/\/www.forbes.be\/fr\/wp-json\/wp\/v2\/types\/post"}],"author":[{"embeddable":true,"href":"https:\/\/www.forbes.be\/fr\/wp-json\/wp\/v2\/users\/15"}],"replies":[{"embeddable":true,"href":"https:\/\/www.forbes.be\/fr\/wp-json\/wp\/v2\/comments?post=8733"}],"version-history":[{"count":1,"href":"https:\/\/www.forbes.be\/fr\/wp-json\/wp\/v2\/posts\/8733\/revisions"}],"predecessor-version":[{"id":8738,"href":"https:\/\/www.forbes.be\/fr\/wp-json\/wp\/v2\/posts\/8733\/revisions\/8738"}],"wp:featuredmedia":[{"embeddable":true,"href":"https:\/\/www.forbes.be\/fr\/wp-json\/wp\/v2\/media\/8743"}],"wp:attachment":[{"href":"https:\/\/www.forbes.be\/fr\/wp-json\/wp\/v2\/media?parent=8733"}],"wp:term":[{"taxonomy":"category","embeddable":true,"href":"https:\/\/www.forbes.be\/fr\/wp-json\/wp\/v2\/categories?post=8733"},{"taxonomy":"post_tag","embeddable":true,"href":"https:\/\/www.forbes.be\/fr\/wp-json\/wp\/v2\/tags?post=8733"}],"curies":[{"name":"wp","href":"https:\/\/api.w.org\/{rel}","templated":true}]}}