{"id":8746,"date":"2025-02-14T07:00:08","date_gmt":"2025-02-14T06:00:08","guid":{"rendered":"https:\/\/www.forbes.be\/fr\/?p=8746"},"modified":"2025-02-18T10:41:20","modified_gmt":"2025-02-18T09:41:20","slug":"les-vitrines-commerciales-fermees-se-repandent-a-nouveau-dans-les-rues-belges","status":"publish","type":"post","link":"https:\/\/www.forbes.be\/fr\/les-vitrines-commerciales-fermees-se-repandent-a-nouveau-dans-les-rues-belges\/","title":{"rendered":"Les vitrines commerciales ferm\u00e9es se r\u00e9pandent \u00e0 nouveau dans les rues belges"},"content":{"rendered":"<p style=\"font-weight: 400;\"><strong>Le taux d\u2019inoccupation r\u00e9pertori\u00e9 dans les rues commer\u00e7antes belges repart \u00e0 la hausse. 11% des locaux commerciaux sont actuellement laiss\u00e9s vides, ce qui constitue selon les professionnels du secteur un nouveau revirement alarmant.<\/strong><\/p>\n<p style=\"font-weight: 400;\">Selon le magazine professionnel de <strong>RetailDetail<\/strong>, les rues commer\u00e7antes du pays sont \u00e0 nouveau en berne et d\u00e9sert\u00e9es par les enseignes petites ou grandes. En 2025, selon le dernier inventaire de <a href=\"https:\/\/locatus.com\/fr\/\">Locatus<\/a>, expert du commerce de d\u00e9tail en la mati\u00e8re, <strong>21.546 espaces commerciaux \u00e9taient recens\u00e9s vides<\/strong> \u00e0 travers le pays.<\/p>\n<p style=\"font-weight: 400;\">Apr\u00e8s la crise du Covid et la p\u00e9riode 2019-2021, la situation s\u2019\u00e9tait pourtant momentan\u00e9ment am\u00e9lior\u00e9e. Et depuis l\u2019ann\u00e9e critique 2021, qui avait enregistr\u00e9 un taux de vacance de quasi 12%, la situation s\u2019\u00e9tait l\u00e9g\u00e8rement am\u00e9lior\u00e9e.<\/p>\n<p style=\"font-weight: 400;\">Mais aujourd\u2019hui, au grand dam des propri\u00e9taires en manque de locataires, le taux de vacance repart \u00e0 la hausse. Les faillites r\u00e9centes de quelques enseignes importantes, de <strong>Fun<\/strong> \u00e0 <strong>Esprit<\/strong> en passant par <strong>Scotch &amp; Soda<\/strong>, <strong>Bristol<\/strong> ou <strong>Tupperware<\/strong>, ont marqu\u00e9 les esprits et les rues les plus fr\u00e9quent\u00e9es du pays. Une exception toutefois, mentionn\u00e9e par RetailDetail: les centres commerciaux seraient -pour l\u2019instant- toujours \u00e9pargn\u00e9s: le taux de vacance moyen y plafonne autour de 7%. Et au Shopping Ring Kortrijk, par exemple, seuls 2% des espaces commerciaux sont vacants.<\/p>\n<h3 style=\"font-weight: 400;\"><strong>Les banques creusent le vide<\/strong><\/h3>\n<p style=\"font-weight: 400;\">Locatus consid\u00e8re les agences bancaires comme des enseignes commerciales comme les autres. Normal. Malgr\u00e9 la num\u00e9risation galopante des services bancaires ordinaires et les fermetures progressivement programm\u00e9es depuis plus de 15 ans d\u00e9j\u00e0, la Belgique comptait encore jusqu\u2019\u00e0 l\u2019an dernier un nombre relativement praticable d\u2019agences de proximit\u00e9. Entre 2000 (12.751 agences r\u00e9pertori\u00e9es) et 2020 (4.232), deux tiers de ses banquiers locaux avaient pourtant d\u00e9j\u00e0 mis la cl\u00e9 sous le paillasson. Mais ces fermetures locales se sont encore massivement poursuivies l&rsquo;an dernier: ING a supprim\u00e9 plus de 100 agences et la fusion d\u2019AXA avec Crelan a entra\u00een\u00e9 la fermeture de pr\u00e8s de 100 autres points de vente. Au total, 300 points de vente bancaires ont baiss\u00e9 le volet et vid\u00e9 les lieux, sans doute d\u00e9finitivement.<\/p>\n<h3 style=\"font-weight: 400;\"><strong>Des taux de vacance structurels effrayants par endroits<\/strong><\/h3>\n<p style=\"font-weight: 400;\">Plus pr\u00e9occupant encore: le taux de vacance reparti \u00e0 la hausse n\u2019est ni uniform\u00e9ment r\u00e9parti dans le pays ni temporaire par endroits. Les centres-villes de taille moyenne sont les plus touch\u00e9s en pourcentage et en dur\u00e9e, avec un<strong> taux d\u2019inoccupation moyen qui culmine \u00e0 17,5%<\/strong>. Les cas les plus extr\u00eames -et cela ne date pas d\u2019hier- sont <strong>Charleroi (36,2% de vide locatif)<\/strong> et <strong>P\u00e9ruwelz (32,8%)<\/strong>, o\u00f9 un tiers des vitrines commerciales sont vides voire abandonn\u00e9es.<\/p>\n<figure id=\"attachment_8748\" aria-describedby=\"caption-attachment-8748\" style=\"width: 1920px\" class=\"wp-caption alignnone\"><img loading=\"lazy\" decoding=\"async\" class=\"size-full wp-image-8748\" src=\"https:\/\/www.forbes.be\/fr\/wp-content\/uploads\/2025\/02\/verviers-rue-spintay-scaled.jpg\" alt=\"\" width=\"1920\" height=\"2560\" srcset=\"https:\/\/www.forbes.be\/fr\/wp-content\/uploads\/2025\/02\/verviers-rue-spintay-scaled.jpg 1920w, https:\/\/www.forbes.be\/fr\/wp-content\/uploads\/2025\/02\/verviers-rue-spintay-225x300.jpg 225w, https:\/\/www.forbes.be\/fr\/wp-content\/uploads\/2025\/02\/verviers-rue-spintay-768x1024.jpg 768w, https:\/\/www.forbes.be\/fr\/wp-content\/uploads\/2025\/02\/verviers-rue-spintay-1152x1536.jpg 1152w, https:\/\/www.forbes.be\/fr\/wp-content\/uploads\/2025\/02\/verviers-rue-spintay-1536x2048.jpg 1536w, https:\/\/www.forbes.be\/fr\/wp-content\/uploads\/2025\/02\/verviers-rue-spintay-696x928.jpg 696w, https:\/\/www.forbes.be\/fr\/wp-content\/uploads\/2025\/02\/verviers-rue-spintay-1068x1424.jpg 1068w, https:\/\/www.forbes.be\/fr\/wp-content\/uploads\/2025\/02\/verviers-rue-spintay-600x800.jpg 600w\" sizes=\"auto, (max-width: 1920px) 100vw, 1920px\" \/><figcaption id=\"caption-attachment-8748\" class=\"wp-caption-text\">Verviers, rue Spintay, 2022<\/figcaption><\/figure>\n<p style=\"font-weight: 400;\">Ce probl\u00e8me de vide locatif persistant est, depuis pr\u00e8s de 20 ans d\u00e9j\u00e0, un enjeu majeur pour les centres-villes belges, notamment en mati\u00e8re d&rsquo;attractivit\u00e9, de s\u00e9curit\u00e9, de propret\u00e9&#8230; et de recettes et d\u00e9penses communales. Compte tenu des changements structurels et irr\u00e9versibles dans le paysage commercial, Locatus n&rsquo;h\u00e9site pas \u00e0 lancer un pav\u00e9 dans la mare et estime <strong>qu\u2019il n\u2019est pas r\u00e9aliste de s\u2019attendre \u00e0 ce que tous les locaux vacants soient occup\u00e9s un jour \u00e0 nouveau.<\/strong><\/p>\n<p>En la mati\u00e8re, il y serait sans doute pertinent, par endroits, de repenser l&rsquo;affectation de certaines rues commer\u00e7antes irr\u00e9versiblement vides sur base d&rsquo;un cadastre d\u00e9taill\u00e9 et de les reconvertir, sous l&rsquo;\u00e9gide des pouvoirs locaux,\u00a0en zones de densification du logement urbain.<\/p>\n","protected":false},"excerpt":{"rendered":"<p>Le taux d\u2019inoccupation r\u00e9pertori\u00e9 dans les rues commer\u00e7antes belges repart \u00e0 la hausse. 11% des locaux commerciaux sont actuellement laiss\u00e9s vides, ce qui constitue selon les professionnels du secteur un nouveau revirement alarmant. Selon le magazine professionnel de RetailDetail, les rues commer\u00e7antes du pays sont \u00e0 nouveau en berne et d\u00e9sert\u00e9es par les enseignes petites [&hellip;]<\/p>\n","protected":false},"author":15,"featured_media":8747,"comment_status":"closed","ping_status":"closed","sticky":false,"template":"","format":"standard","meta":{"_acf_changed":false,"inline_featured_image":false,"footnotes":""},"categories":[1,30,24,31],"tags":[],"class_list":{"0":"post-8746","1":"post","2":"type-post","3":"status-publish","4":"format-standard","5":"has-post-thumbnail","7":"category-actualite","8":"category-commerce","9":"category-immobilier","10":"category-politique"},"acf":[],"_yoast_wpseo_title":null,"_yoast_wpseo_metadesc":"Le taux d\u2019inoccupation r\u00e9pertori\u00e9 dans les rues commer\u00e7antes belges repart \u00e0 la hausse. 11% des locaux commerciaux y sont actuellement laiss\u00e9s vides.","auteur_traducteur":"","yoast_head":"<!-- This site is optimized with the Yoast SEO plugin v27.4 - https:\/\/yoast.com\/product\/yoast-seo-wordpress\/ -->\n<title>Les vitrines commerciales ferm\u00e9es se r\u00e9pandent \u00e0 nouveau dans les rues belges | Forbes Belgique<\/title>\n<meta name=\"description\" content=\"Le taux d\u2019inoccupation r\u00e9pertori\u00e9 dans les rues commer\u00e7antes belges repart \u00e0 la hausse. 11% des locaux commerciaux y sont actuellement laiss\u00e9s vides.\" \/>\n<meta name=\"robots\" content=\"index, follow, max-snippet:-1, max-image-preview:large, max-video-preview:-1\" \/>\n<link rel=\"canonical\" href=\"https:\/\/www.forbes.be\/fr\/les-vitrines-commerciales-fermees-se-repandent-a-nouveau-dans-les-rues-belges\/\" \/>\n<meta property=\"og:locale\" content=\"fr_FR\" \/>\n<meta property=\"og:type\" content=\"article\" \/>\n<meta property=\"og:title\" content=\"Les vitrines commerciales ferm\u00e9es se r\u00e9pandent \u00e0 nouveau dans les rues belges | Forbes Belgique\" \/>\n<meta property=\"og:description\" content=\"Le taux d\u2019inoccupation r\u00e9pertori\u00e9 dans les rues commer\u00e7antes belges repart \u00e0 la hausse. 11% des locaux commerciaux y sont actuellement laiss\u00e9s vides.\" \/>\n<meta property=\"og:url\" content=\"https:\/\/www.forbes.be\/fr\/les-vitrines-commerciales-fermees-se-repandent-a-nouveau-dans-les-rues-belges\/\" \/>\n<meta property=\"og:site_name\" content=\"Forbes Belgique\" \/>\n<meta property=\"article:publisher\" content=\"https:\/\/www.facebook.com\/forbesbelgique\/\" \/>\n<meta property=\"article:published_time\" content=\"2025-02-14T06:00:08+00:00\" \/>\n<meta property=\"article:modified_time\" content=\"2025-02-18T09:41:20+00:00\" \/>\n<meta property=\"og:image\" content=\"https:\/\/www.forbes.be\/fr\/wp-content\/uploads\/2025\/02\/leegstand-shutterstock-409828135-e1739871608278.jpg\" \/>\n\t<meta property=\"og:image:width\" content=\"1000\" \/>\n\t<meta property=\"og:image:height\" content=\"523\" \/>\n\t<meta property=\"og:image:type\" content=\"image\/jpeg\" \/>\n<meta name=\"author\" content=\"Philippe Coul\u00e9e\" \/>\n<meta name=\"twitter:card\" content=\"summary_large_image\" \/>\n<meta name=\"twitter:label1\" content=\"\u00c9crit par\" \/>\n\t<meta name=\"twitter:data1\" content=\"Philippe Coul\u00e9e\" \/>\n\t<meta name=\"twitter:label2\" content=\"Dur\u00e9e de lecture estim\u00e9e\" \/>\n\t<meta name=\"twitter:data2\" content=\"4 minutes\" \/>\n<script type=\"application\/ld+json\" class=\"yoast-schema-graph\">{\"@context\":\"https:\\\/\\\/schema.org\",\"@graph\":[{\"@type\":\"NewsArticle\",\"@id\":\"https:\\\/\\\/www.forbes.be\\\/fr\\\/les-vitrines-commerciales-fermees-se-repandent-a-nouveau-dans-les-rues-belges\\\/#article\",\"isPartOf\":{\"@id\":\"https:\\\/\\\/www.forbes.be\\\/fr\\\/les-vitrines-commerciales-fermees-se-repandent-a-nouveau-dans-les-rues-belges\\\/\"},\"author\":{\"name\":\"Philippe Coul\u00e9e\",\"@id\":\"https:\\\/\\\/www.forbes.be\\\/fr\\\/#\\\/schema\\\/person\\\/22bfc3335e560f4084ef5af17ecdad87\"},\"headline\":\"Les vitrines commerciales ferm\u00e9es se r\u00e9pandent \u00e0 nouveau dans les rues belges\",\"datePublished\":\"2025-02-14T06:00:08+00:00\",\"dateModified\":\"2025-02-18T09:41:20+00:00\",\"mainEntityOfPage\":{\"@id\":\"https:\\\/\\\/www.forbes.be\\\/fr\\\/les-vitrines-commerciales-fermees-se-repandent-a-nouveau-dans-les-rues-belges\\\/\"},\"wordCount\":602,\"publisher\":{\"@id\":\"https:\\\/\\\/www.forbes.be\\\/fr\\\/#organization\"},\"image\":{\"@id\":\"https:\\\/\\\/www.forbes.be\\\/fr\\\/les-vitrines-commerciales-fermees-se-repandent-a-nouveau-dans-les-rues-belges\\\/#primaryimage\"},\"thumbnailUrl\":\"https:\\\/\\\/www.forbes.be\\\/fr\\\/wp-content\\\/uploads\\\/2025\\\/02\\\/leegstand-shutterstock-409828135-e1739871608278.jpg\",\"articleSection\":[\"Actualit\u00e9s\",\"Commerce\",\"Immobilier\",\"Politique\"],\"inLanguage\":\"fr-FR\"},{\"@type\":\"WebPage\",\"@id\":\"https:\\\/\\\/www.forbes.be\\\/fr\\\/les-vitrines-commerciales-fermees-se-repandent-a-nouveau-dans-les-rues-belges\\\/\",\"url\":\"https:\\\/\\\/www.forbes.be\\\/fr\\\/les-vitrines-commerciales-fermees-se-repandent-a-nouveau-dans-les-rues-belges\\\/\",\"name\":\"Les vitrines commerciales ferm\u00e9es se r\u00e9pandent \u00e0 nouveau dans les rues belges | Forbes Belgique\",\"isPartOf\":{\"@id\":\"https:\\\/\\\/www.forbes.be\\\/fr\\\/#website\"},\"primaryImageOfPage\":{\"@id\":\"https:\\\/\\\/www.forbes.be\\\/fr\\\/les-vitrines-commerciales-fermees-se-repandent-a-nouveau-dans-les-rues-belges\\\/#primaryimage\"},\"image\":{\"@id\":\"https:\\\/\\\/www.forbes.be\\\/fr\\\/les-vitrines-commerciales-fermees-se-repandent-a-nouveau-dans-les-rues-belges\\\/#primaryimage\"},\"thumbnailUrl\":\"https:\\\/\\\/www.forbes.be\\\/fr\\\/wp-content\\\/uploads\\\/2025\\\/02\\\/leegstand-shutterstock-409828135-e1739871608278.jpg\",\"datePublished\":\"2025-02-14T06:00:08+00:00\",\"dateModified\":\"2025-02-18T09:41:20+00:00\",\"description\":\"Le taux d\u2019inoccupation r\u00e9pertori\u00e9 dans les rues commer\u00e7antes belges repart \u00e0 la hausse. 11% des locaux commerciaux y sont actuellement laiss\u00e9s vides.\",\"breadcrumb\":{\"@id\":\"https:\\\/\\\/www.forbes.be\\\/fr\\\/les-vitrines-commerciales-fermees-se-repandent-a-nouveau-dans-les-rues-belges\\\/#breadcrumb\"},\"inLanguage\":\"fr-FR\",\"potentialAction\":[{\"@type\":\"ReadAction\",\"target\":[\"https:\\\/\\\/www.forbes.be\\\/fr\\\/les-vitrines-commerciales-fermees-se-repandent-a-nouveau-dans-les-rues-belges\\\/\"]}]},{\"@type\":\"ImageObject\",\"inLanguage\":\"fr-FR\",\"@id\":\"https:\\\/\\\/www.forbes.be\\\/fr\\\/les-vitrines-commerciales-fermees-se-repandent-a-nouveau-dans-les-rues-belges\\\/#primaryimage\",\"url\":\"https:\\\/\\\/www.forbes.be\\\/fr\\\/wp-content\\\/uploads\\\/2025\\\/02\\\/leegstand-shutterstock-409828135-e1739871608278.jpg\",\"contentUrl\":\"https:\\\/\\\/www.forbes.be\\\/fr\\\/wp-content\\\/uploads\\\/2025\\\/02\\\/leegstand-shutterstock-409828135-e1739871608278.jpg\",\"width\":1000,\"height\":523,\"caption\":\"Source: RetailDetail\"},{\"@type\":\"BreadcrumbList\",\"@id\":\"https:\\\/\\\/www.forbes.be\\\/fr\\\/les-vitrines-commerciales-fermees-se-repandent-a-nouveau-dans-les-rues-belges\\\/#breadcrumb\",\"itemListElement\":[{\"@type\":\"ListItem\",\"position\":1,\"name\":\"Accueil\",\"item\":\"https:\\\/\\\/www.forbes.be\\\/fr\\\/\"},{\"@type\":\"ListItem\",\"position\":2,\"name\":\"Les vitrines commerciales ferm\u00e9es se r\u00e9pandent \u00e0 nouveau dans les rues belges\"}]},{\"@type\":\"WebSite\",\"@id\":\"https:\\\/\\\/www.forbes.be\\\/fr\\\/#website\",\"url\":\"https:\\\/\\\/www.forbes.be\\\/fr\\\/\",\"name\":\"Forbes Belgique\",\"description\":\"\",\"publisher\":{\"@id\":\"https:\\\/\\\/www.forbes.be\\\/fr\\\/#organization\"},\"potentialAction\":[{\"@type\":\"SearchAction\",\"target\":{\"@type\":\"EntryPoint\",\"urlTemplate\":\"https:\\\/\\\/www.forbes.be\\\/fr\\\/?s={search_term_string}\"},\"query-input\":{\"@type\":\"PropertyValueSpecification\",\"valueRequired\":true,\"valueName\":\"search_term_string\"}}],\"inLanguage\":\"fr-FR\"},{\"@type\":\"Organization\",\"@id\":\"https:\\\/\\\/www.forbes.be\\\/fr\\\/#organization\",\"name\":\"Forbes Belgique\",\"url\":\"https:\\\/\\\/www.forbes.be\\\/fr\\\/\",\"logo\":{\"@type\":\"ImageObject\",\"inLanguage\":\"fr-FR\",\"@id\":\"https:\\\/\\\/www.forbes.be\\\/fr\\\/#\\\/schema\\\/logo\\\/image\\\/\",\"url\":\"https:\\\/\\\/www.forbes.be\\\/fr\\\/wp-content\\\/uploads\\\/2024\\\/02\\\/forbes.be_.png\",\"contentUrl\":\"https:\\\/\\\/www.forbes.be\\\/fr\\\/wp-content\\\/uploads\\\/2024\\\/02\\\/forbes.be_.png\",\"width\":1200,\"height\":675,\"caption\":\"Forbes Belgique\"},\"image\":{\"@id\":\"https:\\\/\\\/www.forbes.be\\\/fr\\\/#\\\/schema\\\/logo\\\/image\\\/\"},\"sameAs\":[\"https:\\\/\\\/www.facebook.com\\\/forbesbelgique\\\/\",\"https:\\\/\\\/www.instagram.com\\\/Forbes_Belgium\",\"https:\\\/\\\/www.linkedin.com\\\/company\\\/forbes-belgium\\\/\"]},{\"@type\":\"Person\",\"@id\":\"https:\\\/\\\/www.forbes.be\\\/fr\\\/#\\\/schema\\\/person\\\/22bfc3335e560f4084ef5af17ecdad87\",\"name\":\"Philippe Coul\u00e9e\",\"image\":{\"@type\":\"ImageObject\",\"inLanguage\":\"fr-FR\",\"@id\":\"https:\\\/\\\/www.forbes.be\\\/fr\\\/wp-content\\\/uploads\\\/2024\\\/01\\\/unnamed-150x150.jpg\",\"url\":\"https:\\\/\\\/www.forbes.be\\\/fr\\\/wp-content\\\/uploads\\\/2024\\\/01\\\/unnamed-150x150.jpg\",\"contentUrl\":\"https:\\\/\\\/www.forbes.be\\\/fr\\\/wp-content\\\/uploads\\\/2024\\\/01\\\/unnamed-150x150.jpg\",\"caption\":\"Philippe Coul\u00e9e\"},\"url\":\"https:\\\/\\\/www.forbes.be\\\/fr\\\/author\\\/philippe-couleeicloud-com\\\/\"}]}<\/script>\n<!-- \/ Yoast SEO plugin. -->","yoast_head_json":{"title":"Les vitrines commerciales ferm\u00e9es se r\u00e9pandent \u00e0 nouveau dans les rues belges | Forbes Belgique","description":"Le taux d\u2019inoccupation r\u00e9pertori\u00e9 dans les rues commer\u00e7antes belges repart \u00e0 la hausse. 11% des locaux commerciaux y sont actuellement laiss\u00e9s vides.","robots":{"index":"index","follow":"follow","max-snippet":"max-snippet:-1","max-image-preview":"max-image-preview:large","max-video-preview":"max-video-preview:-1"},"canonical":"https:\/\/www.forbes.be\/fr\/les-vitrines-commerciales-fermees-se-repandent-a-nouveau-dans-les-rues-belges\/","og_locale":"fr_FR","og_type":"article","og_title":"Les vitrines commerciales ferm\u00e9es se r\u00e9pandent \u00e0 nouveau dans les rues belges | Forbes Belgique","og_description":"Le taux d\u2019inoccupation r\u00e9pertori\u00e9 dans les rues commer\u00e7antes belges repart \u00e0 la hausse. 11% des locaux commerciaux y sont actuellement laiss\u00e9s vides.","og_url":"https:\/\/www.forbes.be\/fr\/les-vitrines-commerciales-fermees-se-repandent-a-nouveau-dans-les-rues-belges\/","og_site_name":"Forbes Belgique","article_publisher":"https:\/\/www.facebook.com\/forbesbelgique\/","article_published_time":"2025-02-14T06:00:08+00:00","article_modified_time":"2025-02-18T09:41:20+00:00","og_image":[{"width":1000,"height":523,"url":"https:\/\/www.forbes.be\/fr\/wp-content\/uploads\/2025\/02\/leegstand-shutterstock-409828135-e1739871608278.jpg","type":"image\/jpeg"}],"author":"Philippe Coul\u00e9e","twitter_card":"summary_large_image","twitter_misc":{"\u00c9crit par":"Philippe Coul\u00e9e","Dur\u00e9e de lecture estim\u00e9e":"4 minutes"},"schema":{"@context":"https:\/\/schema.org","@graph":[{"@type":"NewsArticle","@id":"https:\/\/www.forbes.be\/fr\/les-vitrines-commerciales-fermees-se-repandent-a-nouveau-dans-les-rues-belges\/#article","isPartOf":{"@id":"https:\/\/www.forbes.be\/fr\/les-vitrines-commerciales-fermees-se-repandent-a-nouveau-dans-les-rues-belges\/"},"author":{"name":"Philippe Coul\u00e9e","@id":"https:\/\/www.forbes.be\/fr\/#\/schema\/person\/22bfc3335e560f4084ef5af17ecdad87"},"headline":"Les vitrines commerciales ferm\u00e9es se r\u00e9pandent \u00e0 nouveau dans les rues belges","datePublished":"2025-02-14T06:00:08+00:00","dateModified":"2025-02-18T09:41:20+00:00","mainEntityOfPage":{"@id":"https:\/\/www.forbes.be\/fr\/les-vitrines-commerciales-fermees-se-repandent-a-nouveau-dans-les-rues-belges\/"},"wordCount":602,"publisher":{"@id":"https:\/\/www.forbes.be\/fr\/#organization"},"image":{"@id":"https:\/\/www.forbes.be\/fr\/les-vitrines-commerciales-fermees-se-repandent-a-nouveau-dans-les-rues-belges\/#primaryimage"},"thumbnailUrl":"https:\/\/www.forbes.be\/fr\/wp-content\/uploads\/2025\/02\/leegstand-shutterstock-409828135-e1739871608278.jpg","articleSection":["Actualit\u00e9s","Commerce","Immobilier","Politique"],"inLanguage":"fr-FR"},{"@type":"WebPage","@id":"https:\/\/www.forbes.be\/fr\/les-vitrines-commerciales-fermees-se-repandent-a-nouveau-dans-les-rues-belges\/","url":"https:\/\/www.forbes.be\/fr\/les-vitrines-commerciales-fermees-se-repandent-a-nouveau-dans-les-rues-belges\/","name":"Les vitrines commerciales ferm\u00e9es se r\u00e9pandent \u00e0 nouveau dans les rues belges | Forbes Belgique","isPartOf":{"@id":"https:\/\/www.forbes.be\/fr\/#website"},"primaryImageOfPage":{"@id":"https:\/\/www.forbes.be\/fr\/les-vitrines-commerciales-fermees-se-repandent-a-nouveau-dans-les-rues-belges\/#primaryimage"},"image":{"@id":"https:\/\/www.forbes.be\/fr\/les-vitrines-commerciales-fermees-se-repandent-a-nouveau-dans-les-rues-belges\/#primaryimage"},"thumbnailUrl":"https:\/\/www.forbes.be\/fr\/wp-content\/uploads\/2025\/02\/leegstand-shutterstock-409828135-e1739871608278.jpg","datePublished":"2025-02-14T06:00:08+00:00","dateModified":"2025-02-18T09:41:20+00:00","description":"Le taux d\u2019inoccupation r\u00e9pertori\u00e9 dans les rues commer\u00e7antes belges repart \u00e0 la hausse. 11% des locaux commerciaux y sont actuellement laiss\u00e9s vides.","breadcrumb":{"@id":"https:\/\/www.forbes.be\/fr\/les-vitrines-commerciales-fermees-se-repandent-a-nouveau-dans-les-rues-belges\/#breadcrumb"},"inLanguage":"fr-FR","potentialAction":[{"@type":"ReadAction","target":["https:\/\/www.forbes.be\/fr\/les-vitrines-commerciales-fermees-se-repandent-a-nouveau-dans-les-rues-belges\/"]}]},{"@type":"ImageObject","inLanguage":"fr-FR","@id":"https:\/\/www.forbes.be\/fr\/les-vitrines-commerciales-fermees-se-repandent-a-nouveau-dans-les-rues-belges\/#primaryimage","url":"https:\/\/www.forbes.be\/fr\/wp-content\/uploads\/2025\/02\/leegstand-shutterstock-409828135-e1739871608278.jpg","contentUrl":"https:\/\/www.forbes.be\/fr\/wp-content\/uploads\/2025\/02\/leegstand-shutterstock-409828135-e1739871608278.jpg","width":1000,"height":523,"caption":"Source: RetailDetail"},{"@type":"BreadcrumbList","@id":"https:\/\/www.forbes.be\/fr\/les-vitrines-commerciales-fermees-se-repandent-a-nouveau-dans-les-rues-belges\/#breadcrumb","itemListElement":[{"@type":"ListItem","position":1,"name":"Accueil","item":"https:\/\/www.forbes.be\/fr\/"},{"@type":"ListItem","position":2,"name":"Les vitrines commerciales ferm\u00e9es se r\u00e9pandent \u00e0 nouveau dans les rues belges"}]},{"@type":"WebSite","@id":"https:\/\/www.forbes.be\/fr\/#website","url":"https:\/\/www.forbes.be\/fr\/","name":"Forbes Belgique","description":"","publisher":{"@id":"https:\/\/www.forbes.be\/fr\/#organization"},"potentialAction":[{"@type":"SearchAction","target":{"@type":"EntryPoint","urlTemplate":"https:\/\/www.forbes.be\/fr\/?s={search_term_string}"},"query-input":{"@type":"PropertyValueSpecification","valueRequired":true,"valueName":"search_term_string"}}],"inLanguage":"fr-FR"},{"@type":"Organization","@id":"https:\/\/www.forbes.be\/fr\/#organization","name":"Forbes Belgique","url":"https:\/\/www.forbes.be\/fr\/","logo":{"@type":"ImageObject","inLanguage":"fr-FR","@id":"https:\/\/www.forbes.be\/fr\/#\/schema\/logo\/image\/","url":"https:\/\/www.forbes.be\/fr\/wp-content\/uploads\/2024\/02\/forbes.be_.png","contentUrl":"https:\/\/www.forbes.be\/fr\/wp-content\/uploads\/2024\/02\/forbes.be_.png","width":1200,"height":675,"caption":"Forbes Belgique"},"image":{"@id":"https:\/\/www.forbes.be\/fr\/#\/schema\/logo\/image\/"},"sameAs":["https:\/\/www.facebook.com\/forbesbelgique\/","https:\/\/www.instagram.com\/Forbes_Belgium","https:\/\/www.linkedin.com\/company\/forbes-belgium\/"]},{"@type":"Person","@id":"https:\/\/www.forbes.be\/fr\/#\/schema\/person\/22bfc3335e560f4084ef5af17ecdad87","name":"Philippe Coul\u00e9e","image":{"@type":"ImageObject","inLanguage":"fr-FR","@id":"https:\/\/www.forbes.be\/fr\/wp-content\/uploads\/2024\/01\/unnamed-150x150.jpg","url":"https:\/\/www.forbes.be\/fr\/wp-content\/uploads\/2024\/01\/unnamed-150x150.jpg","contentUrl":"https:\/\/www.forbes.be\/fr\/wp-content\/uploads\/2024\/01\/unnamed-150x150.jpg","caption":"Philippe Coul\u00e9e"},"url":"https:\/\/www.forbes.be\/fr\/author\/philippe-couleeicloud-com\/"}]}},"_links":{"self":[{"href":"https:\/\/www.forbes.be\/fr\/wp-json\/wp\/v2\/posts\/8746","targetHints":{"allow":["GET"]}}],"collection":[{"href":"https:\/\/www.forbes.be\/fr\/wp-json\/wp\/v2\/posts"}],"about":[{"href":"https:\/\/www.forbes.be\/fr\/wp-json\/wp\/v2\/types\/post"}],"author":[{"embeddable":true,"href":"https:\/\/www.forbes.be\/fr\/wp-json\/wp\/v2\/users\/15"}],"replies":[{"embeddable":true,"href":"https:\/\/www.forbes.be\/fr\/wp-json\/wp\/v2\/comments?post=8746"}],"version-history":[{"count":2,"href":"https:\/\/www.forbes.be\/fr\/wp-json\/wp\/v2\/posts\/8746\/revisions"}],"predecessor-version":[{"id":8750,"href":"https:\/\/www.forbes.be\/fr\/wp-json\/wp\/v2\/posts\/8746\/revisions\/8750"}],"wp:featuredmedia":[{"embeddable":true,"href":"https:\/\/www.forbes.be\/fr\/wp-json\/wp\/v2\/media\/8747"}],"wp:attachment":[{"href":"https:\/\/www.forbes.be\/fr\/wp-json\/wp\/v2\/media?parent=8746"}],"wp:term":[{"taxonomy":"category","embeddable":true,"href":"https:\/\/www.forbes.be\/fr\/wp-json\/wp\/v2\/categories?post=8746"},{"taxonomy":"post_tag","embeddable":true,"href":"https:\/\/www.forbes.be\/fr\/wp-json\/wp\/v2\/tags?post=8746"}],"curies":[{"name":"wp","href":"https:\/\/api.w.org\/{rel}","templated":true}]}}