{"id":8786,"date":"2025-02-18T13:46:47","date_gmt":"2025-02-18T12:46:47","guid":{"rendered":"https:\/\/www.forbes.be\/fr\/?p=8786"},"modified":"2025-02-18T15:23:09","modified_gmt":"2025-02-18T14:23:09","slug":"pierre-hermant-la-derniere-chance-du-groupe-hibert","status":"publish","type":"post","link":"https:\/\/www.forbes.be\/fr\/pierre-hermant-la-derniere-chance-du-groupe-hibert\/","title":{"rendered":"Pierre Hermant : la derni\u00e8re chance du groupe Hibert ?"},"content":{"rendered":"<p><strong>Rebondissement dans le feuilleton de la d\u00e9liquescence du groupe G\u00e9rald Hibert. Le g\u00e9ant de l&rsquo;immobilier est en pleine temp\u00eate financi\u00e8re. Pour naviguer dans cette crise, Pierre Hermant, CEO de finance&amp;invest.brussels, a \u00e9t\u00e9 nomm\u00e9 pour orchestrer une r\u00e9organisation judiciaire cruciale. Son arriv\u00e9e pourrait bien marquer un tournant d\u00e9cisif pour l&rsquo;avenir du groupe.<\/strong><\/p>\n<p>Nous vous le rapportions <a href=\"https:\/\/www.forbes.be\/fr\/gerald-hibert-accule-par-les-dettes\/\" target=\"_blank\" rel=\"noopener\">ici<\/a> et <a href=\"https:\/\/www.forbes.be\/fr\/rapport-cinglant-du-reviseur-concernant-les-societes-de-gerald-hibert\/\" target=\"_blank\" rel=\"noopener\">ici<\/a>, le groupe <strong>G\u00e9rald Hibert<\/strong> (GH), connu pour ses investissements dans des emplacements premium \u00e0 Bruxelles et Paris, est confront\u00e9 \u00e0 des d\u00e9fis financiers majeurs. Avec un portefeuille de 130 biens immobiliers, dont des boutiques de luxe embl\u00e9matiques comme Rolex et Cartier sur le <strong>boulevard de Waterloo<\/strong>, le groupe doit d\u00e9sormais vendre une partie de ses actifs pour rembourser ses cr\u00e9anciers et assurer sa survie. C&rsquo;est dans ce contexte que <strong>Pierre Hermant<\/strong>, expert en finance et investissement (il est le patron de finance&amp;invest.brussels), a \u00e9t\u00e9 d\u00e9sign\u00e9 par le tribunal de l&rsquo;entreprise francophone de Bruxelles pour mener la r\u00e9organisation judiciaire du groupe.<\/p>\n<h2>Pierre Hermant au chevet du Groupe G\u00e9rald Hibert<\/h2>\n<p><strong>Pierre Hermant<\/strong> apporte une expertise pr\u00e9cieuse et une connaissance approfondie du tissu socio-\u00e9conomique bruxellois. Sa mission est double : ren\u00e9gocier les <strong>dettes<\/strong> avec les <strong>banques<\/strong> et orchestrer la vente strat\u00e9gique de certains actifs pour stabiliser la situation financi\u00e8re du groupe. Les banques, face \u00e0 un march\u00e9 immobilier incertain, ont adopt\u00e9 une position inflexible, exigeant des remboursements imm\u00e9diats. Hermant devra user de son influence et de son expertise pour n\u00e9gocier des conditions de remboursement plus favorables, essentielles pour la survie du groupe.<\/p>\n<figure id=\"attachment_8788\" aria-describedby=\"caption-attachment-8788\" style=\"width: 1113px\" class=\"wp-caption alignnone\"><img loading=\"lazy\" decoding=\"async\" class=\"wp-image-8788 size-full\" src=\"https:\/\/www.forbes.be\/fr\/wp-content\/uploads\/2025\/02\/toison-dor-google.jpg\" alt=\"\" width=\"1113\" height=\"781\" srcset=\"https:\/\/www.forbes.be\/fr\/wp-content\/uploads\/2025\/02\/toison-dor-google.jpg 1113w, https:\/\/www.forbes.be\/fr\/wp-content\/uploads\/2025\/02\/toison-dor-google-300x211.jpg 300w, https:\/\/www.forbes.be\/fr\/wp-content\/uploads\/2025\/02\/toison-dor-google-1024x719.jpg 1024w, https:\/\/www.forbes.be\/fr\/wp-content\/uploads\/2025\/02\/toison-dor-google-768x539.jpg 768w, https:\/\/www.forbes.be\/fr\/wp-content\/uploads\/2025\/02\/toison-dor-google-696x488.jpg 696w, https:\/\/www.forbes.be\/fr\/wp-content\/uploads\/2025\/02\/toison-dor-google-1068x749.jpg 1068w, https:\/\/www.forbes.be\/fr\/wp-content\/uploads\/2025\/02\/toison-dor-google-600x421.jpg 600w\" sizes=\"auto, (max-width: 1113px) 100vw, 1113px\" \/><figcaption id=\"caption-attachment-8788\" class=\"wp-caption-text\">L&rsquo;immeuble de l&rsquo;avenue de la Toison d&rsquo;Or, l&rsquo;un des joyaux de la couronne du groupe Gerald Hibert \u00a9 Google Street View<\/figcaption><\/figure>\n<p>Parmi les actifs susceptibles d&rsquo;\u00eatre vendus figurent des boutiques de luxe comme Cartier, Armani et Delvaux, ainsi que des propri\u00e9t\u00e9s embl\u00e9matiques. Ces ventes visent \u00e0 g\u00e9n\u00e9rer des liquidit\u00e9s n\u00e9cessaires pour rembourser les cr\u00e9anciers priv\u00e9s et stabiliser la tr\u00e9sorerie du groupe. Notons que les deux experts, <strong>Jean-Edouard Carbonnelle<\/strong> et <strong>Erard de Becker<\/strong>, mandat\u00e9s pour renforcer le conseil d&rsquo;administration, ont d\u00e9j\u00e0 quitt\u00e9 le navire. Leur diagnostic n&rsquo;aurait pas trouv\u00e9 \u00e9cho suffisant au sein du CA.<\/p>\n<p>\u00c0 ce stade-ci, les mesures qui seront prises sous la direction de <strong>Pierre<\/strong> <strong>Hermant <\/strong>seront scrut\u00e9es de pr\u00e8s par tout le secteur. Elles devront offrir une nouvelle dynamique au groupe. Et lui \u00e9viter la faillite ?<\/p>\n<p>&nbsp;<\/p>\n","protected":false},"excerpt":{"rendered":"<p>Rebondissement dans le feuilleton de la d\u00e9liquescence du groupe G\u00e9rald Hibert. Le g\u00e9ant de l&rsquo;immobilier est en pleine temp\u00eate financi\u00e8re. Pour naviguer dans cette crise, Pierre Hermant, CEO de finance&amp;invest.brussels, a \u00e9t\u00e9 nomm\u00e9 pour orchestrer une r\u00e9organisation judiciaire cruciale. Son arriv\u00e9e pourrait bien marquer un tournant d\u00e9cisif pour l&rsquo;avenir du groupe. Nous vous le rapportions [&hellip;]<\/p>\n","protected":false},"author":47,"featured_media":8789,"comment_status":"closed","ping_status":"closed","sticky":false,"template":"","format":"standard","meta":{"_acf_changed":false,"inline_featured_image":false,"footnotes":""},"categories":[1,24],"tags":[],"class_list":{"0":"post-8786","1":"post","2":"type-post","3":"status-publish","4":"format-standard","5":"has-post-thumbnail","7":"category-actualite","8":"category-immobilier"},"acf":[],"_yoast_wpseo_title":null,"_yoast_wpseo_metadesc":"Pierre Hermant \u00e0 la rescousse du groupe G\u00e9rald Hibert : r\u00e9organisation judiciaire, vente d'actifs et perspectives d'avenir. Analyse sur Forbes Belgique.","auteur_traducteur":"","yoast_head":"<!-- This site is optimized with the Yoast SEO plugin v27.4 - https:\/\/yoast.com\/product\/yoast-seo-wordpress\/ -->\n<title>Pierre Hermant : la derni\u00e8re chance du groupe Hibert ? | Forbes Belgique<\/title>\n<meta name=\"description\" content=\"Pierre Hermant \u00e0 la rescousse du groupe G\u00e9rald Hibert : r\u00e9organisation judiciaire, vente d&#039;actifs et perspectives d&#039;avenir. Analyse sur Forbes Belgique.\" \/>\n<meta name=\"robots\" content=\"index, follow, max-snippet:-1, max-image-preview:large, max-video-preview:-1\" \/>\n<link rel=\"canonical\" href=\"https:\/\/www.forbes.be\/fr\/pierre-hermant-la-derniere-chance-du-groupe-hibert\/\" \/>\n<meta property=\"og:locale\" content=\"fr_FR\" \/>\n<meta property=\"og:type\" content=\"article\" \/>\n<meta property=\"og:title\" content=\"Pierre Hermant : la derni\u00e8re chance du groupe Hibert ? | Forbes Belgique\" \/>\n<meta property=\"og:description\" content=\"Pierre Hermant \u00e0 la rescousse du groupe G\u00e9rald Hibert : r\u00e9organisation judiciaire, vente d&#039;actifs et perspectives d&#039;avenir. Analyse sur Forbes Belgique.\" \/>\n<meta property=\"og:url\" content=\"https:\/\/www.forbes.be\/fr\/pierre-hermant-la-derniere-chance-du-groupe-hibert\/\" \/>\n<meta property=\"og:site_name\" content=\"Forbes Belgique\" \/>\n<meta property=\"article:publisher\" content=\"https:\/\/www.facebook.com\/forbesbelgique\/\" \/>\n<meta property=\"article:published_time\" content=\"2025-02-18T12:46:47+00:00\" \/>\n<meta property=\"article:modified_time\" content=\"2025-02-18T14:23:09+00:00\" \/>\n<meta property=\"og:image\" content=\"https:\/\/www.forbes.be\/fr\/wp-content\/uploads\/2025\/02\/5fd71f2bb8ffe.jpg\" \/>\n\t<meta property=\"og:image:width\" content=\"1190\" \/>\n\t<meta property=\"og:image:height\" content=\"669\" \/>\n\t<meta property=\"og:image:type\" content=\"image\/jpeg\" \/>\n<meta name=\"author\" content=\"Martin Boonen\" \/>\n<meta name=\"twitter:card\" content=\"summary_large_image\" \/>\n<meta name=\"twitter:label1\" content=\"\u00c9crit par\" \/>\n\t<meta name=\"twitter:data1\" content=\"Martin Boonen\" \/>\n\t<meta name=\"twitter:label2\" content=\"Dur\u00e9e de lecture estim\u00e9e\" \/>\n\t<meta name=\"twitter:data2\" content=\"3 minutes\" \/>\n<script type=\"application\/ld+json\" class=\"yoast-schema-graph\">{\"@context\":\"https:\\\/\\\/schema.org\",\"@graph\":[{\"@type\":\"NewsArticle\",\"@id\":\"https:\\\/\\\/www.forbes.be\\\/fr\\\/pierre-hermant-la-derniere-chance-du-groupe-hibert\\\/#article\",\"isPartOf\":{\"@id\":\"https:\\\/\\\/www.forbes.be\\\/fr\\\/pierre-hermant-la-derniere-chance-du-groupe-hibert\\\/\"},\"author\":{\"name\":\"Martin Boonen\",\"@id\":\"https:\\\/\\\/www.forbes.be\\\/fr\\\/#\\\/schema\\\/person\\\/5e9af5383f8e0ffec564788f40ac92c8\"},\"headline\":\"Pierre Hermant : la derni\u00e8re chance du groupe Hibert ?\",\"datePublished\":\"2025-02-18T12:46:47+00:00\",\"dateModified\":\"2025-02-18T14:23:09+00:00\",\"mainEntityOfPage\":{\"@id\":\"https:\\\/\\\/www.forbes.be\\\/fr\\\/pierre-hermant-la-derniere-chance-du-groupe-hibert\\\/\"},\"wordCount\":429,\"publisher\":{\"@id\":\"https:\\\/\\\/www.forbes.be\\\/fr\\\/#organization\"},\"image\":{\"@id\":\"https:\\\/\\\/www.forbes.be\\\/fr\\\/pierre-hermant-la-derniere-chance-du-groupe-hibert\\\/#primaryimage\"},\"thumbnailUrl\":\"https:\\\/\\\/www.forbes.be\\\/fr\\\/wp-content\\\/uploads\\\/2025\\\/02\\\/5fd71f2bb8ffe.jpg\",\"articleSection\":[\"Actualit\u00e9s\",\"Immobilier\"],\"inLanguage\":\"fr-FR\"},{\"@type\":\"WebPage\",\"@id\":\"https:\\\/\\\/www.forbes.be\\\/fr\\\/pierre-hermant-la-derniere-chance-du-groupe-hibert\\\/\",\"url\":\"https:\\\/\\\/www.forbes.be\\\/fr\\\/pierre-hermant-la-derniere-chance-du-groupe-hibert\\\/\",\"name\":\"Pierre Hermant : la derni\u00e8re chance du groupe Hibert ? | Forbes Belgique\",\"isPartOf\":{\"@id\":\"https:\\\/\\\/www.forbes.be\\\/fr\\\/#website\"},\"primaryImageOfPage\":{\"@id\":\"https:\\\/\\\/www.forbes.be\\\/fr\\\/pierre-hermant-la-derniere-chance-du-groupe-hibert\\\/#primaryimage\"},\"image\":{\"@id\":\"https:\\\/\\\/www.forbes.be\\\/fr\\\/pierre-hermant-la-derniere-chance-du-groupe-hibert\\\/#primaryimage\"},\"thumbnailUrl\":\"https:\\\/\\\/www.forbes.be\\\/fr\\\/wp-content\\\/uploads\\\/2025\\\/02\\\/5fd71f2bb8ffe.jpg\",\"datePublished\":\"2025-02-18T12:46:47+00:00\",\"dateModified\":\"2025-02-18T14:23:09+00:00\",\"description\":\"Pierre Hermant \u00e0 la rescousse du groupe G\u00e9rald Hibert : r\u00e9organisation judiciaire, vente d'actifs et perspectives d'avenir. Analyse sur Forbes Belgique.\",\"breadcrumb\":{\"@id\":\"https:\\\/\\\/www.forbes.be\\\/fr\\\/pierre-hermant-la-derniere-chance-du-groupe-hibert\\\/#breadcrumb\"},\"inLanguage\":\"fr-FR\",\"potentialAction\":[{\"@type\":\"ReadAction\",\"target\":[\"https:\\\/\\\/www.forbes.be\\\/fr\\\/pierre-hermant-la-derniere-chance-du-groupe-hibert\\\/\"]}]},{\"@type\":\"ImageObject\",\"inLanguage\":\"fr-FR\",\"@id\":\"https:\\\/\\\/www.forbes.be\\\/fr\\\/pierre-hermant-la-derniere-chance-du-groupe-hibert\\\/#primaryimage\",\"url\":\"https:\\\/\\\/www.forbes.be\\\/fr\\\/wp-content\\\/uploads\\\/2025\\\/02\\\/5fd71f2bb8ffe.jpg\",\"contentUrl\":\"https:\\\/\\\/www.forbes.be\\\/fr\\\/wp-content\\\/uploads\\\/2025\\\/02\\\/5fd71f2bb8ffe.jpg\",\"width\":1190,\"height\":669,\"caption\":\"Pierre Hermant \u00a9 DR\"},{\"@type\":\"BreadcrumbList\",\"@id\":\"https:\\\/\\\/www.forbes.be\\\/fr\\\/pierre-hermant-la-derniere-chance-du-groupe-hibert\\\/#breadcrumb\",\"itemListElement\":[{\"@type\":\"ListItem\",\"position\":1,\"name\":\"Accueil\",\"item\":\"https:\\\/\\\/www.forbes.be\\\/fr\\\/\"},{\"@type\":\"ListItem\",\"position\":2,\"name\":\"Pierre Hermant : la derni\u00e8re chance du groupe Hibert ?\"}]},{\"@type\":\"WebSite\",\"@id\":\"https:\\\/\\\/www.forbes.be\\\/fr\\\/#website\",\"url\":\"https:\\\/\\\/www.forbes.be\\\/fr\\\/\",\"name\":\"Forbes Belgique\",\"description\":\"\",\"publisher\":{\"@id\":\"https:\\\/\\\/www.forbes.be\\\/fr\\\/#organization\"},\"potentialAction\":[{\"@type\":\"SearchAction\",\"target\":{\"@type\":\"EntryPoint\",\"urlTemplate\":\"https:\\\/\\\/www.forbes.be\\\/fr\\\/?s={search_term_string}\"},\"query-input\":{\"@type\":\"PropertyValueSpecification\",\"valueRequired\":true,\"valueName\":\"search_term_string\"}}],\"inLanguage\":\"fr-FR\"},{\"@type\":\"Organization\",\"@id\":\"https:\\\/\\\/www.forbes.be\\\/fr\\\/#organization\",\"name\":\"Forbes Belgique\",\"url\":\"https:\\\/\\\/www.forbes.be\\\/fr\\\/\",\"logo\":{\"@type\":\"ImageObject\",\"inLanguage\":\"fr-FR\",\"@id\":\"https:\\\/\\\/www.forbes.be\\\/fr\\\/#\\\/schema\\\/logo\\\/image\\\/\",\"url\":\"https:\\\/\\\/www.forbes.be\\\/fr\\\/wp-content\\\/uploads\\\/2024\\\/02\\\/forbes.be_.png\",\"contentUrl\":\"https:\\\/\\\/www.forbes.be\\\/fr\\\/wp-content\\\/uploads\\\/2024\\\/02\\\/forbes.be_.png\",\"width\":1200,\"height\":675,\"caption\":\"Forbes Belgique\"},\"image\":{\"@id\":\"https:\\\/\\\/www.forbes.be\\\/fr\\\/#\\\/schema\\\/logo\\\/image\\\/\"},\"sameAs\":[\"https:\\\/\\\/www.facebook.com\\\/forbesbelgique\\\/\",\"https:\\\/\\\/www.instagram.com\\\/Forbes_Belgium\",\"https:\\\/\\\/www.linkedin.com\\\/company\\\/forbes-belgium\\\/\"]},{\"@type\":\"Person\",\"@id\":\"https:\\\/\\\/www.forbes.be\\\/fr\\\/#\\\/schema\\\/person\\\/5e9af5383f8e0ffec564788f40ac92c8\",\"name\":\"Martin Boonen\",\"image\":{\"@type\":\"ImageObject\",\"inLanguage\":\"fr-FR\",\"@id\":\"https:\\\/\\\/www.forbes.be\\\/fr\\\/wp-content\\\/uploads\\\/2025\\\/10\\\/capture-decran-2024-11-15-a-093849-300x300-1-100x100.png\",\"url\":\"https:\\\/\\\/www.forbes.be\\\/fr\\\/wp-content\\\/uploads\\\/2025\\\/10\\\/capture-decran-2024-11-15-a-093849-300x300-1-100x100.png\",\"contentUrl\":\"https:\\\/\\\/www.forbes.be\\\/fr\\\/wp-content\\\/uploads\\\/2025\\\/10\\\/capture-decran-2024-11-15-a-093849-300x300-1-100x100.png\",\"caption\":\"Martin Boonen\"},\"description\":\"Martin Boonen est journaliste dipl\u00f4m\u00e9 de l'Institut de Journalisme de Bruxelles (2012). Il collabor\u00e9 avec de nombreuses r\u00e9dactions \u00e0 diff\u00e9rent niveau de responsabilit\u00e9 : journaliste, chef de rubrique, secr\u00e9taire de r\u00e9daction et r\u00e9dacteur en chef, tant sur le web que pour la presse imprim\u00e9e. Sp\u00e9cialis\u00e9 dans les startups et l'entrepreneuriat \u00e0 impact, il est devenu en 2025 r\u00e9dacteur en chef du site web de Forbes Belgique. Il est affili\u00e9 \u00e0 l'Organisation Mondiale de la Presse P\u00e9riodique depuis 2011.\",\"sameAs\":[\"https:\\\/\\\/www.linkedin.com\\\/in\\\/martin-boonen-61499951\\\/\"],\"url\":\"https:\\\/\\\/www.forbes.be\\\/fr\\\/author\\\/martin-boonen\\\/\"}]}<\/script>\n<!-- \/ Yoast SEO plugin. -->","yoast_head_json":{"title":"Pierre Hermant : la derni\u00e8re chance du groupe Hibert ? | Forbes Belgique","description":"Pierre Hermant \u00e0 la rescousse du groupe G\u00e9rald Hibert : r\u00e9organisation judiciaire, vente d'actifs et perspectives d'avenir. Analyse sur Forbes Belgique.","robots":{"index":"index","follow":"follow","max-snippet":"max-snippet:-1","max-image-preview":"max-image-preview:large","max-video-preview":"max-video-preview:-1"},"canonical":"https:\/\/www.forbes.be\/fr\/pierre-hermant-la-derniere-chance-du-groupe-hibert\/","og_locale":"fr_FR","og_type":"article","og_title":"Pierre Hermant : la derni\u00e8re chance du groupe Hibert ? | Forbes Belgique","og_description":"Pierre Hermant \u00e0 la rescousse du groupe G\u00e9rald Hibert : r\u00e9organisation judiciaire, vente d'actifs et perspectives d'avenir. Analyse sur Forbes Belgique.","og_url":"https:\/\/www.forbes.be\/fr\/pierre-hermant-la-derniere-chance-du-groupe-hibert\/","og_site_name":"Forbes Belgique","article_publisher":"https:\/\/www.facebook.com\/forbesbelgique\/","article_published_time":"2025-02-18T12:46:47+00:00","article_modified_time":"2025-02-18T14:23:09+00:00","og_image":[{"width":1190,"height":669,"url":"https:\/\/www.forbes.be\/fr\/wp-content\/uploads\/2025\/02\/5fd71f2bb8ffe.jpg","type":"image\/jpeg"}],"author":"Martin Boonen","twitter_card":"summary_large_image","twitter_misc":{"\u00c9crit par":"Martin Boonen","Dur\u00e9e de lecture estim\u00e9e":"3 minutes"},"schema":{"@context":"https:\/\/schema.org","@graph":[{"@type":"NewsArticle","@id":"https:\/\/www.forbes.be\/fr\/pierre-hermant-la-derniere-chance-du-groupe-hibert\/#article","isPartOf":{"@id":"https:\/\/www.forbes.be\/fr\/pierre-hermant-la-derniere-chance-du-groupe-hibert\/"},"author":{"name":"Martin Boonen","@id":"https:\/\/www.forbes.be\/fr\/#\/schema\/person\/5e9af5383f8e0ffec564788f40ac92c8"},"headline":"Pierre Hermant : la derni\u00e8re chance du groupe Hibert ?","datePublished":"2025-02-18T12:46:47+00:00","dateModified":"2025-02-18T14:23:09+00:00","mainEntityOfPage":{"@id":"https:\/\/www.forbes.be\/fr\/pierre-hermant-la-derniere-chance-du-groupe-hibert\/"},"wordCount":429,"publisher":{"@id":"https:\/\/www.forbes.be\/fr\/#organization"},"image":{"@id":"https:\/\/www.forbes.be\/fr\/pierre-hermant-la-derniere-chance-du-groupe-hibert\/#primaryimage"},"thumbnailUrl":"https:\/\/www.forbes.be\/fr\/wp-content\/uploads\/2025\/02\/5fd71f2bb8ffe.jpg","articleSection":["Actualit\u00e9s","Immobilier"],"inLanguage":"fr-FR"},{"@type":"WebPage","@id":"https:\/\/www.forbes.be\/fr\/pierre-hermant-la-derniere-chance-du-groupe-hibert\/","url":"https:\/\/www.forbes.be\/fr\/pierre-hermant-la-derniere-chance-du-groupe-hibert\/","name":"Pierre Hermant : la derni\u00e8re chance du groupe Hibert ? | Forbes Belgique","isPartOf":{"@id":"https:\/\/www.forbes.be\/fr\/#website"},"primaryImageOfPage":{"@id":"https:\/\/www.forbes.be\/fr\/pierre-hermant-la-derniere-chance-du-groupe-hibert\/#primaryimage"},"image":{"@id":"https:\/\/www.forbes.be\/fr\/pierre-hermant-la-derniere-chance-du-groupe-hibert\/#primaryimage"},"thumbnailUrl":"https:\/\/www.forbes.be\/fr\/wp-content\/uploads\/2025\/02\/5fd71f2bb8ffe.jpg","datePublished":"2025-02-18T12:46:47+00:00","dateModified":"2025-02-18T14:23:09+00:00","description":"Pierre Hermant \u00e0 la rescousse du groupe G\u00e9rald Hibert : r\u00e9organisation judiciaire, vente d'actifs et perspectives d'avenir. Analyse sur Forbes Belgique.","breadcrumb":{"@id":"https:\/\/www.forbes.be\/fr\/pierre-hermant-la-derniere-chance-du-groupe-hibert\/#breadcrumb"},"inLanguage":"fr-FR","potentialAction":[{"@type":"ReadAction","target":["https:\/\/www.forbes.be\/fr\/pierre-hermant-la-derniere-chance-du-groupe-hibert\/"]}]},{"@type":"ImageObject","inLanguage":"fr-FR","@id":"https:\/\/www.forbes.be\/fr\/pierre-hermant-la-derniere-chance-du-groupe-hibert\/#primaryimage","url":"https:\/\/www.forbes.be\/fr\/wp-content\/uploads\/2025\/02\/5fd71f2bb8ffe.jpg","contentUrl":"https:\/\/www.forbes.be\/fr\/wp-content\/uploads\/2025\/02\/5fd71f2bb8ffe.jpg","width":1190,"height":669,"caption":"Pierre Hermant \u00a9 DR"},{"@type":"BreadcrumbList","@id":"https:\/\/www.forbes.be\/fr\/pierre-hermant-la-derniere-chance-du-groupe-hibert\/#breadcrumb","itemListElement":[{"@type":"ListItem","position":1,"name":"Accueil","item":"https:\/\/www.forbes.be\/fr\/"},{"@type":"ListItem","position":2,"name":"Pierre Hermant : la derni\u00e8re chance du groupe Hibert ?"}]},{"@type":"WebSite","@id":"https:\/\/www.forbes.be\/fr\/#website","url":"https:\/\/www.forbes.be\/fr\/","name":"Forbes Belgique","description":"","publisher":{"@id":"https:\/\/www.forbes.be\/fr\/#organization"},"potentialAction":[{"@type":"SearchAction","target":{"@type":"EntryPoint","urlTemplate":"https:\/\/www.forbes.be\/fr\/?s={search_term_string}"},"query-input":{"@type":"PropertyValueSpecification","valueRequired":true,"valueName":"search_term_string"}}],"inLanguage":"fr-FR"},{"@type":"Organization","@id":"https:\/\/www.forbes.be\/fr\/#organization","name":"Forbes Belgique","url":"https:\/\/www.forbes.be\/fr\/","logo":{"@type":"ImageObject","inLanguage":"fr-FR","@id":"https:\/\/www.forbes.be\/fr\/#\/schema\/logo\/image\/","url":"https:\/\/www.forbes.be\/fr\/wp-content\/uploads\/2024\/02\/forbes.be_.png","contentUrl":"https:\/\/www.forbes.be\/fr\/wp-content\/uploads\/2024\/02\/forbes.be_.png","width":1200,"height":675,"caption":"Forbes Belgique"},"image":{"@id":"https:\/\/www.forbes.be\/fr\/#\/schema\/logo\/image\/"},"sameAs":["https:\/\/www.facebook.com\/forbesbelgique\/","https:\/\/www.instagram.com\/Forbes_Belgium","https:\/\/www.linkedin.com\/company\/forbes-belgium\/"]},{"@type":"Person","@id":"https:\/\/www.forbes.be\/fr\/#\/schema\/person\/5e9af5383f8e0ffec564788f40ac92c8","name":"Martin Boonen","image":{"@type":"ImageObject","inLanguage":"fr-FR","@id":"https:\/\/www.forbes.be\/fr\/wp-content\/uploads\/2025\/10\/capture-decran-2024-11-15-a-093849-300x300-1-100x100.png","url":"https:\/\/www.forbes.be\/fr\/wp-content\/uploads\/2025\/10\/capture-decran-2024-11-15-a-093849-300x300-1-100x100.png","contentUrl":"https:\/\/www.forbes.be\/fr\/wp-content\/uploads\/2025\/10\/capture-decran-2024-11-15-a-093849-300x300-1-100x100.png","caption":"Martin Boonen"},"description":"Martin Boonen est journaliste dipl\u00f4m\u00e9 de l'Institut de Journalisme de Bruxelles (2012). Il collabor\u00e9 avec de nombreuses r\u00e9dactions \u00e0 diff\u00e9rent niveau de responsabilit\u00e9 : journaliste, chef de rubrique, secr\u00e9taire de r\u00e9daction et r\u00e9dacteur en chef, tant sur le web que pour la presse imprim\u00e9e. Sp\u00e9cialis\u00e9 dans les startups et l'entrepreneuriat \u00e0 impact, il est devenu en 2025 r\u00e9dacteur en chef du site web de Forbes Belgique. Il est affili\u00e9 \u00e0 l'Organisation Mondiale de la Presse P\u00e9riodique depuis 2011.","sameAs":["https:\/\/www.linkedin.com\/in\/martin-boonen-61499951\/"],"url":"https:\/\/www.forbes.be\/fr\/author\/martin-boonen\/"}]}},"_links":{"self":[{"href":"https:\/\/www.forbes.be\/fr\/wp-json\/wp\/v2\/posts\/8786","targetHints":{"allow":["GET"]}}],"collection":[{"href":"https:\/\/www.forbes.be\/fr\/wp-json\/wp\/v2\/posts"}],"about":[{"href":"https:\/\/www.forbes.be\/fr\/wp-json\/wp\/v2\/types\/post"}],"author":[{"embeddable":true,"href":"https:\/\/www.forbes.be\/fr\/wp-json\/wp\/v2\/users\/47"}],"replies":[{"embeddable":true,"href":"https:\/\/www.forbes.be\/fr\/wp-json\/wp\/v2\/comments?post=8786"}],"version-history":[{"count":8,"href":"https:\/\/www.forbes.be\/fr\/wp-json\/wp\/v2\/posts\/8786\/revisions"}],"predecessor-version":[{"id":8796,"href":"https:\/\/www.forbes.be\/fr\/wp-json\/wp\/v2\/posts\/8786\/revisions\/8796"}],"wp:featuredmedia":[{"embeddable":true,"href":"https:\/\/www.forbes.be\/fr\/wp-json\/wp\/v2\/media\/8789"}],"wp:attachment":[{"href":"https:\/\/www.forbes.be\/fr\/wp-json\/wp\/v2\/media?parent=8786"}],"wp:term":[{"taxonomy":"category","embeddable":true,"href":"https:\/\/www.forbes.be\/fr\/wp-json\/wp\/v2\/categories?post=8786"},{"taxonomy":"post_tag","embeddable":true,"href":"https:\/\/www.forbes.be\/fr\/wp-json\/wp\/v2\/tags?post=8786"}],"curies":[{"name":"wp","href":"https:\/\/api.w.org\/{rel}","templated":true}]}}