{"id":8803,"date":"2025-02-19T07:35:06","date_gmt":"2025-02-19T06:35:06","guid":{"rendered":"https:\/\/www.forbes.be\/fr\/?p=8803"},"modified":"2025-02-19T11:50:09","modified_gmt":"2025-02-19T10:50:09","slug":"marche-locatif-baisse-de-loffre-de-logements-et-flambee-des-prix","status":"publish","type":"post","link":"https:\/\/www.forbes.be\/fr\/marche-locatif-baisse-de-loffre-de-logements-et-flambee-des-prix\/","title":{"rendered":"March\u00e9 locatif : baisse de l\u2019offre de logements et flamb\u00e9e des prix"},"content":{"rendered":"<p><strong><span style=\"font-weight: 400;\"><strong>En deux ans, le prix moyen des loyers a bondi de 15% dans la capitale. L\u2019offre y est en d\u00e9crochage total avec la demande. Et aucune mesure ne devrait venir changer <\/strong><\/span>fondamentalement la donne \u00e0 moyen terme.<\/strong><\/p>\n<p style=\"font-weight: 400;\">Dans son barom\u00e8tre annuel du march\u00e9 locatif publi\u00e9 ce matin, la F\u00e9d\u00e9ration des agents immobiliers francophones de Belgique, <strong>Federia<\/strong>, <a href=\"https:\/\/mcusercontent.com\/22360ddc3428869c5879d2d15\/files\/695a1ac2-76fe-915b-dcb7-dea362ec752f\/2024.02.17._Communiqu_eacute_de_presse_Federia_Barom_egrave_tre_de_locations_2024_Final.03.pdf\">tire un bilan alarmant pour l\u2019ann\u00e9e \u00e9coul\u00e9e<\/a> et ne promet rien de bon pour les ann\u00e9es \u00e0 venir.<\/p>\n<p style=\"font-weight: 400;\">Le constat le plus pr\u00e9occupant est la baisse significative des contrats de bail \u00e0 la location sign\u00e9s en 2024\u00a0 (-10%) alors que la demande restait soutenue: la hausse continue des loyers qui en r\u00e9sulte est surtout sensible l\u00e0 o\u00f9 l\u2019offre reste irr\u00e9m\u00e9diablement en berne, de plus en plus r\u00e9serv\u00e9e aux mieux nantis.<\/p>\n<h3 style=\"font-weight: 400;\"><strong>La raret\u00e9 de l\u2019offre fait le prix<\/strong><\/h3>\n<p style=\"font-weight: 400;\">Dans la capitale, les loyers atteignent d\u00e9sormais <strong>en moyenne 1.320 euros (+5%, hors charges)<\/strong>. En Wallonie, on a franchi la <strong>barre symbolique des 800 euros<\/strong>. M\u00eame dans la province wallonne toujours r\u00e9put\u00e9e la moins ch\u00e8re, le Hainaut, le loyer moyen atteint 775 euros (hors charges), en hausse de 4,6%.<\/p>\n<p style=\"font-weight: 400;\">A Bruxelles, seule r\u00e9gion o\u00f9 les locataires sont majoritaires (62%) par rapport aux propri\u00e9taires, les maisons mitoyennes, devenues particuli\u00e8rement rares sur le march\u00e9, se louent en moyenne 2.220 euros. Pour les appartements, qui constituent l&rsquo;\u00e9pine dorsale du march\u00e9 locatif avec <strong>9 locations sur 10<\/strong>, le <strong>prix moyen est de 1.255 euros<\/strong> et de 854 euros pour un simple studio.<\/p>\n<p style=\"font-weight: 400;\"><img loading=\"lazy\" decoding=\"async\" class=\"alignnone size-full wp-image-8804\" src=\"https:\/\/www.forbes.be\/fr\/wp-content\/uploads\/2025\/02\/capture-decran-2025-02-18-a-163822.png\" alt=\"\" width=\"1232\" height=\"462\" srcset=\"https:\/\/www.forbes.be\/fr\/wp-content\/uploads\/2025\/02\/capture-decran-2025-02-18-a-163822.png 1232w, https:\/\/www.forbes.be\/fr\/wp-content\/uploads\/2025\/02\/capture-decran-2025-02-18-a-163822-300x113.png 300w, https:\/\/www.forbes.be\/fr\/wp-content\/uploads\/2025\/02\/capture-decran-2025-02-18-a-163822-1024x384.png 1024w, https:\/\/www.forbes.be\/fr\/wp-content\/uploads\/2025\/02\/capture-decran-2025-02-18-a-163822-768x288.png 768w, https:\/\/www.forbes.be\/fr\/wp-content\/uploads\/2025\/02\/capture-decran-2025-02-18-a-163822-696x261.png 696w, https:\/\/www.forbes.be\/fr\/wp-content\/uploads\/2025\/02\/capture-decran-2025-02-18-a-163822-1068x401.png 1068w, https:\/\/www.forbes.be\/fr\/wp-content\/uploads\/2025\/02\/capture-decran-2025-02-18-a-163822-600x225.png 600w\" sizes=\"auto, (max-width: 1232px) 100vw, 1232px\" \/><\/p>\n<p style=\"font-weight: 400;\">D\u00e9sormais, seules trois communes &#8211;<strong>Ganshoren<\/strong>, <strong>Jette<\/strong> et <strong>Anderlecht<\/strong>&#8211; affichent encore des loyers moyens inf\u00e9rieurs \u00e0 1.000 euros pour un appartement. Laeken et Berchem-Sainte-Agathe ont d\u00e9pass\u00e9 ce seuil en 2024.<\/p>\n<p style=\"font-weight: 400;\">Les chiffres m\u00e9dians montrent que le march\u00e9 locatif bruxellois est devenu nettement moins abordable en peu de temps, l&rsquo;offre de logements \u00e0 loyers mod\u00e9r\u00e9s, si ch\u00e8re \u00e0 certains \u00e9diles r\u00e9gionaux et communaux, s\u2019y rar\u00e9fiant consid\u00e9rablement. En 2024, seule la moiti\u00e9 des nouveaux locataires bruxellois ont pay\u00e9 1.160 euros ou moins pour un appartement tandis que l&rsquo;autre moiti\u00e9 a accept\u00e9 de verser un montant sup\u00e9rieur pour pouvoir se loger.<\/p>\n<h3 style=\"font-weight: 400;\"><strong>Le locataire wallon n\u2019est plus \u00e9pargn\u00e9<\/strong><\/h3>\n<p><img loading=\"lazy\" decoding=\"async\" class=\"alignnone size-full wp-image-8806\" src=\"https:\/\/www.forbes.be\/fr\/wp-content\/uploads\/2025\/02\/capture-decran-2025-02-18-a-164607.png\" alt=\"\" width=\"1322\" height=\"738\" srcset=\"https:\/\/www.forbes.be\/fr\/wp-content\/uploads\/2025\/02\/capture-decran-2025-02-18-a-164607.png 1322w, https:\/\/www.forbes.be\/fr\/wp-content\/uploads\/2025\/02\/capture-decran-2025-02-18-a-164607-300x167.png 300w, https:\/\/www.forbes.be\/fr\/wp-content\/uploads\/2025\/02\/capture-decran-2025-02-18-a-164607-1024x572.png 1024w, https:\/\/www.forbes.be\/fr\/wp-content\/uploads\/2025\/02\/capture-decran-2025-02-18-a-164607-768x429.png 768w, https:\/\/www.forbes.be\/fr\/wp-content\/uploads\/2025\/02\/capture-decran-2025-02-18-a-164607-696x389.png 696w, https:\/\/www.forbes.be\/fr\/wp-content\/uploads\/2025\/02\/capture-decran-2025-02-18-a-164607-1068x596.png 1068w, https:\/\/www.forbes.be\/fr\/wp-content\/uploads\/2025\/02\/capture-decran-2025-02-18-a-164607-600x335.png 600w\" sizes=\"auto, (max-width: 1322px) 100vw, 1322px\" \/><\/p>\n<p style=\"font-weight: 400;\">En Wallonie, le loyer moyen g\u00e9n\u00e9ral, m\u00eame s\u2019il reste inf\u00e9rieur \u00e0 celui des autres r\u00e9gions, atteint d\u00e9sormais 827 euros (hors charges, tous types de biens confondus). Le d\u00e9s\u00e9quilibre entre l\u2019offre et la demande locative y grandit \u00e9galement -surtout sur les biens les plus accessibles- et s\u2019explique par un pouvoir d\u2019achat des m\u00e9nages sous pression en raison d\u2019une inflation persistante et de taux d\u2019int\u00e9r\u00eat repartis \u00e0 la hausse.<\/p>\n<p>Dans le d\u00e9tail, les loyers du <strong>Brabant wallon<\/strong> restent largement sup\u00e9rieurs \u00e0 ceux des autres provinces: une maison mitoyenne s&rsquo;y loue en moyenne 1.306 euros, soit pr\u00e8s de 500 euros de plus qu\u2019en Hainaut (811 euros). Le m\u00eame constat est observ\u00e9 pour les maisons jumel\u00e9es. Si le Brabant wallon reste loin devant les autres provinces pour les diff\u00e9rents types d\u2019habitations, on constate n\u00e9anmoins, au niveau des chefs-lieux wallons (centres-villes et agglom\u00e9rations), que les loyers n\u00e9goci\u00e9s \u00e0 <strong>Arlon<\/strong> d\u00e9passent d\u00e9sormais ceux affich\u00e9s \u00e0 <strong>Wavre<\/strong> (951 euros vs 948 euros de loyer moyen pour un appartement), loin devant Namur, Mons et Li\u00e8ge.<\/p>\n<p><img loading=\"lazy\" decoding=\"async\" class=\"alignnone size-full wp-image-8805\" src=\"https:\/\/www.forbes.be\/fr\/wp-content\/uploads\/2025\/02\/capture-decran-2025-02-18-a-164443.png\" alt=\"\" width=\"1314\" height=\"436\" srcset=\"https:\/\/www.forbes.be\/fr\/wp-content\/uploads\/2025\/02\/capture-decran-2025-02-18-a-164443.png 1314w, https:\/\/www.forbes.be\/fr\/wp-content\/uploads\/2025\/02\/capture-decran-2025-02-18-a-164443-300x100.png 300w, https:\/\/www.forbes.be\/fr\/wp-content\/uploads\/2025\/02\/capture-decran-2025-02-18-a-164443-1024x340.png 1024w, https:\/\/www.forbes.be\/fr\/wp-content\/uploads\/2025\/02\/capture-decran-2025-02-18-a-164443-768x255.png 768w, https:\/\/www.forbes.be\/fr\/wp-content\/uploads\/2025\/02\/capture-decran-2025-02-18-a-164443-696x231.png 696w, https:\/\/www.forbes.be\/fr\/wp-content\/uploads\/2025\/02\/capture-decran-2025-02-18-a-164443-1068x354.png 1068w, https:\/\/www.forbes.be\/fr\/wp-content\/uploads\/2025\/02\/capture-decran-2025-02-18-a-164443-600x199.png 600w\" sizes=\"auto, (max-width: 1314px) 100vw, 1314px\" \/><\/p>\n<p style=\"font-weight: 400;\">Selon Federia, Dde nombreux m\u00e9nages qui auraient pu acc\u00e9der \u00e0 la propri\u00e9t\u00e9 ont d\u00fb reporter leur projet et se tourner vers la location, renfor\u00e7ant ainsi la tension sur le march\u00e9 locatif o\u00f9 l\u2019offre reste insuffisante pour r\u00e9pondre \u00e0 cette demande accrue. Malgr\u00e9 certaines avanc\u00e9es relev\u00e9es par la F\u00e9d\u00e9ration des agents immobiliers wallons -comme la baisse des droits d\u2019enregistrement-, force est de constater que la r\u00e9vision tout juste annonc\u00e9e des primes \u00e0 la r\u00e9novation et le projet d\u2019encadrement des loyers \u00e0 Bruxelles vont dans la mauvaise direction. \u00abCelle d\u2019une politique du logement contre-productive qui a pour effet de freiner les investissements priv\u00e9s dans un immobilier d\u00e9cent, durable et accessible\u00bb, insiste <strong>Charlotte De Thaye, la directrice g\u00e9n\u00e9rale de Federia<\/strong>.<\/p>\n","protected":false},"excerpt":{"rendered":"<p>En deux ans, le prix moyen des loyers a bondi de 15% dans la capitale. L\u2019offre y est en d\u00e9crochage total avec la demande. Et aucune mesure ne devrait venir changer fondamentalement la donne \u00e0 moyen terme. Dans son barom\u00e8tre annuel du march\u00e9 locatif publi\u00e9 ce matin, la F\u00e9d\u00e9ration des agents immobiliers francophones de Belgique, [&hellip;]<\/p>\n","protected":false},"author":15,"featured_media":8808,"comment_status":"closed","ping_status":"closed","sticky":false,"template":"","format":"standard","meta":{"_acf_changed":false,"inline_featured_image":false,"footnotes":""},"categories":[1,24,27],"tags":[],"class_list":{"0":"post-8803","1":"post","2":"type-post","3":"status-publish","4":"format-standard","5":"has-post-thumbnail","7":"category-actualite","8":"category-immobilier","9":"category-societe"},"acf":[],"_yoast_wpseo_title":null,"_yoast_wpseo_metadesc":"En deux ans, le prix moyen des loyers a bondi de 15% \u00e0 Bruxelles. L\u2019offre en berne est en d\u00e9crochage avec la demande soutenue en Belgique","auteur_traducteur":"","yoast_head":"<!-- This site is optimized with the Yoast SEO plugin v27.4 - https:\/\/yoast.com\/product\/yoast-seo-wordpress\/ -->\n<title>March\u00e9 locatif : baisse de l\u2019offre de logements et flamb\u00e9e des prix | Forbes Belgique<\/title>\n<meta name=\"description\" content=\"En deux ans, le prix moyen des loyers a bondi de 15% \u00e0 Bruxelles. L\u2019offre en berne est en d\u00e9crochage avec la demande soutenue en Belgique\" \/>\n<meta name=\"robots\" content=\"index, follow, max-snippet:-1, max-image-preview:large, max-video-preview:-1\" \/>\n<link rel=\"canonical\" href=\"https:\/\/www.forbes.be\/fr\/marche-locatif-baisse-de-loffre-de-logements-et-flambee-des-prix\/\" \/>\n<meta property=\"og:locale\" content=\"fr_FR\" \/>\n<meta property=\"og:type\" content=\"article\" \/>\n<meta property=\"og:title\" content=\"March\u00e9 locatif : baisse de l\u2019offre de logements et flamb\u00e9e des prix | Forbes Belgique\" \/>\n<meta property=\"og:description\" content=\"En deux ans, le prix moyen des loyers a bondi de 15% \u00e0 Bruxelles. L\u2019offre en berne est en d\u00e9crochage avec la demande soutenue en Belgique\" \/>\n<meta property=\"og:url\" content=\"https:\/\/www.forbes.be\/fr\/marche-locatif-baisse-de-loffre-de-logements-et-flambee-des-prix\/\" \/>\n<meta property=\"og:site_name\" content=\"Forbes Belgique\" \/>\n<meta property=\"article:publisher\" content=\"https:\/\/www.facebook.com\/forbesbelgique\/\" \/>\n<meta property=\"article:published_time\" content=\"2025-02-19T06:35:06+00:00\" \/>\n<meta property=\"article:modified_time\" content=\"2025-02-19T10:50:09+00:00\" \/>\n<meta property=\"og:image\" content=\"https:\/\/www.forbes.be\/fr\/wp-content\/uploads\/2025\/02\/marche-residentiel-evere-2021.jpg\" \/>\n\t<meta property=\"og:image:width\" content=\"1280\" \/>\n\t<meta property=\"og:image:height\" content=\"665\" \/>\n\t<meta property=\"og:image:type\" content=\"image\/jpeg\" \/>\n<meta name=\"author\" content=\"Philippe Coul\u00e9e\" \/>\n<meta name=\"twitter:card\" content=\"summary_large_image\" \/>\n<meta name=\"twitter:label1\" content=\"\u00c9crit par\" \/>\n\t<meta name=\"twitter:data1\" content=\"Philippe Coul\u00e9e\" \/>\n\t<meta name=\"twitter:label2\" content=\"Dur\u00e9e de lecture estim\u00e9e\" \/>\n\t<meta name=\"twitter:data2\" content=\"5 minutes\" \/>\n<script type=\"application\/ld+json\" class=\"yoast-schema-graph\">{\"@context\":\"https:\\\/\\\/schema.org\",\"@graph\":[{\"@type\":\"NewsArticle\",\"@id\":\"https:\\\/\\\/www.forbes.be\\\/fr\\\/marche-locatif-baisse-de-loffre-de-logements-et-flambee-des-prix\\\/#article\",\"isPartOf\":{\"@id\":\"https:\\\/\\\/www.forbes.be\\\/fr\\\/marche-locatif-baisse-de-loffre-de-logements-et-flambee-des-prix\\\/\"},\"author\":{\"name\":\"Philippe Coul\u00e9e\",\"@id\":\"https:\\\/\\\/www.forbes.be\\\/fr\\\/#\\\/schema\\\/person\\\/22bfc3335e560f4084ef5af17ecdad87\"},\"headline\":\"March\u00e9 locatif : baisse de l\u2019offre de logements et flamb\u00e9e des prix\",\"datePublished\":\"2025-02-19T06:35:06+00:00\",\"dateModified\":\"2025-02-19T10:50:09+00:00\",\"mainEntityOfPage\":{\"@id\":\"https:\\\/\\\/www.forbes.be\\\/fr\\\/marche-locatif-baisse-de-loffre-de-logements-et-flambee-des-prix\\\/\"},\"wordCount\":696,\"publisher\":{\"@id\":\"https:\\\/\\\/www.forbes.be\\\/fr\\\/#organization\"},\"image\":{\"@id\":\"https:\\\/\\\/www.forbes.be\\\/fr\\\/marche-locatif-baisse-de-loffre-de-logements-et-flambee-des-prix\\\/#primaryimage\"},\"thumbnailUrl\":\"https:\\\/\\\/www.forbes.be\\\/fr\\\/wp-content\\\/uploads\\\/2025\\\/02\\\/marche-residentiel-evere-2021.jpg\",\"articleSection\":[\"Actualit\u00e9s\",\"Immobilier\",\"Soci\u00e9t\u00e9\"],\"inLanguage\":\"fr-FR\"},{\"@type\":\"WebPage\",\"@id\":\"https:\\\/\\\/www.forbes.be\\\/fr\\\/marche-locatif-baisse-de-loffre-de-logements-et-flambee-des-prix\\\/\",\"url\":\"https:\\\/\\\/www.forbes.be\\\/fr\\\/marche-locatif-baisse-de-loffre-de-logements-et-flambee-des-prix\\\/\",\"name\":\"March\u00e9 locatif : baisse de l\u2019offre de logements et flamb\u00e9e des prix | Forbes Belgique\",\"isPartOf\":{\"@id\":\"https:\\\/\\\/www.forbes.be\\\/fr\\\/#website\"},\"primaryImageOfPage\":{\"@id\":\"https:\\\/\\\/www.forbes.be\\\/fr\\\/marche-locatif-baisse-de-loffre-de-logements-et-flambee-des-prix\\\/#primaryimage\"},\"image\":{\"@id\":\"https:\\\/\\\/www.forbes.be\\\/fr\\\/marche-locatif-baisse-de-loffre-de-logements-et-flambee-des-prix\\\/#primaryimage\"},\"thumbnailUrl\":\"https:\\\/\\\/www.forbes.be\\\/fr\\\/wp-content\\\/uploads\\\/2025\\\/02\\\/marche-residentiel-evere-2021.jpg\",\"datePublished\":\"2025-02-19T06:35:06+00:00\",\"dateModified\":\"2025-02-19T10:50:09+00:00\",\"description\":\"En deux ans, le prix moyen des loyers a bondi de 15% \u00e0 Bruxelles. L\u2019offre en berne est en d\u00e9crochage avec la demande soutenue en Belgique\",\"breadcrumb\":{\"@id\":\"https:\\\/\\\/www.forbes.be\\\/fr\\\/marche-locatif-baisse-de-loffre-de-logements-et-flambee-des-prix\\\/#breadcrumb\"},\"inLanguage\":\"fr-FR\",\"potentialAction\":[{\"@type\":\"ReadAction\",\"target\":[\"https:\\\/\\\/www.forbes.be\\\/fr\\\/marche-locatif-baisse-de-loffre-de-logements-et-flambee-des-prix\\\/\"]}]},{\"@type\":\"ImageObject\",\"inLanguage\":\"fr-FR\",\"@id\":\"https:\\\/\\\/www.forbes.be\\\/fr\\\/marche-locatif-baisse-de-loffre-de-logements-et-flambee-des-prix\\\/#primaryimage\",\"url\":\"https:\\\/\\\/www.forbes.be\\\/fr\\\/wp-content\\\/uploads\\\/2025\\\/02\\\/marche-residentiel-evere-2021.jpg\",\"contentUrl\":\"https:\\\/\\\/www.forbes.be\\\/fr\\\/wp-content\\\/uploads\\\/2025\\\/02\\\/marche-residentiel-evere-2021.jpg\",\"width\":1280,\"height\":665},{\"@type\":\"BreadcrumbList\",\"@id\":\"https:\\\/\\\/www.forbes.be\\\/fr\\\/marche-locatif-baisse-de-loffre-de-logements-et-flambee-des-prix\\\/#breadcrumb\",\"itemListElement\":[{\"@type\":\"ListItem\",\"position\":1,\"name\":\"Accueil\",\"item\":\"https:\\\/\\\/www.forbes.be\\\/fr\\\/\"},{\"@type\":\"ListItem\",\"position\":2,\"name\":\"March\u00e9 locatif : baisse de l\u2019offre de logements et flamb\u00e9e des prix\"}]},{\"@type\":\"WebSite\",\"@id\":\"https:\\\/\\\/www.forbes.be\\\/fr\\\/#website\",\"url\":\"https:\\\/\\\/www.forbes.be\\\/fr\\\/\",\"name\":\"Forbes Belgique\",\"description\":\"\",\"publisher\":{\"@id\":\"https:\\\/\\\/www.forbes.be\\\/fr\\\/#organization\"},\"potentialAction\":[{\"@type\":\"SearchAction\",\"target\":{\"@type\":\"EntryPoint\",\"urlTemplate\":\"https:\\\/\\\/www.forbes.be\\\/fr\\\/?s={search_term_string}\"},\"query-input\":{\"@type\":\"PropertyValueSpecification\",\"valueRequired\":true,\"valueName\":\"search_term_string\"}}],\"inLanguage\":\"fr-FR\"},{\"@type\":\"Organization\",\"@id\":\"https:\\\/\\\/www.forbes.be\\\/fr\\\/#organization\",\"name\":\"Forbes Belgique\",\"url\":\"https:\\\/\\\/www.forbes.be\\\/fr\\\/\",\"logo\":{\"@type\":\"ImageObject\",\"inLanguage\":\"fr-FR\",\"@id\":\"https:\\\/\\\/www.forbes.be\\\/fr\\\/#\\\/schema\\\/logo\\\/image\\\/\",\"url\":\"https:\\\/\\\/www.forbes.be\\\/fr\\\/wp-content\\\/uploads\\\/2024\\\/02\\\/forbes.be_.png\",\"contentUrl\":\"https:\\\/\\\/www.forbes.be\\\/fr\\\/wp-content\\\/uploads\\\/2024\\\/02\\\/forbes.be_.png\",\"width\":1200,\"height\":675,\"caption\":\"Forbes Belgique\"},\"image\":{\"@id\":\"https:\\\/\\\/www.forbes.be\\\/fr\\\/#\\\/schema\\\/logo\\\/image\\\/\"},\"sameAs\":[\"https:\\\/\\\/www.facebook.com\\\/forbesbelgique\\\/\",\"https:\\\/\\\/www.instagram.com\\\/Forbes_Belgium\",\"https:\\\/\\\/www.linkedin.com\\\/company\\\/forbes-belgium\\\/\"]},{\"@type\":\"Person\",\"@id\":\"https:\\\/\\\/www.forbes.be\\\/fr\\\/#\\\/schema\\\/person\\\/22bfc3335e560f4084ef5af17ecdad87\",\"name\":\"Philippe Coul\u00e9e\",\"image\":{\"@type\":\"ImageObject\",\"inLanguage\":\"fr-FR\",\"@id\":\"https:\\\/\\\/www.forbes.be\\\/fr\\\/wp-content\\\/uploads\\\/2024\\\/01\\\/unnamed-150x150.jpg\",\"url\":\"https:\\\/\\\/www.forbes.be\\\/fr\\\/wp-content\\\/uploads\\\/2024\\\/01\\\/unnamed-150x150.jpg\",\"contentUrl\":\"https:\\\/\\\/www.forbes.be\\\/fr\\\/wp-content\\\/uploads\\\/2024\\\/01\\\/unnamed-150x150.jpg\",\"caption\":\"Philippe Coul\u00e9e\"},\"url\":\"https:\\\/\\\/www.forbes.be\\\/fr\\\/author\\\/philippe-couleeicloud-com\\\/\"}]}<\/script>\n<!-- \/ Yoast SEO plugin. -->","yoast_head_json":{"title":"March\u00e9 locatif : baisse de l\u2019offre de logements et flamb\u00e9e des prix | Forbes Belgique","description":"En deux ans, le prix moyen des loyers a bondi de 15% \u00e0 Bruxelles. L\u2019offre en berne est en d\u00e9crochage avec la demande soutenue en Belgique","robots":{"index":"index","follow":"follow","max-snippet":"max-snippet:-1","max-image-preview":"max-image-preview:large","max-video-preview":"max-video-preview:-1"},"canonical":"https:\/\/www.forbes.be\/fr\/marche-locatif-baisse-de-loffre-de-logements-et-flambee-des-prix\/","og_locale":"fr_FR","og_type":"article","og_title":"March\u00e9 locatif : baisse de l\u2019offre de logements et flamb\u00e9e des prix | Forbes Belgique","og_description":"En deux ans, le prix moyen des loyers a bondi de 15% \u00e0 Bruxelles. L\u2019offre en berne est en d\u00e9crochage avec la demande soutenue en Belgique","og_url":"https:\/\/www.forbes.be\/fr\/marche-locatif-baisse-de-loffre-de-logements-et-flambee-des-prix\/","og_site_name":"Forbes Belgique","article_publisher":"https:\/\/www.facebook.com\/forbesbelgique\/","article_published_time":"2025-02-19T06:35:06+00:00","article_modified_time":"2025-02-19T10:50:09+00:00","og_image":[{"width":1280,"height":665,"url":"https:\/\/www.forbes.be\/fr\/wp-content\/uploads\/2025\/02\/marche-residentiel-evere-2021.jpg","type":"image\/jpeg"}],"author":"Philippe Coul\u00e9e","twitter_card":"summary_large_image","twitter_misc":{"\u00c9crit par":"Philippe Coul\u00e9e","Dur\u00e9e de lecture estim\u00e9e":"5 minutes"},"schema":{"@context":"https:\/\/schema.org","@graph":[{"@type":"NewsArticle","@id":"https:\/\/www.forbes.be\/fr\/marche-locatif-baisse-de-loffre-de-logements-et-flambee-des-prix\/#article","isPartOf":{"@id":"https:\/\/www.forbes.be\/fr\/marche-locatif-baisse-de-loffre-de-logements-et-flambee-des-prix\/"},"author":{"name":"Philippe Coul\u00e9e","@id":"https:\/\/www.forbes.be\/fr\/#\/schema\/person\/22bfc3335e560f4084ef5af17ecdad87"},"headline":"March\u00e9 locatif : baisse de l\u2019offre de logements et flamb\u00e9e des prix","datePublished":"2025-02-19T06:35:06+00:00","dateModified":"2025-02-19T10:50:09+00:00","mainEntityOfPage":{"@id":"https:\/\/www.forbes.be\/fr\/marche-locatif-baisse-de-loffre-de-logements-et-flambee-des-prix\/"},"wordCount":696,"publisher":{"@id":"https:\/\/www.forbes.be\/fr\/#organization"},"image":{"@id":"https:\/\/www.forbes.be\/fr\/marche-locatif-baisse-de-loffre-de-logements-et-flambee-des-prix\/#primaryimage"},"thumbnailUrl":"https:\/\/www.forbes.be\/fr\/wp-content\/uploads\/2025\/02\/marche-residentiel-evere-2021.jpg","articleSection":["Actualit\u00e9s","Immobilier","Soci\u00e9t\u00e9"],"inLanguage":"fr-FR"},{"@type":"WebPage","@id":"https:\/\/www.forbes.be\/fr\/marche-locatif-baisse-de-loffre-de-logements-et-flambee-des-prix\/","url":"https:\/\/www.forbes.be\/fr\/marche-locatif-baisse-de-loffre-de-logements-et-flambee-des-prix\/","name":"March\u00e9 locatif : baisse de l\u2019offre de logements et flamb\u00e9e des prix | Forbes Belgique","isPartOf":{"@id":"https:\/\/www.forbes.be\/fr\/#website"},"primaryImageOfPage":{"@id":"https:\/\/www.forbes.be\/fr\/marche-locatif-baisse-de-loffre-de-logements-et-flambee-des-prix\/#primaryimage"},"image":{"@id":"https:\/\/www.forbes.be\/fr\/marche-locatif-baisse-de-loffre-de-logements-et-flambee-des-prix\/#primaryimage"},"thumbnailUrl":"https:\/\/www.forbes.be\/fr\/wp-content\/uploads\/2025\/02\/marche-residentiel-evere-2021.jpg","datePublished":"2025-02-19T06:35:06+00:00","dateModified":"2025-02-19T10:50:09+00:00","description":"En deux ans, le prix moyen des loyers a bondi de 15% \u00e0 Bruxelles. L\u2019offre en berne est en d\u00e9crochage avec la demande soutenue en Belgique","breadcrumb":{"@id":"https:\/\/www.forbes.be\/fr\/marche-locatif-baisse-de-loffre-de-logements-et-flambee-des-prix\/#breadcrumb"},"inLanguage":"fr-FR","potentialAction":[{"@type":"ReadAction","target":["https:\/\/www.forbes.be\/fr\/marche-locatif-baisse-de-loffre-de-logements-et-flambee-des-prix\/"]}]},{"@type":"ImageObject","inLanguage":"fr-FR","@id":"https:\/\/www.forbes.be\/fr\/marche-locatif-baisse-de-loffre-de-logements-et-flambee-des-prix\/#primaryimage","url":"https:\/\/www.forbes.be\/fr\/wp-content\/uploads\/2025\/02\/marche-residentiel-evere-2021.jpg","contentUrl":"https:\/\/www.forbes.be\/fr\/wp-content\/uploads\/2025\/02\/marche-residentiel-evere-2021.jpg","width":1280,"height":665},{"@type":"BreadcrumbList","@id":"https:\/\/www.forbes.be\/fr\/marche-locatif-baisse-de-loffre-de-logements-et-flambee-des-prix\/#breadcrumb","itemListElement":[{"@type":"ListItem","position":1,"name":"Accueil","item":"https:\/\/www.forbes.be\/fr\/"},{"@type":"ListItem","position":2,"name":"March\u00e9 locatif : baisse de l\u2019offre de logements et flamb\u00e9e des prix"}]},{"@type":"WebSite","@id":"https:\/\/www.forbes.be\/fr\/#website","url":"https:\/\/www.forbes.be\/fr\/","name":"Forbes Belgique","description":"","publisher":{"@id":"https:\/\/www.forbes.be\/fr\/#organization"},"potentialAction":[{"@type":"SearchAction","target":{"@type":"EntryPoint","urlTemplate":"https:\/\/www.forbes.be\/fr\/?s={search_term_string}"},"query-input":{"@type":"PropertyValueSpecification","valueRequired":true,"valueName":"search_term_string"}}],"inLanguage":"fr-FR"},{"@type":"Organization","@id":"https:\/\/www.forbes.be\/fr\/#organization","name":"Forbes Belgique","url":"https:\/\/www.forbes.be\/fr\/","logo":{"@type":"ImageObject","inLanguage":"fr-FR","@id":"https:\/\/www.forbes.be\/fr\/#\/schema\/logo\/image\/","url":"https:\/\/www.forbes.be\/fr\/wp-content\/uploads\/2024\/02\/forbes.be_.png","contentUrl":"https:\/\/www.forbes.be\/fr\/wp-content\/uploads\/2024\/02\/forbes.be_.png","width":1200,"height":675,"caption":"Forbes Belgique"},"image":{"@id":"https:\/\/www.forbes.be\/fr\/#\/schema\/logo\/image\/"},"sameAs":["https:\/\/www.facebook.com\/forbesbelgique\/","https:\/\/www.instagram.com\/Forbes_Belgium","https:\/\/www.linkedin.com\/company\/forbes-belgium\/"]},{"@type":"Person","@id":"https:\/\/www.forbes.be\/fr\/#\/schema\/person\/22bfc3335e560f4084ef5af17ecdad87","name":"Philippe Coul\u00e9e","image":{"@type":"ImageObject","inLanguage":"fr-FR","@id":"https:\/\/www.forbes.be\/fr\/wp-content\/uploads\/2024\/01\/unnamed-150x150.jpg","url":"https:\/\/www.forbes.be\/fr\/wp-content\/uploads\/2024\/01\/unnamed-150x150.jpg","contentUrl":"https:\/\/www.forbes.be\/fr\/wp-content\/uploads\/2024\/01\/unnamed-150x150.jpg","caption":"Philippe Coul\u00e9e"},"url":"https:\/\/www.forbes.be\/fr\/author\/philippe-couleeicloud-com\/"}]}},"_links":{"self":[{"href":"https:\/\/www.forbes.be\/fr\/wp-json\/wp\/v2\/posts\/8803","targetHints":{"allow":["GET"]}}],"collection":[{"href":"https:\/\/www.forbes.be\/fr\/wp-json\/wp\/v2\/posts"}],"about":[{"href":"https:\/\/www.forbes.be\/fr\/wp-json\/wp\/v2\/types\/post"}],"author":[{"embeddable":true,"href":"https:\/\/www.forbes.be\/fr\/wp-json\/wp\/v2\/users\/15"}],"replies":[{"embeddable":true,"href":"https:\/\/www.forbes.be\/fr\/wp-json\/wp\/v2\/comments?post=8803"}],"version-history":[{"count":5,"href":"https:\/\/www.forbes.be\/fr\/wp-json\/wp\/v2\/posts\/8803\/revisions"}],"predecessor-version":[{"id":8842,"href":"https:\/\/www.forbes.be\/fr\/wp-json\/wp\/v2\/posts\/8803\/revisions\/8842"}],"wp:featuredmedia":[{"embeddable":true,"href":"https:\/\/www.forbes.be\/fr\/wp-json\/wp\/v2\/media\/8808"}],"wp:attachment":[{"href":"https:\/\/www.forbes.be\/fr\/wp-json\/wp\/v2\/media?parent=8803"}],"wp:term":[{"taxonomy":"category","embeddable":true,"href":"https:\/\/www.forbes.be\/fr\/wp-json\/wp\/v2\/categories?post=8803"},{"taxonomy":"post_tag","embeddable":true,"href":"https:\/\/www.forbes.be\/fr\/wp-json\/wp\/v2\/tags?post=8803"}],"curies":[{"name":"wp","href":"https:\/\/api.w.org\/{rel}","templated":true}]}}