{"id":8827,"date":"2025-02-25T13:30:42","date_gmt":"2025-02-25T12:30:42","guid":{"rendered":"https:\/\/www.forbes.be\/fr\/?p=8827"},"modified":"2025-02-26T10:47:38","modified_gmt":"2025-02-26T09:47:38","slug":"le-belge-et-sa-brique-dans-le-ventre-sont-tres-apprecies-en-provence","status":"publish","type":"post","link":"https:\/\/www.forbes.be\/fr\/le-belge-et-sa-brique-dans-le-ventre-sont-tres-apprecies-en-provence\/","title":{"rendered":"Le Belge et sa brique dans le ventre sont tr\u00e8s appr\u00e9ci\u00e9s en Provence"},"content":{"rendered":"<div><strong>Alors que le salon de la construction et de la r\u00e9novation Batibouw vient de s&rsquo;achever, <a href=\"https:\/\/www.janssens-immobilier.com\/le-groupe-janssens-immobilier\/\">Rudi Janssens<\/a> et <a href=\"https:\/\/www.janssens-immobilier.com\/portrait-de-provence-nicolas-parmentier\/\">Nicolas Parmentier<\/a>, deux Belges expatri\u00e9s dans le sud-est de la France, partagent leurs points de vue et leur exp\u00e9rience de la client\u00e8le noir-jaune-rouge dans ce beau coin de l&rsquo;Hexagone o\u00f9 l&rsquo;on croise r\u00e9guli\u00e8rement des plaques d&rsquo;immatriculation rouges et blanches. Trois mots-cl\u00e9s en ressortent: appr\u00e9ciation,\u00a0accessibilit\u00e9 et brique dans le ventre.<\/strong><\/div>\n<div><\/div>\n<div><\/div>\n<div>Selon une \u00e9tude r\u00e9cente, le Belge est le principal acheteur de nationalit\u00e9 \u00e9trang\u00e8re en France, en particulier dans la r\u00e9gion PACA (Provence-Alpes-C\u00f4te d&rsquo;Azur). C&rsquo;est bien connu, il a la <strong>brique dans le ventre<\/strong> et est f\u00e9ru d&rsquo;<strong>immobilier<\/strong>. Et cela se ressent dans sa mani\u00e8re de faire des affaires, selon<strong> Rudi Janssens<\/strong>, le fondateur et directeur du groupe d&rsquo;agences <a href=\"https:\/\/www.janssens-immobilier.com\/\">Janssens Immobilier Knight Frank<\/a>, qu&rsquo;il a cr\u00e9\u00e9 il y a 25 ans. \u00ab\u00a0Ce sont des clients tr\u00e8s appr\u00e9ci\u00e9s par les Fran\u00e7ais parce que ce sont des gens qui ont une brique dans le ventre et sont moins compliqu\u00e9s dans la prise de d\u00e9cision. On aime le beau et des habitations qui ont de plus en plus un niveau de confort \u00e9lev\u00e9.\u00a0\u00bb<\/div>\n<div><\/div>\n<div><\/div>\n<div>En un quart de si\u00e8cle, il y a eu une v\u00e9ritable \u00e9volution en la mati\u00e8re, per\u00e7oit celui qui est \u00e0 la t\u00eate de 12 agences r\u00e9parties entre le pied du Mont-Ventoux et Saint-Tropez. \u00ab\u00a0Avant le client cherchait une petite maison de campagne, sans n\u00e9cessairement trop de confort. Aujourd&rsquo;hui, il faut que sa maison ait\u00a0moins le m\u00eame niveau, \u00e9lev\u00e9, de confort que la sienne. Les Belges ont apport\u00e9 leur signature sur ce march\u00e9. Ils sont tr\u00e8s forts dans le design, dans les int\u00e9rieurs, dans les d\u00e9corations. Ils sont reconnus pour leur appr\u00e9ciation plus contemporaine, et parfois plus scandinave, des int\u00e9rieurs, tout en gardant et pr\u00e9servant l&rsquo;authenticit\u00e9 et le cachet des maisons.\u00a0\u00bb<\/div>\n<h2>L&rsquo;accessibilit\u00e9, un marqueur essentiel<\/h2>\n<div><\/div>\n<div>Lorsqu&rsquo;il souhaite investir dans l&rsquo;<strong>immobilier<\/strong>, pourquoi le Belge privil\u00e9gie-t-il particuli\u00e8rement cette partie-l\u00e0 de la France ? \u00ab\u00a0Pour son accessibilit\u00e9\u00a0\u00bb, r\u00e9pond Rudi Janssens.\u00a0La Provence se trouve \u00e0 \u00e0 peine 1.000 km de Bruxelles, ce qui a \u00e9t\u00e9 particuli\u00e8rement important durant la p\u00e9riode du Covid-19. Elle est aussi tr\u00e8s bien desservie en TGV et m\u00eame en avion. \u00ab\u00a0Cette proximit\u00e9, cette sensibilit\u00e9 contribue \u00e9norm\u00e9ment \u00e0 cette attraction\u00a0\u00bb, estime l&rsquo;<strong>agent immobilier<\/strong>.<\/div>\n<div><\/div>\n<div><\/div>\n<div>Ce marqueur est essentiel, confirme <strong>Nicolas Parmentier<\/strong>, un Belge sp\u00e9cialis\u00e9 dans la vente de domaines agricoles et viticoles, du style mas ou bastide, au sein de l&rsquo;agence Janssens Immobilier. \u00ab\u00a0On a des clients francophiles &#8211; et c&rsquo;est important car il y a moins de p\u00e9dagogie \u00e0 faire en amont &#8211; qui veulent pouvoir venir r\u00e9guli\u00e8rement et qui ont pour la plupart encore des activit\u00e9s professionnelles assez prenantes. Ce facteur va jouer, va \u00eatre important. Sans cela, on aura plus de mal \u00e0 vendre.\u00a0\u00bb<\/div>\n<div><\/div>\n<div><\/div>\n<div>Et justement, que cherche le client belge en Provence ? Il veut tout d&rsquo;abord une proximit\u00e9 avec un village qui vit et o\u00f9 il pourra s&rsquo;int\u00e9grer facilement. Il lui faut \u00e9videmment une <strong>piscine<\/strong>, mais la grandeur des<strong> jardins<\/strong> a par contre tendance \u00e0 se r\u00e9duire avec le temps, car cela p\u00e8se aussi sur le co\u00fbt de l&rsquo;entretien de la <strong>propri\u00e9t\u00e9<\/strong>, d&rsquo;apr\u00e8s l&rsquo;exp\u00e9rience de R<strong>udi Janssens<\/strong>.<\/div>\n<h2>Rassembler famille et amis<\/h2>\n<div><\/div>\n<div>En termes de <strong>propri\u00e9t\u00e9<\/strong>, le client noir-jaune-rouge est friand d&rsquo;une villa proven\u00e7ale classique, en pierres naturelles, avec, donc, des prestations modernes pour son int\u00e9rieur. D&rsquo;autres convoitent plut\u00f4t de v\u00e9ritables domaines, tels que des mas ou des bastides, o\u00f9 ils r\u00eavent par exemple de cultiver des vignes ou d&rsquo;y produire de l&rsquo;huile d&rsquo;olive. Le point commun est qu&rsquo;ils doivent pouvoir y rassembler famille et amis.<\/div>\n<div><\/div>\n<div><\/div>\n<div>\u00ab\u00a0Les clients qui cherchent \u00e0 acqu\u00e9rir ce type de biens sont des entrepreneurs qui ont bien r\u00e9ussi ou qui arrivent en fin de carri\u00e8re\u00a0\u00bb, glisse <strong>Nicolas Parmentier<\/strong>. \u00ab\u00a0Et ce qui est surprenant avec eux, c&rsquo;est qu&rsquo;ils ont pos\u00e9 des choix hyper millim\u00e9tr\u00e9s durant leur carri\u00e8re alors que lorsqu&rsquo;ils d\u00e9cident d&rsquo;acqu\u00e9rir un vignoble, c&rsquo;est alors un achat de pur plaisir, o\u00f9 la dimension &lsquo;coup de coeur&rsquo; est pr\u00e9pond\u00e9rante. Ils souhaitent aussi pouvoir accueillir leurs proches. \u00c0 presque chaque transaction, cet aspect familial joue un r\u00f4le important.\u00a0\u00bb<\/div>\n<h2>Et les prix dans tout \u00e7a?<\/h2>\n<div><\/div>\n<div>Ils vont de 7.000 jusqu&rsquo;\u00e0 10.000 voire 15\u202f.000 euros par m\u00e8tre carr\u00e9 en Provence, et cela peut aller jusqu&rsquo;\u00e0 30.000 euros du c\u00f4t\u00e9 de Saint-Tropez. Pour les domaines, on parle de budgets \u00e0 partir de 2-3 millions d&rsquo;euros, jusqu&rsquo;\u00e0 5, voire 10 millions d&rsquo;euros.<\/div>\n<div><\/div>\n<div>La client\u00e8le a d\u00e8s lors un pouvoir d&rsquo;achat \u00e9lev\u00e9 et est plut\u00f4t flamande, en particulier des r\u00e9gions de Gand et d&rsquo;Anvers, ou du sud de Bruxelles (Uccle et la p\u00e9riph\u00e9rie sud de la capitale). Les Wallons sont moins pr\u00e9sents qu&rsquo;auparavant et la tendance va vers la parit\u00e9 entre les deux communaut\u00e9s linguistiques.<\/div>\n","protected":false},"excerpt":{"rendered":"<p>Alors que le salon de la construction et de la r\u00e9novation Batibouw vient de s&rsquo;achever, Rudi Janssens et Nicolas Parmentier, deux Belges expatri\u00e9s dans le sud-est de la France, partagent leurs points de vue et leur exp\u00e9rience de la client\u00e8le noir-jaune-rouge dans ce beau coin de l&rsquo;Hexagone o\u00f9 l&rsquo;on croise r\u00e9guli\u00e8rement des plaques d&rsquo;immatriculation rouges [&hellip;]<\/p>\n","protected":false},"author":37,"featured_media":8831,"comment_status":"closed","ping_status":"closed","sticky":false,"template":"","format":"standard","meta":{"_acf_changed":false,"inline_featured_image":false,"footnotes":""},"categories":[24],"tags":[],"class_list":{"0":"post-8827","1":"post","2":"type-post","3":"status-publish","4":"format-standard","5":"has-post-thumbnail","7":"category-immobilier"},"acf":[],"_yoast_wpseo_title":null,"_yoast_wpseo_metadesc":"Que cherchent les Belges et leur brique dans le ventre en Provence? Appr\u00e9ciation, accessibilit\u00e9 et \u00e0 rassembler leurs proches.","auteur_traducteur":"","yoast_head":"<!-- This site is optimized with the Yoast SEO plugin v27.4 - https:\/\/yoast.com\/product\/yoast-seo-wordpress\/ -->\n<title>Le Belge et sa brique dans le ventre sont tr\u00e8s appr\u00e9ci\u00e9s en Provence | Forbes Belgique<\/title>\n<meta name=\"description\" content=\"Que cherchent les Belges et leur brique dans le ventre en Provence? Appr\u00e9ciation, accessibilit\u00e9 et \u00e0 rassembler leurs proches.\" \/>\n<meta name=\"robots\" content=\"index, follow, max-snippet:-1, max-image-preview:large, max-video-preview:-1\" \/>\n<link rel=\"canonical\" href=\"https:\/\/www.forbes.be\/fr\/le-belge-et-sa-brique-dans-le-ventre-sont-tres-apprecies-en-provence\/\" \/>\n<meta property=\"og:locale\" content=\"fr_FR\" \/>\n<meta property=\"og:type\" content=\"article\" \/>\n<meta property=\"og:title\" content=\"Le Belge et sa brique dans le ventre sont tr\u00e8s appr\u00e9ci\u00e9s en Provence | Forbes Belgique\" \/>\n<meta property=\"og:description\" content=\"Que cherchent les Belges et leur brique dans le ventre en Provence? Appr\u00e9ciation, accessibilit\u00e9 et \u00e0 rassembler leurs proches.\" \/>\n<meta property=\"og:url\" content=\"https:\/\/www.forbes.be\/fr\/le-belge-et-sa-brique-dans-le-ventre-sont-tres-apprecies-en-provence\/\" \/>\n<meta property=\"og:site_name\" content=\"Forbes Belgique\" \/>\n<meta property=\"article:publisher\" content=\"https:\/\/www.facebook.com\/forbesbelgique\/\" \/>\n<meta property=\"article:published_time\" content=\"2025-02-25T12:30:42+00:00\" \/>\n<meta property=\"article:modified_time\" content=\"2025-02-26T09:47:38+00:00\" \/>\n<meta property=\"og:image\" content=\"https:\/\/www.forbes.be\/fr\/wp-content\/uploads\/2025\/02\/adobestock-32633154-scaled-e1740563249853.jpeg\" \/>\n\t<meta property=\"og:image:width\" content=\"2560\" \/>\n\t<meta property=\"og:image:height\" content=\"1340\" \/>\n\t<meta property=\"og:image:type\" content=\"image\/jpeg\" \/>\n<meta name=\"author\" content=\"Juan Godbille\" \/>\n<meta name=\"twitter:card\" content=\"summary_large_image\" \/>\n<meta name=\"twitter:label1\" content=\"\u00c9crit par\" \/>\n\t<meta name=\"twitter:data1\" content=\"Juan Godbille\" \/>\n\t<meta name=\"twitter:label2\" content=\"Dur\u00e9e de lecture estim\u00e9e\" \/>\n\t<meta name=\"twitter:data2\" content=\"5 minutes\" \/>\n<script type=\"application\/ld+json\" class=\"yoast-schema-graph\">{\"@context\":\"https:\\\/\\\/schema.org\",\"@graph\":[{\"@type\":\"NewsArticle\",\"@id\":\"https:\\\/\\\/www.forbes.be\\\/fr\\\/le-belge-et-sa-brique-dans-le-ventre-sont-tres-apprecies-en-provence\\\/#article\",\"isPartOf\":{\"@id\":\"https:\\\/\\\/www.forbes.be\\\/fr\\\/le-belge-et-sa-brique-dans-le-ventre-sont-tres-apprecies-en-provence\\\/\"},\"author\":{\"name\":\"Juan Godbille\",\"@id\":\"https:\\\/\\\/www.forbes.be\\\/fr\\\/#\\\/schema\\\/person\\\/0d449791ef6199da3d469eca714eb773\"},\"headline\":\"Le Belge et sa brique dans le ventre sont tr\u00e8s appr\u00e9ci\u00e9s en Provence\",\"datePublished\":\"2025-02-25T12:30:42+00:00\",\"dateModified\":\"2025-02-26T09:47:38+00:00\",\"mainEntityOfPage\":{\"@id\":\"https:\\\/\\\/www.forbes.be\\\/fr\\\/le-belge-et-sa-brique-dans-le-ventre-sont-tres-apprecies-en-provence\\\/\"},\"wordCount\":849,\"publisher\":{\"@id\":\"https:\\\/\\\/www.forbes.be\\\/fr\\\/#organization\"},\"image\":{\"@id\":\"https:\\\/\\\/www.forbes.be\\\/fr\\\/le-belge-et-sa-brique-dans-le-ventre-sont-tres-apprecies-en-provence\\\/#primaryimage\"},\"thumbnailUrl\":\"https:\\\/\\\/www.forbes.be\\\/fr\\\/wp-content\\\/uploads\\\/2025\\\/02\\\/adobestock-32633154-scaled-e1740563249853.jpeg\",\"articleSection\":[\"Immobilier\"],\"inLanguage\":\"fr-FR\"},{\"@type\":\"WebPage\",\"@id\":\"https:\\\/\\\/www.forbes.be\\\/fr\\\/le-belge-et-sa-brique-dans-le-ventre-sont-tres-apprecies-en-provence\\\/\",\"url\":\"https:\\\/\\\/www.forbes.be\\\/fr\\\/le-belge-et-sa-brique-dans-le-ventre-sont-tres-apprecies-en-provence\\\/\",\"name\":\"Le Belge et sa brique dans le ventre sont tr\u00e8s appr\u00e9ci\u00e9s en Provence | Forbes Belgique\",\"isPartOf\":{\"@id\":\"https:\\\/\\\/www.forbes.be\\\/fr\\\/#website\"},\"primaryImageOfPage\":{\"@id\":\"https:\\\/\\\/www.forbes.be\\\/fr\\\/le-belge-et-sa-brique-dans-le-ventre-sont-tres-apprecies-en-provence\\\/#primaryimage\"},\"image\":{\"@id\":\"https:\\\/\\\/www.forbes.be\\\/fr\\\/le-belge-et-sa-brique-dans-le-ventre-sont-tres-apprecies-en-provence\\\/#primaryimage\"},\"thumbnailUrl\":\"https:\\\/\\\/www.forbes.be\\\/fr\\\/wp-content\\\/uploads\\\/2025\\\/02\\\/adobestock-32633154-scaled-e1740563249853.jpeg\",\"datePublished\":\"2025-02-25T12:30:42+00:00\",\"dateModified\":\"2025-02-26T09:47:38+00:00\",\"description\":\"Que cherchent les Belges et leur brique dans le ventre en Provence? Appr\u00e9ciation, accessibilit\u00e9 et \u00e0 rassembler leurs proches.\",\"breadcrumb\":{\"@id\":\"https:\\\/\\\/www.forbes.be\\\/fr\\\/le-belge-et-sa-brique-dans-le-ventre-sont-tres-apprecies-en-provence\\\/#breadcrumb\"},\"inLanguage\":\"fr-FR\",\"potentialAction\":[{\"@type\":\"ReadAction\",\"target\":[\"https:\\\/\\\/www.forbes.be\\\/fr\\\/le-belge-et-sa-brique-dans-le-ventre-sont-tres-apprecies-en-provence\\\/\"]}]},{\"@type\":\"ImageObject\",\"inLanguage\":\"fr-FR\",\"@id\":\"https:\\\/\\\/www.forbes.be\\\/fr\\\/le-belge-et-sa-brique-dans-le-ventre-sont-tres-apprecies-en-provence\\\/#primaryimage\",\"url\":\"https:\\\/\\\/www.forbes.be\\\/fr\\\/wp-content\\\/uploads\\\/2025\\\/02\\\/adobestock-32633154-scaled-e1740563249853.jpeg\",\"contentUrl\":\"https:\\\/\\\/www.forbes.be\\\/fr\\\/wp-content\\\/uploads\\\/2025\\\/02\\\/adobestock-32633154-scaled-e1740563249853.jpeg\",\"width\":2560,\"height\":1340},{\"@type\":\"BreadcrumbList\",\"@id\":\"https:\\\/\\\/www.forbes.be\\\/fr\\\/le-belge-et-sa-brique-dans-le-ventre-sont-tres-apprecies-en-provence\\\/#breadcrumb\",\"itemListElement\":[{\"@type\":\"ListItem\",\"position\":1,\"name\":\"Accueil\",\"item\":\"https:\\\/\\\/www.forbes.be\\\/fr\\\/\"},{\"@type\":\"ListItem\",\"position\":2,\"name\":\"Le Belge et sa brique dans le ventre sont tr\u00e8s appr\u00e9ci\u00e9s en Provence\"}]},{\"@type\":\"WebSite\",\"@id\":\"https:\\\/\\\/www.forbes.be\\\/fr\\\/#website\",\"url\":\"https:\\\/\\\/www.forbes.be\\\/fr\\\/\",\"name\":\"Forbes Belgique\",\"description\":\"\",\"publisher\":{\"@id\":\"https:\\\/\\\/www.forbes.be\\\/fr\\\/#organization\"},\"potentialAction\":[{\"@type\":\"SearchAction\",\"target\":{\"@type\":\"EntryPoint\",\"urlTemplate\":\"https:\\\/\\\/www.forbes.be\\\/fr\\\/?s={search_term_string}\"},\"query-input\":{\"@type\":\"PropertyValueSpecification\",\"valueRequired\":true,\"valueName\":\"search_term_string\"}}],\"inLanguage\":\"fr-FR\"},{\"@type\":\"Organization\",\"@id\":\"https:\\\/\\\/www.forbes.be\\\/fr\\\/#organization\",\"name\":\"Forbes Belgique\",\"url\":\"https:\\\/\\\/www.forbes.be\\\/fr\\\/\",\"logo\":{\"@type\":\"ImageObject\",\"inLanguage\":\"fr-FR\",\"@id\":\"https:\\\/\\\/www.forbes.be\\\/fr\\\/#\\\/schema\\\/logo\\\/image\\\/\",\"url\":\"https:\\\/\\\/www.forbes.be\\\/fr\\\/wp-content\\\/uploads\\\/2024\\\/02\\\/forbes.be_.png\",\"contentUrl\":\"https:\\\/\\\/www.forbes.be\\\/fr\\\/wp-content\\\/uploads\\\/2024\\\/02\\\/forbes.be_.png\",\"width\":1200,\"height\":675,\"caption\":\"Forbes Belgique\"},\"image\":{\"@id\":\"https:\\\/\\\/www.forbes.be\\\/fr\\\/#\\\/schema\\\/logo\\\/image\\\/\"},\"sameAs\":[\"https:\\\/\\\/www.facebook.com\\\/forbesbelgique\\\/\",\"https:\\\/\\\/www.instagram.com\\\/Forbes_Belgium\",\"https:\\\/\\\/www.linkedin.com\\\/company\\\/forbes-belgium\\\/\"]},{\"@type\":\"Person\",\"@id\":\"https:\\\/\\\/www.forbes.be\\\/fr\\\/#\\\/schema\\\/person\\\/0d449791ef6199da3d469eca714eb773\",\"name\":\"Juan Godbille\",\"image\":{\"@type\":\"ImageObject\",\"inLanguage\":\"fr-FR\",\"@id\":\"https:\\\/\\\/secure.gravatar.com\\\/avatar\\\/de6d740453251c69ae34e42cfef9688bc2a5c942d7cab09074e7064fbac13ac9?s=96&d=mm&r=g\",\"url\":\"https:\\\/\\\/secure.gravatar.com\\\/avatar\\\/de6d740453251c69ae34e42cfef9688bc2a5c942d7cab09074e7064fbac13ac9?s=96&d=mm&r=g\",\"contentUrl\":\"https:\\\/\\\/secure.gravatar.com\\\/avatar\\\/de6d740453251c69ae34e42cfef9688bc2a5c942d7cab09074e7064fbac13ac9?s=96&d=mm&r=g\",\"caption\":\"Juan Godbille\"},\"url\":\"https:\\\/\\\/www.forbes.be\\\/fr\\\/author\\\/juan-godbille\\\/\"}]}<\/script>\n<!-- \/ Yoast SEO plugin. -->","yoast_head_json":{"title":"Le Belge et sa brique dans le ventre sont tr\u00e8s appr\u00e9ci\u00e9s en Provence | Forbes Belgique","description":"Que cherchent les Belges et leur brique dans le ventre en Provence? Appr\u00e9ciation, accessibilit\u00e9 et \u00e0 rassembler leurs proches.","robots":{"index":"index","follow":"follow","max-snippet":"max-snippet:-1","max-image-preview":"max-image-preview:large","max-video-preview":"max-video-preview:-1"},"canonical":"https:\/\/www.forbes.be\/fr\/le-belge-et-sa-brique-dans-le-ventre-sont-tres-apprecies-en-provence\/","og_locale":"fr_FR","og_type":"article","og_title":"Le Belge et sa brique dans le ventre sont tr\u00e8s appr\u00e9ci\u00e9s en Provence | Forbes Belgique","og_description":"Que cherchent les Belges et leur brique dans le ventre en Provence? Appr\u00e9ciation, accessibilit\u00e9 et \u00e0 rassembler leurs proches.","og_url":"https:\/\/www.forbes.be\/fr\/le-belge-et-sa-brique-dans-le-ventre-sont-tres-apprecies-en-provence\/","og_site_name":"Forbes Belgique","article_publisher":"https:\/\/www.facebook.com\/forbesbelgique\/","article_published_time":"2025-02-25T12:30:42+00:00","article_modified_time":"2025-02-26T09:47:38+00:00","og_image":[{"width":2560,"height":1340,"url":"https:\/\/www.forbes.be\/fr\/wp-content\/uploads\/2025\/02\/adobestock-32633154-scaled-e1740563249853.jpeg","type":"image\/jpeg"}],"author":"Juan Godbille","twitter_card":"summary_large_image","twitter_misc":{"\u00c9crit par":"Juan Godbille","Dur\u00e9e de lecture estim\u00e9e":"5 minutes"},"schema":{"@context":"https:\/\/schema.org","@graph":[{"@type":"NewsArticle","@id":"https:\/\/www.forbes.be\/fr\/le-belge-et-sa-brique-dans-le-ventre-sont-tres-apprecies-en-provence\/#article","isPartOf":{"@id":"https:\/\/www.forbes.be\/fr\/le-belge-et-sa-brique-dans-le-ventre-sont-tres-apprecies-en-provence\/"},"author":{"name":"Juan Godbille","@id":"https:\/\/www.forbes.be\/fr\/#\/schema\/person\/0d449791ef6199da3d469eca714eb773"},"headline":"Le Belge et sa brique dans le ventre sont tr\u00e8s appr\u00e9ci\u00e9s en Provence","datePublished":"2025-02-25T12:30:42+00:00","dateModified":"2025-02-26T09:47:38+00:00","mainEntityOfPage":{"@id":"https:\/\/www.forbes.be\/fr\/le-belge-et-sa-brique-dans-le-ventre-sont-tres-apprecies-en-provence\/"},"wordCount":849,"publisher":{"@id":"https:\/\/www.forbes.be\/fr\/#organization"},"image":{"@id":"https:\/\/www.forbes.be\/fr\/le-belge-et-sa-brique-dans-le-ventre-sont-tres-apprecies-en-provence\/#primaryimage"},"thumbnailUrl":"https:\/\/www.forbes.be\/fr\/wp-content\/uploads\/2025\/02\/adobestock-32633154-scaled-e1740563249853.jpeg","articleSection":["Immobilier"],"inLanguage":"fr-FR"},{"@type":"WebPage","@id":"https:\/\/www.forbes.be\/fr\/le-belge-et-sa-brique-dans-le-ventre-sont-tres-apprecies-en-provence\/","url":"https:\/\/www.forbes.be\/fr\/le-belge-et-sa-brique-dans-le-ventre-sont-tres-apprecies-en-provence\/","name":"Le Belge et sa brique dans le ventre sont tr\u00e8s appr\u00e9ci\u00e9s en Provence | Forbes Belgique","isPartOf":{"@id":"https:\/\/www.forbes.be\/fr\/#website"},"primaryImageOfPage":{"@id":"https:\/\/www.forbes.be\/fr\/le-belge-et-sa-brique-dans-le-ventre-sont-tres-apprecies-en-provence\/#primaryimage"},"image":{"@id":"https:\/\/www.forbes.be\/fr\/le-belge-et-sa-brique-dans-le-ventre-sont-tres-apprecies-en-provence\/#primaryimage"},"thumbnailUrl":"https:\/\/www.forbes.be\/fr\/wp-content\/uploads\/2025\/02\/adobestock-32633154-scaled-e1740563249853.jpeg","datePublished":"2025-02-25T12:30:42+00:00","dateModified":"2025-02-26T09:47:38+00:00","description":"Que cherchent les Belges et leur brique dans le ventre en Provence? Appr\u00e9ciation, accessibilit\u00e9 et \u00e0 rassembler leurs proches.","breadcrumb":{"@id":"https:\/\/www.forbes.be\/fr\/le-belge-et-sa-brique-dans-le-ventre-sont-tres-apprecies-en-provence\/#breadcrumb"},"inLanguage":"fr-FR","potentialAction":[{"@type":"ReadAction","target":["https:\/\/www.forbes.be\/fr\/le-belge-et-sa-brique-dans-le-ventre-sont-tres-apprecies-en-provence\/"]}]},{"@type":"ImageObject","inLanguage":"fr-FR","@id":"https:\/\/www.forbes.be\/fr\/le-belge-et-sa-brique-dans-le-ventre-sont-tres-apprecies-en-provence\/#primaryimage","url":"https:\/\/www.forbes.be\/fr\/wp-content\/uploads\/2025\/02\/adobestock-32633154-scaled-e1740563249853.jpeg","contentUrl":"https:\/\/www.forbes.be\/fr\/wp-content\/uploads\/2025\/02\/adobestock-32633154-scaled-e1740563249853.jpeg","width":2560,"height":1340},{"@type":"BreadcrumbList","@id":"https:\/\/www.forbes.be\/fr\/le-belge-et-sa-brique-dans-le-ventre-sont-tres-apprecies-en-provence\/#breadcrumb","itemListElement":[{"@type":"ListItem","position":1,"name":"Accueil","item":"https:\/\/www.forbes.be\/fr\/"},{"@type":"ListItem","position":2,"name":"Le Belge et sa brique dans le ventre sont tr\u00e8s appr\u00e9ci\u00e9s en Provence"}]},{"@type":"WebSite","@id":"https:\/\/www.forbes.be\/fr\/#website","url":"https:\/\/www.forbes.be\/fr\/","name":"Forbes Belgique","description":"","publisher":{"@id":"https:\/\/www.forbes.be\/fr\/#organization"},"potentialAction":[{"@type":"SearchAction","target":{"@type":"EntryPoint","urlTemplate":"https:\/\/www.forbes.be\/fr\/?s={search_term_string}"},"query-input":{"@type":"PropertyValueSpecification","valueRequired":true,"valueName":"search_term_string"}}],"inLanguage":"fr-FR"},{"@type":"Organization","@id":"https:\/\/www.forbes.be\/fr\/#organization","name":"Forbes Belgique","url":"https:\/\/www.forbes.be\/fr\/","logo":{"@type":"ImageObject","inLanguage":"fr-FR","@id":"https:\/\/www.forbes.be\/fr\/#\/schema\/logo\/image\/","url":"https:\/\/www.forbes.be\/fr\/wp-content\/uploads\/2024\/02\/forbes.be_.png","contentUrl":"https:\/\/www.forbes.be\/fr\/wp-content\/uploads\/2024\/02\/forbes.be_.png","width":1200,"height":675,"caption":"Forbes Belgique"},"image":{"@id":"https:\/\/www.forbes.be\/fr\/#\/schema\/logo\/image\/"},"sameAs":["https:\/\/www.facebook.com\/forbesbelgique\/","https:\/\/www.instagram.com\/Forbes_Belgium","https:\/\/www.linkedin.com\/company\/forbes-belgium\/"]},{"@type":"Person","@id":"https:\/\/www.forbes.be\/fr\/#\/schema\/person\/0d449791ef6199da3d469eca714eb773","name":"Juan Godbille","image":{"@type":"ImageObject","inLanguage":"fr-FR","@id":"https:\/\/secure.gravatar.com\/avatar\/de6d740453251c69ae34e42cfef9688bc2a5c942d7cab09074e7064fbac13ac9?s=96&d=mm&r=g","url":"https:\/\/secure.gravatar.com\/avatar\/de6d740453251c69ae34e42cfef9688bc2a5c942d7cab09074e7064fbac13ac9?s=96&d=mm&r=g","contentUrl":"https:\/\/secure.gravatar.com\/avatar\/de6d740453251c69ae34e42cfef9688bc2a5c942d7cab09074e7064fbac13ac9?s=96&d=mm&r=g","caption":"Juan Godbille"},"url":"https:\/\/www.forbes.be\/fr\/author\/juan-godbille\/"}]}},"_links":{"self":[{"href":"https:\/\/www.forbes.be\/fr\/wp-json\/wp\/v2\/posts\/8827","targetHints":{"allow":["GET"]}}],"collection":[{"href":"https:\/\/www.forbes.be\/fr\/wp-json\/wp\/v2\/posts"}],"about":[{"href":"https:\/\/www.forbes.be\/fr\/wp-json\/wp\/v2\/types\/post"}],"author":[{"embeddable":true,"href":"https:\/\/www.forbes.be\/fr\/wp-json\/wp\/v2\/users\/37"}],"replies":[{"embeddable":true,"href":"https:\/\/www.forbes.be\/fr\/wp-json\/wp\/v2\/comments?post=8827"}],"version-history":[{"count":8,"href":"https:\/\/www.forbes.be\/fr\/wp-json\/wp\/v2\/posts\/8827\/revisions"}],"predecessor-version":[{"id":8932,"href":"https:\/\/www.forbes.be\/fr\/wp-json\/wp\/v2\/posts\/8827\/revisions\/8932"}],"wp:featuredmedia":[{"embeddable":true,"href":"https:\/\/www.forbes.be\/fr\/wp-json\/wp\/v2\/media\/8831"}],"wp:attachment":[{"href":"https:\/\/www.forbes.be\/fr\/wp-json\/wp\/v2\/media?parent=8827"}],"wp:term":[{"taxonomy":"category","embeddable":true,"href":"https:\/\/www.forbes.be\/fr\/wp-json\/wp\/v2\/categories?post=8827"},{"taxonomy":"post_tag","embeddable":true,"href":"https:\/\/www.forbes.be\/fr\/wp-json\/wp\/v2\/tags?post=8827"}],"curies":[{"name":"wp","href":"https:\/\/api.w.org\/{rel}","templated":true}]}}